{"id":344435,"date":"2026-04-28T19:17:39","date_gmt":"2026-04-28T15:17:39","guid":{"rendered":"https:\/\/www.meydan.tv\/?p=344435"},"modified":"2026-04-28T19:17:41","modified_gmt":"2026-04-28T15:17:41","slug":"narkotikl%c9%99-ittiham-olunan-inancli-must%c9%99ntiq-dedi-ki-s%c9%99n-boyukl%c9%99rin-biznesin%c9%99-mane-olursan","status":"publish","type":"post","link":"https:\/\/www.meydan.tv\/az\/article\/narkotikl%c9%99-ittiham-olunan-inancli-must%c9%99ntiq-dedi-ki-s%c9%99n-boyukl%c9%99rin-biznesin%c9%99-mane-olursan\/","title":{"rendered":"Narkotikl\u0259 ittiham olunan inancl\u0131: \u201cM\u00fcst\u0259ntiq dedi ki, s\u0259n b\u00f6y\u00fckl\u0259rin biznesin\u0259 mane olursan\u201d"},"content":{"rendered":"\n<p>Haz\u0131rda narkotik ittiham\u0131 il\u0259 h\u0259bsd\u0259 olan dini inancl\u0131 m\u0259hbus \u0130smay\u0131l M\u0259mm\u0259dovun saxlan\u0131ld\u0131\u011f\u0131 1 sayl\u0131 Bak\u0131 \u0130stintaq T\u0259cridxanas\u0131nda (B\u0130T) g\u00f6r\u00fc\u015f v\u0259 z\u0259ngl\u0259rin\u0259 m\u0259hdudiyy\u0259tl\u0259r qoyulur.&nbsp;<\/p>\n\n\n\n<p>Bu bar\u0259d\u0259 \u0130smay\u0131lovun ail\u0259si Meydan TV-y\u0259 m\u0259lumat verib.<\/p>\n\n\n\n<p>H\u0259yat yolda\u015f\u0131 deyir ki, \u0130smay\u0131l M\u0259mm\u0259dovu mart\u0131n 3-d\u0259 ax\u015fam saatlar\u0131nda 7-8 m\u00fclki geyimli polis zorla ma\u015f\u0131na mindir\u0259r\u0259k polis idar\u0259sin\u0259 apar\u0131b. Onun s\u00f6zl\u0259rin\u0259 g\u00f6r\u0259, saxlan\u0131lan zaman M\u0259mm\u0259dova zorak\u0131l\u0131q g\u00f6st\u0259rilib v\u0259 ona narkotik istifad\u0259\u00e7isi oldu\u011funu \u201cetiraf etm\u0259yi\u201d t\u0259l\u0259b edibl\u0259r. \u0130smay\u0131l M\u0259mm\u0259dov bu bar\u0259d\u0259 v\u0259kili il\u0259 g\u00f6r\u00fc\u015f zaman\u0131 dan\u0131\u015f\u0131b.<\/p>\n\n\n\n<p><em>\u201c\u0130smay\u0131l h\u0259min g\u00fcn oruc tutmu\u015fdu, iki n\u0259f\u0259r dostu il\u0259 birlikd\u0259 oturduqlar\u0131 kafed\u0259n \u00e7\u0131xanda 7-8 n\u0259f\u0259r m\u00fclki geyimli yax\u0131nla\u015f\u0131b, \u0259l-qolunu tutub ma\u015f\u0131na at\u0131blar. Yolda\u015f\u0131m deyir ki, qaba\u011f\u0131na narkotik qoyublar, deyibl\u0259r ki, al bunu, cibin\u0259 qoy, s\u0259nindir. O da \u201cm\u0259n qar\u015f\u0131 \u00e7\u0131xd\u0131\u011f\u0131m, he\u00e7 istifad\u0259 etm\u0259diyim, g\u00f6rm\u0259diyim bir \u015feyi nec\u0259 y\u0259ni boynuma g\u00f6t\u00fcr\u0259 bil\u0259r\u0259m\u201d, dey\u0259r\u0259k etiraz edib. M\u00fcst\u0259ntiq cavab verib ki, bizim \u00fc\u00e7\u00fcn problem yoxdur, apar\u0131b ya ail\u0259 \u00fczvl\u0259rinin birinin ma\u015f\u0131n\u0131na ya da ev\u0259 qoyar\u0131q\u201d,<\/em> &#8211; dey\u0259 h\u0259yat yolda\u015f\u0131 bildirib.<\/p>\n\n\n\n<h4 class=\"wp-block-heading\"><strong>\u201cS\u0259n b\u00f6y\u00fckl\u0259rin biznesin\u0259 mane olursan\u201d<\/strong><\/h4>\n\n\n\n<p>Ail\u0259si deyir ki, \u0130smay\u0131l M\u0259mm\u0259dov narkotikl\u0259 ba\u011fl\u0131 ittiham\u0131n\u0131 q\u0259bul etm\u0259yib, bundan sonra m\u00fcst\u0259ntiq ondan telefon \u015fifr\u0259sini ist\u0259yib. \u015eifr\u0259ni verm\u0259y\u0259 etiraz ed\u0259n M\u0259mm\u0259dova yenid\u0259n zorak\u0131l\u0131q g\u00f6st\u0259rilib:<\/p>\n\n\n\n<p><em>\u201c\u0130smay\u0131l deyib ki, m\u0259n narkotik istifad\u0259 ed\u0259nl\u0259r\u0259 h\u0259mi\u015f\u0259 k\u00f6m\u0259k olmu\u015fam, o i\u015fd\u0259n \u00e7\u0259kindirmi\u015f\u0259m, siz m\u0259ni buna g\u00f6r\u0259 h\u0259bs el\u0259yirsiniz? M\u00fcst\u0259ntiq d\u0259 deyib ki, s\u0259n b\u00f6y\u00fckl\u0259rin biznesin\u0259, ticar\u0259tin\u0259 mane olursan, el\u0259 buna g\u00f6r\u0259 d\u0259 \u015f\u0259rl\u0259yib h\u0259bs el\u0259yirik\u201d.<\/em><\/p>\n\n\n\n<p>M\u0259mm\u0259dov k\u00fclli miqdarda narkotik vasit\u0259l\u0259rin istifad\u0259si madd\u0259si il\u0259 ittiham olunur. M\u0259hbus ail\u0259si il\u0259 dan\u0131\u015f\u0131q zaman\u0131 bildirib ki, polis idar\u0259sind\u0259 g\u00f6rd\u00fcy\u00fc zorak\u0131l\u0131qdan hu\u015funu itirib. Bundan sonra telefonun \u015fifr\u0259sini verm\u0259y\u0259 m\u0259cbur qal\u0131b. Ona st\u0259kanda su i\u00e7irildiyini v\u0259 bu hadis\u0259d\u0259n sonra qan\u0131nda narkotik \u00e7\u0131xd\u0131\u011f\u0131n\u0131 deyir.<\/p>\n\n\n\n<p><em>\u201cDedi ki, d\u00f6y\u00fcl\u0259nd\u0259n sonra hu\u015funu itirib. Ay\u0131lmad\u0131\u011f\u0131n\u0131 g\u00f6r\u0259nd\u0259n sonra onu ba\u015fqa bir ota\u011fa apar\u0131blar. Bir m\u00fcdd\u0259td\u0259n sonra&nbsp; \u00f6z\u00fcn\u0259 g\u0259lib. Su ya da \u00e7ay idi &#8211; yad\u0131nda deyil. Veribl\u0259r ki, bunu i\u00e7sin. S\u0259h\u0259ri g\u00fcn apar\u0131blar ekspert\u0259 ki, b\u0259s s\u0259nin qan\u0131ndan narkotik \u00e7\u0131x\u0131b. Y\u0259ni verdikl\u0259ri suya v\u0259 yaxud da ba\u015fqa bir \u015fey\u0259 n\u0259s\u0259 qatm\u0131\u015fd\u0131lar\u201d,<\/em> &#8211; dey\u0259 yolda\u015f\u0131 bildirib.<\/p>\n\n\n\n<p>Ail\u0259 deyir ki, b\u00fct\u00fcn bu zorak\u0131l\u0131qlardan sonra M\u0259mm\u0259dova z\u0259ng v\u0259 g\u00f6r\u00fc\u015f qada\u011fas\u0131 da qoyulub. Penitensiar Xidm\u0259t\u0259 \u015fikay\u0259t ed\u0259n ail\u0259y\u0259 bildirilib ki, qada\u011fa m\u00fcst\u0259ntiq t\u0259r\u0259find\u0259n qoyulub. Sonradan v\u0259kil qada\u011fan\u0131 g\u00f6t\u00fcr\u00fcld\u00fcy\u00fcn\u00fc, B\u0130T-in m\u00fc\u0259ssis\u0259 r\u0259hb\u0259rliyi t\u0259r\u0259find\u0259n iddia qald\u0131r\u0131laraq yenid\u0259n qada\u011fa qoyuldu\u011funu bildirib. Ail\u0259 Ombudsmana \u015fikay\u0259t ed\u0259nd\u0259n sonra 10 d\u0259qiql\u0259lik telefon z\u0259nginin b\u0259rpa olundu\u011funu deyir:<\/p>\n\n\n\n<p><em>\u201c14 martda Ombudsman Aparat\u0131n\u0131n d\u00f6rd n\u0259f\u0259r \u0259m\u0259kda\u015f\u0131 K\u00fcrd\u0259xan\u0131ya getdi v\u0259 orada t\u0259xmin\u0259n 10 d\u0259qiq\u0259 z\u0259ng \u015f\u0259raiti yaratd\u0131lar. V\u0259kil biz\u0259 bildirir ki, qada\u011fa m\u00fcst\u0259ntiq t\u0259r\u0259find\u0259n qoyulub, m\u00fcst\u0259ntiq is\u0259 deyir ki, bel\u0259 bir qada\u011fa t\u0259tbiq etm\u0259yib. Daha sonra v\u0259kil dedi ki, m\u00fcst\u0259ntiq qada\u011fan\u0131 g\u00f6t\u00fcr\u00fcb, lakin bu d\u0259f\u0259 m\u00fc\u0259ssis\u0259 r\u0259isi daxild\u0259n m\u00fcraci\u0259t ed\u0259r\u0259k m\u0259hbusa z\u0259ng v\u0259 g\u00f6r\u00fc\u015f qada\u011fas\u0131 qoyulmas\u0131n\u0131 t\u0259l\u0259b edib. M\u00fc\u0259ssis\u0259 r\u0259isi d\u0259 bunu q\u0259bul etmir, m\u00fcst\u0259ntiqin \u00fcz\u0259rin\u0259 at\u0131r\u201d.<\/em><\/p>\n\n\n\n<p>H\u0259yat yolda\u015f\u0131n\u0131n s\u00f6zl\u0259rin\u0259 g\u00f6r\u0259, m\u00fc\u0259ssis\u0259d\u0259n qada\u011fan\u0131n 15-20 g\u00fcn davam ed\u0259c\u0259yi deyilib. Amma art\u0131q bir aydan \u00e7oxdur ki, M\u0259mm\u0259dov ail\u0259si il\u0259 telefonla dan\u0131\u015fa bilmir.<br><br>\u0130nancl\u0131 f\u0259allar\u0131n h\u0259bsi \u0259sas\u0259n 2023-c\u00fc il yanvar\u0131n 27-d\u0259 Az\u0259rbaycan\u0131n \u0130randak\u0131 s\u0259firliyin\u0259 h\u00fccumdan sonra intensivl\u0259\u015fib.\u00a0<\/p>\n\n\n\n<p>Beyn\u0259lxalq t\u0259\u015fkilatlar\u0131n hesabat\u0131na \u0259sas\u0259n, haz\u0131rda Az\u0259rbaycanda 340 n\u0259f\u0259r siyasi m\u0259hbus var. Onlardan 192 n\u0259f\u0259rin dini inancl\u0131 \u015f\u0259xsl\u0259r oldu\u011fu bildirilir.&nbsp;<\/p>\n","protected":false},"excerpt":{"rendered":"<p>Haz\u0131rda narkotik ittiham\u0131 il\u0259 h\u0259bsd\u0259 olan dini inancl\u0131 m\u0259hbus \u0130smay\u0131l &#8230; <\/p>\n<p class=\"read-more-container\"><a title=\"Narkotikl\u0259 ittiham olunan inancl\u0131: \u201cM\u00fcst\u0259ntiq dedi ki, s\u0259n b\u00f6y\u00fckl\u0259rin biznesin\u0259 mane olursan\u201d\" class=\"read-more button\" href=\"https:\/\/www.meydan.tv\/az\/article\/narkotikl%c9%99-ittiham-olunan-inancli-must%c9%99ntiq-dedi-ki-s%c9%99n-boyukl%c9%99rin-biznesin%c9%99-mane-olursan\/#more-344435\" aria-label=\"Read more about Narkotikl\u0259 ittiham olunan inancl\u0131: \u201cM\u00fcst\u0259ntiq dedi ki, s\u0259n b\u00f6y\u00fckl\u0259rin biznesin\u0259 mane olursan\u201d\">Davam\u0131<\/a><\/p>\n","protected":false},"author":21,"featured_media":120026,"comment_status":"closed","ping_status":"closed","sticky":false,"template":"","format":"standard","meta":{"_acf_changed":false,"_sitemap_exclude":false,"_sitemap_priority":"","_sitemap_frequency":"","footnotes":""},"categories":[62,79,56],"tags":[],"class_list":["post-344435","post","type-post","status-publish","format-standard","has-post-thumbnail","hentry","category-sosial","category-featured","category-xeberler","infinite-scroll-item","generate-columns","tablet-grid-50","mobile-grid-100","grid-parent","grid-33","no-featured-image-padding"],"acf":[],"yoast_head":"<!-- This site is optimized with the Yoast SEO plugin v27.5 - https:\/\/yoast.com\/product\/yoast-seo-wordpress\/ -->\n<title>Narkotikl\u0259 ittiham olunan inancl\u0131: \u201cM\u00fcst\u0259ntiq dedi ki, s\u0259n b\u00f6y\u00fckl\u0259rin biznesin\u0259 mane olursan\u201d - MEYDAN.TV<\/title>\n<meta name=\"robots\" content=\"index, follow, max-snippet:-1, max-image-preview:large, max-video-preview:-1\" \/>\n<link rel=\"canonical\" href=\"https:\/\/www.meydan.tv\/az\/article\/narkotikl%c9%99-ittiham-olunan-inancli-must%c9%99ntiq-dedi-ki-s%c9%99n-boyukl%c9%99rin-biznesin%c9%99-mane-olursan\/\" \/>\n<meta property=\"og:locale\" content=\"az_AZ\" \/>\n<meta property=\"og:type\" content=\"article\" \/>\n<meta property=\"og:title\" content=\"Narkotikl\u0259 ittiham olunan inancl\u0131: \u201cM\u00fcst\u0259ntiq dedi ki, s\u0259n b\u00f6y\u00fckl\u0259rin biznesin\u0259 mane olursan\u201d - MEYDAN.TV\" \/>\n<meta property=\"og:description\" content=\"Haz\u0131rda narkotik ittiham\u0131 il\u0259 h\u0259bsd\u0259 olan dini inancl\u0131 m\u0259hbus \u0130smay\u0131l ... Davam\u0131\" \/>\n<meta property=\"og:url\" content=\"https:\/\/www.meydan.tv\/az\/article\/narkotikl%c9%99-ittiham-olunan-inancli-must%c9%99ntiq-dedi-ki-s%c9%99n-boyukl%c9%99rin-biznesin%c9%99-mane-olursan\/\" \/>\n<meta property=\"og:site_name\" content=\"MEYDAN.TV\" \/>\n<meta property=\"article:published_time\" content=\"2026-04-28T15:17:39+00:00\" \/>\n<meta property=\"article:modified_time\" content=\"2026-04-28T15:17:41+00:00\" \/>\n<meta property=\"og:image\" content=\"https:\/\/www.meydan.tv\/wp-content\/uploads\/isgence.jpg\" \/>\n\t<meta property=\"og:image:width\" content=\"1024\" \/>\n\t<meta property=\"og:image:height\" content=\"682\" \/>\n\t<meta property=\"og:image:type\" content=\"image\/jpeg\" \/>\n<meta name=\"author\" content=\"mahmud\" \/>\n<meta name=\"twitter:card\" content=\"summary_large_image\" \/>\n<script type=\"application\/ld+json\" class=\"yoast-schema-graph\">{\"@context\":\"https:\\\/\\\/schema.org\",\"@graph\":[{\"@type\":\"Article\",\"@id\":\"https:\\\/\\\/www.meydan.tv\\\/az\\\/article\\\/narkotikl%c9%99-ittiham-olunan-inancli-must%c9%99ntiq-dedi-ki-s%c9%99n-boyukl%c9%99rin-biznesin%c9%99-mane-olursan\\\/#article\",\"isPartOf\":{\"@id\":\"https:\\\/\\\/www.meydan.tv\\\/az\\\/article\\\/narkotikl%c9%99-ittiham-olunan-inancli-must%c9%99ntiq-dedi-ki-s%c9%99n-boyukl%c9%99rin-biznesin%c9%99-mane-olursan\\\/\"},\"author\":{\"name\":\"mahmud\",\"@id\":\"https:\\\/\\\/www.meydan.tv\\\/az\\\/#\\\/schema\\\/person\\\/09863e516102a829e72bedcf3f84c6b0\"},\"headline\":\"Narkotikl\u0259 ittiham olunan inancl\u0131: \u201cM\u00fcst\u0259ntiq dedi ki, s\u0259n b\u00f6y\u00fckl\u0259rin biznesin\u0259 mane olursan\u201d\",\"datePublished\":\"2026-04-28T15:17:39+00:00\",\"dateModified\":\"2026-04-28T15:17:41+00:00\",\"mainEntityOfPage\":{\"@id\":\"https:\\\/\\\/www.meydan.tv\\\/az\\\/article\\\/narkotikl%c9%99-ittiham-olunan-inancli-must%c9%99ntiq-dedi-ki-s%c9%99n-boyukl%c9%99rin-biznesin%c9%99-mane-olursan\\\/\"},\"wordCount\":858,\"publisher\":{\"@id\":\"https:\\\/\\\/www.meydan.tv\\\/az\\\/#organization\"},\"image\":{\"@id\":\"https:\\\/\\\/www.meydan.tv\\\/az\\\/article\\\/narkotikl%c9%99-ittiham-olunan-inancli-must%c9%99ntiq-dedi-ki-s%c9%99n-boyukl%c9%99rin-biznesin%c9%99-mane-olursan\\\/#primaryimage\"},\"thumbnailUrl\":\"https:\\\/\\\/www.meydan.tv\\\/wp-content\\\/uploads\\\/isgence.jpg\",\"articleSection\":[\"Sosial\",\"T\u00f6vsiy\u0259\",\"X\u0259b\u0259rl\u0259r\"],\"inLanguage\":\"az\"},{\"@type\":\"WebPage\",\"@id\":\"https:\\\/\\\/www.meydan.tv\\\/az\\\/article\\\/narkotikl%c9%99-ittiham-olunan-inancli-must%c9%99ntiq-dedi-ki-s%c9%99n-boyukl%c9%99rin-biznesin%c9%99-mane-olursan\\\/\",\"url\":\"https:\\\/\\\/www.meydan.tv\\\/az\\\/article\\\/narkotikl%c9%99-ittiham-olunan-inancli-must%c9%99ntiq-dedi-ki-s%c9%99n-boyukl%c9%99rin-biznesin%c9%99-mane-olursan\\\/\",\"name\":\"Narkotikl\u0259 ittiham olunan inancl\u0131: \u201cM\u00fcst\u0259ntiq dedi ki, s\u0259n b\u00f6y\u00fckl\u0259rin biznesin\u0259 mane olursan\u201d - MEYDAN.TV\",\"isPartOf\":{\"@id\":\"https:\\\/\\\/www.meydan.tv\\\/az\\\/#website\"},\"primaryImageOfPage\":{\"@id\":\"https:\\\/\\\/www.meydan.tv\\\/az\\\/article\\\/narkotikl%c9%99-ittiham-olunan-inancli-must%c9%99ntiq-dedi-ki-s%c9%99n-boyukl%c9%99rin-biznesin%c9%99-mane-olursan\\\/#primaryimage\"},\"image\":{\"@id\":\"https:\\\/\\\/www.meydan.tv\\\/az\\\/article\\\/narkotikl%c9%99-ittiham-olunan-inancli-must%c9%99ntiq-dedi-ki-s%c9%99n-boyukl%c9%99rin-biznesin%c9%99-mane-olursan\\\/#primaryimage\"},\"thumbnailUrl\":\"https:\\\/\\\/www.meydan.tv\\\/wp-content\\\/uploads\\\/isgence.jpg\",\"datePublished\":\"2026-04-28T15:17:39+00:00\",\"dateModified\":\"2026-04-28T15:17:41+00:00\",\"breadcrumb\":{\"@id\":\"https:\\\/\\\/www.meydan.tv\\\/az\\\/article\\\/narkotikl%c9%99-ittiham-olunan-inancli-must%c9%99ntiq-dedi-ki-s%c9%99n-boyukl%c9%99rin-biznesin%c9%99-mane-olursan\\\/#breadcrumb\"},\"inLanguage\":\"az\",\"potentialAction\":[{\"@type\":\"ReadAction\",\"target\":[\"https:\\\/\\\/www.meydan.tv\\\/az\\\/article\\\/narkotikl%c9%99-ittiham-olunan-inancli-must%c9%99ntiq-dedi-ki-s%c9%99n-boyukl%c9%99rin-biznesin%c9%99-mane-olursan\\\/\"]}]},{\"@type\":\"ImageObject\",\"inLanguage\":\"az\",\"@id\":\"https:\\\/\\\/www.meydan.tv\\\/az\\\/article\\\/narkotikl%c9%99-ittiham-olunan-inancli-must%c9%99ntiq-dedi-ki-s%c9%99n-boyukl%c9%99rin-biznesin%c9%99-mane-olursan\\\/#primaryimage\",\"url\":\"https:\\\/\\\/www.meydan.tv\\\/wp-content\\\/uploads\\\/isgence.jpg\",\"contentUrl\":\"https:\\\/\\\/www.meydan.tv\\\/wp-content\\\/uploads\\\/isgence.jpg\",\"width\":1024,\"height\":682,\"caption\":\"\u0130ll\u00fcstrasiya: Meydan TV\"},{\"@type\":\"BreadcrumbList\",\"@id\":\"https:\\\/\\\/www.meydan.tv\\\/az\\\/article\\\/narkotikl%c9%99-ittiham-olunan-inancli-must%c9%99ntiq-dedi-ki-s%c9%99n-boyukl%c9%99rin-biznesin%c9%99-mane-olursan\\\/#breadcrumb\",\"itemListElement\":[{\"@type\":\"ListItem\",\"position\":1,\"name\":\"Ana s\u0259hif\u0259\",\"item\":\"https:\\\/\\\/www.meydan.tv\\\/az\\\/\"},{\"@type\":\"ListItem\",\"position\":2,\"name\":\"Sosial\",\"item\":\"https:\\\/\\\/www.meydan.tv\\\/az\\\/section\\\/sosial\\\/\"},{\"@type\":\"ListItem\",\"position\":3,\"name\":\"Narkotikl\u0259 ittiham olunan inancl\u0131: \u201cM\u00fcst\u0259ntiq dedi ki, s\u0259n b\u00f6y\u00fckl\u0259rin biznesin\u0259 mane olursan\u201d\"}]},{\"@type\":\"WebSite\",\"@id\":\"https:\\\/\\\/www.meydan.tv\\\/az\\\/#website\",\"url\":\"https:\\\/\\\/www.meydan.tv\\\/az\\\/\",\"name\":\"MEYDAN.TV\",\"description\":\"Meydan TV Az\u0259rbaycan\u0131n media m\u0259kan\u0131ndak\u0131 alternativ s\u0259sidir\",\"publisher\":{\"@id\":\"https:\\\/\\\/www.meydan.tv\\\/az\\\/#organization\"},\"potentialAction\":[{\"@type\":\"SearchAction\",\"target\":{\"@type\":\"EntryPoint\",\"urlTemplate\":\"https:\\\/\\\/www.meydan.tv\\\/az\\\/?s={search_term_string}\"},\"query-input\":{\"@type\":\"PropertyValueSpecification\",\"valueRequired\":true,\"valueName\":\"search_term_string\"}}],\"inLanguage\":\"az\"},{\"@type\":\"Organization\",\"@id\":\"https:\\\/\\\/www.meydan.tv\\\/az\\\/#organization\",\"name\":\"Meydan TV\",\"url\":\"https:\\\/\\\/www.meydan.tv\\\/az\\\/\",\"logo\":{\"@type\":\"ImageObject\",\"inLanguage\":\"az\",\"@id\":\"https:\\\/\\\/www.meydan.tv\\\/az\\\/#\\\/schema\\\/logo\\\/image\\\/\",\"url\":\"https:\\\/\\\/www.meydan.tv\\\/wp-content\\\/uploads\\\/2021\\\/07\\\/meydan-logo.svg\",\"contentUrl\":\"https:\\\/\\\/www.meydan.tv\\\/wp-content\\\/uploads\\\/2021\\\/07\\\/meydan-logo.svg\",\"width\":195,\"height\":46,\"caption\":\"Meydan TV\"},\"image\":{\"@id\":\"https:\\\/\\\/www.meydan.tv\\\/az\\\/#\\\/schema\\\/logo\\\/image\\\/\"}},{\"@type\":\"Person\",\"@id\":\"https:\\\/\\\/www.meydan.tv\\\/az\\\/#\\\/schema\\\/person\\\/09863e516102a829e72bedcf3f84c6b0\",\"name\":\"mahmud\"}]}<\/script>\n<!-- \/ Yoast SEO plugin. -->","yoast_head_json":{"title":"Narkotikl\u0259 ittiham olunan inancl\u0131: \u201cM\u00fcst\u0259ntiq dedi ki, s\u0259n b\u00f6y\u00fckl\u0259rin biznesin\u0259 mane olursan\u201d - MEYDAN.TV","robots":{"index":"index","follow":"follow","max-snippet":"max-snippet:-1","max-image-preview":"max-image-preview:large","max-video-preview":"max-video-preview:-1"},"canonical":"https:\/\/www.meydan.tv\/az\/article\/narkotikl%c9%99-ittiham-olunan-inancli-must%c9%99ntiq-dedi-ki-s%c9%99n-boyukl%c9%99rin-biznesin%c9%99-mane-olursan\/","og_locale":"az_AZ","og_type":"article","og_title":"Narkotikl\u0259 ittiham olunan inancl\u0131: \u201cM\u00fcst\u0259ntiq dedi ki, s\u0259n b\u00f6y\u00fckl\u0259rin biznesin\u0259 mane olursan\u201d - MEYDAN.TV","og_description":"Haz\u0131rda narkotik ittiham\u0131 il\u0259 h\u0259bsd\u0259 olan dini inancl\u0131 m\u0259hbus \u0130smay\u0131l ... Davam\u0131","og_url":"https:\/\/www.meydan.tv\/az\/article\/narkotikl%c9%99-ittiham-olunan-inancli-must%c9%99ntiq-dedi-ki-s%c9%99n-boyukl%c9%99rin-biznesin%c9%99-mane-olursan\/","og_site_name":"MEYDAN.TV","article_published_time":"2026-04-28T15:17:39+00:00","article_modified_time":"2026-04-28T15:17:41+00:00","og_image":[{"width":1024,"height":682,"url":"https:\/\/www.meydan.tv\/wp-content\/uploads\/isgence.jpg","type":"image\/jpeg"}],"author":"mahmud","twitter_card":"summary_large_image","schema":{"@context":"https:\/\/schema.org","@graph":[{"@type":"Article","@id":"https:\/\/www.meydan.tv\/az\/article\/narkotikl%c9%99-ittiham-olunan-inancli-must%c9%99ntiq-dedi-ki-s%c9%99n-boyukl%c9%99rin-biznesin%c9%99-mane-olursan\/#article","isPartOf":{"@id":"https:\/\/www.meydan.tv\/az\/article\/narkotikl%c9%99-ittiham-olunan-inancli-must%c9%99ntiq-dedi-ki-s%c9%99n-boyukl%c9%99rin-biznesin%c9%99-mane-olursan\/"},"author":{"name":"mahmud","@id":"https:\/\/www.meydan.tv\/az\/#\/schema\/person\/09863e516102a829e72bedcf3f84c6b0"},"headline":"Narkotikl\u0259 ittiham olunan inancl\u0131: \u201cM\u00fcst\u0259ntiq dedi ki, s\u0259n b\u00f6y\u00fckl\u0259rin biznesin\u0259 mane olursan\u201d","datePublished":"2026-04-28T15:17:39+00:00","dateModified":"2026-04-28T15:17:41+00:00","mainEntityOfPage":{"@id":"https:\/\/www.meydan.tv\/az\/article\/narkotikl%c9%99-ittiham-olunan-inancli-must%c9%99ntiq-dedi-ki-s%c9%99n-boyukl%c9%99rin-biznesin%c9%99-mane-olursan\/"},"wordCount":858,"publisher":{"@id":"https:\/\/www.meydan.tv\/az\/#organization"},"image":{"@id":"https:\/\/www.meydan.tv\/az\/article\/narkotikl%c9%99-ittiham-olunan-inancli-must%c9%99ntiq-dedi-ki-s%c9%99n-boyukl%c9%99rin-biznesin%c9%99-mane-olursan\/#primaryimage"},"thumbnailUrl":"https:\/\/www.meydan.tv\/wp-content\/uploads\/isgence.jpg","articleSection":["Sosial","T\u00f6vsiy\u0259","X\u0259b\u0259rl\u0259r"],"inLanguage":"az"},{"@type":"WebPage","@id":"https:\/\/www.meydan.tv\/az\/article\/narkotikl%c9%99-ittiham-olunan-inancli-must%c9%99ntiq-dedi-ki-s%c9%99n-boyukl%c9%99rin-biznesin%c9%99-mane-olursan\/","url":"https:\/\/www.meydan.tv\/az\/article\/narkotikl%c9%99-ittiham-olunan-inancli-must%c9%99ntiq-dedi-ki-s%c9%99n-boyukl%c9%99rin-biznesin%c9%99-mane-olursan\/","name":"Narkotikl\u0259 ittiham olunan inancl\u0131: \u201cM\u00fcst\u0259ntiq dedi ki, s\u0259n b\u00f6y\u00fckl\u0259rin biznesin\u0259 mane olursan\u201d - MEYDAN.TV","isPartOf":{"@id":"https:\/\/www.meydan.tv\/az\/#website"},"primaryImageOfPage":{"@id":"https:\/\/www.meydan.tv\/az\/article\/narkotikl%c9%99-ittiham-olunan-inancli-must%c9%99ntiq-dedi-ki-s%c9%99n-boyukl%c9%99rin-biznesin%c9%99-mane-olursan\/#primaryimage"},"image":{"@id":"https:\/\/www.meydan.tv\/az\/article\/narkotikl%c9%99-ittiham-olunan-inancli-must%c9%99ntiq-dedi-ki-s%c9%99n-boyukl%c9%99rin-biznesin%c9%99-mane-olursan\/#primaryimage"},"thumbnailUrl":"https:\/\/www.meydan.tv\/wp-content\/uploads\/isgence.jpg","datePublished":"2026-04-28T15:17:39+00:00","dateModified":"2026-04-28T15:17:41+00:00","breadcrumb":{"@id":"https:\/\/www.meydan.tv\/az\/article\/narkotikl%c9%99-ittiham-olunan-inancli-must%c9%99ntiq-dedi-ki-s%c9%99n-boyukl%c9%99rin-biznesin%c9%99-mane-olursan\/#breadcrumb"},"inLanguage":"az","potentialAction":[{"@type":"ReadAction","target":["https:\/\/www.meydan.tv\/az\/article\/narkotikl%c9%99-ittiham-olunan-inancli-must%c9%99ntiq-dedi-ki-s%c9%99n-boyukl%c9%99rin-biznesin%c9%99-mane-olursan\/"]}]},{"@type":"ImageObject","inLanguage":"az","@id":"https:\/\/www.meydan.tv\/az\/article\/narkotikl%c9%99-ittiham-olunan-inancli-must%c9%99ntiq-dedi-ki-s%c9%99n-boyukl%c9%99rin-biznesin%c9%99-mane-olursan\/#primaryimage","url":"https:\/\/www.meydan.tv\/wp-content\/uploads\/isgence.jpg","contentUrl":"https:\/\/www.meydan.tv\/wp-content\/uploads\/isgence.jpg","width":1024,"height":682,"caption":"\u0130ll\u00fcstrasiya: Meydan TV"},{"@type":"BreadcrumbList","@id":"https:\/\/www.meydan.tv\/az\/article\/narkotikl%c9%99-ittiham-olunan-inancli-must%c9%99ntiq-dedi-ki-s%c9%99n-boyukl%c9%99rin-biznesin%c9%99-mane-olursan\/#breadcrumb","itemListElement":[{"@type":"ListItem","position":1,"name":"Ana s\u0259hif\u0259","item":"https:\/\/www.meydan.tv\/az\/"},{"@type":"ListItem","position":2,"name":"Sosial","item":"https:\/\/www.meydan.tv\/az\/section\/sosial\/"},{"@type":"ListItem","position":3,"name":"Narkotikl\u0259 ittiham olunan inancl\u0131: \u201cM\u00fcst\u0259ntiq dedi ki, s\u0259n b\u00f6y\u00fckl\u0259rin biznesin\u0259 mane olursan\u201d"}]},{"@type":"WebSite","@id":"https:\/\/www.meydan.tv\/az\/#website","url":"https:\/\/www.meydan.tv\/az\/","name":"MEYDAN.TV","description":"Meydan TV Az\u0259rbaycan\u0131n media m\u0259kan\u0131ndak\u0131 alternativ s\u0259sidir","publisher":{"@id":"https:\/\/www.meydan.tv\/az\/#organization"},"potentialAction":[{"@type":"SearchAction","target":{"@type":"EntryPoint","urlTemplate":"https:\/\/www.meydan.tv\/az\/?s={search_term_string}"},"query-input":{"@type":"PropertyValueSpecification","valueRequired":true,"valueName":"search_term_string"}}],"inLanguage":"az"},{"@type":"Organization","@id":"https:\/\/www.meydan.tv\/az\/#organization","name":"Meydan TV","url":"https:\/\/www.meydan.tv\/az\/","logo":{"@type":"ImageObject","inLanguage":"az","@id":"https:\/\/www.meydan.tv\/az\/#\/schema\/logo\/image\/","url":"https:\/\/www.meydan.tv\/wp-content\/uploads\/2021\/07\/meydan-logo.svg","contentUrl":"https:\/\/www.meydan.tv\/wp-content\/uploads\/2021\/07\/meydan-logo.svg","width":195,"height":46,"caption":"Meydan TV"},"image":{"@id":"https:\/\/www.meydan.tv\/az\/#\/schema\/logo\/image\/"}},{"@type":"Person","@id":"https:\/\/www.meydan.tv\/az\/#\/schema\/person\/09863e516102a829e72bedcf3f84c6b0","name":"mahmud"}]}},"_links":{"self":[{"href":"https:\/\/www.meydan.tv\/az\/wp-json\/wp\/v2\/posts\/344435","targetHints":{"allow":["GET"]}}],"collection":[{"href":"https:\/\/www.meydan.tv\/az\/wp-json\/wp\/v2\/posts"}],"about":[{"href":"https:\/\/www.meydan.tv\/az\/wp-json\/wp\/v2\/types\/post"}],"author":[{"embeddable":true,"href":"https:\/\/www.meydan.tv\/az\/wp-json\/wp\/v2\/users\/21"}],"replies":[{"embeddable":true,"href":"https:\/\/www.meydan.tv\/az\/wp-json\/wp\/v2\/comments?post=344435"}],"version-history":[{"count":1,"href":"https:\/\/www.meydan.tv\/az\/wp-json\/wp\/v2\/posts\/344435\/revisions"}],"predecessor-version":[{"id":344436,"href":"https:\/\/www.meydan.tv\/az\/wp-json\/wp\/v2\/posts\/344435\/revisions\/344436"}],"wp:featuredmedia":[{"embeddable":true,"href":"https:\/\/www.meydan.tv\/az\/wp-json\/wp\/v2\/media\/120026"}],"wp:attachment":[{"href":"https:\/\/www.meydan.tv\/az\/wp-json\/wp\/v2\/media?parent=344435"}],"wp:term":[{"taxonomy":"category","embeddable":true,"href":"https:\/\/www.meydan.tv\/az\/wp-json\/wp\/v2\/categories?post=344435"},{"taxonomy":"post_tag","embeddable":true,"href":"https:\/\/www.meydan.tv\/az\/wp-json\/wp\/v2\/tags?post=344435"}],"curies":[{"name":"wp","href":"https:\/\/api.w.org\/{rel}","templated":true}]}}