{"id":344420,"date":"2026-04-27T23:31:12","date_gmt":"2026-04-27T19:31:12","guid":{"rendered":"https:\/\/www.meydan.tv\/?p=344420"},"modified":"2026-04-27T23:32:35","modified_gmt":"2026-04-27T19:32:35","slug":"msk-yenid%c9%99n-formalasdigini-des%c9%99-d%c9%99-n%c9%99-r%c9%99hb%c9%99rlik-n%c9%99-muavin-n%c9%99-d%c9%99-uzvl%c9%99r-d%c9%99yisdi","status":"publish","type":"post","link":"https:\/\/www.meydan.tv\/az\/article\/msk-yenid%c9%99n-formalasdigini-des%c9%99-d%c9%99-n%c9%99-r%c9%99hb%c9%99rlik-n%c9%99-muavin-n%c9%99-d%c9%99-uzvl%c9%99r-d%c9%99yisdi\/","title":{"rendered":"MSK yenid\u0259n formala\u015fd\u0131\u011f\u0131n\u0131 des\u0259 d\u0259 n\u0259 r\u0259hb\u0259rlik, n\u0259 m\u00fcavin, n\u0259 d\u0259 \u00fczvl\u0259r d\u0259yi\u015fdi"},"content":{"rendered":"\n<p>Aprelin 27-d\u0259 M\u0259rk\u0259zi Se\u00e7ki Komissiyas\u0131n\u0131n (MSK) yeni t\u0259rkibd\u0259 ilk iclas\u0131 <a href=\"https:\/\/azertag.az\/xeber\/merkezi_sechki_komissiyasina_sedr_muavin_ve_katibler_sechilib_yenilenib_video-4151991\">ke\u00e7irildi<\/a> v\u0259 g\u00f6zl\u0259nildiyi kimi \u0259sas t\u0259\u015fkilati m\u0259s\u0259l\u0259l\u0259r\u0259 bax\u0131ld\u0131. \u0130clas\u0131n \u0259n diqq\u0259t\u00e7\u0259k\u0259n n\u0259tic\u0259si is\u0259 M\u0259zahir P\u0259nahovun yenid\u0259n, art\u0131q alt\u0131nc\u0131 d\u0259f\u0259 qurumun s\u0259dri se\u00e7ilm\u0259si oldu. Bununla da o, 2000-ci ild\u0259n b\u0259ri davam ed\u0259n r\u0259hb\u0259rliyini n\u00f6vb\u0259ti m\u00fcdd\u0259t \u00fc\u00e7\u00fcn d\u0259 qorumu\u015f oldu. 26 ildir s\u0259dr olan v\u0259 MSK-n\u0131n \u0259n ya\u015fl\u0131 \u00fczv\u00fc M\u0259zahir P\u0259nahov, \u0130lham \u018fliyev t\u0259r\u0259find\u0259n \u201c\u015e\u0259r\u0259f\u201d v\u0259 \u201c\u015e\u00f6hr\u0259t\u201d ordenl\u0259ri il\u0259 d\u0259 t\u0259ltif olunub.<\/p>\n\n\n\n<p>MSK-n\u0131n yenid\u0259n formala\u015fd\u0131r\u0131lmas\u0131 Milli M\u0259clisd\u0259 h\u0259min g\u00fcn q\u0259bul edil\u0259n q\u0259rarla r\u0259smil\u0259\u015fdi. Se\u00e7ki M\u0259c\u0259ll\u0259sin\u0259 \u0259sas\u0259n, komissiyan\u0131n 5 illik s\u0259lahiyy\u0259t m\u00fcdd\u0259ti ba\u015fa \u00e7atd\u0131qda onun t\u0259rkibi yenil\u0259nm\u0259lidir. Qanunvericiliy\u0259 g\u00f6r\u0259, 18 \u00fczvd\u0259n ibar\u0259t olan MSK-da yerl\u0259r siyasi balans prinsipi il\u0259 b\u00f6l\u00fc\u015fd\u00fcr\u00fcl\u00fcr: \u00fc\u00e7d\u0259 biri hakim Yeni Az\u0259rbaycan Partiyas\u0131n\u0131, \u00fc\u00e7d\u0259 biri bit\u0259r\u0259f deputatlar\u0131, qalan hiss\u0259 is\u0259 parlamentd\u0259 azl\u0131q t\u0259\u015fkil ed\u0259n partiyalar\u0131 t\u0259msil edir.<\/p>\n\n\n\n<p>Yeni t\u0259rkibd\u0259 \u00fc\u00e7 yeni \u015f\u0259xs t\u0259msil olunacaq. Onlardan ikisi Yeni Az\u0259rbaycan Partiyas\u0131n\u0131, biri is\u0259 bit\u0259r\u0259f say\u0131lan deputat\u0131 t\u0259msil ed\u0259c\u0259k. Dig\u0259r 15 \u00fczv is\u0259 d\u0259yi\u015fm\u0259z olaraq qald\u0131.<\/p>\n\n\n\n<p>Formal olaraq bu b\u00f6lg\u00fc pluralizmi t\u0259min etm\u0259y\u0259 hesablansa da, praktikada MSK-n\u0131n f\u0259aliyy\u0259ti uzun ill\u0259rdir m\u00fcbahis\u0259 m\u00f6vzusu olaraq qal\u0131r. M\u0259zahir P\u0259nahovun r\u0259hb\u0259rliyi d\u00f6vr\u00fcnd\u0259 ke\u00e7iril\u0259n se\u00e7kil\u0259rd\u0259n sonra komissiya ad\u0259t\u0259n se\u00e7kil\u0259rin \u201cnormal ke\u00e7diyini\u201d v\u0259 ciddi \u015fikay\u0259tl\u0259rin daxil olmad\u0131\u011f\u0131n\u0131 b\u0259yan edir. Lakin bu m\u00f6vqe m\u00fcst\u0259qil namiz\u0259dl\u0259r, m\u00fc\u015fahid\u0259\u00e7il\u0259r v\u0259 m\u00fcxalif siyasi q\u00fcvv\u0259l\u0259r t\u0259r\u0259find\u0259n m\u00fct\u0259madi olaraq t\u0259kzib olunur. Onlar se\u00e7kil\u0259rd\u0259 geni\u015fmiqyasl\u0131 pozuntular\u0131n ba\u015f verdiyini, bununla ba\u011fl\u0131 faktlar\u0131n h\u0259m ictimaiyy\u0259t\u0259, h\u0259m d\u0259 r\u0259smi qurumlara t\u0259qdim edildiyini bildirirl\u0259r.<\/p>\n\n\n\n<p>Beyn\u0259lxalq m\u00fc\u015fahid\u0259\u00e7il\u0259r v\u0259 xarici t\u0259\u015fkilatlar da Az\u0259rbaycanda se\u00e7ki m\u00fchitin\u0259 dair t\u0259nqidi m\u00f6vqe s\u0259rgil\u0259yir. Bir \u00e7ox hesabatlarda azad v\u0259 \u0259dal\u0259tli se\u00e7ki standartlar\u0131n\u0131n tam t\u0259min olunmad\u0131\u011f\u0131 qeyd edilir.<\/p>\n\n\n\n<p>Dig\u0259r t\u0259r\u0259fd\u0259n, M\u0259zahir P\u0259nahovun ad\u0131 zaman-zaman yaln\u0131z se\u00e7ki prosesi il\u0259 deyil, h\u0259m d\u0259 ail\u0259 \u00fczvl\u0259rinin f\u0259aliyy\u0259ti il\u0259 ba\u011fl\u0131 <a href=\"https:\/\/nocomment.az\/prezident-mezahir-penahovun-qardasi-ogluna-vezife-verdi\/\">iddialarda<\/a> hallan\u0131r. M\u0259tbuatda onun qohumlar\u0131n\u0131n m\u00fcxt\u0259lif d\u00f6vl\u0259t v\u0259zif\u0259l\u0259rind\u0259 <a href=\"https:\/\/yenisabah.az\/azerbaycanda-penahovlar-imperiyasi-vezifede-olmayani-yoxdur\">\u00e7al\u0131\u015fd\u0131\u011f\u0131<\/a>, \u00f6vladlar\u0131n\u0131n is\u0259 h\u0259m Az\u0259rbaycanda, h\u0259m d\u0259 T\u00fcrkiy\u0259d\u0259 biznes f\u0259aliyy\u0259tl\u0259ri il\u0259 m\u0259\u015f\u011ful oldu\u011fu bar\u0259d\u0259 <a href=\"https:\/\/nocomment.az\/msk-sedri-mezahir-penahovun-oglu-4-il-turkiyede-ne-edib-fotolar\/\">m\u0259lumatlar<\/a> yay\u0131l\u0131b. Bu iddialar r\u0259smi \u015f\u0259kild\u0259 t\u0259sdiq v\u0259 ya t\u0259kzib olunmasa da, ictimai m\u00fczakir\u0259l\u0259rd\u0259 tez-tez g\u00fcnd\u0259m\u0259 g\u0259tirilir v\u0259 maraqlar toqqu\u015fmas\u0131 il\u0259 ba\u011fl\u0131 suallar do\u011furur.<\/p>\n\n\n\n<p>Bel\u0259likl\u0259, MSK-n\u0131n yeni t\u0259rkibd\u0259 f\u0259aliyy\u0259t\u0259 ba\u015flamas\u0131 formal yenil\u0259nm\u0259 kimi t\u0259qdim olunsa da, r\u0259hb\u0259rliyin d\u0259yi\u015fm\u0259m\u0259si v\u0259 \u0259vv\u0259lki d\u00f6vrl\u0259rd\u0259n qalan t\u0259nqidl\u0259rin davam etm\u0259si se\u00e7ki institutuna olan etimad m\u0259s\u0259l\u0259sini yenid\u0259n g\u00fcnd\u0259m\u0259 g\u0259tirir.<\/p>\n","protected":false},"excerpt":{"rendered":"<p>Aprelin 27-d\u0259 M\u0259rk\u0259zi Se\u00e7ki Komissiyas\u0131n\u0131n (MSK) yeni t\u0259rkibd\u0259 ilk iclas\u0131 &#8230; <\/p>\n<p class=\"read-more-container\"><a title=\"MSK yenid\u0259n formala\u015fd\u0131\u011f\u0131n\u0131 des\u0259 d\u0259 n\u0259 r\u0259hb\u0259rlik, n\u0259 m\u00fcavin, n\u0259 d\u0259 \u00fczvl\u0259r d\u0259yi\u015fdi\" class=\"read-more button\" href=\"https:\/\/www.meydan.tv\/az\/article\/msk-yenid%c9%99n-formalasdigini-des%c9%99-d%c9%99-n%c9%99-r%c9%99hb%c9%99rlik-n%c9%99-muavin-n%c9%99-d%c9%99-uzvl%c9%99r-d%c9%99yisdi\/#more-344420\" aria-label=\"Read more about MSK yenid\u0259n formala\u015fd\u0131\u011f\u0131n\u0131 des\u0259 d\u0259 n\u0259 r\u0259hb\u0259rlik, n\u0259 m\u00fcavin, n\u0259 d\u0259 \u00fczvl\u0259r d\u0259yi\u015fdi\">Davam\u0131<\/a><\/p>\n","protected":false},"author":14,"featured_media":344421,"comment_status":"closed","ping_status":"closed","sticky":false,"template":"","format":"standard","meta":{"_acf_changed":false,"_sitemap_exclude":false,"_sitemap_priority":"","_sitemap_frequency":"","footnotes":""},"categories":[59,56],"tags":[],"class_list":["post-344420","post","type-post","status-publish","format-standard","has-post-thumbnail","hentry","category-siyaset","category-xeberler","infinite-scroll-item","generate-columns","tablet-grid-50","mobile-grid-100","grid-parent","grid-33","no-featured-image-padding"],"acf":[],"yoast_head":"<!-- This site is optimized with the Yoast SEO plugin v27.4 - https:\/\/yoast.com\/product\/yoast-seo-wordpress\/ -->\n<title>MSK yenid\u0259n formala\u015fd\u0131\u011f\u0131n\u0131 des\u0259 d\u0259 n\u0259 r\u0259hb\u0259rlik, n\u0259 m\u00fcavin, n\u0259 d\u0259 \u00fczvl\u0259r d\u0259yi\u015fdi - MEYDAN.TV<\/title>\n<meta name=\"robots\" content=\"index, follow, max-snippet:-1, max-image-preview:large, max-video-preview:-1\" \/>\n<link rel=\"canonical\" href=\"https:\/\/www.meydan.tv\/az\/article\/msk-yenid%c9%99n-formalasdigini-des%c9%99-d%c9%99-n%c9%99-r%c9%99hb%c9%99rlik-n%c9%99-muavin-n%c9%99-d%c9%99-uzvl%c9%99r-d%c9%99yisdi\/\" \/>\n<meta property=\"og:locale\" content=\"az_AZ\" \/>\n<meta property=\"og:type\" content=\"article\" \/>\n<meta property=\"og:title\" content=\"MSK yenid\u0259n formala\u015fd\u0131\u011f\u0131n\u0131 des\u0259 d\u0259 n\u0259 r\u0259hb\u0259rlik, n\u0259 m\u00fcavin, n\u0259 d\u0259 \u00fczvl\u0259r d\u0259yi\u015fdi - MEYDAN.TV\" \/>\n<meta property=\"og:description\" content=\"Aprelin 27-d\u0259 M\u0259rk\u0259zi Se\u00e7ki Komissiyas\u0131n\u0131n (MSK) yeni t\u0259rkibd\u0259 ilk iclas\u0131 ... Davam\u0131\" \/>\n<meta property=\"og:url\" content=\"https:\/\/www.meydan.tv\/az\/article\/msk-yenid%c9%99n-formalasdigini-des%c9%99-d%c9%99-n%c9%99-r%c9%99hb%c9%99rlik-n%c9%99-muavin-n%c9%99-d%c9%99-uzvl%c9%99r-d%c9%99yisdi\/\" \/>\n<meta property=\"og:site_name\" content=\"MEYDAN.TV\" \/>\n<meta property=\"article:published_time\" content=\"2026-04-27T19:31:12+00:00\" \/>\n<meta property=\"article:modified_time\" content=\"2026-04-27T19:32:35+00:00\" \/>\n<meta property=\"og:image\" content=\"https:\/\/www.meydan.tv\/wp-content\/uploads\/054-1-1200x586.png\" \/>\n\t<meta property=\"og:image:width\" content=\"1200\" \/>\n\t<meta property=\"og:image:height\" content=\"586\" \/>\n\t<meta property=\"og:image:type\" content=\"image\/png\" \/>\n<meta name=\"author\" content=\"roma\" \/>\n<meta name=\"twitter:card\" content=\"summary_large_image\" \/>\n<script type=\"application\/ld+json\" class=\"yoast-schema-graph\">{\"@context\":\"https:\\\/\\\/schema.org\",\"@graph\":[{\"@type\":\"Article\",\"@id\":\"https:\\\/\\\/www.meydan.tv\\\/az\\\/article\\\/msk-yenid%c9%99n-formalasdigini-des%c9%99-d%c9%99-n%c9%99-r%c9%99hb%c9%99rlik-n%c9%99-muavin-n%c9%99-d%c9%99-uzvl%c9%99r-d%c9%99yisdi\\\/#article\",\"isPartOf\":{\"@id\":\"https:\\\/\\\/www.meydan.tv\\\/az\\\/article\\\/msk-yenid%c9%99n-formalasdigini-des%c9%99-d%c9%99-n%c9%99-r%c9%99hb%c9%99rlik-n%c9%99-muavin-n%c9%99-d%c9%99-uzvl%c9%99r-d%c9%99yisdi\\\/\"},\"author\":{\"name\":\"roma\",\"@id\":\"https:\\\/\\\/www.meydan.tv\\\/az\\\/#\\\/schema\\\/person\\\/8f23e01c4de63326c13c319fb65ee65d\"},\"headline\":\"MSK yenid\u0259n formala\u015fd\u0131\u011f\u0131n\u0131 des\u0259 d\u0259 n\u0259 r\u0259hb\u0259rlik, n\u0259 m\u00fcavin, n\u0259 d\u0259 \u00fczvl\u0259r d\u0259yi\u015fdi\",\"datePublished\":\"2026-04-27T19:31:12+00:00\",\"dateModified\":\"2026-04-27T19:32:35+00:00\",\"mainEntityOfPage\":{\"@id\":\"https:\\\/\\\/www.meydan.tv\\\/az\\\/article\\\/msk-yenid%c9%99n-formalasdigini-des%c9%99-d%c9%99-n%c9%99-r%c9%99hb%c9%99rlik-n%c9%99-muavin-n%c9%99-d%c9%99-uzvl%c9%99r-d%c9%99yisdi\\\/\"},\"wordCount\":628,\"publisher\":{\"@id\":\"https:\\\/\\\/www.meydan.tv\\\/az\\\/#organization\"},\"image\":{\"@id\":\"https:\\\/\\\/www.meydan.tv\\\/az\\\/article\\\/msk-yenid%c9%99n-formalasdigini-des%c9%99-d%c9%99-n%c9%99-r%c9%99hb%c9%99rlik-n%c9%99-muavin-n%c9%99-d%c9%99-uzvl%c9%99r-d%c9%99yisdi\\\/#primaryimage\"},\"thumbnailUrl\":\"https:\\\/\\\/www.meydan.tv\\\/wp-content\\\/uploads\\\/054-1.png\",\"articleSection\":[\"Siyas\u0259t\",\"X\u0259b\u0259rl\u0259r\"],\"inLanguage\":\"az\"},{\"@type\":\"WebPage\",\"@id\":\"https:\\\/\\\/www.meydan.tv\\\/az\\\/article\\\/msk-yenid%c9%99n-formalasdigini-des%c9%99-d%c9%99-n%c9%99-r%c9%99hb%c9%99rlik-n%c9%99-muavin-n%c9%99-d%c9%99-uzvl%c9%99r-d%c9%99yisdi\\\/\",\"url\":\"https:\\\/\\\/www.meydan.tv\\\/az\\\/article\\\/msk-yenid%c9%99n-formalasdigini-des%c9%99-d%c9%99-n%c9%99-r%c9%99hb%c9%99rlik-n%c9%99-muavin-n%c9%99-d%c9%99-uzvl%c9%99r-d%c9%99yisdi\\\/\",\"name\":\"MSK yenid\u0259n formala\u015fd\u0131\u011f\u0131n\u0131 des\u0259 d\u0259 n\u0259 r\u0259hb\u0259rlik, n\u0259 m\u00fcavin, n\u0259 d\u0259 \u00fczvl\u0259r d\u0259yi\u015fdi - MEYDAN.TV\",\"isPartOf\":{\"@id\":\"https:\\\/\\\/www.meydan.tv\\\/az\\\/#website\"},\"primaryImageOfPage\":{\"@id\":\"https:\\\/\\\/www.meydan.tv\\\/az\\\/article\\\/msk-yenid%c9%99n-formalasdigini-des%c9%99-d%c9%99-n%c9%99-r%c9%99hb%c9%99rlik-n%c9%99-muavin-n%c9%99-d%c9%99-uzvl%c9%99r-d%c9%99yisdi\\\/#primaryimage\"},\"image\":{\"@id\":\"https:\\\/\\\/www.meydan.tv\\\/az\\\/article\\\/msk-yenid%c9%99n-formalasdigini-des%c9%99-d%c9%99-n%c9%99-r%c9%99hb%c9%99rlik-n%c9%99-muavin-n%c9%99-d%c9%99-uzvl%c9%99r-d%c9%99yisdi\\\/#primaryimage\"},\"thumbnailUrl\":\"https:\\\/\\\/www.meydan.tv\\\/wp-content\\\/uploads\\\/054-1.png\",\"datePublished\":\"2026-04-27T19:31:12+00:00\",\"dateModified\":\"2026-04-27T19:32:35+00:00\",\"breadcrumb\":{\"@id\":\"https:\\\/\\\/www.meydan.tv\\\/az\\\/article\\\/msk-yenid%c9%99n-formalasdigini-des%c9%99-d%c9%99-n%c9%99-r%c9%99hb%c9%99rlik-n%c9%99-muavin-n%c9%99-d%c9%99-uzvl%c9%99r-d%c9%99yisdi\\\/#breadcrumb\"},\"inLanguage\":\"az\",\"potentialAction\":[{\"@type\":\"ReadAction\",\"target\":[\"https:\\\/\\\/www.meydan.tv\\\/az\\\/article\\\/msk-yenid%c9%99n-formalasdigini-des%c9%99-d%c9%99-n%c9%99-r%c9%99hb%c9%99rlik-n%c9%99-muavin-n%c9%99-d%c9%99-uzvl%c9%99r-d%c9%99yisdi\\\/\"]}]},{\"@type\":\"ImageObject\",\"inLanguage\":\"az\",\"@id\":\"https:\\\/\\\/www.meydan.tv\\\/az\\\/article\\\/msk-yenid%c9%99n-formalasdigini-des%c9%99-d%c9%99-n%c9%99-r%c9%99hb%c9%99rlik-n%c9%99-muavin-n%c9%99-d%c9%99-uzvl%c9%99r-d%c9%99yisdi\\\/#primaryimage\",\"url\":\"https:\\\/\\\/www.meydan.tv\\\/wp-content\\\/uploads\\\/054-1.png\",\"contentUrl\":\"https:\\\/\\\/www.meydan.tv\\\/wp-content\\\/uploads\\\/054-1.png\",\"width\":1920,\"height\":938,\"caption\":\"M\u0259rk\u0259zi Se\u00e7ki Komissiyas\u0131 s\u0259dri M\u0259zahir P\u0259nahov - Foto: Az\u0259rtac\"},{\"@type\":\"BreadcrumbList\",\"@id\":\"https:\\\/\\\/www.meydan.tv\\\/az\\\/article\\\/msk-yenid%c9%99n-formalasdigini-des%c9%99-d%c9%99-n%c9%99-r%c9%99hb%c9%99rlik-n%c9%99-muavin-n%c9%99-d%c9%99-uzvl%c9%99r-d%c9%99yisdi\\\/#breadcrumb\",\"itemListElement\":[{\"@type\":\"ListItem\",\"position\":1,\"name\":\"Ana s\u0259hif\u0259\",\"item\":\"https:\\\/\\\/www.meydan.tv\\\/az\\\/\"},{\"@type\":\"ListItem\",\"position\":2,\"name\":\"X\u0259b\u0259rl\u0259r\",\"item\":\"https:\\\/\\\/www.meydan.tv\\\/az\\\/section\\\/xeberler\\\/\"},{\"@type\":\"ListItem\",\"position\":3,\"name\":\"MSK yenid\u0259n formala\u015fd\u0131\u011f\u0131n\u0131 des\u0259 d\u0259 n\u0259 r\u0259hb\u0259rlik, n\u0259 m\u00fcavin, n\u0259 d\u0259 \u00fczvl\u0259r d\u0259yi\u015fdi\"}]},{\"@type\":\"WebSite\",\"@id\":\"https:\\\/\\\/www.meydan.tv\\\/az\\\/#website\",\"url\":\"https:\\\/\\\/www.meydan.tv\\\/az\\\/\",\"name\":\"MEYDAN.TV\",\"description\":\"Meydan TV Az\u0259rbaycan\u0131n media m\u0259kan\u0131ndak\u0131 alternativ s\u0259sidir\",\"publisher\":{\"@id\":\"https:\\\/\\\/www.meydan.tv\\\/az\\\/#organization\"},\"potentialAction\":[{\"@type\":\"SearchAction\",\"target\":{\"@type\":\"EntryPoint\",\"urlTemplate\":\"https:\\\/\\\/www.meydan.tv\\\/az\\\/?s={search_term_string}\"},\"query-input\":{\"@type\":\"PropertyValueSpecification\",\"valueRequired\":true,\"valueName\":\"search_term_string\"}}],\"inLanguage\":\"az\"},{\"@type\":\"Organization\",\"@id\":\"https:\\\/\\\/www.meydan.tv\\\/az\\\/#organization\",\"name\":\"Meydan TV\",\"url\":\"https:\\\/\\\/www.meydan.tv\\\/az\\\/\",\"logo\":{\"@type\":\"ImageObject\",\"inLanguage\":\"az\",\"@id\":\"https:\\\/\\\/www.meydan.tv\\\/az\\\/#\\\/schema\\\/logo\\\/image\\\/\",\"url\":\"https:\\\/\\\/www.meydan.tv\\\/wp-content\\\/uploads\\\/2021\\\/07\\\/meydan-logo.svg\",\"contentUrl\":\"https:\\\/\\\/www.meydan.tv\\\/wp-content\\\/uploads\\\/2021\\\/07\\\/meydan-logo.svg\",\"width\":195,\"height\":46,\"caption\":\"Meydan TV\"},\"image\":{\"@id\":\"https:\\\/\\\/www.meydan.tv\\\/az\\\/#\\\/schema\\\/logo\\\/image\\\/\"}},{\"@type\":\"Person\",\"@id\":\"https:\\\/\\\/www.meydan.tv\\\/az\\\/#\\\/schema\\\/person\\\/8f23e01c4de63326c13c319fb65ee65d\",\"name\":\"roma\"}]}<\/script>\n<!-- \/ Yoast SEO plugin. -->","yoast_head_json":{"title":"MSK yenid\u0259n formala\u015fd\u0131\u011f\u0131n\u0131 des\u0259 d\u0259 n\u0259 r\u0259hb\u0259rlik, n\u0259 m\u00fcavin, n\u0259 d\u0259 \u00fczvl\u0259r d\u0259yi\u015fdi - MEYDAN.TV","robots":{"index":"index","follow":"follow","max-snippet":"max-snippet:-1","max-image-preview":"max-image-preview:large","max-video-preview":"max-video-preview:-1"},"canonical":"https:\/\/www.meydan.tv\/az\/article\/msk-yenid%c9%99n-formalasdigini-des%c9%99-d%c9%99-n%c9%99-r%c9%99hb%c9%99rlik-n%c9%99-muavin-n%c9%99-d%c9%99-uzvl%c9%99r-d%c9%99yisdi\/","og_locale":"az_AZ","og_type":"article","og_title":"MSK yenid\u0259n formala\u015fd\u0131\u011f\u0131n\u0131 des\u0259 d\u0259 n\u0259 r\u0259hb\u0259rlik, n\u0259 m\u00fcavin, n\u0259 d\u0259 \u00fczvl\u0259r d\u0259yi\u015fdi - MEYDAN.TV","og_description":"Aprelin 27-d\u0259 M\u0259rk\u0259zi Se\u00e7ki Komissiyas\u0131n\u0131n (MSK) yeni t\u0259rkibd\u0259 ilk iclas\u0131 ... Davam\u0131","og_url":"https:\/\/www.meydan.tv\/az\/article\/msk-yenid%c9%99n-formalasdigini-des%c9%99-d%c9%99-n%c9%99-r%c9%99hb%c9%99rlik-n%c9%99-muavin-n%c9%99-d%c9%99-uzvl%c9%99r-d%c9%99yisdi\/","og_site_name":"MEYDAN.TV","article_published_time":"2026-04-27T19:31:12+00:00","article_modified_time":"2026-04-27T19:32:35+00:00","og_image":[{"width":1200,"height":586,"url":"https:\/\/www.meydan.tv\/wp-content\/uploads\/054-1-1200x586.png","type":"image\/png"}],"author":"roma","twitter_card":"summary_large_image","schema":{"@context":"https:\/\/schema.org","@graph":[{"@type":"Article","@id":"https:\/\/www.meydan.tv\/az\/article\/msk-yenid%c9%99n-formalasdigini-des%c9%99-d%c9%99-n%c9%99-r%c9%99hb%c9%99rlik-n%c9%99-muavin-n%c9%99-d%c9%99-uzvl%c9%99r-d%c9%99yisdi\/#article","isPartOf":{"@id":"https:\/\/www.meydan.tv\/az\/article\/msk-yenid%c9%99n-formalasdigini-des%c9%99-d%c9%99-n%c9%99-r%c9%99hb%c9%99rlik-n%c9%99-muavin-n%c9%99-d%c9%99-uzvl%c9%99r-d%c9%99yisdi\/"},"author":{"name":"roma","@id":"https:\/\/www.meydan.tv\/az\/#\/schema\/person\/8f23e01c4de63326c13c319fb65ee65d"},"headline":"MSK yenid\u0259n formala\u015fd\u0131\u011f\u0131n\u0131 des\u0259 d\u0259 n\u0259 r\u0259hb\u0259rlik, n\u0259 m\u00fcavin, n\u0259 d\u0259 \u00fczvl\u0259r d\u0259yi\u015fdi","datePublished":"2026-04-27T19:31:12+00:00","dateModified":"2026-04-27T19:32:35+00:00","mainEntityOfPage":{"@id":"https:\/\/www.meydan.tv\/az\/article\/msk-yenid%c9%99n-formalasdigini-des%c9%99-d%c9%99-n%c9%99-r%c9%99hb%c9%99rlik-n%c9%99-muavin-n%c9%99-d%c9%99-uzvl%c9%99r-d%c9%99yisdi\/"},"wordCount":628,"publisher":{"@id":"https:\/\/www.meydan.tv\/az\/#organization"},"image":{"@id":"https:\/\/www.meydan.tv\/az\/article\/msk-yenid%c9%99n-formalasdigini-des%c9%99-d%c9%99-n%c9%99-r%c9%99hb%c9%99rlik-n%c9%99-muavin-n%c9%99-d%c9%99-uzvl%c9%99r-d%c9%99yisdi\/#primaryimage"},"thumbnailUrl":"https:\/\/www.meydan.tv\/wp-content\/uploads\/054-1.png","articleSection":["Siyas\u0259t","X\u0259b\u0259rl\u0259r"],"inLanguage":"az"},{"@type":"WebPage","@id":"https:\/\/www.meydan.tv\/az\/article\/msk-yenid%c9%99n-formalasdigini-des%c9%99-d%c9%99-n%c9%99-r%c9%99hb%c9%99rlik-n%c9%99-muavin-n%c9%99-d%c9%99-uzvl%c9%99r-d%c9%99yisdi\/","url":"https:\/\/www.meydan.tv\/az\/article\/msk-yenid%c9%99n-formalasdigini-des%c9%99-d%c9%99-n%c9%99-r%c9%99hb%c9%99rlik-n%c9%99-muavin-n%c9%99-d%c9%99-uzvl%c9%99r-d%c9%99yisdi\/","name":"MSK yenid\u0259n formala\u015fd\u0131\u011f\u0131n\u0131 des\u0259 d\u0259 n\u0259 r\u0259hb\u0259rlik, n\u0259 m\u00fcavin, n\u0259 d\u0259 \u00fczvl\u0259r d\u0259yi\u015fdi - MEYDAN.TV","isPartOf":{"@id":"https:\/\/www.meydan.tv\/az\/#website"},"primaryImageOfPage":{"@id":"https:\/\/www.meydan.tv\/az\/article\/msk-yenid%c9%99n-formalasdigini-des%c9%99-d%c9%99-n%c9%99-r%c9%99hb%c9%99rlik-n%c9%99-muavin-n%c9%99-d%c9%99-uzvl%c9%99r-d%c9%99yisdi\/#primaryimage"},"image":{"@id":"https:\/\/www.meydan.tv\/az\/article\/msk-yenid%c9%99n-formalasdigini-des%c9%99-d%c9%99-n%c9%99-r%c9%99hb%c9%99rlik-n%c9%99-muavin-n%c9%99-d%c9%99-uzvl%c9%99r-d%c9%99yisdi\/#primaryimage"},"thumbnailUrl":"https:\/\/www.meydan.tv\/wp-content\/uploads\/054-1.png","datePublished":"2026-04-27T19:31:12+00:00","dateModified":"2026-04-27T19:32:35+00:00","breadcrumb":{"@id":"https:\/\/www.meydan.tv\/az\/article\/msk-yenid%c9%99n-formalasdigini-des%c9%99-d%c9%99-n%c9%99-r%c9%99hb%c9%99rlik-n%c9%99-muavin-n%c9%99-d%c9%99-uzvl%c9%99r-d%c9%99yisdi\/#breadcrumb"},"inLanguage":"az","potentialAction":[{"@type":"ReadAction","target":["https:\/\/www.meydan.tv\/az\/article\/msk-yenid%c9%99n-formalasdigini-des%c9%99-d%c9%99-n%c9%99-r%c9%99hb%c9%99rlik-n%c9%99-muavin-n%c9%99-d%c9%99-uzvl%c9%99r-d%c9%99yisdi\/"]}]},{"@type":"ImageObject","inLanguage":"az","@id":"https:\/\/www.meydan.tv\/az\/article\/msk-yenid%c9%99n-formalasdigini-des%c9%99-d%c9%99-n%c9%99-r%c9%99hb%c9%99rlik-n%c9%99-muavin-n%c9%99-d%c9%99-uzvl%c9%99r-d%c9%99yisdi\/#primaryimage","url":"https:\/\/www.meydan.tv\/wp-content\/uploads\/054-1.png","contentUrl":"https:\/\/www.meydan.tv\/wp-content\/uploads\/054-1.png","width":1920,"height":938,"caption":"M\u0259rk\u0259zi Se\u00e7ki Komissiyas\u0131 s\u0259dri M\u0259zahir P\u0259nahov - Foto: Az\u0259rtac"},{"@type":"BreadcrumbList","@id":"https:\/\/www.meydan.tv\/az\/article\/msk-yenid%c9%99n-formalasdigini-des%c9%99-d%c9%99-n%c9%99-r%c9%99hb%c9%99rlik-n%c9%99-muavin-n%c9%99-d%c9%99-uzvl%c9%99r-d%c9%99yisdi\/#breadcrumb","itemListElement":[{"@type":"ListItem","position":1,"name":"Ana s\u0259hif\u0259","item":"https:\/\/www.meydan.tv\/az\/"},{"@type":"ListItem","position":2,"name":"X\u0259b\u0259rl\u0259r","item":"https:\/\/www.meydan.tv\/az\/section\/xeberler\/"},{"@type":"ListItem","position":3,"name":"MSK yenid\u0259n formala\u015fd\u0131\u011f\u0131n\u0131 des\u0259 d\u0259 n\u0259 r\u0259hb\u0259rlik, n\u0259 m\u00fcavin, n\u0259 d\u0259 \u00fczvl\u0259r d\u0259yi\u015fdi"}]},{"@type":"WebSite","@id":"https:\/\/www.meydan.tv\/az\/#website","url":"https:\/\/www.meydan.tv\/az\/","name":"MEYDAN.TV","description":"Meydan TV Az\u0259rbaycan\u0131n media m\u0259kan\u0131ndak\u0131 alternativ s\u0259sidir","publisher":{"@id":"https:\/\/www.meydan.tv\/az\/#organization"},"potentialAction":[{"@type":"SearchAction","target":{"@type":"EntryPoint","urlTemplate":"https:\/\/www.meydan.tv\/az\/?s={search_term_string}"},"query-input":{"@type":"PropertyValueSpecification","valueRequired":true,"valueName":"search_term_string"}}],"inLanguage":"az"},{"@type":"Organization","@id":"https:\/\/www.meydan.tv\/az\/#organization","name":"Meydan TV","url":"https:\/\/www.meydan.tv\/az\/","logo":{"@type":"ImageObject","inLanguage":"az","@id":"https:\/\/www.meydan.tv\/az\/#\/schema\/logo\/image\/","url":"https:\/\/www.meydan.tv\/wp-content\/uploads\/2021\/07\/meydan-logo.svg","contentUrl":"https:\/\/www.meydan.tv\/wp-content\/uploads\/2021\/07\/meydan-logo.svg","width":195,"height":46,"caption":"Meydan TV"},"image":{"@id":"https:\/\/www.meydan.tv\/az\/#\/schema\/logo\/image\/"}},{"@type":"Person","@id":"https:\/\/www.meydan.tv\/az\/#\/schema\/person\/8f23e01c4de63326c13c319fb65ee65d","name":"roma"}]}},"_links":{"self":[{"href":"https:\/\/www.meydan.tv\/az\/wp-json\/wp\/v2\/posts\/344420","targetHints":{"allow":["GET"]}}],"collection":[{"href":"https:\/\/www.meydan.tv\/az\/wp-json\/wp\/v2\/posts"}],"about":[{"href":"https:\/\/www.meydan.tv\/az\/wp-json\/wp\/v2\/types\/post"}],"author":[{"embeddable":true,"href":"https:\/\/www.meydan.tv\/az\/wp-json\/wp\/v2\/users\/14"}],"replies":[{"embeddable":true,"href":"https:\/\/www.meydan.tv\/az\/wp-json\/wp\/v2\/comments?post=344420"}],"version-history":[{"count":3,"href":"https:\/\/www.meydan.tv\/az\/wp-json\/wp\/v2\/posts\/344420\/revisions"}],"predecessor-version":[{"id":344426,"href":"https:\/\/www.meydan.tv\/az\/wp-json\/wp\/v2\/posts\/344420\/revisions\/344426"}],"wp:featuredmedia":[{"embeddable":true,"href":"https:\/\/www.meydan.tv\/az\/wp-json\/wp\/v2\/media\/344421"}],"wp:attachment":[{"href":"https:\/\/www.meydan.tv\/az\/wp-json\/wp\/v2\/media?parent=344420"}],"wp:term":[{"taxonomy":"category","embeddable":true,"href":"https:\/\/www.meydan.tv\/az\/wp-json\/wp\/v2\/categories?post=344420"},{"taxonomy":"post_tag","embeddable":true,"href":"https:\/\/www.meydan.tv\/az\/wp-json\/wp\/v2\/tags?post=344420"}],"curies":[{"name":"wp","href":"https:\/\/api.w.org\/{rel}","templated":true}]}}