{"id":344416,"date":"2026-04-27T20:57:28","date_gmt":"2026-04-27T16:57:28","guid":{"rendered":"https:\/\/www.meydan.tv\/?p=344416"},"modified":"2026-04-27T20:57:30","modified_gmt":"2026-04-27T16:57:30","slug":"toplum-tv-isi-hakim-sahidi-mudafi%c9%99-etdi-t%c9%99qsirl%c9%99ndiril%c9%99nl%c9%99rin-v%c9%99sat%c9%99tl%c9%99ri-yen%c9%99-r%c9%99dd-olundu","status":"publish","type":"post","link":"https:\/\/www.meydan.tv\/az\/article\/toplum-tv-isi-hakim-sahidi-mudafi%c9%99-etdi-t%c9%99qsirl%c9%99ndiril%c9%99nl%c9%99rin-v%c9%99sat%c9%99tl%c9%99ri-yen%c9%99-r%c9%99dd-olundu\/","title":{"rendered":"&#8220;Toplum TV i\u015fi&#8221;: Hakim \u015fahidi m\u00fcdafi\u0259 etdi, t\u0259qsirl\u0259ndiril\u0259nl\u0259rin v\u0259sat\u0259tl\u0259ri yen\u0259 r\u0259dd olundu"},"content":{"rendered":"\n<p>Aprelin 27-d\u0259 Bak\u0131 A\u011f\u0131r Cinay\u0259tl\u0259r M\u0259hk\u0259m\u0259sind\u0259 &#8220;Toplum TV i\u015fi&#8221; \u00fczr\u0259 n\u00f6vb\u0259ti m\u0259hk\u0259m\u0259 prosesi ke\u00e7irilib.&nbsp;<\/p>\n\n\n\n<p>Toplum TV <a href=\"https:\/\/toplummedia.tv\/mehkeme\/pilkin-emrahov-rdquoazerbaycan-ele-bir-yerdir-ki-siqaret-ccedilekmeyenin-uumlstuumlnden-narkotik-ccedilixirrdquop\" target=\"_blank\" rel=\"noreferrer noopener nofollow\">x\u0259b\u0259r verir <\/a>ki, hakim Az\u0259r Ta\u011f\u0131yevin s\u0259drliyi il\u0259 ke\u00e7iril\u0259n proses hal \u015fahidi kimi tan\u0131nan \u015f\u0259xsl\u0259rin dindirilm\u0259si il\u0259 davam edib.\u00a0<\/p>\n\n\n\n<p>\u018fvv\u0259lc\u0259 t\u0259qsirl\u0259ndiril\u0259n \u015f\u0259xsl\u0259rd\u0259n &#8220;Toplum TV&#8221; \u0259m\u0259kda\u015f\u0131 Elmir Abbasovun evind\u0259ki axtar\u0131\u015fda i\u015ftirak etmi\u015f S\u0259id adl\u0131 \u015fahid ifad\u0259 verib. \u015eahid onu dindir\u0259n v\u0259kil Zibeyd\u0259 Sad\u0131qovan\u0131n \u0259ks\u0259r suallar\u0131na &#8220;yad\u0131mda qalmay\u0131b&#8221; dey\u0259 cavab verib. O, v\u0259kilin sual\u0131na cavab olaraq deyib ki, ilk d\u0259f\u0259 polisin \u0259m\u0259liyyat\u0131nda bu c\u00fcr \u015fahid kimi i\u015ftirak edib.&nbsp;<\/p>\n\n\n\n<p><em>&#8220;\u0130lk d\u0259f\u0259 i\u015ftirak etdiyiniz bir \u015fey nec\u0259 yad\u0131n\u0131zda qalmaya bil\u0259r?&#8221;<\/em>, &#8211; v\u0259kil sual edib.\u00a0<\/p>\n\n\n\n<p>Bu zaman A.Ta\u011f\u0131yev v\u0259kilin s\u00f6z\u00fcn\u00fc k\u0259s\u0259r\u0259k \u015fahidi m\u00fcdafi\u0259 edib:\u00a0<em>&#8220;Deyir, yad\u0131mda qalmay\u0131b da!&#8221;\u00a0<\/em><\/p>\n\n\n\n<p>S\u0259id adl\u0131 \u015fahid daha sonra evd\u0259n 3 min avroya yax\u0131n pulun tap\u0131ld\u0131\u011f\u0131n\u0131 iddia edib. E.Abbasov is\u0259 pulun ona v\u0259 ya ail\u0259sin\u0259 aid olmad\u0131\u011f\u0131n\u0131 deyib.&nbsp;<\/p>\n\n\n\n<p>Daha sonra t\u0259qsirl\u0259ndiril\u0259n \u015f\u0259xsl\u0259r v\u0259sat\u0259tl\u0259r veribl\u0259r.&nbsp;<\/p>\n\n\n\n<p>Demokratik T\u0259\u015f\u0259bb\u00fcsl\u0259r \u0130nstitutunun (IDI) \u0259m\u0259kda\u015f\u0131 \u0130lkin \u018fmrahov evind\u0259 axtar\u0131\u015f zaman\u0131 tap\u0131ld\u0131\u011f\u0131 iddia olunan 2700 avro v\u0259saitin s\u00fcbutlar siyah\u0131s\u0131ndan \u00e7\u0131xar\u0131lmas\u0131 v\u0259 s\u00fcbutlar\u0131n yenid\u0259n qiym\u0259tl\u0259ndirilm\u0259si \u00fc\u00e7\u00fcn v\u0259sat\u0259t verib.&nbsp;<\/p>\n\n\n\n<p><em>&#8220;Axtar\u0131\u015fda hal \u015fahidi kimi i\u015ftirak ed\u0259n \u015f\u0259xs d\u0259 burada dedi ki, m\u0259n axtar\u0131\u015f zaman\u0131 pullar\u0131n m\u0259n\u0259 aid olmad\u0131\u011f\u0131n\u0131 demi\u015f\u0259m. Az\u0259rbaycan el\u0259 bir yerdir ki, siqaret \u00e7\u0259km\u0259y\u0259nin \u00fcst\u00fcnd\u0259n narkotik \u00e7\u0131x\u0131r, camaat\u0131n yast\u0131\u011f\u0131n\u0131n alt\u0131ndan silah \u00e7\u0131x\u0131r. Evimd\u0259 axtar\u0131\u015f zaman\u0131 \u00e7\u0259kili\u015fin apar\u0131lmamas\u0131, babam\u0131n h\u0259bsl\u0259 t\u0259hdid olunmas\u0131 v\u0259 dig\u0259r amill\u0259r d\u0259 s\u00fcbut edir ki, m\u0259nim h\u0259bsim qeyri-legitim \u0259saslarla h\u0259yata ke\u00e7irilib&#8221;,<\/em> &#8211; dey\u0259r\u0259k o, v\u0259sat\u0259ti \u0259sasland\u0131r\u0131b.\u00a0<\/p>\n\n\n\n<p>&#8220;Toplum TV&#8221; \u0259m\u0259kda\u015f\u0131 F\u0259rid \u0130smay\u0131lov is\u0259 Median\u0131n \u0130nki\u015faf\u0131 Agentliyinin direktoru \u018fhm\u0259d \u0130smay\u0131lovun m\u0259hk\u0259m\u0259y\u0259 \u00e7a\u011f\u0131r\u0131l\u0131b dindirilm\u0259si \u00fc\u00e7\u00fcn v\u0259sat\u0259t verib.&nbsp;<\/p>\n\n\n\n<p><em>&#8220;Deyirsiniz, cinay\u0259tkar qrupun jurnalisti olmu\u015fam. \u018fhm\u0259d \u0130smay\u0131lov g\u0259lsin, desin, qa\u00e7aqmal\u00e7\u0131l\u0131\u011f\u0131 t\u0259bli\u011f etmi\u015f\u0259m, ya g\u00f6st\u0259rmi\u015f\u0259m?&#8221;,<\/em> &#8211; o qeyd edib.\u00a0<\/p>\n\n\n\n<p>T\u0259qsirl\u0259ndiril\u0259n \u015f\u0259xsl\u0259rd\u0259n &#8220;Toplum TV&#8221;-nin h\u0259mt\u0259sis\u00e7isi, media eksperti \u018fl\u0259sg\u0259r M\u0259mm\u0259dli is\u0259 n\u00f6vb\u0259ti d\u0259f\u0259 ev dustaql\u0131\u011f\u0131na burax\u0131lmas\u0131 \u00fc\u00e7\u00fcn v\u0259sat\u0259t verib. O, bo\u011faz\u0131ndak\u0131 \u015fi\u015fl\u0259rin m\u00fcalic\u0259si \u00fc\u00e7\u00fcn endokrinoloqa v\u0259 qan\u0131n hormonal m\u00fcayin\u0259sin\u0259 ehtiyac\u0131 oldu\u011funu, lakin Bak\u0131 \u0130stintaq T\u0259cridxanas\u0131nda bunlar\u0131n he\u00e7 birinin olmad\u0131\u011f\u0131n\u0131 bildirib.&nbsp;<\/p>\n\n\n\n<p><em>&#8220;\u0130ki ildir v\u0259sat\u0259tl\u0259r verir\u0259m, siz t\u0259cridxanaya sor\u011fu g\u00f6nd\u0259rirsiniz, onlar da deyir ki, \u018fl\u0259sg\u0259r M\u0259mm\u0259dlinin x\u0259st\u0259liyi m\u00fc\u015fahid\u0259miz alt\u0131ndad\u0131r. B\u0259z\u0259n 24-36 saat fasil\u0259siz ba\u015fa\u011fr\u0131lar\u0131m olur. X\u0259st\u0259liyim qar\u015f\u0131s\u0131al\u0131nmaz n\u00f6qt\u0259y\u0259 \u00e7atmadan m\u00fcalic\u0259si il\u0259 m\u0259\u015f\u011ful olmaq ist\u0259yir\u0259m. \u0130ndiy\u0259d\u0259k \u015fahidl\u0259r\u0259, h\u0259tta siz\u0259 t\u0259sir ed\u0259 bil\u0259c\u0259yim \u0259sas\u0131 il\u0259 m\u0259ni ev dustaql\u0131\u011f\u0131na buraxmam\u0131s\u0131n\u0131z. \u015eahidl\u0259rin dindirilm\u0259si bitib. M\u0259hk\u0259m\u0259 prosesin\u0259 is\u0259 h\u00f6rm\u0259t edir\u0259m v\u0259 el\u0259 adam da deyil\u0259m ki, siz\u0259 t\u0259zyiq g\u00f6st\u0259rim&#8221;,<\/em> &#8211; o, hakim\u0259 xitab\u0259n deyib.<\/p>\n\n\n\n<p>V\u0259sat\u0259ti m\u00fcdafi\u0259 ed\u0259n v\u0259kill\u0259r Zibeyd\u0259 Sad\u0131qova v\u0259 Fuad A\u011fayev Avropa \u0130nsan H\u00fcquqlar\u0131 M\u0259hk\u0259m\u0259sinin ox\u015far hallarda Az\u0259rbaycan h\u00f6kum\u0259tin\u0259 qar\u015f\u0131 \u00e7\u0131xard\u0131\u011f\u0131 q\u0259rarlar\u0131 xat\u0131rlad\u0131blar.&nbsp;<\/p>\n\n\n\n<p>T\u0259qsirl\u0259ndiril\u0259n \u015f\u0259xsl\u0259rd\u0259n III Respublika Platformas\u0131n\u0131n qurucu \u00fczv\u00fc Ruslan \u0130zz\u0259tli d\u0259 t\u0259cridxanada tibbi xidm\u0259tin laz\u0131mi s\u0259viyy\u0259d\u0259 olmad\u0131\u011f\u0131n\u0131 bildirib.&nbsp;<\/p>\n\n\n\n<p><em>&#8220;T\u0259cridxanaya g\u0259l\u0259n bir h\u0259kim dala\u011f\u0131ndan \u015fikay\u0259t ed\u0259n bir m\u0259hbusa dedi ki, s\u0259nin dala\u011f\u0131nda he\u00e7 n\u0259 yoxdur. Bu h\u0259kiml\u0259r 600-700 manata i\u015fl\u0259yirl\u0259r. Hans\u0131 savadl\u0131 h\u0259kim bu maa\u015fa i\u015fl\u0259y\u0259r?&#8221;, <\/em>&#8211; o sual edib.\u00a0<\/p>\n\n\n\n<p>M\u0259hk\u0259m\u0259 v\u0259sat\u0259tl\u0259ri t\u0259min etm\u0259yib.\u00a0<br><br>N\u00f6vb\u0259ti m\u0259hk\u0259m\u0259 prosesi may\u0131n 4-n\u0259 t\u0259yin olunub.\u00a0<br><br>\u201cToplum TV i\u015fi\u201d \u00fczr\u0259 \u00fcmumilikd\u0259 10 n\u0259f\u0259r\u0259 cinay\u0259t i\u015fi a\u00e7\u0131l\u0131b. III Respublika Platformas\u0131n\u0131n spikeri Akif Qurbanov, bu qurumun qurucu hey\u0259t \u00fczv\u00fc Ruslan \u0130zz\u0259tli, \u201cToplum TV\u201dnin h\u0259mt\u0259sis\u00e7isi \u018fl\u0259sg\u0259r M\u0259mm\u0259dli, videoredaktor M\u00fc\u015ffiq Cabbar, jurnalist F\u0259rid \u0130smay\u0131lov, Demokratik T\u0259\u015f\u0259bb\u00fcsl\u0259r \u0130nstitutunun \u0259m\u0259kda\u015flar\u0131 \u018fli Zeynal, \u0130lkin \u018fmrahov v\u0259 Ramil Babayev h\u0259bs olunublar.<\/p>\n\n\n\n<p>Jurnalist Elmir Abbasov polis n\u0259zar\u0259tin\u0259 verilib, \u201cToplum TV\u201d redaktoru \u015eahnaz B\u0259yl\u0259rq\u0131z\u0131 is\u0259 \u0259vv\u0259lc\u0259 ev dustaql\u0131\u011f\u0131na burax\u0131l\u0131b, sonra haqq\u0131nda polis n\u0259zar\u0259tin\u0259 verilm\u0259kl\u0259 q\u0259timkan t\u0259dbiri se\u00e7ilib.<\/p>\n\n\n\n<p>\u201cToplum TV i\u015fi\u201d \u00fczr\u0259 h\u0259bs edil\u0259nl\u0259r \u00f6nc\u0259 qa\u00e7aqmal\u00e7\u0131l\u0131qda ittiham edils\u0259l\u0259r d\u0259, sonradan ittiham a\u011f\u0131rla\u015fd\u0131r\u0131l\u0131b.<\/p>\n\n\n\n<p>Onlar ittihamlar\u0131 r\u0259dd edir, siyasi sifari\u015f \u0259sas\u0131nda h\u0259bs olunduqlar\u0131n\u0131 bildirirl\u0259r.<\/p>\n","protected":false},"excerpt":{"rendered":"<p>Aprelin 27-d\u0259 Bak\u0131 A\u011f\u0131r Cinay\u0259tl\u0259r M\u0259hk\u0259m\u0259sind\u0259 &#8220;Toplum TV i\u015fi&#8221; \u00fczr\u0259 &#8230; <\/p>\n<p class=\"read-more-container\"><a title=\"&#8220;Toplum TV i\u015fi&#8221;: Hakim \u015fahidi m\u00fcdafi\u0259 etdi, t\u0259qsirl\u0259ndiril\u0259nl\u0259rin v\u0259sat\u0259tl\u0259ri yen\u0259 r\u0259dd olundu\" class=\"read-more button\" href=\"https:\/\/www.meydan.tv\/az\/article\/toplum-tv-isi-hakim-sahidi-mudafi%c9%99-etdi-t%c9%99qsirl%c9%99ndiril%c9%99nl%c9%99rin-v%c9%99sat%c9%99tl%c9%99ri-yen%c9%99-r%c9%99dd-olundu\/#more-344416\" aria-label=\"Read more about &#8220;Toplum TV i\u015fi&#8221;: Hakim \u015fahidi m\u00fcdafi\u0259 etdi, t\u0259qsirl\u0259ndiril\u0259nl\u0259rin v\u0259sat\u0259tl\u0259ri yen\u0259 r\u0259dd olundu\">Davam\u0131<\/a><\/p>\n","protected":false},"author":21,"featured_media":332618,"comment_status":"closed","ping_status":"closed","sticky":false,"template":"","format":"standard","meta":{"_acf_changed":false,"_sitemap_exclude":false,"_sitemap_priority":"","_sitemap_frequency":"","footnotes":""},"categories":[59,56],"tags":[],"class_list":["post-344416","post","type-post","status-publish","format-standard","has-post-thumbnail","hentry","category-siyaset","category-xeberler","infinite-scroll-item","generate-columns","tablet-grid-50","mobile-grid-100","grid-parent","grid-33","no-featured-image-padding"],"acf":[],"yoast_head":"<!-- This site is optimized with the Yoast SEO plugin v27.4 - https:\/\/yoast.com\/product\/yoast-seo-wordpress\/ -->\n<title>&quot;Toplum TV i\u015fi&quot;: Hakim \u015fahidi m\u00fcdafi\u0259 etdi, t\u0259qsirl\u0259ndiril\u0259nl\u0259rin v\u0259sat\u0259tl\u0259ri yen\u0259 r\u0259dd olundu - MEYDAN.TV<\/title>\n<meta name=\"robots\" content=\"index, follow, max-snippet:-1, max-image-preview:large, max-video-preview:-1\" \/>\n<link rel=\"canonical\" href=\"https:\/\/www.meydan.tv\/az\/article\/toplum-tv-isi-hakim-sahidi-mudafi%c9%99-etdi-t%c9%99qsirl%c9%99ndiril%c9%99nl%c9%99rin-v%c9%99sat%c9%99tl%c9%99ri-yen%c9%99-r%c9%99dd-olundu\/\" \/>\n<meta property=\"og:locale\" content=\"az_AZ\" \/>\n<meta property=\"og:type\" content=\"article\" \/>\n<meta property=\"og:title\" content=\"&quot;Toplum TV i\u015fi&quot;: Hakim \u015fahidi m\u00fcdafi\u0259 etdi, t\u0259qsirl\u0259ndiril\u0259nl\u0259rin v\u0259sat\u0259tl\u0259ri yen\u0259 r\u0259dd olundu - MEYDAN.TV\" \/>\n<meta property=\"og:description\" content=\"Aprelin 27-d\u0259 Bak\u0131 A\u011f\u0131r Cinay\u0259tl\u0259r M\u0259hk\u0259m\u0259sind\u0259 &#8220;Toplum TV i\u015fi&#8221; \u00fczr\u0259 ... Davam\u0131\" \/>\n<meta property=\"og:url\" content=\"https:\/\/www.meydan.tv\/az\/article\/toplum-tv-isi-hakim-sahidi-mudafi%c9%99-etdi-t%c9%99qsirl%c9%99ndiril%c9%99nl%c9%99rin-v%c9%99sat%c9%99tl%c9%99ri-yen%c9%99-r%c9%99dd-olundu\/\" \/>\n<meta property=\"og:site_name\" content=\"MEYDAN.TV\" \/>\n<meta property=\"article:published_time\" content=\"2026-04-27T16:57:28+00:00\" \/>\n<meta property=\"article:modified_time\" content=\"2026-04-27T16:57:30+00:00\" \/>\n<meta property=\"og:image\" content=\"https:\/\/www.meydan.tv\/wp-content\/uploads\/34535-1.png\" \/>\n\t<meta property=\"og:image:width\" content=\"1179\" \/>\n\t<meta property=\"og:image:height\" content=\"576\" \/>\n\t<meta property=\"og:image:type\" content=\"image\/png\" \/>\n<meta name=\"author\" content=\"mahmud\" \/>\n<meta name=\"twitter:card\" content=\"summary_large_image\" \/>\n<script type=\"application\/ld+json\" class=\"yoast-schema-graph\">{\"@context\":\"https:\\\/\\\/schema.org\",\"@graph\":[{\"@type\":\"Article\",\"@id\":\"https:\\\/\\\/www.meydan.tv\\\/az\\\/article\\\/toplum-tv-isi-hakim-sahidi-mudafi%c9%99-etdi-t%c9%99qsirl%c9%99ndiril%c9%99nl%c9%99rin-v%c9%99sat%c9%99tl%c9%99ri-yen%c9%99-r%c9%99dd-olundu\\\/#article\",\"isPartOf\":{\"@id\":\"https:\\\/\\\/www.meydan.tv\\\/az\\\/article\\\/toplum-tv-isi-hakim-sahidi-mudafi%c9%99-etdi-t%c9%99qsirl%c9%99ndiril%c9%99nl%c9%99rin-v%c9%99sat%c9%99tl%c9%99ri-yen%c9%99-r%c9%99dd-olundu\\\/\"},\"author\":{\"name\":\"mahmud\",\"@id\":\"https:\\\/\\\/www.meydan.tv\\\/az\\\/#\\\/schema\\\/person\\\/09863e516102a829e72bedcf3f84c6b0\"},\"headline\":\"&#8220;Toplum TV i\u015fi&#8221;: Hakim \u015fahidi m\u00fcdafi\u0259 etdi, t\u0259qsirl\u0259ndiril\u0259nl\u0259rin v\u0259sat\u0259tl\u0259ri yen\u0259 r\u0259dd olundu\",\"datePublished\":\"2026-04-27T16:57:28+00:00\",\"dateModified\":\"2026-04-27T16:57:30+00:00\",\"mainEntityOfPage\":{\"@id\":\"https:\\\/\\\/www.meydan.tv\\\/az\\\/article\\\/toplum-tv-isi-hakim-sahidi-mudafi%c9%99-etdi-t%c9%99qsirl%c9%99ndiril%c9%99nl%c9%99rin-v%c9%99sat%c9%99tl%c9%99ri-yen%c9%99-r%c9%99dd-olundu\\\/\"},\"wordCount\":959,\"publisher\":{\"@id\":\"https:\\\/\\\/www.meydan.tv\\\/az\\\/#organization\"},\"image\":{\"@id\":\"https:\\\/\\\/www.meydan.tv\\\/az\\\/article\\\/toplum-tv-isi-hakim-sahidi-mudafi%c9%99-etdi-t%c9%99qsirl%c9%99ndiril%c9%99nl%c9%99rin-v%c9%99sat%c9%99tl%c9%99ri-yen%c9%99-r%c9%99dd-olundu\\\/#primaryimage\"},\"thumbnailUrl\":\"https:\\\/\\\/www.meydan.tv\\\/wp-content\\\/uploads\\\/34535-1.png\",\"articleSection\":[\"Siyas\u0259t\",\"X\u0259b\u0259rl\u0259r\"],\"inLanguage\":\"az\"},{\"@type\":\"WebPage\",\"@id\":\"https:\\\/\\\/www.meydan.tv\\\/az\\\/article\\\/toplum-tv-isi-hakim-sahidi-mudafi%c9%99-etdi-t%c9%99qsirl%c9%99ndiril%c9%99nl%c9%99rin-v%c9%99sat%c9%99tl%c9%99ri-yen%c9%99-r%c9%99dd-olundu\\\/\",\"url\":\"https:\\\/\\\/www.meydan.tv\\\/az\\\/article\\\/toplum-tv-isi-hakim-sahidi-mudafi%c9%99-etdi-t%c9%99qsirl%c9%99ndiril%c9%99nl%c9%99rin-v%c9%99sat%c9%99tl%c9%99ri-yen%c9%99-r%c9%99dd-olundu\\\/\",\"name\":\"\\\"Toplum TV i\u015fi\\\": Hakim \u015fahidi m\u00fcdafi\u0259 etdi, t\u0259qsirl\u0259ndiril\u0259nl\u0259rin v\u0259sat\u0259tl\u0259ri yen\u0259 r\u0259dd olundu - MEYDAN.TV\",\"isPartOf\":{\"@id\":\"https:\\\/\\\/www.meydan.tv\\\/az\\\/#website\"},\"primaryImageOfPage\":{\"@id\":\"https:\\\/\\\/www.meydan.tv\\\/az\\\/article\\\/toplum-tv-isi-hakim-sahidi-mudafi%c9%99-etdi-t%c9%99qsirl%c9%99ndiril%c9%99nl%c9%99rin-v%c9%99sat%c9%99tl%c9%99ri-yen%c9%99-r%c9%99dd-olundu\\\/#primaryimage\"},\"image\":{\"@id\":\"https:\\\/\\\/www.meydan.tv\\\/az\\\/article\\\/toplum-tv-isi-hakim-sahidi-mudafi%c9%99-etdi-t%c9%99qsirl%c9%99ndiril%c9%99nl%c9%99rin-v%c9%99sat%c9%99tl%c9%99ri-yen%c9%99-r%c9%99dd-olundu\\\/#primaryimage\"},\"thumbnailUrl\":\"https:\\\/\\\/www.meydan.tv\\\/wp-content\\\/uploads\\\/34535-1.png\",\"datePublished\":\"2026-04-27T16:57:28+00:00\",\"dateModified\":\"2026-04-27T16:57:30+00:00\",\"breadcrumb\":{\"@id\":\"https:\\\/\\\/www.meydan.tv\\\/az\\\/article\\\/toplum-tv-isi-hakim-sahidi-mudafi%c9%99-etdi-t%c9%99qsirl%c9%99ndiril%c9%99nl%c9%99rin-v%c9%99sat%c9%99tl%c9%99ri-yen%c9%99-r%c9%99dd-olundu\\\/#breadcrumb\"},\"inLanguage\":\"az\",\"potentialAction\":[{\"@type\":\"ReadAction\",\"target\":[\"https:\\\/\\\/www.meydan.tv\\\/az\\\/article\\\/toplum-tv-isi-hakim-sahidi-mudafi%c9%99-etdi-t%c9%99qsirl%c9%99ndiril%c9%99nl%c9%99rin-v%c9%99sat%c9%99tl%c9%99ri-yen%c9%99-r%c9%99dd-olundu\\\/\"]}]},{\"@type\":\"ImageObject\",\"inLanguage\":\"az\",\"@id\":\"https:\\\/\\\/www.meydan.tv\\\/az\\\/article\\\/toplum-tv-isi-hakim-sahidi-mudafi%c9%99-etdi-t%c9%99qsirl%c9%99ndiril%c9%99nl%c9%99rin-v%c9%99sat%c9%99tl%c9%99ri-yen%c9%99-r%c9%99dd-olundu\\\/#primaryimage\",\"url\":\"https:\\\/\\\/www.meydan.tv\\\/wp-content\\\/uploads\\\/34535-1.png\",\"contentUrl\":\"https:\\\/\\\/www.meydan.tv\\\/wp-content\\\/uploads\\\/34535-1.png\",\"width\":1179,\"height\":576,\"caption\":\"\\\"Toplum TV i\u015fi\\\" \u00fczr\u0259 h\u0259bs olunanlar. Foto: Meydan TV\"},{\"@type\":\"BreadcrumbList\",\"@id\":\"https:\\\/\\\/www.meydan.tv\\\/az\\\/article\\\/toplum-tv-isi-hakim-sahidi-mudafi%c9%99-etdi-t%c9%99qsirl%c9%99ndiril%c9%99nl%c9%99rin-v%c9%99sat%c9%99tl%c9%99ri-yen%c9%99-r%c9%99dd-olundu\\\/#breadcrumb\",\"itemListElement\":[{\"@type\":\"ListItem\",\"position\":1,\"name\":\"Ana s\u0259hif\u0259\",\"item\":\"https:\\\/\\\/www.meydan.tv\\\/az\\\/\"},{\"@type\":\"ListItem\",\"position\":2,\"name\":\"Siyas\u0259t\",\"item\":\"https:\\\/\\\/www.meydan.tv\\\/az\\\/section\\\/siyaset\\\/\"},{\"@type\":\"ListItem\",\"position\":3,\"name\":\"&#8220;Toplum TV i\u015fi&#8221;: Hakim \u015fahidi m\u00fcdafi\u0259 etdi, t\u0259qsirl\u0259ndiril\u0259nl\u0259rin v\u0259sat\u0259tl\u0259ri yen\u0259 r\u0259dd olundu\"}]},{\"@type\":\"WebSite\",\"@id\":\"https:\\\/\\\/www.meydan.tv\\\/az\\\/#website\",\"url\":\"https:\\\/\\\/www.meydan.tv\\\/az\\\/\",\"name\":\"MEYDAN.TV\",\"description\":\"Meydan TV Az\u0259rbaycan\u0131n media m\u0259kan\u0131ndak\u0131 alternativ s\u0259sidir\",\"publisher\":{\"@id\":\"https:\\\/\\\/www.meydan.tv\\\/az\\\/#organization\"},\"potentialAction\":[{\"@type\":\"SearchAction\",\"target\":{\"@type\":\"EntryPoint\",\"urlTemplate\":\"https:\\\/\\\/www.meydan.tv\\\/az\\\/?s={search_term_string}\"},\"query-input\":{\"@type\":\"PropertyValueSpecification\",\"valueRequired\":true,\"valueName\":\"search_term_string\"}}],\"inLanguage\":\"az\"},{\"@type\":\"Organization\",\"@id\":\"https:\\\/\\\/www.meydan.tv\\\/az\\\/#organization\",\"name\":\"Meydan TV\",\"url\":\"https:\\\/\\\/www.meydan.tv\\\/az\\\/\",\"logo\":{\"@type\":\"ImageObject\",\"inLanguage\":\"az\",\"@id\":\"https:\\\/\\\/www.meydan.tv\\\/az\\\/#\\\/schema\\\/logo\\\/image\\\/\",\"url\":\"https:\\\/\\\/www.meydan.tv\\\/wp-content\\\/uploads\\\/2021\\\/07\\\/meydan-logo.svg\",\"contentUrl\":\"https:\\\/\\\/www.meydan.tv\\\/wp-content\\\/uploads\\\/2021\\\/07\\\/meydan-logo.svg\",\"width\":195,\"height\":46,\"caption\":\"Meydan TV\"},\"image\":{\"@id\":\"https:\\\/\\\/www.meydan.tv\\\/az\\\/#\\\/schema\\\/logo\\\/image\\\/\"}},{\"@type\":\"Person\",\"@id\":\"https:\\\/\\\/www.meydan.tv\\\/az\\\/#\\\/schema\\\/person\\\/09863e516102a829e72bedcf3f84c6b0\",\"name\":\"mahmud\"}]}<\/script>\n<!-- \/ Yoast SEO plugin. -->","yoast_head_json":{"title":"\"Toplum TV i\u015fi\": Hakim \u015fahidi m\u00fcdafi\u0259 etdi, t\u0259qsirl\u0259ndiril\u0259nl\u0259rin v\u0259sat\u0259tl\u0259ri yen\u0259 r\u0259dd olundu - MEYDAN.TV","robots":{"index":"index","follow":"follow","max-snippet":"max-snippet:-1","max-image-preview":"max-image-preview:large","max-video-preview":"max-video-preview:-1"},"canonical":"https:\/\/www.meydan.tv\/az\/article\/toplum-tv-isi-hakim-sahidi-mudafi%c9%99-etdi-t%c9%99qsirl%c9%99ndiril%c9%99nl%c9%99rin-v%c9%99sat%c9%99tl%c9%99ri-yen%c9%99-r%c9%99dd-olundu\/","og_locale":"az_AZ","og_type":"article","og_title":"\"Toplum TV i\u015fi\": Hakim \u015fahidi m\u00fcdafi\u0259 etdi, t\u0259qsirl\u0259ndiril\u0259nl\u0259rin v\u0259sat\u0259tl\u0259ri yen\u0259 r\u0259dd olundu - MEYDAN.TV","og_description":"Aprelin 27-d\u0259 Bak\u0131 A\u011f\u0131r Cinay\u0259tl\u0259r M\u0259hk\u0259m\u0259sind\u0259 &#8220;Toplum TV i\u015fi&#8221; \u00fczr\u0259 ... Davam\u0131","og_url":"https:\/\/www.meydan.tv\/az\/article\/toplum-tv-isi-hakim-sahidi-mudafi%c9%99-etdi-t%c9%99qsirl%c9%99ndiril%c9%99nl%c9%99rin-v%c9%99sat%c9%99tl%c9%99ri-yen%c9%99-r%c9%99dd-olundu\/","og_site_name":"MEYDAN.TV","article_published_time":"2026-04-27T16:57:28+00:00","article_modified_time":"2026-04-27T16:57:30+00:00","og_image":[{"width":1179,"height":576,"url":"https:\/\/www.meydan.tv\/wp-content\/uploads\/34535-1.png","type":"image\/png"}],"author":"mahmud","twitter_card":"summary_large_image","schema":{"@context":"https:\/\/schema.org","@graph":[{"@type":"Article","@id":"https:\/\/www.meydan.tv\/az\/article\/toplum-tv-isi-hakim-sahidi-mudafi%c9%99-etdi-t%c9%99qsirl%c9%99ndiril%c9%99nl%c9%99rin-v%c9%99sat%c9%99tl%c9%99ri-yen%c9%99-r%c9%99dd-olundu\/#article","isPartOf":{"@id":"https:\/\/www.meydan.tv\/az\/article\/toplum-tv-isi-hakim-sahidi-mudafi%c9%99-etdi-t%c9%99qsirl%c9%99ndiril%c9%99nl%c9%99rin-v%c9%99sat%c9%99tl%c9%99ri-yen%c9%99-r%c9%99dd-olundu\/"},"author":{"name":"mahmud","@id":"https:\/\/www.meydan.tv\/az\/#\/schema\/person\/09863e516102a829e72bedcf3f84c6b0"},"headline":"&#8220;Toplum TV i\u015fi&#8221;: Hakim \u015fahidi m\u00fcdafi\u0259 etdi, t\u0259qsirl\u0259ndiril\u0259nl\u0259rin v\u0259sat\u0259tl\u0259ri yen\u0259 r\u0259dd olundu","datePublished":"2026-04-27T16:57:28+00:00","dateModified":"2026-04-27T16:57:30+00:00","mainEntityOfPage":{"@id":"https:\/\/www.meydan.tv\/az\/article\/toplum-tv-isi-hakim-sahidi-mudafi%c9%99-etdi-t%c9%99qsirl%c9%99ndiril%c9%99nl%c9%99rin-v%c9%99sat%c9%99tl%c9%99ri-yen%c9%99-r%c9%99dd-olundu\/"},"wordCount":959,"publisher":{"@id":"https:\/\/www.meydan.tv\/az\/#organization"},"image":{"@id":"https:\/\/www.meydan.tv\/az\/article\/toplum-tv-isi-hakim-sahidi-mudafi%c9%99-etdi-t%c9%99qsirl%c9%99ndiril%c9%99nl%c9%99rin-v%c9%99sat%c9%99tl%c9%99ri-yen%c9%99-r%c9%99dd-olundu\/#primaryimage"},"thumbnailUrl":"https:\/\/www.meydan.tv\/wp-content\/uploads\/34535-1.png","articleSection":["Siyas\u0259t","X\u0259b\u0259rl\u0259r"],"inLanguage":"az"},{"@type":"WebPage","@id":"https:\/\/www.meydan.tv\/az\/article\/toplum-tv-isi-hakim-sahidi-mudafi%c9%99-etdi-t%c9%99qsirl%c9%99ndiril%c9%99nl%c9%99rin-v%c9%99sat%c9%99tl%c9%99ri-yen%c9%99-r%c9%99dd-olundu\/","url":"https:\/\/www.meydan.tv\/az\/article\/toplum-tv-isi-hakim-sahidi-mudafi%c9%99-etdi-t%c9%99qsirl%c9%99ndiril%c9%99nl%c9%99rin-v%c9%99sat%c9%99tl%c9%99ri-yen%c9%99-r%c9%99dd-olundu\/","name":"\"Toplum TV i\u015fi\": Hakim \u015fahidi m\u00fcdafi\u0259 etdi, t\u0259qsirl\u0259ndiril\u0259nl\u0259rin v\u0259sat\u0259tl\u0259ri yen\u0259 r\u0259dd olundu - MEYDAN.TV","isPartOf":{"@id":"https:\/\/www.meydan.tv\/az\/#website"},"primaryImageOfPage":{"@id":"https:\/\/www.meydan.tv\/az\/article\/toplum-tv-isi-hakim-sahidi-mudafi%c9%99-etdi-t%c9%99qsirl%c9%99ndiril%c9%99nl%c9%99rin-v%c9%99sat%c9%99tl%c9%99ri-yen%c9%99-r%c9%99dd-olundu\/#primaryimage"},"image":{"@id":"https:\/\/www.meydan.tv\/az\/article\/toplum-tv-isi-hakim-sahidi-mudafi%c9%99-etdi-t%c9%99qsirl%c9%99ndiril%c9%99nl%c9%99rin-v%c9%99sat%c9%99tl%c9%99ri-yen%c9%99-r%c9%99dd-olundu\/#primaryimage"},"thumbnailUrl":"https:\/\/www.meydan.tv\/wp-content\/uploads\/34535-1.png","datePublished":"2026-04-27T16:57:28+00:00","dateModified":"2026-04-27T16:57:30+00:00","breadcrumb":{"@id":"https:\/\/www.meydan.tv\/az\/article\/toplum-tv-isi-hakim-sahidi-mudafi%c9%99-etdi-t%c9%99qsirl%c9%99ndiril%c9%99nl%c9%99rin-v%c9%99sat%c9%99tl%c9%99ri-yen%c9%99-r%c9%99dd-olundu\/#breadcrumb"},"inLanguage":"az","potentialAction":[{"@type":"ReadAction","target":["https:\/\/www.meydan.tv\/az\/article\/toplum-tv-isi-hakim-sahidi-mudafi%c9%99-etdi-t%c9%99qsirl%c9%99ndiril%c9%99nl%c9%99rin-v%c9%99sat%c9%99tl%c9%99ri-yen%c9%99-r%c9%99dd-olundu\/"]}]},{"@type":"ImageObject","inLanguage":"az","@id":"https:\/\/www.meydan.tv\/az\/article\/toplum-tv-isi-hakim-sahidi-mudafi%c9%99-etdi-t%c9%99qsirl%c9%99ndiril%c9%99nl%c9%99rin-v%c9%99sat%c9%99tl%c9%99ri-yen%c9%99-r%c9%99dd-olundu\/#primaryimage","url":"https:\/\/www.meydan.tv\/wp-content\/uploads\/34535-1.png","contentUrl":"https:\/\/www.meydan.tv\/wp-content\/uploads\/34535-1.png","width":1179,"height":576,"caption":"\"Toplum TV i\u015fi\" \u00fczr\u0259 h\u0259bs olunanlar. Foto: Meydan TV"},{"@type":"BreadcrumbList","@id":"https:\/\/www.meydan.tv\/az\/article\/toplum-tv-isi-hakim-sahidi-mudafi%c9%99-etdi-t%c9%99qsirl%c9%99ndiril%c9%99nl%c9%99rin-v%c9%99sat%c9%99tl%c9%99ri-yen%c9%99-r%c9%99dd-olundu\/#breadcrumb","itemListElement":[{"@type":"ListItem","position":1,"name":"Ana s\u0259hif\u0259","item":"https:\/\/www.meydan.tv\/az\/"},{"@type":"ListItem","position":2,"name":"Siyas\u0259t","item":"https:\/\/www.meydan.tv\/az\/section\/siyaset\/"},{"@type":"ListItem","position":3,"name":"&#8220;Toplum TV i\u015fi&#8221;: Hakim \u015fahidi m\u00fcdafi\u0259 etdi, t\u0259qsirl\u0259ndiril\u0259nl\u0259rin v\u0259sat\u0259tl\u0259ri yen\u0259 r\u0259dd olundu"}]},{"@type":"WebSite","@id":"https:\/\/www.meydan.tv\/az\/#website","url":"https:\/\/www.meydan.tv\/az\/","name":"MEYDAN.TV","description":"Meydan TV Az\u0259rbaycan\u0131n media m\u0259kan\u0131ndak\u0131 alternativ s\u0259sidir","publisher":{"@id":"https:\/\/www.meydan.tv\/az\/#organization"},"potentialAction":[{"@type":"SearchAction","target":{"@type":"EntryPoint","urlTemplate":"https:\/\/www.meydan.tv\/az\/?s={search_term_string}"},"query-input":{"@type":"PropertyValueSpecification","valueRequired":true,"valueName":"search_term_string"}}],"inLanguage":"az"},{"@type":"Organization","@id":"https:\/\/www.meydan.tv\/az\/#organization","name":"Meydan TV","url":"https:\/\/www.meydan.tv\/az\/","logo":{"@type":"ImageObject","inLanguage":"az","@id":"https:\/\/www.meydan.tv\/az\/#\/schema\/logo\/image\/","url":"https:\/\/www.meydan.tv\/wp-content\/uploads\/2021\/07\/meydan-logo.svg","contentUrl":"https:\/\/www.meydan.tv\/wp-content\/uploads\/2021\/07\/meydan-logo.svg","width":195,"height":46,"caption":"Meydan TV"},"image":{"@id":"https:\/\/www.meydan.tv\/az\/#\/schema\/logo\/image\/"}},{"@type":"Person","@id":"https:\/\/www.meydan.tv\/az\/#\/schema\/person\/09863e516102a829e72bedcf3f84c6b0","name":"mahmud"}]}},"_links":{"self":[{"href":"https:\/\/www.meydan.tv\/az\/wp-json\/wp\/v2\/posts\/344416","targetHints":{"allow":["GET"]}}],"collection":[{"href":"https:\/\/www.meydan.tv\/az\/wp-json\/wp\/v2\/posts"}],"about":[{"href":"https:\/\/www.meydan.tv\/az\/wp-json\/wp\/v2\/types\/post"}],"author":[{"embeddable":true,"href":"https:\/\/www.meydan.tv\/az\/wp-json\/wp\/v2\/users\/21"}],"replies":[{"embeddable":true,"href":"https:\/\/www.meydan.tv\/az\/wp-json\/wp\/v2\/comments?post=344416"}],"version-history":[{"count":1,"href":"https:\/\/www.meydan.tv\/az\/wp-json\/wp\/v2\/posts\/344416\/revisions"}],"predecessor-version":[{"id":344417,"href":"https:\/\/www.meydan.tv\/az\/wp-json\/wp\/v2\/posts\/344416\/revisions\/344417"}],"wp:featuredmedia":[{"embeddable":true,"href":"https:\/\/www.meydan.tv\/az\/wp-json\/wp\/v2\/media\/332618"}],"wp:attachment":[{"href":"https:\/\/www.meydan.tv\/az\/wp-json\/wp\/v2\/media?parent=344416"}],"wp:term":[{"taxonomy":"category","embeddable":true,"href":"https:\/\/www.meydan.tv\/az\/wp-json\/wp\/v2\/categories?post=344416"},{"taxonomy":"post_tag","embeddable":true,"href":"https:\/\/www.meydan.tv\/az\/wp-json\/wp\/v2\/tags?post=344416"}],"curies":[{"name":"wp","href":"https:\/\/api.w.org\/{rel}","templated":true}]}}