{"id":344414,"date":"2026-04-27T20:31:19","date_gmt":"2026-04-27T16:31:19","guid":{"rendered":"https:\/\/www.meydan.tv\/?p=344414"},"modified":"2026-04-27T20:31:21","modified_gmt":"2026-04-27T16:31:21","slug":"dovl%c9%99t-budc%c9%99sind%c9%99n-azad-olunmus-%c9%99razil%c9%99r%c9%99-ayrilan-v%c9%99saitd%c9%99-ciddi-azalma-var","status":"publish","type":"post","link":"https:\/\/www.meydan.tv\/az\/article\/dovl%c9%99t-budc%c9%99sind%c9%99n-azad-olunmus-%c9%99razil%c9%99r%c9%99-ayrilan-v%c9%99saitd%c9%99-ciddi-azalma-var\/","title":{"rendered":"D\u00f6vl\u0259t b\u00fcdc\u0259sind\u0259n azad olunmu\u015f \u0259razil\u0259r\u0259 ayr\u0131lan v\u0259saitd\u0259 ciddi azalma var"},"content":{"rendered":"\n<p>Cari ilin yanvar-mart aylar\u0131nda i\u015f\u011faldan azad edilmi\u015f \u0259razil\u0259rin yenid\u0259n qurulmas\u0131 v\u0259 b\u0259rpas\u0131 i\u015fl\u0259rin\u0259 d\u00f6vl\u0259t b\u00fcdc\u0259sind\u0259n 386,2 milyon manat x\u0259rcl\u0259nib. Bu g\u00f6st\u0259rici \u00f6t\u0259n ilin m\u00fcvafiq d\u00f6vr\u00fc il\u0259 m\u00fcqayis\u0259d\u0259 iki d\u0259f\u0259d\u0259n \u00e7ox azalma dem\u0259kdir. Bel\u0259 ki, 2025-ci ilin birinci r\u00fcb\u00fcnd\u0259 azad olunmu\u015f \u0259razil\u0259r\u0259 812,3 milyon manat v\u0259sait istifad\u0259 edilib.<\/p>\n\n\n\n<p>Eyni zamanda, \u00f6t\u0259n ilin birinci r\u00fcb\u00fcnd\u0259 bu m\u0259qs\u0259dl\u0259 illik n\u0259z\u0259rd\u0259 tutulmu\u015f v\u0259saitin 20,3 faizi istifad\u0259 edildiyi halda, 2026-c\u0131 ilin eyni d\u00f6vr\u00fcnd\u0259 bu g\u00f6st\u0259rici 11 faiz t\u0259\u015fkil edib. Bu, t\u0259kc\u0259 ayr\u0131lan v\u0259saitin m\u0259bl\u0259\u011finin deyil, h\u0259m d\u0259 illik b\u00fcdc\u0259 \u00fczr\u0259 icra s\u0259viyy\u0259sinin \u0259h\u0259miyy\u0259tli d\u0259r\u0259c\u0259d\u0259 a\u015fa\u011f\u0131 d\u00fc\u015fd\u00fcy\u00fcn\u00fc g\u00f6st\u0259rir.<\/p>\n\n\n\n<p>Cari ilin yanvar-mart aylar\u0131nda x\u0259rcl\u0259n\u0259n v\u0259saitin \u0259sas hiss\u0259si infrastruktur t\u0259yinatl\u0131 layih\u0259l\u0259rin maliyy\u0259l\u0259\u015fdirilm\u0259sin\u0259 y\u00f6n\u0259ldilib. Bel\u0259 ki, ilin ilk r\u00fcb\u00fcnd\u0259 bu istiqam\u0259t\u0259 355,2 milyon manat ayr\u0131l\u0131b. Halbuki, \u00f6t\u0259n ilin eyni d\u00f6vr\u00fcnd\u0259 bu r\u0259q\u0259m 682,6 milyon manat t\u0259\u015fkil edib.<\/p>\n\n\n\n<p>2026-c\u0131 ilin I r\u00fcb\u00fcnd\u0259 infrastruktur layih\u0259l\u0259rin\u0259 ayr\u0131lan v\u0259sait a\u015fa\u011f\u0131dak\u0131 istiqam\u0259tl\u0259rd\u0259 istifad\u0259 edilib:<\/p>\n\n\n\n<ul class=\"wp-block-list\">\n<li>avtomobil yollar\u0131n\u0131n layih\u0259l\u0259ndirilm\u0259si v\u0259 tikintisin\u0259 185 milyon manat,<\/li>\n\n\n\n<li>yeni ya\u015fay\u0131\u015f binalar\u0131 v\u0259 evl\u0259rin tikintisin\u0259 142,2 milyon manat,<\/li>\n\n\n\n<li>turizm infrastrukturunun yarad\u0131lmas\u0131na 28 milyon manat.<\/li>\n<\/ul>\n\n\n\n<p>X\u0259rcl\u0259rd\u0259 \u0259sas ixtisarlardan biri d\u0259 sosial t\u0259yinatl\u0131 layih\u0259l\u0259r \u00fczr\u0259 ba\u015f verib. Bel\u0259 ki, \u00f6t\u0259n ilin yanvar-mart aylar\u0131nda s\u0259hiyy\u0259 v\u0259 m\u0259d\u0259niyy\u0259t y\u00f6n\u00fcml\u00fc sosial t\u0259dbirl\u0259r\u0259 110 milyon manat ayr\u0131ld\u0131\u011f\u0131 halda, cari ilin ilk r\u00fcb\u00fcnd\u0259 bu istiqam\u0259t\u0259 c\u0259mi 10,7 milyon manat x\u0259rcl\u0259nib.<\/p>\n\n\n\n<p>\u018frazil\u0259rin minalardan t\u0259mizl\u0259nm\u0259si il\u0259 ba\u011fl\u0131 x\u0259rcl\u0259r is\u0259 d\u0259yi\u015fm\u0259z olaraq qal\u0131r &#8211; 20,3 milyon manat.<\/p>\n\n\n\n<p>\u00dcmumilikd\u0259, t\u0259kc\u0259 azad olunmu\u015f \u0259razil\u0259r \u00fczr\u0259 deyil, d\u00f6vl\u0259t b\u00fcdc\u0259sinin \u0259sasl\u0131 v\u0259sait qoyulu\u015fu x\u0259rcl\u0259rind\u0259 d\u0259 azalma m\u00fc\u015fahid\u0259 olunur. Bel\u0259 ki, 2025-ci ilin I r\u00fcb\u00fcnd\u0259 bu istiqam\u0259t \u00fczr\u0259 451,7 milyon manat v\u0259sait x\u0259rcl\u0259ndiyi halda, 2026-c\u0131 ilin eyni d\u00f6vr\u00fcnd\u0259 bu g\u00f6st\u0259rici 365,4 milyon manat olub.<\/p>\n","protected":false},"excerpt":{"rendered":"<p>Cari ilin yanvar-mart aylar\u0131nda i\u015f\u011faldan azad edilmi\u015f \u0259razil\u0259rin yenid\u0259n qurulmas\u0131 &#8230; <\/p>\n<p class=\"read-more-container\"><a title=\"D\u00f6vl\u0259t b\u00fcdc\u0259sind\u0259n azad olunmu\u015f \u0259razil\u0259r\u0259 ayr\u0131lan v\u0259saitd\u0259 ciddi azalma var\" class=\"read-more button\" href=\"https:\/\/www.meydan.tv\/az\/article\/dovl%c9%99t-budc%c9%99sind%c9%99n-azad-olunmus-%c9%99razil%c9%99r%c9%99-ayrilan-v%c9%99saitd%c9%99-ciddi-azalma-var\/#more-344414\" aria-label=\"Read more about D\u00f6vl\u0259t b\u00fcdc\u0259sind\u0259n azad olunmu\u015f \u0259razil\u0259r\u0259 ayr\u0131lan v\u0259saitd\u0259 ciddi azalma var\">Davam\u0131<\/a><\/p>\n","protected":false},"author":16,"featured_media":336415,"comment_status":"closed","ping_status":"closed","sticky":false,"template":"","format":"standard","meta":{"_acf_changed":false,"_sitemap_exclude":false,"_sitemap_priority":"","_sitemap_frequency":"","footnotes":""},"categories":[53,56],"tags":[],"class_list":["post-344414","post","type-post","status-publish","format-standard","has-post-thumbnail","hentry","category-iqtisadiyyat","category-xeberler","infinite-scroll-item","generate-columns","tablet-grid-50","mobile-grid-100","grid-parent","grid-33","no-featured-image-padding"],"acf":[],"yoast_head":"<!-- This site is optimized with the Yoast SEO plugin v27.5 - https:\/\/yoast.com\/product\/yoast-seo-wordpress\/ -->\n<title>D\u00f6vl\u0259t b\u00fcdc\u0259sind\u0259n azad olunmu\u015f \u0259razil\u0259r\u0259 ayr\u0131lan v\u0259saitd\u0259 ciddi azalma var - MEYDAN.TV<\/title>\n<meta name=\"robots\" content=\"index, follow, max-snippet:-1, max-image-preview:large, max-video-preview:-1\" \/>\n<link rel=\"canonical\" href=\"https:\/\/www.meydan.tv\/az\/article\/dovl%c9%99t-budc%c9%99sind%c9%99n-azad-olunmus-%c9%99razil%c9%99r%c9%99-ayrilan-v%c9%99saitd%c9%99-ciddi-azalma-var\/\" \/>\n<meta property=\"og:locale\" content=\"az_AZ\" \/>\n<meta property=\"og:type\" content=\"article\" \/>\n<meta property=\"og:title\" content=\"D\u00f6vl\u0259t b\u00fcdc\u0259sind\u0259n azad olunmu\u015f \u0259razil\u0259r\u0259 ayr\u0131lan v\u0259saitd\u0259 ciddi azalma var - MEYDAN.TV\" \/>\n<meta property=\"og:description\" content=\"Cari ilin yanvar-mart aylar\u0131nda i\u015f\u011faldan azad edilmi\u015f \u0259razil\u0259rin yenid\u0259n qurulmas\u0131 ... Davam\u0131\" \/>\n<meta property=\"og:url\" content=\"https:\/\/www.meydan.tv\/az\/article\/dovl%c9%99t-budc%c9%99sind%c9%99n-azad-olunmus-%c9%99razil%c9%99r%c9%99-ayrilan-v%c9%99saitd%c9%99-ciddi-azalma-var\/\" \/>\n<meta property=\"og:site_name\" content=\"MEYDAN.TV\" \/>\n<meta property=\"article:published_time\" content=\"2026-04-27T16:31:19+00:00\" \/>\n<meta property=\"article:modified_time\" content=\"2026-04-27T16:31:21+00:00\" \/>\n<meta property=\"og:image\" content=\"https:\/\/www.meydan.tv\/wp-content\/uploads\/shutterstock_2614434803.jpg\" \/>\n\t<meta property=\"og:image:width\" content=\"1000\" \/>\n\t<meta property=\"og:image:height\" content=\"500\" \/>\n\t<meta property=\"og:image:type\" content=\"image\/jpeg\" \/>\n<meta name=\"author\" content=\"sevda\" \/>\n<meta name=\"twitter:card\" content=\"summary_large_image\" \/>\n<script type=\"application\/ld+json\" class=\"yoast-schema-graph\">{\"@context\":\"https:\\\/\\\/schema.org\",\"@graph\":[{\"@type\":\"Article\",\"@id\":\"https:\\\/\\\/www.meydan.tv\\\/az\\\/article\\\/dovl%c9%99t-budc%c9%99sind%c9%99n-azad-olunmus-%c9%99razil%c9%99r%c9%99-ayrilan-v%c9%99saitd%c9%99-ciddi-azalma-var\\\/#article\",\"isPartOf\":{\"@id\":\"https:\\\/\\\/www.meydan.tv\\\/az\\\/article\\\/dovl%c9%99t-budc%c9%99sind%c9%99n-azad-olunmus-%c9%99razil%c9%99r%c9%99-ayrilan-v%c9%99saitd%c9%99-ciddi-azalma-var\\\/\"},\"author\":{\"name\":\"sevda\",\"@id\":\"https:\\\/\\\/www.meydan.tv\\\/az\\\/#\\\/schema\\\/person\\\/49b5f2bad5b126bb8ea9320eeb3e4dc9\"},\"headline\":\"D\u00f6vl\u0259t b\u00fcdc\u0259sind\u0259n azad olunmu\u015f \u0259razil\u0259r\u0259 ayr\u0131lan v\u0259saitd\u0259 ciddi azalma var\",\"datePublished\":\"2026-04-27T16:31:19+00:00\",\"dateModified\":\"2026-04-27T16:31:21+00:00\",\"mainEntityOfPage\":{\"@id\":\"https:\\\/\\\/www.meydan.tv\\\/az\\\/article\\\/dovl%c9%99t-budc%c9%99sind%c9%99n-azad-olunmus-%c9%99razil%c9%99r%c9%99-ayrilan-v%c9%99saitd%c9%99-ciddi-azalma-var\\\/\"},\"wordCount\":422,\"publisher\":{\"@id\":\"https:\\\/\\\/www.meydan.tv\\\/az\\\/#organization\"},\"image\":{\"@id\":\"https:\\\/\\\/www.meydan.tv\\\/az\\\/article\\\/dovl%c9%99t-budc%c9%99sind%c9%99n-azad-olunmus-%c9%99razil%c9%99r%c9%99-ayrilan-v%c9%99saitd%c9%99-ciddi-azalma-var\\\/#primaryimage\"},\"thumbnailUrl\":\"https:\\\/\\\/www.meydan.tv\\\/wp-content\\\/uploads\\\/shutterstock_2614434803.jpg\",\"articleSection\":[\"\u0130qtisadiyyat\",\"X\u0259b\u0259rl\u0259r\"],\"inLanguage\":\"az\"},{\"@type\":\"WebPage\",\"@id\":\"https:\\\/\\\/www.meydan.tv\\\/az\\\/article\\\/dovl%c9%99t-budc%c9%99sind%c9%99n-azad-olunmus-%c9%99razil%c9%99r%c9%99-ayrilan-v%c9%99saitd%c9%99-ciddi-azalma-var\\\/\",\"url\":\"https:\\\/\\\/www.meydan.tv\\\/az\\\/article\\\/dovl%c9%99t-budc%c9%99sind%c9%99n-azad-olunmus-%c9%99razil%c9%99r%c9%99-ayrilan-v%c9%99saitd%c9%99-ciddi-azalma-var\\\/\",\"name\":\"D\u00f6vl\u0259t b\u00fcdc\u0259sind\u0259n azad olunmu\u015f \u0259razil\u0259r\u0259 ayr\u0131lan v\u0259saitd\u0259 ciddi azalma var - MEYDAN.TV\",\"isPartOf\":{\"@id\":\"https:\\\/\\\/www.meydan.tv\\\/az\\\/#website\"},\"primaryImageOfPage\":{\"@id\":\"https:\\\/\\\/www.meydan.tv\\\/az\\\/article\\\/dovl%c9%99t-budc%c9%99sind%c9%99n-azad-olunmus-%c9%99razil%c9%99r%c9%99-ayrilan-v%c9%99saitd%c9%99-ciddi-azalma-var\\\/#primaryimage\"},\"image\":{\"@id\":\"https:\\\/\\\/www.meydan.tv\\\/az\\\/article\\\/dovl%c9%99t-budc%c9%99sind%c9%99n-azad-olunmus-%c9%99razil%c9%99r%c9%99-ayrilan-v%c9%99saitd%c9%99-ciddi-azalma-var\\\/#primaryimage\"},\"thumbnailUrl\":\"https:\\\/\\\/www.meydan.tv\\\/wp-content\\\/uploads\\\/shutterstock_2614434803.jpg\",\"datePublished\":\"2026-04-27T16:31:19+00:00\",\"dateModified\":\"2026-04-27T16:31:21+00:00\",\"breadcrumb\":{\"@id\":\"https:\\\/\\\/www.meydan.tv\\\/az\\\/article\\\/dovl%c9%99t-budc%c9%99sind%c9%99n-azad-olunmus-%c9%99razil%c9%99r%c9%99-ayrilan-v%c9%99saitd%c9%99-ciddi-azalma-var\\\/#breadcrumb\"},\"inLanguage\":\"az\",\"potentialAction\":[{\"@type\":\"ReadAction\",\"target\":[\"https:\\\/\\\/www.meydan.tv\\\/az\\\/article\\\/dovl%c9%99t-budc%c9%99sind%c9%99n-azad-olunmus-%c9%99razil%c9%99r%c9%99-ayrilan-v%c9%99saitd%c9%99-ciddi-azalma-var\\\/\"]}]},{\"@type\":\"ImageObject\",\"inLanguage\":\"az\",\"@id\":\"https:\\\/\\\/www.meydan.tv\\\/az\\\/article\\\/dovl%c9%99t-budc%c9%99sind%c9%99n-azad-olunmus-%c9%99razil%c9%99r%c9%99-ayrilan-v%c9%99saitd%c9%99-ciddi-azalma-var\\\/#primaryimage\",\"url\":\"https:\\\/\\\/www.meydan.tv\\\/wp-content\\\/uploads\\\/shutterstock_2614434803.jpg\",\"contentUrl\":\"https:\\\/\\\/www.meydan.tv\\\/wp-content\\\/uploads\\\/shutterstock_2614434803.jpg\",\"width\":1000,\"height\":500,\"caption\":\"Foto: Smile Studio AP\\\\shutterstock\"},{\"@type\":\"BreadcrumbList\",\"@id\":\"https:\\\/\\\/www.meydan.tv\\\/az\\\/article\\\/dovl%c9%99t-budc%c9%99sind%c9%99n-azad-olunmus-%c9%99razil%c9%99r%c9%99-ayrilan-v%c9%99saitd%c9%99-ciddi-azalma-var\\\/#breadcrumb\",\"itemListElement\":[{\"@type\":\"ListItem\",\"position\":1,\"name\":\"Ana s\u0259hif\u0259\",\"item\":\"https:\\\/\\\/www.meydan.tv\\\/az\\\/\"},{\"@type\":\"ListItem\",\"position\":2,\"name\":\"X\u0259b\u0259rl\u0259r\",\"item\":\"https:\\\/\\\/www.meydan.tv\\\/az\\\/section\\\/xeberler\\\/\"},{\"@type\":\"ListItem\",\"position\":3,\"name\":\"D\u00f6vl\u0259t b\u00fcdc\u0259sind\u0259n azad olunmu\u015f \u0259razil\u0259r\u0259 ayr\u0131lan v\u0259saitd\u0259 ciddi azalma var\"}]},{\"@type\":\"WebSite\",\"@id\":\"https:\\\/\\\/www.meydan.tv\\\/az\\\/#website\",\"url\":\"https:\\\/\\\/www.meydan.tv\\\/az\\\/\",\"name\":\"MEYDAN.TV\",\"description\":\"Meydan TV Az\u0259rbaycan\u0131n media m\u0259kan\u0131ndak\u0131 alternativ s\u0259sidir\",\"publisher\":{\"@id\":\"https:\\\/\\\/www.meydan.tv\\\/az\\\/#organization\"},\"potentialAction\":[{\"@type\":\"SearchAction\",\"target\":{\"@type\":\"EntryPoint\",\"urlTemplate\":\"https:\\\/\\\/www.meydan.tv\\\/az\\\/?s={search_term_string}\"},\"query-input\":{\"@type\":\"PropertyValueSpecification\",\"valueRequired\":true,\"valueName\":\"search_term_string\"}}],\"inLanguage\":\"az\"},{\"@type\":\"Organization\",\"@id\":\"https:\\\/\\\/www.meydan.tv\\\/az\\\/#organization\",\"name\":\"Meydan TV\",\"url\":\"https:\\\/\\\/www.meydan.tv\\\/az\\\/\",\"logo\":{\"@type\":\"ImageObject\",\"inLanguage\":\"az\",\"@id\":\"https:\\\/\\\/www.meydan.tv\\\/az\\\/#\\\/schema\\\/logo\\\/image\\\/\",\"url\":\"https:\\\/\\\/www.meydan.tv\\\/wp-content\\\/uploads\\\/2021\\\/07\\\/meydan-logo.svg\",\"contentUrl\":\"https:\\\/\\\/www.meydan.tv\\\/wp-content\\\/uploads\\\/2021\\\/07\\\/meydan-logo.svg\",\"width\":195,\"height\":46,\"caption\":\"Meydan TV\"},\"image\":{\"@id\":\"https:\\\/\\\/www.meydan.tv\\\/az\\\/#\\\/schema\\\/logo\\\/image\\\/\"}},{\"@type\":\"Person\",\"@id\":\"https:\\\/\\\/www.meydan.tv\\\/az\\\/#\\\/schema\\\/person\\\/49b5f2bad5b126bb8ea9320eeb3e4dc9\",\"name\":\"sevda\"}]}<\/script>\n<!-- \/ Yoast SEO plugin. -->","yoast_head_json":{"title":"D\u00f6vl\u0259t b\u00fcdc\u0259sind\u0259n azad olunmu\u015f \u0259razil\u0259r\u0259 ayr\u0131lan v\u0259saitd\u0259 ciddi azalma var - MEYDAN.TV","robots":{"index":"index","follow":"follow","max-snippet":"max-snippet:-1","max-image-preview":"max-image-preview:large","max-video-preview":"max-video-preview:-1"},"canonical":"https:\/\/www.meydan.tv\/az\/article\/dovl%c9%99t-budc%c9%99sind%c9%99n-azad-olunmus-%c9%99razil%c9%99r%c9%99-ayrilan-v%c9%99saitd%c9%99-ciddi-azalma-var\/","og_locale":"az_AZ","og_type":"article","og_title":"D\u00f6vl\u0259t b\u00fcdc\u0259sind\u0259n azad olunmu\u015f \u0259razil\u0259r\u0259 ayr\u0131lan v\u0259saitd\u0259 ciddi azalma var - MEYDAN.TV","og_description":"Cari ilin yanvar-mart aylar\u0131nda i\u015f\u011faldan azad edilmi\u015f \u0259razil\u0259rin yenid\u0259n qurulmas\u0131 ... Davam\u0131","og_url":"https:\/\/www.meydan.tv\/az\/article\/dovl%c9%99t-budc%c9%99sind%c9%99n-azad-olunmus-%c9%99razil%c9%99r%c9%99-ayrilan-v%c9%99saitd%c9%99-ciddi-azalma-var\/","og_site_name":"MEYDAN.TV","article_published_time":"2026-04-27T16:31:19+00:00","article_modified_time":"2026-04-27T16:31:21+00:00","og_image":[{"width":1000,"height":500,"url":"https:\/\/www.meydan.tv\/wp-content\/uploads\/shutterstock_2614434803.jpg","type":"image\/jpeg"}],"author":"sevda","twitter_card":"summary_large_image","schema":{"@context":"https:\/\/schema.org","@graph":[{"@type":"Article","@id":"https:\/\/www.meydan.tv\/az\/article\/dovl%c9%99t-budc%c9%99sind%c9%99n-azad-olunmus-%c9%99razil%c9%99r%c9%99-ayrilan-v%c9%99saitd%c9%99-ciddi-azalma-var\/#article","isPartOf":{"@id":"https:\/\/www.meydan.tv\/az\/article\/dovl%c9%99t-budc%c9%99sind%c9%99n-azad-olunmus-%c9%99razil%c9%99r%c9%99-ayrilan-v%c9%99saitd%c9%99-ciddi-azalma-var\/"},"author":{"name":"sevda","@id":"https:\/\/www.meydan.tv\/az\/#\/schema\/person\/49b5f2bad5b126bb8ea9320eeb3e4dc9"},"headline":"D\u00f6vl\u0259t b\u00fcdc\u0259sind\u0259n azad olunmu\u015f \u0259razil\u0259r\u0259 ayr\u0131lan v\u0259saitd\u0259 ciddi azalma var","datePublished":"2026-04-27T16:31:19+00:00","dateModified":"2026-04-27T16:31:21+00:00","mainEntityOfPage":{"@id":"https:\/\/www.meydan.tv\/az\/article\/dovl%c9%99t-budc%c9%99sind%c9%99n-azad-olunmus-%c9%99razil%c9%99r%c9%99-ayrilan-v%c9%99saitd%c9%99-ciddi-azalma-var\/"},"wordCount":422,"publisher":{"@id":"https:\/\/www.meydan.tv\/az\/#organization"},"image":{"@id":"https:\/\/www.meydan.tv\/az\/article\/dovl%c9%99t-budc%c9%99sind%c9%99n-azad-olunmus-%c9%99razil%c9%99r%c9%99-ayrilan-v%c9%99saitd%c9%99-ciddi-azalma-var\/#primaryimage"},"thumbnailUrl":"https:\/\/www.meydan.tv\/wp-content\/uploads\/shutterstock_2614434803.jpg","articleSection":["\u0130qtisadiyyat","X\u0259b\u0259rl\u0259r"],"inLanguage":"az"},{"@type":"WebPage","@id":"https:\/\/www.meydan.tv\/az\/article\/dovl%c9%99t-budc%c9%99sind%c9%99n-azad-olunmus-%c9%99razil%c9%99r%c9%99-ayrilan-v%c9%99saitd%c9%99-ciddi-azalma-var\/","url":"https:\/\/www.meydan.tv\/az\/article\/dovl%c9%99t-budc%c9%99sind%c9%99n-azad-olunmus-%c9%99razil%c9%99r%c9%99-ayrilan-v%c9%99saitd%c9%99-ciddi-azalma-var\/","name":"D\u00f6vl\u0259t b\u00fcdc\u0259sind\u0259n azad olunmu\u015f \u0259razil\u0259r\u0259 ayr\u0131lan v\u0259saitd\u0259 ciddi azalma var - MEYDAN.TV","isPartOf":{"@id":"https:\/\/www.meydan.tv\/az\/#website"},"primaryImageOfPage":{"@id":"https:\/\/www.meydan.tv\/az\/article\/dovl%c9%99t-budc%c9%99sind%c9%99n-azad-olunmus-%c9%99razil%c9%99r%c9%99-ayrilan-v%c9%99saitd%c9%99-ciddi-azalma-var\/#primaryimage"},"image":{"@id":"https:\/\/www.meydan.tv\/az\/article\/dovl%c9%99t-budc%c9%99sind%c9%99n-azad-olunmus-%c9%99razil%c9%99r%c9%99-ayrilan-v%c9%99saitd%c9%99-ciddi-azalma-var\/#primaryimage"},"thumbnailUrl":"https:\/\/www.meydan.tv\/wp-content\/uploads\/shutterstock_2614434803.jpg","datePublished":"2026-04-27T16:31:19+00:00","dateModified":"2026-04-27T16:31:21+00:00","breadcrumb":{"@id":"https:\/\/www.meydan.tv\/az\/article\/dovl%c9%99t-budc%c9%99sind%c9%99n-azad-olunmus-%c9%99razil%c9%99r%c9%99-ayrilan-v%c9%99saitd%c9%99-ciddi-azalma-var\/#breadcrumb"},"inLanguage":"az","potentialAction":[{"@type":"ReadAction","target":["https:\/\/www.meydan.tv\/az\/article\/dovl%c9%99t-budc%c9%99sind%c9%99n-azad-olunmus-%c9%99razil%c9%99r%c9%99-ayrilan-v%c9%99saitd%c9%99-ciddi-azalma-var\/"]}]},{"@type":"ImageObject","inLanguage":"az","@id":"https:\/\/www.meydan.tv\/az\/article\/dovl%c9%99t-budc%c9%99sind%c9%99n-azad-olunmus-%c9%99razil%c9%99r%c9%99-ayrilan-v%c9%99saitd%c9%99-ciddi-azalma-var\/#primaryimage","url":"https:\/\/www.meydan.tv\/wp-content\/uploads\/shutterstock_2614434803.jpg","contentUrl":"https:\/\/www.meydan.tv\/wp-content\/uploads\/shutterstock_2614434803.jpg","width":1000,"height":500,"caption":"Foto: Smile Studio AP\\shutterstock"},{"@type":"BreadcrumbList","@id":"https:\/\/www.meydan.tv\/az\/article\/dovl%c9%99t-budc%c9%99sind%c9%99n-azad-olunmus-%c9%99razil%c9%99r%c9%99-ayrilan-v%c9%99saitd%c9%99-ciddi-azalma-var\/#breadcrumb","itemListElement":[{"@type":"ListItem","position":1,"name":"Ana s\u0259hif\u0259","item":"https:\/\/www.meydan.tv\/az\/"},{"@type":"ListItem","position":2,"name":"X\u0259b\u0259rl\u0259r","item":"https:\/\/www.meydan.tv\/az\/section\/xeberler\/"},{"@type":"ListItem","position":3,"name":"D\u00f6vl\u0259t b\u00fcdc\u0259sind\u0259n azad olunmu\u015f \u0259razil\u0259r\u0259 ayr\u0131lan v\u0259saitd\u0259 ciddi azalma var"}]},{"@type":"WebSite","@id":"https:\/\/www.meydan.tv\/az\/#website","url":"https:\/\/www.meydan.tv\/az\/","name":"MEYDAN.TV","description":"Meydan TV Az\u0259rbaycan\u0131n media m\u0259kan\u0131ndak\u0131 alternativ s\u0259sidir","publisher":{"@id":"https:\/\/www.meydan.tv\/az\/#organization"},"potentialAction":[{"@type":"SearchAction","target":{"@type":"EntryPoint","urlTemplate":"https:\/\/www.meydan.tv\/az\/?s={search_term_string}"},"query-input":{"@type":"PropertyValueSpecification","valueRequired":true,"valueName":"search_term_string"}}],"inLanguage":"az"},{"@type":"Organization","@id":"https:\/\/www.meydan.tv\/az\/#organization","name":"Meydan TV","url":"https:\/\/www.meydan.tv\/az\/","logo":{"@type":"ImageObject","inLanguage":"az","@id":"https:\/\/www.meydan.tv\/az\/#\/schema\/logo\/image\/","url":"https:\/\/www.meydan.tv\/wp-content\/uploads\/2021\/07\/meydan-logo.svg","contentUrl":"https:\/\/www.meydan.tv\/wp-content\/uploads\/2021\/07\/meydan-logo.svg","width":195,"height":46,"caption":"Meydan TV"},"image":{"@id":"https:\/\/www.meydan.tv\/az\/#\/schema\/logo\/image\/"}},{"@type":"Person","@id":"https:\/\/www.meydan.tv\/az\/#\/schema\/person\/49b5f2bad5b126bb8ea9320eeb3e4dc9","name":"sevda"}]}},"_links":{"self":[{"href":"https:\/\/www.meydan.tv\/az\/wp-json\/wp\/v2\/posts\/344414","targetHints":{"allow":["GET"]}}],"collection":[{"href":"https:\/\/www.meydan.tv\/az\/wp-json\/wp\/v2\/posts"}],"about":[{"href":"https:\/\/www.meydan.tv\/az\/wp-json\/wp\/v2\/types\/post"}],"author":[{"embeddable":true,"href":"https:\/\/www.meydan.tv\/az\/wp-json\/wp\/v2\/users\/16"}],"replies":[{"embeddable":true,"href":"https:\/\/www.meydan.tv\/az\/wp-json\/wp\/v2\/comments?post=344414"}],"version-history":[{"count":1,"href":"https:\/\/www.meydan.tv\/az\/wp-json\/wp\/v2\/posts\/344414\/revisions"}],"predecessor-version":[{"id":344415,"href":"https:\/\/www.meydan.tv\/az\/wp-json\/wp\/v2\/posts\/344414\/revisions\/344415"}],"wp:featuredmedia":[{"embeddable":true,"href":"https:\/\/www.meydan.tv\/az\/wp-json\/wp\/v2\/media\/336415"}],"wp:attachment":[{"href":"https:\/\/www.meydan.tv\/az\/wp-json\/wp\/v2\/media?parent=344414"}],"wp:term":[{"taxonomy":"category","embeddable":true,"href":"https:\/\/www.meydan.tv\/az\/wp-json\/wp\/v2\/categories?post=344414"},{"taxonomy":"post_tag","embeddable":true,"href":"https:\/\/www.meydan.tv\/az\/wp-json\/wp\/v2\/tags?post=344414"}],"curies":[{"name":"wp","href":"https:\/\/api.w.org\/{rel}","templated":true}]}}