{"id":344411,"date":"2026-04-27T18:14:05","date_gmt":"2026-04-27T14:14:05","guid":{"rendered":"https:\/\/www.meydan.tv\/?p=344411"},"modified":"2026-04-27T18:14:07","modified_gmt":"2026-04-27T14:14:07","slug":"apellyasiya-m%c9%99hk%c9%99m%c9%99si-az%c9%99r-qasimlinin-v%c9%99sat%c9%99tl%c9%99rini-t%c9%99min-etm%c9%99yib","status":"publish","type":"post","link":"https:\/\/www.meydan.tv\/az\/article\/apellyasiya-m%c9%99hk%c9%99m%c9%99si-az%c9%99r-qasimlinin-v%c9%99sat%c9%99tl%c9%99rini-t%c9%99min-etm%c9%99yib\/","title":{"rendered":"Apellyasiya M\u0259hk\u0259m\u0259si Az\u0259r Qas\u0131ml\u0131n\u0131n v\u0259sat\u0259tl\u0259rini t\u0259min etm\u0259yib"},"content":{"rendered":"\n<p>Bu g\u00fcn, aprelin 27-d\u0259 Bak\u0131 Apellyasiya M\u0259hk\u0259m\u0259sind\u0259 Siyasi Menecment \u0130nstitutunun r\u0259hb\u0259ri Az\u0259r Qas\u0131ml\u0131n\u0131n \u015fikay\u0259tin\u0259 bax\u0131l\u0131b.<\/p>\n\n\n\n<p>Az\u0259r Qas\u0131ml\u0131n\u0131n h\u0259yat yolda\u015f\u0131 Samir\u0259 Qas\u0131ml\u0131n\u0131n Meydan TV-y\u0259 verdiyi m\u0259lumata g\u00f6r\u0259, prosesd\u0259 z\u0259r\u0259r\u00e7\u0259kmi\u015f kimi tan\u0131nan Qurban\u0259li Yusibov v\u0259 v\u0259kili i\u015ftirak etm\u0259yib. Az\u0259r Qas\u0131ml\u0131n\u0131n v\u0259kili R\u00f6v\u015fan\u0259 R\u0259himli buna etiraz ed\u0259r\u0259k deyib ki, ona suallar\u0131 var. D\u00f6vl\u0259t ittiham\u00e7\u0131s\u0131 is\u0259 buna etiraz ed\u0259r\u0259k bildirib ki, h\u0259min suallara birinci m\u0259hk\u0259m\u0259 instansiyas\u0131nda cavab verilib.&nbsp;<\/p>\n\n\n\n<p>V\u0259kil v\u0259sat\u0259t qald\u0131r\u0131b ki, yenid\u0259n istintaq ke\u00e7irilsin v\u0259 Yusibovun ke\u00e7mi\u015f h\u0259yat yolda\u015f\u0131 F\u0259r\u0259hbanu Nift\u0259liyeva \u015fahid qismind\u0259 dindirilsin. R\u00f6v\u015fan\u0259 R\u0259himli \u00e7\u0131x\u0131\u015f\u0131nda deyib ki, F\u0259r\u0259hbanu Nift\u0259liyevan\u0131n \u015fahid kimi dindirilm\u0259si haqq\u0131nda m\u0259hk\u0259m\u0259 q\u0259rar\u0131n\u0131n olmas\u0131na baxmayaraq q\u0259rar icra olunmay\u0131b. O qeyd edib ki, Nift\u0259liyevan\u0131n ifad\u0259si Az\u0259r Qas\u0131ml\u0131ya qar\u015f\u0131 ittihamlar\u0131n absurdlu\u011funu ortaya \u00e7\u0131xaracaq.<\/p>\n\n\n\n<p>H\u0259m\u00e7inin v\u0259kil bildirib ki, z\u0259r\u0259r\u00e7\u0259kmi\u015f Yusibov Qas\u0131ml\u0131n\u0131n onu guya t\u0259hdid etdiyi d\u00f6vrd\u0259 F\u0259r\u0259hbanu Nift\u0259liyeva il\u0259 birg\u0259 \u00fcnvanda ya\u015famas\u0131 bar\u0259d\u0259 m\u0259hk\u0259m\u0259y\u0259 yalan ifad\u0259 verib:<\/p>\n\n\n\n<p><em>\u201cQurban\u0259li Yusibov F\u0259r\u0259hbanu Yusifovan\u0131n ail\u0259sin\u0259 m\u0259xsus \u00fcnvanda ya\u015fad\u0131\u011f\u0131n\u0131 deyir v\u0259 guya h\u0259min \u00fcnvanda&nbsp; Az\u0259r Qas\u0131ml\u0131 ona z\u0259ng el\u0259yib, onu t\u0259hdid edib. Halbuki onlar h\u0259min d\u00f6vrd\u0259&nbsp; bo\u015fanm\u0131\u015fd\u0131lar v\u0259 Qurban\u0259li Yusifov orda ola bilm\u0259zdi. Ona g\u00f6r\u0259 d\u0259 bu xan\u0131m\u0131n g\u0259lib ifad\u0259 verm\u0259yi m\u00fctl\u0259q vacib idi. O, bu iddian\u0131n absurd, \u0259sass\u0131z oldu\u011funu v\u0259 yalan \u00fcz\u0259rind\u0259 quruldu\u011funu dey\u0259c\u0259kdi\u201d, &#8211; <\/em>dey\u0259 Samir\u0259 Qas\u0131ml\u0131 bildirib.&nbsp;<\/p>\n\n\n\n<p>M\u0259hk\u0259m\u0259 v\u0259sat\u0259tl\u0259ri t\u0259min etm\u0259yib.<br><br>N\u00f6vb\u0259ti m\u0259hk\u0259m\u0259 prosesi may\u0131n 11-n\u0259 t\u0259yin edilib.<\/p>\n\n\n\n<p>Siyasi Menecment \u0130nstitutunun direktoru Az\u0259r Qas\u0131ml\u0131 2024-c\u00fc il dekabr\u0131n 8-d\u0259 saxlan\u0131l\u0131b.<\/p>\n\n\n\n<p>Az\u0259r Qas\u0131ml\u0131 z\u0259r\u0259r\u00e7\u0259kmi\u015f qismind\u0259 tan\u0131nan Qurban\u0259li Yusibovdan h\u0259d\u0259-qorxu il\u0259 pul t\u0259l\u0259b etm\u0259kd\u0259 ittiham olunur. Lakin v\u0259kill\u0259ri bildirib ki, h\u0259min \u015f\u0259xsin Az\u0259r Qas\u0131ml\u0131ya pul borclu olmas\u0131n\u0131 t\u0259sdiql\u0259y\u0259n qanuni q\u00fcvv\u0259y\u0259 minmi\u015f m\u0259hk\u0259m\u0259 q\u0259rar\u0131 var.&nbsp;<\/p>\n\n\n\n<p>Siyas\u0259t\u00e7iy\u0259 qar\u015f\u0131 Cinay\u0259t M\u0259c\u0259ll\u0259sinin 182.2.3-c\u00fc (h\u0259d\u0259-qorxu il\u0259 t\u0259l\u0259b etm\u0259, zor t\u0259tbiq etm\u0259 il\u0259 t\u00f6r\u0259dildikd\u0259) madd\u0259sil\u0259 ittiham ir\u0259li s\u00fcr\u00fcl\u00fcb.<br><br>Mart\u0131n 11-d\u0259 Bak\u0131 A\u011f\u0131r Cinay\u0259tl\u0259r M\u0259hk\u0259m\u0259sind\u0259 hakim Elmin R\u00fcst\u0259movun s\u0259drliyi il\u0259 ke\u00e7iril\u0259n m\u0259hk\u0259m\u0259 prosesind\u0259 Az\u0259r Qas\u0131ml\u0131 12 il m\u00fcdd\u0259tin\u0259 azadl\u0131qdan m\u0259hrum edilib.<\/p>\n\n\n\n<p>Az\u0259r Qas\u0131ml\u0131 h\u0259bsinin siyasi sifari\u015f, ittihamlar\u0131n is\u0259 qondarma oldu\u011funu bildirib.<\/p>\n","protected":false},"excerpt":{"rendered":"<p>Bu g\u00fcn, aprelin 27-d\u0259 Bak\u0131 Apellyasiya M\u0259hk\u0259m\u0259sind\u0259 Siyasi Menecment \u0130nstitutunun &#8230; <\/p>\n<p class=\"read-more-container\"><a title=\"Apellyasiya M\u0259hk\u0259m\u0259si Az\u0259r Qas\u0131ml\u0131n\u0131n v\u0259sat\u0259tl\u0259rini t\u0259min etm\u0259yib\" class=\"read-more button\" href=\"https:\/\/www.meydan.tv\/az\/article\/apellyasiya-m%c9%99hk%c9%99m%c9%99si-az%c9%99r-qasimlinin-v%c9%99sat%c9%99tl%c9%99rini-t%c9%99min-etm%c9%99yib\/#more-344411\" aria-label=\"Read more about Apellyasiya M\u0259hk\u0259m\u0259si Az\u0259r Qas\u0131ml\u0131n\u0131n v\u0259sat\u0259tl\u0259rini t\u0259min etm\u0259yib\">Davam\u0131<\/a><\/p>\n","protected":false},"author":21,"featured_media":210058,"comment_status":"closed","ping_status":"closed","sticky":false,"template":"","format":"standard","meta":{"_acf_changed":false,"_sitemap_exclude":false,"_sitemap_priority":"","_sitemap_frequency":"","footnotes":""},"categories":[59,79,56],"tags":[],"class_list":["post-344411","post","type-post","status-publish","format-standard","has-post-thumbnail","hentry","category-siyaset","category-featured","category-xeberler","infinite-scroll-item","generate-columns","tablet-grid-50","mobile-grid-100","grid-parent","grid-33","no-featured-image-padding"],"acf":[],"yoast_head":"<!-- This site is optimized with the Yoast SEO plugin v27.4 - https:\/\/yoast.com\/product\/yoast-seo-wordpress\/ -->\n<title>Apellyasiya M\u0259hk\u0259m\u0259si Az\u0259r Qas\u0131ml\u0131n\u0131n v\u0259sat\u0259tl\u0259rini t\u0259min etm\u0259yib - MEYDAN.TV<\/title>\n<meta name=\"robots\" content=\"index, follow, max-snippet:-1, max-image-preview:large, max-video-preview:-1\" \/>\n<link rel=\"canonical\" href=\"https:\/\/www.meydan.tv\/az\/article\/apellyasiya-m%c9%99hk%c9%99m%c9%99si-az%c9%99r-qasimlinin-v%c9%99sat%c9%99tl%c9%99rini-t%c9%99min-etm%c9%99yib\/\" \/>\n<meta property=\"og:locale\" content=\"az_AZ\" \/>\n<meta property=\"og:type\" content=\"article\" \/>\n<meta property=\"og:title\" content=\"Apellyasiya M\u0259hk\u0259m\u0259si Az\u0259r Qas\u0131ml\u0131n\u0131n v\u0259sat\u0259tl\u0259rini t\u0259min etm\u0259yib - MEYDAN.TV\" \/>\n<meta property=\"og:description\" content=\"Bu g\u00fcn, aprelin 27-d\u0259 Bak\u0131 Apellyasiya M\u0259hk\u0259m\u0259sind\u0259 Siyasi Menecment \u0130nstitutunun ... Davam\u0131\" \/>\n<meta property=\"og:url\" content=\"https:\/\/www.meydan.tv\/az\/article\/apellyasiya-m%c9%99hk%c9%99m%c9%99si-az%c9%99r-qasimlinin-v%c9%99sat%c9%99tl%c9%99rini-t%c9%99min-etm%c9%99yib\/\" \/>\n<meta property=\"og:site_name\" content=\"MEYDAN.TV\" \/>\n<meta property=\"article:published_time\" content=\"2026-04-27T14:14:05+00:00\" \/>\n<meta property=\"article:modified_time\" content=\"2026-04-27T14:14:07+00:00\" \/>\n<meta property=\"og:image\" content=\"https:\/\/www.meydan.tv\/wp-content\/uploads\/img_7646-scaled-e1734093479185.jpg\" \/>\n\t<meta property=\"og:image:width\" content=\"2560\" \/>\n\t<meta property=\"og:image:height\" content=\"1216\" \/>\n\t<meta property=\"og:image:type\" content=\"image\/jpeg\" \/>\n<meta name=\"author\" content=\"mahmud\" \/>\n<meta name=\"twitter:card\" content=\"summary_large_image\" \/>\n<script type=\"application\/ld+json\" class=\"yoast-schema-graph\">{\"@context\":\"https:\\\/\\\/schema.org\",\"@graph\":[{\"@type\":\"Article\",\"@id\":\"https:\\\/\\\/www.meydan.tv\\\/az\\\/article\\\/apellyasiya-m%c9%99hk%c9%99m%c9%99si-az%c9%99r-qasimlinin-v%c9%99sat%c9%99tl%c9%99rini-t%c9%99min-etm%c9%99yib\\\/#article\",\"isPartOf\":{\"@id\":\"https:\\\/\\\/www.meydan.tv\\\/az\\\/article\\\/apellyasiya-m%c9%99hk%c9%99m%c9%99si-az%c9%99r-qasimlinin-v%c9%99sat%c9%99tl%c9%99rini-t%c9%99min-etm%c9%99yib\\\/\"},\"author\":{\"name\":\"mahmud\",\"@id\":\"https:\\\/\\\/www.meydan.tv\\\/az\\\/#\\\/schema\\\/person\\\/09863e516102a829e72bedcf3f84c6b0\"},\"headline\":\"Apellyasiya M\u0259hk\u0259m\u0259si Az\u0259r Qas\u0131ml\u0131n\u0131n v\u0259sat\u0259tl\u0259rini t\u0259min etm\u0259yib\",\"datePublished\":\"2026-04-27T14:14:05+00:00\",\"dateModified\":\"2026-04-27T14:14:07+00:00\",\"mainEntityOfPage\":{\"@id\":\"https:\\\/\\\/www.meydan.tv\\\/az\\\/article\\\/apellyasiya-m%c9%99hk%c9%99m%c9%99si-az%c9%99r-qasimlinin-v%c9%99sat%c9%99tl%c9%99rini-t%c9%99min-etm%c9%99yib\\\/\"},\"wordCount\":552,\"publisher\":{\"@id\":\"https:\\\/\\\/www.meydan.tv\\\/az\\\/#organization\"},\"image\":{\"@id\":\"https:\\\/\\\/www.meydan.tv\\\/az\\\/article\\\/apellyasiya-m%c9%99hk%c9%99m%c9%99si-az%c9%99r-qasimlinin-v%c9%99sat%c9%99tl%c9%99rini-t%c9%99min-etm%c9%99yib\\\/#primaryimage\"},\"thumbnailUrl\":\"https:\\\/\\\/www.meydan.tv\\\/wp-content\\\/uploads\\\/img_7646-scaled-e1734093479185.jpg\",\"articleSection\":[\"Siyas\u0259t\",\"T\u00f6vsiy\u0259\",\"X\u0259b\u0259rl\u0259r\"],\"inLanguage\":\"az\"},{\"@type\":\"WebPage\",\"@id\":\"https:\\\/\\\/www.meydan.tv\\\/az\\\/article\\\/apellyasiya-m%c9%99hk%c9%99m%c9%99si-az%c9%99r-qasimlinin-v%c9%99sat%c9%99tl%c9%99rini-t%c9%99min-etm%c9%99yib\\\/\",\"url\":\"https:\\\/\\\/www.meydan.tv\\\/az\\\/article\\\/apellyasiya-m%c9%99hk%c9%99m%c9%99si-az%c9%99r-qasimlinin-v%c9%99sat%c9%99tl%c9%99rini-t%c9%99min-etm%c9%99yib\\\/\",\"name\":\"Apellyasiya M\u0259hk\u0259m\u0259si Az\u0259r Qas\u0131ml\u0131n\u0131n v\u0259sat\u0259tl\u0259rini t\u0259min etm\u0259yib - MEYDAN.TV\",\"isPartOf\":{\"@id\":\"https:\\\/\\\/www.meydan.tv\\\/az\\\/#website\"},\"primaryImageOfPage\":{\"@id\":\"https:\\\/\\\/www.meydan.tv\\\/az\\\/article\\\/apellyasiya-m%c9%99hk%c9%99m%c9%99si-az%c9%99r-qasimlinin-v%c9%99sat%c9%99tl%c9%99rini-t%c9%99min-etm%c9%99yib\\\/#primaryimage\"},\"image\":{\"@id\":\"https:\\\/\\\/www.meydan.tv\\\/az\\\/article\\\/apellyasiya-m%c9%99hk%c9%99m%c9%99si-az%c9%99r-qasimlinin-v%c9%99sat%c9%99tl%c9%99rini-t%c9%99min-etm%c9%99yib\\\/#primaryimage\"},\"thumbnailUrl\":\"https:\\\/\\\/www.meydan.tv\\\/wp-content\\\/uploads\\\/img_7646-scaled-e1734093479185.jpg\",\"datePublished\":\"2026-04-27T14:14:05+00:00\",\"dateModified\":\"2026-04-27T14:14:07+00:00\",\"breadcrumb\":{\"@id\":\"https:\\\/\\\/www.meydan.tv\\\/az\\\/article\\\/apellyasiya-m%c9%99hk%c9%99m%c9%99si-az%c9%99r-qasimlinin-v%c9%99sat%c9%99tl%c9%99rini-t%c9%99min-etm%c9%99yib\\\/#breadcrumb\"},\"inLanguage\":\"az\",\"potentialAction\":[{\"@type\":\"ReadAction\",\"target\":[\"https:\\\/\\\/www.meydan.tv\\\/az\\\/article\\\/apellyasiya-m%c9%99hk%c9%99m%c9%99si-az%c9%99r-qasimlinin-v%c9%99sat%c9%99tl%c9%99rini-t%c9%99min-etm%c9%99yib\\\/\"]}]},{\"@type\":\"ImageObject\",\"inLanguage\":\"az\",\"@id\":\"https:\\\/\\\/www.meydan.tv\\\/az\\\/article\\\/apellyasiya-m%c9%99hk%c9%99m%c9%99si-az%c9%99r-qasimlinin-v%c9%99sat%c9%99tl%c9%99rini-t%c9%99min-etm%c9%99yib\\\/#primaryimage\",\"url\":\"https:\\\/\\\/www.meydan.tv\\\/wp-content\\\/uploads\\\/img_7646-scaled-e1734093479185.jpg\",\"contentUrl\":\"https:\\\/\\\/www.meydan.tv\\\/wp-content\\\/uploads\\\/img_7646-scaled-e1734093479185.jpg\",\"width\":2560,\"height\":1216,\"caption\":\"Az\u0259r Qas\u0131ml\u0131. \u0130ll\u00fcstrasiya: Meydan TV\"},{\"@type\":\"BreadcrumbList\",\"@id\":\"https:\\\/\\\/www.meydan.tv\\\/az\\\/article\\\/apellyasiya-m%c9%99hk%c9%99m%c9%99si-az%c9%99r-qasimlinin-v%c9%99sat%c9%99tl%c9%99rini-t%c9%99min-etm%c9%99yib\\\/#breadcrumb\",\"itemListElement\":[{\"@type\":\"ListItem\",\"position\":1,\"name\":\"Ana s\u0259hif\u0259\",\"item\":\"https:\\\/\\\/www.meydan.tv\\\/az\\\/\"},{\"@type\":\"ListItem\",\"position\":2,\"name\":\"Siyas\u0259t\",\"item\":\"https:\\\/\\\/www.meydan.tv\\\/az\\\/section\\\/siyaset\\\/\"},{\"@type\":\"ListItem\",\"position\":3,\"name\":\"Apellyasiya M\u0259hk\u0259m\u0259si Az\u0259r Qas\u0131ml\u0131n\u0131n v\u0259sat\u0259tl\u0259rini t\u0259min etm\u0259yib\"}]},{\"@type\":\"WebSite\",\"@id\":\"https:\\\/\\\/www.meydan.tv\\\/az\\\/#website\",\"url\":\"https:\\\/\\\/www.meydan.tv\\\/az\\\/\",\"name\":\"MEYDAN.TV\",\"description\":\"Meydan TV Az\u0259rbaycan\u0131n media m\u0259kan\u0131ndak\u0131 alternativ s\u0259sidir\",\"publisher\":{\"@id\":\"https:\\\/\\\/www.meydan.tv\\\/az\\\/#organization\"},\"potentialAction\":[{\"@type\":\"SearchAction\",\"target\":{\"@type\":\"EntryPoint\",\"urlTemplate\":\"https:\\\/\\\/www.meydan.tv\\\/az\\\/?s={search_term_string}\"},\"query-input\":{\"@type\":\"PropertyValueSpecification\",\"valueRequired\":true,\"valueName\":\"search_term_string\"}}],\"inLanguage\":\"az\"},{\"@type\":\"Organization\",\"@id\":\"https:\\\/\\\/www.meydan.tv\\\/az\\\/#organization\",\"name\":\"Meydan TV\",\"url\":\"https:\\\/\\\/www.meydan.tv\\\/az\\\/\",\"logo\":{\"@type\":\"ImageObject\",\"inLanguage\":\"az\",\"@id\":\"https:\\\/\\\/www.meydan.tv\\\/az\\\/#\\\/schema\\\/logo\\\/image\\\/\",\"url\":\"https:\\\/\\\/www.meydan.tv\\\/wp-content\\\/uploads\\\/2021\\\/07\\\/meydan-logo.svg\",\"contentUrl\":\"https:\\\/\\\/www.meydan.tv\\\/wp-content\\\/uploads\\\/2021\\\/07\\\/meydan-logo.svg\",\"width\":195,\"height\":46,\"caption\":\"Meydan TV\"},\"image\":{\"@id\":\"https:\\\/\\\/www.meydan.tv\\\/az\\\/#\\\/schema\\\/logo\\\/image\\\/\"}},{\"@type\":\"Person\",\"@id\":\"https:\\\/\\\/www.meydan.tv\\\/az\\\/#\\\/schema\\\/person\\\/09863e516102a829e72bedcf3f84c6b0\",\"name\":\"mahmud\"}]}<\/script>\n<!-- \/ Yoast SEO plugin. -->","yoast_head_json":{"title":"Apellyasiya M\u0259hk\u0259m\u0259si Az\u0259r Qas\u0131ml\u0131n\u0131n v\u0259sat\u0259tl\u0259rini t\u0259min etm\u0259yib - MEYDAN.TV","robots":{"index":"index","follow":"follow","max-snippet":"max-snippet:-1","max-image-preview":"max-image-preview:large","max-video-preview":"max-video-preview:-1"},"canonical":"https:\/\/www.meydan.tv\/az\/article\/apellyasiya-m%c9%99hk%c9%99m%c9%99si-az%c9%99r-qasimlinin-v%c9%99sat%c9%99tl%c9%99rini-t%c9%99min-etm%c9%99yib\/","og_locale":"az_AZ","og_type":"article","og_title":"Apellyasiya M\u0259hk\u0259m\u0259si Az\u0259r Qas\u0131ml\u0131n\u0131n v\u0259sat\u0259tl\u0259rini t\u0259min etm\u0259yib - MEYDAN.TV","og_description":"Bu g\u00fcn, aprelin 27-d\u0259 Bak\u0131 Apellyasiya M\u0259hk\u0259m\u0259sind\u0259 Siyasi Menecment \u0130nstitutunun ... Davam\u0131","og_url":"https:\/\/www.meydan.tv\/az\/article\/apellyasiya-m%c9%99hk%c9%99m%c9%99si-az%c9%99r-qasimlinin-v%c9%99sat%c9%99tl%c9%99rini-t%c9%99min-etm%c9%99yib\/","og_site_name":"MEYDAN.TV","article_published_time":"2026-04-27T14:14:05+00:00","article_modified_time":"2026-04-27T14:14:07+00:00","og_image":[{"width":2560,"height":1216,"url":"https:\/\/www.meydan.tv\/wp-content\/uploads\/img_7646-scaled-e1734093479185.jpg","type":"image\/jpeg"}],"author":"mahmud","twitter_card":"summary_large_image","schema":{"@context":"https:\/\/schema.org","@graph":[{"@type":"Article","@id":"https:\/\/www.meydan.tv\/az\/article\/apellyasiya-m%c9%99hk%c9%99m%c9%99si-az%c9%99r-qasimlinin-v%c9%99sat%c9%99tl%c9%99rini-t%c9%99min-etm%c9%99yib\/#article","isPartOf":{"@id":"https:\/\/www.meydan.tv\/az\/article\/apellyasiya-m%c9%99hk%c9%99m%c9%99si-az%c9%99r-qasimlinin-v%c9%99sat%c9%99tl%c9%99rini-t%c9%99min-etm%c9%99yib\/"},"author":{"name":"mahmud","@id":"https:\/\/www.meydan.tv\/az\/#\/schema\/person\/09863e516102a829e72bedcf3f84c6b0"},"headline":"Apellyasiya M\u0259hk\u0259m\u0259si Az\u0259r Qas\u0131ml\u0131n\u0131n v\u0259sat\u0259tl\u0259rini t\u0259min etm\u0259yib","datePublished":"2026-04-27T14:14:05+00:00","dateModified":"2026-04-27T14:14:07+00:00","mainEntityOfPage":{"@id":"https:\/\/www.meydan.tv\/az\/article\/apellyasiya-m%c9%99hk%c9%99m%c9%99si-az%c9%99r-qasimlinin-v%c9%99sat%c9%99tl%c9%99rini-t%c9%99min-etm%c9%99yib\/"},"wordCount":552,"publisher":{"@id":"https:\/\/www.meydan.tv\/az\/#organization"},"image":{"@id":"https:\/\/www.meydan.tv\/az\/article\/apellyasiya-m%c9%99hk%c9%99m%c9%99si-az%c9%99r-qasimlinin-v%c9%99sat%c9%99tl%c9%99rini-t%c9%99min-etm%c9%99yib\/#primaryimage"},"thumbnailUrl":"https:\/\/www.meydan.tv\/wp-content\/uploads\/img_7646-scaled-e1734093479185.jpg","articleSection":["Siyas\u0259t","T\u00f6vsiy\u0259","X\u0259b\u0259rl\u0259r"],"inLanguage":"az"},{"@type":"WebPage","@id":"https:\/\/www.meydan.tv\/az\/article\/apellyasiya-m%c9%99hk%c9%99m%c9%99si-az%c9%99r-qasimlinin-v%c9%99sat%c9%99tl%c9%99rini-t%c9%99min-etm%c9%99yib\/","url":"https:\/\/www.meydan.tv\/az\/article\/apellyasiya-m%c9%99hk%c9%99m%c9%99si-az%c9%99r-qasimlinin-v%c9%99sat%c9%99tl%c9%99rini-t%c9%99min-etm%c9%99yib\/","name":"Apellyasiya M\u0259hk\u0259m\u0259si Az\u0259r Qas\u0131ml\u0131n\u0131n v\u0259sat\u0259tl\u0259rini t\u0259min etm\u0259yib - MEYDAN.TV","isPartOf":{"@id":"https:\/\/www.meydan.tv\/az\/#website"},"primaryImageOfPage":{"@id":"https:\/\/www.meydan.tv\/az\/article\/apellyasiya-m%c9%99hk%c9%99m%c9%99si-az%c9%99r-qasimlinin-v%c9%99sat%c9%99tl%c9%99rini-t%c9%99min-etm%c9%99yib\/#primaryimage"},"image":{"@id":"https:\/\/www.meydan.tv\/az\/article\/apellyasiya-m%c9%99hk%c9%99m%c9%99si-az%c9%99r-qasimlinin-v%c9%99sat%c9%99tl%c9%99rini-t%c9%99min-etm%c9%99yib\/#primaryimage"},"thumbnailUrl":"https:\/\/www.meydan.tv\/wp-content\/uploads\/img_7646-scaled-e1734093479185.jpg","datePublished":"2026-04-27T14:14:05+00:00","dateModified":"2026-04-27T14:14:07+00:00","breadcrumb":{"@id":"https:\/\/www.meydan.tv\/az\/article\/apellyasiya-m%c9%99hk%c9%99m%c9%99si-az%c9%99r-qasimlinin-v%c9%99sat%c9%99tl%c9%99rini-t%c9%99min-etm%c9%99yib\/#breadcrumb"},"inLanguage":"az","potentialAction":[{"@type":"ReadAction","target":["https:\/\/www.meydan.tv\/az\/article\/apellyasiya-m%c9%99hk%c9%99m%c9%99si-az%c9%99r-qasimlinin-v%c9%99sat%c9%99tl%c9%99rini-t%c9%99min-etm%c9%99yib\/"]}]},{"@type":"ImageObject","inLanguage":"az","@id":"https:\/\/www.meydan.tv\/az\/article\/apellyasiya-m%c9%99hk%c9%99m%c9%99si-az%c9%99r-qasimlinin-v%c9%99sat%c9%99tl%c9%99rini-t%c9%99min-etm%c9%99yib\/#primaryimage","url":"https:\/\/www.meydan.tv\/wp-content\/uploads\/img_7646-scaled-e1734093479185.jpg","contentUrl":"https:\/\/www.meydan.tv\/wp-content\/uploads\/img_7646-scaled-e1734093479185.jpg","width":2560,"height":1216,"caption":"Az\u0259r Qas\u0131ml\u0131. \u0130ll\u00fcstrasiya: Meydan TV"},{"@type":"BreadcrumbList","@id":"https:\/\/www.meydan.tv\/az\/article\/apellyasiya-m%c9%99hk%c9%99m%c9%99si-az%c9%99r-qasimlinin-v%c9%99sat%c9%99tl%c9%99rini-t%c9%99min-etm%c9%99yib\/#breadcrumb","itemListElement":[{"@type":"ListItem","position":1,"name":"Ana s\u0259hif\u0259","item":"https:\/\/www.meydan.tv\/az\/"},{"@type":"ListItem","position":2,"name":"Siyas\u0259t","item":"https:\/\/www.meydan.tv\/az\/section\/siyaset\/"},{"@type":"ListItem","position":3,"name":"Apellyasiya M\u0259hk\u0259m\u0259si Az\u0259r Qas\u0131ml\u0131n\u0131n v\u0259sat\u0259tl\u0259rini t\u0259min etm\u0259yib"}]},{"@type":"WebSite","@id":"https:\/\/www.meydan.tv\/az\/#website","url":"https:\/\/www.meydan.tv\/az\/","name":"MEYDAN.TV","description":"Meydan TV Az\u0259rbaycan\u0131n media m\u0259kan\u0131ndak\u0131 alternativ s\u0259sidir","publisher":{"@id":"https:\/\/www.meydan.tv\/az\/#organization"},"potentialAction":[{"@type":"SearchAction","target":{"@type":"EntryPoint","urlTemplate":"https:\/\/www.meydan.tv\/az\/?s={search_term_string}"},"query-input":{"@type":"PropertyValueSpecification","valueRequired":true,"valueName":"search_term_string"}}],"inLanguage":"az"},{"@type":"Organization","@id":"https:\/\/www.meydan.tv\/az\/#organization","name":"Meydan TV","url":"https:\/\/www.meydan.tv\/az\/","logo":{"@type":"ImageObject","inLanguage":"az","@id":"https:\/\/www.meydan.tv\/az\/#\/schema\/logo\/image\/","url":"https:\/\/www.meydan.tv\/wp-content\/uploads\/2021\/07\/meydan-logo.svg","contentUrl":"https:\/\/www.meydan.tv\/wp-content\/uploads\/2021\/07\/meydan-logo.svg","width":195,"height":46,"caption":"Meydan TV"},"image":{"@id":"https:\/\/www.meydan.tv\/az\/#\/schema\/logo\/image\/"}},{"@type":"Person","@id":"https:\/\/www.meydan.tv\/az\/#\/schema\/person\/09863e516102a829e72bedcf3f84c6b0","name":"mahmud"}]}},"_links":{"self":[{"href":"https:\/\/www.meydan.tv\/az\/wp-json\/wp\/v2\/posts\/344411","targetHints":{"allow":["GET"]}}],"collection":[{"href":"https:\/\/www.meydan.tv\/az\/wp-json\/wp\/v2\/posts"}],"about":[{"href":"https:\/\/www.meydan.tv\/az\/wp-json\/wp\/v2\/types\/post"}],"author":[{"embeddable":true,"href":"https:\/\/www.meydan.tv\/az\/wp-json\/wp\/v2\/users\/21"}],"replies":[{"embeddable":true,"href":"https:\/\/www.meydan.tv\/az\/wp-json\/wp\/v2\/comments?post=344411"}],"version-history":[{"count":2,"href":"https:\/\/www.meydan.tv\/az\/wp-json\/wp\/v2\/posts\/344411\/revisions"}],"predecessor-version":[{"id":344413,"href":"https:\/\/www.meydan.tv\/az\/wp-json\/wp\/v2\/posts\/344411\/revisions\/344413"}],"wp:featuredmedia":[{"embeddable":true,"href":"https:\/\/www.meydan.tv\/az\/wp-json\/wp\/v2\/media\/210058"}],"wp:attachment":[{"href":"https:\/\/www.meydan.tv\/az\/wp-json\/wp\/v2\/media?parent=344411"}],"wp:term":[{"taxonomy":"category","embeddable":true,"href":"https:\/\/www.meydan.tv\/az\/wp-json\/wp\/v2\/categories?post=344411"},{"taxonomy":"post_tag","embeddable":true,"href":"https:\/\/www.meydan.tv\/az\/wp-json\/wp\/v2\/tags?post=344411"}],"curies":[{"name":"wp","href":"https:\/\/api.w.org\/{rel}","templated":true}]}}