{"id":344404,"date":"2026-04-27T17:33:46","date_gmt":"2026-04-27T13:33:46","guid":{"rendered":"https:\/\/www.meydan.tv\/?p=344404"},"modified":"2026-04-27T17:47:47","modified_gmt":"2026-04-27T13:47:47","slug":"enerji-diplomatiyasi-cexiya-az%c9%99rbaycani-strateji-t%c9%99r%c9%99fdas-kimi-t%c9%99qdim-edir","status":"publish","type":"post","link":"https:\/\/www.meydan.tv\/az\/article\/enerji-diplomatiyasi-cexiya-az%c9%99rbaycani-strateji-t%c9%99r%c9%99fdas-kimi-t%c9%99qdim-edir\/","title":{"rendered":"Enerji diplomatiyas\u0131: \u00c7exiya Az\u0259rbaycan\u0131 strateji t\u0259r\u0259fda\u015f kimi t\u0259qdim edir"},"content":{"rendered":"\n<p>Aprelin 27-d\u0259 Q\u0259b\u0259l\u0259d\u0259 \u00c7ex Respublikas\u0131n\u0131n Ba\u015f naziri Andrey Babi\u015f Az\u0259rbaycana r\u0259smi s\u0259f\u0259ri \u00e7\u0259r\u00e7iv\u0259sind\u0259 Prezident \u0130lham \u018fliyevl\u0259 \u0259kb\u0259t\u0259k v\u0259 geni\u015f t\u0259rkibd\u0259 g\u00f6r\u00fc\u015fl\u0259r ke\u00e7irib.<\/p>\n\n\n\n<p>Bundan ba\u015fqa Az\u0259rbaycan-\u00c7exiya biznes-forumu t\u0259\u015fkil olunub, daha sonra t\u0259r\u0259fl\u0259r m\u0259tbuata b\u0259yanatlarla <a href=\"https:\/\/azertag.az\/xeber\/azerbaycan_prezidenti_ilham_aliyev_ve_chexiyanin_bas_naziri_andrey_babis_metbuata_beyanatlarla_chixis_edibler__yenilenib__video-4151163\" target=\"_blank\" rel=\"noreferrer noopener nofollow\">\u00e7\u0131x\u0131\u015f edibl\u0259r.<\/a><\/p>\n\n\n\n<p>G\u00f6r\u00fc\u015fl\u0259rd\u0259 \u0259sas x\u0259tt enerji \u0259m\u0259kda\u015fl\u0131\u011f\u0131, neft v\u0259 qaz t\u0259chizat\u0131, el\u0259c\u0259 d\u0259 iqtisadi m\u00fcnasib\u0259tl\u0259rin geni\u015fl\u0259ndirilm\u0259si olub.<\/p>\n\n\n\n<p>Prezident \u0130lham \u018fliyev \u00e7\u0131x\u0131\u015f\u0131nda bildirib ki, Bak\u0131 il\u0259 Praqa aras\u0131nda siyasi dialoq aktiv m\u0259rh\u0259l\u0259d\u0259dir v\u0259 t\u0259r\u0259fl\u0259r m\u00fcxt\u0259lif istiqam\u0259tl\u0259r \u00fczr\u0259 m\u00fczakir\u0259l\u0259ri davam etdirir:<\/p>\n\n\n\n<p><em>\u201cBizim indi \u00e7ox f\u0259al siyasi dialoqumuz var. Bu g\u00fcn bir \u00e7ox m\u0259s\u0259l\u0259l\u0259r \u2013 h\u0259m regional, h\u0259m ikit\u0259r\u0259fli, h\u0259m d\u0259 daha qlobal xarakter da\u015f\u0131yan m\u0259s\u0259l\u0259l\u0259r \u0259traf\u0131nda fikir m\u00fcbadil\u0259si apar\u0131lm\u0131\u015fd\u0131r\u201d<\/em>.<\/p>\n\n\n\n<p>\u0130qtisadi \u0259laq\u0259l\u0259r\u0259 toxunan \u018fliyev ticar\u0259t d\u00f6vriyy\u0259sinin 800 milyon dollardan \u00e7ox oldu\u011funu qeyd edib, amma strukturdan naraz\u0131l\u0131\u011f\u0131n\u0131 gizl\u0259tm\u0259yib:<\/p>\n\n\n\n<p><em>\u201cTicar\u0259t d\u00f6vriyy\u0259miz 800 milyon dollardan \u00e7oxdur. Amma \u0259g\u0259r biz ticar\u0259t d\u00f6vriyy\u0259sinin strukturuna baxsaq g\u00f6r\u0259rik ki, burada \u0259sas\u0259n Az\u0259rbaycan neftinin ixrac\u0131 g\u00f6z\u0259 d\u0259yir. Ona g\u00f6r\u0259 biz ticar\u0259t d\u00f6vriyy\u0259sinin daha tarazl\u0131 olmas\u0131n\u0131 arzulay\u0131r\u0131q\u201d.<\/em><\/p>\n\n\n\n<p>Prezident \u018fliyev Az\u0259rbaycan\u0131 Avropan\u0131n etibarl\u0131 enerji t\u0259r\u0259fda\u015f\u0131 kimi xarakteriz\u0259 edib:<\/p>\n\n\n\n<p><em>\u201cAz\u0259rbaycan d\u00fcnya bazarlar\u0131na \u00f6z enerji resurslar\u0131n\u0131 ixrac ed\u0259n etibarl\u0131 \u00f6lk\u0259l\u0259r s\u0131ras\u0131ndad\u0131r\u2026 Az\u0259rbaycan qaz\u0131 16 \u00f6lk\u0259y\u0259 ixrac edilir v\u0259 onlardan 10 \u00f6lk\u0259 Avropa \u0130ttifaq\u0131n\u0131n \u00fczv\u00fcd\u00fcr\u201d.<\/em><\/p>\n\n\n\n<p>O, \u00c7exiya il\u0259 enerji \u0259laq\u0259l\u0259rinin t\u0259kc\u0259 ticar\u0259t deyil, daha uzunm\u00fcdd\u0259tli \u0259m\u0259kda\u015fl\u0131q modeli kimi inki\u015faf etdiyini deyib.<\/p>\n\n\n\n<p>M\u00fcdafi\u0259 s\u0259nayesi v\u0259 birg\u0259 istehsal m\u0259s\u0259l\u0259l\u0259ri d\u0259 g\u00fcnd\u0259m\u0259 g\u0259tirilib. \u018fliyev bu sah\u0259d\u0259 dan\u0131\u015f\u0131qlar\u0131n davam etdiyini bildirib:<\/p>\n\n\n\n<p><em>\u201cBiz \u00c7exiyadan bir \u00e7ox h\u0259rbi t\u0259yinatl\u0131 m\u0259hsullar al\u0131r\u0131q v\u0259 indiki m\u0259rh\u0259l\u0259d\u0259 birg\u0259 istehsalla ba\u011fl\u0131 konkret layih\u0259l\u0259r \u00fcz\u0259rind\u0259 dan\u0131\u015f\u0131qlar gedir\u201d.<\/em><\/p>\n\n\n\n<p>\u00c7exiyan\u0131n Ba\u015f naziri Andrey Babi\u015f is\u0259 Az\u0259rbaycan\u0131 a\u00e7\u0131q \u015f\u0259kild\u0259 strateji t\u0259r\u0259fda\u015f adland\u0131r\u0131b v\u0259 enerji as\u0131l\u0131l\u0131\u011f\u0131n\u0131 r\u0259q\u0259ml\u0259rl\u0259 ifad\u0259 edib:<\/p>\n\n\n\n<p><em>\u201cAz\u0259rbaycan \u00c7ex Respublikas\u0131n\u0131n strateji t\u0259r\u0259fda\u015f\u0131d\u0131r\u201d.<\/em><br><br>Ba\u015f nazir d\u0259 enerji \u0259m\u0259kda\u015fl\u0131\u011f\u0131na diqq\u0259t \u00e7\u0259kib:<\/p>\n\n\n\n<p><em>\u201cAz\u0259rbaycan \u00c7ex Respublikas\u0131nda \u0259n iri neft t\u0259chizat\u00e7\u0131s\u0131d\u0131r. \u0130dxal edil\u0259n neftin 42 faizi Az\u0259rbaycandan daxil olur\u201d.<\/em><\/p>\n\n\n\n<p>Babi\u015f enerji sah\u0259sind\u0259 \u0259m\u0259kda\u015fl\u0131\u011f\u0131n geni\u015fl\u0259n\u0259c\u0259yin\u0259 \u00fcmid etdiyini d\u0259 bildirib, x\u00fcsusil\u0259 qaz t\u0259chizat\u0131 \u00fczr\u0259 uzunm\u00fcdd\u0259tli m\u00fcqavil\u0259l\u0259rin g\u00fcnd\u0259md\u0259 oldu\u011funu qeyd edib:<\/p>\n\n\n\n<p><em>\u201cBiz uzunm\u00fcdd\u0259tli m\u00fcqavil\u0259l\u0259ri imzalama\u011fa haz\u0131r\u0131q\u201d.<\/em><\/p>\n\n\n\n<p>\u00c7exiyan\u0131n n\u00fcmay\u0259nd\u0259 hey\u0259tinin 50-y\u0259 yax\u0131n \u015firk\u0259tl\u0259 Az\u0259rbaycana g\u0259ldiyi, Bak\u0131 Metropoliteni, s\u0259naye istehsal\u0131, texnologiya v\u0259 m\u00fcdafi\u0259 s\u0259nayesi daxil olmaqla m\u00fcxt\u0259lif sah\u0259l\u0259rd\u0259 \u0259m\u0259kda\u015fl\u0131q planlar\u0131n\u0131n m\u00fczakir\u0259 edildiyi bildirilib.<\/p>\n\n\n\n<p><\/p>\n","protected":false},"excerpt":{"rendered":"<p>Aprelin 27-d\u0259 Q\u0259b\u0259l\u0259d\u0259 \u00c7ex Respublikas\u0131n\u0131n Ba\u015f naziri Andrey Babi\u015f Az\u0259rbaycana &#8230; <\/p>\n<p class=\"read-more-container\"><a title=\"Enerji diplomatiyas\u0131: \u00c7exiya Az\u0259rbaycan\u0131 strateji t\u0259r\u0259fda\u015f kimi t\u0259qdim edir\" class=\"read-more button\" href=\"https:\/\/www.meydan.tv\/az\/article\/enerji-diplomatiyasi-cexiya-az%c9%99rbaycani-strateji-t%c9%99r%c9%99fdas-kimi-t%c9%99qdim-edir\/#more-344404\" aria-label=\"Read more about Enerji diplomatiyas\u0131: \u00c7exiya Az\u0259rbaycan\u0131 strateji t\u0259r\u0259fda\u015f kimi t\u0259qdim edir\">Davam\u0131<\/a><\/p>\n","protected":false},"author":21,"featured_media":344405,"comment_status":"closed","ping_status":"closed","sticky":false,"template":"","format":"standard","meta":{"_acf_changed":false,"_sitemap_exclude":false,"_sitemap_priority":"","_sitemap_frequency":"","footnotes":""},"categories":[59,79,56],"tags":[],"class_list":["post-344404","post","type-post","status-publish","format-standard","has-post-thumbnail","hentry","category-siyaset","category-featured","category-xeberler","infinite-scroll-item","generate-columns","tablet-grid-50","mobile-grid-100","grid-parent","grid-33","no-featured-image-padding"],"acf":[],"yoast_head":"<!-- This site is optimized with the Yoast SEO plugin v27.4 - https:\/\/yoast.com\/product\/yoast-seo-wordpress\/ -->\n<title>Enerji diplomatiyas\u0131: \u00c7exiya Az\u0259rbaycan\u0131 strateji t\u0259r\u0259fda\u015f kimi t\u0259qdim edir - MEYDAN.TV<\/title>\n<meta name=\"robots\" content=\"index, follow, max-snippet:-1, max-image-preview:large, max-video-preview:-1\" \/>\n<link rel=\"canonical\" href=\"https:\/\/www.meydan.tv\/az\/article\/enerji-diplomatiyasi-cexiya-az%c9%99rbaycani-strateji-t%c9%99r%c9%99fdas-kimi-t%c9%99qdim-edir\/\" \/>\n<meta property=\"og:locale\" content=\"az_AZ\" \/>\n<meta property=\"og:type\" content=\"article\" \/>\n<meta property=\"og:title\" content=\"Enerji diplomatiyas\u0131: \u00c7exiya Az\u0259rbaycan\u0131 strateji t\u0259r\u0259fda\u015f kimi t\u0259qdim edir - MEYDAN.TV\" \/>\n<meta property=\"og:description\" content=\"Aprelin 27-d\u0259 Q\u0259b\u0259l\u0259d\u0259 \u00c7ex Respublikas\u0131n\u0131n Ba\u015f naziri Andrey Babi\u015f Az\u0259rbaycana ... Davam\u0131\" \/>\n<meta property=\"og:url\" content=\"https:\/\/www.meydan.tv\/az\/article\/enerji-diplomatiyasi-cexiya-az%c9%99rbaycani-strateji-t%c9%99r%c9%99fdas-kimi-t%c9%99qdim-edir\/\" \/>\n<meta property=\"og:site_name\" content=\"MEYDAN.TV\" \/>\n<meta property=\"article:published_time\" content=\"2026-04-27T13:33:46+00:00\" \/>\n<meta property=\"article:modified_time\" content=\"2026-04-27T13:47:47+00:00\" \/>\n<meta property=\"og:image\" content=\"https:\/\/www.meydan.tv\/wp-content\/uploads\/17772809852062811977_1200x630.jpg\" \/>\n\t<meta property=\"og:image:width\" content=\"978\" \/>\n\t<meta property=\"og:image:height\" content=\"630\" \/>\n\t<meta property=\"og:image:type\" content=\"image\/jpeg\" \/>\n<meta name=\"author\" content=\"mahmud\" \/>\n<meta name=\"twitter:card\" content=\"summary_large_image\" \/>\n<script type=\"application\/ld+json\" class=\"yoast-schema-graph\">{\"@context\":\"https:\\\/\\\/schema.org\",\"@graph\":[{\"@type\":\"Article\",\"@id\":\"https:\\\/\\\/www.meydan.tv\\\/az\\\/article\\\/enerji-diplomatiyasi-cexiya-az%c9%99rbaycani-strateji-t%c9%99r%c9%99fdas-kimi-t%c9%99qdim-edir\\\/#article\",\"isPartOf\":{\"@id\":\"https:\\\/\\\/www.meydan.tv\\\/az\\\/article\\\/enerji-diplomatiyasi-cexiya-az%c9%99rbaycani-strateji-t%c9%99r%c9%99fdas-kimi-t%c9%99qdim-edir\\\/\"},\"author\":{\"name\":\"mahmud\",\"@id\":\"https:\\\/\\\/www.meydan.tv\\\/az\\\/#\\\/schema\\\/person\\\/09863e516102a829e72bedcf3f84c6b0\"},\"headline\":\"Enerji diplomatiyas\u0131: \u00c7exiya Az\u0259rbaycan\u0131 strateji t\u0259r\u0259fda\u015f kimi t\u0259qdim edir\",\"datePublished\":\"2026-04-27T13:33:46+00:00\",\"dateModified\":\"2026-04-27T13:47:47+00:00\",\"mainEntityOfPage\":{\"@id\":\"https:\\\/\\\/www.meydan.tv\\\/az\\\/article\\\/enerji-diplomatiyasi-cexiya-az%c9%99rbaycani-strateji-t%c9%99r%c9%99fdas-kimi-t%c9%99qdim-edir\\\/\"},\"wordCount\":578,\"publisher\":{\"@id\":\"https:\\\/\\\/www.meydan.tv\\\/az\\\/#organization\"},\"image\":{\"@id\":\"https:\\\/\\\/www.meydan.tv\\\/az\\\/article\\\/enerji-diplomatiyasi-cexiya-az%c9%99rbaycani-strateji-t%c9%99r%c9%99fdas-kimi-t%c9%99qdim-edir\\\/#primaryimage\"},\"thumbnailUrl\":\"https:\\\/\\\/www.meydan.tv\\\/wp-content\\\/uploads\\\/17772809852062811977_1200x630.jpg\",\"articleSection\":[\"Siyas\u0259t\",\"T\u00f6vsiy\u0259\",\"X\u0259b\u0259rl\u0259r\"],\"inLanguage\":\"az\"},{\"@type\":\"WebPage\",\"@id\":\"https:\\\/\\\/www.meydan.tv\\\/az\\\/article\\\/enerji-diplomatiyasi-cexiya-az%c9%99rbaycani-strateji-t%c9%99r%c9%99fdas-kimi-t%c9%99qdim-edir\\\/\",\"url\":\"https:\\\/\\\/www.meydan.tv\\\/az\\\/article\\\/enerji-diplomatiyasi-cexiya-az%c9%99rbaycani-strateji-t%c9%99r%c9%99fdas-kimi-t%c9%99qdim-edir\\\/\",\"name\":\"Enerji diplomatiyas\u0131: \u00c7exiya Az\u0259rbaycan\u0131 strateji t\u0259r\u0259fda\u015f kimi t\u0259qdim edir - MEYDAN.TV\",\"isPartOf\":{\"@id\":\"https:\\\/\\\/www.meydan.tv\\\/az\\\/#website\"},\"primaryImageOfPage\":{\"@id\":\"https:\\\/\\\/www.meydan.tv\\\/az\\\/article\\\/enerji-diplomatiyasi-cexiya-az%c9%99rbaycani-strateji-t%c9%99r%c9%99fdas-kimi-t%c9%99qdim-edir\\\/#primaryimage\"},\"image\":{\"@id\":\"https:\\\/\\\/www.meydan.tv\\\/az\\\/article\\\/enerji-diplomatiyasi-cexiya-az%c9%99rbaycani-strateji-t%c9%99r%c9%99fdas-kimi-t%c9%99qdim-edir\\\/#primaryimage\"},\"thumbnailUrl\":\"https:\\\/\\\/www.meydan.tv\\\/wp-content\\\/uploads\\\/17772809852062811977_1200x630.jpg\",\"datePublished\":\"2026-04-27T13:33:46+00:00\",\"dateModified\":\"2026-04-27T13:47:47+00:00\",\"breadcrumb\":{\"@id\":\"https:\\\/\\\/www.meydan.tv\\\/az\\\/article\\\/enerji-diplomatiyasi-cexiya-az%c9%99rbaycani-strateji-t%c9%99r%c9%99fdas-kimi-t%c9%99qdim-edir\\\/#breadcrumb\"},\"inLanguage\":\"az\",\"potentialAction\":[{\"@type\":\"ReadAction\",\"target\":[\"https:\\\/\\\/www.meydan.tv\\\/az\\\/article\\\/enerji-diplomatiyasi-cexiya-az%c9%99rbaycani-strateji-t%c9%99r%c9%99fdas-kimi-t%c9%99qdim-edir\\\/\"]}]},{\"@type\":\"ImageObject\",\"inLanguage\":\"az\",\"@id\":\"https:\\\/\\\/www.meydan.tv\\\/az\\\/article\\\/enerji-diplomatiyasi-cexiya-az%c9%99rbaycani-strateji-t%c9%99r%c9%99fdas-kimi-t%c9%99qdim-edir\\\/#primaryimage\",\"url\":\"https:\\\/\\\/www.meydan.tv\\\/wp-content\\\/uploads\\\/17772809852062811977_1200x630.jpg\",\"contentUrl\":\"https:\\\/\\\/www.meydan.tv\\\/wp-content\\\/uploads\\\/17772809852062811977_1200x630.jpg\",\"width\":978,\"height\":630,\"caption\":\"Foto: Az\u0259rtac\"},{\"@type\":\"BreadcrumbList\",\"@id\":\"https:\\\/\\\/www.meydan.tv\\\/az\\\/article\\\/enerji-diplomatiyasi-cexiya-az%c9%99rbaycani-strateji-t%c9%99r%c9%99fdas-kimi-t%c9%99qdim-edir\\\/#breadcrumb\",\"itemListElement\":[{\"@type\":\"ListItem\",\"position\":1,\"name\":\"Ana s\u0259hif\u0259\",\"item\":\"https:\\\/\\\/www.meydan.tv\\\/az\\\/\"},{\"@type\":\"ListItem\",\"position\":2,\"name\":\"Siyas\u0259t\",\"item\":\"https:\\\/\\\/www.meydan.tv\\\/az\\\/section\\\/siyaset\\\/\"},{\"@type\":\"ListItem\",\"position\":3,\"name\":\"Enerji diplomatiyas\u0131: \u00c7exiya Az\u0259rbaycan\u0131 strateji t\u0259r\u0259fda\u015f kimi t\u0259qdim edir\"}]},{\"@type\":\"WebSite\",\"@id\":\"https:\\\/\\\/www.meydan.tv\\\/az\\\/#website\",\"url\":\"https:\\\/\\\/www.meydan.tv\\\/az\\\/\",\"name\":\"MEYDAN.TV\",\"description\":\"Meydan TV Az\u0259rbaycan\u0131n media m\u0259kan\u0131ndak\u0131 alternativ s\u0259sidir\",\"publisher\":{\"@id\":\"https:\\\/\\\/www.meydan.tv\\\/az\\\/#organization\"},\"potentialAction\":[{\"@type\":\"SearchAction\",\"target\":{\"@type\":\"EntryPoint\",\"urlTemplate\":\"https:\\\/\\\/www.meydan.tv\\\/az\\\/?s={search_term_string}\"},\"query-input\":{\"@type\":\"PropertyValueSpecification\",\"valueRequired\":true,\"valueName\":\"search_term_string\"}}],\"inLanguage\":\"az\"},{\"@type\":\"Organization\",\"@id\":\"https:\\\/\\\/www.meydan.tv\\\/az\\\/#organization\",\"name\":\"Meydan TV\",\"url\":\"https:\\\/\\\/www.meydan.tv\\\/az\\\/\",\"logo\":{\"@type\":\"ImageObject\",\"inLanguage\":\"az\",\"@id\":\"https:\\\/\\\/www.meydan.tv\\\/az\\\/#\\\/schema\\\/logo\\\/image\\\/\",\"url\":\"https:\\\/\\\/www.meydan.tv\\\/wp-content\\\/uploads\\\/2021\\\/07\\\/meydan-logo.svg\",\"contentUrl\":\"https:\\\/\\\/www.meydan.tv\\\/wp-content\\\/uploads\\\/2021\\\/07\\\/meydan-logo.svg\",\"width\":195,\"height\":46,\"caption\":\"Meydan TV\"},\"image\":{\"@id\":\"https:\\\/\\\/www.meydan.tv\\\/az\\\/#\\\/schema\\\/logo\\\/image\\\/\"}},{\"@type\":\"Person\",\"@id\":\"https:\\\/\\\/www.meydan.tv\\\/az\\\/#\\\/schema\\\/person\\\/09863e516102a829e72bedcf3f84c6b0\",\"name\":\"mahmud\"}]}<\/script>\n<!-- \/ Yoast SEO plugin. -->","yoast_head_json":{"title":"Enerji diplomatiyas\u0131: \u00c7exiya Az\u0259rbaycan\u0131 strateji t\u0259r\u0259fda\u015f kimi t\u0259qdim edir - MEYDAN.TV","robots":{"index":"index","follow":"follow","max-snippet":"max-snippet:-1","max-image-preview":"max-image-preview:large","max-video-preview":"max-video-preview:-1"},"canonical":"https:\/\/www.meydan.tv\/az\/article\/enerji-diplomatiyasi-cexiya-az%c9%99rbaycani-strateji-t%c9%99r%c9%99fdas-kimi-t%c9%99qdim-edir\/","og_locale":"az_AZ","og_type":"article","og_title":"Enerji diplomatiyas\u0131: \u00c7exiya Az\u0259rbaycan\u0131 strateji t\u0259r\u0259fda\u015f kimi t\u0259qdim edir - MEYDAN.TV","og_description":"Aprelin 27-d\u0259 Q\u0259b\u0259l\u0259d\u0259 \u00c7ex Respublikas\u0131n\u0131n Ba\u015f naziri Andrey Babi\u015f Az\u0259rbaycana ... Davam\u0131","og_url":"https:\/\/www.meydan.tv\/az\/article\/enerji-diplomatiyasi-cexiya-az%c9%99rbaycani-strateji-t%c9%99r%c9%99fdas-kimi-t%c9%99qdim-edir\/","og_site_name":"MEYDAN.TV","article_published_time":"2026-04-27T13:33:46+00:00","article_modified_time":"2026-04-27T13:47:47+00:00","og_image":[{"width":978,"height":630,"url":"https:\/\/www.meydan.tv\/wp-content\/uploads\/17772809852062811977_1200x630.jpg","type":"image\/jpeg"}],"author":"mahmud","twitter_card":"summary_large_image","schema":{"@context":"https:\/\/schema.org","@graph":[{"@type":"Article","@id":"https:\/\/www.meydan.tv\/az\/article\/enerji-diplomatiyasi-cexiya-az%c9%99rbaycani-strateji-t%c9%99r%c9%99fdas-kimi-t%c9%99qdim-edir\/#article","isPartOf":{"@id":"https:\/\/www.meydan.tv\/az\/article\/enerji-diplomatiyasi-cexiya-az%c9%99rbaycani-strateji-t%c9%99r%c9%99fdas-kimi-t%c9%99qdim-edir\/"},"author":{"name":"mahmud","@id":"https:\/\/www.meydan.tv\/az\/#\/schema\/person\/09863e516102a829e72bedcf3f84c6b0"},"headline":"Enerji diplomatiyas\u0131: \u00c7exiya Az\u0259rbaycan\u0131 strateji t\u0259r\u0259fda\u015f kimi t\u0259qdim edir","datePublished":"2026-04-27T13:33:46+00:00","dateModified":"2026-04-27T13:47:47+00:00","mainEntityOfPage":{"@id":"https:\/\/www.meydan.tv\/az\/article\/enerji-diplomatiyasi-cexiya-az%c9%99rbaycani-strateji-t%c9%99r%c9%99fdas-kimi-t%c9%99qdim-edir\/"},"wordCount":578,"publisher":{"@id":"https:\/\/www.meydan.tv\/az\/#organization"},"image":{"@id":"https:\/\/www.meydan.tv\/az\/article\/enerji-diplomatiyasi-cexiya-az%c9%99rbaycani-strateji-t%c9%99r%c9%99fdas-kimi-t%c9%99qdim-edir\/#primaryimage"},"thumbnailUrl":"https:\/\/www.meydan.tv\/wp-content\/uploads\/17772809852062811977_1200x630.jpg","articleSection":["Siyas\u0259t","T\u00f6vsiy\u0259","X\u0259b\u0259rl\u0259r"],"inLanguage":"az"},{"@type":"WebPage","@id":"https:\/\/www.meydan.tv\/az\/article\/enerji-diplomatiyasi-cexiya-az%c9%99rbaycani-strateji-t%c9%99r%c9%99fdas-kimi-t%c9%99qdim-edir\/","url":"https:\/\/www.meydan.tv\/az\/article\/enerji-diplomatiyasi-cexiya-az%c9%99rbaycani-strateji-t%c9%99r%c9%99fdas-kimi-t%c9%99qdim-edir\/","name":"Enerji diplomatiyas\u0131: \u00c7exiya Az\u0259rbaycan\u0131 strateji t\u0259r\u0259fda\u015f kimi t\u0259qdim edir - MEYDAN.TV","isPartOf":{"@id":"https:\/\/www.meydan.tv\/az\/#website"},"primaryImageOfPage":{"@id":"https:\/\/www.meydan.tv\/az\/article\/enerji-diplomatiyasi-cexiya-az%c9%99rbaycani-strateji-t%c9%99r%c9%99fdas-kimi-t%c9%99qdim-edir\/#primaryimage"},"image":{"@id":"https:\/\/www.meydan.tv\/az\/article\/enerji-diplomatiyasi-cexiya-az%c9%99rbaycani-strateji-t%c9%99r%c9%99fdas-kimi-t%c9%99qdim-edir\/#primaryimage"},"thumbnailUrl":"https:\/\/www.meydan.tv\/wp-content\/uploads\/17772809852062811977_1200x630.jpg","datePublished":"2026-04-27T13:33:46+00:00","dateModified":"2026-04-27T13:47:47+00:00","breadcrumb":{"@id":"https:\/\/www.meydan.tv\/az\/article\/enerji-diplomatiyasi-cexiya-az%c9%99rbaycani-strateji-t%c9%99r%c9%99fdas-kimi-t%c9%99qdim-edir\/#breadcrumb"},"inLanguage":"az","potentialAction":[{"@type":"ReadAction","target":["https:\/\/www.meydan.tv\/az\/article\/enerji-diplomatiyasi-cexiya-az%c9%99rbaycani-strateji-t%c9%99r%c9%99fdas-kimi-t%c9%99qdim-edir\/"]}]},{"@type":"ImageObject","inLanguage":"az","@id":"https:\/\/www.meydan.tv\/az\/article\/enerji-diplomatiyasi-cexiya-az%c9%99rbaycani-strateji-t%c9%99r%c9%99fdas-kimi-t%c9%99qdim-edir\/#primaryimage","url":"https:\/\/www.meydan.tv\/wp-content\/uploads\/17772809852062811977_1200x630.jpg","contentUrl":"https:\/\/www.meydan.tv\/wp-content\/uploads\/17772809852062811977_1200x630.jpg","width":978,"height":630,"caption":"Foto: Az\u0259rtac"},{"@type":"BreadcrumbList","@id":"https:\/\/www.meydan.tv\/az\/article\/enerji-diplomatiyasi-cexiya-az%c9%99rbaycani-strateji-t%c9%99r%c9%99fdas-kimi-t%c9%99qdim-edir\/#breadcrumb","itemListElement":[{"@type":"ListItem","position":1,"name":"Ana s\u0259hif\u0259","item":"https:\/\/www.meydan.tv\/az\/"},{"@type":"ListItem","position":2,"name":"Siyas\u0259t","item":"https:\/\/www.meydan.tv\/az\/section\/siyaset\/"},{"@type":"ListItem","position":3,"name":"Enerji diplomatiyas\u0131: \u00c7exiya Az\u0259rbaycan\u0131 strateji t\u0259r\u0259fda\u015f kimi t\u0259qdim edir"}]},{"@type":"WebSite","@id":"https:\/\/www.meydan.tv\/az\/#website","url":"https:\/\/www.meydan.tv\/az\/","name":"MEYDAN.TV","description":"Meydan TV Az\u0259rbaycan\u0131n media m\u0259kan\u0131ndak\u0131 alternativ s\u0259sidir","publisher":{"@id":"https:\/\/www.meydan.tv\/az\/#organization"},"potentialAction":[{"@type":"SearchAction","target":{"@type":"EntryPoint","urlTemplate":"https:\/\/www.meydan.tv\/az\/?s={search_term_string}"},"query-input":{"@type":"PropertyValueSpecification","valueRequired":true,"valueName":"search_term_string"}}],"inLanguage":"az"},{"@type":"Organization","@id":"https:\/\/www.meydan.tv\/az\/#organization","name":"Meydan TV","url":"https:\/\/www.meydan.tv\/az\/","logo":{"@type":"ImageObject","inLanguage":"az","@id":"https:\/\/www.meydan.tv\/az\/#\/schema\/logo\/image\/","url":"https:\/\/www.meydan.tv\/wp-content\/uploads\/2021\/07\/meydan-logo.svg","contentUrl":"https:\/\/www.meydan.tv\/wp-content\/uploads\/2021\/07\/meydan-logo.svg","width":195,"height":46,"caption":"Meydan TV"},"image":{"@id":"https:\/\/www.meydan.tv\/az\/#\/schema\/logo\/image\/"}},{"@type":"Person","@id":"https:\/\/www.meydan.tv\/az\/#\/schema\/person\/09863e516102a829e72bedcf3f84c6b0","name":"mahmud"}]}},"_links":{"self":[{"href":"https:\/\/www.meydan.tv\/az\/wp-json\/wp\/v2\/posts\/344404","targetHints":{"allow":["GET"]}}],"collection":[{"href":"https:\/\/www.meydan.tv\/az\/wp-json\/wp\/v2\/posts"}],"about":[{"href":"https:\/\/www.meydan.tv\/az\/wp-json\/wp\/v2\/types\/post"}],"author":[{"embeddable":true,"href":"https:\/\/www.meydan.tv\/az\/wp-json\/wp\/v2\/users\/21"}],"replies":[{"embeddable":true,"href":"https:\/\/www.meydan.tv\/az\/wp-json\/wp\/v2\/comments?post=344404"}],"version-history":[{"count":3,"href":"https:\/\/www.meydan.tv\/az\/wp-json\/wp\/v2\/posts\/344404\/revisions"}],"predecessor-version":[{"id":344410,"href":"https:\/\/www.meydan.tv\/az\/wp-json\/wp\/v2\/posts\/344404\/revisions\/344410"}],"wp:featuredmedia":[{"embeddable":true,"href":"https:\/\/www.meydan.tv\/az\/wp-json\/wp\/v2\/media\/344405"}],"wp:attachment":[{"href":"https:\/\/www.meydan.tv\/az\/wp-json\/wp\/v2\/media?parent=344404"}],"wp:term":[{"taxonomy":"category","embeddable":true,"href":"https:\/\/www.meydan.tv\/az\/wp-json\/wp\/v2\/categories?post=344404"},{"taxonomy":"post_tag","embeddable":true,"href":"https:\/\/www.meydan.tv\/az\/wp-json\/wp\/v2\/tags?post=344404"}],"curies":[{"name":"wp","href":"https:\/\/api.w.org\/{rel}","templated":true}]}}