{"id":344393,"date":"2026-04-27T17:01:02","date_gmt":"2026-04-27T13:01:02","guid":{"rendered":"https:\/\/www.meydan.tv\/?p=344393"},"modified":"2026-04-27T17:03:43","modified_gmt":"2026-04-27T13:03:43","slug":"erm%c9%99nistan-karapetyanin-partiyasinin-yuks%c9%99k-v%c9%99zif%c9%99li-uzvunu-h%c9%99bs-edib","status":"publish","type":"post","link":"https:\/\/www.meydan.tv\/az\/article\/erm%c9%99nistan-karapetyanin-partiyasinin-yuks%c9%99k-v%c9%99zif%c9%99li-uzvunu-h%c9%99bs-edib\/","title":{"rendered":"Erm\u0259nistanda Karapetyan\u0131n partiyas\u0131n\u0131n y\u00fcks\u0259k v\u0259zif\u0259li \u00fczv\u00fc h\u0259bs edilib"},"content":{"rendered":"\n<p>Rus-erm\u0259ni maqnat\u0131 Samvel Karapetyan\u0131n \u201cG\u00fccl\u00fc Erm\u0259nistan Partiyalar Alyans\u0131\u201dn\u0131n y\u00fcks\u0259k v\u0259zif\u0259li \u00fczvl\u0259rind\u0259n biri &#8211; Artur Avanesyan h\u0259bs edilib. Alyans\u0131n namiz\u0259dl\u0259r siyah\u0131s\u0131na daxil edilm\u0259y\u0259n Avanesyan, partiyan\u0131n t\u0259hl\u00fck\u0259sizlik siyas\u0259tinin planla\u015fd\u0131r\u0131lmas\u0131na cavabdeh olan qrupun r\u0259hb\u0259ri kimi t\u0259qdim olunur.<\/p>\n\n\n\n<p>OC Media <a href=\"https:\/\/oc-media.org\/armenia-arrests-senior-member-of-karapetyans-strong-armenia-party\/\" type=\"link\" id=\"https:\/\/oc-media.org\/armenia-arrests-senior-member-of-karapetyans-strong-armenia-party\/\" target=\"_blank\" rel=\"noreferrer noopener nofollow\">yaz\u0131r ki,<\/a> media m\u0259lumatlar\u0131ndan sonra Korrupsiyaya Qar\u015f\u0131 M\u00fcbariz\u0259 Komit\u0259si bazar ert\u0259si g\u00fcn\u00fc h\u0259bsi t\u0259sdiql\u0259yib, lakin bu m\u0259rh\u0259l\u0259d\u0259 \u0259lav\u0259 t\u0259f\u0259rr\u00fcat verm\u0259y\u0259c\u0259yini bildirib.<\/p>\n\n\n\n<p>Erm\u0259nistan\u0131n \u0130ctimai Televiziyas\u0131n\u0131n m\u0259lumat\u0131na g\u00f6r\u0259, Avanesyan \u201cse\u00e7ki r\u00fc\u015fv\u0259ti verm\u0259kd\u0259 \u015f\u00fcbh\u0259li bilin\u0259r\u0259k\u201d h\u0259bs edilib.<\/p>\n\n\n\n<p>D\u00f6vl\u0259t\u0259 m\u0259xsus Armenpress agentliyinin yazd\u0131\u011f\u0131na g\u00f6r\u0259, Avanesyan Erm\u0259nistan Silahl\u0131 Q\u00fcvv\u0259l\u0259rinin istefada olan polkovnikidir v\u0259 m\u00fcharib\u0259 veteran\u0131d\u0131r. Hetq sayt\u0131 is\u0259 onun daha \u0259vv\u0259l &#8220;Da\u011fl\u0131q Qaraba\u011f ordusu&#8221;nda x\u00fcsusi t\u0259yinatl\u0131 b\u00f6lm\u0259nin komandiri kimi xidm\u0259t etdiyini bildirib.<\/p>\n\n\n\n<p>H\u0259bsd\u0259n sonra Karapetyan\u0131n qarda\u015f\u0131 o\u011flu Narek Karapetyan Korrupsiyaya Qar\u015f\u0131 M\u00fcbariz\u0259 Komit\u0259sin\u0259 \u201cdinc istintaq\u201d arzulay\u0131b.<\/p>\n\n\n\n<p><em>\u201cAz\u0259rbaycanl\u0131lar\u0131n arzular\u0131n\u0131 h\u0259yata ke\u00e7ir\u0259nl\u0259ri erm\u0259nil\u0259rin arzular\u0131n\u0131 h\u0259yata ke\u00e7ir\u0259nl\u0259rl\u0259 \u0259v\u0259z etm\u0259liyik\u201d,<\/em> &#8211; dey\u0259 Karapetyan yaz\u0131b.<\/p>\n\n\n\n<p>Bundan \u0259lav\u0259, eyni g\u00fcn Erm\u0259nistan\u0131n \u0130stintaq Komit\u0259si aprelin 11-d\u0259 ke\u00e7irilmi\u015f \u201cG\u00fccl\u00fc Erm\u0259nistan\u201d mitinqind\u0259 i\u015ftirak \u00fc\u00e7\u00fcn maddi t\u0259\u015fviq g\u00f6st\u0259rilm\u0259si iddialar\u0131 il\u0259 ba\u011fl\u0131 bir ail\u0259nin d\u00f6rd \u00fczv\u00fc bar\u0259sind\u0259 istintaqa ba\u015flad\u0131\u011f\u0131n\u0131 elan edib.<\/p>\n\n\n\n<p>Hakimiyy\u0259t orqanlar\u0131 yaln\u0131z \u015f\u0259xsl\u0259rin ba\u015f h\u0259rfl\u0259rini a\u00e7\u0131qlay\u0131b, lakin ail\u0259nin mitinqd\u0259 i\u015ftirak \u00fc\u00e7\u00fcn \u201cazya\u015fl\u0131lar da daxil olmaqla bir qrup \u015f\u0259xs\u0259\u201d 10.000 dram (27 AB\u015e dollar\u0131) v\u0259d etdiyini iddia edib. Maliyy\u0259 t\u0259\u015fviql\u0259rind\u0259n \u0259lav\u0259, ail\u0259nin \u015eirak vilay\u0259tinin Pokr Manta\u015f k\u0259ndind\u0259n Yerevana n\u0259qliyyat t\u0259\u015fkil etdiyi v\u0259 k\u0259nd\u0259 qay\u0131td\u0131qdan sonra v\u0259d olunan m\u0259bl\u0259\u011fi \u00f6d\u0259diyi bildirilir.<\/p>\n\n\n\n<p>Ail\u0259 \u00fczvl\u0259rind\u0259n biri \u00f6lk\u0259d\u0259n \u00e7\u0131x\u0131\u015f qada\u011fas\u0131 il\u0259 ev dustaql\u0131\u011f\u0131na al\u0131n\u0131b, dig\u0259r iki n\u0259f\u0259r \u00f6lk\u0259d\u0259n \u00e7\u0131x\u0131\u015f qada\u011fas\u0131 il\u0259 inzibati n\u0259zar\u0259t\u0259 g\u00f6t\u00fcr\u00fcl\u00fcb, azya\u015fl\u0131 is\u0259 t\u0259rbiy\u0259vi n\u0259zar\u0259t alt\u0131na verilib.<\/p>\n\n\n\n<p>Bu hallar Karapetyan\u0131n t\u0259r\u0259fdarlar\u0131 il\u0259 ba\u011fl\u0131 apar\u0131lan bir ne\u00e7\u0259 istintaq\u0131n sonuncular\u0131d\u0131r v\u0259 hakimiyy\u0259t orqanlar\u0131 bunlar\u0131n se\u00e7ki r\u00fc\u015fv\u0259ti v\u0259 ya partiya mitinql\u0259rind\u0259 i\u015ftiraka s\u00f6vq etm\u0259 il\u0259 \u0259laq\u0259li oldu\u011funu bildirir.<\/p>\n\n\n\n<p>\u0130ctimai r\u0259y sor\u011fular\u0131 g\u00f6st\u0259rir ki, Karapetyan\u0131n alyans\u0131 7 iyun tarixind\u0259 ke\u00e7irilm\u0259si planla\u015fd\u0131r\u0131lan parlament se\u00e7kil\u0259rind\u0259 Ba\u015f nazir Nikol Pa\u015finyan\u0131n \u201cV\u0259t\u0259nda\u015f M\u00fcqavil\u0259si\u201d partiyas\u0131n\u0131n \u0259sas r\u0259qibi olacaq.<\/p>\n\n\n\n<p><em>Bu yaz\u0131 ingilis dilind\u0259n t\u0259rc\u00fcm\u0259 edilmi\u015fdir. Yaz\u0131n\u0131n \u0259slini OC Media-dan oxuya bil\u0259rsiniz.<\/em><\/p>\n","protected":false},"excerpt":{"rendered":"<p>Rus-erm\u0259ni maqnat\u0131 Samvel Karapetyan\u0131n \u201cG\u00fccl\u00fc Erm\u0259nistan Partiyalar Alyans\u0131\u201dn\u0131n y\u00fcks\u0259k v\u0259zif\u0259li &#8230; <\/p>\n<p class=\"read-more-container\"><a title=\"Erm\u0259nistanda Karapetyan\u0131n partiyas\u0131n\u0131n y\u00fcks\u0259k v\u0259zif\u0259li \u00fczv\u00fc h\u0259bs edilib\" class=\"read-more button\" href=\"https:\/\/www.meydan.tv\/az\/article\/erm%c9%99nistan-karapetyanin-partiyasinin-yuks%c9%99k-v%c9%99zif%c9%99li-uzvunu-h%c9%99bs-edib\/#more-344393\" aria-label=\"Read more about Erm\u0259nistanda Karapetyan\u0131n partiyas\u0131n\u0131n y\u00fcks\u0259k v\u0259zif\u0259li \u00fczv\u00fc h\u0259bs edilib\">Davam\u0131<\/a><\/p>\n","protected":false},"author":12,"featured_media":344394,"comment_status":"closed","ping_status":"closed","sticky":false,"template":"","format":"standard","meta":{"_acf_changed":false,"_sitemap_exclude":false,"_sitemap_priority":"","_sitemap_frequency":"","footnotes":""},"categories":[64,56],"tags":[],"class_list":["post-344393","post","type-post","status-publish","format-standard","has-post-thumbnail","hentry","category-dunya","category-xeberler","infinite-scroll-item","generate-columns","tablet-grid-50","mobile-grid-100","grid-parent","grid-33","no-featured-image-padding"],"acf":[],"yoast_head":"<!-- This site is optimized with the Yoast SEO plugin v27.4 - https:\/\/yoast.com\/product\/yoast-seo-wordpress\/ -->\n<title>Erm\u0259nistanda Karapetyan\u0131n partiyas\u0131n\u0131n y\u00fcks\u0259k v\u0259zif\u0259li \u00fczv\u00fc h\u0259bs edilib - MEYDAN.TV<\/title>\n<meta name=\"robots\" content=\"index, follow, max-snippet:-1, max-image-preview:large, max-video-preview:-1\" \/>\n<link rel=\"canonical\" href=\"https:\/\/www.meydan.tv\/az\/article\/erm%c9%99nistan-karapetyanin-partiyasinin-yuks%c9%99k-v%c9%99zif%c9%99li-uzvunu-h%c9%99bs-edib\/\" \/>\n<meta property=\"og:locale\" content=\"az_AZ\" \/>\n<meta property=\"og:type\" content=\"article\" \/>\n<meta property=\"og:title\" content=\"Erm\u0259nistanda Karapetyan\u0131n partiyas\u0131n\u0131n y\u00fcks\u0259k v\u0259zif\u0259li \u00fczv\u00fc h\u0259bs edilib - MEYDAN.TV\" \/>\n<meta property=\"og:description\" content=\"Rus-erm\u0259ni maqnat\u0131 Samvel Karapetyan\u0131n \u201cG\u00fccl\u00fc Erm\u0259nistan Partiyalar Alyans\u0131\u201dn\u0131n y\u00fcks\u0259k v\u0259zif\u0259li ... Davam\u0131\" \/>\n<meta property=\"og:url\" content=\"https:\/\/www.meydan.tv\/az\/article\/erm%c9%99nistan-karapetyanin-partiyasinin-yuks%c9%99k-v%c9%99zif%c9%99li-uzvunu-h%c9%99bs-edib\/\" \/>\n<meta property=\"og:site_name\" content=\"MEYDAN.TV\" \/>\n<meta property=\"article:published_time\" content=\"2026-04-27T13:01:02+00:00\" \/>\n<meta property=\"article:modified_time\" content=\"2026-04-27T13:03:43+00:00\" \/>\n<meta property=\"og:image\" content=\"https:\/\/www.meydan.tv\/wp-content\/uploads\/screenshot-2026-04-27-at-14.38.02.png\" \/>\n\t<meta property=\"og:image:width\" content=\"974\" \/>\n\t<meta property=\"og:image:height\" content=\"610\" \/>\n\t<meta property=\"og:image:type\" content=\"image\/png\" \/>\n<meta name=\"author\" content=\"aleks\" \/>\n<meta name=\"twitter:card\" content=\"summary_large_image\" \/>\n<script type=\"application\/ld+json\" class=\"yoast-schema-graph\">{\"@context\":\"https:\\\/\\\/schema.org\",\"@graph\":[{\"@type\":\"Article\",\"@id\":\"https:\\\/\\\/www.meydan.tv\\\/az\\\/article\\\/erm%c9%99nistan-karapetyanin-partiyasinin-yuks%c9%99k-v%c9%99zif%c9%99li-uzvunu-h%c9%99bs-edib\\\/#article\",\"isPartOf\":{\"@id\":\"https:\\\/\\\/www.meydan.tv\\\/az\\\/article\\\/erm%c9%99nistan-karapetyanin-partiyasinin-yuks%c9%99k-v%c9%99zif%c9%99li-uzvunu-h%c9%99bs-edib\\\/\"},\"author\":{\"name\":\"aleks\",\"@id\":\"https:\\\/\\\/www.meydan.tv\\\/az\\\/#\\\/schema\\\/person\\\/476e9360e593fa131d5d71d51866f8da\"},\"headline\":\"Erm\u0259nistanda Karapetyan\u0131n partiyas\u0131n\u0131n y\u00fcks\u0259k v\u0259zif\u0259li \u00fczv\u00fc h\u0259bs edilib\",\"datePublished\":\"2026-04-27T13:01:02+00:00\",\"dateModified\":\"2026-04-27T13:03:43+00:00\",\"mainEntityOfPage\":{\"@id\":\"https:\\\/\\\/www.meydan.tv\\\/az\\\/article\\\/erm%c9%99nistan-karapetyanin-partiyasinin-yuks%c9%99k-v%c9%99zif%c9%99li-uzvunu-h%c9%99bs-edib\\\/\"},\"wordCount\":545,\"publisher\":{\"@id\":\"https:\\\/\\\/www.meydan.tv\\\/az\\\/#organization\"},\"image\":{\"@id\":\"https:\\\/\\\/www.meydan.tv\\\/az\\\/article\\\/erm%c9%99nistan-karapetyanin-partiyasinin-yuks%c9%99k-v%c9%99zif%c9%99li-uzvunu-h%c9%99bs-edib\\\/#primaryimage\"},\"thumbnailUrl\":\"https:\\\/\\\/www.meydan.tv\\\/wp-content\\\/uploads\\\/screenshot-2026-04-27-at-14.38.02.png\",\"articleSection\":[\"D\u00fcnya\",\"X\u0259b\u0259rl\u0259r\"],\"inLanguage\":\"az\"},{\"@type\":\"WebPage\",\"@id\":\"https:\\\/\\\/www.meydan.tv\\\/az\\\/article\\\/erm%c9%99nistan-karapetyanin-partiyasinin-yuks%c9%99k-v%c9%99zif%c9%99li-uzvunu-h%c9%99bs-edib\\\/\",\"url\":\"https:\\\/\\\/www.meydan.tv\\\/az\\\/article\\\/erm%c9%99nistan-karapetyanin-partiyasinin-yuks%c9%99k-v%c9%99zif%c9%99li-uzvunu-h%c9%99bs-edib\\\/\",\"name\":\"Erm\u0259nistanda Karapetyan\u0131n partiyas\u0131n\u0131n y\u00fcks\u0259k v\u0259zif\u0259li \u00fczv\u00fc h\u0259bs edilib - MEYDAN.TV\",\"isPartOf\":{\"@id\":\"https:\\\/\\\/www.meydan.tv\\\/az\\\/#website\"},\"primaryImageOfPage\":{\"@id\":\"https:\\\/\\\/www.meydan.tv\\\/az\\\/article\\\/erm%c9%99nistan-karapetyanin-partiyasinin-yuks%c9%99k-v%c9%99zif%c9%99li-uzvunu-h%c9%99bs-edib\\\/#primaryimage\"},\"image\":{\"@id\":\"https:\\\/\\\/www.meydan.tv\\\/az\\\/article\\\/erm%c9%99nistan-karapetyanin-partiyasinin-yuks%c9%99k-v%c9%99zif%c9%99li-uzvunu-h%c9%99bs-edib\\\/#primaryimage\"},\"thumbnailUrl\":\"https:\\\/\\\/www.meydan.tv\\\/wp-content\\\/uploads\\\/screenshot-2026-04-27-at-14.38.02.png\",\"datePublished\":\"2026-04-27T13:01:02+00:00\",\"dateModified\":\"2026-04-27T13:03:43+00:00\",\"breadcrumb\":{\"@id\":\"https:\\\/\\\/www.meydan.tv\\\/az\\\/article\\\/erm%c9%99nistan-karapetyanin-partiyasinin-yuks%c9%99k-v%c9%99zif%c9%99li-uzvunu-h%c9%99bs-edib\\\/#breadcrumb\"},\"inLanguage\":\"az\",\"potentialAction\":[{\"@type\":\"ReadAction\",\"target\":[\"https:\\\/\\\/www.meydan.tv\\\/az\\\/article\\\/erm%c9%99nistan-karapetyanin-partiyasinin-yuks%c9%99k-v%c9%99zif%c9%99li-uzvunu-h%c9%99bs-edib\\\/\"]}]},{\"@type\":\"ImageObject\",\"inLanguage\":\"az\",\"@id\":\"https:\\\/\\\/www.meydan.tv\\\/az\\\/article\\\/erm%c9%99nistan-karapetyanin-partiyasinin-yuks%c9%99k-v%c9%99zif%c9%99li-uzvunu-h%c9%99bs-edib\\\/#primaryimage\",\"url\":\"https:\\\/\\\/www.meydan.tv\\\/wp-content\\\/uploads\\\/screenshot-2026-04-27-at-14.38.02.png\",\"contentUrl\":\"https:\\\/\\\/www.meydan.tv\\\/wp-content\\\/uploads\\\/screenshot-2026-04-27-at-14.38.02.png\",\"width\":974,\"height\":610,\"caption\":\"Artur Avanesyan, r\u0259smi foto\"},{\"@type\":\"BreadcrumbList\",\"@id\":\"https:\\\/\\\/www.meydan.tv\\\/az\\\/article\\\/erm%c9%99nistan-karapetyanin-partiyasinin-yuks%c9%99k-v%c9%99zif%c9%99li-uzvunu-h%c9%99bs-edib\\\/#breadcrumb\",\"itemListElement\":[{\"@type\":\"ListItem\",\"position\":1,\"name\":\"Ana s\u0259hif\u0259\",\"item\":\"https:\\\/\\\/www.meydan.tv\\\/az\\\/\"},{\"@type\":\"ListItem\",\"position\":2,\"name\":\"X\u0259b\u0259rl\u0259r\",\"item\":\"https:\\\/\\\/www.meydan.tv\\\/az\\\/section\\\/xeberler\\\/\"},{\"@type\":\"ListItem\",\"position\":3,\"name\":\"Erm\u0259nistanda Karapetyan\u0131n partiyas\u0131n\u0131n y\u00fcks\u0259k v\u0259zif\u0259li \u00fczv\u00fc h\u0259bs edilib\"}]},{\"@type\":\"WebSite\",\"@id\":\"https:\\\/\\\/www.meydan.tv\\\/az\\\/#website\",\"url\":\"https:\\\/\\\/www.meydan.tv\\\/az\\\/\",\"name\":\"MEYDAN.TV\",\"description\":\"Meydan TV Az\u0259rbaycan\u0131n media m\u0259kan\u0131ndak\u0131 alternativ s\u0259sidir\",\"publisher\":{\"@id\":\"https:\\\/\\\/www.meydan.tv\\\/az\\\/#organization\"},\"potentialAction\":[{\"@type\":\"SearchAction\",\"target\":{\"@type\":\"EntryPoint\",\"urlTemplate\":\"https:\\\/\\\/www.meydan.tv\\\/az\\\/?s={search_term_string}\"},\"query-input\":{\"@type\":\"PropertyValueSpecification\",\"valueRequired\":true,\"valueName\":\"search_term_string\"}}],\"inLanguage\":\"az\"},{\"@type\":\"Organization\",\"@id\":\"https:\\\/\\\/www.meydan.tv\\\/az\\\/#organization\",\"name\":\"Meydan TV\",\"url\":\"https:\\\/\\\/www.meydan.tv\\\/az\\\/\",\"logo\":{\"@type\":\"ImageObject\",\"inLanguage\":\"az\",\"@id\":\"https:\\\/\\\/www.meydan.tv\\\/az\\\/#\\\/schema\\\/logo\\\/image\\\/\",\"url\":\"https:\\\/\\\/www.meydan.tv\\\/wp-content\\\/uploads\\\/2021\\\/07\\\/meydan-logo.svg\",\"contentUrl\":\"https:\\\/\\\/www.meydan.tv\\\/wp-content\\\/uploads\\\/2021\\\/07\\\/meydan-logo.svg\",\"width\":195,\"height\":46,\"caption\":\"Meydan TV\"},\"image\":{\"@id\":\"https:\\\/\\\/www.meydan.tv\\\/az\\\/#\\\/schema\\\/logo\\\/image\\\/\"}},{\"@type\":\"Person\",\"@id\":\"https:\\\/\\\/www.meydan.tv\\\/az\\\/#\\\/schema\\\/person\\\/476e9360e593fa131d5d71d51866f8da\",\"name\":\"aleks\"}]}<\/script>\n<!-- \/ Yoast SEO plugin. -->","yoast_head_json":{"title":"Erm\u0259nistanda Karapetyan\u0131n partiyas\u0131n\u0131n y\u00fcks\u0259k v\u0259zif\u0259li \u00fczv\u00fc h\u0259bs edilib - MEYDAN.TV","robots":{"index":"index","follow":"follow","max-snippet":"max-snippet:-1","max-image-preview":"max-image-preview:large","max-video-preview":"max-video-preview:-1"},"canonical":"https:\/\/www.meydan.tv\/az\/article\/erm%c9%99nistan-karapetyanin-partiyasinin-yuks%c9%99k-v%c9%99zif%c9%99li-uzvunu-h%c9%99bs-edib\/","og_locale":"az_AZ","og_type":"article","og_title":"Erm\u0259nistanda Karapetyan\u0131n partiyas\u0131n\u0131n y\u00fcks\u0259k v\u0259zif\u0259li \u00fczv\u00fc h\u0259bs edilib - MEYDAN.TV","og_description":"Rus-erm\u0259ni maqnat\u0131 Samvel Karapetyan\u0131n \u201cG\u00fccl\u00fc Erm\u0259nistan Partiyalar Alyans\u0131\u201dn\u0131n y\u00fcks\u0259k v\u0259zif\u0259li ... Davam\u0131","og_url":"https:\/\/www.meydan.tv\/az\/article\/erm%c9%99nistan-karapetyanin-partiyasinin-yuks%c9%99k-v%c9%99zif%c9%99li-uzvunu-h%c9%99bs-edib\/","og_site_name":"MEYDAN.TV","article_published_time":"2026-04-27T13:01:02+00:00","article_modified_time":"2026-04-27T13:03:43+00:00","og_image":[{"width":974,"height":610,"url":"https:\/\/www.meydan.tv\/wp-content\/uploads\/screenshot-2026-04-27-at-14.38.02.png","type":"image\/png"}],"author":"aleks","twitter_card":"summary_large_image","schema":{"@context":"https:\/\/schema.org","@graph":[{"@type":"Article","@id":"https:\/\/www.meydan.tv\/az\/article\/erm%c9%99nistan-karapetyanin-partiyasinin-yuks%c9%99k-v%c9%99zif%c9%99li-uzvunu-h%c9%99bs-edib\/#article","isPartOf":{"@id":"https:\/\/www.meydan.tv\/az\/article\/erm%c9%99nistan-karapetyanin-partiyasinin-yuks%c9%99k-v%c9%99zif%c9%99li-uzvunu-h%c9%99bs-edib\/"},"author":{"name":"aleks","@id":"https:\/\/www.meydan.tv\/az\/#\/schema\/person\/476e9360e593fa131d5d71d51866f8da"},"headline":"Erm\u0259nistanda Karapetyan\u0131n partiyas\u0131n\u0131n y\u00fcks\u0259k v\u0259zif\u0259li \u00fczv\u00fc h\u0259bs edilib","datePublished":"2026-04-27T13:01:02+00:00","dateModified":"2026-04-27T13:03:43+00:00","mainEntityOfPage":{"@id":"https:\/\/www.meydan.tv\/az\/article\/erm%c9%99nistan-karapetyanin-partiyasinin-yuks%c9%99k-v%c9%99zif%c9%99li-uzvunu-h%c9%99bs-edib\/"},"wordCount":545,"publisher":{"@id":"https:\/\/www.meydan.tv\/az\/#organization"},"image":{"@id":"https:\/\/www.meydan.tv\/az\/article\/erm%c9%99nistan-karapetyanin-partiyasinin-yuks%c9%99k-v%c9%99zif%c9%99li-uzvunu-h%c9%99bs-edib\/#primaryimage"},"thumbnailUrl":"https:\/\/www.meydan.tv\/wp-content\/uploads\/screenshot-2026-04-27-at-14.38.02.png","articleSection":["D\u00fcnya","X\u0259b\u0259rl\u0259r"],"inLanguage":"az"},{"@type":"WebPage","@id":"https:\/\/www.meydan.tv\/az\/article\/erm%c9%99nistan-karapetyanin-partiyasinin-yuks%c9%99k-v%c9%99zif%c9%99li-uzvunu-h%c9%99bs-edib\/","url":"https:\/\/www.meydan.tv\/az\/article\/erm%c9%99nistan-karapetyanin-partiyasinin-yuks%c9%99k-v%c9%99zif%c9%99li-uzvunu-h%c9%99bs-edib\/","name":"Erm\u0259nistanda Karapetyan\u0131n partiyas\u0131n\u0131n y\u00fcks\u0259k v\u0259zif\u0259li \u00fczv\u00fc h\u0259bs edilib - MEYDAN.TV","isPartOf":{"@id":"https:\/\/www.meydan.tv\/az\/#website"},"primaryImageOfPage":{"@id":"https:\/\/www.meydan.tv\/az\/article\/erm%c9%99nistan-karapetyanin-partiyasinin-yuks%c9%99k-v%c9%99zif%c9%99li-uzvunu-h%c9%99bs-edib\/#primaryimage"},"image":{"@id":"https:\/\/www.meydan.tv\/az\/article\/erm%c9%99nistan-karapetyanin-partiyasinin-yuks%c9%99k-v%c9%99zif%c9%99li-uzvunu-h%c9%99bs-edib\/#primaryimage"},"thumbnailUrl":"https:\/\/www.meydan.tv\/wp-content\/uploads\/screenshot-2026-04-27-at-14.38.02.png","datePublished":"2026-04-27T13:01:02+00:00","dateModified":"2026-04-27T13:03:43+00:00","breadcrumb":{"@id":"https:\/\/www.meydan.tv\/az\/article\/erm%c9%99nistan-karapetyanin-partiyasinin-yuks%c9%99k-v%c9%99zif%c9%99li-uzvunu-h%c9%99bs-edib\/#breadcrumb"},"inLanguage":"az","potentialAction":[{"@type":"ReadAction","target":["https:\/\/www.meydan.tv\/az\/article\/erm%c9%99nistan-karapetyanin-partiyasinin-yuks%c9%99k-v%c9%99zif%c9%99li-uzvunu-h%c9%99bs-edib\/"]}]},{"@type":"ImageObject","inLanguage":"az","@id":"https:\/\/www.meydan.tv\/az\/article\/erm%c9%99nistan-karapetyanin-partiyasinin-yuks%c9%99k-v%c9%99zif%c9%99li-uzvunu-h%c9%99bs-edib\/#primaryimage","url":"https:\/\/www.meydan.tv\/wp-content\/uploads\/screenshot-2026-04-27-at-14.38.02.png","contentUrl":"https:\/\/www.meydan.tv\/wp-content\/uploads\/screenshot-2026-04-27-at-14.38.02.png","width":974,"height":610,"caption":"Artur Avanesyan, r\u0259smi foto"},{"@type":"BreadcrumbList","@id":"https:\/\/www.meydan.tv\/az\/article\/erm%c9%99nistan-karapetyanin-partiyasinin-yuks%c9%99k-v%c9%99zif%c9%99li-uzvunu-h%c9%99bs-edib\/#breadcrumb","itemListElement":[{"@type":"ListItem","position":1,"name":"Ana s\u0259hif\u0259","item":"https:\/\/www.meydan.tv\/az\/"},{"@type":"ListItem","position":2,"name":"X\u0259b\u0259rl\u0259r","item":"https:\/\/www.meydan.tv\/az\/section\/xeberler\/"},{"@type":"ListItem","position":3,"name":"Erm\u0259nistanda Karapetyan\u0131n partiyas\u0131n\u0131n y\u00fcks\u0259k v\u0259zif\u0259li \u00fczv\u00fc h\u0259bs edilib"}]},{"@type":"WebSite","@id":"https:\/\/www.meydan.tv\/az\/#website","url":"https:\/\/www.meydan.tv\/az\/","name":"MEYDAN.TV","description":"Meydan TV Az\u0259rbaycan\u0131n media m\u0259kan\u0131ndak\u0131 alternativ s\u0259sidir","publisher":{"@id":"https:\/\/www.meydan.tv\/az\/#organization"},"potentialAction":[{"@type":"SearchAction","target":{"@type":"EntryPoint","urlTemplate":"https:\/\/www.meydan.tv\/az\/?s={search_term_string}"},"query-input":{"@type":"PropertyValueSpecification","valueRequired":true,"valueName":"search_term_string"}}],"inLanguage":"az"},{"@type":"Organization","@id":"https:\/\/www.meydan.tv\/az\/#organization","name":"Meydan TV","url":"https:\/\/www.meydan.tv\/az\/","logo":{"@type":"ImageObject","inLanguage":"az","@id":"https:\/\/www.meydan.tv\/az\/#\/schema\/logo\/image\/","url":"https:\/\/www.meydan.tv\/wp-content\/uploads\/2021\/07\/meydan-logo.svg","contentUrl":"https:\/\/www.meydan.tv\/wp-content\/uploads\/2021\/07\/meydan-logo.svg","width":195,"height":46,"caption":"Meydan TV"},"image":{"@id":"https:\/\/www.meydan.tv\/az\/#\/schema\/logo\/image\/"}},{"@type":"Person","@id":"https:\/\/www.meydan.tv\/az\/#\/schema\/person\/476e9360e593fa131d5d71d51866f8da","name":"aleks"}]}},"_links":{"self":[{"href":"https:\/\/www.meydan.tv\/az\/wp-json\/wp\/v2\/posts\/344393","targetHints":{"allow":["GET"]}}],"collection":[{"href":"https:\/\/www.meydan.tv\/az\/wp-json\/wp\/v2\/posts"}],"about":[{"href":"https:\/\/www.meydan.tv\/az\/wp-json\/wp\/v2\/types\/post"}],"author":[{"embeddable":true,"href":"https:\/\/www.meydan.tv\/az\/wp-json\/wp\/v2\/users\/12"}],"replies":[{"embeddable":true,"href":"https:\/\/www.meydan.tv\/az\/wp-json\/wp\/v2\/comments?post=344393"}],"version-history":[{"count":7,"href":"https:\/\/www.meydan.tv\/az\/wp-json\/wp\/v2\/posts\/344393\/revisions"}],"predecessor-version":[{"id":344403,"href":"https:\/\/www.meydan.tv\/az\/wp-json\/wp\/v2\/posts\/344393\/revisions\/344403"}],"wp:featuredmedia":[{"embeddable":true,"href":"https:\/\/www.meydan.tv\/az\/wp-json\/wp\/v2\/media\/344394"}],"wp:attachment":[{"href":"https:\/\/www.meydan.tv\/az\/wp-json\/wp\/v2\/media?parent=344393"}],"wp:term":[{"taxonomy":"category","embeddable":true,"href":"https:\/\/www.meydan.tv\/az\/wp-json\/wp\/v2\/categories?post=344393"},{"taxonomy":"post_tag","embeddable":true,"href":"https:\/\/www.meydan.tv\/az\/wp-json\/wp\/v2\/tags?post=344393"}],"curies":[{"name":"wp","href":"https:\/\/api.w.org\/{rel}","templated":true}]}}