{"id":344391,"date":"2026-04-27T15:30:53","date_gmt":"2026-04-27T11:30:53","guid":{"rendered":"https:\/\/www.meydan.tv\/?p=344391"},"modified":"2026-04-27T16:03:24","modified_gmt":"2026-04-27T12:03:24","slug":"abs-nin-bir-sira-alim-v%c9%99-t%c9%99l%c9%99b%c9%99-t%c9%99skilatlari-iqbal-ebilovla-bagli-kampaniyaya-baslayiblar","status":"publish","type":"post","link":"https:\/\/www.meydan.tv\/az\/article\/abs-nin-bir-sira-alim-v%c9%99-t%c9%99l%c9%99b%c9%99-t%c9%99skilatlari-iqbal-ebilovla-bagli-kampaniyaya-baslayiblar\/","title":{"rendered":"AB\u015e-nin bir s\u0131ra alim v\u0259 t\u0259l\u0259b\u0259 t\u0259\u015fkilatlar\u0131 \u0130qbal \u018fbilovla ba\u011fl\u0131 kampaniyaya ba\u015flay\u0131blar"},"content":{"rendered":"\n<p>AB\u015e-d\u0259 f\u0259aliyy\u0259t g\u00f6st\u0259r\u0259n \u201cMuhlenberg College\u201d icmas\u0131n\u0131n bir s\u0131ra alim v\u0259 t\u0259l\u0259b\u0259 t\u0259\u015fkilatlar\u0131 haz\u0131rda h\u0259bsd\u0259 olan \u201cTal\u0131\u015f Milli Akademiyas\u0131n\u0131n X\u0259b\u0259rl\u0259ri\u201d sayt\u0131n\u0131n ba\u015f redaktoru, etnik t\u0259dqiqat\u00e7\u0131, 18 il azadl\u0131qdan m\u0259hrum edilmi\u015f \u0130qbal \u018fbilov bar\u0259d\u0259 petisiya ba\u015flad\u0131b.<\/p>\n\n\n\n<p>\u0130cma \u00fczvl\u0259ri <a href=\"https:\/\/muhlenbergweekly.com\/campus-voices\/dont-let-your-scholars-disappear-under-authoritarianism\/\" target=\"_blank\" rel=\"noreferrer noopener nofollow\">bildiribl\u0259r <\/a>ki, \u018fbilovun h\u0259bsi \u0259dal\u0259tli m\u0259hk\u0259m\u0259 sistemi, ifad\u0259 azadl\u0131\u011f\u0131 v\u0259 haqs\u0131z h\u0259bsl\u0259r bar\u0259d\u0259 narahatl\u0131q yarad\u0131r. Onlar\u0131n s\u00f6zl\u0259rin\u0259 g\u00f6r\u0259, m\u0259s\u0259l\u0259 h\u0259llini tapmazsa, bu, aliml\u0259rin uzunm\u00fcdd\u0259tli h\u0259bsini normalla\u015fd\u0131r\u0131r:<\/p>\n\n\n\n<p><em>\u201c<\/em><em>Belarus D\u00f6vl\u0259t Universitetinin professoru \u0130qbal \u018fbilov Az\u0259rbaycan h\u00f6kum\u0259ti t\u0259r\u0259find\u0259n d\u00f6vl\u0259t x\u0259yan\u0259ti \u015f\u00fcbh\u0259si il\u0259 h\u0259bs olunub. \u018fbilov qohumunun toyuna qat\u0131lmaq \u00fc\u00e7\u00fcn Az\u0259rbaycana s\u0259f\u0259r ed\u0259rk\u0259n h\u0259bs olunub. O, haqs\u0131z yer\u0259 saxlan\u0131l\u0131b, m\u0259hk\u0259m\u0259 prosesl\u0259ri gecikir v\u0259 apellyasiyalar\u0131 r\u0259dd edilir. 600 g\u00fcnd\u0259n art\u0131qd\u0131r ki, ail\u0259si v\u0259 v\u0259kill\u0259ri il\u0259 a\u00e7\u0131q \u00fcnsiyy\u0259td\u0259n m\u0259hrum edilib<\/em><em>\u201d.<\/em><\/p>\n\n\n\n<p>Bundan ba\u015fqa onlar qeyd edib ki, \u0130qbal \u018fbilovun h\u0259bsin\u0259 s\u0259b\u0259b onun milli azl\u0131qlar\u0131n h\u00fcquqlar\u0131n\u0131 m\u00fcdafi\u0259 etm\u0259si, h\u0259m\u00e7inin bu y\u00f6nd\u0259 t\u0259dqiqatlar aparmas\u0131 il\u0259 ba\u011fl\u0131d\u0131r.&nbsp;<\/p>\n\n\n\n<p><em>\u201c<\/em><em>\u018fbilovun qohumlar\u0131na g\u00f6r\u0259, o, c\u0259miyy\u0259tinin \u0259sl q\u0259hr\u0259man\u0131d\u0131r v\u0259 onun h\u0259bs olunmas\u0131n\u0131n \u0259sl s\u0259b\u0259bi m\u0259d\u0259niyy\u0259tin\u0259 v\u0259 c\u0259miyy\u0259tin\u0259 sadiq qalmas\u0131d\u0131r. Onun \u00f6z\u00fc d\u0259 daxil olmaqla m\u00fcxt\u0259lif milli azl\u0131qlar\u0131n, o c\u00fcml\u0259d\u0259n Az\u0259rbaycan\u0131n tal\u0131\u015flar\u0131n\u0131n qorunmas\u0131na y\u00f6n\u0259lmi\u015f t\u0259dqiqatlar\u0131 v\u0259 f\u0259aliyy\u0259ti onun t\u0259qib olunmas\u0131na s\u0259b\u0259b olub<\/em><em>\u201d,<\/em> &#8211; dey\u0259 qeyd edilib.<\/p>\n\n\n\n<p>\u0130qbal \u018fbilov 2025-ci il may\u0131n 20-d\u0259 L\u0259nk\u0259ran A\u011f\u0131r Cinay\u0259tl\u0259r M\u0259hk\u0259m\u0259sinin q\u0259rar\u0131 il\u0259 18 il m\u00fcdd\u0259tin\u0259 azadl\u0131qdan m\u0259hrum edilib.<\/p>\n\n\n\n<p>\u018fbilov Cinay\u0259t M\u0259c\u0259ll\u0259sinin 274 (d\u00f6vl\u0259t\u0259 x\u0259yan\u0259t), 281.3 (d\u00f6vl\u0259t \u0259leyhin\u0259 y\u00f6n\u0259l\u0259n a\u00e7\u0131q \u00e7a\u011f\u0131r\u0131\u015flar \u2013 xarici t\u0259\u015fkilatlar\u0131n v\u0259 onlar\u0131n n\u00fcmay\u0259nd\u0259l\u0259rinin tap\u015f\u0131r\u0131\u011f\u0131 il\u0259 t\u00f6r\u0259dildikd\u0259) v\u0259 283.1-ci (milli, irqi, sosial v\u0259 ya dini nifr\u0259t v\u0259 d\u00fc\u015fm\u0259n\u00e7iliyin sal\u0131nmas\u0131) madd\u0259l\u0259ril\u0259 ittiham olunub.<\/p>\n\n\n\n<p>O, bu ittihamlar\u0131 t\u0259kzib edir, elmi t\u0259dqiqatla m\u0259\u015f\u011ful oldu\u011funu bildirir.<\/p>\n","protected":false},"excerpt":{"rendered":"<p>AB\u015e-d\u0259 f\u0259aliyy\u0259t g\u00f6st\u0259r\u0259n \u201cMuhlenberg College\u201d icmas\u0131n\u0131n bir s\u0131ra alim v\u0259 &#8230; <\/p>\n<p class=\"read-more-container\"><a title=\"AB\u015e-nin bir s\u0131ra alim v\u0259 t\u0259l\u0259b\u0259 t\u0259\u015fkilatlar\u0131 \u0130qbal \u018fbilovla ba\u011fl\u0131 kampaniyaya ba\u015flay\u0131blar\" class=\"read-more button\" href=\"https:\/\/www.meydan.tv\/az\/article\/abs-nin-bir-sira-alim-v%c9%99-t%c9%99l%c9%99b%c9%99-t%c9%99skilatlari-iqbal-ebilovla-bagli-kampaniyaya-baslayiblar\/#more-344391\" aria-label=\"Read more about AB\u015e-nin bir s\u0131ra alim v\u0259 t\u0259l\u0259b\u0259 t\u0259\u015fkilatlar\u0131 \u0130qbal \u018fbilovla ba\u011fl\u0131 kampaniyaya ba\u015flay\u0131blar\">Davam\u0131<\/a><\/p>\n","protected":false},"author":21,"featured_media":314268,"comment_status":"closed","ping_status":"closed","sticky":false,"template":"","format":"standard","meta":{"_acf_changed":false,"_sitemap_exclude":false,"_sitemap_priority":"","_sitemap_frequency":"","footnotes":""},"categories":[59,79,56],"tags":[],"class_list":["post-344391","post","type-post","status-publish","format-standard","has-post-thumbnail","hentry","category-siyaset","category-featured","category-xeberler","infinite-scroll-item","generate-columns","tablet-grid-50","mobile-grid-100","grid-parent","grid-33","no-featured-image-padding"],"acf":[],"yoast_head":"<!-- This site is optimized with the Yoast SEO plugin v27.4 - https:\/\/yoast.com\/product\/yoast-seo-wordpress\/ -->\n<title>AB\u015e-nin bir s\u0131ra alim v\u0259 t\u0259l\u0259b\u0259 t\u0259\u015fkilatlar\u0131 \u0130qbal \u018fbilovla ba\u011fl\u0131 kampaniyaya ba\u015flay\u0131blar - MEYDAN.TV<\/title>\n<meta name=\"robots\" content=\"index, follow, max-snippet:-1, max-image-preview:large, max-video-preview:-1\" \/>\n<link rel=\"canonical\" href=\"https:\/\/www.meydan.tv\/az\/article\/abs-nin-bir-sira-alim-v%c9%99-t%c9%99l%c9%99b%c9%99-t%c9%99skilatlari-iqbal-ebilovla-bagli-kampaniyaya-baslayiblar\/\" \/>\n<meta property=\"og:locale\" content=\"az_AZ\" \/>\n<meta property=\"og:type\" content=\"article\" \/>\n<meta property=\"og:title\" content=\"AB\u015e-nin bir s\u0131ra alim v\u0259 t\u0259l\u0259b\u0259 t\u0259\u015fkilatlar\u0131 \u0130qbal \u018fbilovla ba\u011fl\u0131 kampaniyaya ba\u015flay\u0131blar - MEYDAN.TV\" \/>\n<meta property=\"og:description\" content=\"AB\u015e-d\u0259 f\u0259aliyy\u0259t g\u00f6st\u0259r\u0259n \u201cMuhlenberg College\u201d icmas\u0131n\u0131n bir s\u0131ra alim v\u0259 ... Davam\u0131\" \/>\n<meta property=\"og:url\" content=\"https:\/\/www.meydan.tv\/az\/article\/abs-nin-bir-sira-alim-v%c9%99-t%c9%99l%c9%99b%c9%99-t%c9%99skilatlari-iqbal-ebilovla-bagli-kampaniyaya-baslayiblar\/\" \/>\n<meta property=\"og:site_name\" content=\"MEYDAN.TV\" \/>\n<meta property=\"article:published_time\" content=\"2026-04-27T11:30:53+00:00\" \/>\n<meta property=\"article:modified_time\" content=\"2026-04-27T12:03:24+00:00\" \/>\n<meta property=\"og:image\" content=\"https:\/\/www.meydan.tv\/wp-content\/uploads\/img_4095.jpg\" \/>\n\t<meta property=\"og:image:width\" content=\"2259\" \/>\n\t<meta property=\"og:image:height\" content=\"1290\" \/>\n\t<meta property=\"og:image:type\" content=\"image\/jpeg\" \/>\n<meta name=\"author\" content=\"mahmud\" \/>\n<meta name=\"twitter:card\" content=\"summary_large_image\" \/>\n<script type=\"application\/ld+json\" class=\"yoast-schema-graph\">{\"@context\":\"https:\\\/\\\/schema.org\",\"@graph\":[{\"@type\":\"Article\",\"@id\":\"https:\\\/\\\/www.meydan.tv\\\/az\\\/article\\\/abs-nin-bir-sira-alim-v%c9%99-t%c9%99l%c9%99b%c9%99-t%c9%99skilatlari-iqbal-ebilovla-bagli-kampaniyaya-baslayiblar\\\/#article\",\"isPartOf\":{\"@id\":\"https:\\\/\\\/www.meydan.tv\\\/az\\\/article\\\/abs-nin-bir-sira-alim-v%c9%99-t%c9%99l%c9%99b%c9%99-t%c9%99skilatlari-iqbal-ebilovla-bagli-kampaniyaya-baslayiblar\\\/\"},\"author\":{\"name\":\"mahmud\",\"@id\":\"https:\\\/\\\/www.meydan.tv\\\/az\\\/#\\\/schema\\\/person\\\/09863e516102a829e72bedcf3f84c6b0\"},\"headline\":\"AB\u015e-nin bir s\u0131ra alim v\u0259 t\u0259l\u0259b\u0259 t\u0259\u015fkilatlar\u0131 \u0130qbal \u018fbilovla ba\u011fl\u0131 kampaniyaya ba\u015flay\u0131blar\",\"datePublished\":\"2026-04-27T11:30:53+00:00\",\"dateModified\":\"2026-04-27T12:03:24+00:00\",\"mainEntityOfPage\":{\"@id\":\"https:\\\/\\\/www.meydan.tv\\\/az\\\/article\\\/abs-nin-bir-sira-alim-v%c9%99-t%c9%99l%c9%99b%c9%99-t%c9%99skilatlari-iqbal-ebilovla-bagli-kampaniyaya-baslayiblar\\\/\"},\"wordCount\":458,\"publisher\":{\"@id\":\"https:\\\/\\\/www.meydan.tv\\\/az\\\/#organization\"},\"image\":{\"@id\":\"https:\\\/\\\/www.meydan.tv\\\/az\\\/article\\\/abs-nin-bir-sira-alim-v%c9%99-t%c9%99l%c9%99b%c9%99-t%c9%99skilatlari-iqbal-ebilovla-bagli-kampaniyaya-baslayiblar\\\/#primaryimage\"},\"thumbnailUrl\":\"https:\\\/\\\/www.meydan.tv\\\/wp-content\\\/uploads\\\/img_4095.jpg\",\"articleSection\":[\"Siyas\u0259t\",\"T\u00f6vsiy\u0259\",\"X\u0259b\u0259rl\u0259r\"],\"inLanguage\":\"az\"},{\"@type\":\"WebPage\",\"@id\":\"https:\\\/\\\/www.meydan.tv\\\/az\\\/article\\\/abs-nin-bir-sira-alim-v%c9%99-t%c9%99l%c9%99b%c9%99-t%c9%99skilatlari-iqbal-ebilovla-bagli-kampaniyaya-baslayiblar\\\/\",\"url\":\"https:\\\/\\\/www.meydan.tv\\\/az\\\/article\\\/abs-nin-bir-sira-alim-v%c9%99-t%c9%99l%c9%99b%c9%99-t%c9%99skilatlari-iqbal-ebilovla-bagli-kampaniyaya-baslayiblar\\\/\",\"name\":\"AB\u015e-nin bir s\u0131ra alim v\u0259 t\u0259l\u0259b\u0259 t\u0259\u015fkilatlar\u0131 \u0130qbal \u018fbilovla ba\u011fl\u0131 kampaniyaya ba\u015flay\u0131blar - MEYDAN.TV\",\"isPartOf\":{\"@id\":\"https:\\\/\\\/www.meydan.tv\\\/az\\\/#website\"},\"primaryImageOfPage\":{\"@id\":\"https:\\\/\\\/www.meydan.tv\\\/az\\\/article\\\/abs-nin-bir-sira-alim-v%c9%99-t%c9%99l%c9%99b%c9%99-t%c9%99skilatlari-iqbal-ebilovla-bagli-kampaniyaya-baslayiblar\\\/#primaryimage\"},\"image\":{\"@id\":\"https:\\\/\\\/www.meydan.tv\\\/az\\\/article\\\/abs-nin-bir-sira-alim-v%c9%99-t%c9%99l%c9%99b%c9%99-t%c9%99skilatlari-iqbal-ebilovla-bagli-kampaniyaya-baslayiblar\\\/#primaryimage\"},\"thumbnailUrl\":\"https:\\\/\\\/www.meydan.tv\\\/wp-content\\\/uploads\\\/img_4095.jpg\",\"datePublished\":\"2026-04-27T11:30:53+00:00\",\"dateModified\":\"2026-04-27T12:03:24+00:00\",\"breadcrumb\":{\"@id\":\"https:\\\/\\\/www.meydan.tv\\\/az\\\/article\\\/abs-nin-bir-sira-alim-v%c9%99-t%c9%99l%c9%99b%c9%99-t%c9%99skilatlari-iqbal-ebilovla-bagli-kampaniyaya-baslayiblar\\\/#breadcrumb\"},\"inLanguage\":\"az\",\"potentialAction\":[{\"@type\":\"ReadAction\",\"target\":[\"https:\\\/\\\/www.meydan.tv\\\/az\\\/article\\\/abs-nin-bir-sira-alim-v%c9%99-t%c9%99l%c9%99b%c9%99-t%c9%99skilatlari-iqbal-ebilovla-bagli-kampaniyaya-baslayiblar\\\/\"]}]},{\"@type\":\"ImageObject\",\"inLanguage\":\"az\",\"@id\":\"https:\\\/\\\/www.meydan.tv\\\/az\\\/article\\\/abs-nin-bir-sira-alim-v%c9%99-t%c9%99l%c9%99b%c9%99-t%c9%99skilatlari-iqbal-ebilovla-bagli-kampaniyaya-baslayiblar\\\/#primaryimage\",\"url\":\"https:\\\/\\\/www.meydan.tv\\\/wp-content\\\/uploads\\\/img_4095.jpg\",\"contentUrl\":\"https:\\\/\\\/www.meydan.tv\\\/wp-content\\\/uploads\\\/img_4095.jpg\",\"width\":2259,\"height\":1290,\"caption\":\"\u0130qbal \u018fbilov. Foto: \u00dclviyy\u0259 \u018fli\"},{\"@type\":\"BreadcrumbList\",\"@id\":\"https:\\\/\\\/www.meydan.tv\\\/az\\\/article\\\/abs-nin-bir-sira-alim-v%c9%99-t%c9%99l%c9%99b%c9%99-t%c9%99skilatlari-iqbal-ebilovla-bagli-kampaniyaya-baslayiblar\\\/#breadcrumb\",\"itemListElement\":[{\"@type\":\"ListItem\",\"position\":1,\"name\":\"Ana s\u0259hif\u0259\",\"item\":\"https:\\\/\\\/www.meydan.tv\\\/az\\\/\"},{\"@type\":\"ListItem\",\"position\":2,\"name\":\"Siyas\u0259t\",\"item\":\"https:\\\/\\\/www.meydan.tv\\\/az\\\/section\\\/siyaset\\\/\"},{\"@type\":\"ListItem\",\"position\":3,\"name\":\"AB\u015e-nin bir s\u0131ra alim v\u0259 t\u0259l\u0259b\u0259 t\u0259\u015fkilatlar\u0131 \u0130qbal \u018fbilovla ba\u011fl\u0131 kampaniyaya ba\u015flay\u0131blar\"}]},{\"@type\":\"WebSite\",\"@id\":\"https:\\\/\\\/www.meydan.tv\\\/az\\\/#website\",\"url\":\"https:\\\/\\\/www.meydan.tv\\\/az\\\/\",\"name\":\"MEYDAN.TV\",\"description\":\"Meydan TV Az\u0259rbaycan\u0131n media m\u0259kan\u0131ndak\u0131 alternativ s\u0259sidir\",\"publisher\":{\"@id\":\"https:\\\/\\\/www.meydan.tv\\\/az\\\/#organization\"},\"potentialAction\":[{\"@type\":\"SearchAction\",\"target\":{\"@type\":\"EntryPoint\",\"urlTemplate\":\"https:\\\/\\\/www.meydan.tv\\\/az\\\/?s={search_term_string}\"},\"query-input\":{\"@type\":\"PropertyValueSpecification\",\"valueRequired\":true,\"valueName\":\"search_term_string\"}}],\"inLanguage\":\"az\"},{\"@type\":\"Organization\",\"@id\":\"https:\\\/\\\/www.meydan.tv\\\/az\\\/#organization\",\"name\":\"Meydan TV\",\"url\":\"https:\\\/\\\/www.meydan.tv\\\/az\\\/\",\"logo\":{\"@type\":\"ImageObject\",\"inLanguage\":\"az\",\"@id\":\"https:\\\/\\\/www.meydan.tv\\\/az\\\/#\\\/schema\\\/logo\\\/image\\\/\",\"url\":\"https:\\\/\\\/www.meydan.tv\\\/wp-content\\\/uploads\\\/2021\\\/07\\\/meydan-logo.svg\",\"contentUrl\":\"https:\\\/\\\/www.meydan.tv\\\/wp-content\\\/uploads\\\/2021\\\/07\\\/meydan-logo.svg\",\"width\":195,\"height\":46,\"caption\":\"Meydan TV\"},\"image\":{\"@id\":\"https:\\\/\\\/www.meydan.tv\\\/az\\\/#\\\/schema\\\/logo\\\/image\\\/\"}},{\"@type\":\"Person\",\"@id\":\"https:\\\/\\\/www.meydan.tv\\\/az\\\/#\\\/schema\\\/person\\\/09863e516102a829e72bedcf3f84c6b0\",\"name\":\"mahmud\"}]}<\/script>\n<!-- \/ Yoast SEO plugin. -->","yoast_head_json":{"title":"AB\u015e-nin bir s\u0131ra alim v\u0259 t\u0259l\u0259b\u0259 t\u0259\u015fkilatlar\u0131 \u0130qbal \u018fbilovla ba\u011fl\u0131 kampaniyaya ba\u015flay\u0131blar - MEYDAN.TV","robots":{"index":"index","follow":"follow","max-snippet":"max-snippet:-1","max-image-preview":"max-image-preview:large","max-video-preview":"max-video-preview:-1"},"canonical":"https:\/\/www.meydan.tv\/az\/article\/abs-nin-bir-sira-alim-v%c9%99-t%c9%99l%c9%99b%c9%99-t%c9%99skilatlari-iqbal-ebilovla-bagli-kampaniyaya-baslayiblar\/","og_locale":"az_AZ","og_type":"article","og_title":"AB\u015e-nin bir s\u0131ra alim v\u0259 t\u0259l\u0259b\u0259 t\u0259\u015fkilatlar\u0131 \u0130qbal \u018fbilovla ba\u011fl\u0131 kampaniyaya ba\u015flay\u0131blar - MEYDAN.TV","og_description":"AB\u015e-d\u0259 f\u0259aliyy\u0259t g\u00f6st\u0259r\u0259n \u201cMuhlenberg College\u201d icmas\u0131n\u0131n bir s\u0131ra alim v\u0259 ... Davam\u0131","og_url":"https:\/\/www.meydan.tv\/az\/article\/abs-nin-bir-sira-alim-v%c9%99-t%c9%99l%c9%99b%c9%99-t%c9%99skilatlari-iqbal-ebilovla-bagli-kampaniyaya-baslayiblar\/","og_site_name":"MEYDAN.TV","article_published_time":"2026-04-27T11:30:53+00:00","article_modified_time":"2026-04-27T12:03:24+00:00","og_image":[{"width":2259,"height":1290,"url":"https:\/\/www.meydan.tv\/wp-content\/uploads\/img_4095.jpg","type":"image\/jpeg"}],"author":"mahmud","twitter_card":"summary_large_image","schema":{"@context":"https:\/\/schema.org","@graph":[{"@type":"Article","@id":"https:\/\/www.meydan.tv\/az\/article\/abs-nin-bir-sira-alim-v%c9%99-t%c9%99l%c9%99b%c9%99-t%c9%99skilatlari-iqbal-ebilovla-bagli-kampaniyaya-baslayiblar\/#article","isPartOf":{"@id":"https:\/\/www.meydan.tv\/az\/article\/abs-nin-bir-sira-alim-v%c9%99-t%c9%99l%c9%99b%c9%99-t%c9%99skilatlari-iqbal-ebilovla-bagli-kampaniyaya-baslayiblar\/"},"author":{"name":"mahmud","@id":"https:\/\/www.meydan.tv\/az\/#\/schema\/person\/09863e516102a829e72bedcf3f84c6b0"},"headline":"AB\u015e-nin bir s\u0131ra alim v\u0259 t\u0259l\u0259b\u0259 t\u0259\u015fkilatlar\u0131 \u0130qbal \u018fbilovla ba\u011fl\u0131 kampaniyaya ba\u015flay\u0131blar","datePublished":"2026-04-27T11:30:53+00:00","dateModified":"2026-04-27T12:03:24+00:00","mainEntityOfPage":{"@id":"https:\/\/www.meydan.tv\/az\/article\/abs-nin-bir-sira-alim-v%c9%99-t%c9%99l%c9%99b%c9%99-t%c9%99skilatlari-iqbal-ebilovla-bagli-kampaniyaya-baslayiblar\/"},"wordCount":458,"publisher":{"@id":"https:\/\/www.meydan.tv\/az\/#organization"},"image":{"@id":"https:\/\/www.meydan.tv\/az\/article\/abs-nin-bir-sira-alim-v%c9%99-t%c9%99l%c9%99b%c9%99-t%c9%99skilatlari-iqbal-ebilovla-bagli-kampaniyaya-baslayiblar\/#primaryimage"},"thumbnailUrl":"https:\/\/www.meydan.tv\/wp-content\/uploads\/img_4095.jpg","articleSection":["Siyas\u0259t","T\u00f6vsiy\u0259","X\u0259b\u0259rl\u0259r"],"inLanguage":"az"},{"@type":"WebPage","@id":"https:\/\/www.meydan.tv\/az\/article\/abs-nin-bir-sira-alim-v%c9%99-t%c9%99l%c9%99b%c9%99-t%c9%99skilatlari-iqbal-ebilovla-bagli-kampaniyaya-baslayiblar\/","url":"https:\/\/www.meydan.tv\/az\/article\/abs-nin-bir-sira-alim-v%c9%99-t%c9%99l%c9%99b%c9%99-t%c9%99skilatlari-iqbal-ebilovla-bagli-kampaniyaya-baslayiblar\/","name":"AB\u015e-nin bir s\u0131ra alim v\u0259 t\u0259l\u0259b\u0259 t\u0259\u015fkilatlar\u0131 \u0130qbal \u018fbilovla ba\u011fl\u0131 kampaniyaya ba\u015flay\u0131blar - MEYDAN.TV","isPartOf":{"@id":"https:\/\/www.meydan.tv\/az\/#website"},"primaryImageOfPage":{"@id":"https:\/\/www.meydan.tv\/az\/article\/abs-nin-bir-sira-alim-v%c9%99-t%c9%99l%c9%99b%c9%99-t%c9%99skilatlari-iqbal-ebilovla-bagli-kampaniyaya-baslayiblar\/#primaryimage"},"image":{"@id":"https:\/\/www.meydan.tv\/az\/article\/abs-nin-bir-sira-alim-v%c9%99-t%c9%99l%c9%99b%c9%99-t%c9%99skilatlari-iqbal-ebilovla-bagli-kampaniyaya-baslayiblar\/#primaryimage"},"thumbnailUrl":"https:\/\/www.meydan.tv\/wp-content\/uploads\/img_4095.jpg","datePublished":"2026-04-27T11:30:53+00:00","dateModified":"2026-04-27T12:03:24+00:00","breadcrumb":{"@id":"https:\/\/www.meydan.tv\/az\/article\/abs-nin-bir-sira-alim-v%c9%99-t%c9%99l%c9%99b%c9%99-t%c9%99skilatlari-iqbal-ebilovla-bagli-kampaniyaya-baslayiblar\/#breadcrumb"},"inLanguage":"az","potentialAction":[{"@type":"ReadAction","target":["https:\/\/www.meydan.tv\/az\/article\/abs-nin-bir-sira-alim-v%c9%99-t%c9%99l%c9%99b%c9%99-t%c9%99skilatlari-iqbal-ebilovla-bagli-kampaniyaya-baslayiblar\/"]}]},{"@type":"ImageObject","inLanguage":"az","@id":"https:\/\/www.meydan.tv\/az\/article\/abs-nin-bir-sira-alim-v%c9%99-t%c9%99l%c9%99b%c9%99-t%c9%99skilatlari-iqbal-ebilovla-bagli-kampaniyaya-baslayiblar\/#primaryimage","url":"https:\/\/www.meydan.tv\/wp-content\/uploads\/img_4095.jpg","contentUrl":"https:\/\/www.meydan.tv\/wp-content\/uploads\/img_4095.jpg","width":2259,"height":1290,"caption":"\u0130qbal \u018fbilov. Foto: \u00dclviyy\u0259 \u018fli"},{"@type":"BreadcrumbList","@id":"https:\/\/www.meydan.tv\/az\/article\/abs-nin-bir-sira-alim-v%c9%99-t%c9%99l%c9%99b%c9%99-t%c9%99skilatlari-iqbal-ebilovla-bagli-kampaniyaya-baslayiblar\/#breadcrumb","itemListElement":[{"@type":"ListItem","position":1,"name":"Ana s\u0259hif\u0259","item":"https:\/\/www.meydan.tv\/az\/"},{"@type":"ListItem","position":2,"name":"Siyas\u0259t","item":"https:\/\/www.meydan.tv\/az\/section\/siyaset\/"},{"@type":"ListItem","position":3,"name":"AB\u015e-nin bir s\u0131ra alim v\u0259 t\u0259l\u0259b\u0259 t\u0259\u015fkilatlar\u0131 \u0130qbal \u018fbilovla ba\u011fl\u0131 kampaniyaya ba\u015flay\u0131blar"}]},{"@type":"WebSite","@id":"https:\/\/www.meydan.tv\/az\/#website","url":"https:\/\/www.meydan.tv\/az\/","name":"MEYDAN.TV","description":"Meydan TV Az\u0259rbaycan\u0131n media m\u0259kan\u0131ndak\u0131 alternativ s\u0259sidir","publisher":{"@id":"https:\/\/www.meydan.tv\/az\/#organization"},"potentialAction":[{"@type":"SearchAction","target":{"@type":"EntryPoint","urlTemplate":"https:\/\/www.meydan.tv\/az\/?s={search_term_string}"},"query-input":{"@type":"PropertyValueSpecification","valueRequired":true,"valueName":"search_term_string"}}],"inLanguage":"az"},{"@type":"Organization","@id":"https:\/\/www.meydan.tv\/az\/#organization","name":"Meydan TV","url":"https:\/\/www.meydan.tv\/az\/","logo":{"@type":"ImageObject","inLanguage":"az","@id":"https:\/\/www.meydan.tv\/az\/#\/schema\/logo\/image\/","url":"https:\/\/www.meydan.tv\/wp-content\/uploads\/2021\/07\/meydan-logo.svg","contentUrl":"https:\/\/www.meydan.tv\/wp-content\/uploads\/2021\/07\/meydan-logo.svg","width":195,"height":46,"caption":"Meydan TV"},"image":{"@id":"https:\/\/www.meydan.tv\/az\/#\/schema\/logo\/image\/"}},{"@type":"Person","@id":"https:\/\/www.meydan.tv\/az\/#\/schema\/person\/09863e516102a829e72bedcf3f84c6b0","name":"mahmud"}]}},"_links":{"self":[{"href":"https:\/\/www.meydan.tv\/az\/wp-json\/wp\/v2\/posts\/344391","targetHints":{"allow":["GET"]}}],"collection":[{"href":"https:\/\/www.meydan.tv\/az\/wp-json\/wp\/v2\/posts"}],"about":[{"href":"https:\/\/www.meydan.tv\/az\/wp-json\/wp\/v2\/types\/post"}],"author":[{"embeddable":true,"href":"https:\/\/www.meydan.tv\/az\/wp-json\/wp\/v2\/users\/21"}],"replies":[{"embeddable":true,"href":"https:\/\/www.meydan.tv\/az\/wp-json\/wp\/v2\/comments?post=344391"}],"version-history":[{"count":1,"href":"https:\/\/www.meydan.tv\/az\/wp-json\/wp\/v2\/posts\/344391\/revisions"}],"predecessor-version":[{"id":344392,"href":"https:\/\/www.meydan.tv\/az\/wp-json\/wp\/v2\/posts\/344391\/revisions\/344392"}],"wp:featuredmedia":[{"embeddable":true,"href":"https:\/\/www.meydan.tv\/az\/wp-json\/wp\/v2\/media\/314268"}],"wp:attachment":[{"href":"https:\/\/www.meydan.tv\/az\/wp-json\/wp\/v2\/media?parent=344391"}],"wp:term":[{"taxonomy":"category","embeddable":true,"href":"https:\/\/www.meydan.tv\/az\/wp-json\/wp\/v2\/categories?post=344391"},{"taxonomy":"post_tag","embeddable":true,"href":"https:\/\/www.meydan.tv\/az\/wp-json\/wp\/v2\/tags?post=344391"}],"curies":[{"name":"wp","href":"https:\/\/api.w.org\/{rel}","templated":true}]}}