{"id":344389,"date":"2026-04-27T14:45:24","date_gmt":"2026-04-27T10:45:24","guid":{"rendered":"https:\/\/www.meydan.tv\/?p=344389"},"modified":"2026-04-27T14:45:26","modified_gmt":"2026-04-27T10:45:26","slug":"ulviyy%c9%99-eli-bir-ildir-ki-az%c9%99rbaycan-dovl%c9%99ti-surundurm%c9%99cilikl%c9%99-m%c9%99sgul-olur","status":"publish","type":"post","link":"https:\/\/www.meydan.tv\/az\/article\/ulviyy%c9%99-eli-bir-ildir-ki-az%c9%99rbaycan-dovl%c9%99ti-surundurm%c9%99cilikl%c9%99-m%c9%99sgul-olur\/","title":{"rendered":"\u00dclviyy\u0259 \u018fli:\u00a0&#8220;Bir ildir ki, Az\u0259rbaycan d\u00f6vl\u0259ti s\u00fcr\u00fcnd\u00fcrm\u0259\u00e7ilikl\u0259 m\u0259\u015f\u011ful olur&#8221;"},"content":{"rendered":"\n<p>\u201cMeydan TV i\u015fi\u201d \u00fczr\u0259 h\u0259bsd\u0259 olan jurnalist \u00dclviyy\u0259 \u018fli (Quliyeva) h\u0259bsxana \u015f\u0259raitind\u0259 tibbi yard\u0131mdan m\u0259hrum edildiyini yaz\u0131b v\u0259 bunu siyasi sui-q\u0259sd kimi qiym\u0259tl\u0259ndirir.<br><br>\u00dclviyy\u0259 \u018flinin <a href=\"https:\/\/abzas.org\/az\/2026\/4\/ulviyy-li-tcridxanadan-yaz5a63fd59-b\/\" target=\"_blank\" rel=\"noreferrer noopener nofollow\">yaz\u0131s\u0131n\u0131 <\/a>oldu\u011fu kimi t\u0259qdim edirik: <\/p>\n\n\n\n<p>&#8220;Avropa \u0130nsan H\u00fcquqlar\u0131 Konvensiyas\u0131n\u0131n 3-c\u00fc madd\u0259sind\u0259 a\u00e7\u0131q \u015f\u0259kild\u0259 qeyd olunur ki, \u201cHe\u00e7 k\u0259s i\u015fg\u0259nc\u0259y\u0259, qeyri-insani v\u0259 ya l\u0259yaq\u0259ti al\u00e7aldan r\u0259ftara v\u0259 ya c\u0259zaya m\u0259ruz qalmamal\u0131d\u0131r\u201d. Avropa \u0130nsan H\u00fcquqlar\u0131 M\u0259hk\u0259m\u0259sinin bu madd\u0259ni t\u0259fsir ed\u0259n presedent q\u0259rarlar\u0131na \u0259sas\u0259n, h\u0259bsxana \u015f\u0259raitind\u0259 m\u0259hbusun keyfiyy\u0259tli tibbi yard\u0131mdan m\u0259hrum edilm\u0259si birba\u015fa olaraq qeyri-insani davran\u0131\u015f v\u0259 l\u0259yaq\u0259ti al\u00e7aldan r\u0259ftar kimi qiym\u0259tl\u0259ndirilir.<\/p>\n\n\n\n<p>H\u0259bs olundu\u011fum 6 may 2025-ci il tarixind\u0259n b\u0259ri keyfiyy\u0259tli tibbi yard\u0131m v\u0259 m\u00fcayin\u0259 \u00fc\u00e7\u00fcn d\u0259f\u0259l\u0259rl\u0259 m\u00fcraci\u0259t ets\u0259m d\u0259, \u015fikay\u0259tl\u0259rim \u0259ks\u0259r hallarda n\u0259tic\u0259siz qal\u0131r.<\/p>\n\n\n\n<p>\u00d6t\u0259n il, y\u0259ni, h\u0259bsimin ilk aylar\u0131nda v\u0259kilim Daxili \u0130\u015fl\u0259r Nazirliyinin (D\u0130N) \u0130stintaq v\u0259 T\u0259hqiqat \u0130dar\u0259sin\u0259 maqnit-rezonans tomoqrafiyas\u0131 (MRT) v\u0259 komp\u00fcter tomoqrafiyas\u0131 (KT) olunma\u011f\u0131m \u00fc\u00e7\u00fcn v\u0259sat\u0259t \u00fcnvanlam\u0131\u015fd\u0131. Bak\u0131 \u0130stintaq T\u0259cridxanas\u0131n\u0131n (B\u0130T) Tibb-Sanitariya Hiss\u0259sind\u0259n (TSH) g\u0259l\u0259n cavabda is\u0259 bildirilirdi ki \u201ch\u0259kim-nevroloq t\u0259r\u0259find\u0259n bax\u0131\u015f ke\u00e7irilib v\u0259 \u00dclviyy\u0259 Quliyevada ciddi patologiya a\u015fkar edilm\u0259mi\u015fdir\u201d.<\/p>\n\n\n\n<p>M\u0259s\u0259l\u0259 buras\u0131ndad\u0131r ki, h\u0259l\u0259 2017-ci ild\u0259 m\u0259nd\u0259 adenohipofizin sol yar\u0131mk\u00fcr\u0259sind\u0259 4 millimetr \u00f6l\u00e7\u00fcs\u00fcnd\u0259 mikroadenoma a\u015fkar edilmi\u015fdi. H\u0259min d\u00f6vrd\u0259n etibar\u0259n h\u0259bs olunana q\u0259d\u0259r h\u0259kim m\u0259sl\u0259h\u0259ti il\u0259 h\u0259r il m\u00fct\u0259madi olaraq MRT v\u0259 KT m\u00fcayin\u0259l\u0259rind\u0259n ke\u00e7mi\u015f\u0259m. H\u0259m\u00e7inin ill\u0259rdir insulin rezistentliyi, B12 vitamini \u00e7at\u0131\u015fmazl\u0131\u011f\u0131, hipoqlikemiya v\u0259 leykositl\u0259rin y\u00fcks\u0259lm\u0259sind\u0259n \u0259ziyy\u0259t \u00e7\u0259kir\u0259m. Paralel olaraq, qaraciy\u0259rimd\u0259 ikinci d\u0259r\u0259c\u0259li piyl\u0259nm\u0259, b\u00f6yr\u0259kl\u0259rimd\u0259 kristallar, \u00fcr\u0259yimd\u0259 taxikardiya x\u0259st\u0259liyi, qalxanab\u0259nz\u0259r v\u0259zimd\u0259 is\u0259 geni\u015fl\u0259nm\u0259 kimi qeydiyyata al\u0131nm\u0131\u015f diaqnozlar\u0131m m\u00f6vcuddur.<\/p>\n\n\n\n<p>H\u0259bs olundu\u011fum g\u00fcn polisl\u0259rin m\u0259n\u0259 qar\u015f\u0131 zorak\u0131l\u0131\u011f\u0131ndan sonra zaman-zaman ba\u015f\u0131mda k\u00fct a\u011fr\u0131lar, ba\u015fgic\u0259ll\u0259nm\u0259l\u0259ri v\u0259 g\u00f6z qaralmalar\u0131 ya\u015fay\u0131ram. Ke\u00e7irdiyim y\u00fcks\u0259k stress n\u0259tic\u0259sind\u0259 m\u0259d\u0259md\u0259 ciddi spazmlar v\u0259 \u00f6y\u00fcm\u0259 refleksl\u0259ri yaran\u0131b. M\u0259nim bu m\u00fcr\u0259kk\u0259b x\u0259st\u0259likl\u0259rim\u0259 r\u0259y verm\u0259li olan h\u0259kim is\u0259 nevroloq deyil. Bu, ona b\u0259nz\u0259yir ki, b\u00f6yr\u0259k a\u011fr\u0131lar\u0131ndan \u015fikay\u0259tl\u0259n\u0259n bir x\u0259st\u0259ni g\u00f6z h\u0259kimi m\u00fcayin\u0259 edir v\u0259 r\u0259y bildirir.<\/p>\n\n\n\n<p>S\u0259hh\u0259timd\u0259 olan probleml\u0259r\u0259 dair m\u0259s\u0259l\u0259ni 2025-ci ilin oktyabr\u0131nda (bununla ba\u011fl\u0131 \u201cH\u0259bsxanalara Ombudsman g\u0259lsin\u201d adl\u0131 bir m\u0259qal\u0259 yazm\u0131\u015fd\u0131m), 2026-c\u0131 il fevral\u0131n 25-d\u0259 v\u0259 mart\u0131n 14-d\u0259 Ombudsmana B\u0130T-d\u0259 bizi ziyar\u0259ti zaman\u0131 bildirmi\u015f\u0259m. Bundan \u0259lav\u0259, 10 mart 2026-c\u0131 il tarixind\u0259 \u018fdliyy\u0259 Nazirliyinin \u0130ctimai N\u0259zar\u0259t Qrupunda t\u0259msil olunan h\u00fcquq m\u00fcdafi\u0259\u00e7il\u0259rin\u0259 T\u0259cridxanaya ziyar\u0259tl\u0259ri zaman\u0131 \u015fikay\u0259t \u00fcnvanlam\u0131\u015fam. B\u00fct\u00fcn m\u00fcraci\u0259tl\u0259rimd\u0259 s\u0259hh\u0259timd\u0259ki m\u00f6vcud probleml\u0259rin m\u00fcayin\u0259 n\u0259tic\u0259l\u0259rini v\u0259 diaqnozlar\u0131 da t\u0259qdim edir\u0259m ki, h\u0259r \u015fey faktlara \u0259saslans\u0131n.<\/p>\n\n\n\n<p>Ombudsmana \u00fcnvanlad\u0131\u011f\u0131m \u015fikay\u0259tl\u0259rd\u0259n yaln\u0131z birinin cavab\u0131 1 aprel 2026-c\u0131 ild\u0259 \u0259lim\u0259 \u00e7atd\u0131. Cavabda bildirilir ki, \u018fdliyy\u0259 Nazirliyi Tibb Ba\u015f \u0130dar\u0259si Ombudsman\u0131n sor\u011fusuna \u201c\u00dclviyy\u0259 Quliyevan\u0131n s\u0259hh\u0259tinin m\u00fc\u015fahid\u0259 alt\u0131nda oldu\u011fu, \u0259lav\u0259 tibbi m\u00fcayin\u0259 \u00fc\u00e7\u00fcn is\u0259 istintaq\u0131n raz\u0131l\u0131\u011f\u0131 il\u0259 \u015f\u0259rait yarad\u0131la bil\u0259r\u201d cavab\u0131n\u0131 verib.<\/p>\n\n\n\n<p>\u0130nsaf\u0259n dem\u0259k laz\u0131md\u0131r ki, \u00fc\u00e7 aydan bir m\u00fcalic\u0259min apar\u0131lmas\u0131 \u00fc\u00e7\u00fcn Bak\u0131 \u0130stintaq T\u0259cridxanas\u0131n\u0131n Tibb-Sanitar Hiss\u0259sind\u0259 b\u0259zi d\u00f6vl\u0259t hesab\u0131na olan qan analizl\u0259rini ver\u0259 bilir\u0259m. Amma bunlar m\u0259nim s\u0259hh\u0259timl\u0259 ba\u011fl\u0131 h\u0259rt\u0259r\u0259fli m\u0259lumat \u0259ld\u0259 etm\u0259k \u00fc\u00e7\u00fcn yet\u0259rli deyil, h\u0259tta minimumudur. M\u0259n m\u00fct\u0259madi olaraq \u015f\u0259xsi h\u0259kimimin t\u0259yin etdiyi d\u0259rmanlar\u0131 q\u0259bul edir\u0259m v\u0259 h\u0259kimin bu analiz cavablar\u0131na uy\u011fun olaraq ya d\u0259rmanlar\u0131, ya da dozalar\u0131 d\u0259yi\u015fir. Buna g\u00f6r\u0259 d\u0259 TSH-da m\u00fclki x\u0259st\u0259xanaya qan analizi \u00fc\u00e7\u00fcn qan n\u00fcmun\u0259si g\u00f6nd\u0259rm\u0259yim\u0259 \u015f\u0259rait yarad\u0131l\u0131r. Bununla ba\u011fl\u0131 h\u0259r d\u0259f\u0259 \u00f6z hesab\u0131ma qan analizi verm\u0259k \u00fc\u00e7\u00fcn \u0259riz\u0259 il\u0259 m\u00fcraci\u0259t edir, anam is\u0259 Tibb Ba\u015f \u0130dar\u0259y\u0259 q\u0259bula gedir v\u0259 operativ cavab ala bilir\u0259m.<\/p>\n\n\n\n<p>Lakin Tibb-Sanitar hiss\u0259d\u0259 USM h\u0259kimi \u00f6t\u0259n yaydan b\u0259ri f\u0259aliyy\u0259t g\u00f6st\u0259rmir. Ancaq Tibb Ba\u015f \u0130dar\u0259d\u0259n \u00fc\u00e7-d\u00f6rd aydan bir USM h\u0259kimi g\u0259lir v\u0259 ehtiyac\u0131 olan m\u0259hbuslar\u0131 g\u00fcn \u0259rzind\u0259 m\u00fcayin\u0259 edir. M\u0259nim x\u0259st\u0259likl\u0259rim is\u0259 USM m\u00fcayin\u0259sini d\u0259 vacib say\u0131r v\u0259 \u00fc\u00e7-d\u00f6rd aydan bir olan m\u00fcayin\u0259 kifay\u0259t etmir.<\/p>\n\n\n\n<p>\u018flav\u0259 olaraq, Tibb-Sanitar Hiss\u0259d\u0259 MRT v\u0259 KT \u00fc\u00e7\u00fcn t\u0259chizatlar yoxdur. Bu s\u0259b\u0259bd\u0259n d\u0259 m\u0259n \u00f6z hesab\u0131ma m\u00fclki x\u0259st\u0259xanada \u00fcmumi m\u00fcayin\u0259 olunmaq \u00fc\u00e7\u00fcn \u015f\u0259rait yarad\u0131lmas\u0131n\u0131 ist\u0259yir\u0259m. Qanun da buna qar\u015f\u0131 deyil. \u018fksin\u0259 d\u00f6vl\u0259tin v\u0259zif\u0259sidir ki, keyfiyy\u0259tli tibbi yard\u0131mla ba\u011fl\u0131 \u015f\u0259rait yarats\u0131n.<\/p>\n\n\n\n<p>20 fevral 2026-c\u0131 ild\u0259 tibbi m\u00fcayin\u0259d\u0259n ke\u00e7m\u0259yim m\u0259qs\u0259dil\u0259 Bak\u0131 A\u011f\u0131r Cinay\u0259tl\u0259r M\u0259hk\u0259m\u0259sin\u0259 v\u0259sat\u0259tl\u0259 m\u00fcraci\u0259t ets\u0259m d\u0259, bu g\u00fcn\u0259 q\u0259d\u0259r m\u0259hk\u0259m\u0259 prosesimiz yaln\u0131z iki d\u0259f\u0259 \u2013 13 mart v\u0259 3 aprel tarixl\u0259rind\u0259 ba\u015f tutub, araya bayramlar da girib v\u0259 aprelin 17-i prosesimiz t\u0259xir\u0259 sal\u0131n\u0131b. H\u0259r d\u0259f\u0259 d\u0259 prosesd\u0259 v\u0259kilim R\u00f6v\u015fan\u0259 R\u0259himli v\u0259sat\u0259tin aqib\u0259tini soru\u015fanda yaln\u0131z \u201csor\u011fu g\u00f6nd\u0259rilib\u201d kimi qeyri-m\u00fc\u0259yy\u0259n v\u0259 s\u00fcr\u00fcnd\u00fcrm\u0259\u00e7i cavablarla qar\u015f\u0131la\u015f\u0131r\u0131q. Halbuki, m\u0259hk\u0259m\u0259y\u0259 s\u0259hh\u0259timd\u0259ki m\u00f6vcud probleml\u0259rin analiz cavablar\u0131n\u0131, diaqnozlar\u0131 da t\u0259qdim etmi\u015fik.<\/p>\n\n\n\n<p>Bu, b\u0259zil\u0259ri \u00fc\u00e7\u00fcn q\u0131sa m\u00fcdd\u0259t kimi g\u00f6r\u00fcns\u0259 d\u0259, xat\u0131rlatmaq ist\u0259rdim ki, m\u0259n 2025-ci ild\u0259n keyfiyy\u0259tli tibbi yard\u0131mdan m\u0259hrumam v\u0259 narahatl\u0131\u011f\u0131m \u0259sasl\u0131d\u0131r. Bir ildir ki, Az\u0259rbaycan d\u00f6vl\u0259ti s\u00fcr\u00fcnd\u00fcrm\u0259\u00e7ilikl\u0259 m\u0259\u015f\u011ful olur.<\/p>\n\n\n\n<p>Ombudsman\u0131n 2025-ci il \u00fczr\u0259 illik hesabat\u0131nda qeyd olunur ki, penitensiar\u0131n s\u0259hiyy\u0259 sah\u0259sind\u0259 probleml\u0259r qal\u0131r. Penitensiar s\u0259hiyy\u0259 infrastrukturunun m\u00fcasir tibbi avadanl\u0131qlarla t\u0259min olunmas\u0131 sah\u0259sind\u0259 \u00e7at\u0131\u015fmazl\u0131qlar qal\u0131r, hesabatda vur\u011fulan\u0131r. Dem\u0259li, sadalad\u0131\u011f\u0131m \u00e7at\u0131\u015fmazl\u0131qlar q\u0259bul olunur. Bunlar\u0131 n\u0259z\u0259r\u0259 alaraq, m\u00fclki x\u0259st\u0259xanada \u00f6z hesab\u0131ma m\u00fcayin\u0259 olunmaq ist\u0259yim d\u0259 \u0259lahidd\u0259 hadis\u0259 olmamal\u0131d\u0131r.<\/p>\n\n\n\n<h4 class=\"wp-block-heading\"><strong>B\u0259s qanun n\u0259 deyir?<\/strong><\/h4>\n\n\n\n<p>\u0130\u015fg\u0259nc\u0259l\u0259rin v\u0259 qeyri-insani v\u0259 ya l\u0259yaq\u0259ti al\u00e7aldan r\u0259ftar v\u0259 ya c\u0259zan\u0131n qar\u015f\u0131s\u0131n\u0131n al\u0131nmas\u0131 \u00fczr\u0259 Avropa Komit\u0259sinin (m\u00f6t\u0259riz\u0259d\u0259 \u0130QAK) \u201cH\u0259bsxanalarda s\u0259hiyy\u0259 xidm\u0259ti\u201d t\u00f6vsiy\u0259sind\u0259 bildirilir ki, m\u0259hbuslar da azad c\u0259miyy\u0259td\u0259 ya\u015fayanlar kimi tibb xidm\u0259tind\u0259n eyni s\u0259viyy\u0259d\u0259 istifad\u0259 etm\u0259k h\u00fcququna malikdirl\u0259r. \u0130QAK-\u0131n 1993-c\u00fc ild\u0259 d\u0259rc etdiyi 3-c\u00fc \u00dcmumi Hesabat\u0131n\u0131n \u201cH\u0259bsxanalarda s\u0259hiyy\u0259 xidm\u0259ti&#8221; adl\u0131 b\u00f6lm\u0259sinin 36-c\u0131 paraqraf\u0131nda vur\u011fulan\u0131r ki, \u201cH\u0259m m\u00fclki, h\u0259m d\u0259 t\u00fcrm\u0259 x\u0259st\u0259xanalar\u0131nda (m\u0259hbuslara) x\u0259st\u0259xana xidm\u0259tl\u0259rinin g\u00f6st\u0259rilm\u0259sin\u0259 tam yard\u0131m g\u00f6st\u0259rilm\u0259lidir\u201d.<\/p>\n\n\n\n<p>BMT-nin \u201cM\u0259hbuslarla r\u0259ftara dair Minimum Standart Qaydalar\u0131\u201d y\u0259ni Nelson Mandela Qaydalar\u0131n\u0131n 24-c\u00fc madd\u0259sin\u0259 \u0259sas\u0259n, d\u00f6vl\u0259t m\u0259hbuslar\u0131n sa\u011flaml\u0131\u011f\u0131na g\u00f6r\u0259 m\u0259suliyy\u0259t da\u015f\u0131y\u0131r v\u0259 onlar c\u0259miyy\u0259td\u0259ki xidm\u0259tl\u0259 eyni standartda tibbi xidm\u0259td\u0259n yararlanmal\u0131d\u0131rlar. H\u0259m\u00e7inin Konstitusiyan\u0131n&nbsp;41.1-ci b\u0259ndi d\u0259, h\u0259r k\u0259sin tibbi yard\u0131m almaq h\u00fcququnu tan\u0131y\u0131r.<\/p>\n\n\n\n<p>Az\u0259rbaycan h\u00f6kum\u0259ti BMT-nin m\u0259niml\u0259 ba\u011fl\u0131 sor\u011fusuna verdiyi cavabda he\u00e7 bir h\u00fcquqi, rasional \u0259sasland\u0131rma bir \u00e7ox fakt\u0131 riyakarcas\u0131na inkar edib. S\u0259hh\u0259timl\u0259 ba\u011fl\u0131 is\u0259 \u201cnevroloq t\u0259r\u0259find\u0259n bax\u0131\u015f ke\u00e7irildiyini\u201d t\u0259krarlay\u0131b. G\u00fclm\u0259lisi odur ki, Az\u0259rbaycan h\u00f6kum\u0259tinin cavab ver\u0259n komandas\u0131 da bilmir ki, m\u0259nim x\u0259st\u0259likl\u0259rimin he\u00e7 biri nevroloqun sah\u0259sin\u0259 aid deyil. S\u0259hiyy\u0259 haqq\u0131nda he\u00e7 bir informasiyas\u0131 olmayan adamlar\u0131n s\u0259hiyy\u0259nin keyfiyy\u0259tin\u0259 n\u0259zar\u0259t etm\u0259si, h\u0259l\u0259 cavab ver\u0259n strukturun bunu beyn\u0259lxalq t\u0259\u015fkilata cavab olaraq yazmas\u0131 daha da g\u00fclm\u0259lidir. &nbsp;Ancaq m\u0259n xronoloji \u015f\u0259kild\u0259 bir ildir davam ed\u0259n antihumanist davran\u0131\u015f\u0131 \u0259hat\u0259 etm\u0259y\u0259 \u00e7al\u0131\u015fm\u0131\u015fam.<\/p>\n\n\n\n<h4 class=\"wp-block-heading\"><strong>Siyasi Qisas<\/strong><\/h4>\n\n\n\n<p>Bu, t\u0259kc\u0259 m\u0259nim keyfiyy\u0259tli tibbi m\u00fcayin\u0259d\u0259n ke\u00e7m\u0259k \u00fc\u00e7\u00fcn siyasi m\u0259hbus olaraq payla\u015fd\u0131\u011f\u0131m bir illik hekay\u0259dir v\u0259 h\u0259l\u0259 d\u0259 n\u0259tic\u0259siz olaraq davam edir. Bunun qisas\u00e7\u0131 siyasi irad\u0259 il\u0259 t\u0259nziml\u0259nm\u0259si d\u0259 \u015f\u00fcbh\u0259sizdir.<\/p>\n\n\n\n<p>Keyfiyy\u0259tli tibbi m\u00fcayin\u0259y\u0259 s\u0259hh\u0259tind\u0259 ciddi probleml\u0259r olan Aynur Elg\u00fcn\u0259\u015f, \u015e\u0259m\u015fad A\u011fa, \u018fhm\u0259d M\u0259mm\u0259dli, Polad Aslanov, F\u0259rid \u0130smay\u0131lov, \u018fl\u0259sg\u0259r M\u0259mm\u0259dli, Ruslan \u0130zz\u0259tli, Afi\u0259ddin M\u0259mm\u0259dov v\u0259 onlarla dig\u0259r siyasi m\u0259hbus da \u00e7at\u0131ml\u0131l\u0131q \u0259ld\u0259 ed\u0259 bilmirl\u0259r.<\/p>\n\n\n\n<p>Bel\u0259 ba\u015fa d\u00fc\u015f\u0259 bil\u0259rik ki, \u0130lham \u018fliyev \u00f6z t\u0259nqid\u00e7il\u0259rini keyfiyy\u0259tli tibbi m\u00fcayin\u0259d\u0259n v\u0259 yard\u0131mdan m\u0259hrum ed\u0259r\u0259k onlar\u0131 h\u0259bsxanada yar\u0131mcan etm\u0259k niyy\u0259tind\u0259dir.<\/p>\n\n\n\n<p>Keyfiyy\u0259tli tibbi yard\u0131mdan m\u0259hrum burax\u0131lmaq siyasi sui-q\u0259sddir&#8221;.<br><br><strong>\u00dclviyy\u0259 \u018fli<\/strong><\/p>\n","protected":false},"excerpt":{"rendered":"<p>\u201cMeydan TV i\u015fi\u201d \u00fczr\u0259 h\u0259bsd\u0259 olan jurnalist \u00dclviyy\u0259 \u018fli (Quliyeva) &#8230; <\/p>\n<p class=\"read-more-container\"><a title=\"\u00dclviyy\u0259 \u018fli:\u00a0&#8220;Bir ildir ki, Az\u0259rbaycan d\u00f6vl\u0259ti s\u00fcr\u00fcnd\u00fcrm\u0259\u00e7ilikl\u0259 m\u0259\u015f\u011ful olur&#8221;\" class=\"read-more button\" href=\"https:\/\/www.meydan.tv\/az\/article\/ulviyy%c9%99-eli-bir-ildir-ki-az%c9%99rbaycan-dovl%c9%99ti-surundurm%c9%99cilikl%c9%99-m%c9%99sgul-olur\/#more-344389\" aria-label=\"Read more about \u00dclviyy\u0259 \u018fli:\u00a0&#8220;Bir ildir ki, Az\u0259rbaycan d\u00f6vl\u0259ti s\u00fcr\u00fcnd\u00fcrm\u0259\u00e7ilikl\u0259 m\u0259\u015f\u011ful olur&#8221;\">Davam\u0131<\/a><\/p>\n","protected":false},"author":21,"featured_media":324795,"comment_status":"closed","ping_status":"closed","sticky":false,"template":"","format":"standard","meta":{"_acf_changed":false,"_sitemap_exclude":false,"_sitemap_priority":"","_sitemap_frequency":"","footnotes":""},"categories":[172,79,56],"tags":[],"class_list":["post-344389","post","type-post","status-publish","format-standard","has-post-thumbnail","hentry","category-hebsxanadan-mektublar","category-featured","category-xeberler","infinite-scroll-item","generate-columns","tablet-grid-50","mobile-grid-100","grid-parent","grid-33","no-featured-image-padding"],"acf":[],"yoast_head":"<!-- This site is optimized with the Yoast SEO plugin v27.4 - https:\/\/yoast.com\/product\/yoast-seo-wordpress\/ -->\n<title>\u00dclviyy\u0259 \u018fli:\u00a0&quot;Bir ildir ki, Az\u0259rbaycan d\u00f6vl\u0259ti s\u00fcr\u00fcnd\u00fcrm\u0259\u00e7ilikl\u0259 m\u0259\u015f\u011ful olur&quot; - MEYDAN.TV<\/title>\n<meta name=\"robots\" content=\"index, follow, max-snippet:-1, max-image-preview:large, max-video-preview:-1\" \/>\n<link rel=\"canonical\" href=\"https:\/\/www.meydan.tv\/az\/article\/ulviyy%c9%99-eli-bir-ildir-ki-az%c9%99rbaycan-dovl%c9%99ti-surundurm%c9%99cilikl%c9%99-m%c9%99sgul-olur\/\" \/>\n<meta property=\"og:locale\" content=\"az_AZ\" \/>\n<meta property=\"og:type\" content=\"article\" \/>\n<meta property=\"og:title\" content=\"\u00dclviyy\u0259 \u018fli:\u00a0&quot;Bir ildir ki, Az\u0259rbaycan d\u00f6vl\u0259ti s\u00fcr\u00fcnd\u00fcrm\u0259\u00e7ilikl\u0259 m\u0259\u015f\u011ful olur&quot; - MEYDAN.TV\" \/>\n<meta property=\"og:description\" content=\"\u201cMeydan TV i\u015fi\u201d \u00fczr\u0259 h\u0259bsd\u0259 olan jurnalist \u00dclviyy\u0259 \u018fli (Quliyeva) ... Davam\u0131\" \/>\n<meta property=\"og:url\" content=\"https:\/\/www.meydan.tv\/az\/article\/ulviyy%c9%99-eli-bir-ildir-ki-az%c9%99rbaycan-dovl%c9%99ti-surundurm%c9%99cilikl%c9%99-m%c9%99sgul-olur\/\" \/>\n<meta property=\"og:site_name\" content=\"MEYDAN.TV\" \/>\n<meta property=\"article:published_time\" content=\"2026-04-27T10:45:24+00:00\" \/>\n<meta property=\"article:modified_time\" content=\"2026-04-27T10:45:26+00:00\" \/>\n<meta property=\"og:image\" content=\"https:\/\/www.meydan.tv\/wp-content\/uploads\/200f8f78-ea5e-4ad6-914c-3458349392a9.jpg\" \/>\n\t<meta property=\"og:image:width\" content=\"1179\" \/>\n\t<meta property=\"og:image:height\" content=\"576\" \/>\n\t<meta property=\"og:image:type\" content=\"image\/jpeg\" \/>\n<meta name=\"author\" content=\"mahmud\" \/>\n<meta name=\"twitter:card\" content=\"summary_large_image\" \/>\n<script type=\"application\/ld+json\" class=\"yoast-schema-graph\">{\"@context\":\"https:\\\/\\\/schema.org\",\"@graph\":[{\"@type\":\"Article\",\"@id\":\"https:\\\/\\\/www.meydan.tv\\\/az\\\/article\\\/ulviyy%c9%99-eli-bir-ildir-ki-az%c9%99rbaycan-dovl%c9%99ti-surundurm%c9%99cilikl%c9%99-m%c9%99sgul-olur\\\/#article\",\"isPartOf\":{\"@id\":\"https:\\\/\\\/www.meydan.tv\\\/az\\\/article\\\/ulviyy%c9%99-eli-bir-ildir-ki-az%c9%99rbaycan-dovl%c9%99ti-surundurm%c9%99cilikl%c9%99-m%c9%99sgul-olur\\\/\"},\"author\":{\"name\":\"mahmud\",\"@id\":\"https:\\\/\\\/www.meydan.tv\\\/az\\\/#\\\/schema\\\/person\\\/09863e516102a829e72bedcf3f84c6b0\"},\"headline\":\"\u00dclviyy\u0259 \u018fli:\u00a0&#8220;Bir ildir ki, Az\u0259rbaycan d\u00f6vl\u0259ti s\u00fcr\u00fcnd\u00fcrm\u0259\u00e7ilikl\u0259 m\u0259\u015f\u011ful olur&#8221;\",\"datePublished\":\"2026-04-27T10:45:24+00:00\",\"dateModified\":\"2026-04-27T10:45:26+00:00\",\"mainEntityOfPage\":{\"@id\":\"https:\\\/\\\/www.meydan.tv\\\/az\\\/article\\\/ulviyy%c9%99-eli-bir-ildir-ki-az%c9%99rbaycan-dovl%c9%99ti-surundurm%c9%99cilikl%c9%99-m%c9%99sgul-olur\\\/\"},\"wordCount\":1761,\"publisher\":{\"@id\":\"https:\\\/\\\/www.meydan.tv\\\/az\\\/#organization\"},\"image\":{\"@id\":\"https:\\\/\\\/www.meydan.tv\\\/az\\\/article\\\/ulviyy%c9%99-eli-bir-ildir-ki-az%c9%99rbaycan-dovl%c9%99ti-surundurm%c9%99cilikl%c9%99-m%c9%99sgul-olur\\\/#primaryimage\"},\"thumbnailUrl\":\"https:\\\/\\\/www.meydan.tv\\\/wp-content\\\/uploads\\\/200f8f78-ea5e-4ad6-914c-3458349392a9.jpg\",\"articleSection\":[\"H\u0259bsxanadan m\u0259ktublar\",\"T\u00f6vsiy\u0259\",\"X\u0259b\u0259rl\u0259r\"],\"inLanguage\":\"az\"},{\"@type\":\"WebPage\",\"@id\":\"https:\\\/\\\/www.meydan.tv\\\/az\\\/article\\\/ulviyy%c9%99-eli-bir-ildir-ki-az%c9%99rbaycan-dovl%c9%99ti-surundurm%c9%99cilikl%c9%99-m%c9%99sgul-olur\\\/\",\"url\":\"https:\\\/\\\/www.meydan.tv\\\/az\\\/article\\\/ulviyy%c9%99-eli-bir-ildir-ki-az%c9%99rbaycan-dovl%c9%99ti-surundurm%c9%99cilikl%c9%99-m%c9%99sgul-olur\\\/\",\"name\":\"\u00dclviyy\u0259 \u018fli:\u00a0\\\"Bir ildir ki, Az\u0259rbaycan d\u00f6vl\u0259ti s\u00fcr\u00fcnd\u00fcrm\u0259\u00e7ilikl\u0259 m\u0259\u015f\u011ful olur\\\" - MEYDAN.TV\",\"isPartOf\":{\"@id\":\"https:\\\/\\\/www.meydan.tv\\\/az\\\/#website\"},\"primaryImageOfPage\":{\"@id\":\"https:\\\/\\\/www.meydan.tv\\\/az\\\/article\\\/ulviyy%c9%99-eli-bir-ildir-ki-az%c9%99rbaycan-dovl%c9%99ti-surundurm%c9%99cilikl%c9%99-m%c9%99sgul-olur\\\/#primaryimage\"},\"image\":{\"@id\":\"https:\\\/\\\/www.meydan.tv\\\/az\\\/article\\\/ulviyy%c9%99-eli-bir-ildir-ki-az%c9%99rbaycan-dovl%c9%99ti-surundurm%c9%99cilikl%c9%99-m%c9%99sgul-olur\\\/#primaryimage\"},\"thumbnailUrl\":\"https:\\\/\\\/www.meydan.tv\\\/wp-content\\\/uploads\\\/200f8f78-ea5e-4ad6-914c-3458349392a9.jpg\",\"datePublished\":\"2026-04-27T10:45:24+00:00\",\"dateModified\":\"2026-04-27T10:45:26+00:00\",\"breadcrumb\":{\"@id\":\"https:\\\/\\\/www.meydan.tv\\\/az\\\/article\\\/ulviyy%c9%99-eli-bir-ildir-ki-az%c9%99rbaycan-dovl%c9%99ti-surundurm%c9%99cilikl%c9%99-m%c9%99sgul-olur\\\/#breadcrumb\"},\"inLanguage\":\"az\",\"potentialAction\":[{\"@type\":\"ReadAction\",\"target\":[\"https:\\\/\\\/www.meydan.tv\\\/az\\\/article\\\/ulviyy%c9%99-eli-bir-ildir-ki-az%c9%99rbaycan-dovl%c9%99ti-surundurm%c9%99cilikl%c9%99-m%c9%99sgul-olur\\\/\"]}]},{\"@type\":\"ImageObject\",\"inLanguage\":\"az\",\"@id\":\"https:\\\/\\\/www.meydan.tv\\\/az\\\/article\\\/ulviyy%c9%99-eli-bir-ildir-ki-az%c9%99rbaycan-dovl%c9%99ti-surundurm%c9%99cilikl%c9%99-m%c9%99sgul-olur\\\/#primaryimage\",\"url\":\"https:\\\/\\\/www.meydan.tv\\\/wp-content\\\/uploads\\\/200f8f78-ea5e-4ad6-914c-3458349392a9.jpg\",\"contentUrl\":\"https:\\\/\\\/www.meydan.tv\\\/wp-content\\\/uploads\\\/200f8f78-ea5e-4ad6-914c-3458349392a9.jpg\",\"width\":1179,\"height\":576,\"caption\":\"\u00dclviyy\u0259 \u018fli. Foto: Meydan TV\"},{\"@type\":\"BreadcrumbList\",\"@id\":\"https:\\\/\\\/www.meydan.tv\\\/az\\\/article\\\/ulviyy%c9%99-eli-bir-ildir-ki-az%c9%99rbaycan-dovl%c9%99ti-surundurm%c9%99cilikl%c9%99-m%c9%99sgul-olur\\\/#breadcrumb\",\"itemListElement\":[{\"@type\":\"ListItem\",\"position\":1,\"name\":\"Ana s\u0259hif\u0259\",\"item\":\"https:\\\/\\\/www.meydan.tv\\\/az\\\/\"},{\"@type\":\"ListItem\",\"position\":2,\"name\":\"H\u0259bsxanadan m\u0259ktublar\",\"item\":\"https:\\\/\\\/www.meydan.tv\\\/az\\\/section\\\/hebsxanadan-mektublar\\\/\"},{\"@type\":\"ListItem\",\"position\":3,\"name\":\"\u00dclviyy\u0259 \u018fli:\u00a0&#8220;Bir ildir ki, Az\u0259rbaycan d\u00f6vl\u0259ti s\u00fcr\u00fcnd\u00fcrm\u0259\u00e7ilikl\u0259 m\u0259\u015f\u011ful olur&#8221;\"}]},{\"@type\":\"WebSite\",\"@id\":\"https:\\\/\\\/www.meydan.tv\\\/az\\\/#website\",\"url\":\"https:\\\/\\\/www.meydan.tv\\\/az\\\/\",\"name\":\"MEYDAN.TV\",\"description\":\"Meydan TV Az\u0259rbaycan\u0131n media m\u0259kan\u0131ndak\u0131 alternativ s\u0259sidir\",\"publisher\":{\"@id\":\"https:\\\/\\\/www.meydan.tv\\\/az\\\/#organization\"},\"potentialAction\":[{\"@type\":\"SearchAction\",\"target\":{\"@type\":\"EntryPoint\",\"urlTemplate\":\"https:\\\/\\\/www.meydan.tv\\\/az\\\/?s={search_term_string}\"},\"query-input\":{\"@type\":\"PropertyValueSpecification\",\"valueRequired\":true,\"valueName\":\"search_term_string\"}}],\"inLanguage\":\"az\"},{\"@type\":\"Organization\",\"@id\":\"https:\\\/\\\/www.meydan.tv\\\/az\\\/#organization\",\"name\":\"Meydan TV\",\"url\":\"https:\\\/\\\/www.meydan.tv\\\/az\\\/\",\"logo\":{\"@type\":\"ImageObject\",\"inLanguage\":\"az\",\"@id\":\"https:\\\/\\\/www.meydan.tv\\\/az\\\/#\\\/schema\\\/logo\\\/image\\\/\",\"url\":\"https:\\\/\\\/www.meydan.tv\\\/wp-content\\\/uploads\\\/2021\\\/07\\\/meydan-logo.svg\",\"contentUrl\":\"https:\\\/\\\/www.meydan.tv\\\/wp-content\\\/uploads\\\/2021\\\/07\\\/meydan-logo.svg\",\"width\":195,\"height\":46,\"caption\":\"Meydan TV\"},\"image\":{\"@id\":\"https:\\\/\\\/www.meydan.tv\\\/az\\\/#\\\/schema\\\/logo\\\/image\\\/\"}},{\"@type\":\"Person\",\"@id\":\"https:\\\/\\\/www.meydan.tv\\\/az\\\/#\\\/schema\\\/person\\\/09863e516102a829e72bedcf3f84c6b0\",\"name\":\"mahmud\"}]}<\/script>\n<!-- \/ Yoast SEO plugin. -->","yoast_head_json":{"title":"\u00dclviyy\u0259 \u018fli:\u00a0\"Bir ildir ki, Az\u0259rbaycan d\u00f6vl\u0259ti s\u00fcr\u00fcnd\u00fcrm\u0259\u00e7ilikl\u0259 m\u0259\u015f\u011ful olur\" - MEYDAN.TV","robots":{"index":"index","follow":"follow","max-snippet":"max-snippet:-1","max-image-preview":"max-image-preview:large","max-video-preview":"max-video-preview:-1"},"canonical":"https:\/\/www.meydan.tv\/az\/article\/ulviyy%c9%99-eli-bir-ildir-ki-az%c9%99rbaycan-dovl%c9%99ti-surundurm%c9%99cilikl%c9%99-m%c9%99sgul-olur\/","og_locale":"az_AZ","og_type":"article","og_title":"\u00dclviyy\u0259 \u018fli:\u00a0\"Bir ildir ki, Az\u0259rbaycan d\u00f6vl\u0259ti s\u00fcr\u00fcnd\u00fcrm\u0259\u00e7ilikl\u0259 m\u0259\u015f\u011ful olur\" - MEYDAN.TV","og_description":"\u201cMeydan TV i\u015fi\u201d \u00fczr\u0259 h\u0259bsd\u0259 olan jurnalist \u00dclviyy\u0259 \u018fli (Quliyeva) ... Davam\u0131","og_url":"https:\/\/www.meydan.tv\/az\/article\/ulviyy%c9%99-eli-bir-ildir-ki-az%c9%99rbaycan-dovl%c9%99ti-surundurm%c9%99cilikl%c9%99-m%c9%99sgul-olur\/","og_site_name":"MEYDAN.TV","article_published_time":"2026-04-27T10:45:24+00:00","article_modified_time":"2026-04-27T10:45:26+00:00","og_image":[{"width":1179,"height":576,"url":"https:\/\/www.meydan.tv\/wp-content\/uploads\/200f8f78-ea5e-4ad6-914c-3458349392a9.jpg","type":"image\/jpeg"}],"author":"mahmud","twitter_card":"summary_large_image","schema":{"@context":"https:\/\/schema.org","@graph":[{"@type":"Article","@id":"https:\/\/www.meydan.tv\/az\/article\/ulviyy%c9%99-eli-bir-ildir-ki-az%c9%99rbaycan-dovl%c9%99ti-surundurm%c9%99cilikl%c9%99-m%c9%99sgul-olur\/#article","isPartOf":{"@id":"https:\/\/www.meydan.tv\/az\/article\/ulviyy%c9%99-eli-bir-ildir-ki-az%c9%99rbaycan-dovl%c9%99ti-surundurm%c9%99cilikl%c9%99-m%c9%99sgul-olur\/"},"author":{"name":"mahmud","@id":"https:\/\/www.meydan.tv\/az\/#\/schema\/person\/09863e516102a829e72bedcf3f84c6b0"},"headline":"\u00dclviyy\u0259 \u018fli:\u00a0&#8220;Bir ildir ki, Az\u0259rbaycan d\u00f6vl\u0259ti s\u00fcr\u00fcnd\u00fcrm\u0259\u00e7ilikl\u0259 m\u0259\u015f\u011ful olur&#8221;","datePublished":"2026-04-27T10:45:24+00:00","dateModified":"2026-04-27T10:45:26+00:00","mainEntityOfPage":{"@id":"https:\/\/www.meydan.tv\/az\/article\/ulviyy%c9%99-eli-bir-ildir-ki-az%c9%99rbaycan-dovl%c9%99ti-surundurm%c9%99cilikl%c9%99-m%c9%99sgul-olur\/"},"wordCount":1761,"publisher":{"@id":"https:\/\/www.meydan.tv\/az\/#organization"},"image":{"@id":"https:\/\/www.meydan.tv\/az\/article\/ulviyy%c9%99-eli-bir-ildir-ki-az%c9%99rbaycan-dovl%c9%99ti-surundurm%c9%99cilikl%c9%99-m%c9%99sgul-olur\/#primaryimage"},"thumbnailUrl":"https:\/\/www.meydan.tv\/wp-content\/uploads\/200f8f78-ea5e-4ad6-914c-3458349392a9.jpg","articleSection":["H\u0259bsxanadan m\u0259ktublar","T\u00f6vsiy\u0259","X\u0259b\u0259rl\u0259r"],"inLanguage":"az"},{"@type":"WebPage","@id":"https:\/\/www.meydan.tv\/az\/article\/ulviyy%c9%99-eli-bir-ildir-ki-az%c9%99rbaycan-dovl%c9%99ti-surundurm%c9%99cilikl%c9%99-m%c9%99sgul-olur\/","url":"https:\/\/www.meydan.tv\/az\/article\/ulviyy%c9%99-eli-bir-ildir-ki-az%c9%99rbaycan-dovl%c9%99ti-surundurm%c9%99cilikl%c9%99-m%c9%99sgul-olur\/","name":"\u00dclviyy\u0259 \u018fli:\u00a0\"Bir ildir ki, Az\u0259rbaycan d\u00f6vl\u0259ti s\u00fcr\u00fcnd\u00fcrm\u0259\u00e7ilikl\u0259 m\u0259\u015f\u011ful olur\" - MEYDAN.TV","isPartOf":{"@id":"https:\/\/www.meydan.tv\/az\/#website"},"primaryImageOfPage":{"@id":"https:\/\/www.meydan.tv\/az\/article\/ulviyy%c9%99-eli-bir-ildir-ki-az%c9%99rbaycan-dovl%c9%99ti-surundurm%c9%99cilikl%c9%99-m%c9%99sgul-olur\/#primaryimage"},"image":{"@id":"https:\/\/www.meydan.tv\/az\/article\/ulviyy%c9%99-eli-bir-ildir-ki-az%c9%99rbaycan-dovl%c9%99ti-surundurm%c9%99cilikl%c9%99-m%c9%99sgul-olur\/#primaryimage"},"thumbnailUrl":"https:\/\/www.meydan.tv\/wp-content\/uploads\/200f8f78-ea5e-4ad6-914c-3458349392a9.jpg","datePublished":"2026-04-27T10:45:24+00:00","dateModified":"2026-04-27T10:45:26+00:00","breadcrumb":{"@id":"https:\/\/www.meydan.tv\/az\/article\/ulviyy%c9%99-eli-bir-ildir-ki-az%c9%99rbaycan-dovl%c9%99ti-surundurm%c9%99cilikl%c9%99-m%c9%99sgul-olur\/#breadcrumb"},"inLanguage":"az","potentialAction":[{"@type":"ReadAction","target":["https:\/\/www.meydan.tv\/az\/article\/ulviyy%c9%99-eli-bir-ildir-ki-az%c9%99rbaycan-dovl%c9%99ti-surundurm%c9%99cilikl%c9%99-m%c9%99sgul-olur\/"]}]},{"@type":"ImageObject","inLanguage":"az","@id":"https:\/\/www.meydan.tv\/az\/article\/ulviyy%c9%99-eli-bir-ildir-ki-az%c9%99rbaycan-dovl%c9%99ti-surundurm%c9%99cilikl%c9%99-m%c9%99sgul-olur\/#primaryimage","url":"https:\/\/www.meydan.tv\/wp-content\/uploads\/200f8f78-ea5e-4ad6-914c-3458349392a9.jpg","contentUrl":"https:\/\/www.meydan.tv\/wp-content\/uploads\/200f8f78-ea5e-4ad6-914c-3458349392a9.jpg","width":1179,"height":576,"caption":"\u00dclviyy\u0259 \u018fli. Foto: Meydan TV"},{"@type":"BreadcrumbList","@id":"https:\/\/www.meydan.tv\/az\/article\/ulviyy%c9%99-eli-bir-ildir-ki-az%c9%99rbaycan-dovl%c9%99ti-surundurm%c9%99cilikl%c9%99-m%c9%99sgul-olur\/#breadcrumb","itemListElement":[{"@type":"ListItem","position":1,"name":"Ana s\u0259hif\u0259","item":"https:\/\/www.meydan.tv\/az\/"},{"@type":"ListItem","position":2,"name":"H\u0259bsxanadan m\u0259ktublar","item":"https:\/\/www.meydan.tv\/az\/section\/hebsxanadan-mektublar\/"},{"@type":"ListItem","position":3,"name":"\u00dclviyy\u0259 \u018fli:\u00a0&#8220;Bir ildir ki, Az\u0259rbaycan d\u00f6vl\u0259ti s\u00fcr\u00fcnd\u00fcrm\u0259\u00e7ilikl\u0259 m\u0259\u015f\u011ful olur&#8221;"}]},{"@type":"WebSite","@id":"https:\/\/www.meydan.tv\/az\/#website","url":"https:\/\/www.meydan.tv\/az\/","name":"MEYDAN.TV","description":"Meydan TV Az\u0259rbaycan\u0131n media m\u0259kan\u0131ndak\u0131 alternativ s\u0259sidir","publisher":{"@id":"https:\/\/www.meydan.tv\/az\/#organization"},"potentialAction":[{"@type":"SearchAction","target":{"@type":"EntryPoint","urlTemplate":"https:\/\/www.meydan.tv\/az\/?s={search_term_string}"},"query-input":{"@type":"PropertyValueSpecification","valueRequired":true,"valueName":"search_term_string"}}],"inLanguage":"az"},{"@type":"Organization","@id":"https:\/\/www.meydan.tv\/az\/#organization","name":"Meydan TV","url":"https:\/\/www.meydan.tv\/az\/","logo":{"@type":"ImageObject","inLanguage":"az","@id":"https:\/\/www.meydan.tv\/az\/#\/schema\/logo\/image\/","url":"https:\/\/www.meydan.tv\/wp-content\/uploads\/2021\/07\/meydan-logo.svg","contentUrl":"https:\/\/www.meydan.tv\/wp-content\/uploads\/2021\/07\/meydan-logo.svg","width":195,"height":46,"caption":"Meydan TV"},"image":{"@id":"https:\/\/www.meydan.tv\/az\/#\/schema\/logo\/image\/"}},{"@type":"Person","@id":"https:\/\/www.meydan.tv\/az\/#\/schema\/person\/09863e516102a829e72bedcf3f84c6b0","name":"mahmud"}]}},"_links":{"self":[{"href":"https:\/\/www.meydan.tv\/az\/wp-json\/wp\/v2\/posts\/344389","targetHints":{"allow":["GET"]}}],"collection":[{"href":"https:\/\/www.meydan.tv\/az\/wp-json\/wp\/v2\/posts"}],"about":[{"href":"https:\/\/www.meydan.tv\/az\/wp-json\/wp\/v2\/types\/post"}],"author":[{"embeddable":true,"href":"https:\/\/www.meydan.tv\/az\/wp-json\/wp\/v2\/users\/21"}],"replies":[{"embeddable":true,"href":"https:\/\/www.meydan.tv\/az\/wp-json\/wp\/v2\/comments?post=344389"}],"version-history":[{"count":1,"href":"https:\/\/www.meydan.tv\/az\/wp-json\/wp\/v2\/posts\/344389\/revisions"}],"predecessor-version":[{"id":344390,"href":"https:\/\/www.meydan.tv\/az\/wp-json\/wp\/v2\/posts\/344389\/revisions\/344390"}],"wp:featuredmedia":[{"embeddable":true,"href":"https:\/\/www.meydan.tv\/az\/wp-json\/wp\/v2\/media\/324795"}],"wp:attachment":[{"href":"https:\/\/www.meydan.tv\/az\/wp-json\/wp\/v2\/media?parent=344389"}],"wp:term":[{"taxonomy":"category","embeddable":true,"href":"https:\/\/www.meydan.tv\/az\/wp-json\/wp\/v2\/categories?post=344389"},{"taxonomy":"post_tag","embeddable":true,"href":"https:\/\/www.meydan.tv\/az\/wp-json\/wp\/v2\/tags?post=344389"}],"curies":[{"name":"wp","href":"https:\/\/api.w.org\/{rel}","templated":true}]}}