{"id":344382,"date":"2026-04-27T13:59:15","date_gmt":"2026-04-27T09:59:15","guid":{"rendered":"https:\/\/www.meydan.tv\/?p=344382"},"modified":"2026-04-27T13:59:18","modified_gmt":"2026-04-27T09:59:18","slug":"natiq-cavadli-v%c9%99-nurlan-libre-az%c9%99rbaycanin-%c9%99n-yeni-tarixi-3-cu-hiss%c9%99","status":"publish","type":"post","link":"https:\/\/www.meydan.tv\/az\/article\/natiq-cavadli-v%c9%99-nurlan-libre-az%c9%99rbaycanin-%c9%99n-yeni-tarixi-3-cu-hiss%c9%99\/","title":{"rendered":"Natiq Cavadl\u0131 v\u0259 Nurlan Libre: Az\u0259rbaycan\u0131n \u0259n yeni tarixi (3-c\u00fc hiss\u0259)"},"content":{"rendered":"\n<figure class=\"wp-block-embed is-type-video is-provider-youtube wp-block-embed-youtube wp-embed-aspect-16-9 wp-has-aspect-ratio\"><div class=\"wp-block-embed__wrapper\">\n<iframe title=\"Natiq Cavadl\u0131 v\u0259 Nurlan Libre: Az\u0259rbaycan\u0131n \u0259n yeni tarixi (3-c\u00fc hiss\u0259)\" width=\"1200\" height=\"675\" data-src=\"https:\/\/www.youtube.com\/embed\/6IXY5nVgyZA?feature=oembed\" frameborder=\"0\" allow=\"accelerometer; autoplay; clipboard-write; encrypted-media; gyroscope; picture-in-picture; web-share\" referrerpolicy=\"strict-origin-when-cross-origin\" allowfullscreen src=\"data:image\/svg+xml;base64,PHN2ZyB3aWR0aD0iMSIgaGVpZ2h0PSIxIiB4bWxucz0iaHR0cDovL3d3dy53My5vcmcvMjAwMC9zdmciPjwvc3ZnPg==\" class=\"lazyload\" data-load-mode=\"1\"><\/iframe>\n<\/div><\/figure>\n\n\n\n<p>Meydan TV i\u015fi \u00fczr\u0259 h\u0259bsd\u0259 olan jurnalistl\u0259r Nurlan Libre v\u0259 Natiq Cavadl\u0131 h\u0259bsl\u0259rind\u0259n az \u0259vv\u0259l Az\u0259rbaycan\u0131n siyasi tarixi il\u0259 ba\u011fl\u0131 geni\u015f m\u00fczakir\u0259 apar\u0131blar. M\u00fcsahib\u0259ni jurnalist Nurlan Libre al\u0131b. Natiq Cavadl\u0131 is\u0259 30 ild\u0259n art\u0131q jurnalist t\u0259cr\u00fcb\u0259si v\u0259 tarixi bilikl\u0259ri il\u0259 Az\u0259rbaycan\u0131n m\u00fcst\u0259qillik ill\u0259rind\u0259ki siyasi hadis\u0259l\u0259r\u0259 i\u015f\u0131q sal\u0131r.<\/p>\n\n\n\n<p><\/p>\n","protected":false},"excerpt":{"rendered":"<p>Meydan TV i\u015fi \u00fczr\u0259 h\u0259bsd\u0259 olan jurnalistl\u0259r Nurlan Libre v\u0259 &#8230; <\/p>\n<p class=\"read-more-container\"><a title=\"Natiq Cavadl\u0131 v\u0259 Nurlan Libre: Az\u0259rbaycan\u0131n \u0259n yeni tarixi (3-c\u00fc hiss\u0259)\" class=\"read-more button\" href=\"https:\/\/www.meydan.tv\/az\/article\/natiq-cavadli-v%c9%99-nurlan-libre-az%c9%99rbaycanin-%c9%99n-yeni-tarixi-3-cu-hiss%c9%99\/#more-344382\" aria-label=\"Read more about Natiq Cavadl\u0131 v\u0259 Nurlan Libre: Az\u0259rbaycan\u0131n \u0259n yeni tarixi (3-c\u00fc hiss\u0259)\">Davam\u0131<\/a><\/p>\n","protected":false},"author":12,"featured_media":339983,"comment_status":"closed","ping_status":"closed","sticky":false,"template":"","format":"standard","meta":{"_acf_changed":false,"_sitemap_exclude":false,"_sitemap_priority":"","_sitemap_frequency":"","footnotes":""},"categories":[59,79,63,56],"tags":[],"class_list":["post-344382","post","type-post","status-publish","format-standard","has-post-thumbnail","hentry","category-siyaset","category-featured","category-video-2","category-xeberler","infinite-scroll-item","generate-columns","tablet-grid-50","mobile-grid-100","grid-parent","grid-33","no-featured-image-padding"],"acf":[],"yoast_head":"<!-- This site is optimized with the Yoast SEO plugin v27.4 - https:\/\/yoast.com\/product\/yoast-seo-wordpress\/ -->\n<title>Natiq Cavadl\u0131 v\u0259 Nurlan Libre: Az\u0259rbaycan\u0131n \u0259n yeni tarixi (3-c\u00fc hiss\u0259) - MEYDAN.TV<\/title>\n<meta name=\"robots\" content=\"index, follow, max-snippet:-1, max-image-preview:large, max-video-preview:-1\" \/>\n<link rel=\"canonical\" href=\"https:\/\/www.meydan.tv\/az\/article\/natiq-cavadli-v%c9%99-nurlan-libre-az%c9%99rbaycanin-%c9%99n-yeni-tarixi-3-cu-hiss%c9%99\/\" \/>\n<meta property=\"og:locale\" content=\"az_AZ\" \/>\n<meta property=\"og:type\" content=\"article\" \/>\n<meta property=\"og:title\" content=\"Natiq Cavadl\u0131 v\u0259 Nurlan Libre: Az\u0259rbaycan\u0131n \u0259n yeni tarixi (3-c\u00fc hiss\u0259) - MEYDAN.TV\" \/>\n<meta property=\"og:description\" content=\"Meydan TV i\u015fi \u00fczr\u0259 h\u0259bsd\u0259 olan jurnalistl\u0259r Nurlan Libre v\u0259 ... Davam\u0131\" \/>\n<meta property=\"og:url\" content=\"https:\/\/www.meydan.tv\/az\/article\/natiq-cavadli-v%c9%99-nurlan-libre-az%c9%99rbaycanin-%c9%99n-yeni-tarixi-3-cu-hiss%c9%99\/\" \/>\n<meta property=\"og:site_name\" content=\"MEYDAN.TV\" \/>\n<meta property=\"article:published_time\" content=\"2026-04-27T09:59:15+00:00\" \/>\n<meta property=\"article:modified_time\" content=\"2026-04-27T09:59:18+00:00\" \/>\n<meta property=\"og:image\" content=\"https:\/\/www.meydan.tv\/wp-content\/uploads\/screenshot-2026-01-08-at-16.29.49.png\" \/>\n\t<meta property=\"og:image:width\" content=\"1768\" \/>\n\t<meta property=\"og:image:height\" content=\"1070\" \/>\n\t<meta property=\"og:image:type\" content=\"image\/png\" \/>\n<meta name=\"author\" content=\"aleks\" \/>\n<meta name=\"twitter:card\" content=\"summary_large_image\" \/>\n<script type=\"application\/ld+json\" class=\"yoast-schema-graph\">{\"@context\":\"https:\\\/\\\/schema.org\",\"@graph\":[{\"@type\":\"Article\",\"@id\":\"https:\\\/\\\/www.meydan.tv\\\/az\\\/article\\\/natiq-cavadli-v%c9%99-nurlan-libre-az%c9%99rbaycanin-%c9%99n-yeni-tarixi-3-cu-hiss%c9%99\\\/#article\",\"isPartOf\":{\"@id\":\"https:\\\/\\\/www.meydan.tv\\\/az\\\/article\\\/natiq-cavadli-v%c9%99-nurlan-libre-az%c9%99rbaycanin-%c9%99n-yeni-tarixi-3-cu-hiss%c9%99\\\/\"},\"author\":{\"name\":\"aleks\",\"@id\":\"https:\\\/\\\/www.meydan.tv\\\/az\\\/#\\\/schema\\\/person\\\/476e9360e593fa131d5d71d51866f8da\"},\"headline\":\"Natiq Cavadl\u0131 v\u0259 Nurlan Libre: Az\u0259rbaycan\u0131n \u0259n yeni tarixi (3-c\u00fc hiss\u0259)\",\"datePublished\":\"2026-04-27T09:59:15+00:00\",\"dateModified\":\"2026-04-27T09:59:18+00:00\",\"mainEntityOfPage\":{\"@id\":\"https:\\\/\\\/www.meydan.tv\\\/az\\\/article\\\/natiq-cavadli-v%c9%99-nurlan-libre-az%c9%99rbaycanin-%c9%99n-yeni-tarixi-3-cu-hiss%c9%99\\\/\"},\"wordCount\":95,\"publisher\":{\"@id\":\"https:\\\/\\\/www.meydan.tv\\\/az\\\/#organization\"},\"image\":{\"@id\":\"https:\\\/\\\/www.meydan.tv\\\/az\\\/article\\\/natiq-cavadli-v%c9%99-nurlan-libre-az%c9%99rbaycanin-%c9%99n-yeni-tarixi-3-cu-hiss%c9%99\\\/#primaryimage\"},\"thumbnailUrl\":\"https:\\\/\\\/www.meydan.tv\\\/wp-content\\\/uploads\\\/screenshot-2026-01-08-at-16.29.49.png\",\"articleSection\":[\"Siyas\u0259t\",\"T\u00f6vsiy\u0259\",\"Video\",\"X\u0259b\u0259rl\u0259r\"],\"inLanguage\":\"az\"},{\"@type\":\"WebPage\",\"@id\":\"https:\\\/\\\/www.meydan.tv\\\/az\\\/article\\\/natiq-cavadli-v%c9%99-nurlan-libre-az%c9%99rbaycanin-%c9%99n-yeni-tarixi-3-cu-hiss%c9%99\\\/\",\"url\":\"https:\\\/\\\/www.meydan.tv\\\/az\\\/article\\\/natiq-cavadli-v%c9%99-nurlan-libre-az%c9%99rbaycanin-%c9%99n-yeni-tarixi-3-cu-hiss%c9%99\\\/\",\"name\":\"Natiq Cavadl\u0131 v\u0259 Nurlan Libre: Az\u0259rbaycan\u0131n \u0259n yeni tarixi (3-c\u00fc hiss\u0259) - MEYDAN.TV\",\"isPartOf\":{\"@id\":\"https:\\\/\\\/www.meydan.tv\\\/az\\\/#website\"},\"primaryImageOfPage\":{\"@id\":\"https:\\\/\\\/www.meydan.tv\\\/az\\\/article\\\/natiq-cavadli-v%c9%99-nurlan-libre-az%c9%99rbaycanin-%c9%99n-yeni-tarixi-3-cu-hiss%c9%99\\\/#primaryimage\"},\"image\":{\"@id\":\"https:\\\/\\\/www.meydan.tv\\\/az\\\/article\\\/natiq-cavadli-v%c9%99-nurlan-libre-az%c9%99rbaycanin-%c9%99n-yeni-tarixi-3-cu-hiss%c9%99\\\/#primaryimage\"},\"thumbnailUrl\":\"https:\\\/\\\/www.meydan.tv\\\/wp-content\\\/uploads\\\/screenshot-2026-01-08-at-16.29.49.png\",\"datePublished\":\"2026-04-27T09:59:15+00:00\",\"dateModified\":\"2026-04-27T09:59:18+00:00\",\"breadcrumb\":{\"@id\":\"https:\\\/\\\/www.meydan.tv\\\/az\\\/article\\\/natiq-cavadli-v%c9%99-nurlan-libre-az%c9%99rbaycanin-%c9%99n-yeni-tarixi-3-cu-hiss%c9%99\\\/#breadcrumb\"},\"inLanguage\":\"az\",\"potentialAction\":[{\"@type\":\"ReadAction\",\"target\":[\"https:\\\/\\\/www.meydan.tv\\\/az\\\/article\\\/natiq-cavadli-v%c9%99-nurlan-libre-az%c9%99rbaycanin-%c9%99n-yeni-tarixi-3-cu-hiss%c9%99\\\/\"]}]},{\"@type\":\"ImageObject\",\"inLanguage\":\"az\",\"@id\":\"https:\\\/\\\/www.meydan.tv\\\/az\\\/article\\\/natiq-cavadli-v%c9%99-nurlan-libre-az%c9%99rbaycanin-%c9%99n-yeni-tarixi-3-cu-hiss%c9%99\\\/#primaryimage\",\"url\":\"https:\\\/\\\/www.meydan.tv\\\/wp-content\\\/uploads\\\/screenshot-2026-01-08-at-16.29.49.png\",\"contentUrl\":\"https:\\\/\\\/www.meydan.tv\\\/wp-content\\\/uploads\\\/screenshot-2026-01-08-at-16.29.49.png\",\"width\":1768,\"height\":1070,\"caption\":\"Natiq Cavadl\u0131\"},{\"@type\":\"BreadcrumbList\",\"@id\":\"https:\\\/\\\/www.meydan.tv\\\/az\\\/article\\\/natiq-cavadli-v%c9%99-nurlan-libre-az%c9%99rbaycanin-%c9%99n-yeni-tarixi-3-cu-hiss%c9%99\\\/#breadcrumb\",\"itemListElement\":[{\"@type\":\"ListItem\",\"position\":1,\"name\":\"Ana s\u0259hif\u0259\",\"item\":\"https:\\\/\\\/www.meydan.tv\\\/az\\\/\"},{\"@type\":\"ListItem\",\"position\":2,\"name\":\"X\u0259b\u0259rl\u0259r\",\"item\":\"https:\\\/\\\/www.meydan.tv\\\/az\\\/section\\\/xeberler\\\/\"},{\"@type\":\"ListItem\",\"position\":3,\"name\":\"Natiq Cavadl\u0131 v\u0259 Nurlan Libre: Az\u0259rbaycan\u0131n \u0259n yeni tarixi (3-c\u00fc hiss\u0259)\"}]},{\"@type\":\"WebSite\",\"@id\":\"https:\\\/\\\/www.meydan.tv\\\/az\\\/#website\",\"url\":\"https:\\\/\\\/www.meydan.tv\\\/az\\\/\",\"name\":\"MEYDAN.TV\",\"description\":\"Meydan TV Az\u0259rbaycan\u0131n media m\u0259kan\u0131ndak\u0131 alternativ s\u0259sidir\",\"publisher\":{\"@id\":\"https:\\\/\\\/www.meydan.tv\\\/az\\\/#organization\"},\"potentialAction\":[{\"@type\":\"SearchAction\",\"target\":{\"@type\":\"EntryPoint\",\"urlTemplate\":\"https:\\\/\\\/www.meydan.tv\\\/az\\\/?s={search_term_string}\"},\"query-input\":{\"@type\":\"PropertyValueSpecification\",\"valueRequired\":true,\"valueName\":\"search_term_string\"}}],\"inLanguage\":\"az\"},{\"@type\":\"Organization\",\"@id\":\"https:\\\/\\\/www.meydan.tv\\\/az\\\/#organization\",\"name\":\"Meydan TV\",\"url\":\"https:\\\/\\\/www.meydan.tv\\\/az\\\/\",\"logo\":{\"@type\":\"ImageObject\",\"inLanguage\":\"az\",\"@id\":\"https:\\\/\\\/www.meydan.tv\\\/az\\\/#\\\/schema\\\/logo\\\/image\\\/\",\"url\":\"https:\\\/\\\/www.meydan.tv\\\/wp-content\\\/uploads\\\/2021\\\/07\\\/meydan-logo.svg\",\"contentUrl\":\"https:\\\/\\\/www.meydan.tv\\\/wp-content\\\/uploads\\\/2021\\\/07\\\/meydan-logo.svg\",\"width\":195,\"height\":46,\"caption\":\"Meydan TV\"},\"image\":{\"@id\":\"https:\\\/\\\/www.meydan.tv\\\/az\\\/#\\\/schema\\\/logo\\\/image\\\/\"}},{\"@type\":\"Person\",\"@id\":\"https:\\\/\\\/www.meydan.tv\\\/az\\\/#\\\/schema\\\/person\\\/476e9360e593fa131d5d71d51866f8da\",\"name\":\"aleks\"}]}<\/script>\n<!-- \/ Yoast SEO plugin. -->","yoast_head_json":{"title":"Natiq Cavadl\u0131 v\u0259 Nurlan Libre: Az\u0259rbaycan\u0131n \u0259n yeni tarixi (3-c\u00fc hiss\u0259) - MEYDAN.TV","robots":{"index":"index","follow":"follow","max-snippet":"max-snippet:-1","max-image-preview":"max-image-preview:large","max-video-preview":"max-video-preview:-1"},"canonical":"https:\/\/www.meydan.tv\/az\/article\/natiq-cavadli-v%c9%99-nurlan-libre-az%c9%99rbaycanin-%c9%99n-yeni-tarixi-3-cu-hiss%c9%99\/","og_locale":"az_AZ","og_type":"article","og_title":"Natiq Cavadl\u0131 v\u0259 Nurlan Libre: Az\u0259rbaycan\u0131n \u0259n yeni tarixi (3-c\u00fc hiss\u0259) - MEYDAN.TV","og_description":"Meydan TV i\u015fi \u00fczr\u0259 h\u0259bsd\u0259 olan jurnalistl\u0259r Nurlan Libre v\u0259 ... Davam\u0131","og_url":"https:\/\/www.meydan.tv\/az\/article\/natiq-cavadli-v%c9%99-nurlan-libre-az%c9%99rbaycanin-%c9%99n-yeni-tarixi-3-cu-hiss%c9%99\/","og_site_name":"MEYDAN.TV","article_published_time":"2026-04-27T09:59:15+00:00","article_modified_time":"2026-04-27T09:59:18+00:00","og_image":[{"width":1768,"height":1070,"url":"https:\/\/www.meydan.tv\/wp-content\/uploads\/screenshot-2026-01-08-at-16.29.49.png","type":"image\/png"}],"author":"aleks","twitter_card":"summary_large_image","schema":{"@context":"https:\/\/schema.org","@graph":[{"@type":"Article","@id":"https:\/\/www.meydan.tv\/az\/article\/natiq-cavadli-v%c9%99-nurlan-libre-az%c9%99rbaycanin-%c9%99n-yeni-tarixi-3-cu-hiss%c9%99\/#article","isPartOf":{"@id":"https:\/\/www.meydan.tv\/az\/article\/natiq-cavadli-v%c9%99-nurlan-libre-az%c9%99rbaycanin-%c9%99n-yeni-tarixi-3-cu-hiss%c9%99\/"},"author":{"name":"aleks","@id":"https:\/\/www.meydan.tv\/az\/#\/schema\/person\/476e9360e593fa131d5d71d51866f8da"},"headline":"Natiq Cavadl\u0131 v\u0259 Nurlan Libre: Az\u0259rbaycan\u0131n \u0259n yeni tarixi (3-c\u00fc hiss\u0259)","datePublished":"2026-04-27T09:59:15+00:00","dateModified":"2026-04-27T09:59:18+00:00","mainEntityOfPage":{"@id":"https:\/\/www.meydan.tv\/az\/article\/natiq-cavadli-v%c9%99-nurlan-libre-az%c9%99rbaycanin-%c9%99n-yeni-tarixi-3-cu-hiss%c9%99\/"},"wordCount":95,"publisher":{"@id":"https:\/\/www.meydan.tv\/az\/#organization"},"image":{"@id":"https:\/\/www.meydan.tv\/az\/article\/natiq-cavadli-v%c9%99-nurlan-libre-az%c9%99rbaycanin-%c9%99n-yeni-tarixi-3-cu-hiss%c9%99\/#primaryimage"},"thumbnailUrl":"https:\/\/www.meydan.tv\/wp-content\/uploads\/screenshot-2026-01-08-at-16.29.49.png","articleSection":["Siyas\u0259t","T\u00f6vsiy\u0259","Video","X\u0259b\u0259rl\u0259r"],"inLanguage":"az"},{"@type":"WebPage","@id":"https:\/\/www.meydan.tv\/az\/article\/natiq-cavadli-v%c9%99-nurlan-libre-az%c9%99rbaycanin-%c9%99n-yeni-tarixi-3-cu-hiss%c9%99\/","url":"https:\/\/www.meydan.tv\/az\/article\/natiq-cavadli-v%c9%99-nurlan-libre-az%c9%99rbaycanin-%c9%99n-yeni-tarixi-3-cu-hiss%c9%99\/","name":"Natiq Cavadl\u0131 v\u0259 Nurlan Libre: Az\u0259rbaycan\u0131n \u0259n yeni tarixi (3-c\u00fc hiss\u0259) - MEYDAN.TV","isPartOf":{"@id":"https:\/\/www.meydan.tv\/az\/#website"},"primaryImageOfPage":{"@id":"https:\/\/www.meydan.tv\/az\/article\/natiq-cavadli-v%c9%99-nurlan-libre-az%c9%99rbaycanin-%c9%99n-yeni-tarixi-3-cu-hiss%c9%99\/#primaryimage"},"image":{"@id":"https:\/\/www.meydan.tv\/az\/article\/natiq-cavadli-v%c9%99-nurlan-libre-az%c9%99rbaycanin-%c9%99n-yeni-tarixi-3-cu-hiss%c9%99\/#primaryimage"},"thumbnailUrl":"https:\/\/www.meydan.tv\/wp-content\/uploads\/screenshot-2026-01-08-at-16.29.49.png","datePublished":"2026-04-27T09:59:15+00:00","dateModified":"2026-04-27T09:59:18+00:00","breadcrumb":{"@id":"https:\/\/www.meydan.tv\/az\/article\/natiq-cavadli-v%c9%99-nurlan-libre-az%c9%99rbaycanin-%c9%99n-yeni-tarixi-3-cu-hiss%c9%99\/#breadcrumb"},"inLanguage":"az","potentialAction":[{"@type":"ReadAction","target":["https:\/\/www.meydan.tv\/az\/article\/natiq-cavadli-v%c9%99-nurlan-libre-az%c9%99rbaycanin-%c9%99n-yeni-tarixi-3-cu-hiss%c9%99\/"]}]},{"@type":"ImageObject","inLanguage":"az","@id":"https:\/\/www.meydan.tv\/az\/article\/natiq-cavadli-v%c9%99-nurlan-libre-az%c9%99rbaycanin-%c9%99n-yeni-tarixi-3-cu-hiss%c9%99\/#primaryimage","url":"https:\/\/www.meydan.tv\/wp-content\/uploads\/screenshot-2026-01-08-at-16.29.49.png","contentUrl":"https:\/\/www.meydan.tv\/wp-content\/uploads\/screenshot-2026-01-08-at-16.29.49.png","width":1768,"height":1070,"caption":"Natiq Cavadl\u0131"},{"@type":"BreadcrumbList","@id":"https:\/\/www.meydan.tv\/az\/article\/natiq-cavadli-v%c9%99-nurlan-libre-az%c9%99rbaycanin-%c9%99n-yeni-tarixi-3-cu-hiss%c9%99\/#breadcrumb","itemListElement":[{"@type":"ListItem","position":1,"name":"Ana s\u0259hif\u0259","item":"https:\/\/www.meydan.tv\/az\/"},{"@type":"ListItem","position":2,"name":"X\u0259b\u0259rl\u0259r","item":"https:\/\/www.meydan.tv\/az\/section\/xeberler\/"},{"@type":"ListItem","position":3,"name":"Natiq Cavadl\u0131 v\u0259 Nurlan Libre: Az\u0259rbaycan\u0131n \u0259n yeni tarixi (3-c\u00fc hiss\u0259)"}]},{"@type":"WebSite","@id":"https:\/\/www.meydan.tv\/az\/#website","url":"https:\/\/www.meydan.tv\/az\/","name":"MEYDAN.TV","description":"Meydan TV Az\u0259rbaycan\u0131n media m\u0259kan\u0131ndak\u0131 alternativ s\u0259sidir","publisher":{"@id":"https:\/\/www.meydan.tv\/az\/#organization"},"potentialAction":[{"@type":"SearchAction","target":{"@type":"EntryPoint","urlTemplate":"https:\/\/www.meydan.tv\/az\/?s={search_term_string}"},"query-input":{"@type":"PropertyValueSpecification","valueRequired":true,"valueName":"search_term_string"}}],"inLanguage":"az"},{"@type":"Organization","@id":"https:\/\/www.meydan.tv\/az\/#organization","name":"Meydan TV","url":"https:\/\/www.meydan.tv\/az\/","logo":{"@type":"ImageObject","inLanguage":"az","@id":"https:\/\/www.meydan.tv\/az\/#\/schema\/logo\/image\/","url":"https:\/\/www.meydan.tv\/wp-content\/uploads\/2021\/07\/meydan-logo.svg","contentUrl":"https:\/\/www.meydan.tv\/wp-content\/uploads\/2021\/07\/meydan-logo.svg","width":195,"height":46,"caption":"Meydan TV"},"image":{"@id":"https:\/\/www.meydan.tv\/az\/#\/schema\/logo\/image\/"}},{"@type":"Person","@id":"https:\/\/www.meydan.tv\/az\/#\/schema\/person\/476e9360e593fa131d5d71d51866f8da","name":"aleks"}]}},"_links":{"self":[{"href":"https:\/\/www.meydan.tv\/az\/wp-json\/wp\/v2\/posts\/344382","targetHints":{"allow":["GET"]}}],"collection":[{"href":"https:\/\/www.meydan.tv\/az\/wp-json\/wp\/v2\/posts"}],"about":[{"href":"https:\/\/www.meydan.tv\/az\/wp-json\/wp\/v2\/types\/post"}],"author":[{"embeddable":true,"href":"https:\/\/www.meydan.tv\/az\/wp-json\/wp\/v2\/users\/12"}],"replies":[{"embeddable":true,"href":"https:\/\/www.meydan.tv\/az\/wp-json\/wp\/v2\/comments?post=344382"}],"version-history":[{"count":2,"href":"https:\/\/www.meydan.tv\/az\/wp-json\/wp\/v2\/posts\/344382\/revisions"}],"predecessor-version":[{"id":344384,"href":"https:\/\/www.meydan.tv\/az\/wp-json\/wp\/v2\/posts\/344382\/revisions\/344384"}],"wp:featuredmedia":[{"embeddable":true,"href":"https:\/\/www.meydan.tv\/az\/wp-json\/wp\/v2\/media\/339983"}],"wp:attachment":[{"href":"https:\/\/www.meydan.tv\/az\/wp-json\/wp\/v2\/media?parent=344382"}],"wp:term":[{"taxonomy":"category","embeddable":true,"href":"https:\/\/www.meydan.tv\/az\/wp-json\/wp\/v2\/categories?post=344382"},{"taxonomy":"post_tag","embeddable":true,"href":"https:\/\/www.meydan.tv\/az\/wp-json\/wp\/v2\/tags?post=344382"}],"curies":[{"name":"wp","href":"https:\/\/api.w.org\/{rel}","templated":true}]}}