{"id":344380,"date":"2026-04-27T14:03:14","date_gmt":"2026-04-27T10:03:14","guid":{"rendered":"https:\/\/www.meydan.tv\/?p=344380"},"modified":"2026-04-27T14:03:16","modified_gmt":"2026-04-27T10:03:16","slug":"zelenski-rusiya-il%c9%99-danisiqlar-bakida-keciril%c9%99-bil%c9%99r","status":"publish","type":"post","link":"https:\/\/www.meydan.tv\/az\/article\/zelenski-rusiya-il%c9%99-danisiqlar-bakida-keciril%c9%99-bil%c9%99r\/","title":{"rendered":"Zelenski: &#8220;Rusiya il\u0259 dan\u0131\u015f\u0131qlar Bak\u0131da ke\u00e7iril\u0259 bil\u0259r&#8221;"},"content":{"rendered":"\n<p>Ukrayna Prezidenti Volodimir Zelenski aprelin 25-d\u0259 Az\u0259rbaycana i\u015fg\u00fczar s\u0259f\u0259r edib. Q\u0259b\u0259l\u0259d\u0259 Az\u0259rbaycan Prezidenti \u0130lham \u018fliyev il\u0259 \u0259vv\u0259l t\u0259kb\u0259t\u0259k, daha sonra n\u00fcmay\u0259nd\u0259 hey\u0259tl\u0259rinin i\u015ftirak\u0131 il\u0259 geni\u015f t\u0259rkibd\u0259 g\u00f6r\u00fc\u015f ke\u00e7irilib.<\/p>\n\n\n\n<p>Bu, Rusiyan\u0131n Ukraynaya qar\u015f\u0131 geni\u015fmiqyasl\u0131 m\u00fcharib\u0259y\u0259 ba\u015flamas\u0131ndan sonra Zelenskinin Az\u0259rbaycana ilk s\u0259f\u0259ri olub. Son d\u00f6rd il \u0259rzind\u0259 bu, iki lider aras\u0131nda yeddinci g\u00f6r\u00fc\u015fd\u00fcr.<\/p>\n\n\n\n<p>G\u00f6r\u00fc\u015f zaman\u0131 t\u0259r\u0259fl\u0259r ikit\u0259r\u0259fli \u0259m\u0259kda\u015fl\u0131\u011f\u0131n geni\u015fl\u0259ndirilm\u0259si perspektivl\u0259rini, x\u00fcsusil\u0259 enerji, k\u0259nd t\u0259s\u0259rr\u00fcfat\u0131, t\u0259hl\u00fck\u0259sizlik, humanitar v\u0259 iqtisadi sah\u0259l\u0259rd\u0259 \u0259m\u0259kda\u015fl\u0131q imkanlar\u0131n\u0131 m\u00fczakir\u0259 edibl\u0259r. H\u00f6kum\u0259tl\u0259raras\u0131 Komissiyan\u0131n f\u0259aliyy\u0259ti v\u0259 qar\u015f\u0131l\u0131ql\u0131 iqtisadi \u0259laq\u0259l\u0259rin inki\u015faf\u0131 da <a href=\"https:\/\/azertag.az\/xeber\/qebelede_azerbaycan_prezidenti_ilham_aliyevin_ukrayna_prezidenti_ile_tekbetek_ve_genis_terkibde_gorusu_olub_yenilenib_video-4148619\" target=\"_blank\" rel=\"noreferrer noopener nofollow\">g\u00fcnd\u0259m m\u00f6vzusu olub<\/a>.<\/p>\n\n\n\n<p>G\u00f6r\u00fc\u015fd\u0259n sonra liderl\u0259r m\u0259tbuata <a href=\"https:\/\/azertag.az\/xeber\/azerbaycan_ve_ukrayna_prezidentleri_metbuata_beyanatlarla_chixis_edibler__yenilenib_video-4148851\" target=\"_blank\" rel=\"noreferrer noopener nofollow\">b\u0259yanatlarla<\/a> \u00e7\u0131x\u0131\u015f edibl\u0259r.<\/p>\n\n\n\n<p>Prezident \u0130lham \u018fliyev bildirib ki, Az\u0259rbaycan-Ukrayna m\u00fcnasib\u0259tl\u0259rinin \u201c\u00e7ox g\u00fccl\u00fc siyasi t\u0259m\u0259li\u201d var.<\/p>\n\n\n\n<p><em>\u201cAz\u0259rbaycan v\u0259 Ukrayna b\u00fct\u00fcn beyn\u0259lxalq t\u0259\u015fkilatlarda qar\u015f\u0131l\u0131ql\u0131 olaraq \u00f6lk\u0259l\u0259rin suverenliyini, \u0259razi b\u00fct\u00f6vl\u00fcy\u00fcn\u00fc d\u0259st\u0259kl\u0259yir v\u0259 d\u0259st\u0259kl\u0259y\u0259c\u0259kdir\u201d,<\/em> \u2013 \u018fliyev deyib.<\/p>\n\n\n\n<p>Onun s\u00f6zl\u0259rin\u0259 g\u00f6r\u0259, enerji \u0259m\u0259kda\u015fl\u0131\u011f\u0131 \u0259sas istiqam\u0259tl\u0259rd\u0259n biri olaraq qal\u0131r. \u018fliyev qeyd edib ki, SOCAR uzun ill\u0259rdir Ukraynada f\u0259aliyy\u0259t g\u00f6st\u0259rir v\u0259 bu sah\u0259d\u0259 yeni layih\u0259l\u0259r, el\u0259c\u0259 d\u0259 qar\u015f\u0131l\u0131ql\u0131 investisiya imkanlar\u0131 m\u00f6vcuddur.<\/p>\n\n\n\n<p><em>\u201cBizim ticar\u0259t d\u00f6vriyy\u0259miz yar\u0131m milyard dollar\u0131 \u00f6t\u00fcb. Amma \u00fcmid edir\u0259m ki, n\u00f6vb\u0259ti ill\u0259rd\u0259 bu r\u0259q\u0259m daha da b\u00f6y\u00fcy\u0259c\u0259k\u201d, <\/em>\u2013 Az\u0259rbaycan Prezidenti bildirib.<\/p>\n\n\n\n<p>\u018fliyev h\u0259m\u00e7inin h\u0259rbi-texniki \u0259m\u0259kda\u015fl\u0131q v\u0259 birg\u0259 istehsal perspektivl\u0259rinin d\u0259 m\u00fczakir\u0259 olundu\u011funu vur\u011fulay\u0131b.<\/p>\n\n\n\n<p><em>\u201cH\u0259m Az\u0259rbaycanda, h\u0259m Ukraynada h\u0259rbi s\u0259naye kompleksi inki\u015faf edir. Burada birg\u0259 istehsalla ba\u011fl\u0131 \u00e7ox g\u00f6z\u0259l imkanlar var\u201d,<\/em> \u2013 o deyib.<\/p>\n\n\n\n<p>Ukrayna Prezidenti Volodimir Zelenski is\u0259 bildirib ki, s\u0259f\u0259r \u00e7\u0259r\u00e7iv\u0259sind\u0259 alt\u0131 s\u0259n\u0259d imzalan\u0131b. S\u0259f\u0259rd\u0259n \u0259vv\u0259l Ukraynan\u0131n d\u00f6vl\u0259t x\u0259b\u0259r agentliyi Ukrinform be\u015f s\u0259n\u0259d \u00fcz\u0259rind\u0259 i\u015f apar\u0131ld\u0131\u011f\u0131n\u0131 bildirs\u0259 d\u0259, g\u00f6r\u00fc\u015fd\u0259n sonra h\u0259m Ukrayna Prezident Ofisi, h\u0259m d\u0259 Ukrinform alt\u0131 s\u0259n\u0259din imzaland\u0131\u011f\u0131n\u0131 a\u00e7\u0131qlay\u0131b.<\/p>\n\n\n\n<p>S\u0259n\u0259dl\u0259rin tam siyah\u0131s\u0131 h\u0259l\u0259 a\u00e7\u0131qlanmasa da, liderl\u0259rin \u00e7\u0131x\u0131\u015flar\u0131ndan g\u00f6r\u00fcn\u00fcr ki, \u0259sas istiqam\u0259tl\u0259r m\u00fcdafi\u0259 s\u0259nayesi, t\u0259hl\u00fck\u0259sizlik, enerji v\u0259 s\u0259naye \u0259m\u0259kda\u015fl\u0131\u011f\u0131d\u0131r.<\/p>\n\n\n\n<p><em>\u201cBu g\u00fcn istiqam\u0259t n\u00f6mr\u0259 bir t\u0259hl\u00fck\u0259sizlikdir\u201d,<\/em> \u2013 Zelenski deyib.<\/p>\n\n\n\n<p>Onun s\u00f6zl\u0259rin\u0259 g\u00f6r\u0259, Ukrayna m\u00fcharib\u0259 d\u00f6vr\u00fcnd\u0259 qazand\u0131\u011f\u0131 m\u00fcdafi\u0259 t\u0259cr\u00fcb\u0259sini Az\u0259rbaycanla b\u00f6l\u00fc\u015fm\u0259y\u0259 haz\u0131rd\u0131r.<\/p>\n\n\n\n<p><em>\u201cUkrayna m\u00fcharib\u0259 \u015f\u0259raitind\u0259 \u00f6z m\u00fcqavim\u0259t g\u00fcc\u00fcn\u00fc n\u00fcmayi\u015f etdirib v\u0259 biz ekspert bilikl\u0259rimizi b\u00f6l\u00fc\u015fm\u0259k ist\u0259rdik\u201d, <\/em>\u2013 Zelenski bildirib.<\/p>\n\n\n\n<p>Ukrayna Prezident Ofisinin <a href=\"https:\/\/www.president.gov.ua\/en\/news\/v-azerbajdzhani-prezident-zustrivsya-z-ukrayinskoyu-ekspertn-104093\" target=\"_blank\" rel=\"noreferrer noopener nofollow\">m\u0259lumat\u0131na <\/a>g\u00f6r\u0259, Zelenski Az\u0259rbaycanda f\u0259aliyy\u0259t g\u00f6st\u0259r\u0259n ukraynal\u0131 ekspert hey\u0259ti il\u0259 d\u0259 g\u00f6r\u00fc\u015f\u00fcb. Ukraynal\u0131 ekspertl\u0259r Az\u0259rbaycan\u0131n hava m\u0259kan\u0131n\u0131n, kritik infrastrukturunun v\u0259 m\u00fclki obyektl\u0259rinin hava h\u00fccumlar\u0131ndan m\u00fcdafi\u0259si istiqam\u0259tind\u0259 az\u0259rbaycanl\u0131 h\u0259mkarlar\u0131 il\u0259 i\u015fl\u0259yirl\u0259r. T\u0259r\u0259fl\u0259r antidron texnologiyalar\u0131 v\u0259 m\u00fcdafi\u0259 s\u0259nayesi m\u0259hsullar\u0131n\u0131n birg\u0259 istehsal\u0131 imkanlar\u0131n\u0131 da m\u00fczakir\u0259 edibl\u0259r.<\/p>\n\n\n\n<p>Zelenski Az\u0259rbaycan\u0131n Ukraynaya g\u00f6st\u0259rdiyi humanitar yard\u0131m\u0131 da x\u00fcsusi qeyd edib.<\/p>\n\n\n\n<p><em>\u201cBu \u00e7ox a\u011f\u0131r d\u00f6vrd\u0259 biz Az\u0259rbaycandan 11 yard\u0131m paketi alm\u0131\u015f\u0131q. Biz bu yard\u0131ma g\u00f6r\u0259 \u00f6z t\u0259\u015f\u0259kk\u00fcr\u00fcm\u00fcz\u00fc bildiririk\u201d, <\/em>\u2013 Zelenski deyib.<\/p>\n\n\n\n<p>Onun s\u00f6zl\u0259rin\u0259 g\u00f6r\u0259, 500-d\u0259n \u00e7ox ukraynal\u0131 u\u015faq Az\u0259rbaycanda reabilitasiya proqramlar\u0131nda i\u015ftirak edib.<\/p>\n\n\n\n<p><em>\u201cBizim u\u015faqlar\u0131m\u0131za g\u00f6st\u0259ril\u0259n d\u0259st\u0259y\u0259 g\u00f6r\u0259 x\u00fcsusi t\u0259\u015f\u0259kk\u00fcr edir\u0259m\u201d,<\/em> \u2013 o bildirib.<\/p>\n\n\n\n<p>S\u0259f\u0259r \u00e7\u0259r\u00e7iv\u0259sind\u0259 Az\u0259rbaycan Ukraynan\u0131n \u0130rpen \u015f\u0259h\u0259rin\u0259 humanitar yard\u0131m kimi be\u015f elektrik s\u0259rni\u015fin avtobusu t\u0259qdim edib.<\/p>\n\n\n\n<p>S\u0259f\u0259rin diqq\u0259t \u00e7\u0259k\u0259n siyasi m\u0259qamlar\u0131ndan biri d\u0259 Zelenskinin Rusiya il\u0259 m\u00fcmk\u00fcn dan\u0131\u015f\u0131qlarla ba\u011fl\u0131 a\u00e7\u0131qlamas\u0131 olub.<\/p>\n\n\n\n<p><em>\u201c\u018fg\u0259r Rusiya t\u0259r\u0259fi d\u0259 diplomatiya yolunu se\u00e7\u0259rs\u0259, biz dan\u0131\u015f\u0131qlar\u0131 Az\u0259rbaycanda aparmaq ist\u0259rdik\u201d,<\/em> \u2013 Zelenski bildirib.<\/p>\n\n\n\n<p>O qeyd edib ki, bundan \u0259vv\u0259l T\u00fcrkiy\u0259d\u0259 v\u0259 \u0130sve\u00e7r\u0259d\u0259 m\u00fcxt\u0259lif formatlarda dan\u0131\u015f\u0131qlar ke\u00e7irilib v\u0259 Az\u0259rbaycan g\u0259l\u0259c\u0259kd\u0259 bel\u0259 platformalardan biri ola bil\u0259r.<\/p>\n\n\n\n<p>Yeri g\u0259lmi\u015fk\u0259n, Q\u0259b\u0259l\u0259 g\u00f6r\u00fc\u015f\u00fc Az\u0259rbaycan-Rusiya m\u00fcnasib\u0259tl\u0259rind\u0259 h\u0259ssas bir vaxta t\u0259sad\u00fcf edib. S\u0259f\u0259rd\u0259n c\u0259mi 10 g\u00fcn \u0259vv\u0259l, aprelin 15-d\u0259 Az\u0259rbaycan Xarici \u0130\u015fl\u0259r Nazirliyi v\u0259 Rusiya Xarici \u0130\u015fl\u0259r Nazirliyi 2024-c\u00fc il dekabr\u0131n 25-d\u0259 Aktau yax\u0131nl\u0131\u011f\u0131nda ba\u015f vermi\u015f AZAL t\u0259yyar\u0259 q\u0259zas\u0131 il\u0259 ba\u011fl\u0131 birg\u0259 b\u0259yanat yayaraq kompensasiya m\u0259s\u0259l\u0259sind\u0259 raz\u0131l\u0131\u011fa g\u0259lindiyini a\u00e7\u0131qlam\u0131\u015fd\u0131.<\/p>\n\n\n\n<p>Rusiyan\u0131n Ukraynaya geni\u015fmiqyasl\u0131 h\u00fccumu 2022-ci il fevral\u0131n 24-d\u0259 ba\u015flay\u0131b. Bundan \u0259vv\u0259l, 2014-c\u00fc ild\u0259 Kr\u0131m\u0131n ilhaq\u0131 ba\u015f vermi\u015fdi.<\/p>\n\n\n\n<p>M\u00fcharib\u0259d\u0259n sonra Q\u0259rb \u00f6lk\u0259l\u0259ri v\u0259 bir s\u0131ra dig\u0259r d\u00f6vl\u0259tl\u0259r Rusiyaya qar\u015f\u0131 sanksiyalar\u0131 geni\u015fl\u0259ndiribl\u0259r. Az\u0259rbaycan bu sanksiyalara qo\u015fulmasa da, r\u0259smi Bak\u0131 Ukraynan\u0131n \u0259razi b\u00fct\u00f6vl\u00fcy\u00fcn\u00fc d\u0259st\u0259kl\u0259diyini v\u0259 humanitar yard\u0131m g\u00f6st\u0259rdiyini d\u0259f\u0259l\u0259rl\u0259 b\u0259yan edib.<\/p>\n","protected":false},"excerpt":{"rendered":"<p>Ukrayna Prezidenti Volodimir Zelenski aprelin 25-d\u0259 Az\u0259rbaycana i\u015fg\u00fczar s\u0259f\u0259r edib. &#8230; <\/p>\n<p class=\"read-more-container\"><a title=\"Zelenski: &#8220;Rusiya il\u0259 dan\u0131\u015f\u0131qlar Bak\u0131da ke\u00e7iril\u0259 bil\u0259r&#8221;\" class=\"read-more button\" href=\"https:\/\/www.meydan.tv\/az\/article\/zelenski-rusiya-il%c9%99-danisiqlar-bakida-keciril%c9%99-bil%c9%99r\/#more-344380\" aria-label=\"Read more about Zelenski: &#8220;Rusiya il\u0259 dan\u0131\u015f\u0131qlar Bak\u0131da ke\u00e7iril\u0259 bil\u0259r&#8221;\">Davam\u0131<\/a><\/p>\n","protected":false},"author":21,"featured_media":344385,"comment_status":"closed","ping_status":"closed","sticky":false,"template":"","format":"standard","meta":{"_acf_changed":false,"_sitemap_exclude":false,"_sitemap_priority":"","_sitemap_frequency":"","footnotes":""},"categories":[59,79,56],"tags":[],"class_list":["post-344380","post","type-post","status-publish","format-standard","has-post-thumbnail","hentry","category-siyaset","category-featured","category-xeberler","infinite-scroll-item","generate-columns","tablet-grid-50","mobile-grid-100","grid-parent","grid-33","no-featured-image-padding"],"acf":[],"yoast_head":"<!-- This site is optimized with the Yoast SEO plugin v27.4 - https:\/\/yoast.com\/product\/yoast-seo-wordpress\/ -->\n<title>Zelenski: &quot;Rusiya il\u0259 dan\u0131\u015f\u0131qlar Bak\u0131da ke\u00e7iril\u0259 bil\u0259r&quot; - MEYDAN.TV<\/title>\n<meta name=\"robots\" content=\"index, follow, max-snippet:-1, max-image-preview:large, max-video-preview:-1\" \/>\n<link rel=\"canonical\" href=\"https:\/\/www.meydan.tv\/az\/article\/zelenski-rusiya-il%c9%99-danisiqlar-bakida-keciril%c9%99-bil%c9%99r\/\" \/>\n<meta property=\"og:locale\" content=\"az_AZ\" \/>\n<meta property=\"og:type\" content=\"article\" \/>\n<meta property=\"og:title\" content=\"Zelenski: &quot;Rusiya il\u0259 dan\u0131\u015f\u0131qlar Bak\u0131da ke\u00e7iril\u0259 bil\u0259r&quot; - MEYDAN.TV\" \/>\n<meta property=\"og:description\" content=\"Ukrayna Prezidenti Volodimir Zelenski aprelin 25-d\u0259 Az\u0259rbaycana i\u015fg\u00fczar s\u0259f\u0259r edib. ... Davam\u0131\" \/>\n<meta property=\"og:url\" content=\"https:\/\/www.meydan.tv\/az\/article\/zelenski-rusiya-il%c9%99-danisiqlar-bakida-keciril%c9%99-bil%c9%99r\/\" \/>\n<meta property=\"og:site_name\" content=\"MEYDAN.TV\" \/>\n<meta property=\"article:published_time\" content=\"2026-04-27T10:03:14+00:00\" \/>\n<meta property=\"article:modified_time\" content=\"2026-04-27T10:03:16+00:00\" \/>\n<meta property=\"og:image\" content=\"https:\/\/www.meydan.tv\/wp-content\/uploads\/17771111585999948620_1200x630-e1777284164455.jpg\" \/>\n\t<meta property=\"og:image:width\" content=\"945\" \/>\n\t<meta property=\"og:image:height\" content=\"482\" \/>\n\t<meta property=\"og:image:type\" content=\"image\/jpeg\" \/>\n<meta name=\"author\" content=\"mahmud\" \/>\n<meta name=\"twitter:card\" content=\"summary_large_image\" \/>\n<script type=\"application\/ld+json\" class=\"yoast-schema-graph\">{\"@context\":\"https:\\\/\\\/schema.org\",\"@graph\":[{\"@type\":\"Article\",\"@id\":\"https:\\\/\\\/www.meydan.tv\\\/az\\\/article\\\/zelenski-rusiya-il%c9%99-danisiqlar-bakida-keciril%c9%99-bil%c9%99r\\\/#article\",\"isPartOf\":{\"@id\":\"https:\\\/\\\/www.meydan.tv\\\/az\\\/article\\\/zelenski-rusiya-il%c9%99-danisiqlar-bakida-keciril%c9%99-bil%c9%99r\\\/\"},\"author\":{\"name\":\"mahmud\",\"@id\":\"https:\\\/\\\/www.meydan.tv\\\/az\\\/#\\\/schema\\\/person\\\/09863e516102a829e72bedcf3f84c6b0\"},\"headline\":\"Zelenski: &#8220;Rusiya il\u0259 dan\u0131\u015f\u0131qlar Bak\u0131da ke\u00e7iril\u0259 bil\u0259r&#8221;\",\"datePublished\":\"2026-04-27T10:03:14+00:00\",\"dateModified\":\"2026-04-27T10:03:16+00:00\",\"mainEntityOfPage\":{\"@id\":\"https:\\\/\\\/www.meydan.tv\\\/az\\\/article\\\/zelenski-rusiya-il%c9%99-danisiqlar-bakida-keciril%c9%99-bil%c9%99r\\\/\"},\"wordCount\":1022,\"publisher\":{\"@id\":\"https:\\\/\\\/www.meydan.tv\\\/az\\\/#organization\"},\"image\":{\"@id\":\"https:\\\/\\\/www.meydan.tv\\\/az\\\/article\\\/zelenski-rusiya-il%c9%99-danisiqlar-bakida-keciril%c9%99-bil%c9%99r\\\/#primaryimage\"},\"thumbnailUrl\":\"https:\\\/\\\/www.meydan.tv\\\/wp-content\\\/uploads\\\/17771111585999948620_1200x630-e1777284164455.jpg\",\"articleSection\":[\"Siyas\u0259t\",\"T\u00f6vsiy\u0259\",\"X\u0259b\u0259rl\u0259r\"],\"inLanguage\":\"az\"},{\"@type\":\"WebPage\",\"@id\":\"https:\\\/\\\/www.meydan.tv\\\/az\\\/article\\\/zelenski-rusiya-il%c9%99-danisiqlar-bakida-keciril%c9%99-bil%c9%99r\\\/\",\"url\":\"https:\\\/\\\/www.meydan.tv\\\/az\\\/article\\\/zelenski-rusiya-il%c9%99-danisiqlar-bakida-keciril%c9%99-bil%c9%99r\\\/\",\"name\":\"Zelenski: \\\"Rusiya il\u0259 dan\u0131\u015f\u0131qlar Bak\u0131da ke\u00e7iril\u0259 bil\u0259r\\\" - MEYDAN.TV\",\"isPartOf\":{\"@id\":\"https:\\\/\\\/www.meydan.tv\\\/az\\\/#website\"},\"primaryImageOfPage\":{\"@id\":\"https:\\\/\\\/www.meydan.tv\\\/az\\\/article\\\/zelenski-rusiya-il%c9%99-danisiqlar-bakida-keciril%c9%99-bil%c9%99r\\\/#primaryimage\"},\"image\":{\"@id\":\"https:\\\/\\\/www.meydan.tv\\\/az\\\/article\\\/zelenski-rusiya-il%c9%99-danisiqlar-bakida-keciril%c9%99-bil%c9%99r\\\/#primaryimage\"},\"thumbnailUrl\":\"https:\\\/\\\/www.meydan.tv\\\/wp-content\\\/uploads\\\/17771111585999948620_1200x630-e1777284164455.jpg\",\"datePublished\":\"2026-04-27T10:03:14+00:00\",\"dateModified\":\"2026-04-27T10:03:16+00:00\",\"breadcrumb\":{\"@id\":\"https:\\\/\\\/www.meydan.tv\\\/az\\\/article\\\/zelenski-rusiya-il%c9%99-danisiqlar-bakida-keciril%c9%99-bil%c9%99r\\\/#breadcrumb\"},\"inLanguage\":\"az\",\"potentialAction\":[{\"@type\":\"ReadAction\",\"target\":[\"https:\\\/\\\/www.meydan.tv\\\/az\\\/article\\\/zelenski-rusiya-il%c9%99-danisiqlar-bakida-keciril%c9%99-bil%c9%99r\\\/\"]}]},{\"@type\":\"ImageObject\",\"inLanguage\":\"az\",\"@id\":\"https:\\\/\\\/www.meydan.tv\\\/az\\\/article\\\/zelenski-rusiya-il%c9%99-danisiqlar-bakida-keciril%c9%99-bil%c9%99r\\\/#primaryimage\",\"url\":\"https:\\\/\\\/www.meydan.tv\\\/wp-content\\\/uploads\\\/17771111585999948620_1200x630-e1777284164455.jpg\",\"contentUrl\":\"https:\\\/\\\/www.meydan.tv\\\/wp-content\\\/uploads\\\/17771111585999948620_1200x630-e1777284164455.jpg\",\"width\":945,\"height\":482,\"caption\":\"Foto: Az\u0259rtac\"},{\"@type\":\"BreadcrumbList\",\"@id\":\"https:\\\/\\\/www.meydan.tv\\\/az\\\/article\\\/zelenski-rusiya-il%c9%99-danisiqlar-bakida-keciril%c9%99-bil%c9%99r\\\/#breadcrumb\",\"itemListElement\":[{\"@type\":\"ListItem\",\"position\":1,\"name\":\"Ana s\u0259hif\u0259\",\"item\":\"https:\\\/\\\/www.meydan.tv\\\/az\\\/\"},{\"@type\":\"ListItem\",\"position\":2,\"name\":\"Siyas\u0259t\",\"item\":\"https:\\\/\\\/www.meydan.tv\\\/az\\\/section\\\/siyaset\\\/\"},{\"@type\":\"ListItem\",\"position\":3,\"name\":\"Zelenski: &#8220;Rusiya il\u0259 dan\u0131\u015f\u0131qlar Bak\u0131da ke\u00e7iril\u0259 bil\u0259r&#8221;\"}]},{\"@type\":\"WebSite\",\"@id\":\"https:\\\/\\\/www.meydan.tv\\\/az\\\/#website\",\"url\":\"https:\\\/\\\/www.meydan.tv\\\/az\\\/\",\"name\":\"MEYDAN.TV\",\"description\":\"Meydan TV Az\u0259rbaycan\u0131n media m\u0259kan\u0131ndak\u0131 alternativ s\u0259sidir\",\"publisher\":{\"@id\":\"https:\\\/\\\/www.meydan.tv\\\/az\\\/#organization\"},\"potentialAction\":[{\"@type\":\"SearchAction\",\"target\":{\"@type\":\"EntryPoint\",\"urlTemplate\":\"https:\\\/\\\/www.meydan.tv\\\/az\\\/?s={search_term_string}\"},\"query-input\":{\"@type\":\"PropertyValueSpecification\",\"valueRequired\":true,\"valueName\":\"search_term_string\"}}],\"inLanguage\":\"az\"},{\"@type\":\"Organization\",\"@id\":\"https:\\\/\\\/www.meydan.tv\\\/az\\\/#organization\",\"name\":\"Meydan TV\",\"url\":\"https:\\\/\\\/www.meydan.tv\\\/az\\\/\",\"logo\":{\"@type\":\"ImageObject\",\"inLanguage\":\"az\",\"@id\":\"https:\\\/\\\/www.meydan.tv\\\/az\\\/#\\\/schema\\\/logo\\\/image\\\/\",\"url\":\"https:\\\/\\\/www.meydan.tv\\\/wp-content\\\/uploads\\\/2021\\\/07\\\/meydan-logo.svg\",\"contentUrl\":\"https:\\\/\\\/www.meydan.tv\\\/wp-content\\\/uploads\\\/2021\\\/07\\\/meydan-logo.svg\",\"width\":195,\"height\":46,\"caption\":\"Meydan TV\"},\"image\":{\"@id\":\"https:\\\/\\\/www.meydan.tv\\\/az\\\/#\\\/schema\\\/logo\\\/image\\\/\"}},{\"@type\":\"Person\",\"@id\":\"https:\\\/\\\/www.meydan.tv\\\/az\\\/#\\\/schema\\\/person\\\/09863e516102a829e72bedcf3f84c6b0\",\"name\":\"mahmud\"}]}<\/script>\n<!-- \/ Yoast SEO plugin. -->","yoast_head_json":{"title":"Zelenski: \"Rusiya il\u0259 dan\u0131\u015f\u0131qlar Bak\u0131da ke\u00e7iril\u0259 bil\u0259r\" - MEYDAN.TV","robots":{"index":"index","follow":"follow","max-snippet":"max-snippet:-1","max-image-preview":"max-image-preview:large","max-video-preview":"max-video-preview:-1"},"canonical":"https:\/\/www.meydan.tv\/az\/article\/zelenski-rusiya-il%c9%99-danisiqlar-bakida-keciril%c9%99-bil%c9%99r\/","og_locale":"az_AZ","og_type":"article","og_title":"Zelenski: \"Rusiya il\u0259 dan\u0131\u015f\u0131qlar Bak\u0131da ke\u00e7iril\u0259 bil\u0259r\" - MEYDAN.TV","og_description":"Ukrayna Prezidenti Volodimir Zelenski aprelin 25-d\u0259 Az\u0259rbaycana i\u015fg\u00fczar s\u0259f\u0259r edib. ... Davam\u0131","og_url":"https:\/\/www.meydan.tv\/az\/article\/zelenski-rusiya-il%c9%99-danisiqlar-bakida-keciril%c9%99-bil%c9%99r\/","og_site_name":"MEYDAN.TV","article_published_time":"2026-04-27T10:03:14+00:00","article_modified_time":"2026-04-27T10:03:16+00:00","og_image":[{"width":945,"height":482,"url":"https:\/\/www.meydan.tv\/wp-content\/uploads\/17771111585999948620_1200x630-e1777284164455.jpg","type":"image\/jpeg"}],"author":"mahmud","twitter_card":"summary_large_image","schema":{"@context":"https:\/\/schema.org","@graph":[{"@type":"Article","@id":"https:\/\/www.meydan.tv\/az\/article\/zelenski-rusiya-il%c9%99-danisiqlar-bakida-keciril%c9%99-bil%c9%99r\/#article","isPartOf":{"@id":"https:\/\/www.meydan.tv\/az\/article\/zelenski-rusiya-il%c9%99-danisiqlar-bakida-keciril%c9%99-bil%c9%99r\/"},"author":{"name":"mahmud","@id":"https:\/\/www.meydan.tv\/az\/#\/schema\/person\/09863e516102a829e72bedcf3f84c6b0"},"headline":"Zelenski: &#8220;Rusiya il\u0259 dan\u0131\u015f\u0131qlar Bak\u0131da ke\u00e7iril\u0259 bil\u0259r&#8221;","datePublished":"2026-04-27T10:03:14+00:00","dateModified":"2026-04-27T10:03:16+00:00","mainEntityOfPage":{"@id":"https:\/\/www.meydan.tv\/az\/article\/zelenski-rusiya-il%c9%99-danisiqlar-bakida-keciril%c9%99-bil%c9%99r\/"},"wordCount":1022,"publisher":{"@id":"https:\/\/www.meydan.tv\/az\/#organization"},"image":{"@id":"https:\/\/www.meydan.tv\/az\/article\/zelenski-rusiya-il%c9%99-danisiqlar-bakida-keciril%c9%99-bil%c9%99r\/#primaryimage"},"thumbnailUrl":"https:\/\/www.meydan.tv\/wp-content\/uploads\/17771111585999948620_1200x630-e1777284164455.jpg","articleSection":["Siyas\u0259t","T\u00f6vsiy\u0259","X\u0259b\u0259rl\u0259r"],"inLanguage":"az"},{"@type":"WebPage","@id":"https:\/\/www.meydan.tv\/az\/article\/zelenski-rusiya-il%c9%99-danisiqlar-bakida-keciril%c9%99-bil%c9%99r\/","url":"https:\/\/www.meydan.tv\/az\/article\/zelenski-rusiya-il%c9%99-danisiqlar-bakida-keciril%c9%99-bil%c9%99r\/","name":"Zelenski: \"Rusiya il\u0259 dan\u0131\u015f\u0131qlar Bak\u0131da ke\u00e7iril\u0259 bil\u0259r\" - MEYDAN.TV","isPartOf":{"@id":"https:\/\/www.meydan.tv\/az\/#website"},"primaryImageOfPage":{"@id":"https:\/\/www.meydan.tv\/az\/article\/zelenski-rusiya-il%c9%99-danisiqlar-bakida-keciril%c9%99-bil%c9%99r\/#primaryimage"},"image":{"@id":"https:\/\/www.meydan.tv\/az\/article\/zelenski-rusiya-il%c9%99-danisiqlar-bakida-keciril%c9%99-bil%c9%99r\/#primaryimage"},"thumbnailUrl":"https:\/\/www.meydan.tv\/wp-content\/uploads\/17771111585999948620_1200x630-e1777284164455.jpg","datePublished":"2026-04-27T10:03:14+00:00","dateModified":"2026-04-27T10:03:16+00:00","breadcrumb":{"@id":"https:\/\/www.meydan.tv\/az\/article\/zelenski-rusiya-il%c9%99-danisiqlar-bakida-keciril%c9%99-bil%c9%99r\/#breadcrumb"},"inLanguage":"az","potentialAction":[{"@type":"ReadAction","target":["https:\/\/www.meydan.tv\/az\/article\/zelenski-rusiya-il%c9%99-danisiqlar-bakida-keciril%c9%99-bil%c9%99r\/"]}]},{"@type":"ImageObject","inLanguage":"az","@id":"https:\/\/www.meydan.tv\/az\/article\/zelenski-rusiya-il%c9%99-danisiqlar-bakida-keciril%c9%99-bil%c9%99r\/#primaryimage","url":"https:\/\/www.meydan.tv\/wp-content\/uploads\/17771111585999948620_1200x630-e1777284164455.jpg","contentUrl":"https:\/\/www.meydan.tv\/wp-content\/uploads\/17771111585999948620_1200x630-e1777284164455.jpg","width":945,"height":482,"caption":"Foto: Az\u0259rtac"},{"@type":"BreadcrumbList","@id":"https:\/\/www.meydan.tv\/az\/article\/zelenski-rusiya-il%c9%99-danisiqlar-bakida-keciril%c9%99-bil%c9%99r\/#breadcrumb","itemListElement":[{"@type":"ListItem","position":1,"name":"Ana s\u0259hif\u0259","item":"https:\/\/www.meydan.tv\/az\/"},{"@type":"ListItem","position":2,"name":"Siyas\u0259t","item":"https:\/\/www.meydan.tv\/az\/section\/siyaset\/"},{"@type":"ListItem","position":3,"name":"Zelenski: &#8220;Rusiya il\u0259 dan\u0131\u015f\u0131qlar Bak\u0131da ke\u00e7iril\u0259 bil\u0259r&#8221;"}]},{"@type":"WebSite","@id":"https:\/\/www.meydan.tv\/az\/#website","url":"https:\/\/www.meydan.tv\/az\/","name":"MEYDAN.TV","description":"Meydan TV Az\u0259rbaycan\u0131n media m\u0259kan\u0131ndak\u0131 alternativ s\u0259sidir","publisher":{"@id":"https:\/\/www.meydan.tv\/az\/#organization"},"potentialAction":[{"@type":"SearchAction","target":{"@type":"EntryPoint","urlTemplate":"https:\/\/www.meydan.tv\/az\/?s={search_term_string}"},"query-input":{"@type":"PropertyValueSpecification","valueRequired":true,"valueName":"search_term_string"}}],"inLanguage":"az"},{"@type":"Organization","@id":"https:\/\/www.meydan.tv\/az\/#organization","name":"Meydan TV","url":"https:\/\/www.meydan.tv\/az\/","logo":{"@type":"ImageObject","inLanguage":"az","@id":"https:\/\/www.meydan.tv\/az\/#\/schema\/logo\/image\/","url":"https:\/\/www.meydan.tv\/wp-content\/uploads\/2021\/07\/meydan-logo.svg","contentUrl":"https:\/\/www.meydan.tv\/wp-content\/uploads\/2021\/07\/meydan-logo.svg","width":195,"height":46,"caption":"Meydan TV"},"image":{"@id":"https:\/\/www.meydan.tv\/az\/#\/schema\/logo\/image\/"}},{"@type":"Person","@id":"https:\/\/www.meydan.tv\/az\/#\/schema\/person\/09863e516102a829e72bedcf3f84c6b0","name":"mahmud"}]}},"_links":{"self":[{"href":"https:\/\/www.meydan.tv\/az\/wp-json\/wp\/v2\/posts\/344380","targetHints":{"allow":["GET"]}}],"collection":[{"href":"https:\/\/www.meydan.tv\/az\/wp-json\/wp\/v2\/posts"}],"about":[{"href":"https:\/\/www.meydan.tv\/az\/wp-json\/wp\/v2\/types\/post"}],"author":[{"embeddable":true,"href":"https:\/\/www.meydan.tv\/az\/wp-json\/wp\/v2\/users\/21"}],"replies":[{"embeddable":true,"href":"https:\/\/www.meydan.tv\/az\/wp-json\/wp\/v2\/comments?post=344380"}],"version-history":[{"count":1,"href":"https:\/\/www.meydan.tv\/az\/wp-json\/wp\/v2\/posts\/344380\/revisions"}],"predecessor-version":[{"id":344388,"href":"https:\/\/www.meydan.tv\/az\/wp-json\/wp\/v2\/posts\/344380\/revisions\/344388"}],"wp:featuredmedia":[{"embeddable":true,"href":"https:\/\/www.meydan.tv\/az\/wp-json\/wp\/v2\/media\/344385"}],"wp:attachment":[{"href":"https:\/\/www.meydan.tv\/az\/wp-json\/wp\/v2\/media?parent=344380"}],"wp:term":[{"taxonomy":"category","embeddable":true,"href":"https:\/\/www.meydan.tv\/az\/wp-json\/wp\/v2\/categories?post=344380"},{"taxonomy":"post_tag","embeddable":true,"href":"https:\/\/www.meydan.tv\/az\/wp-json\/wp\/v2\/tags?post=344380"}],"curies":[{"name":"wp","href":"https:\/\/api.w.org\/{rel}","templated":true}]}}