{"id":343679,"date":"2026-04-07T12:35:07","date_gmt":"2026-04-07T08:35:07","guid":{"rendered":"https:\/\/www.meydan.tv\/?p=343679"},"modified":"2026-04-09T12:01:45","modified_gmt":"2026-04-09T08:01:45","slug":"az%c9%99rbaycanda-secki-institutu-formal-d%c9%99yisiklikl%c9%99r-t%c9%99nqidl%c9%99r-h%c9%99bsl%c9%99r-sistemli-saxtakarliq","status":"publish","type":"post","link":"https:\/\/www.meydan.tv\/az\/article\/az%c9%99rbaycanda-secki-institutu-formal-d%c9%99yisiklikl%c9%99r-t%c9%99nqidl%c9%99r-h%c9%99bsl%c9%99r-sistemli-saxtakarliq\/","title":{"rendered":"Az\u0259rbaycanda se\u00e7ki institutu: Formal d\u0259yi\u015fiklikl\u0259r, t\u0259nqidl\u0259r, h\u0259bsl\u0259r, sistemli saxtakarl\u0131q"},"content":{"rendered":"\n<p>Aprel ay\u0131nda Az\u0259rbaycanda se\u00e7ki institutunun \u0259sas qurumlar\u0131ndan biri olan M\u0259rk\u0259zi Se\u00e7ki Komissiyas\u0131n\u0131n (MSK) t\u0259rkibinin yenid\u0259n formala\u015fd\u0131r\u0131lmas\u0131 g\u00f6zl\u0259nilir. Qanuna g\u00f6r\u0259, komissiya \u00fczvl\u0259rinin s\u0259lahiyy\u0259t m\u00fcdd\u0259ti 5 ildir v\u0259 bu m\u00fcdd\u0259t ba\u015fa \u00e7atd\u0131qda yeni t\u0259rkib se\u00e7ilir. MSK \u00fczvl\u0259ri sonuncu d\u0259f\u0259 2021-ci il aprelin 27-d\u0259 Milli M\u0259clisd\u0259 se\u00e7ilmi\u015fdi. Bu bax\u0131mdan qar\u015f\u0131dak\u0131 d\u0259yi\u015fiklik h\u00fcquqi prosedurun davam\u0131 kimi qiym\u0259tl\u0259ndirilir.<\/p>\n\n\n\n<p>Amma bu proses yaln\u0131z texniki yenil\u0259nm\u0259 kimi q\u0259bul olunmur. Se\u00e7ki institutunun f\u0259aliyy\u0259ti il\u0259 ba\u011fl\u0131 ill\u0259rdir s\u0259sl\u0259n\u0259n t\u0259nqidl\u0259r v\u0259 beyn\u0259lxalq hesabatlarda yer alan iradlar fonunda MSK-n\u0131n yenil\u0259nm\u0259si daha geni\u015f suallar do\u011furur.<\/p>\n\n\n\n<p>\u018fsas sual budur:<\/p>\n\n\n\n<blockquote class=\"wp-block-quote is-layout-flow wp-block-quote-is-layout-flow\">\n<p><strong>Bu d\u0259yi\u015fiklik se\u00e7ki sistemind\u0259 real yenilikl\u0259r\u0259 s\u0259b\u0259b olacaq, yoxsa m\u00f6vcud model sad\u0259c\u0259 formal \u015f\u0259kild\u0259 davam ed\u0259c\u0259k?<\/strong><\/p>\n<\/blockquote>\n\n\n\n<p>\u00c7\u00fcnki se\u00e7ki institutunun legitimliyi t\u0259kc\u0259 qanunlarla m\u00fc\u0259yy\u0259n olunmur. Burada ictimai etimad, siyasi r\u0259qab\u0259t m\u00fchiti v\u0259 m\u00fcst\u0259qil n\u0259zar\u0259t imkanlar\u0131 da m\u00fch\u00fcm rol oynay\u0131r. Bu bax\u0131mdan MSK-n\u0131n yenid\u0259n formala\u015fd\u0131r\u0131lmas\u0131 Az\u0259rbaycanda se\u00e7ki sisteminin \u00fcmumi v\u0259ziyy\u0259tin\u0259 yenid\u0259n baxmaq \u00fc\u00e7\u00fcn bir f\u00fcrs\u0259t kimi d\u0259 g\u00f6r\u00fcl\u0259 bil\u0259r.<\/p>\n\n\n\n<h4 class=\"wp-block-heading\"><strong>MSK-n\u0131n strukturu v\u0259 balans problemi<\/strong><\/h4>\n\n\n\n<p>Az\u0259rbaycan qanunvericiliyin\u0259 g\u00f6r\u0259, MSK 18 \u00fczvd\u0259n ibar\u0259tdir v\u0259 onun t\u0259rkibi parlamentd\u0259ki siyasi b\u00f6lg\u00fcy\u0259 \u0259sas\u0259n formala\u015fd\u0131r\u0131l\u0131r. Qaydaya g\u00f6r\u0259, \u00fczvl\u0259rin \u00fc\u00e7d\u0259 biri Milli M\u0259clisd\u0259 \u00e7oxlu\u011fu t\u0259\u015fkil ed\u0259n siyasi q\u00fcvv\u0259ni \u2014 praktik olaraq Yeni Az\u0259rbaycan Partiyas\u0131n\u0131, \u00fc\u00e7d\u0259 biri bit\u0259r\u0259f deputatlar\u0131, qalan \u00fc\u00e7d\u0259 biri is\u0259 parlamentd\u0259 azl\u0131qda olan partiyalar\u0131 t\u0259msil etm\u0259lidir.<\/p>\n\n\n\n<p>Ka\u011f\u0131z \u00fcz\u0259rind\u0259 bu model siyasi balans yaratma\u011fa hesablan\u0131b. Amma praktikada bu balans\u0131n nec\u0259 i\u015fl\u0259diyi m\u00fcbahis\u0259 do\u011furur. X\u00fcsusil\u0259 \u201cbit\u0259r\u0259f deputatlar\u201d m\u0259s\u0259l\u0259si uzun ill\u0259rdir t\u0259nqid olunur. T\u0259nqid\u00e7il\u0259r hesab edir ki, bu deputatlar \u0259slind\u0259 hakim siyasi x\u0259tt\u0259 yax\u0131n m\u00f6vqe tuturlar v\u0259 n\u0259tic\u0259d\u0259 formal balans real q\u0259rarverm\u0259d\u0259 \u00f6z\u00fcn\u00fc g\u00f6st\u0259rmir.<\/p>\n\n\n\n<p>Dig\u0259r t\u0259r\u0259fd\u0259n, azl\u0131qda olan partiyalar\u0131n da t\u0259sir imkanlar\u0131 m\u0259hdud say\u0131l\u0131r. Bu is\u0259 komissiyada n\u0259z\u0259rd\u0259 tutulan m\u00fcxt\u0259lif t\u0259msil\u00e7iliyin real r\u0259qab\u0259t m\u00fchiti yaratmaq bax\u0131m\u0131ndan n\u0259 d\u0259r\u0259c\u0259d\u0259 effektiv oldu\u011fu sual\u0131n\u0131 ortaya \u00e7\u0131xar\u0131r.<\/p>\n\n\n\n<p>Bel\u0259likl\u0259, \u0259sas m\u00fcbahis\u0259 bundan ibar\u0259tdir:<\/p>\n\n\n\n<blockquote class=\"wp-block-quote is-layout-flow wp-block-quote-is-layout-flow\">\n<p><strong>Qanunla n\u0259z\u0259rd\u0259 tutulan model h\u0259qiq\u0259t\u0259n siyasi pl\u00fcralizmi t\u0259min edir, yoxsa bu mexanizm praktikada real m\u00fcst\u0259qilliy\u0259 \u00e7evrilmir?<\/strong><\/p>\n<\/blockquote>\n\n\n\n<p>M\u0259rk\u0259zi Se\u00e7ki Komissiyas\u0131 Az\u0259rbaycanda b\u00fct\u00fcn se\u00e7ki prosesl\u0259rinin t\u0259\u015fkili v\u0259 idar\u0259 olunmas\u0131na cavabdeh olan \u0259sas qurumdur. Prezident, parlament v\u0259 b\u0259l\u0259diyy\u0259 se\u00e7kil\u0259ri, el\u0259c\u0259 d\u0259 referendumlar\u0131n ke\u00e7irilm\u0259si m\u0259hz bu institutun f\u0259aliyy\u0259t dair\u0259sin\u0259 daxildir. Bu bax\u0131mdan MSK-n\u0131n performans\u0131 \u00f6lk\u0259d\u0259 se\u00e7ki institutunun \u00fcmumi keyfiyy\u0259tini m\u00fc\u0259yy\u0259n ed\u0259n \u0259sas indikatorlardan biri hesab olunur.<br><br>Az\u0259rbaycan m\u00fcst\u0259qillik \u0259ld\u0259 etdikd\u0259n sonra \u00f6lk\u0259d\u0259 \u00e7oxsayl\u0131 \u00fcmumrespublika se\u00e7kil\u0259ri ke\u00e7irilib. 1991-ci ild\u0259n bu yana:<\/p>\n\n\n\n<ul class=\"wp-block-list\">\n<li><strong>5 referendum (1991, 1995, 2002, 2009, 2016)<\/strong><\/li>\n\n\n\n<li><strong>8 prezident se\u00e7kisi (1991, 1992, 1993, 1998, 2003, 2008, 2013, 2018, 2024)<\/strong><\/li>\n\n\n\n<li><strong>6 parlament se\u00e7kisi (1995, 2000, 2005, 2010, 2015, 2020, 2024)<\/strong><\/li>\n\n\n\n<li><strong>6 b\u0259l\u0259diyy\u0259 se\u00e7kisi <\/strong><strong>(1999, 2004, 2009, 2014, 2019<\/strong><strong>, 2025)<\/strong><\/li>\n<\/ul>\n\n\n\n<p>ke\u00e7irilib.<\/p>\n\n\n\n<p>Bu se\u00e7kil\u0259rin b\u00f6y\u00fck hiss\u0259si 2000-ci ild\u0259n etibar\u0259n \u2014 M\u0259zahir P\u0259nahov-un r\u0259hb\u0259rliyi d\u00f6vr\u00fcnd\u0259 ba\u015f verib v\u0259 m\u0259hz bu m\u0259rh\u0259l\u0259 MSK-n\u0131n institusional f\u0259aliyy\u0259tinin \u0259sas qiym\u0259tl\u0259ndirm\u0259 bazas\u0131n\u0131 t\u0259\u015fkil edir.<\/p>\n\n\n\n<figure class=\"wp-block-image size-full\"><img decoding=\"async\" width=\"1200\" height=\"799\" data-src=\"https:\/\/www.meydan.tv\/wp-content\/uploads\/e57494ce67dfe7613403aa2f462323781705576573-photo.jpg\" alt=\"M\u0259zahir P\u0259nahov, Foto: MSK\" class=\"wp-image-312384 lazyload\" src=\"data:image\/svg+xml;base64,PHN2ZyB3aWR0aD0iMSIgaGVpZ2h0PSIxIiB4bWxucz0iaHR0cDovL3d3dy53My5vcmcvMjAwMC9zdmciPjwvc3ZnPg==\" style=\"--smush-placeholder-width: 1200px; --smush-placeholder-aspect-ratio: 1200\/799;\" \/><figcaption class=\"wp-element-caption\">M\u0259zahir P\u0259nahov, Foto: MSK<\/figcaption><\/figure>\n\n\n\n<p>Az\u0259rbaycanda se\u00e7kil\u0259rl\u0259 ba\u011fl\u0131 ciddi saxtakarl\u0131q hallar\u0131 \u0259n \u00e7ox hesabatlarda t\u0259nqid olunan m\u0259qamlardand\u0131r. M\u0259s\u0259l\u0259n, se\u00e7ki m\u0259nt\u0259q\u0259l\u0259rind\u0259 \u201cse\u00e7ki karusell\u0259ri\u201d t\u0259\u015fkil olunur \u2013 y\u0259ni b\u0259zi \u015f\u0259xsl\u0259r bir ne\u00e7\u0259 d\u0259f\u0259 s\u0259s verirl\u0259r. Bundan ba\u015fqa, d\u00f6vl\u0259t b\u00fcdc\u0259sind\u0259 \u00e7al\u0131\u015fan m\u00fc\u0259lliml\u0259r, d\u00f6vl\u0259t qulluq\u00e7ular\u0131 v\u0259 dig\u0259r \u0259m\u0259kda\u015flar s\u0259sverm\u0259d\u0259 i\u015ftirak etm\u0259y\u0259 m\u0259cbur edilirl\u0259r. Se\u00e7ki m\u0259nt\u0259q\u0259l\u0259rinin r\u0259hb\u0259rl\u0259ri is\u0259 ad\u0259t\u0259n m\u0259kt\u0259b direktorlar\u0131 v\u0259 d\u00f6vl\u0259t b\u00fcdc\u0259sind\u0259n maliyy\u0259l\u0259\u015f\u0259n dig\u0259r \u015f\u0259xsl\u0259r olur ki, bu da hakimiyy\u0259tin s\u0259sverm\u0259y\u0259 birba\u015fa n\u0259zar\u0259tini t\u0259min edir. Bu praktikalar se\u00e7ki prosesind\u0259 obyektiv v\u0259 \u015f\u0259ffaf n\u0259zar\u0259ti dem\u0259k olar ki, m\u00fcmk\u00fcn etmir.<\/p>\n\n\n\n<p>Bu d\u00f6vr \u0259rzind\u0259 se\u00e7ki prosesl\u0259rinin t\u0259\u015fkili texniki bax\u0131mdan daha sistemli xarakter alsa da, onlar\u0131n keyfiyy\u0259ti v\u0259 legitimliyi il\u0259 ba\u011fl\u0131 m\u00fcbahis\u0259l\u0259r davaml\u0131 olub. Se\u00e7kil\u0259rin idar\u0259 olunmas\u0131 sah\u0259sind\u0259 m\u00fc\u0259yy\u0259n inzibati v\u0259 texnoloji t\u0259kmill\u0259\u015fdirm\u0259l\u0259r h\u0259yata ke\u00e7irils\u0259 d\u0259, \u0259sas m\u00fczakir\u0259 predmeti se\u00e7kil\u0259rin r\u0259qab\u0259tlilik s\u0259viyy\u0259si v\u0259 n\u0259tic\u0259l\u0259rin ictimai q\u0259buludur.<\/p>\n\n\n\n<p>MSK-n\u0131n f\u0259aliyy\u0259tinin qiym\u0259tl\u0259ndirilm\u0259si \u0259sas\u0259n \u00fc\u00e7 istiqam\u0259t \u00fczr\u0259 apar\u0131l\u0131r: se\u00e7ki prosesinin \u015f\u0259ffafl\u0131\u011f\u0131, \u015fikay\u0259t v\u0259 pozuntu iddialar\u0131na bax\u0131lma mexanizml\u0259ri, el\u0259c\u0259 d\u0259 n\u0259tic\u0259l\u0259rin ictimai q\u0259bul s\u0259viyy\u0259si. R\u0259smi m\u00f6vqey\u0259 g\u00f6r\u0259, komissiya se\u00e7kil\u0259rin qanunvericiliy\u0259 uy\u011fun ke\u00e7irilm\u0259sini t\u0259min edir v\u0259 daxil olan \u015fikay\u0259tl\u0259r ara\u015fd\u0131r\u0131l\u0131r. Lakin m\u00fcxalif siyasi q\u00fcvv\u0259l\u0259r v\u0259 m\u00fcst\u0259qil m\u00fc\u015fahid\u0259\u00e7il\u0259r bu mexanizml\u0259rin effektivliyini tez-tez sual alt\u0131na al\u0131rlar.<\/p>\n\n\n\n<p>Beyn\u0259lxalq m\u00fc\u015fahid\u0259 missiyalar\u0131n\u0131n uzun ill\u0259ri \u0259hat\u0259 ed\u0259n r\u0259yl\u0259ri d\u0259 bu qiym\u0259tl\u0259ndirm\u0259l\u0259r\u0259 paralel \u015f\u0259kild\u0259 formala\u015f\u0131b. X\u00fcsusil\u0259 AT\u018fT v\u0259 onun Demokratik T\u0259sisatlar v\u0259 \u0130nsan Haqlar\u0131 B\u00fcrosunun (DT\u0130HB) hesabatlar\u0131nda Az\u0259rbaycanda se\u00e7kil\u0259rl\u0259 ba\u011fl\u0131 ox\u015far t\u0259nqidl\u0259r ard\u0131c\u0131l \u015f\u0259kild\u0259 t\u0259krarlan\u0131r.<\/p>\n\n\n\n<p>M\u0259s\u0259l\u0259n:<\/p>\n\n\n\n<ul class=\"wp-block-list\">\n<li><strong>2005-ci il parlament se\u00e7kil\u0259ri il\u0259 ba\u011fl\u0131 qeyd olunurdu ki, se\u00e7kil\u0259r \u201cbeyn\u0259lxalq standartlara tam cavab verm\u0259yib\u201d v\u0259 s\u0259sverm\u0259 v\u0259 say\u0131m m\u0259rh\u0259l\u0259sind\u0259 ciddi pozuntular <\/strong><a href=\"https:\/\/www.osce.org\/odihr\/elections\/46876?utm_source=chatgpt.com\" target=\"_blank\" rel=\"noreferrer noopener nofollow\"><strong>m\u00fc\u015fahid\u0259 olunub<\/strong><\/a>.<\/li>\n\n\n\n<li><strong>2020-ci il parlament se\u00e7kil\u0259rind\u0259 \u201creal siyasi r\u0259qab\u0259tin v\u0259 se\u00e7icil\u0259r \u00fc\u00e7\u00fcn m\u0259nal\u0131 se\u00e7imin olmad\u0131\u011f\u0131\u201d <\/strong><a href=\"https:\/\/www.osce.org\/odihr\/elections\/azerbaijan\/445762?utm_source=chatgpt.com\" target=\"_blank\" rel=\"noreferrer noopener nofollow\"><strong>vur\u011fulan\u0131b<\/strong><\/a>.<\/li>\n\n\n\n<li><strong>2024-c\u00fc il parlament se\u00e7kil\u0259ri il\u0259 ba\u011fl\u0131 is\u0259 se\u00e7kil\u0259rin \u201creal siyasi alternativl\u0259r t\u0259qdim etm\u0259diyi v\u0259 fundamental azadl\u0131qlar\u0131n m\u0259hdud oldu\u011fu m\u00fchitd\u0259 ke\u00e7irildiyi\u201d <\/strong><a href=\"https:\/\/www.osce.org\/odihr\/elections\/575509?utm_source=chatgpt.com\"><strong>qeyd olunub<\/strong><\/a><\/li>\n\n\n\n<li><strong>2024-c\u00fc il prezident se\u00e7kil\u0259ri \u00fczr\u0259 m\u00fc\u015fahid\u0259\u00e7il\u0259r \u201cpl\u00fcralizmin z\u0259if oldu\u011funu v\u0259 t\u0259nqidi s\u0259sl\u0259rin s\u0131x\u0131\u015fd\u0131r\u0131ld\u0131\u011f\u0131n\u0131\u201d<\/strong><a href=\"https:\/\/www.osce.org\/odihr\/elections\/azerbaijan\/562494?utm_source=chatgpt.com\" target=\"_blank\" rel=\"noreferrer noopener nofollow\"><strong>bildiribl\u0259r<\/strong><\/a>.<\/li>\n<\/ul>\n\n\n\n<p>Daha \u00fcmumi qiym\u0259tl\u0259ndirm\u0259d\u0259 is\u0259 <a href=\"https:\/\/odihr.osce.org\/odihr\/elections\/azerbaijan\/586800?utm_source=chatgpt.com\" target=\"_blank\" rel=\"noreferrer noopener nofollow\">vur\u011fulan\u0131r<\/a> ki, se\u00e7kil\u0259r \u201ceffektiv t\u0259\u015fkil olunsa da, beyn\u0259lxalq demokratik standartlara uy\u011funla\u015fd\u0131r\u0131lmas\u0131 \u00fc\u00e7\u00fcn siyasi irad\u0259 \u00e7at\u0131\u015fm\u0131r\u201d.<\/p>\n\n\n\n<figure class=\"wp-block-image size-large\"><img decoding=\"async\" width=\"1095\" height=\"821\" data-src=\"https:\/\/www.meydan.tv\/wp-content\/uploads\/457523792_1684903359060890_8434579058003198552_n-1095x821.jpg\" alt=\"\" class=\"wp-image-314313 lazyload\" src=\"data:image\/svg+xml;base64,PHN2ZyB3aWR0aD0iMSIgaGVpZ2h0PSIxIiB4bWxucz0iaHR0cDovL3d3dy53My5vcmcvMjAwMC9zdmciPjwvc3ZnPg==\" style=\"--smush-placeholder-width: 1095px; --smush-placeholder-aspect-ratio: 1095\/821;\" \/><figcaption class=\"wp-element-caption\">70 sayl\u0131 Neft\u00e7ala se\u00e7ki dair\u0259sinin 43 sayl\u0131 m\u0259nt\u0259q\u0259si. Foto: V\u0259fa Na\u011f\u0131<\/figcaption><\/figure>\n\n\n\n<p>N\u0259tic\u0259 etibaril\u0259, MSK-n\u0131n f\u0259aliyy\u0259ti yaln\u0131z se\u00e7kil\u0259rin ke\u00e7irilm\u0259si il\u0259 deyil, bu prosesin n\u0259 d\u0259r\u0259c\u0259d\u0259 r\u0259qab\u0259tli, \u015f\u0259ffaf v\u0259 etibarl\u0131 olmas\u0131 il\u0259 \u00f6l\u00e7\u00fcl\u00fcr v\u0259 m\u0259hz bu m\u0259qamlar \u0259traf\u0131nda \u0259sas m\u00fcbahis\u0259l\u0259r formala\u015f\u0131r.<br><br>Az\u0259rbaycanda se\u00e7ki institutunun v\u0259ziyy\u0259ti il\u0259 ba\u011fl\u0131 \u0259n geni\u015f v\u0259 sistemli qiym\u0259tl\u0259ndirm\u0259l\u0259r beyn\u0259lxalq m\u00fc\u015fahid\u0259 missiyalar\u0131n\u0131n hesabatlar\u0131nda \u0259ksini tap\u0131r. Bu bax\u0131mdan x\u00fcsusil\u0259 AT\u018fT-in Demokratik T\u0259sisatlar v\u0259 \u0130nsan Haqlar\u0131 B\u00fcrosunun (DT\u0130HB) se\u00e7ki m\u00fc\u015fahid\u0259 missiyalar\u0131n\u0131n r\u0259yl\u0259ri \u0259sas istinad m\u0259nb\u0259l\u0259rind\u0259n biri hesab olunur. Son ill\u0259rd\u0259 ke\u00e7irilmi\u015f se\u00e7kil\u0259rl\u0259 ba\u011fl\u0131 hesabatlarda ox\u015far t\u0259nqidl\u0259r m\u00fct\u0259madi \u015f\u0259kild\u0259 t\u0259krarlan\u0131r. Bu t\u0259nqidl\u0259r\u0259 se\u00e7ki\u00f6nc\u0259si d\u00f6vrd\u0259 b\u0259rab\u0259r r\u0259qab\u0259t m\u00fchitinin m\u0259hdudlu\u011fu, inzibati resurslardan istifad\u0259 il\u0259 ba\u011fl\u0131 iddialar, media m\u00fchitind\u0259 balans\u0131n pozulmas\u0131 v\u0259 m\u00fcxalif q\u00fcvv\u0259l\u0259rin f\u0259aliyy\u0259t imkanlar\u0131n\u0131n dar olmas\u0131 kimi m\u0259s\u0259l\u0259l\u0259r daxildir. Eyni zamanda se\u00e7ki g\u00fcn\u00fc il\u0259 ba\u011fl\u0131 m\u00fc\u015fahid\u0259l\u0259rd\u0259 prosedur pozuntular\u0131, s\u0259sverm\u0259 v\u0259 s\u0259sl\u0259rin say\u0131lmas\u0131 prosesind\u0259 qeyri-\u015f\u0259ffafl\u0131q hallar\u0131n\u0131n qeyd\u0259 al\u0131nd\u0131\u011f\u0131 vur\u011fulan\u0131r. 2024-c\u00fc ild\u0259 ke\u00e7irilmi\u015f parlament se\u00e7kil\u0259ri il\u0259 ba\u011fl\u0131 ilkin m\u00fc\u015fahid\u0259l\u0259rd\u0259 d\u0259 bu probleml\u0259rin bir qisminin davam etdiyi qeyd olunub. Beyn\u0259lxalq m\u00fc\u015fahid\u0259\u00e7il\u0259r se\u00e7ki qanunvericiliyind\u0259 m\u00fc\u0259yy\u0259n texniki ir\u0259lil\u0259yi\u015fl\u0259ri etiraf ets\u0259l\u0259r d\u0259, \u00fcmumi se\u00e7ki m\u00fchitinin r\u0259qab\u0259tlilik v\u0259 inkl\u00fczivlik bax\u0131m\u0131ndan m\u0259hdud qald\u0131\u011f\u0131n\u0131 bildirirl\u0259r.<\/p>\n\n\n\n<blockquote class=\"wp-block-quote is-layout-flow wp-block-quote-is-layout-flow\">\n<p>Bu hesabatlar\u0131n diqq\u0259t\u00e7\u0259k\u0259n t\u0259r\u0259fi ondan ibar\u0259tdir ki, qeyd olunan probleml\u0259r ayr\u0131\u2011ayr\u0131 se\u00e7ki d\u00f6vrl\u0259rin\u0259 xas epizodik hallar kimi deyil, daha \u00e7ox sistemli v\u0259 davaml\u0131 \u00e7at\u0131\u015fmazl\u0131qlar kimi t\u0259qdim olunur. Bu da se\u00e7ki institutunun islahat\u0131 m\u0259s\u0259l\u0259sini yaln\u0131z texniki t\u0259kmill\u0259\u015fdirm\u0259 deyil, daha geni\u015f institusional v\u0259 siyasi transformasiya kontekstind\u0259 g\u00fcnd\u0259m\u0259 g\u0259tirir.<\/p>\n<\/blockquote>\n\n\n\n<p>Beyn\u0259lxalq t\u0259nqidl\u0259r\u0259 qar\u015f\u0131 hakimiyy\u0259tin reaksiyas\u0131 q\u0259ti v\u0259 birm\u0259nal\u0131d\u0131r: r\u0259smi dair\u0259l\u0259r m\u00fc\u015fahid\u0259 missiyalar\u0131n\u0131n iradlar\u0131n\u0131 q\u0259bul etmir, onlar\u0131 \u201cq\u0259r\u0259zli\u201d v\u0259 \u201cxarici t\u0259sir motivli\u201d kimi qiym\u0259tl\u0259ndirirl\u0259r. M\u0259s\u0259l\u0259n, 2024-c\u00fc ilin fevral\u0131nda ke\u00e7irilmi\u015f n\u00f6vb\u0259d\u0259nk\u0259nar prezident se\u00e7kil\u0259rind\u0259 Avropa Parlamentinin b\u0259zi deputatlar\u0131 se\u00e7kil\u0259ri m\u00fc\u015fahid\u0259 etm\u0259y\u0259c\u0259yini a\u00e7\u0131qlam\u0131\u015f, Avropa Parlamentind\u0259n r\u0259smi m\u00fc\u015fahid\u0259 missiyas\u0131 d\u0259v\u0259t olunmam\u0131\u015fd\u0131r. Bu, h\u0259m beyn\u0259lxalq t\u0259nqidl\u0259rin q\u0259bul olunmamas\u0131n\u0131, h\u0259m d\u0259 r\u0259smi missiya g\u00f6nd\u0259rilm\u0259m\u0259si yolu il\u0259 k\u0259skin reaksiyan\u0131n n\u00fcmun\u0259si kimi <a href=\"https:\/\/www.eeas.europa.eu\/delegations\/council-europe\/1489th-meeting-committee-ministers-14-february-2024-azerbaijan-eu-statement-presidential-elections_en?utm_source=chatgpt.com\" target=\"_blank\" rel=\"noreferrer noopener nofollow\">qiym\u0259tl\u0259ndirilir<\/a>.<\/p>\n\n\n\n<p>Dig\u0259r t\u0259r\u0259fd\u0259n, AT\u018fT-in Demokratik T\u0259sisatlar v\u0259 \u0130nsan Haqlar\u0131 B\u00fcrosu (DT\u0130HB) v\u0259 AT\u018fT Parlament Assambleyas\u0131n\u0131n m\u00fc\u015fahid\u0259 missiyas\u0131 se\u00e7kil\u0259r\u0259 d\u0259v\u0259t alaraq i\u015ftirak ets\u0259 d\u0259, hakimiyy\u0259t r\u0259smi b\u0259yanatlar\u0131nda onlar\u0131n t\u0259nqidl\u0259rini q\u0259r\u0259zli v\u0259 xarici t\u0259sir alt\u0131nda verilmi\u015f kimi qiym\u0259tl\u0259ndir\u0259r\u0259k <a href=\"https:\/\/odihr.osce.org\/odihr\/elections\/azerbaijan\/561302?utm_source=chatgpt.com\" target=\"_blank\" rel=\"noreferrer noopener nofollow\">q\u0259bul etm\u0259mi\u015fdir<\/a> . Bu yana\u015fma g\u00f6st\u0259rir ki, beyn\u0259lxalq m\u00fc\u015fahid\u0259 v\u0259 t\u0259nqidl\u0259r yaln\u0131z r\u0259yl\u0259r kimi qalm\u0131r, h\u0259m d\u0259 r\u0259smi m\u00f6vqed\u0259 q\u0259bul edilm\u0259m\u0259 v\u0259 b\u0259zi hallarda qar\u015f\u0131l\u0131ql\u0131 k\u0259skin reaksiyalarla m\u00fc\u015fayi\u0259t olunur.<\/p>\n\n\n\n<h4 class=\"wp-block-heading\"><strong>M\u00fcst\u0259qil m\u00fc\u015fahid\u0259\u00e7iliyin aqib\u0259ti<\/strong><\/h4>\n\n\n\n<p>Az\u0259rbaycanda m\u00fcst\u0259qil se\u00e7ki m\u00fc\u015fahid\u0259\u00e7il\u0259ri t\u0259r\u0259find\u0259n d\u0259 se\u00e7ki institutuna dair t\u0259nqid s\u0259sl\u0259ri uzun ill\u0259rd\u0259n b\u0259ri m\u00f6vcuddur. Lakin son ill\u0259rd\u0259 bu t\u0259nqid\u00e7il\u0259r\u0259 qar\u015f\u0131 apar\u0131lan h\u00fcquqi t\u0259zyiql\u0259r v\u0259 m\u0259hk\u0259m\u0259 prosesl\u0259ri n\u0259tic\u0259sind\u0259 haz\u0131rda \u00f6lk\u0259d\u0259 m\u00fcst\u0259qil se\u00e7ki m\u00fc\u015fahid\u0259\u00e7iliyi aparan t\u0259\u015fkilatlar\u0131n s\u0259drl\u0259ri v\u0259 m\u00fcst\u0259qil se\u00e7ki ekspertl\u0259rinin ham\u0131s\u0131 h\u0259bsd\u0259dir v\u0259 ya m\u0259hk\u0259m\u0259 qar\u015f\u0131s\u0131ndad\u0131r. Bu, se\u00e7ki institutuna dair ictimai n\u0259zar\u0259tin faktiki olaraq m\u0259hv edildiyini g\u00f6st\u0259rir.<\/p>\n\n\n\n<ul class=\"wp-block-list\">\n<li><strong>Anar M\u0259mm\u0259dli<\/strong> \u2014 Se\u00e7ki Monitorinqi v\u0259 Demokratiya T\u0259hsil M\u0259rk\u0259zinin s\u0259dri. 2024-c\u00fc ilin aprelind\u0259 h\u0259bs olunub, bar\u0259sind\u0259 m\u0259hk\u0259m\u0259 prosesi davam edir.<\/li>\n\n\n\n<li><strong>B\u0259\u015fir S\u00fcleymanl\u0131<\/strong> \u2014 V\u0259t\u0259nda\u015f H\u00fcquqlar\u0131 \u0130nstitutunun r\u0259hb\u0259ri, 2025-ci ilin mart\u0131nda h\u0259bs olunub, bar\u0259sind\u0259 m\u0259hk\u0259m\u0259 prosesi davam edir.<\/li>\n\n\n\n<li><strong>M\u0259mm\u0259d Alpay (M\u0259mm\u0259dzad\u0259)<\/strong> \u2014 Se\u00e7ki M\u00fc\u015fahid\u0259 Alyans\u0131n\u0131n direktoru, 2025-ci ilin mart\u0131nda h\u0259bs olunub, m\u0259hk\u0259m\u0259 prosesi davam edir.<\/li>\n\n\n\n<li><strong>Hafiz H\u0259s\u0259nov<\/strong> \u2014 H\u00fcquq v\u0259 \u0130nki\u015faf \u0130ctimai Birliyinin s\u0259dri, m\u00fcv\u0259qq\u0259ti azadl\u0131qdad\u0131r, amma m\u0259hk\u0259m\u0259 prosesi davam edir.<\/li>\n\n\n\n<li><strong>Akif Qurbanov<\/strong> \u2014 Demokratik T\u0259\u015f\u0259bb\u00fcsl\u0259r \u0130nstitutu, h\u0259bsd\u0259 v\u0259 m\u0259hk\u0259m\u0259 qar\u015f\u0131s\u0131ndad\u0131r.<\/li>\n\n\n\n<li><strong>\u018fl\u0259sg\u0259r M\u0259mm\u0259dli<\/strong> \u2013 m\u00fcst\u0259qil h\u00fcquq\u015f\u00fcnas, h\u0259bsd\u0259 v\u0259 m\u0259hk\u0259m\u0259 qar\u015f\u0131s\u0131ndad\u0131r.<\/li>\n<\/ul>\n\n\n\n<figure class=\"wp-block-image size-large\"><img decoding=\"async\" width=\"1200\" height=\"586\" data-src=\"https:\/\/www.meydan.tv\/wp-content\/uploads\/0909-2-1200x586.png\" alt=\"\" class=\"wp-image-343680 lazyload\" src=\"data:image\/svg+xml;base64,PHN2ZyB3aWR0aD0iMSIgaGVpZ2h0PSIxIiB4bWxucz0iaHR0cDovL3d3dy53My5vcmcvMjAwMC9zdmciPjwvc3ZnPg==\" style=\"--smush-placeholder-width: 1200px; --smush-placeholder-aspect-ratio: 1200\/586;\" \/><figcaption class=\"wp-element-caption\">Foto-kollaj: Meydan TV<\/figcaption><\/figure>\n\n\n\n<p>Bu durum n\u0259tic\u0259sind\u0259 Az\u0259rbaycanda m\u00fcst\u0259qil se\u00e7ki m\u00fc\u015fahid\u0259si v\u0259 ekspertl\u0259rin f\u0259aliyy\u0259t g\u00f6st\u0259rm\u0259si praktik olaraq m\u00fcmk\u00fcn deyil. Se\u00e7ki prosesin\u0259 dair alternativ v\u0259 obyektiv m\u0259lumat m\u0259nb\u0259l\u0259ri m\u0259hdudla\u015f\u0131r, ictimai n\u0259zar\u0259t z\u0259ifl\u0259yir v\u0259 se\u00e7ki institutunun f\u0259aliyy\u0259tinin \u015f\u0259ffafl\u0131\u011f\u0131 ciddi \u015f\u0259kild\u0259 t\u0259hl\u00fck\u0259 alt\u0131na d\u00fc\u015f\u00fcr.<\/p>\n\n\n\n<p>Bel\u0259likl\u0259, haz\u0131rk\u0131 v\u0259ziyy\u0259t g\u00f6st\u0259rir ki, se\u00e7ki institutuna dair t\u0259nqid s\u0259sl\u0259ri yaln\u0131z \u201cfikri ifad\u0259\u201d kimi deyil, eyni zamanda h\u00fcquqi t\u0259zyiql\u0259rl\u0259 qar\u015f\u0131lan\u0131r, n\u0259tic\u0259d\u0259 \u00f6lk\u0259d\u0259 m\u00fcst\u0259qil monitorinq mexanizml\u0259ri faktiki olaraq dayand\u0131r\u0131l\u0131b.<br><br>Az\u0259rbaycanda m\u00fcxalif\u0259t partiyalar\u0131, x\u00fcsusil\u0259 Az\u0259rbaycan Xalq C\u0259bh\u0259si Partiyas\u0131 (AXCP) v\u0259 M\u00fcsavat Partiyas\u0131, \u00f6lk\u0259d\u0259ki se\u00e7ki institutunun f\u0259aliyy\u0259tini tan\u0131m\u0131r v\u0259 son se\u00e7kil\u0259rin n\u0259tic\u0259l\u0259rini legitim hesab etmirl\u0259r. Onlar\u0131n \u0259sas m\u00f6vqel\u0259ri se\u00e7kil\u0259rin tan\u0131nmamas\u0131, boykot v\u0259 se\u00e7ki komissiyalar\u0131n\u0131n siyasi paritet prinsipi \u0259sas\u0131nda formala\u015fd\u0131r\u0131lmas\u0131 t\u0259l\u0259bidir. M\u00fcxalif\u0259t hesab edir ki, haz\u0131rk\u0131 komissiyalar yaln\u0131z hakimiyy\u0259t maraqlar\u0131na xidm\u0259t edir v\u0259 ictimaiyy\u0259t \u00fc\u00e7\u00fcn real n\u0259zar\u0259t mexanizmi yaratm\u0131r. Bu yana\u015fma h\u0259m se\u00e7ki institutunun legitimliyi, h\u0259m d\u0259 ictimai etimad m\u0259s\u0259l\u0259sini g\u00fcnd\u0259m\u0259 g\u0259tirir.<\/p>\n\n\n\n<h4 class=\"wp-block-heading\"><strong>Yeni MSK-n\u0131n perspektivi<\/strong><\/h4>\n\n\n\n<p>Az\u0259rbaycanda M\u0259rk\u0259zi Se\u00e7ki Komissiyas\u0131n\u0131n (MSK) t\u0259rkibinin yenid\u0259n formala\u015fd\u0131r\u0131lmas\u0131 il\u0259 ba\u011fl\u0131 ekspertl\u0259r d\u00fc\u015f\u00fcn\u00fcrl\u0259r ki, d\u0259yi\u015fiklik ehtimal\u0131 struktur bax\u0131m\u0131ndan \u00e7ox m\u0259hduddur. MSK-n\u0131n \u00fczvl\u0259ri parlamentd\u0259ki siyasi b\u00f6lg\u00fcy\u0259 uy\u011fun se\u00e7ildiyind\u0259n, hakim Yeni Az\u0259rbaycan Partiyas\u0131n\u0131n (YAP) \u00fcst\u00fcn m\u00f6vqeyi komissiyan\u0131n t\u0259rkibin\u0259 d\u0259 t\u0259sir edir. Bel\u0259likl\u0259, MSK-n\u0131n formas\u0131 k\u00f6kl\u00fc d\u0259yi\u015fm\u0259zs\u0259, se\u00e7ki institutunun q\u0259rar verm\u0259 mexanizml\u0259ri v\u0259 t\u0259sir imkanlar\u0131 da \u00e7ox d\u0259yi\u015fm\u0259y\u0259c\u0259k.<\/p>\n\n\n\n<p>Real islahat\u0131n t\u0259min olunmas\u0131 \u00fc\u00e7\u00fcn bir ne\u00e7\u0259 sah\u0259d\u0259 d\u0259yi\u015fiklik vacibdir. \u018fvv\u0259la, institusional islahatlar olmal\u0131d\u0131r: komissiyalar paritet prinsipi \u0259sas\u0131nda formala\u015fd\u0131r\u0131lmal\u0131, orada \u0259sl m\u00fcst\u0259qil \u00fczvl\u0259r t\u0259msil olunmal\u0131d\u0131r. H\u00fcquqi mexanizml\u0259r d\u0259 t\u0259kmill\u0259\u015fdirilm\u0259lidir: v\u0259t\u0259nda\u015flar\u0131n \u015fikay\u0259tl\u0259ri effektiv \u015f\u0259kild\u0259 ara\u015fd\u0131r\u0131lmal\u0131, pozuntulara qar\u015f\u0131 real sanksiyalar t\u0259tbiq edilm\u0259lidir. Eyni zamanda siyasi m\u00fchitin liberalla\u015fd\u0131r\u0131lmas\u0131 z\u0259ruridir \u2013 azad media, s\u0259rb\u0259st topla\u015fma v\u0259 real siyasi r\u0259qab\u0259t se\u00e7ki prosesinin \u015f\u0259ffafl\u0131\u011f\u0131n\u0131 t\u0259min ed\u0259 bil\u0259r. V\u0259t\u0259nda\u015f c\u0259miyy\u0259tinin rolu da vacibdir: m\u00fcst\u0259qil m\u00fc\u015fahid\u0259\u00e7il\u0259rin azad f\u0259aliyy\u0259ti v\u0259 se\u00e7ki ekspertl\u0259rinin qorunmas\u0131 t\u0259min edilm\u0259lidir ki, ictimai n\u0259zar\u0259t faktiki olaraq i\u015fl\u0259y\u0259 bilsin.<\/p>\n\n\n\n<p>Yerli v\u0259 beyn\u0259lxalq ekspertl\u0259rin \u00fcmumi q\u0259na\u0259ti bel\u0259dir: Az\u0259rbaycanda se\u00e7ki institutunun legitimliyi ciddi problemli v\u0259ziyy\u0259td\u0259dir v\u0259 bu problemi yaln\u0131z struktur xarakterli islahatlarla h\u0259ll etm\u0259k olar. Bir \u00e7ox ekspertl\u0259r hesab edir ki, texniki d\u0259yi\u015fiklikl\u0259r deyil, siyasi v\u0259 institusional transformasiya vacibdir. Bu, yaln\u0131z MSK-n\u0131n t\u0259rkibinin r\u0259smi olaraq yenil\u0259nm\u0259si il\u0259 yox, h\u0259m d\u0259 institut \u00fcz\u0259rind\u0259 real ictimai n\u0259zar\u0259tin m\u00fcmk\u00fcnl\u00fcy\u00fc il\u0259 \u00f6l\u00e7\u00fcl\u00fcr.<\/p>\n\n\n\n<p>N\u0259tic\u0259 olaraq, MSK-n\u0131n yenid\u0259n formala\u015fd\u0131r\u0131lmas\u0131 avtomatik olaraq islahat anlam\u0131na g\u0259lmir. \u018fsas m\u0259s\u0259l\u0259 siyasi irad\u0259dir \u2013 m\u00fcst\u0259qil institutlar\u0131n m\u00f6vcudlu\u011fu, ictimai n\u0259zar\u0259tin t\u0259min olunmas\u0131 v\u0259 \u015f\u0259ffaf se\u00e7ki m\u00fchitinin yarad\u0131lmas\u0131d\u0131r. Se\u00e7ki institutunun legitimliyi yaln\u0131z onun nec\u0259 formala\u015fd\u0131r\u0131ld\u0131\u011f\u0131 il\u0259 deyil, onun \u00fcz\u0259rind\u0259 real n\u0259zar\u0259tin m\u00fcmk\u00fcn olub-olmamas\u0131 il\u0259 m\u00fc\u0259yy\u0259n olunur.<\/p>\n","protected":false},"excerpt":{"rendered":"<p>Aprel ay\u0131nda Az\u0259rbaycanda se\u00e7ki institutunun \u0259sas qurumlar\u0131ndan biri olan M\u0259rk\u0259zi &#8230; <\/p>\n<p class=\"read-more-container\"><a title=\"Az\u0259rbaycanda se\u00e7ki institutu: Formal d\u0259yi\u015fiklikl\u0259r, t\u0259nqidl\u0259r, h\u0259bsl\u0259r, sistemli saxtakarl\u0131q\" class=\"read-more button\" href=\"https:\/\/www.meydan.tv\/az\/article\/az%c9%99rbaycanda-secki-institutu-formal-d%c9%99yisiklikl%c9%99r-t%c9%99nqidl%c9%99r-h%c9%99bsl%c9%99r-sistemli-saxtakarliq\/#more-343679\" aria-label=\"Read more about Az\u0259rbaycanda se\u00e7ki institutu: Formal d\u0259yi\u015fiklikl\u0259r, t\u0259nqidl\u0259r, h\u0259bsl\u0259r, sistemli saxtakarl\u0131q\">Davam\u0131<\/a><\/p>\n","protected":false},"author":21,"featured_media":104914,"comment_status":"closed","ping_status":"closed","sticky":false,"template":"","format":"standard","meta":{"_acf_changed":false,"_sitemap_exclude":false,"_sitemap_priority":"","_sitemap_frequency":"","footnotes":""},"categories":[51,88,79,56],"tags":[],"class_list":["post-343679","post","type-post","status-publish","format-standard","has-post-thumbnail","hentry","category-analitika","category-redaktor-secimi","category-featured","category-xeberler","infinite-scroll-item","generate-columns","tablet-grid-50","mobile-grid-100","grid-parent","grid-33","no-featured-image-padding"],"acf":[],"yoast_head":"<!-- This site is optimized with the Yoast SEO plugin v27.5 - https:\/\/yoast.com\/product\/yoast-seo-wordpress\/ -->\n<title>Az\u0259rbaycanda se\u00e7ki institutu: Formal d\u0259yi\u015fiklikl\u0259r, t\u0259nqidl\u0259r, h\u0259bsl\u0259r, sistemli saxtakarl\u0131q - MEYDAN.TV<\/title>\n<meta name=\"robots\" content=\"index, follow, max-snippet:-1, max-image-preview:large, max-video-preview:-1\" \/>\n<link rel=\"canonical\" href=\"https:\/\/www.meydan.tv\/az\/article\/az%c9%99rbaycanda-secki-institutu-formal-d%c9%99yisiklikl%c9%99r-t%c9%99nqidl%c9%99r-h%c9%99bsl%c9%99r-sistemli-saxtakarliq\/\" \/>\n<meta property=\"og:locale\" content=\"az_AZ\" \/>\n<meta property=\"og:type\" content=\"article\" \/>\n<meta property=\"og:title\" content=\"Az\u0259rbaycanda se\u00e7ki institutu: Formal d\u0259yi\u015fiklikl\u0259r, t\u0259nqidl\u0259r, h\u0259bsl\u0259r, sistemli saxtakarl\u0131q - MEYDAN.TV\" \/>\n<meta property=\"og:description\" content=\"Aprel ay\u0131nda Az\u0259rbaycanda se\u00e7ki institutunun \u0259sas qurumlar\u0131ndan biri olan M\u0259rk\u0259zi ... Davam\u0131\" \/>\n<meta property=\"og:url\" content=\"https:\/\/www.meydan.tv\/az\/article\/az%c9%99rbaycanda-secki-institutu-formal-d%c9%99yisiklikl%c9%99r-t%c9%99nqidl%c9%99r-h%c9%99bsl%c9%99r-sistemli-saxtakarliq\/\" \/>\n<meta property=\"og:site_name\" content=\"MEYDAN.TV\" \/>\n<meta property=\"article:published_time\" content=\"2026-04-07T08:35:07+00:00\" \/>\n<meta property=\"article:modified_time\" content=\"2026-04-09T08:01:45+00:00\" \/>\n<meta property=\"og:image\" content=\"https:\/\/www.meydan.tv\/wp-content\/uploads\/41614.jpg\" \/>\n\t<meta property=\"og:image:width\" content=\"1000\" \/>\n\t<meta property=\"og:image:height\" content=\"651\" \/>\n\t<meta property=\"og:image:type\" content=\"image\/jpeg\" \/>\n<meta name=\"author\" content=\"mahmud\" \/>\n<meta name=\"twitter:card\" content=\"summary_large_image\" \/>\n<script type=\"application\/ld+json\" class=\"yoast-schema-graph\">{\"@context\":\"https:\\\/\\\/schema.org\",\"@graph\":[{\"@type\":\"Article\",\"@id\":\"https:\\\/\\\/www.meydan.tv\\\/az\\\/article\\\/az%c9%99rbaycanda-secki-institutu-formal-d%c9%99yisiklikl%c9%99r-t%c9%99nqidl%c9%99r-h%c9%99bsl%c9%99r-sistemli-saxtakarliq\\\/#article\",\"isPartOf\":{\"@id\":\"https:\\\/\\\/www.meydan.tv\\\/az\\\/article\\\/az%c9%99rbaycanda-secki-institutu-formal-d%c9%99yisiklikl%c9%99r-t%c9%99nqidl%c9%99r-h%c9%99bsl%c9%99r-sistemli-saxtakarliq\\\/\"},\"author\":{\"name\":\"mahmud\",\"@id\":\"https:\\\/\\\/www.meydan.tv\\\/az\\\/#\\\/schema\\\/person\\\/09863e516102a829e72bedcf3f84c6b0\"},\"headline\":\"Az\u0259rbaycanda se\u00e7ki institutu: Formal d\u0259yi\u015fiklikl\u0259r, t\u0259nqidl\u0259r, h\u0259bsl\u0259r, sistemli saxtakarl\u0131q\",\"datePublished\":\"2026-04-07T08:35:07+00:00\",\"dateModified\":\"2026-04-09T08:01:45+00:00\",\"mainEntityOfPage\":{\"@id\":\"https:\\\/\\\/www.meydan.tv\\\/az\\\/article\\\/az%c9%99rbaycanda-secki-institutu-formal-d%c9%99yisiklikl%c9%99r-t%c9%99nqidl%c9%99r-h%c9%99bsl%c9%99r-sistemli-saxtakarliq\\\/\"},\"wordCount\":2835,\"publisher\":{\"@id\":\"https:\\\/\\\/www.meydan.tv\\\/az\\\/#organization\"},\"image\":{\"@id\":\"https:\\\/\\\/www.meydan.tv\\\/az\\\/article\\\/az%c9%99rbaycanda-secki-institutu-formal-d%c9%99yisiklikl%c9%99r-t%c9%99nqidl%c9%99r-h%c9%99bsl%c9%99r-sistemli-saxtakarliq\\\/#primaryimage\"},\"thumbnailUrl\":\"https:\\\/\\\/www.meydan.tv\\\/wp-content\\\/uploads\\\/41614.jpg\",\"articleSection\":[\"Analitika\",\"Redaktor se\u00e7imi\",\"T\u00f6vsiy\u0259\",\"X\u0259b\u0259rl\u0259r\"],\"inLanguage\":\"az\"},{\"@type\":\"WebPage\",\"@id\":\"https:\\\/\\\/www.meydan.tv\\\/az\\\/article\\\/az%c9%99rbaycanda-secki-institutu-formal-d%c9%99yisiklikl%c9%99r-t%c9%99nqidl%c9%99r-h%c9%99bsl%c9%99r-sistemli-saxtakarliq\\\/\",\"url\":\"https:\\\/\\\/www.meydan.tv\\\/az\\\/article\\\/az%c9%99rbaycanda-secki-institutu-formal-d%c9%99yisiklikl%c9%99r-t%c9%99nqidl%c9%99r-h%c9%99bsl%c9%99r-sistemli-saxtakarliq\\\/\",\"name\":\"Az\u0259rbaycanda se\u00e7ki institutu: Formal d\u0259yi\u015fiklikl\u0259r, t\u0259nqidl\u0259r, h\u0259bsl\u0259r, sistemli saxtakarl\u0131q - MEYDAN.TV\",\"isPartOf\":{\"@id\":\"https:\\\/\\\/www.meydan.tv\\\/az\\\/#website\"},\"primaryImageOfPage\":{\"@id\":\"https:\\\/\\\/www.meydan.tv\\\/az\\\/article\\\/az%c9%99rbaycanda-secki-institutu-formal-d%c9%99yisiklikl%c9%99r-t%c9%99nqidl%c9%99r-h%c9%99bsl%c9%99r-sistemli-saxtakarliq\\\/#primaryimage\"},\"image\":{\"@id\":\"https:\\\/\\\/www.meydan.tv\\\/az\\\/article\\\/az%c9%99rbaycanda-secki-institutu-formal-d%c9%99yisiklikl%c9%99r-t%c9%99nqidl%c9%99r-h%c9%99bsl%c9%99r-sistemli-saxtakarliq\\\/#primaryimage\"},\"thumbnailUrl\":\"https:\\\/\\\/www.meydan.tv\\\/wp-content\\\/uploads\\\/41614.jpg\",\"datePublished\":\"2026-04-07T08:35:07+00:00\",\"dateModified\":\"2026-04-09T08:01:45+00:00\",\"breadcrumb\":{\"@id\":\"https:\\\/\\\/www.meydan.tv\\\/az\\\/article\\\/az%c9%99rbaycanda-secki-institutu-formal-d%c9%99yisiklikl%c9%99r-t%c9%99nqidl%c9%99r-h%c9%99bsl%c9%99r-sistemli-saxtakarliq\\\/#breadcrumb\"},\"inLanguage\":\"az\",\"potentialAction\":[{\"@type\":\"ReadAction\",\"target\":[\"https:\\\/\\\/www.meydan.tv\\\/az\\\/article\\\/az%c9%99rbaycanda-secki-institutu-formal-d%c9%99yisiklikl%c9%99r-t%c9%99nqidl%c9%99r-h%c9%99bsl%c9%99r-sistemli-saxtakarliq\\\/\"]}]},{\"@type\":\"ImageObject\",\"inLanguage\":\"az\",\"@id\":\"https:\\\/\\\/www.meydan.tv\\\/az\\\/article\\\/az%c9%99rbaycanda-secki-institutu-formal-d%c9%99yisiklikl%c9%99r-t%c9%99nqidl%c9%99r-h%c9%99bsl%c9%99r-sistemli-saxtakarliq\\\/#primaryimage\",\"url\":\"https:\\\/\\\/www.meydan.tv\\\/wp-content\\\/uploads\\\/41614.jpg\",\"contentUrl\":\"https:\\\/\\\/www.meydan.tv\\\/wp-content\\\/uploads\\\/41614.jpg\",\"width\":1000,\"height\":651,\"caption\":\"M\u0259rk\u0259zi Se\u00e7ki Komissiyas\u0131, Foto: M\u0259rk\u0259zi Se\u00e7ki Komissiyas\u0131\"},{\"@type\":\"BreadcrumbList\",\"@id\":\"https:\\\/\\\/www.meydan.tv\\\/az\\\/article\\\/az%c9%99rbaycanda-secki-institutu-formal-d%c9%99yisiklikl%c9%99r-t%c9%99nqidl%c9%99r-h%c9%99bsl%c9%99r-sistemli-saxtakarliq\\\/#breadcrumb\",\"itemListElement\":[{\"@type\":\"ListItem\",\"position\":1,\"name\":\"Ana s\u0259hif\u0259\",\"item\":\"https:\\\/\\\/www.meydan.tv\\\/az\\\/\"},{\"@type\":\"ListItem\",\"position\":2,\"name\":\"Analitika\",\"item\":\"https:\\\/\\\/www.meydan.tv\\\/az\\\/section\\\/analitika\\\/\"},{\"@type\":\"ListItem\",\"position\":3,\"name\":\"Az\u0259rbaycanda se\u00e7ki institutu: Formal d\u0259yi\u015fiklikl\u0259r, t\u0259nqidl\u0259r, h\u0259bsl\u0259r, sistemli saxtakarl\u0131q\"}]},{\"@type\":\"WebSite\",\"@id\":\"https:\\\/\\\/www.meydan.tv\\\/az\\\/#website\",\"url\":\"https:\\\/\\\/www.meydan.tv\\\/az\\\/\",\"name\":\"MEYDAN.TV\",\"description\":\"Meydan TV Az\u0259rbaycan\u0131n media m\u0259kan\u0131ndak\u0131 alternativ s\u0259sidir\",\"publisher\":{\"@id\":\"https:\\\/\\\/www.meydan.tv\\\/az\\\/#organization\"},\"potentialAction\":[{\"@type\":\"SearchAction\",\"target\":{\"@type\":\"EntryPoint\",\"urlTemplate\":\"https:\\\/\\\/www.meydan.tv\\\/az\\\/?s={search_term_string}\"},\"query-input\":{\"@type\":\"PropertyValueSpecification\",\"valueRequired\":true,\"valueName\":\"search_term_string\"}}],\"inLanguage\":\"az\"},{\"@type\":\"Organization\",\"@id\":\"https:\\\/\\\/www.meydan.tv\\\/az\\\/#organization\",\"name\":\"Meydan TV\",\"url\":\"https:\\\/\\\/www.meydan.tv\\\/az\\\/\",\"logo\":{\"@type\":\"ImageObject\",\"inLanguage\":\"az\",\"@id\":\"https:\\\/\\\/www.meydan.tv\\\/az\\\/#\\\/schema\\\/logo\\\/image\\\/\",\"url\":\"https:\\\/\\\/www.meydan.tv\\\/wp-content\\\/uploads\\\/2021\\\/07\\\/meydan-logo.svg\",\"contentUrl\":\"https:\\\/\\\/www.meydan.tv\\\/wp-content\\\/uploads\\\/2021\\\/07\\\/meydan-logo.svg\",\"width\":195,\"height\":46,\"caption\":\"Meydan TV\"},\"image\":{\"@id\":\"https:\\\/\\\/www.meydan.tv\\\/az\\\/#\\\/schema\\\/logo\\\/image\\\/\"}},{\"@type\":\"Person\",\"@id\":\"https:\\\/\\\/www.meydan.tv\\\/az\\\/#\\\/schema\\\/person\\\/09863e516102a829e72bedcf3f84c6b0\",\"name\":\"mahmud\"}]}<\/script>\n<!-- \/ Yoast SEO plugin. -->","yoast_head_json":{"title":"Az\u0259rbaycanda se\u00e7ki institutu: Formal d\u0259yi\u015fiklikl\u0259r, t\u0259nqidl\u0259r, h\u0259bsl\u0259r, sistemli saxtakarl\u0131q - MEYDAN.TV","robots":{"index":"index","follow":"follow","max-snippet":"max-snippet:-1","max-image-preview":"max-image-preview:large","max-video-preview":"max-video-preview:-1"},"canonical":"https:\/\/www.meydan.tv\/az\/article\/az%c9%99rbaycanda-secki-institutu-formal-d%c9%99yisiklikl%c9%99r-t%c9%99nqidl%c9%99r-h%c9%99bsl%c9%99r-sistemli-saxtakarliq\/","og_locale":"az_AZ","og_type":"article","og_title":"Az\u0259rbaycanda se\u00e7ki institutu: Formal d\u0259yi\u015fiklikl\u0259r, t\u0259nqidl\u0259r, h\u0259bsl\u0259r, sistemli saxtakarl\u0131q - MEYDAN.TV","og_description":"Aprel ay\u0131nda Az\u0259rbaycanda se\u00e7ki institutunun \u0259sas qurumlar\u0131ndan biri olan M\u0259rk\u0259zi ... Davam\u0131","og_url":"https:\/\/www.meydan.tv\/az\/article\/az%c9%99rbaycanda-secki-institutu-formal-d%c9%99yisiklikl%c9%99r-t%c9%99nqidl%c9%99r-h%c9%99bsl%c9%99r-sistemli-saxtakarliq\/","og_site_name":"MEYDAN.TV","article_published_time":"2026-04-07T08:35:07+00:00","article_modified_time":"2026-04-09T08:01:45+00:00","og_image":[{"width":1000,"height":651,"url":"https:\/\/www.meydan.tv\/wp-content\/uploads\/41614.jpg","type":"image\/jpeg"}],"author":"mahmud","twitter_card":"summary_large_image","schema":{"@context":"https:\/\/schema.org","@graph":[{"@type":"Article","@id":"https:\/\/www.meydan.tv\/az\/article\/az%c9%99rbaycanda-secki-institutu-formal-d%c9%99yisiklikl%c9%99r-t%c9%99nqidl%c9%99r-h%c9%99bsl%c9%99r-sistemli-saxtakarliq\/#article","isPartOf":{"@id":"https:\/\/www.meydan.tv\/az\/article\/az%c9%99rbaycanda-secki-institutu-formal-d%c9%99yisiklikl%c9%99r-t%c9%99nqidl%c9%99r-h%c9%99bsl%c9%99r-sistemli-saxtakarliq\/"},"author":{"name":"mahmud","@id":"https:\/\/www.meydan.tv\/az\/#\/schema\/person\/09863e516102a829e72bedcf3f84c6b0"},"headline":"Az\u0259rbaycanda se\u00e7ki institutu: Formal d\u0259yi\u015fiklikl\u0259r, t\u0259nqidl\u0259r, h\u0259bsl\u0259r, sistemli saxtakarl\u0131q","datePublished":"2026-04-07T08:35:07+00:00","dateModified":"2026-04-09T08:01:45+00:00","mainEntityOfPage":{"@id":"https:\/\/www.meydan.tv\/az\/article\/az%c9%99rbaycanda-secki-institutu-formal-d%c9%99yisiklikl%c9%99r-t%c9%99nqidl%c9%99r-h%c9%99bsl%c9%99r-sistemli-saxtakarliq\/"},"wordCount":2835,"publisher":{"@id":"https:\/\/www.meydan.tv\/az\/#organization"},"image":{"@id":"https:\/\/www.meydan.tv\/az\/article\/az%c9%99rbaycanda-secki-institutu-formal-d%c9%99yisiklikl%c9%99r-t%c9%99nqidl%c9%99r-h%c9%99bsl%c9%99r-sistemli-saxtakarliq\/#primaryimage"},"thumbnailUrl":"https:\/\/www.meydan.tv\/wp-content\/uploads\/41614.jpg","articleSection":["Analitika","Redaktor se\u00e7imi","T\u00f6vsiy\u0259","X\u0259b\u0259rl\u0259r"],"inLanguage":"az"},{"@type":"WebPage","@id":"https:\/\/www.meydan.tv\/az\/article\/az%c9%99rbaycanda-secki-institutu-formal-d%c9%99yisiklikl%c9%99r-t%c9%99nqidl%c9%99r-h%c9%99bsl%c9%99r-sistemli-saxtakarliq\/","url":"https:\/\/www.meydan.tv\/az\/article\/az%c9%99rbaycanda-secki-institutu-formal-d%c9%99yisiklikl%c9%99r-t%c9%99nqidl%c9%99r-h%c9%99bsl%c9%99r-sistemli-saxtakarliq\/","name":"Az\u0259rbaycanda se\u00e7ki institutu: Formal d\u0259yi\u015fiklikl\u0259r, t\u0259nqidl\u0259r, h\u0259bsl\u0259r, sistemli saxtakarl\u0131q - MEYDAN.TV","isPartOf":{"@id":"https:\/\/www.meydan.tv\/az\/#website"},"primaryImageOfPage":{"@id":"https:\/\/www.meydan.tv\/az\/article\/az%c9%99rbaycanda-secki-institutu-formal-d%c9%99yisiklikl%c9%99r-t%c9%99nqidl%c9%99r-h%c9%99bsl%c9%99r-sistemli-saxtakarliq\/#primaryimage"},"image":{"@id":"https:\/\/www.meydan.tv\/az\/article\/az%c9%99rbaycanda-secki-institutu-formal-d%c9%99yisiklikl%c9%99r-t%c9%99nqidl%c9%99r-h%c9%99bsl%c9%99r-sistemli-saxtakarliq\/#primaryimage"},"thumbnailUrl":"https:\/\/www.meydan.tv\/wp-content\/uploads\/41614.jpg","datePublished":"2026-04-07T08:35:07+00:00","dateModified":"2026-04-09T08:01:45+00:00","breadcrumb":{"@id":"https:\/\/www.meydan.tv\/az\/article\/az%c9%99rbaycanda-secki-institutu-formal-d%c9%99yisiklikl%c9%99r-t%c9%99nqidl%c9%99r-h%c9%99bsl%c9%99r-sistemli-saxtakarliq\/#breadcrumb"},"inLanguage":"az","potentialAction":[{"@type":"ReadAction","target":["https:\/\/www.meydan.tv\/az\/article\/az%c9%99rbaycanda-secki-institutu-formal-d%c9%99yisiklikl%c9%99r-t%c9%99nqidl%c9%99r-h%c9%99bsl%c9%99r-sistemli-saxtakarliq\/"]}]},{"@type":"ImageObject","inLanguage":"az","@id":"https:\/\/www.meydan.tv\/az\/article\/az%c9%99rbaycanda-secki-institutu-formal-d%c9%99yisiklikl%c9%99r-t%c9%99nqidl%c9%99r-h%c9%99bsl%c9%99r-sistemli-saxtakarliq\/#primaryimage","url":"https:\/\/www.meydan.tv\/wp-content\/uploads\/41614.jpg","contentUrl":"https:\/\/www.meydan.tv\/wp-content\/uploads\/41614.jpg","width":1000,"height":651,"caption":"M\u0259rk\u0259zi Se\u00e7ki Komissiyas\u0131, Foto: M\u0259rk\u0259zi Se\u00e7ki Komissiyas\u0131"},{"@type":"BreadcrumbList","@id":"https:\/\/www.meydan.tv\/az\/article\/az%c9%99rbaycanda-secki-institutu-formal-d%c9%99yisiklikl%c9%99r-t%c9%99nqidl%c9%99r-h%c9%99bsl%c9%99r-sistemli-saxtakarliq\/#breadcrumb","itemListElement":[{"@type":"ListItem","position":1,"name":"Ana s\u0259hif\u0259","item":"https:\/\/www.meydan.tv\/az\/"},{"@type":"ListItem","position":2,"name":"Analitika","item":"https:\/\/www.meydan.tv\/az\/section\/analitika\/"},{"@type":"ListItem","position":3,"name":"Az\u0259rbaycanda se\u00e7ki institutu: Formal d\u0259yi\u015fiklikl\u0259r, t\u0259nqidl\u0259r, h\u0259bsl\u0259r, sistemli saxtakarl\u0131q"}]},{"@type":"WebSite","@id":"https:\/\/www.meydan.tv\/az\/#website","url":"https:\/\/www.meydan.tv\/az\/","name":"MEYDAN.TV","description":"Meydan TV Az\u0259rbaycan\u0131n media m\u0259kan\u0131ndak\u0131 alternativ s\u0259sidir","publisher":{"@id":"https:\/\/www.meydan.tv\/az\/#organization"},"potentialAction":[{"@type":"SearchAction","target":{"@type":"EntryPoint","urlTemplate":"https:\/\/www.meydan.tv\/az\/?s={search_term_string}"},"query-input":{"@type":"PropertyValueSpecification","valueRequired":true,"valueName":"search_term_string"}}],"inLanguage":"az"},{"@type":"Organization","@id":"https:\/\/www.meydan.tv\/az\/#organization","name":"Meydan TV","url":"https:\/\/www.meydan.tv\/az\/","logo":{"@type":"ImageObject","inLanguage":"az","@id":"https:\/\/www.meydan.tv\/az\/#\/schema\/logo\/image\/","url":"https:\/\/www.meydan.tv\/wp-content\/uploads\/2021\/07\/meydan-logo.svg","contentUrl":"https:\/\/www.meydan.tv\/wp-content\/uploads\/2021\/07\/meydan-logo.svg","width":195,"height":46,"caption":"Meydan TV"},"image":{"@id":"https:\/\/www.meydan.tv\/az\/#\/schema\/logo\/image\/"}},{"@type":"Person","@id":"https:\/\/www.meydan.tv\/az\/#\/schema\/person\/09863e516102a829e72bedcf3f84c6b0","name":"mahmud"}]}},"_links":{"self":[{"href":"https:\/\/www.meydan.tv\/az\/wp-json\/wp\/v2\/posts\/343679","targetHints":{"allow":["GET"]}}],"collection":[{"href":"https:\/\/www.meydan.tv\/az\/wp-json\/wp\/v2\/posts"}],"about":[{"href":"https:\/\/www.meydan.tv\/az\/wp-json\/wp\/v2\/types\/post"}],"author":[{"embeddable":true,"href":"https:\/\/www.meydan.tv\/az\/wp-json\/wp\/v2\/users\/21"}],"replies":[{"embeddable":true,"href":"https:\/\/www.meydan.tv\/az\/wp-json\/wp\/v2\/comments?post=343679"}],"version-history":[{"count":4,"href":"https:\/\/www.meydan.tv\/az\/wp-json\/wp\/v2\/posts\/343679\/revisions"}],"predecessor-version":[{"id":343760,"href":"https:\/\/www.meydan.tv\/az\/wp-json\/wp\/v2\/posts\/343679\/revisions\/343760"}],"wp:featuredmedia":[{"embeddable":true,"href":"https:\/\/www.meydan.tv\/az\/wp-json\/wp\/v2\/media\/104914"}],"wp:attachment":[{"href":"https:\/\/www.meydan.tv\/az\/wp-json\/wp\/v2\/media?parent=343679"}],"wp:term":[{"taxonomy":"category","embeddable":true,"href":"https:\/\/www.meydan.tv\/az\/wp-json\/wp\/v2\/categories?post=343679"},{"taxonomy":"post_tag","embeddable":true,"href":"https:\/\/www.meydan.tv\/az\/wp-json\/wp\/v2\/tags?post=343679"}],"curies":[{"name":"wp","href":"https:\/\/api.w.org\/{rel}","templated":true}]}}