{"id":343592,"date":"2026-04-06T16:31:43","date_gmt":"2026-04-06T12:31:43","guid":{"rendered":"https:\/\/www.meydan.tv\/?p=343592"},"modified":"2026-04-06T17:35:30","modified_gmt":"2026-04-06T13:35:30","slug":"bmt-nin-xususi-m%c9%99ruz%c9%99cil%c9%99ri-ulviyy%c9%99-elinin-h%c9%99bsi-il%c9%99-bagli-az%c9%99rbaycan-hokum%c9%99tind%c9%99n-aciqlama-t%c9%99l%c9%99b-edib","status":"publish","type":"post","link":"https:\/\/www.meydan.tv\/az\/article\/bmt-nin-xususi-m%c9%99ruz%c9%99cil%c9%99ri-ulviyy%c9%99-elinin-h%c9%99bsi-il%c9%99-bagli-az%c9%99rbaycan-hokum%c9%99tind%c9%99n-aciqlama-t%c9%99l%c9%99b-edib\/","title":{"rendered":"\u00dclviyy\u0259 \u018flinin h\u0259bsi il\u0259 ba\u011fl\u0131 h\u00f6kum\u0259td\u0259n a\u00e7\u0131qlama t\u0259l\u0259b olunur"},"content":{"rendered":"\n<p>Birl\u0259\u015fmi\u015f Mill\u0259tl\u0259r T\u0259\u015fkilat\u0131n\u0131n 3 x\u00fcsusi m\u0259ruz\u0259\u00e7isi \u201cMeydan TV i\u015fi\u201d \u00fczr\u0259 haz\u0131rda h\u0259bsd\u0259 olan \u00dclviyy\u0259 \u018fli (Quliyeva) bar\u0259sind\u0259 Az\u0259rbaycan h\u00f6k\u00fcm\u0259tin\u0259 <a href=\"https:\/\/spcommreports.ohchr.org\/TMResultsBase\/DownLoadPublicCommunicationFile?gId=30673\" target=\"_blank\" rel=\"noreferrer noopener nofollow\">r\u0259smi m\u00fcraci\u0259t<\/a> \u00fcnvanlay\u0131b.<\/p>\n\n\n\n<p>Yanvar\u0131n 16-da g\u00f6nd\u0259ril\u0259n m\u00fcraci\u0259td\u0259 m\u0259ruz\u0259\u00e7il\u0259r Rim \u018flsalem, \u0130rine Xan, Marqarit Satertveyt jurnalistin h\u0259bsi v\u0259 m\u0259ruz qald\u0131\u011f\u0131 zorak\u0131l\u0131q hal\u0131 il\u0259 ba\u011fl\u0131 cavab t\u0259l\u0259b etdikl\u0259rini bildiribl\u0259r.<\/p>\n\n\n\n<p>Onlar \u00dclviyy\u0259 \u018flinin may\u0131n 6-dan 7-n\u0259 ke\u00e7\u0259n gec\u0259 m\u00fcxalif siyas\u0259t\u00e7inin m\u0259hk\u0259m\u0259 iclas\u0131n\u0131 i\u015f\u0131qland\u0131rd\u0131qdan sonra ya\u015fad\u0131\u011f\u0131 m\u0259nzild\u0259 polis t\u0259r\u0259find\u0259n saxlan\u0131ld\u0131\u011f\u0131n\u0131 deyib. M\u0259ruz\u0259\u00e7il\u0259r qeyd edib ki, saxlan\u0131lma zaman\u0131 ona fiziki t\u0259zyiq g\u00f6st\u0259rilib, v\u0259kill\u0259 t\u0259min olunmay\u0131b, axtar\u0131\u015f is\u0259 ciddi prosedur pozuntular\u0131 il\u0259 apar\u0131l\u0131b v\u0259 sonradan m\u0259nzild\u0259 ona aid olmad\u0131\u011f\u0131 deyil\u0259n na\u011fd pul \u201ctap\u0131l\u0131b\u201d.<\/p>\n\n\n\n<p>M\u0259ru\u00e7\u0259zil\u0259r insan h\u00fcquqlar\u0131 \u00fczr\u0259 beyn\u0259lxalq standartlar\u0131n m\u00fcmk\u00fcn pozuntular\u0131 a\u015fkar olundu\u011funu deyib. S\u0259n\u0259dd\u0259 M\u00fclki v\u0259 Siyasi H\u00fcquqlar haqq\u0131nda Beyn\u0259lxalq Pakt\u0131n (MSHBP) (Madd\u0259 9, 14, 19, 7, 10) v\u0259 CEDAW (Madd\u0259 1, 2, 5) \u00e7\u0259r\u00e7iv\u0259sind\u0259 \u0259sass\u0131z h\u0259bsl\u0259r, m\u00fcdafi\u0259 h\u00fcququnun m\u0259hdudla\u015fd\u0131r\u0131lmas\u0131, ifad\u0259 azadl\u0131\u011f\u0131na t\u0259zyiql\u0259r, gender \u0259sasl\u0131 zorak\u0131l\u0131q v\u0259 tibbi yard\u0131m\u0131n yoxlu\u011fu kimi fundamental pozuntular qeyd olunub.<\/p>\n\n\n\n<p>M\u0259ruz\u0259\u00e7il\u0259r Az\u0259rbaycan h\u00f6kum\u0259tind\u0259n \u00dclviyy\u0259 \u018flinin saxlan\u0131lmas\u0131, ev axtar\u0131\u015f\u0131 v\u0259 h\u0259bsinin h\u00fcquqi \u0259saslar\u0131, bu t\u0259dbirl\u0259rin z\u0259ruriliyi v\u0259 proporsionall\u0131\u011f\u0131, iddia olunan zorak\u0131l\u0131q hallar\u0131n\u0131n m\u00fcst\u0259qil ara\u015fd\u0131r\u0131lmas\u0131 v\u0259 n\u0259tic\u0259l\u0259ri, v\u0259kil\u0259 \u00e7\u0131x\u0131\u015f\u0131n t\u0259min edilm\u0259si, tibbi m\u00fcayin\u0259l\u0259r v\u0259 m\u00fcst\u0259qil tibbi yard\u0131m q\u0259rarlar\u0131, el\u0259c\u0259 d\u0259 jurnalist f\u0259aliyy\u0259tin\u0259 v\u0259 ifad\u0259 azadl\u0131\u011f\u0131na t\u0259sir etm\u0259m\u0259si il\u0259 ba\u011fl\u0131 a\u00e7\u0131qlama verm\u0259sini t\u0259l\u0259b edibl\u0259r.<\/p>\n\n\n\n<p>Jurnalist \u00dclviyy\u0259 \u018fli (Quliyeva) may\u0131n 7-d\u0259 Meydan TV il\u0259 \u0259laq\u0259li cinay\u0259t i\u015fin\u0259 g\u00f6r\u0259 h\u0259bs olunub.<\/p>\n\n\n\n<p>Ona qar\u015f\u0131 \u0259vv\u0259lc\u0259 Cinay\u0259t M\u0259c\u0259ll\u0259sinin 206.3.2-ci (qa\u00e7aqmal\u00e7\u0131l\u0131q, \u0259vv\u0259lc\u0259d\u0259n \u0259lbir olan bir qrup \u015f\u0259xs t\u0259r\u0259find\u0259n t\u00f6r\u0259dildikd\u0259) madd\u0259si il\u0259 ittiham ir\u0259li s\u00fcr\u00fcl\u00fcb.<\/p>\n\n\n\n<p>\u00dcmumilikd\u0259, \u201cMeydan TV i\u015fi\u201d \u00fczr\u0259 2024-c\u00fc ilin dekabr\u0131ndan 2025-ci ilin avqustuna q\u0259d\u0259r 12 n\u0259f\u0259r h\u0259bs olunub.<\/p>\n\n\n\n<p>2025-ci il avqustun 28-d\u0259 \u201cMeydan TV i\u015fi\u201d \u00fczr\u0259 ittihamlar a\u011f\u0131rla\u015fd\u0131r\u0131l\u0131b.<\/p>\n","protected":false},"excerpt":{"rendered":"<p>Birl\u0259\u015fmi\u015f Mill\u0259tl\u0259r T\u0259\u015fkilat\u0131n\u0131n 3 x\u00fcsusi m\u0259ruz\u0259\u00e7isi \u201cMeydan TV i\u015fi\u201d \u00fczr\u0259 &#8230; <\/p>\n<p class=\"read-more-container\"><a title=\"\u00dclviyy\u0259 \u018flinin h\u0259bsi il\u0259 ba\u011fl\u0131 h\u00f6kum\u0259td\u0259n a\u00e7\u0131qlama t\u0259l\u0259b olunur\" class=\"read-more button\" href=\"https:\/\/www.meydan.tv\/az\/article\/bmt-nin-xususi-m%c9%99ruz%c9%99cil%c9%99ri-ulviyy%c9%99-elinin-h%c9%99bsi-il%c9%99-bagli-az%c9%99rbaycan-hokum%c9%99tind%c9%99n-aciqlama-t%c9%99l%c9%99b-edib\/#more-343592\" aria-label=\"Read more about \u00dclviyy\u0259 \u018flinin h\u0259bsi il\u0259 ba\u011fl\u0131 h\u00f6kum\u0259td\u0259n a\u00e7\u0131qlama t\u0259l\u0259b olunur\">Davam\u0131<\/a><\/p>\n","protected":false},"author":21,"featured_media":324795,"comment_status":"closed","ping_status":"closed","sticky":false,"template":"","format":"standard","meta":{"_acf_changed":false,"_sitemap_exclude":false,"_sitemap_priority":"","_sitemap_frequency":"","footnotes":""},"categories":[139,59,79,56],"tags":[],"class_list":["post-343592","post","type-post","status-publish","format-standard","has-post-thumbnail","hentry","category-meydan-tv-isi","category-siyaset","category-featured","category-xeberler","infinite-scroll-item","generate-columns","tablet-grid-50","mobile-grid-100","grid-parent","grid-33","no-featured-image-padding"],"acf":[],"yoast_head":"<!-- This site is optimized with the Yoast SEO plugin v27.5 - https:\/\/yoast.com\/product\/yoast-seo-wordpress\/ -->\n<title>\u00dclviyy\u0259 \u018flinin h\u0259bsi il\u0259 ba\u011fl\u0131 h\u00f6kum\u0259td\u0259n a\u00e7\u0131qlama t\u0259l\u0259b olunur - MEYDAN.TV<\/title>\n<meta name=\"robots\" content=\"index, follow, max-snippet:-1, max-image-preview:large, max-video-preview:-1\" \/>\n<link rel=\"canonical\" href=\"https:\/\/www.meydan.tv\/az\/article\/bmt-nin-xususi-m%c9%99ruz%c9%99cil%c9%99ri-ulviyy%c9%99-elinin-h%c9%99bsi-il%c9%99-bagli-az%c9%99rbaycan-hokum%c9%99tind%c9%99n-aciqlama-t%c9%99l%c9%99b-edib\/\" \/>\n<meta property=\"og:locale\" content=\"az_AZ\" \/>\n<meta property=\"og:type\" content=\"article\" \/>\n<meta property=\"og:title\" content=\"\u00dclviyy\u0259 \u018flinin h\u0259bsi il\u0259 ba\u011fl\u0131 h\u00f6kum\u0259td\u0259n a\u00e7\u0131qlama t\u0259l\u0259b olunur - MEYDAN.TV\" \/>\n<meta property=\"og:description\" content=\"Birl\u0259\u015fmi\u015f Mill\u0259tl\u0259r T\u0259\u015fkilat\u0131n\u0131n 3 x\u00fcsusi m\u0259ruz\u0259\u00e7isi \u201cMeydan TV i\u015fi\u201d \u00fczr\u0259 ... Davam\u0131\" \/>\n<meta property=\"og:url\" content=\"https:\/\/www.meydan.tv\/az\/article\/bmt-nin-xususi-m%c9%99ruz%c9%99cil%c9%99ri-ulviyy%c9%99-elinin-h%c9%99bsi-il%c9%99-bagli-az%c9%99rbaycan-hokum%c9%99tind%c9%99n-aciqlama-t%c9%99l%c9%99b-edib\/\" \/>\n<meta property=\"og:site_name\" content=\"MEYDAN.TV\" \/>\n<meta property=\"article:published_time\" content=\"2026-04-06T12:31:43+00:00\" \/>\n<meta property=\"article:modified_time\" content=\"2026-04-06T13:35:30+00:00\" \/>\n<meta property=\"og:image\" content=\"https:\/\/www.meydan.tv\/wp-content\/uploads\/200f8f78-ea5e-4ad6-914c-3458349392a9.jpg\" \/>\n\t<meta property=\"og:image:width\" content=\"1179\" \/>\n\t<meta property=\"og:image:height\" content=\"576\" \/>\n\t<meta property=\"og:image:type\" content=\"image\/jpeg\" \/>\n<meta name=\"author\" content=\"mahmud\" \/>\n<meta name=\"twitter:card\" content=\"summary_large_image\" \/>\n<script type=\"application\/ld+json\" class=\"yoast-schema-graph\">{\"@context\":\"https:\\\/\\\/schema.org\",\"@graph\":[{\"@type\":\"Article\",\"@id\":\"https:\\\/\\\/www.meydan.tv\\\/az\\\/article\\\/bmt-nin-xususi-m%c9%99ruz%c9%99cil%c9%99ri-ulviyy%c9%99-elinin-h%c9%99bsi-il%c9%99-bagli-az%c9%99rbaycan-hokum%c9%99tind%c9%99n-aciqlama-t%c9%99l%c9%99b-edib\\\/#article\",\"isPartOf\":{\"@id\":\"https:\\\/\\\/www.meydan.tv\\\/az\\\/article\\\/bmt-nin-xususi-m%c9%99ruz%c9%99cil%c9%99ri-ulviyy%c9%99-elinin-h%c9%99bsi-il%c9%99-bagli-az%c9%99rbaycan-hokum%c9%99tind%c9%99n-aciqlama-t%c9%99l%c9%99b-edib\\\/\"},\"author\":{\"name\":\"mahmud\",\"@id\":\"https:\\\/\\\/www.meydan.tv\\\/az\\\/#\\\/schema\\\/person\\\/09863e516102a829e72bedcf3f84c6b0\"},\"headline\":\"\u00dclviyy\u0259 \u018flinin h\u0259bsi il\u0259 ba\u011fl\u0131 h\u00f6kum\u0259td\u0259n a\u00e7\u0131qlama t\u0259l\u0259b olunur\",\"datePublished\":\"2026-04-06T12:31:43+00:00\",\"dateModified\":\"2026-04-06T13:35:30+00:00\",\"mainEntityOfPage\":{\"@id\":\"https:\\\/\\\/www.meydan.tv\\\/az\\\/article\\\/bmt-nin-xususi-m%c9%99ruz%c9%99cil%c9%99ri-ulviyy%c9%99-elinin-h%c9%99bsi-il%c9%99-bagli-az%c9%99rbaycan-hokum%c9%99tind%c9%99n-aciqlama-t%c9%99l%c9%99b-edib\\\/\"},\"wordCount\":467,\"publisher\":{\"@id\":\"https:\\\/\\\/www.meydan.tv\\\/az\\\/#organization\"},\"image\":{\"@id\":\"https:\\\/\\\/www.meydan.tv\\\/az\\\/article\\\/bmt-nin-xususi-m%c9%99ruz%c9%99cil%c9%99ri-ulviyy%c9%99-elinin-h%c9%99bsi-il%c9%99-bagli-az%c9%99rbaycan-hokum%c9%99tind%c9%99n-aciqlama-t%c9%99l%c9%99b-edib\\\/#primaryimage\"},\"thumbnailUrl\":\"https:\\\/\\\/www.meydan.tv\\\/wp-content\\\/uploads\\\/200f8f78-ea5e-4ad6-914c-3458349392a9.jpg\",\"articleSection\":[\"Meydan TV i\u015fi\",\"Siyas\u0259t\",\"T\u00f6vsiy\u0259\",\"X\u0259b\u0259rl\u0259r\"],\"inLanguage\":\"az\"},{\"@type\":\"WebPage\",\"@id\":\"https:\\\/\\\/www.meydan.tv\\\/az\\\/article\\\/bmt-nin-xususi-m%c9%99ruz%c9%99cil%c9%99ri-ulviyy%c9%99-elinin-h%c9%99bsi-il%c9%99-bagli-az%c9%99rbaycan-hokum%c9%99tind%c9%99n-aciqlama-t%c9%99l%c9%99b-edib\\\/\",\"url\":\"https:\\\/\\\/www.meydan.tv\\\/az\\\/article\\\/bmt-nin-xususi-m%c9%99ruz%c9%99cil%c9%99ri-ulviyy%c9%99-elinin-h%c9%99bsi-il%c9%99-bagli-az%c9%99rbaycan-hokum%c9%99tind%c9%99n-aciqlama-t%c9%99l%c9%99b-edib\\\/\",\"name\":\"\u00dclviyy\u0259 \u018flinin h\u0259bsi il\u0259 ba\u011fl\u0131 h\u00f6kum\u0259td\u0259n a\u00e7\u0131qlama t\u0259l\u0259b olunur - MEYDAN.TV\",\"isPartOf\":{\"@id\":\"https:\\\/\\\/www.meydan.tv\\\/az\\\/#website\"},\"primaryImageOfPage\":{\"@id\":\"https:\\\/\\\/www.meydan.tv\\\/az\\\/article\\\/bmt-nin-xususi-m%c9%99ruz%c9%99cil%c9%99ri-ulviyy%c9%99-elinin-h%c9%99bsi-il%c9%99-bagli-az%c9%99rbaycan-hokum%c9%99tind%c9%99n-aciqlama-t%c9%99l%c9%99b-edib\\\/#primaryimage\"},\"image\":{\"@id\":\"https:\\\/\\\/www.meydan.tv\\\/az\\\/article\\\/bmt-nin-xususi-m%c9%99ruz%c9%99cil%c9%99ri-ulviyy%c9%99-elinin-h%c9%99bsi-il%c9%99-bagli-az%c9%99rbaycan-hokum%c9%99tind%c9%99n-aciqlama-t%c9%99l%c9%99b-edib\\\/#primaryimage\"},\"thumbnailUrl\":\"https:\\\/\\\/www.meydan.tv\\\/wp-content\\\/uploads\\\/200f8f78-ea5e-4ad6-914c-3458349392a9.jpg\",\"datePublished\":\"2026-04-06T12:31:43+00:00\",\"dateModified\":\"2026-04-06T13:35:30+00:00\",\"breadcrumb\":{\"@id\":\"https:\\\/\\\/www.meydan.tv\\\/az\\\/article\\\/bmt-nin-xususi-m%c9%99ruz%c9%99cil%c9%99ri-ulviyy%c9%99-elinin-h%c9%99bsi-il%c9%99-bagli-az%c9%99rbaycan-hokum%c9%99tind%c9%99n-aciqlama-t%c9%99l%c9%99b-edib\\\/#breadcrumb\"},\"inLanguage\":\"az\",\"potentialAction\":[{\"@type\":\"ReadAction\",\"target\":[\"https:\\\/\\\/www.meydan.tv\\\/az\\\/article\\\/bmt-nin-xususi-m%c9%99ruz%c9%99cil%c9%99ri-ulviyy%c9%99-elinin-h%c9%99bsi-il%c9%99-bagli-az%c9%99rbaycan-hokum%c9%99tind%c9%99n-aciqlama-t%c9%99l%c9%99b-edib\\\/\"]}]},{\"@type\":\"ImageObject\",\"inLanguage\":\"az\",\"@id\":\"https:\\\/\\\/www.meydan.tv\\\/az\\\/article\\\/bmt-nin-xususi-m%c9%99ruz%c9%99cil%c9%99ri-ulviyy%c9%99-elinin-h%c9%99bsi-il%c9%99-bagli-az%c9%99rbaycan-hokum%c9%99tind%c9%99n-aciqlama-t%c9%99l%c9%99b-edib\\\/#primaryimage\",\"url\":\"https:\\\/\\\/www.meydan.tv\\\/wp-content\\\/uploads\\\/200f8f78-ea5e-4ad6-914c-3458349392a9.jpg\",\"contentUrl\":\"https:\\\/\\\/www.meydan.tv\\\/wp-content\\\/uploads\\\/200f8f78-ea5e-4ad6-914c-3458349392a9.jpg\",\"width\":1179,\"height\":576,\"caption\":\"\u00dclviyy\u0259 \u018fli. Foto: Meydan TV\"},{\"@type\":\"BreadcrumbList\",\"@id\":\"https:\\\/\\\/www.meydan.tv\\\/az\\\/article\\\/bmt-nin-xususi-m%c9%99ruz%c9%99cil%c9%99ri-ulviyy%c9%99-elinin-h%c9%99bsi-il%c9%99-bagli-az%c9%99rbaycan-hokum%c9%99tind%c9%99n-aciqlama-t%c9%99l%c9%99b-edib\\\/#breadcrumb\",\"itemListElement\":[{\"@type\":\"ListItem\",\"position\":1,\"name\":\"Ana s\u0259hif\u0259\",\"item\":\"https:\\\/\\\/www.meydan.tv\\\/az\\\/\"},{\"@type\":\"ListItem\",\"position\":2,\"name\":\"Siyas\u0259t\",\"item\":\"https:\\\/\\\/www.meydan.tv\\\/az\\\/section\\\/siyaset\\\/\"},{\"@type\":\"ListItem\",\"position\":3,\"name\":\"\u00dclviyy\u0259 \u018flinin h\u0259bsi il\u0259 ba\u011fl\u0131 h\u00f6kum\u0259td\u0259n a\u00e7\u0131qlama t\u0259l\u0259b olunur\"}]},{\"@type\":\"WebSite\",\"@id\":\"https:\\\/\\\/www.meydan.tv\\\/az\\\/#website\",\"url\":\"https:\\\/\\\/www.meydan.tv\\\/az\\\/\",\"name\":\"MEYDAN.TV\",\"description\":\"Meydan TV Az\u0259rbaycan\u0131n media m\u0259kan\u0131ndak\u0131 alternativ s\u0259sidir\",\"publisher\":{\"@id\":\"https:\\\/\\\/www.meydan.tv\\\/az\\\/#organization\"},\"potentialAction\":[{\"@type\":\"SearchAction\",\"target\":{\"@type\":\"EntryPoint\",\"urlTemplate\":\"https:\\\/\\\/www.meydan.tv\\\/az\\\/?s={search_term_string}\"},\"query-input\":{\"@type\":\"PropertyValueSpecification\",\"valueRequired\":true,\"valueName\":\"search_term_string\"}}],\"inLanguage\":\"az\"},{\"@type\":\"Organization\",\"@id\":\"https:\\\/\\\/www.meydan.tv\\\/az\\\/#organization\",\"name\":\"Meydan TV\",\"url\":\"https:\\\/\\\/www.meydan.tv\\\/az\\\/\",\"logo\":{\"@type\":\"ImageObject\",\"inLanguage\":\"az\",\"@id\":\"https:\\\/\\\/www.meydan.tv\\\/az\\\/#\\\/schema\\\/logo\\\/image\\\/\",\"url\":\"https:\\\/\\\/www.meydan.tv\\\/wp-content\\\/uploads\\\/2021\\\/07\\\/meydan-logo.svg\",\"contentUrl\":\"https:\\\/\\\/www.meydan.tv\\\/wp-content\\\/uploads\\\/2021\\\/07\\\/meydan-logo.svg\",\"width\":195,\"height\":46,\"caption\":\"Meydan TV\"},\"image\":{\"@id\":\"https:\\\/\\\/www.meydan.tv\\\/az\\\/#\\\/schema\\\/logo\\\/image\\\/\"}},{\"@type\":\"Person\",\"@id\":\"https:\\\/\\\/www.meydan.tv\\\/az\\\/#\\\/schema\\\/person\\\/09863e516102a829e72bedcf3f84c6b0\",\"name\":\"mahmud\"}]}<\/script>\n<!-- \/ Yoast SEO plugin. -->","yoast_head_json":{"title":"\u00dclviyy\u0259 \u018flinin h\u0259bsi il\u0259 ba\u011fl\u0131 h\u00f6kum\u0259td\u0259n a\u00e7\u0131qlama t\u0259l\u0259b olunur - MEYDAN.TV","robots":{"index":"index","follow":"follow","max-snippet":"max-snippet:-1","max-image-preview":"max-image-preview:large","max-video-preview":"max-video-preview:-1"},"canonical":"https:\/\/www.meydan.tv\/az\/article\/bmt-nin-xususi-m%c9%99ruz%c9%99cil%c9%99ri-ulviyy%c9%99-elinin-h%c9%99bsi-il%c9%99-bagli-az%c9%99rbaycan-hokum%c9%99tind%c9%99n-aciqlama-t%c9%99l%c9%99b-edib\/","og_locale":"az_AZ","og_type":"article","og_title":"\u00dclviyy\u0259 \u018flinin h\u0259bsi il\u0259 ba\u011fl\u0131 h\u00f6kum\u0259td\u0259n a\u00e7\u0131qlama t\u0259l\u0259b olunur - MEYDAN.TV","og_description":"Birl\u0259\u015fmi\u015f Mill\u0259tl\u0259r T\u0259\u015fkilat\u0131n\u0131n 3 x\u00fcsusi m\u0259ruz\u0259\u00e7isi \u201cMeydan TV i\u015fi\u201d \u00fczr\u0259 ... Davam\u0131","og_url":"https:\/\/www.meydan.tv\/az\/article\/bmt-nin-xususi-m%c9%99ruz%c9%99cil%c9%99ri-ulviyy%c9%99-elinin-h%c9%99bsi-il%c9%99-bagli-az%c9%99rbaycan-hokum%c9%99tind%c9%99n-aciqlama-t%c9%99l%c9%99b-edib\/","og_site_name":"MEYDAN.TV","article_published_time":"2026-04-06T12:31:43+00:00","article_modified_time":"2026-04-06T13:35:30+00:00","og_image":[{"width":1179,"height":576,"url":"https:\/\/www.meydan.tv\/wp-content\/uploads\/200f8f78-ea5e-4ad6-914c-3458349392a9.jpg","type":"image\/jpeg"}],"author":"mahmud","twitter_card":"summary_large_image","schema":{"@context":"https:\/\/schema.org","@graph":[{"@type":"Article","@id":"https:\/\/www.meydan.tv\/az\/article\/bmt-nin-xususi-m%c9%99ruz%c9%99cil%c9%99ri-ulviyy%c9%99-elinin-h%c9%99bsi-il%c9%99-bagli-az%c9%99rbaycan-hokum%c9%99tind%c9%99n-aciqlama-t%c9%99l%c9%99b-edib\/#article","isPartOf":{"@id":"https:\/\/www.meydan.tv\/az\/article\/bmt-nin-xususi-m%c9%99ruz%c9%99cil%c9%99ri-ulviyy%c9%99-elinin-h%c9%99bsi-il%c9%99-bagli-az%c9%99rbaycan-hokum%c9%99tind%c9%99n-aciqlama-t%c9%99l%c9%99b-edib\/"},"author":{"name":"mahmud","@id":"https:\/\/www.meydan.tv\/az\/#\/schema\/person\/09863e516102a829e72bedcf3f84c6b0"},"headline":"\u00dclviyy\u0259 \u018flinin h\u0259bsi il\u0259 ba\u011fl\u0131 h\u00f6kum\u0259td\u0259n a\u00e7\u0131qlama t\u0259l\u0259b olunur","datePublished":"2026-04-06T12:31:43+00:00","dateModified":"2026-04-06T13:35:30+00:00","mainEntityOfPage":{"@id":"https:\/\/www.meydan.tv\/az\/article\/bmt-nin-xususi-m%c9%99ruz%c9%99cil%c9%99ri-ulviyy%c9%99-elinin-h%c9%99bsi-il%c9%99-bagli-az%c9%99rbaycan-hokum%c9%99tind%c9%99n-aciqlama-t%c9%99l%c9%99b-edib\/"},"wordCount":467,"publisher":{"@id":"https:\/\/www.meydan.tv\/az\/#organization"},"image":{"@id":"https:\/\/www.meydan.tv\/az\/article\/bmt-nin-xususi-m%c9%99ruz%c9%99cil%c9%99ri-ulviyy%c9%99-elinin-h%c9%99bsi-il%c9%99-bagli-az%c9%99rbaycan-hokum%c9%99tind%c9%99n-aciqlama-t%c9%99l%c9%99b-edib\/#primaryimage"},"thumbnailUrl":"https:\/\/www.meydan.tv\/wp-content\/uploads\/200f8f78-ea5e-4ad6-914c-3458349392a9.jpg","articleSection":["Meydan TV i\u015fi","Siyas\u0259t","T\u00f6vsiy\u0259","X\u0259b\u0259rl\u0259r"],"inLanguage":"az"},{"@type":"WebPage","@id":"https:\/\/www.meydan.tv\/az\/article\/bmt-nin-xususi-m%c9%99ruz%c9%99cil%c9%99ri-ulviyy%c9%99-elinin-h%c9%99bsi-il%c9%99-bagli-az%c9%99rbaycan-hokum%c9%99tind%c9%99n-aciqlama-t%c9%99l%c9%99b-edib\/","url":"https:\/\/www.meydan.tv\/az\/article\/bmt-nin-xususi-m%c9%99ruz%c9%99cil%c9%99ri-ulviyy%c9%99-elinin-h%c9%99bsi-il%c9%99-bagli-az%c9%99rbaycan-hokum%c9%99tind%c9%99n-aciqlama-t%c9%99l%c9%99b-edib\/","name":"\u00dclviyy\u0259 \u018flinin h\u0259bsi il\u0259 ba\u011fl\u0131 h\u00f6kum\u0259td\u0259n a\u00e7\u0131qlama t\u0259l\u0259b olunur - MEYDAN.TV","isPartOf":{"@id":"https:\/\/www.meydan.tv\/az\/#website"},"primaryImageOfPage":{"@id":"https:\/\/www.meydan.tv\/az\/article\/bmt-nin-xususi-m%c9%99ruz%c9%99cil%c9%99ri-ulviyy%c9%99-elinin-h%c9%99bsi-il%c9%99-bagli-az%c9%99rbaycan-hokum%c9%99tind%c9%99n-aciqlama-t%c9%99l%c9%99b-edib\/#primaryimage"},"image":{"@id":"https:\/\/www.meydan.tv\/az\/article\/bmt-nin-xususi-m%c9%99ruz%c9%99cil%c9%99ri-ulviyy%c9%99-elinin-h%c9%99bsi-il%c9%99-bagli-az%c9%99rbaycan-hokum%c9%99tind%c9%99n-aciqlama-t%c9%99l%c9%99b-edib\/#primaryimage"},"thumbnailUrl":"https:\/\/www.meydan.tv\/wp-content\/uploads\/200f8f78-ea5e-4ad6-914c-3458349392a9.jpg","datePublished":"2026-04-06T12:31:43+00:00","dateModified":"2026-04-06T13:35:30+00:00","breadcrumb":{"@id":"https:\/\/www.meydan.tv\/az\/article\/bmt-nin-xususi-m%c9%99ruz%c9%99cil%c9%99ri-ulviyy%c9%99-elinin-h%c9%99bsi-il%c9%99-bagli-az%c9%99rbaycan-hokum%c9%99tind%c9%99n-aciqlama-t%c9%99l%c9%99b-edib\/#breadcrumb"},"inLanguage":"az","potentialAction":[{"@type":"ReadAction","target":["https:\/\/www.meydan.tv\/az\/article\/bmt-nin-xususi-m%c9%99ruz%c9%99cil%c9%99ri-ulviyy%c9%99-elinin-h%c9%99bsi-il%c9%99-bagli-az%c9%99rbaycan-hokum%c9%99tind%c9%99n-aciqlama-t%c9%99l%c9%99b-edib\/"]}]},{"@type":"ImageObject","inLanguage":"az","@id":"https:\/\/www.meydan.tv\/az\/article\/bmt-nin-xususi-m%c9%99ruz%c9%99cil%c9%99ri-ulviyy%c9%99-elinin-h%c9%99bsi-il%c9%99-bagli-az%c9%99rbaycan-hokum%c9%99tind%c9%99n-aciqlama-t%c9%99l%c9%99b-edib\/#primaryimage","url":"https:\/\/www.meydan.tv\/wp-content\/uploads\/200f8f78-ea5e-4ad6-914c-3458349392a9.jpg","contentUrl":"https:\/\/www.meydan.tv\/wp-content\/uploads\/200f8f78-ea5e-4ad6-914c-3458349392a9.jpg","width":1179,"height":576,"caption":"\u00dclviyy\u0259 \u018fli. Foto: Meydan TV"},{"@type":"BreadcrumbList","@id":"https:\/\/www.meydan.tv\/az\/article\/bmt-nin-xususi-m%c9%99ruz%c9%99cil%c9%99ri-ulviyy%c9%99-elinin-h%c9%99bsi-il%c9%99-bagli-az%c9%99rbaycan-hokum%c9%99tind%c9%99n-aciqlama-t%c9%99l%c9%99b-edib\/#breadcrumb","itemListElement":[{"@type":"ListItem","position":1,"name":"Ana s\u0259hif\u0259","item":"https:\/\/www.meydan.tv\/az\/"},{"@type":"ListItem","position":2,"name":"Siyas\u0259t","item":"https:\/\/www.meydan.tv\/az\/section\/siyaset\/"},{"@type":"ListItem","position":3,"name":"\u00dclviyy\u0259 \u018flinin h\u0259bsi il\u0259 ba\u011fl\u0131 h\u00f6kum\u0259td\u0259n a\u00e7\u0131qlama t\u0259l\u0259b olunur"}]},{"@type":"WebSite","@id":"https:\/\/www.meydan.tv\/az\/#website","url":"https:\/\/www.meydan.tv\/az\/","name":"MEYDAN.TV","description":"Meydan TV Az\u0259rbaycan\u0131n media m\u0259kan\u0131ndak\u0131 alternativ s\u0259sidir","publisher":{"@id":"https:\/\/www.meydan.tv\/az\/#organization"},"potentialAction":[{"@type":"SearchAction","target":{"@type":"EntryPoint","urlTemplate":"https:\/\/www.meydan.tv\/az\/?s={search_term_string}"},"query-input":{"@type":"PropertyValueSpecification","valueRequired":true,"valueName":"search_term_string"}}],"inLanguage":"az"},{"@type":"Organization","@id":"https:\/\/www.meydan.tv\/az\/#organization","name":"Meydan TV","url":"https:\/\/www.meydan.tv\/az\/","logo":{"@type":"ImageObject","inLanguage":"az","@id":"https:\/\/www.meydan.tv\/az\/#\/schema\/logo\/image\/","url":"https:\/\/www.meydan.tv\/wp-content\/uploads\/2021\/07\/meydan-logo.svg","contentUrl":"https:\/\/www.meydan.tv\/wp-content\/uploads\/2021\/07\/meydan-logo.svg","width":195,"height":46,"caption":"Meydan TV"},"image":{"@id":"https:\/\/www.meydan.tv\/az\/#\/schema\/logo\/image\/"}},{"@type":"Person","@id":"https:\/\/www.meydan.tv\/az\/#\/schema\/person\/09863e516102a829e72bedcf3f84c6b0","name":"mahmud"}]}},"_links":{"self":[{"href":"https:\/\/www.meydan.tv\/az\/wp-json\/wp\/v2\/posts\/343592","targetHints":{"allow":["GET"]}}],"collection":[{"href":"https:\/\/www.meydan.tv\/az\/wp-json\/wp\/v2\/posts"}],"about":[{"href":"https:\/\/www.meydan.tv\/az\/wp-json\/wp\/v2\/types\/post"}],"author":[{"embeddable":true,"href":"https:\/\/www.meydan.tv\/az\/wp-json\/wp\/v2\/users\/21"}],"replies":[{"embeddable":true,"href":"https:\/\/www.meydan.tv\/az\/wp-json\/wp\/v2\/comments?post=343592"}],"version-history":[{"count":3,"href":"https:\/\/www.meydan.tv\/az\/wp-json\/wp\/v2\/posts\/343592\/revisions"}],"predecessor-version":[{"id":343597,"href":"https:\/\/www.meydan.tv\/az\/wp-json\/wp\/v2\/posts\/343592\/revisions\/343597"}],"wp:featuredmedia":[{"embeddable":true,"href":"https:\/\/www.meydan.tv\/az\/wp-json\/wp\/v2\/media\/324795"}],"wp:attachment":[{"href":"https:\/\/www.meydan.tv\/az\/wp-json\/wp\/v2\/media?parent=343592"}],"wp:term":[{"taxonomy":"category","embeddable":true,"href":"https:\/\/www.meydan.tv\/az\/wp-json\/wp\/v2\/categories?post=343592"},{"taxonomy":"post_tag","embeddable":true,"href":"https:\/\/www.meydan.tv\/az\/wp-json\/wp\/v2\/tags?post=343592"}],"curies":[{"name":"wp","href":"https:\/\/api.w.org\/{rel}","templated":true}]}}