{"id":343548,"date":"2026-04-03T22:49:36","date_gmt":"2026-04-03T18:49:36","guid":{"rendered":"https:\/\/www.meydan.tv\/?p=343548"},"modified":"2026-04-06T14:28:58","modified_gmt":"2026-04-06T10:28:58","slug":"m%c9%99hk%c9%99m%c9%99","status":"publish","type":"post","link":"https:\/\/www.meydan.tv\/az\/article\/m%c9%99hk%c9%99m%c9%99\/","title":{"rendered":"&#8220;Meydan TV i\u015fi&#8221;: &#8220;Bu i\u015fd\u0259 yalan v\u0259 zorak\u0131l\u0131q birl\u0259\u015fib\u201d"},"content":{"rendered":"\n<p>\u201cMeydan TV i\u015fi\u201d \u00fczr\u0259 h\u0259bsd\u0259 olan jurnalistl\u0259rin m\u0259hk\u0259m\u0259si aprelin 3-d\u0259 davam edib.<br><br>Bak\u0131 A\u011f\u0131r Cinay\u0259tl\u0259r M\u0259hk\u0259m\u0259sind\u0259 hakim Ayt\u0259n \u018fliyevan\u0131n s\u0259drliyil\u0259 ke\u00e7iril\u0259n bud\u0259f\u0259ki m\u0259hk\u0259m\u0259 prosesind\u0259 Meydan TV \u0259m\u0259kda\u015flar\u0131ndan Natiq Cavadl\u0131 v\u0259 Ramin Deko (C\u0259bray\u0131lzad\u0259) ifad\u0259 verib, Aytac Tapd\u0131q (\u018fhm\u0259dova) Bak\u0131 \u0130stintaq T\u0259cridxanas\u0131nda iki n\u0259f\u0259r dusta\u011fa qar\u015f\u0131 i\u015fg\u0259nc\u0259nin ara\u015fd\u0131r\u0131lmas\u0131 il\u0259 ba\u011fl\u0131 v\u0259sat\u0259t qald\u0131r\u0131b.<\/p>\n\n\n\n<h4 class=\"wp-block-heading\"><strong>\u201cH\u0259bsimiz siyasi sifari\u015f v\u0259 saxta ittihamd\u0131r\u201d<\/strong><\/h4>\n\n\n\n<p>Natiq Cavadl\u0131 ifad\u0259sind\u0259 h\u0259bsini saxta v\u0259 qurama adland\u0131r\u0131b. Jurnalistin m\u0259hk\u0259m\u0259d\u0259ki ifad\u0259sini oldu\u011fu kimi t\u0259qdim edirik: <\/p>\n\n\n\n<figure class=\"wp-block-image size-large\"><img decoding=\"async\" width=\"1200\" height=\"550\" data-src=\"https:\/\/www.meydan.tv\/wp-content\/uploads\/img_1633-scaled-e1736079980807-1200x550.jpg\" alt=\"\" class=\"wp-image-322677 lazyload\" src=\"data:image\/svg+xml;base64,PHN2ZyB3aWR0aD0iMSIgaGVpZ2h0PSIxIiB4bWxucz0iaHR0cDovL3d3dy53My5vcmcvMjAwMC9zdmciPjwvc3ZnPg==\" style=\"--smush-placeholder-width: 1200px; --smush-placeholder-aspect-ratio: 1200\/550;\" \/><figcaption class=\"wp-element-caption\">Natiq Cavadl\u0131. Foto: Meydan TV<\/figcaption><\/figure>\n\n\n\n<p><em>&#8220;Bizim h\u0259bsimiz siyasi sifari\u015f oldu\u011fundan bu cinay\u0259t i\u015fi saxta v\u0259 quramad\u0131r. H\u0259tta istintaq qrupu bu sifari\u015fd\u0259n o d\u0259r\u0259c\u0259d\u0259 eyforiyaya qap\u0131l\u0131b ki, plagiata da \u0259l at\u0131b. H\u0259mkar\u0131m v\u0259 dostum \u015e\u0259m\u015fad A\u011fa \u00f6t\u0259n iclaslarda faktlarla h\u0259min plagiat\u0131 t\u0259sdiql\u0259di.<br><br>Siyasi sifari\u015f\u0259 g\u0259ldikd\u0259, redaktorum Aynur Elg\u00fcn\u0259\u015f h\u0259bsind\u0259n 6 ay \u0259vv\u0259l DTX t\u0259r\u0259find\u0259n izl\u0259nilib, bu bar\u0259d\u0259 m\u0259hk\u0259m\u0259 q\u0259rar\u0131 da olub.<br><br>M\u0259nz\u0259r\u0259 Az\u0259rbaycanda 2 amili \u00fcz\u0259 \u00e7\u0131xard\u0131:<br><br>1.Hakimiyy\u0259tin azad meadiaya m\u00fcnasib\u0259tini.<br>2.M\u0259hk\u0259m\u0259 institutunun icra hakimiyy\u0259tind\u0259n as\u0131l\u0131l\u0131\u011f\u0131n\u0131.<br><br>\u00dcmumiyy\u0259tl\u0259, bizim h\u0259bsimizd\u0259 yalan v\u0259 zorak\u0131l\u0131q birl\u0259\u015fib. H\u0259bsimiz zorak\u0131l\u0131qla h\u0259yata ke\u00e7irilib. Ya\u015fad\u0131\u011f\u0131m\u0131z m\u0259nzill\u0259rd\u0259 v\u0259kill\u0259rimizin i\u015ftirak\u0131 olmadan axtar\u0131\u015f apar\u0131l\u0131b, h\u00f6kum\u0259talt\u0131 mediaya yalan m\u0259lumatlar \u00f6t\u00fcr\u00fcl\u00fcb. Ard\u0131nca h\u0259min media istintaq sirl\u0259rini yen\u0259 yalanlar \u0259lav\u0259 etm\u0259kl\u0259 yay\u0131b. H\u00fcquq-m\u00fchafiz\u0259 orqanlar\u0131 da istintaq sirrini yayd\u0131qlar\u0131na g\u00f6r\u0259 onlar bar\u0259sind\u0259 h\u0259r hans\u0131 sor\u011fu, yaxud izahat t\u0259l\u0259bi il\u0259 \u00e7\u0131x\u0131\u015f etm\u0259yib.<br><br>Ya\u015fad\u0131\u011f\u0131m m\u0259nzild\u0259 v\u0259 oldu\u011fum ofisd\u0259 maskal\u0131 polisl\u0259rd\u0259n v\u0259kilimin \u00e7a\u011f\u0131r\u0131lmas\u0131n\u0131 ist\u0259s\u0259m d\u0259, \u201cbu, x\u00fcsusi \u0259m\u0259liyyatd\u0131r, olmaz\u201d cavab\u0131n\u0131 alm\u0131\u015fam. \u0130ndiy\u0259 q\u0259d\u0259r \u201cx\u00fcsusi \u0259m\u0259liyyat\u201d\u0131n n\u0259 oldu\u011fu m\u0259n\u0259 ayd\u0131n deyil. Ancaq bir \u015fey ayd\u0131nd\u0131r: yalan v\u0259 zorak\u0131l\u0131\u011f\u0131n \u00e7u\u011fla\u015fmas\u0131 n\u0259tic\u0259sind\u0259 bu sayda jurnalist m\u0259hk\u0259m\u0259 qar\u015f\u0131s\u0131ndad\u0131r.<br><br>Birinci yalan \u201cm\u00fct\u0259\u015f\u0259kkil d\u0259st\u0259\u201d adland\u0131r\u0131lma\u011f\u0131m\u0131zd\u0131r. Bu ifad\u0259 \u00f6z\u00fcnd\u0259 n\u0259l\u0259ri ehtiva edir, hans\u0131 qanuna \u0259saslan\u0131r? Yolda\u015f Qafarov bu suala cavab verm\u0259di. B\u0259s onun Konstitusiya M\u0259hk\u0259m\u0259si Plenumunun 6 may 2022-ci il tarixli q\u0259rar\u0131ndan x\u0259b\u0259ri varm\u0131? Plenum hesab edir ki, t\u0259\u015fkilat\u00e7\u0131n\u0131n, t\u0259hrik\u00e7inin, yaxud k\u00f6m\u0259k\u00e7inin i\u015ftirak\u0131 il\u0259 yaln\u0131z bir icra\u00e7\u0131 t\u0259r\u0259find\u0259n t\u00f6r\u0259dil\u0259n cinay\u0259t qabaqcadan \u0259lbir olan bir qrup \u015f\u0259xs t\u0259r\u0259find\u0259n t\u00f6r\u0259dil\u0259n cinay\u0259t say\u0131la bilm\u0259z. Ad\u0131\u00e7\u0259kil\u0259n i\u015ftirak\u00e7\u0131lar\u0131n cinay\u0259t \u0259m\u0259linin obyektiv c\u0259h\u0259tini t\u0259\u015fkil ed\u0259n h\u0259r\u0259k\u0259tl\u0259rin icras\u0131nda bilavasit\u0259 i\u015ftirak etm\u0259diyi, ya da onlar\u0131n \u0259m\u0259ll\u0259rind\u0259 cinay\u0259tin obyektiv c\u0259h\u0259tinin t\u0259rkib \u0259lam\u0259tl\u0259ri m\u00f6vcud olmad\u0131\u011f\u0131 halda, \u0259m\u0259l qabaqcadan \u0259lbir olan bir qrup \u015f\u0259xs t\u0259r\u0259find\u0259n t\u00f6r\u0259dilmi\u015f cinay\u0259t kimi qiym\u0259tl\u0259ndiril\u0259 bilm\u0259z.<br><br>Yolda\u015f Qafarov deyir ki, m\u00fct\u0259\u015f\u0259kkil d\u0259st\u0259yik. Bu nec\u0259 m\u00fct\u0259\u015f\u0259kkil d\u0259st\u0259dir ki, m\u0259n Natiq Cavadl\u0131 he\u00e7 vaxt \u00dclvi Tahirli il\u0259 telefonla dan\u0131\u015fmam\u0131\u015fam, yaxud yaz\u0131\u015fmam\u0131\u015fam. \u00c7\u00fcnki m\u0259nim onda, onun m\u0259nd\u0259 telefon n\u00f6mr\u0259miz yoxdur. Oxudu\u011funuz ittiham akt\u0131nda bu m\u0259s\u0259l\u0259l\u0259r ara\u015fd\u0131r\u0131lmay\u0131b. Halbuki, telefonlar\u0131m\u0131z bir ild\u0259n \u00e7oxdur m\u00fcsadir\u0259 olunub.<br><br>B\u0259li, m\u0259n h\u0259r g\u00fcn redaktorumuz Aynur Elg\u00fcn\u0259\u015f, \u015e\u0259m\u015fad A\u011fa il\u0259 dan\u0131\u015fm\u0131\u015fam, g\u00fcnd\u0259lik m\u00f6vzular\u0131 m\u00fczakir\u0259 etmi\u015fik. Bu, media orqan\u0131n\u0131n t\u0259bii hal\u0131d\u0131r, planla\u015fd\u0131rma olur. <br><br>Telefonlar\u0131m\u0131z sizd\u0259dir, ara\u015fd\u0131r\u0131n. Nec\u0259 ki, Aynur Elg\u00fcn\u0259\u015fl\u0259 \u00dclvi Tahirlinin zarafat\u0131n\u0131 ciddi hadis\u0259 kimi ittihama \u0259lav\u0259 etmisiniz ki, onlar Bak\u0131 Jurnalistika M\u0259kt\u0259bind\u0259 birlikd\u0259 i\u015fl\u0259yibl\u0259r. 30 cildlik cinay\u0259t i\u015fin\u0259 zarafat\u0131 fakt kimi daxil edibl\u0259r, b\u0259r\u0259kallah!<br><br>Yolda\u015f Qafarov, sizin i\u015f yolda\u015f\u0131n\u0131z h\u0259bs olunsa, ard\u0131nca sizi d\u0259 t\u0259qsirl\u0259ndiril\u0259n \u015f\u0259xs kimi h\u0259bs ets\u0259l\u0259r, bu kimi zaarafatlar\u0131 da cinay\u0259t i\u015fin\u0259 salsalar, hans\u0131 m\u0259ntiql\u0259 m\u00fct\u0259\u015f\u0259kkil d\u0259st\u0259d\u0259n dan\u0131\u015facaqs\u0131n\u0131z?<br><br>Bu m\u0259nz\u0259r\u0259 m\u0259n\u0259 2025-ci ilin 20 sentyabr tarixind\u0259 X\u0259tai Rayon M\u0259hk\u0259m\u0259sinin hakimi Fuad Axundovun \u201csizi \u015f\u00fcbh\u0259 \u0259sas\u0131nda h\u0259bs edibl\u0259r\u201d s\u00f6zl\u0259rini xat\u0131rlatd\u0131. Hakim\u0259 Cinay\u0259t Prosessual M\u0259c\u0259ll\u0259sinin 21-ci (t\u0259qsirsizlik prezumpsiyas\u0131) madd\u0259sini xat\u0131rladanda ayd\u0131n cavab verm\u0259k \u0259v\u0259zin\u0259, orta m\u0259kt\u0259b \u015fagirdi kimi, g\u00f6zl\u0259rini d\u00f6yd\u00fc. H\u0259tta v\u0259kilim Zibeyd\u0259 Sad\u0131qova da dedi ki, \u201csiz BDU-nun m\u00fc\u0259llimisiniz, s\u00f6yl\u0259dikl\u0259rinizin m\u0259nas\u0131n\u0131 ba\u015fa d\u00fc\u015f\u00fcrs\u00fcn\u00fczm\u00fc? Sabah t\u0259l\u0259b\u0259l\u0259rin qar\u015f\u0131s\u0131na \u00e7\u0131xacaqs\u0131n\u0131z\u201d. Yen\u0259 d\u0259 cavab verm\u0259di.<br><br>Yolda\u015f Qafarov \u00e7\u0131x\u0131\u015f\u0131 boyu \u201cqeydiyyatdan ke\u00e7m\u0259y\u0259n, qanunsuz media orqan\u0131 Meydan TV\u201d s\u00f6zl\u0259rini tez-tez t\u0259krarlay\u0131r. \u018fvv\u0259la, Meydan TV xarici media orqan\u0131d\u0131r, ona g\u00f6r\u0259 burada qeydiyyatdan ke\u00e7\u0259 bilm\u0259z. \u00dcmumiyy\u0259tl\u0259, Az\u0259rbaycanda media orqanlar\u0131n\u0131n d\u00f6vl\u0259t qeydiyyat\u0131ndan qe\u00e7m\u0259si Sirus T\u0259brizlinin r\u0259hb\u0259rlik etdiyi M\u0259tbuat Nazirliyi l\u0259\u011fv olunanda aradan qald\u0131r\u0131ld\u0131. Siz Sirus T\u0259brizlini tan\u0131y\u0131rs\u0131n\u0131zm\u0131? Sabiq d\u00f6vl\u0259t ba\u015f\u00e7\u0131s\u0131 Heyd\u0259r \u018fliyev YAP-\u0131n binas\u0131n\u0131n binas\u0131n\u0131n a\u00e7\u0131l\u0131\u015f\u0131nda q\u0131rm\u0131z\u0131 lenti k\u0259s\u0259nd\u0259 h\u0259min lenti ona vermi\u015fdi. \u00c7\u00fcnki partiyan\u0131n ad\u0131n\u0131 Sirus T\u0259brizli qoymu\u015fdu. Amma sonra Sirus T\u0259brizli deputat olanda Milli M\u0259clisd\u0259 YAP-\u0131 \u201csimas\u0131z quldurlar partiyas\u0131\u201d adland\u0131rd\u0131. V\u0259 n\u0259hay\u0259t, partiya onun ad\u0131n\u0131 qoyan adam\u0131 \u00fczvl\u00fckd\u0259n xaric etdi.<br><br>B\u00fct\u00fcn bunlar analoqu olmayan Az\u0259rbaycan ger\u00e7\u0259klikl\u0259rind\u0259n biridir. Yaz\u0131\u00e7\u0131lar v\u0259 tarix\u00e7il\u0259r \u00fc\u00e7\u00fcn hekay\u0259 v\u0259 salnam\u0259 m\u00f6vzusudur. Yazmasalar, yarad\u0131c\u0131l\u0131qlar\u0131 \u00e7ox sol\u011fun v\u0259 m\u0259nas\u0131z g\u00f6r\u00fcn\u0259c\u0259k.<br><br>Yolda\u015f Qafarov, x\u0259b\u0259riniz varm\u0131, yeni \u201cMedia haqq\u0131nda\u201d qanuna \u0259sas\u0259n, jurnalistl\u0259r reyestrd\u0259n ke\u00e7m\u0259lidir, amma k\u00f6n\u00fcll\u00fc. Bunu m\u0259n\u0259 Milli M\u0259clisin \u0130nsan H\u00fcquqlar\u0131 Komit\u0259sinin s\u0259dri Zahid Oruc s\u00f6yl\u0259yib. \u018fg\u0259r Meydan TV dediyiniz kimi, qanunsuz f\u0259aliyy\u0259t g\u00f6st\u0259ribs\u0259, Az\u0259rbaycan qanunlar\u0131n\u0131 q\u0259bul ed\u0259n Milli M\u0259clis \u00fczvl\u0259ri \u2013 ad\u0131n\u0131 \u00e7\u0259kdiyim Zahid Oruc, YAP-c\u0131 Hikm\u0259t Babao\u011flu suallar\u0131ma niy\u0259 cavab verirdi? Ax\u0131 m\u0259n onlara \u00f6z\u00fcm\u00fc Meydan TV \u0259m\u0259kda\u015f\u0131 kimi t\u0259qdim edirdim. Yaxud bizim h\u0259bsimizi h\u0259yata ke\u00e7ir\u0259n Daxili \u0130\u015fl\u0259r Nazirliyinin M\u0259tbuat xidm\u0259tinin r\u0259hb\u0259ri El\u015fad Hac\u0131yev. M\u0259n h\u0259ft\u0259d\u0259 \u0259n az\u0131, 3-4 d\u0259f\u0259 onunla dan\u0131\u015f\u0131rd\u0131m, sor\u011fular\u0131m\u0131 cavabland\u0131r\u0131rd\u0131. Bunlar\u0131 ara\u015fd\u0131rmaq borcunuzdur. B\u0259lk\u0259 m\u0259n onlar\u0131 da \u201cm\u00fct\u0259\u015f\u0259kkil d\u0259st\u0259\u201dy\u0259 c\u0259lb etmi\u015f\u0259m? \u0130stintaq adi zarafat\u0131 ciddiy\u0259 al\u0131b, fakt kimi t\u0259sdiql\u0259yirs\u0259, n\u0259d\u0259n bu iddian\u0131 ara\u015fd\u0131rmas\u0131n?<br><br>M\u0259n T\u0259hsil naziri Emin \u018fmrullayevin m\u0259tbuat konfrans\u0131nda i\u015ftirak edib, ona suallar vermi\u015f\u0259m. Bunlar Meydan TV-d\u0259 yay\u0131mlan\u0131b. Yaxid h\u0259mkar\u0131m Aytac \u018fhm\u0259dova Nazirl\u0259r Kabinetinin m\u0259tbuat xidm\u0259tinin r\u0259hb\u0259ri \u0130brahim M\u0259mm\u0259dovun m\u0259tbuat konfrans\u0131na qat\u0131l\u0131b, suallar verib. Bu da Meydan TV-d\u0259 yay\u0131mlan\u0131b. M\u0259ntiql\u0259 yana\u015fsaq, bu qurumlar v\u0259 deputatlar \u201cqanunsuz m\u00fct\u0259\u015f\u0259kkil d\u0259st\u0259\u201d adland\u0131rd\u0131\u011f\u0131n\u0131z Meydan TV il\u0259 \u0259m\u0259kda\u015fl\u0131q edib. Bu x\u00fcsusda sonuncu fakt. 2022-ci ild\u0259 Prezident Administrasiyas\u0131ndan m\u0259n\u0259 z\u0259ng g\u0259ldi. \u0130\u015fgaldan azad olunmu\u015f \u0259razil\u0259r\u0259 s\u0259f\u0259r ed\u0259n jurnalist hey\u0259tin\u0259 d\u0259v\u0259t etdil\u0259r. Bu d\u0259v\u0259tin \u00f6lk\u0259 ba\u015f\u00e7\u0131s\u0131n\u0131n k\u00f6m\u0259k\u00e7isi Hikm\u0259t Hac\u0131yev t\u0259r\u0259find\u0259n g\u0259ldiyini dedil\u0259r. H\u0259min s\u0259f\u0259rd\u0259 redaktorum Aynur Elg\u00fcn\u0259\u015f i\u015ftirak edib, reportaj haz\u0131rlay\u0131b, fotolar \u00e7\u0259kib. Reportaj da Meydan TV-d\u0259 yay\u0131mlan\u0131b, saytdan oxuya bil\u0259rsiniz.<br><br>B\u00fct\u00fcn sadalad\u0131qlar\u0131ma \u0259sas\u0259n, v\u0259sat\u0259t qald\u0131r\u0131b, adlar\u0131n\u0131 \u00e7\u0259kdiyim \u015f\u0259xsl\u0259rin m\u0259hk\u0259m\u0259y\u0259 g\u0259lib, bizim haqq\u0131m\u0131zda s\u0259sl\u0259n\u0259n ittihamlar\u0131n yaratd\u0131\u011f\u0131 suallara cavab verm\u0259l\u0259rini t\u0259l\u0259b edir\u0259m.<br>Cinay\u0259t i\u015finin materiallar\u0131n\u0131n dilinin b\u0259rbad olmas\u0131 bar\u0259d\u0259 h\u0259mkar\u0131m \u015e\u0259m\u015fad A\u011fa \u00f6t\u0259n iclaslarda \u0259hat\u0259li dan\u0131\u015fd\u0131. M\u0259n bir ne\u00e7\u0259 fakt\u0131 \u0259lav\u0259 ed\u0259c\u0259m. H\u0259bsim haqda q\u0259rarda bir c\u00fcml\u0259 41 s\u0259tird\u0259n ibar\u0259tdir. Ondan bir g\u00fcn sonra 9 dekabr 2024-c\u00fc ild\u0259 m\u00fcst\u0259ntiq Samir \u0130smay\u0131lov 48 s\u0259tirlik c\u00fcml\u0259d\u0259 11 d\u0259f\u0259 bildirm\u0259si s\u00f6z\u00fcn\u00fc i\u015fl\u0259dib. B\u0259r\u0259kallah, dil m\u00fc\u0259llimin\u0259.<br>Bu i\u015f\u0259 g\u00f6r\u0259 maa\u015f al\u0131blar, m\u00fckafatland\u0131r\u0131l\u0131blar, amma ortaya qoyduqlar\u0131 i\u015f\u0259 \u201c2\u201d qiym\u0259ti d\u0259 d\u00fc\u015fm\u00fcr. T\u0259kc\u0259 dil \u00fcslubundak\u0131 qayda pozuntular\u0131 g\u00f6z de\u015fir.<br><br>Adam bu i\u015fi oxuduqca utan\u0131r. T\u0259\u0259ss\u00fcf ki, bu g\u00fcn Az\u0259rbaycanda utanmaqdan utan\u0131rlar.<\/em><br><em><br>C\u0259nablar, ciddi olun, Az\u0259rbaycan\u0131 d\u00fcnyaya g\u00fcld\u00fcrm\u0259yin.Geri d\u00f6n\u00fcb \u00f6t\u0259nl\u0259r\u0259 bax\u0131n. Az\u0259rbaycan\u0131n m\u0259tbuat tarixind\u0259 he\u00e7 vaxt bu q\u0259d\u0259r jurnalist, bu sayda madd\u0259l\u0259rl\u0259 m\u0259hk\u0259m\u0259 qar\u015f\u0131s\u0131na \u00e7\u0131xar\u0131lmay\u0131b.<br><br>Tarix\u0259 yax\u0131ndan baxmay\u0131n, uzaqdan, sonsuz \u00fcf\u00fcql\u0259rd\u0259n bax\u0131n. O zaman g\u00f6r\u0259c\u0259ksiniz ki, tarix pad\u015fahlar\u0131n, s\u0259rk\u0259rd\u0259l\u0259rin tarlas\u0131 deyil.<br><br>Tarixin d\u0259yirman\u0131 l\u0259ng \u00fcy\u00fcd\u00fcr, amma f\u0131rlan\u0131r. T\u0259\u0259ss\u00fcf ki, dahi adland\u0131r\u0131lanlar bunu anlamad\u0131lar. Onlardan biri haqq\u0131nda dan\u0131\u015fmal\u0131yam. Ona g\u00f6r\u0259 yox ki, onun haqq\u0131nda bu g\u00fcn dan\u0131\u015fmaq asand\u0131r. Xeyr, Heyd\u0259r \u018fliyev ordenli Ramiz Mehdiyev haqq\u0131nda m\u0259n onun q\u0131l\u0131nc\u0131n\u0131n dal\u0131-qaba\u011f\u0131 k\u0259s\u0259n vaxtlarda da dan\u0131\u015f\u0131rd\u0131m, onun d\u00f6vl\u0259t xadimi v\u0259 filosof kimi, bir he\u00e7 oldu\u011funu deyirdim. Bu, o zaman idi ki, Qafqaz\u0131n \u0259n tirajl\u0131 q\u0259zeti akademik\u0259 yubiley m\u00fcnasib\u0259til\u0259 g\u00fcl buketi g\u00f6nd\u0259rirdi. 2007-ci il aprelin 17-d\u0259 \u201cG\u00fcnd\u0259lik Az\u0259rbaycan\u201d q\u0259zetind\u0259 i\u015fl\u0259yirdim. Q\u0259zetin ba\u015f redaktoru Eynulla F\u0259tullayevin m\u0259hk\u0259m\u0259si gedirdi. M\u0259hk\u0259m\u0259 onun haqq\u0131nda azadl\u0131qdan m\u0259hrumetm\u0259 h\u00f6km\u00fc \u00e7\u0131xaracaqd\u0131. Q\u0259zetin sosial \u015f\u00f6b\u0259sinin r\u0259hb\u0259ri olan Aynur Elg\u00fcn\u0259\u015f y\u0259qin ki, o g\u00fcn\u00fc xat\u0131rlayar. G\u00fcn\u00fcn birinci yar\u0131s\u0131nda Milli M\u0259clisin \u0130nsan haqlar\u0131 komit\u0259sinin s\u0259dri R\u0259biyy\u0259t Aslanovadan m\u00fcsahib\u0259 al\u0131rd\u0131m. M\u00fcsahib\u0259nin son hiss\u0259sind\u0259 Ramiz Mehdiyevl\u0259 ba\u011fl\u0131 m\u00fcbahis\u0259miz yarand\u0131. M\u0259n Prezident Administrasiyas\u0131n\u0131n r\u0259hb\u0259rini Brejnev partnomenklaturas\u0131n\u0131n sonuncu qal\u0131\u011f\u0131 sayd\u0131\u011f\u0131m\u0131 dedim, Aslanova b\u00f6y\u00fck d\u00f6vl\u0259t xadimi adland\u0131rd\u0131. \u018flav\u0259 etdi ki, dahi filosofdur. Onda dedim ki, Ramiz Mehdiyev dahi filosofdursa, Platon, Sokrat, Asif Ata kimdir? R\u0259biyy\u0259t Aslanova error vers\u0259 d\u0259, sonra yen\u0259 dediyini t\u0259krarlad\u0131.<br><br>\u0130ndi hardad\u0131r R\u0259biyy\u0259t Aslanova? Bug\u00fcnl\u0259rd\u0259 Ramiz Mehdiyevin Elml\u0259r Akademiyas\u0131ndan \u00e7\u0131xar\u0131lmas\u0131na s\u0259s verdi. M\u0259n h\u0259min iclasdan reportaja \u0130TV-d\u0259 baxd\u0131m. \u0130clasda Ramiz Mehdiyevin kitablar\u0131n\u0131 yazan qrupun r\u0259hb\u0259rini g\u00f6rd\u00fcm. Adam nec\u0259 d\u0259 rahat idi, \u00e7\u00fcnki sicill\u0259m\u0259l\u0259ri yazmaqdan can\u0131 qurtarm\u0131\u015fd\u0131.<br><br>Bunlar\u0131 niy\u0259 xat\u0131rlad\u0131ram? Adam d\u00f6vl\u0259t \u00e7evrili\u015fi v\u0259 dig\u0259r a\u011f\u0131r ittihamlarla azadl\u0131qdad\u0131r, biz is\u0259 h\u0259bsd\u0259. Deyirl\u0259r, ya\u015fl\u0131d\u0131r. O zaman 2005-ci ild\u0259 onunla h\u0259mya\u015f\u0131d olan Eldar Salayevi niy\u0259 h\u0259bs el\u0259mi\u015fdil\u0259r?<br><br>Yaxud \u201cSputnik Az\u0259rbaycan\u201d sayt\u0131n\u0131n ba\u015f redaktoru h\u0259bs olundu, a\u011f\u0131r madd\u0259l\u0259rl\u0259 ittiham elan edildi. H\u0259tta h\u00f6kum\u0259talt\u0131 media onu k\u0259\u015ffiyyat\u00e7\u0131-agent elan etmi\u015fdi. Amma \u018fliyevl\u0259 Putin D\u00fc\u015f\u0259nb\u0259d\u0259 g\u00f6r\u00fc\u015f\u0259nd\u0259n sonra onu buraxd\u0131lar, \u00e7\u0131x\u0131b getdi. H\u0259tta onun \u00f6lk\u0259d\u0259n \u00e7\u0131x\u0131\u015f\u0131na qada\u011faya da m\u0259h\u0259l qoyulmad\u0131. Hardad\u0131r \u201cSputnik Az\u0259rbaycan\u201d\u0131n ba\u015f redaktorunu k\u0259\u015ffiyyat\u00e7\u0131-agent adland\u0131ranlar? Niy\u0259 susurlar? Niy\u0259 Az\u0259rbaycan\u0131n m\u00fcst\u0259qil xarici siyas\u0259tind\u0259n dan\u0131\u015fm\u0131rlar? Bel\u0259 media, bel\u0259 jurnalistika olmur. Ona g\u00f6r\u0259 alternativ media laz\u0131md\u0131r ki, bunlar\u0131 desin, yazs\u0131n. \u0130ndi bunlar\u0131 yazanlar h\u0259bsd\u0259dir.<br><br>\u018fslind\u0259, Az\u0259rbaycan\u0131n get\u00e7\u0259k m\u0259tbuat\u0131 h\u0259bsd\u0259dir. Bir il \u0259rzind\u0259 3 media orqan\u0131na \u2013 AbzasMedia, Toplum TV v\u0259 Meydan TV-y\u0259 qar\u015f\u0131 repressiya h\u0259yata ke\u00e7irilib. N\u0259inki m\u00fcst\u0259qillik tarixind\u0259, h\u0259tta birpartiyal\u0131 SSR\u0130 d\u00f6vr\u00fcnd\u0259, d\u0259h\u015f\u0259tli 37-ci ild\u0259 bel\u0259, m\u0259tbuata qar\u015f\u0131 bel\u0259 repressiya olmay\u0131b.<br><br>Bununla qanl\u0131 hakimiyy\u0259tinizin yalan yayan mediaya ehtiyac\u0131 oldu\u011fu g\u00f6r\u00fcn\u00fcr. Yalan el\u0259 bir \u015feydir ki, \u00f6z arxas\u0131nca dig\u0259r \u015f\u0259r\u0259fsizlikl\u0259r g\u0259tirir&#8221;.<\/em><\/p>\n\n\n\n<p>Natiq Cavadl\u0131 ifad\u0259sini yekunla\u015fd\u0131randan sonra d\u00f6vl\u0259t ittiham\u00e7\u0131s\u0131, v\u0259kill\u0259r v\u0259 onunla birlikd\u0259 t\u0259qsirl\u0259ndiril\u0259n jurnalist h\u0259mkarlar\u0131 ona suallar \u00fcnvanlay\u0131blar. O, prokurorun suallar\u0131n\u0131 cavabland\u0131rmaqdan imtina edib.<br><br>Dig\u0259rl\u0259rinin suallar\u0131na cavab olaraq bildirib ki, \u00f6z\u00fc v\u0259 h\u0259mkarlar\u0131n\u0131n h\u0259bsinin \u0259sl s\u0259b\u0259bi d\u00f6vl\u0259t ba\u015f\u00e7\u0131s\u0131 \u0130lham \u018fliyevin \u00f6lk\u0259d\u0259 azad m\u0259tbuat g\u00f6rm\u0259k ist\u0259m\u0259m\u0259sidir.<\/p>\n\n\n\n<h4 class=\"wp-block-heading\"><strong>\u201cG\u00fcnah\u0131m\u0131z jurnalist olmaq v\u0259 h\u0259qiq\u0259ti dem\u0259kdir\u201d<\/strong><\/h4>\n\n\n\n<p>Bundan sonra jurnalist Ramin Deko \u0130fad\u0259 verib: <\/p>\n\n\n\n<figure class=\"wp-block-image size-full\"><img decoding=\"async\" width=\"1179\" height=\"576\" data-src=\"https:\/\/www.meydan.tv\/wp-content\/uploads\/9879.png\" alt=\"\" class=\"wp-image-326323 lazyload\" src=\"data:image\/svg+xml;base64,PHN2ZyB3aWR0aD0iMSIgaGVpZ2h0PSIxIiB4bWxucz0iaHR0cDovL3d3dy53My5vcmcvMjAwMC9zdmciPjwvc3ZnPg==\" style=\"--smush-placeholder-width: 1179px; --smush-placeholder-aspect-ratio: 1179\/576;\" \/><figcaption class=\"wp-element-caption\">Ramin Deko. Foto: Meydan TV<\/figcaption><\/figure>\n\n\n\n<p><em>&#8220;M\u0259n cavan bir \u00f6lk\u0259nin qoca bir v\u0259t\u0259nda\u015f\u0131yam. M\u0259nim \u00f6lk\u0259md\u0259 insan vaxt\u0131ndan tez qocal\u0131r, beli b\u00fck\u00fcl\u00fcr, t\u0259zyiqi d\u00fc\u015f\u00fcr, \u015f\u0259k\u0259ri qalx\u0131r v\u0259 g\u00fcnl\u0259rin bir g\u00fcn\u00fc \u00fcr\u0259k tutmas\u0131ndan v\u0259fat edir. M\u0259nim \u00f6lk\u0259md\u0259 h\u0259r \u015fey var: neft, qaz, g\u00f6z\u0259l parklar, heyk\u0259ll\u0259r, f\u00fcsunkar binalar, qeyri-adi s\u0259kil\u0259r, cadar-cadar olmu\u015f yollar, h\u0259r k\u0259ndd\u0259, h\u0259r q\u0259s\u0259b\u0259d\u0259 ya\u011f\u0131\u015fdan sonra Yaponiyadak\u0131 adalar q\u0259d\u0259r \u0259m\u0259l\u0259 g\u0259l\u0259n nohurlar. Saymaqla bitm\u0259z. M\u0259nim \u00f6lk\u0259m h\u0259m t\u0259bii, h\u0259m d\u0259 s\u00fcni \u015f\u0259kild\u0259 yarad\u0131lm\u0131\u015f bir Venesiyad\u0131r. M\u0259nim \u00f6lk\u0259md\u0259 h\u0259r \u015feyin, h\u0259m d\u0259 r\u00fcbl\u00fck qiym\u0259ti qalx\u0131r: neftin, qaz\u0131n, g\u00f6zox\u015fayan m\u0259nzill\u0259rin, q\u0259bir da\u015flar\u0131n\u0131n, siqaretin, \u0259rza\u011f\u0131n &#8211; yen\u0259 saymaqla bitm\u0259z. H\u0259tta m\u0259nim \u00f6lk\u0259md\u0259 qat\u0131\u011f\u0131n bel\u0259 qiym\u0259ti qalx\u0131r. Qiym\u0259ti qalxmayan, d\u0259y\u0259ri olmayan yaln\u0131z Az\u0259rbaycan insan\u0131d\u0131r. Az\u0259rbaycan insan\u0131n\u0131n h\u0259yat\u0131 devalvasiyaya u\u011fray\u0131b. H\u0259yat\u0131n\u0131 kredit \u015f\u0259klind\u0259 faizl\u0259 \u00f6d\u0259yir.<\/em><\/p>\n\n\n\n<p><em>B\u00f6y\u00fck yaz\u0131\u00e7\u0131 v\u0259 \u0259d\u0259bi d\u0259l\u0259duz Markes &#8220;T\u0259nhal\u0131qda y\u00fcz il&#8221; \u0259s\u0259rind\u0259 bir n\u0259slin &#8211; bir k\u0259ndin yadda\u015f\u0131n\u0131n itm\u0259sind\u0259n yaz\u0131r. Buendia n\u0259sli yadda\u015f poz\u011funlu\u011fuyla \u00fcz-\u00fcz\u0259 qal\u0131r. H\u0259r \u015feyi unutma\u011fa ba\u015flay\u0131rlar. \u00c7\u0131x\u0131\u015f yolunu divarlara, da\u015flara, yaz\u0131lmas\u0131 m\u00fcmk\u00fcn olan h\u0259r yer\u0259 bir \u0259\u015fyan\u0131n ad\u0131n\u0131 qeyd etm\u0259kd\u0259 g\u00f6r\u00fcrl\u0259r. Bu minvalla beyinl\u0259rind\u0259n silin\u0259nl\u0259ri g\u00f6z yadda\u015flar\u0131na h\u0259kk etsinl\u0259r. Bir n\u0259f\u0259r divara \u00c7\u00f6r\u0259k v\u0259 Allah s\u00f6z\u00fcn\u00fc yaz\u0131r. Eyn\u0259n Az\u0259rbaycan insan\u0131n\u0131n h\u0259r g\u00fcn imtahana \u00e7\u0259kildiyi \u00c7\u00f6r\u0259k v\u0259 imdad dil\u0259diyi Allah!&nbsp;<\/em><\/p>\n\n\n\n<p><em>Az\u0259rbaycan insan\u0131n\u0131 \u00e7\u00f6r\u0259kl\u0259 s\u0131na\u011fa \u00e7\u0259k\u0259nl\u0259r Allah\u0131 unudublar. Biz h\u0259m d\u0259 \u0259dal\u0259ti unutmu\u015fuq. M\u0259hk\u0259m\u0259 salonlar\u0131nda q\u0131z\u0131l\u0131 r\u0259ngd\u0259 yaz\u0131lm\u0131\u015f \u0259dal\u0259t haqda aforizml\u0259r h\u0259l\u0259 d\u0259 bir mifdir. Deniz Gezmi\u015fin m\u0259hk\u0259m\u0259d\u0259 \u0259dal\u0259t yaz\u0131s\u0131na g\u00fcld\u00fcy\u00fc bir d\u00fcnyan\u0131n buca\u011f\u0131na s\u0131x\u0131lm\u0131\u015f v\u0259 unudulmu\u015f insanlar\u0131q.&nbsp;<\/em><\/p>\n\n\n\n<p><em>&#8220;Qiyam\u0259t g\u00fcn\u00fcn\u00fc g\u00f6zl\u0259m\u0259yin, o h\u0259r g\u00fcn ba\u015f verir&#8221; dey\u0259n Albert Kamyu bu g\u00fcn sa\u011f olsayd\u0131 &#8220;Sizif \u0259m\u0259yi&#8221; essesind\u0259n imtina ed\u0259r, &#8220;Az\u0259rbaycan \u0130nsan\u0131&#8221; adl\u0131 bir \u0259s\u0259r yazard\u0131. Onun Yupiteri d\u0259, Veneras\u0131 da, Sizifi d\u0259 Az\u0259rbaycan insan\u0131 olard\u0131.<\/em><\/p>\n\n\n\n<p><em>&#8220;\u0130nsan&#8221; dram\u0131n\u0131 yazan S\u0259m\u0259d Vur\u011funun ad\u0131na k\u00fc\u00e7\u0259d\u0259 yerl\u0259\u015f\u0259n Bak\u0131 A\u011f\u0131r Cinay\u0259tl\u0259r M\u0259hk\u0259m\u0259sinin g\u00f6z\u0259l v\u0259 s\u0259liq\u0259li salonlar\u0131nda g\u00f6z\u0259l v\u0259 s\u0259liq\u0259li h\u00f6km oxunur. V\u0259 burada Q\u0259dim Roma m\u0259hk\u0259m\u0259 binalar\u0131 \u0259traf\u0131nda qanad \u00e7alan a\u011f g\u00f6y\u0259r\u00e7inl\u0259r yoxdur. Biz el m\u0259s\u0259lind\u0259 deyildiyi kimi pamb\u0131qla ba\u015f k\u0259silir. Bu k\u0259sil\u0259n ba\u015flar\u0131n bir d\u0259y\u0259ri olmasa da, c\u0259lladlar\u0131n n\u00fcfuzu v\u0259 q\u00fcdr\u0259ti h\u0259r ba\u015f \u00fc\u00e7\u00fcn h\u0259r d\u0259f\u0259 yenil\u0259nir.&nbsp;<\/em><\/p>\n\n\n\n<p><em>B\u0259li, biz bu \u00f6lk\u0259nin &#8220;Tatar \u00c7\u00f6l\u00fc&#8221;nd\u0259ki Covanni Droqolar\u0131y\u0131q. H\u0259r sabah yax\u015f\u0131 g\u00fcn\u00fcn g\u0259l\u0259c\u0259yi \u00fcmidil\u0259 oyan\u0131b, ax\u015fama bir tik\u0259 \u00e7\u00f6r\u0259k qazanmaq \u00fc\u00e7\u00fcn Allahdan imdad ist\u0259y\u0259nl\u0259rik!\u00a0<\/em><em>M\u0259n C\u0259bray\u0131lzad\u0259 Ramin Natiq o\u011flu, ham\u0131n\u0131n Ramin Deko kimi tan\u0131d\u0131\u011f\u0131 bir reportyoram. Pafosu v\u0259 q\u0259hr\u0259manl\u0131\u011f\u0131 sevmir\u0259m. Sevdiyim jurnalistika, \u0259d\u0259biyyat, bir s\u00f6zl\u0259, yaz\u0131-pozu i\u015fi, sar\u0131, nar\u0131nc\u0131 r\u0259ngli geyiml\u0259r, klassik, orta qiym\u0259tli saatlar, s\u0259daq\u0259tli dostlar, ail\u0259m, anam, &#8220;Barselona&#8221; v\u0259 Messidir. Bir d\u0259 t\u00fcnd i\u00e7kil\u0259r. Az\u0259rbaycanda ay\u0131q ba\u015f\u0131na ya\u015famaq m\u00fcmk\u00fcn deyil. T\u0259l\u0259b\u0259liyimd\u0259n \u2013 2005-ci ild\u0259n jurnalistikadayam. &#8220;Yeni X\u0259b\u0259r&#8221;, &#8220;Bizim Yol&#8221;, &#8220;Azadl\u0131q&#8221; q\u0259zetl\u0259rind\u0259, &#8220;Azadl\u0131q&#8221; radiosunda v\u0259 Meydan TV-d\u0259 \u00e7al\u0131\u015fm\u0131\u015fam. Yaz\u0131l\u0131 v\u0259 video reportajlar\u0131m bir \u00e7ox xarici mediada \u00e7\u0131x\u0131b. \u00d6lk\u0259d\u0259 ba\u015f ver\u0259n b\u00fct\u00fcn ictimai-siyasi, sosial prosesl\u0259rd\u0259 jurnalist kimi olmu\u015fam. Harda mitinq olubsa getmi\u015f\u0259m, kiml\u0259rin m\u0259nzili \u0259lind\u0259n al\u0131n\u0131bsa \u00e7\u0259kmi\u015f\u0259m, Bak\u0131n\u0131n hans\u0131 yerind\u0259 ya\u011f\u0131\u015f sular\u0131 evl\u0259ri bas\u0131bsa orda olmu\u015fam. Yax\u015f\u0131n\u0131 g\u00f6rm\u00fc\u015f\u0259m, pisi \u00e7\u0259kib i\u015f\u0131qland\u0131rm\u0131\u015fam. M\u0259n \u00e7irkab i\u00e7ind\u0259 olan mil\u00e7\u0259kl\u0259rin \u00f6ld\u00fcr\u00fclm\u0259sini yox, \u00e7irkab\u0131n t\u0259mizl\u0259nm\u0259sini ist\u0259mi\u015f\u0259m. Mil\u00e7\u0259kl\u0259ri \u00f6ld\u00fcrm\u0259kl\u0259 i\u015f bitmir. \u00c7irkab yeni mil\u00e7\u0259kl\u0259r yarad\u0131r. O \u00fczd\u0259n m\u0259nim i\u015fim \u00e7irkablarla olur.&nbsp;<\/em><\/p>\n\n\n\n<p><em>Jurnalistikada bir amal\u0131m olub: pe\u015f\u0259kar olmaq. Bunun \u00fc\u00e7\u00fcn \u00e7al\u0131\u015fm\u0131\u015fam.&nbsp;<\/em><\/p>\n\n\n\n<p><em>BJM-d\u0259 ayr\u0131-ayr\u0131 vaxtlarda iki d\u0259f\u0259 \u00fc\u00e7 ayl\u0131q kurslarda i\u015ftirak etmi\u015f\u0259m. Bir jurnalist kimi formala\u015fma\u011f\u0131mda bu m\u0259kt\u0259bin m\u00fcst\u0259sna xidm\u0259ti olub. T\u0259bii ki, &#8220;Azadl\u0131q&#8221; q\u0259zetinin m\u0259nim \u00fcz\u0259rimd\u0259 \u0259m\u0259yini d\u0259 unuda bilm\u0259r\u0259m. Bu \u00fczd\u0259n b\u00fct\u00fcn yax\u015f\u0131 v\u0259 vicdanl\u0131 redaktorlar\u0131ma t\u0259\u015f\u0259kk\u00fcr edir\u0259m.&nbsp;<\/em><\/p>\n\n\n\n<p><em>T\u00fcrkiy\u0259d\u0259, G\u00fcrc\u00fcstanda, \u0130randa ezamiyy\u0259tl\u0259rd\u0259 olub \u2013 Ankaradan, \u0130stanbuldan, T\u0259brizd\u0259n, Urmiyadan, Tiflisd\u0259n, D\u0259rb\u0259ndd\u0259n reportajlar haz\u0131rlam\u0131\u015fam.&nbsp;<\/em><\/p>\n\n\n\n<p><em>M\u0259n Ramin Dekoyam \u2013 sakit, pe\u015f\u0259kar olma\u011fa \u00e7al\u0131\u015fan, Messinin D\u00fcnya \u00c7empionu olmas\u0131 \u00fc\u00e7\u00fcn dualar ed\u0259n v\u0259 bunu g\u00f6r\u0259nd\u0259 a\u011flayan bir reportyor.<\/em><\/p>\n\n\n\n<p><em>Niyy\u0259tim, m\u0259qs\u0259dim pe\u015f\u0259kar olmaq, d\u00fczg\u00fcn x\u0259b\u0259r v\u0259 reportaj yaymaq, manipulyasiyadan uzaq durmaq, kimins\u0259 \u0259lalt\u0131s\u0131 olmamaqd\u0131r. H\u0259mi\u015f\u0259 buna \u00e7al\u0131\u015fm\u0131\u015fam.<\/em><\/p>\n\n\n\n<p><em>M\u0259n v\u0259 dostlar\u0131m \u2013 12 n\u0259f\u0259r qa\u00e7aqmal\u00e7\u0131l\u0131qda ittiham olunuruq. Bu saxta cinay\u0259t i\u015fini t\u0259rtib ed\u0259nl\u0259rin \u00fcr\u0259yi soyumay\u0131b biz\u0259 Cinay\u0259t M\u0259c\u0259ll\u0259sinin daha 6 madd\u0259sini t\u0259tbiq edibl\u0259r. S\u0259b\u0259b &#8220;Meydan TV&#8221;-dir. Biz Meydan TV-d\u0259 i\u015fl\u0259diyimiz\u0259 g\u00f6r\u0259 bu g\u00fcn 1 il d\u00f6rd ayd\u0131r g\u00fcnahs\u0131z yer\u0259 h\u0259bsd\u0259 saxlan\u0131l\u0131r\u0131q. Meydan TV q\u0259r\u0259zsiz v\u0259 obyektiv bir media kanal\u0131d\u0131r. H\u0259qiq\u0259tin yan\u0131ndad\u0131r, t\u0259bli\u011fat al\u0259ti olmad\u0131\u011f\u0131 \u00fc\u00e7\u00fcn hakimiyy\u0259tin h\u0259mi\u015f\u0259 h\u0259d\u0259find\u0259 olub. Bizi h\u0259bs edibl\u0259r, amma Meydan TV yen\u0259 \u00f6z ampluas\u0131ndad\u0131r, f\u0259aliyy\u0259t g\u00f6st\u0259rir. Bu yen\u0259 bel\u0259 olacaq.&nbsp;<\/em><\/p>\n\n\n\n<p><em>M\u0259ni 2024-c\u00fc ilin dekabr\u0131n 6-da G\u00fcrc\u00fcstandan \u00f6lk\u0259y\u0259 g\u0259l\u0259nd\u0259 tutublar. Amma hava liman\u0131nda yox, s\u0259rh\u0259d ke\u00e7id m\u0259nt\u0259q\u0259sind\u0259 deyil, Z\u0131\u011f \u015fossesind\u0259 tutublar. M\u0259n \u00f6lk\u0259y\u0259 g\u0259l\u0259nd\u0259 \u00fcz\u0259rimd\u0259 ba\u011flama hal\u0131nda 8 min avro olub. Amma \u0259m\u0259liyyat\u00e7\u0131lar daha 30 min avro qoyaraq m\u0259ni h\u0259bs edibl\u0259r. \u00c7\u00fcnki 8 min avroyla m\u0259ni tuta bilm\u0259zdil\u0259r. 50 min manat\u0131 ke\u00e7sin dey\u0259 \u0259lav\u0259 30 min avro qoydular. M\u0259n \u00f6lk\u0259nin s\u0259rh\u0259d ke\u00e7id m\u0259nt\u0259q\u0259sind\u0259n ke\u00e7\u0259rk\u0259n yoxlan\u0131lm\u0131\u015fam, \u00fcz\u0259rim\u0259, \u0259l v\u0259 y\u00fck baqajlar\u0131na bax\u0131\u015f ke\u00e7irilib. \u018fg\u0259r \u00fcst\u00fcmd\u0259 38 min avro vard\u0131sa niy\u0259 orada saxlan\u0131lmad\u0131m? Ax\u0131 qa\u00e7aqmal\u00e7\u0131 s\u0259rh\u0259dd\u0259 tutulmal\u0131d\u0131r. Bu fakt bir daha g\u00f6st\u0259rir ki, h\u0259bsimiz siyasi v\u0259 sifari\u015flidir. Y\u0259qin ki, m\u0259hk\u0259m\u0259d\u0259 m\u0259niml\u0259 ba\u011fl\u0131 olan \u0259m\u0259liyyat \u00e7\u0259kili\u015fin\u0259 bax\u0131lacaq. \u00dcz\u0259rimd\u0259 olan 8 min avro bir paket hal\u0131ndad\u0131r, amma y\u00fck \u00e7antama 30 min avro a\u00e7\u0131q \u015f\u0259kild\u0259 paltarlar\u0131n \u00fcst\u00fcn\u0259 qoyulub. \u00d6lk\u0259y\u0259 qa\u00e7aqmal\u00e7\u0131 \u015f\u0259klind\u0259 g\u0259l\u0259n adam pulu el\u0259 g\u0259tir\u0259r? \u018fm\u0259liyyat \u00e7\u0259kili\u015find\u0259 d\u0259 bildirdim ki, bu 30 min avronun m\u0259n\u0259 aidiyy\u0259ti yoxdur, qoyulub. \u00c7\u0259kili\u015fin davam\u0131nda dostlar\u0131m\u0131n h\u0259bsi \u00fc\u00e7\u00fcn haz\u0131rl\u0131q getdiyini edil\u0259n z\u0259ngd\u0259n e\u015fitdim, he\u00e7 olmasa onlar\u0131 qoruyum d\u00fc\u015f\u00fcnc\u0259siyl\u0259 bu 30 min avronun da m\u0259n\u0259 aid oldu\u011funu dedim. D\u00fc\u015f\u00fcnd\u00fcm ki, he\u00e7 kim g\u00fcnahs\u0131z yer\u0259 h\u0259bs olunmas\u0131n, amma h\u0259bs etdil\u0259r v\u0259 bunu ifad\u0259md\u0259 d\u0259 demi\u015f\u0259m. Bir daha b\u0259yan edir\u0259m, m\u0259n \u00f6lk\u0259y\u0259 8 min avroyla g\u0259lmi\u015f\u0259m, 38 min avroyla y\u00fckl\u0259nib h\u0259bs edilmi\u015f\u0259m.&nbsp;<\/em><\/p>\n\n\n\n<p><em>Bu g\u00fcn h\u0259bsd\u0259 olan bir \u00e7oxunun Meydan TV-y\u0259 aidiyy\u0259ti yoxdur. \u00dclvi Tahirli, \u018fhm\u0259d Muxtar, Fatim\u0259 M\u00f6vlaml\u0131, \u00dclviyy\u0259 \u018fli Meydan TV-d\u0259 \u00e7al\u0131\u015fm\u0131r. Amma bizi birlikd\u0259 cinay\u0259tkar ortaq say\u0131rlar.&nbsp;<\/em><\/p>\n\n\n\n<p><em>\u00dclvi Tahirliyl\u0259, onun direktor m\u00fcavini oldu\u011fu BJM-d\u0259 bir it ilind\u0259 \u2013 2007-d\u0259, bir donuz ilind\u0259 2009-da \u00fc\u00e7 ayl\u0131q kursda olmu\u015fam. Ba\u015fqa he\u00e7 bir \u0259m\u0259kda\u015fl\u0131\u011f\u0131m\u0131z, i\u015f birliyimiz olmay\u0131b. Adam\u0131 &#8220;Meydan TV i\u015fi\u201dn\u0259 g\u00f6r\u0259 h\u0259bs edibl\u0259r. Telefonu, komp\u00fcteri istintaqdad\u0131r. &#8220;Meydan&#8221;la, onun \u0259m\u0259kda\u015flar\u0131yla bir yaz\u0131\u015fmas\u0131 yoxdur. Son be\u015f ild\u0259 n\u0259 &#8220;Meydan&#8221;\u0131n sayt\u0131na daxil olub, n\u0259 d\u0259 sosial \u015f\u0259b\u0259k\u0259l\u0259rd\u0259ki hesablar\u0131na bax\u0131b &#8220;Meydan&#8221;\u0131n. Bel\u0259 cinay\u0259tkar d\u0259st\u0259 olur? Adam\u0131 &#8220;Meydan&#8221;la i\u015f birliyind\u0259 su\u00e7lay\u0131rs\u0131n\u0131z, amma o Meydan\u0131n f\u0259aliyy\u0259tind\u0259n x\u0259b\u0259rsizdir v\u0259 d\u0131rnaqaras\u0131 cinay\u0259tkar d\u0259st\u0259nin bir \u00e7oxunu bu m\u0259hk\u0259m\u0259 prosesl\u0259rind\u0259 g\u00f6r\u00fcb, tan\u0131y\u0131b. Biz\u0259 ba\u015f\u00e7\u0131l\u0131q ed\u0259n, bizi burda tan\u0131y\u0131r. \u00dclvi Tahirl\u0259 d\u00fc\u015f\u00fcnc\u0259l\u0259rimiz, hadis\u0259l\u0259r\u0259 yana\u015fmalar\u0131m\u0131z f\u0259rqlidir, son be\u015f ild\u0259 bir d\u0259f\u0259 z\u0259ngl\u0259\u015fm\u0259mi\u015fik, mesajla\u015fmam\u0131\u015f\u0131q, g\u00f6r\u00fc\u015f\u00fcb \u00e7ay i\u00e7m\u0259mi\u015fik. Amma istintaq bel\u0259 q\u0259na\u0259t\u0259 g\u0259lir ki, biz cinay\u0259tkar orta\u011f\u0131q. M\u0259nim \u00dclviyl\u0259 bir ortaq c\u0259h\u0259tim var: &#8220;Barselona&#8221; v\u0259 Messi. Bu iki isimd\u0259n ba\u015fqa ortaq he\u00e7 n\u0259yimiz yoxdur.&nbsp;<\/em><\/p>\n\n\n\n<p><em>Yaxud da cinay\u0259tkar d\u0259st\u0259nin \u00fczv\u00fc olan \u018fhm\u0259d Muxtar\u0131 g\u00f6t\u00fcr\u0259k. \u018fhm\u0259d \u0259la fotoqrafd\u0131r. Fotolar\u0131 d\u00fcnyan\u0131n n\u00fcfuzlu medialar\u0131nda v\u0259 beyn\u0259lxalq s\u0259rgil\u0259rd\u0259 n\u00fcmayi\u015f etdirilib. \u00d6z\u00fc d\u00f6vl\u0259tin bir \u00e7ox t\u0259dbirl\u0259rind\u0259 fotoqraf kimi \u00e7al\u0131\u015f\u0131b v\u0259 bel\u0259 bir adam\u0131 g\u0259tirib &#8220;Meydan TV i\u015fi\u201dn\u0259 qo\u015fublar. \u018fhm\u0259d he\u00e7 zaman bizl\u0259 \u00e7al\u0131\u015fmay\u0131b. Amma i\u015fi b\u00f6y\u00fctm\u0259k \u00fc\u00e7\u00fcn onu da \u0259lav\u0259 edibl\u0259r. \u00dclvi Tahirliyl\u0259 oldu\u011fu kimi \u018fhm\u0259d Muxtarla y\u00fcz ildir g\u00f6r\u00fc\u015fm\u00fcr\u00fck. Bir d\u0259f\u0259 it ilind\u0259 Qusarda birlikd\u0259 \u00e7\u0259kili\u015fd\u0259 olmu\u015fuq, bir d\u0259 bir-birimizin toyunda, ba\u015fqa he\u00e7 bir i\u015f g\u00f6r\u00fc\u015fm\u0259miz v\u0259 ya birg\u0259 f\u0259aliyy\u0259timiz olmay\u0131b. Bel\u0259 cinay\u0259tkar d\u0259st\u0259mi olur? D\u0259st\u0259nin \u00fczvl\u0259ri ya bir-birini tan\u0131m\u0131r, ya da ill\u0259rl\u0259 g\u00f6r\u00fc\u015fm\u00fcrl\u0259r, yaz\u0131\u015fm\u0131rlar, dan\u0131\u015fm\u0131rlar. \u018fcaba, b\u0259s biz n\u0259 zaman cinay\u0259t \u00fc\u00e7\u00fcn topla\u015f\u0131b plan qurduq? Ax\u0131 istintaq qrupu bizi m\u00fct\u0259\u015f\u0259kkil d\u0259st\u0259 say\u0131r.&nbsp;<\/em><\/p>\n\n\n\n<p><em>D\u0131rnaqaras\u0131 cinay\u0259tkar d\u0259st\u0259nin daha bir \u00fczv\u00fc Nurlan Libre kimi tan\u0131nan Nurlan Q\u0259hr\u0259manl\u0131dan dan\u0131\u015f\u0131m. Nurlan Libre jurnalistdir, amma Meydan TV-d\u0259 \u00e7al\u0131\u015fmay\u0131b, onunla da hans\u0131sa bir d\u0259st\u0259nin \u00fczv\u00fc deyilik. \u00dcmumiyy\u0259tl\u0259, Nurlanla o\u011furlu\u011fa getm\u0259kmi olar? Onunla g\u00f6r\u00fc\u015f\u0259 ged\u0259nd\u0259 50 adama \u201ckonum\u201d at\u0131r, bir m\u0259clis\u0259 ged\u0259nd\u0259 g\u00f6r\u00fcrs\u0259n bir &#8220;talpa&#8221; adam g\u0259lib.<\/em><\/p>\n\n\n\n<p><em>\u0130stintaq qrupu bizim onla hans\u0131sa cinay\u0259t orta\u011f\u0131 olan \u201ckonum\u201dumuzu tap\u0131bm\u0131? T\u0259bii ki, yox. M\u0259n Nurlanla ayda bir d\u0259f\u0259 \u201cMontin\u201dd\u0259 yerl\u0259\u015f\u0259n &#8220;\u015eah Abbas&#8221; hamam\u0131na getmi\u015f\u0259m. Ba\u015fqa birg\u0259 f\u0259aliyy\u0259timiz olmay\u0131b. Yeri g\u0259lmi\u015fk\u0259n sizl\u0259r\u0259 d\u0259 o hamama getm\u0259yi m\u0259sl\u0259h\u0259t g\u00f6r\u00fcr\u0259m, yax\u015f\u0131 kir \u00e7\u0131xard\u0131rlar. B\u0259lk\u0259 saxta cinay\u0259t i\u015finin kirini \u00fcz\u0259rinizd\u0259n ata bildiniz!&nbsp;<\/em><\/p>\n\n\n\n<p><em>Az\u0259rbaycan dilini biz\u0259 t\u0259rtib olunan saxta cinay\u0259t i\u015fini m\u0259hk\u0259m\u0259d\u0259 oxumaqla \u00f6yr\u0259n\u0259n prokuror, ittiham\u0131 biz\u0259 s\u0131r\u0131ma\u011fa \u00e7al\u0131\u015f\u0131r. Gah i\u015fin oras\u0131n\u0131 yamay\u0131r, gah bu t\u0259r\u0259fini bizl\u0259yir, amma ortal\u0131\u011fa bir \u015fey \u00e7\u0131xarda bilmir. M\u0259\u015fhur m\u0259s\u0259ld\u0259 deyildiyii: fakt v\u0259 f\u0259rziyy\u0259 kimi. Bu cinay\u0259t i\u015fi f\u0259rziyy\u0259dir, fakt budur ki, biz 16 ayd\u0131r g\u00fcnahs\u0131z yer\u0259 h\u0259bsd\u0259yik. Bizi qa\u00e7aqmal\u00e7\u0131l\u0131qda, yalan\u00e7\u0131 sahibkarl\u0131qda, vergid\u0259n yay\u0131nmaqda, \u00e7irkli pullar\u0131n yuyulmas\u0131nda, s\u0259n\u0259dl\u0259rin saxtala\u015fd\u0131r\u0131lmas\u0131nda ittiham edirl\u0259r. B\u0259z\u0259n \u00f6z\u00fcm\u00fczl\u0259 f\u0259xr edir\u0259m, bu q\u0259d\u0259r i\u015fi bacar\u0131r\u0131q. El\u0259 Kennedinin \u00f6l\u00fcm\u00fcn\u00fc d\u0259 bizim \u00fcst\u00fcm\u00fcz\u0259 at\u0131n, bu i\u015f d\u0259 bitsin.&nbsp;<\/em><\/p>\n\n\n\n<p><em>\u00d6lk\u0259 i\u00e7m\u0259li su, \u00e7imm\u0259li su \u00e7at\u0131\u015fmazl\u0131\u011f\u0131ndan \u0259ziyy\u0259t \u00e7\u0259kir, amma biz \u00e7irkli pullar\u0131n yuyulmas\u0131na g\u00f6r\u0259 ittiham olunuruq. Biz \u00e7irkli pul yuyan deyilik, \u00e7irkli yerl\u0259ri t\u0259mizl\u0259m\u0259y\u0259, ayd\u0131nlatma\u011fa \u00e7al\u0131\u015fan adamlar\u0131q v\u0259 yegan\u0259 su\u00e7umuz h\u0259qiq\u0259tin yan\u0131nda olma\u011f\u0131m\u0131zd\u0131r!&nbsp;<\/em><\/p>\n\n\n\n<p><em>M\u0259n\u0259 jurnalistikada a\u011f\u0131la g\u0259l\u0259ni yazma\u011f\u0131 \u00f6yr\u0259dibl\u0259r. Bir var a\u011f\u0131la g\u0259l\u0259ni yazmaq, bir d\u0259 var a\u011fz\u0131na g\u0259l\u0259ni. Bizim cinay\u0259t i\u015fini t\u0259rtib ed\u0259nl\u0259r a\u011f\u0131zlar\u0131na g\u0259l\u0259ni yaz\u0131blar. Nec\u0259 dey\u0259rl\u0259r, nu\u015f olsun!&nbsp;<\/em><\/p>\n\n\n\n<p><em>Fakt v\u0259 f\u0259rziyy\u0259 haqda yen\u0259 dan\u0131\u015fmaq ist\u0259yir\u0259m: fakt m\u0259nim \u00fcz\u0259rimd\u0259 8 min avro olub, f\u0259rziyy\u0259 is\u0259 38 min avrodur.&nbsp;<\/em><\/p>\n\n\n\n<p><em>Lap dey\u0259k ki, m\u0259n \u00f6lk\u0259y\u0259 38 min avro g\u0259tirmi\u015f\u0259m. Bunun n\u0259yi pisdir? \u00d6lk\u0259 iqtisadiyyat\u0131na xeyir verir\u0259m, \u00f6lk\u0259d\u0259n pul \u00e7\u0131xartm\u0131ram ki? M\u0259n h\u0259bs edil\u0259nd\u0259n be\u015f g\u00fcn sonra Messi \u00fc\u00e7 dostuyla \u2013 Buskets, Alba, Suarezl\u0259 Az\u0259rbaycana g\u0259lir v\u0259 5 milyon avro qonorar al\u0131b \u00f6lk\u0259d\u0259n \u00e7\u0131xar\u0131r. M\u0259n &#8211; \u00f6lk\u0259y\u0259 pul g\u0259tir\u0259n adam h\u0259bs olunuram, \u00f6lk\u0259d\u0259n pul \u00e7\u0131xaran Messi v\u0259 dostlar\u0131 Mayamid\u0259 pa\u015fa-pa\u015fa kef edirl\u0259r. Cinay\u0259tdirs\u0259 Messini d\u0259 tutun. G\u00f6nd\u0259rin K\u00fcrd\u0259xan\u0131ya m\u0259nim kamerama. Baxma, h\u0259r n\u0259 q\u0259d\u0259r d\u0259 olsa yax\u015f\u0131 \u201cta\u00e7ka&#8221;s\u0131 olar.&nbsp;<\/em><\/p>\n\n\n\n<p><em>M\u0259n v\u0259 dostlar\u0131m jurnalist v\u0259 Meydan TV-nin f\u0259aliyy\u0259tin\u0259 g\u00f6r\u0259 h\u0259bsd\u0259yik. He\u00e7 bir su\u00e7umuz yoxdur, bu \u00fczd\u0259n ba\u015f\u0131m\u0131z dik, \u00fcz\u00fcm\u00fczd\u0259 t\u0259b\u0259ss\u00fcm var. H\u0259qiq\u0259tin yan\u0131nday\u0131q v\u0259 daim d\u0259 bel\u0259 olacaq!&nbsp;<\/em><\/p>\n\n\n\n<p><em>Saxta cinay\u0259t i\u015find\u0259 m\u0259nim 2019-2024-c\u00fc ill\u0259rd\u0259 8 d\u0259f\u0259 \u00f6lk\u0259ni t\u0259rk etdiyim qeyd edilib. H\u0259m d\u0259 o da qeyd edilib ki, 2023-c\u00fc ild\u0259n Meydan TV-d\u0259 \u00e7al\u0131\u015f\u0131ram. O zaman sual \u00e7\u0131x\u0131r, 2023-c\u00fc il\u0259 q\u0259d\u0259r i\u015fl\u0259m\u0259diyim Meydan TV \u00fc\u00e7\u00fcn qa\u00e7aqmal\u00e7\u0131l\u0131q niy\u0259 edim? \u00dcmumiyy\u0259tl\u0259 \u00f6lk\u0259ni iki \u015fey\u0259 g\u00f6r\u0259 t\u0259rk etmi\u015f\u0259m istirah\u0259t v\u0259 ezamiyy\u0259t, y\u0259ni reportajlar. H\u0259r d\u0259f\u0259 \u00f6lk\u0259y\u0259 qay\u0131danda s\u0259rh\u0259d burax\u0131l\u0131\u015f m\u0259nt\u0259q\u0259sind\u0259 \u00fcst\u00fcm v\u0259 y\u00fck baqajlar\u0131m yoxlan\u0131l\u0131b v\u0259 cinay\u0259t t\u0259rkibi yaradacaq bir \u015fey tap\u0131lmay\u0131b.<\/em><\/p>\n\n\n\n<p><em>H\u0259bsim\u0259 g\u00f6r\u0259 pe\u015fman deyil\u0259m. Q\u0259tiyy\u0259n. Harada ya\u015fad\u0131\u011f\u0131m\u0131 v\u0259 n\u0259 i\u015fl\u0259 m\u0259\u015f\u011ful oldu\u011fumu g\u00f6z\u0259l bilir\u0259m. Az\u0259rbaycanda jurnalist olmaq, ictimai-siyasi f\u0259aliyy\u0259tl\u0259 m\u0259\u015f\u011ful olmaq, h\u0259qiq\u0259tin yan\u0131nda durmaq h\u0259bsxana qap\u0131lar\u0131n\u0131n \u00fcz\u00fcn\u0259 a\u00e7\u0131lmas\u0131 dem\u0259kdir.<\/em><\/p>\n\n\n\n<p><em>Az\u0259rbaycanda ya\u015fay\u0131rsansa, jurnalists\u0259ns\u0259, siyas\u0259t\u00e7is\u0259ns\u0259, ictimai f\u0259alsansa bir g\u00fcn m\u00fctl\u0259q h\u0259bs olunacaqsan. Bu q\u0131z\u0131lca kimi bir \u015feydir, \u00f6mr\u00fcnd\u0259 he\u00e7 olmasa bir d\u0259f\u0259 tutulmal\u0131san.<\/em><\/p>\n\n\n\n<p><em>Biz h\u0259bs olunmaya bil\u0259rdikmi? A\u00e7\u0131lan 7 saxta cinay\u0259t i\u015fi \u00fcz\u0259rimizd\u0259 olmaya bil\u0259rdimi? Bir m\u0259nal\u0131 olaraq cavab &#8220;h\u0259&#8221;dir. O zaman g\u0259r\u0259k g\u00f6z\u00fcm\u00fcz kor, qulaqlar\u0131m\u0131z kar, dild\u0259n d\u0259 lal olmal\u0131yd\u0131q. M\u0259s\u0259l\u0259n, bir-iki saatl\u0131q ya\u011fan ya\u011f\u0131\u015fdan batan \u00f6lk\u0259ni \u201cg\u00fcn\u00fc-g\u00fcnd\u0259n g\u00f6z\u0259ll\u0259\u015f\u0259n m\u0259ml\u0259k\u0259t\u201d kimi t\u0259svir ed\u0259rdik. V\u0259 yaxud da \u00f6lk\u0259nin b\u00fct\u00fcn sferalar\u0131nda bir m\u0259nal\u0131 \u015f\u0259kild\u0259 ba\u015f ver\u0259n r\u00fc\u015fv\u0259t v\u0259 korrupsiyadan yazmay\u0131b, \u00e7\u0259km\u0259yib v\u0259 dan\u0131\u015fmayayd\u0131q. Bir s\u00f6zl\u0259, \u00e7irkabda g\u00f6z\u0259llik, talanan s\u0259rv\u0259tl\u0259rd\u0259 xo\u015fb\u0259xtlik, k\u00f6z\u0259r\u0259n i\u015f\u0131qlarda bir nur g\u00f6rm\u0259liydik. Bunlar\u0131 etm\u0259yi bacarsayd\u0131q, indi Bak\u0131 A\u011f\u0131r Cinay\u0259tl\u0259r M\u0259hk\u0259m\u0259sinin nimda\u015f binas\u0131nda deyil, m\u0259s\u0259l\u0259n, birimiz &#8220;Torqov\u0131&#8221;da, birimiz &#8220;Bulvar&#8221;da, ba\u015fqa birimiz hans\u0131sa istirah\u0259t m\u0259rk\u0259zind\u0259 yeyib-i\u00e7\u0259rdik.<\/em><\/p>\n\n\n\n<p><em>\u0130ngilisl\u0259rin bel\u0259 bir s\u00f6z\u00fc var: &#8220;Journalism is not crime&#8221;. Y\u0259ni, &#8220;Jurnalistika cinay\u0259t deyil&#8221;. Amma m\u0259n bu fikirl\u0259 raz\u0131 deyil\u0259m. Az\u0259rbaycanda ya\u015fay\u0131rsansa, h\u0259qiq\u0259tin yan\u0131nda olan bir jurnalists\u0259ns\u0259, &#8220;troll media&#8221; deyils\u0259ns\u0259, s\u0259n bir cinay\u0259tkarsan. M\u0259n bu &#8220;cinay\u0259ti&#8221; sev\u0259-sev\u0259 q\u0259bul edir\u0259m!<\/em><em>&#8220;.<\/em><\/p>\n\n\n\n<p>Ramin Deko da h\u0259m prokurorun, h\u0259m d\u0259 hakiml\u0259rin suallar\u0131na cavab verm\u0259kd\u0259n imtina edib. O bildirib ki, m\u0259hk\u0259m\u0259l\u0259rin m\u00fcst\u0259qil v\u0259 \u0259dal\u0259tli olmad\u0131\u011f\u0131n\u0131 d\u00fc\u015f\u00fcn\u00fcr:<em> <\/em><\/p>\n\n\n\n<p><em>\u201cQald\u0131rd\u0131\u011f\u0131m\u0131z v\u0259sat\u0259tl\u0259rin he\u00e7 biri t\u0259min olunmay\u0131b. M\u0259hk\u0259m\u0259nin \u0259dal\u0259tin\u0259 inanm\u0131ram. Ona g\u00f6r\u0259 d\u0259 he\u00e7 bir suala da cavab vermir\u0259m\u201d.<\/em><\/p>\n\n\n\n<h4 class=\"wp-block-heading\"><strong>\u0130\u015fg\u0259nc\u0259 iddias\u0131 ara\u015fd\u0131r\u0131lacaq, dig\u0259r v\u0259sat\u0259tl\u0259r t\u0259min olunmad\u0131<\/strong><\/h4>\n\n\n\n<p>Dig\u0259r jurnalistl\u0259r bildiribl\u0259r ki, n\u00f6vb\u0259ti m\u0259hk\u0259m\u0259 prosesind\u0259 ifad\u0259 ver\u0259c\u0259kl\u0259r. Lakin onlar v\u0259sat\u0259tl\u0259r qald\u0131r\u0131blar.<br><br>\u201cArqument.az\u201d sayt\u0131n\u0131n ba\u015f redaktoru \u015e\u0259m\u015fad A\u011fa v\u0259sat\u0259t verib ki, cinay\u0259t i\u015find\u0259 Meydan TV il\u0259 \u201cBak\u0131 Jurnalistika M\u0259kt\u0259bi\u201dn\u0259 aid olan hiss\u0259l\u0259r ayr\u0131ls\u0131n v\u0259 bunlara f\u0259rqli cinay\u0259t i\u015fi kimi, ayr\u0131-ayr\u0131l\u0131qda bax\u0131ls\u0131n.<br><br><em>\u201cM\u00fcst\u0259ntiq \u00f6z\u00fc d\u0259 etiraf etdi ki, m\u0259bl\u0259\u011fi b\u00f6y\u00fck g\u00f6st\u0259rm\u0259k \u00fc\u00e7\u00fcn bu i\u015fl\u0259ri birl\u0259\u015fdiribl\u0259r. Meydan TV-nin \u201cBak\u0131 Jurnalistika M\u0259kt\u0259bi\u201dn\u0259 aidiyy\u0259ti yoxdur. El\u0259 bil, hans\u0131sa ara universiteti il\u0259 \u201cThe Washington Post\u201d q\u0259zetinin i\u015fl\u0259rini birl\u0259\u015fdiribl\u0259r\u201d<\/em>, &#8211; dey\u0259 \u015e\u0259m\u015fad A\u011fa bildirib.<br><br>M\u0259hk\u0259m\u0259 v\u0259sat\u0259ti t\u0259min etm\u0259yib.<br><br>Aytac Tapd\u0131q (\u018fhm\u0259dova) is\u0259 saxland\u0131qlar\u0131 Bak\u0131 \u0130stintaq T\u0259cridxanas\u0131nda iki n\u0259f\u0259r dusta\u011fa qar\u015f\u0131 i\u015fg\u0259nc\u0259nin \u015fahidi oldu\u011funu bildirib. \u0130\u015fg\u0259nc\u0259 fakt\u0131n\u0131n ara\u015fd\u0131r\u0131lmas\u0131 \u00fc\u00e7\u00fcn prokurorlu\u011fa sor\u011fu g\u00f6nd\u0259rilm\u0259si bar\u0259d\u0259 v\u0259sat\u0259t qald\u0131r\u0131b. Jurnalist qeyd edib ki, \u00f6z\u00fc v\u0259 jurnalist h\u0259mkarlar\u0131 X\u0259yal\u0259 A\u011fayeva v\u0259 Aysel Umudovaya qar\u015f\u0131 t\u0259cridxanada zorak\u0131l\u0131q fakt\u0131 da indiy\u0259d\u0259k ara\u015fd\u0131r\u0131lmay\u0131b:<br><br><em>\u201cMart\u0131n 22-d\u0259n 23-n\u0259 ke\u00e7\u0259n gec\u0259 saxland\u0131\u011f\u0131m\u0131z kameran\u0131n p\u0259nc\u0259r\u0259sind\u0259n iki n\u0259f\u0259r dusta\u011fa qar\u015f\u0131 d\u0259h\u015f\u0259tli i\u015fg\u0259nc\u0259nin \u015fahidi olduq. \u0130ki dusta\u011f\u0131 d\u00f6y\u0259-d\u00f6y\u0259 qan\u0131na q\u0259ltan el\u0259dil\u0259r. Biz bu cinay\u0259tl\u0259 ba\u011fl\u0131 \u015fahidlik el\u0259m\u0259k ist\u0259yirik. Prokurorluq z\u0259hm\u0259t \u00e7\u0259ksin, ara\u015fd\u0131rma apars\u0131n. 18 fevralda biz\u0259 qar\u015f\u0131 zorak\u0131l\u0131q fakt\u0131 da indiy\u0259 q\u0259d\u0259r ara\u015fd\u0131r\u0131lmay\u0131b\u201d.<\/em><br><br>M\u0259hk\u0259m\u0259 v\u0259sat\u0259ti t\u0259min edib, q\u0259rar verilib ki, i\u015fg\u0259nc\u0259 bar\u0259d\u0259 m\u0259lumatla \u0259laq\u0259dar prokurorlu\u011fa sor\u011fu g\u00f6nd\u0259rilsin.<br><br>Meydan TV-nin ba\u015f redaktoru Aynur Elg\u00fcn\u0259\u015f (Q\u0259nb\u0259rova) II qrup \u0259lildir. Onun v\u0259kili Zibeyd\u0259 Sad\u0131qova bildirib ki, bir \u00e7ox m\u0259hk\u0259m\u0259 binalar\u0131nda, o c\u00fcml\u0259d\u0259n Bak\u0131 A\u011f\u0131r Cinay\u0259tl\u0259r M\u0259hk\u0259m\u0259sind\u0259 \u0259lill\u0259rin v\u0259ziyy\u0259ti n\u0259z\u0259r\u0259 al\u0131nmay\u0131b. M\u0259hk\u0259m\u0259 binas\u0131na g\u0259tiril\u0259r\u0259k, saatlarla burada m\u0259hk\u0259m\u0259 iclaslar\u0131n\u0131 g\u00f6zl\u0259y\u0259n \u0259lill\u0259rin tualet istifad\u0259si il\u0259 ba\u011fl\u0131 m\u0259hdudiyy\u0259tl\u0259r var. \u00c7\u00fcnki bunun \u00fc\u00e7\u00fcn \u015f\u0259rait yoxdur. Hakim Ayt\u0259n \u018fliyeva bildirib ki, h\u0259qiq\u0259t\u0259n bel\u0259 bir problem var v\u0259 bunun h\u0259lli yollar\u0131 axtar\u0131l\u0131r.<br><br>Ramin Dekonun v\u0259kili Nem\u0259t K\u0259rimli hava liman\u0131ndan 6 dekabr 2024-c\u00fc ild\u0259 m\u00fcv\u0259kkili Tbilisi-Bak\u0131 aviareysi il\u0259 qay\u0131dark\u0259n qeyd\u0259 al\u0131nm\u0131\u015f g\u00f6r\u00fcnt\u00fcl\u0259rin al\u0131nmas\u0131 bar\u0259d\u0259 v\u0259sat\u0259t verib. V\u0259kil bildirib ki, h\u0259min vaxt h\u00fcquqlar\u0131n\u0131 m\u00fcdafi\u0259 etdiyi \u015f\u0259xs aeroportda yoxlan\u0131l\u0131b v\u0259 \u00fcz\u0259rind\u0259 c\u0259mi 8 min avro pul olub. Lakin yolda onu tutublar v\u0259 \u00fcz\u0259rind\u0259n 38 min avro pul \u00e7\u0131xd\u0131\u011f\u0131 iddia olunub. Bu s\u0259b\u0259bd\u0259n h\u0259min g\u00f6r\u00fcnt\u00fcl\u0259rin al\u0131nmas\u0131 \u0259h\u0259miyy\u0259tlidir.<br><br>M\u0259hk\u0259m\u0259 hava liman\u0131na g\u00f6r\u00fcnt\u00fcl\u0259rin al\u0131nmas\u0131 \u00fc\u00e7\u00fcn sor\u011fu g\u00f6nd\u0259rilm\u0259si bar\u0259d\u0259 v\u0259sat\u0259ti t\u0259min edib.<br><br>\u201cMeydan TV i\u015fi\u201d \u00fczr\u0259 m\u0259hk\u0259m\u0259 prosesi aprelin 17-d\u0259 davam ed\u0259c\u0259k.<br><br>2024-c\u00fc il dekabr\u0131n 6-da Meydan TV-nin \u0259m\u0259kda\u015flar\u0131 Ramin Deko (C\u0259bray\u0131lzad\u0259), Aynur Q\u0259nb\u0259rova (Elg\u00fcn\u0259\u015f), Aysel Umudova, Aytac \u018fhm\u0259dova (Tapd\u0131q), X\u0259yal\u0259 A\u011fayeva, Natiq Cavadl\u0131 v\u0259 v\u0259t\u0259nda\u015f c\u0259miyy\u0259tinin \u00fczv\u00fc \u00dclvi Tahirov h\u0259bs edilib.<\/p>\n\n\n\n<p>Bu i\u015f \u00fczr\u0259 saxlan\u0131lanlara Cinay\u0259t M\u0259c\u0259ll\u0259sinin 206.3.2-ci (qa\u00e7aqmal\u00e7\u0131l\u0131q, \u0259vv\u0259lc\u0259d\u0259n \u0259lbir olan bir qrup \u015f\u0259xs t\u0259r\u0259find\u0259n t\u00f6r\u0259dildikd\u0259) madd\u0259si il\u0259 cinay\u0259t a\u00e7\u0131l\u0131b.<\/p>\n\n\n\n<p>2025-ci il fevral\u0131n 5-i \u201carqument.az\u201d sayt\u0131n\u0131n ba\u015f redaktoru, Meydan TV il\u0259 \u0259m\u0259kda\u015fl\u0131q ed\u0259n jurnalist \u015e\u0259m\u015fad A\u011fayev (A\u011fa), daha sonra&nbsp; dig\u0259r jurnalistl\u0259r \u2013&nbsp; fevral\u0131n 20-d\u0259 Nurlan Libre (Q\u0259hr\u0259manl\u0131), fevral\u0131n 28-d\u0259 Fatim\u0259 M\u00f6vlaml\u0131, may\u0131n 7-d\u0259 \u00dclviyy\u0259 \u018fli (Quliyeva), avqustun 27-d\u0259 is\u0259 \u018fhm\u0259d Muxtar bu i\u015f \u00fczr\u0259 h\u0259bs olunub.<\/p>\n\n\n\n<p>Avqustun 28-d\u0259 \u201cMeydan TV i\u015fi\u201d \u00fczr\u0259 ittihamlar a\u011f\u0131rla\u015fd\u0131r\u0131l\u0131b, i\u015f \u00fczr\u0259 h\u0259bs edil\u0259n \u015f\u0259xsl\u0259r\u0259 \u00fcmumilikd\u0259 Cinay\u0259t M\u0259c\u0259ll\u0259sinin 7 madd\u0259si il\u0259 ittiham ir\u0259li s\u00fcr\u00fcl\u00fcb.<\/p>\n\n\n\n<p>H\u0259bs edil\u0259n jurnalistl\u0259r ittihamlar\u0131 q\u0259bul etmirl\u0259r v\u0259 hesab edirl\u0259r ki, siyasi sifari\u015fl\u0259 h\u0259bs olunublar, m\u0259qs\u0259d \u00f6lk\u0259d\u0259 m\u00fcst\u0259qil median\u0131, azad s\u0259sl\u0259ri susdurmaqd\u0131r.<\/p>\n","protected":false},"excerpt":{"rendered":"<p>\u201cMeydan TV i\u015fi\u201d \u00fczr\u0259 h\u0259bsd\u0259 olan jurnalistl\u0259rin m\u0259hk\u0259m\u0259si aprelin 3-d\u0259 &#8230; <\/p>\n<p class=\"read-more-container\"><a title=\"&#8220;Meydan TV i\u015fi&#8221;: &#8220;Bu i\u015fd\u0259 yalan v\u0259 zorak\u0131l\u0131q birl\u0259\u015fib\u201d\" class=\"read-more button\" href=\"https:\/\/www.meydan.tv\/az\/article\/m%c9%99hk%c9%99m%c9%99\/#more-343548\" aria-label=\"Read more about &#8220;Meydan TV i\u015fi&#8221;: &#8220;Bu i\u015fd\u0259 yalan v\u0259 zorak\u0131l\u0131q birl\u0259\u015fib\u201d\">Davam\u0131<\/a><\/p>\n","protected":false},"author":12,"featured_media":340320,"comment_status":"closed","ping_status":"closed","sticky":false,"template":"","format":"standard","meta":{"_acf_changed":false,"_sitemap_exclude":false,"_sitemap_priority":"","_sitemap_frequency":"","footnotes":""},"categories":[139,79,56],"tags":[],"class_list":["post-343548","post","type-post","status-publish","format-standard","has-post-thumbnail","hentry","category-meydan-tv-isi","category-featured","category-xeberler","infinite-scroll-item","generate-columns","tablet-grid-50","mobile-grid-100","grid-parent","grid-33","no-featured-image-padding"],"acf":[],"yoast_head":"<!-- This site is optimized with the Yoast SEO plugin v27.5 - https:\/\/yoast.com\/product\/yoast-seo-wordpress\/ -->\n<title>&quot;Meydan TV i\u015fi&quot;: &quot;Bu i\u015fd\u0259 yalan v\u0259 zorak\u0131l\u0131q birl\u0259\u015fib\u201d - MEYDAN.TV<\/title>\n<meta name=\"robots\" content=\"index, follow, max-snippet:-1, max-image-preview:large, max-video-preview:-1\" \/>\n<link rel=\"canonical\" href=\"https:\/\/www.meydan.tv\/az\/article\/m%c9%99hk%c9%99m%c9%99\/\" \/>\n<meta property=\"og:locale\" content=\"az_AZ\" \/>\n<meta property=\"og:type\" content=\"article\" \/>\n<meta property=\"og:title\" content=\"&quot;Meydan TV i\u015fi&quot;: &quot;Bu i\u015fd\u0259 yalan v\u0259 zorak\u0131l\u0131q birl\u0259\u015fib\u201d - MEYDAN.TV\" \/>\n<meta property=\"og:description\" content=\"\u201cMeydan TV i\u015fi\u201d \u00fczr\u0259 h\u0259bsd\u0259 olan jurnalistl\u0259rin m\u0259hk\u0259m\u0259si aprelin 3-d\u0259 ... Davam\u0131\" \/>\n<meta property=\"og:url\" content=\"https:\/\/www.meydan.tv\/az\/article\/m%c9%99hk%c9%99m%c9%99\/\" \/>\n<meta property=\"og:site_name\" content=\"MEYDAN.TV\" \/>\n<meta property=\"article:published_time\" content=\"2026-04-03T18:49:36+00:00\" \/>\n<meta property=\"article:modified_time\" content=\"2026-04-06T10:28:58+00:00\" \/>\n<meta property=\"og:image\" content=\"https:\/\/www.meydan.tv\/wp-content\/uploads\/photo_2025-12-23-10.59.06-2.jpeg\" \/>\n\t<meta property=\"og:image:width\" content=\"1280\" \/>\n\t<meta property=\"og:image:height\" content=\"720\" \/>\n\t<meta property=\"og:image:type\" content=\"image\/jpeg\" \/>\n<meta name=\"author\" content=\"aleks\" \/>\n<meta name=\"twitter:card\" content=\"summary_large_image\" \/>\n<script type=\"application\/ld+json\" class=\"yoast-schema-graph\">{\"@context\":\"https:\\\/\\\/schema.org\",\"@graph\":[{\"@type\":\"Article\",\"@id\":\"https:\\\/\\\/www.meydan.tv\\\/az\\\/article\\\/m%c9%99hk%c9%99m%c9%99\\\/#article\",\"isPartOf\":{\"@id\":\"https:\\\/\\\/www.meydan.tv\\\/az\\\/article\\\/m%c9%99hk%c9%99m%c9%99\\\/\"},\"author\":{\"name\":\"aleks\",\"@id\":\"https:\\\/\\\/www.meydan.tv\\\/az\\\/#\\\/schema\\\/person\\\/476e9360e593fa131d5d71d51866f8da\"},\"headline\":\"&#8220;Meydan TV i\u015fi&#8221;: &#8220;Bu i\u015fd\u0259 yalan v\u0259 zorak\u0131l\u0131q birl\u0259\u015fib\u201d\",\"datePublished\":\"2026-04-03T18:49:36+00:00\",\"dateModified\":\"2026-04-06T10:28:58+00:00\",\"mainEntityOfPage\":{\"@id\":\"https:\\\/\\\/www.meydan.tv\\\/az\\\/article\\\/m%c9%99hk%c9%99m%c9%99\\\/\"},\"wordCount\":6307,\"publisher\":{\"@id\":\"https:\\\/\\\/www.meydan.tv\\\/az\\\/#organization\"},\"image\":{\"@id\":\"https:\\\/\\\/www.meydan.tv\\\/az\\\/article\\\/m%c9%99hk%c9%99m%c9%99\\\/#primaryimage\"},\"thumbnailUrl\":\"https:\\\/\\\/www.meydan.tv\\\/wp-content\\\/uploads\\\/photo_2025-12-23-10.59.06-2.jpeg\",\"articleSection\":[\"Meydan TV i\u015fi\",\"T\u00f6vsiy\u0259\",\"X\u0259b\u0259rl\u0259r\"],\"inLanguage\":\"az\"},{\"@type\":\"WebPage\",\"@id\":\"https:\\\/\\\/www.meydan.tv\\\/az\\\/article\\\/m%c9%99hk%c9%99m%c9%99\\\/\",\"url\":\"https:\\\/\\\/www.meydan.tv\\\/az\\\/article\\\/m%c9%99hk%c9%99m%c9%99\\\/\",\"name\":\"\\\"Meydan TV i\u015fi\\\": \\\"Bu i\u015fd\u0259 yalan v\u0259 zorak\u0131l\u0131q birl\u0259\u015fib\u201d - MEYDAN.TV\",\"isPartOf\":{\"@id\":\"https:\\\/\\\/www.meydan.tv\\\/az\\\/#website\"},\"primaryImageOfPage\":{\"@id\":\"https:\\\/\\\/www.meydan.tv\\\/az\\\/article\\\/m%c9%99hk%c9%99m%c9%99\\\/#primaryimage\"},\"image\":{\"@id\":\"https:\\\/\\\/www.meydan.tv\\\/az\\\/article\\\/m%c9%99hk%c9%99m%c9%99\\\/#primaryimage\"},\"thumbnailUrl\":\"https:\\\/\\\/www.meydan.tv\\\/wp-content\\\/uploads\\\/photo_2025-12-23-10.59.06-2.jpeg\",\"datePublished\":\"2026-04-03T18:49:36+00:00\",\"dateModified\":\"2026-04-06T10:28:58+00:00\",\"breadcrumb\":{\"@id\":\"https:\\\/\\\/www.meydan.tv\\\/az\\\/article\\\/m%c9%99hk%c9%99m%c9%99\\\/#breadcrumb\"},\"inLanguage\":\"az\",\"potentialAction\":[{\"@type\":\"ReadAction\",\"target\":[\"https:\\\/\\\/www.meydan.tv\\\/az\\\/article\\\/m%c9%99hk%c9%99m%c9%99\\\/\"]}]},{\"@type\":\"ImageObject\",\"inLanguage\":\"az\",\"@id\":\"https:\\\/\\\/www.meydan.tv\\\/az\\\/article\\\/m%c9%99hk%c9%99m%c9%99\\\/#primaryimage\",\"url\":\"https:\\\/\\\/www.meydan.tv\\\/wp-content\\\/uploads\\\/photo_2025-12-23-10.59.06-2.jpeg\",\"contentUrl\":\"https:\\\/\\\/www.meydan.tv\\\/wp-content\\\/uploads\\\/photo_2025-12-23-10.59.06-2.jpeg\",\"width\":1280,\"height\":720,\"caption\":\"\u0130ll\u00fcstrasiya: Meydan TV\"},{\"@type\":\"BreadcrumbList\",\"@id\":\"https:\\\/\\\/www.meydan.tv\\\/az\\\/article\\\/m%c9%99hk%c9%99m%c9%99\\\/#breadcrumb\",\"itemListElement\":[{\"@type\":\"ListItem\",\"position\":1,\"name\":\"Ana s\u0259hif\u0259\",\"item\":\"https:\\\/\\\/www.meydan.tv\\\/az\\\/\"},{\"@type\":\"ListItem\",\"position\":2,\"name\":\"X\u0259b\u0259rl\u0259r\",\"item\":\"https:\\\/\\\/www.meydan.tv\\\/az\\\/section\\\/xeberler\\\/\"},{\"@type\":\"ListItem\",\"position\":3,\"name\":\"&#8220;Meydan TV i\u015fi&#8221;: &#8220;Bu i\u015fd\u0259 yalan v\u0259 zorak\u0131l\u0131q birl\u0259\u015fib\u201d\"}]},{\"@type\":\"WebSite\",\"@id\":\"https:\\\/\\\/www.meydan.tv\\\/az\\\/#website\",\"url\":\"https:\\\/\\\/www.meydan.tv\\\/az\\\/\",\"name\":\"MEYDAN.TV\",\"description\":\"Meydan TV Az\u0259rbaycan\u0131n media m\u0259kan\u0131ndak\u0131 alternativ s\u0259sidir\",\"publisher\":{\"@id\":\"https:\\\/\\\/www.meydan.tv\\\/az\\\/#organization\"},\"potentialAction\":[{\"@type\":\"SearchAction\",\"target\":{\"@type\":\"EntryPoint\",\"urlTemplate\":\"https:\\\/\\\/www.meydan.tv\\\/az\\\/?s={search_term_string}\"},\"query-input\":{\"@type\":\"PropertyValueSpecification\",\"valueRequired\":true,\"valueName\":\"search_term_string\"}}],\"inLanguage\":\"az\"},{\"@type\":\"Organization\",\"@id\":\"https:\\\/\\\/www.meydan.tv\\\/az\\\/#organization\",\"name\":\"Meydan TV\",\"url\":\"https:\\\/\\\/www.meydan.tv\\\/az\\\/\",\"logo\":{\"@type\":\"ImageObject\",\"inLanguage\":\"az\",\"@id\":\"https:\\\/\\\/www.meydan.tv\\\/az\\\/#\\\/schema\\\/logo\\\/image\\\/\",\"url\":\"https:\\\/\\\/www.meydan.tv\\\/wp-content\\\/uploads\\\/2021\\\/07\\\/meydan-logo.svg\",\"contentUrl\":\"https:\\\/\\\/www.meydan.tv\\\/wp-content\\\/uploads\\\/2021\\\/07\\\/meydan-logo.svg\",\"width\":195,\"height\":46,\"caption\":\"Meydan TV\"},\"image\":{\"@id\":\"https:\\\/\\\/www.meydan.tv\\\/az\\\/#\\\/schema\\\/logo\\\/image\\\/\"}},{\"@type\":\"Person\",\"@id\":\"https:\\\/\\\/www.meydan.tv\\\/az\\\/#\\\/schema\\\/person\\\/476e9360e593fa131d5d71d51866f8da\",\"name\":\"aleks\"}]}<\/script>\n<!-- \/ Yoast SEO plugin. -->","yoast_head_json":{"title":"\"Meydan TV i\u015fi\": \"Bu i\u015fd\u0259 yalan v\u0259 zorak\u0131l\u0131q birl\u0259\u015fib\u201d - MEYDAN.TV","robots":{"index":"index","follow":"follow","max-snippet":"max-snippet:-1","max-image-preview":"max-image-preview:large","max-video-preview":"max-video-preview:-1"},"canonical":"https:\/\/www.meydan.tv\/az\/article\/m%c9%99hk%c9%99m%c9%99\/","og_locale":"az_AZ","og_type":"article","og_title":"\"Meydan TV i\u015fi\": \"Bu i\u015fd\u0259 yalan v\u0259 zorak\u0131l\u0131q birl\u0259\u015fib\u201d - MEYDAN.TV","og_description":"\u201cMeydan TV i\u015fi\u201d \u00fczr\u0259 h\u0259bsd\u0259 olan jurnalistl\u0259rin m\u0259hk\u0259m\u0259si aprelin 3-d\u0259 ... Davam\u0131","og_url":"https:\/\/www.meydan.tv\/az\/article\/m%c9%99hk%c9%99m%c9%99\/","og_site_name":"MEYDAN.TV","article_published_time":"2026-04-03T18:49:36+00:00","article_modified_time":"2026-04-06T10:28:58+00:00","og_image":[{"width":1280,"height":720,"url":"https:\/\/www.meydan.tv\/wp-content\/uploads\/photo_2025-12-23-10.59.06-2.jpeg","type":"image\/jpeg"}],"author":"aleks","twitter_card":"summary_large_image","schema":{"@context":"https:\/\/schema.org","@graph":[{"@type":"Article","@id":"https:\/\/www.meydan.tv\/az\/article\/m%c9%99hk%c9%99m%c9%99\/#article","isPartOf":{"@id":"https:\/\/www.meydan.tv\/az\/article\/m%c9%99hk%c9%99m%c9%99\/"},"author":{"name":"aleks","@id":"https:\/\/www.meydan.tv\/az\/#\/schema\/person\/476e9360e593fa131d5d71d51866f8da"},"headline":"&#8220;Meydan TV i\u015fi&#8221;: &#8220;Bu i\u015fd\u0259 yalan v\u0259 zorak\u0131l\u0131q birl\u0259\u015fib\u201d","datePublished":"2026-04-03T18:49:36+00:00","dateModified":"2026-04-06T10:28:58+00:00","mainEntityOfPage":{"@id":"https:\/\/www.meydan.tv\/az\/article\/m%c9%99hk%c9%99m%c9%99\/"},"wordCount":6307,"publisher":{"@id":"https:\/\/www.meydan.tv\/az\/#organization"},"image":{"@id":"https:\/\/www.meydan.tv\/az\/article\/m%c9%99hk%c9%99m%c9%99\/#primaryimage"},"thumbnailUrl":"https:\/\/www.meydan.tv\/wp-content\/uploads\/photo_2025-12-23-10.59.06-2.jpeg","articleSection":["Meydan TV i\u015fi","T\u00f6vsiy\u0259","X\u0259b\u0259rl\u0259r"],"inLanguage":"az"},{"@type":"WebPage","@id":"https:\/\/www.meydan.tv\/az\/article\/m%c9%99hk%c9%99m%c9%99\/","url":"https:\/\/www.meydan.tv\/az\/article\/m%c9%99hk%c9%99m%c9%99\/","name":"\"Meydan TV i\u015fi\": \"Bu i\u015fd\u0259 yalan v\u0259 zorak\u0131l\u0131q birl\u0259\u015fib\u201d - MEYDAN.TV","isPartOf":{"@id":"https:\/\/www.meydan.tv\/az\/#website"},"primaryImageOfPage":{"@id":"https:\/\/www.meydan.tv\/az\/article\/m%c9%99hk%c9%99m%c9%99\/#primaryimage"},"image":{"@id":"https:\/\/www.meydan.tv\/az\/article\/m%c9%99hk%c9%99m%c9%99\/#primaryimage"},"thumbnailUrl":"https:\/\/www.meydan.tv\/wp-content\/uploads\/photo_2025-12-23-10.59.06-2.jpeg","datePublished":"2026-04-03T18:49:36+00:00","dateModified":"2026-04-06T10:28:58+00:00","breadcrumb":{"@id":"https:\/\/www.meydan.tv\/az\/article\/m%c9%99hk%c9%99m%c9%99\/#breadcrumb"},"inLanguage":"az","potentialAction":[{"@type":"ReadAction","target":["https:\/\/www.meydan.tv\/az\/article\/m%c9%99hk%c9%99m%c9%99\/"]}]},{"@type":"ImageObject","inLanguage":"az","@id":"https:\/\/www.meydan.tv\/az\/article\/m%c9%99hk%c9%99m%c9%99\/#primaryimage","url":"https:\/\/www.meydan.tv\/wp-content\/uploads\/photo_2025-12-23-10.59.06-2.jpeg","contentUrl":"https:\/\/www.meydan.tv\/wp-content\/uploads\/photo_2025-12-23-10.59.06-2.jpeg","width":1280,"height":720,"caption":"\u0130ll\u00fcstrasiya: Meydan TV"},{"@type":"BreadcrumbList","@id":"https:\/\/www.meydan.tv\/az\/article\/m%c9%99hk%c9%99m%c9%99\/#breadcrumb","itemListElement":[{"@type":"ListItem","position":1,"name":"Ana s\u0259hif\u0259","item":"https:\/\/www.meydan.tv\/az\/"},{"@type":"ListItem","position":2,"name":"X\u0259b\u0259rl\u0259r","item":"https:\/\/www.meydan.tv\/az\/section\/xeberler\/"},{"@type":"ListItem","position":3,"name":"&#8220;Meydan TV i\u015fi&#8221;: &#8220;Bu i\u015fd\u0259 yalan v\u0259 zorak\u0131l\u0131q birl\u0259\u015fib\u201d"}]},{"@type":"WebSite","@id":"https:\/\/www.meydan.tv\/az\/#website","url":"https:\/\/www.meydan.tv\/az\/","name":"MEYDAN.TV","description":"Meydan TV Az\u0259rbaycan\u0131n media m\u0259kan\u0131ndak\u0131 alternativ s\u0259sidir","publisher":{"@id":"https:\/\/www.meydan.tv\/az\/#organization"},"potentialAction":[{"@type":"SearchAction","target":{"@type":"EntryPoint","urlTemplate":"https:\/\/www.meydan.tv\/az\/?s={search_term_string}"},"query-input":{"@type":"PropertyValueSpecification","valueRequired":true,"valueName":"search_term_string"}}],"inLanguage":"az"},{"@type":"Organization","@id":"https:\/\/www.meydan.tv\/az\/#organization","name":"Meydan TV","url":"https:\/\/www.meydan.tv\/az\/","logo":{"@type":"ImageObject","inLanguage":"az","@id":"https:\/\/www.meydan.tv\/az\/#\/schema\/logo\/image\/","url":"https:\/\/www.meydan.tv\/wp-content\/uploads\/2021\/07\/meydan-logo.svg","contentUrl":"https:\/\/www.meydan.tv\/wp-content\/uploads\/2021\/07\/meydan-logo.svg","width":195,"height":46,"caption":"Meydan TV"},"image":{"@id":"https:\/\/www.meydan.tv\/az\/#\/schema\/logo\/image\/"}},{"@type":"Person","@id":"https:\/\/www.meydan.tv\/az\/#\/schema\/person\/476e9360e593fa131d5d71d51866f8da","name":"aleks"}]}},"_links":{"self":[{"href":"https:\/\/www.meydan.tv\/az\/wp-json\/wp\/v2\/posts\/343548","targetHints":{"allow":["GET"]}}],"collection":[{"href":"https:\/\/www.meydan.tv\/az\/wp-json\/wp\/v2\/posts"}],"about":[{"href":"https:\/\/www.meydan.tv\/az\/wp-json\/wp\/v2\/types\/post"}],"author":[{"embeddable":true,"href":"https:\/\/www.meydan.tv\/az\/wp-json\/wp\/v2\/users\/12"}],"replies":[{"embeddable":true,"href":"https:\/\/www.meydan.tv\/az\/wp-json\/wp\/v2\/comments?post=343548"}],"version-history":[{"count":7,"href":"https:\/\/www.meydan.tv\/az\/wp-json\/wp\/v2\/posts\/343548\/revisions"}],"predecessor-version":[{"id":343581,"href":"https:\/\/www.meydan.tv\/az\/wp-json\/wp\/v2\/posts\/343548\/revisions\/343581"}],"wp:featuredmedia":[{"embeddable":true,"href":"https:\/\/www.meydan.tv\/az\/wp-json\/wp\/v2\/media\/340320"}],"wp:attachment":[{"href":"https:\/\/www.meydan.tv\/az\/wp-json\/wp\/v2\/media?parent=343548"}],"wp:term":[{"taxonomy":"category","embeddable":true,"href":"https:\/\/www.meydan.tv\/az\/wp-json\/wp\/v2\/categories?post=343548"},{"taxonomy":"post_tag","embeddable":true,"href":"https:\/\/www.meydan.tv\/az\/wp-json\/wp\/v2\/tags?post=343548"}],"curies":[{"name":"wp","href":"https:\/\/api.w.org\/{rel}","templated":true}]}}