{"id":343504,"date":"2026-04-02T19:02:39","date_gmt":"2026-04-02T15:02:39","guid":{"rendered":"https:\/\/www.meydan.tv\/?p=343504"},"modified":"2026-04-02T19:02:41","modified_gmt":"2026-04-02T15:02:41","slug":"10-sayli-c%c9%99zac%c9%99km%c9%99-mu%c9%99ssis%c9%99sind%c9%99-saxlanilan-f%c9%99al-s%c9%99raitsizlikd%c9%99n-%c9%99ziyy%c9%99t-c%c9%99kir","status":"publish","type":"post","link":"https:\/\/www.meydan.tv\/az\/article\/10-sayli-c%c9%99zac%c9%99km%c9%99-mu%c9%99ssis%c9%99sind%c9%99-saxlanilan-f%c9%99al-s%c9%99raitsizlikd%c9%99n-%c9%99ziyy%c9%99t-c%c9%99kir\/","title":{"rendered":"10 sayl\u0131 c\u0259za\u00e7\u0259km\u0259 m\u00fc\u0259ssis\u0259sind\u0259 saxlan\u0131lan f\u0259al \u015f\u0259raitsizlikd\u0259n \u0259ziyy\u0259t \u00e7\u0259kir"},"content":{"rendered":"\n<p>Almaniyadan deportasiya olunan siyasi f\u0259al Malik Rzayev saxlan\u0131ld\u0131\u011f\u0131 10 sayl\u0131 C\u0259zac\u0259km\u0259 M\u00fc\u0259ssis\u0259sind\u0259 \u015f\u0259raitsizlikd\u0259n \u015fikay\u0259t edir.<\/p>\n\n\n\n<p>Bu bar\u0259d\u0259 Rzayev Meydan TV-y\u0259 m\u0259lumat verib.<\/p>\n\n\n\n<p>10 sayl\u0131 c\u0259za\u00e7\u0259km\u0259 m\u00fc\u0259ssis\u0259sind\u0259 saxlan\u0131lan Malik Rzayev h\u0259bsxana \u015f\u0259raitinin d\u00f6z\u00fclm\u0259z oldu\u011funu deyib. Onun s\u00f6zl\u0259rin\u0259 g\u00f6r\u0259, bir s\u0131ra d\u00f6vl\u0259t qurumlar\u0131na, h\u0259m\u00e7inin Ombudsmana d\u0259f\u0259l\u0259rl\u0259 m\u00fcraci\u0259t ets\u0259 d\u0259, cavab ala bilm\u0259yib.<\/p>\n\n\n\n<p>F\u0259al deyir ki, bu m\u00fcdd\u0259t \u0259rzind\u0259 Ombudsman n\u00fcmay\u0259nd\u0259l\u0259ri yaln\u0131z h\u0259bsxanan\u0131n yem\u0259kxanas\u0131n\u0131 ziyar\u0259t etm\u0259kl\u0259 kifay\u0259tl\u0259nibl\u0259r.&nbsp;<\/p>\n\n\n\n<p><em>\u201cM\u00fc\u0259ssis\u0259y\u0259 g\u0259l\u0259n \u0259m\u0259kda\u015flar\u0131n\u0131z yaln\u0131z yem\u0259kxanaya bax\u0131b gedib. Siz\u0259 xat\u0131rlatmaq ist\u0259yir\u0259m ki, minl\u0259rl\u0259 insan\u0131n saxland\u0131\u011f\u0131 t\u0259cridxanada dustaqlar\u0131n problemi il\u0259 maraqlanmaq Ombudsman Aparat\u0131n\u0131n v\u0259zif\u0259 borcudur\u201d,<\/em> &#8211; dey\u0259 f\u0259al qeyd edib.<\/p>\n\n\n\n<h4 class=\"wp-block-heading\"><strong>Saxlanma \u015f\u0259raiti v\u0259 t\u0259minat probleml\u0259ri<\/strong><\/h4>\n\n\n\n<p>Rzayev bildirir ki, saxlan\u0131ld\u0131\u011f\u0131 ilk vaxtlarda 20 kvadratmetrlik, 10 n\u0259f\u0259r \u00fc\u00e7\u00fcn n\u0259z\u0259rd\u0259 tutulmu\u015f kamerada 18 n\u0259f\u0259rl\u0259 birlikd\u0259 17 ay saxlan\u0131l\u0131b. Bundan ba\u015fqa h\u0259bs olundu\u011fu g\u00fcnd\u0259n 5 ay m\u00fcdd\u0259tin\u0259 telefonla dan\u0131\u015f\u0131qlar\u0131na v\u0259 ail\u0259si il\u0259 g\u00f6r\u00fc\u015f\u0259 qada\u011falar qoyulub..<\/p>\n\n\n\n<p>F\u0259al bildirib ki, daha sonra k\u00f6\u00e7\u00fcr\u00fcld\u00fcy\u00fc 10 sayl\u0131 m\u00fc\u0259ssis\u0259d\u0259 is\u0259 6 ay m\u00fcdd\u0259tind\u0259 yataqla t\u0259min olunmay\u0131b. O, d\u00f6vl\u0259t t\u0259r\u0259find\u0259n verilm\u0259li olan d\u00f6\u015f\u0259k, yor\u011fan, yast\u0131q, geyim v\u0259 gigiyenik vasit\u0259l\u0259rin t\u0259qdim edilm\u0259diyini, bu ehtiyaclar\u0131 \u015f\u0259xsi imkanlar\u0131 hesab\u0131na qar\u015f\u0131lad\u0131\u011f\u0131n\u0131 bildirir.<\/p>\n\n\n\n<p><em>\u201cQida m\u0259hsullar\u0131na g\u0259linc\u0259, yem\u0259kl\u0259rin keyfiyy\u0259ti a\u015fa\u011f\u0131 oldu\u011fu \u00fc\u00e7\u00fcn v\u0259 yem\u0259y\u0259 vurulan ya\u011f\u0131n m\u0259n\u015f\u0259yi m\u0259lum olmad\u0131\u011f\u0131ndan, h\u0259bs olundu\u011fum m\u00fcdd\u0259td\u0259n b\u0259ri c\u0259mi 10 pors yem\u0259k yemi\u015f\u0259m. Hal-haz\u0131rda 23.03.2024-c\u00fc ild\u0259n etibar\u0259n m\u00fc\u0259ssis\u0259nin verdiyi he\u00e7 bir qida m\u0259hsulunu q\u0259bul etmir\u0259m\u201d,<\/em> &#8211; dey\u0259 o m\u00fcraci\u0259tind\u0259 qeyd edib.<\/p>\n\n\n\n<h4 class=\"wp-block-heading\"><strong>\u0130nformasiya \u0259ld\u0259 etm\u0259k h\u00fcququnun m\u0259hdudla\u015fd\u0131r\u0131lmas\u0131<\/strong><\/h4>\n\n\n\n<p>Malik Rzayev informasiya \u0259ld\u0259 etm\u0259k imkanlar\u0131n\u0131n da m\u0259hdud oldu\u011funu deyir. O qeyd edib ki, h\u0259bsxanada televiziya v\u0259 ya radioya \u00e7\u0131x\u0131\u015f pullu oldu\u011fu \u00fc\u00e7\u00fcn bu imkanlardan istifad\u0259 ed\u0259 bilmir.<\/p>\n\n\n\n<p><em>\u201cM\u0259n bir ictimai f\u0259al kimi m\u0259n\u0259 qidadan daha vacib olan informasiya vasit\u0259si olan televizor v\u0259 ya radio vasit\u0259l\u0259ridir ki, m\u00fc\u0259ssis\u0259nin b\u00f6y\u00fck kompyuter zal\u0131 olmas\u0131na baxmayaraq, qiym\u0259tl\u0259rin \u00e7ox baha olmas\u0131 s\u0259b\u0259bind\u0259n baxa bilmir\u0259m. Klubda is\u0259 oturacaqlar Sovetl\u0259r d\u00f6n\u0259mind\u0259n qalma oldu\u011fu \u00fc\u00e7\u00fcn istismar m\u00fcdd\u0259ti bitib, oturacaqlar s\u0131n\u0131q-salxaqd\u0131r\u201d,<\/em> &#8211; dey\u0259 f\u0259al vur\u011fulay\u0131b.<\/p>\n\n\n\n<p>Rzayev deyir ki, informasiya \u00e7at\u0131\u015fmazl\u0131\u011f\u0131 onun \u00fc\u00e7\u00fcn psixoloji t\u0259zyiqdir v\u0259 bunu i\u015fg\u0259nc\u0259 kimi q\u0259bul edir.<\/p>\n\n\n\n<p>Malik Rzayev 2021-ci ilin iyun ay\u0131nda Almaniyadan Az\u0259rbaycana deportasiya olunub.&nbsp;<\/p>\n\n\n\n<p>O, 2021-ci il oktyabr\u0131n 25-d\u0259 CM-nin 234.4.3-c\u00fc madd\u0259si (k\u00fclli miqdarda narkotik vasit\u0259l\u0259rin v\u0259 ya psixotrop madd\u0259l\u0259rin qanunsuz \u0259ld\u0259 edilm\u0259si v\u0259 ya saxlanmas\u0131 sat\u0131\u015f m\u0259qs\u0259dil\u0259, haz\u0131rlanmas\u0131, istehsal\u0131, emal\u0131, da\u015f\u0131nmas\u0131, g\u00f6nd\u0259rilm\u0259si v\u0259 ya sat\u0131\u015f\u0131) il\u0259 h\u0259bs edilib.<\/p>\n\n\n\n<p>Rzayev 28 sentyabr 2022-ci il tarixind\u0259 Sumqay\u0131t A\u011f\u0131r Cinay\u0259tl\u0259r M\u0259hk\u0259m\u0259sinin h\u00f6km\u00fc il\u0259 7 il m\u00fcdd\u0259tin\u0259 azadl\u0131qdan m\u0259hrum olunub.<\/p>\n","protected":false},"excerpt":{"rendered":"<p>Almaniyadan deportasiya olunan siyasi f\u0259al Malik Rzayev saxlan\u0131ld\u0131\u011f\u0131 10 sayl\u0131 &#8230; <\/p>\n<p class=\"read-more-container\"><a title=\"10 sayl\u0131 c\u0259za\u00e7\u0259km\u0259 m\u00fc\u0259ssis\u0259sind\u0259 saxlan\u0131lan f\u0259al \u015f\u0259raitsizlikd\u0259n \u0259ziyy\u0259t \u00e7\u0259kir\" class=\"read-more button\" href=\"https:\/\/www.meydan.tv\/az\/article\/10-sayli-c%c9%99zac%c9%99km%c9%99-mu%c9%99ssis%c9%99sind%c9%99-saxlanilan-f%c9%99al-s%c9%99raitsizlikd%c9%99n-%c9%99ziyy%c9%99t-c%c9%99kir\/#more-343504\" aria-label=\"Read more about 10 sayl\u0131 c\u0259za\u00e7\u0259km\u0259 m\u00fc\u0259ssis\u0259sind\u0259 saxlan\u0131lan f\u0259al \u015f\u0259raitsizlikd\u0259n \u0259ziyy\u0259t \u00e7\u0259kir\">Davam\u0131<\/a><\/p>\n","protected":false},"author":21,"featured_media":256892,"comment_status":"closed","ping_status":"closed","sticky":false,"template":"","format":"standard","meta":{"_acf_changed":false,"_sitemap_exclude":false,"_sitemap_priority":"","_sitemap_frequency":"","footnotes":""},"categories":[59,79,56],"tags":[],"class_list":["post-343504","post","type-post","status-publish","format-standard","has-post-thumbnail","hentry","category-siyaset","category-featured","category-xeberler","infinite-scroll-item","generate-columns","tablet-grid-50","mobile-grid-100","grid-parent","grid-33","no-featured-image-padding"],"acf":[],"yoast_head":"<!-- This site is optimized with the Yoast SEO plugin v27.5 - https:\/\/yoast.com\/product\/yoast-seo-wordpress\/ -->\n<title>10 sayl\u0131 c\u0259za\u00e7\u0259km\u0259 m\u00fc\u0259ssis\u0259sind\u0259 saxlan\u0131lan f\u0259al \u015f\u0259raitsizlikd\u0259n \u0259ziyy\u0259t \u00e7\u0259kir - MEYDAN.TV<\/title>\n<meta name=\"robots\" content=\"index, follow, max-snippet:-1, max-image-preview:large, max-video-preview:-1\" \/>\n<link rel=\"canonical\" href=\"https:\/\/www.meydan.tv\/az\/article\/10-sayli-c%c9%99zac%c9%99km%c9%99-mu%c9%99ssis%c9%99sind%c9%99-saxlanilan-f%c9%99al-s%c9%99raitsizlikd%c9%99n-%c9%99ziyy%c9%99t-c%c9%99kir\/\" \/>\n<meta property=\"og:locale\" content=\"az_AZ\" \/>\n<meta property=\"og:type\" content=\"article\" \/>\n<meta property=\"og:title\" content=\"10 sayl\u0131 c\u0259za\u00e7\u0259km\u0259 m\u00fc\u0259ssis\u0259sind\u0259 saxlan\u0131lan f\u0259al \u015f\u0259raitsizlikd\u0259n \u0259ziyy\u0259t \u00e7\u0259kir - MEYDAN.TV\" \/>\n<meta property=\"og:description\" content=\"Almaniyadan deportasiya olunan siyasi f\u0259al Malik Rzayev saxlan\u0131ld\u0131\u011f\u0131 10 sayl\u0131 ... Davam\u0131\" \/>\n<meta property=\"og:url\" content=\"https:\/\/www.meydan.tv\/az\/article\/10-sayli-c%c9%99zac%c9%99km%c9%99-mu%c9%99ssis%c9%99sind%c9%99-saxlanilan-f%c9%99al-s%c9%99raitsizlikd%c9%99n-%c9%99ziyy%c9%99t-c%c9%99kir\/\" \/>\n<meta property=\"og:site_name\" content=\"MEYDAN.TV\" \/>\n<meta property=\"article:published_time\" content=\"2026-04-02T15:02:39+00:00\" \/>\n<meta property=\"article:modified_time\" content=\"2026-04-02T15:02:41+00:00\" \/>\n<meta property=\"og:image\" content=\"https:\/\/www.meydan.tv\/wp-content\/uploads\/untitled-design-3-36-e1775142103205.jpg\" \/>\n\t<meta property=\"og:image:width\" content=\"1200\" \/>\n\t<meta property=\"og:image:height\" content=\"550\" \/>\n\t<meta property=\"og:image:type\" content=\"image\/jpeg\" \/>\n<meta name=\"author\" content=\"mahmud\" \/>\n<meta name=\"twitter:card\" content=\"summary_large_image\" \/>\n<script type=\"application\/ld+json\" class=\"yoast-schema-graph\">{\"@context\":\"https:\\\/\\\/schema.org\",\"@graph\":[{\"@type\":\"Article\",\"@id\":\"https:\\\/\\\/www.meydan.tv\\\/az\\\/article\\\/10-sayli-c%c9%99zac%c9%99km%c9%99-mu%c9%99ssis%c9%99sind%c9%99-saxlanilan-f%c9%99al-s%c9%99raitsizlikd%c9%99n-%c9%99ziyy%c9%99t-c%c9%99kir\\\/#article\",\"isPartOf\":{\"@id\":\"https:\\\/\\\/www.meydan.tv\\\/az\\\/article\\\/10-sayli-c%c9%99zac%c9%99km%c9%99-mu%c9%99ssis%c9%99sind%c9%99-saxlanilan-f%c9%99al-s%c9%99raitsizlikd%c9%99n-%c9%99ziyy%c9%99t-c%c9%99kir\\\/\"},\"author\":{\"name\":\"mahmud\",\"@id\":\"https:\\\/\\\/www.meydan.tv\\\/az\\\/#\\\/schema\\\/person\\\/09863e516102a829e72bedcf3f84c6b0\"},\"headline\":\"10 sayl\u0131 c\u0259za\u00e7\u0259km\u0259 m\u00fc\u0259ssis\u0259sind\u0259 saxlan\u0131lan f\u0259al \u015f\u0259raitsizlikd\u0259n \u0259ziyy\u0259t \u00e7\u0259kir\",\"datePublished\":\"2026-04-02T15:02:39+00:00\",\"dateModified\":\"2026-04-02T15:02:41+00:00\",\"mainEntityOfPage\":{\"@id\":\"https:\\\/\\\/www.meydan.tv\\\/az\\\/article\\\/10-sayli-c%c9%99zac%c9%99km%c9%99-mu%c9%99ssis%c9%99sind%c9%99-saxlanilan-f%c9%99al-s%c9%99raitsizlikd%c9%99n-%c9%99ziyy%c9%99t-c%c9%99kir\\\/\"},\"wordCount\":612,\"publisher\":{\"@id\":\"https:\\\/\\\/www.meydan.tv\\\/az\\\/#organization\"},\"image\":{\"@id\":\"https:\\\/\\\/www.meydan.tv\\\/az\\\/article\\\/10-sayli-c%c9%99zac%c9%99km%c9%99-mu%c9%99ssis%c9%99sind%c9%99-saxlanilan-f%c9%99al-s%c9%99raitsizlikd%c9%99n-%c9%99ziyy%c9%99t-c%c9%99kir\\\/#primaryimage\"},\"thumbnailUrl\":\"https:\\\/\\\/www.meydan.tv\\\/wp-content\\\/uploads\\\/untitled-design-3-36-e1775142103205.jpg\",\"articleSection\":[\"Siyas\u0259t\",\"T\u00f6vsiy\u0259\",\"X\u0259b\u0259rl\u0259r\"],\"inLanguage\":\"az\"},{\"@type\":\"WebPage\",\"@id\":\"https:\\\/\\\/www.meydan.tv\\\/az\\\/article\\\/10-sayli-c%c9%99zac%c9%99km%c9%99-mu%c9%99ssis%c9%99sind%c9%99-saxlanilan-f%c9%99al-s%c9%99raitsizlikd%c9%99n-%c9%99ziyy%c9%99t-c%c9%99kir\\\/\",\"url\":\"https:\\\/\\\/www.meydan.tv\\\/az\\\/article\\\/10-sayli-c%c9%99zac%c9%99km%c9%99-mu%c9%99ssis%c9%99sind%c9%99-saxlanilan-f%c9%99al-s%c9%99raitsizlikd%c9%99n-%c9%99ziyy%c9%99t-c%c9%99kir\\\/\",\"name\":\"10 sayl\u0131 c\u0259za\u00e7\u0259km\u0259 m\u00fc\u0259ssis\u0259sind\u0259 saxlan\u0131lan f\u0259al \u015f\u0259raitsizlikd\u0259n \u0259ziyy\u0259t \u00e7\u0259kir - MEYDAN.TV\",\"isPartOf\":{\"@id\":\"https:\\\/\\\/www.meydan.tv\\\/az\\\/#website\"},\"primaryImageOfPage\":{\"@id\":\"https:\\\/\\\/www.meydan.tv\\\/az\\\/article\\\/10-sayli-c%c9%99zac%c9%99km%c9%99-mu%c9%99ssis%c9%99sind%c9%99-saxlanilan-f%c9%99al-s%c9%99raitsizlikd%c9%99n-%c9%99ziyy%c9%99t-c%c9%99kir\\\/#primaryimage\"},\"image\":{\"@id\":\"https:\\\/\\\/www.meydan.tv\\\/az\\\/article\\\/10-sayli-c%c9%99zac%c9%99km%c9%99-mu%c9%99ssis%c9%99sind%c9%99-saxlanilan-f%c9%99al-s%c9%99raitsizlikd%c9%99n-%c9%99ziyy%c9%99t-c%c9%99kir\\\/#primaryimage\"},\"thumbnailUrl\":\"https:\\\/\\\/www.meydan.tv\\\/wp-content\\\/uploads\\\/untitled-design-3-36-e1775142103205.jpg\",\"datePublished\":\"2026-04-02T15:02:39+00:00\",\"dateModified\":\"2026-04-02T15:02:41+00:00\",\"breadcrumb\":{\"@id\":\"https:\\\/\\\/www.meydan.tv\\\/az\\\/article\\\/10-sayli-c%c9%99zac%c9%99km%c9%99-mu%c9%99ssis%c9%99sind%c9%99-saxlanilan-f%c9%99al-s%c9%99raitsizlikd%c9%99n-%c9%99ziyy%c9%99t-c%c9%99kir\\\/#breadcrumb\"},\"inLanguage\":\"az\",\"potentialAction\":[{\"@type\":\"ReadAction\",\"target\":[\"https:\\\/\\\/www.meydan.tv\\\/az\\\/article\\\/10-sayli-c%c9%99zac%c9%99km%c9%99-mu%c9%99ssis%c9%99sind%c9%99-saxlanilan-f%c9%99al-s%c9%99raitsizlikd%c9%99n-%c9%99ziyy%c9%99t-c%c9%99kir\\\/\"]}]},{\"@type\":\"ImageObject\",\"inLanguage\":\"az\",\"@id\":\"https:\\\/\\\/www.meydan.tv\\\/az\\\/article\\\/10-sayli-c%c9%99zac%c9%99km%c9%99-mu%c9%99ssis%c9%99sind%c9%99-saxlanilan-f%c9%99al-s%c9%99raitsizlikd%c9%99n-%c9%99ziyy%c9%99t-c%c9%99kir\\\/#primaryimage\",\"url\":\"https:\\\/\\\/www.meydan.tv\\\/wp-content\\\/uploads\\\/untitled-design-3-36-e1775142103205.jpg\",\"contentUrl\":\"https:\\\/\\\/www.meydan.tv\\\/wp-content\\\/uploads\\\/untitled-design-3-36-e1775142103205.jpg\",\"width\":1200,\"height\":550,\"caption\":\"Malik Rzayev. M\u0259nb\u0259: \\\"Facebook\\\"\"},{\"@type\":\"BreadcrumbList\",\"@id\":\"https:\\\/\\\/www.meydan.tv\\\/az\\\/article\\\/10-sayli-c%c9%99zac%c9%99km%c9%99-mu%c9%99ssis%c9%99sind%c9%99-saxlanilan-f%c9%99al-s%c9%99raitsizlikd%c9%99n-%c9%99ziyy%c9%99t-c%c9%99kir\\\/#breadcrumb\",\"itemListElement\":[{\"@type\":\"ListItem\",\"position\":1,\"name\":\"Ana s\u0259hif\u0259\",\"item\":\"https:\\\/\\\/www.meydan.tv\\\/az\\\/\"},{\"@type\":\"ListItem\",\"position\":2,\"name\":\"Siyas\u0259t\",\"item\":\"https:\\\/\\\/www.meydan.tv\\\/az\\\/section\\\/siyaset\\\/\"},{\"@type\":\"ListItem\",\"position\":3,\"name\":\"10 sayl\u0131 c\u0259za\u00e7\u0259km\u0259 m\u00fc\u0259ssis\u0259sind\u0259 saxlan\u0131lan f\u0259al \u015f\u0259raitsizlikd\u0259n \u0259ziyy\u0259t \u00e7\u0259kir\"}]},{\"@type\":\"WebSite\",\"@id\":\"https:\\\/\\\/www.meydan.tv\\\/az\\\/#website\",\"url\":\"https:\\\/\\\/www.meydan.tv\\\/az\\\/\",\"name\":\"MEYDAN.TV\",\"description\":\"Meydan TV Az\u0259rbaycan\u0131n media m\u0259kan\u0131ndak\u0131 alternativ s\u0259sidir\",\"publisher\":{\"@id\":\"https:\\\/\\\/www.meydan.tv\\\/az\\\/#organization\"},\"potentialAction\":[{\"@type\":\"SearchAction\",\"target\":{\"@type\":\"EntryPoint\",\"urlTemplate\":\"https:\\\/\\\/www.meydan.tv\\\/az\\\/?s={search_term_string}\"},\"query-input\":{\"@type\":\"PropertyValueSpecification\",\"valueRequired\":true,\"valueName\":\"search_term_string\"}}],\"inLanguage\":\"az\"},{\"@type\":\"Organization\",\"@id\":\"https:\\\/\\\/www.meydan.tv\\\/az\\\/#organization\",\"name\":\"Meydan TV\",\"url\":\"https:\\\/\\\/www.meydan.tv\\\/az\\\/\",\"logo\":{\"@type\":\"ImageObject\",\"inLanguage\":\"az\",\"@id\":\"https:\\\/\\\/www.meydan.tv\\\/az\\\/#\\\/schema\\\/logo\\\/image\\\/\",\"url\":\"https:\\\/\\\/www.meydan.tv\\\/wp-content\\\/uploads\\\/2021\\\/07\\\/meydan-logo.svg\",\"contentUrl\":\"https:\\\/\\\/www.meydan.tv\\\/wp-content\\\/uploads\\\/2021\\\/07\\\/meydan-logo.svg\",\"width\":195,\"height\":46,\"caption\":\"Meydan TV\"},\"image\":{\"@id\":\"https:\\\/\\\/www.meydan.tv\\\/az\\\/#\\\/schema\\\/logo\\\/image\\\/\"}},{\"@type\":\"Person\",\"@id\":\"https:\\\/\\\/www.meydan.tv\\\/az\\\/#\\\/schema\\\/person\\\/09863e516102a829e72bedcf3f84c6b0\",\"name\":\"mahmud\"}]}<\/script>\n<!-- \/ Yoast SEO plugin. -->","yoast_head_json":{"title":"10 sayl\u0131 c\u0259za\u00e7\u0259km\u0259 m\u00fc\u0259ssis\u0259sind\u0259 saxlan\u0131lan f\u0259al \u015f\u0259raitsizlikd\u0259n \u0259ziyy\u0259t \u00e7\u0259kir - MEYDAN.TV","robots":{"index":"index","follow":"follow","max-snippet":"max-snippet:-1","max-image-preview":"max-image-preview:large","max-video-preview":"max-video-preview:-1"},"canonical":"https:\/\/www.meydan.tv\/az\/article\/10-sayli-c%c9%99zac%c9%99km%c9%99-mu%c9%99ssis%c9%99sind%c9%99-saxlanilan-f%c9%99al-s%c9%99raitsizlikd%c9%99n-%c9%99ziyy%c9%99t-c%c9%99kir\/","og_locale":"az_AZ","og_type":"article","og_title":"10 sayl\u0131 c\u0259za\u00e7\u0259km\u0259 m\u00fc\u0259ssis\u0259sind\u0259 saxlan\u0131lan f\u0259al \u015f\u0259raitsizlikd\u0259n \u0259ziyy\u0259t \u00e7\u0259kir - MEYDAN.TV","og_description":"Almaniyadan deportasiya olunan siyasi f\u0259al Malik Rzayev saxlan\u0131ld\u0131\u011f\u0131 10 sayl\u0131 ... Davam\u0131","og_url":"https:\/\/www.meydan.tv\/az\/article\/10-sayli-c%c9%99zac%c9%99km%c9%99-mu%c9%99ssis%c9%99sind%c9%99-saxlanilan-f%c9%99al-s%c9%99raitsizlikd%c9%99n-%c9%99ziyy%c9%99t-c%c9%99kir\/","og_site_name":"MEYDAN.TV","article_published_time":"2026-04-02T15:02:39+00:00","article_modified_time":"2026-04-02T15:02:41+00:00","og_image":[{"width":1200,"height":550,"url":"https:\/\/www.meydan.tv\/wp-content\/uploads\/untitled-design-3-36-e1775142103205.jpg","type":"image\/jpeg"}],"author":"mahmud","twitter_card":"summary_large_image","schema":{"@context":"https:\/\/schema.org","@graph":[{"@type":"Article","@id":"https:\/\/www.meydan.tv\/az\/article\/10-sayli-c%c9%99zac%c9%99km%c9%99-mu%c9%99ssis%c9%99sind%c9%99-saxlanilan-f%c9%99al-s%c9%99raitsizlikd%c9%99n-%c9%99ziyy%c9%99t-c%c9%99kir\/#article","isPartOf":{"@id":"https:\/\/www.meydan.tv\/az\/article\/10-sayli-c%c9%99zac%c9%99km%c9%99-mu%c9%99ssis%c9%99sind%c9%99-saxlanilan-f%c9%99al-s%c9%99raitsizlikd%c9%99n-%c9%99ziyy%c9%99t-c%c9%99kir\/"},"author":{"name":"mahmud","@id":"https:\/\/www.meydan.tv\/az\/#\/schema\/person\/09863e516102a829e72bedcf3f84c6b0"},"headline":"10 sayl\u0131 c\u0259za\u00e7\u0259km\u0259 m\u00fc\u0259ssis\u0259sind\u0259 saxlan\u0131lan f\u0259al \u015f\u0259raitsizlikd\u0259n \u0259ziyy\u0259t \u00e7\u0259kir","datePublished":"2026-04-02T15:02:39+00:00","dateModified":"2026-04-02T15:02:41+00:00","mainEntityOfPage":{"@id":"https:\/\/www.meydan.tv\/az\/article\/10-sayli-c%c9%99zac%c9%99km%c9%99-mu%c9%99ssis%c9%99sind%c9%99-saxlanilan-f%c9%99al-s%c9%99raitsizlikd%c9%99n-%c9%99ziyy%c9%99t-c%c9%99kir\/"},"wordCount":612,"publisher":{"@id":"https:\/\/www.meydan.tv\/az\/#organization"},"image":{"@id":"https:\/\/www.meydan.tv\/az\/article\/10-sayli-c%c9%99zac%c9%99km%c9%99-mu%c9%99ssis%c9%99sind%c9%99-saxlanilan-f%c9%99al-s%c9%99raitsizlikd%c9%99n-%c9%99ziyy%c9%99t-c%c9%99kir\/#primaryimage"},"thumbnailUrl":"https:\/\/www.meydan.tv\/wp-content\/uploads\/untitled-design-3-36-e1775142103205.jpg","articleSection":["Siyas\u0259t","T\u00f6vsiy\u0259","X\u0259b\u0259rl\u0259r"],"inLanguage":"az"},{"@type":"WebPage","@id":"https:\/\/www.meydan.tv\/az\/article\/10-sayli-c%c9%99zac%c9%99km%c9%99-mu%c9%99ssis%c9%99sind%c9%99-saxlanilan-f%c9%99al-s%c9%99raitsizlikd%c9%99n-%c9%99ziyy%c9%99t-c%c9%99kir\/","url":"https:\/\/www.meydan.tv\/az\/article\/10-sayli-c%c9%99zac%c9%99km%c9%99-mu%c9%99ssis%c9%99sind%c9%99-saxlanilan-f%c9%99al-s%c9%99raitsizlikd%c9%99n-%c9%99ziyy%c9%99t-c%c9%99kir\/","name":"10 sayl\u0131 c\u0259za\u00e7\u0259km\u0259 m\u00fc\u0259ssis\u0259sind\u0259 saxlan\u0131lan f\u0259al \u015f\u0259raitsizlikd\u0259n \u0259ziyy\u0259t \u00e7\u0259kir - MEYDAN.TV","isPartOf":{"@id":"https:\/\/www.meydan.tv\/az\/#website"},"primaryImageOfPage":{"@id":"https:\/\/www.meydan.tv\/az\/article\/10-sayli-c%c9%99zac%c9%99km%c9%99-mu%c9%99ssis%c9%99sind%c9%99-saxlanilan-f%c9%99al-s%c9%99raitsizlikd%c9%99n-%c9%99ziyy%c9%99t-c%c9%99kir\/#primaryimage"},"image":{"@id":"https:\/\/www.meydan.tv\/az\/article\/10-sayli-c%c9%99zac%c9%99km%c9%99-mu%c9%99ssis%c9%99sind%c9%99-saxlanilan-f%c9%99al-s%c9%99raitsizlikd%c9%99n-%c9%99ziyy%c9%99t-c%c9%99kir\/#primaryimage"},"thumbnailUrl":"https:\/\/www.meydan.tv\/wp-content\/uploads\/untitled-design-3-36-e1775142103205.jpg","datePublished":"2026-04-02T15:02:39+00:00","dateModified":"2026-04-02T15:02:41+00:00","breadcrumb":{"@id":"https:\/\/www.meydan.tv\/az\/article\/10-sayli-c%c9%99zac%c9%99km%c9%99-mu%c9%99ssis%c9%99sind%c9%99-saxlanilan-f%c9%99al-s%c9%99raitsizlikd%c9%99n-%c9%99ziyy%c9%99t-c%c9%99kir\/#breadcrumb"},"inLanguage":"az","potentialAction":[{"@type":"ReadAction","target":["https:\/\/www.meydan.tv\/az\/article\/10-sayli-c%c9%99zac%c9%99km%c9%99-mu%c9%99ssis%c9%99sind%c9%99-saxlanilan-f%c9%99al-s%c9%99raitsizlikd%c9%99n-%c9%99ziyy%c9%99t-c%c9%99kir\/"]}]},{"@type":"ImageObject","inLanguage":"az","@id":"https:\/\/www.meydan.tv\/az\/article\/10-sayli-c%c9%99zac%c9%99km%c9%99-mu%c9%99ssis%c9%99sind%c9%99-saxlanilan-f%c9%99al-s%c9%99raitsizlikd%c9%99n-%c9%99ziyy%c9%99t-c%c9%99kir\/#primaryimage","url":"https:\/\/www.meydan.tv\/wp-content\/uploads\/untitled-design-3-36-e1775142103205.jpg","contentUrl":"https:\/\/www.meydan.tv\/wp-content\/uploads\/untitled-design-3-36-e1775142103205.jpg","width":1200,"height":550,"caption":"Malik Rzayev. M\u0259nb\u0259: \"Facebook\""},{"@type":"BreadcrumbList","@id":"https:\/\/www.meydan.tv\/az\/article\/10-sayli-c%c9%99zac%c9%99km%c9%99-mu%c9%99ssis%c9%99sind%c9%99-saxlanilan-f%c9%99al-s%c9%99raitsizlikd%c9%99n-%c9%99ziyy%c9%99t-c%c9%99kir\/#breadcrumb","itemListElement":[{"@type":"ListItem","position":1,"name":"Ana s\u0259hif\u0259","item":"https:\/\/www.meydan.tv\/az\/"},{"@type":"ListItem","position":2,"name":"Siyas\u0259t","item":"https:\/\/www.meydan.tv\/az\/section\/siyaset\/"},{"@type":"ListItem","position":3,"name":"10 sayl\u0131 c\u0259za\u00e7\u0259km\u0259 m\u00fc\u0259ssis\u0259sind\u0259 saxlan\u0131lan f\u0259al \u015f\u0259raitsizlikd\u0259n \u0259ziyy\u0259t \u00e7\u0259kir"}]},{"@type":"WebSite","@id":"https:\/\/www.meydan.tv\/az\/#website","url":"https:\/\/www.meydan.tv\/az\/","name":"MEYDAN.TV","description":"Meydan TV Az\u0259rbaycan\u0131n media m\u0259kan\u0131ndak\u0131 alternativ s\u0259sidir","publisher":{"@id":"https:\/\/www.meydan.tv\/az\/#organization"},"potentialAction":[{"@type":"SearchAction","target":{"@type":"EntryPoint","urlTemplate":"https:\/\/www.meydan.tv\/az\/?s={search_term_string}"},"query-input":{"@type":"PropertyValueSpecification","valueRequired":true,"valueName":"search_term_string"}}],"inLanguage":"az"},{"@type":"Organization","@id":"https:\/\/www.meydan.tv\/az\/#organization","name":"Meydan TV","url":"https:\/\/www.meydan.tv\/az\/","logo":{"@type":"ImageObject","inLanguage":"az","@id":"https:\/\/www.meydan.tv\/az\/#\/schema\/logo\/image\/","url":"https:\/\/www.meydan.tv\/wp-content\/uploads\/2021\/07\/meydan-logo.svg","contentUrl":"https:\/\/www.meydan.tv\/wp-content\/uploads\/2021\/07\/meydan-logo.svg","width":195,"height":46,"caption":"Meydan TV"},"image":{"@id":"https:\/\/www.meydan.tv\/az\/#\/schema\/logo\/image\/"}},{"@type":"Person","@id":"https:\/\/www.meydan.tv\/az\/#\/schema\/person\/09863e516102a829e72bedcf3f84c6b0","name":"mahmud"}]}},"_links":{"self":[{"href":"https:\/\/www.meydan.tv\/az\/wp-json\/wp\/v2\/posts\/343504","targetHints":{"allow":["GET"]}}],"collection":[{"href":"https:\/\/www.meydan.tv\/az\/wp-json\/wp\/v2\/posts"}],"about":[{"href":"https:\/\/www.meydan.tv\/az\/wp-json\/wp\/v2\/types\/post"}],"author":[{"embeddable":true,"href":"https:\/\/www.meydan.tv\/az\/wp-json\/wp\/v2\/users\/21"}],"replies":[{"embeddable":true,"href":"https:\/\/www.meydan.tv\/az\/wp-json\/wp\/v2\/comments?post=343504"}],"version-history":[{"count":1,"href":"https:\/\/www.meydan.tv\/az\/wp-json\/wp\/v2\/posts\/343504\/revisions"}],"predecessor-version":[{"id":343508,"href":"https:\/\/www.meydan.tv\/az\/wp-json\/wp\/v2\/posts\/343504\/revisions\/343508"}],"wp:featuredmedia":[{"embeddable":true,"href":"https:\/\/www.meydan.tv\/az\/wp-json\/wp\/v2\/media\/256892"}],"wp:attachment":[{"href":"https:\/\/www.meydan.tv\/az\/wp-json\/wp\/v2\/media?parent=343504"}],"wp:term":[{"taxonomy":"category","embeddable":true,"href":"https:\/\/www.meydan.tv\/az\/wp-json\/wp\/v2\/categories?post=343504"},{"taxonomy":"post_tag","embeddable":true,"href":"https:\/\/www.meydan.tv\/az\/wp-json\/wp\/v2\/tags?post=343504"}],"curies":[{"name":"wp","href":"https:\/\/api.w.org\/{rel}","templated":true}]}}