{"id":343498,"date":"2026-04-02T17:41:03","date_gmt":"2026-04-02T13:41:03","guid":{"rendered":"https:\/\/www.meydan.tv\/?p=343498"},"modified":"2026-04-02T17:41:06","modified_gmt":"2026-04-02T13:41:06","slug":"h%c9%99bsd%c9%99-olan-inancli-m%c9%99hbus-b%c9%99d%c9%99nim-curuyur","status":"publish","type":"post","link":"https:\/\/www.meydan.tv\/az\/article\/h%c9%99bsd%c9%99-olan-inancli-m%c9%99hbus-b%c9%99d%c9%99nim-curuyur\/","title":{"rendered":"H\u0259bsd\u0259 olan\u00a0 inancl\u0131 m\u0259hbus: \u201cB\u0259d\u0259nim \u00e7\u00fcr\u00fcy\u00fcr\u201d"},"content":{"rendered":"\n<p>Haz\u0131rda h\u0259bsd\u0259 olan inancl\u0131 m\u0259hbus M\u0259nsur V\u0259li\u015fovun s\u0259hh\u0259tinin pisl\u0259\u015fdiyi deyilir.<\/p>\n\n\n\n<p>Bu bar\u0259d\u0259 m\u0259hbusun ail\u0259si Meydan TV-y\u0259 dan\u0131\u015f\u0131b.<\/p>\n\n\n\n<p>Onlar\u0131n s\u00f6zl\u0259rin\u0259 g\u00f6r\u0259, M\u0259nsur V\u0259li\u015fov yax\u0131nlar\u0131 il\u0259 telefon dan\u0131\u015f\u0131\u011f\u0131 zaman\u0131 bildirib ki, 3 ayd\u0131r s\u0259hh\u0259tind\u0259 yaranan probleml\u0259 ba\u011fl\u0131 Penitensiar Xidm\u0259tin Tibb M\u00fc\u0259ssis\u0259si he\u00e7 bir t\u0259dbir g\u00f6rm\u00fcr. V\u0259li\u015fov deyib ki, b\u0259d\u0259nind\u0259ki yaralar getdikc\u0259 art\u0131r v\u0259 art\u0131q b\u0259d\u0259ni yava\u015f-yava\u015f \u00e7\u00fcr\u00fcm\u0259y\u0259 ba\u015flay\u0131r.<\/p>\n\n\n\n<p><em>\u201c<\/em><em>Bak\u0131 Penitensiar Kompleksinin r\u0259isi il\u0259 dan\u0131\u015fd\u0131m. Dedim ki, m\u0259nim b\u0259d\u0259nim \u00e7\u00fcr\u00fcy\u00fcr, m\u0259ni m\u00fcalic\u0259y\u0259 g\u00f6nd\u0259rin. <\/em><em>M\u00fc\u0259ssis\u0259 r\u0259isi deyir ki, <\/em><em>m\u0259nlik bir \u015fey yoxdur, y\u0259ni m\u0259nim s\u0259n\u0259 pis m\u00fcnasib\u0259tim yoxdur. Amma m\u0259n\u0259 yuxar\u0131dan icaz\u0259 vermirl\u0259r ki, m\u0259n s\u0259ni hans\u0131sa M\u00fcalic\u0259 M\u00fc\u0259ssis\u0259sin\u0259 g\u00f6nd\u0259rim v\u0259 ya s\u0259nin m\u00fcalic\u0259nl\u0259 yax\u0131ndan m\u0259\u015f\u011ful olum<\/em><em>\u201d,<\/em> &#8211; dey\u0259 o telefonla dan\u0131\u015f\u0131q zaman\u0131 ail\u0259sin\u0259 deyib.<\/p>\n\n\n\n<p>Ail\u0259 deyir ki, Umbak\u0131 C\u0259za\u00e7\u0259km\u0259 M\u00fc\u0259sis\u0259sind\u0259 m\u00fcalic\u0259 almaq \u00fc\u00e7\u00fcn he\u00e7 bir \u015f\u0259rait yoxdur. Ona laz\u0131m olan d\u0259rmanlar\u0131 da ail\u0259 al\u0131b g\u0259tirm\u0259k m\u0259cburiyy\u0259tind\u0259 qal\u0131r.<\/p>\n\n\n\n<p><em>\u201c<\/em><em>Bilirsiniz ki, orda o \u015f\u0259rait yoxdur. Amma bu adam\u0131n b\u0259d\u0259nind\u0259, d\u0259risind\u0259 problem yaran\u0131bsa, \u0259n az\u0131ndan yaxma g\u00f6t\u00fcr\u00fclm\u0259lidir, \u0259kilm\u0259lidir, qan\u0131ndan analiz al\u0131nmal\u0131d\u0131r. Y\u0259ni bunun he\u00e7 birin\u0259 Umbak\u0131da imkan yoxdur. Sad\u0259c\u0259 olaraq hans\u0131sa mazlarla, atma d\u0259rmanlarla \u00e7\u00f6ld\u0259n al\u0131n\u0131b apar\u0131lan, hans\u0131sa d\u0259rman v\u0259saitl\u0259ri il\u0259 v\u0259 h\u0259kimin yazd\u0131\u011f\u0131 m\u00fcalic\u0259 il\u0259 olmur, bu n\u0259tic\u0259 vermir<\/em><em>\u201d,<\/em> &#8211; dey\u0259 ail\u0259si bildirib.<\/p>\n\n\n\n<p>M\u0259nsur V\u0259li\u015fov v\u0259 ail\u0259si \u018fdliyy\u0259 Nazirliyinin Tibb Ba\u015f \u0130dar\u0259sinin n\u0259zdind\u0259 olan M\u00fcalic\u0259 M\u00fc\u0259ssis\u0259n\u0259 k\u00f6\u00e7\u00fcr\u00fclm\u0259k \u00fc\u00e7\u00fcn m\u00fcraci\u0259t ets\u0259 d\u0259, m\u00fcraci\u0259tl\u0259r cavabs\u0131z qal\u0131b.&nbsp;<\/p>\n\n\n\n<p>Bundan \u0259vv\u0259l fevral\u0131n 19-da M\u0259nsur V\u0259li\u015fov qollar\u0131 qandallanaraq, \u00e7arpay\u0131ya ba\u011fl\u0131 \u015f\u0259kild\u0259 zorak\u0131l\u0131\u011fa m\u0259ruz qal\u0131b. Hu\u015funu itir\u0259n V\u0259li\u015fovun \u00fcst\u00fcn\u0259 su t\u00f6k\u0259r\u0259k ay\u0131ld\u0131blar. Bu bar\u0259d\u0259 o, Prezident Administrasiyas\u0131na v\u0259 Ombusdmana m\u00fcraci\u0259t ets\u0259 d\u0259, cavab ala bilm\u0259yib.<\/p>\n\n\n\n<p>M\u0259nsur V\u0259li\u015fov Cinay\u0259t M\u0259c\u0259ll\u0259sinin 234.4.3-c\u00fc (qanunsuz olaraq narkotik vasit\u0259l\u0259ri, psixotrop madd\u0259l\u0259ri&nbsp; haz\u0131rlama, istehsal etm\u0259, \u0259ld\u0259 etm\u0259, saxlama, da\u015f\u0131ma, g\u00f6nd\u0259rm\u0259 v\u0259 ya satma k\u00fclli miqdarda t\u00f6r\u0259dildikd\u0259) madd\u0259si il\u0259 ittiham olunur.<\/p>\n\n\n\n<p>O, 2023-c\u00fc ilin 11 mart tarixind\u0259 \u0130mi\u015fli polis idar\u0259sinin \u0259m\u0259kda\u015flar\u0131 t\u0259r\u0259find\u0259n saxlan\u0131l\u0131b.&nbsp;<\/p>\n\n\n\n<p>L\u0259nk\u0259ran A\u011f\u0131r Cinay\u0259tl\u0259r M\u0259hk\u0259m\u0259sinin h\u00f6km\u00fc il\u0259 6 il m\u00fcdd\u0259tin\u0259 azadl\u0131qdan m\u0259hrum edilib.<\/p>\n","protected":false},"excerpt":{"rendered":"<p>Haz\u0131rda h\u0259bsd\u0259 olan inancl\u0131 m\u0259hbus M\u0259nsur V\u0259li\u015fovun s\u0259hh\u0259tinin pisl\u0259\u015fdiyi deyilir. &#8230; <\/p>\n<p class=\"read-more-container\"><a title=\"H\u0259bsd\u0259 olan\u00a0 inancl\u0131 m\u0259hbus: \u201cB\u0259d\u0259nim \u00e7\u00fcr\u00fcy\u00fcr\u201d\" class=\"read-more button\" href=\"https:\/\/www.meydan.tv\/az\/article\/h%c9%99bsd%c9%99-olan-inancli-m%c9%99hbus-b%c9%99d%c9%99nim-curuyur\/#more-343498\" aria-label=\"Read more about H\u0259bsd\u0259 olan\u00a0 inancl\u0131 m\u0259hbus: \u201cB\u0259d\u0259nim \u00e7\u00fcr\u00fcy\u00fcr\u201d\">Davam\u0131<\/a><\/p>\n","protected":false},"author":21,"featured_media":341877,"comment_status":"closed","ping_status":"closed","sticky":false,"template":"","format":"standard","meta":{"_acf_changed":false,"_sitemap_exclude":false,"_sitemap_priority":"","_sitemap_frequency":"","footnotes":""},"categories":[59,79,56],"tags":[],"class_list":["post-343498","post","type-post","status-publish","format-standard","has-post-thumbnail","hentry","category-siyaset","category-featured","category-xeberler","infinite-scroll-item","generate-columns","tablet-grid-50","mobile-grid-100","grid-parent","grid-33","no-featured-image-padding"],"acf":[],"yoast_head":"<!-- This site is optimized with the Yoast SEO plugin v27.5 - https:\/\/yoast.com\/product\/yoast-seo-wordpress\/ -->\n<title>H\u0259bsd\u0259 olan\u00a0 inancl\u0131 m\u0259hbus: \u201cB\u0259d\u0259nim \u00e7\u00fcr\u00fcy\u00fcr\u201d - MEYDAN.TV<\/title>\n<meta name=\"robots\" content=\"index, follow, max-snippet:-1, max-image-preview:large, max-video-preview:-1\" \/>\n<link rel=\"canonical\" href=\"https:\/\/www.meydan.tv\/az\/article\/h%c9%99bsd%c9%99-olan-inancli-m%c9%99hbus-b%c9%99d%c9%99nim-curuyur\/\" \/>\n<meta property=\"og:locale\" content=\"az_AZ\" \/>\n<meta property=\"og:type\" content=\"article\" \/>\n<meta property=\"og:title\" content=\"H\u0259bsd\u0259 olan\u00a0 inancl\u0131 m\u0259hbus: \u201cB\u0259d\u0259nim \u00e7\u00fcr\u00fcy\u00fcr\u201d - MEYDAN.TV\" \/>\n<meta property=\"og:description\" content=\"Haz\u0131rda h\u0259bsd\u0259 olan inancl\u0131 m\u0259hbus M\u0259nsur V\u0259li\u015fovun s\u0259hh\u0259tinin pisl\u0259\u015fdiyi deyilir. ... Davam\u0131\" \/>\n<meta property=\"og:url\" content=\"https:\/\/www.meydan.tv\/az\/article\/h%c9%99bsd%c9%99-olan-inancli-m%c9%99hbus-b%c9%99d%c9%99nim-curuyur\/\" \/>\n<meta property=\"og:site_name\" content=\"MEYDAN.TV\" \/>\n<meta property=\"article:published_time\" content=\"2026-04-02T13:41:03+00:00\" \/>\n<meta property=\"article:modified_time\" content=\"2026-04-02T13:41:06+00:00\" \/>\n<meta property=\"og:image\" content=\"https:\/\/www.meydan.tv\/wp-content\/uploads\/img_2452-e1771509053743.jpg\" \/>\n\t<meta property=\"og:image:width\" content=\"1280\" \/>\n\t<meta property=\"og:image:height\" content=\"690\" \/>\n\t<meta property=\"og:image:type\" content=\"image\/jpeg\" \/>\n<meta name=\"author\" content=\"mahmud\" \/>\n<meta name=\"twitter:card\" content=\"summary_large_image\" \/>\n<script type=\"application\/ld+json\" class=\"yoast-schema-graph\">{\"@context\":\"https:\\\/\\\/schema.org\",\"@graph\":[{\"@type\":\"Article\",\"@id\":\"https:\\\/\\\/www.meydan.tv\\\/az\\\/article\\\/h%c9%99bsd%c9%99-olan-inancli-m%c9%99hbus-b%c9%99d%c9%99nim-curuyur\\\/#article\",\"isPartOf\":{\"@id\":\"https:\\\/\\\/www.meydan.tv\\\/az\\\/article\\\/h%c9%99bsd%c9%99-olan-inancli-m%c9%99hbus-b%c9%99d%c9%99nim-curuyur\\\/\"},\"author\":{\"name\":\"mahmud\",\"@id\":\"https:\\\/\\\/www.meydan.tv\\\/az\\\/#\\\/schema\\\/person\\\/09863e516102a829e72bedcf3f84c6b0\"},\"headline\":\"H\u0259bsd\u0259 olan\u00a0 inancl\u0131 m\u0259hbus: \u201cB\u0259d\u0259nim \u00e7\u00fcr\u00fcy\u00fcr\u201d\",\"datePublished\":\"2026-04-02T13:41:03+00:00\",\"dateModified\":\"2026-04-02T13:41:06+00:00\",\"mainEntityOfPage\":{\"@id\":\"https:\\\/\\\/www.meydan.tv\\\/az\\\/article\\\/h%c9%99bsd%c9%99-olan-inancli-m%c9%99hbus-b%c9%99d%c9%99nim-curuyur\\\/\"},\"wordCount\":523,\"publisher\":{\"@id\":\"https:\\\/\\\/www.meydan.tv\\\/az\\\/#organization\"},\"image\":{\"@id\":\"https:\\\/\\\/www.meydan.tv\\\/az\\\/article\\\/h%c9%99bsd%c9%99-olan-inancli-m%c9%99hbus-b%c9%99d%c9%99nim-curuyur\\\/#primaryimage\"},\"thumbnailUrl\":\"https:\\\/\\\/www.meydan.tv\\\/wp-content\\\/uploads\\\/img_2452-e1771509053743.jpg\",\"articleSection\":[\"Siyas\u0259t\",\"T\u00f6vsiy\u0259\",\"X\u0259b\u0259rl\u0259r\"],\"inLanguage\":\"az\"},{\"@type\":\"WebPage\",\"@id\":\"https:\\\/\\\/www.meydan.tv\\\/az\\\/article\\\/h%c9%99bsd%c9%99-olan-inancli-m%c9%99hbus-b%c9%99d%c9%99nim-curuyur\\\/\",\"url\":\"https:\\\/\\\/www.meydan.tv\\\/az\\\/article\\\/h%c9%99bsd%c9%99-olan-inancli-m%c9%99hbus-b%c9%99d%c9%99nim-curuyur\\\/\",\"name\":\"H\u0259bsd\u0259 olan\u00a0 inancl\u0131 m\u0259hbus: \u201cB\u0259d\u0259nim \u00e7\u00fcr\u00fcy\u00fcr\u201d - MEYDAN.TV\",\"isPartOf\":{\"@id\":\"https:\\\/\\\/www.meydan.tv\\\/az\\\/#website\"},\"primaryImageOfPage\":{\"@id\":\"https:\\\/\\\/www.meydan.tv\\\/az\\\/article\\\/h%c9%99bsd%c9%99-olan-inancli-m%c9%99hbus-b%c9%99d%c9%99nim-curuyur\\\/#primaryimage\"},\"image\":{\"@id\":\"https:\\\/\\\/www.meydan.tv\\\/az\\\/article\\\/h%c9%99bsd%c9%99-olan-inancli-m%c9%99hbus-b%c9%99d%c9%99nim-curuyur\\\/#primaryimage\"},\"thumbnailUrl\":\"https:\\\/\\\/www.meydan.tv\\\/wp-content\\\/uploads\\\/img_2452-e1771509053743.jpg\",\"datePublished\":\"2026-04-02T13:41:03+00:00\",\"dateModified\":\"2026-04-02T13:41:06+00:00\",\"breadcrumb\":{\"@id\":\"https:\\\/\\\/www.meydan.tv\\\/az\\\/article\\\/h%c9%99bsd%c9%99-olan-inancli-m%c9%99hbus-b%c9%99d%c9%99nim-curuyur\\\/#breadcrumb\"},\"inLanguage\":\"az\",\"potentialAction\":[{\"@type\":\"ReadAction\",\"target\":[\"https:\\\/\\\/www.meydan.tv\\\/az\\\/article\\\/h%c9%99bsd%c9%99-olan-inancli-m%c9%99hbus-b%c9%99d%c9%99nim-curuyur\\\/\"]}]},{\"@type\":\"ImageObject\",\"inLanguage\":\"az\",\"@id\":\"https:\\\/\\\/www.meydan.tv\\\/az\\\/article\\\/h%c9%99bsd%c9%99-olan-inancli-m%c9%99hbus-b%c9%99d%c9%99nim-curuyur\\\/#primaryimage\",\"url\":\"https:\\\/\\\/www.meydan.tv\\\/wp-content\\\/uploads\\\/img_2452-e1771509053743.jpg\",\"contentUrl\":\"https:\\\/\\\/www.meydan.tv\\\/wp-content\\\/uploads\\\/img_2452-e1771509053743.jpg\",\"width\":1280,\"height\":690,\"caption\":\"M\u0259nsur V\u0259li\u015fov. Foto: \u015f\u0259xsi arxivind\u0259n\"},{\"@type\":\"BreadcrumbList\",\"@id\":\"https:\\\/\\\/www.meydan.tv\\\/az\\\/article\\\/h%c9%99bsd%c9%99-olan-inancli-m%c9%99hbus-b%c9%99d%c9%99nim-curuyur\\\/#breadcrumb\",\"itemListElement\":[{\"@type\":\"ListItem\",\"position\":1,\"name\":\"Ana s\u0259hif\u0259\",\"item\":\"https:\\\/\\\/www.meydan.tv\\\/az\\\/\"},{\"@type\":\"ListItem\",\"position\":2,\"name\":\"Siyas\u0259t\",\"item\":\"https:\\\/\\\/www.meydan.tv\\\/az\\\/section\\\/siyaset\\\/\"},{\"@type\":\"ListItem\",\"position\":3,\"name\":\"H\u0259bsd\u0259 olan\u00a0 inancl\u0131 m\u0259hbus: \u201cB\u0259d\u0259nim \u00e7\u00fcr\u00fcy\u00fcr\u201d\"}]},{\"@type\":\"WebSite\",\"@id\":\"https:\\\/\\\/www.meydan.tv\\\/az\\\/#website\",\"url\":\"https:\\\/\\\/www.meydan.tv\\\/az\\\/\",\"name\":\"MEYDAN.TV\",\"description\":\"Meydan TV Az\u0259rbaycan\u0131n media m\u0259kan\u0131ndak\u0131 alternativ s\u0259sidir\",\"publisher\":{\"@id\":\"https:\\\/\\\/www.meydan.tv\\\/az\\\/#organization\"},\"potentialAction\":[{\"@type\":\"SearchAction\",\"target\":{\"@type\":\"EntryPoint\",\"urlTemplate\":\"https:\\\/\\\/www.meydan.tv\\\/az\\\/?s={search_term_string}\"},\"query-input\":{\"@type\":\"PropertyValueSpecification\",\"valueRequired\":true,\"valueName\":\"search_term_string\"}}],\"inLanguage\":\"az\"},{\"@type\":\"Organization\",\"@id\":\"https:\\\/\\\/www.meydan.tv\\\/az\\\/#organization\",\"name\":\"Meydan TV\",\"url\":\"https:\\\/\\\/www.meydan.tv\\\/az\\\/\",\"logo\":{\"@type\":\"ImageObject\",\"inLanguage\":\"az\",\"@id\":\"https:\\\/\\\/www.meydan.tv\\\/az\\\/#\\\/schema\\\/logo\\\/image\\\/\",\"url\":\"https:\\\/\\\/www.meydan.tv\\\/wp-content\\\/uploads\\\/2021\\\/07\\\/meydan-logo.svg\",\"contentUrl\":\"https:\\\/\\\/www.meydan.tv\\\/wp-content\\\/uploads\\\/2021\\\/07\\\/meydan-logo.svg\",\"width\":195,\"height\":46,\"caption\":\"Meydan TV\"},\"image\":{\"@id\":\"https:\\\/\\\/www.meydan.tv\\\/az\\\/#\\\/schema\\\/logo\\\/image\\\/\"}},{\"@type\":\"Person\",\"@id\":\"https:\\\/\\\/www.meydan.tv\\\/az\\\/#\\\/schema\\\/person\\\/09863e516102a829e72bedcf3f84c6b0\",\"name\":\"mahmud\"}]}<\/script>\n<!-- \/ Yoast SEO plugin. -->","yoast_head_json":{"title":"H\u0259bsd\u0259 olan\u00a0 inancl\u0131 m\u0259hbus: \u201cB\u0259d\u0259nim \u00e7\u00fcr\u00fcy\u00fcr\u201d - MEYDAN.TV","robots":{"index":"index","follow":"follow","max-snippet":"max-snippet:-1","max-image-preview":"max-image-preview:large","max-video-preview":"max-video-preview:-1"},"canonical":"https:\/\/www.meydan.tv\/az\/article\/h%c9%99bsd%c9%99-olan-inancli-m%c9%99hbus-b%c9%99d%c9%99nim-curuyur\/","og_locale":"az_AZ","og_type":"article","og_title":"H\u0259bsd\u0259 olan\u00a0 inancl\u0131 m\u0259hbus: \u201cB\u0259d\u0259nim \u00e7\u00fcr\u00fcy\u00fcr\u201d - MEYDAN.TV","og_description":"Haz\u0131rda h\u0259bsd\u0259 olan inancl\u0131 m\u0259hbus M\u0259nsur V\u0259li\u015fovun s\u0259hh\u0259tinin pisl\u0259\u015fdiyi deyilir. ... Davam\u0131","og_url":"https:\/\/www.meydan.tv\/az\/article\/h%c9%99bsd%c9%99-olan-inancli-m%c9%99hbus-b%c9%99d%c9%99nim-curuyur\/","og_site_name":"MEYDAN.TV","article_published_time":"2026-04-02T13:41:03+00:00","article_modified_time":"2026-04-02T13:41:06+00:00","og_image":[{"width":1280,"height":690,"url":"https:\/\/www.meydan.tv\/wp-content\/uploads\/img_2452-e1771509053743.jpg","type":"image\/jpeg"}],"author":"mahmud","twitter_card":"summary_large_image","schema":{"@context":"https:\/\/schema.org","@graph":[{"@type":"Article","@id":"https:\/\/www.meydan.tv\/az\/article\/h%c9%99bsd%c9%99-olan-inancli-m%c9%99hbus-b%c9%99d%c9%99nim-curuyur\/#article","isPartOf":{"@id":"https:\/\/www.meydan.tv\/az\/article\/h%c9%99bsd%c9%99-olan-inancli-m%c9%99hbus-b%c9%99d%c9%99nim-curuyur\/"},"author":{"name":"mahmud","@id":"https:\/\/www.meydan.tv\/az\/#\/schema\/person\/09863e516102a829e72bedcf3f84c6b0"},"headline":"H\u0259bsd\u0259 olan\u00a0 inancl\u0131 m\u0259hbus: \u201cB\u0259d\u0259nim \u00e7\u00fcr\u00fcy\u00fcr\u201d","datePublished":"2026-04-02T13:41:03+00:00","dateModified":"2026-04-02T13:41:06+00:00","mainEntityOfPage":{"@id":"https:\/\/www.meydan.tv\/az\/article\/h%c9%99bsd%c9%99-olan-inancli-m%c9%99hbus-b%c9%99d%c9%99nim-curuyur\/"},"wordCount":523,"publisher":{"@id":"https:\/\/www.meydan.tv\/az\/#organization"},"image":{"@id":"https:\/\/www.meydan.tv\/az\/article\/h%c9%99bsd%c9%99-olan-inancli-m%c9%99hbus-b%c9%99d%c9%99nim-curuyur\/#primaryimage"},"thumbnailUrl":"https:\/\/www.meydan.tv\/wp-content\/uploads\/img_2452-e1771509053743.jpg","articleSection":["Siyas\u0259t","T\u00f6vsiy\u0259","X\u0259b\u0259rl\u0259r"],"inLanguage":"az"},{"@type":"WebPage","@id":"https:\/\/www.meydan.tv\/az\/article\/h%c9%99bsd%c9%99-olan-inancli-m%c9%99hbus-b%c9%99d%c9%99nim-curuyur\/","url":"https:\/\/www.meydan.tv\/az\/article\/h%c9%99bsd%c9%99-olan-inancli-m%c9%99hbus-b%c9%99d%c9%99nim-curuyur\/","name":"H\u0259bsd\u0259 olan\u00a0 inancl\u0131 m\u0259hbus: \u201cB\u0259d\u0259nim \u00e7\u00fcr\u00fcy\u00fcr\u201d - MEYDAN.TV","isPartOf":{"@id":"https:\/\/www.meydan.tv\/az\/#website"},"primaryImageOfPage":{"@id":"https:\/\/www.meydan.tv\/az\/article\/h%c9%99bsd%c9%99-olan-inancli-m%c9%99hbus-b%c9%99d%c9%99nim-curuyur\/#primaryimage"},"image":{"@id":"https:\/\/www.meydan.tv\/az\/article\/h%c9%99bsd%c9%99-olan-inancli-m%c9%99hbus-b%c9%99d%c9%99nim-curuyur\/#primaryimage"},"thumbnailUrl":"https:\/\/www.meydan.tv\/wp-content\/uploads\/img_2452-e1771509053743.jpg","datePublished":"2026-04-02T13:41:03+00:00","dateModified":"2026-04-02T13:41:06+00:00","breadcrumb":{"@id":"https:\/\/www.meydan.tv\/az\/article\/h%c9%99bsd%c9%99-olan-inancli-m%c9%99hbus-b%c9%99d%c9%99nim-curuyur\/#breadcrumb"},"inLanguage":"az","potentialAction":[{"@type":"ReadAction","target":["https:\/\/www.meydan.tv\/az\/article\/h%c9%99bsd%c9%99-olan-inancli-m%c9%99hbus-b%c9%99d%c9%99nim-curuyur\/"]}]},{"@type":"ImageObject","inLanguage":"az","@id":"https:\/\/www.meydan.tv\/az\/article\/h%c9%99bsd%c9%99-olan-inancli-m%c9%99hbus-b%c9%99d%c9%99nim-curuyur\/#primaryimage","url":"https:\/\/www.meydan.tv\/wp-content\/uploads\/img_2452-e1771509053743.jpg","contentUrl":"https:\/\/www.meydan.tv\/wp-content\/uploads\/img_2452-e1771509053743.jpg","width":1280,"height":690,"caption":"M\u0259nsur V\u0259li\u015fov. Foto: \u015f\u0259xsi arxivind\u0259n"},{"@type":"BreadcrumbList","@id":"https:\/\/www.meydan.tv\/az\/article\/h%c9%99bsd%c9%99-olan-inancli-m%c9%99hbus-b%c9%99d%c9%99nim-curuyur\/#breadcrumb","itemListElement":[{"@type":"ListItem","position":1,"name":"Ana s\u0259hif\u0259","item":"https:\/\/www.meydan.tv\/az\/"},{"@type":"ListItem","position":2,"name":"Siyas\u0259t","item":"https:\/\/www.meydan.tv\/az\/section\/siyaset\/"},{"@type":"ListItem","position":3,"name":"H\u0259bsd\u0259 olan\u00a0 inancl\u0131 m\u0259hbus: \u201cB\u0259d\u0259nim \u00e7\u00fcr\u00fcy\u00fcr\u201d"}]},{"@type":"WebSite","@id":"https:\/\/www.meydan.tv\/az\/#website","url":"https:\/\/www.meydan.tv\/az\/","name":"MEYDAN.TV","description":"Meydan TV Az\u0259rbaycan\u0131n media m\u0259kan\u0131ndak\u0131 alternativ s\u0259sidir","publisher":{"@id":"https:\/\/www.meydan.tv\/az\/#organization"},"potentialAction":[{"@type":"SearchAction","target":{"@type":"EntryPoint","urlTemplate":"https:\/\/www.meydan.tv\/az\/?s={search_term_string}"},"query-input":{"@type":"PropertyValueSpecification","valueRequired":true,"valueName":"search_term_string"}}],"inLanguage":"az"},{"@type":"Organization","@id":"https:\/\/www.meydan.tv\/az\/#organization","name":"Meydan TV","url":"https:\/\/www.meydan.tv\/az\/","logo":{"@type":"ImageObject","inLanguage":"az","@id":"https:\/\/www.meydan.tv\/az\/#\/schema\/logo\/image\/","url":"https:\/\/www.meydan.tv\/wp-content\/uploads\/2021\/07\/meydan-logo.svg","contentUrl":"https:\/\/www.meydan.tv\/wp-content\/uploads\/2021\/07\/meydan-logo.svg","width":195,"height":46,"caption":"Meydan TV"},"image":{"@id":"https:\/\/www.meydan.tv\/az\/#\/schema\/logo\/image\/"}},{"@type":"Person","@id":"https:\/\/www.meydan.tv\/az\/#\/schema\/person\/09863e516102a829e72bedcf3f84c6b0","name":"mahmud"}]}},"_links":{"self":[{"href":"https:\/\/www.meydan.tv\/az\/wp-json\/wp\/v2\/posts\/343498","targetHints":{"allow":["GET"]}}],"collection":[{"href":"https:\/\/www.meydan.tv\/az\/wp-json\/wp\/v2\/posts"}],"about":[{"href":"https:\/\/www.meydan.tv\/az\/wp-json\/wp\/v2\/types\/post"}],"author":[{"embeddable":true,"href":"https:\/\/www.meydan.tv\/az\/wp-json\/wp\/v2\/users\/21"}],"replies":[{"embeddable":true,"href":"https:\/\/www.meydan.tv\/az\/wp-json\/wp\/v2\/comments?post=343498"}],"version-history":[{"count":1,"href":"https:\/\/www.meydan.tv\/az\/wp-json\/wp\/v2\/posts\/343498\/revisions"}],"predecessor-version":[{"id":343499,"href":"https:\/\/www.meydan.tv\/az\/wp-json\/wp\/v2\/posts\/343498\/revisions\/343499"}],"wp:featuredmedia":[{"embeddable":true,"href":"https:\/\/www.meydan.tv\/az\/wp-json\/wp\/v2\/media\/341877"}],"wp:attachment":[{"href":"https:\/\/www.meydan.tv\/az\/wp-json\/wp\/v2\/media?parent=343498"}],"wp:term":[{"taxonomy":"category","embeddable":true,"href":"https:\/\/www.meydan.tv\/az\/wp-json\/wp\/v2\/categories?post=343498"},{"taxonomy":"post_tag","embeddable":true,"href":"https:\/\/www.meydan.tv\/az\/wp-json\/wp\/v2\/tags?post=343498"}],"curies":[{"name":"wp","href":"https:\/\/api.w.org\/{rel}","templated":true}]}}