{"id":343492,"date":"2026-04-02T17:32:56","date_gmt":"2026-04-02T13:32:56","guid":{"rendered":"https:\/\/www.meydan.tv\/?p=343492"},"modified":"2026-04-02T17:33:00","modified_gmt":"2026-04-02T13:33:00","slug":"kanalizasiya-yox-sistem-problemi-baki-niy%c9%99-h%c9%99r-il-su-altinda-qalir","status":"publish","type":"post","link":"https:\/\/www.meydan.tv\/az\/article\/kanalizasiya-yox-sistem-problemi-baki-niy%c9%99-h%c9%99r-il-su-altinda-qalir\/","title":{"rendered":"Kanalizasiya yox, sistem problemi: Bak\u0131 niy\u0259 h\u0259r il su alt\u0131nda qal\u0131r?"},"content":{"rendered":"\n<p>Bir ne\u00e7\u0259 g\u00fcn \u0259vv\u0259l Bak\u0131ya ya\u011fan intensiv ya\u011f\u0131\u015flar n\u0259tic\u0259sind\u0259 paytaxt\u0131n m\u00fcxt\u0259lif \u0259razil\u0259rind\u0259 yollar, f\u0259rdi ya\u015fay\u0131\u015f evl\u0259ri v\u0259 ia\u015f\u0259 obyektl\u0259ri, avtomobill\u0259r su alt\u0131nda qal\u0131b, b\u0259zi q\u0259s\u0259b\u0259l\u0259rd\u0259 is\u0259 k\u00f6rp\u00fcl\u0259r v\u0259 yollar yarars\u0131z v\u0259ziyy\u0259t\u0259 d\u00fc\u015f\u00fcb.<\/p>\n\n\n\n<p>H\u0259r il t\u0259krarlanan bu c\u00fcr g\u00fccl\u00fc ya\u011f\u0131\u015flar ox\u015far f\u0259sadlara s\u0259b\u0259b olur, b\u0259zi hallarda is\u0259 insan t\u0259l\u0259fat\u0131 il\u0259 n\u0259tic\u0259l\u0259nir. 2024-c\u00fc ilin oktyabr\u0131nda Sabun\u00e7u tunelind\u0259 ba\u015f ver\u0259n hadis\u0259 zaman\u0131 iki n\u0259f\u0259rin bo\u011fularaq \u00f6lm\u0259si problemin ciddiliyini bir daha g\u00fcnd\u0259m\u0259 g\u0259tirmi\u015fdi.<\/p>\n\n\n\n<h4 class=\"wp-block-heading\"><strong>R\u0259smi m\u00f6vqe: m\u0259suliyy\u0259t kimd\u0259dir?<\/strong><\/h4>\n\n\n\n<p>R\u0259smi qurumlar ad\u0259t\u0259n bu hadis\u0259l\u0259ri \u201ciqlim d\u0259yi\u015fikliyi\u201d v\u0259 \u201cnormadan art\u0131q ya\u011f\u0131nt\u0131\u201d il\u0259 izah ed\u0259r\u0259k t\u0259bii f\u0259lak\u0259t kimi t\u0259qdim edir.<br><br>Hadis\u0259d\u0259n sonra, mart\u0131n 30-da Bak\u0131 \u015e\u0259h\u0259r \u0130cra Hakimiyy\u0259tind\u0259 ke\u00e7iril\u0259n m\u00fc\u015favir\u0259d\u0259 bildirilib ki, \u201capar\u0131lan monitoriql\u0259rin n\u0259tic\u0259l\u0259rin\u0259 \u0259sas\u0259n, ya\u011f\u0131\u015fdan \u0259n \u00e7ox vaxtil\u0259 he\u00e7 bir tikinti normalar\u0131na uy\u011fun olmayaraq qanunsuz tikil\u0259n evl\u0259r ziyan g\u00f6r\u00fcb\u201d.<\/p>\n\n\n\n<h4 class=\"wp-block-heading\"><strong>V\u0259t\u0259nda\u015flar \u015fikay\u0259t edir: \u201cH\u0259r ya\u011f\u0131\u015fdan sonra eyni v\u0259ziyy\u0259t\u201d<\/strong><\/h4>\n\n\n\n<p>Sosial \u015f\u0259b\u0259k\u0259l\u0259rd\u0259 yay\u0131lan g\u00f6r\u00fcnt\u00fcl\u0259r v\u0259 istifad\u0259\u00e7i r\u0259yl\u0259ri is\u0259 problemin sistemli xarakter da\u015f\u0131d\u0131\u011f\u0131n\u0131 g\u00f6st\u0259rir. Sabun\u00e7u sakini V\u00fcsal \u018fliyev deyir ki, h\u0259r ya\u011f\u0131\u015fdan sonra evi su alt\u0131nda qal\u0131r:<\/p>\n\n\n\n<figure class=\"wp-block-image size-large\"><img decoding=\"async\" width=\"1200\" height=\"586\" data-src=\"https:\/\/www.meydan.tv\/wp-content\/uploads\/09870-1200x586.png\" alt=\"\" class=\"wp-image-343471 lazyload\" src=\"data:image\/svg+xml;base64,PHN2ZyB3aWR0aD0iMSIgaGVpZ2h0PSIxIiB4bWxucz0iaHR0cDovL3d3dy53My5vcmcvMjAwMC9zdmciPjwvc3ZnPg==\" style=\"--smush-placeholder-width: 1200px; --smush-placeholder-aspect-ratio: 1200\/586;\" \/><figcaption class=\"wp-element-caption\">Bak\u0131ya ya\u011fan ya\u011f\u0131\u015fdan sonra v\u0259ziyy\u0259t &#8211; Foto: Video Screenshot &#8211; Meydan TV Instagram hesab\u0131<\/figcaption><\/figure>\n\n\n\n<p><em>\u201cH\u0259y\u0259t evidir. Ya\u011f\u0131\u015f ya\u011fan kimi ev su i\u00e7ind\u0259 qal\u0131r, mebell\u0259rim ziyan g\u00f6r\u00fcr. Bu v\u0259ziyy\u0259t ill\u0259rdir davam edir. \u015eikay\u0259t etm\u0259diyimiz qurum qalmay\u0131b. H\u0259r d\u0259f\u0259 deyirl\u0259r ki, d\u00fcz\u0259l\u0259c\u0259k, amma d\u0259yi\u015f\u0259n he\u00e7 n\u0259 yoxdur\u201d.<\/em><\/p>\n\n\n\n<p>X\u0131rdalan sakini Aysun M\u0259mm\u0259dova da ox\u015far probleml\u0259 \u00fczl\u0259\u015fdiyini bildirir:<\/p>\n\n\n\n<p><em>\u201cH\u0259r d\u0259f\u0259 ya\u011f\u0131\u015f ya\u011fanda qorxu i\u00e7ind\u0259 oluruq ki, ev yen\u0259 su alt\u0131nda qalacaq. U\u015faqlar gec\u0259 yata bilmir. H\u0259r d\u0259f\u0259 suyu \u00f6z\u00fcm\u00fcz t\u0259mizl\u0259yirik v\u0259 ziyana d\u00fc\u015f\u00fcr\u00fck. D\u0259f\u0259l\u0259rl\u0259 m\u00fcraci\u0259t etmi\u015fik, amma n\u0259tic\u0259 olmay\u0131b\u201d.<\/em><\/p>\n\n\n\n<h4 class=\"wp-block-heading\"><strong>Problemin s\u0259b\u0259bi: z\u0259if infrastruktur<\/strong><\/h4>\n\n\n\n<p>2026-c\u0131 il yanvar\u0131n 12-d\u0259 Prezident \u0130lham \u018fliyevin s\u0259drliyi il\u0259 ke\u00e7iril\u0259n <a href=\"https:\/\/president.az\/az\/articles\/view\/71521\" target=\"_blank\" rel=\"noreferrer noopener nofollow\">m\u00fc\u015favir\u0259d\u0259 <\/a>is\u0259 problemin \u0259sas s\u0259b\u0259bl\u0259rind\u0259n biri kimi kanalizasiya sisteminin z\u0259ifliyi g\u00f6st\u0259rilib. D\u00f6vl\u0259t ba\u015f\u00e7\u0131s\u0131 leysan ya\u011f\u0131\u015flar\u0131 zaman\u0131 \u015f\u0259h\u0259r n\u0259qliyyat\u0131n\u0131n iflic oldu\u011funu bildirib.<\/p>\n\n\n\n<p>Onun s\u00f6zl\u0259rin\u0259 g\u00f6r\u0259, \u00e7\u0131x\u0131\u015f yolu kimi Bak\u0131n\u0131n 30 k\u00fc\u00e7\u0259sind\u0259 yeni kollektor \u015f\u0259b\u0259k\u0259sinin qurulmas\u0131 v\u0259 kanalizasiya il\u0259 t\u0259minat s\u0259viyy\u0259sinin 50 faizd\u0259n 95 faiz\u0259 \u00e7atd\u0131r\u0131lmas\u0131 planla\u015fd\u0131r\u0131l\u0131r.<\/p>\n\n\n\n<p>Bak\u0131da kanalizasiya sisteminin yenid\u0259n qurulmas\u0131na v\u0259 b\u0259rpas\u0131na da vaxta\u015f\u0131r\u0131 v\u0259saitl\u0259r ayr\u0131l\u0131b. 2016-c\u0131 ild\u0259 Prezident \u0130lham \u018fliyevin s\u0259r\u0259ncam\u0131 il\u0259 Bak\u0131da ya\u011f\u0131\u015f kanalizasiya sisteminin t\u0259kmill\u0259\u015fdirilm\u0259si il\u0259 \u0259laq\u0259dar <a href=\"https:\/\/azertag.az\/xeber\/baki_seherinde_yagis_kanalizasiya_sisteminin_tekmillesdirilmesi_ile_elaqedar_ischi_qrupunun_yaradilmasi_haqqinda_azerbaycan_respublikasi_prezidentinin_serencami-1009710\" target=\"_blank\" rel=\"noreferrer noopener nofollow\">i\u015f\u00e7i qrupu<\/a> yarad\u0131l\u0131b. Onun s\u0259dri d\u0259 o vaxt Prezident Administrasiyas\u0131n\u0131n s\u0259dri olan Ramiz Mehdiyev t\u0259yin edilib. S\u00f6z\u00fcged\u0259n s\u0259r\u0259ncam\u0131n icras\u0131 il\u0259 ba\u011fl\u0131 2017-ci ilin may\u0131nda ba\u015f nazirin sabiq m\u00fcavini Abid \u015e\u0259rifov bildirmi\u015fdi ki, \u00fcmumilikd\u0259 14 layih\u0259nin h\u0259yata ke\u00e7irilm\u0259si planla\u015fd\u0131r\u0131l\u0131b, 12 layih\u0259y\u0259 14 milyon 200 min manat v\u0259sait ayr\u0131l\u0131b. Amma sonradan layih\u0259l\u0259rin icras\u0131 il\u0259 ba\u011fl\u0131 m\u0259lumat verilm\u0259yib.<\/p>\n\n\n\n<p>H\u00f6vsan v\u0259 Z\u0131\u011f layih\u0259si \u00fc\u00e7\u00fcn Fransadan 35 milyon avro kredit, \u0259lav\u0259 olaraq d\u00f6vl\u0259t b\u00fcdc\u0259sind\u0259n 44,9 milyon manat ayr\u0131l\u0131b.<\/p>\n\n\n\n<p>\u00dcmumilikd\u0259 indiy\u0259d\u0259k 314,8 milyon manat \u00fcmumi v\u0259sait ayr\u0131l\u0131b.<br><br>Bundan \u0259lav\u0259, Bak\u0131 \u015f\u0259h\u0259rinin 2040-c\u0131 il\u0259d\u0259k inki\u015faf\u0131n\u0131 n\u0259z\u0259rd\u0259 tutan ba\u015f plana \u0259sas\u0259n, 2020\u20132040-c\u0131 ill\u0259r \u0259rzind\u0259 paytaxt\u0131n su t\u0259chizat\u0131 v\u0259 kanalizasiya sisteml\u0259rinin qurulmas\u0131 \u00fc\u00e7\u00fcn \u00fcmumilikd\u0259 9,2 milyard manat v\u0259sait t\u0259l\u0259b olunur. Bu m\u0259bl\u0259\u011fin 487,9 milyon manat\u0131 is\u0259 yaln\u0131z ya\u011f\u0131\u015f sular\u0131n\u0131n ax\u0131d\u0131lmas\u0131 \u00fc\u00e7\u00fcn n\u0259z\u0259rd\u0259 tutulan kanalizasiya x\u0259tl\u0259rinin \u00e7\u0259kili\u015fin\u0259 ayr\u0131l\u0131r.<\/p>\n\n\n\n<h4 class=\"wp-block-heading\"><strong>Ekspert: \u201c\u00d6zba\u015f\u0131na tikinti, korrupsiya, r\u00fc\u015fv\u0259t hallar\u0131n\u0131n n\u0259tic\u0259sind\u0259 bel\u0259 bir durum yaran\u0131b\u201d<\/strong><\/h4>\n\n\n\n<p>\u0130qtisad\u00e7\u0131 Z\u00f6hrab \u0130smay\u0131l Meydan TV-y\u0259 bu problemin bir ne\u00e7\u0259 s\u0259b\u0259binin oldu\u011funu deyir.<\/p>\n\n\n<div class=\"wp-block-image\">\n<figure class=\"alignleft size-full is-resized\"><img decoding=\"async\" width=\"987\" height=\"555\" data-src=\"https:\/\/www.meydan.tv\/wp-content\/uploads\/28517.jpg\" alt=\"Z\u00f6hrab \u0130smay\u0131l foto sosial \u015f\u0259b\u0259k\u0259\" class=\"wp-image-73875 lazyload\" style=\"--smush-placeholder-width: 987px; --smush-placeholder-aspect-ratio: 987\/555;aspect-ratio:1.7783952761375477;width:434px;height:auto\" src=\"data:image\/svg+xml;base64,PHN2ZyB3aWR0aD0iMSIgaGVpZ2h0PSIxIiB4bWxucz0iaHR0cDovL3d3dy53My5vcmcvMjAwMC9zdmciPjwvc3ZnPg==\" \/><figcaption class=\"wp-element-caption\">Foto: \u015f\u0259xsi Facebook s\u0259hif\u0259si<\/figcaption><\/figure>\n<\/div>\n\n\n<p><em>\u201cT\u0259xmin\u0259n 17-18 il \u0259rzind\u0259 Bak\u0131n\u0131n ba\u015f plan\u0131 olmay\u0131b. Eyni zamanda da 2000-ci ill\u0259rd\u0259n etibar\u0259n binalar tikilib, yollar sal\u0131n\u0131b. Bu proses zaman\u0131 da ya\u011f\u0131\u015f sular\u0131n\u0131 d\u0259niz\u0259 ax\u0131dan b\u00fct\u00fcn x\u0259tl\u0259r m\u0259hv edilib. \u00d6zba\u015f\u0131na tikinti, korrupsiya, r\u00fc\u015fv\u0259t hallar\u0131n\u0131n n\u0259tic\u0259sind\u0259 bel\u0259 bir durum yaran\u0131b. Neft g\u0259lirl\u0259rind\u0259n \u0259ld\u0259 olunan milyardlarla pulun bir qismi d\u0259 Bak\u0131da m\u0259nas\u0131z, tunell\u0259r, yollar\u0131n sal\u0131nmas\u0131na x\u0259rcl\u0259nib. Bunun n\u0259tic\u0259sind\u0259 biz yen\u0259 d\u0259 g\u00f6rd\u00fck ki, Bak\u0131da \u00fcmumiyy\u0259tl\u0259, bu sistem yoxdur\u201d.<\/em><\/p>\n\n\n\n<p>\u0130qtisad\u00e7\u0131 deyir ki, problemi aradan qald\u0131rmaq \u00fc\u00e7\u00fcn d\u0259 milyardlarla manat x\u0259rcl\u0259nm\u0259lidir:<\/p>\n\n\n\n<p><em>\u201cYenid\u0259n b\u00fct\u00fcn yollar qaz\u0131lmal\u0131d\u0131r. Tunell\u0259r qurumal\u0131d\u0131r. S\u00f6hb\u0259t t\u0259k kanalizasiya v\u0259 ya ya\u011f\u0131\u015f sular\u0131ndan getmir. Yollar \u00e7\u00f6k\u00fcr. \u00c7\u00fcnki onlar\u0131n \u00f6z\u00fcl\u00fc yoxdur.&nbsp; Bo\u015f torpaqlar\u0131n \u00fcz\u0259rind\u0259n avtomobil yollar\u0131 \u00e7\u0259kilib. B\u00fct\u00fcn bunlara \u00e7ox b\u00f6y\u00fck pullar laz\u0131md\u0131r. Amma burada he\u00e7 bir perspektiv d\u0259 g\u00f6r\u00fcnm\u00fcr. \u00c7\u00fcnki Az\u0259rbaycan h\u00f6kum\u0259ti m\u00fcasir, modern idar\u0259etm\u0259ni q\u0259bul etmir. \u0130lham \u018fliyev bu m\u0259s\u0259l\u0259l\u0259ri \u00f6z\u00fc \u015f\u0259xs\u0259n bu v\u0259 ya ba\u015fqa formada h\u0259ll edir\u201d. <\/em><em><br><\/em><br>Ekspert bildirir ki, z\u0259r\u0259r\u00e7\u0259kmi\u015f insanlar m\u0259hk\u0259m\u0259l\u0259r\u0259 m\u00fcraci\u0259t etm\u0259lidirl\u0259r.<br><br><em>\u201c\u00c7\u00fcnki b\u00fct\u00fcn bu ba\u015f ver\u0259nl\u0259r ham\u0131s\u0131 d\u00f6vl\u0259t qurumlar\u0131n\u0131 yanl\u0131\u015f f\u0259aliyy\u0259ti, y\u0259ni \u00f6z v\u0259zif\u0259l\u0259rinin \u00f6hd\u0259sind\u0259n g\u0259lm\u0259m\u0259si n\u0259tic\u0259sind\u0259 ba\u015f verib. Amma bu prosesin \u00e7\u0131x\u0131\u015f yolu yoxdur. N\u00f6vb\u0259ti d\u0259f\u0259 yen\u0259 ya\u011f\u0131\u015f ya\u011fanda eyni \u015feyl\u0259rin \u015fahidi olaca\u011f\u0131q\u201d,- <\/em>dey\u0259 Z\u00f6hrab \u0130smay\u0131l \u0259lav\u0259 edib.&nbsp;<\/p>\n\n\n\n<p><\/p>\n","protected":false},"excerpt":{"rendered":"<p>Bir ne\u00e7\u0259 g\u00fcn \u0259vv\u0259l Bak\u0131ya ya\u011fan intensiv ya\u011f\u0131\u015flar n\u0259tic\u0259sind\u0259 paytaxt\u0131n &#8230; <\/p>\n<p class=\"read-more-container\"><a title=\"Kanalizasiya yox, sistem problemi: Bak\u0131 niy\u0259 h\u0259r il su alt\u0131nda qal\u0131r?\" class=\"read-more button\" href=\"https:\/\/www.meydan.tv\/az\/article\/kanalizasiya-yox-sistem-problemi-baki-niy%c9%99-h%c9%99r-il-su-altinda-qalir\/#more-343492\" aria-label=\"Read more about Kanalizasiya yox, sistem problemi: Bak\u0131 niy\u0259 h\u0259r il su alt\u0131nda qal\u0131r?\">Davam\u0131<\/a><\/p>\n","protected":false},"author":21,"featured_media":343494,"comment_status":"closed","ping_status":"closed","sticky":false,"template":"","format":"standard","meta":{"_acf_changed":false,"_sitemap_exclude":false,"_sitemap_priority":"","_sitemap_frequency":"","footnotes":""},"categories":[88,62,79,56],"tags":[],"class_list":["post-343492","post","type-post","status-publish","format-standard","has-post-thumbnail","hentry","category-redaktor-secimi","category-sosial","category-featured","category-xeberler","infinite-scroll-item","generate-columns","tablet-grid-50","mobile-grid-100","grid-parent","grid-33","no-featured-image-padding"],"acf":[],"yoast_head":"<!-- This site is optimized with the Yoast SEO plugin v27.4 - https:\/\/yoast.com\/product\/yoast-seo-wordpress\/ -->\n<title>Kanalizasiya yox, sistem problemi: Bak\u0131 niy\u0259 h\u0259r il su alt\u0131nda qal\u0131r? - MEYDAN.TV<\/title>\n<meta name=\"robots\" content=\"index, follow, max-snippet:-1, max-image-preview:large, max-video-preview:-1\" \/>\n<link rel=\"canonical\" href=\"https:\/\/www.meydan.tv\/az\/article\/kanalizasiya-yox-sistem-problemi-baki-niy%c9%99-h%c9%99r-il-su-altinda-qalir\/\" \/>\n<meta property=\"og:locale\" content=\"az_AZ\" \/>\n<meta property=\"og:type\" content=\"article\" \/>\n<meta property=\"og:title\" content=\"Kanalizasiya yox, sistem problemi: Bak\u0131 niy\u0259 h\u0259r il su alt\u0131nda qal\u0131r? - MEYDAN.TV\" \/>\n<meta property=\"og:description\" content=\"Bir ne\u00e7\u0259 g\u00fcn \u0259vv\u0259l Bak\u0131ya ya\u011fan intensiv ya\u011f\u0131\u015flar n\u0259tic\u0259sind\u0259 paytaxt\u0131n ... Davam\u0131\" \/>\n<meta property=\"og:url\" content=\"https:\/\/www.meydan.tv\/az\/article\/kanalizasiya-yox-sistem-problemi-baki-niy%c9%99-h%c9%99r-il-su-altinda-qalir\/\" \/>\n<meta property=\"og:site_name\" content=\"MEYDAN.TV\" \/>\n<meta property=\"article:published_time\" content=\"2026-04-02T13:32:56+00:00\" \/>\n<meta property=\"article:modified_time\" content=\"2026-04-02T13:33:00+00:00\" \/>\n<meta property=\"og:image\" content=\"https:\/\/www.meydan.tv\/wp-content\/uploads\/0776-1-1200x586.png\" \/>\n\t<meta property=\"og:image:width\" content=\"1200\" \/>\n\t<meta property=\"og:image:height\" content=\"586\" \/>\n\t<meta property=\"og:image:type\" content=\"image\/png\" \/>\n<meta name=\"author\" content=\"mahmud\" \/>\n<meta name=\"twitter:card\" content=\"summary_large_image\" \/>\n<script type=\"application\/ld+json\" class=\"yoast-schema-graph\">{\"@context\":\"https:\\\/\\\/schema.org\",\"@graph\":[{\"@type\":\"Article\",\"@id\":\"https:\\\/\\\/www.meydan.tv\\\/az\\\/article\\\/kanalizasiya-yox-sistem-problemi-baki-niy%c9%99-h%c9%99r-il-su-altinda-qalir\\\/#article\",\"isPartOf\":{\"@id\":\"https:\\\/\\\/www.meydan.tv\\\/az\\\/article\\\/kanalizasiya-yox-sistem-problemi-baki-niy%c9%99-h%c9%99r-il-su-altinda-qalir\\\/\"},\"author\":{\"name\":\"mahmud\",\"@id\":\"https:\\\/\\\/www.meydan.tv\\\/az\\\/#\\\/schema\\\/person\\\/09863e516102a829e72bedcf3f84c6b0\"},\"headline\":\"Kanalizasiya yox, sistem problemi: Bak\u0131 niy\u0259 h\u0259r il su alt\u0131nda qal\u0131r?\",\"datePublished\":\"2026-04-02T13:32:56+00:00\",\"dateModified\":\"2026-04-02T13:33:00+00:00\",\"mainEntityOfPage\":{\"@id\":\"https:\\\/\\\/www.meydan.tv\\\/az\\\/article\\\/kanalizasiya-yox-sistem-problemi-baki-niy%c9%99-h%c9%99r-il-su-altinda-qalir\\\/\"},\"wordCount\":1135,\"publisher\":{\"@id\":\"https:\\\/\\\/www.meydan.tv\\\/az\\\/#organization\"},\"image\":{\"@id\":\"https:\\\/\\\/www.meydan.tv\\\/az\\\/article\\\/kanalizasiya-yox-sistem-problemi-baki-niy%c9%99-h%c9%99r-il-su-altinda-qalir\\\/#primaryimage\"},\"thumbnailUrl\":\"https:\\\/\\\/www.meydan.tv\\\/wp-content\\\/uploads\\\/0776-1.png\",\"articleSection\":[\"Redaktor se\u00e7imi\",\"Sosial\",\"T\u00f6vsiy\u0259\",\"X\u0259b\u0259rl\u0259r\"],\"inLanguage\":\"az\"},{\"@type\":\"WebPage\",\"@id\":\"https:\\\/\\\/www.meydan.tv\\\/az\\\/article\\\/kanalizasiya-yox-sistem-problemi-baki-niy%c9%99-h%c9%99r-il-su-altinda-qalir\\\/\",\"url\":\"https:\\\/\\\/www.meydan.tv\\\/az\\\/article\\\/kanalizasiya-yox-sistem-problemi-baki-niy%c9%99-h%c9%99r-il-su-altinda-qalir\\\/\",\"name\":\"Kanalizasiya yox, sistem problemi: Bak\u0131 niy\u0259 h\u0259r il su alt\u0131nda qal\u0131r? - MEYDAN.TV\",\"isPartOf\":{\"@id\":\"https:\\\/\\\/www.meydan.tv\\\/az\\\/#website\"},\"primaryImageOfPage\":{\"@id\":\"https:\\\/\\\/www.meydan.tv\\\/az\\\/article\\\/kanalizasiya-yox-sistem-problemi-baki-niy%c9%99-h%c9%99r-il-su-altinda-qalir\\\/#primaryimage\"},\"image\":{\"@id\":\"https:\\\/\\\/www.meydan.tv\\\/az\\\/article\\\/kanalizasiya-yox-sistem-problemi-baki-niy%c9%99-h%c9%99r-il-su-altinda-qalir\\\/#primaryimage\"},\"thumbnailUrl\":\"https:\\\/\\\/www.meydan.tv\\\/wp-content\\\/uploads\\\/0776-1.png\",\"datePublished\":\"2026-04-02T13:32:56+00:00\",\"dateModified\":\"2026-04-02T13:33:00+00:00\",\"breadcrumb\":{\"@id\":\"https:\\\/\\\/www.meydan.tv\\\/az\\\/article\\\/kanalizasiya-yox-sistem-problemi-baki-niy%c9%99-h%c9%99r-il-su-altinda-qalir\\\/#breadcrumb\"},\"inLanguage\":\"az\",\"potentialAction\":[{\"@type\":\"ReadAction\",\"target\":[\"https:\\\/\\\/www.meydan.tv\\\/az\\\/article\\\/kanalizasiya-yox-sistem-problemi-baki-niy%c9%99-h%c9%99r-il-su-altinda-qalir\\\/\"]}]},{\"@type\":\"ImageObject\",\"inLanguage\":\"az\",\"@id\":\"https:\\\/\\\/www.meydan.tv\\\/az\\\/article\\\/kanalizasiya-yox-sistem-problemi-baki-niy%c9%99-h%c9%99r-il-su-altinda-qalir\\\/#primaryimage\",\"url\":\"https:\\\/\\\/www.meydan.tv\\\/wp-content\\\/uploads\\\/0776-1.png\",\"contentUrl\":\"https:\\\/\\\/www.meydan.tv\\\/wp-content\\\/uploads\\\/0776-1.png\",\"width\":1920,\"height\":938,\"caption\":\"Foto: Meydan TV-nin \u0130nstagram s\u0259hif\u0259si\"},{\"@type\":\"BreadcrumbList\",\"@id\":\"https:\\\/\\\/www.meydan.tv\\\/az\\\/article\\\/kanalizasiya-yox-sistem-problemi-baki-niy%c9%99-h%c9%99r-il-su-altinda-qalir\\\/#breadcrumb\",\"itemListElement\":[{\"@type\":\"ListItem\",\"position\":1,\"name\":\"Ana s\u0259hif\u0259\",\"item\":\"https:\\\/\\\/www.meydan.tv\\\/az\\\/\"},{\"@type\":\"ListItem\",\"position\":2,\"name\":\"Sosial\",\"item\":\"https:\\\/\\\/www.meydan.tv\\\/az\\\/section\\\/sosial\\\/\"},{\"@type\":\"ListItem\",\"position\":3,\"name\":\"Kanalizasiya yox, sistem problemi: Bak\u0131 niy\u0259 h\u0259r il su alt\u0131nda qal\u0131r?\"}]},{\"@type\":\"WebSite\",\"@id\":\"https:\\\/\\\/www.meydan.tv\\\/az\\\/#website\",\"url\":\"https:\\\/\\\/www.meydan.tv\\\/az\\\/\",\"name\":\"MEYDAN.TV\",\"description\":\"Meydan TV Az\u0259rbaycan\u0131n media m\u0259kan\u0131ndak\u0131 alternativ s\u0259sidir\",\"publisher\":{\"@id\":\"https:\\\/\\\/www.meydan.tv\\\/az\\\/#organization\"},\"potentialAction\":[{\"@type\":\"SearchAction\",\"target\":{\"@type\":\"EntryPoint\",\"urlTemplate\":\"https:\\\/\\\/www.meydan.tv\\\/az\\\/?s={search_term_string}\"},\"query-input\":{\"@type\":\"PropertyValueSpecification\",\"valueRequired\":true,\"valueName\":\"search_term_string\"}}],\"inLanguage\":\"az\"},{\"@type\":\"Organization\",\"@id\":\"https:\\\/\\\/www.meydan.tv\\\/az\\\/#organization\",\"name\":\"Meydan TV\",\"url\":\"https:\\\/\\\/www.meydan.tv\\\/az\\\/\",\"logo\":{\"@type\":\"ImageObject\",\"inLanguage\":\"az\",\"@id\":\"https:\\\/\\\/www.meydan.tv\\\/az\\\/#\\\/schema\\\/logo\\\/image\\\/\",\"url\":\"https:\\\/\\\/www.meydan.tv\\\/wp-content\\\/uploads\\\/2021\\\/07\\\/meydan-logo.svg\",\"contentUrl\":\"https:\\\/\\\/www.meydan.tv\\\/wp-content\\\/uploads\\\/2021\\\/07\\\/meydan-logo.svg\",\"width\":195,\"height\":46,\"caption\":\"Meydan TV\"},\"image\":{\"@id\":\"https:\\\/\\\/www.meydan.tv\\\/az\\\/#\\\/schema\\\/logo\\\/image\\\/\"}},{\"@type\":\"Person\",\"@id\":\"https:\\\/\\\/www.meydan.tv\\\/az\\\/#\\\/schema\\\/person\\\/09863e516102a829e72bedcf3f84c6b0\",\"name\":\"mahmud\"}]}<\/script>\n<!-- \/ Yoast SEO plugin. -->","yoast_head_json":{"title":"Kanalizasiya yox, sistem problemi: Bak\u0131 niy\u0259 h\u0259r il su alt\u0131nda qal\u0131r? - MEYDAN.TV","robots":{"index":"index","follow":"follow","max-snippet":"max-snippet:-1","max-image-preview":"max-image-preview:large","max-video-preview":"max-video-preview:-1"},"canonical":"https:\/\/www.meydan.tv\/az\/article\/kanalizasiya-yox-sistem-problemi-baki-niy%c9%99-h%c9%99r-il-su-altinda-qalir\/","og_locale":"az_AZ","og_type":"article","og_title":"Kanalizasiya yox, sistem problemi: Bak\u0131 niy\u0259 h\u0259r il su alt\u0131nda qal\u0131r? - MEYDAN.TV","og_description":"Bir ne\u00e7\u0259 g\u00fcn \u0259vv\u0259l Bak\u0131ya ya\u011fan intensiv ya\u011f\u0131\u015flar n\u0259tic\u0259sind\u0259 paytaxt\u0131n ... Davam\u0131","og_url":"https:\/\/www.meydan.tv\/az\/article\/kanalizasiya-yox-sistem-problemi-baki-niy%c9%99-h%c9%99r-il-su-altinda-qalir\/","og_site_name":"MEYDAN.TV","article_published_time":"2026-04-02T13:32:56+00:00","article_modified_time":"2026-04-02T13:33:00+00:00","og_image":[{"width":1200,"height":586,"url":"https:\/\/www.meydan.tv\/wp-content\/uploads\/0776-1-1200x586.png","type":"image\/png"}],"author":"mahmud","twitter_card":"summary_large_image","schema":{"@context":"https:\/\/schema.org","@graph":[{"@type":"Article","@id":"https:\/\/www.meydan.tv\/az\/article\/kanalizasiya-yox-sistem-problemi-baki-niy%c9%99-h%c9%99r-il-su-altinda-qalir\/#article","isPartOf":{"@id":"https:\/\/www.meydan.tv\/az\/article\/kanalizasiya-yox-sistem-problemi-baki-niy%c9%99-h%c9%99r-il-su-altinda-qalir\/"},"author":{"name":"mahmud","@id":"https:\/\/www.meydan.tv\/az\/#\/schema\/person\/09863e516102a829e72bedcf3f84c6b0"},"headline":"Kanalizasiya yox, sistem problemi: Bak\u0131 niy\u0259 h\u0259r il su alt\u0131nda qal\u0131r?","datePublished":"2026-04-02T13:32:56+00:00","dateModified":"2026-04-02T13:33:00+00:00","mainEntityOfPage":{"@id":"https:\/\/www.meydan.tv\/az\/article\/kanalizasiya-yox-sistem-problemi-baki-niy%c9%99-h%c9%99r-il-su-altinda-qalir\/"},"wordCount":1135,"publisher":{"@id":"https:\/\/www.meydan.tv\/az\/#organization"},"image":{"@id":"https:\/\/www.meydan.tv\/az\/article\/kanalizasiya-yox-sistem-problemi-baki-niy%c9%99-h%c9%99r-il-su-altinda-qalir\/#primaryimage"},"thumbnailUrl":"https:\/\/www.meydan.tv\/wp-content\/uploads\/0776-1.png","articleSection":["Redaktor se\u00e7imi","Sosial","T\u00f6vsiy\u0259","X\u0259b\u0259rl\u0259r"],"inLanguage":"az"},{"@type":"WebPage","@id":"https:\/\/www.meydan.tv\/az\/article\/kanalizasiya-yox-sistem-problemi-baki-niy%c9%99-h%c9%99r-il-su-altinda-qalir\/","url":"https:\/\/www.meydan.tv\/az\/article\/kanalizasiya-yox-sistem-problemi-baki-niy%c9%99-h%c9%99r-il-su-altinda-qalir\/","name":"Kanalizasiya yox, sistem problemi: Bak\u0131 niy\u0259 h\u0259r il su alt\u0131nda qal\u0131r? - MEYDAN.TV","isPartOf":{"@id":"https:\/\/www.meydan.tv\/az\/#website"},"primaryImageOfPage":{"@id":"https:\/\/www.meydan.tv\/az\/article\/kanalizasiya-yox-sistem-problemi-baki-niy%c9%99-h%c9%99r-il-su-altinda-qalir\/#primaryimage"},"image":{"@id":"https:\/\/www.meydan.tv\/az\/article\/kanalizasiya-yox-sistem-problemi-baki-niy%c9%99-h%c9%99r-il-su-altinda-qalir\/#primaryimage"},"thumbnailUrl":"https:\/\/www.meydan.tv\/wp-content\/uploads\/0776-1.png","datePublished":"2026-04-02T13:32:56+00:00","dateModified":"2026-04-02T13:33:00+00:00","breadcrumb":{"@id":"https:\/\/www.meydan.tv\/az\/article\/kanalizasiya-yox-sistem-problemi-baki-niy%c9%99-h%c9%99r-il-su-altinda-qalir\/#breadcrumb"},"inLanguage":"az","potentialAction":[{"@type":"ReadAction","target":["https:\/\/www.meydan.tv\/az\/article\/kanalizasiya-yox-sistem-problemi-baki-niy%c9%99-h%c9%99r-il-su-altinda-qalir\/"]}]},{"@type":"ImageObject","inLanguage":"az","@id":"https:\/\/www.meydan.tv\/az\/article\/kanalizasiya-yox-sistem-problemi-baki-niy%c9%99-h%c9%99r-il-su-altinda-qalir\/#primaryimage","url":"https:\/\/www.meydan.tv\/wp-content\/uploads\/0776-1.png","contentUrl":"https:\/\/www.meydan.tv\/wp-content\/uploads\/0776-1.png","width":1920,"height":938,"caption":"Foto: Meydan TV-nin \u0130nstagram s\u0259hif\u0259si"},{"@type":"BreadcrumbList","@id":"https:\/\/www.meydan.tv\/az\/article\/kanalizasiya-yox-sistem-problemi-baki-niy%c9%99-h%c9%99r-il-su-altinda-qalir\/#breadcrumb","itemListElement":[{"@type":"ListItem","position":1,"name":"Ana s\u0259hif\u0259","item":"https:\/\/www.meydan.tv\/az\/"},{"@type":"ListItem","position":2,"name":"Sosial","item":"https:\/\/www.meydan.tv\/az\/section\/sosial\/"},{"@type":"ListItem","position":3,"name":"Kanalizasiya yox, sistem problemi: Bak\u0131 niy\u0259 h\u0259r il su alt\u0131nda qal\u0131r?"}]},{"@type":"WebSite","@id":"https:\/\/www.meydan.tv\/az\/#website","url":"https:\/\/www.meydan.tv\/az\/","name":"MEYDAN.TV","description":"Meydan TV Az\u0259rbaycan\u0131n media m\u0259kan\u0131ndak\u0131 alternativ s\u0259sidir","publisher":{"@id":"https:\/\/www.meydan.tv\/az\/#organization"},"potentialAction":[{"@type":"SearchAction","target":{"@type":"EntryPoint","urlTemplate":"https:\/\/www.meydan.tv\/az\/?s={search_term_string}"},"query-input":{"@type":"PropertyValueSpecification","valueRequired":true,"valueName":"search_term_string"}}],"inLanguage":"az"},{"@type":"Organization","@id":"https:\/\/www.meydan.tv\/az\/#organization","name":"Meydan TV","url":"https:\/\/www.meydan.tv\/az\/","logo":{"@type":"ImageObject","inLanguage":"az","@id":"https:\/\/www.meydan.tv\/az\/#\/schema\/logo\/image\/","url":"https:\/\/www.meydan.tv\/wp-content\/uploads\/2021\/07\/meydan-logo.svg","contentUrl":"https:\/\/www.meydan.tv\/wp-content\/uploads\/2021\/07\/meydan-logo.svg","width":195,"height":46,"caption":"Meydan TV"},"image":{"@id":"https:\/\/www.meydan.tv\/az\/#\/schema\/logo\/image\/"}},{"@type":"Person","@id":"https:\/\/www.meydan.tv\/az\/#\/schema\/person\/09863e516102a829e72bedcf3f84c6b0","name":"mahmud"}]}},"_links":{"self":[{"href":"https:\/\/www.meydan.tv\/az\/wp-json\/wp\/v2\/posts\/343492","targetHints":{"allow":["GET"]}}],"collection":[{"href":"https:\/\/www.meydan.tv\/az\/wp-json\/wp\/v2\/posts"}],"about":[{"href":"https:\/\/www.meydan.tv\/az\/wp-json\/wp\/v2\/types\/post"}],"author":[{"embeddable":true,"href":"https:\/\/www.meydan.tv\/az\/wp-json\/wp\/v2\/users\/21"}],"replies":[{"embeddable":true,"href":"https:\/\/www.meydan.tv\/az\/wp-json\/wp\/v2\/comments?post=343492"}],"version-history":[{"count":1,"href":"https:\/\/www.meydan.tv\/az\/wp-json\/wp\/v2\/posts\/343492\/revisions"}],"predecessor-version":[{"id":343497,"href":"https:\/\/www.meydan.tv\/az\/wp-json\/wp\/v2\/posts\/343492\/revisions\/343497"}],"wp:featuredmedia":[{"embeddable":true,"href":"https:\/\/www.meydan.tv\/az\/wp-json\/wp\/v2\/media\/343494"}],"wp:attachment":[{"href":"https:\/\/www.meydan.tv\/az\/wp-json\/wp\/v2\/media?parent=343492"}],"wp:term":[{"taxonomy":"category","embeddable":true,"href":"https:\/\/www.meydan.tv\/az\/wp-json\/wp\/v2\/categories?post=343492"},{"taxonomy":"post_tag","embeddable":true,"href":"https:\/\/www.meydan.tv\/az\/wp-json\/wp\/v2\/tags?post=343492"}],"curies":[{"name":"wp","href":"https:\/\/api.w.org\/{rel}","templated":true}]}}