{"id":343490,"date":"2026-04-02T16:58:17","date_gmt":"2026-04-02T12:58:17","guid":{"rendered":"https:\/\/www.meydan.tv\/?p=343490"},"modified":"2026-04-02T16:58:25","modified_gmt":"2026-04-02T12:58:25","slug":"h%c9%99bsd%c9%99-olan-iqtisadci-alim-bas-prokurorluga-muraci%c9%99t-edib-imzam-x%c9%99b%c9%99rim-olmadan-saxtalasdirilib","status":"publish","type":"post","link":"https:\/\/www.meydan.tv\/az\/article\/h%c9%99bsd%c9%99-olan-iqtisadci-alim-bas-prokurorluga-muraci%c9%99t-edib-imzam-x%c9%99b%c9%99rim-olmadan-saxtalasdirilib\/","title":{"rendered":"H\u0259bsd\u0259 olan iqtisad\u00e7\u0131 alim Ba\u015f Prokurorlu\u011fa m\u00fcraci\u0259t edib: \u0130mzam x\u0259b\u0259rim olmadan saxtala\u015fd\u0131r\u0131l\u0131b"},"content":{"rendered":"\n<p>H\u0259bsd\u0259 olan \u0130stanbul Universitetinin doktorant\u0131, iqtisad\u00e7\u0131 alim Fazil Qas\u0131mov Ba\u015f Prokurorun birinci m\u00fcavini El\u00e7in M\u0259mm\u0259dova m\u00fcraci\u0259t \u00fcnvanlay\u0131b.<\/p>\n\n\n\n<p>Bu bar\u0259d\u0259 AbzasMedia <a href=\"https:\/\/abzas.org\/az\/2026\/4\/hbsd-olan-iqtisadc-bas-prok1942e9dd-9\/\" target=\"_blank\" rel=\"noreferrer noopener nofollow\">yaz\u0131b.<\/a><\/p>\n\n\n\n<p>Fazil Qas\u0131mov m\u00fcraci\u0259tind\u0259 bildirir ki, v\u0259kild\u0259n imtina \u0259riz\u0259sind\u0259ki imza ona aid deyil. Qas\u0131movun s\u00f6zl\u0259rin\u0259 g\u00f6r\u0259 \u0259riz\u0259d\u0259ki imza onun x\u0259b\u0259ri olmadan dig\u0259r \u015f\u0259xsl\u0259r t\u0259r\u0259find\u0259n t\u0259rtib edilib.<\/p>\n\n\n\n<p><em>\u201cM\u00fcdafi\u0259\u00e7id\u0259n imtina bar\u0259d\u0259 \u0259riz\u0259d\u0259ki imza m\u0259n\u0259 aid deyil v\u0259 h\u0259min s\u0259n\u0259d m\u0259nim t\u0259r\u0259fimd\u0259n t\u0259rtib olunmay\u0131b. N\u0259z\u0259r\u0259 alsaq ki, \u0259riz\u0259 komp\u00fcterd\u0259 haz\u0131rlanaraq m\u0259nim \u0259v\u0259zim\u0259 imzalan\u0131b, onun \u0259sas\u0131nda v\u0259kill\u0259rimin prosesd\u0259n uzaqla\u015fd\u0131r\u0131lmas\u0131 m\u00fcdafi\u0259 h\u00fcququmun kobud \u015f\u0259kild\u0259 pozulmas\u0131 il\u0259 n\u0259tic\u0259l\u0259nib\u201d<\/em>, &#8211; dey\u0259 o m\u00fcraci\u0259tind\u0259 qeyd edib.<\/p>\n\n\n\n<p>Qas\u0131mov bildirib ki, s\u00f6z\u00fcged\u0259n s\u0259n\u0259d\u0259 \u0259sas\u0259n m\u00fcst\u0259ntiq Yusif Yusifov h\u0259m d\u00f6vl\u0259t hesab\u0131na t\u0259yin olunmu\u015f, h\u0259m d\u0259 m\u00fcqavil\u0259 \u0259sas\u0131nda c\u0259lb edilmi\u015f v\u0259kill\u0259rinin i\u015fd\u0259 i\u015ftirak\u0131na son qoyub.<\/p>\n\n\n\n<p>Qas\u0131mov m\u00fcraci\u0259tind\u0259 Cinay\u0259t-Prosessual M\u0259c\u0259ll\u0259sinin aidiyy\u0259ti madd\u0259l\u0259rin\u0259 istinad ed\u0259r\u0259k vur\u011fulay\u0131b ki, m\u00fcdafi\u0259\u00e7id\u0259n imtina yaln\u0131z k\u00f6n\u00fcll\u00fc \u015f\u0259kild\u0259 v\u0259 \u015f\u0259xsin \u00f6z\u00fc t\u0259r\u0259find\u0259n m\u00fcraci\u0259t edilmi\u015f \u0259riz\u0259 il\u0259 m\u00fcmk\u00fcnd\u00fcr. O, Konstitusiya M\u0259hk\u0259m\u0259sinin yana\u015fmas\u0131n\u0131 da xat\u0131rladaraq qeyd edib ki, bel\u0259 \u0259riz\u0259 m\u00fctl\u0259q \u015f\u0259kild\u0259 \u015f\u0259xs\u0259n yaz\u0131l\u0131b imzalanmal\u0131d\u0131r, dig\u0259r halda bu i\u015f m\u00fcdafi\u0259 h\u00fcququnun pozulmas\u0131 kimi qiym\u0259tl\u0259ndirilir.<\/p>\n\n\n\n<p>Fazil Qas\u0131mov deyib ki, bundan \u0259vv\u0259l d\u0259 istintaq orqanlar\u0131n\u0131n h\u0259r\u0259k\u0259tl\u0259rind\u0259n naraz\u0131l\u0131\u011f\u0131n\u0131 bildirib. Qas\u0131mov qeyd edib ki, 2024-c\u00fc ilin may v\u0259 iyul aylar\u0131nda Ba\u015f Prokurorlu\u011fa g\u00f6nd\u0259rdiyi m\u00fcraci\u0259tl\u0259rd\u0259 m\u00fcst\u0259ntiqin s\u00fcbutlar\u0131 saxtala\u015fd\u0131rd\u0131\u011f\u0131n\u0131 des\u0259 d\u0259, \u015fikay\u0259tl\u0259rin\u0259 bax\u0131lmay\u0131b.<\/p>\n\n\n\n<p><em>\u201cM\u00fcst\u0259ntiq Yusif Yusifovun m\u00fcdafi\u0259\u00e7im Anar Qas\u0131ml\u0131 il\u0259 birlikd\u0259 s\u00fcbutlar\u0131 saxtala\u015fd\u0131rd\u0131\u011f\u0131n\u0131 qeyd etmi\u015fdim, amma m\u00fcraci\u0259tl\u0259rim ara\u015fd\u0131r\u0131lmad\u0131 v\u0259 etiraz\u0131m t\u0259min olunmad\u0131\u201d,<\/em> &#8211; dey\u0259 o vur\u011fulay\u0131b.<\/p>\n\n\n\n<p>2023-c\u00fc ild\u0259 T\u00fcrkiy\u0259d\u0259 saxlan\u0131laraq Az\u0259rbaycana g\u0259tiril\u0259n Fazil Qas\u0131mov 2025-ci il mart\u0131n 13-d\u0259 9 il m\u00fcdd\u0259tin\u0259 azadl\u0131qdan m\u0259hrum edilib.<\/p>\n\n\n\n<p>O, Cinay\u0259t M\u0259c\u0259ll\u0259sinin saxta pul v\u0259 ya xarici valyuta \u0259ld\u0259 etm\u0259 v\u0259 ya satma \u2013 eyni \u0259m\u0259ll\u0259r m\u00fct\u0259\u015f\u0259kkil d\u0259st\u0259 t\u0259r\u0259find\u0259n t\u00f6r\u0259dildikd\u0259 madd\u0259sil\u0259 ittiham olunub.<\/p>\n\n\n\n<p>Fazil Qas\u0131mov \u00f6z\u00fcn\u00fc t\u0259qsirli bilmir v\u0259 he\u00e7 bir cinay\u0259t t\u00f6r\u0259tm\u0259diyini, ona qar\u015f\u0131 ir\u0259li s\u00fcr\u00fclm\u00fc\u015f saxta pul ittiham\u0131n\u0131n yalan oldu\u011funu deyir. O, h\u0259bsin\u0259 etiraz olaraq art\u0131q iki d\u0259f\u0259 acl\u0131q edib.<\/p>\n","protected":false},"excerpt":{"rendered":"<p>H\u0259bsd\u0259 olan \u0130stanbul Universitetinin doktorant\u0131, iqtisad\u00e7\u0131 alim Fazil Qas\u0131mov Ba\u015f &#8230; <\/p>\n<p class=\"read-more-container\"><a title=\"H\u0259bsd\u0259 olan iqtisad\u00e7\u0131 alim Ba\u015f Prokurorlu\u011fa m\u00fcraci\u0259t edib: \u0130mzam x\u0259b\u0259rim olmadan saxtala\u015fd\u0131r\u0131l\u0131b\" class=\"read-more button\" href=\"https:\/\/www.meydan.tv\/az\/article\/h%c9%99bsd%c9%99-olan-iqtisadci-alim-bas-prokurorluga-muraci%c9%99t-edib-imzam-x%c9%99b%c9%99rim-olmadan-saxtalasdirilib\/#more-343490\" aria-label=\"Read more about H\u0259bsd\u0259 olan iqtisad\u00e7\u0131 alim Ba\u015f Prokurorlu\u011fa m\u00fcraci\u0259t edib: \u0130mzam x\u0259b\u0259rim olmadan saxtala\u015fd\u0131r\u0131l\u0131b\">Davam\u0131<\/a><\/p>\n","protected":false},"author":21,"featured_media":327065,"comment_status":"closed","ping_status":"closed","sticky":false,"template":"","format":"standard","meta":{"_acf_changed":false,"_sitemap_exclude":false,"_sitemap_priority":"","_sitemap_frequency":"","footnotes":""},"categories":[59,79,56],"tags":[],"class_list":["post-343490","post","type-post","status-publish","format-standard","has-post-thumbnail","hentry","category-siyaset","category-featured","category-xeberler","infinite-scroll-item","generate-columns","tablet-grid-50","mobile-grid-100","grid-parent","grid-33","no-featured-image-padding"],"acf":[],"yoast_head":"<!-- This site is optimized with the Yoast SEO plugin v27.5 - https:\/\/yoast.com\/product\/yoast-seo-wordpress\/ -->\n<title>H\u0259bsd\u0259 olan iqtisad\u00e7\u0131 alim Ba\u015f Prokurorlu\u011fa m\u00fcraci\u0259t edib: \u0130mzam x\u0259b\u0259rim olmadan saxtala\u015fd\u0131r\u0131l\u0131b - MEYDAN.TV<\/title>\n<meta name=\"robots\" content=\"index, follow, max-snippet:-1, max-image-preview:large, max-video-preview:-1\" \/>\n<link rel=\"canonical\" href=\"https:\/\/www.meydan.tv\/az\/article\/h%c9%99bsd%c9%99-olan-iqtisadci-alim-bas-prokurorluga-muraci%c9%99t-edib-imzam-x%c9%99b%c9%99rim-olmadan-saxtalasdirilib\/\" \/>\n<meta property=\"og:locale\" content=\"az_AZ\" \/>\n<meta property=\"og:type\" content=\"article\" \/>\n<meta property=\"og:title\" content=\"H\u0259bsd\u0259 olan iqtisad\u00e7\u0131 alim Ba\u015f Prokurorlu\u011fa m\u00fcraci\u0259t edib: \u0130mzam x\u0259b\u0259rim olmadan saxtala\u015fd\u0131r\u0131l\u0131b - MEYDAN.TV\" \/>\n<meta property=\"og:description\" content=\"H\u0259bsd\u0259 olan \u0130stanbul Universitetinin doktorant\u0131, iqtisad\u00e7\u0131 alim Fazil Qas\u0131mov Ba\u015f ... Davam\u0131\" \/>\n<meta property=\"og:url\" content=\"https:\/\/www.meydan.tv\/az\/article\/h%c9%99bsd%c9%99-olan-iqtisadci-alim-bas-prokurorluga-muraci%c9%99t-edib-imzam-x%c9%99b%c9%99rim-olmadan-saxtalasdirilib\/\" \/>\n<meta property=\"og:site_name\" content=\"MEYDAN.TV\" \/>\n<meta property=\"article:published_time\" content=\"2026-04-02T12:58:17+00:00\" \/>\n<meta property=\"article:modified_time\" content=\"2026-04-02T12:58:25+00:00\" \/>\n<meta property=\"og:image\" content=\"https:\/\/www.meydan.tv\/wp-content\/uploads\/img_1464-e1733402139166-1.jpg\" \/>\n\t<meta property=\"og:image:width\" content=\"1200\" \/>\n\t<meta property=\"og:image:height\" content=\"558\" \/>\n\t<meta property=\"og:image:type\" content=\"image\/jpeg\" \/>\n<meta name=\"author\" content=\"mahmud\" \/>\n<meta name=\"twitter:card\" content=\"summary_large_image\" \/>\n<script type=\"application\/ld+json\" class=\"yoast-schema-graph\">{\"@context\":\"https:\\\/\\\/schema.org\",\"@graph\":[{\"@type\":\"Article\",\"@id\":\"https:\\\/\\\/www.meydan.tv\\\/az\\\/article\\\/h%c9%99bsd%c9%99-olan-iqtisadci-alim-bas-prokurorluga-muraci%c9%99t-edib-imzam-x%c9%99b%c9%99rim-olmadan-saxtalasdirilib\\\/#article\",\"isPartOf\":{\"@id\":\"https:\\\/\\\/www.meydan.tv\\\/az\\\/article\\\/h%c9%99bsd%c9%99-olan-iqtisadci-alim-bas-prokurorluga-muraci%c9%99t-edib-imzam-x%c9%99b%c9%99rim-olmadan-saxtalasdirilib\\\/\"},\"author\":{\"name\":\"mahmud\",\"@id\":\"https:\\\/\\\/www.meydan.tv\\\/az\\\/#\\\/schema\\\/person\\\/09863e516102a829e72bedcf3f84c6b0\"},\"headline\":\"H\u0259bsd\u0259 olan iqtisad\u00e7\u0131 alim Ba\u015f Prokurorlu\u011fa m\u00fcraci\u0259t edib: \u0130mzam x\u0259b\u0259rim olmadan saxtala\u015fd\u0131r\u0131l\u0131b\",\"datePublished\":\"2026-04-02T12:58:17+00:00\",\"dateModified\":\"2026-04-02T12:58:25+00:00\",\"mainEntityOfPage\":{\"@id\":\"https:\\\/\\\/www.meydan.tv\\\/az\\\/article\\\/h%c9%99bsd%c9%99-olan-iqtisadci-alim-bas-prokurorluga-muraci%c9%99t-edib-imzam-x%c9%99b%c9%99rim-olmadan-saxtalasdirilib\\\/\"},\"wordCount\":540,\"publisher\":{\"@id\":\"https:\\\/\\\/www.meydan.tv\\\/az\\\/#organization\"},\"image\":{\"@id\":\"https:\\\/\\\/www.meydan.tv\\\/az\\\/article\\\/h%c9%99bsd%c9%99-olan-iqtisadci-alim-bas-prokurorluga-muraci%c9%99t-edib-imzam-x%c9%99b%c9%99rim-olmadan-saxtalasdirilib\\\/#primaryimage\"},\"thumbnailUrl\":\"https:\\\/\\\/www.meydan.tv\\\/wp-content\\\/uploads\\\/img_1464-e1733402139166-1.jpg\",\"articleSection\":[\"Siyas\u0259t\",\"T\u00f6vsiy\u0259\",\"X\u0259b\u0259rl\u0259r\"],\"inLanguage\":\"az\"},{\"@type\":\"WebPage\",\"@id\":\"https:\\\/\\\/www.meydan.tv\\\/az\\\/article\\\/h%c9%99bsd%c9%99-olan-iqtisadci-alim-bas-prokurorluga-muraci%c9%99t-edib-imzam-x%c9%99b%c9%99rim-olmadan-saxtalasdirilib\\\/\",\"url\":\"https:\\\/\\\/www.meydan.tv\\\/az\\\/article\\\/h%c9%99bsd%c9%99-olan-iqtisadci-alim-bas-prokurorluga-muraci%c9%99t-edib-imzam-x%c9%99b%c9%99rim-olmadan-saxtalasdirilib\\\/\",\"name\":\"H\u0259bsd\u0259 olan iqtisad\u00e7\u0131 alim Ba\u015f Prokurorlu\u011fa m\u00fcraci\u0259t edib: \u0130mzam x\u0259b\u0259rim olmadan saxtala\u015fd\u0131r\u0131l\u0131b - MEYDAN.TV\",\"isPartOf\":{\"@id\":\"https:\\\/\\\/www.meydan.tv\\\/az\\\/#website\"},\"primaryImageOfPage\":{\"@id\":\"https:\\\/\\\/www.meydan.tv\\\/az\\\/article\\\/h%c9%99bsd%c9%99-olan-iqtisadci-alim-bas-prokurorluga-muraci%c9%99t-edib-imzam-x%c9%99b%c9%99rim-olmadan-saxtalasdirilib\\\/#primaryimage\"},\"image\":{\"@id\":\"https:\\\/\\\/www.meydan.tv\\\/az\\\/article\\\/h%c9%99bsd%c9%99-olan-iqtisadci-alim-bas-prokurorluga-muraci%c9%99t-edib-imzam-x%c9%99b%c9%99rim-olmadan-saxtalasdirilib\\\/#primaryimage\"},\"thumbnailUrl\":\"https:\\\/\\\/www.meydan.tv\\\/wp-content\\\/uploads\\\/img_1464-e1733402139166-1.jpg\",\"datePublished\":\"2026-04-02T12:58:17+00:00\",\"dateModified\":\"2026-04-02T12:58:25+00:00\",\"breadcrumb\":{\"@id\":\"https:\\\/\\\/www.meydan.tv\\\/az\\\/article\\\/h%c9%99bsd%c9%99-olan-iqtisadci-alim-bas-prokurorluga-muraci%c9%99t-edib-imzam-x%c9%99b%c9%99rim-olmadan-saxtalasdirilib\\\/#breadcrumb\"},\"inLanguage\":\"az\",\"potentialAction\":[{\"@type\":\"ReadAction\",\"target\":[\"https:\\\/\\\/www.meydan.tv\\\/az\\\/article\\\/h%c9%99bsd%c9%99-olan-iqtisadci-alim-bas-prokurorluga-muraci%c9%99t-edib-imzam-x%c9%99b%c9%99rim-olmadan-saxtalasdirilib\\\/\"]}]},{\"@type\":\"ImageObject\",\"inLanguage\":\"az\",\"@id\":\"https:\\\/\\\/www.meydan.tv\\\/az\\\/article\\\/h%c9%99bsd%c9%99-olan-iqtisadci-alim-bas-prokurorluga-muraci%c9%99t-edib-imzam-x%c9%99b%c9%99rim-olmadan-saxtalasdirilib\\\/#primaryimage\",\"url\":\"https:\\\/\\\/www.meydan.tv\\\/wp-content\\\/uploads\\\/img_1464-e1733402139166-1.jpg\",\"contentUrl\":\"https:\\\/\\\/www.meydan.tv\\\/wp-content\\\/uploads\\\/img_1464-e1733402139166-1.jpg\",\"width\":1200,\"height\":558,\"caption\":\"Fazil Gasimov. Illustration: Meydan TV\"},{\"@type\":\"BreadcrumbList\",\"@id\":\"https:\\\/\\\/www.meydan.tv\\\/az\\\/article\\\/h%c9%99bsd%c9%99-olan-iqtisadci-alim-bas-prokurorluga-muraci%c9%99t-edib-imzam-x%c9%99b%c9%99rim-olmadan-saxtalasdirilib\\\/#breadcrumb\",\"itemListElement\":[{\"@type\":\"ListItem\",\"position\":1,\"name\":\"Ana s\u0259hif\u0259\",\"item\":\"https:\\\/\\\/www.meydan.tv\\\/az\\\/\"},{\"@type\":\"ListItem\",\"position\":2,\"name\":\"Siyas\u0259t\",\"item\":\"https:\\\/\\\/www.meydan.tv\\\/az\\\/section\\\/siyaset\\\/\"},{\"@type\":\"ListItem\",\"position\":3,\"name\":\"H\u0259bsd\u0259 olan iqtisad\u00e7\u0131 alim Ba\u015f Prokurorlu\u011fa m\u00fcraci\u0259t edib: \u0130mzam x\u0259b\u0259rim olmadan saxtala\u015fd\u0131r\u0131l\u0131b\"}]},{\"@type\":\"WebSite\",\"@id\":\"https:\\\/\\\/www.meydan.tv\\\/az\\\/#website\",\"url\":\"https:\\\/\\\/www.meydan.tv\\\/az\\\/\",\"name\":\"MEYDAN.TV\",\"description\":\"Meydan TV Az\u0259rbaycan\u0131n media m\u0259kan\u0131ndak\u0131 alternativ s\u0259sidir\",\"publisher\":{\"@id\":\"https:\\\/\\\/www.meydan.tv\\\/az\\\/#organization\"},\"potentialAction\":[{\"@type\":\"SearchAction\",\"target\":{\"@type\":\"EntryPoint\",\"urlTemplate\":\"https:\\\/\\\/www.meydan.tv\\\/az\\\/?s={search_term_string}\"},\"query-input\":{\"@type\":\"PropertyValueSpecification\",\"valueRequired\":true,\"valueName\":\"search_term_string\"}}],\"inLanguage\":\"az\"},{\"@type\":\"Organization\",\"@id\":\"https:\\\/\\\/www.meydan.tv\\\/az\\\/#organization\",\"name\":\"Meydan TV\",\"url\":\"https:\\\/\\\/www.meydan.tv\\\/az\\\/\",\"logo\":{\"@type\":\"ImageObject\",\"inLanguage\":\"az\",\"@id\":\"https:\\\/\\\/www.meydan.tv\\\/az\\\/#\\\/schema\\\/logo\\\/image\\\/\",\"url\":\"https:\\\/\\\/www.meydan.tv\\\/wp-content\\\/uploads\\\/2021\\\/07\\\/meydan-logo.svg\",\"contentUrl\":\"https:\\\/\\\/www.meydan.tv\\\/wp-content\\\/uploads\\\/2021\\\/07\\\/meydan-logo.svg\",\"width\":195,\"height\":46,\"caption\":\"Meydan TV\"},\"image\":{\"@id\":\"https:\\\/\\\/www.meydan.tv\\\/az\\\/#\\\/schema\\\/logo\\\/image\\\/\"}},{\"@type\":\"Person\",\"@id\":\"https:\\\/\\\/www.meydan.tv\\\/az\\\/#\\\/schema\\\/person\\\/09863e516102a829e72bedcf3f84c6b0\",\"name\":\"mahmud\"}]}<\/script>\n<!-- \/ Yoast SEO plugin. -->","yoast_head_json":{"title":"H\u0259bsd\u0259 olan iqtisad\u00e7\u0131 alim Ba\u015f Prokurorlu\u011fa m\u00fcraci\u0259t edib: \u0130mzam x\u0259b\u0259rim olmadan saxtala\u015fd\u0131r\u0131l\u0131b - MEYDAN.TV","robots":{"index":"index","follow":"follow","max-snippet":"max-snippet:-1","max-image-preview":"max-image-preview:large","max-video-preview":"max-video-preview:-1"},"canonical":"https:\/\/www.meydan.tv\/az\/article\/h%c9%99bsd%c9%99-olan-iqtisadci-alim-bas-prokurorluga-muraci%c9%99t-edib-imzam-x%c9%99b%c9%99rim-olmadan-saxtalasdirilib\/","og_locale":"az_AZ","og_type":"article","og_title":"H\u0259bsd\u0259 olan iqtisad\u00e7\u0131 alim Ba\u015f Prokurorlu\u011fa m\u00fcraci\u0259t edib: \u0130mzam x\u0259b\u0259rim olmadan saxtala\u015fd\u0131r\u0131l\u0131b - MEYDAN.TV","og_description":"H\u0259bsd\u0259 olan \u0130stanbul Universitetinin doktorant\u0131, iqtisad\u00e7\u0131 alim Fazil Qas\u0131mov Ba\u015f ... Davam\u0131","og_url":"https:\/\/www.meydan.tv\/az\/article\/h%c9%99bsd%c9%99-olan-iqtisadci-alim-bas-prokurorluga-muraci%c9%99t-edib-imzam-x%c9%99b%c9%99rim-olmadan-saxtalasdirilib\/","og_site_name":"MEYDAN.TV","article_published_time":"2026-04-02T12:58:17+00:00","article_modified_time":"2026-04-02T12:58:25+00:00","og_image":[{"width":1200,"height":558,"url":"https:\/\/www.meydan.tv\/wp-content\/uploads\/img_1464-e1733402139166-1.jpg","type":"image\/jpeg"}],"author":"mahmud","twitter_card":"summary_large_image","schema":{"@context":"https:\/\/schema.org","@graph":[{"@type":"Article","@id":"https:\/\/www.meydan.tv\/az\/article\/h%c9%99bsd%c9%99-olan-iqtisadci-alim-bas-prokurorluga-muraci%c9%99t-edib-imzam-x%c9%99b%c9%99rim-olmadan-saxtalasdirilib\/#article","isPartOf":{"@id":"https:\/\/www.meydan.tv\/az\/article\/h%c9%99bsd%c9%99-olan-iqtisadci-alim-bas-prokurorluga-muraci%c9%99t-edib-imzam-x%c9%99b%c9%99rim-olmadan-saxtalasdirilib\/"},"author":{"name":"mahmud","@id":"https:\/\/www.meydan.tv\/az\/#\/schema\/person\/09863e516102a829e72bedcf3f84c6b0"},"headline":"H\u0259bsd\u0259 olan iqtisad\u00e7\u0131 alim Ba\u015f Prokurorlu\u011fa m\u00fcraci\u0259t edib: \u0130mzam x\u0259b\u0259rim olmadan saxtala\u015fd\u0131r\u0131l\u0131b","datePublished":"2026-04-02T12:58:17+00:00","dateModified":"2026-04-02T12:58:25+00:00","mainEntityOfPage":{"@id":"https:\/\/www.meydan.tv\/az\/article\/h%c9%99bsd%c9%99-olan-iqtisadci-alim-bas-prokurorluga-muraci%c9%99t-edib-imzam-x%c9%99b%c9%99rim-olmadan-saxtalasdirilib\/"},"wordCount":540,"publisher":{"@id":"https:\/\/www.meydan.tv\/az\/#organization"},"image":{"@id":"https:\/\/www.meydan.tv\/az\/article\/h%c9%99bsd%c9%99-olan-iqtisadci-alim-bas-prokurorluga-muraci%c9%99t-edib-imzam-x%c9%99b%c9%99rim-olmadan-saxtalasdirilib\/#primaryimage"},"thumbnailUrl":"https:\/\/www.meydan.tv\/wp-content\/uploads\/img_1464-e1733402139166-1.jpg","articleSection":["Siyas\u0259t","T\u00f6vsiy\u0259","X\u0259b\u0259rl\u0259r"],"inLanguage":"az"},{"@type":"WebPage","@id":"https:\/\/www.meydan.tv\/az\/article\/h%c9%99bsd%c9%99-olan-iqtisadci-alim-bas-prokurorluga-muraci%c9%99t-edib-imzam-x%c9%99b%c9%99rim-olmadan-saxtalasdirilib\/","url":"https:\/\/www.meydan.tv\/az\/article\/h%c9%99bsd%c9%99-olan-iqtisadci-alim-bas-prokurorluga-muraci%c9%99t-edib-imzam-x%c9%99b%c9%99rim-olmadan-saxtalasdirilib\/","name":"H\u0259bsd\u0259 olan iqtisad\u00e7\u0131 alim Ba\u015f Prokurorlu\u011fa m\u00fcraci\u0259t edib: \u0130mzam x\u0259b\u0259rim olmadan saxtala\u015fd\u0131r\u0131l\u0131b - MEYDAN.TV","isPartOf":{"@id":"https:\/\/www.meydan.tv\/az\/#website"},"primaryImageOfPage":{"@id":"https:\/\/www.meydan.tv\/az\/article\/h%c9%99bsd%c9%99-olan-iqtisadci-alim-bas-prokurorluga-muraci%c9%99t-edib-imzam-x%c9%99b%c9%99rim-olmadan-saxtalasdirilib\/#primaryimage"},"image":{"@id":"https:\/\/www.meydan.tv\/az\/article\/h%c9%99bsd%c9%99-olan-iqtisadci-alim-bas-prokurorluga-muraci%c9%99t-edib-imzam-x%c9%99b%c9%99rim-olmadan-saxtalasdirilib\/#primaryimage"},"thumbnailUrl":"https:\/\/www.meydan.tv\/wp-content\/uploads\/img_1464-e1733402139166-1.jpg","datePublished":"2026-04-02T12:58:17+00:00","dateModified":"2026-04-02T12:58:25+00:00","breadcrumb":{"@id":"https:\/\/www.meydan.tv\/az\/article\/h%c9%99bsd%c9%99-olan-iqtisadci-alim-bas-prokurorluga-muraci%c9%99t-edib-imzam-x%c9%99b%c9%99rim-olmadan-saxtalasdirilib\/#breadcrumb"},"inLanguage":"az","potentialAction":[{"@type":"ReadAction","target":["https:\/\/www.meydan.tv\/az\/article\/h%c9%99bsd%c9%99-olan-iqtisadci-alim-bas-prokurorluga-muraci%c9%99t-edib-imzam-x%c9%99b%c9%99rim-olmadan-saxtalasdirilib\/"]}]},{"@type":"ImageObject","inLanguage":"az","@id":"https:\/\/www.meydan.tv\/az\/article\/h%c9%99bsd%c9%99-olan-iqtisadci-alim-bas-prokurorluga-muraci%c9%99t-edib-imzam-x%c9%99b%c9%99rim-olmadan-saxtalasdirilib\/#primaryimage","url":"https:\/\/www.meydan.tv\/wp-content\/uploads\/img_1464-e1733402139166-1.jpg","contentUrl":"https:\/\/www.meydan.tv\/wp-content\/uploads\/img_1464-e1733402139166-1.jpg","width":1200,"height":558,"caption":"Fazil Gasimov. Illustration: Meydan TV"},{"@type":"BreadcrumbList","@id":"https:\/\/www.meydan.tv\/az\/article\/h%c9%99bsd%c9%99-olan-iqtisadci-alim-bas-prokurorluga-muraci%c9%99t-edib-imzam-x%c9%99b%c9%99rim-olmadan-saxtalasdirilib\/#breadcrumb","itemListElement":[{"@type":"ListItem","position":1,"name":"Ana s\u0259hif\u0259","item":"https:\/\/www.meydan.tv\/az\/"},{"@type":"ListItem","position":2,"name":"Siyas\u0259t","item":"https:\/\/www.meydan.tv\/az\/section\/siyaset\/"},{"@type":"ListItem","position":3,"name":"H\u0259bsd\u0259 olan iqtisad\u00e7\u0131 alim Ba\u015f Prokurorlu\u011fa m\u00fcraci\u0259t edib: \u0130mzam x\u0259b\u0259rim olmadan saxtala\u015fd\u0131r\u0131l\u0131b"}]},{"@type":"WebSite","@id":"https:\/\/www.meydan.tv\/az\/#website","url":"https:\/\/www.meydan.tv\/az\/","name":"MEYDAN.TV","description":"Meydan TV Az\u0259rbaycan\u0131n media m\u0259kan\u0131ndak\u0131 alternativ s\u0259sidir","publisher":{"@id":"https:\/\/www.meydan.tv\/az\/#organization"},"potentialAction":[{"@type":"SearchAction","target":{"@type":"EntryPoint","urlTemplate":"https:\/\/www.meydan.tv\/az\/?s={search_term_string}"},"query-input":{"@type":"PropertyValueSpecification","valueRequired":true,"valueName":"search_term_string"}}],"inLanguage":"az"},{"@type":"Organization","@id":"https:\/\/www.meydan.tv\/az\/#organization","name":"Meydan TV","url":"https:\/\/www.meydan.tv\/az\/","logo":{"@type":"ImageObject","inLanguage":"az","@id":"https:\/\/www.meydan.tv\/az\/#\/schema\/logo\/image\/","url":"https:\/\/www.meydan.tv\/wp-content\/uploads\/2021\/07\/meydan-logo.svg","contentUrl":"https:\/\/www.meydan.tv\/wp-content\/uploads\/2021\/07\/meydan-logo.svg","width":195,"height":46,"caption":"Meydan TV"},"image":{"@id":"https:\/\/www.meydan.tv\/az\/#\/schema\/logo\/image\/"}},{"@type":"Person","@id":"https:\/\/www.meydan.tv\/az\/#\/schema\/person\/09863e516102a829e72bedcf3f84c6b0","name":"mahmud"}]}},"_links":{"self":[{"href":"https:\/\/www.meydan.tv\/az\/wp-json\/wp\/v2\/posts\/343490","targetHints":{"allow":["GET"]}}],"collection":[{"href":"https:\/\/www.meydan.tv\/az\/wp-json\/wp\/v2\/posts"}],"about":[{"href":"https:\/\/www.meydan.tv\/az\/wp-json\/wp\/v2\/types\/post"}],"author":[{"embeddable":true,"href":"https:\/\/www.meydan.tv\/az\/wp-json\/wp\/v2\/users\/21"}],"replies":[{"embeddable":true,"href":"https:\/\/www.meydan.tv\/az\/wp-json\/wp\/v2\/comments?post=343490"}],"version-history":[{"count":1,"href":"https:\/\/www.meydan.tv\/az\/wp-json\/wp\/v2\/posts\/343490\/revisions"}],"predecessor-version":[{"id":343491,"href":"https:\/\/www.meydan.tv\/az\/wp-json\/wp\/v2\/posts\/343490\/revisions\/343491"}],"wp:featuredmedia":[{"embeddable":true,"href":"https:\/\/www.meydan.tv\/az\/wp-json\/wp\/v2\/media\/327065"}],"wp:attachment":[{"href":"https:\/\/www.meydan.tv\/az\/wp-json\/wp\/v2\/media?parent=343490"}],"wp:term":[{"taxonomy":"category","embeddable":true,"href":"https:\/\/www.meydan.tv\/az\/wp-json\/wp\/v2\/categories?post=343490"},{"taxonomy":"post_tag","embeddable":true,"href":"https:\/\/www.meydan.tv\/az\/wp-json\/wp\/v2\/tags?post=343490"}],"curies":[{"name":"wp","href":"https:\/\/api.w.org\/{rel}","templated":true}]}}