{"id":343486,"date":"2026-04-02T15:51:44","date_gmt":"2026-04-02T11:51:44","guid":{"rendered":"https:\/\/www.meydan.tv\/?p=343486"},"modified":"2026-04-02T15:51:47","modified_gmt":"2026-04-02T11:51:47","slug":"beyn%c9%99lxalq-t%c9%99skilat-tofiq-yaqublu-haqda-hesabat-yayib","status":"publish","type":"post","link":"https:\/\/www.meydan.tv\/az\/article\/beyn%c9%99lxalq-t%c9%99skilat-tofiq-yaqublu-haqda-hesabat-yayib\/","title":{"rendered":"Beyn\u0259lxalq t\u0259\u015fkilat Tofiq Yaqublu haqda hesabat yay\u0131b"},"content":{"rendered":"\n<p>D\u00fcnya V\u0259kil B\u00fcrosu kimi tan\u0131nan \u201cA Clooney Foundation for Justice\u201d t\u0259\u015fkilat\u0131 Tofiq Yaqublu bar\u0259d\u0259 hesabat yay\u0131b.<\/p>\n\n\n\n<p><a href=\"https:\/\/cfj.org\/reports\/fairness-report-ii-tofig-yagublu\/\" target=\"_blank\" rel=\"noreferrer noopener nofollow\">Hesabat <\/a>Yaqublunun m\u0259hk\u0259m\u0259 prosesind\u0259 ciddi h\u00fcquq pozuntular\u0131n\u0131 a\u015fkar edib.<\/p>\n\n\n\n<p>Monitorinq n\u0259tic\u0259sind\u0259 m\u00fc\u0259yy\u0259n edilib ki, 15 ayl\u0131q istintaq zaman\u0131 Yaqublunun bir \u00e7ox fundamental h\u00fcquqlar\u0131 tapdalan\u0131b. Tofiq Yaqublu b\u00fct\u00fcn iclaslar boyu \u015f\u00fc\u015f\u0259 kabind\u0259 saxlan\u0131l\u0131b ki, bu da onun h\u0259m insan l\u0259yaq\u0259tini al\u00e7ald\u0131b, h\u0259m d\u0259 v\u0259kill\u0259ri il\u0259 gizli m\u0259sl\u0259h\u0259tl\u0259\u015fm\u0259l\u0259r aparmas\u0131na mane olub. Yaqublunun v\u0259kill\u0259rin\u0259 \u00f6t\u00fcrm\u0259k ist\u0259diyi qeydl\u0259r h\u0259bsxana m\u00fchafiz\u0259\u00e7il\u0259ri t\u0259r\u0259find\u0259n m\u00fcsadir\u0259 edilib v\u0259 oxunub. M\u0259hk\u0259m\u0259 is\u0259 bu qanunsuzlu\u011fu &#8220;t\u0259hl\u00fck\u0259sizlik protokolu&#8221; kimi \u0259sasland\u0131raraq m\u00fcdafi\u0259 t\u0259r\u0259finin \u015fikay\u0259tl\u0259rini r\u0259dd edib.<\/p>\n\n\n\n<p>T\u0259\u015fkilat hesabat\u0131nda h\u0259m\u00e7inin qeyd edib ki, bu, Az\u0259rbaycanda jurnalistl\u0259r\u0259, v\u0259t\u0259nda\u015f c\u0259miyy\u0259tin\u0259 v\u0259 m\u00fcxalif\u0259t f\u0259allara qar\u015f\u0131 apar\u0131lan geni\u015f repressiya dal\u011fas\u0131n\u0131n bir hiss\u0259sidir.<\/p>\n\n\n\n<p>Hesabatda Yaqublunun bar\u0259sind\u0259 \u00e7\u0131xar\u0131lan h\u00f6kmd\u0259n d\u0259 b\u0259hs edilib. Qeyd edilib ki, siyas\u0259t\u00e7inin son s\u00f6z\u00fcnd\u0259n d\u0259rhal sonra h\u00f6km\u00fcn verilm\u0259si m\u0259hk\u0259m\u0259nin \u0259n diqq\u0259t \u00e7\u0259k\u0259n m\u0259qamlar\u0131ndan biri olub.<\/p>\n\n\n\n<p><em>\u201cM\u0259hk\u0259m\u0259 prosesinin \u0259n diqq\u0259t\u00e7\u0259k\u0259n m\u0259qam\u0131 h\u00f6km\u00fcn \u00e7\u0131xar\u0131lma s\u00fcr\u0259tidir. 10 mart 2025-ci ild\u0259, t\u0259xmin\u0259n yeddi ay yar\u0131m davam ed\u0259n prosesin sonunda, hakim Tofiq Yaqublunun yekun \u00e7\u0131x\u0131\u015f\u0131ndan d\u0259rhal sonra c\u0259mi 5 d\u0259qiq\u0259lik m\u00fc\u015favir\u0259y\u0259 gedib v\u0259 geri d\u00f6n\u0259r\u0259k onun 9 il m\u00fcdd\u0259tin\u0259 azadl\u0131qdan m\u0259hrum edilm\u0259si bar\u0259d\u0259 h\u00f6km\u00fc oxuyub\u201d, <\/em>&#8211; dey\u0259 hesabatda bildirilib.<\/p>\n\n\n\n<p>Hesabat\u0131n m\u00fc\u0259llifi, professor Derril Braun bildirir ki, bu proses Avropa \u0130nsan H\u00fcquqlar\u0131 Konvensiyas\u0131n\u0131n 5-ci (azadl\u0131q h\u00fcququ), 6-c\u0131 (\u0259dal\u0259tli m\u0259hk\u0259m\u0259 h\u00fcququ) v\u0259 18-ci (h\u00fcquqlar\u0131n m\u0259hdudla\u015fd\u0131r\u0131lmas\u0131ndan sui-istifad\u0259) madd\u0259l\u0259rinin a\u015fkar pozulmas\u0131d\u0131r. T\u0259\u015fkilat Az\u0259rbaycan h\u00f6kum\u0259tini bu c\u00fcr siyasi motivli h\u0259bsl\u0259r\u0259 son qoyma\u011fa v\u0259 beyn\u0259lxalq \u00f6hd\u0259likl\u0259r\u0259 \u0259m\u0259l etm\u0259y\u0259 \u00e7a\u011f\u0131r\u0131b.<\/p>\n\n\n\n<p>Tofiq Yaqublu 2023-c\u00fc ilin dekabr\u0131nda h\u0259bs olunub.<\/p>\n\n\n\n<p>O, 2025-ci il mart\u0131n 10-da Bak\u0131 A\u011f\u0131r Cinay\u0259tl\u0259r M\u0259hk\u0259m\u0259sinin h\u00f6km\u00fc il\u0259 9 il azadl\u0131qdan m\u0259hrum edilib.<\/p>\n\n\n\n<p>Yaqublu Cinay\u0259t M\u0259c\u0259ll\u0259sinin k\u00fclli miqdarda ziyan vurmaqla d\u0259l\u0259duzluq v\u0259 saxta s\u0259n\u0259d haz\u0131rlama v\u0259 ya istifad\u0259 etm\u0259 madd\u0259l\u0259ri il\u0259 t\u0259qsirli bilinib.<\/p>\n","protected":false},"excerpt":{"rendered":"<p>D\u00fcnya V\u0259kil B\u00fcrosu kimi tan\u0131nan \u201cA Clooney Foundation for Justice\u201d &#8230; <\/p>\n<p class=\"read-more-container\"><a title=\"Beyn\u0259lxalq t\u0259\u015fkilat Tofiq Yaqublu haqda hesabat yay\u0131b\" class=\"read-more button\" href=\"https:\/\/www.meydan.tv\/az\/article\/beyn%c9%99lxalq-t%c9%99skilat-tofiq-yaqublu-haqda-hesabat-yayib\/#more-343486\" aria-label=\"Read more about Beyn\u0259lxalq t\u0259\u015fkilat Tofiq Yaqublu haqda hesabat yay\u0131b\">Davam\u0131<\/a><\/p>\n","protected":false},"author":21,"featured_media":328775,"comment_status":"closed","ping_status":"closed","sticky":false,"template":"","format":"standard","meta":{"_acf_changed":false,"_sitemap_exclude":false,"_sitemap_priority":"","_sitemap_frequency":"","footnotes":""},"categories":[59,79,56],"tags":[],"class_list":["post-343486","post","type-post","status-publish","format-standard","has-post-thumbnail","hentry","category-siyaset","category-featured","category-xeberler","infinite-scroll-item","generate-columns","tablet-grid-50","mobile-grid-100","grid-parent","grid-33","no-featured-image-padding"],"acf":[],"yoast_head":"<!-- This site is optimized with the Yoast SEO plugin v27.5 - https:\/\/yoast.com\/product\/yoast-seo-wordpress\/ -->\n<title>Beyn\u0259lxalq t\u0259\u015fkilat Tofiq Yaqublu haqda hesabat yay\u0131b - MEYDAN.TV<\/title>\n<meta name=\"robots\" content=\"index, follow, max-snippet:-1, max-image-preview:large, max-video-preview:-1\" \/>\n<link rel=\"canonical\" href=\"https:\/\/www.meydan.tv\/az\/article\/beyn%c9%99lxalq-t%c9%99skilat-tofiq-yaqublu-haqda-hesabat-yayib\/\" \/>\n<meta property=\"og:locale\" content=\"az_AZ\" \/>\n<meta property=\"og:type\" content=\"article\" \/>\n<meta property=\"og:title\" content=\"Beyn\u0259lxalq t\u0259\u015fkilat Tofiq Yaqublu haqda hesabat yay\u0131b - MEYDAN.TV\" \/>\n<meta property=\"og:description\" content=\"D\u00fcnya V\u0259kil B\u00fcrosu kimi tan\u0131nan \u201cA Clooney Foundation for Justice\u201d ... Davam\u0131\" \/>\n<meta property=\"og:url\" content=\"https:\/\/www.meydan.tv\/az\/article\/beyn%c9%99lxalq-t%c9%99skilat-tofiq-yaqublu-haqda-hesabat-yayib\/\" \/>\n<meta property=\"og:site_name\" content=\"MEYDAN.TV\" \/>\n<meta property=\"article:published_time\" content=\"2026-04-02T11:51:44+00:00\" \/>\n<meta property=\"article:modified_time\" content=\"2026-04-02T11:51:47+00:00\" \/>\n<meta property=\"og:image\" content=\"https:\/\/www.meydan.tv\/wp-content\/uploads\/img_9510-e1674401110384-1-3.jpg\" \/>\n\t<meta property=\"og:image:width\" content=\"1200\" \/>\n\t<meta property=\"og:image:height\" content=\"564\" \/>\n\t<meta property=\"og:image:type\" content=\"image\/jpeg\" \/>\n<meta name=\"author\" content=\"mahmud\" \/>\n<meta name=\"twitter:card\" content=\"summary_large_image\" \/>\n<script type=\"application\/ld+json\" class=\"yoast-schema-graph\">{\"@context\":\"https:\\\/\\\/schema.org\",\"@graph\":[{\"@type\":\"Article\",\"@id\":\"https:\\\/\\\/www.meydan.tv\\\/az\\\/article\\\/beyn%c9%99lxalq-t%c9%99skilat-tofiq-yaqublu-haqda-hesabat-yayib\\\/#article\",\"isPartOf\":{\"@id\":\"https:\\\/\\\/www.meydan.tv\\\/az\\\/article\\\/beyn%c9%99lxalq-t%c9%99skilat-tofiq-yaqublu-haqda-hesabat-yayib\\\/\"},\"author\":{\"name\":\"mahmud\",\"@id\":\"https:\\\/\\\/www.meydan.tv\\\/az\\\/#\\\/schema\\\/person\\\/09863e516102a829e72bedcf3f84c6b0\"},\"headline\":\"Beyn\u0259lxalq t\u0259\u015fkilat Tofiq Yaqublu haqda hesabat yay\u0131b\",\"datePublished\":\"2026-04-02T11:51:44+00:00\",\"dateModified\":\"2026-04-02T11:51:47+00:00\",\"mainEntityOfPage\":{\"@id\":\"https:\\\/\\\/www.meydan.tv\\\/az\\\/article\\\/beyn%c9%99lxalq-t%c9%99skilat-tofiq-yaqublu-haqda-hesabat-yayib\\\/\"},\"wordCount\":475,\"publisher\":{\"@id\":\"https:\\\/\\\/www.meydan.tv\\\/az\\\/#organization\"},\"image\":{\"@id\":\"https:\\\/\\\/www.meydan.tv\\\/az\\\/article\\\/beyn%c9%99lxalq-t%c9%99skilat-tofiq-yaqublu-haqda-hesabat-yayib\\\/#primaryimage\"},\"thumbnailUrl\":\"https:\\\/\\\/www.meydan.tv\\\/wp-content\\\/uploads\\\/img_9510-e1674401110384-1-3.jpg\",\"articleSection\":[\"Siyas\u0259t\",\"T\u00f6vsiy\u0259\",\"X\u0259b\u0259rl\u0259r\"],\"inLanguage\":\"az\"},{\"@type\":\"WebPage\",\"@id\":\"https:\\\/\\\/www.meydan.tv\\\/az\\\/article\\\/beyn%c9%99lxalq-t%c9%99skilat-tofiq-yaqublu-haqda-hesabat-yayib\\\/\",\"url\":\"https:\\\/\\\/www.meydan.tv\\\/az\\\/article\\\/beyn%c9%99lxalq-t%c9%99skilat-tofiq-yaqublu-haqda-hesabat-yayib\\\/\",\"name\":\"Beyn\u0259lxalq t\u0259\u015fkilat Tofiq Yaqublu haqda hesabat yay\u0131b - MEYDAN.TV\",\"isPartOf\":{\"@id\":\"https:\\\/\\\/www.meydan.tv\\\/az\\\/#website\"},\"primaryImageOfPage\":{\"@id\":\"https:\\\/\\\/www.meydan.tv\\\/az\\\/article\\\/beyn%c9%99lxalq-t%c9%99skilat-tofiq-yaqublu-haqda-hesabat-yayib\\\/#primaryimage\"},\"image\":{\"@id\":\"https:\\\/\\\/www.meydan.tv\\\/az\\\/article\\\/beyn%c9%99lxalq-t%c9%99skilat-tofiq-yaqublu-haqda-hesabat-yayib\\\/#primaryimage\"},\"thumbnailUrl\":\"https:\\\/\\\/www.meydan.tv\\\/wp-content\\\/uploads\\\/img_9510-e1674401110384-1-3.jpg\",\"datePublished\":\"2026-04-02T11:51:44+00:00\",\"dateModified\":\"2026-04-02T11:51:47+00:00\",\"breadcrumb\":{\"@id\":\"https:\\\/\\\/www.meydan.tv\\\/az\\\/article\\\/beyn%c9%99lxalq-t%c9%99skilat-tofiq-yaqublu-haqda-hesabat-yayib\\\/#breadcrumb\"},\"inLanguage\":\"az\",\"potentialAction\":[{\"@type\":\"ReadAction\",\"target\":[\"https:\\\/\\\/www.meydan.tv\\\/az\\\/article\\\/beyn%c9%99lxalq-t%c9%99skilat-tofiq-yaqublu-haqda-hesabat-yayib\\\/\"]}]},{\"@type\":\"ImageObject\",\"inLanguage\":\"az\",\"@id\":\"https:\\\/\\\/www.meydan.tv\\\/az\\\/article\\\/beyn%c9%99lxalq-t%c9%99skilat-tofiq-yaqublu-haqda-hesabat-yayib\\\/#primaryimage\",\"url\":\"https:\\\/\\\/www.meydan.tv\\\/wp-content\\\/uploads\\\/img_9510-e1674401110384-1-3.jpg\",\"contentUrl\":\"https:\\\/\\\/www.meydan.tv\\\/wp-content\\\/uploads\\\/img_9510-e1674401110384-1-3.jpg\",\"width\":1200,\"height\":564,\"caption\":\"\u0130ll\u00fcstrasiya: Meydan TV\"},{\"@type\":\"BreadcrumbList\",\"@id\":\"https:\\\/\\\/www.meydan.tv\\\/az\\\/article\\\/beyn%c9%99lxalq-t%c9%99skilat-tofiq-yaqublu-haqda-hesabat-yayib\\\/#breadcrumb\",\"itemListElement\":[{\"@type\":\"ListItem\",\"position\":1,\"name\":\"Ana s\u0259hif\u0259\",\"item\":\"https:\\\/\\\/www.meydan.tv\\\/az\\\/\"},{\"@type\":\"ListItem\",\"position\":2,\"name\":\"Siyas\u0259t\",\"item\":\"https:\\\/\\\/www.meydan.tv\\\/az\\\/section\\\/siyaset\\\/\"},{\"@type\":\"ListItem\",\"position\":3,\"name\":\"Beyn\u0259lxalq t\u0259\u015fkilat Tofiq Yaqublu haqda hesabat yay\u0131b\"}]},{\"@type\":\"WebSite\",\"@id\":\"https:\\\/\\\/www.meydan.tv\\\/az\\\/#website\",\"url\":\"https:\\\/\\\/www.meydan.tv\\\/az\\\/\",\"name\":\"MEYDAN.TV\",\"description\":\"Meydan TV Az\u0259rbaycan\u0131n media m\u0259kan\u0131ndak\u0131 alternativ s\u0259sidir\",\"publisher\":{\"@id\":\"https:\\\/\\\/www.meydan.tv\\\/az\\\/#organization\"},\"potentialAction\":[{\"@type\":\"SearchAction\",\"target\":{\"@type\":\"EntryPoint\",\"urlTemplate\":\"https:\\\/\\\/www.meydan.tv\\\/az\\\/?s={search_term_string}\"},\"query-input\":{\"@type\":\"PropertyValueSpecification\",\"valueRequired\":true,\"valueName\":\"search_term_string\"}}],\"inLanguage\":\"az\"},{\"@type\":\"Organization\",\"@id\":\"https:\\\/\\\/www.meydan.tv\\\/az\\\/#organization\",\"name\":\"Meydan TV\",\"url\":\"https:\\\/\\\/www.meydan.tv\\\/az\\\/\",\"logo\":{\"@type\":\"ImageObject\",\"inLanguage\":\"az\",\"@id\":\"https:\\\/\\\/www.meydan.tv\\\/az\\\/#\\\/schema\\\/logo\\\/image\\\/\",\"url\":\"https:\\\/\\\/www.meydan.tv\\\/wp-content\\\/uploads\\\/2021\\\/07\\\/meydan-logo.svg\",\"contentUrl\":\"https:\\\/\\\/www.meydan.tv\\\/wp-content\\\/uploads\\\/2021\\\/07\\\/meydan-logo.svg\",\"width\":195,\"height\":46,\"caption\":\"Meydan TV\"},\"image\":{\"@id\":\"https:\\\/\\\/www.meydan.tv\\\/az\\\/#\\\/schema\\\/logo\\\/image\\\/\"}},{\"@type\":\"Person\",\"@id\":\"https:\\\/\\\/www.meydan.tv\\\/az\\\/#\\\/schema\\\/person\\\/09863e516102a829e72bedcf3f84c6b0\",\"name\":\"mahmud\"}]}<\/script>\n<!-- \/ Yoast SEO plugin. -->","yoast_head_json":{"title":"Beyn\u0259lxalq t\u0259\u015fkilat Tofiq Yaqublu haqda hesabat yay\u0131b - MEYDAN.TV","robots":{"index":"index","follow":"follow","max-snippet":"max-snippet:-1","max-image-preview":"max-image-preview:large","max-video-preview":"max-video-preview:-1"},"canonical":"https:\/\/www.meydan.tv\/az\/article\/beyn%c9%99lxalq-t%c9%99skilat-tofiq-yaqublu-haqda-hesabat-yayib\/","og_locale":"az_AZ","og_type":"article","og_title":"Beyn\u0259lxalq t\u0259\u015fkilat Tofiq Yaqublu haqda hesabat yay\u0131b - MEYDAN.TV","og_description":"D\u00fcnya V\u0259kil B\u00fcrosu kimi tan\u0131nan \u201cA Clooney Foundation for Justice\u201d ... Davam\u0131","og_url":"https:\/\/www.meydan.tv\/az\/article\/beyn%c9%99lxalq-t%c9%99skilat-tofiq-yaqublu-haqda-hesabat-yayib\/","og_site_name":"MEYDAN.TV","article_published_time":"2026-04-02T11:51:44+00:00","article_modified_time":"2026-04-02T11:51:47+00:00","og_image":[{"width":1200,"height":564,"url":"https:\/\/www.meydan.tv\/wp-content\/uploads\/img_9510-e1674401110384-1-3.jpg","type":"image\/jpeg"}],"author":"mahmud","twitter_card":"summary_large_image","schema":{"@context":"https:\/\/schema.org","@graph":[{"@type":"Article","@id":"https:\/\/www.meydan.tv\/az\/article\/beyn%c9%99lxalq-t%c9%99skilat-tofiq-yaqublu-haqda-hesabat-yayib\/#article","isPartOf":{"@id":"https:\/\/www.meydan.tv\/az\/article\/beyn%c9%99lxalq-t%c9%99skilat-tofiq-yaqublu-haqda-hesabat-yayib\/"},"author":{"name":"mahmud","@id":"https:\/\/www.meydan.tv\/az\/#\/schema\/person\/09863e516102a829e72bedcf3f84c6b0"},"headline":"Beyn\u0259lxalq t\u0259\u015fkilat Tofiq Yaqublu haqda hesabat yay\u0131b","datePublished":"2026-04-02T11:51:44+00:00","dateModified":"2026-04-02T11:51:47+00:00","mainEntityOfPage":{"@id":"https:\/\/www.meydan.tv\/az\/article\/beyn%c9%99lxalq-t%c9%99skilat-tofiq-yaqublu-haqda-hesabat-yayib\/"},"wordCount":475,"publisher":{"@id":"https:\/\/www.meydan.tv\/az\/#organization"},"image":{"@id":"https:\/\/www.meydan.tv\/az\/article\/beyn%c9%99lxalq-t%c9%99skilat-tofiq-yaqublu-haqda-hesabat-yayib\/#primaryimage"},"thumbnailUrl":"https:\/\/www.meydan.tv\/wp-content\/uploads\/img_9510-e1674401110384-1-3.jpg","articleSection":["Siyas\u0259t","T\u00f6vsiy\u0259","X\u0259b\u0259rl\u0259r"],"inLanguage":"az"},{"@type":"WebPage","@id":"https:\/\/www.meydan.tv\/az\/article\/beyn%c9%99lxalq-t%c9%99skilat-tofiq-yaqublu-haqda-hesabat-yayib\/","url":"https:\/\/www.meydan.tv\/az\/article\/beyn%c9%99lxalq-t%c9%99skilat-tofiq-yaqublu-haqda-hesabat-yayib\/","name":"Beyn\u0259lxalq t\u0259\u015fkilat Tofiq Yaqublu haqda hesabat yay\u0131b - MEYDAN.TV","isPartOf":{"@id":"https:\/\/www.meydan.tv\/az\/#website"},"primaryImageOfPage":{"@id":"https:\/\/www.meydan.tv\/az\/article\/beyn%c9%99lxalq-t%c9%99skilat-tofiq-yaqublu-haqda-hesabat-yayib\/#primaryimage"},"image":{"@id":"https:\/\/www.meydan.tv\/az\/article\/beyn%c9%99lxalq-t%c9%99skilat-tofiq-yaqublu-haqda-hesabat-yayib\/#primaryimage"},"thumbnailUrl":"https:\/\/www.meydan.tv\/wp-content\/uploads\/img_9510-e1674401110384-1-3.jpg","datePublished":"2026-04-02T11:51:44+00:00","dateModified":"2026-04-02T11:51:47+00:00","breadcrumb":{"@id":"https:\/\/www.meydan.tv\/az\/article\/beyn%c9%99lxalq-t%c9%99skilat-tofiq-yaqublu-haqda-hesabat-yayib\/#breadcrumb"},"inLanguage":"az","potentialAction":[{"@type":"ReadAction","target":["https:\/\/www.meydan.tv\/az\/article\/beyn%c9%99lxalq-t%c9%99skilat-tofiq-yaqublu-haqda-hesabat-yayib\/"]}]},{"@type":"ImageObject","inLanguage":"az","@id":"https:\/\/www.meydan.tv\/az\/article\/beyn%c9%99lxalq-t%c9%99skilat-tofiq-yaqublu-haqda-hesabat-yayib\/#primaryimage","url":"https:\/\/www.meydan.tv\/wp-content\/uploads\/img_9510-e1674401110384-1-3.jpg","contentUrl":"https:\/\/www.meydan.tv\/wp-content\/uploads\/img_9510-e1674401110384-1-3.jpg","width":1200,"height":564,"caption":"\u0130ll\u00fcstrasiya: Meydan TV"},{"@type":"BreadcrumbList","@id":"https:\/\/www.meydan.tv\/az\/article\/beyn%c9%99lxalq-t%c9%99skilat-tofiq-yaqublu-haqda-hesabat-yayib\/#breadcrumb","itemListElement":[{"@type":"ListItem","position":1,"name":"Ana s\u0259hif\u0259","item":"https:\/\/www.meydan.tv\/az\/"},{"@type":"ListItem","position":2,"name":"Siyas\u0259t","item":"https:\/\/www.meydan.tv\/az\/section\/siyaset\/"},{"@type":"ListItem","position":3,"name":"Beyn\u0259lxalq t\u0259\u015fkilat Tofiq Yaqublu haqda hesabat yay\u0131b"}]},{"@type":"WebSite","@id":"https:\/\/www.meydan.tv\/az\/#website","url":"https:\/\/www.meydan.tv\/az\/","name":"MEYDAN.TV","description":"Meydan TV Az\u0259rbaycan\u0131n media m\u0259kan\u0131ndak\u0131 alternativ s\u0259sidir","publisher":{"@id":"https:\/\/www.meydan.tv\/az\/#organization"},"potentialAction":[{"@type":"SearchAction","target":{"@type":"EntryPoint","urlTemplate":"https:\/\/www.meydan.tv\/az\/?s={search_term_string}"},"query-input":{"@type":"PropertyValueSpecification","valueRequired":true,"valueName":"search_term_string"}}],"inLanguage":"az"},{"@type":"Organization","@id":"https:\/\/www.meydan.tv\/az\/#organization","name":"Meydan TV","url":"https:\/\/www.meydan.tv\/az\/","logo":{"@type":"ImageObject","inLanguage":"az","@id":"https:\/\/www.meydan.tv\/az\/#\/schema\/logo\/image\/","url":"https:\/\/www.meydan.tv\/wp-content\/uploads\/2021\/07\/meydan-logo.svg","contentUrl":"https:\/\/www.meydan.tv\/wp-content\/uploads\/2021\/07\/meydan-logo.svg","width":195,"height":46,"caption":"Meydan TV"},"image":{"@id":"https:\/\/www.meydan.tv\/az\/#\/schema\/logo\/image\/"}},{"@type":"Person","@id":"https:\/\/www.meydan.tv\/az\/#\/schema\/person\/09863e516102a829e72bedcf3f84c6b0","name":"mahmud"}]}},"_links":{"self":[{"href":"https:\/\/www.meydan.tv\/az\/wp-json\/wp\/v2\/posts\/343486","targetHints":{"allow":["GET"]}}],"collection":[{"href":"https:\/\/www.meydan.tv\/az\/wp-json\/wp\/v2\/posts"}],"about":[{"href":"https:\/\/www.meydan.tv\/az\/wp-json\/wp\/v2\/types\/post"}],"author":[{"embeddable":true,"href":"https:\/\/www.meydan.tv\/az\/wp-json\/wp\/v2\/users\/21"}],"replies":[{"embeddable":true,"href":"https:\/\/www.meydan.tv\/az\/wp-json\/wp\/v2\/comments?post=343486"}],"version-history":[{"count":1,"href":"https:\/\/www.meydan.tv\/az\/wp-json\/wp\/v2\/posts\/343486\/revisions"}],"predecessor-version":[{"id":343487,"href":"https:\/\/www.meydan.tv\/az\/wp-json\/wp\/v2\/posts\/343486\/revisions\/343487"}],"wp:featuredmedia":[{"embeddable":true,"href":"https:\/\/www.meydan.tv\/az\/wp-json\/wp\/v2\/media\/328775"}],"wp:attachment":[{"href":"https:\/\/www.meydan.tv\/az\/wp-json\/wp\/v2\/media?parent=343486"}],"wp:term":[{"taxonomy":"category","embeddable":true,"href":"https:\/\/www.meydan.tv\/az\/wp-json\/wp\/v2\/categories?post=343486"},{"taxonomy":"post_tag","embeddable":true,"href":"https:\/\/www.meydan.tv\/az\/wp-json\/wp\/v2\/tags?post=343486"}],"curies":[{"name":"wp","href":"https:\/\/api.w.org\/{rel}","templated":true}]}}