{"id":343479,"date":"2026-04-02T16:00:03","date_gmt":"2026-04-02T12:00:03","guid":{"rendered":"https:\/\/www.meydan.tv\/?p=343479"},"modified":"2026-04-02T16:00:05","modified_gmt":"2026-04-02T12:00:05","slug":"erm%c9%99nistanin-kecmis-prezidenti-sarqsyanin-respublika-partiyasi-seckil%c9%99rd%c9%99-istirak-etm%c9%99y%c9%99c%c9%99k","status":"publish","type":"post","link":"https:\/\/www.meydan.tv\/az\/article\/erm%c9%99nistanin-kecmis-prezidenti-sarqsyanin-respublika-partiyasi-seckil%c9%99rd%c9%99-istirak-etm%c9%99y%c9%99c%c9%99k\/","title":{"rendered":"Erm\u0259nistan\u0131n ke\u00e7mi\u015f prezidenti Sarkisyan\u0131n partiyas\u0131 se\u00e7kil\u0259rd\u0259 i\u015ftirak etm\u0259y\u0259c\u0259k"},"content":{"rendered":"\n<p>Erm\u0259nistan\u0131n t\u0259xmin\u0259n on il \u0259rzind\u0259 \u00f6lk\u0259ni idar\u0259 etmi\u015f Respublika Partiyas\u0131 qar\u015f\u0131dan g\u0259l\u0259n se\u00e7kil\u0259rd\u0259 i\u015ftirak etm\u0259y\u0259c\u0259yini a\u00e7\u0131qlay\u0131b. Partiyaya 2008-ci ild\u0259n 2018-ci ild\u0259 \u201cM\u0259xm\u0259ri \u0130nqilab\u201d zaman\u0131 istefaya m\u0259cbur edil\u0259n\u0259d\u0259k Prezident, daha sonra is\u0259 Ba\u015f nazir olmu\u015f Serj Sarkisyan r\u0259hb\u0259rlik edir.<\/p>\n\n\n\n<p>OC Media <a href=\"https:\/\/oc-media.org\/former-armenian-president-sargsyans-republican-party-to-sit-out-elections\/\" type=\"link\" id=\"https:\/\/oc-media.org\/former-armenian-president-sargsyans-republican-party-to-sit-out-elections\/\" target=\"_blank\" rel=\"noreferrer noopener nofollow\">yaz\u0131r ki,<\/a> \u00e7\u0259r\u015f\u0259nb\u0259 g\u00fcn\u00fc yay\u0131lan b\u0259yanatda partiya bildirib ki, bu q\u0259rar \u201c\u0259hat\u0259li t\u0259hlild\u0259n\u201d sonra q\u0259bul edilib.<\/p>\n\n\n\n<p>Respublika Partiyas\u0131n\u0131n siyasi m\u00f6vqel\u0259ri, o c\u00fcml\u0259d\u0259n hans\u0131 partiya v\u0259 ya namiz\u0259di d\u0259st\u0259kl\u0259y\u0259c\u0259yi il\u0259 ba\u011fl\u0131 daha \u0259trafl\u0131 m\u0259lumat 4 aprel\u0259 planla\u015fd\u0131r\u0131lan partiya konfrans\u0131ndan sonra a\u00e7\u0131qlanacaq.<\/p>\n\n\n\n<p>M\u00fcbahis\u0259li fiqur olan Sarkisyan korrupsiya v\u0259 v\u0259zif\u0259 s\u0259lahiyy\u0259tl\u0259rind\u0259n sui-istifad\u0259 il\u0259 ba\u011fl\u0131 \u00e7oxsayl\u0131 cinay\u0259tl\u0259rd\u0259 ittiham olunub.<\/p>\n\n\n\n<p>2025-ci ild\u0259 onun hakimiyy\u0259td\u0259 oldu\u011fu d\u00f6vrl\u0259 ba\u011fl\u0131 yeni ittihamlar ir\u0259li s\u00fcr\u00fcl\u00fcb. Respublika Partiyas\u0131n\u0131n hakimiyy\u0259ti d\u00f6vr\u00fcnd\u0259 geni\u015f yay\u0131lm\u0131\u015f korrupsiya iddialar\u0131 onun devrilm\u0259si il\u0259 n\u0259tic\u0259l\u0259n\u0259n inqilab\u0131n \u0259sas s\u0259b\u0259bl\u0259rind\u0259n biri olub.<\/p>\n\n\n\n<p>Partiya 2021-ci ild\u0259 ke\u00e7iril\u0259n n\u00f6vb\u0259d\u0259nk\u0259nar se\u00e7kil\u0259rin n\u0259tic\u0259si olaraq \u201c\u015e\u0259r\u0259fim var\u201d fraksiyas\u0131 t\u0259rkibind\u0259 parlamentd\u0259 yeddi mandat qazanm\u0131\u015fd\u0131.<\/p>\n\n\n\n<p>Erm\u0259nistanda bir \u00e7oxlar\u0131 t\u0259r\u0259find\u0259n h\u0259lledici hesab olunan parlament se\u00e7kil\u0259rinin 7 iyunda ke\u00e7irilm\u0259si planla\u015fd\u0131r\u0131l\u0131r.<\/p>\n\n\n\n<p>Son sor\u011fulara g\u00f6r\u0259, haz\u0131rk\u0131 Ba\u015f nazir Nikol Pa\u015finyan v\u0259 onun V\u0259t\u0259nda\u015f M\u00fcqavil\u0259si Partiyas\u0131 haz\u0131rda \u0259h\u0259miyy\u0259tli \u00fcst\u00fcnl\u00fcy\u0259 malikdir.<\/p>\n\n\n\n<p><em>Bu yaz\u0131 ingilis dilind\u0259n t\u0259rc\u00fcm\u0259 edilmi\u015fdir. Yaz\u0131n\u0131n \u0259slini OC Media-dan oxuya bil\u0259rsiniz.<\/em><\/p>\n","protected":false},"excerpt":{"rendered":"<p>Erm\u0259nistan\u0131n t\u0259xmin\u0259n on il \u0259rzind\u0259 \u00f6lk\u0259ni idar\u0259 etmi\u015f Respublika Partiyas\u0131 &#8230; <\/p>\n<p class=\"read-more-container\"><a title=\"Erm\u0259nistan\u0131n ke\u00e7mi\u015f prezidenti Sarkisyan\u0131n partiyas\u0131 se\u00e7kil\u0259rd\u0259 i\u015ftirak etm\u0259y\u0259c\u0259k\" class=\"read-more button\" href=\"https:\/\/www.meydan.tv\/az\/article\/erm%c9%99nistanin-kecmis-prezidenti-sarqsyanin-respublika-partiyasi-seckil%c9%99rd%c9%99-istirak-etm%c9%99y%c9%99c%c9%99k\/#more-343479\" aria-label=\"Read more about Erm\u0259nistan\u0131n ke\u00e7mi\u015f prezidenti Sarkisyan\u0131n partiyas\u0131 se\u00e7kil\u0259rd\u0259 i\u015ftirak etm\u0259y\u0259c\u0259k\">Davam\u0131<\/a><\/p>\n","protected":false},"author":12,"featured_media":343480,"comment_status":"closed","ping_status":"closed","sticky":false,"template":"","format":"standard","meta":{"_acf_changed":false,"_sitemap_exclude":false,"_sitemap_priority":"","_sitemap_frequency":"","footnotes":""},"categories":[64,56],"tags":[],"class_list":["post-343479","post","type-post","status-publish","format-standard","has-post-thumbnail","hentry","category-dunya","category-xeberler","infinite-scroll-item","generate-columns","tablet-grid-50","mobile-grid-100","grid-parent","grid-33","no-featured-image-padding"],"acf":[],"yoast_head":"<!-- This site is optimized with the Yoast SEO plugin v27.5 - https:\/\/yoast.com\/product\/yoast-seo-wordpress\/ -->\n<title>Erm\u0259nistan\u0131n ke\u00e7mi\u015f prezidenti Sarkisyan\u0131n partiyas\u0131 se\u00e7kil\u0259rd\u0259 i\u015ftirak etm\u0259y\u0259c\u0259k - MEYDAN.TV<\/title>\n<meta name=\"robots\" content=\"index, follow, max-snippet:-1, max-image-preview:large, max-video-preview:-1\" \/>\n<link rel=\"canonical\" href=\"https:\/\/www.meydan.tv\/az\/article\/erm%c9%99nistanin-kecmis-prezidenti-sarqsyanin-respublika-partiyasi-seckil%c9%99rd%c9%99-istirak-etm%c9%99y%c9%99c%c9%99k\/\" \/>\n<meta property=\"og:locale\" content=\"az_AZ\" \/>\n<meta property=\"og:type\" content=\"article\" \/>\n<meta property=\"og:title\" content=\"Erm\u0259nistan\u0131n ke\u00e7mi\u015f prezidenti Sarkisyan\u0131n partiyas\u0131 se\u00e7kil\u0259rd\u0259 i\u015ftirak etm\u0259y\u0259c\u0259k - MEYDAN.TV\" \/>\n<meta property=\"og:description\" content=\"Erm\u0259nistan\u0131n t\u0259xmin\u0259n on il \u0259rzind\u0259 \u00f6lk\u0259ni idar\u0259 etmi\u015f Respublika Partiyas\u0131 ... Davam\u0131\" \/>\n<meta property=\"og:url\" content=\"https:\/\/www.meydan.tv\/az\/article\/erm%c9%99nistanin-kecmis-prezidenti-sarqsyanin-respublika-partiyasi-seckil%c9%99rd%c9%99-istirak-etm%c9%99y%c9%99c%c9%99k\/\" \/>\n<meta property=\"og:site_name\" content=\"MEYDAN.TV\" \/>\n<meta property=\"article:published_time\" content=\"2026-04-02T12:00:03+00:00\" \/>\n<meta property=\"article:modified_time\" content=\"2026-04-02T12:00:05+00:00\" \/>\n<meta property=\"og:image\" content=\"https:\/\/www.meydan.tv\/wp-content\/uploads\/screenshot-2026-04-02-at-13.26.05.png\" \/>\n\t<meta property=\"og:image:width\" content=\"1692\" \/>\n\t<meta property=\"og:image:height\" content=\"876\" \/>\n\t<meta property=\"og:image:type\" content=\"image\/png\" \/>\n<meta name=\"author\" content=\"aleks\" \/>\n<meta name=\"twitter:card\" content=\"summary_large_image\" \/>\n<script type=\"application\/ld+json\" class=\"yoast-schema-graph\">{\"@context\":\"https:\\\/\\\/schema.org\",\"@graph\":[{\"@type\":\"Article\",\"@id\":\"https:\\\/\\\/www.meydan.tv\\\/az\\\/article\\\/erm%c9%99nistanin-kecmis-prezidenti-sarqsyanin-respublika-partiyasi-seckil%c9%99rd%c9%99-istirak-etm%c9%99y%c9%99c%c9%99k\\\/#article\",\"isPartOf\":{\"@id\":\"https:\\\/\\\/www.meydan.tv\\\/az\\\/article\\\/erm%c9%99nistanin-kecmis-prezidenti-sarqsyanin-respublika-partiyasi-seckil%c9%99rd%c9%99-istirak-etm%c9%99y%c9%99c%c9%99k\\\/\"},\"author\":{\"name\":\"aleks\",\"@id\":\"https:\\\/\\\/www.meydan.tv\\\/az\\\/#\\\/schema\\\/person\\\/476e9360e593fa131d5d71d51866f8da\"},\"headline\":\"Erm\u0259nistan\u0131n ke\u00e7mi\u015f prezidenti Sarkisyan\u0131n partiyas\u0131 se\u00e7kil\u0259rd\u0259 i\u015ftirak etm\u0259y\u0259c\u0259k\",\"datePublished\":\"2026-04-02T12:00:03+00:00\",\"dateModified\":\"2026-04-02T12:00:05+00:00\",\"mainEntityOfPage\":{\"@id\":\"https:\\\/\\\/www.meydan.tv\\\/az\\\/article\\\/erm%c9%99nistanin-kecmis-prezidenti-sarqsyanin-respublika-partiyasi-seckil%c9%99rd%c9%99-istirak-etm%c9%99y%c9%99c%c9%99k\\\/\"},\"wordCount\":332,\"publisher\":{\"@id\":\"https:\\\/\\\/www.meydan.tv\\\/az\\\/#organization\"},\"image\":{\"@id\":\"https:\\\/\\\/www.meydan.tv\\\/az\\\/article\\\/erm%c9%99nistanin-kecmis-prezidenti-sarqsyanin-respublika-partiyasi-seckil%c9%99rd%c9%99-istirak-etm%c9%99y%c9%99c%c9%99k\\\/#primaryimage\"},\"thumbnailUrl\":\"https:\\\/\\\/www.meydan.tv\\\/wp-content\\\/uploads\\\/screenshot-2026-04-02-at-13.26.05.png\",\"articleSection\":[\"D\u00fcnya\",\"X\u0259b\u0259rl\u0259r\"],\"inLanguage\":\"az\"},{\"@type\":\"WebPage\",\"@id\":\"https:\\\/\\\/www.meydan.tv\\\/az\\\/article\\\/erm%c9%99nistanin-kecmis-prezidenti-sarqsyanin-respublika-partiyasi-seckil%c9%99rd%c9%99-istirak-etm%c9%99y%c9%99c%c9%99k\\\/\",\"url\":\"https:\\\/\\\/www.meydan.tv\\\/az\\\/article\\\/erm%c9%99nistanin-kecmis-prezidenti-sarqsyanin-respublika-partiyasi-seckil%c9%99rd%c9%99-istirak-etm%c9%99y%c9%99c%c9%99k\\\/\",\"name\":\"Erm\u0259nistan\u0131n ke\u00e7mi\u015f prezidenti Sarkisyan\u0131n partiyas\u0131 se\u00e7kil\u0259rd\u0259 i\u015ftirak etm\u0259y\u0259c\u0259k - MEYDAN.TV\",\"isPartOf\":{\"@id\":\"https:\\\/\\\/www.meydan.tv\\\/az\\\/#website\"},\"primaryImageOfPage\":{\"@id\":\"https:\\\/\\\/www.meydan.tv\\\/az\\\/article\\\/erm%c9%99nistanin-kecmis-prezidenti-sarqsyanin-respublika-partiyasi-seckil%c9%99rd%c9%99-istirak-etm%c9%99y%c9%99c%c9%99k\\\/#primaryimage\"},\"image\":{\"@id\":\"https:\\\/\\\/www.meydan.tv\\\/az\\\/article\\\/erm%c9%99nistanin-kecmis-prezidenti-sarqsyanin-respublika-partiyasi-seckil%c9%99rd%c9%99-istirak-etm%c9%99y%c9%99c%c9%99k\\\/#primaryimage\"},\"thumbnailUrl\":\"https:\\\/\\\/www.meydan.tv\\\/wp-content\\\/uploads\\\/screenshot-2026-04-02-at-13.26.05.png\",\"datePublished\":\"2026-04-02T12:00:03+00:00\",\"dateModified\":\"2026-04-02T12:00:05+00:00\",\"breadcrumb\":{\"@id\":\"https:\\\/\\\/www.meydan.tv\\\/az\\\/article\\\/erm%c9%99nistanin-kecmis-prezidenti-sarqsyanin-respublika-partiyasi-seckil%c9%99rd%c9%99-istirak-etm%c9%99y%c9%99c%c9%99k\\\/#breadcrumb\"},\"inLanguage\":\"az\",\"potentialAction\":[{\"@type\":\"ReadAction\",\"target\":[\"https:\\\/\\\/www.meydan.tv\\\/az\\\/article\\\/erm%c9%99nistanin-kecmis-prezidenti-sarqsyanin-respublika-partiyasi-seckil%c9%99rd%c9%99-istirak-etm%c9%99y%c9%99c%c9%99k\\\/\"]}]},{\"@type\":\"ImageObject\",\"inLanguage\":\"az\",\"@id\":\"https:\\\/\\\/www.meydan.tv\\\/az\\\/article\\\/erm%c9%99nistanin-kecmis-prezidenti-sarqsyanin-respublika-partiyasi-seckil%c9%99rd%c9%99-istirak-etm%c9%99y%c9%99c%c9%99k\\\/#primaryimage\",\"url\":\"https:\\\/\\\/www.meydan.tv\\\/wp-content\\\/uploads\\\/screenshot-2026-04-02-at-13.26.05.png\",\"contentUrl\":\"https:\\\/\\\/www.meydan.tv\\\/wp-content\\\/uploads\\\/screenshot-2026-04-02-at-13.26.05.png\",\"width\":1692,\"height\":876,\"caption\":\"Serj Sarkisyan, r\u0259smi foto\"},{\"@type\":\"BreadcrumbList\",\"@id\":\"https:\\\/\\\/www.meydan.tv\\\/az\\\/article\\\/erm%c9%99nistanin-kecmis-prezidenti-sarqsyanin-respublika-partiyasi-seckil%c9%99rd%c9%99-istirak-etm%c9%99y%c9%99c%c9%99k\\\/#breadcrumb\",\"itemListElement\":[{\"@type\":\"ListItem\",\"position\":1,\"name\":\"Ana s\u0259hif\u0259\",\"item\":\"https:\\\/\\\/www.meydan.tv\\\/az\\\/\"},{\"@type\":\"ListItem\",\"position\":2,\"name\":\"X\u0259b\u0259rl\u0259r\",\"item\":\"https:\\\/\\\/www.meydan.tv\\\/az\\\/section\\\/xeberler\\\/\"},{\"@type\":\"ListItem\",\"position\":3,\"name\":\"Erm\u0259nistan\u0131n ke\u00e7mi\u015f prezidenti Sarkisyan\u0131n partiyas\u0131 se\u00e7kil\u0259rd\u0259 i\u015ftirak etm\u0259y\u0259c\u0259k\"}]},{\"@type\":\"WebSite\",\"@id\":\"https:\\\/\\\/www.meydan.tv\\\/az\\\/#website\",\"url\":\"https:\\\/\\\/www.meydan.tv\\\/az\\\/\",\"name\":\"MEYDAN.TV\",\"description\":\"Meydan TV Az\u0259rbaycan\u0131n media m\u0259kan\u0131ndak\u0131 alternativ s\u0259sidir\",\"publisher\":{\"@id\":\"https:\\\/\\\/www.meydan.tv\\\/az\\\/#organization\"},\"potentialAction\":[{\"@type\":\"SearchAction\",\"target\":{\"@type\":\"EntryPoint\",\"urlTemplate\":\"https:\\\/\\\/www.meydan.tv\\\/az\\\/?s={search_term_string}\"},\"query-input\":{\"@type\":\"PropertyValueSpecification\",\"valueRequired\":true,\"valueName\":\"search_term_string\"}}],\"inLanguage\":\"az\"},{\"@type\":\"Organization\",\"@id\":\"https:\\\/\\\/www.meydan.tv\\\/az\\\/#organization\",\"name\":\"Meydan TV\",\"url\":\"https:\\\/\\\/www.meydan.tv\\\/az\\\/\",\"logo\":{\"@type\":\"ImageObject\",\"inLanguage\":\"az\",\"@id\":\"https:\\\/\\\/www.meydan.tv\\\/az\\\/#\\\/schema\\\/logo\\\/image\\\/\",\"url\":\"https:\\\/\\\/www.meydan.tv\\\/wp-content\\\/uploads\\\/2021\\\/07\\\/meydan-logo.svg\",\"contentUrl\":\"https:\\\/\\\/www.meydan.tv\\\/wp-content\\\/uploads\\\/2021\\\/07\\\/meydan-logo.svg\",\"width\":195,\"height\":46,\"caption\":\"Meydan TV\"},\"image\":{\"@id\":\"https:\\\/\\\/www.meydan.tv\\\/az\\\/#\\\/schema\\\/logo\\\/image\\\/\"}},{\"@type\":\"Person\",\"@id\":\"https:\\\/\\\/www.meydan.tv\\\/az\\\/#\\\/schema\\\/person\\\/476e9360e593fa131d5d71d51866f8da\",\"name\":\"aleks\"}]}<\/script>\n<!-- \/ Yoast SEO plugin. -->","yoast_head_json":{"title":"Erm\u0259nistan\u0131n ke\u00e7mi\u015f prezidenti Sarkisyan\u0131n partiyas\u0131 se\u00e7kil\u0259rd\u0259 i\u015ftirak etm\u0259y\u0259c\u0259k - MEYDAN.TV","robots":{"index":"index","follow":"follow","max-snippet":"max-snippet:-1","max-image-preview":"max-image-preview:large","max-video-preview":"max-video-preview:-1"},"canonical":"https:\/\/www.meydan.tv\/az\/article\/erm%c9%99nistanin-kecmis-prezidenti-sarqsyanin-respublika-partiyasi-seckil%c9%99rd%c9%99-istirak-etm%c9%99y%c9%99c%c9%99k\/","og_locale":"az_AZ","og_type":"article","og_title":"Erm\u0259nistan\u0131n ke\u00e7mi\u015f prezidenti Sarkisyan\u0131n partiyas\u0131 se\u00e7kil\u0259rd\u0259 i\u015ftirak etm\u0259y\u0259c\u0259k - MEYDAN.TV","og_description":"Erm\u0259nistan\u0131n t\u0259xmin\u0259n on il \u0259rzind\u0259 \u00f6lk\u0259ni idar\u0259 etmi\u015f Respublika Partiyas\u0131 ... Davam\u0131","og_url":"https:\/\/www.meydan.tv\/az\/article\/erm%c9%99nistanin-kecmis-prezidenti-sarqsyanin-respublika-partiyasi-seckil%c9%99rd%c9%99-istirak-etm%c9%99y%c9%99c%c9%99k\/","og_site_name":"MEYDAN.TV","article_published_time":"2026-04-02T12:00:03+00:00","article_modified_time":"2026-04-02T12:00:05+00:00","og_image":[{"width":1692,"height":876,"url":"https:\/\/www.meydan.tv\/wp-content\/uploads\/screenshot-2026-04-02-at-13.26.05.png","type":"image\/png"}],"author":"aleks","twitter_card":"summary_large_image","schema":{"@context":"https:\/\/schema.org","@graph":[{"@type":"Article","@id":"https:\/\/www.meydan.tv\/az\/article\/erm%c9%99nistanin-kecmis-prezidenti-sarqsyanin-respublika-partiyasi-seckil%c9%99rd%c9%99-istirak-etm%c9%99y%c9%99c%c9%99k\/#article","isPartOf":{"@id":"https:\/\/www.meydan.tv\/az\/article\/erm%c9%99nistanin-kecmis-prezidenti-sarqsyanin-respublika-partiyasi-seckil%c9%99rd%c9%99-istirak-etm%c9%99y%c9%99c%c9%99k\/"},"author":{"name":"aleks","@id":"https:\/\/www.meydan.tv\/az\/#\/schema\/person\/476e9360e593fa131d5d71d51866f8da"},"headline":"Erm\u0259nistan\u0131n ke\u00e7mi\u015f prezidenti Sarkisyan\u0131n partiyas\u0131 se\u00e7kil\u0259rd\u0259 i\u015ftirak etm\u0259y\u0259c\u0259k","datePublished":"2026-04-02T12:00:03+00:00","dateModified":"2026-04-02T12:00:05+00:00","mainEntityOfPage":{"@id":"https:\/\/www.meydan.tv\/az\/article\/erm%c9%99nistanin-kecmis-prezidenti-sarqsyanin-respublika-partiyasi-seckil%c9%99rd%c9%99-istirak-etm%c9%99y%c9%99c%c9%99k\/"},"wordCount":332,"publisher":{"@id":"https:\/\/www.meydan.tv\/az\/#organization"},"image":{"@id":"https:\/\/www.meydan.tv\/az\/article\/erm%c9%99nistanin-kecmis-prezidenti-sarqsyanin-respublika-partiyasi-seckil%c9%99rd%c9%99-istirak-etm%c9%99y%c9%99c%c9%99k\/#primaryimage"},"thumbnailUrl":"https:\/\/www.meydan.tv\/wp-content\/uploads\/screenshot-2026-04-02-at-13.26.05.png","articleSection":["D\u00fcnya","X\u0259b\u0259rl\u0259r"],"inLanguage":"az"},{"@type":"WebPage","@id":"https:\/\/www.meydan.tv\/az\/article\/erm%c9%99nistanin-kecmis-prezidenti-sarqsyanin-respublika-partiyasi-seckil%c9%99rd%c9%99-istirak-etm%c9%99y%c9%99c%c9%99k\/","url":"https:\/\/www.meydan.tv\/az\/article\/erm%c9%99nistanin-kecmis-prezidenti-sarqsyanin-respublika-partiyasi-seckil%c9%99rd%c9%99-istirak-etm%c9%99y%c9%99c%c9%99k\/","name":"Erm\u0259nistan\u0131n ke\u00e7mi\u015f prezidenti Sarkisyan\u0131n partiyas\u0131 se\u00e7kil\u0259rd\u0259 i\u015ftirak etm\u0259y\u0259c\u0259k - MEYDAN.TV","isPartOf":{"@id":"https:\/\/www.meydan.tv\/az\/#website"},"primaryImageOfPage":{"@id":"https:\/\/www.meydan.tv\/az\/article\/erm%c9%99nistanin-kecmis-prezidenti-sarqsyanin-respublika-partiyasi-seckil%c9%99rd%c9%99-istirak-etm%c9%99y%c9%99c%c9%99k\/#primaryimage"},"image":{"@id":"https:\/\/www.meydan.tv\/az\/article\/erm%c9%99nistanin-kecmis-prezidenti-sarqsyanin-respublika-partiyasi-seckil%c9%99rd%c9%99-istirak-etm%c9%99y%c9%99c%c9%99k\/#primaryimage"},"thumbnailUrl":"https:\/\/www.meydan.tv\/wp-content\/uploads\/screenshot-2026-04-02-at-13.26.05.png","datePublished":"2026-04-02T12:00:03+00:00","dateModified":"2026-04-02T12:00:05+00:00","breadcrumb":{"@id":"https:\/\/www.meydan.tv\/az\/article\/erm%c9%99nistanin-kecmis-prezidenti-sarqsyanin-respublika-partiyasi-seckil%c9%99rd%c9%99-istirak-etm%c9%99y%c9%99c%c9%99k\/#breadcrumb"},"inLanguage":"az","potentialAction":[{"@type":"ReadAction","target":["https:\/\/www.meydan.tv\/az\/article\/erm%c9%99nistanin-kecmis-prezidenti-sarqsyanin-respublika-partiyasi-seckil%c9%99rd%c9%99-istirak-etm%c9%99y%c9%99c%c9%99k\/"]}]},{"@type":"ImageObject","inLanguage":"az","@id":"https:\/\/www.meydan.tv\/az\/article\/erm%c9%99nistanin-kecmis-prezidenti-sarqsyanin-respublika-partiyasi-seckil%c9%99rd%c9%99-istirak-etm%c9%99y%c9%99c%c9%99k\/#primaryimage","url":"https:\/\/www.meydan.tv\/wp-content\/uploads\/screenshot-2026-04-02-at-13.26.05.png","contentUrl":"https:\/\/www.meydan.tv\/wp-content\/uploads\/screenshot-2026-04-02-at-13.26.05.png","width":1692,"height":876,"caption":"Serj Sarkisyan, r\u0259smi foto"},{"@type":"BreadcrumbList","@id":"https:\/\/www.meydan.tv\/az\/article\/erm%c9%99nistanin-kecmis-prezidenti-sarqsyanin-respublika-partiyasi-seckil%c9%99rd%c9%99-istirak-etm%c9%99y%c9%99c%c9%99k\/#breadcrumb","itemListElement":[{"@type":"ListItem","position":1,"name":"Ana s\u0259hif\u0259","item":"https:\/\/www.meydan.tv\/az\/"},{"@type":"ListItem","position":2,"name":"X\u0259b\u0259rl\u0259r","item":"https:\/\/www.meydan.tv\/az\/section\/xeberler\/"},{"@type":"ListItem","position":3,"name":"Erm\u0259nistan\u0131n ke\u00e7mi\u015f prezidenti Sarkisyan\u0131n partiyas\u0131 se\u00e7kil\u0259rd\u0259 i\u015ftirak etm\u0259y\u0259c\u0259k"}]},{"@type":"WebSite","@id":"https:\/\/www.meydan.tv\/az\/#website","url":"https:\/\/www.meydan.tv\/az\/","name":"MEYDAN.TV","description":"Meydan TV Az\u0259rbaycan\u0131n media m\u0259kan\u0131ndak\u0131 alternativ s\u0259sidir","publisher":{"@id":"https:\/\/www.meydan.tv\/az\/#organization"},"potentialAction":[{"@type":"SearchAction","target":{"@type":"EntryPoint","urlTemplate":"https:\/\/www.meydan.tv\/az\/?s={search_term_string}"},"query-input":{"@type":"PropertyValueSpecification","valueRequired":true,"valueName":"search_term_string"}}],"inLanguage":"az"},{"@type":"Organization","@id":"https:\/\/www.meydan.tv\/az\/#organization","name":"Meydan TV","url":"https:\/\/www.meydan.tv\/az\/","logo":{"@type":"ImageObject","inLanguage":"az","@id":"https:\/\/www.meydan.tv\/az\/#\/schema\/logo\/image\/","url":"https:\/\/www.meydan.tv\/wp-content\/uploads\/2021\/07\/meydan-logo.svg","contentUrl":"https:\/\/www.meydan.tv\/wp-content\/uploads\/2021\/07\/meydan-logo.svg","width":195,"height":46,"caption":"Meydan TV"},"image":{"@id":"https:\/\/www.meydan.tv\/az\/#\/schema\/logo\/image\/"}},{"@type":"Person","@id":"https:\/\/www.meydan.tv\/az\/#\/schema\/person\/476e9360e593fa131d5d71d51866f8da","name":"aleks"}]}},"_links":{"self":[{"href":"https:\/\/www.meydan.tv\/az\/wp-json\/wp\/v2\/posts\/343479","targetHints":{"allow":["GET"]}}],"collection":[{"href":"https:\/\/www.meydan.tv\/az\/wp-json\/wp\/v2\/posts"}],"about":[{"href":"https:\/\/www.meydan.tv\/az\/wp-json\/wp\/v2\/types\/post"}],"author":[{"embeddable":true,"href":"https:\/\/www.meydan.tv\/az\/wp-json\/wp\/v2\/users\/12"}],"replies":[{"embeddable":true,"href":"https:\/\/www.meydan.tv\/az\/wp-json\/wp\/v2\/comments?post=343479"}],"version-history":[{"count":4,"href":"https:\/\/www.meydan.tv\/az\/wp-json\/wp\/v2\/posts\/343479\/revisions"}],"predecessor-version":[{"id":343489,"href":"https:\/\/www.meydan.tv\/az\/wp-json\/wp\/v2\/posts\/343479\/revisions\/343489"}],"wp:featuredmedia":[{"embeddable":true,"href":"https:\/\/www.meydan.tv\/az\/wp-json\/wp\/v2\/media\/343480"}],"wp:attachment":[{"href":"https:\/\/www.meydan.tv\/az\/wp-json\/wp\/v2\/media?parent=343479"}],"wp:term":[{"taxonomy":"category","embeddable":true,"href":"https:\/\/www.meydan.tv\/az\/wp-json\/wp\/v2\/categories?post=343479"},{"taxonomy":"post_tag","embeddable":true,"href":"https:\/\/www.meydan.tv\/az\/wp-json\/wp\/v2\/tags?post=343479"}],"curies":[{"name":"wp","href":"https:\/\/api.w.org\/{rel}","templated":true}]}}