{"id":343448,"date":"2026-03-31T22:36:01","date_gmt":"2026-03-31T18:36:01","guid":{"rendered":"https:\/\/www.meydan.tv\/?p=343448"},"modified":"2026-03-31T22:36:03","modified_gmt":"2026-03-31T18:36:03","slug":"erm%c9%99nistanda-muxalif%c9%99t-hakimiyy%c9%99t%c9%99-g%c9%99ls%c9%99-sulh-quruculugu-dayanacaq","status":"publish","type":"post","link":"https:\/\/www.meydan.tv\/az\/article\/erm%c9%99nistanda-muxalif%c9%99t-hakimiyy%c9%99t%c9%99-g%c9%99ls%c9%99-sulh-quruculugu-dayanacaq\/","title":{"rendered":"&#8220;Erm\u0259nistanda m\u00fcxalif\u0259t hakimiyy\u0259t\u0259 g\u0259ls\u0259, s\u00fclh quruculu\u011fu dayanacaq&#8221;"},"content":{"rendered":"\n<figure class=\"wp-block-embed is-type-video is-provider-youtube wp-block-embed-youtube wp-embed-aspect-16-9 wp-has-aspect-ratio\"><div class=\"wp-block-embed__wrapper\">\n<iframe title=\"&quot;Erm\u0259nistanda m\u00fcxalif\u0259t hakimiyy\u0259t\u0259 g\u0259ls\u0259, s\u00fclh quruculu\u011fu dayanacaq&quot;\" width=\"1200\" height=\"675\" data-src=\"https:\/\/www.youtube.com\/embed\/K2Mx6iu3fTY?feature=oembed\" frameborder=\"0\" allow=\"accelerometer; autoplay; clipboard-write; encrypted-media; gyroscope; picture-in-picture; web-share\" referrerpolicy=\"strict-origin-when-cross-origin\" allowfullscreen src=\"data:image\/svg+xml;base64,PHN2ZyB3aWR0aD0iMSIgaGVpZ2h0PSIxIiB4bWxucz0iaHR0cDovL3d3dy53My5vcmcvMjAwMC9zdmciPjwvc3ZnPg==\" class=\"lazyload\" data-load-mode=\"1\"><\/iframe>\n<\/div><\/figure>\n\n\n\n<p>Ekspertl\u0259r Erm\u0259nistanda ke\u00e7iril\u0259c\u0259k se\u00e7kil\u0259rd\u0259n dan\u0131\u015f\u0131b: <br><br>&#8220;Erm\u0259nistanda ke\u00e7iril\u0259c\u0259k se\u00e7kil\u0259r \u00f6nc\u0259si radikal m\u00fcxalif\u0259tin birl\u0259\u015fm\u0259 ehtimal\u0131 y\u00fcks\u0259kdir. Birl\u0259\u015fm\u0259y\u0259c\u0259yi t\u0259qdird\u0259 Pa\u015finyan \u00fcz\u0259rind\u0259 q\u0259l\u0259b\u0259 \u00e7alma ehtimal\u0131 a\u015fa\u011f\u0131d\u0131r. \u00dcst\u0259lik bilirl\u0259r ki, Qaraba\u011f m\u00f6vzusunu xat\u0131rlatmaqla xalq\u0131 qorxudacaqlar v\u0259 reytinql\u0259ri a\u015fa\u011f\u0131 d\u00fc\u015f\u0259c\u0259k. Ona g\u00f6r\u0259 d\u0259, s\u00fclh \u00fc\u00e7\u00fcn qarant axtar\u0131rlar. Qarant is\u0259 onlar \u00fc\u00e7\u00fcn Rusiyad\u0131r. M\u00fcxalif\u0259t hakimiyy\u0259t\u0259 g\u0259l\u0259rs\u0259, h\u0259m s\u00fclh quruculu\u011fu dayanacaq&#8221;.<\/p>\n","protected":false},"excerpt":{"rendered":"<p>Ekspertl\u0259r Erm\u0259nistanda ke\u00e7iril\u0259c\u0259k se\u00e7kil\u0259rd\u0259n dan\u0131\u015f\u0131b: &#8220;Erm\u0259nistanda ke\u00e7iril\u0259c\u0259k se\u00e7kil\u0259r \u00f6nc\u0259si radikal &#8230; <\/p>\n<p class=\"read-more-container\"><a title=\"&#8220;Erm\u0259nistanda m\u00fcxalif\u0259t hakimiyy\u0259t\u0259 g\u0259ls\u0259, s\u00fclh quruculu\u011fu dayanacaq&#8221;\" class=\"read-more button\" href=\"https:\/\/www.meydan.tv\/az\/article\/erm%c9%99nistanda-muxalif%c9%99t-hakimiyy%c9%99t%c9%99-g%c9%99ls%c9%99-sulh-quruculugu-dayanacaq\/#more-343448\" aria-label=\"Read more about &#8220;Erm\u0259nistanda m\u00fcxalif\u0259t hakimiyy\u0259t\u0259 g\u0259ls\u0259, s\u00fclh quruculu\u011fu dayanacaq&#8221;\">Davam\u0131<\/a><\/p>\n","protected":false},"author":12,"featured_media":343450,"comment_status":"closed","ping_status":"closed","sticky":false,"template":"","format":"standard","meta":{"_acf_changed":false,"_sitemap_exclude":false,"_sitemap_priority":"","_sitemap_frequency":"","footnotes":""},"categories":[79,63,56],"tags":[],"class_list":["post-343448","post","type-post","status-publish","format-standard","has-post-thumbnail","hentry","category-featured","category-video-2","category-xeberler","infinite-scroll-item","generate-columns","tablet-grid-50","mobile-grid-100","grid-parent","grid-33","no-featured-image-padding"],"acf":[],"yoast_head":"<!-- This site is optimized with the Yoast SEO plugin v27.5 - https:\/\/yoast.com\/product\/yoast-seo-wordpress\/ -->\n<title>&quot;Erm\u0259nistanda m\u00fcxalif\u0259t hakimiyy\u0259t\u0259 g\u0259ls\u0259, s\u00fclh quruculu\u011fu dayanacaq&quot; - MEYDAN.TV<\/title>\n<meta name=\"robots\" content=\"index, follow, max-snippet:-1, max-image-preview:large, max-video-preview:-1\" \/>\n<link rel=\"canonical\" href=\"https:\/\/www.meydan.tv\/az\/article\/erm%c9%99nistanda-muxalif%c9%99t-hakimiyy%c9%99t%c9%99-g%c9%99ls%c9%99-sulh-quruculugu-dayanacaq\/\" \/>\n<meta property=\"og:locale\" content=\"az_AZ\" \/>\n<meta property=\"og:type\" content=\"article\" \/>\n<meta property=\"og:title\" content=\"&quot;Erm\u0259nistanda m\u00fcxalif\u0259t hakimiyy\u0259t\u0259 g\u0259ls\u0259, s\u00fclh quruculu\u011fu dayanacaq&quot; - MEYDAN.TV\" \/>\n<meta property=\"og:description\" content=\"Ekspertl\u0259r Erm\u0259nistanda ke\u00e7iril\u0259c\u0259k se\u00e7kil\u0259rd\u0259n dan\u0131\u015f\u0131b: &#8220;Erm\u0259nistanda ke\u00e7iril\u0259c\u0259k se\u00e7kil\u0259r \u00f6nc\u0259si radikal ... Davam\u0131\" \/>\n<meta property=\"og:url\" content=\"https:\/\/www.meydan.tv\/az\/article\/erm%c9%99nistanda-muxalif%c9%99t-hakimiyy%c9%99t%c9%99-g%c9%99ls%c9%99-sulh-quruculugu-dayanacaq\/\" \/>\n<meta property=\"og:site_name\" content=\"MEYDAN.TV\" \/>\n<meta property=\"article:published_time\" content=\"2026-03-31T18:36:01+00:00\" \/>\n<meta property=\"article:modified_time\" content=\"2026-03-31T18:36:03+00:00\" \/>\n<meta property=\"og:image\" content=\"https:\/\/www.meydan.tv\/wp-content\/uploads\/20181210_1544441827-211955.jpeg\" \/>\n\t<meta property=\"og:image:width\" content=\"1000\" \/>\n\t<meta property=\"og:image:height\" content=\"666\" \/>\n\t<meta property=\"og:image:type\" content=\"image\/jpeg\" \/>\n<meta name=\"author\" content=\"aleks\" \/>\n<meta name=\"twitter:card\" content=\"summary_large_image\" \/>\n<script type=\"application\/ld+json\" class=\"yoast-schema-graph\">{\"@context\":\"https:\\\/\\\/schema.org\",\"@graph\":[{\"@type\":\"Article\",\"@id\":\"https:\\\/\\\/www.meydan.tv\\\/az\\\/article\\\/erm%c9%99nistanda-muxalif%c9%99t-hakimiyy%c9%99t%c9%99-g%c9%99ls%c9%99-sulh-quruculugu-dayanacaq\\\/#article\",\"isPartOf\":{\"@id\":\"https:\\\/\\\/www.meydan.tv\\\/az\\\/article\\\/erm%c9%99nistanda-muxalif%c9%99t-hakimiyy%c9%99t%c9%99-g%c9%99ls%c9%99-sulh-quruculugu-dayanacaq\\\/\"},\"author\":{\"name\":\"aleks\",\"@id\":\"https:\\\/\\\/www.meydan.tv\\\/az\\\/#\\\/schema\\\/person\\\/476e9360e593fa131d5d71d51866f8da\"},\"headline\":\"&#8220;Erm\u0259nistanda m\u00fcxalif\u0259t hakimiyy\u0259t\u0259 g\u0259ls\u0259, s\u00fclh quruculu\u011fu dayanacaq&#8221;\",\"datePublished\":\"2026-03-31T18:36:01+00:00\",\"dateModified\":\"2026-03-31T18:36:03+00:00\",\"mainEntityOfPage\":{\"@id\":\"https:\\\/\\\/www.meydan.tv\\\/az\\\/article\\\/erm%c9%99nistanda-muxalif%c9%99t-hakimiyy%c9%99t%c9%99-g%c9%99ls%c9%99-sulh-quruculugu-dayanacaq\\\/\"},\"wordCount\":127,\"publisher\":{\"@id\":\"https:\\\/\\\/www.meydan.tv\\\/az\\\/#organization\"},\"image\":{\"@id\":\"https:\\\/\\\/www.meydan.tv\\\/az\\\/article\\\/erm%c9%99nistanda-muxalif%c9%99t-hakimiyy%c9%99t%c9%99-g%c9%99ls%c9%99-sulh-quruculugu-dayanacaq\\\/#primaryimage\"},\"thumbnailUrl\":\"https:\\\/\\\/www.meydan.tv\\\/wp-content\\\/uploads\\\/20181210_1544441827-211955.jpeg\",\"articleSection\":[\"T\u00f6vsiy\u0259\",\"Video\",\"X\u0259b\u0259rl\u0259r\"],\"inLanguage\":\"az\"},{\"@type\":\"WebPage\",\"@id\":\"https:\\\/\\\/www.meydan.tv\\\/az\\\/article\\\/erm%c9%99nistanda-muxalif%c9%99t-hakimiyy%c9%99t%c9%99-g%c9%99ls%c9%99-sulh-quruculugu-dayanacaq\\\/\",\"url\":\"https:\\\/\\\/www.meydan.tv\\\/az\\\/article\\\/erm%c9%99nistanda-muxalif%c9%99t-hakimiyy%c9%99t%c9%99-g%c9%99ls%c9%99-sulh-quruculugu-dayanacaq\\\/\",\"name\":\"\\\"Erm\u0259nistanda m\u00fcxalif\u0259t hakimiyy\u0259t\u0259 g\u0259ls\u0259, s\u00fclh quruculu\u011fu dayanacaq\\\" - MEYDAN.TV\",\"isPartOf\":{\"@id\":\"https:\\\/\\\/www.meydan.tv\\\/az\\\/#website\"},\"primaryImageOfPage\":{\"@id\":\"https:\\\/\\\/www.meydan.tv\\\/az\\\/article\\\/erm%c9%99nistanda-muxalif%c9%99t-hakimiyy%c9%99t%c9%99-g%c9%99ls%c9%99-sulh-quruculugu-dayanacaq\\\/#primaryimage\"},\"image\":{\"@id\":\"https:\\\/\\\/www.meydan.tv\\\/az\\\/article\\\/erm%c9%99nistanda-muxalif%c9%99t-hakimiyy%c9%99t%c9%99-g%c9%99ls%c9%99-sulh-quruculugu-dayanacaq\\\/#primaryimage\"},\"thumbnailUrl\":\"https:\\\/\\\/www.meydan.tv\\\/wp-content\\\/uploads\\\/20181210_1544441827-211955.jpeg\",\"datePublished\":\"2026-03-31T18:36:01+00:00\",\"dateModified\":\"2026-03-31T18:36:03+00:00\",\"breadcrumb\":{\"@id\":\"https:\\\/\\\/www.meydan.tv\\\/az\\\/article\\\/erm%c9%99nistanda-muxalif%c9%99t-hakimiyy%c9%99t%c9%99-g%c9%99ls%c9%99-sulh-quruculugu-dayanacaq\\\/#breadcrumb\"},\"inLanguage\":\"az\",\"potentialAction\":[{\"@type\":\"ReadAction\",\"target\":[\"https:\\\/\\\/www.meydan.tv\\\/az\\\/article\\\/erm%c9%99nistanda-muxalif%c9%99t-hakimiyy%c9%99t%c9%99-g%c9%99ls%c9%99-sulh-quruculugu-dayanacaq\\\/\"]}]},{\"@type\":\"ImageObject\",\"inLanguage\":\"az\",\"@id\":\"https:\\\/\\\/www.meydan.tv\\\/az\\\/article\\\/erm%c9%99nistanda-muxalif%c9%99t-hakimiyy%c9%99t%c9%99-g%c9%99ls%c9%99-sulh-quruculugu-dayanacaq\\\/#primaryimage\",\"url\":\"https:\\\/\\\/www.meydan.tv\\\/wp-content\\\/uploads\\\/20181210_1544441827-211955.jpeg\",\"contentUrl\":\"https:\\\/\\\/www.meydan.tv\\\/wp-content\\\/uploads\\\/20181210_1544441827-211955.jpeg\",\"width\":1000,\"height\":666},{\"@type\":\"BreadcrumbList\",\"@id\":\"https:\\\/\\\/www.meydan.tv\\\/az\\\/article\\\/erm%c9%99nistanda-muxalif%c9%99t-hakimiyy%c9%99t%c9%99-g%c9%99ls%c9%99-sulh-quruculugu-dayanacaq\\\/#breadcrumb\",\"itemListElement\":[{\"@type\":\"ListItem\",\"position\":1,\"name\":\"Ana s\u0259hif\u0259\",\"item\":\"https:\\\/\\\/www.meydan.tv\\\/az\\\/\"},{\"@type\":\"ListItem\",\"position\":2,\"name\":\"X\u0259b\u0259rl\u0259r\",\"item\":\"https:\\\/\\\/www.meydan.tv\\\/az\\\/section\\\/xeberler\\\/\"},{\"@type\":\"ListItem\",\"position\":3,\"name\":\"&#8220;Erm\u0259nistanda m\u00fcxalif\u0259t hakimiyy\u0259t\u0259 g\u0259ls\u0259, s\u00fclh quruculu\u011fu dayanacaq&#8221;\"}]},{\"@type\":\"WebSite\",\"@id\":\"https:\\\/\\\/www.meydan.tv\\\/az\\\/#website\",\"url\":\"https:\\\/\\\/www.meydan.tv\\\/az\\\/\",\"name\":\"MEYDAN.TV\",\"description\":\"Meydan TV Az\u0259rbaycan\u0131n media m\u0259kan\u0131ndak\u0131 alternativ s\u0259sidir\",\"publisher\":{\"@id\":\"https:\\\/\\\/www.meydan.tv\\\/az\\\/#organization\"},\"potentialAction\":[{\"@type\":\"SearchAction\",\"target\":{\"@type\":\"EntryPoint\",\"urlTemplate\":\"https:\\\/\\\/www.meydan.tv\\\/az\\\/?s={search_term_string}\"},\"query-input\":{\"@type\":\"PropertyValueSpecification\",\"valueRequired\":true,\"valueName\":\"search_term_string\"}}],\"inLanguage\":\"az\"},{\"@type\":\"Organization\",\"@id\":\"https:\\\/\\\/www.meydan.tv\\\/az\\\/#organization\",\"name\":\"Meydan TV\",\"url\":\"https:\\\/\\\/www.meydan.tv\\\/az\\\/\",\"logo\":{\"@type\":\"ImageObject\",\"inLanguage\":\"az\",\"@id\":\"https:\\\/\\\/www.meydan.tv\\\/az\\\/#\\\/schema\\\/logo\\\/image\\\/\",\"url\":\"https:\\\/\\\/www.meydan.tv\\\/wp-content\\\/uploads\\\/2021\\\/07\\\/meydan-logo.svg\",\"contentUrl\":\"https:\\\/\\\/www.meydan.tv\\\/wp-content\\\/uploads\\\/2021\\\/07\\\/meydan-logo.svg\",\"width\":195,\"height\":46,\"caption\":\"Meydan TV\"},\"image\":{\"@id\":\"https:\\\/\\\/www.meydan.tv\\\/az\\\/#\\\/schema\\\/logo\\\/image\\\/\"}},{\"@type\":\"Person\",\"@id\":\"https:\\\/\\\/www.meydan.tv\\\/az\\\/#\\\/schema\\\/person\\\/476e9360e593fa131d5d71d51866f8da\",\"name\":\"aleks\"}]}<\/script>\n<!-- \/ Yoast SEO plugin. -->","yoast_head_json":{"title":"\"Erm\u0259nistanda m\u00fcxalif\u0259t hakimiyy\u0259t\u0259 g\u0259ls\u0259, s\u00fclh quruculu\u011fu dayanacaq\" - MEYDAN.TV","robots":{"index":"index","follow":"follow","max-snippet":"max-snippet:-1","max-image-preview":"max-image-preview:large","max-video-preview":"max-video-preview:-1"},"canonical":"https:\/\/www.meydan.tv\/az\/article\/erm%c9%99nistanda-muxalif%c9%99t-hakimiyy%c9%99t%c9%99-g%c9%99ls%c9%99-sulh-quruculugu-dayanacaq\/","og_locale":"az_AZ","og_type":"article","og_title":"\"Erm\u0259nistanda m\u00fcxalif\u0259t hakimiyy\u0259t\u0259 g\u0259ls\u0259, s\u00fclh quruculu\u011fu dayanacaq\" - MEYDAN.TV","og_description":"Ekspertl\u0259r Erm\u0259nistanda ke\u00e7iril\u0259c\u0259k se\u00e7kil\u0259rd\u0259n dan\u0131\u015f\u0131b: &#8220;Erm\u0259nistanda ke\u00e7iril\u0259c\u0259k se\u00e7kil\u0259r \u00f6nc\u0259si radikal ... Davam\u0131","og_url":"https:\/\/www.meydan.tv\/az\/article\/erm%c9%99nistanda-muxalif%c9%99t-hakimiyy%c9%99t%c9%99-g%c9%99ls%c9%99-sulh-quruculugu-dayanacaq\/","og_site_name":"MEYDAN.TV","article_published_time":"2026-03-31T18:36:01+00:00","article_modified_time":"2026-03-31T18:36:03+00:00","og_image":[{"width":1000,"height":666,"url":"https:\/\/www.meydan.tv\/wp-content\/uploads\/20181210_1544441827-211955.jpeg","type":"image\/jpeg"}],"author":"aleks","twitter_card":"summary_large_image","schema":{"@context":"https:\/\/schema.org","@graph":[{"@type":"Article","@id":"https:\/\/www.meydan.tv\/az\/article\/erm%c9%99nistanda-muxalif%c9%99t-hakimiyy%c9%99t%c9%99-g%c9%99ls%c9%99-sulh-quruculugu-dayanacaq\/#article","isPartOf":{"@id":"https:\/\/www.meydan.tv\/az\/article\/erm%c9%99nistanda-muxalif%c9%99t-hakimiyy%c9%99t%c9%99-g%c9%99ls%c9%99-sulh-quruculugu-dayanacaq\/"},"author":{"name":"aleks","@id":"https:\/\/www.meydan.tv\/az\/#\/schema\/person\/476e9360e593fa131d5d71d51866f8da"},"headline":"&#8220;Erm\u0259nistanda m\u00fcxalif\u0259t hakimiyy\u0259t\u0259 g\u0259ls\u0259, s\u00fclh quruculu\u011fu dayanacaq&#8221;","datePublished":"2026-03-31T18:36:01+00:00","dateModified":"2026-03-31T18:36:03+00:00","mainEntityOfPage":{"@id":"https:\/\/www.meydan.tv\/az\/article\/erm%c9%99nistanda-muxalif%c9%99t-hakimiyy%c9%99t%c9%99-g%c9%99ls%c9%99-sulh-quruculugu-dayanacaq\/"},"wordCount":127,"publisher":{"@id":"https:\/\/www.meydan.tv\/az\/#organization"},"image":{"@id":"https:\/\/www.meydan.tv\/az\/article\/erm%c9%99nistanda-muxalif%c9%99t-hakimiyy%c9%99t%c9%99-g%c9%99ls%c9%99-sulh-quruculugu-dayanacaq\/#primaryimage"},"thumbnailUrl":"https:\/\/www.meydan.tv\/wp-content\/uploads\/20181210_1544441827-211955.jpeg","articleSection":["T\u00f6vsiy\u0259","Video","X\u0259b\u0259rl\u0259r"],"inLanguage":"az"},{"@type":"WebPage","@id":"https:\/\/www.meydan.tv\/az\/article\/erm%c9%99nistanda-muxalif%c9%99t-hakimiyy%c9%99t%c9%99-g%c9%99ls%c9%99-sulh-quruculugu-dayanacaq\/","url":"https:\/\/www.meydan.tv\/az\/article\/erm%c9%99nistanda-muxalif%c9%99t-hakimiyy%c9%99t%c9%99-g%c9%99ls%c9%99-sulh-quruculugu-dayanacaq\/","name":"\"Erm\u0259nistanda m\u00fcxalif\u0259t hakimiyy\u0259t\u0259 g\u0259ls\u0259, s\u00fclh quruculu\u011fu dayanacaq\" - MEYDAN.TV","isPartOf":{"@id":"https:\/\/www.meydan.tv\/az\/#website"},"primaryImageOfPage":{"@id":"https:\/\/www.meydan.tv\/az\/article\/erm%c9%99nistanda-muxalif%c9%99t-hakimiyy%c9%99t%c9%99-g%c9%99ls%c9%99-sulh-quruculugu-dayanacaq\/#primaryimage"},"image":{"@id":"https:\/\/www.meydan.tv\/az\/article\/erm%c9%99nistanda-muxalif%c9%99t-hakimiyy%c9%99t%c9%99-g%c9%99ls%c9%99-sulh-quruculugu-dayanacaq\/#primaryimage"},"thumbnailUrl":"https:\/\/www.meydan.tv\/wp-content\/uploads\/20181210_1544441827-211955.jpeg","datePublished":"2026-03-31T18:36:01+00:00","dateModified":"2026-03-31T18:36:03+00:00","breadcrumb":{"@id":"https:\/\/www.meydan.tv\/az\/article\/erm%c9%99nistanda-muxalif%c9%99t-hakimiyy%c9%99t%c9%99-g%c9%99ls%c9%99-sulh-quruculugu-dayanacaq\/#breadcrumb"},"inLanguage":"az","potentialAction":[{"@type":"ReadAction","target":["https:\/\/www.meydan.tv\/az\/article\/erm%c9%99nistanda-muxalif%c9%99t-hakimiyy%c9%99t%c9%99-g%c9%99ls%c9%99-sulh-quruculugu-dayanacaq\/"]}]},{"@type":"ImageObject","inLanguage":"az","@id":"https:\/\/www.meydan.tv\/az\/article\/erm%c9%99nistanda-muxalif%c9%99t-hakimiyy%c9%99t%c9%99-g%c9%99ls%c9%99-sulh-quruculugu-dayanacaq\/#primaryimage","url":"https:\/\/www.meydan.tv\/wp-content\/uploads\/20181210_1544441827-211955.jpeg","contentUrl":"https:\/\/www.meydan.tv\/wp-content\/uploads\/20181210_1544441827-211955.jpeg","width":1000,"height":666},{"@type":"BreadcrumbList","@id":"https:\/\/www.meydan.tv\/az\/article\/erm%c9%99nistanda-muxalif%c9%99t-hakimiyy%c9%99t%c9%99-g%c9%99ls%c9%99-sulh-quruculugu-dayanacaq\/#breadcrumb","itemListElement":[{"@type":"ListItem","position":1,"name":"Ana s\u0259hif\u0259","item":"https:\/\/www.meydan.tv\/az\/"},{"@type":"ListItem","position":2,"name":"X\u0259b\u0259rl\u0259r","item":"https:\/\/www.meydan.tv\/az\/section\/xeberler\/"},{"@type":"ListItem","position":3,"name":"&#8220;Erm\u0259nistanda m\u00fcxalif\u0259t hakimiyy\u0259t\u0259 g\u0259ls\u0259, s\u00fclh quruculu\u011fu dayanacaq&#8221;"}]},{"@type":"WebSite","@id":"https:\/\/www.meydan.tv\/az\/#website","url":"https:\/\/www.meydan.tv\/az\/","name":"MEYDAN.TV","description":"Meydan TV Az\u0259rbaycan\u0131n media m\u0259kan\u0131ndak\u0131 alternativ s\u0259sidir","publisher":{"@id":"https:\/\/www.meydan.tv\/az\/#organization"},"potentialAction":[{"@type":"SearchAction","target":{"@type":"EntryPoint","urlTemplate":"https:\/\/www.meydan.tv\/az\/?s={search_term_string}"},"query-input":{"@type":"PropertyValueSpecification","valueRequired":true,"valueName":"search_term_string"}}],"inLanguage":"az"},{"@type":"Organization","@id":"https:\/\/www.meydan.tv\/az\/#organization","name":"Meydan TV","url":"https:\/\/www.meydan.tv\/az\/","logo":{"@type":"ImageObject","inLanguage":"az","@id":"https:\/\/www.meydan.tv\/az\/#\/schema\/logo\/image\/","url":"https:\/\/www.meydan.tv\/wp-content\/uploads\/2021\/07\/meydan-logo.svg","contentUrl":"https:\/\/www.meydan.tv\/wp-content\/uploads\/2021\/07\/meydan-logo.svg","width":195,"height":46,"caption":"Meydan TV"},"image":{"@id":"https:\/\/www.meydan.tv\/az\/#\/schema\/logo\/image\/"}},{"@type":"Person","@id":"https:\/\/www.meydan.tv\/az\/#\/schema\/person\/476e9360e593fa131d5d71d51866f8da","name":"aleks"}]}},"_links":{"self":[{"href":"https:\/\/www.meydan.tv\/az\/wp-json\/wp\/v2\/posts\/343448","targetHints":{"allow":["GET"]}}],"collection":[{"href":"https:\/\/www.meydan.tv\/az\/wp-json\/wp\/v2\/posts"}],"about":[{"href":"https:\/\/www.meydan.tv\/az\/wp-json\/wp\/v2\/types\/post"}],"author":[{"embeddable":true,"href":"https:\/\/www.meydan.tv\/az\/wp-json\/wp\/v2\/users\/12"}],"replies":[{"embeddable":true,"href":"https:\/\/www.meydan.tv\/az\/wp-json\/wp\/v2\/comments?post=343448"}],"version-history":[{"count":1,"href":"https:\/\/www.meydan.tv\/az\/wp-json\/wp\/v2\/posts\/343448\/revisions"}],"predecessor-version":[{"id":343449,"href":"https:\/\/www.meydan.tv\/az\/wp-json\/wp\/v2\/posts\/343448\/revisions\/343449"}],"wp:featuredmedia":[{"embeddable":true,"href":"https:\/\/www.meydan.tv\/az\/wp-json\/wp\/v2\/media\/343450"}],"wp:attachment":[{"href":"https:\/\/www.meydan.tv\/az\/wp-json\/wp\/v2\/media?parent=343448"}],"wp:term":[{"taxonomy":"category","embeddable":true,"href":"https:\/\/www.meydan.tv\/az\/wp-json\/wp\/v2\/categories?post=343448"},{"taxonomy":"post_tag","embeddable":true,"href":"https:\/\/www.meydan.tv\/az\/wp-json\/wp\/v2\/tags?post=343448"}],"curies":[{"name":"wp","href":"https:\/\/api.w.org\/{rel}","templated":true}]}}