{"id":343446,"date":"2026-03-31T19:24:32","date_gmt":"2026-03-31T15:24:32","guid":{"rendered":"https:\/\/www.meydan.tv\/?p=343446"},"modified":"2026-03-31T19:24:35","modified_gmt":"2026-03-31T15:24:35","slug":"eli-k%c9%99rimli-az%c9%99rbaycanin-milli-s%c9%99rv%c9%99tl%c9%99ri-kicik-bir-qrupun-varlanmasi-ucun-istifad%c9%99-olunur","status":"publish","type":"post","link":"https:\/\/www.meydan.tv\/az\/article\/eli-k%c9%99rimli-az%c9%99rbaycanin-milli-s%c9%99rv%c9%99tl%c9%99ri-kicik-bir-qrupun-varlanmasi-ucun-istifad%c9%99-olunur\/","title":{"rendered":"\u018fli K\u0259rimli: \u201cAz\u0259rbaycan\u0131n milli s\u0259rv\u0259tl\u0259ri ki\u00e7ik bir qrupun varlanmas\u0131 \u00fc\u00e7\u00fcn istifad\u0259 olunur\u201d"},"content":{"rendered":"\n<p><em>\u201cAz\u0259rbaycan 100 milyardlarla dollar neft pullar\u0131 qazan\u0131b, amma Bak\u0131n\u0131n bir kanalizasiya problemini h\u0259ll ed\u0259 bilm\u0259yibl\u0259r\u201d.<\/em><\/p>\n\n\n\n<p>Bunu haz\u0131rda D\u00f6vl\u0259t T\u0259hl\u00fck\u0259sizlik Xidm\u0259tinin (DTX) t\u0259cridxanas\u0131nda saxlan\u0131lan Az\u0259rbaycan Xalq C\u0259bh\u0259si Partiyas\u0131n\u0131n (AXCP) s\u0259dri \u018fli K\u0259rimli <a href=\"https:\/\/www.facebook.com\/photo.php?fbid=1484557056367846&amp;set=a.473092537514308&amp;type=3&amp;mibextid=wwXIfr&amp;rdid=qRr9JfNy0yGGR8o4&amp;share_url=https%3A%2F%2Fwww.facebook.com%2Fshare%2F18X3BC3Mio%2F%3Fmibextid%3DwwXIfr#\" target=\"_blank\" rel=\"noreferrer noopener nofollow\">bildirib.<\/a><\/p>\n\n\n\n<p>Partiya s\u0259dri ail\u0259si vasit\u0259si ictimaiyy\u0259t\u0259 yayd\u0131\u011f\u0131 a\u00e7\u0131qlamada Bak\u0131n\u0131n suyun alt\u0131nda qalmas\u0131n\u0131 DTX t\u0259cridxanas\u0131ndan b\u00f6y\u00fck t\u0259\u0259ss\u00fcfl\u0259 izl\u0259diyini \u00e7atd\u0131r\u0131b.<\/p>\n\n\n\n<p><em>\u201cAz qala h\u0259r g\u00fcn Az\u0259rbaycan neftinin qiym\u0259tinin qalxmas\u0131 haqq\u0131nda x\u0259b\u0259rl\u0259r e\u015fidirik. Az\u0259rbaycan neftinin barreli b\u00fcdc\u0259d\u0259 n\u0259z\u0259rd\u0259 tutuldu\u011fundan iki d\u0259f\u0259 art\u0131q qiym\u0259t\u0259 sat\u0131l\u0131r. Sad\u0259 m\u0259ntiql\u0259, bu, xalq\u0131m\u0131z\u0131n h\u0259yat\u0131na m\u00fcsb\u0259t t\u0259sir g\u00f6st\u0259rm\u0259lidir. Amma \u00e7ox t\u0259\u0259ss\u00fcf, ac\u0131 t\u0259cr\u00fcb\u0259mizd\u0259n bilirik ki, neft qiym\u0259tl\u0259rinin artmas\u0131 da v\u0259t\u0259nda\u015flar\u0131m\u0131z\u0131n sosial v\u0259ziyy\u0259tini q\u0259tiyy\u0259n yax\u015f\u0131la\u015fd\u0131rm\u0131r \u0259ksin\u0259, qiym\u0259t art\u0131mlar\u0131 davam edir, sosial probleml\u0259r daha da k\u0259skinl\u0259\u015fir\u201d<\/em>, &#8211; \u018fli K\u0259rimli bildirir.<br><\/p>\n\n\n\n<blockquote class=\"wp-block-quote is-layout-flow wp-block-quote-is-layout-flow\">\n<p>AXCP s\u0259dri \u018fli K\u0259rimli v\u0259 Partiyan\u0131n M\u0259clis \u00fczv\u00fc M\u0259mm\u0259d \u0130brahim 2025-ci il noyabr\u0131n 29-dan h\u0259bsd\u0259dirl\u0259r. \u018fli K\u0259rimliy\u0259 v\u0259 M\u0259mm\u0259d \u0130brahim\u0259 qar\u015f\u0131 d\u00f6vl\u0259tin konstitusiya qurulu\u015funu zorla d\u0259yi\u015fdirm\u0259y\u0259 y\u00f6n\u0259l\u0259n h\u0259r\u0259k\u0259tl\u0259r ittiham\u0131 ir\u0259li s\u00fcr\u00fcl\u00fcb. Onlar\u0131n h\u0259bsi sabiq Prezident Administrasiyas\u0131 r\u0259hb\u0259ri Ramiz Mehdiyev \u0259traf\u0131nda apar\u0131lan geni\u015f ara\u015fd\u0131rmalarla \u0259laq\u0259l\u0259ndirilir. M\u00fcxalif\u0259t v\u0259 t\u0259r\u0259fdarlar\u0131 bu h\u0259bsin siyasi motivli oldu\u011funu bildirir. Beyn\u0259lxalq insan h\u00fcquqlar\u0131 t\u0259\u015fkilatlar\u0131 v\u0259 m\u00fc\u015fahid\u0259\u00e7il\u0259r bu h\u0259bsi siyasi represiyan\u0131n n\u00fcmun\u0259si kimi qiym\u0259tl\u0259ndiribl\u0259r.<\/p>\n<\/blockquote>\n\n\n\n<p>Partiya s\u0259dri a\u00e7\u0131qlamas\u0131nda deyib ki, Az\u0259rbaycan xalq\u0131 neft g\u0259lirl\u0259rinin xeyrini g\u00f6rm\u00fcr, amma bununla bel\u0259, inflyasiyan\u0131n v\u0259 ill\u0259rl\u0259 davam ed\u0259n sosial probleml\u0259rin c\u0259fas\u0131n\u0131 \u00e7\u0259kir:<\/p>\n\n\n\n<p><em>\u201c\u00c7\u00fcnki Az\u0259rbaycan\u0131n neft-qaz ba\u015fda olmaqla, milli s\u0259rv\u0259tl\u0259ri onun rifah\u0131 \u00fc\u00e7\u00fcn yox, ki\u00e7ik bir qrupun varlanmas\u0131ndan \u00f6tr\u00fc istifad\u0259 olunur. Ona g\u00f6r\u0259 d\u0259 art\u0131q 10 ill\u0259rdir neft satan, 16 \u00f6lk\u0259y\u0259 qaz saymaqla \u00f6y\u00fcn\u0259n Az\u0259rbaycan\u0131n hakimiyy\u0259ti bu g\u00fcn\u0259 q\u0259d\u0259r h\u0259tta paytaxt\u0131n normal kanalizasiya sistemini d\u0259 qura bilm\u0259yib. Bunun ham\u0131s\u0131 onu g\u00f6st\u0259rir ki, Az\u0259rbaycan xalq\u0131 ilk n\u00f6vb\u0259d\u0259 \u00f6z\u00fcn\u0259 xidm\u0259t ed\u0259n d\u00f6vl\u0259t qurmaqla m\u0259\u015f\u011ful olmal\u0131d\u0131r. Sosial probleml\u0259r d\u0259, siyasi probleml\u0259r d\u0259 o vaxta q\u0259d\u0259r h\u0259ll olunmam\u0131\u015f qalacaq ki, Az\u0259rbaycan xalq\u0131 ona xidm\u0259t ed\u0259n, onun qar\u015f\u0131s\u0131nda m\u0259suliyy\u0259t da\u015f\u0131yan v\u0259 \u00f6z\u00fcn\u00fcn formala\u015fd\u0131rd\u0131\u011f\u0131 hakimiyy\u0259t\u0259 sahib olmayacaq\u201d.<\/em><\/p>\n\n\n\n<p>Bir ne\u00e7\u0259 g\u00fcnd\u00fcr ya\u011fan arams\u0131z ya\u011f\u0131\u015flar Bak\u0131 v\u0259 Ab\u015feron yar\u0131madas\u0131nda ciddi f\u0259sadlara s\u0259b\u0259b olub. Paytaxt\u0131n v\u0259 Ab\u015feron rayonunun bir s\u0131ra \u0259razil\u0259rind\u0259 k\u00fc\u00e7\u0259l\u0259r, h\u0259y\u0259tl\u0259r v\u0259 ya\u015fay\u0131\u015f evl\u0259ri su alt\u0131nda qal\u0131b. Son ill\u0259rd\u0259 g\u00fccl\u00fc ya\u011f\u0131\u015flar zaman\u0131 ox\u015far probleml\u0259r m\u00fct\u0259madi olaraq t\u0259krarlan\u0131r. H\u0259tta 2024-c\u00fc ilin oktyabr\u0131nda sel Sabun\u00e7u rayonunda tuneli basark\u0259n iki n\u0259f\u0259r h\u0259lak olmu\u015fdu.<\/p>\n","protected":false},"excerpt":{"rendered":"<p>\u201cAz\u0259rbaycan 100 milyardlarla dollar neft pullar\u0131 qazan\u0131b, amma Bak\u0131n\u0131n bir &#8230; <\/p>\n<p class=\"read-more-container\"><a title=\"\u018fli K\u0259rimli: \u201cAz\u0259rbaycan\u0131n milli s\u0259rv\u0259tl\u0259ri ki\u00e7ik bir qrupun varlanmas\u0131 \u00fc\u00e7\u00fcn istifad\u0259 olunur\u201d\" class=\"read-more button\" href=\"https:\/\/www.meydan.tv\/az\/article\/eli-k%c9%99rimli-az%c9%99rbaycanin-milli-s%c9%99rv%c9%99tl%c9%99ri-kicik-bir-qrupun-varlanmasi-ucun-istifad%c9%99-olunur\/#more-343446\" aria-label=\"Read more about \u018fli K\u0259rimli: \u201cAz\u0259rbaycan\u0131n milli s\u0259rv\u0259tl\u0259ri ki\u00e7ik bir qrupun varlanmas\u0131 \u00fc\u00e7\u00fcn istifad\u0259 olunur\u201d\">Davam\u0131<\/a><\/p>\n","protected":false},"author":21,"featured_media":338399,"comment_status":"closed","ping_status":"closed","sticky":false,"template":"","format":"standard","meta":{"_acf_changed":false,"_sitemap_exclude":false,"_sitemap_priority":"","_sitemap_frequency":"","footnotes":""},"categories":[59,79,56],"tags":[],"class_list":["post-343446","post","type-post","status-publish","format-standard","has-post-thumbnail","hentry","category-siyaset","category-featured","category-xeberler","infinite-scroll-item","generate-columns","tablet-grid-50","mobile-grid-100","grid-parent","grid-33","no-featured-image-padding"],"acf":[],"yoast_head":"<!-- This site is optimized with the Yoast SEO plugin v27.5 - https:\/\/yoast.com\/product\/yoast-seo-wordpress\/ -->\n<title>\u018fli K\u0259rimli: \u201cAz\u0259rbaycan\u0131n milli s\u0259rv\u0259tl\u0259ri ki\u00e7ik bir qrupun varlanmas\u0131 \u00fc\u00e7\u00fcn istifad\u0259 olunur\u201d - MEYDAN.TV<\/title>\n<meta name=\"robots\" content=\"index, follow, max-snippet:-1, max-image-preview:large, max-video-preview:-1\" \/>\n<link rel=\"canonical\" href=\"https:\/\/www.meydan.tv\/az\/article\/eli-k%c9%99rimli-az%c9%99rbaycanin-milli-s%c9%99rv%c9%99tl%c9%99ri-kicik-bir-qrupun-varlanmasi-ucun-istifad%c9%99-olunur\/\" \/>\n<meta property=\"og:locale\" content=\"az_AZ\" \/>\n<meta property=\"og:type\" content=\"article\" \/>\n<meta property=\"og:title\" content=\"\u018fli K\u0259rimli: \u201cAz\u0259rbaycan\u0131n milli s\u0259rv\u0259tl\u0259ri ki\u00e7ik bir qrupun varlanmas\u0131 \u00fc\u00e7\u00fcn istifad\u0259 olunur\u201d - MEYDAN.TV\" \/>\n<meta property=\"og:description\" content=\"\u201cAz\u0259rbaycan 100 milyardlarla dollar neft pullar\u0131 qazan\u0131b, amma Bak\u0131n\u0131n bir ... Davam\u0131\" \/>\n<meta property=\"og:url\" content=\"https:\/\/www.meydan.tv\/az\/article\/eli-k%c9%99rimli-az%c9%99rbaycanin-milli-s%c9%99rv%c9%99tl%c9%99ri-kicik-bir-qrupun-varlanmasi-ucun-istifad%c9%99-olunur\/\" \/>\n<meta property=\"og:site_name\" content=\"MEYDAN.TV\" \/>\n<meta property=\"article:published_time\" content=\"2026-03-31T15:24:32+00:00\" \/>\n<meta property=\"article:modified_time\" content=\"2026-03-31T15:24:35+00:00\" \/>\n<meta property=\"og:image\" content=\"https:\/\/www.meydan.tv\/wp-content\/uploads\/7884.png\" \/>\n\t<meta property=\"og:image:width\" content=\"1920\" \/>\n\t<meta property=\"og:image:height\" content=\"938\" \/>\n\t<meta property=\"og:image:type\" content=\"image\/png\" \/>\n<meta name=\"author\" content=\"mahmud\" \/>\n<meta name=\"twitter:card\" content=\"summary_large_image\" \/>\n<script type=\"application\/ld+json\" class=\"yoast-schema-graph\">{\"@context\":\"https:\\\/\\\/schema.org\",\"@graph\":[{\"@type\":\"Article\",\"@id\":\"https:\\\/\\\/www.meydan.tv\\\/az\\\/article\\\/eli-k%c9%99rimli-az%c9%99rbaycanin-milli-s%c9%99rv%c9%99tl%c9%99ri-kicik-bir-qrupun-varlanmasi-ucun-istifad%c9%99-olunur\\\/#article\",\"isPartOf\":{\"@id\":\"https:\\\/\\\/www.meydan.tv\\\/az\\\/article\\\/eli-k%c9%99rimli-az%c9%99rbaycanin-milli-s%c9%99rv%c9%99tl%c9%99ri-kicik-bir-qrupun-varlanmasi-ucun-istifad%c9%99-olunur\\\/\"},\"author\":{\"name\":\"mahmud\",\"@id\":\"https:\\\/\\\/www.meydan.tv\\\/az\\\/#\\\/schema\\\/person\\\/09863e516102a829e72bedcf3f84c6b0\"},\"headline\":\"\u018fli K\u0259rimli: \u201cAz\u0259rbaycan\u0131n milli s\u0259rv\u0259tl\u0259ri ki\u00e7ik bir qrupun varlanmas\u0131 \u00fc\u00e7\u00fcn istifad\u0259 olunur\u201d\",\"datePublished\":\"2026-03-31T15:24:32+00:00\",\"dateModified\":\"2026-03-31T15:24:35+00:00\",\"mainEntityOfPage\":{\"@id\":\"https:\\\/\\\/www.meydan.tv\\\/az\\\/article\\\/eli-k%c9%99rimli-az%c9%99rbaycanin-milli-s%c9%99rv%c9%99tl%c9%99ri-kicik-bir-qrupun-varlanmasi-ucun-istifad%c9%99-olunur\\\/\"},\"wordCount\":625,\"publisher\":{\"@id\":\"https:\\\/\\\/www.meydan.tv\\\/az\\\/#organization\"},\"image\":{\"@id\":\"https:\\\/\\\/www.meydan.tv\\\/az\\\/article\\\/eli-k%c9%99rimli-az%c9%99rbaycanin-milli-s%c9%99rv%c9%99tl%c9%99ri-kicik-bir-qrupun-varlanmasi-ucun-istifad%c9%99-olunur\\\/#primaryimage\"},\"thumbnailUrl\":\"https:\\\/\\\/www.meydan.tv\\\/wp-content\\\/uploads\\\/7884.png\",\"articleSection\":[\"Siyas\u0259t\",\"T\u00f6vsiy\u0259\",\"X\u0259b\u0259rl\u0259r\"],\"inLanguage\":\"az\"},{\"@type\":\"WebPage\",\"@id\":\"https:\\\/\\\/www.meydan.tv\\\/az\\\/article\\\/eli-k%c9%99rimli-az%c9%99rbaycanin-milli-s%c9%99rv%c9%99tl%c9%99ri-kicik-bir-qrupun-varlanmasi-ucun-istifad%c9%99-olunur\\\/\",\"url\":\"https:\\\/\\\/www.meydan.tv\\\/az\\\/article\\\/eli-k%c9%99rimli-az%c9%99rbaycanin-milli-s%c9%99rv%c9%99tl%c9%99ri-kicik-bir-qrupun-varlanmasi-ucun-istifad%c9%99-olunur\\\/\",\"name\":\"\u018fli K\u0259rimli: \u201cAz\u0259rbaycan\u0131n milli s\u0259rv\u0259tl\u0259ri ki\u00e7ik bir qrupun varlanmas\u0131 \u00fc\u00e7\u00fcn istifad\u0259 olunur\u201d - MEYDAN.TV\",\"isPartOf\":{\"@id\":\"https:\\\/\\\/www.meydan.tv\\\/az\\\/#website\"},\"primaryImageOfPage\":{\"@id\":\"https:\\\/\\\/www.meydan.tv\\\/az\\\/article\\\/eli-k%c9%99rimli-az%c9%99rbaycanin-milli-s%c9%99rv%c9%99tl%c9%99ri-kicik-bir-qrupun-varlanmasi-ucun-istifad%c9%99-olunur\\\/#primaryimage\"},\"image\":{\"@id\":\"https:\\\/\\\/www.meydan.tv\\\/az\\\/article\\\/eli-k%c9%99rimli-az%c9%99rbaycanin-milli-s%c9%99rv%c9%99tl%c9%99ri-kicik-bir-qrupun-varlanmasi-ucun-istifad%c9%99-olunur\\\/#primaryimage\"},\"thumbnailUrl\":\"https:\\\/\\\/www.meydan.tv\\\/wp-content\\\/uploads\\\/7884.png\",\"datePublished\":\"2026-03-31T15:24:32+00:00\",\"dateModified\":\"2026-03-31T15:24:35+00:00\",\"breadcrumb\":{\"@id\":\"https:\\\/\\\/www.meydan.tv\\\/az\\\/article\\\/eli-k%c9%99rimli-az%c9%99rbaycanin-milli-s%c9%99rv%c9%99tl%c9%99ri-kicik-bir-qrupun-varlanmasi-ucun-istifad%c9%99-olunur\\\/#breadcrumb\"},\"inLanguage\":\"az\",\"potentialAction\":[{\"@type\":\"ReadAction\",\"target\":[\"https:\\\/\\\/www.meydan.tv\\\/az\\\/article\\\/eli-k%c9%99rimli-az%c9%99rbaycanin-milli-s%c9%99rv%c9%99tl%c9%99ri-kicik-bir-qrupun-varlanmasi-ucun-istifad%c9%99-olunur\\\/\"]}]},{\"@type\":\"ImageObject\",\"inLanguage\":\"az\",\"@id\":\"https:\\\/\\\/www.meydan.tv\\\/az\\\/article\\\/eli-k%c9%99rimli-az%c9%99rbaycanin-milli-s%c9%99rv%c9%99tl%c9%99ri-kicik-bir-qrupun-varlanmasi-ucun-istifad%c9%99-olunur\\\/#primaryimage\",\"url\":\"https:\\\/\\\/www.meydan.tv\\\/wp-content\\\/uploads\\\/7884.png\",\"contentUrl\":\"https:\\\/\\\/www.meydan.tv\\\/wp-content\\\/uploads\\\/7884.png\",\"width\":1920,\"height\":938,\"caption\":\"\u018fli K\u0259rimli - Foto: Meydan TV\"},{\"@type\":\"BreadcrumbList\",\"@id\":\"https:\\\/\\\/www.meydan.tv\\\/az\\\/article\\\/eli-k%c9%99rimli-az%c9%99rbaycanin-milli-s%c9%99rv%c9%99tl%c9%99ri-kicik-bir-qrupun-varlanmasi-ucun-istifad%c9%99-olunur\\\/#breadcrumb\",\"itemListElement\":[{\"@type\":\"ListItem\",\"position\":1,\"name\":\"Ana s\u0259hif\u0259\",\"item\":\"https:\\\/\\\/www.meydan.tv\\\/az\\\/\"},{\"@type\":\"ListItem\",\"position\":2,\"name\":\"Siyas\u0259t\",\"item\":\"https:\\\/\\\/www.meydan.tv\\\/az\\\/section\\\/siyaset\\\/\"},{\"@type\":\"ListItem\",\"position\":3,\"name\":\"\u018fli K\u0259rimli: \u201cAz\u0259rbaycan\u0131n milli s\u0259rv\u0259tl\u0259ri ki\u00e7ik bir qrupun varlanmas\u0131 \u00fc\u00e7\u00fcn istifad\u0259 olunur\u201d\"}]},{\"@type\":\"WebSite\",\"@id\":\"https:\\\/\\\/www.meydan.tv\\\/az\\\/#website\",\"url\":\"https:\\\/\\\/www.meydan.tv\\\/az\\\/\",\"name\":\"MEYDAN.TV\",\"description\":\"Meydan TV Az\u0259rbaycan\u0131n media m\u0259kan\u0131ndak\u0131 alternativ s\u0259sidir\",\"publisher\":{\"@id\":\"https:\\\/\\\/www.meydan.tv\\\/az\\\/#organization\"},\"potentialAction\":[{\"@type\":\"SearchAction\",\"target\":{\"@type\":\"EntryPoint\",\"urlTemplate\":\"https:\\\/\\\/www.meydan.tv\\\/az\\\/?s={search_term_string}\"},\"query-input\":{\"@type\":\"PropertyValueSpecification\",\"valueRequired\":true,\"valueName\":\"search_term_string\"}}],\"inLanguage\":\"az\"},{\"@type\":\"Organization\",\"@id\":\"https:\\\/\\\/www.meydan.tv\\\/az\\\/#organization\",\"name\":\"Meydan TV\",\"url\":\"https:\\\/\\\/www.meydan.tv\\\/az\\\/\",\"logo\":{\"@type\":\"ImageObject\",\"inLanguage\":\"az\",\"@id\":\"https:\\\/\\\/www.meydan.tv\\\/az\\\/#\\\/schema\\\/logo\\\/image\\\/\",\"url\":\"https:\\\/\\\/www.meydan.tv\\\/wp-content\\\/uploads\\\/2021\\\/07\\\/meydan-logo.svg\",\"contentUrl\":\"https:\\\/\\\/www.meydan.tv\\\/wp-content\\\/uploads\\\/2021\\\/07\\\/meydan-logo.svg\",\"width\":195,\"height\":46,\"caption\":\"Meydan TV\"},\"image\":{\"@id\":\"https:\\\/\\\/www.meydan.tv\\\/az\\\/#\\\/schema\\\/logo\\\/image\\\/\"}},{\"@type\":\"Person\",\"@id\":\"https:\\\/\\\/www.meydan.tv\\\/az\\\/#\\\/schema\\\/person\\\/09863e516102a829e72bedcf3f84c6b0\",\"name\":\"mahmud\"}]}<\/script>\n<!-- \/ Yoast SEO plugin. -->","yoast_head_json":{"title":"\u018fli K\u0259rimli: \u201cAz\u0259rbaycan\u0131n milli s\u0259rv\u0259tl\u0259ri ki\u00e7ik bir qrupun varlanmas\u0131 \u00fc\u00e7\u00fcn istifad\u0259 olunur\u201d - MEYDAN.TV","robots":{"index":"index","follow":"follow","max-snippet":"max-snippet:-1","max-image-preview":"max-image-preview:large","max-video-preview":"max-video-preview:-1"},"canonical":"https:\/\/www.meydan.tv\/az\/article\/eli-k%c9%99rimli-az%c9%99rbaycanin-milli-s%c9%99rv%c9%99tl%c9%99ri-kicik-bir-qrupun-varlanmasi-ucun-istifad%c9%99-olunur\/","og_locale":"az_AZ","og_type":"article","og_title":"\u018fli K\u0259rimli: \u201cAz\u0259rbaycan\u0131n milli s\u0259rv\u0259tl\u0259ri ki\u00e7ik bir qrupun varlanmas\u0131 \u00fc\u00e7\u00fcn istifad\u0259 olunur\u201d - MEYDAN.TV","og_description":"\u201cAz\u0259rbaycan 100 milyardlarla dollar neft pullar\u0131 qazan\u0131b, amma Bak\u0131n\u0131n bir ... Davam\u0131","og_url":"https:\/\/www.meydan.tv\/az\/article\/eli-k%c9%99rimli-az%c9%99rbaycanin-milli-s%c9%99rv%c9%99tl%c9%99ri-kicik-bir-qrupun-varlanmasi-ucun-istifad%c9%99-olunur\/","og_site_name":"MEYDAN.TV","article_published_time":"2026-03-31T15:24:32+00:00","article_modified_time":"2026-03-31T15:24:35+00:00","og_image":[{"width":1920,"height":938,"url":"https:\/\/www.meydan.tv\/wp-content\/uploads\/7884.png","type":"image\/png"}],"author":"mahmud","twitter_card":"summary_large_image","schema":{"@context":"https:\/\/schema.org","@graph":[{"@type":"Article","@id":"https:\/\/www.meydan.tv\/az\/article\/eli-k%c9%99rimli-az%c9%99rbaycanin-milli-s%c9%99rv%c9%99tl%c9%99ri-kicik-bir-qrupun-varlanmasi-ucun-istifad%c9%99-olunur\/#article","isPartOf":{"@id":"https:\/\/www.meydan.tv\/az\/article\/eli-k%c9%99rimli-az%c9%99rbaycanin-milli-s%c9%99rv%c9%99tl%c9%99ri-kicik-bir-qrupun-varlanmasi-ucun-istifad%c9%99-olunur\/"},"author":{"name":"mahmud","@id":"https:\/\/www.meydan.tv\/az\/#\/schema\/person\/09863e516102a829e72bedcf3f84c6b0"},"headline":"\u018fli K\u0259rimli: \u201cAz\u0259rbaycan\u0131n milli s\u0259rv\u0259tl\u0259ri ki\u00e7ik bir qrupun varlanmas\u0131 \u00fc\u00e7\u00fcn istifad\u0259 olunur\u201d","datePublished":"2026-03-31T15:24:32+00:00","dateModified":"2026-03-31T15:24:35+00:00","mainEntityOfPage":{"@id":"https:\/\/www.meydan.tv\/az\/article\/eli-k%c9%99rimli-az%c9%99rbaycanin-milli-s%c9%99rv%c9%99tl%c9%99ri-kicik-bir-qrupun-varlanmasi-ucun-istifad%c9%99-olunur\/"},"wordCount":625,"publisher":{"@id":"https:\/\/www.meydan.tv\/az\/#organization"},"image":{"@id":"https:\/\/www.meydan.tv\/az\/article\/eli-k%c9%99rimli-az%c9%99rbaycanin-milli-s%c9%99rv%c9%99tl%c9%99ri-kicik-bir-qrupun-varlanmasi-ucun-istifad%c9%99-olunur\/#primaryimage"},"thumbnailUrl":"https:\/\/www.meydan.tv\/wp-content\/uploads\/7884.png","articleSection":["Siyas\u0259t","T\u00f6vsiy\u0259","X\u0259b\u0259rl\u0259r"],"inLanguage":"az"},{"@type":"WebPage","@id":"https:\/\/www.meydan.tv\/az\/article\/eli-k%c9%99rimli-az%c9%99rbaycanin-milli-s%c9%99rv%c9%99tl%c9%99ri-kicik-bir-qrupun-varlanmasi-ucun-istifad%c9%99-olunur\/","url":"https:\/\/www.meydan.tv\/az\/article\/eli-k%c9%99rimli-az%c9%99rbaycanin-milli-s%c9%99rv%c9%99tl%c9%99ri-kicik-bir-qrupun-varlanmasi-ucun-istifad%c9%99-olunur\/","name":"\u018fli K\u0259rimli: \u201cAz\u0259rbaycan\u0131n milli s\u0259rv\u0259tl\u0259ri ki\u00e7ik bir qrupun varlanmas\u0131 \u00fc\u00e7\u00fcn istifad\u0259 olunur\u201d - MEYDAN.TV","isPartOf":{"@id":"https:\/\/www.meydan.tv\/az\/#website"},"primaryImageOfPage":{"@id":"https:\/\/www.meydan.tv\/az\/article\/eli-k%c9%99rimli-az%c9%99rbaycanin-milli-s%c9%99rv%c9%99tl%c9%99ri-kicik-bir-qrupun-varlanmasi-ucun-istifad%c9%99-olunur\/#primaryimage"},"image":{"@id":"https:\/\/www.meydan.tv\/az\/article\/eli-k%c9%99rimli-az%c9%99rbaycanin-milli-s%c9%99rv%c9%99tl%c9%99ri-kicik-bir-qrupun-varlanmasi-ucun-istifad%c9%99-olunur\/#primaryimage"},"thumbnailUrl":"https:\/\/www.meydan.tv\/wp-content\/uploads\/7884.png","datePublished":"2026-03-31T15:24:32+00:00","dateModified":"2026-03-31T15:24:35+00:00","breadcrumb":{"@id":"https:\/\/www.meydan.tv\/az\/article\/eli-k%c9%99rimli-az%c9%99rbaycanin-milli-s%c9%99rv%c9%99tl%c9%99ri-kicik-bir-qrupun-varlanmasi-ucun-istifad%c9%99-olunur\/#breadcrumb"},"inLanguage":"az","potentialAction":[{"@type":"ReadAction","target":["https:\/\/www.meydan.tv\/az\/article\/eli-k%c9%99rimli-az%c9%99rbaycanin-milli-s%c9%99rv%c9%99tl%c9%99ri-kicik-bir-qrupun-varlanmasi-ucun-istifad%c9%99-olunur\/"]}]},{"@type":"ImageObject","inLanguage":"az","@id":"https:\/\/www.meydan.tv\/az\/article\/eli-k%c9%99rimli-az%c9%99rbaycanin-milli-s%c9%99rv%c9%99tl%c9%99ri-kicik-bir-qrupun-varlanmasi-ucun-istifad%c9%99-olunur\/#primaryimage","url":"https:\/\/www.meydan.tv\/wp-content\/uploads\/7884.png","contentUrl":"https:\/\/www.meydan.tv\/wp-content\/uploads\/7884.png","width":1920,"height":938,"caption":"\u018fli K\u0259rimli - Foto: Meydan TV"},{"@type":"BreadcrumbList","@id":"https:\/\/www.meydan.tv\/az\/article\/eli-k%c9%99rimli-az%c9%99rbaycanin-milli-s%c9%99rv%c9%99tl%c9%99ri-kicik-bir-qrupun-varlanmasi-ucun-istifad%c9%99-olunur\/#breadcrumb","itemListElement":[{"@type":"ListItem","position":1,"name":"Ana s\u0259hif\u0259","item":"https:\/\/www.meydan.tv\/az\/"},{"@type":"ListItem","position":2,"name":"Siyas\u0259t","item":"https:\/\/www.meydan.tv\/az\/section\/siyaset\/"},{"@type":"ListItem","position":3,"name":"\u018fli K\u0259rimli: \u201cAz\u0259rbaycan\u0131n milli s\u0259rv\u0259tl\u0259ri ki\u00e7ik bir qrupun varlanmas\u0131 \u00fc\u00e7\u00fcn istifad\u0259 olunur\u201d"}]},{"@type":"WebSite","@id":"https:\/\/www.meydan.tv\/az\/#website","url":"https:\/\/www.meydan.tv\/az\/","name":"MEYDAN.TV","description":"Meydan TV Az\u0259rbaycan\u0131n media m\u0259kan\u0131ndak\u0131 alternativ s\u0259sidir","publisher":{"@id":"https:\/\/www.meydan.tv\/az\/#organization"},"potentialAction":[{"@type":"SearchAction","target":{"@type":"EntryPoint","urlTemplate":"https:\/\/www.meydan.tv\/az\/?s={search_term_string}"},"query-input":{"@type":"PropertyValueSpecification","valueRequired":true,"valueName":"search_term_string"}}],"inLanguage":"az"},{"@type":"Organization","@id":"https:\/\/www.meydan.tv\/az\/#organization","name":"Meydan TV","url":"https:\/\/www.meydan.tv\/az\/","logo":{"@type":"ImageObject","inLanguage":"az","@id":"https:\/\/www.meydan.tv\/az\/#\/schema\/logo\/image\/","url":"https:\/\/www.meydan.tv\/wp-content\/uploads\/2021\/07\/meydan-logo.svg","contentUrl":"https:\/\/www.meydan.tv\/wp-content\/uploads\/2021\/07\/meydan-logo.svg","width":195,"height":46,"caption":"Meydan TV"},"image":{"@id":"https:\/\/www.meydan.tv\/az\/#\/schema\/logo\/image\/"}},{"@type":"Person","@id":"https:\/\/www.meydan.tv\/az\/#\/schema\/person\/09863e516102a829e72bedcf3f84c6b0","name":"mahmud"}]}},"_links":{"self":[{"href":"https:\/\/www.meydan.tv\/az\/wp-json\/wp\/v2\/posts\/343446","targetHints":{"allow":["GET"]}}],"collection":[{"href":"https:\/\/www.meydan.tv\/az\/wp-json\/wp\/v2\/posts"}],"about":[{"href":"https:\/\/www.meydan.tv\/az\/wp-json\/wp\/v2\/types\/post"}],"author":[{"embeddable":true,"href":"https:\/\/www.meydan.tv\/az\/wp-json\/wp\/v2\/users\/21"}],"replies":[{"embeddable":true,"href":"https:\/\/www.meydan.tv\/az\/wp-json\/wp\/v2\/comments?post=343446"}],"version-history":[{"count":1,"href":"https:\/\/www.meydan.tv\/az\/wp-json\/wp\/v2\/posts\/343446\/revisions"}],"predecessor-version":[{"id":343447,"href":"https:\/\/www.meydan.tv\/az\/wp-json\/wp\/v2\/posts\/343446\/revisions\/343447"}],"wp:featuredmedia":[{"embeddable":true,"href":"https:\/\/www.meydan.tv\/az\/wp-json\/wp\/v2\/media\/338399"}],"wp:attachment":[{"href":"https:\/\/www.meydan.tv\/az\/wp-json\/wp\/v2\/media?parent=343446"}],"wp:term":[{"taxonomy":"category","embeddable":true,"href":"https:\/\/www.meydan.tv\/az\/wp-json\/wp\/v2\/categories?post=343446"},{"taxonomy":"post_tag","embeddable":true,"href":"https:\/\/www.meydan.tv\/az\/wp-json\/wp\/v2\/tags?post=343446"}],"curies":[{"name":"wp","href":"https:\/\/api.w.org\/{rel}","templated":true}]}}