{"id":343443,"date":"2026-03-31T16:50:28","date_gmt":"2026-03-31T12:50:28","guid":{"rendered":"https:\/\/www.meydan.tv\/?p=343443"},"modified":"2026-03-31T18:12:28","modified_gmt":"2026-03-31T14:12:28","slug":"h%c9%99bsd%c9%99-olan-jurnalistl%c9%99rin-kameralari-d%c9%99yisdirilir","status":"publish","type":"post","link":"https:\/\/www.meydan.tv\/az\/article\/h%c9%99bsd%c9%99-olan-jurnalistl%c9%99rin-kameralari-d%c9%99yisdirilir\/","title":{"rendered":"H\u0259bsd\u0259 olan jurnalistl\u0259rin kameralar\u0131 d\u0259yi\u015fdirilir"},"content":{"rendered":"\n<p>Meydan TV-nin haz\u0131rda h\u0259bsd\u0259 olan jurnalistl\u0259ri \u2014 Aysel \u00dcm\u00fcdova, X\u0259yal\u0259 A\u011fayeva v\u0259 Aytac Tapd\u0131q saxland\u0131qlar\u0131 1 sayl\u0131 Bak\u0131 \u0130stintaq T\u0259cridxanas\u0131nda ba\u015f ver\u0259n i\u015fg\u0259nc\u0259 hadis\u0259sini ictimail\u0259\u015fdirdikd\u0259n sonra onlar\u0131n otaqlar\u0131n\u0131n d\u0259yi\u015fdirilm\u0259si bar\u0259d\u0259 q\u0259rar verilib. <\/p>\n\n\n\n<p>Bu bar\u0259d\u0259 Meydan TV-nin jurnalistl\u0259ri m\u0259lumat verib.<br><br>Mart\u0131n 23-d\u0259 t\u0259cridxanan\u0131n \u00fcmumi rejim r\u0259isi Vahid Ataki\u015fiyevin n\u0259zar\u0259ti il\u0259 iki m\u0259hbus \u0259ll\u0259ri qandallanaraq g\u0259zinti sah\u0259sind\u0259 15 d\u0259qiq\u0259 yax\u0131n i\u015fg\u0259nc\u0259y\u0259 m\u0259ruz qal\u0131blar. Hadis\u0259y\u0259 \u015fahid olan jurnalistl\u0259r buna etiraz ed\u0259rk\u0259n t\u0259cridxana \u0259m\u0259kda\u015flar\u0131 onlar\u0131 da <a href=\"https:\/\/www.meydan.tv\/az\/article\/baki-istintaq-t%c9%99cridxanasinda-isg%c9%99nc%c9%99-%c9%99li-qandalli-iki-m%c9%99hbus-yer%c9%99-yixilaraq-doyulub\/\" target=\"_blank\" rel=\"noreferrer noopener nofollow\">t\u0259hqir edib.<\/a><\/p>\n\n\n\n<p>Jurnalistl\u0259rin s\u00f6zl\u0259rin\u0259 g\u00f6r\u0259, bu hadis\u0259 ictimail\u0259\u015fdikd\u0259n sonra t\u0259cridxana r\u0259isi Elnur \u0130smay\u0131lov bildirib ki, bundan sonra g\u0259zinti sah\u0259sin\u0259 baxan otaqlar kamera kimi istifad\u0259 olunmayacaq.&nbsp;<\/p>\n\n\n\n<p>Jurnalistl\u0259r deyir ki, buna s\u0259b\u0259b t\u0259cridxanan\u0131n g\u0259zinti sah\u0259sind\u0259 ba\u015f ver\u0259n i\u015fg\u0259nc\u0259 hal\u0131na qar\u015f\u0131 etiraz etm\u0259l\u0259ri olub.<\/p>\n\n\n\n<p>2024-c\u00fc il dekabr\u0131n 6-da Meydan TV-nin \u0259m\u0259kda\u015flar\u0131 Ramin Deko (C\u0259bray\u0131lzad\u0259), Aynur Q\u0259nb\u0259rova (Elg\u00fcn\u0259\u015f), Aysel Umudova, Aytac \u018fhm\u0259dova (Tapd\u0131q), X\u0259yal\u0259 A\u011fayeva, Natiq Cavadl\u0131 v\u0259 v\u0259t\u0259nda\u015f c\u0259miyy\u0259tinin \u00fczv\u00fc \u00dclvi Tahirov h\u0259bs edilib.<\/p>\n\n\n\n<p>Bu i\u015f \u00fczr\u0259 saxlan\u0131lanlara Cinay\u0259t M\u0259c\u0259ll\u0259sinin 206.3.2-ci (qa\u00e7aqmal\u00e7\u0131l\u0131q, \u0259vv\u0259lc\u0259d\u0259n \u0259lbir olan bir qrup \u015f\u0259xs t\u0259r\u0259find\u0259n t\u00f6r\u0259dildikd\u0259) madd\u0259si il\u0259 cinay\u0259t a\u00e7\u0131l\u0131b.<\/p>\n\n\n\n<p>2025-ci il fevral\u0131n 5-i \u201carqument.az\u201d sayt\u0131n\u0131n ba\u015f redaktoru, Meydan TV il\u0259 \u0259m\u0259kda\u015fl\u0131q ed\u0259n jurnalist \u015e\u0259m\u015fad A\u011fayev (A\u011fa), daha sonra&nbsp; dig\u0259r jurnalistl\u0259r \u2013&nbsp; fevral\u0131n 20-d\u0259 Nurlan Libre (Q\u0259hr\u0259manl\u0131), Fatim\u0259 M\u00f6vlaml\u0131 fevral\u0131n 28-d\u0259, may\u0131n 7-d\u0259 \u00dclviyy\u0259 \u018fli (Quliyeva), avqustun 27-d\u0259 is\u0259 \u018fhm\u0259d Muxtar bu i\u015f \u00fczr\u0259 h\u0259bs olunub.<\/p>\n\n\n\n<p>2025-ci il avqustun 28-d\u0259 \u201cMeydan TV i\u015fi\u201d \u00fczr\u0259 istintaq ba\u015fa \u00e7at\u0131b v\u0259 bu i\u015f \u00fczr\u0259 ittihamlar <a href=\"https:\/\/storage.googleapis.com\/qurium\/www.meydan.tv\/az-article-meydan-tv-isi-uzr%c9%99-ittiham-agirlasdirldi.html\" target=\"_blank\" rel=\"noreferrer noopener nofollow\">a\u011f\u0131rla\u015fd\u0131r\u0131l\u0131b<\/a>.<\/p>\n\n\n\n<p>H\u0259bs edil\u0259n jurnalistl\u0259r ittihamlar\u0131 q\u0259bul etmirl\u0259r v\u0259 hesab edirl\u0259r ki, siyasi sifari\u015fl\u0259 h\u0259bs olunublar, m\u0259qs\u0259d \u00f6lk\u0259d\u0259 m\u00fcst\u0259qil median\u0131, azad s\u0259sl\u0259ri susdurmaqd\u0131r.<\/p>\n","protected":false},"excerpt":{"rendered":"<p>Meydan TV-nin haz\u0131rda h\u0259bsd\u0259 olan jurnalistl\u0259ri \u2014 Aysel \u00dcm\u00fcdova, X\u0259yal\u0259 &#8230; <\/p>\n<p class=\"read-more-container\"><a title=\"H\u0259bsd\u0259 olan jurnalistl\u0259rin kameralar\u0131 d\u0259yi\u015fdirilir\" class=\"read-more button\" href=\"https:\/\/www.meydan.tv\/az\/article\/h%c9%99bsd%c9%99-olan-jurnalistl%c9%99rin-kameralari-d%c9%99yisdirilir\/#more-343443\" aria-label=\"Read more about H\u0259bsd\u0259 olan jurnalistl\u0259rin kameralar\u0131 d\u0259yi\u015fdirilir\">Davam\u0131<\/a><\/p>\n","protected":false},"author":21,"featured_media":342381,"comment_status":"closed","ping_status":"closed","sticky":false,"template":"","format":"standard","meta":{"_acf_changed":false,"_sitemap_exclude":false,"_sitemap_priority":"","_sitemap_frequency":"","footnotes":""},"categories":[139,59,79,56],"tags":[],"class_list":["post-343443","post","type-post","status-publish","format-standard","has-post-thumbnail","hentry","category-meydan-tv-isi","category-siyaset","category-featured","category-xeberler","infinite-scroll-item","generate-columns","tablet-grid-50","mobile-grid-100","grid-parent","grid-33","no-featured-image-padding"],"acf":[],"yoast_head":"<!-- This site is optimized with the Yoast SEO plugin v27.5 - https:\/\/yoast.com\/product\/yoast-seo-wordpress\/ -->\n<title>H\u0259bsd\u0259 olan jurnalistl\u0259rin kameralar\u0131 d\u0259yi\u015fdirilir - MEYDAN.TV<\/title>\n<meta name=\"robots\" content=\"index, follow, max-snippet:-1, max-image-preview:large, max-video-preview:-1\" \/>\n<link rel=\"canonical\" href=\"https:\/\/www.meydan.tv\/az\/article\/h%c9%99bsd%c9%99-olan-jurnalistl%c9%99rin-kameralari-d%c9%99yisdirilir\/\" \/>\n<meta property=\"og:locale\" content=\"az_AZ\" \/>\n<meta property=\"og:type\" content=\"article\" \/>\n<meta property=\"og:title\" content=\"H\u0259bsd\u0259 olan jurnalistl\u0259rin kameralar\u0131 d\u0259yi\u015fdirilir - MEYDAN.TV\" \/>\n<meta property=\"og:description\" content=\"Meydan TV-nin haz\u0131rda h\u0259bsd\u0259 olan jurnalistl\u0259ri \u2014 Aysel \u00dcm\u00fcdova, X\u0259yal\u0259 ... Davam\u0131\" \/>\n<meta property=\"og:url\" content=\"https:\/\/www.meydan.tv\/az\/article\/h%c9%99bsd%c9%99-olan-jurnalistl%c9%99rin-kameralari-d%c9%99yisdirilir\/\" \/>\n<meta property=\"og:site_name\" content=\"MEYDAN.TV\" \/>\n<meta property=\"article:published_time\" content=\"2026-03-31T12:50:28+00:00\" \/>\n<meta property=\"article:modified_time\" content=\"2026-03-31T14:12:28+00:00\" \/>\n<meta property=\"og:image\" content=\"https:\/\/www.meydan.tv\/wp-content\/uploads\/78965-1200x586.png\" \/>\n\t<meta property=\"og:image:width\" content=\"1200\" \/>\n\t<meta property=\"og:image:height\" content=\"586\" \/>\n\t<meta property=\"og:image:type\" content=\"image\/png\" \/>\n<meta name=\"author\" content=\"mahmud\" \/>\n<meta name=\"twitter:card\" content=\"summary_large_image\" \/>\n<script type=\"application\/ld+json\" class=\"yoast-schema-graph\">{\"@context\":\"https:\\\/\\\/schema.org\",\"@graph\":[{\"@type\":\"Article\",\"@id\":\"https:\\\/\\\/www.meydan.tv\\\/az\\\/article\\\/h%c9%99bsd%c9%99-olan-jurnalistl%c9%99rin-kameralari-d%c9%99yisdirilir\\\/#article\",\"isPartOf\":{\"@id\":\"https:\\\/\\\/www.meydan.tv\\\/az\\\/article\\\/h%c9%99bsd%c9%99-olan-jurnalistl%c9%99rin-kameralari-d%c9%99yisdirilir\\\/\"},\"author\":{\"name\":\"mahmud\",\"@id\":\"https:\\\/\\\/www.meydan.tv\\\/az\\\/#\\\/schema\\\/person\\\/09863e516102a829e72bedcf3f84c6b0\"},\"headline\":\"H\u0259bsd\u0259 olan jurnalistl\u0259rin kameralar\u0131 d\u0259yi\u015fdirilir\",\"datePublished\":\"2026-03-31T12:50:28+00:00\",\"dateModified\":\"2026-03-31T14:12:28+00:00\",\"mainEntityOfPage\":{\"@id\":\"https:\\\/\\\/www.meydan.tv\\\/az\\\/article\\\/h%c9%99bsd%c9%99-olan-jurnalistl%c9%99rin-kameralari-d%c9%99yisdirilir\\\/\"},\"wordCount\":414,\"publisher\":{\"@id\":\"https:\\\/\\\/www.meydan.tv\\\/az\\\/#organization\"},\"image\":{\"@id\":\"https:\\\/\\\/www.meydan.tv\\\/az\\\/article\\\/h%c9%99bsd%c9%99-olan-jurnalistl%c9%99rin-kameralari-d%c9%99yisdirilir\\\/#primaryimage\"},\"thumbnailUrl\":\"https:\\\/\\\/www.meydan.tv\\\/wp-content\\\/uploads\\\/78965.png\",\"articleSection\":[\"Meydan TV i\u015fi\",\"Siyas\u0259t\",\"T\u00f6vsiy\u0259\",\"X\u0259b\u0259rl\u0259r\"],\"inLanguage\":\"az\"},{\"@type\":\"WebPage\",\"@id\":\"https:\\\/\\\/www.meydan.tv\\\/az\\\/article\\\/h%c9%99bsd%c9%99-olan-jurnalistl%c9%99rin-kameralari-d%c9%99yisdirilir\\\/\",\"url\":\"https:\\\/\\\/www.meydan.tv\\\/az\\\/article\\\/h%c9%99bsd%c9%99-olan-jurnalistl%c9%99rin-kameralari-d%c9%99yisdirilir\\\/\",\"name\":\"H\u0259bsd\u0259 olan jurnalistl\u0259rin kameralar\u0131 d\u0259yi\u015fdirilir - MEYDAN.TV\",\"isPartOf\":{\"@id\":\"https:\\\/\\\/www.meydan.tv\\\/az\\\/#website\"},\"primaryImageOfPage\":{\"@id\":\"https:\\\/\\\/www.meydan.tv\\\/az\\\/article\\\/h%c9%99bsd%c9%99-olan-jurnalistl%c9%99rin-kameralari-d%c9%99yisdirilir\\\/#primaryimage\"},\"image\":{\"@id\":\"https:\\\/\\\/www.meydan.tv\\\/az\\\/article\\\/h%c9%99bsd%c9%99-olan-jurnalistl%c9%99rin-kameralari-d%c9%99yisdirilir\\\/#primaryimage\"},\"thumbnailUrl\":\"https:\\\/\\\/www.meydan.tv\\\/wp-content\\\/uploads\\\/78965.png\",\"datePublished\":\"2026-03-31T12:50:28+00:00\",\"dateModified\":\"2026-03-31T14:12:28+00:00\",\"breadcrumb\":{\"@id\":\"https:\\\/\\\/www.meydan.tv\\\/az\\\/article\\\/h%c9%99bsd%c9%99-olan-jurnalistl%c9%99rin-kameralari-d%c9%99yisdirilir\\\/#breadcrumb\"},\"inLanguage\":\"az\",\"potentialAction\":[{\"@type\":\"ReadAction\",\"target\":[\"https:\\\/\\\/www.meydan.tv\\\/az\\\/article\\\/h%c9%99bsd%c9%99-olan-jurnalistl%c9%99rin-kameralari-d%c9%99yisdirilir\\\/\"]}]},{\"@type\":\"ImageObject\",\"inLanguage\":\"az\",\"@id\":\"https:\\\/\\\/www.meydan.tv\\\/az\\\/article\\\/h%c9%99bsd%c9%99-olan-jurnalistl%c9%99rin-kameralari-d%c9%99yisdirilir\\\/#primaryimage\",\"url\":\"https:\\\/\\\/www.meydan.tv\\\/wp-content\\\/uploads\\\/78965.png\",\"contentUrl\":\"https:\\\/\\\/www.meydan.tv\\\/wp-content\\\/uploads\\\/78965.png\",\"width\":1920,\"height\":938,\"caption\":\"Aytac Tapd\u0131q, Aysel Umudova, X\u0259yal\u0259 A\u011fayeva. Kollaj: Meydan TV\"},{\"@type\":\"BreadcrumbList\",\"@id\":\"https:\\\/\\\/www.meydan.tv\\\/az\\\/article\\\/h%c9%99bsd%c9%99-olan-jurnalistl%c9%99rin-kameralari-d%c9%99yisdirilir\\\/#breadcrumb\",\"itemListElement\":[{\"@type\":\"ListItem\",\"position\":1,\"name\":\"Ana s\u0259hif\u0259\",\"item\":\"https:\\\/\\\/www.meydan.tv\\\/az\\\/\"},{\"@type\":\"ListItem\",\"position\":2,\"name\":\"Meydan TV i\u015fi\",\"item\":\"https:\\\/\\\/www.meydan.tv\\\/az\\\/section\\\/meydan-tv-isi\\\/\"},{\"@type\":\"ListItem\",\"position\":3,\"name\":\"H\u0259bsd\u0259 olan jurnalistl\u0259rin kameralar\u0131 d\u0259yi\u015fdirilir\"}]},{\"@type\":\"WebSite\",\"@id\":\"https:\\\/\\\/www.meydan.tv\\\/az\\\/#website\",\"url\":\"https:\\\/\\\/www.meydan.tv\\\/az\\\/\",\"name\":\"MEYDAN.TV\",\"description\":\"Meydan TV Az\u0259rbaycan\u0131n media m\u0259kan\u0131ndak\u0131 alternativ s\u0259sidir\",\"publisher\":{\"@id\":\"https:\\\/\\\/www.meydan.tv\\\/az\\\/#organization\"},\"potentialAction\":[{\"@type\":\"SearchAction\",\"target\":{\"@type\":\"EntryPoint\",\"urlTemplate\":\"https:\\\/\\\/www.meydan.tv\\\/az\\\/?s={search_term_string}\"},\"query-input\":{\"@type\":\"PropertyValueSpecification\",\"valueRequired\":true,\"valueName\":\"search_term_string\"}}],\"inLanguage\":\"az\"},{\"@type\":\"Organization\",\"@id\":\"https:\\\/\\\/www.meydan.tv\\\/az\\\/#organization\",\"name\":\"Meydan TV\",\"url\":\"https:\\\/\\\/www.meydan.tv\\\/az\\\/\",\"logo\":{\"@type\":\"ImageObject\",\"inLanguage\":\"az\",\"@id\":\"https:\\\/\\\/www.meydan.tv\\\/az\\\/#\\\/schema\\\/logo\\\/image\\\/\",\"url\":\"https:\\\/\\\/www.meydan.tv\\\/wp-content\\\/uploads\\\/2021\\\/07\\\/meydan-logo.svg\",\"contentUrl\":\"https:\\\/\\\/www.meydan.tv\\\/wp-content\\\/uploads\\\/2021\\\/07\\\/meydan-logo.svg\",\"width\":195,\"height\":46,\"caption\":\"Meydan TV\"},\"image\":{\"@id\":\"https:\\\/\\\/www.meydan.tv\\\/az\\\/#\\\/schema\\\/logo\\\/image\\\/\"}},{\"@type\":\"Person\",\"@id\":\"https:\\\/\\\/www.meydan.tv\\\/az\\\/#\\\/schema\\\/person\\\/09863e516102a829e72bedcf3f84c6b0\",\"name\":\"mahmud\"}]}<\/script>\n<!-- \/ Yoast SEO plugin. -->","yoast_head_json":{"title":"H\u0259bsd\u0259 olan jurnalistl\u0259rin kameralar\u0131 d\u0259yi\u015fdirilir - MEYDAN.TV","robots":{"index":"index","follow":"follow","max-snippet":"max-snippet:-1","max-image-preview":"max-image-preview:large","max-video-preview":"max-video-preview:-1"},"canonical":"https:\/\/www.meydan.tv\/az\/article\/h%c9%99bsd%c9%99-olan-jurnalistl%c9%99rin-kameralari-d%c9%99yisdirilir\/","og_locale":"az_AZ","og_type":"article","og_title":"H\u0259bsd\u0259 olan jurnalistl\u0259rin kameralar\u0131 d\u0259yi\u015fdirilir - MEYDAN.TV","og_description":"Meydan TV-nin haz\u0131rda h\u0259bsd\u0259 olan jurnalistl\u0259ri \u2014 Aysel \u00dcm\u00fcdova, X\u0259yal\u0259 ... Davam\u0131","og_url":"https:\/\/www.meydan.tv\/az\/article\/h%c9%99bsd%c9%99-olan-jurnalistl%c9%99rin-kameralari-d%c9%99yisdirilir\/","og_site_name":"MEYDAN.TV","article_published_time":"2026-03-31T12:50:28+00:00","article_modified_time":"2026-03-31T14:12:28+00:00","og_image":[{"width":1200,"height":586,"url":"https:\/\/www.meydan.tv\/wp-content\/uploads\/78965-1200x586.png","type":"image\/png"}],"author":"mahmud","twitter_card":"summary_large_image","schema":{"@context":"https:\/\/schema.org","@graph":[{"@type":"Article","@id":"https:\/\/www.meydan.tv\/az\/article\/h%c9%99bsd%c9%99-olan-jurnalistl%c9%99rin-kameralari-d%c9%99yisdirilir\/#article","isPartOf":{"@id":"https:\/\/www.meydan.tv\/az\/article\/h%c9%99bsd%c9%99-olan-jurnalistl%c9%99rin-kameralari-d%c9%99yisdirilir\/"},"author":{"name":"mahmud","@id":"https:\/\/www.meydan.tv\/az\/#\/schema\/person\/09863e516102a829e72bedcf3f84c6b0"},"headline":"H\u0259bsd\u0259 olan jurnalistl\u0259rin kameralar\u0131 d\u0259yi\u015fdirilir","datePublished":"2026-03-31T12:50:28+00:00","dateModified":"2026-03-31T14:12:28+00:00","mainEntityOfPage":{"@id":"https:\/\/www.meydan.tv\/az\/article\/h%c9%99bsd%c9%99-olan-jurnalistl%c9%99rin-kameralari-d%c9%99yisdirilir\/"},"wordCount":414,"publisher":{"@id":"https:\/\/www.meydan.tv\/az\/#organization"},"image":{"@id":"https:\/\/www.meydan.tv\/az\/article\/h%c9%99bsd%c9%99-olan-jurnalistl%c9%99rin-kameralari-d%c9%99yisdirilir\/#primaryimage"},"thumbnailUrl":"https:\/\/www.meydan.tv\/wp-content\/uploads\/78965.png","articleSection":["Meydan TV i\u015fi","Siyas\u0259t","T\u00f6vsiy\u0259","X\u0259b\u0259rl\u0259r"],"inLanguage":"az"},{"@type":"WebPage","@id":"https:\/\/www.meydan.tv\/az\/article\/h%c9%99bsd%c9%99-olan-jurnalistl%c9%99rin-kameralari-d%c9%99yisdirilir\/","url":"https:\/\/www.meydan.tv\/az\/article\/h%c9%99bsd%c9%99-olan-jurnalistl%c9%99rin-kameralari-d%c9%99yisdirilir\/","name":"H\u0259bsd\u0259 olan jurnalistl\u0259rin kameralar\u0131 d\u0259yi\u015fdirilir - MEYDAN.TV","isPartOf":{"@id":"https:\/\/www.meydan.tv\/az\/#website"},"primaryImageOfPage":{"@id":"https:\/\/www.meydan.tv\/az\/article\/h%c9%99bsd%c9%99-olan-jurnalistl%c9%99rin-kameralari-d%c9%99yisdirilir\/#primaryimage"},"image":{"@id":"https:\/\/www.meydan.tv\/az\/article\/h%c9%99bsd%c9%99-olan-jurnalistl%c9%99rin-kameralari-d%c9%99yisdirilir\/#primaryimage"},"thumbnailUrl":"https:\/\/www.meydan.tv\/wp-content\/uploads\/78965.png","datePublished":"2026-03-31T12:50:28+00:00","dateModified":"2026-03-31T14:12:28+00:00","breadcrumb":{"@id":"https:\/\/www.meydan.tv\/az\/article\/h%c9%99bsd%c9%99-olan-jurnalistl%c9%99rin-kameralari-d%c9%99yisdirilir\/#breadcrumb"},"inLanguage":"az","potentialAction":[{"@type":"ReadAction","target":["https:\/\/www.meydan.tv\/az\/article\/h%c9%99bsd%c9%99-olan-jurnalistl%c9%99rin-kameralari-d%c9%99yisdirilir\/"]}]},{"@type":"ImageObject","inLanguage":"az","@id":"https:\/\/www.meydan.tv\/az\/article\/h%c9%99bsd%c9%99-olan-jurnalistl%c9%99rin-kameralari-d%c9%99yisdirilir\/#primaryimage","url":"https:\/\/www.meydan.tv\/wp-content\/uploads\/78965.png","contentUrl":"https:\/\/www.meydan.tv\/wp-content\/uploads\/78965.png","width":1920,"height":938,"caption":"Aytac Tapd\u0131q, Aysel Umudova, X\u0259yal\u0259 A\u011fayeva. Kollaj: Meydan TV"},{"@type":"BreadcrumbList","@id":"https:\/\/www.meydan.tv\/az\/article\/h%c9%99bsd%c9%99-olan-jurnalistl%c9%99rin-kameralari-d%c9%99yisdirilir\/#breadcrumb","itemListElement":[{"@type":"ListItem","position":1,"name":"Ana s\u0259hif\u0259","item":"https:\/\/www.meydan.tv\/az\/"},{"@type":"ListItem","position":2,"name":"Meydan TV i\u015fi","item":"https:\/\/www.meydan.tv\/az\/section\/meydan-tv-isi\/"},{"@type":"ListItem","position":3,"name":"H\u0259bsd\u0259 olan jurnalistl\u0259rin kameralar\u0131 d\u0259yi\u015fdirilir"}]},{"@type":"WebSite","@id":"https:\/\/www.meydan.tv\/az\/#website","url":"https:\/\/www.meydan.tv\/az\/","name":"MEYDAN.TV","description":"Meydan TV Az\u0259rbaycan\u0131n media m\u0259kan\u0131ndak\u0131 alternativ s\u0259sidir","publisher":{"@id":"https:\/\/www.meydan.tv\/az\/#organization"},"potentialAction":[{"@type":"SearchAction","target":{"@type":"EntryPoint","urlTemplate":"https:\/\/www.meydan.tv\/az\/?s={search_term_string}"},"query-input":{"@type":"PropertyValueSpecification","valueRequired":true,"valueName":"search_term_string"}}],"inLanguage":"az"},{"@type":"Organization","@id":"https:\/\/www.meydan.tv\/az\/#organization","name":"Meydan TV","url":"https:\/\/www.meydan.tv\/az\/","logo":{"@type":"ImageObject","inLanguage":"az","@id":"https:\/\/www.meydan.tv\/az\/#\/schema\/logo\/image\/","url":"https:\/\/www.meydan.tv\/wp-content\/uploads\/2021\/07\/meydan-logo.svg","contentUrl":"https:\/\/www.meydan.tv\/wp-content\/uploads\/2021\/07\/meydan-logo.svg","width":195,"height":46,"caption":"Meydan TV"},"image":{"@id":"https:\/\/www.meydan.tv\/az\/#\/schema\/logo\/image\/"}},{"@type":"Person","@id":"https:\/\/www.meydan.tv\/az\/#\/schema\/person\/09863e516102a829e72bedcf3f84c6b0","name":"mahmud"}]}},"_links":{"self":[{"href":"https:\/\/www.meydan.tv\/az\/wp-json\/wp\/v2\/posts\/343443","targetHints":{"allow":["GET"]}}],"collection":[{"href":"https:\/\/www.meydan.tv\/az\/wp-json\/wp\/v2\/posts"}],"about":[{"href":"https:\/\/www.meydan.tv\/az\/wp-json\/wp\/v2\/types\/post"}],"author":[{"embeddable":true,"href":"https:\/\/www.meydan.tv\/az\/wp-json\/wp\/v2\/users\/21"}],"replies":[{"embeddable":true,"href":"https:\/\/www.meydan.tv\/az\/wp-json\/wp\/v2\/comments?post=343443"}],"version-history":[{"count":2,"href":"https:\/\/www.meydan.tv\/az\/wp-json\/wp\/v2\/posts\/343443\/revisions"}],"predecessor-version":[{"id":343445,"href":"https:\/\/www.meydan.tv\/az\/wp-json\/wp\/v2\/posts\/343443\/revisions\/343445"}],"wp:featuredmedia":[{"embeddable":true,"href":"https:\/\/www.meydan.tv\/az\/wp-json\/wp\/v2\/media\/342381"}],"wp:attachment":[{"href":"https:\/\/www.meydan.tv\/az\/wp-json\/wp\/v2\/media?parent=343443"}],"wp:term":[{"taxonomy":"category","embeddable":true,"href":"https:\/\/www.meydan.tv\/az\/wp-json\/wp\/v2\/categories?post=343443"},{"taxonomy":"post_tag","embeddable":true,"href":"https:\/\/www.meydan.tv\/az\/wp-json\/wp\/v2\/tags?post=343443"}],"curies":[{"name":"wp","href":"https:\/\/api.w.org\/{rel}","templated":true}]}}