{"id":343425,"date":"2026-03-30T12:09:04","date_gmt":"2026-03-30T08:09:04","guid":{"rendered":"https:\/\/www.meydan.tv\/?p=343425"},"modified":"2026-04-10T14:31:26","modified_gmt":"2026-04-10T10:31:26","slug":"mirsahinin-reportajina-sozardi-milli-namus-d%c9%99rdi","status":"publish","type":"post","link":"https:\/\/www.meydan.tv\/az\/article\/mirsahinin-reportajina-sozardi-milli-namus-d%c9%99rdi\/","title":{"rendered":"Mir\u015fahinin reportaj\u0131na s\u00f6zard\u0131: &#8220;Milli namus&#8221; d\u0259rdi"},"content":{"rendered":"\n<p>Meydan TV-nin h\u0259bsd\u0259 olan ba\u015f redaktoru Aynur Elg\u00fcn\u0259\u015f saxlan\u0131ld\u0131\u011f\u0131 1 sayl\u0131 Bak\u0131 \u0130stintaq T\u0259cridxanas\u0131ndan yaz\u0131r: <\/p>\n\n\n\n<p>&#8220;\u201cReal TV\u201dnin r\u0259hb\u0259ri Mir\u015fahin A\u011fayev D\u00f6vl\u0259t T\u0259hl\u00fck\u0259sizlik Xidm\u0259tinin (DTX) h\u0259bs etdiyi birind\u0259n \u015fantajla pul t\u0259l\u0259betm\u0259 v\u0259 dig\u0259r a\u011f\u0131r madd\u0259l\u0259rl\u0259 t\u0259qsirl\u0259ndiril\u0259n F\u0259rid Salmanovdan m\u00fcsahib\u0259 al\u0131b. Normal \u00f6lk\u0259l\u0259rd\u0259 \u201dnec\u0259?\u201d sual\u0131 h\u0259r a\u011f\u0131ll\u0131 adam\u0131n fikrind\u0259n ke\u00e7\u0259rdi. D\u00fc\u015f\u00fcn\u0259rdil\u0259r ki, ail\u0259sinin yax\u0131n d\u00fc\u015f\u0259 bilm\u0259diyi, qoruya bilm\u0259diyi, v\u0259kilinin konfidensial \u015f\u0259raitd\u0259 g\u00f6r\u00fc\u015fm\u0259k imkan\u0131 olmad\u0131\u011f\u0131 birind\u0259n hans\u0131sa \u00f6z\u0259l TV nec\u0259 m\u00fcsahib\u0259 al\u0131b? Yaxud h\u0259l\u0259 t\u0259qsiri m\u0259hk\u0259m\u0259 h\u00f6km\u00fc il\u0259 t\u0259sdiql\u0259nm\u0259mi\u015f birini nec\u0259 cinay\u0259tkar kimi efir\u0259 \u00e7\u0131xar\u0131b, a\u015fa\u011f\u0131lamaq olar? N\u0259 yaz\u0131q ki, qanunun say\u0131lmad\u0131\u011f\u0131, ayaqlar alt\u0131nda tapdand\u0131\u011f\u0131 \u00f6lk\u0259d\u0259 bu c\u00fcr hallar\u00a0 m\u00f6vcuddur.<\/p>\n\n\n\n<p>Bu art\u0131q q\u0259bul edil\u0259n formaya \u00e7evrilib v\u0259 yay\u011f\u0131nla\u015f\u0131b. S\u0259b\u0259b \u00e7ox sad\u0259dir, efir\u0259 \u00e7\u0131xar\u0131lan \u015f\u0259xsl\u0259r hakimiyy\u0259tin \u015f\u0259xsi d\u00fc\u015fm\u0259nl\u0259ridir. F\u0259rid Salmanov is\u0259 konkret olaraq \u00f6lk\u0259nin birinci \u015f\u0259xsinin ail\u0259sin\u0259 toxunmaqda t\u0259qsirl\u0259ndirilir. Bu m\u00fcsahib\u0259 d\u0259 xalqa g\u00f6zda\u011f\u0131 verm\u0259k \u00fc\u00e7\u00fcn at\u0131lan add\u0131mlardan bir hiss\u0259sidir. Nec\u0259 dey\u0259rl\u0259r, vaxtil\u0259 h\u00f6kmdarlar da \u015f\u0259xsi d\u00fc\u015fm\u0259nl\u0259rini ictimaiyy\u0259tin g\u00f6z\u00fc \u00f6n\u00fcnd\u0259 dar a\u011fac\u0131ndan asaraq dig\u0259rl\u0259rin\u0259 g\u00f6rk olsun ist\u0259yibl\u0259r.<\/p>\n\n\n\n<p>M\u0259ni F\u0259rid Salmanovun ittiham olundu\u011fu m\u0259s\u0259l\u0259l\u0259r az maraqland\u0131r\u0131r. \u018fg\u0259r t\u0259qsiri s\u00fcbuta yetiril\u0259c\u0259ks\u0259, c\u0259zas\u0131n\u0131 da \u00e7\u0259km\u0259lidir. M\u0259ni narahat ed\u0259n m\u0259s\u0259l\u0259 jurnalistika prinsipl\u0259rinin, qanunun bu q\u0259d\u0259r he\u00e7\u0259 say\u0131lmas\u0131d\u0131r. Bilir\u0259m, yazd\u0131\u011f\u0131m fikirl\u0259r he\u00e7 kimin vecin\u0259 deyil, ancaq susmaq da haqs\u0131zl\u0131qla, h\u00fcquqsuzluqla bar\u0131\u015fmaq dem\u0259kdir. Sartr demi\u015fk\u0259n, biz \u00f6z\u00fcm\u00fcz haqq\u0131nda n\u0259 d\u00fc\u015f\u00fcn\u00fcr\u00fcks\u0259, el\u0259 oyuq. Laqeyd qalsayd\u0131m, h\u0259bsd\u0259 olmazd\u0131m.<\/p>\n\n\n\n<p>Reportajdak\u0131 detallara n\u0259z\u0259r salaq&#8230;<\/p>\n\n\n\n<h4 class=\"wp-block-heading\"><strong>&#8220;Milli namus m\u0259s\u0259l\u0259si&#8221;<\/strong><\/h4>\n\n\n\n<p>Mir\u015fahin haz\u0131rlad\u0131\u011f\u0131 reportaj\u0131na bel\u0259 ba\u015fl\u0131q verib. S\u00f6zs\u00fcz ki, kimliyind\u0259n as\u0131l\u0131 olmayaraq bir qad\u0131n\u0131n \u0259xlaq\u0131ndan h\u0259d\u0259f al\u0131nmas\u0131, onun ki\u015fini vurmaq&nbsp; \u00fc\u00e7\u00fcn qurban se\u00e7ilm\u0259si yolverilm\u0259zdir. Qur\u015faqdan a\u015fa\u011f\u0131 m\u00fcbariz\u0259ni h\u0259r n\u0259 q\u0259d\u0259r hakimiyy\u0259t ba\u015flasa da, eyni \u00fcsulla cavab verm\u0259k q\u0259bulolunmazd\u0131r. &#8220;Kiminl\u0259 m\u00fcbariz\u0259 apar\u0131rsansa, ona \u00e7evril\u0259rs\u0259n&#8221; &#8211; deyibl\u0259r. Bu bax\u0131mdan hakimiyy\u0259tin \u00e7irkab\u0131na d\u00fc\u015f\u0259nl\u0259ri \u00fcr\u0259k a\u011fr\u0131s\u0131 il\u0259 izl\u0259yir\u0259m.<\/p>\n\n\n\n<p>Bununla bel\u0259, Alyona \u018fliyeva il\u0259 ba\u011fl\u0131 s\u00f6z-s\u00f6hb\u0259tin &#8220;milli qeyr\u0259t&#8221;, &#8220;milli namus&#8221; yarl\u0131qlar\u0131 alt\u0131nda tama\u015fa\u00e7\u0131ya t\u0259qdim olunmas\u0131 da g\u00fcl\u00fcnc v\u0259 baya\u011f\u0131 manipulyasiyad\u0131r. Stereotipl\u0259r\u0259 s\u0131\u011f\u0131naraq bu c\u00fcr ifad\u0259l\u0259r i\u015fl\u0259d\u0259n Mir\u015fahin A\u011fayevin \u00f6z\u00fc bel\u0259 namusu qad\u0131n b\u0259d\u0259nind\u0259 g\u00f6rd\u00fcy\u00fcn\u00fc g\u00f6st\u0259rir. M\u0259g\u0259r \u0259vv\u0259lki verili\u015fl\u0259rind\u0259 hans\u0131sa m\u0259muru yaxud siyas\u0259t\u00e7ini vurmaq \u00fc\u00e7\u00fcn onun ail\u0259sini, x\u00fcsusil\u0259 q\u0131z \u00f6vladlar\u0131n\u0131 h\u0259d\u0259f\u0259 alan el\u0259 A\u011fayevin \u00f6z\u00fc deyildimi? O vaxt da namus, qeyr\u0259t s\u00f6zc\u00fckl\u0259ri Mir\u015fahinin dilind\u0259n d\u00fc\u015fm\u00fcrd\u00fc, sad\u0259c\u0259 ba\u015fqa \u015f\u0259kild\u0259 &#8211; h\u0259d\u0259f\u0259 ald\u0131\u011f\u0131 \u015f\u0259xsi bu c\u00fcr yarl\u0131qlarla a\u015fa\u011f\u0131lamaqla.<\/p>\n\n\n\n<p>\u0130ndi is\u0259 c\u0259nab A\u011fayev f\u0259rqli m\u00f6vqe tutub, o, bununla prezidentliyi se\u00e7kili orqan olmaqdan \u00e7\u0131xararaq, toxunulmaz m\u00fcbariz\u0259y\u0259, m\u00fczakir\u0259y\u0259, qapal\u0131 b\u00fctl\u0259\u015fdirilmi\u015f bir statusa \u00e7evirm\u0259y\u0259 \u00e7al\u0131\u015f\u0131r. S\u00f6zs\u00fcz, qad\u0131n\u0131n al\u0259t olunmas\u0131 yolverilm\u0259zdir, bunu izah ed\u0259rk\u0259n onun statusu \u00f6n plana al\u0131nmamal\u0131d\u0131r. &#8220;Qaraba\u011f\u0131 biz\u0259 qaytarm\u0131\u015f, milli q\u00fcrurumuzu biz\u0259 qaytarm\u0131\u015f \u0130lham \u018fliyevin ail\u0259sin\u0259 toxunmaqla \u0259slind\u0259 xalq\u0131m\u0131z\u0131n milli qeyr\u0259tini, namusunu h\u0259d\u0259f\u0259 al\u0131blar&#8221;, dey\u0259n m\u00fc\u0259llif h\u0259m d\u0259 onu g\u00f6st\u0259rir ki, \u00f6z\u00fc buna normal baxm\u0131r. Bel\u0259 olmasayd\u0131, m\u0259s\u0259l\u0259n, dey\u0259rdi ki, Alyona \u018fliyeva ail\u0259 qurana q\u0259d\u0259r kim olmas\u0131ndan, n\u0259 etm\u0259sind\u0259n kim\u0259 n\u0259? Bu m\u0259s\u0259l\u0259 \u00f6z\u00fcnd\u0259n v\u0259 ail\u0259sind\u0259n ba\u015fqa he\u00e7 kimi maraqland\u0131rm\u0131r.&nbsp;<\/p>\n\n\n\n<p>\u0130lham \u018fliyev ist\u0259r Qaraba\u011f\u0131 alm\u0131\u015f olsun, ist\u0259r olmas\u0131n, ail\u0259 \u00fczvl\u0259rinin \u015f\u0259xsi h\u0259yat\u0131 kims\u0259nin d\u0259rdi deyil. Kim harada, kiminl\u0259 n\u0259 edir, bunun ictimai y\u00fck\u00fc yoxdursa, qar\u0131\u015fmaq olmaz. Yoxsa m\u0259s\u0259l\u0259ni &#8220;millil\u0259\u015fdirm\u0259k&#8221;, \u00fcmumi xalqa \u015famil etm\u0259k yar\u0131nmaqdan ba\u015fqa bir \u015fey deyil.<\/p>\n\n\n\n<p>Xat\u0131rladaq, Az\u0259rbaycan c\u0259miyy\u0259tind\u0259 \u00f6n\u0259mli yeri olan, onlarla tarixi \u0259s\u0259rin m\u00fc\u0259llifi, professor C\u0259mil H\u0259s\u0259nlini ail\u0259sil\u0259 vuranda Mir\u015fahin bunu milli qeyr\u0259t hesab etmirdi, h\u0259tta onun Dubaya ged\u0259rk\u0259n hava liman\u0131ndan geri qaytar\u0131lmas\u0131n\u0131 \u00f6z\u00fcn\u0259m\u0259xsus \u015fit istehzas\u0131yla dil\u0259 g\u0259tirmi\u015fdi. Ax\u0131 C\u0259mil H\u0259s\u0259nli d\u0259 vaxtil\u0259 prezidentliy\u0259 namiz\u0259d olmu\u015fdu, bu xalqdan y\u00fcks\u0259k s\u0259s alm\u0131\u015fd\u0131. N\u0259 q\u0259d\u0259r saxtala\u015fd\u0131rsalar da, onun \u00f6n\u0259mli s\u0259s\u0259 sahib oldu\u011funu gizl\u0259d\u0259 bilm\u0259mi\u015fdil\u0259r.&nbsp;<\/p>\n\n\n\n<p>Xalq\u0131n kimliyini onun ziyal\u0131s\u0131 m\u00fc\u0259yy\u0259nl\u0259\u015fdirirs\u0259, o zaman Mir\u015fahin A\u011fayev niy\u0259 bu m\u00f6vzunu i\u015f\u0131qland\u0131randa buna da &#8220;milli namus&#8221; kimi baxm\u0131rd\u0131?<\/p>\n\n\n\n<p>Yaxud Meydan TV-nin xan\u0131m \u0259m\u0259kda\u015f\u0131 Aytac Tapd\u0131q m\u0259hk\u0259m\u0259d\u0259 Mir\u015fahinin \u0259leyhin\u0259 fikir s\u0259sl\u0259ndirmi\u015fdi dey\u0259 d\u0259f\u0259l\u0259rl\u0259 onun fotolar\u0131n\u0131 efird\u0259 g\u00f6st\u0259r\u0259r\u0259k, \u0259xlaq\u0131na toxunan fikirl\u0259r s\u0259sl\u0259ndirmi\u015fdi. \u0130stintaqdan jurnalistl\u0259rin \u015f\u0259xsi h\u0259yat\u0131na aid g\u00f6r\u00fcnt\u00fcl\u0259ri \u0259ld\u0259 edib yaym\u0131\u015fd\u0131, \u015f\u0259rl\u0259mi\u015fdi. \u00c7ox g\u00fcman ki, bu yaz\u0131mdan sonra m\u0259ni d\u0259 h\u0259d\u0259f se\u00e7\u0259c\u0259k.<\/p>\n\n\n\n<p>\u00dcmumiyy\u0259tl\u0259, c\u0259nab A\u011fayev \u00e7\u0131x\u0131\u015flar\u0131nda metaforadan \u00e7ox istifad\u0259 ed\u0259r\u0259k s\u00f6z oynad\u0131r. Dediyi s\u00f6zl\u0259rin he\u00e7 birinin n\u0259 h\u00fcquqi, n\u0259 leksik, spesifik m\u0259nas\u0131 var. &#8220;D\u00f6vl\u0259t namusu&#8221; n\u0259 dem\u0259kdir ax\u0131? &#8220;Bizi beyn\u0259lxalq x\u0259cal\u0259td\u0259n xilas ed\u0259n \u0130lham \u018fliyev&#8221; dem\u0259kl\u0259 utanc\u0131nm\u0131, x\u0259cal\u0259tinmi \u00e7\u0259kisini azaltma\u011fa c\u0259hd edir. Kimins\u0259 ail\u0259 m\u0259s\u0259l\u0259si niy\u0259 xalq\u0131n namus m\u0259s\u0259l\u0259si olsun? Bu, olsa-olsa Mir\u015fahinin namus m\u0259s\u0259l\u0259si ola bil\u0259r. O da \u00f6z \u00fcz\u0259rin\u0259 g\u00f6t\u00fcrd\u00fcy\u00fc, \u00f6z\u00fcn\u00fc ail\u0259nin \u0259n sadiq mirz\u0259si oldu\u011funu bildiyi \u00fc\u00e7\u00fcn. Mir\u015fahinin \u0259xlaq t\u0259\u0259ss\u00fcbke\u015fliyinin bir anlam\u0131 var: &#8220;M\u0259n h\u0259l\u0259 siz\u0259 laz\u0131mam&#8221; meyar\u0131d\u0131r. \u00c7\u00fcnki o yax\u015f\u0131 bilir ki, bu hakimiyy\u0259t \u00f6z ruporlar\u0131n\u0131 vaxta\u015f\u0131r\u0131 yenil\u0259yir. Mir\u015fahin \u00fc\u00e7\u00fcn f\u0259rqli d\u00fc\u015f\u00fcn\u0259n h\u0259r k\u0259s xaric\u0259 sat\u0131l\u0131b. Xarici valyuta haramd\u0131r, manat halal&#8230;<\/p>\n\n\n\n<p>Xalq\u0131 d\u00fc\u015f\u00fcnd\u00fcr\u0259c\u0259k m\u0259s\u0259l\u0259 Alyonan\u0131n namusu yox, m\u0259s\u0259l\u0259n ail\u0259sinin sahib oldu\u011fu s\u0259rv\u0259tin m\u0259nb\u0259yi, g\u00f6rd\u00fcy\u00fc i\u015fl\u0259rin nec\u0259liyi olmal\u0131d\u0131r ki, \u015f\u00fck\u00fcr onu da he\u00e7 kim fikirl\u0259\u015fmir. Bu halda Mir\u015fahinin s\u00f6yl\u0259dikl\u0259ri s\u00f6z y\u0131\u011f\u0131n\u0131ndan ba\u015fqa bir \u015fey deyil. Beyn\u0259lxalq x\u0259cal\u0259t\u0259 g\u0259linc\u0259, bu s\u0131raya insan haqlar\u0131n\u0131n v\u0259ziyy\u0259tini, \u00f6lk\u0259d\u0259ki 400-\u0259 d\u0259k siyasi m\u0259hbusun olmas\u0131n\u0131 da \u0259lav\u0259 etm\u0259k olar. Biri A\u011fayev\u0259 xat\u0131rlas\u0131n ki, Az\u0259rbaycan \u0259ks\u0259r beyn\u0259lxalq hesabatlarda sonuncu yerd\u0259dir, b\u00fct\u00fcn t\u0259m\u0259l prinsipl\u0259r\u0259 t\u00fcp\u00fcr\u00fcb. Yax\u015f\u0131 olar ki, o t\u0259\u015fkilatlarda &#8220;g\u00f6z\u00fcg\u00f6t\u00fcrm\u0259y\u0259nl\u0259ri\u201d axtarmaq \u0259v\u0259zin\u0259 buna \u015f\u0259rait yaradan s\u0259b\u0259bl\u0259ri ara\u015fd\u0131rs\u0131n.<\/p>\n\n\n\n<h4 class=\"wp-block-heading\"><strong>Bir qad\u0131na qar\u015f\u0131 ba\u015fqa bir qad\u0131n<\/strong><\/h4>\n\n\n\n<p>Reportaj\u0131n \u0259n \u0259tt\u00f6k\u0259n hiss\u0259si Alyona \u018fliyevaya b\u0259nz\u0259diyi deyil\u0259n Anna adl\u0131 qad\u0131n\u0131n fotolar\u0131n\u0131 g\u00f6st\u0259rdikd\u0259n sonra Xocal\u0131 memorial\u0131n\u0131n \u00f6n\u00fcnd\u0259 dayan\u0131b faci\u0259 qurbanlar\u0131n\u0131n fotolar\u0131n\u0131 izl\u0259diyini s\u00f6yl\u0259m\u0259sidir. Guya gec\u0259-g\u00fcnd\u00fcz ancaq v\u0259t\u0259n d\u0259rdi \u00e7\u0259kir, qurbanlar\u0131, \u015f\u0259hidl\u0259ri an\u0131r. Yox bir, gec\u0259 d\u0259 qalstuklu yat\u0131r. Do\u011frudan da v\u0259t\u0259np\u0259rv\u0259rlik \u0259claflar\u0131n son s\u0131\u011f\u0131naca\u011f\u0131d\u0131r.&nbsp;<\/p>\n\n\n\n<p>Anna adl\u0131 qad\u0131ndan dan\u0131\u015fark\u0259n bir ne\u00e7\u0259 fakt diqq\u0259timi \u00e7\u0259kdi. B\u0259li, fakt\u0131 g\u00f6st\u0259rm\u0259k \u00fc\u00e7\u00fcn qad\u0131n\u0131n fotolar\u0131 yay\u0131mlana bil\u0259r. Onun sosial \u015f\u0259b\u0259k\u0259 hesab\u0131n\u0131n h\u0259r k\u0259s\u0259 a\u00e7\u0131q olmas\u0131 is\u0259 he\u00e7 \u0259sas vermir ki, \u015f\u0259xsi m\u0259lumatlar\u0131, m\u0259s\u0259l\u0259n, pasport n\u00f6mr\u0259si efird\u0259 g\u00f6st\u0259rilsin. Bu, \u015f\u0259xsi m\u0259lumatlar\u0131n qorunmas\u0131na x\u0259l\u0259l g\u0259tirm\u0259k dem\u0259kdir. Anna haqq\u0131nda informasiyalar h\u0259r n\u0259 q\u0259d\u0259r a\u00e7\u0131q olsa da, orada pasportun n\u00f6mr\u0259si, bank m\u0259lumatlar\u0131 v\u0259 s. qeyd edilmir. Bu, h\u00fcquq-m\u00fchafiz\u0259 orqanlar\u0131n\u0131n \u0259ld\u0259 etdiyi m\u0259lumat ola bil\u0259r v\u0259 bu \u015f\u0259kild\u0259 ictimail\u0259\u015fdirilm\u0259m\u0259lidir. Mir\u015fahin A\u011fayev v\u0259 bu m\u00f6vzunu ona h\u0259val\u0259 ed\u0259nl\u0259r bir qad\u0131n\u0131 qorumaq \u00fc\u00e7\u00fcn ba\u015fqa bir qad\u0131n\u0131 qurbana \u00e7eviribl\u0259r.<\/p>\n\n\n\n<h4 class=\"wp-block-heading\"><strong>&#8220;Sizinl\u0259 f\u0259xr etm\u0259lidir, yoxsa utanmal\u0131d\u0131r?&#8221;<\/strong><\/h4>\n\n\n\n<p>Mir\u015fahin A\u011fayev F\u0259rid Salmanovla DTX-n\u0131n t\u0259cridxanas\u0131nda g\u00f6r\u00fc\u015f\u00fcr. B\u00fct\u00fcn plan kadrlar\u0131ndan da onun pe\u015f\u0259kar \u00e7\u0259kili\u015f oldu\u011fu g\u00f6r\u00fcn\u00fcr. Apar\u0131c\u0131 qar\u015f\u0131s\u0131ndak\u0131n\u0131n n\u0259 d\u00fc\u015f\u00fcnd\u00fcy\u00fcn\u00fc hiss etm\u0259k \u00fc\u00e7\u00fcn g\u0259ldiyini deyir. Sual\u0131 \u00f6vlad\u0131 il\u0259 ba\u011fl\u0131d\u0131r. \u00d6yr\u0259nirik ki, adam\u0131n 13 ya\u015fl\u0131 o\u011flu var. V\u0259 m\u0259\u015fhur mirz\u0259nin verdiyi sual: <strong>&#8220;Nec\u0259 d\u00fc\u015f\u00fcn\u00fcrs\u00fcn\u00fcz, o\u011flunuz sizinl\u0259 f\u0259xr etm\u0259lidir, yoxsa utanmal\u0131d\u0131r?&#8221;<\/strong><\/p>\n\n\n\n<p>Bu, bir jurnalistin b\u00fct\u00fcn etik normalar\u0131 he\u00e7\u0259 saymas\u0131d\u0131r. Bu, bir insan\u0131 \u00f6vlad\u0131yla vurmaqd\u0131r. Bu, bir g\u00fcnahs\u0131z yeniyetm\u0259ni h\u0259d\u0259f\u0259 qoymaq, atas\u0131n\u0131n t\u00f6hm\u0259ti il\u0259 ya\u015fama\u011fa m\u0259hkum etm\u0259kdir! M\u0259n\u0259 \u00e7ox maraql\u0131d\u0131r, bu sual\u0131 ver\u0259nd\u0259n sonra c\u0259nab A\u011fayev he\u00e7 d\u00fc\u015f\u00fcnd\u00fcm\u00fc &#8211; \u00f6vladlar\u0131 da onunla f\u0259xr edirmi?&nbsp;<\/p>\n\n\n\n<p>\u0130nsan yaln\u0131z \u00f6z qazand\u0131qlar\u0131na g\u00f6r\u0259 f\u0259xr ed\u0259, \u0259m\u0259lin\u0259 g\u00f6r\u0259 utana bil\u0259r. Valideyni, v\u0259t\u0259ni biz se\u00e7miriks\u0259, bu sual qar\u015f\u0131s\u0131nda aciz d\u0259 qalmamal\u0131y\u0131q.<\/p>\n\n\n\n<p>\u00dcmumiyy\u0259tl\u0259, Mir\u015fahinin m\u00fcsahib\u0259si if\u015fa v\u0259 danlama \u00fcz\u0259rind\u0259 qurulmu\u015fdu. &#8220;Kameram, efirim var, f\u00fcrs\u0259t vark\u0259n gedib ictimai danlay\u0131m&#8221; d\u00fc\u015f\u00fcnc\u0259sind\u0259 idi sanki. Gedib adam\u0131 danlay\u0131b g\u0259ldi! &#8220;D\u00fc\u015f\u00fcnm\u0259y\u0259 \u00e7ox vaxt\u0131n olacaq&#8221;, &#8211; dey\u0259r\u0259k \u00f6nc\u0259d\u0259n h\u00f6km verir. Halbuki F\u0259rid Salmanov h\u0259l\u0259 istintaq alt\u0131ndad\u0131r, m\u0259hk\u0259m\u0259si ba\u015flamay\u0131b. O da \u015f\u0259rtdir ki, h\u0259tta \u015f\u0259xsin \u00f6z dilind\u0259n etiraf\u0131 olsa bel\u0259, onun t\u0259qsirini s\u00fcbuta yetirm\u0259k ibtidai v\u0259 m\u0259hk\u0259m\u0259 istintaq\u0131n\u0131n borcudur. T\u0259bii ki, Az\u0259rbaycanda bunlar\u0131n nec\u0259 i\u015fl\u0259diyi, \u0259dal\u0259tli q\u0259rar \u00e7\u0131xaca\u011f\u0131 h\u0259r zaman \u015f\u00fcbh\u0259 alt\u0131ndad\u0131r.<\/p>\n\n\n\n<h4 class=\"wp-block-heading\"><strong>Siz\u0259 olar, biz\u0259 yox?<\/strong><\/h4>\n\n\n\n<p>Mir\u015fahin A\u011fayev rahatca DTX t\u0259cridxanas\u0131na daxil olub t\u0259qsirl\u0259ndiril\u0259n \u015f\u0259xsd\u0259n m\u00fcsahib\u0259 g\u00f6t\u00fcr\u0259 bilir. \u00dclviyy\u0259 \u018fli is\u0259 fikirl\u0259rini s\u00fcni intellekt vasit\u0259sil\u0259 s\u0259sl\u0259ndirdiyi \u00fc\u00e7\u00fcn ail\u0259 \u00fczv\u00fcn\u00fcn h\u0259bsil\u0259 h\u0259d\u0259l\u0259nir. Maraql\u0131, t\u0259zadl\u0131 m\u0259nz\u0259r\u0259dir. Bir \u015f\u0259h\u0259rin bu ba\u015f\u0131nda m\u0259hbus \u00f6z\u00fcn\u00fcn s\u0259sl\u0259ndirm\u0259diyi yay\u0131na g\u00f6r\u0259 t\u0259hdid olunur, o biri ba\u015f\u0131nda m\u0259hbus m\u00fcsahib\u0259 verir&#8230;&nbsp;<\/p>\n\n\n\n<p>Jurnalistikada bir q\u0131z\u0131l qayda var: Ba\u015fqalar\u0131 il\u0259 \u00f6z\u00fcn\u00fcz\u0259 qar\u015f\u0131 g\u00f6zl\u0259diyiniz \u015f\u0259kild\u0259 r\u0259ftar edin!&#8221;.<\/p>\n\n\n\n<p><strong>Aynur Elg\u00fcn\u0259\u015f<\/strong>&nbsp;<\/p>\n\n\n\n<p><strong>K\u00fcrd\u0259xan\u0131<\/strong><\/p>\n","protected":false},"excerpt":{"rendered":"<p>Meydan TV-nin h\u0259bsd\u0259 olan ba\u015f redaktoru Aynur Elg\u00fcn\u0259\u015f saxlan\u0131ld\u0131\u011f\u0131 1 &#8230; <\/p>\n<p class=\"read-more-container\"><a title=\"Mir\u015fahinin reportaj\u0131na s\u00f6zard\u0131: &#8220;Milli namus&#8221; d\u0259rdi\" class=\"read-more button\" href=\"https:\/\/www.meydan.tv\/az\/article\/mirsahinin-reportajina-sozardi-milli-namus-d%c9%99rdi\/#more-343425\" aria-label=\"Read more about Mir\u015fahinin reportaj\u0131na s\u00f6zard\u0131: &#8220;Milli namus&#8221; d\u0259rdi\">Davam\u0131<\/a><\/p>\n","protected":false},"author":21,"featured_media":327426,"comment_status":"closed","ping_status":"closed","sticky":false,"template":"","format":"standard","meta":{"_acf_changed":false,"_sitemap_exclude":false,"_sitemap_priority":"","_sitemap_frequency":"","footnotes":""},"categories":[172,79,56],"tags":[],"class_list":["post-343425","post","type-post","status-publish","format-standard","has-post-thumbnail","hentry","category-hebsxanadan-mektublar","category-featured","category-xeberler","infinite-scroll-item","generate-columns","tablet-grid-50","mobile-grid-100","grid-parent","grid-33","no-featured-image-padding"],"acf":[],"yoast_head":"<!-- This site is optimized with the Yoast SEO plugin v27.5 - https:\/\/yoast.com\/product\/yoast-seo-wordpress\/ -->\n<title>Mir\u015fahinin reportaj\u0131na s\u00f6zard\u0131: &quot;Milli namus&quot; d\u0259rdi - MEYDAN.TV<\/title>\n<meta name=\"robots\" content=\"index, follow, max-snippet:-1, max-image-preview:large, max-video-preview:-1\" \/>\n<link rel=\"canonical\" href=\"https:\/\/www.meydan.tv\/az\/article\/mirsahinin-reportajina-sozardi-milli-namus-d%c9%99rdi\/\" \/>\n<meta property=\"og:locale\" content=\"az_AZ\" \/>\n<meta property=\"og:type\" content=\"article\" \/>\n<meta property=\"og:title\" content=\"Mir\u015fahinin reportaj\u0131na s\u00f6zard\u0131: &quot;Milli namus&quot; d\u0259rdi - MEYDAN.TV\" \/>\n<meta property=\"og:description\" content=\"Meydan TV-nin h\u0259bsd\u0259 olan ba\u015f redaktoru Aynur Elg\u00fcn\u0259\u015f saxlan\u0131ld\u0131\u011f\u0131 1 ... Davam\u0131\" \/>\n<meta property=\"og:url\" content=\"https:\/\/www.meydan.tv\/az\/article\/mirsahinin-reportajina-sozardi-milli-namus-d%c9%99rdi\/\" \/>\n<meta property=\"og:site_name\" content=\"MEYDAN.TV\" \/>\n<meta property=\"article:published_time\" content=\"2026-03-30T08:09:04+00:00\" \/>\n<meta property=\"article:modified_time\" content=\"2026-04-10T10:31:26+00:00\" \/>\n<meta property=\"og:image\" content=\"https:\/\/www.meydan.tv\/wp-content\/uploads\/img_1640-scaled-e1733750852862-1.jpg\" \/>\n\t<meta property=\"og:image:width\" content=\"2560\" \/>\n\t<meta property=\"og:image:height\" content=\"1293\" \/>\n\t<meta property=\"og:image:type\" content=\"image\/jpeg\" \/>\n<meta name=\"author\" content=\"mahmud\" \/>\n<meta name=\"twitter:card\" content=\"summary_large_image\" \/>\n<script type=\"application\/ld+json\" class=\"yoast-schema-graph\">{\"@context\":\"https:\\\/\\\/schema.org\",\"@graph\":[{\"@type\":\"Article\",\"@id\":\"https:\\\/\\\/www.meydan.tv\\\/az\\\/article\\\/mirsahinin-reportajina-sozardi-milli-namus-d%c9%99rdi\\\/#article\",\"isPartOf\":{\"@id\":\"https:\\\/\\\/www.meydan.tv\\\/az\\\/article\\\/mirsahinin-reportajina-sozardi-milli-namus-d%c9%99rdi\\\/\"},\"author\":{\"name\":\"mahmud\",\"@id\":\"https:\\\/\\\/www.meydan.tv\\\/az\\\/#\\\/schema\\\/person\\\/09863e516102a829e72bedcf3f84c6b0\"},\"headline\":\"Mir\u015fahinin reportaj\u0131na s\u00f6zard\u0131: &#8220;Milli namus&#8221; d\u0259rdi\",\"datePublished\":\"2026-03-30T08:09:04+00:00\",\"dateModified\":\"2026-04-10T10:31:26+00:00\",\"mainEntityOfPage\":{\"@id\":\"https:\\\/\\\/www.meydan.tv\\\/az\\\/article\\\/mirsahinin-reportajina-sozardi-milli-namus-d%c9%99rdi\\\/\"},\"wordCount\":2071,\"publisher\":{\"@id\":\"https:\\\/\\\/www.meydan.tv\\\/az\\\/#organization\"},\"image\":{\"@id\":\"https:\\\/\\\/www.meydan.tv\\\/az\\\/article\\\/mirsahinin-reportajina-sozardi-milli-namus-d%c9%99rdi\\\/#primaryimage\"},\"thumbnailUrl\":\"https:\\\/\\\/www.meydan.tv\\\/wp-content\\\/uploads\\\/img_1640-scaled-e1733750852862-1.jpg\",\"articleSection\":[\"H\u0259bsxanadan m\u0259ktublar\",\"T\u00f6vsiy\u0259\",\"X\u0259b\u0259rl\u0259r\"],\"inLanguage\":\"az\"},{\"@type\":\"WebPage\",\"@id\":\"https:\\\/\\\/www.meydan.tv\\\/az\\\/article\\\/mirsahinin-reportajina-sozardi-milli-namus-d%c9%99rdi\\\/\",\"url\":\"https:\\\/\\\/www.meydan.tv\\\/az\\\/article\\\/mirsahinin-reportajina-sozardi-milli-namus-d%c9%99rdi\\\/\",\"name\":\"Mir\u015fahinin reportaj\u0131na s\u00f6zard\u0131: \\\"Milli namus\\\" d\u0259rdi - MEYDAN.TV\",\"isPartOf\":{\"@id\":\"https:\\\/\\\/www.meydan.tv\\\/az\\\/#website\"},\"primaryImageOfPage\":{\"@id\":\"https:\\\/\\\/www.meydan.tv\\\/az\\\/article\\\/mirsahinin-reportajina-sozardi-milli-namus-d%c9%99rdi\\\/#primaryimage\"},\"image\":{\"@id\":\"https:\\\/\\\/www.meydan.tv\\\/az\\\/article\\\/mirsahinin-reportajina-sozardi-milli-namus-d%c9%99rdi\\\/#primaryimage\"},\"thumbnailUrl\":\"https:\\\/\\\/www.meydan.tv\\\/wp-content\\\/uploads\\\/img_1640-scaled-e1733750852862-1.jpg\",\"datePublished\":\"2026-03-30T08:09:04+00:00\",\"dateModified\":\"2026-04-10T10:31:26+00:00\",\"breadcrumb\":{\"@id\":\"https:\\\/\\\/www.meydan.tv\\\/az\\\/article\\\/mirsahinin-reportajina-sozardi-milli-namus-d%c9%99rdi\\\/#breadcrumb\"},\"inLanguage\":\"az\",\"potentialAction\":[{\"@type\":\"ReadAction\",\"target\":[\"https:\\\/\\\/www.meydan.tv\\\/az\\\/article\\\/mirsahinin-reportajina-sozardi-milli-namus-d%c9%99rdi\\\/\"]}]},{\"@type\":\"ImageObject\",\"inLanguage\":\"az\",\"@id\":\"https:\\\/\\\/www.meydan.tv\\\/az\\\/article\\\/mirsahinin-reportajina-sozardi-milli-namus-d%c9%99rdi\\\/#primaryimage\",\"url\":\"https:\\\/\\\/www.meydan.tv\\\/wp-content\\\/uploads\\\/img_1640-scaled-e1733750852862-1.jpg\",\"contentUrl\":\"https:\\\/\\\/www.meydan.tv\\\/wp-content\\\/uploads\\\/img_1640-scaled-e1733750852862-1.jpg\",\"width\":2560,\"height\":1293,\"caption\":\"Aynur Elgunash, Illustration: Meydan TV\"},{\"@type\":\"BreadcrumbList\",\"@id\":\"https:\\\/\\\/www.meydan.tv\\\/az\\\/article\\\/mirsahinin-reportajina-sozardi-milli-namus-d%c9%99rdi\\\/#breadcrumb\",\"itemListElement\":[{\"@type\":\"ListItem\",\"position\":1,\"name\":\"Ana s\u0259hif\u0259\",\"item\":\"https:\\\/\\\/www.meydan.tv\\\/az\\\/\"},{\"@type\":\"ListItem\",\"position\":2,\"name\":\"H\u0259bsxanadan m\u0259ktublar\",\"item\":\"https:\\\/\\\/www.meydan.tv\\\/az\\\/section\\\/hebsxanadan-mektublar\\\/\"},{\"@type\":\"ListItem\",\"position\":3,\"name\":\"Mir\u015fahinin reportaj\u0131na s\u00f6zard\u0131: &#8220;Milli namus&#8221; d\u0259rdi\"}]},{\"@type\":\"WebSite\",\"@id\":\"https:\\\/\\\/www.meydan.tv\\\/az\\\/#website\",\"url\":\"https:\\\/\\\/www.meydan.tv\\\/az\\\/\",\"name\":\"MEYDAN.TV\",\"description\":\"Meydan TV Az\u0259rbaycan\u0131n media m\u0259kan\u0131ndak\u0131 alternativ s\u0259sidir\",\"publisher\":{\"@id\":\"https:\\\/\\\/www.meydan.tv\\\/az\\\/#organization\"},\"potentialAction\":[{\"@type\":\"SearchAction\",\"target\":{\"@type\":\"EntryPoint\",\"urlTemplate\":\"https:\\\/\\\/www.meydan.tv\\\/az\\\/?s={search_term_string}\"},\"query-input\":{\"@type\":\"PropertyValueSpecification\",\"valueRequired\":true,\"valueName\":\"search_term_string\"}}],\"inLanguage\":\"az\"},{\"@type\":\"Organization\",\"@id\":\"https:\\\/\\\/www.meydan.tv\\\/az\\\/#organization\",\"name\":\"Meydan TV\",\"url\":\"https:\\\/\\\/www.meydan.tv\\\/az\\\/\",\"logo\":{\"@type\":\"ImageObject\",\"inLanguage\":\"az\",\"@id\":\"https:\\\/\\\/www.meydan.tv\\\/az\\\/#\\\/schema\\\/logo\\\/image\\\/\",\"url\":\"https:\\\/\\\/www.meydan.tv\\\/wp-content\\\/uploads\\\/2021\\\/07\\\/meydan-logo.svg\",\"contentUrl\":\"https:\\\/\\\/www.meydan.tv\\\/wp-content\\\/uploads\\\/2021\\\/07\\\/meydan-logo.svg\",\"width\":195,\"height\":46,\"caption\":\"Meydan TV\"},\"image\":{\"@id\":\"https:\\\/\\\/www.meydan.tv\\\/az\\\/#\\\/schema\\\/logo\\\/image\\\/\"}},{\"@type\":\"Person\",\"@id\":\"https:\\\/\\\/www.meydan.tv\\\/az\\\/#\\\/schema\\\/person\\\/09863e516102a829e72bedcf3f84c6b0\",\"name\":\"mahmud\"}]}<\/script>\n<!-- \/ Yoast SEO plugin. -->","yoast_head_json":{"title":"Mir\u015fahinin reportaj\u0131na s\u00f6zard\u0131: \"Milli namus\" d\u0259rdi - MEYDAN.TV","robots":{"index":"index","follow":"follow","max-snippet":"max-snippet:-1","max-image-preview":"max-image-preview:large","max-video-preview":"max-video-preview:-1"},"canonical":"https:\/\/www.meydan.tv\/az\/article\/mirsahinin-reportajina-sozardi-milli-namus-d%c9%99rdi\/","og_locale":"az_AZ","og_type":"article","og_title":"Mir\u015fahinin reportaj\u0131na s\u00f6zard\u0131: \"Milli namus\" d\u0259rdi - MEYDAN.TV","og_description":"Meydan TV-nin h\u0259bsd\u0259 olan ba\u015f redaktoru Aynur Elg\u00fcn\u0259\u015f saxlan\u0131ld\u0131\u011f\u0131 1 ... Davam\u0131","og_url":"https:\/\/www.meydan.tv\/az\/article\/mirsahinin-reportajina-sozardi-milli-namus-d%c9%99rdi\/","og_site_name":"MEYDAN.TV","article_published_time":"2026-03-30T08:09:04+00:00","article_modified_time":"2026-04-10T10:31:26+00:00","og_image":[{"width":2560,"height":1293,"url":"https:\/\/www.meydan.tv\/wp-content\/uploads\/img_1640-scaled-e1733750852862-1.jpg","type":"image\/jpeg"}],"author":"mahmud","twitter_card":"summary_large_image","schema":{"@context":"https:\/\/schema.org","@graph":[{"@type":"Article","@id":"https:\/\/www.meydan.tv\/az\/article\/mirsahinin-reportajina-sozardi-milli-namus-d%c9%99rdi\/#article","isPartOf":{"@id":"https:\/\/www.meydan.tv\/az\/article\/mirsahinin-reportajina-sozardi-milli-namus-d%c9%99rdi\/"},"author":{"name":"mahmud","@id":"https:\/\/www.meydan.tv\/az\/#\/schema\/person\/09863e516102a829e72bedcf3f84c6b0"},"headline":"Mir\u015fahinin reportaj\u0131na s\u00f6zard\u0131: &#8220;Milli namus&#8221; d\u0259rdi","datePublished":"2026-03-30T08:09:04+00:00","dateModified":"2026-04-10T10:31:26+00:00","mainEntityOfPage":{"@id":"https:\/\/www.meydan.tv\/az\/article\/mirsahinin-reportajina-sozardi-milli-namus-d%c9%99rdi\/"},"wordCount":2071,"publisher":{"@id":"https:\/\/www.meydan.tv\/az\/#organization"},"image":{"@id":"https:\/\/www.meydan.tv\/az\/article\/mirsahinin-reportajina-sozardi-milli-namus-d%c9%99rdi\/#primaryimage"},"thumbnailUrl":"https:\/\/www.meydan.tv\/wp-content\/uploads\/img_1640-scaled-e1733750852862-1.jpg","articleSection":["H\u0259bsxanadan m\u0259ktublar","T\u00f6vsiy\u0259","X\u0259b\u0259rl\u0259r"],"inLanguage":"az"},{"@type":"WebPage","@id":"https:\/\/www.meydan.tv\/az\/article\/mirsahinin-reportajina-sozardi-milli-namus-d%c9%99rdi\/","url":"https:\/\/www.meydan.tv\/az\/article\/mirsahinin-reportajina-sozardi-milli-namus-d%c9%99rdi\/","name":"Mir\u015fahinin reportaj\u0131na s\u00f6zard\u0131: \"Milli namus\" d\u0259rdi - MEYDAN.TV","isPartOf":{"@id":"https:\/\/www.meydan.tv\/az\/#website"},"primaryImageOfPage":{"@id":"https:\/\/www.meydan.tv\/az\/article\/mirsahinin-reportajina-sozardi-milli-namus-d%c9%99rdi\/#primaryimage"},"image":{"@id":"https:\/\/www.meydan.tv\/az\/article\/mirsahinin-reportajina-sozardi-milli-namus-d%c9%99rdi\/#primaryimage"},"thumbnailUrl":"https:\/\/www.meydan.tv\/wp-content\/uploads\/img_1640-scaled-e1733750852862-1.jpg","datePublished":"2026-03-30T08:09:04+00:00","dateModified":"2026-04-10T10:31:26+00:00","breadcrumb":{"@id":"https:\/\/www.meydan.tv\/az\/article\/mirsahinin-reportajina-sozardi-milli-namus-d%c9%99rdi\/#breadcrumb"},"inLanguage":"az","potentialAction":[{"@type":"ReadAction","target":["https:\/\/www.meydan.tv\/az\/article\/mirsahinin-reportajina-sozardi-milli-namus-d%c9%99rdi\/"]}]},{"@type":"ImageObject","inLanguage":"az","@id":"https:\/\/www.meydan.tv\/az\/article\/mirsahinin-reportajina-sozardi-milli-namus-d%c9%99rdi\/#primaryimage","url":"https:\/\/www.meydan.tv\/wp-content\/uploads\/img_1640-scaled-e1733750852862-1.jpg","contentUrl":"https:\/\/www.meydan.tv\/wp-content\/uploads\/img_1640-scaled-e1733750852862-1.jpg","width":2560,"height":1293,"caption":"Aynur Elgunash, Illustration: Meydan TV"},{"@type":"BreadcrumbList","@id":"https:\/\/www.meydan.tv\/az\/article\/mirsahinin-reportajina-sozardi-milli-namus-d%c9%99rdi\/#breadcrumb","itemListElement":[{"@type":"ListItem","position":1,"name":"Ana s\u0259hif\u0259","item":"https:\/\/www.meydan.tv\/az\/"},{"@type":"ListItem","position":2,"name":"H\u0259bsxanadan m\u0259ktublar","item":"https:\/\/www.meydan.tv\/az\/section\/hebsxanadan-mektublar\/"},{"@type":"ListItem","position":3,"name":"Mir\u015fahinin reportaj\u0131na s\u00f6zard\u0131: &#8220;Milli namus&#8221; d\u0259rdi"}]},{"@type":"WebSite","@id":"https:\/\/www.meydan.tv\/az\/#website","url":"https:\/\/www.meydan.tv\/az\/","name":"MEYDAN.TV","description":"Meydan TV Az\u0259rbaycan\u0131n media m\u0259kan\u0131ndak\u0131 alternativ s\u0259sidir","publisher":{"@id":"https:\/\/www.meydan.tv\/az\/#organization"},"potentialAction":[{"@type":"SearchAction","target":{"@type":"EntryPoint","urlTemplate":"https:\/\/www.meydan.tv\/az\/?s={search_term_string}"},"query-input":{"@type":"PropertyValueSpecification","valueRequired":true,"valueName":"search_term_string"}}],"inLanguage":"az"},{"@type":"Organization","@id":"https:\/\/www.meydan.tv\/az\/#organization","name":"Meydan TV","url":"https:\/\/www.meydan.tv\/az\/","logo":{"@type":"ImageObject","inLanguage":"az","@id":"https:\/\/www.meydan.tv\/az\/#\/schema\/logo\/image\/","url":"https:\/\/www.meydan.tv\/wp-content\/uploads\/2021\/07\/meydan-logo.svg","contentUrl":"https:\/\/www.meydan.tv\/wp-content\/uploads\/2021\/07\/meydan-logo.svg","width":195,"height":46,"caption":"Meydan TV"},"image":{"@id":"https:\/\/www.meydan.tv\/az\/#\/schema\/logo\/image\/"}},{"@type":"Person","@id":"https:\/\/www.meydan.tv\/az\/#\/schema\/person\/09863e516102a829e72bedcf3f84c6b0","name":"mahmud"}]}},"_links":{"self":[{"href":"https:\/\/www.meydan.tv\/az\/wp-json\/wp\/v2\/posts\/343425","targetHints":{"allow":["GET"]}}],"collection":[{"href":"https:\/\/www.meydan.tv\/az\/wp-json\/wp\/v2\/posts"}],"about":[{"href":"https:\/\/www.meydan.tv\/az\/wp-json\/wp\/v2\/types\/post"}],"author":[{"embeddable":true,"href":"https:\/\/www.meydan.tv\/az\/wp-json\/wp\/v2\/users\/21"}],"replies":[{"embeddable":true,"href":"https:\/\/www.meydan.tv\/az\/wp-json\/wp\/v2\/comments?post=343425"}],"version-history":[{"count":3,"href":"https:\/\/www.meydan.tv\/az\/wp-json\/wp\/v2\/posts\/343425\/revisions"}],"predecessor-version":[{"id":343821,"href":"https:\/\/www.meydan.tv\/az\/wp-json\/wp\/v2\/posts\/343425\/revisions\/343821"}],"wp:featuredmedia":[{"embeddable":true,"href":"https:\/\/www.meydan.tv\/az\/wp-json\/wp\/v2\/media\/327426"}],"wp:attachment":[{"href":"https:\/\/www.meydan.tv\/az\/wp-json\/wp\/v2\/media?parent=343425"}],"wp:term":[{"taxonomy":"category","embeddable":true,"href":"https:\/\/www.meydan.tv\/az\/wp-json\/wp\/v2\/categories?post=343425"},{"taxonomy":"post_tag","embeddable":true,"href":"https:\/\/www.meydan.tv\/az\/wp-json\/wp\/v2\/tags?post=343425"}],"curies":[{"name":"wp","href":"https:\/\/api.w.org\/{rel}","templated":true}]}}