{"id":343250,"date":"2026-03-26T00:08:52","date_gmt":"2026-03-25T20:08:52","guid":{"rendered":"https:\/\/www.meydan.tv\/?p=343250"},"modified":"2026-03-26T00:08:54","modified_gmt":"2026-03-25T20:08:54","slug":"gurcustanda-partiya-s%c9%99dri-h%c9%99bs-olunub","status":"publish","type":"post","link":"https:\/\/www.meydan.tv\/az\/article\/gurcustanda-partiya-s%c9%99dri-h%c9%99bs-olunub\/","title":{"rendered":"G\u00fcrc\u00fcstanda partiya s\u0259dri h\u0259bs olunub"},"content":{"rendered":"\n<p>G\u00fcrc\u00fcstanda m\u00fcxalif Droa! partiyas\u0131n\u0131n lideri v\u0259 \u201cD\u0259yi\u015fiklik U\u011frunda Koalisiyas\u0131\u201dn\u0131n \u00fczv\u00fc Elene Xo\u015ftariya 1 il 6 ay m\u00fcdd\u0259tin\u0259 azadl\u0131qdan m\u0259hrum edilib. O, Tbilisi meri Kaxa Kaladzenin se\u00e7ki kampaniyas\u0131na aid banner\u0259 z\u0259r\u0259r vurmaqda t\u0259qsirli bilinib.<\/p>\n\n\n\n<p>Q\u0259rar\u0131 Tbilisi \u015e\u0259h\u0259r M\u0259hk\u0259m\u0259sinin hakimi Giorgi Arevadze \u00e7\u0131xar\u0131b. Xo\u015ftariya n\u0259 h\u00f6km oxunark\u0259n, n\u0259 d\u0259 \u00fcmumilikd\u0259 m\u0259hk\u0259m\u0259 prosesl\u0259rind\u0259 i\u015ftirak edib. O, m\u0259hk\u0259m\u0259 d\u0259 daxil olmaqla, hakimiyy\u0259tin he\u00e7 bir qolunu tan\u0131mad\u0131\u011f\u0131n\u0131 b\u0259yan etdiyi \u00fc\u00e7\u00fcn iclaslara qat\u0131lmaqdan imtina edib.<\/p>\n\n\n\n<p>M\u00fcxalif\u0259t\u00e7i siyas\u0259t\u00e7i 15 sentyabr 2025-ci ild\u0259 h\u0259bs olunub. Ona qar\u015f\u0131 G\u00fcrc\u00fcstan Cinay\u0259t M\u0259c\u0259ll\u0259sinin 187-ci madd\u0259sinin birinci hiss\u0259si \u2014 ba\u015fqas\u0131n\u0131n \u0259mlak\u0131na \u0259h\u0259miyy\u0259tli ziyan vurma ittiham\u0131 ir\u0259li s\u00fcr\u00fcl\u00fcb. Bu madd\u0259 c\u0259rim\u0259 v\u0259 ya bir ild\u0259n be\u015f il\u0259d\u0259k azadl\u0131qdan m\u0259hrumetm\u0259 c\u0259zas\u0131 n\u0259z\u0259rd\u0259 tutur.<\/p>\n\n\n\n<p>Xo\u015ftariyaya qar\u015f\u0131 q\u0259timkan t\u0259dbiri kimi 5000 lari m\u0259bl\u0259\u011find\u0259 girov m\u00fc\u0259yy\u0259n edils\u0259 d\u0259, o, bu m\u0259bl\u0259\u011fi \u00f6d\u0259m\u0259kd\u0259n imtina edib v\u0259 h\u00f6km elan olunana q\u0259d\u0259r h\u0259bsd\u0259 saxlan\u0131l\u0131b.<\/p>\n\n\n\n<p>Hadis\u0259 14 sentyabrda ba\u015f verib. Xo\u015ftariya se\u00e7ki q\u0259rargah\u0131n\u0131n qar\u015f\u0131s\u0131nda Kaxa Kaladzenin t\u0259svir olundu\u011fu banner \u00fcz\u0259rin\u0259 \u201cRus Arzusu\u201d s\u00f6zl\u0259rini yaz\u0131b. O, bu add\u0131m\u0131n\u0131 sosial \u015f\u0259b\u0259k\u0259l\u0259rd\u0259 yay\u0131mlay\u0131b v\u0259 eyni s\u0259b\u0259bd\u0259n saxlan\u0131l\u0131b sonradan girov qar\u015f\u0131l\u0131\u011f\u0131nda azadl\u0131\u011fa burax\u0131lan Megi Diasamidze il\u0259 h\u0259mr\u0259ylik n\u00fcmayi\u015f etdirib.<\/p>\n\n\n\n<p>Xo\u015ftariyan\u0131n h\u00f6km\u0259 m\u00fcnasib\u0259ti onun \u201cFacebook\u201d s\u0259hif\u0259sind\u0259 payla\u015f\u0131l\u0131b. O bildirib ki, h\u0259bsd\u0259 \u00f6z\u00fcn\u00fc yax\u015f\u0131 hiss edir v\u0259 he\u00e7 n\u0259y\u0259 ehtiyac\u0131 yoxdur. M\u00fcxalif siyas\u0259t\u00e7i t\u0259r\u0259fdarlar\u0131n\u0131 m\u00fcbariz\u0259ni davam etdirm\u0259y\u0259 \u00e7a\u011f\u0131r\u0131b.<\/p>\n\n\n\n<p>O, h\u0259m\u00e7inin vur\u011fulay\u0131b ki, \u201cRusiya rejimi\u201d adland\u0131rd\u0131\u011f\u0131 hakimiyy\u0259ti tan\u0131m\u0131r v\u0259 bu m\u00fcbariz\u0259nin do\u011fura bil\u0259c\u0259yi b\u00fct\u00fcn \u00e7\u0259tinlikl\u0259r\u0259 haz\u0131rd\u0131r:<\/p>\n\n\n\n<p><em>\u201cRusiya rejimi il\u0259 m\u00fcbariz\u0259 aparanda, onu tan\u0131mad\u0131\u011f\u0131n\u0131zda v\u0259 daxilind\u0259 oldu\u011funuz m\u00fcbariz\u0259ni ba\u015fa d\u00fc\u015fd\u00fcy\u00fcn\u00fczd\u0259, m\u00fc\u0259yy\u0259n \u00e7\u0259tinlikl\u0259r\u0259 haz\u0131r olmamaq m\u0259suliyy\u0259tsizlik olard\u0131. H\u0259tta bu fonda bel\u0259 dem\u0259k ist\u0259yir\u0259m ki, Bidzina \u0130vani\u015fvilinin m\u0259ni c\u0259zaland\u0131rd\u0131\u011f\u0131n\u0131 d\u00fc\u015f\u00fcnm\u0259si h\u0259m g\u00fcl\u00fcnc, h\u0259m d\u0259 q\u0259buledilm\u0259zdir\u201d.<\/em><\/p>\n\n\n\n<p><\/p>\n","protected":false},"excerpt":{"rendered":"<p>G\u00fcrc\u00fcstanda m\u00fcxalif Droa! partiyas\u0131n\u0131n lideri v\u0259 \u201cD\u0259yi\u015fiklik U\u011frunda Koalisiyas\u0131\u201dn\u0131n \u00fczv\u00fc &#8230; <\/p>\n<p class=\"read-more-container\"><a title=\"G\u00fcrc\u00fcstanda partiya s\u0259dri h\u0259bs olunub\" class=\"read-more button\" href=\"https:\/\/www.meydan.tv\/az\/article\/gurcustanda-partiya-s%c9%99dri-h%c9%99bs-olunub\/#more-343250\" aria-label=\"Read more about G\u00fcrc\u00fcstanda partiya s\u0259dri h\u0259bs olunub\">Davam\u0131<\/a><\/p>\n","protected":false},"author":16,"featured_media":338052,"comment_status":"closed","ping_status":"closed","sticky":false,"template":"","format":"standard","meta":{"_acf_changed":false,"_sitemap_exclude":false,"_sitemap_priority":"","_sitemap_frequency":"","footnotes":""},"categories":[64,59,56],"tags":[],"class_list":["post-343250","post","type-post","status-publish","format-standard","has-post-thumbnail","hentry","category-dunya","category-siyaset","category-xeberler","infinite-scroll-item","generate-columns","tablet-grid-50","mobile-grid-100","grid-parent","grid-33","no-featured-image-padding"],"acf":[],"yoast_head":"<!-- This site is optimized with the Yoast SEO plugin v27.5 - https:\/\/yoast.com\/product\/yoast-seo-wordpress\/ -->\n<title>G\u00fcrc\u00fcstanda partiya s\u0259dri h\u0259bs olunub - MEYDAN.TV<\/title>\n<meta name=\"robots\" content=\"index, follow, max-snippet:-1, max-image-preview:large, max-video-preview:-1\" \/>\n<link rel=\"canonical\" href=\"https:\/\/www.meydan.tv\/az\/article\/gurcustanda-partiya-s%c9%99dri-h%c9%99bs-olunub\/\" \/>\n<meta property=\"og:locale\" content=\"az_AZ\" \/>\n<meta property=\"og:type\" content=\"article\" \/>\n<meta property=\"og:title\" content=\"G\u00fcrc\u00fcstanda partiya s\u0259dri h\u0259bs olunub - MEYDAN.TV\" \/>\n<meta property=\"og:description\" content=\"G\u00fcrc\u00fcstanda m\u00fcxalif Droa! partiyas\u0131n\u0131n lideri v\u0259 \u201cD\u0259yi\u015fiklik U\u011frunda Koalisiyas\u0131\u201dn\u0131n \u00fczv\u00fc ... Davam\u0131\" \/>\n<meta property=\"og:url\" content=\"https:\/\/www.meydan.tv\/az\/article\/gurcustanda-partiya-s%c9%99dri-h%c9%99bs-olunub\/\" \/>\n<meta property=\"og:site_name\" content=\"MEYDAN.TV\" \/>\n<meta property=\"article:published_time\" content=\"2026-03-25T20:08:52+00:00\" \/>\n<meta property=\"article:modified_time\" content=\"2026-03-25T20:08:54+00:00\" \/>\n<meta property=\"og:image\" content=\"https:\/\/www.meydan.tv\/wp-content\/uploads\/qandal1.png\" \/>\n\t<meta property=\"og:image:width\" content=\"1920\" \/>\n\t<meta property=\"og:image:height\" content=\"938\" \/>\n\t<meta property=\"og:image:type\" content=\"image\/png\" \/>\n<meta name=\"author\" content=\"sevda\" \/>\n<meta name=\"twitter:card\" content=\"summary_large_image\" \/>\n<script type=\"application\/ld+json\" class=\"yoast-schema-graph\">{\"@context\":\"https:\\\/\\\/schema.org\",\"@graph\":[{\"@type\":\"Article\",\"@id\":\"https:\\\/\\\/www.meydan.tv\\\/az\\\/article\\\/gurcustanda-partiya-s%c9%99dri-h%c9%99bs-olunub\\\/#article\",\"isPartOf\":{\"@id\":\"https:\\\/\\\/www.meydan.tv\\\/az\\\/article\\\/gurcustanda-partiya-s%c9%99dri-h%c9%99bs-olunub\\\/\"},\"author\":{\"name\":\"sevda\",\"@id\":\"https:\\\/\\\/www.meydan.tv\\\/az\\\/#\\\/schema\\\/person\\\/49b5f2bad5b126bb8ea9320eeb3e4dc9\"},\"headline\":\"G\u00fcrc\u00fcstanda partiya s\u0259dri h\u0259bs olunub\",\"datePublished\":\"2026-03-25T20:08:52+00:00\",\"dateModified\":\"2026-03-25T20:08:54+00:00\",\"mainEntityOfPage\":{\"@id\":\"https:\\\/\\\/www.meydan.tv\\\/az\\\/article\\\/gurcustanda-partiya-s%c9%99dri-h%c9%99bs-olunub\\\/\"},\"wordCount\":456,\"publisher\":{\"@id\":\"https:\\\/\\\/www.meydan.tv\\\/az\\\/#organization\"},\"image\":{\"@id\":\"https:\\\/\\\/www.meydan.tv\\\/az\\\/article\\\/gurcustanda-partiya-s%c9%99dri-h%c9%99bs-olunub\\\/#primaryimage\"},\"thumbnailUrl\":\"https:\\\/\\\/www.meydan.tv\\\/wp-content\\\/uploads\\\/qandal1.png\",\"articleSection\":[\"D\u00fcnya\",\"Siyas\u0259t\",\"X\u0259b\u0259rl\u0259r\"],\"inLanguage\":\"az\"},{\"@type\":\"WebPage\",\"@id\":\"https:\\\/\\\/www.meydan.tv\\\/az\\\/article\\\/gurcustanda-partiya-s%c9%99dri-h%c9%99bs-olunub\\\/\",\"url\":\"https:\\\/\\\/www.meydan.tv\\\/az\\\/article\\\/gurcustanda-partiya-s%c9%99dri-h%c9%99bs-olunub\\\/\",\"name\":\"G\u00fcrc\u00fcstanda partiya s\u0259dri h\u0259bs olunub - MEYDAN.TV\",\"isPartOf\":{\"@id\":\"https:\\\/\\\/www.meydan.tv\\\/az\\\/#website\"},\"primaryImageOfPage\":{\"@id\":\"https:\\\/\\\/www.meydan.tv\\\/az\\\/article\\\/gurcustanda-partiya-s%c9%99dri-h%c9%99bs-olunub\\\/#primaryimage\"},\"image\":{\"@id\":\"https:\\\/\\\/www.meydan.tv\\\/az\\\/article\\\/gurcustanda-partiya-s%c9%99dri-h%c9%99bs-olunub\\\/#primaryimage\"},\"thumbnailUrl\":\"https:\\\/\\\/www.meydan.tv\\\/wp-content\\\/uploads\\\/qandal1.png\",\"datePublished\":\"2026-03-25T20:08:52+00:00\",\"dateModified\":\"2026-03-25T20:08:54+00:00\",\"breadcrumb\":{\"@id\":\"https:\\\/\\\/www.meydan.tv\\\/az\\\/article\\\/gurcustanda-partiya-s%c9%99dri-h%c9%99bs-olunub\\\/#breadcrumb\"},\"inLanguage\":\"az\",\"potentialAction\":[{\"@type\":\"ReadAction\",\"target\":[\"https:\\\/\\\/www.meydan.tv\\\/az\\\/article\\\/gurcustanda-partiya-s%c9%99dri-h%c9%99bs-olunub\\\/\"]}]},{\"@type\":\"ImageObject\",\"inLanguage\":\"az\",\"@id\":\"https:\\\/\\\/www.meydan.tv\\\/az\\\/article\\\/gurcustanda-partiya-s%c9%99dri-h%c9%99bs-olunub\\\/#primaryimage\",\"url\":\"https:\\\/\\\/www.meydan.tv\\\/wp-content\\\/uploads\\\/qandal1.png\",\"contentUrl\":\"https:\\\/\\\/www.meydan.tv\\\/wp-content\\\/uploads\\\/qandal1.png\",\"width\":1920,\"height\":938,\"caption\":\"\u0130ll\u00fcstrasiya: MeydanTV\"},{\"@type\":\"BreadcrumbList\",\"@id\":\"https:\\\/\\\/www.meydan.tv\\\/az\\\/article\\\/gurcustanda-partiya-s%c9%99dri-h%c9%99bs-olunub\\\/#breadcrumb\",\"itemListElement\":[{\"@type\":\"ListItem\",\"position\":1,\"name\":\"Ana s\u0259hif\u0259\",\"item\":\"https:\\\/\\\/www.meydan.tv\\\/az\\\/\"},{\"@type\":\"ListItem\",\"position\":2,\"name\":\"X\u0259b\u0259rl\u0259r\",\"item\":\"https:\\\/\\\/www.meydan.tv\\\/az\\\/section\\\/xeberler\\\/\"},{\"@type\":\"ListItem\",\"position\":3,\"name\":\"G\u00fcrc\u00fcstanda partiya s\u0259dri h\u0259bs olunub\"}]},{\"@type\":\"WebSite\",\"@id\":\"https:\\\/\\\/www.meydan.tv\\\/az\\\/#website\",\"url\":\"https:\\\/\\\/www.meydan.tv\\\/az\\\/\",\"name\":\"MEYDAN.TV\",\"description\":\"Meydan TV Az\u0259rbaycan\u0131n media m\u0259kan\u0131ndak\u0131 alternativ s\u0259sidir\",\"publisher\":{\"@id\":\"https:\\\/\\\/www.meydan.tv\\\/az\\\/#organization\"},\"potentialAction\":[{\"@type\":\"SearchAction\",\"target\":{\"@type\":\"EntryPoint\",\"urlTemplate\":\"https:\\\/\\\/www.meydan.tv\\\/az\\\/?s={search_term_string}\"},\"query-input\":{\"@type\":\"PropertyValueSpecification\",\"valueRequired\":true,\"valueName\":\"search_term_string\"}}],\"inLanguage\":\"az\"},{\"@type\":\"Organization\",\"@id\":\"https:\\\/\\\/www.meydan.tv\\\/az\\\/#organization\",\"name\":\"Meydan TV\",\"url\":\"https:\\\/\\\/www.meydan.tv\\\/az\\\/\",\"logo\":{\"@type\":\"ImageObject\",\"inLanguage\":\"az\",\"@id\":\"https:\\\/\\\/www.meydan.tv\\\/az\\\/#\\\/schema\\\/logo\\\/image\\\/\",\"url\":\"https:\\\/\\\/www.meydan.tv\\\/wp-content\\\/uploads\\\/2021\\\/07\\\/meydan-logo.svg\",\"contentUrl\":\"https:\\\/\\\/www.meydan.tv\\\/wp-content\\\/uploads\\\/2021\\\/07\\\/meydan-logo.svg\",\"width\":195,\"height\":46,\"caption\":\"Meydan TV\"},\"image\":{\"@id\":\"https:\\\/\\\/www.meydan.tv\\\/az\\\/#\\\/schema\\\/logo\\\/image\\\/\"}},{\"@type\":\"Person\",\"@id\":\"https:\\\/\\\/www.meydan.tv\\\/az\\\/#\\\/schema\\\/person\\\/49b5f2bad5b126bb8ea9320eeb3e4dc9\",\"name\":\"sevda\"}]}<\/script>\n<!-- \/ Yoast SEO plugin. -->","yoast_head_json":{"title":"G\u00fcrc\u00fcstanda partiya s\u0259dri h\u0259bs olunub - MEYDAN.TV","robots":{"index":"index","follow":"follow","max-snippet":"max-snippet:-1","max-image-preview":"max-image-preview:large","max-video-preview":"max-video-preview:-1"},"canonical":"https:\/\/www.meydan.tv\/az\/article\/gurcustanda-partiya-s%c9%99dri-h%c9%99bs-olunub\/","og_locale":"az_AZ","og_type":"article","og_title":"G\u00fcrc\u00fcstanda partiya s\u0259dri h\u0259bs olunub - MEYDAN.TV","og_description":"G\u00fcrc\u00fcstanda m\u00fcxalif Droa! partiyas\u0131n\u0131n lideri v\u0259 \u201cD\u0259yi\u015fiklik U\u011frunda Koalisiyas\u0131\u201dn\u0131n \u00fczv\u00fc ... Davam\u0131","og_url":"https:\/\/www.meydan.tv\/az\/article\/gurcustanda-partiya-s%c9%99dri-h%c9%99bs-olunub\/","og_site_name":"MEYDAN.TV","article_published_time":"2026-03-25T20:08:52+00:00","article_modified_time":"2026-03-25T20:08:54+00:00","og_image":[{"width":1920,"height":938,"url":"https:\/\/www.meydan.tv\/wp-content\/uploads\/qandal1.png","type":"image\/png"}],"author":"sevda","twitter_card":"summary_large_image","schema":{"@context":"https:\/\/schema.org","@graph":[{"@type":"Article","@id":"https:\/\/www.meydan.tv\/az\/article\/gurcustanda-partiya-s%c9%99dri-h%c9%99bs-olunub\/#article","isPartOf":{"@id":"https:\/\/www.meydan.tv\/az\/article\/gurcustanda-partiya-s%c9%99dri-h%c9%99bs-olunub\/"},"author":{"name":"sevda","@id":"https:\/\/www.meydan.tv\/az\/#\/schema\/person\/49b5f2bad5b126bb8ea9320eeb3e4dc9"},"headline":"G\u00fcrc\u00fcstanda partiya s\u0259dri h\u0259bs olunub","datePublished":"2026-03-25T20:08:52+00:00","dateModified":"2026-03-25T20:08:54+00:00","mainEntityOfPage":{"@id":"https:\/\/www.meydan.tv\/az\/article\/gurcustanda-partiya-s%c9%99dri-h%c9%99bs-olunub\/"},"wordCount":456,"publisher":{"@id":"https:\/\/www.meydan.tv\/az\/#organization"},"image":{"@id":"https:\/\/www.meydan.tv\/az\/article\/gurcustanda-partiya-s%c9%99dri-h%c9%99bs-olunub\/#primaryimage"},"thumbnailUrl":"https:\/\/www.meydan.tv\/wp-content\/uploads\/qandal1.png","articleSection":["D\u00fcnya","Siyas\u0259t","X\u0259b\u0259rl\u0259r"],"inLanguage":"az"},{"@type":"WebPage","@id":"https:\/\/www.meydan.tv\/az\/article\/gurcustanda-partiya-s%c9%99dri-h%c9%99bs-olunub\/","url":"https:\/\/www.meydan.tv\/az\/article\/gurcustanda-partiya-s%c9%99dri-h%c9%99bs-olunub\/","name":"G\u00fcrc\u00fcstanda partiya s\u0259dri h\u0259bs olunub - MEYDAN.TV","isPartOf":{"@id":"https:\/\/www.meydan.tv\/az\/#website"},"primaryImageOfPage":{"@id":"https:\/\/www.meydan.tv\/az\/article\/gurcustanda-partiya-s%c9%99dri-h%c9%99bs-olunub\/#primaryimage"},"image":{"@id":"https:\/\/www.meydan.tv\/az\/article\/gurcustanda-partiya-s%c9%99dri-h%c9%99bs-olunub\/#primaryimage"},"thumbnailUrl":"https:\/\/www.meydan.tv\/wp-content\/uploads\/qandal1.png","datePublished":"2026-03-25T20:08:52+00:00","dateModified":"2026-03-25T20:08:54+00:00","breadcrumb":{"@id":"https:\/\/www.meydan.tv\/az\/article\/gurcustanda-partiya-s%c9%99dri-h%c9%99bs-olunub\/#breadcrumb"},"inLanguage":"az","potentialAction":[{"@type":"ReadAction","target":["https:\/\/www.meydan.tv\/az\/article\/gurcustanda-partiya-s%c9%99dri-h%c9%99bs-olunub\/"]}]},{"@type":"ImageObject","inLanguage":"az","@id":"https:\/\/www.meydan.tv\/az\/article\/gurcustanda-partiya-s%c9%99dri-h%c9%99bs-olunub\/#primaryimage","url":"https:\/\/www.meydan.tv\/wp-content\/uploads\/qandal1.png","contentUrl":"https:\/\/www.meydan.tv\/wp-content\/uploads\/qandal1.png","width":1920,"height":938,"caption":"\u0130ll\u00fcstrasiya: MeydanTV"},{"@type":"BreadcrumbList","@id":"https:\/\/www.meydan.tv\/az\/article\/gurcustanda-partiya-s%c9%99dri-h%c9%99bs-olunub\/#breadcrumb","itemListElement":[{"@type":"ListItem","position":1,"name":"Ana s\u0259hif\u0259","item":"https:\/\/www.meydan.tv\/az\/"},{"@type":"ListItem","position":2,"name":"X\u0259b\u0259rl\u0259r","item":"https:\/\/www.meydan.tv\/az\/section\/xeberler\/"},{"@type":"ListItem","position":3,"name":"G\u00fcrc\u00fcstanda partiya s\u0259dri h\u0259bs olunub"}]},{"@type":"WebSite","@id":"https:\/\/www.meydan.tv\/az\/#website","url":"https:\/\/www.meydan.tv\/az\/","name":"MEYDAN.TV","description":"Meydan TV Az\u0259rbaycan\u0131n media m\u0259kan\u0131ndak\u0131 alternativ s\u0259sidir","publisher":{"@id":"https:\/\/www.meydan.tv\/az\/#organization"},"potentialAction":[{"@type":"SearchAction","target":{"@type":"EntryPoint","urlTemplate":"https:\/\/www.meydan.tv\/az\/?s={search_term_string}"},"query-input":{"@type":"PropertyValueSpecification","valueRequired":true,"valueName":"search_term_string"}}],"inLanguage":"az"},{"@type":"Organization","@id":"https:\/\/www.meydan.tv\/az\/#organization","name":"Meydan TV","url":"https:\/\/www.meydan.tv\/az\/","logo":{"@type":"ImageObject","inLanguage":"az","@id":"https:\/\/www.meydan.tv\/az\/#\/schema\/logo\/image\/","url":"https:\/\/www.meydan.tv\/wp-content\/uploads\/2021\/07\/meydan-logo.svg","contentUrl":"https:\/\/www.meydan.tv\/wp-content\/uploads\/2021\/07\/meydan-logo.svg","width":195,"height":46,"caption":"Meydan TV"},"image":{"@id":"https:\/\/www.meydan.tv\/az\/#\/schema\/logo\/image\/"}},{"@type":"Person","@id":"https:\/\/www.meydan.tv\/az\/#\/schema\/person\/49b5f2bad5b126bb8ea9320eeb3e4dc9","name":"sevda"}]}},"_links":{"self":[{"href":"https:\/\/www.meydan.tv\/az\/wp-json\/wp\/v2\/posts\/343250","targetHints":{"allow":["GET"]}}],"collection":[{"href":"https:\/\/www.meydan.tv\/az\/wp-json\/wp\/v2\/posts"}],"about":[{"href":"https:\/\/www.meydan.tv\/az\/wp-json\/wp\/v2\/types\/post"}],"author":[{"embeddable":true,"href":"https:\/\/www.meydan.tv\/az\/wp-json\/wp\/v2\/users\/16"}],"replies":[{"embeddable":true,"href":"https:\/\/www.meydan.tv\/az\/wp-json\/wp\/v2\/comments?post=343250"}],"version-history":[{"count":2,"href":"https:\/\/www.meydan.tv\/az\/wp-json\/wp\/v2\/posts\/343250\/revisions"}],"predecessor-version":[{"id":343253,"href":"https:\/\/www.meydan.tv\/az\/wp-json\/wp\/v2\/posts\/343250\/revisions\/343253"}],"wp:featuredmedia":[{"embeddable":true,"href":"https:\/\/www.meydan.tv\/az\/wp-json\/wp\/v2\/media\/338052"}],"wp:attachment":[{"href":"https:\/\/www.meydan.tv\/az\/wp-json\/wp\/v2\/media?parent=343250"}],"wp:term":[{"taxonomy":"category","embeddable":true,"href":"https:\/\/www.meydan.tv\/az\/wp-json\/wp\/v2\/categories?post=343250"},{"taxonomy":"post_tag","embeddable":true,"href":"https:\/\/www.meydan.tv\/az\/wp-json\/wp\/v2\/tags?post=343250"}],"curies":[{"name":"wp","href":"https:\/\/api.w.org\/{rel}","templated":true}]}}