{"id":343160,"date":"2026-03-23T16:32:27","date_gmt":"2026-03-23T12:32:27","guid":{"rendered":"https:\/\/www.meydan.tv\/?p=343160"},"modified":"2026-03-30T15:14:21","modified_gmt":"2026-03-30T11:14:21","slug":"isci-masasi-f%c9%99ali-barakdaki-v%c9%99ziyy%c9%99ti-aciqladigima-gor%c9%99-m%c9%99n%c9%99-qarsi-t%c9%99zyiql%c9%99r-daha-da-artib","status":"publish","type":"post","link":"https:\/\/www.meydan.tv\/az\/article\/isci-masasi-f%c9%99ali-barakdaki-v%c9%99ziyy%c9%99ti-aciqladigima-gor%c9%99-m%c9%99n%c9%99-qarsi-t%c9%99zyiql%c9%99r-daha-da-artib\/","title":{"rendered":"\u201c\u0130\u015f\u00e7i Masas\u0131\u201d f\u0259al\u0131: Barakdak\u0131 v\u0259ziyy\u0259ti a\u00e7\u0131qlad\u0131\u011f\u0131ma g\u00f6r\u0259 m\u0259n\u0259 qar\u015f\u0131 t\u0259zyiql\u0259r daha da art\u0131b"},"content":{"rendered":"\n<p>\u201c\u0130\u015f\u00e7i Masas\u0131\u201d H\u0259mkarlar \u0130ttifaqlar\u0131 Konfederasiyas\u0131n\u0131n \u00fczv\u00fc Ayxan \u0130srafilov sosial izolyasiya bar\u0259d\u0259 dan\u0131\u015fd\u0131qdan sonra h\u0259bsxanada onun v\u0259ziyy\u0259ti daha da \u00e7\u0259tinl\u0259\u015fib.<\/p>\n\n\n\n<p>Bu haqda Meydan TV-y\u0259 \u201c\u0130\u015f\u00e7i Masa\u201ds\u0131ndan m\u0259lumat veribl\u0259r.<\/p>\n\n\n\n<p>Ayxan \u0130srafilov bildirib ki, barakdak\u0131 v\u0259ziyy\u0259ti ictimail\u0259\u015fdir\u0259nd\u0259n sonra ona qar\u015f\u0131 t\u0259zyiql\u0259r art\u0131b:<\/p>\n\n\n\n<p>\u201cBir ne\u00e7\u0259 g\u00fcn \u0259vv\u0259l payla\u015fd\u0131\u011f\u0131m yaz\u0131 problemi n\u0259inki h\u0259ll etm\u0259di, h\u0259tta el\u0259 bir v\u0259ziyy\u0259t yarand\u0131 ki, sanki c\u0259lladlar\u0131ma yazd\u0131\u011f\u0131m m\u0259ktubdan x\u0259b\u0259r tutublar. Hiss edir\u0259m ki, t\u0259zyiql\u0259r art\u0131b. M\u0259niml\u0259 \u00fcnsiyy\u0259t saxlayan az sayda insanlar daha da azal\u0131b v\u0259 yaln\u0131z \u201csalam\u201d, \u201csa\u011f ol\u201dla kifay\u0259tl\u0259nirl\u0259r. Sonuncu d\u0259f\u0259 bu c\u00fcr izolyasiyan\u0131 u\u015faql\u0131q ill\u0259rind\u0259 ya\u015fam\u0131\u015fd\u0131m. \u0130kinci v\u0259 ya \u00fc\u00e7\u00fcnc\u00fc sinifd\u0259 oxuyurdum. Evd\u0259 pul yox idi ki, sa\u00e7\u0131m\u0131 q\u0131rxd\u0131r\u0131m. Sa\u00e7\u0131m uzun idi. Bir d\u0259f\u0259 m\u00fc\u0259llim buna g\u00f6r\u0259 m\u0259ni aya\u011fa qald\u0131r\u0131b danlad\u0131. Sonra b\u00fct\u00fcn sinf\u0259 dedi ki, guya sa\u00e7\u0131mda bit var. He\u00e7 k\u0259s m\u0259n\u0259 yax\u0131n g\u0259lmirdi. Ba\u015fda Penitensiar Xidm\u0259t olmaqla b\u00fct\u00fcn \u00f6lk\u0259 h\u00f6kum\u0259tin\u0259 \u201cminn\u0259tdaram\u201d ki, u\u015faql\u0131q travmalar\u0131m\u0131 unutdurmur. \u018fg\u0259r q\u0131sa zamanda m\u00fc\u0259ssis\u0259 r\u0259hb\u0259rliyi bu problemi h\u0259ll etm\u0259s\u0259, m\u0259n \u00f6z\u00fcm h\u0259ll ed\u0259c\u0259y\u0259m, \u00f6z\u00fc d\u0259 q\u0259ti \u015f\u0259kild\u0259. M\u0259nd\u0259n ke\u00e7di\u201d &#8211; Ayxan \u0130srafilov m\u0259ktubunda deyir.<\/p>\n\n\n\n<p>Ayxan \u0130srafilov mart\u0131n 17-d\u0259 <a href=\"https:\/\/storage.googleapis.com\/qurium\/www.meydan.tv\/az-article-ayxan-israfilov-barakda-diktatura-formalasib.html\">bildirmi\u015fdi<\/a> ki, barakda ona qar\u015f\u0131 sosial izolyasiya var.&nbsp;&nbsp;<\/p>\n\n\n\n<p>Ayxan \u0130srafilov 2023-c\u00fc il avqustun 11-d\u0259 narkotik madd\u0259l\u0259rin \u0259ld\u0259 etm\u0259, da\u015f\u0131ma madd\u0259si il\u0259 ittiham olunaraq h\u0259bs edilib.<\/p>\n\n\n\n<p>Bak\u0131 A\u011f\u0131r Cinay\u0259tl\u0259r M\u0259hk\u0259m\u0259sind\u0259 bu ittihamla ona 3 il azadl\u0131qdan m\u0259hrumetm\u0259 c\u0259zas\u0131 verilib.<\/p>\n\n\n\n<p>Lakin o, \u00f6z\u00fcn\u00fc t\u0259qsirli bilmir, narkotikl\u0259 \u015f\u0259rl\u0259n\u0259r\u0259k h\u0259bs olundu\u011funu deyir.&nbsp;<\/p>\n\n\n\n<p>Ayxan \u0130srafilov bildirib ki, i\u015f\u00e7il\u0259rin h\u00fcquqlar\u0131n\u0131 m\u00fcdafi\u0259 etdiyin\u0259, t\u0259nqidi fikirl\u0259rin\u0259 v\u0259 siyasi bax\u0131\u015flar\u0131na g\u00f6r\u0259 sifari\u015fl\u0259 c\u0259zaland\u0131r\u0131l\u0131b.<\/p>\n","protected":false},"excerpt":{"rendered":"<p>\u201c\u0130\u015f\u00e7i Masas\u0131\u201d H\u0259mkarlar \u0130ttifaqlar\u0131 Konfederasiyas\u0131n\u0131n \u00fczv\u00fc Ayxan \u0130srafilov sosial izolyasiya &#8230; <\/p>\n<p class=\"read-more-container\"><a title=\"\u201c\u0130\u015f\u00e7i Masas\u0131\u201d f\u0259al\u0131: Barakdak\u0131 v\u0259ziyy\u0259ti a\u00e7\u0131qlad\u0131\u011f\u0131ma g\u00f6r\u0259 m\u0259n\u0259 qar\u015f\u0131 t\u0259zyiql\u0259r daha da art\u0131b\" class=\"read-more button\" href=\"https:\/\/www.meydan.tv\/az\/article\/isci-masasi-f%c9%99ali-barakdaki-v%c9%99ziyy%c9%99ti-aciqladigima-gor%c9%99-m%c9%99n%c9%99-qarsi-t%c9%99zyiql%c9%99r-daha-da-artib\/#more-343160\" aria-label=\"Read more about \u201c\u0130\u015f\u00e7i Masas\u0131\u201d f\u0259al\u0131: Barakdak\u0131 v\u0259ziyy\u0259ti a\u00e7\u0131qlad\u0131\u011f\u0131ma g\u00f6r\u0259 m\u0259n\u0259 qar\u015f\u0131 t\u0259zyiql\u0259r daha da art\u0131b\">Davam\u0131<\/a><\/p>\n","protected":false},"author":14,"featured_media":302657,"comment_status":"closed","ping_status":"closed","sticky":false,"template":"","format":"standard","meta":{"_acf_changed":false,"_sitemap_exclude":false,"_sitemap_priority":"","_sitemap_frequency":"","footnotes":""},"categories":[172,56],"tags":[],"class_list":["post-343160","post","type-post","status-publish","format-standard","has-post-thumbnail","hentry","category-hebsxanadan-mektublar","category-xeberler","infinite-scroll-item","generate-columns","tablet-grid-50","mobile-grid-100","grid-parent","grid-33","no-featured-image-padding"],"acf":[],"yoast_head":"<!-- This site is optimized with the Yoast SEO plugin v27.5 - https:\/\/yoast.com\/product\/yoast-seo-wordpress\/ -->\n<title>\u201c\u0130\u015f\u00e7i Masas\u0131\u201d f\u0259al\u0131: Barakdak\u0131 v\u0259ziyy\u0259ti a\u00e7\u0131qlad\u0131\u011f\u0131ma g\u00f6r\u0259 m\u0259n\u0259 qar\u015f\u0131 t\u0259zyiql\u0259r daha da art\u0131b - MEYDAN.TV<\/title>\n<meta name=\"robots\" content=\"index, follow, max-snippet:-1, max-image-preview:large, max-video-preview:-1\" \/>\n<link rel=\"canonical\" href=\"https:\/\/www.meydan.tv\/az\/article\/isci-masasi-f%c9%99ali-barakdaki-v%c9%99ziyy%c9%99ti-aciqladigima-gor%c9%99-m%c9%99n%c9%99-qarsi-t%c9%99zyiql%c9%99r-daha-da-artib\/\" \/>\n<meta property=\"og:locale\" content=\"az_AZ\" \/>\n<meta property=\"og:type\" content=\"article\" \/>\n<meta property=\"og:title\" content=\"\u201c\u0130\u015f\u00e7i Masas\u0131\u201d f\u0259al\u0131: Barakdak\u0131 v\u0259ziyy\u0259ti a\u00e7\u0131qlad\u0131\u011f\u0131ma g\u00f6r\u0259 m\u0259n\u0259 qar\u015f\u0131 t\u0259zyiql\u0259r daha da art\u0131b - MEYDAN.TV\" \/>\n<meta property=\"og:description\" content=\"\u201c\u0130\u015f\u00e7i Masas\u0131\u201d H\u0259mkarlar \u0130ttifaqlar\u0131 Konfederasiyas\u0131n\u0131n \u00fczv\u00fc Ayxan \u0130srafilov sosial izolyasiya ... Davam\u0131\" \/>\n<meta property=\"og:url\" content=\"https:\/\/www.meydan.tv\/az\/article\/isci-masasi-f%c9%99ali-barakdaki-v%c9%99ziyy%c9%99ti-aciqladigima-gor%c9%99-m%c9%99n%c9%99-qarsi-t%c9%99zyiql%c9%99r-daha-da-artib\/\" \/>\n<meta property=\"og:site_name\" content=\"MEYDAN.TV\" \/>\n<meta property=\"article:published_time\" content=\"2026-03-23T12:32:27+00:00\" \/>\n<meta property=\"article:modified_time\" content=\"2026-03-30T11:14:21+00:00\" \/>\n<meta property=\"og:image\" content=\"https:\/\/www.meydan.tv\/wp-content\/uploads\/ayxan-e1762355988143.jpg\" \/>\n\t<meta property=\"og:image:width\" content=\"1000\" \/>\n\t<meta property=\"og:image:height\" content=\"458\" \/>\n\t<meta property=\"og:image:type\" content=\"image\/jpeg\" \/>\n<meta name=\"author\" content=\"roma\" \/>\n<meta name=\"twitter:card\" content=\"summary_large_image\" \/>\n<script type=\"application\/ld+json\" class=\"yoast-schema-graph\">{\"@context\":\"https:\\\/\\\/schema.org\",\"@graph\":[{\"@type\":\"Article\",\"@id\":\"https:\\\/\\\/www.meydan.tv\\\/az\\\/article\\\/isci-masasi-f%c9%99ali-barakdaki-v%c9%99ziyy%c9%99ti-aciqladigima-gor%c9%99-m%c9%99n%c9%99-qarsi-t%c9%99zyiql%c9%99r-daha-da-artib\\\/#article\",\"isPartOf\":{\"@id\":\"https:\\\/\\\/www.meydan.tv\\\/az\\\/article\\\/isci-masasi-f%c9%99ali-barakdaki-v%c9%99ziyy%c9%99ti-aciqladigima-gor%c9%99-m%c9%99n%c9%99-qarsi-t%c9%99zyiql%c9%99r-daha-da-artib\\\/\"},\"author\":{\"name\":\"roma\",\"@id\":\"https:\\\/\\\/www.meydan.tv\\\/az\\\/#\\\/schema\\\/person\\\/8f23e01c4de63326c13c319fb65ee65d\"},\"headline\":\"\u201c\u0130\u015f\u00e7i Masas\u0131\u201d f\u0259al\u0131: Barakdak\u0131 v\u0259ziyy\u0259ti a\u00e7\u0131qlad\u0131\u011f\u0131ma g\u00f6r\u0259 m\u0259n\u0259 qar\u015f\u0131 t\u0259zyiql\u0259r daha da art\u0131b\",\"datePublished\":\"2026-03-23T12:32:27+00:00\",\"dateModified\":\"2026-03-30T11:14:21+00:00\",\"mainEntityOfPage\":{\"@id\":\"https:\\\/\\\/www.meydan.tv\\\/az\\\/article\\\/isci-masasi-f%c9%99ali-barakdaki-v%c9%99ziyy%c9%99ti-aciqladigima-gor%c9%99-m%c9%99n%c9%99-qarsi-t%c9%99zyiql%c9%99r-daha-da-artib\\\/\"},\"wordCount\":400,\"publisher\":{\"@id\":\"https:\\\/\\\/www.meydan.tv\\\/az\\\/#organization\"},\"image\":{\"@id\":\"https:\\\/\\\/www.meydan.tv\\\/az\\\/article\\\/isci-masasi-f%c9%99ali-barakdaki-v%c9%99ziyy%c9%99ti-aciqladigima-gor%c9%99-m%c9%99n%c9%99-qarsi-t%c9%99zyiql%c9%99r-daha-da-artib\\\/#primaryimage\"},\"thumbnailUrl\":\"https:\\\/\\\/www.meydan.tv\\\/wp-content\\\/uploads\\\/ayxan-e1762355988143.jpg\",\"articleSection\":[\"H\u0259bsxanadan m\u0259ktublar\",\"X\u0259b\u0259rl\u0259r\"],\"inLanguage\":\"az\"},{\"@type\":\"WebPage\",\"@id\":\"https:\\\/\\\/www.meydan.tv\\\/az\\\/article\\\/isci-masasi-f%c9%99ali-barakdaki-v%c9%99ziyy%c9%99ti-aciqladigima-gor%c9%99-m%c9%99n%c9%99-qarsi-t%c9%99zyiql%c9%99r-daha-da-artib\\\/\",\"url\":\"https:\\\/\\\/www.meydan.tv\\\/az\\\/article\\\/isci-masasi-f%c9%99ali-barakdaki-v%c9%99ziyy%c9%99ti-aciqladigima-gor%c9%99-m%c9%99n%c9%99-qarsi-t%c9%99zyiql%c9%99r-daha-da-artib\\\/\",\"name\":\"\u201c\u0130\u015f\u00e7i Masas\u0131\u201d f\u0259al\u0131: Barakdak\u0131 v\u0259ziyy\u0259ti a\u00e7\u0131qlad\u0131\u011f\u0131ma g\u00f6r\u0259 m\u0259n\u0259 qar\u015f\u0131 t\u0259zyiql\u0259r daha da art\u0131b - MEYDAN.TV\",\"isPartOf\":{\"@id\":\"https:\\\/\\\/www.meydan.tv\\\/az\\\/#website\"},\"primaryImageOfPage\":{\"@id\":\"https:\\\/\\\/www.meydan.tv\\\/az\\\/article\\\/isci-masasi-f%c9%99ali-barakdaki-v%c9%99ziyy%c9%99ti-aciqladigima-gor%c9%99-m%c9%99n%c9%99-qarsi-t%c9%99zyiql%c9%99r-daha-da-artib\\\/#primaryimage\"},\"image\":{\"@id\":\"https:\\\/\\\/www.meydan.tv\\\/az\\\/article\\\/isci-masasi-f%c9%99ali-barakdaki-v%c9%99ziyy%c9%99ti-aciqladigima-gor%c9%99-m%c9%99n%c9%99-qarsi-t%c9%99zyiql%c9%99r-daha-da-artib\\\/#primaryimage\"},\"thumbnailUrl\":\"https:\\\/\\\/www.meydan.tv\\\/wp-content\\\/uploads\\\/ayxan-e1762355988143.jpg\",\"datePublished\":\"2026-03-23T12:32:27+00:00\",\"dateModified\":\"2026-03-30T11:14:21+00:00\",\"breadcrumb\":{\"@id\":\"https:\\\/\\\/www.meydan.tv\\\/az\\\/article\\\/isci-masasi-f%c9%99ali-barakdaki-v%c9%99ziyy%c9%99ti-aciqladigima-gor%c9%99-m%c9%99n%c9%99-qarsi-t%c9%99zyiql%c9%99r-daha-da-artib\\\/#breadcrumb\"},\"inLanguage\":\"az\",\"potentialAction\":[{\"@type\":\"ReadAction\",\"target\":[\"https:\\\/\\\/www.meydan.tv\\\/az\\\/article\\\/isci-masasi-f%c9%99ali-barakdaki-v%c9%99ziyy%c9%99ti-aciqladigima-gor%c9%99-m%c9%99n%c9%99-qarsi-t%c9%99zyiql%c9%99r-daha-da-artib\\\/\"]}]},{\"@type\":\"ImageObject\",\"inLanguage\":\"az\",\"@id\":\"https:\\\/\\\/www.meydan.tv\\\/az\\\/article\\\/isci-masasi-f%c9%99ali-barakdaki-v%c9%99ziyy%c9%99ti-aciqladigima-gor%c9%99-m%c9%99n%c9%99-qarsi-t%c9%99zyiql%c9%99r-daha-da-artib\\\/#primaryimage\",\"url\":\"https:\\\/\\\/www.meydan.tv\\\/wp-content\\\/uploads\\\/ayxan-e1762355988143.jpg\",\"contentUrl\":\"https:\\\/\\\/www.meydan.tv\\\/wp-content\\\/uploads\\\/ayxan-e1762355988143.jpg\",\"width\":1000,\"height\":458,\"caption\":\"Ayxan \u0130srafilov. Foto: Ayxan \u0130srafilovun \u015f\u0259xsi arxivind\u0259n\"},{\"@type\":\"BreadcrumbList\",\"@id\":\"https:\\\/\\\/www.meydan.tv\\\/az\\\/article\\\/isci-masasi-f%c9%99ali-barakdaki-v%c9%99ziyy%c9%99ti-aciqladigima-gor%c9%99-m%c9%99n%c9%99-qarsi-t%c9%99zyiql%c9%99r-daha-da-artib\\\/#breadcrumb\",\"itemListElement\":[{\"@type\":\"ListItem\",\"position\":1,\"name\":\"Ana s\u0259hif\u0259\",\"item\":\"https:\\\/\\\/www.meydan.tv\\\/az\\\/\"},{\"@type\":\"ListItem\",\"position\":2,\"name\":\"X\u0259b\u0259rl\u0259r\",\"item\":\"https:\\\/\\\/www.meydan.tv\\\/az\\\/section\\\/xeberler\\\/\"},{\"@type\":\"ListItem\",\"position\":3,\"name\":\"\u201c\u0130\u015f\u00e7i Masas\u0131\u201d f\u0259al\u0131: Barakdak\u0131 v\u0259ziyy\u0259ti a\u00e7\u0131qlad\u0131\u011f\u0131ma g\u00f6r\u0259 m\u0259n\u0259 qar\u015f\u0131 t\u0259zyiql\u0259r daha da art\u0131b\"}]},{\"@type\":\"WebSite\",\"@id\":\"https:\\\/\\\/www.meydan.tv\\\/az\\\/#website\",\"url\":\"https:\\\/\\\/www.meydan.tv\\\/az\\\/\",\"name\":\"MEYDAN.TV\",\"description\":\"Meydan TV Az\u0259rbaycan\u0131n media m\u0259kan\u0131ndak\u0131 alternativ s\u0259sidir\",\"publisher\":{\"@id\":\"https:\\\/\\\/www.meydan.tv\\\/az\\\/#organization\"},\"potentialAction\":[{\"@type\":\"SearchAction\",\"target\":{\"@type\":\"EntryPoint\",\"urlTemplate\":\"https:\\\/\\\/www.meydan.tv\\\/az\\\/?s={search_term_string}\"},\"query-input\":{\"@type\":\"PropertyValueSpecification\",\"valueRequired\":true,\"valueName\":\"search_term_string\"}}],\"inLanguage\":\"az\"},{\"@type\":\"Organization\",\"@id\":\"https:\\\/\\\/www.meydan.tv\\\/az\\\/#organization\",\"name\":\"Meydan TV\",\"url\":\"https:\\\/\\\/www.meydan.tv\\\/az\\\/\",\"logo\":{\"@type\":\"ImageObject\",\"inLanguage\":\"az\",\"@id\":\"https:\\\/\\\/www.meydan.tv\\\/az\\\/#\\\/schema\\\/logo\\\/image\\\/\",\"url\":\"https:\\\/\\\/www.meydan.tv\\\/wp-content\\\/uploads\\\/2021\\\/07\\\/meydan-logo.svg\",\"contentUrl\":\"https:\\\/\\\/www.meydan.tv\\\/wp-content\\\/uploads\\\/2021\\\/07\\\/meydan-logo.svg\",\"width\":195,\"height\":46,\"caption\":\"Meydan TV\"},\"image\":{\"@id\":\"https:\\\/\\\/www.meydan.tv\\\/az\\\/#\\\/schema\\\/logo\\\/image\\\/\"}},{\"@type\":\"Person\",\"@id\":\"https:\\\/\\\/www.meydan.tv\\\/az\\\/#\\\/schema\\\/person\\\/8f23e01c4de63326c13c319fb65ee65d\",\"name\":\"roma\"}]}<\/script>\n<!-- \/ Yoast SEO plugin. -->","yoast_head_json":{"title":"\u201c\u0130\u015f\u00e7i Masas\u0131\u201d f\u0259al\u0131: Barakdak\u0131 v\u0259ziyy\u0259ti a\u00e7\u0131qlad\u0131\u011f\u0131ma g\u00f6r\u0259 m\u0259n\u0259 qar\u015f\u0131 t\u0259zyiql\u0259r daha da art\u0131b - MEYDAN.TV","robots":{"index":"index","follow":"follow","max-snippet":"max-snippet:-1","max-image-preview":"max-image-preview:large","max-video-preview":"max-video-preview:-1"},"canonical":"https:\/\/www.meydan.tv\/az\/article\/isci-masasi-f%c9%99ali-barakdaki-v%c9%99ziyy%c9%99ti-aciqladigima-gor%c9%99-m%c9%99n%c9%99-qarsi-t%c9%99zyiql%c9%99r-daha-da-artib\/","og_locale":"az_AZ","og_type":"article","og_title":"\u201c\u0130\u015f\u00e7i Masas\u0131\u201d f\u0259al\u0131: Barakdak\u0131 v\u0259ziyy\u0259ti a\u00e7\u0131qlad\u0131\u011f\u0131ma g\u00f6r\u0259 m\u0259n\u0259 qar\u015f\u0131 t\u0259zyiql\u0259r daha da art\u0131b - MEYDAN.TV","og_description":"\u201c\u0130\u015f\u00e7i Masas\u0131\u201d H\u0259mkarlar \u0130ttifaqlar\u0131 Konfederasiyas\u0131n\u0131n \u00fczv\u00fc Ayxan \u0130srafilov sosial izolyasiya ... Davam\u0131","og_url":"https:\/\/www.meydan.tv\/az\/article\/isci-masasi-f%c9%99ali-barakdaki-v%c9%99ziyy%c9%99ti-aciqladigima-gor%c9%99-m%c9%99n%c9%99-qarsi-t%c9%99zyiql%c9%99r-daha-da-artib\/","og_site_name":"MEYDAN.TV","article_published_time":"2026-03-23T12:32:27+00:00","article_modified_time":"2026-03-30T11:14:21+00:00","og_image":[{"width":1000,"height":458,"url":"https:\/\/www.meydan.tv\/wp-content\/uploads\/ayxan-e1762355988143.jpg","type":"image\/jpeg"}],"author":"roma","twitter_card":"summary_large_image","schema":{"@context":"https:\/\/schema.org","@graph":[{"@type":"Article","@id":"https:\/\/www.meydan.tv\/az\/article\/isci-masasi-f%c9%99ali-barakdaki-v%c9%99ziyy%c9%99ti-aciqladigima-gor%c9%99-m%c9%99n%c9%99-qarsi-t%c9%99zyiql%c9%99r-daha-da-artib\/#article","isPartOf":{"@id":"https:\/\/www.meydan.tv\/az\/article\/isci-masasi-f%c9%99ali-barakdaki-v%c9%99ziyy%c9%99ti-aciqladigima-gor%c9%99-m%c9%99n%c9%99-qarsi-t%c9%99zyiql%c9%99r-daha-da-artib\/"},"author":{"name":"roma","@id":"https:\/\/www.meydan.tv\/az\/#\/schema\/person\/8f23e01c4de63326c13c319fb65ee65d"},"headline":"\u201c\u0130\u015f\u00e7i Masas\u0131\u201d f\u0259al\u0131: Barakdak\u0131 v\u0259ziyy\u0259ti a\u00e7\u0131qlad\u0131\u011f\u0131ma g\u00f6r\u0259 m\u0259n\u0259 qar\u015f\u0131 t\u0259zyiql\u0259r daha da art\u0131b","datePublished":"2026-03-23T12:32:27+00:00","dateModified":"2026-03-30T11:14:21+00:00","mainEntityOfPage":{"@id":"https:\/\/www.meydan.tv\/az\/article\/isci-masasi-f%c9%99ali-barakdaki-v%c9%99ziyy%c9%99ti-aciqladigima-gor%c9%99-m%c9%99n%c9%99-qarsi-t%c9%99zyiql%c9%99r-daha-da-artib\/"},"wordCount":400,"publisher":{"@id":"https:\/\/www.meydan.tv\/az\/#organization"},"image":{"@id":"https:\/\/www.meydan.tv\/az\/article\/isci-masasi-f%c9%99ali-barakdaki-v%c9%99ziyy%c9%99ti-aciqladigima-gor%c9%99-m%c9%99n%c9%99-qarsi-t%c9%99zyiql%c9%99r-daha-da-artib\/#primaryimage"},"thumbnailUrl":"https:\/\/www.meydan.tv\/wp-content\/uploads\/ayxan-e1762355988143.jpg","articleSection":["H\u0259bsxanadan m\u0259ktublar","X\u0259b\u0259rl\u0259r"],"inLanguage":"az"},{"@type":"WebPage","@id":"https:\/\/www.meydan.tv\/az\/article\/isci-masasi-f%c9%99ali-barakdaki-v%c9%99ziyy%c9%99ti-aciqladigima-gor%c9%99-m%c9%99n%c9%99-qarsi-t%c9%99zyiql%c9%99r-daha-da-artib\/","url":"https:\/\/www.meydan.tv\/az\/article\/isci-masasi-f%c9%99ali-barakdaki-v%c9%99ziyy%c9%99ti-aciqladigima-gor%c9%99-m%c9%99n%c9%99-qarsi-t%c9%99zyiql%c9%99r-daha-da-artib\/","name":"\u201c\u0130\u015f\u00e7i Masas\u0131\u201d f\u0259al\u0131: Barakdak\u0131 v\u0259ziyy\u0259ti a\u00e7\u0131qlad\u0131\u011f\u0131ma g\u00f6r\u0259 m\u0259n\u0259 qar\u015f\u0131 t\u0259zyiql\u0259r daha da art\u0131b - MEYDAN.TV","isPartOf":{"@id":"https:\/\/www.meydan.tv\/az\/#website"},"primaryImageOfPage":{"@id":"https:\/\/www.meydan.tv\/az\/article\/isci-masasi-f%c9%99ali-barakdaki-v%c9%99ziyy%c9%99ti-aciqladigima-gor%c9%99-m%c9%99n%c9%99-qarsi-t%c9%99zyiql%c9%99r-daha-da-artib\/#primaryimage"},"image":{"@id":"https:\/\/www.meydan.tv\/az\/article\/isci-masasi-f%c9%99ali-barakdaki-v%c9%99ziyy%c9%99ti-aciqladigima-gor%c9%99-m%c9%99n%c9%99-qarsi-t%c9%99zyiql%c9%99r-daha-da-artib\/#primaryimage"},"thumbnailUrl":"https:\/\/www.meydan.tv\/wp-content\/uploads\/ayxan-e1762355988143.jpg","datePublished":"2026-03-23T12:32:27+00:00","dateModified":"2026-03-30T11:14:21+00:00","breadcrumb":{"@id":"https:\/\/www.meydan.tv\/az\/article\/isci-masasi-f%c9%99ali-barakdaki-v%c9%99ziyy%c9%99ti-aciqladigima-gor%c9%99-m%c9%99n%c9%99-qarsi-t%c9%99zyiql%c9%99r-daha-da-artib\/#breadcrumb"},"inLanguage":"az","potentialAction":[{"@type":"ReadAction","target":["https:\/\/www.meydan.tv\/az\/article\/isci-masasi-f%c9%99ali-barakdaki-v%c9%99ziyy%c9%99ti-aciqladigima-gor%c9%99-m%c9%99n%c9%99-qarsi-t%c9%99zyiql%c9%99r-daha-da-artib\/"]}]},{"@type":"ImageObject","inLanguage":"az","@id":"https:\/\/www.meydan.tv\/az\/article\/isci-masasi-f%c9%99ali-barakdaki-v%c9%99ziyy%c9%99ti-aciqladigima-gor%c9%99-m%c9%99n%c9%99-qarsi-t%c9%99zyiql%c9%99r-daha-da-artib\/#primaryimage","url":"https:\/\/www.meydan.tv\/wp-content\/uploads\/ayxan-e1762355988143.jpg","contentUrl":"https:\/\/www.meydan.tv\/wp-content\/uploads\/ayxan-e1762355988143.jpg","width":1000,"height":458,"caption":"Ayxan \u0130srafilov. Foto: Ayxan \u0130srafilovun \u015f\u0259xsi arxivind\u0259n"},{"@type":"BreadcrumbList","@id":"https:\/\/www.meydan.tv\/az\/article\/isci-masasi-f%c9%99ali-barakdaki-v%c9%99ziyy%c9%99ti-aciqladigima-gor%c9%99-m%c9%99n%c9%99-qarsi-t%c9%99zyiql%c9%99r-daha-da-artib\/#breadcrumb","itemListElement":[{"@type":"ListItem","position":1,"name":"Ana s\u0259hif\u0259","item":"https:\/\/www.meydan.tv\/az\/"},{"@type":"ListItem","position":2,"name":"X\u0259b\u0259rl\u0259r","item":"https:\/\/www.meydan.tv\/az\/section\/xeberler\/"},{"@type":"ListItem","position":3,"name":"\u201c\u0130\u015f\u00e7i Masas\u0131\u201d f\u0259al\u0131: Barakdak\u0131 v\u0259ziyy\u0259ti a\u00e7\u0131qlad\u0131\u011f\u0131ma g\u00f6r\u0259 m\u0259n\u0259 qar\u015f\u0131 t\u0259zyiql\u0259r daha da art\u0131b"}]},{"@type":"WebSite","@id":"https:\/\/www.meydan.tv\/az\/#website","url":"https:\/\/www.meydan.tv\/az\/","name":"MEYDAN.TV","description":"Meydan TV Az\u0259rbaycan\u0131n media m\u0259kan\u0131ndak\u0131 alternativ s\u0259sidir","publisher":{"@id":"https:\/\/www.meydan.tv\/az\/#organization"},"potentialAction":[{"@type":"SearchAction","target":{"@type":"EntryPoint","urlTemplate":"https:\/\/www.meydan.tv\/az\/?s={search_term_string}"},"query-input":{"@type":"PropertyValueSpecification","valueRequired":true,"valueName":"search_term_string"}}],"inLanguage":"az"},{"@type":"Organization","@id":"https:\/\/www.meydan.tv\/az\/#organization","name":"Meydan TV","url":"https:\/\/www.meydan.tv\/az\/","logo":{"@type":"ImageObject","inLanguage":"az","@id":"https:\/\/www.meydan.tv\/az\/#\/schema\/logo\/image\/","url":"https:\/\/www.meydan.tv\/wp-content\/uploads\/2021\/07\/meydan-logo.svg","contentUrl":"https:\/\/www.meydan.tv\/wp-content\/uploads\/2021\/07\/meydan-logo.svg","width":195,"height":46,"caption":"Meydan TV"},"image":{"@id":"https:\/\/www.meydan.tv\/az\/#\/schema\/logo\/image\/"}},{"@type":"Person","@id":"https:\/\/www.meydan.tv\/az\/#\/schema\/person\/8f23e01c4de63326c13c319fb65ee65d","name":"roma"}]}},"_links":{"self":[{"href":"https:\/\/www.meydan.tv\/az\/wp-json\/wp\/v2\/posts\/343160","targetHints":{"allow":["GET"]}}],"collection":[{"href":"https:\/\/www.meydan.tv\/az\/wp-json\/wp\/v2\/posts"}],"about":[{"href":"https:\/\/www.meydan.tv\/az\/wp-json\/wp\/v2\/types\/post"}],"author":[{"embeddable":true,"href":"https:\/\/www.meydan.tv\/az\/wp-json\/wp\/v2\/users\/14"}],"replies":[{"embeddable":true,"href":"https:\/\/www.meydan.tv\/az\/wp-json\/wp\/v2\/comments?post=343160"}],"version-history":[{"count":3,"href":"https:\/\/www.meydan.tv\/az\/wp-json\/wp\/v2\/posts\/343160\/revisions"}],"predecessor-version":[{"id":343430,"href":"https:\/\/www.meydan.tv\/az\/wp-json\/wp\/v2\/posts\/343160\/revisions\/343430"}],"wp:featuredmedia":[{"embeddable":true,"href":"https:\/\/www.meydan.tv\/az\/wp-json\/wp\/v2\/media\/302657"}],"wp:attachment":[{"href":"https:\/\/www.meydan.tv\/az\/wp-json\/wp\/v2\/media?parent=343160"}],"wp:term":[{"taxonomy":"category","embeddable":true,"href":"https:\/\/www.meydan.tv\/az\/wp-json\/wp\/v2\/categories?post=343160"},{"taxonomy":"post_tag","embeddable":true,"href":"https:\/\/www.meydan.tv\/az\/wp-json\/wp\/v2\/tags?post=343160"}],"curies":[{"name":"wp","href":"https:\/\/api.w.org\/{rel}","templated":true}]}}