{"id":343084,"date":"2026-03-18T20:01:00","date_gmt":"2026-03-18T16:01:00","guid":{"rendered":"https:\/\/www.meydan.tv\/?p=343084"},"modified":"2026-03-18T20:01:03","modified_gmt":"2026-03-18T16:01:03","slug":"budc%c9%99y%c9%99-q%c9%99na%c9%99t-dovl%c9%99t-qulluqculari-ucun-%c9%99lav%c9%99-od%c9%99nisl%c9%99r-v%c9%99-mukafatlar-l%c9%99gv-olunur","status":"publish","type":"post","link":"https:\/\/www.meydan.tv\/az\/article\/budc%c9%99y%c9%99-q%c9%99na%c9%99t-dovl%c9%99t-qulluqculari-ucun-%c9%99lav%c9%99-od%c9%99nisl%c9%99r-v%c9%99-mukafatlar-l%c9%99gv-olunur\/","title":{"rendered":"B\u00fcdc\u0259y\u0259 q\u0259na\u0259t: D\u00f6vl\u0259t qulluq\u00e7ular\u0131 \u00fc\u00e7\u00fcn \u0259lav\u0259 \u00f6d\u0259ni\u015fl\u0259r v\u0259 m\u00fckafatlar l\u0259\u011fv olunur"},"content":{"rendered":"\n<p>D\u00f6vl\u0259t qulluq\u00e7ular\u0131n\u0131n maa\u015flar\u0131na edil\u0259n \u0259lav\u0259 \u00f6d\u0259ni\u015fl\u0259r l\u0259\u011fv oluna bil\u0259r. Bu m\u0259s\u0259l\u0259 Milli M\u0259clisd\u0259 m\u00fczakir\u0259y\u0259 \u00e7\u0131xar\u0131lan \u201cD\u00f6vl\u0259t qullu\u011fu haqq\u0131nda\u201d qanuna d\u0259yi\u015fiklik layih\u0259sind\u0259 \u0259ksini tap\u0131b.<\/p>\n\n\n\n<p>Layih\u0259y\u0259 g\u00f6r\u0259, haz\u0131rda maa\u015fa \u0259lav\u0259 olunan b\u0259zi \u00f6d\u0259ni\u015fl\u0259rin dayand\u0131r\u0131lmas\u0131 planla\u015fd\u0131r\u0131l\u0131r. Buraya staja g\u00f6r\u0259 veril\u0259n (5\u201330 faiz), hakimiyy\u0259t s\u0259lahiyy\u0259tl\u0259rinin icras\u0131na g\u00f6r\u0259 n\u0259z\u0259rd\u0259 tutulan (15 faiz), el\u0259c\u0259 d\u0259 dig\u0259r \u0259lav\u0259l\u0259r daxildir.<\/p>\n\n\n\n<p>Bundan ba\u015fqa, d\u00f6vl\u0259t qulluq\u00e7ular\u0131na b\u00fcdc\u0259 hesab\u0131na veril\u0259n m\u00fckafatlar\u0131n da tam l\u0259\u011fvi n\u0259z\u0259rd\u0259 tutulur.<\/p>\n\n\n\n<p>D\u0259yi\u015fiklikl\u0259rin m\u0259qs\u0259di \u0259m\u0259khaqq\u0131 sistemini daha vahid v\u0259 sabit formaya salmaq kimi izah olunur.<\/p>\n\n\n\n<p>R\u0259smi statistikaya g\u00f6r\u0259, 2025-ci ild\u0259 Az\u0259rbaycanda d\u00f6vl\u0259t qulluq\u00e7ular\u0131n\u0131n say\u0131 27,4 min n\u0259f\u0259r olub. Onlar\u0131n b\u00f6y\u00fck hiss\u0259si \u0259sas v\u0259zif\u0259l\u0259rd\u0259 \u00e7al\u0131\u015f\u0131r. 2024-c\u00fc ild\u0259 is\u0259 d\u00f6vl\u0259t qulluq\u00e7ular\u0131n\u0131n orta ayl\u0131q maa\u015f\u0131 1971 manat t\u0259\u015fkil edib.<\/p>\n\n\n\n<p>M\u00f6vzu il\u0259 ba\u011fl\u0131 dan\u0131\u015fan iqtisad\u00e7\u0131, REAL Partiyas\u0131n\u0131n s\u0259dri Natiq C\u0259f\u0259rli hesab edir ki, bu add\u0131m \u0259sas\u0259n b\u00fcdc\u0259 probleml\u0259ri il\u0259 ba\u011fl\u0131d\u0131r:<\/p>\n\n\n\n<p><em>\u201cB\u00fcdc\u0259 daxilolmalar\u0131nda probleml\u0259r var. D\u00fczd\u00fcr, neftin qiym\u0259ti son aylarda art\u0131b v\u0259 m\u00fc\u0259yy\u0259n art\u0131m hiss olunur. Amma \u00fcmumi v\u0259ziyy\u0259tin \u00e7\u0259tin oldu\u011fu bilinir. H\u00f6kum\u0259t d\u0259 bunu anlay\u0131r v\u0259 buna g\u00f6r\u0259 x\u0259rcl\u0259rd\u0259 ixtisarlara gedir\u201d.<\/em><\/p>\n\n\n\n<p>Onun s\u00f6zl\u0259rin\u0259 g\u00f6r\u0259, bel\u0259 d\u0259yi\u015fiklikl\u0259r d\u00f6vl\u0259t sektorunda i\u015fl\u0259m\u0259yi daha az c\u0259lbedici ed\u0259 bil\u0259r:<\/p>\n\n\n\n<p><em>\u201cBu add\u0131m d\u00f6vl\u0259t qullu\u011funda i\u015fl\u0259m\u0259yi maraql\u0131 ed\u0259c\u0259kmi? \u0130nsanlar burada i\u015fl\u0259m\u0259k ist\u0259y\u0259c\u0259kl\u0259rmi? \u00c7\u00fcnki indiy\u0259 q\u0259d\u0259r onlar maa\u015flar\u0131 q\u0259d\u0259r m\u00fckafat al\u0131rd\u0131lar\u201d.<\/em><\/p>\n\n\n\n<figure class=\"wp-block-image size-full\"><img decoding=\"async\" width=\"1200\" height=\"576\" data-src=\"https:\/\/www.meydan.tv\/wp-content\/uploads\/natiq_cafarli-scaled-e1727081002168-1200x576-1.jpg\" alt=\"\" class=\"wp-image-325529 lazyload\" src=\"data:image\/svg+xml;base64,PHN2ZyB3aWR0aD0iMSIgaGVpZ2h0PSIxIiB4bWxucz0iaHR0cDovL3d3dy53My5vcmcvMjAwMC9zdmciPjwvc3ZnPg==\" style=\"--smush-placeholder-width: 1200px; --smush-placeholder-aspect-ratio: 1200\/576;\" \/><figcaption class=\"wp-element-caption\">Illustration : Meydan TV<\/figcaption><\/figure>\n\n\n\n<p>\u0130qtisad\u00e7\u0131 \u0259lav\u0259 edir ki, maa\u015flar\u0131n azalmas\u0131 ba\u015fqa riskl\u0259r d\u0259 yarada bil\u0259r:<\/p>\n\n\n\n<p><em>\u201c\u018fg\u0259r r\u0259smi g\u0259lirl\u0259r azal\u0131rsa, bu, korrupsiya riskl\u0259rini art\u0131rmazm\u0131? Bu suallar a\u00e7\u0131q qal\u0131r. H\u00f6kum\u0259t h\u0259l\u0259lik bu d\u0259yi\u015fiklikl\u0259rin nec\u0259 t\u0259tbiq olunaca\u011f\u0131n\u0131 v\u0259 hans\u0131 mexanizml\u0259rin i\u015fl\u0259y\u0259c\u0259yini izah etm\u0259yib\u201d.<\/em><\/p>\n\n\n\n<p>Natiq C\u0259f\u0259rlinin fikrinc\u0259, \u0259sas m\u0259qs\u0259d b\u00fcdc\u0259y\u0259 q\u0259na\u0259t olsa da, bunun m\u00fcmk\u00fcn n\u0259tic\u0259l\u0259ri bar\u0259d\u0259 ayd\u0131nl\u0131q yoxdur:<br><br><em>&#8220;B\u00fcdc\u0259d\u0259n maliyy\u0259l\u0259\u015f\u0259n t\u0259\u015fkilatlar\u0131n tamam\u0131na aid olarsa, onlar\u0131n ham\u0131s\u0131 d\u00f6vl\u0259t qulluq\u00e7usu say\u0131lm\u0131r. Onlar\u0131n say\u0131 kifay\u0259t q\u0259d\u0259r \u00e7oxdur, onminl\u0259rl\u0259dir. Bu m\u0259s\u0259l\u0259d\u0259 hans\u0131 mexanizml\u0259r \u0259sas\u0131nda m\u00fckafatland\u0131rma sistemi qurulacaq, h\u00f6kum\u0259tin r\u0259smi a\u00e7\u0131qlamas\u0131 olsa, q\u0259rar\u0131 daha yax\u015f\u0131 d\u0259y\u0259rl\u0259ndirm\u0259k olard\u0131. \u0130lkin g\u00f6r\u00fcn\u0259n odur ki, b\u00fcdc\u0259 v\u0259saitin\u0259 q\u0259na\u0259t etm\u0259k m\u0259qs\u0259d qoyulub. Amma bu q\u0259na\u0259t hans\u0131 neqativ hallara yol a\u00e7acaq, bununla ba\u011fl\u0131 r\u0259smi a\u00e7\u0131qlama, sxem v\u0259 istiqam\u0259t olmal\u0131d\u0131r\u201d<\/em>, &#8211;  dey\u0259 iqtisad\u00e7\u0131 bildirib. <\/p>\n","protected":false},"excerpt":{"rendered":"<p>D\u00f6vl\u0259t qulluq\u00e7ular\u0131n\u0131n maa\u015flar\u0131na edil\u0259n \u0259lav\u0259 \u00f6d\u0259ni\u015fl\u0259r l\u0259\u011fv oluna bil\u0259r. Bu &#8230; <\/p>\n<p class=\"read-more-container\"><a title=\"B\u00fcdc\u0259y\u0259 q\u0259na\u0259t: D\u00f6vl\u0259t qulluq\u00e7ular\u0131 \u00fc\u00e7\u00fcn \u0259lav\u0259 \u00f6d\u0259ni\u015fl\u0259r v\u0259 m\u00fckafatlar l\u0259\u011fv olunur\" class=\"read-more button\" href=\"https:\/\/www.meydan.tv\/az\/article\/budc%c9%99y%c9%99-q%c9%99na%c9%99t-dovl%c9%99t-qulluqculari-ucun-%c9%99lav%c9%99-od%c9%99nisl%c9%99r-v%c9%99-mukafatlar-l%c9%99gv-olunur\/#more-343084\" aria-label=\"Read more about B\u00fcdc\u0259y\u0259 q\u0259na\u0259t: D\u00f6vl\u0259t qulluq\u00e7ular\u0131 \u00fc\u00e7\u00fcn \u0259lav\u0259 \u00f6d\u0259ni\u015fl\u0259r v\u0259 m\u00fckafatlar l\u0259\u011fv olunur\">Davam\u0131<\/a><\/p>\n","protected":false},"author":21,"featured_media":229702,"comment_status":"closed","ping_status":"closed","sticky":false,"template":"","format":"standard","meta":{"_acf_changed":false,"_sitemap_exclude":false,"_sitemap_priority":"","_sitemap_frequency":"","footnotes":""},"categories":[53,79,56],"tags":[],"class_list":["post-343084","post","type-post","status-publish","format-standard","has-post-thumbnail","hentry","category-iqtisadiyyat","category-featured","category-xeberler","infinite-scroll-item","generate-columns","tablet-grid-50","mobile-grid-100","grid-parent","grid-33","no-featured-image-padding"],"acf":[],"yoast_head":"<!-- This site is optimized with the Yoast SEO plugin v27.5 - https:\/\/yoast.com\/product\/yoast-seo-wordpress\/ -->\n<title>B\u00fcdc\u0259y\u0259 q\u0259na\u0259t: D\u00f6vl\u0259t qulluq\u00e7ular\u0131 \u00fc\u00e7\u00fcn \u0259lav\u0259 \u00f6d\u0259ni\u015fl\u0259r v\u0259 m\u00fckafatlar l\u0259\u011fv olunur - MEYDAN.TV<\/title>\n<meta name=\"robots\" content=\"index, follow, max-snippet:-1, max-image-preview:large, max-video-preview:-1\" \/>\n<link rel=\"canonical\" href=\"https:\/\/www.meydan.tv\/az\/article\/budc%c9%99y%c9%99-q%c9%99na%c9%99t-dovl%c9%99t-qulluqculari-ucun-%c9%99lav%c9%99-od%c9%99nisl%c9%99r-v%c9%99-mukafatlar-l%c9%99gv-olunur\/\" \/>\n<meta property=\"og:locale\" content=\"az_AZ\" \/>\n<meta property=\"og:type\" content=\"article\" \/>\n<meta property=\"og:title\" content=\"B\u00fcdc\u0259y\u0259 q\u0259na\u0259t: D\u00f6vl\u0259t qulluq\u00e7ular\u0131 \u00fc\u00e7\u00fcn \u0259lav\u0259 \u00f6d\u0259ni\u015fl\u0259r v\u0259 m\u00fckafatlar l\u0259\u011fv olunur - MEYDAN.TV\" \/>\n<meta property=\"og:description\" content=\"D\u00f6vl\u0259t qulluq\u00e7ular\u0131n\u0131n maa\u015flar\u0131na edil\u0259n \u0259lav\u0259 \u00f6d\u0259ni\u015fl\u0259r l\u0259\u011fv oluna bil\u0259r. Bu ... Davam\u0131\" \/>\n<meta property=\"og:url\" content=\"https:\/\/www.meydan.tv\/az\/article\/budc%c9%99y%c9%99-q%c9%99na%c9%99t-dovl%c9%99t-qulluqculari-ucun-%c9%99lav%c9%99-od%c9%99nisl%c9%99r-v%c9%99-mukafatlar-l%c9%99gv-olunur\/\" \/>\n<meta property=\"og:site_name\" content=\"MEYDAN.TV\" \/>\n<meta property=\"article:published_time\" content=\"2026-03-18T16:01:00+00:00\" \/>\n<meta property=\"article:modified_time\" content=\"2026-03-18T16:01:03+00:00\" \/>\n<meta property=\"og:image\" content=\"https:\/\/www.meydan.tv\/wp-content\/uploads\/shutterstock_1542645797-e1639986734360.jpg\" \/>\n\t<meta property=\"og:image:width\" content=\"1500\" \/>\n\t<meta property=\"og:image:height\" content=\"836\" \/>\n\t<meta property=\"og:image:type\" content=\"image\/jpeg\" \/>\n<meta name=\"author\" content=\"mahmud\" \/>\n<meta name=\"twitter:card\" content=\"summary_large_image\" \/>\n<script type=\"application\/ld+json\" class=\"yoast-schema-graph\">{\"@context\":\"https:\\\/\\\/schema.org\",\"@graph\":[{\"@type\":\"Article\",\"@id\":\"https:\\\/\\\/www.meydan.tv\\\/az\\\/article\\\/budc%c9%99y%c9%99-q%c9%99na%c9%99t-dovl%c9%99t-qulluqculari-ucun-%c9%99lav%c9%99-od%c9%99nisl%c9%99r-v%c9%99-mukafatlar-l%c9%99gv-olunur\\\/#article\",\"isPartOf\":{\"@id\":\"https:\\\/\\\/www.meydan.tv\\\/az\\\/article\\\/budc%c9%99y%c9%99-q%c9%99na%c9%99t-dovl%c9%99t-qulluqculari-ucun-%c9%99lav%c9%99-od%c9%99nisl%c9%99r-v%c9%99-mukafatlar-l%c9%99gv-olunur\\\/\"},\"author\":{\"name\":\"mahmud\",\"@id\":\"https:\\\/\\\/www.meydan.tv\\\/az\\\/#\\\/schema\\\/person\\\/09863e516102a829e72bedcf3f84c6b0\"},\"headline\":\"B\u00fcdc\u0259y\u0259 q\u0259na\u0259t: D\u00f6vl\u0259t qulluq\u00e7ular\u0131 \u00fc\u00e7\u00fcn \u0259lav\u0259 \u00f6d\u0259ni\u015fl\u0259r v\u0259 m\u00fckafatlar l\u0259\u011fv olunur\",\"datePublished\":\"2026-03-18T16:01:00+00:00\",\"dateModified\":\"2026-03-18T16:01:03+00:00\",\"mainEntityOfPage\":{\"@id\":\"https:\\\/\\\/www.meydan.tv\\\/az\\\/article\\\/budc%c9%99y%c9%99-q%c9%99na%c9%99t-dovl%c9%99t-qulluqculari-ucun-%c9%99lav%c9%99-od%c9%99nisl%c9%99r-v%c9%99-mukafatlar-l%c9%99gv-olunur\\\/\"},\"wordCount\":600,\"publisher\":{\"@id\":\"https:\\\/\\\/www.meydan.tv\\\/az\\\/#organization\"},\"image\":{\"@id\":\"https:\\\/\\\/www.meydan.tv\\\/az\\\/article\\\/budc%c9%99y%c9%99-q%c9%99na%c9%99t-dovl%c9%99t-qulluqculari-ucun-%c9%99lav%c9%99-od%c9%99nisl%c9%99r-v%c9%99-mukafatlar-l%c9%99gv-olunur\\\/#primaryimage\"},\"thumbnailUrl\":\"https:\\\/\\\/www.meydan.tv\\\/wp-content\\\/uploads\\\/shutterstock_1542645797-e1639986734360.jpg\",\"articleSection\":[\"\u0130qtisadiyyat\",\"T\u00f6vsiy\u0259\",\"X\u0259b\u0259rl\u0259r\"],\"inLanguage\":\"az\"},{\"@type\":\"WebPage\",\"@id\":\"https:\\\/\\\/www.meydan.tv\\\/az\\\/article\\\/budc%c9%99y%c9%99-q%c9%99na%c9%99t-dovl%c9%99t-qulluqculari-ucun-%c9%99lav%c9%99-od%c9%99nisl%c9%99r-v%c9%99-mukafatlar-l%c9%99gv-olunur\\\/\",\"url\":\"https:\\\/\\\/www.meydan.tv\\\/az\\\/article\\\/budc%c9%99y%c9%99-q%c9%99na%c9%99t-dovl%c9%99t-qulluqculari-ucun-%c9%99lav%c9%99-od%c9%99nisl%c9%99r-v%c9%99-mukafatlar-l%c9%99gv-olunur\\\/\",\"name\":\"B\u00fcdc\u0259y\u0259 q\u0259na\u0259t: D\u00f6vl\u0259t qulluq\u00e7ular\u0131 \u00fc\u00e7\u00fcn \u0259lav\u0259 \u00f6d\u0259ni\u015fl\u0259r v\u0259 m\u00fckafatlar l\u0259\u011fv olunur - MEYDAN.TV\",\"isPartOf\":{\"@id\":\"https:\\\/\\\/www.meydan.tv\\\/az\\\/#website\"},\"primaryImageOfPage\":{\"@id\":\"https:\\\/\\\/www.meydan.tv\\\/az\\\/article\\\/budc%c9%99y%c9%99-q%c9%99na%c9%99t-dovl%c9%99t-qulluqculari-ucun-%c9%99lav%c9%99-od%c9%99nisl%c9%99r-v%c9%99-mukafatlar-l%c9%99gv-olunur\\\/#primaryimage\"},\"image\":{\"@id\":\"https:\\\/\\\/www.meydan.tv\\\/az\\\/article\\\/budc%c9%99y%c9%99-q%c9%99na%c9%99t-dovl%c9%99t-qulluqculari-ucun-%c9%99lav%c9%99-od%c9%99nisl%c9%99r-v%c9%99-mukafatlar-l%c9%99gv-olunur\\\/#primaryimage\"},\"thumbnailUrl\":\"https:\\\/\\\/www.meydan.tv\\\/wp-content\\\/uploads\\\/shutterstock_1542645797-e1639986734360.jpg\",\"datePublished\":\"2026-03-18T16:01:00+00:00\",\"dateModified\":\"2026-03-18T16:01:03+00:00\",\"breadcrumb\":{\"@id\":\"https:\\\/\\\/www.meydan.tv\\\/az\\\/article\\\/budc%c9%99y%c9%99-q%c9%99na%c9%99t-dovl%c9%99t-qulluqculari-ucun-%c9%99lav%c9%99-od%c9%99nisl%c9%99r-v%c9%99-mukafatlar-l%c9%99gv-olunur\\\/#breadcrumb\"},\"inLanguage\":\"az\",\"potentialAction\":[{\"@type\":\"ReadAction\",\"target\":[\"https:\\\/\\\/www.meydan.tv\\\/az\\\/article\\\/budc%c9%99y%c9%99-q%c9%99na%c9%99t-dovl%c9%99t-qulluqculari-ucun-%c9%99lav%c9%99-od%c9%99nisl%c9%99r-v%c9%99-mukafatlar-l%c9%99gv-olunur\\\/\"]}]},{\"@type\":\"ImageObject\",\"inLanguage\":\"az\",\"@id\":\"https:\\\/\\\/www.meydan.tv\\\/az\\\/article\\\/budc%c9%99y%c9%99-q%c9%99na%c9%99t-dovl%c9%99t-qulluqculari-ucun-%c9%99lav%c9%99-od%c9%99nisl%c9%99r-v%c9%99-mukafatlar-l%c9%99gv-olunur\\\/#primaryimage\",\"url\":\"https:\\\/\\\/www.meydan.tv\\\/wp-content\\\/uploads\\\/shutterstock_1542645797-e1639986734360.jpg\",\"contentUrl\":\"https:\\\/\\\/www.meydan.tv\\\/wp-content\\\/uploads\\\/shutterstock_1542645797-e1639986734360.jpg\",\"width\":1500,\"height\":836,\"caption\":\"Manat, Foto: Janusz Pienkowski\\\/Shutterstock\"},{\"@type\":\"BreadcrumbList\",\"@id\":\"https:\\\/\\\/www.meydan.tv\\\/az\\\/article\\\/budc%c9%99y%c9%99-q%c9%99na%c9%99t-dovl%c9%99t-qulluqculari-ucun-%c9%99lav%c9%99-od%c9%99nisl%c9%99r-v%c9%99-mukafatlar-l%c9%99gv-olunur\\\/#breadcrumb\",\"itemListElement\":[{\"@type\":\"ListItem\",\"position\":1,\"name\":\"Ana s\u0259hif\u0259\",\"item\":\"https:\\\/\\\/www.meydan.tv\\\/az\\\/\"},{\"@type\":\"ListItem\",\"position\":2,\"name\":\"\u0130qtisadiyyat\",\"item\":\"https:\\\/\\\/www.meydan.tv\\\/az\\\/section\\\/iqtisadiyyat\\\/\"},{\"@type\":\"ListItem\",\"position\":3,\"name\":\"B\u00fcdc\u0259y\u0259 q\u0259na\u0259t: D\u00f6vl\u0259t qulluq\u00e7ular\u0131 \u00fc\u00e7\u00fcn \u0259lav\u0259 \u00f6d\u0259ni\u015fl\u0259r v\u0259 m\u00fckafatlar l\u0259\u011fv olunur\"}]},{\"@type\":\"WebSite\",\"@id\":\"https:\\\/\\\/www.meydan.tv\\\/az\\\/#website\",\"url\":\"https:\\\/\\\/www.meydan.tv\\\/az\\\/\",\"name\":\"MEYDAN.TV\",\"description\":\"Meydan TV Az\u0259rbaycan\u0131n media m\u0259kan\u0131ndak\u0131 alternativ s\u0259sidir\",\"publisher\":{\"@id\":\"https:\\\/\\\/www.meydan.tv\\\/az\\\/#organization\"},\"potentialAction\":[{\"@type\":\"SearchAction\",\"target\":{\"@type\":\"EntryPoint\",\"urlTemplate\":\"https:\\\/\\\/www.meydan.tv\\\/az\\\/?s={search_term_string}\"},\"query-input\":{\"@type\":\"PropertyValueSpecification\",\"valueRequired\":true,\"valueName\":\"search_term_string\"}}],\"inLanguage\":\"az\"},{\"@type\":\"Organization\",\"@id\":\"https:\\\/\\\/www.meydan.tv\\\/az\\\/#organization\",\"name\":\"Meydan TV\",\"url\":\"https:\\\/\\\/www.meydan.tv\\\/az\\\/\",\"logo\":{\"@type\":\"ImageObject\",\"inLanguage\":\"az\",\"@id\":\"https:\\\/\\\/www.meydan.tv\\\/az\\\/#\\\/schema\\\/logo\\\/image\\\/\",\"url\":\"https:\\\/\\\/www.meydan.tv\\\/wp-content\\\/uploads\\\/2021\\\/07\\\/meydan-logo.svg\",\"contentUrl\":\"https:\\\/\\\/www.meydan.tv\\\/wp-content\\\/uploads\\\/2021\\\/07\\\/meydan-logo.svg\",\"width\":195,\"height\":46,\"caption\":\"Meydan TV\"},\"image\":{\"@id\":\"https:\\\/\\\/www.meydan.tv\\\/az\\\/#\\\/schema\\\/logo\\\/image\\\/\"}},{\"@type\":\"Person\",\"@id\":\"https:\\\/\\\/www.meydan.tv\\\/az\\\/#\\\/schema\\\/person\\\/09863e516102a829e72bedcf3f84c6b0\",\"name\":\"mahmud\"}]}<\/script>\n<!-- \/ Yoast SEO plugin. -->","yoast_head_json":{"title":"B\u00fcdc\u0259y\u0259 q\u0259na\u0259t: D\u00f6vl\u0259t qulluq\u00e7ular\u0131 \u00fc\u00e7\u00fcn \u0259lav\u0259 \u00f6d\u0259ni\u015fl\u0259r v\u0259 m\u00fckafatlar l\u0259\u011fv olunur - MEYDAN.TV","robots":{"index":"index","follow":"follow","max-snippet":"max-snippet:-1","max-image-preview":"max-image-preview:large","max-video-preview":"max-video-preview:-1"},"canonical":"https:\/\/www.meydan.tv\/az\/article\/budc%c9%99y%c9%99-q%c9%99na%c9%99t-dovl%c9%99t-qulluqculari-ucun-%c9%99lav%c9%99-od%c9%99nisl%c9%99r-v%c9%99-mukafatlar-l%c9%99gv-olunur\/","og_locale":"az_AZ","og_type":"article","og_title":"B\u00fcdc\u0259y\u0259 q\u0259na\u0259t: D\u00f6vl\u0259t qulluq\u00e7ular\u0131 \u00fc\u00e7\u00fcn \u0259lav\u0259 \u00f6d\u0259ni\u015fl\u0259r v\u0259 m\u00fckafatlar l\u0259\u011fv olunur - MEYDAN.TV","og_description":"D\u00f6vl\u0259t qulluq\u00e7ular\u0131n\u0131n maa\u015flar\u0131na edil\u0259n \u0259lav\u0259 \u00f6d\u0259ni\u015fl\u0259r l\u0259\u011fv oluna bil\u0259r. Bu ... Davam\u0131","og_url":"https:\/\/www.meydan.tv\/az\/article\/budc%c9%99y%c9%99-q%c9%99na%c9%99t-dovl%c9%99t-qulluqculari-ucun-%c9%99lav%c9%99-od%c9%99nisl%c9%99r-v%c9%99-mukafatlar-l%c9%99gv-olunur\/","og_site_name":"MEYDAN.TV","article_published_time":"2026-03-18T16:01:00+00:00","article_modified_time":"2026-03-18T16:01:03+00:00","og_image":[{"width":1500,"height":836,"url":"https:\/\/www.meydan.tv\/wp-content\/uploads\/shutterstock_1542645797-e1639986734360.jpg","type":"image\/jpeg"}],"author":"mahmud","twitter_card":"summary_large_image","schema":{"@context":"https:\/\/schema.org","@graph":[{"@type":"Article","@id":"https:\/\/www.meydan.tv\/az\/article\/budc%c9%99y%c9%99-q%c9%99na%c9%99t-dovl%c9%99t-qulluqculari-ucun-%c9%99lav%c9%99-od%c9%99nisl%c9%99r-v%c9%99-mukafatlar-l%c9%99gv-olunur\/#article","isPartOf":{"@id":"https:\/\/www.meydan.tv\/az\/article\/budc%c9%99y%c9%99-q%c9%99na%c9%99t-dovl%c9%99t-qulluqculari-ucun-%c9%99lav%c9%99-od%c9%99nisl%c9%99r-v%c9%99-mukafatlar-l%c9%99gv-olunur\/"},"author":{"name":"mahmud","@id":"https:\/\/www.meydan.tv\/az\/#\/schema\/person\/09863e516102a829e72bedcf3f84c6b0"},"headline":"B\u00fcdc\u0259y\u0259 q\u0259na\u0259t: D\u00f6vl\u0259t qulluq\u00e7ular\u0131 \u00fc\u00e7\u00fcn \u0259lav\u0259 \u00f6d\u0259ni\u015fl\u0259r v\u0259 m\u00fckafatlar l\u0259\u011fv olunur","datePublished":"2026-03-18T16:01:00+00:00","dateModified":"2026-03-18T16:01:03+00:00","mainEntityOfPage":{"@id":"https:\/\/www.meydan.tv\/az\/article\/budc%c9%99y%c9%99-q%c9%99na%c9%99t-dovl%c9%99t-qulluqculari-ucun-%c9%99lav%c9%99-od%c9%99nisl%c9%99r-v%c9%99-mukafatlar-l%c9%99gv-olunur\/"},"wordCount":600,"publisher":{"@id":"https:\/\/www.meydan.tv\/az\/#organization"},"image":{"@id":"https:\/\/www.meydan.tv\/az\/article\/budc%c9%99y%c9%99-q%c9%99na%c9%99t-dovl%c9%99t-qulluqculari-ucun-%c9%99lav%c9%99-od%c9%99nisl%c9%99r-v%c9%99-mukafatlar-l%c9%99gv-olunur\/#primaryimage"},"thumbnailUrl":"https:\/\/www.meydan.tv\/wp-content\/uploads\/shutterstock_1542645797-e1639986734360.jpg","articleSection":["\u0130qtisadiyyat","T\u00f6vsiy\u0259","X\u0259b\u0259rl\u0259r"],"inLanguage":"az"},{"@type":"WebPage","@id":"https:\/\/www.meydan.tv\/az\/article\/budc%c9%99y%c9%99-q%c9%99na%c9%99t-dovl%c9%99t-qulluqculari-ucun-%c9%99lav%c9%99-od%c9%99nisl%c9%99r-v%c9%99-mukafatlar-l%c9%99gv-olunur\/","url":"https:\/\/www.meydan.tv\/az\/article\/budc%c9%99y%c9%99-q%c9%99na%c9%99t-dovl%c9%99t-qulluqculari-ucun-%c9%99lav%c9%99-od%c9%99nisl%c9%99r-v%c9%99-mukafatlar-l%c9%99gv-olunur\/","name":"B\u00fcdc\u0259y\u0259 q\u0259na\u0259t: D\u00f6vl\u0259t qulluq\u00e7ular\u0131 \u00fc\u00e7\u00fcn \u0259lav\u0259 \u00f6d\u0259ni\u015fl\u0259r v\u0259 m\u00fckafatlar l\u0259\u011fv olunur - MEYDAN.TV","isPartOf":{"@id":"https:\/\/www.meydan.tv\/az\/#website"},"primaryImageOfPage":{"@id":"https:\/\/www.meydan.tv\/az\/article\/budc%c9%99y%c9%99-q%c9%99na%c9%99t-dovl%c9%99t-qulluqculari-ucun-%c9%99lav%c9%99-od%c9%99nisl%c9%99r-v%c9%99-mukafatlar-l%c9%99gv-olunur\/#primaryimage"},"image":{"@id":"https:\/\/www.meydan.tv\/az\/article\/budc%c9%99y%c9%99-q%c9%99na%c9%99t-dovl%c9%99t-qulluqculari-ucun-%c9%99lav%c9%99-od%c9%99nisl%c9%99r-v%c9%99-mukafatlar-l%c9%99gv-olunur\/#primaryimage"},"thumbnailUrl":"https:\/\/www.meydan.tv\/wp-content\/uploads\/shutterstock_1542645797-e1639986734360.jpg","datePublished":"2026-03-18T16:01:00+00:00","dateModified":"2026-03-18T16:01:03+00:00","breadcrumb":{"@id":"https:\/\/www.meydan.tv\/az\/article\/budc%c9%99y%c9%99-q%c9%99na%c9%99t-dovl%c9%99t-qulluqculari-ucun-%c9%99lav%c9%99-od%c9%99nisl%c9%99r-v%c9%99-mukafatlar-l%c9%99gv-olunur\/#breadcrumb"},"inLanguage":"az","potentialAction":[{"@type":"ReadAction","target":["https:\/\/www.meydan.tv\/az\/article\/budc%c9%99y%c9%99-q%c9%99na%c9%99t-dovl%c9%99t-qulluqculari-ucun-%c9%99lav%c9%99-od%c9%99nisl%c9%99r-v%c9%99-mukafatlar-l%c9%99gv-olunur\/"]}]},{"@type":"ImageObject","inLanguage":"az","@id":"https:\/\/www.meydan.tv\/az\/article\/budc%c9%99y%c9%99-q%c9%99na%c9%99t-dovl%c9%99t-qulluqculari-ucun-%c9%99lav%c9%99-od%c9%99nisl%c9%99r-v%c9%99-mukafatlar-l%c9%99gv-olunur\/#primaryimage","url":"https:\/\/www.meydan.tv\/wp-content\/uploads\/shutterstock_1542645797-e1639986734360.jpg","contentUrl":"https:\/\/www.meydan.tv\/wp-content\/uploads\/shutterstock_1542645797-e1639986734360.jpg","width":1500,"height":836,"caption":"Manat, Foto: Janusz Pienkowski\/Shutterstock"},{"@type":"BreadcrumbList","@id":"https:\/\/www.meydan.tv\/az\/article\/budc%c9%99y%c9%99-q%c9%99na%c9%99t-dovl%c9%99t-qulluqculari-ucun-%c9%99lav%c9%99-od%c9%99nisl%c9%99r-v%c9%99-mukafatlar-l%c9%99gv-olunur\/#breadcrumb","itemListElement":[{"@type":"ListItem","position":1,"name":"Ana s\u0259hif\u0259","item":"https:\/\/www.meydan.tv\/az\/"},{"@type":"ListItem","position":2,"name":"\u0130qtisadiyyat","item":"https:\/\/www.meydan.tv\/az\/section\/iqtisadiyyat\/"},{"@type":"ListItem","position":3,"name":"B\u00fcdc\u0259y\u0259 q\u0259na\u0259t: D\u00f6vl\u0259t qulluq\u00e7ular\u0131 \u00fc\u00e7\u00fcn \u0259lav\u0259 \u00f6d\u0259ni\u015fl\u0259r v\u0259 m\u00fckafatlar l\u0259\u011fv olunur"}]},{"@type":"WebSite","@id":"https:\/\/www.meydan.tv\/az\/#website","url":"https:\/\/www.meydan.tv\/az\/","name":"MEYDAN.TV","description":"Meydan TV Az\u0259rbaycan\u0131n media m\u0259kan\u0131ndak\u0131 alternativ s\u0259sidir","publisher":{"@id":"https:\/\/www.meydan.tv\/az\/#organization"},"potentialAction":[{"@type":"SearchAction","target":{"@type":"EntryPoint","urlTemplate":"https:\/\/www.meydan.tv\/az\/?s={search_term_string}"},"query-input":{"@type":"PropertyValueSpecification","valueRequired":true,"valueName":"search_term_string"}}],"inLanguage":"az"},{"@type":"Organization","@id":"https:\/\/www.meydan.tv\/az\/#organization","name":"Meydan TV","url":"https:\/\/www.meydan.tv\/az\/","logo":{"@type":"ImageObject","inLanguage":"az","@id":"https:\/\/www.meydan.tv\/az\/#\/schema\/logo\/image\/","url":"https:\/\/www.meydan.tv\/wp-content\/uploads\/2021\/07\/meydan-logo.svg","contentUrl":"https:\/\/www.meydan.tv\/wp-content\/uploads\/2021\/07\/meydan-logo.svg","width":195,"height":46,"caption":"Meydan TV"},"image":{"@id":"https:\/\/www.meydan.tv\/az\/#\/schema\/logo\/image\/"}},{"@type":"Person","@id":"https:\/\/www.meydan.tv\/az\/#\/schema\/person\/09863e516102a829e72bedcf3f84c6b0","name":"mahmud"}]}},"_links":{"self":[{"href":"https:\/\/www.meydan.tv\/az\/wp-json\/wp\/v2\/posts\/343084","targetHints":{"allow":["GET"]}}],"collection":[{"href":"https:\/\/www.meydan.tv\/az\/wp-json\/wp\/v2\/posts"}],"about":[{"href":"https:\/\/www.meydan.tv\/az\/wp-json\/wp\/v2\/types\/post"}],"author":[{"embeddable":true,"href":"https:\/\/www.meydan.tv\/az\/wp-json\/wp\/v2\/users\/21"}],"replies":[{"embeddable":true,"href":"https:\/\/www.meydan.tv\/az\/wp-json\/wp\/v2\/comments?post=343084"}],"version-history":[{"count":1,"href":"https:\/\/www.meydan.tv\/az\/wp-json\/wp\/v2\/posts\/343084\/revisions"}],"predecessor-version":[{"id":343085,"href":"https:\/\/www.meydan.tv\/az\/wp-json\/wp\/v2\/posts\/343084\/revisions\/343085"}],"wp:featuredmedia":[{"embeddable":true,"href":"https:\/\/www.meydan.tv\/az\/wp-json\/wp\/v2\/media\/229702"}],"wp:attachment":[{"href":"https:\/\/www.meydan.tv\/az\/wp-json\/wp\/v2\/media?parent=343084"}],"wp:term":[{"taxonomy":"category","embeddable":true,"href":"https:\/\/www.meydan.tv\/az\/wp-json\/wp\/v2\/categories?post=343084"},{"taxonomy":"post_tag","embeddable":true,"href":"https:\/\/www.meydan.tv\/az\/wp-json\/wp\/v2\/tags?post=343084"}],"curies":[{"name":"wp","href":"https:\/\/api.w.org\/{rel}","templated":true}]}}