{"id":343050,"date":"2026-03-17T15:59:26","date_gmt":"2026-03-17T11:59:26","guid":{"rendered":"https:\/\/www.meydan.tv\/?p=343050"},"modified":"2026-03-17T21:24:08","modified_gmt":"2026-03-17T17:24:08","slug":"ayxan-israfilov-barakda-diktatura-formalasib","status":"publish","type":"post","link":"https:\/\/www.meydan.tv\/az\/article\/ayxan-israfilov-barakda-diktatura-formalasib\/","title":{"rendered":"Ayxan \u0130srafilov: \u201cBarakda diktatura formala\u015f\u0131b\u201d"},"content":{"rendered":"\n<p>\u201c\u0130\u015f\u00e7i Masas\u0131\u201d H\u0259mkarlar \u0130ttifaqlar\u0131 Konfederasiyas\u0131n\u0131n h\u0259bsd\u0259 olan \u00fczv\u00fc Ayxan \u0130srafilov saxlan\u0131ld\u0131\u011f\u0131 10 sayl\u0131 C\u0259za\u00e7\u0259km\u0259 M\u00fc\u0259ssis\u0259nd\u0259 son aylar sosial izolyasiyaya m\u0259ruz qald\u0131\u011f\u0131n\u0131 deyir. Bu haqda Meydan TV &#8220;\u0130\u015f\u00e7i Masa&#8221;s\u0131ndan m\u0259lumat veribl\u0259r. <\/p>\n\n\n\n<p>10 sayl\u0131 c\u0259za m\u00fc\u0259ssis\u0259sind\u0259 saxlan\u0131lan m\u0259hkum Ayxan \u0130srafilov barakda ona qar\u015f\u0131 sosial izolyasiya yarad\u0131ld\u0131\u011f\u0131n\u0131 bildirir.<\/p>\n\n\n\n<h4 class=\"wp-block-heading\"><strong>\u201cM\u0259niml\u0259 dan\u0131\u015fma\u011f\u0131 qada\u011fan edibl\u0259r\u201d<\/strong><\/h4>\n\n\n\n<p>Onun s\u00f6zl\u0259rin\u0259 g\u00f6r\u0259, barakda qeyri-r\u0259smi \u201cba\u015f\u00e7\u0131\u201d kimi tan\u0131nan \u015f\u0259xs dig\u0259r m\u0259hkumlara onunla \u00fcnsiyy\u0259ti k\u0259sm\u0259yi tap\u015f\u0131r\u0131r: <em>\u201cBarakdak\u0131 dustaqlara bir-bir yax\u0131nla\u015f\u0131b m\u0259niml\u0259 \u00fcnsiyy\u0259ti k\u0259sm\u0259yi \u0259mr edir. Sosial izolyasiya yaratmaq ist\u0259yir\u201d.<\/em><\/p>\n\n\n\n<p>\u0130srafilov deyir ki, bu m\u00fcnasib\u0259t barakda i\u015f\u0131qlar\u0131n b\u0259rpas\u0131 \u00fc\u00e7\u00fcn etdiyi \u015fikay\u0259td\u0259n sonra yaran\u0131b v\u0259 ona qar\u015f\u0131 aqressiya art\u0131b.<\/p>\n\n\n\n<h4 class=\"wp-block-heading\"><strong>\u201cBarakda diktatura formala\u015f\u0131b\u201d<\/strong><\/h4>\n\n\n\n<p>M\u0259hkumun s\u00f6zl\u0259rin\u0259 g\u00f6r\u0259, 10 sayl\u0131 m\u00fc\u0259ssis\u0259nin 6-c\u0131 d\u0259st\u0259sinin yataqxanas\u0131nda son 1-2 ayda v\u0259ziyy\u0259t xeyli a\u011f\u0131rla\u015f\u0131b:<\/p>\n\n\n\n<p><em>\u201cQol g\u00fcc\u00fcn\u0259, t\u0259hdidl\u0259r alt\u0131nda insanlar\u0131n irad\u0259si s\u0131nd\u0131r\u0131l\u0131r. Burada \u0259sl diktatura formala\u015f\u0131b\u201d.<\/em><\/p>\n\n\n\n<p>O iddia edir ki, m\u00fc\u0259ssis\u0259d\u0259 n\u0259zar\u0259t etm\u0259li olan \u015f\u0259xsl\u0259r bu proses\u0259 g\u00f6z yumur v\u0259 ya m\u0259lumatlar t\u0259hrif olunur:&nbsp;<\/p>\n\n\n\n<p><em>\u201c\u0130nformator \u00f6z\u00fc \u2018qo\u00e7u\u2019 il\u0259 birl\u0259\u015fib, bu \u015f\u0259raiti yarad\u0131blar. \u2018A\u011fa\u2019n\u0131n etdiyi \u00f6zba\u015f\u0131nal\u0131q ya \u00f6rt-basd\u0131r olunur, ya da yuxar\u0131ya t\u0259hrif olunmu\u015f formada \u00e7atd\u0131r\u0131l\u0131r\u201d.<\/em><\/p>\n\n\n\n<p>\u0130srafilov bildirir ki, m\u00f6vcud \u015f\u0259raitd\u0259 \u015fikay\u0259t etm\u0259k d\u0259 faktiki m\u00fcmk\u00fcn deyil:&nbsp;<\/p>\n\n\n\n<p><em>\u201cGedib he\u00e7 yer\u0259 \u015fikay\u0259t etm\u0259k m\u00fcmk\u00fcn deyil. N\u0259tic\u0259d\u0259 yen\u0259 informatoru \u00e7a\u011f\u0131r\u0131b ondan soru\u015facaqlar\u201d.<\/em><\/p>\n\n\n\n<p>M\u0259hkum \u0259lav\u0259 edir ki, barakda saxlanma \u015f\u0259raiti d\u0259 q\u0259na\u0259tb\u0259x\u015f deyil:<br><br><em>\u201cS\u0259h\u0259r 10:00-dan sonra barakda i\u015f\u0131qlar s\u00f6n\u00fcr, jal\u00fczl\u0259r ba\u011flan\u0131r. Bu qaranl\u0131qda n\u0259 bir kitab oxumaq olar, n\u0259 d\u0259 bir krossvord yazmaq\u201d.<\/em><\/p>\n\n\n\n<p>Onun s\u00f6zl\u0259rin\u0259 g\u00f6r\u0259, \u00fcmumi psixoloji m\u00fchit d\u0259 a\u011f\u0131rd\u0131r:<\/p>\n\n\n\n<p><em>&nbsp;\u201cBurda \u00f6z\u00fcm\u00fc 30-cu ill\u0259rin SSR\u0130-sind\u0259ki kimi hiss edir\u0259m. He\u00e7 k\u0259sin dilin\u0259 g\u0259tirm\u0259diyi, amma g\u00f6zl\u0259rind\u0259 sezil\u0259n bir qorxu var\u201d.<\/em><\/p>\n\n\n\n<p>\u0130srafilov deyir ki, az\u0131 3 n\u0259f\u0259r psixoloji t\u0259zyiq\u0259 d\u00f6zm\u0259y\u0259r\u0259k ba\u015fqa yer\u0259 k\u00f6\u00e7\u00fcb, dig\u0259rl\u0259ri is\u0259 yer \u00e7at\u0131\u015fmazl\u0131\u011f\u0131 s\u0259b\u0259bind\u0259n qalma\u011fa m\u0259cburdur.<\/p>\n\n\n\n<h4 class=\"wp-block-heading\"><strong>\u201cBu, \u015fikay\u0259t yox, x\u0259b\u0259rdarl\u0131qd\u0131r\u201d<\/strong><\/h4>\n\n\n\n<p>M\u0259hkum hesab edir ki, v\u0259ziyy\u0259t g\u0259rgin olaraq qal\u0131r v\u0259 fiziki qar\u015f\u0131durma riski var:<\/p>\n\n\n\n<p><em>\u201cM\u0259n he\u00e7 bir diktatura il\u0259 bar\u0131\u015fmaq niyy\u0259tind\u0259 deyil\u0259m. \u018fmin\u0259m ki, bu bar\u0131\u015fmazl\u0131q fiziki konflikt\u0259 s\u0259b\u0259b olacaq. Bu qa\u00e7\u0131lmazd\u0131r\u201d<\/em>.<\/p>\n\n\n\n<p>Ayxan \u0130srafilov m\u00fcraci\u0259tinin x\u0259b\u0259rdarl\u0131q xarakteri da\u015f\u0131d\u0131\u011f\u0131n\u0131 bildirir v\u0259 Penitensiar Xidm\u0259t r\u0259hb\u0259rliyini t\u0259dbir g\u00f6rm\u0259y\u0259 \u00e7a\u011f\u0131r\u0131r:<\/p>\n\n\n\n<p><em>\u201cQoy r\u0259hb\u0259rlik bilsin v\u0259 laz\u0131mi add\u0131mlar\u0131 ats\u0131n. M\u0259hkumlar\u0131n h\u0259m fiziki, h\u0259m d\u0259 psixoloji t\u0259hl\u00fck\u0259sizliyi t\u0259min edilsin\u201d.<\/em><\/p>\n\n\n\n<p>Ayxan \u0130srafilovun dedikl\u0259ri il\u0259 ba\u011fl\u0131 aidiyyat\u0131 qurumlardan a\u00e7\u0131qlam almaq m\u00fcmk\u00fcn olmay\u0131b.&nbsp;<\/p>\n\n\n\n<p>Ayxan \u0130srafilov 2023-c\u00fc il avqustun 11-d\u0259 h\u0259bs olunub.<\/p>\n\n\n\n<p>O, narkotik madd\u0259l\u0259rin \u0259ld\u0259 etm\u0259, da\u015f\u0131ma madd\u0259si il\u0259 ittiham olunur. Bak\u0131 A\u011f\u0131r Cinay\u0259tl\u0259r M\u0259hk\u0259m\u0259sind\u0259 bu ittihamla ona 3 il azadl\u0131qdan m\u0259hrumetm\u0259 c\u0259zas\u0131 verilib.<\/p>\n\n\n\n<p>Lakin o, \u00f6z\u00fcn\u00fc t\u0259qsirli bilmir, narkotikl\u0259 \u015f\u0259rl\u0259n\u0259r\u0259k h\u0259bs olundu\u011funu deyir.&nbsp;&nbsp;<\/p>\n\n\n\n<p>Ayxan \u0130srafilov bildirib ki, i\u015f\u00e7il\u0259rin h\u00fcquqlar\u0131n\u0131 m\u00fcdafi\u0259 etdiyin\u0259, t\u0259nqidi fikirl\u0259rin\u0259 v\u0259 siyasi bax\u0131\u015flar\u0131na g\u00f6r\u0259 sifari\u015fl\u0259 c\u0259zaland\u0131r\u0131l\u0131b.<\/p>\n","protected":false},"excerpt":{"rendered":"<p>\u201c\u0130\u015f\u00e7i Masas\u0131\u201d H\u0259mkarlar \u0130ttifaqlar\u0131 Konfederasiyas\u0131n\u0131n h\u0259bsd\u0259 olan \u00fczv\u00fc Ayxan \u0130srafilov &#8230; <\/p>\n<p class=\"read-more-container\"><a title=\"Ayxan \u0130srafilov: \u201cBarakda diktatura formala\u015f\u0131b\u201d\" class=\"read-more button\" href=\"https:\/\/www.meydan.tv\/az\/article\/ayxan-israfilov-barakda-diktatura-formalasib\/#more-343050\" aria-label=\"Read more about Ayxan \u0130srafilov: \u201cBarakda diktatura formala\u015f\u0131b\u201d\">Davam\u0131<\/a><\/p>\n","protected":false},"author":21,"featured_media":302657,"comment_status":"closed","ping_status":"closed","sticky":false,"template":"","format":"standard","meta":{"_acf_changed":false,"_sitemap_exclude":false,"_sitemap_priority":"","_sitemap_frequency":"","footnotes":""},"categories":[172,59,79,56],"tags":[],"class_list":["post-343050","post","type-post","status-publish","format-standard","has-post-thumbnail","hentry","category-hebsxanadan-mektublar","category-siyaset","category-featured","category-xeberler","infinite-scroll-item","generate-columns","tablet-grid-50","mobile-grid-100","grid-parent","grid-33","no-featured-image-padding"],"acf":[],"yoast_head":"<!-- This site is optimized with the Yoast SEO plugin v27.5 - https:\/\/yoast.com\/product\/yoast-seo-wordpress\/ -->\n<title>Ayxan \u0130srafilov: \u201cBarakda diktatura formala\u015f\u0131b\u201d - MEYDAN.TV<\/title>\n<meta name=\"robots\" content=\"index, follow, max-snippet:-1, max-image-preview:large, max-video-preview:-1\" \/>\n<link rel=\"canonical\" href=\"https:\/\/www.meydan.tv\/az\/article\/ayxan-israfilov-barakda-diktatura-formalasib\/\" \/>\n<meta property=\"og:locale\" content=\"az_AZ\" \/>\n<meta property=\"og:type\" content=\"article\" \/>\n<meta property=\"og:title\" content=\"Ayxan \u0130srafilov: \u201cBarakda diktatura formala\u015f\u0131b\u201d - MEYDAN.TV\" \/>\n<meta property=\"og:description\" content=\"\u201c\u0130\u015f\u00e7i Masas\u0131\u201d H\u0259mkarlar \u0130ttifaqlar\u0131 Konfederasiyas\u0131n\u0131n h\u0259bsd\u0259 olan \u00fczv\u00fc Ayxan \u0130srafilov ... Davam\u0131\" \/>\n<meta property=\"og:url\" content=\"https:\/\/www.meydan.tv\/az\/article\/ayxan-israfilov-barakda-diktatura-formalasib\/\" \/>\n<meta property=\"og:site_name\" content=\"MEYDAN.TV\" \/>\n<meta property=\"article:published_time\" content=\"2026-03-17T11:59:26+00:00\" \/>\n<meta property=\"article:modified_time\" content=\"2026-03-17T17:24:08+00:00\" \/>\n<meta property=\"og:image\" content=\"https:\/\/www.meydan.tv\/wp-content\/uploads\/ayxan-e1762355988143.jpg\" \/>\n\t<meta property=\"og:image:width\" content=\"1000\" \/>\n\t<meta property=\"og:image:height\" content=\"458\" \/>\n\t<meta property=\"og:image:type\" content=\"image\/jpeg\" \/>\n<meta name=\"author\" content=\"mahmud\" \/>\n<meta name=\"twitter:card\" content=\"summary_large_image\" \/>\n<script type=\"application\/ld+json\" class=\"yoast-schema-graph\">{\"@context\":\"https:\\\/\\\/schema.org\",\"@graph\":[{\"@type\":\"Article\",\"@id\":\"https:\\\/\\\/www.meydan.tv\\\/az\\\/article\\\/ayxan-israfilov-barakda-diktatura-formalasib\\\/#article\",\"isPartOf\":{\"@id\":\"https:\\\/\\\/www.meydan.tv\\\/az\\\/article\\\/ayxan-israfilov-barakda-diktatura-formalasib\\\/\"},\"author\":{\"name\":\"mahmud\",\"@id\":\"https:\\\/\\\/www.meydan.tv\\\/az\\\/#\\\/schema\\\/person\\\/09863e516102a829e72bedcf3f84c6b0\"},\"headline\":\"Ayxan \u0130srafilov: \u201cBarakda diktatura formala\u015f\u0131b\u201d\",\"datePublished\":\"2026-03-17T11:59:26+00:00\",\"dateModified\":\"2026-03-17T17:24:08+00:00\",\"mainEntityOfPage\":{\"@id\":\"https:\\\/\\\/www.meydan.tv\\\/az\\\/article\\\/ayxan-israfilov-barakda-diktatura-formalasib\\\/\"},\"wordCount\":659,\"publisher\":{\"@id\":\"https:\\\/\\\/www.meydan.tv\\\/az\\\/#organization\"},\"image\":{\"@id\":\"https:\\\/\\\/www.meydan.tv\\\/az\\\/article\\\/ayxan-israfilov-barakda-diktatura-formalasib\\\/#primaryimage\"},\"thumbnailUrl\":\"https:\\\/\\\/www.meydan.tv\\\/wp-content\\\/uploads\\\/ayxan-e1762355988143.jpg\",\"articleSection\":[\"H\u0259bsxanadan m\u0259ktublar\",\"Siyas\u0259t\",\"T\u00f6vsiy\u0259\",\"X\u0259b\u0259rl\u0259r\"],\"inLanguage\":\"az\"},{\"@type\":\"WebPage\",\"@id\":\"https:\\\/\\\/www.meydan.tv\\\/az\\\/article\\\/ayxan-israfilov-barakda-diktatura-formalasib\\\/\",\"url\":\"https:\\\/\\\/www.meydan.tv\\\/az\\\/article\\\/ayxan-israfilov-barakda-diktatura-formalasib\\\/\",\"name\":\"Ayxan \u0130srafilov: \u201cBarakda diktatura formala\u015f\u0131b\u201d - MEYDAN.TV\",\"isPartOf\":{\"@id\":\"https:\\\/\\\/www.meydan.tv\\\/az\\\/#website\"},\"primaryImageOfPage\":{\"@id\":\"https:\\\/\\\/www.meydan.tv\\\/az\\\/article\\\/ayxan-israfilov-barakda-diktatura-formalasib\\\/#primaryimage\"},\"image\":{\"@id\":\"https:\\\/\\\/www.meydan.tv\\\/az\\\/article\\\/ayxan-israfilov-barakda-diktatura-formalasib\\\/#primaryimage\"},\"thumbnailUrl\":\"https:\\\/\\\/www.meydan.tv\\\/wp-content\\\/uploads\\\/ayxan-e1762355988143.jpg\",\"datePublished\":\"2026-03-17T11:59:26+00:00\",\"dateModified\":\"2026-03-17T17:24:08+00:00\",\"breadcrumb\":{\"@id\":\"https:\\\/\\\/www.meydan.tv\\\/az\\\/article\\\/ayxan-israfilov-barakda-diktatura-formalasib\\\/#breadcrumb\"},\"inLanguage\":\"az\",\"potentialAction\":[{\"@type\":\"ReadAction\",\"target\":[\"https:\\\/\\\/www.meydan.tv\\\/az\\\/article\\\/ayxan-israfilov-barakda-diktatura-formalasib\\\/\"]}]},{\"@type\":\"ImageObject\",\"inLanguage\":\"az\",\"@id\":\"https:\\\/\\\/www.meydan.tv\\\/az\\\/article\\\/ayxan-israfilov-barakda-diktatura-formalasib\\\/#primaryimage\",\"url\":\"https:\\\/\\\/www.meydan.tv\\\/wp-content\\\/uploads\\\/ayxan-e1762355988143.jpg\",\"contentUrl\":\"https:\\\/\\\/www.meydan.tv\\\/wp-content\\\/uploads\\\/ayxan-e1762355988143.jpg\",\"width\":1000,\"height\":458,\"caption\":\"Ayxan \u0130srafilov. Foto: Ayxan \u0130srafilovun \u015f\u0259xsi arxivind\u0259n\"},{\"@type\":\"BreadcrumbList\",\"@id\":\"https:\\\/\\\/www.meydan.tv\\\/az\\\/article\\\/ayxan-israfilov-barakda-diktatura-formalasib\\\/#breadcrumb\",\"itemListElement\":[{\"@type\":\"ListItem\",\"position\":1,\"name\":\"Ana s\u0259hif\u0259\",\"item\":\"https:\\\/\\\/www.meydan.tv\\\/az\\\/\"},{\"@type\":\"ListItem\",\"position\":2,\"name\":\"Siyas\u0259t\",\"item\":\"https:\\\/\\\/www.meydan.tv\\\/az\\\/section\\\/siyaset\\\/\"},{\"@type\":\"ListItem\",\"position\":3,\"name\":\"Ayxan \u0130srafilov: \u201cBarakda diktatura formala\u015f\u0131b\u201d\"}]},{\"@type\":\"WebSite\",\"@id\":\"https:\\\/\\\/www.meydan.tv\\\/az\\\/#website\",\"url\":\"https:\\\/\\\/www.meydan.tv\\\/az\\\/\",\"name\":\"MEYDAN.TV\",\"description\":\"Meydan TV Az\u0259rbaycan\u0131n media m\u0259kan\u0131ndak\u0131 alternativ s\u0259sidir\",\"publisher\":{\"@id\":\"https:\\\/\\\/www.meydan.tv\\\/az\\\/#organization\"},\"potentialAction\":[{\"@type\":\"SearchAction\",\"target\":{\"@type\":\"EntryPoint\",\"urlTemplate\":\"https:\\\/\\\/www.meydan.tv\\\/az\\\/?s={search_term_string}\"},\"query-input\":{\"@type\":\"PropertyValueSpecification\",\"valueRequired\":true,\"valueName\":\"search_term_string\"}}],\"inLanguage\":\"az\"},{\"@type\":\"Organization\",\"@id\":\"https:\\\/\\\/www.meydan.tv\\\/az\\\/#organization\",\"name\":\"Meydan TV\",\"url\":\"https:\\\/\\\/www.meydan.tv\\\/az\\\/\",\"logo\":{\"@type\":\"ImageObject\",\"inLanguage\":\"az\",\"@id\":\"https:\\\/\\\/www.meydan.tv\\\/az\\\/#\\\/schema\\\/logo\\\/image\\\/\",\"url\":\"https:\\\/\\\/www.meydan.tv\\\/wp-content\\\/uploads\\\/2021\\\/07\\\/meydan-logo.svg\",\"contentUrl\":\"https:\\\/\\\/www.meydan.tv\\\/wp-content\\\/uploads\\\/2021\\\/07\\\/meydan-logo.svg\",\"width\":195,\"height\":46,\"caption\":\"Meydan TV\"},\"image\":{\"@id\":\"https:\\\/\\\/www.meydan.tv\\\/az\\\/#\\\/schema\\\/logo\\\/image\\\/\"}},{\"@type\":\"Person\",\"@id\":\"https:\\\/\\\/www.meydan.tv\\\/az\\\/#\\\/schema\\\/person\\\/09863e516102a829e72bedcf3f84c6b0\",\"name\":\"mahmud\"}]}<\/script>\n<!-- \/ Yoast SEO plugin. -->","yoast_head_json":{"title":"Ayxan \u0130srafilov: \u201cBarakda diktatura formala\u015f\u0131b\u201d - MEYDAN.TV","robots":{"index":"index","follow":"follow","max-snippet":"max-snippet:-1","max-image-preview":"max-image-preview:large","max-video-preview":"max-video-preview:-1"},"canonical":"https:\/\/www.meydan.tv\/az\/article\/ayxan-israfilov-barakda-diktatura-formalasib\/","og_locale":"az_AZ","og_type":"article","og_title":"Ayxan \u0130srafilov: \u201cBarakda diktatura formala\u015f\u0131b\u201d - MEYDAN.TV","og_description":"\u201c\u0130\u015f\u00e7i Masas\u0131\u201d H\u0259mkarlar \u0130ttifaqlar\u0131 Konfederasiyas\u0131n\u0131n h\u0259bsd\u0259 olan \u00fczv\u00fc Ayxan \u0130srafilov ... Davam\u0131","og_url":"https:\/\/www.meydan.tv\/az\/article\/ayxan-israfilov-barakda-diktatura-formalasib\/","og_site_name":"MEYDAN.TV","article_published_time":"2026-03-17T11:59:26+00:00","article_modified_time":"2026-03-17T17:24:08+00:00","og_image":[{"width":1000,"height":458,"url":"https:\/\/www.meydan.tv\/wp-content\/uploads\/ayxan-e1762355988143.jpg","type":"image\/jpeg"}],"author":"mahmud","twitter_card":"summary_large_image","schema":{"@context":"https:\/\/schema.org","@graph":[{"@type":"Article","@id":"https:\/\/www.meydan.tv\/az\/article\/ayxan-israfilov-barakda-diktatura-formalasib\/#article","isPartOf":{"@id":"https:\/\/www.meydan.tv\/az\/article\/ayxan-israfilov-barakda-diktatura-formalasib\/"},"author":{"name":"mahmud","@id":"https:\/\/www.meydan.tv\/az\/#\/schema\/person\/09863e516102a829e72bedcf3f84c6b0"},"headline":"Ayxan \u0130srafilov: \u201cBarakda diktatura formala\u015f\u0131b\u201d","datePublished":"2026-03-17T11:59:26+00:00","dateModified":"2026-03-17T17:24:08+00:00","mainEntityOfPage":{"@id":"https:\/\/www.meydan.tv\/az\/article\/ayxan-israfilov-barakda-diktatura-formalasib\/"},"wordCount":659,"publisher":{"@id":"https:\/\/www.meydan.tv\/az\/#organization"},"image":{"@id":"https:\/\/www.meydan.tv\/az\/article\/ayxan-israfilov-barakda-diktatura-formalasib\/#primaryimage"},"thumbnailUrl":"https:\/\/www.meydan.tv\/wp-content\/uploads\/ayxan-e1762355988143.jpg","articleSection":["H\u0259bsxanadan m\u0259ktublar","Siyas\u0259t","T\u00f6vsiy\u0259","X\u0259b\u0259rl\u0259r"],"inLanguage":"az"},{"@type":"WebPage","@id":"https:\/\/www.meydan.tv\/az\/article\/ayxan-israfilov-barakda-diktatura-formalasib\/","url":"https:\/\/www.meydan.tv\/az\/article\/ayxan-israfilov-barakda-diktatura-formalasib\/","name":"Ayxan \u0130srafilov: \u201cBarakda diktatura formala\u015f\u0131b\u201d - MEYDAN.TV","isPartOf":{"@id":"https:\/\/www.meydan.tv\/az\/#website"},"primaryImageOfPage":{"@id":"https:\/\/www.meydan.tv\/az\/article\/ayxan-israfilov-barakda-diktatura-formalasib\/#primaryimage"},"image":{"@id":"https:\/\/www.meydan.tv\/az\/article\/ayxan-israfilov-barakda-diktatura-formalasib\/#primaryimage"},"thumbnailUrl":"https:\/\/www.meydan.tv\/wp-content\/uploads\/ayxan-e1762355988143.jpg","datePublished":"2026-03-17T11:59:26+00:00","dateModified":"2026-03-17T17:24:08+00:00","breadcrumb":{"@id":"https:\/\/www.meydan.tv\/az\/article\/ayxan-israfilov-barakda-diktatura-formalasib\/#breadcrumb"},"inLanguage":"az","potentialAction":[{"@type":"ReadAction","target":["https:\/\/www.meydan.tv\/az\/article\/ayxan-israfilov-barakda-diktatura-formalasib\/"]}]},{"@type":"ImageObject","inLanguage":"az","@id":"https:\/\/www.meydan.tv\/az\/article\/ayxan-israfilov-barakda-diktatura-formalasib\/#primaryimage","url":"https:\/\/www.meydan.tv\/wp-content\/uploads\/ayxan-e1762355988143.jpg","contentUrl":"https:\/\/www.meydan.tv\/wp-content\/uploads\/ayxan-e1762355988143.jpg","width":1000,"height":458,"caption":"Ayxan \u0130srafilov. Foto: Ayxan \u0130srafilovun \u015f\u0259xsi arxivind\u0259n"},{"@type":"BreadcrumbList","@id":"https:\/\/www.meydan.tv\/az\/article\/ayxan-israfilov-barakda-diktatura-formalasib\/#breadcrumb","itemListElement":[{"@type":"ListItem","position":1,"name":"Ana s\u0259hif\u0259","item":"https:\/\/www.meydan.tv\/az\/"},{"@type":"ListItem","position":2,"name":"Siyas\u0259t","item":"https:\/\/www.meydan.tv\/az\/section\/siyaset\/"},{"@type":"ListItem","position":3,"name":"Ayxan \u0130srafilov: \u201cBarakda diktatura formala\u015f\u0131b\u201d"}]},{"@type":"WebSite","@id":"https:\/\/www.meydan.tv\/az\/#website","url":"https:\/\/www.meydan.tv\/az\/","name":"MEYDAN.TV","description":"Meydan TV Az\u0259rbaycan\u0131n media m\u0259kan\u0131ndak\u0131 alternativ s\u0259sidir","publisher":{"@id":"https:\/\/www.meydan.tv\/az\/#organization"},"potentialAction":[{"@type":"SearchAction","target":{"@type":"EntryPoint","urlTemplate":"https:\/\/www.meydan.tv\/az\/?s={search_term_string}"},"query-input":{"@type":"PropertyValueSpecification","valueRequired":true,"valueName":"search_term_string"}}],"inLanguage":"az"},{"@type":"Organization","@id":"https:\/\/www.meydan.tv\/az\/#organization","name":"Meydan TV","url":"https:\/\/www.meydan.tv\/az\/","logo":{"@type":"ImageObject","inLanguage":"az","@id":"https:\/\/www.meydan.tv\/az\/#\/schema\/logo\/image\/","url":"https:\/\/www.meydan.tv\/wp-content\/uploads\/2021\/07\/meydan-logo.svg","contentUrl":"https:\/\/www.meydan.tv\/wp-content\/uploads\/2021\/07\/meydan-logo.svg","width":195,"height":46,"caption":"Meydan TV"},"image":{"@id":"https:\/\/www.meydan.tv\/az\/#\/schema\/logo\/image\/"}},{"@type":"Person","@id":"https:\/\/www.meydan.tv\/az\/#\/schema\/person\/09863e516102a829e72bedcf3f84c6b0","name":"mahmud"}]}},"_links":{"self":[{"href":"https:\/\/www.meydan.tv\/az\/wp-json\/wp\/v2\/posts\/343050","targetHints":{"allow":["GET"]}}],"collection":[{"href":"https:\/\/www.meydan.tv\/az\/wp-json\/wp\/v2\/posts"}],"about":[{"href":"https:\/\/www.meydan.tv\/az\/wp-json\/wp\/v2\/types\/post"}],"author":[{"embeddable":true,"href":"https:\/\/www.meydan.tv\/az\/wp-json\/wp\/v2\/users\/21"}],"replies":[{"embeddable":true,"href":"https:\/\/www.meydan.tv\/az\/wp-json\/wp\/v2\/comments?post=343050"}],"version-history":[{"count":2,"href":"https:\/\/www.meydan.tv\/az\/wp-json\/wp\/v2\/posts\/343050\/revisions"}],"predecessor-version":[{"id":343065,"href":"https:\/\/www.meydan.tv\/az\/wp-json\/wp\/v2\/posts\/343050\/revisions\/343065"}],"wp:featuredmedia":[{"embeddable":true,"href":"https:\/\/www.meydan.tv\/az\/wp-json\/wp\/v2\/media\/302657"}],"wp:attachment":[{"href":"https:\/\/www.meydan.tv\/az\/wp-json\/wp\/v2\/media?parent=343050"}],"wp:term":[{"taxonomy":"category","embeddable":true,"href":"https:\/\/www.meydan.tv\/az\/wp-json\/wp\/v2\/categories?post=343050"},{"taxonomy":"post_tag","embeddable":true,"href":"https:\/\/www.meydan.tv\/az\/wp-json\/wp\/v2\/tags?post=343050"}],"curies":[{"name":"wp","href":"https:\/\/api.w.org\/{rel}","templated":true}]}}