{"id":342999,"date":"2026-03-14T12:45:27","date_gmt":"2026-03-14T08:45:27","guid":{"rendered":"https:\/\/www.meydan.tv\/?p=342999"},"modified":"2026-03-14T12:45:29","modified_gmt":"2026-03-14T08:45:29","slug":"q%c9%99rbin-d%c9%99y%c9%99r-anlayisi-diktatorlardan-guz%c9%99st-%c9%99ld%c9%99-etm%c9%99kd%c9%99n-otrudur","status":"publish","type":"post","link":"https:\/\/www.meydan.tv\/az\/article\/q%c9%99rbin-d%c9%99y%c9%99r-anlayisi-diktatorlardan-guz%c9%99st-%c9%99ld%c9%99-etm%c9%99kd%c9%99n-otrudur\/","title":{"rendered":"&#8220;Q\u0259rbin d\u0259y\u0259r anlay\u0131\u015f\u0131 diktatorlardan g\u00fcz\u0259\u015ft \u0259ld\u0259 etm\u0259kd\u0259n \u00f6tr\u00fcd\u00fcr&#8221;"},"content":{"rendered":"\n<figure class=\"wp-block-embed is-type-video is-provider-youtube wp-block-embed-youtube wp-embed-aspect-16-9 wp-has-aspect-ratio\"><div class=\"wp-block-embed__wrapper\">\n<iframe title=\"&quot;Q\u0259rbin d\u0259y\u0259r anlay\u0131\u015f\u0131 diktatorlardan g\u00fcz\u0259\u015ft \u0259ld\u0259 etm\u0259kd\u0259n \u00f6tr\u00fcd\u00fcr&quot;\" width=\"1200\" height=\"675\" data-src=\"https:\/\/www.youtube.com\/embed\/g2YFJzoj6qs?feature=oembed\" frameborder=\"0\" allow=\"accelerometer; autoplay; clipboard-write; encrypted-media; gyroscope; picture-in-picture; web-share\" referrerpolicy=\"strict-origin-when-cross-origin\" allowfullscreen src=\"data:image\/svg+xml;base64,PHN2ZyB3aWR0aD0iMSIgaGVpZ2h0PSIxIiB4bWxucz0iaHR0cDovL3d3dy53My5vcmcvMjAwMC9zdmciPjwvc3ZnPg==\" class=\"lazyload\" data-load-mode=\"1\"><\/iframe>\n<\/div><\/figure>\n\n\n\n<p><strong>Avropa \u015euras\u0131n\u0131n prezidenti Antonio Ko\u015fta Az\u0259rbaycana s\u0259f\u0259ri \u00e7\u0259r\u00e7iv\u0259sind\u0259 Prezident \u0130lham \u018fliyevl\u0259 g\u00f6r\u00fc\u015f\u0259r\u0259k Avropa \u0130ttifaq\u0131 il\u0259 Az\u0259rbaycan aras\u0131nda enerji \u0259m\u0259kda\u015fl\u0131\u011f\u0131, regional t\u0259hl\u00fck\u0259sizlik v\u0259 ikit\u0259r\u0259fli m\u00fcnasib\u0259tl\u0259rin inki\u015faf\u0131n\u0131 m\u00fczakir\u0259 edib.<\/strong><br><br>Q\u0259rbin Az\u0259rbaycanla \u0259laq\u0259l\u0259rini m\u00fczakir\u0259 edirik.<\/p>\n","protected":false},"excerpt":{"rendered":"<p>Avropa \u015euras\u0131n\u0131n prezidenti Antonio Ko\u015fta Az\u0259rbaycana s\u0259f\u0259ri \u00e7\u0259r\u00e7iv\u0259sind\u0259 Prezident \u0130lham &#8230; <\/p>\n<p class=\"read-more-container\"><a title=\"&#8220;Q\u0259rbin d\u0259y\u0259r anlay\u0131\u015f\u0131 diktatorlardan g\u00fcz\u0259\u015ft \u0259ld\u0259 etm\u0259kd\u0259n \u00f6tr\u00fcd\u00fcr&#8221;\" class=\"read-more button\" href=\"https:\/\/www.meydan.tv\/az\/article\/q%c9%99rbin-d%c9%99y%c9%99r-anlayisi-diktatorlardan-guz%c9%99st-%c9%99ld%c9%99-etm%c9%99kd%c9%99n-otrudur\/#more-342999\" aria-label=\"Read more about &#8220;Q\u0259rbin d\u0259y\u0259r anlay\u0131\u015f\u0131 diktatorlardan g\u00fcz\u0259\u015ft \u0259ld\u0259 etm\u0259kd\u0259n \u00f6tr\u00fcd\u00fcr&#8221;\">Davam\u0131<\/a><\/p>\n","protected":false},"author":12,"featured_media":343001,"comment_status":"closed","ping_status":"closed","sticky":false,"template":"","format":"standard","meta":{"_acf_changed":false,"_sitemap_exclude":false,"_sitemap_priority":"","_sitemap_frequency":"","footnotes":""},"categories":[59,79,63,56],"tags":[],"class_list":["post-342999","post","type-post","status-publish","format-standard","has-post-thumbnail","hentry","category-siyaset","category-featured","category-video-2","category-xeberler","infinite-scroll-item","generate-columns","tablet-grid-50","mobile-grid-100","grid-parent","grid-33","no-featured-image-padding"],"acf":[],"yoast_head":"<!-- This site is optimized with the Yoast SEO plugin v27.5 - https:\/\/yoast.com\/product\/yoast-seo-wordpress\/ -->\n<title>&quot;Q\u0259rbin d\u0259y\u0259r anlay\u0131\u015f\u0131 diktatorlardan g\u00fcz\u0259\u015ft \u0259ld\u0259 etm\u0259kd\u0259n \u00f6tr\u00fcd\u00fcr&quot; - MEYDAN.TV<\/title>\n<meta name=\"robots\" content=\"index, follow, max-snippet:-1, max-image-preview:large, max-video-preview:-1\" \/>\n<link rel=\"canonical\" href=\"https:\/\/www.meydan.tv\/az\/article\/q%c9%99rbin-d%c9%99y%c9%99r-anlayisi-diktatorlardan-guz%c9%99st-%c9%99ld%c9%99-etm%c9%99kd%c9%99n-otrudur\/\" \/>\n<meta property=\"og:locale\" content=\"az_AZ\" \/>\n<meta property=\"og:type\" content=\"article\" \/>\n<meta property=\"og:title\" content=\"&quot;Q\u0259rbin d\u0259y\u0259r anlay\u0131\u015f\u0131 diktatorlardan g\u00fcz\u0259\u015ft \u0259ld\u0259 etm\u0259kd\u0259n \u00f6tr\u00fcd\u00fcr&quot; - MEYDAN.TV\" \/>\n<meta property=\"og:description\" content=\"Avropa \u015euras\u0131n\u0131n prezidenti Antonio Ko\u015fta Az\u0259rbaycana s\u0259f\u0259ri \u00e7\u0259r\u00e7iv\u0259sind\u0259 Prezident \u0130lham ... Davam\u0131\" \/>\n<meta property=\"og:url\" content=\"https:\/\/www.meydan.tv\/az\/article\/q%c9%99rbin-d%c9%99y%c9%99r-anlayisi-diktatorlardan-guz%c9%99st-%c9%99ld%c9%99-etm%c9%99kd%c9%99n-otrudur\/\" \/>\n<meta property=\"og:site_name\" content=\"MEYDAN.TV\" \/>\n<meta property=\"article:published_time\" content=\"2026-03-14T08:45:27+00:00\" \/>\n<meta property=\"article:modified_time\" content=\"2026-03-14T08:45:29+00:00\" \/>\n<meta property=\"og:image\" content=\"https:\/\/www.meydan.tv\/wp-content\/uploads\/1773233798_cbcfa020a85f5c5eb78109653a5af4d3.jpg\" \/>\n\t<meta property=\"og:image:width\" content=\"1932\" \/>\n\t<meta property=\"og:image:height\" content=\"1292\" \/>\n\t<meta property=\"og:image:type\" content=\"image\/jpeg\" \/>\n<meta name=\"author\" content=\"aleks\" \/>\n<meta name=\"twitter:card\" content=\"summary_large_image\" \/>\n<script type=\"application\/ld+json\" class=\"yoast-schema-graph\">{\"@context\":\"https:\\\/\\\/schema.org\",\"@graph\":[{\"@type\":\"Article\",\"@id\":\"https:\\\/\\\/www.meydan.tv\\\/az\\\/article\\\/q%c9%99rbin-d%c9%99y%c9%99r-anlayisi-diktatorlardan-guz%c9%99st-%c9%99ld%c9%99-etm%c9%99kd%c9%99n-otrudur\\\/#article\",\"isPartOf\":{\"@id\":\"https:\\\/\\\/www.meydan.tv\\\/az\\\/article\\\/q%c9%99rbin-d%c9%99y%c9%99r-anlayisi-diktatorlardan-guz%c9%99st-%c9%99ld%c9%99-etm%c9%99kd%c9%99n-otrudur\\\/\"},\"author\":{\"name\":\"aleks\",\"@id\":\"https:\\\/\\\/www.meydan.tv\\\/az\\\/#\\\/schema\\\/person\\\/476e9360e593fa131d5d71d51866f8da\"},\"headline\":\"&#8220;Q\u0259rbin d\u0259y\u0259r anlay\u0131\u015f\u0131 diktatorlardan g\u00fcz\u0259\u015ft \u0259ld\u0259 etm\u0259kd\u0259n \u00f6tr\u00fcd\u00fcr&#8221;\",\"datePublished\":\"2026-03-14T08:45:27+00:00\",\"dateModified\":\"2026-03-14T08:45:29+00:00\",\"mainEntityOfPage\":{\"@id\":\"https:\\\/\\\/www.meydan.tv\\\/az\\\/article\\\/q%c9%99rbin-d%c9%99y%c9%99r-anlayisi-diktatorlardan-guz%c9%99st-%c9%99ld%c9%99-etm%c9%99kd%c9%99n-otrudur\\\/\"},\"wordCount\":86,\"publisher\":{\"@id\":\"https:\\\/\\\/www.meydan.tv\\\/az\\\/#organization\"},\"image\":{\"@id\":\"https:\\\/\\\/www.meydan.tv\\\/az\\\/article\\\/q%c9%99rbin-d%c9%99y%c9%99r-anlayisi-diktatorlardan-guz%c9%99st-%c9%99ld%c9%99-etm%c9%99kd%c9%99n-otrudur\\\/#primaryimage\"},\"thumbnailUrl\":\"https:\\\/\\\/www.meydan.tv\\\/wp-content\\\/uploads\\\/1773233798_cbcfa020a85f5c5eb78109653a5af4d3.jpg\",\"articleSection\":[\"Siyas\u0259t\",\"T\u00f6vsiy\u0259\",\"Video\",\"X\u0259b\u0259rl\u0259r\"],\"inLanguage\":\"az\"},{\"@type\":\"WebPage\",\"@id\":\"https:\\\/\\\/www.meydan.tv\\\/az\\\/article\\\/q%c9%99rbin-d%c9%99y%c9%99r-anlayisi-diktatorlardan-guz%c9%99st-%c9%99ld%c9%99-etm%c9%99kd%c9%99n-otrudur\\\/\",\"url\":\"https:\\\/\\\/www.meydan.tv\\\/az\\\/article\\\/q%c9%99rbin-d%c9%99y%c9%99r-anlayisi-diktatorlardan-guz%c9%99st-%c9%99ld%c9%99-etm%c9%99kd%c9%99n-otrudur\\\/\",\"name\":\"\\\"Q\u0259rbin d\u0259y\u0259r anlay\u0131\u015f\u0131 diktatorlardan g\u00fcz\u0259\u015ft \u0259ld\u0259 etm\u0259kd\u0259n \u00f6tr\u00fcd\u00fcr\\\" - MEYDAN.TV\",\"isPartOf\":{\"@id\":\"https:\\\/\\\/www.meydan.tv\\\/az\\\/#website\"},\"primaryImageOfPage\":{\"@id\":\"https:\\\/\\\/www.meydan.tv\\\/az\\\/article\\\/q%c9%99rbin-d%c9%99y%c9%99r-anlayisi-diktatorlardan-guz%c9%99st-%c9%99ld%c9%99-etm%c9%99kd%c9%99n-otrudur\\\/#primaryimage\"},\"image\":{\"@id\":\"https:\\\/\\\/www.meydan.tv\\\/az\\\/article\\\/q%c9%99rbin-d%c9%99y%c9%99r-anlayisi-diktatorlardan-guz%c9%99st-%c9%99ld%c9%99-etm%c9%99kd%c9%99n-otrudur\\\/#primaryimage\"},\"thumbnailUrl\":\"https:\\\/\\\/www.meydan.tv\\\/wp-content\\\/uploads\\\/1773233798_cbcfa020a85f5c5eb78109653a5af4d3.jpg\",\"datePublished\":\"2026-03-14T08:45:27+00:00\",\"dateModified\":\"2026-03-14T08:45:29+00:00\",\"breadcrumb\":{\"@id\":\"https:\\\/\\\/www.meydan.tv\\\/az\\\/article\\\/q%c9%99rbin-d%c9%99y%c9%99r-anlayisi-diktatorlardan-guz%c9%99st-%c9%99ld%c9%99-etm%c9%99kd%c9%99n-otrudur\\\/#breadcrumb\"},\"inLanguage\":\"az\",\"potentialAction\":[{\"@type\":\"ReadAction\",\"target\":[\"https:\\\/\\\/www.meydan.tv\\\/az\\\/article\\\/q%c9%99rbin-d%c9%99y%c9%99r-anlayisi-diktatorlardan-guz%c9%99st-%c9%99ld%c9%99-etm%c9%99kd%c9%99n-otrudur\\\/\"]}]},{\"@type\":\"ImageObject\",\"inLanguage\":\"az\",\"@id\":\"https:\\\/\\\/www.meydan.tv\\\/az\\\/article\\\/q%c9%99rbin-d%c9%99y%c9%99r-anlayisi-diktatorlardan-guz%c9%99st-%c9%99ld%c9%99-etm%c9%99kd%c9%99n-otrudur\\\/#primaryimage\",\"url\":\"https:\\\/\\\/www.meydan.tv\\\/wp-content\\\/uploads\\\/1773233798_cbcfa020a85f5c5eb78109653a5af4d3.jpg\",\"contentUrl\":\"https:\\\/\\\/www.meydan.tv\\\/wp-content\\\/uploads\\\/1773233798_cbcfa020a85f5c5eb78109653a5af4d3.jpg\",\"width\":1932,\"height\":1292},{\"@type\":\"BreadcrumbList\",\"@id\":\"https:\\\/\\\/www.meydan.tv\\\/az\\\/article\\\/q%c9%99rbin-d%c9%99y%c9%99r-anlayisi-diktatorlardan-guz%c9%99st-%c9%99ld%c9%99-etm%c9%99kd%c9%99n-otrudur\\\/#breadcrumb\",\"itemListElement\":[{\"@type\":\"ListItem\",\"position\":1,\"name\":\"Ana s\u0259hif\u0259\",\"item\":\"https:\\\/\\\/www.meydan.tv\\\/az\\\/\"},{\"@type\":\"ListItem\",\"position\":2,\"name\":\"X\u0259b\u0259rl\u0259r\",\"item\":\"https:\\\/\\\/www.meydan.tv\\\/az\\\/section\\\/xeberler\\\/\"},{\"@type\":\"ListItem\",\"position\":3,\"name\":\"&#8220;Q\u0259rbin d\u0259y\u0259r anlay\u0131\u015f\u0131 diktatorlardan g\u00fcz\u0259\u015ft \u0259ld\u0259 etm\u0259kd\u0259n \u00f6tr\u00fcd\u00fcr&#8221;\"}]},{\"@type\":\"WebSite\",\"@id\":\"https:\\\/\\\/www.meydan.tv\\\/az\\\/#website\",\"url\":\"https:\\\/\\\/www.meydan.tv\\\/az\\\/\",\"name\":\"MEYDAN.TV\",\"description\":\"Meydan TV Az\u0259rbaycan\u0131n media m\u0259kan\u0131ndak\u0131 alternativ s\u0259sidir\",\"publisher\":{\"@id\":\"https:\\\/\\\/www.meydan.tv\\\/az\\\/#organization\"},\"potentialAction\":[{\"@type\":\"SearchAction\",\"target\":{\"@type\":\"EntryPoint\",\"urlTemplate\":\"https:\\\/\\\/www.meydan.tv\\\/az\\\/?s={search_term_string}\"},\"query-input\":{\"@type\":\"PropertyValueSpecification\",\"valueRequired\":true,\"valueName\":\"search_term_string\"}}],\"inLanguage\":\"az\"},{\"@type\":\"Organization\",\"@id\":\"https:\\\/\\\/www.meydan.tv\\\/az\\\/#organization\",\"name\":\"Meydan TV\",\"url\":\"https:\\\/\\\/www.meydan.tv\\\/az\\\/\",\"logo\":{\"@type\":\"ImageObject\",\"inLanguage\":\"az\",\"@id\":\"https:\\\/\\\/www.meydan.tv\\\/az\\\/#\\\/schema\\\/logo\\\/image\\\/\",\"url\":\"https:\\\/\\\/www.meydan.tv\\\/wp-content\\\/uploads\\\/2021\\\/07\\\/meydan-logo.svg\",\"contentUrl\":\"https:\\\/\\\/www.meydan.tv\\\/wp-content\\\/uploads\\\/2021\\\/07\\\/meydan-logo.svg\",\"width\":195,\"height\":46,\"caption\":\"Meydan TV\"},\"image\":{\"@id\":\"https:\\\/\\\/www.meydan.tv\\\/az\\\/#\\\/schema\\\/logo\\\/image\\\/\"}},{\"@type\":\"Person\",\"@id\":\"https:\\\/\\\/www.meydan.tv\\\/az\\\/#\\\/schema\\\/person\\\/476e9360e593fa131d5d71d51866f8da\",\"name\":\"aleks\"}]}<\/script>\n<!-- \/ Yoast SEO plugin. -->","yoast_head_json":{"title":"\"Q\u0259rbin d\u0259y\u0259r anlay\u0131\u015f\u0131 diktatorlardan g\u00fcz\u0259\u015ft \u0259ld\u0259 etm\u0259kd\u0259n \u00f6tr\u00fcd\u00fcr\" - MEYDAN.TV","robots":{"index":"index","follow":"follow","max-snippet":"max-snippet:-1","max-image-preview":"max-image-preview:large","max-video-preview":"max-video-preview:-1"},"canonical":"https:\/\/www.meydan.tv\/az\/article\/q%c9%99rbin-d%c9%99y%c9%99r-anlayisi-diktatorlardan-guz%c9%99st-%c9%99ld%c9%99-etm%c9%99kd%c9%99n-otrudur\/","og_locale":"az_AZ","og_type":"article","og_title":"\"Q\u0259rbin d\u0259y\u0259r anlay\u0131\u015f\u0131 diktatorlardan g\u00fcz\u0259\u015ft \u0259ld\u0259 etm\u0259kd\u0259n \u00f6tr\u00fcd\u00fcr\" - MEYDAN.TV","og_description":"Avropa \u015euras\u0131n\u0131n prezidenti Antonio Ko\u015fta Az\u0259rbaycana s\u0259f\u0259ri \u00e7\u0259r\u00e7iv\u0259sind\u0259 Prezident \u0130lham ... Davam\u0131","og_url":"https:\/\/www.meydan.tv\/az\/article\/q%c9%99rbin-d%c9%99y%c9%99r-anlayisi-diktatorlardan-guz%c9%99st-%c9%99ld%c9%99-etm%c9%99kd%c9%99n-otrudur\/","og_site_name":"MEYDAN.TV","article_published_time":"2026-03-14T08:45:27+00:00","article_modified_time":"2026-03-14T08:45:29+00:00","og_image":[{"width":1932,"height":1292,"url":"https:\/\/www.meydan.tv\/wp-content\/uploads\/1773233798_cbcfa020a85f5c5eb78109653a5af4d3.jpg","type":"image\/jpeg"}],"author":"aleks","twitter_card":"summary_large_image","schema":{"@context":"https:\/\/schema.org","@graph":[{"@type":"Article","@id":"https:\/\/www.meydan.tv\/az\/article\/q%c9%99rbin-d%c9%99y%c9%99r-anlayisi-diktatorlardan-guz%c9%99st-%c9%99ld%c9%99-etm%c9%99kd%c9%99n-otrudur\/#article","isPartOf":{"@id":"https:\/\/www.meydan.tv\/az\/article\/q%c9%99rbin-d%c9%99y%c9%99r-anlayisi-diktatorlardan-guz%c9%99st-%c9%99ld%c9%99-etm%c9%99kd%c9%99n-otrudur\/"},"author":{"name":"aleks","@id":"https:\/\/www.meydan.tv\/az\/#\/schema\/person\/476e9360e593fa131d5d71d51866f8da"},"headline":"&#8220;Q\u0259rbin d\u0259y\u0259r anlay\u0131\u015f\u0131 diktatorlardan g\u00fcz\u0259\u015ft \u0259ld\u0259 etm\u0259kd\u0259n \u00f6tr\u00fcd\u00fcr&#8221;","datePublished":"2026-03-14T08:45:27+00:00","dateModified":"2026-03-14T08:45:29+00:00","mainEntityOfPage":{"@id":"https:\/\/www.meydan.tv\/az\/article\/q%c9%99rbin-d%c9%99y%c9%99r-anlayisi-diktatorlardan-guz%c9%99st-%c9%99ld%c9%99-etm%c9%99kd%c9%99n-otrudur\/"},"wordCount":86,"publisher":{"@id":"https:\/\/www.meydan.tv\/az\/#organization"},"image":{"@id":"https:\/\/www.meydan.tv\/az\/article\/q%c9%99rbin-d%c9%99y%c9%99r-anlayisi-diktatorlardan-guz%c9%99st-%c9%99ld%c9%99-etm%c9%99kd%c9%99n-otrudur\/#primaryimage"},"thumbnailUrl":"https:\/\/www.meydan.tv\/wp-content\/uploads\/1773233798_cbcfa020a85f5c5eb78109653a5af4d3.jpg","articleSection":["Siyas\u0259t","T\u00f6vsiy\u0259","Video","X\u0259b\u0259rl\u0259r"],"inLanguage":"az"},{"@type":"WebPage","@id":"https:\/\/www.meydan.tv\/az\/article\/q%c9%99rbin-d%c9%99y%c9%99r-anlayisi-diktatorlardan-guz%c9%99st-%c9%99ld%c9%99-etm%c9%99kd%c9%99n-otrudur\/","url":"https:\/\/www.meydan.tv\/az\/article\/q%c9%99rbin-d%c9%99y%c9%99r-anlayisi-diktatorlardan-guz%c9%99st-%c9%99ld%c9%99-etm%c9%99kd%c9%99n-otrudur\/","name":"\"Q\u0259rbin d\u0259y\u0259r anlay\u0131\u015f\u0131 diktatorlardan g\u00fcz\u0259\u015ft \u0259ld\u0259 etm\u0259kd\u0259n \u00f6tr\u00fcd\u00fcr\" - MEYDAN.TV","isPartOf":{"@id":"https:\/\/www.meydan.tv\/az\/#website"},"primaryImageOfPage":{"@id":"https:\/\/www.meydan.tv\/az\/article\/q%c9%99rbin-d%c9%99y%c9%99r-anlayisi-diktatorlardan-guz%c9%99st-%c9%99ld%c9%99-etm%c9%99kd%c9%99n-otrudur\/#primaryimage"},"image":{"@id":"https:\/\/www.meydan.tv\/az\/article\/q%c9%99rbin-d%c9%99y%c9%99r-anlayisi-diktatorlardan-guz%c9%99st-%c9%99ld%c9%99-etm%c9%99kd%c9%99n-otrudur\/#primaryimage"},"thumbnailUrl":"https:\/\/www.meydan.tv\/wp-content\/uploads\/1773233798_cbcfa020a85f5c5eb78109653a5af4d3.jpg","datePublished":"2026-03-14T08:45:27+00:00","dateModified":"2026-03-14T08:45:29+00:00","breadcrumb":{"@id":"https:\/\/www.meydan.tv\/az\/article\/q%c9%99rbin-d%c9%99y%c9%99r-anlayisi-diktatorlardan-guz%c9%99st-%c9%99ld%c9%99-etm%c9%99kd%c9%99n-otrudur\/#breadcrumb"},"inLanguage":"az","potentialAction":[{"@type":"ReadAction","target":["https:\/\/www.meydan.tv\/az\/article\/q%c9%99rbin-d%c9%99y%c9%99r-anlayisi-diktatorlardan-guz%c9%99st-%c9%99ld%c9%99-etm%c9%99kd%c9%99n-otrudur\/"]}]},{"@type":"ImageObject","inLanguage":"az","@id":"https:\/\/www.meydan.tv\/az\/article\/q%c9%99rbin-d%c9%99y%c9%99r-anlayisi-diktatorlardan-guz%c9%99st-%c9%99ld%c9%99-etm%c9%99kd%c9%99n-otrudur\/#primaryimage","url":"https:\/\/www.meydan.tv\/wp-content\/uploads\/1773233798_cbcfa020a85f5c5eb78109653a5af4d3.jpg","contentUrl":"https:\/\/www.meydan.tv\/wp-content\/uploads\/1773233798_cbcfa020a85f5c5eb78109653a5af4d3.jpg","width":1932,"height":1292},{"@type":"BreadcrumbList","@id":"https:\/\/www.meydan.tv\/az\/article\/q%c9%99rbin-d%c9%99y%c9%99r-anlayisi-diktatorlardan-guz%c9%99st-%c9%99ld%c9%99-etm%c9%99kd%c9%99n-otrudur\/#breadcrumb","itemListElement":[{"@type":"ListItem","position":1,"name":"Ana s\u0259hif\u0259","item":"https:\/\/www.meydan.tv\/az\/"},{"@type":"ListItem","position":2,"name":"X\u0259b\u0259rl\u0259r","item":"https:\/\/www.meydan.tv\/az\/section\/xeberler\/"},{"@type":"ListItem","position":3,"name":"&#8220;Q\u0259rbin d\u0259y\u0259r anlay\u0131\u015f\u0131 diktatorlardan g\u00fcz\u0259\u015ft \u0259ld\u0259 etm\u0259kd\u0259n \u00f6tr\u00fcd\u00fcr&#8221;"}]},{"@type":"WebSite","@id":"https:\/\/www.meydan.tv\/az\/#website","url":"https:\/\/www.meydan.tv\/az\/","name":"MEYDAN.TV","description":"Meydan TV Az\u0259rbaycan\u0131n media m\u0259kan\u0131ndak\u0131 alternativ s\u0259sidir","publisher":{"@id":"https:\/\/www.meydan.tv\/az\/#organization"},"potentialAction":[{"@type":"SearchAction","target":{"@type":"EntryPoint","urlTemplate":"https:\/\/www.meydan.tv\/az\/?s={search_term_string}"},"query-input":{"@type":"PropertyValueSpecification","valueRequired":true,"valueName":"search_term_string"}}],"inLanguage":"az"},{"@type":"Organization","@id":"https:\/\/www.meydan.tv\/az\/#organization","name":"Meydan TV","url":"https:\/\/www.meydan.tv\/az\/","logo":{"@type":"ImageObject","inLanguage":"az","@id":"https:\/\/www.meydan.tv\/az\/#\/schema\/logo\/image\/","url":"https:\/\/www.meydan.tv\/wp-content\/uploads\/2021\/07\/meydan-logo.svg","contentUrl":"https:\/\/www.meydan.tv\/wp-content\/uploads\/2021\/07\/meydan-logo.svg","width":195,"height":46,"caption":"Meydan TV"},"image":{"@id":"https:\/\/www.meydan.tv\/az\/#\/schema\/logo\/image\/"}},{"@type":"Person","@id":"https:\/\/www.meydan.tv\/az\/#\/schema\/person\/476e9360e593fa131d5d71d51866f8da","name":"aleks"}]}},"_links":{"self":[{"href":"https:\/\/www.meydan.tv\/az\/wp-json\/wp\/v2\/posts\/342999","targetHints":{"allow":["GET"]}}],"collection":[{"href":"https:\/\/www.meydan.tv\/az\/wp-json\/wp\/v2\/posts"}],"about":[{"href":"https:\/\/www.meydan.tv\/az\/wp-json\/wp\/v2\/types\/post"}],"author":[{"embeddable":true,"href":"https:\/\/www.meydan.tv\/az\/wp-json\/wp\/v2\/users\/12"}],"replies":[{"embeddable":true,"href":"https:\/\/www.meydan.tv\/az\/wp-json\/wp\/v2\/comments?post=342999"}],"version-history":[{"count":1,"href":"https:\/\/www.meydan.tv\/az\/wp-json\/wp\/v2\/posts\/342999\/revisions"}],"predecessor-version":[{"id":343004,"href":"https:\/\/www.meydan.tv\/az\/wp-json\/wp\/v2\/posts\/342999\/revisions\/343004"}],"wp:featuredmedia":[{"embeddable":true,"href":"https:\/\/www.meydan.tv\/az\/wp-json\/wp\/v2\/media\/343001"}],"wp:attachment":[{"href":"https:\/\/www.meydan.tv\/az\/wp-json\/wp\/v2\/media?parent=342999"}],"wp:term":[{"taxonomy":"category","embeddable":true,"href":"https:\/\/www.meydan.tv\/az\/wp-json\/wp\/v2\/categories?post=342999"},{"taxonomy":"post_tag","embeddable":true,"href":"https:\/\/www.meydan.tv\/az\/wp-json\/wp\/v2\/tags?post=342999"}],"curies":[{"name":"wp","href":"https:\/\/api.w.org\/{rel}","templated":true}]}}