{"id":342979,"date":"2026-03-13T18:52:51","date_gmt":"2026-03-13T14:52:51","guid":{"rendered":"https:\/\/www.meydan.tv\/?p=342979"},"modified":"2026-03-13T18:52:53","modified_gmt":"2026-03-13T14:52:53","slug":"qizi-tofiq-yaqublunun-bas-gic%c9%99ll%c9%99nm%c9%99l%c9%99ri-artib-husunu-itirib","status":"publish","type":"post","link":"https:\/\/www.meydan.tv\/az\/article\/qizi-tofiq-yaqublunun-bas-gic%c9%99ll%c9%99nm%c9%99l%c9%99ri-artib-husunu-itirib\/","title":{"rendered":"Q\u0131z\u0131: \u201cTofiq Yaqublunun ba\u015f gic\u0259ll\u0259nm\u0259l\u0259ri art\u0131b, hu\u015funu itirib\u201d"},"content":{"rendered":"\n<p>H\u0259bsd\u0259 olan Milli \u015euran\u0131n v\u0259 M\u00fcsavat Partiyas\u0131n\u0131n \u00fczv\u00fc Tofiq Yaqublu \u00f6t\u0259n g\u00fcn hu\u015funu itirib.\u00a0<\/p>\n\n\n\n<p>Bu bar\u0259d\u0259 Yaqublunun q\u0131z\u0131 Nigar H\u0259zi \u201cFacebook\u201d s\u0259hif\u0259sind\u0259 <a href=\"https:\/\/www.facebook.com\/nigar.yaqublu.3\/posts\/pfbid02RyXh8zp43LfCypBWPKxG1ry92zpWbJvptgV4W3hFZCLw5gif9xNKQPKoSwBZjMXZl?__cft__[0]=AZboEX1hHC2Cpl_lDMbK8FO3Is2P7JdgtIFVvadP5rHAtlpgLFKIToMxSGRIg9akwD_3WNhJjeJv5Sg3rx7l_P9cvxrdkrJoYGjypdtYnNpa989GGAb-NvPPb7UyaYP_Vn5ZtyJodDtqOHq4yr58fjJ9e2-hn_RlfXoEqSAuLCebXQ&amp;__tn__=%2CO%2CP-R\" target=\"_blank\" rel=\"noreferrer noopener nofollow\">m\u0259lumat<\/a> payla\u015f\u0131b.<\/p>\n\n\n\n<p>O bildirib ki, v\u0259kil Nem\u0259t K\u0259rimli Yaqublu il\u0259 t\u0259cridxanada g\u00f6r\u00fc\u015f\u00fcb. V\u0259kilin s\u00f6zl\u0259rin\u0259 siyas\u0259t\u00e7inin s\u0259hh\u0259ti a\u011f\u0131rla\u015f\u0131b v\u0259 o, xeyli \u00e7\u0259ki itirib.&nbsp;<\/p>\n\n\n\n<p><em>\u201c<\/em><em>V\u0259kil biz\u0259 Tofiq Yaqublunun xeyli \u00e7\u0259ki itirdiyini, daha da hals\u0131zla\u015fd\u0131\u011f\u0131n\u0131, yerim\u0259kd\u0259 \u00e7\u0259tinlik \u00e7\u0259kdiyini, r\u0259nginin ke\u00e7\u0259n d\u0259f\u0259kind\u0259n bir az daha tutqunla\u015fd\u0131\u011f\u0131n\u0131 bildirdi. Bu g\u00fcn h\u0259kim m\u00fcayin\u0259si il\u0259 v\u0259kil g\u00f6r\u00fc\u015f\u00fc \u00fcst-\u00fcst\u0259 d\u00fc\u015fd\u00fcy\u00fc \u00fc\u00e7\u00fcn o, \u0259vv\u0259lc\u0259 v\u0259kill\u0259 g\u00f6r\u00fc\u015f\u0259 g\u0259lib. M\u00fcayin\u0259 is\u0259 g\u00f6r\u00fc\u015fd\u0259n sonra olacaqd\u0131. \u00c7ox g\u00fcman ki, art\u0131q m\u00fcayin\u0259 olub, ancaq biz bu bar\u0259d\u0259 yaln\u0131z sabahk\u0131 z\u0259ng g\u00fcn\u00fcnd\u0259 bil\u0259c\u0259yik<\/em><em>\u201d,<\/em> &#8211; dey\u0259 H\u0259zi yaz\u0131b.<\/p>\n\n\n\n<p>Nigar H\u0259zinin s\u00f6zl\u0259rin\u0259 g\u00f6r\u0259, Tofiq Yaqublunun ba\u015f gic\u0259ll\u0259nm\u0259l\u0259ri art\u0131b v\u0259 \u00f6t\u0259n g\u00fcn o hu\u015funu itirib.<\/p>\n\n\n\n<p>Q\u0131z\u0131 deyir ki, Yaqublunun qol saat\u0131 \u0259lind\u0259n al\u0131nd\u0131\u011f\u0131ndan onun saat\u0131 bilm\u0259k \u00fc\u00e7\u00fcn televizor ekran\u0131na yax\u0131ndan baxmas\u0131 laz\u0131m g\u0259lir.&nbsp;<\/p>\n\n\n\n<p><em>\u201c<\/em><em>Bundan \u0259lav\u0259 d\u00fcn\u0259n onun qol saat\u0131n\u0131 g\u00f6t\u00fcr\u00fcbl\u0259r. Acl\u0131qdan h\u0259m g\u00f6rm\u0259si z\u0259ifl\u0259y\u0259n, h\u0259m d\u0259 hals\u0131zl\u0131qdan yerind\u0259n qalxmaqda \u00e7\u0259tinlik \u00e7\u0259k\u0259n biri \u00fc\u00e7\u00fcn saat\u0131 bilm\u0259k \u00fc\u00e7\u00fcn h\u0259r d\u0259f\u0259 televizor ekran\u0131na gedib yax\u0131ndan baxmas\u0131 i\u015fg\u0259nc\u0259dir. Onsuz da 19 g\u00fcnd\u00fcr acl\u0131q ed\u0259n Tofiq Yaqublu \u00f6z\u00fc i\u015fg\u0259nc\u0259 i\u00e7ind\u0259dir, bir d\u0259 bel\u0259 c\u0131l\u0131z davran\u0131\u015flarla adama \u0259zab verm\u0259k qeyri-insani davran\u0131\u015fd\u0131r<\/em><em>\u201d, <\/em>&#8211; dey\u0259 Nigar H\u0259zi bildiri.<\/p>\n\n\n\n<p>Nigar H\u0259zi atas\u0131n\u0131n s\u0259hh\u0259tinin narahat oldu\u011funu v\u0259 onun azadl\u0131\u011fa \u00e7\u0131xmas\u0131n\u0131 t\u0259l\u0259b edib.<\/p>\n\n\n\n<p>Tofiq Yaqublu 2023-c\u00fc ilin dekabr\u0131nda h\u0259bs olunub.<\/p>\n\n\n\n<p>O, 2025-ci il mart\u0131n 10-da Bak\u0131 A\u011f\u0131r Cinay\u0259tl\u0259r M\u0259hk\u0259m\u0259sinin h\u00f6km\u00fc il\u0259 9 il azadl\u0131qdan m\u0259hrum edilib.<\/p>\n\n\n\n<p>Yaqublu Cinay\u0259t M\u0259c\u0259ll\u0259sinin k\u00fclli miqdarda ziyan vurmaqla d\u0259l\u0259duzluq v\u0259 saxta s\u0259n\u0259d haz\u0131rlama v\u0259 ya istifad\u0259 etm\u0259 madd\u0259l\u0259ri il\u0259 t\u0259qsirli bilinib.<\/p>\n\n\n\n<p>Yaqublu bu ittihamlara etiraz olaraq 2025-ci il aprelin 1-d\u0259n may\u0131n 10-d\u0259k \u2013 40 g\u00fcn acl\u0131q aksiyas\u0131 ke\u00e7irib.<\/p>\n\n\n\n<p>Bundan \u00f6nc\u0259 d\u0259 Tofiq Yaqublu bir ne\u00e7\u0259 d\u0259f\u0259 uzunm\u00fcdd\u0259tli v\u0259 inzibati h\u0259bsl\u0259r\u0259 m\u0259hkum edilib. D\u00f6y\u00fcl\u00fcb, i\u015fg\u0259nc\u0259l\u0259r\u0259 m\u0259ruz qal\u0131b v\u0259 d\u0259f\u0259l\u0259rl\u0259 acl\u0131q aksiyas\u0131 ke\u00e7irib.<\/p>\n","protected":false},"excerpt":{"rendered":"<p>H\u0259bsd\u0259 olan Milli \u015euran\u0131n v\u0259 M\u00fcsavat Partiyas\u0131n\u0131n \u00fczv\u00fc Tofiq Yaqublu &#8230; <\/p>\n<p class=\"read-more-container\"><a title=\"Q\u0131z\u0131: \u201cTofiq Yaqublunun ba\u015f gic\u0259ll\u0259nm\u0259l\u0259ri art\u0131b, hu\u015funu itirib\u201d\" class=\"read-more button\" href=\"https:\/\/www.meydan.tv\/az\/article\/qizi-tofiq-yaqublunun-bas-gic%c9%99ll%c9%99nm%c9%99l%c9%99ri-artib-husunu-itirib\/#more-342979\" aria-label=\"Read more about Q\u0131z\u0131: \u201cTofiq Yaqublunun ba\u015f gic\u0259ll\u0259nm\u0259l\u0259ri art\u0131b, hu\u015funu itirib\u201d\">Davam\u0131<\/a><\/p>\n","protected":false},"author":21,"featured_media":342730,"comment_status":"closed","ping_status":"closed","sticky":false,"template":"","format":"standard","meta":{"_acf_changed":false,"_sitemap_exclude":false,"_sitemap_priority":"","_sitemap_frequency":"","footnotes":""},"categories":[59,56],"tags":[],"class_list":["post-342979","post","type-post","status-publish","format-standard","has-post-thumbnail","hentry","category-siyaset","category-xeberler","infinite-scroll-item","generate-columns","tablet-grid-50","mobile-grid-100","grid-parent","grid-33","no-featured-image-padding"],"acf":[],"yoast_head":"<!-- This site is optimized with the Yoast SEO plugin v27.5 - https:\/\/yoast.com\/product\/yoast-seo-wordpress\/ -->\n<title>Q\u0131z\u0131: \u201cTofiq Yaqublunun ba\u015f gic\u0259ll\u0259nm\u0259l\u0259ri art\u0131b, hu\u015funu itirib\u201d - MEYDAN.TV<\/title>\n<meta name=\"robots\" content=\"index, follow, max-snippet:-1, max-image-preview:large, max-video-preview:-1\" \/>\n<link rel=\"canonical\" href=\"https:\/\/www.meydan.tv\/az\/article\/qizi-tofiq-yaqublunun-bas-gic%c9%99ll%c9%99nm%c9%99l%c9%99ri-artib-husunu-itirib\/\" \/>\n<meta property=\"og:locale\" content=\"az_AZ\" \/>\n<meta property=\"og:type\" content=\"article\" \/>\n<meta property=\"og:title\" content=\"Q\u0131z\u0131: \u201cTofiq Yaqublunun ba\u015f gic\u0259ll\u0259nm\u0259l\u0259ri art\u0131b, hu\u015funu itirib\u201d - MEYDAN.TV\" \/>\n<meta property=\"og:description\" content=\"H\u0259bsd\u0259 olan Milli \u015euran\u0131n v\u0259 M\u00fcsavat Partiyas\u0131n\u0131n \u00fczv\u00fc Tofiq Yaqublu ... Davam\u0131\" \/>\n<meta property=\"og:url\" content=\"https:\/\/www.meydan.tv\/az\/article\/qizi-tofiq-yaqublunun-bas-gic%c9%99ll%c9%99nm%c9%99l%c9%99ri-artib-husunu-itirib\/\" \/>\n<meta property=\"og:site_name\" content=\"MEYDAN.TV\" \/>\n<meta property=\"article:published_time\" content=\"2026-03-13T14:52:51+00:00\" \/>\n<meta property=\"article:modified_time\" content=\"2026-03-13T14:52:53+00:00\" \/>\n<meta property=\"og:image\" content=\"https:\/\/www.meydan.tv\/wp-content\/uploads\/tofiq_yaqublu-2048x1365-1-1200x800-2.jpg\" \/>\n\t<meta property=\"og:image:width\" content=\"1200\" \/>\n\t<meta property=\"og:image:height\" content=\"800\" \/>\n\t<meta property=\"og:image:type\" content=\"image\/jpeg\" \/>\n<meta name=\"author\" content=\"mahmud\" \/>\n<meta name=\"twitter:card\" content=\"summary_large_image\" \/>\n<script type=\"application\/ld+json\" class=\"yoast-schema-graph\">{\"@context\":\"https:\\\/\\\/schema.org\",\"@graph\":[{\"@type\":\"Article\",\"@id\":\"https:\\\/\\\/www.meydan.tv\\\/az\\\/article\\\/qizi-tofiq-yaqublunun-bas-gic%c9%99ll%c9%99nm%c9%99l%c9%99ri-artib-husunu-itirib\\\/#article\",\"isPartOf\":{\"@id\":\"https:\\\/\\\/www.meydan.tv\\\/az\\\/article\\\/qizi-tofiq-yaqublunun-bas-gic%c9%99ll%c9%99nm%c9%99l%c9%99ri-artib-husunu-itirib\\\/\"},\"author\":{\"name\":\"mahmud\",\"@id\":\"https:\\\/\\\/www.meydan.tv\\\/az\\\/#\\\/schema\\\/person\\\/09863e516102a829e72bedcf3f84c6b0\"},\"headline\":\"Q\u0131z\u0131: \u201cTofiq Yaqublunun ba\u015f gic\u0259ll\u0259nm\u0259l\u0259ri art\u0131b, hu\u015funu itirib\u201d\",\"datePublished\":\"2026-03-13T14:52:51+00:00\",\"dateModified\":\"2026-03-13T14:52:53+00:00\",\"mainEntityOfPage\":{\"@id\":\"https:\\\/\\\/www.meydan.tv\\\/az\\\/article\\\/qizi-tofiq-yaqublunun-bas-gic%c9%99ll%c9%99nm%c9%99l%c9%99ri-artib-husunu-itirib\\\/\"},\"wordCount\":497,\"publisher\":{\"@id\":\"https:\\\/\\\/www.meydan.tv\\\/az\\\/#organization\"},\"image\":{\"@id\":\"https:\\\/\\\/www.meydan.tv\\\/az\\\/article\\\/qizi-tofiq-yaqublunun-bas-gic%c9%99ll%c9%99nm%c9%99l%c9%99ri-artib-husunu-itirib\\\/#primaryimage\"},\"thumbnailUrl\":\"https:\\\/\\\/www.meydan.tv\\\/wp-content\\\/uploads\\\/tofiq_yaqublu-2048x1365-1-1200x800-2.jpg\",\"articleSection\":[\"Siyas\u0259t\",\"X\u0259b\u0259rl\u0259r\"],\"inLanguage\":\"az\"},{\"@type\":\"WebPage\",\"@id\":\"https:\\\/\\\/www.meydan.tv\\\/az\\\/article\\\/qizi-tofiq-yaqublunun-bas-gic%c9%99ll%c9%99nm%c9%99l%c9%99ri-artib-husunu-itirib\\\/\",\"url\":\"https:\\\/\\\/www.meydan.tv\\\/az\\\/article\\\/qizi-tofiq-yaqublunun-bas-gic%c9%99ll%c9%99nm%c9%99l%c9%99ri-artib-husunu-itirib\\\/\",\"name\":\"Q\u0131z\u0131: \u201cTofiq Yaqublunun ba\u015f gic\u0259ll\u0259nm\u0259l\u0259ri art\u0131b, hu\u015funu itirib\u201d - MEYDAN.TV\",\"isPartOf\":{\"@id\":\"https:\\\/\\\/www.meydan.tv\\\/az\\\/#website\"},\"primaryImageOfPage\":{\"@id\":\"https:\\\/\\\/www.meydan.tv\\\/az\\\/article\\\/qizi-tofiq-yaqublunun-bas-gic%c9%99ll%c9%99nm%c9%99l%c9%99ri-artib-husunu-itirib\\\/#primaryimage\"},\"image\":{\"@id\":\"https:\\\/\\\/www.meydan.tv\\\/az\\\/article\\\/qizi-tofiq-yaqublunun-bas-gic%c9%99ll%c9%99nm%c9%99l%c9%99ri-artib-husunu-itirib\\\/#primaryimage\"},\"thumbnailUrl\":\"https:\\\/\\\/www.meydan.tv\\\/wp-content\\\/uploads\\\/tofiq_yaqublu-2048x1365-1-1200x800-2.jpg\",\"datePublished\":\"2026-03-13T14:52:51+00:00\",\"dateModified\":\"2026-03-13T14:52:53+00:00\",\"breadcrumb\":{\"@id\":\"https:\\\/\\\/www.meydan.tv\\\/az\\\/article\\\/qizi-tofiq-yaqublunun-bas-gic%c9%99ll%c9%99nm%c9%99l%c9%99ri-artib-husunu-itirib\\\/#breadcrumb\"},\"inLanguage\":\"az\",\"potentialAction\":[{\"@type\":\"ReadAction\",\"target\":[\"https:\\\/\\\/www.meydan.tv\\\/az\\\/article\\\/qizi-tofiq-yaqublunun-bas-gic%c9%99ll%c9%99nm%c9%99l%c9%99ri-artib-husunu-itirib\\\/\"]}]},{\"@type\":\"ImageObject\",\"inLanguage\":\"az\",\"@id\":\"https:\\\/\\\/www.meydan.tv\\\/az\\\/article\\\/qizi-tofiq-yaqublunun-bas-gic%c9%99ll%c9%99nm%c9%99l%c9%99ri-artib-husunu-itirib\\\/#primaryimage\",\"url\":\"https:\\\/\\\/www.meydan.tv\\\/wp-content\\\/uploads\\\/tofiq_yaqublu-2048x1365-1-1200x800-2.jpg\",\"contentUrl\":\"https:\\\/\\\/www.meydan.tv\\\/wp-content\\\/uploads\\\/tofiq_yaqublu-2048x1365-1-1200x800-2.jpg\",\"width\":1200,\"height\":800,\"caption\":\"Tofig Yagub\"},{\"@type\":\"BreadcrumbList\",\"@id\":\"https:\\\/\\\/www.meydan.tv\\\/az\\\/article\\\/qizi-tofiq-yaqublunun-bas-gic%c9%99ll%c9%99nm%c9%99l%c9%99ri-artib-husunu-itirib\\\/#breadcrumb\",\"itemListElement\":[{\"@type\":\"ListItem\",\"position\":1,\"name\":\"Ana s\u0259hif\u0259\",\"item\":\"https:\\\/\\\/www.meydan.tv\\\/az\\\/\"},{\"@type\":\"ListItem\",\"position\":2,\"name\":\"Siyas\u0259t\",\"item\":\"https:\\\/\\\/www.meydan.tv\\\/az\\\/section\\\/siyaset\\\/\"},{\"@type\":\"ListItem\",\"position\":3,\"name\":\"Q\u0131z\u0131: \u201cTofiq Yaqublunun ba\u015f gic\u0259ll\u0259nm\u0259l\u0259ri art\u0131b, hu\u015funu itirib\u201d\"}]},{\"@type\":\"WebSite\",\"@id\":\"https:\\\/\\\/www.meydan.tv\\\/az\\\/#website\",\"url\":\"https:\\\/\\\/www.meydan.tv\\\/az\\\/\",\"name\":\"MEYDAN.TV\",\"description\":\"Meydan TV Az\u0259rbaycan\u0131n media m\u0259kan\u0131ndak\u0131 alternativ s\u0259sidir\",\"publisher\":{\"@id\":\"https:\\\/\\\/www.meydan.tv\\\/az\\\/#organization\"},\"potentialAction\":[{\"@type\":\"SearchAction\",\"target\":{\"@type\":\"EntryPoint\",\"urlTemplate\":\"https:\\\/\\\/www.meydan.tv\\\/az\\\/?s={search_term_string}\"},\"query-input\":{\"@type\":\"PropertyValueSpecification\",\"valueRequired\":true,\"valueName\":\"search_term_string\"}}],\"inLanguage\":\"az\"},{\"@type\":\"Organization\",\"@id\":\"https:\\\/\\\/www.meydan.tv\\\/az\\\/#organization\",\"name\":\"Meydan TV\",\"url\":\"https:\\\/\\\/www.meydan.tv\\\/az\\\/\",\"logo\":{\"@type\":\"ImageObject\",\"inLanguage\":\"az\",\"@id\":\"https:\\\/\\\/www.meydan.tv\\\/az\\\/#\\\/schema\\\/logo\\\/image\\\/\",\"url\":\"https:\\\/\\\/www.meydan.tv\\\/wp-content\\\/uploads\\\/2021\\\/07\\\/meydan-logo.svg\",\"contentUrl\":\"https:\\\/\\\/www.meydan.tv\\\/wp-content\\\/uploads\\\/2021\\\/07\\\/meydan-logo.svg\",\"width\":195,\"height\":46,\"caption\":\"Meydan TV\"},\"image\":{\"@id\":\"https:\\\/\\\/www.meydan.tv\\\/az\\\/#\\\/schema\\\/logo\\\/image\\\/\"}},{\"@type\":\"Person\",\"@id\":\"https:\\\/\\\/www.meydan.tv\\\/az\\\/#\\\/schema\\\/person\\\/09863e516102a829e72bedcf3f84c6b0\",\"name\":\"mahmud\"}]}<\/script>\n<!-- \/ Yoast SEO plugin. -->","yoast_head_json":{"title":"Q\u0131z\u0131: \u201cTofiq Yaqublunun ba\u015f gic\u0259ll\u0259nm\u0259l\u0259ri art\u0131b, hu\u015funu itirib\u201d - MEYDAN.TV","robots":{"index":"index","follow":"follow","max-snippet":"max-snippet:-1","max-image-preview":"max-image-preview:large","max-video-preview":"max-video-preview:-1"},"canonical":"https:\/\/www.meydan.tv\/az\/article\/qizi-tofiq-yaqublunun-bas-gic%c9%99ll%c9%99nm%c9%99l%c9%99ri-artib-husunu-itirib\/","og_locale":"az_AZ","og_type":"article","og_title":"Q\u0131z\u0131: \u201cTofiq Yaqublunun ba\u015f gic\u0259ll\u0259nm\u0259l\u0259ri art\u0131b, hu\u015funu itirib\u201d - MEYDAN.TV","og_description":"H\u0259bsd\u0259 olan Milli \u015euran\u0131n v\u0259 M\u00fcsavat Partiyas\u0131n\u0131n \u00fczv\u00fc Tofiq Yaqublu ... Davam\u0131","og_url":"https:\/\/www.meydan.tv\/az\/article\/qizi-tofiq-yaqublunun-bas-gic%c9%99ll%c9%99nm%c9%99l%c9%99ri-artib-husunu-itirib\/","og_site_name":"MEYDAN.TV","article_published_time":"2026-03-13T14:52:51+00:00","article_modified_time":"2026-03-13T14:52:53+00:00","og_image":[{"width":1200,"height":800,"url":"https:\/\/www.meydan.tv\/wp-content\/uploads\/tofiq_yaqublu-2048x1365-1-1200x800-2.jpg","type":"image\/jpeg"}],"author":"mahmud","twitter_card":"summary_large_image","schema":{"@context":"https:\/\/schema.org","@graph":[{"@type":"Article","@id":"https:\/\/www.meydan.tv\/az\/article\/qizi-tofiq-yaqublunun-bas-gic%c9%99ll%c9%99nm%c9%99l%c9%99ri-artib-husunu-itirib\/#article","isPartOf":{"@id":"https:\/\/www.meydan.tv\/az\/article\/qizi-tofiq-yaqublunun-bas-gic%c9%99ll%c9%99nm%c9%99l%c9%99ri-artib-husunu-itirib\/"},"author":{"name":"mahmud","@id":"https:\/\/www.meydan.tv\/az\/#\/schema\/person\/09863e516102a829e72bedcf3f84c6b0"},"headline":"Q\u0131z\u0131: \u201cTofiq Yaqublunun ba\u015f gic\u0259ll\u0259nm\u0259l\u0259ri art\u0131b, hu\u015funu itirib\u201d","datePublished":"2026-03-13T14:52:51+00:00","dateModified":"2026-03-13T14:52:53+00:00","mainEntityOfPage":{"@id":"https:\/\/www.meydan.tv\/az\/article\/qizi-tofiq-yaqublunun-bas-gic%c9%99ll%c9%99nm%c9%99l%c9%99ri-artib-husunu-itirib\/"},"wordCount":497,"publisher":{"@id":"https:\/\/www.meydan.tv\/az\/#organization"},"image":{"@id":"https:\/\/www.meydan.tv\/az\/article\/qizi-tofiq-yaqublunun-bas-gic%c9%99ll%c9%99nm%c9%99l%c9%99ri-artib-husunu-itirib\/#primaryimage"},"thumbnailUrl":"https:\/\/www.meydan.tv\/wp-content\/uploads\/tofiq_yaqublu-2048x1365-1-1200x800-2.jpg","articleSection":["Siyas\u0259t","X\u0259b\u0259rl\u0259r"],"inLanguage":"az"},{"@type":"WebPage","@id":"https:\/\/www.meydan.tv\/az\/article\/qizi-tofiq-yaqublunun-bas-gic%c9%99ll%c9%99nm%c9%99l%c9%99ri-artib-husunu-itirib\/","url":"https:\/\/www.meydan.tv\/az\/article\/qizi-tofiq-yaqublunun-bas-gic%c9%99ll%c9%99nm%c9%99l%c9%99ri-artib-husunu-itirib\/","name":"Q\u0131z\u0131: \u201cTofiq Yaqublunun ba\u015f gic\u0259ll\u0259nm\u0259l\u0259ri art\u0131b, hu\u015funu itirib\u201d - MEYDAN.TV","isPartOf":{"@id":"https:\/\/www.meydan.tv\/az\/#website"},"primaryImageOfPage":{"@id":"https:\/\/www.meydan.tv\/az\/article\/qizi-tofiq-yaqublunun-bas-gic%c9%99ll%c9%99nm%c9%99l%c9%99ri-artib-husunu-itirib\/#primaryimage"},"image":{"@id":"https:\/\/www.meydan.tv\/az\/article\/qizi-tofiq-yaqublunun-bas-gic%c9%99ll%c9%99nm%c9%99l%c9%99ri-artib-husunu-itirib\/#primaryimage"},"thumbnailUrl":"https:\/\/www.meydan.tv\/wp-content\/uploads\/tofiq_yaqublu-2048x1365-1-1200x800-2.jpg","datePublished":"2026-03-13T14:52:51+00:00","dateModified":"2026-03-13T14:52:53+00:00","breadcrumb":{"@id":"https:\/\/www.meydan.tv\/az\/article\/qizi-tofiq-yaqublunun-bas-gic%c9%99ll%c9%99nm%c9%99l%c9%99ri-artib-husunu-itirib\/#breadcrumb"},"inLanguage":"az","potentialAction":[{"@type":"ReadAction","target":["https:\/\/www.meydan.tv\/az\/article\/qizi-tofiq-yaqublunun-bas-gic%c9%99ll%c9%99nm%c9%99l%c9%99ri-artib-husunu-itirib\/"]}]},{"@type":"ImageObject","inLanguage":"az","@id":"https:\/\/www.meydan.tv\/az\/article\/qizi-tofiq-yaqublunun-bas-gic%c9%99ll%c9%99nm%c9%99l%c9%99ri-artib-husunu-itirib\/#primaryimage","url":"https:\/\/www.meydan.tv\/wp-content\/uploads\/tofiq_yaqublu-2048x1365-1-1200x800-2.jpg","contentUrl":"https:\/\/www.meydan.tv\/wp-content\/uploads\/tofiq_yaqublu-2048x1365-1-1200x800-2.jpg","width":1200,"height":800,"caption":"Tofig Yagub"},{"@type":"BreadcrumbList","@id":"https:\/\/www.meydan.tv\/az\/article\/qizi-tofiq-yaqublunun-bas-gic%c9%99ll%c9%99nm%c9%99l%c9%99ri-artib-husunu-itirib\/#breadcrumb","itemListElement":[{"@type":"ListItem","position":1,"name":"Ana s\u0259hif\u0259","item":"https:\/\/www.meydan.tv\/az\/"},{"@type":"ListItem","position":2,"name":"Siyas\u0259t","item":"https:\/\/www.meydan.tv\/az\/section\/siyaset\/"},{"@type":"ListItem","position":3,"name":"Q\u0131z\u0131: \u201cTofiq Yaqublunun ba\u015f gic\u0259ll\u0259nm\u0259l\u0259ri art\u0131b, hu\u015funu itirib\u201d"}]},{"@type":"WebSite","@id":"https:\/\/www.meydan.tv\/az\/#website","url":"https:\/\/www.meydan.tv\/az\/","name":"MEYDAN.TV","description":"Meydan TV Az\u0259rbaycan\u0131n media m\u0259kan\u0131ndak\u0131 alternativ s\u0259sidir","publisher":{"@id":"https:\/\/www.meydan.tv\/az\/#organization"},"potentialAction":[{"@type":"SearchAction","target":{"@type":"EntryPoint","urlTemplate":"https:\/\/www.meydan.tv\/az\/?s={search_term_string}"},"query-input":{"@type":"PropertyValueSpecification","valueRequired":true,"valueName":"search_term_string"}}],"inLanguage":"az"},{"@type":"Organization","@id":"https:\/\/www.meydan.tv\/az\/#organization","name":"Meydan TV","url":"https:\/\/www.meydan.tv\/az\/","logo":{"@type":"ImageObject","inLanguage":"az","@id":"https:\/\/www.meydan.tv\/az\/#\/schema\/logo\/image\/","url":"https:\/\/www.meydan.tv\/wp-content\/uploads\/2021\/07\/meydan-logo.svg","contentUrl":"https:\/\/www.meydan.tv\/wp-content\/uploads\/2021\/07\/meydan-logo.svg","width":195,"height":46,"caption":"Meydan TV"},"image":{"@id":"https:\/\/www.meydan.tv\/az\/#\/schema\/logo\/image\/"}},{"@type":"Person","@id":"https:\/\/www.meydan.tv\/az\/#\/schema\/person\/09863e516102a829e72bedcf3f84c6b0","name":"mahmud"}]}},"_links":{"self":[{"href":"https:\/\/www.meydan.tv\/az\/wp-json\/wp\/v2\/posts\/342979","targetHints":{"allow":["GET"]}}],"collection":[{"href":"https:\/\/www.meydan.tv\/az\/wp-json\/wp\/v2\/posts"}],"about":[{"href":"https:\/\/www.meydan.tv\/az\/wp-json\/wp\/v2\/types\/post"}],"author":[{"embeddable":true,"href":"https:\/\/www.meydan.tv\/az\/wp-json\/wp\/v2\/users\/21"}],"replies":[{"embeddable":true,"href":"https:\/\/www.meydan.tv\/az\/wp-json\/wp\/v2\/comments?post=342979"}],"version-history":[{"count":1,"href":"https:\/\/www.meydan.tv\/az\/wp-json\/wp\/v2\/posts\/342979\/revisions"}],"predecessor-version":[{"id":342980,"href":"https:\/\/www.meydan.tv\/az\/wp-json\/wp\/v2\/posts\/342979\/revisions\/342980"}],"wp:featuredmedia":[{"embeddable":true,"href":"https:\/\/www.meydan.tv\/az\/wp-json\/wp\/v2\/media\/342730"}],"wp:attachment":[{"href":"https:\/\/www.meydan.tv\/az\/wp-json\/wp\/v2\/media?parent=342979"}],"wp:term":[{"taxonomy":"category","embeddable":true,"href":"https:\/\/www.meydan.tv\/az\/wp-json\/wp\/v2\/categories?post=342979"},{"taxonomy":"post_tag","embeddable":true,"href":"https:\/\/www.meydan.tv\/az\/wp-json\/wp\/v2\/tags?post=342979"}],"curies":[{"name":"wp","href":"https:\/\/api.w.org\/{rel}","templated":true}]}}