{"id":342969,"date":"2026-03-13T16:35:42","date_gmt":"2026-03-13T12:35:42","guid":{"rendered":"https:\/\/www.meydan.tv\/?p=342969"},"modified":"2026-03-13T16:35:44","modified_gmt":"2026-03-13T12:35:44","slug":"axcp-uzvunun-saxlanildigi-bildirilir","status":"publish","type":"post","link":"https:\/\/www.meydan.tv\/az\/article\/axcp-uzvunun-saxlanildigi-bildirilir\/","title":{"rendered":"AXCP \u00fczv\u00fcn\u00fcn saxlan\u0131ld\u0131\u011f\u0131 bildirilir"},"content":{"rendered":"\n<p>Mart\u0131n 13-d\u0259 Az\u0259rbaycan Xalq C\u0259bh\u0259si Partiyas\u0131n\u0131n (AXCP) S\u0259bail \u015f\u00f6b\u0259sinin s\u0259dri Ceyhun Novruzov 8-ci Polis b\u00f6lm\u0259sin\u0259 apar\u0131l\u0131b.<\/p>\n\n\n\n<p>Novruzovun bu g\u00fcn m\u0259hk\u0259m\u0259y\u0259 \u00e7\u0131xar\u0131laca\u011f\u0131 bildirilir.&nbsp;<\/p>\n\n\n\n<p>Partiyadan Meydan TV-y\u0259 veril\u0259n m\u0259lumata g\u00f6r\u0259, Novruzovun yazd\u0131\u011f\u0131 statuslara g\u00f6r\u0259 saxlan\u0131ld\u0131\u011f\u0131 ehtimal edilir.&nbsp;<\/p>\n\n\n\n<p>Haz\u0131rda AXCP-nin 20-d\u0259n \u00e7ox \u00fczv\u00fc v\u0259 partiyan\u0131n s\u0259dri \u018fli K\u0259rimli h\u0259bsd\u0259dir.<\/p>\n\n\n\n<p>AXCP s\u0259dri \u018fli K\u0259rimli v\u0259 Partiyan\u0131n M\u0259clis \u00fczv\u00fc M\u0259mm\u0259d \u0130brahim 2025-ci il noyabr\u0131n 29-dan h\u0259bs\u0259dirl\u0259r. \u018fli K\u0259rimliy\u0259 v\u0259 M\u0259mm\u0259d \u0130brahim\u0259 qar\u015f\u0131 d\u00f6vl\u0259tin konstitusiya qurulu\u015funu zorla d\u0259yi\u015fdirm\u0259y\u0259 y\u00f6n\u0259l\u0259n h\u0259r\u0259k\u0259tl\u0259r ittihamlar\u0131 ir\u0259li s\u00fcr\u00fcl\u00fcb. Onlar\u0131n h\u0259bsi sabiq Prezident Administrasiyas\u0131 r\u0259hb\u0259ri Ramiz Mehdiyev \u0259traf\u0131nda apar\u0131lan istintaqla \u0259laq\u0259l\u0259ndirilir. M\u00fcxalif\u0259t v\u0259 t\u0259r\u0259fdarlar\u0131 bu h\u0259bsin siyasi motivli oldu\u011funu bildirir.<\/p>\n","protected":false},"excerpt":{"rendered":"<p>Mart\u0131n 13-d\u0259 Az\u0259rbaycan Xalq C\u0259bh\u0259si Partiyas\u0131n\u0131n (AXCP) S\u0259bail \u015f\u00f6b\u0259sinin s\u0259dri &#8230; <\/p>\n<p class=\"read-more-container\"><a title=\"AXCP \u00fczv\u00fcn\u00fcn saxlan\u0131ld\u0131\u011f\u0131 bildirilir\" class=\"read-more button\" href=\"https:\/\/www.meydan.tv\/az\/article\/axcp-uzvunun-saxlanildigi-bildirilir\/#more-342969\" aria-label=\"Read more about AXCP \u00fczv\u00fcn\u00fcn saxlan\u0131ld\u0131\u011f\u0131 bildirilir\">Davam\u0131<\/a><\/p>\n","protected":false},"author":21,"featured_media":322771,"comment_status":"closed","ping_status":"closed","sticky":false,"template":"","format":"standard","meta":{"_acf_changed":false,"_sitemap_exclude":false,"_sitemap_priority":"","_sitemap_frequency":"","footnotes":""},"categories":[59,79,56],"tags":[],"class_list":["post-342969","post","type-post","status-publish","format-standard","has-post-thumbnail","hentry","category-siyaset","category-featured","category-xeberler","infinite-scroll-item","generate-columns","tablet-grid-50","mobile-grid-100","grid-parent","grid-33","no-featured-image-padding"],"acf":[],"yoast_head":"<!-- This site is optimized with the Yoast SEO plugin v27.5 - https:\/\/yoast.com\/product\/yoast-seo-wordpress\/ -->\n<title>AXCP \u00fczv\u00fcn\u00fcn saxlan\u0131ld\u0131\u011f\u0131 bildirilir - MEYDAN.TV<\/title>\n<meta name=\"robots\" content=\"index, follow, max-snippet:-1, max-image-preview:large, max-video-preview:-1\" \/>\n<link rel=\"canonical\" href=\"https:\/\/www.meydan.tv\/az\/article\/axcp-uzvunun-saxlanildigi-bildirilir\/\" \/>\n<meta property=\"og:locale\" content=\"az_AZ\" \/>\n<meta property=\"og:type\" content=\"article\" \/>\n<meta property=\"og:title\" content=\"AXCP \u00fczv\u00fcn\u00fcn saxlan\u0131ld\u0131\u011f\u0131 bildirilir - MEYDAN.TV\" \/>\n<meta property=\"og:description\" content=\"Mart\u0131n 13-d\u0259 Az\u0259rbaycan Xalq C\u0259bh\u0259si Partiyas\u0131n\u0131n (AXCP) S\u0259bail \u015f\u00f6b\u0259sinin s\u0259dri ... Davam\u0131\" \/>\n<meta property=\"og:url\" content=\"https:\/\/www.meydan.tv\/az\/article\/axcp-uzvunun-saxlanildigi-bildirilir\/\" \/>\n<meta property=\"og:site_name\" content=\"MEYDAN.TV\" \/>\n<meta property=\"article:published_time\" content=\"2026-03-13T12:35:42+00:00\" \/>\n<meta property=\"article:modified_time\" content=\"2026-03-13T12:35:44+00:00\" \/>\n<meta property=\"og:image\" content=\"https:\/\/www.meydan.tv\/wp-content\/uploads\/69620316_479481469560540_8972180784353902592_n-e1734128382414.jpg\" \/>\n\t<meta property=\"og:image:width\" content=\"720\" \/>\n\t<meta property=\"og:image:height\" content=\"338\" \/>\n\t<meta property=\"og:image:type\" content=\"image\/jpeg\" \/>\n<meta name=\"author\" content=\"mahmud\" \/>\n<meta name=\"twitter:card\" content=\"summary_large_image\" \/>\n<script type=\"application\/ld+json\" class=\"yoast-schema-graph\">{\"@context\":\"https:\\\/\\\/schema.org\",\"@graph\":[{\"@type\":\"Article\",\"@id\":\"https:\\\/\\\/www.meydan.tv\\\/az\\\/article\\\/axcp-uzvunun-saxlanildigi-bildirilir\\\/#article\",\"isPartOf\":{\"@id\":\"https:\\\/\\\/www.meydan.tv\\\/az\\\/article\\\/axcp-uzvunun-saxlanildigi-bildirilir\\\/\"},\"author\":{\"name\":\"mahmud\",\"@id\":\"https:\\\/\\\/www.meydan.tv\\\/az\\\/#\\\/schema\\\/person\\\/09863e516102a829e72bedcf3f84c6b0\"},\"headline\":\"AXCP \u00fczv\u00fcn\u00fcn saxlan\u0131ld\u0131\u011f\u0131 bildirilir\",\"datePublished\":\"2026-03-13T12:35:42+00:00\",\"dateModified\":\"2026-03-13T12:35:44+00:00\",\"mainEntityOfPage\":{\"@id\":\"https:\\\/\\\/www.meydan.tv\\\/az\\\/article\\\/axcp-uzvunun-saxlanildigi-bildirilir\\\/\"},\"wordCount\":181,\"publisher\":{\"@id\":\"https:\\\/\\\/www.meydan.tv\\\/az\\\/#organization\"},\"image\":{\"@id\":\"https:\\\/\\\/www.meydan.tv\\\/az\\\/article\\\/axcp-uzvunun-saxlanildigi-bildirilir\\\/#primaryimage\"},\"thumbnailUrl\":\"https:\\\/\\\/www.meydan.tv\\\/wp-content\\\/uploads\\\/69620316_479481469560540_8972180784353902592_n-e1734128382414.jpg\",\"articleSection\":[\"Siyas\u0259t\",\"T\u00f6vsiy\u0259\",\"X\u0259b\u0259rl\u0259r\"],\"inLanguage\":\"az\"},{\"@type\":\"WebPage\",\"@id\":\"https:\\\/\\\/www.meydan.tv\\\/az\\\/article\\\/axcp-uzvunun-saxlanildigi-bildirilir\\\/\",\"url\":\"https:\\\/\\\/www.meydan.tv\\\/az\\\/article\\\/axcp-uzvunun-saxlanildigi-bildirilir\\\/\",\"name\":\"AXCP \u00fczv\u00fcn\u00fcn saxlan\u0131ld\u0131\u011f\u0131 bildirilir - MEYDAN.TV\",\"isPartOf\":{\"@id\":\"https:\\\/\\\/www.meydan.tv\\\/az\\\/#website\"},\"primaryImageOfPage\":{\"@id\":\"https:\\\/\\\/www.meydan.tv\\\/az\\\/article\\\/axcp-uzvunun-saxlanildigi-bildirilir\\\/#primaryimage\"},\"image\":{\"@id\":\"https:\\\/\\\/www.meydan.tv\\\/az\\\/article\\\/axcp-uzvunun-saxlanildigi-bildirilir\\\/#primaryimage\"},\"thumbnailUrl\":\"https:\\\/\\\/www.meydan.tv\\\/wp-content\\\/uploads\\\/69620316_479481469560540_8972180784353902592_n-e1734128382414.jpg\",\"datePublished\":\"2026-03-13T12:35:42+00:00\",\"dateModified\":\"2026-03-13T12:35:44+00:00\",\"breadcrumb\":{\"@id\":\"https:\\\/\\\/www.meydan.tv\\\/az\\\/article\\\/axcp-uzvunun-saxlanildigi-bildirilir\\\/#breadcrumb\"},\"inLanguage\":\"az\",\"potentialAction\":[{\"@type\":\"ReadAction\",\"target\":[\"https:\\\/\\\/www.meydan.tv\\\/az\\\/article\\\/axcp-uzvunun-saxlanildigi-bildirilir\\\/\"]}]},{\"@type\":\"ImageObject\",\"inLanguage\":\"az\",\"@id\":\"https:\\\/\\\/www.meydan.tv\\\/az\\\/article\\\/axcp-uzvunun-saxlanildigi-bildirilir\\\/#primaryimage\",\"url\":\"https:\\\/\\\/www.meydan.tv\\\/wp-content\\\/uploads\\\/69620316_479481469560540_8972180784353902592_n-e1734128382414.jpg\",\"contentUrl\":\"https:\\\/\\\/www.meydan.tv\\\/wp-content\\\/uploads\\\/69620316_479481469560540_8972180784353902592_n-e1734128382414.jpg\",\"width\":720,\"height\":338,\"caption\":\"Foto: Ceyhun Novruzovun Facebook s\u0259hif\u0259sind\u0259n\"},{\"@type\":\"BreadcrumbList\",\"@id\":\"https:\\\/\\\/www.meydan.tv\\\/az\\\/article\\\/axcp-uzvunun-saxlanildigi-bildirilir\\\/#breadcrumb\",\"itemListElement\":[{\"@type\":\"ListItem\",\"position\":1,\"name\":\"Ana s\u0259hif\u0259\",\"item\":\"https:\\\/\\\/www.meydan.tv\\\/az\\\/\"},{\"@type\":\"ListItem\",\"position\":2,\"name\":\"Siyas\u0259t\",\"item\":\"https:\\\/\\\/www.meydan.tv\\\/az\\\/section\\\/siyaset\\\/\"},{\"@type\":\"ListItem\",\"position\":3,\"name\":\"AXCP \u00fczv\u00fcn\u00fcn saxlan\u0131ld\u0131\u011f\u0131 bildirilir\"}]},{\"@type\":\"WebSite\",\"@id\":\"https:\\\/\\\/www.meydan.tv\\\/az\\\/#website\",\"url\":\"https:\\\/\\\/www.meydan.tv\\\/az\\\/\",\"name\":\"MEYDAN.TV\",\"description\":\"Meydan TV Az\u0259rbaycan\u0131n media m\u0259kan\u0131ndak\u0131 alternativ s\u0259sidir\",\"publisher\":{\"@id\":\"https:\\\/\\\/www.meydan.tv\\\/az\\\/#organization\"},\"potentialAction\":[{\"@type\":\"SearchAction\",\"target\":{\"@type\":\"EntryPoint\",\"urlTemplate\":\"https:\\\/\\\/www.meydan.tv\\\/az\\\/?s={search_term_string}\"},\"query-input\":{\"@type\":\"PropertyValueSpecification\",\"valueRequired\":true,\"valueName\":\"search_term_string\"}}],\"inLanguage\":\"az\"},{\"@type\":\"Organization\",\"@id\":\"https:\\\/\\\/www.meydan.tv\\\/az\\\/#organization\",\"name\":\"Meydan TV\",\"url\":\"https:\\\/\\\/www.meydan.tv\\\/az\\\/\",\"logo\":{\"@type\":\"ImageObject\",\"inLanguage\":\"az\",\"@id\":\"https:\\\/\\\/www.meydan.tv\\\/az\\\/#\\\/schema\\\/logo\\\/image\\\/\",\"url\":\"https:\\\/\\\/www.meydan.tv\\\/wp-content\\\/uploads\\\/2021\\\/07\\\/meydan-logo.svg\",\"contentUrl\":\"https:\\\/\\\/www.meydan.tv\\\/wp-content\\\/uploads\\\/2021\\\/07\\\/meydan-logo.svg\",\"width\":195,\"height\":46,\"caption\":\"Meydan TV\"},\"image\":{\"@id\":\"https:\\\/\\\/www.meydan.tv\\\/az\\\/#\\\/schema\\\/logo\\\/image\\\/\"}},{\"@type\":\"Person\",\"@id\":\"https:\\\/\\\/www.meydan.tv\\\/az\\\/#\\\/schema\\\/person\\\/09863e516102a829e72bedcf3f84c6b0\",\"name\":\"mahmud\"}]}<\/script>\n<!-- \/ Yoast SEO plugin. -->","yoast_head_json":{"title":"AXCP \u00fczv\u00fcn\u00fcn saxlan\u0131ld\u0131\u011f\u0131 bildirilir - MEYDAN.TV","robots":{"index":"index","follow":"follow","max-snippet":"max-snippet:-1","max-image-preview":"max-image-preview:large","max-video-preview":"max-video-preview:-1"},"canonical":"https:\/\/www.meydan.tv\/az\/article\/axcp-uzvunun-saxlanildigi-bildirilir\/","og_locale":"az_AZ","og_type":"article","og_title":"AXCP \u00fczv\u00fcn\u00fcn saxlan\u0131ld\u0131\u011f\u0131 bildirilir - MEYDAN.TV","og_description":"Mart\u0131n 13-d\u0259 Az\u0259rbaycan Xalq C\u0259bh\u0259si Partiyas\u0131n\u0131n (AXCP) S\u0259bail \u015f\u00f6b\u0259sinin s\u0259dri ... Davam\u0131","og_url":"https:\/\/www.meydan.tv\/az\/article\/axcp-uzvunun-saxlanildigi-bildirilir\/","og_site_name":"MEYDAN.TV","article_published_time":"2026-03-13T12:35:42+00:00","article_modified_time":"2026-03-13T12:35:44+00:00","og_image":[{"width":720,"height":338,"url":"https:\/\/www.meydan.tv\/wp-content\/uploads\/69620316_479481469560540_8972180784353902592_n-e1734128382414.jpg","type":"image\/jpeg"}],"author":"mahmud","twitter_card":"summary_large_image","schema":{"@context":"https:\/\/schema.org","@graph":[{"@type":"Article","@id":"https:\/\/www.meydan.tv\/az\/article\/axcp-uzvunun-saxlanildigi-bildirilir\/#article","isPartOf":{"@id":"https:\/\/www.meydan.tv\/az\/article\/axcp-uzvunun-saxlanildigi-bildirilir\/"},"author":{"name":"mahmud","@id":"https:\/\/www.meydan.tv\/az\/#\/schema\/person\/09863e516102a829e72bedcf3f84c6b0"},"headline":"AXCP \u00fczv\u00fcn\u00fcn saxlan\u0131ld\u0131\u011f\u0131 bildirilir","datePublished":"2026-03-13T12:35:42+00:00","dateModified":"2026-03-13T12:35:44+00:00","mainEntityOfPage":{"@id":"https:\/\/www.meydan.tv\/az\/article\/axcp-uzvunun-saxlanildigi-bildirilir\/"},"wordCount":181,"publisher":{"@id":"https:\/\/www.meydan.tv\/az\/#organization"},"image":{"@id":"https:\/\/www.meydan.tv\/az\/article\/axcp-uzvunun-saxlanildigi-bildirilir\/#primaryimage"},"thumbnailUrl":"https:\/\/www.meydan.tv\/wp-content\/uploads\/69620316_479481469560540_8972180784353902592_n-e1734128382414.jpg","articleSection":["Siyas\u0259t","T\u00f6vsiy\u0259","X\u0259b\u0259rl\u0259r"],"inLanguage":"az"},{"@type":"WebPage","@id":"https:\/\/www.meydan.tv\/az\/article\/axcp-uzvunun-saxlanildigi-bildirilir\/","url":"https:\/\/www.meydan.tv\/az\/article\/axcp-uzvunun-saxlanildigi-bildirilir\/","name":"AXCP \u00fczv\u00fcn\u00fcn saxlan\u0131ld\u0131\u011f\u0131 bildirilir - MEYDAN.TV","isPartOf":{"@id":"https:\/\/www.meydan.tv\/az\/#website"},"primaryImageOfPage":{"@id":"https:\/\/www.meydan.tv\/az\/article\/axcp-uzvunun-saxlanildigi-bildirilir\/#primaryimage"},"image":{"@id":"https:\/\/www.meydan.tv\/az\/article\/axcp-uzvunun-saxlanildigi-bildirilir\/#primaryimage"},"thumbnailUrl":"https:\/\/www.meydan.tv\/wp-content\/uploads\/69620316_479481469560540_8972180784353902592_n-e1734128382414.jpg","datePublished":"2026-03-13T12:35:42+00:00","dateModified":"2026-03-13T12:35:44+00:00","breadcrumb":{"@id":"https:\/\/www.meydan.tv\/az\/article\/axcp-uzvunun-saxlanildigi-bildirilir\/#breadcrumb"},"inLanguage":"az","potentialAction":[{"@type":"ReadAction","target":["https:\/\/www.meydan.tv\/az\/article\/axcp-uzvunun-saxlanildigi-bildirilir\/"]}]},{"@type":"ImageObject","inLanguage":"az","@id":"https:\/\/www.meydan.tv\/az\/article\/axcp-uzvunun-saxlanildigi-bildirilir\/#primaryimage","url":"https:\/\/www.meydan.tv\/wp-content\/uploads\/69620316_479481469560540_8972180784353902592_n-e1734128382414.jpg","contentUrl":"https:\/\/www.meydan.tv\/wp-content\/uploads\/69620316_479481469560540_8972180784353902592_n-e1734128382414.jpg","width":720,"height":338,"caption":"Foto: Ceyhun Novruzovun Facebook s\u0259hif\u0259sind\u0259n"},{"@type":"BreadcrumbList","@id":"https:\/\/www.meydan.tv\/az\/article\/axcp-uzvunun-saxlanildigi-bildirilir\/#breadcrumb","itemListElement":[{"@type":"ListItem","position":1,"name":"Ana s\u0259hif\u0259","item":"https:\/\/www.meydan.tv\/az\/"},{"@type":"ListItem","position":2,"name":"Siyas\u0259t","item":"https:\/\/www.meydan.tv\/az\/section\/siyaset\/"},{"@type":"ListItem","position":3,"name":"AXCP \u00fczv\u00fcn\u00fcn saxlan\u0131ld\u0131\u011f\u0131 bildirilir"}]},{"@type":"WebSite","@id":"https:\/\/www.meydan.tv\/az\/#website","url":"https:\/\/www.meydan.tv\/az\/","name":"MEYDAN.TV","description":"Meydan TV Az\u0259rbaycan\u0131n media m\u0259kan\u0131ndak\u0131 alternativ s\u0259sidir","publisher":{"@id":"https:\/\/www.meydan.tv\/az\/#organization"},"potentialAction":[{"@type":"SearchAction","target":{"@type":"EntryPoint","urlTemplate":"https:\/\/www.meydan.tv\/az\/?s={search_term_string}"},"query-input":{"@type":"PropertyValueSpecification","valueRequired":true,"valueName":"search_term_string"}}],"inLanguage":"az"},{"@type":"Organization","@id":"https:\/\/www.meydan.tv\/az\/#organization","name":"Meydan TV","url":"https:\/\/www.meydan.tv\/az\/","logo":{"@type":"ImageObject","inLanguage":"az","@id":"https:\/\/www.meydan.tv\/az\/#\/schema\/logo\/image\/","url":"https:\/\/www.meydan.tv\/wp-content\/uploads\/2021\/07\/meydan-logo.svg","contentUrl":"https:\/\/www.meydan.tv\/wp-content\/uploads\/2021\/07\/meydan-logo.svg","width":195,"height":46,"caption":"Meydan TV"},"image":{"@id":"https:\/\/www.meydan.tv\/az\/#\/schema\/logo\/image\/"}},{"@type":"Person","@id":"https:\/\/www.meydan.tv\/az\/#\/schema\/person\/09863e516102a829e72bedcf3f84c6b0","name":"mahmud"}]}},"_links":{"self":[{"href":"https:\/\/www.meydan.tv\/az\/wp-json\/wp\/v2\/posts\/342969","targetHints":{"allow":["GET"]}}],"collection":[{"href":"https:\/\/www.meydan.tv\/az\/wp-json\/wp\/v2\/posts"}],"about":[{"href":"https:\/\/www.meydan.tv\/az\/wp-json\/wp\/v2\/types\/post"}],"author":[{"embeddable":true,"href":"https:\/\/www.meydan.tv\/az\/wp-json\/wp\/v2\/users\/21"}],"replies":[{"embeddable":true,"href":"https:\/\/www.meydan.tv\/az\/wp-json\/wp\/v2\/comments?post=342969"}],"version-history":[{"count":1,"href":"https:\/\/www.meydan.tv\/az\/wp-json\/wp\/v2\/posts\/342969\/revisions"}],"predecessor-version":[{"id":342970,"href":"https:\/\/www.meydan.tv\/az\/wp-json\/wp\/v2\/posts\/342969\/revisions\/342970"}],"wp:featuredmedia":[{"embeddable":true,"href":"https:\/\/www.meydan.tv\/az\/wp-json\/wp\/v2\/media\/322771"}],"wp:attachment":[{"href":"https:\/\/www.meydan.tv\/az\/wp-json\/wp\/v2\/media?parent=342969"}],"wp:term":[{"taxonomy":"category","embeddable":true,"href":"https:\/\/www.meydan.tv\/az\/wp-json\/wp\/v2\/categories?post=342969"},{"taxonomy":"post_tag","embeddable":true,"href":"https:\/\/www.meydan.tv\/az\/wp-json\/wp\/v2\/tags?post=342969"}],"curies":[{"name":"wp","href":"https:\/\/api.w.org\/{rel}","templated":true}]}}