{"id":342937,"date":"2026-03-12T18:58:14","date_gmt":"2026-03-12T14:58:14","guid":{"rendered":"https:\/\/www.meydan.tv\/?p=342937"},"modified":"2026-03-12T18:58:16","modified_gmt":"2026-03-12T14:58:16","slug":"avropa-parlamenti-gurcustanla-bagli-q%c9%99tnam%c9%99d%c9%99-sanksiya-cagirisi-edib","status":"publish","type":"post","link":"https:\/\/www.meydan.tv\/az\/article\/avropa-parlamenti-gurcustanla-bagli-q%c9%99tnam%c9%99d%c9%99-sanksiya-cagirisi-edib\/","title":{"rendered":"Avropa Parlamenti G\u00fcrc\u00fcstanla ba\u011fl\u0131 q\u0259tnam\u0259d\u0259 sanksiya \u00e7a\u011f\u0131r\u0131\u015f\u0131 edib"},"content":{"rendered":"\n<p>Avropa Parlamenti G\u00fcrc\u00fcstanla ba\u011fl\u0131 t\u0259nqidi q\u0259tnam\u0259 q\u0259bul edib.<\/p>\n\n\n\n<p>Qurumun 438 lehin\u0259 v\u0259 37 \u0259leyhin\u0259 s\u0259sl\u0259 q\u0259bul etdiyi s\u0259n\u0259dd\u0259 G\u00fcrc\u00fcstanda m\u00fcxalif\u0259t\u00e7i Elene Xo\u015ftariyan\u0131n v\u0259 dig\u0259r \u015f\u0259xsl\u0259rin h\u0259bsl\u0259rini pisl\u0259yib. Q\u0259tnam\u0259d\u0259 \u00f6lk\u0259d\u0259 \u201csiyasi \u0259dal\u0259t v\u0259 repressiyalara\u201d son qoyulmas\u0131, h\u0259m\u00e7inin \u201csiyasi m\u0259hbuslar\u0131n d\u0259rhal v\u0259 qeyd-\u015f\u0259rtsiz azad edilm\u0259si\u201d t\u0259l\u0259b olunur. H\u0259m\u00e7inin bu yax\u0131nlarda q\u0259bul edilmi\u015f m\u0259hdudla\u015fd\u0131r\u0131c\u0131 qanunlar\u0131n l\u0259\u011fvi t\u0259l\u0259b olunur.<\/p>\n\n\n\n<p>S\u0259n\u0259dd\u0259 qeyd olunur ki, s\u00f6z azadl\u0131\u011f\u0131, topla\u015fmaq azadl\u0131\u011f\u0131 v\u0259 dinc etirazlarda i\u015ftirak h\u00fcququndan istifad\u0259 etdikl\u0259rin\u0259 g\u00f6r\u0259 h\u0259d\u0259f\u0259 al\u0131nan \u015f\u0259xsl\u0259rin h\u0259bsi siyasi motivlidir. Avropa Parlamentinin \u00fczvl\u0259ri h\u0259m\u00e7inin hakim G\u00fcrc\u00fc Arzusu Partiyas\u0131 t\u0259r\u0259find\u0259n siyasi m\u00fcxalifl\u0259rin, jurnalistl\u0259rin v\u0259 f\u0259allar\u0131n sistematik cinay\u0259t t\u0259qibini pisl\u0259yibl\u0259r.<\/p>\n\n\n\n<p>Q\u0259tnam\u0259d\u0259 G\u00fcrc\u00fcstan\u0131n ke\u00e7mi\u015f prezidenti Mixeil Saaka\u015fvilinin h\u0259bsd\u0259 qalmas\u0131ndan v\u0259 s\u0259hh\u0259tinin pisl\u0259\u015fm\u0259sind\u0259n narahatl\u0131q ifad\u0259 olunur. Avropa Parlamenti s\u0259n\u0259dd\u0259 Saaka\u015fvilinin d\u00f6rd ild\u0259n art\u0131qd\u0131r ki, oliqarx Bidzina \u0130vani\u015fvili t\u0259r\u0259find\u0259n siyasi girov kimi saxlan\u0131ld\u0131\u011f\u0131n\u0131 qeyd edir.<\/p>\n\n\n\n<p>Parlament saxlan\u0131lan \u015f\u0259xsl\u0259r\u0259 qar\u015f\u0131 pis r\u0259ftar v\u0259 milli qanunvericiliyin pozulmas\u0131 il\u0259 ba\u011fl\u0131 iddialar\u0131n m\u00fcst\u0259qil v\u0259 \u015f\u0259ffaf ara\u015fd\u0131r\u0131lmas\u0131n\u0131 t\u0259l\u0259b edir. H\u0259m\u00e7inin etiraz\u00e7\u0131lara qar\u015f\u0131 kimy\u0259vi madd\u0259l\u0259rin istifad\u0259si il\u0259 ba\u011fl\u0131 m\u0259lumatlar\u0131n ara\u015fd\u0131r\u0131lmas\u0131na \u00e7a\u011f\u0131r\u0131\u015f edilir.<\/p>\n\n\n\n<p>S\u0259n\u0259dd\u0259 Rusiya, \u00c7in v\u0259 \u0130ran\u0131n G\u00fcrc\u00fcstanda artan siyasi v\u0259 iqtisadi t\u0259sirind\u0259n narahatl\u0131q ifad\u0259 olunur. Bu kontekstd\u0259 Hudson \u0130nstitutu t\u0259r\u0259find\u0259n apar\u0131lan t\u0259dqiqat\u0131n m\u00fc\u0259llifl\u0259ri Giorgi Kandelaki v\u0259 Tinatin Xida\u015feliy\u0259 qar\u015f\u0131 ba\u015flad\u0131lan ara\u015fd\u0131rmalar da qeyd edilir.<\/p>\n\n\n\n<p>Avropa Parlamenti G\u00fcrc\u00fcstan hakimiyy\u0259tini m\u0259hdudla\u015fd\u0131r\u0131c\u0131 qanunlar\u0131 l\u0259\u011fv etm\u0259y\u0259, siyasi repressiya m\u0259qs\u0259dil\u0259 m\u0259hk\u0259m\u0259y\u0259q\u0259d\u0259r h\u0259bsd\u0259n istifad\u0259ni dayand\u0131rma\u011fa, m\u0259hk\u0259m\u0259 m\u00fcst\u0259qilliyini v\u0259 \u0259dal\u0259tli m\u0259hk\u0259m\u0259 prosesini t\u0259min etm\u0259y\u0259 \u00e7a\u011f\u0131r\u0131r.<\/p>\n\n\n\n<p>Q\u0259tnam\u0259d\u0259 siyasi m\u0259hbuslar\u0131n m\u00f6vcudlu\u011funun G\u00fcrc\u00fcstan\u0131n Assosiasiya Sazi\u015fi \u00e7\u0259r\u00e7iv\u0259sind\u0259 \u00fcz\u0259rin\u0259 g\u00f6t\u00fcrd\u00fcy\u00fc \u00f6hd\u0259likl\u0259rl\u0259 uy\u011fun olmad\u0131\u011f\u0131 vur\u011fulan\u0131r.<\/p>\n\n\n\n<p>S\u0259n\u0259dd\u0259 Avropa Parlamenti G\u00fcrc\u00fcstan xalq\u0131na v\u0259 onun \u201cdemokratik Avropa g\u0259l\u0259c\u0259yin\u0259\u201d d\u0259st\u0259yini bir daha ifad\u0259 edir. H\u0259m\u00e7inin Avropa Komissiyas\u0131 v\u0259 A\u0130 \u00fczv d\u00f6vl\u0259tl\u0259ri t\u0259hdid alt\u0131nda olan g\u00fcrc\u00fc f\u0259allar\u0131, jurnalistl\u0259ri v\u0259 m\u00fcxalif\u0259t n\u00fcmay\u0259nd\u0259l\u0259rini d\u0259st\u0259kl\u0259m\u0259y\u0259 \u00e7a\u011f\u0131r\u0131l\u0131r.<\/p>\n\n\n\n<p>Avropa Parlamenti A\u0130 v\u0259 \u00fczv d\u00f6vl\u0259tl\u0259ri demokratik m\u00fcxalif\u0259t\u0259, dissidentl\u0259r\u0259, n\u00fcmayi\u015f\u00e7il\u0259r\u0259 v\u0259 jurnalistl\u0259r\u0259 qar\u015f\u0131 siyasi motivli h\u0259bsl\u0259r v\u0259 zorak\u0131l\u0131qlara g\u00f6r\u0259 m\u0259suliyy\u0259t da\u015f\u0131yan \u015f\u0259xsl\u0259r\u0259, o c\u00fcml\u0259d\u0259n hakimiyy\u0259t n\u00fcmay\u0259nd\u0259l\u0259rin\u0259 qar\u015f\u0131 giri\u015f qada\u011falar\u0131 da daxil olmaqla h\u0259d\u0259fl\u0259nmi\u015f sanksiyalar t\u0259tbiq etm\u0259y\u0259 \u00e7a\u011f\u0131r\u0131r.<\/p>\n","protected":false},"excerpt":{"rendered":"<p>Avropa Parlamenti G\u00fcrc\u00fcstanla ba\u011fl\u0131 t\u0259nqidi q\u0259tnam\u0259 q\u0259bul edib. Qurumun 438 &#8230; <\/p>\n<p class=\"read-more-container\"><a title=\"Avropa Parlamenti G\u00fcrc\u00fcstanla ba\u011fl\u0131 q\u0259tnam\u0259d\u0259 sanksiya \u00e7a\u011f\u0131r\u0131\u015f\u0131 edib\" class=\"read-more button\" href=\"https:\/\/www.meydan.tv\/az\/article\/avropa-parlamenti-gurcustanla-bagli-q%c9%99tnam%c9%99d%c9%99-sanksiya-cagirisi-edib\/#more-342937\" aria-label=\"Read more about Avropa Parlamenti G\u00fcrc\u00fcstanla ba\u011fl\u0131 q\u0259tnam\u0259d\u0259 sanksiya \u00e7a\u011f\u0131r\u0131\u015f\u0131 edib\">Davam\u0131<\/a><\/p>\n","protected":false},"author":21,"featured_media":293032,"comment_status":"closed","ping_status":"closed","sticky":false,"template":"","format":"standard","meta":{"_acf_changed":false,"_sitemap_exclude":false,"_sitemap_priority":"","_sitemap_frequency":"","footnotes":""},"categories":[64,56],"tags":[],"class_list":["post-342937","post","type-post","status-publish","format-standard","has-post-thumbnail","hentry","category-dunya","category-xeberler","infinite-scroll-item","generate-columns","tablet-grid-50","mobile-grid-100","grid-parent","grid-33","no-featured-image-padding"],"acf":[],"yoast_head":"<!-- This site is optimized with the Yoast SEO plugin v27.5 - https:\/\/yoast.com\/product\/yoast-seo-wordpress\/ -->\n<title>Avropa Parlamenti G\u00fcrc\u00fcstanla ba\u011fl\u0131 q\u0259tnam\u0259d\u0259 sanksiya \u00e7a\u011f\u0131r\u0131\u015f\u0131 edib - MEYDAN.TV<\/title>\n<meta name=\"robots\" content=\"index, follow, max-snippet:-1, max-image-preview:large, max-video-preview:-1\" \/>\n<link rel=\"canonical\" href=\"https:\/\/www.meydan.tv\/az\/article\/avropa-parlamenti-gurcustanla-bagli-q%c9%99tnam%c9%99d%c9%99-sanksiya-cagirisi-edib\/\" \/>\n<meta property=\"og:locale\" content=\"az_AZ\" \/>\n<meta property=\"og:type\" content=\"article\" \/>\n<meta property=\"og:title\" content=\"Avropa Parlamenti G\u00fcrc\u00fcstanla ba\u011fl\u0131 q\u0259tnam\u0259d\u0259 sanksiya \u00e7a\u011f\u0131r\u0131\u015f\u0131 edib - MEYDAN.TV\" \/>\n<meta property=\"og:description\" content=\"Avropa Parlamenti G\u00fcrc\u00fcstanla ba\u011fl\u0131 t\u0259nqidi q\u0259tnam\u0259 q\u0259bul edib. Qurumun 438 ... Davam\u0131\" \/>\n<meta property=\"og:url\" content=\"https:\/\/www.meydan.tv\/az\/article\/avropa-parlamenti-gurcustanla-bagli-q%c9%99tnam%c9%99d%c9%99-sanksiya-cagirisi-edib\/\" \/>\n<meta property=\"og:site_name\" content=\"MEYDAN.TV\" \/>\n<meta property=\"article:published_time\" content=\"2026-03-12T14:58:14+00:00\" \/>\n<meta property=\"article:modified_time\" content=\"2026-03-12T14:58:16+00:00\" \/>\n<meta property=\"og:image\" content=\"https:\/\/www.meydan.tv\/wp-content\/uploads\/shutterstock_2158102813.jpg\" \/>\n\t<meta property=\"og:image:width\" content=\"1200\" \/>\n\t<meta property=\"og:image:height\" content=\"800\" \/>\n\t<meta property=\"og:image:type\" content=\"image\/jpeg\" \/>\n<meta name=\"author\" content=\"mahmud\" \/>\n<meta name=\"twitter:card\" content=\"summary_large_image\" \/>\n<script type=\"application\/ld+json\" class=\"yoast-schema-graph\">{\"@context\":\"https:\\\/\\\/schema.org\",\"@graph\":[{\"@type\":\"Article\",\"@id\":\"https:\\\/\\\/www.meydan.tv\\\/az\\\/article\\\/avropa-parlamenti-gurcustanla-bagli-q%c9%99tnam%c9%99d%c9%99-sanksiya-cagirisi-edib\\\/#article\",\"isPartOf\":{\"@id\":\"https:\\\/\\\/www.meydan.tv\\\/az\\\/article\\\/avropa-parlamenti-gurcustanla-bagli-q%c9%99tnam%c9%99d%c9%99-sanksiya-cagirisi-edib\\\/\"},\"author\":{\"name\":\"mahmud\",\"@id\":\"https:\\\/\\\/www.meydan.tv\\\/az\\\/#\\\/schema\\\/person\\\/09863e516102a829e72bedcf3f84c6b0\"},\"headline\":\"Avropa Parlamenti G\u00fcrc\u00fcstanla ba\u011fl\u0131 q\u0259tnam\u0259d\u0259 sanksiya \u00e7a\u011f\u0131r\u0131\u015f\u0131 edib\",\"datePublished\":\"2026-03-12T14:58:14+00:00\",\"dateModified\":\"2026-03-12T14:58:16+00:00\",\"mainEntityOfPage\":{\"@id\":\"https:\\\/\\\/www.meydan.tv\\\/az\\\/article\\\/avropa-parlamenti-gurcustanla-bagli-q%c9%99tnam%c9%99d%c9%99-sanksiya-cagirisi-edib\\\/\"},\"wordCount\":586,\"publisher\":{\"@id\":\"https:\\\/\\\/www.meydan.tv\\\/az\\\/#organization\"},\"image\":{\"@id\":\"https:\\\/\\\/www.meydan.tv\\\/az\\\/article\\\/avropa-parlamenti-gurcustanla-bagli-q%c9%99tnam%c9%99d%c9%99-sanksiya-cagirisi-edib\\\/#primaryimage\"},\"thumbnailUrl\":\"https:\\\/\\\/www.meydan.tv\\\/wp-content\\\/uploads\\\/shutterstock_2158102813.jpg\",\"articleSection\":[\"D\u00fcnya\",\"X\u0259b\u0259rl\u0259r\"],\"inLanguage\":\"az\"},{\"@type\":\"WebPage\",\"@id\":\"https:\\\/\\\/www.meydan.tv\\\/az\\\/article\\\/avropa-parlamenti-gurcustanla-bagli-q%c9%99tnam%c9%99d%c9%99-sanksiya-cagirisi-edib\\\/\",\"url\":\"https:\\\/\\\/www.meydan.tv\\\/az\\\/article\\\/avropa-parlamenti-gurcustanla-bagli-q%c9%99tnam%c9%99d%c9%99-sanksiya-cagirisi-edib\\\/\",\"name\":\"Avropa Parlamenti G\u00fcrc\u00fcstanla ba\u011fl\u0131 q\u0259tnam\u0259d\u0259 sanksiya \u00e7a\u011f\u0131r\u0131\u015f\u0131 edib - MEYDAN.TV\",\"isPartOf\":{\"@id\":\"https:\\\/\\\/www.meydan.tv\\\/az\\\/#website\"},\"primaryImageOfPage\":{\"@id\":\"https:\\\/\\\/www.meydan.tv\\\/az\\\/article\\\/avropa-parlamenti-gurcustanla-bagli-q%c9%99tnam%c9%99d%c9%99-sanksiya-cagirisi-edib\\\/#primaryimage\"},\"image\":{\"@id\":\"https:\\\/\\\/www.meydan.tv\\\/az\\\/article\\\/avropa-parlamenti-gurcustanla-bagli-q%c9%99tnam%c9%99d%c9%99-sanksiya-cagirisi-edib\\\/#primaryimage\"},\"thumbnailUrl\":\"https:\\\/\\\/www.meydan.tv\\\/wp-content\\\/uploads\\\/shutterstock_2158102813.jpg\",\"datePublished\":\"2026-03-12T14:58:14+00:00\",\"dateModified\":\"2026-03-12T14:58:16+00:00\",\"breadcrumb\":{\"@id\":\"https:\\\/\\\/www.meydan.tv\\\/az\\\/article\\\/avropa-parlamenti-gurcustanla-bagli-q%c9%99tnam%c9%99d%c9%99-sanksiya-cagirisi-edib\\\/#breadcrumb\"},\"inLanguage\":\"az\",\"potentialAction\":[{\"@type\":\"ReadAction\",\"target\":[\"https:\\\/\\\/www.meydan.tv\\\/az\\\/article\\\/avropa-parlamenti-gurcustanla-bagli-q%c9%99tnam%c9%99d%c9%99-sanksiya-cagirisi-edib\\\/\"]}]},{\"@type\":\"ImageObject\",\"inLanguage\":\"az\",\"@id\":\"https:\\\/\\\/www.meydan.tv\\\/az\\\/article\\\/avropa-parlamenti-gurcustanla-bagli-q%c9%99tnam%c9%99d%c9%99-sanksiya-cagirisi-edib\\\/#primaryimage\",\"url\":\"https:\\\/\\\/www.meydan.tv\\\/wp-content\\\/uploads\\\/shutterstock_2158102813.jpg\",\"contentUrl\":\"https:\\\/\\\/www.meydan.tv\\\/wp-content\\\/uploads\\\/shutterstock_2158102813.jpg\",\"width\":1200,\"height\":800,\"caption\":\"Avropa Birliyi-G\u00fcrc\u00fcstan. Foto: Alexandros Michailidis\\\/shutterstock\"},{\"@type\":\"BreadcrumbList\",\"@id\":\"https:\\\/\\\/www.meydan.tv\\\/az\\\/article\\\/avropa-parlamenti-gurcustanla-bagli-q%c9%99tnam%c9%99d%c9%99-sanksiya-cagirisi-edib\\\/#breadcrumb\",\"itemListElement\":[{\"@type\":\"ListItem\",\"position\":1,\"name\":\"Ana s\u0259hif\u0259\",\"item\":\"https:\\\/\\\/www.meydan.tv\\\/az\\\/\"},{\"@type\":\"ListItem\",\"position\":2,\"name\":\"D\u00fcnya\",\"item\":\"https:\\\/\\\/www.meydan.tv\\\/az\\\/section\\\/dunya\\\/\"},{\"@type\":\"ListItem\",\"position\":3,\"name\":\"Avropa Parlamenti G\u00fcrc\u00fcstanla ba\u011fl\u0131 q\u0259tnam\u0259d\u0259 sanksiya \u00e7a\u011f\u0131r\u0131\u015f\u0131 edib\"}]},{\"@type\":\"WebSite\",\"@id\":\"https:\\\/\\\/www.meydan.tv\\\/az\\\/#website\",\"url\":\"https:\\\/\\\/www.meydan.tv\\\/az\\\/\",\"name\":\"MEYDAN.TV\",\"description\":\"Meydan TV Az\u0259rbaycan\u0131n media m\u0259kan\u0131ndak\u0131 alternativ s\u0259sidir\",\"publisher\":{\"@id\":\"https:\\\/\\\/www.meydan.tv\\\/az\\\/#organization\"},\"potentialAction\":[{\"@type\":\"SearchAction\",\"target\":{\"@type\":\"EntryPoint\",\"urlTemplate\":\"https:\\\/\\\/www.meydan.tv\\\/az\\\/?s={search_term_string}\"},\"query-input\":{\"@type\":\"PropertyValueSpecification\",\"valueRequired\":true,\"valueName\":\"search_term_string\"}}],\"inLanguage\":\"az\"},{\"@type\":\"Organization\",\"@id\":\"https:\\\/\\\/www.meydan.tv\\\/az\\\/#organization\",\"name\":\"Meydan TV\",\"url\":\"https:\\\/\\\/www.meydan.tv\\\/az\\\/\",\"logo\":{\"@type\":\"ImageObject\",\"inLanguage\":\"az\",\"@id\":\"https:\\\/\\\/www.meydan.tv\\\/az\\\/#\\\/schema\\\/logo\\\/image\\\/\",\"url\":\"https:\\\/\\\/www.meydan.tv\\\/wp-content\\\/uploads\\\/2021\\\/07\\\/meydan-logo.svg\",\"contentUrl\":\"https:\\\/\\\/www.meydan.tv\\\/wp-content\\\/uploads\\\/2021\\\/07\\\/meydan-logo.svg\",\"width\":195,\"height\":46,\"caption\":\"Meydan TV\"},\"image\":{\"@id\":\"https:\\\/\\\/www.meydan.tv\\\/az\\\/#\\\/schema\\\/logo\\\/image\\\/\"}},{\"@type\":\"Person\",\"@id\":\"https:\\\/\\\/www.meydan.tv\\\/az\\\/#\\\/schema\\\/person\\\/09863e516102a829e72bedcf3f84c6b0\",\"name\":\"mahmud\"}]}<\/script>\n<!-- \/ Yoast SEO plugin. -->","yoast_head_json":{"title":"Avropa Parlamenti G\u00fcrc\u00fcstanla ba\u011fl\u0131 q\u0259tnam\u0259d\u0259 sanksiya \u00e7a\u011f\u0131r\u0131\u015f\u0131 edib - MEYDAN.TV","robots":{"index":"index","follow":"follow","max-snippet":"max-snippet:-1","max-image-preview":"max-image-preview:large","max-video-preview":"max-video-preview:-1"},"canonical":"https:\/\/www.meydan.tv\/az\/article\/avropa-parlamenti-gurcustanla-bagli-q%c9%99tnam%c9%99d%c9%99-sanksiya-cagirisi-edib\/","og_locale":"az_AZ","og_type":"article","og_title":"Avropa Parlamenti G\u00fcrc\u00fcstanla ba\u011fl\u0131 q\u0259tnam\u0259d\u0259 sanksiya \u00e7a\u011f\u0131r\u0131\u015f\u0131 edib - MEYDAN.TV","og_description":"Avropa Parlamenti G\u00fcrc\u00fcstanla ba\u011fl\u0131 t\u0259nqidi q\u0259tnam\u0259 q\u0259bul edib. Qurumun 438 ... Davam\u0131","og_url":"https:\/\/www.meydan.tv\/az\/article\/avropa-parlamenti-gurcustanla-bagli-q%c9%99tnam%c9%99d%c9%99-sanksiya-cagirisi-edib\/","og_site_name":"MEYDAN.TV","article_published_time":"2026-03-12T14:58:14+00:00","article_modified_time":"2026-03-12T14:58:16+00:00","og_image":[{"width":1200,"height":800,"url":"https:\/\/www.meydan.tv\/wp-content\/uploads\/shutterstock_2158102813.jpg","type":"image\/jpeg"}],"author":"mahmud","twitter_card":"summary_large_image","schema":{"@context":"https:\/\/schema.org","@graph":[{"@type":"Article","@id":"https:\/\/www.meydan.tv\/az\/article\/avropa-parlamenti-gurcustanla-bagli-q%c9%99tnam%c9%99d%c9%99-sanksiya-cagirisi-edib\/#article","isPartOf":{"@id":"https:\/\/www.meydan.tv\/az\/article\/avropa-parlamenti-gurcustanla-bagli-q%c9%99tnam%c9%99d%c9%99-sanksiya-cagirisi-edib\/"},"author":{"name":"mahmud","@id":"https:\/\/www.meydan.tv\/az\/#\/schema\/person\/09863e516102a829e72bedcf3f84c6b0"},"headline":"Avropa Parlamenti G\u00fcrc\u00fcstanla ba\u011fl\u0131 q\u0259tnam\u0259d\u0259 sanksiya \u00e7a\u011f\u0131r\u0131\u015f\u0131 edib","datePublished":"2026-03-12T14:58:14+00:00","dateModified":"2026-03-12T14:58:16+00:00","mainEntityOfPage":{"@id":"https:\/\/www.meydan.tv\/az\/article\/avropa-parlamenti-gurcustanla-bagli-q%c9%99tnam%c9%99d%c9%99-sanksiya-cagirisi-edib\/"},"wordCount":586,"publisher":{"@id":"https:\/\/www.meydan.tv\/az\/#organization"},"image":{"@id":"https:\/\/www.meydan.tv\/az\/article\/avropa-parlamenti-gurcustanla-bagli-q%c9%99tnam%c9%99d%c9%99-sanksiya-cagirisi-edib\/#primaryimage"},"thumbnailUrl":"https:\/\/www.meydan.tv\/wp-content\/uploads\/shutterstock_2158102813.jpg","articleSection":["D\u00fcnya","X\u0259b\u0259rl\u0259r"],"inLanguage":"az"},{"@type":"WebPage","@id":"https:\/\/www.meydan.tv\/az\/article\/avropa-parlamenti-gurcustanla-bagli-q%c9%99tnam%c9%99d%c9%99-sanksiya-cagirisi-edib\/","url":"https:\/\/www.meydan.tv\/az\/article\/avropa-parlamenti-gurcustanla-bagli-q%c9%99tnam%c9%99d%c9%99-sanksiya-cagirisi-edib\/","name":"Avropa Parlamenti G\u00fcrc\u00fcstanla ba\u011fl\u0131 q\u0259tnam\u0259d\u0259 sanksiya \u00e7a\u011f\u0131r\u0131\u015f\u0131 edib - MEYDAN.TV","isPartOf":{"@id":"https:\/\/www.meydan.tv\/az\/#website"},"primaryImageOfPage":{"@id":"https:\/\/www.meydan.tv\/az\/article\/avropa-parlamenti-gurcustanla-bagli-q%c9%99tnam%c9%99d%c9%99-sanksiya-cagirisi-edib\/#primaryimage"},"image":{"@id":"https:\/\/www.meydan.tv\/az\/article\/avropa-parlamenti-gurcustanla-bagli-q%c9%99tnam%c9%99d%c9%99-sanksiya-cagirisi-edib\/#primaryimage"},"thumbnailUrl":"https:\/\/www.meydan.tv\/wp-content\/uploads\/shutterstock_2158102813.jpg","datePublished":"2026-03-12T14:58:14+00:00","dateModified":"2026-03-12T14:58:16+00:00","breadcrumb":{"@id":"https:\/\/www.meydan.tv\/az\/article\/avropa-parlamenti-gurcustanla-bagli-q%c9%99tnam%c9%99d%c9%99-sanksiya-cagirisi-edib\/#breadcrumb"},"inLanguage":"az","potentialAction":[{"@type":"ReadAction","target":["https:\/\/www.meydan.tv\/az\/article\/avropa-parlamenti-gurcustanla-bagli-q%c9%99tnam%c9%99d%c9%99-sanksiya-cagirisi-edib\/"]}]},{"@type":"ImageObject","inLanguage":"az","@id":"https:\/\/www.meydan.tv\/az\/article\/avropa-parlamenti-gurcustanla-bagli-q%c9%99tnam%c9%99d%c9%99-sanksiya-cagirisi-edib\/#primaryimage","url":"https:\/\/www.meydan.tv\/wp-content\/uploads\/shutterstock_2158102813.jpg","contentUrl":"https:\/\/www.meydan.tv\/wp-content\/uploads\/shutterstock_2158102813.jpg","width":1200,"height":800,"caption":"Avropa Birliyi-G\u00fcrc\u00fcstan. Foto: Alexandros Michailidis\/shutterstock"},{"@type":"BreadcrumbList","@id":"https:\/\/www.meydan.tv\/az\/article\/avropa-parlamenti-gurcustanla-bagli-q%c9%99tnam%c9%99d%c9%99-sanksiya-cagirisi-edib\/#breadcrumb","itemListElement":[{"@type":"ListItem","position":1,"name":"Ana s\u0259hif\u0259","item":"https:\/\/www.meydan.tv\/az\/"},{"@type":"ListItem","position":2,"name":"D\u00fcnya","item":"https:\/\/www.meydan.tv\/az\/section\/dunya\/"},{"@type":"ListItem","position":3,"name":"Avropa Parlamenti G\u00fcrc\u00fcstanla ba\u011fl\u0131 q\u0259tnam\u0259d\u0259 sanksiya \u00e7a\u011f\u0131r\u0131\u015f\u0131 edib"}]},{"@type":"WebSite","@id":"https:\/\/www.meydan.tv\/az\/#website","url":"https:\/\/www.meydan.tv\/az\/","name":"MEYDAN.TV","description":"Meydan TV Az\u0259rbaycan\u0131n media m\u0259kan\u0131ndak\u0131 alternativ s\u0259sidir","publisher":{"@id":"https:\/\/www.meydan.tv\/az\/#organization"},"potentialAction":[{"@type":"SearchAction","target":{"@type":"EntryPoint","urlTemplate":"https:\/\/www.meydan.tv\/az\/?s={search_term_string}"},"query-input":{"@type":"PropertyValueSpecification","valueRequired":true,"valueName":"search_term_string"}}],"inLanguage":"az"},{"@type":"Organization","@id":"https:\/\/www.meydan.tv\/az\/#organization","name":"Meydan TV","url":"https:\/\/www.meydan.tv\/az\/","logo":{"@type":"ImageObject","inLanguage":"az","@id":"https:\/\/www.meydan.tv\/az\/#\/schema\/logo\/image\/","url":"https:\/\/www.meydan.tv\/wp-content\/uploads\/2021\/07\/meydan-logo.svg","contentUrl":"https:\/\/www.meydan.tv\/wp-content\/uploads\/2021\/07\/meydan-logo.svg","width":195,"height":46,"caption":"Meydan TV"},"image":{"@id":"https:\/\/www.meydan.tv\/az\/#\/schema\/logo\/image\/"}},{"@type":"Person","@id":"https:\/\/www.meydan.tv\/az\/#\/schema\/person\/09863e516102a829e72bedcf3f84c6b0","name":"mahmud"}]}},"_links":{"self":[{"href":"https:\/\/www.meydan.tv\/az\/wp-json\/wp\/v2\/posts\/342937","targetHints":{"allow":["GET"]}}],"collection":[{"href":"https:\/\/www.meydan.tv\/az\/wp-json\/wp\/v2\/posts"}],"about":[{"href":"https:\/\/www.meydan.tv\/az\/wp-json\/wp\/v2\/types\/post"}],"author":[{"embeddable":true,"href":"https:\/\/www.meydan.tv\/az\/wp-json\/wp\/v2\/users\/21"}],"replies":[{"embeddable":true,"href":"https:\/\/www.meydan.tv\/az\/wp-json\/wp\/v2\/comments?post=342937"}],"version-history":[{"count":1,"href":"https:\/\/www.meydan.tv\/az\/wp-json\/wp\/v2\/posts\/342937\/revisions"}],"predecessor-version":[{"id":342938,"href":"https:\/\/www.meydan.tv\/az\/wp-json\/wp\/v2\/posts\/342937\/revisions\/342938"}],"wp:featuredmedia":[{"embeddable":true,"href":"https:\/\/www.meydan.tv\/az\/wp-json\/wp\/v2\/media\/293032"}],"wp:attachment":[{"href":"https:\/\/www.meydan.tv\/az\/wp-json\/wp\/v2\/media?parent=342937"}],"wp:term":[{"taxonomy":"category","embeddable":true,"href":"https:\/\/www.meydan.tv\/az\/wp-json\/wp\/v2\/categories?post=342937"},{"taxonomy":"post_tag","embeddable":true,"href":"https:\/\/www.meydan.tv\/az\/wp-json\/wp\/v2\/tags?post=342937"}],"curies":[{"name":"wp","href":"https:\/\/api.w.org\/{rel}","templated":true}]}}