{"id":342899,"date":"2026-03-12T14:48:53","date_gmt":"2026-03-12T10:48:53","guid":{"rendered":"https:\/\/www.meydan.tv\/?p=342899"},"modified":"2026-03-12T14:48:56","modified_gmt":"2026-03-12T10:48:56","slug":"n%c9%99rgiz-muxtarova-m%c9%99hk%c9%99m%c9%99d%c9%99-hec-vaxt-qrant-almamisam","status":"publish","type":"post","link":"https:\/\/www.meydan.tv\/az\/article\/n%c9%99rgiz-muxtarova-m%c9%99hk%c9%99m%c9%99d%c9%99-hec-vaxt-qrant-almamisam\/","title":{"rendered":"N\u0259rgiz Muxtarova m\u0259hk\u0259m\u0259d\u0259: \u201cHe\u00e7 vaxt qrant almam\u0131\u015fam\u201d"},"content":{"rendered":"\n<p>Mart\u0131n 11-d\u0259 Bak\u0131 A\u011f\u0131r Cinay\u0259tl\u0259r M\u0259hk\u0259m\u0259sind\u0259 \u201cQHT i\u015fi\u201d \u00fczr\u0259 ittiham olunan v\u0259t\u0259nda\u015f c\u0259miyy\u0259ti f\u0259al\u0131 N\u0259rgiz Muxtarovan\u0131n cinay\u0259t i\u015fi \u00fczr\u0259 n\u00f6vb\u0259ti m\u0259hk\u0259m\u0259 prosesi ke\u00e7irilib.&nbsp;<\/p>\n\n\n\n<p>Proses\u0259 hakim Leyla \u018fl\u0259sg\u0259rova s\u0259drlik edib.<\/p>\n\n\n\n<p>N\u0259rgiz Muxtarova m\u0259hk\u0259m\u0259d\u0259 bildirib ki, h\u0259bsd\u0259 olan h\u0259yat yolda\u015f\u0131, Azadl\u0131qRadiosunun jurnalisti F\u0259rid Mehral\u0131zad\u0259 il\u0259 ba\u011fl\u0131 \u00e7\u0131xar\u0131lan h\u00f6kmd\u0259n sonra \u00f6lk\u0259d\u0259ki m\u0259hk\u0259m\u0259 sistemin\u0259 inams\u0131zl\u0131\u011f\u0131na g\u00f6r\u0259 \u0259vv\u0259lc\u0259 ifad\u0259 verm\u0259k ist\u0259m\u0259yib. Onun s\u00f6zl\u0259rin\u0259 g\u00f6r\u0259, sonradan b\u0259zi h\u0259qiq\u0259tl\u0259ri a\u00e7\u0131q dem\u0259yin vacib oldu\u011funu d\u00fc\u015f\u00fcn\u0259r\u0259k dan\u0131\u015fma\u011fa q\u0259rar verib.<\/p>\n\n\n\n<p>Muxtarova deyib ki, he\u00e7 vaxt qrant almay\u0131b v\u0259 qrant m\u00fcqavil\u0259sin\u0259 imza atmay\u0131b. O bildirib ki, yaln\u0131z xidm\u0259t m\u00fcqavil\u0259l\u0259ri \u0259sas\u0131nda m\u00fc\u0259yy\u0259n i\u015fl\u0259r g\u00f6r\u00fcb v\u0259 bunun m\u00fcqabilind\u0259 \u00f6d\u0259ni\u015f al\u0131b. Bu i\u015fl\u0259r gender b\u0259rab\u0259rliyi v\u0259 qad\u0131n h\u00fcquqlar\u0131 il\u0259 ba\u011fl\u0131 \u00fc\u00e7 kitab \u00fc\u00e7\u00fcn t\u0259dqiqat apar\u0131lmas\u0131, h\u0259m\u00e7inin iki verili\u015fin haz\u0131rlanmas\u0131ndan ibar\u0259t olub. Onun s\u00f6zl\u0259rin\u0259 g\u00f6r\u0259, ald\u0131\u011f\u0131 v\u0259saitl\u0259r bank hesab\u0131na k\u00f6\u00e7\u00fcr\u00fcl\u00fcb, vergisi \u00f6d\u0259nilib v\u0259 b\u0259yannam\u0259si t\u0259qdim edilib.<\/p>\n\n\n\n<p>Muxtarova \u0259lav\u0259 edib ki, h\u0259tta qrant alsayd\u0131 bel\u0259, bu \u0259m\u0259ld\u0259 cinay\u0259t t\u0259rkibi olmad\u0131\u011f\u0131n\u0131 d\u00fc\u015f\u00fcn\u00fcr v\u0259 bel\u0259 hal \u0259n \u00e7oxu inzibati x\u0259ta say\u0131la bil\u0259r.<\/p>\n\n\n\n<p>O, h\u0259m\u00e7inin ona qar\u015f\u0131 ir\u0259li s\u00fcr\u00fcl\u0259n \u201ccinay\u0259t yolu il\u0259 \u0259ld\u0259 edilmi\u015f v\u0259saitl\u0259rin leqalla\u015fd\u0131r\u0131lmas\u0131\u201d ittiham\u0131na da m\u00fcnasib\u0259t bildirib. Muxtarovan\u0131n s\u00f6zl\u0259rin\u0259 g\u00f6r\u0259, \u201cMercy Corps\u201d t\u0259\u015fkilat\u0131 il\u0259 m\u00fcqavil\u0259 \u0259sas\u0131nda i\u015fl\u0259yib v\u0259 ald\u0131\u011f\u0131 v\u0259saitl\u0259rin m\u0259nb\u0259yi AB\u015e D\u00f6vl\u0259t Departamenti olub.<\/p>\n\n\n\n<p>Muxtarova \u201cbir qrup \u015f\u0259xsl\u0259 \u0259lbir olaraq cinay\u0259t t\u00f6r\u0259tm\u0259k\u201d ittiham\u0131na da toxunaraq bildirib ki, h\u0259min \u015f\u0259xsl\u0259rin kim oldu\u011fu a\u00e7\u0131qlanm\u0131r: \u201c\u018fg\u0259r m\u0259niml\u0259 \u0259lbir olublarsa, niy\u0259 bu g\u00fcn m\u0259hk\u0259m\u0259 qar\u015f\u0131s\u0131nda t\u0259kc\u0259 m\u0259n dayanm\u0131\u015fam?\u201d<\/p>\n\n\n\n<p>\u0130ttihamda Rasional \u0130nki\u015faf u\u011frunda Qad\u0131nlar C\u0259miyy\u0259tinin s\u0259dri \u015e\u0259hla \u0130smay\u0131l\u0131n da ad\u0131 \u00e7\u0259kilir. Muxtarova bildirib ki, onun ad\u0131 i\u015fd\u0259 ke\u00e7s\u0259 d\u0259, \u015e\u0259hla \u0130smay\u0131la h\u0259r hans\u0131 m\u0259hdudiyy\u0259t t\u0259tbiq olunmay\u0131b.<\/p>\n\n\n\n<p>Muxtarovan\u0131n m\u0259hk\u0259m\u0259 prosesi aprelin 8-d\u0259 davam etdiril\u0259c\u0259k.<\/p>\n\n\n\n<p>&#8220;QHT i\u015fi&#8221; \u00fczr\u0259 h\u0259bsl\u0259r 2025-ci ilin mart\u0131ndan ba\u015flay\u0131b. H\u0259min vaxt N\u0259rgiz Muxtarova bar\u0259sind\u0259 polisin n\u0259zar\u0259ti alt\u0131na verm\u0259 t\u0259dbiri se\u00e7ilib. Haz\u0131rda onun m\u0259hk\u0259m\u0259 istintaq\u0131 davam edir. Muxtarovaya qar\u015f\u0131 Cinay\u0259t M\u0259c\u0259ll\u0259sinin 193-1.3.2 (cinay\u0259t yolu il\u0259 \u0259ld\u0259 edilmi\u015f xeyli miqdarda \u0259mlak\u0131 leqalla\u015fd\u0131rma), 308.1 (v\u0259zif\u0259 s\u0259lahiyy\u0259tl\u0259rind\u0259n sui-istifad\u0259) v\u0259 313-c\u00fc (v\u0259zif\u0259 saxtakarl\u0131\u011f\u0131) madd\u0259l\u0259ri il\u0259 ittiham ir\u0259li s\u00fcr\u00fcl\u00fcb.<br><\/p>\n","protected":false},"excerpt":{"rendered":"<p>Mart\u0131n 11-d\u0259 Bak\u0131 A\u011f\u0131r Cinay\u0259tl\u0259r M\u0259hk\u0259m\u0259sind\u0259 \u201cQHT i\u015fi\u201d \u00fczr\u0259 ittiham &#8230; <\/p>\n<p class=\"read-more-container\"><a title=\"N\u0259rgiz Muxtarova m\u0259hk\u0259m\u0259d\u0259: \u201cHe\u00e7 vaxt qrant almam\u0131\u015fam\u201d\" class=\"read-more button\" href=\"https:\/\/www.meydan.tv\/az\/article\/n%c9%99rgiz-muxtarova-m%c9%99hk%c9%99m%c9%99d%c9%99-hec-vaxt-qrant-almamisam\/#more-342899\" aria-label=\"Read more about N\u0259rgiz Muxtarova m\u0259hk\u0259m\u0259d\u0259: \u201cHe\u00e7 vaxt qrant almam\u0131\u015fam\u201d\">Davam\u0131<\/a><\/p>\n","protected":false},"author":21,"featured_media":336272,"comment_status":"closed","ping_status":"closed","sticky":false,"template":"","format":"standard","meta":{"_acf_changed":false,"_sitemap_exclude":false,"_sitemap_priority":"","_sitemap_frequency":"","footnotes":""},"categories":[59,56],"tags":[],"class_list":["post-342899","post","type-post","status-publish","format-standard","has-post-thumbnail","hentry","category-siyaset","category-xeberler","infinite-scroll-item","generate-columns","tablet-grid-50","mobile-grid-100","grid-parent","grid-33","no-featured-image-padding"],"acf":[],"yoast_head":"<!-- This site is optimized with the Yoast SEO plugin v27.5 - https:\/\/yoast.com\/product\/yoast-seo-wordpress\/ -->\n<title>N\u0259rgiz Muxtarova m\u0259hk\u0259m\u0259d\u0259: \u201cHe\u00e7 vaxt qrant almam\u0131\u015fam\u201d - MEYDAN.TV<\/title>\n<meta name=\"robots\" content=\"index, follow, max-snippet:-1, max-image-preview:large, max-video-preview:-1\" \/>\n<link rel=\"canonical\" href=\"https:\/\/www.meydan.tv\/az\/article\/n%c9%99rgiz-muxtarova-m%c9%99hk%c9%99m%c9%99d%c9%99-hec-vaxt-qrant-almamisam\/\" \/>\n<meta property=\"og:locale\" content=\"az_AZ\" \/>\n<meta property=\"og:type\" content=\"article\" \/>\n<meta property=\"og:title\" content=\"N\u0259rgiz Muxtarova m\u0259hk\u0259m\u0259d\u0259: \u201cHe\u00e7 vaxt qrant almam\u0131\u015fam\u201d - MEYDAN.TV\" \/>\n<meta property=\"og:description\" content=\"Mart\u0131n 11-d\u0259 Bak\u0131 A\u011f\u0131r Cinay\u0259tl\u0259r M\u0259hk\u0259m\u0259sind\u0259 \u201cQHT i\u015fi\u201d \u00fczr\u0259 ittiham ... Davam\u0131\" \/>\n<meta property=\"og:url\" content=\"https:\/\/www.meydan.tv\/az\/article\/n%c9%99rgiz-muxtarova-m%c9%99hk%c9%99m%c9%99d%c9%99-hec-vaxt-qrant-almamisam\/\" \/>\n<meta property=\"og:site_name\" content=\"MEYDAN.TV\" \/>\n<meta property=\"article:published_time\" content=\"2026-03-12T10:48:53+00:00\" \/>\n<meta property=\"article:modified_time\" content=\"2026-03-12T10:48:56+00:00\" \/>\n<meta property=\"og:image\" content=\"https:\/\/www.meydan.tv\/wp-content\/uploads\/1760360725971.jpg\" \/>\n\t<meta property=\"og:image:width\" content=\"824\" \/>\n\t<meta property=\"og:image:height\" content=\"464\" \/>\n\t<meta property=\"og:image:type\" content=\"image\/jpeg\" \/>\n<meta name=\"author\" content=\"mahmud\" \/>\n<meta name=\"twitter:card\" content=\"summary_large_image\" \/>\n<script type=\"application\/ld+json\" class=\"yoast-schema-graph\">{\"@context\":\"https:\\\/\\\/schema.org\",\"@graph\":[{\"@type\":\"Article\",\"@id\":\"https:\\\/\\\/www.meydan.tv\\\/az\\\/article\\\/n%c9%99rgiz-muxtarova-m%c9%99hk%c9%99m%c9%99d%c9%99-hec-vaxt-qrant-almamisam\\\/#article\",\"isPartOf\":{\"@id\":\"https:\\\/\\\/www.meydan.tv\\\/az\\\/article\\\/n%c9%99rgiz-muxtarova-m%c9%99hk%c9%99m%c9%99d%c9%99-hec-vaxt-qrant-almamisam\\\/\"},\"author\":{\"name\":\"mahmud\",\"@id\":\"https:\\\/\\\/www.meydan.tv\\\/az\\\/#\\\/schema\\\/person\\\/09863e516102a829e72bedcf3f84c6b0\"},\"headline\":\"N\u0259rgiz Muxtarova m\u0259hk\u0259m\u0259d\u0259: \u201cHe\u00e7 vaxt qrant almam\u0131\u015fam\u201d\",\"datePublished\":\"2026-03-12T10:48:53+00:00\",\"dateModified\":\"2026-03-12T10:48:56+00:00\",\"mainEntityOfPage\":{\"@id\":\"https:\\\/\\\/www.meydan.tv\\\/az\\\/article\\\/n%c9%99rgiz-muxtarova-m%c9%99hk%c9%99m%c9%99d%c9%99-hec-vaxt-qrant-almamisam\\\/\"},\"wordCount\":545,\"publisher\":{\"@id\":\"https:\\\/\\\/www.meydan.tv\\\/az\\\/#organization\"},\"image\":{\"@id\":\"https:\\\/\\\/www.meydan.tv\\\/az\\\/article\\\/n%c9%99rgiz-muxtarova-m%c9%99hk%c9%99m%c9%99d%c9%99-hec-vaxt-qrant-almamisam\\\/#primaryimage\"},\"thumbnailUrl\":\"https:\\\/\\\/www.meydan.tv\\\/wp-content\\\/uploads\\\/1760360725971.jpg\",\"articleSection\":[\"Siyas\u0259t\",\"X\u0259b\u0259rl\u0259r\"],\"inLanguage\":\"az\"},{\"@type\":\"WebPage\",\"@id\":\"https:\\\/\\\/www.meydan.tv\\\/az\\\/article\\\/n%c9%99rgiz-muxtarova-m%c9%99hk%c9%99m%c9%99d%c9%99-hec-vaxt-qrant-almamisam\\\/\",\"url\":\"https:\\\/\\\/www.meydan.tv\\\/az\\\/article\\\/n%c9%99rgiz-muxtarova-m%c9%99hk%c9%99m%c9%99d%c9%99-hec-vaxt-qrant-almamisam\\\/\",\"name\":\"N\u0259rgiz Muxtarova m\u0259hk\u0259m\u0259d\u0259: \u201cHe\u00e7 vaxt qrant almam\u0131\u015fam\u201d - MEYDAN.TV\",\"isPartOf\":{\"@id\":\"https:\\\/\\\/www.meydan.tv\\\/az\\\/#website\"},\"primaryImageOfPage\":{\"@id\":\"https:\\\/\\\/www.meydan.tv\\\/az\\\/article\\\/n%c9%99rgiz-muxtarova-m%c9%99hk%c9%99m%c9%99d%c9%99-hec-vaxt-qrant-almamisam\\\/#primaryimage\"},\"image\":{\"@id\":\"https:\\\/\\\/www.meydan.tv\\\/az\\\/article\\\/n%c9%99rgiz-muxtarova-m%c9%99hk%c9%99m%c9%99d%c9%99-hec-vaxt-qrant-almamisam\\\/#primaryimage\"},\"thumbnailUrl\":\"https:\\\/\\\/www.meydan.tv\\\/wp-content\\\/uploads\\\/1760360725971.jpg\",\"datePublished\":\"2026-03-12T10:48:53+00:00\",\"dateModified\":\"2026-03-12T10:48:56+00:00\",\"breadcrumb\":{\"@id\":\"https:\\\/\\\/www.meydan.tv\\\/az\\\/article\\\/n%c9%99rgiz-muxtarova-m%c9%99hk%c9%99m%c9%99d%c9%99-hec-vaxt-qrant-almamisam\\\/#breadcrumb\"},\"inLanguage\":\"az\",\"potentialAction\":[{\"@type\":\"ReadAction\",\"target\":[\"https:\\\/\\\/www.meydan.tv\\\/az\\\/article\\\/n%c9%99rgiz-muxtarova-m%c9%99hk%c9%99m%c9%99d%c9%99-hec-vaxt-qrant-almamisam\\\/\"]}]},{\"@type\":\"ImageObject\",\"inLanguage\":\"az\",\"@id\":\"https:\\\/\\\/www.meydan.tv\\\/az\\\/article\\\/n%c9%99rgiz-muxtarova-m%c9%99hk%c9%99m%c9%99d%c9%99-hec-vaxt-qrant-almamisam\\\/#primaryimage\",\"url\":\"https:\\\/\\\/www.meydan.tv\\\/wp-content\\\/uploads\\\/1760360725971.jpg\",\"contentUrl\":\"https:\\\/\\\/www.meydan.tv\\\/wp-content\\\/uploads\\\/1760360725971.jpg\",\"width\":824,\"height\":464,\"caption\":\"N\u0259rgiz Muxtarova. Foto: \u018fkin\u00e7i\"},{\"@type\":\"BreadcrumbList\",\"@id\":\"https:\\\/\\\/www.meydan.tv\\\/az\\\/article\\\/n%c9%99rgiz-muxtarova-m%c9%99hk%c9%99m%c9%99d%c9%99-hec-vaxt-qrant-almamisam\\\/#breadcrumb\",\"itemListElement\":[{\"@type\":\"ListItem\",\"position\":1,\"name\":\"Ana s\u0259hif\u0259\",\"item\":\"https:\\\/\\\/www.meydan.tv\\\/az\\\/\"},{\"@type\":\"ListItem\",\"position\":2,\"name\":\"Siyas\u0259t\",\"item\":\"https:\\\/\\\/www.meydan.tv\\\/az\\\/section\\\/siyaset\\\/\"},{\"@type\":\"ListItem\",\"position\":3,\"name\":\"N\u0259rgiz Muxtarova m\u0259hk\u0259m\u0259d\u0259: \u201cHe\u00e7 vaxt qrant almam\u0131\u015fam\u201d\"}]},{\"@type\":\"WebSite\",\"@id\":\"https:\\\/\\\/www.meydan.tv\\\/az\\\/#website\",\"url\":\"https:\\\/\\\/www.meydan.tv\\\/az\\\/\",\"name\":\"MEYDAN.TV\",\"description\":\"Meydan TV Az\u0259rbaycan\u0131n media m\u0259kan\u0131ndak\u0131 alternativ s\u0259sidir\",\"publisher\":{\"@id\":\"https:\\\/\\\/www.meydan.tv\\\/az\\\/#organization\"},\"potentialAction\":[{\"@type\":\"SearchAction\",\"target\":{\"@type\":\"EntryPoint\",\"urlTemplate\":\"https:\\\/\\\/www.meydan.tv\\\/az\\\/?s={search_term_string}\"},\"query-input\":{\"@type\":\"PropertyValueSpecification\",\"valueRequired\":true,\"valueName\":\"search_term_string\"}}],\"inLanguage\":\"az\"},{\"@type\":\"Organization\",\"@id\":\"https:\\\/\\\/www.meydan.tv\\\/az\\\/#organization\",\"name\":\"Meydan TV\",\"url\":\"https:\\\/\\\/www.meydan.tv\\\/az\\\/\",\"logo\":{\"@type\":\"ImageObject\",\"inLanguage\":\"az\",\"@id\":\"https:\\\/\\\/www.meydan.tv\\\/az\\\/#\\\/schema\\\/logo\\\/image\\\/\",\"url\":\"https:\\\/\\\/www.meydan.tv\\\/wp-content\\\/uploads\\\/2021\\\/07\\\/meydan-logo.svg\",\"contentUrl\":\"https:\\\/\\\/www.meydan.tv\\\/wp-content\\\/uploads\\\/2021\\\/07\\\/meydan-logo.svg\",\"width\":195,\"height\":46,\"caption\":\"Meydan TV\"},\"image\":{\"@id\":\"https:\\\/\\\/www.meydan.tv\\\/az\\\/#\\\/schema\\\/logo\\\/image\\\/\"}},{\"@type\":\"Person\",\"@id\":\"https:\\\/\\\/www.meydan.tv\\\/az\\\/#\\\/schema\\\/person\\\/09863e516102a829e72bedcf3f84c6b0\",\"name\":\"mahmud\"}]}<\/script>\n<!-- \/ Yoast SEO plugin. -->","yoast_head_json":{"title":"N\u0259rgiz Muxtarova m\u0259hk\u0259m\u0259d\u0259: \u201cHe\u00e7 vaxt qrant almam\u0131\u015fam\u201d - MEYDAN.TV","robots":{"index":"index","follow":"follow","max-snippet":"max-snippet:-1","max-image-preview":"max-image-preview:large","max-video-preview":"max-video-preview:-1"},"canonical":"https:\/\/www.meydan.tv\/az\/article\/n%c9%99rgiz-muxtarova-m%c9%99hk%c9%99m%c9%99d%c9%99-hec-vaxt-qrant-almamisam\/","og_locale":"az_AZ","og_type":"article","og_title":"N\u0259rgiz Muxtarova m\u0259hk\u0259m\u0259d\u0259: \u201cHe\u00e7 vaxt qrant almam\u0131\u015fam\u201d - MEYDAN.TV","og_description":"Mart\u0131n 11-d\u0259 Bak\u0131 A\u011f\u0131r Cinay\u0259tl\u0259r M\u0259hk\u0259m\u0259sind\u0259 \u201cQHT i\u015fi\u201d \u00fczr\u0259 ittiham ... Davam\u0131","og_url":"https:\/\/www.meydan.tv\/az\/article\/n%c9%99rgiz-muxtarova-m%c9%99hk%c9%99m%c9%99d%c9%99-hec-vaxt-qrant-almamisam\/","og_site_name":"MEYDAN.TV","article_published_time":"2026-03-12T10:48:53+00:00","article_modified_time":"2026-03-12T10:48:56+00:00","og_image":[{"width":824,"height":464,"url":"https:\/\/www.meydan.tv\/wp-content\/uploads\/1760360725971.jpg","type":"image\/jpeg"}],"author":"mahmud","twitter_card":"summary_large_image","schema":{"@context":"https:\/\/schema.org","@graph":[{"@type":"Article","@id":"https:\/\/www.meydan.tv\/az\/article\/n%c9%99rgiz-muxtarova-m%c9%99hk%c9%99m%c9%99d%c9%99-hec-vaxt-qrant-almamisam\/#article","isPartOf":{"@id":"https:\/\/www.meydan.tv\/az\/article\/n%c9%99rgiz-muxtarova-m%c9%99hk%c9%99m%c9%99d%c9%99-hec-vaxt-qrant-almamisam\/"},"author":{"name":"mahmud","@id":"https:\/\/www.meydan.tv\/az\/#\/schema\/person\/09863e516102a829e72bedcf3f84c6b0"},"headline":"N\u0259rgiz Muxtarova m\u0259hk\u0259m\u0259d\u0259: \u201cHe\u00e7 vaxt qrant almam\u0131\u015fam\u201d","datePublished":"2026-03-12T10:48:53+00:00","dateModified":"2026-03-12T10:48:56+00:00","mainEntityOfPage":{"@id":"https:\/\/www.meydan.tv\/az\/article\/n%c9%99rgiz-muxtarova-m%c9%99hk%c9%99m%c9%99d%c9%99-hec-vaxt-qrant-almamisam\/"},"wordCount":545,"publisher":{"@id":"https:\/\/www.meydan.tv\/az\/#organization"},"image":{"@id":"https:\/\/www.meydan.tv\/az\/article\/n%c9%99rgiz-muxtarova-m%c9%99hk%c9%99m%c9%99d%c9%99-hec-vaxt-qrant-almamisam\/#primaryimage"},"thumbnailUrl":"https:\/\/www.meydan.tv\/wp-content\/uploads\/1760360725971.jpg","articleSection":["Siyas\u0259t","X\u0259b\u0259rl\u0259r"],"inLanguage":"az"},{"@type":"WebPage","@id":"https:\/\/www.meydan.tv\/az\/article\/n%c9%99rgiz-muxtarova-m%c9%99hk%c9%99m%c9%99d%c9%99-hec-vaxt-qrant-almamisam\/","url":"https:\/\/www.meydan.tv\/az\/article\/n%c9%99rgiz-muxtarova-m%c9%99hk%c9%99m%c9%99d%c9%99-hec-vaxt-qrant-almamisam\/","name":"N\u0259rgiz Muxtarova m\u0259hk\u0259m\u0259d\u0259: \u201cHe\u00e7 vaxt qrant almam\u0131\u015fam\u201d - MEYDAN.TV","isPartOf":{"@id":"https:\/\/www.meydan.tv\/az\/#website"},"primaryImageOfPage":{"@id":"https:\/\/www.meydan.tv\/az\/article\/n%c9%99rgiz-muxtarova-m%c9%99hk%c9%99m%c9%99d%c9%99-hec-vaxt-qrant-almamisam\/#primaryimage"},"image":{"@id":"https:\/\/www.meydan.tv\/az\/article\/n%c9%99rgiz-muxtarova-m%c9%99hk%c9%99m%c9%99d%c9%99-hec-vaxt-qrant-almamisam\/#primaryimage"},"thumbnailUrl":"https:\/\/www.meydan.tv\/wp-content\/uploads\/1760360725971.jpg","datePublished":"2026-03-12T10:48:53+00:00","dateModified":"2026-03-12T10:48:56+00:00","breadcrumb":{"@id":"https:\/\/www.meydan.tv\/az\/article\/n%c9%99rgiz-muxtarova-m%c9%99hk%c9%99m%c9%99d%c9%99-hec-vaxt-qrant-almamisam\/#breadcrumb"},"inLanguage":"az","potentialAction":[{"@type":"ReadAction","target":["https:\/\/www.meydan.tv\/az\/article\/n%c9%99rgiz-muxtarova-m%c9%99hk%c9%99m%c9%99d%c9%99-hec-vaxt-qrant-almamisam\/"]}]},{"@type":"ImageObject","inLanguage":"az","@id":"https:\/\/www.meydan.tv\/az\/article\/n%c9%99rgiz-muxtarova-m%c9%99hk%c9%99m%c9%99d%c9%99-hec-vaxt-qrant-almamisam\/#primaryimage","url":"https:\/\/www.meydan.tv\/wp-content\/uploads\/1760360725971.jpg","contentUrl":"https:\/\/www.meydan.tv\/wp-content\/uploads\/1760360725971.jpg","width":824,"height":464,"caption":"N\u0259rgiz Muxtarova. Foto: \u018fkin\u00e7i"},{"@type":"BreadcrumbList","@id":"https:\/\/www.meydan.tv\/az\/article\/n%c9%99rgiz-muxtarova-m%c9%99hk%c9%99m%c9%99d%c9%99-hec-vaxt-qrant-almamisam\/#breadcrumb","itemListElement":[{"@type":"ListItem","position":1,"name":"Ana s\u0259hif\u0259","item":"https:\/\/www.meydan.tv\/az\/"},{"@type":"ListItem","position":2,"name":"Siyas\u0259t","item":"https:\/\/www.meydan.tv\/az\/section\/siyaset\/"},{"@type":"ListItem","position":3,"name":"N\u0259rgiz Muxtarova m\u0259hk\u0259m\u0259d\u0259: \u201cHe\u00e7 vaxt qrant almam\u0131\u015fam\u201d"}]},{"@type":"WebSite","@id":"https:\/\/www.meydan.tv\/az\/#website","url":"https:\/\/www.meydan.tv\/az\/","name":"MEYDAN.TV","description":"Meydan TV Az\u0259rbaycan\u0131n media m\u0259kan\u0131ndak\u0131 alternativ s\u0259sidir","publisher":{"@id":"https:\/\/www.meydan.tv\/az\/#organization"},"potentialAction":[{"@type":"SearchAction","target":{"@type":"EntryPoint","urlTemplate":"https:\/\/www.meydan.tv\/az\/?s={search_term_string}"},"query-input":{"@type":"PropertyValueSpecification","valueRequired":true,"valueName":"search_term_string"}}],"inLanguage":"az"},{"@type":"Organization","@id":"https:\/\/www.meydan.tv\/az\/#organization","name":"Meydan TV","url":"https:\/\/www.meydan.tv\/az\/","logo":{"@type":"ImageObject","inLanguage":"az","@id":"https:\/\/www.meydan.tv\/az\/#\/schema\/logo\/image\/","url":"https:\/\/www.meydan.tv\/wp-content\/uploads\/2021\/07\/meydan-logo.svg","contentUrl":"https:\/\/www.meydan.tv\/wp-content\/uploads\/2021\/07\/meydan-logo.svg","width":195,"height":46,"caption":"Meydan TV"},"image":{"@id":"https:\/\/www.meydan.tv\/az\/#\/schema\/logo\/image\/"}},{"@type":"Person","@id":"https:\/\/www.meydan.tv\/az\/#\/schema\/person\/09863e516102a829e72bedcf3f84c6b0","name":"mahmud"}]}},"_links":{"self":[{"href":"https:\/\/www.meydan.tv\/az\/wp-json\/wp\/v2\/posts\/342899","targetHints":{"allow":["GET"]}}],"collection":[{"href":"https:\/\/www.meydan.tv\/az\/wp-json\/wp\/v2\/posts"}],"about":[{"href":"https:\/\/www.meydan.tv\/az\/wp-json\/wp\/v2\/types\/post"}],"author":[{"embeddable":true,"href":"https:\/\/www.meydan.tv\/az\/wp-json\/wp\/v2\/users\/21"}],"replies":[{"embeddable":true,"href":"https:\/\/www.meydan.tv\/az\/wp-json\/wp\/v2\/comments?post=342899"}],"version-history":[{"count":1,"href":"https:\/\/www.meydan.tv\/az\/wp-json\/wp\/v2\/posts\/342899\/revisions"}],"predecessor-version":[{"id":342900,"href":"https:\/\/www.meydan.tv\/az\/wp-json\/wp\/v2\/posts\/342899\/revisions\/342900"}],"wp:featuredmedia":[{"embeddable":true,"href":"https:\/\/www.meydan.tv\/az\/wp-json\/wp\/v2\/media\/336272"}],"wp:attachment":[{"href":"https:\/\/www.meydan.tv\/az\/wp-json\/wp\/v2\/media?parent=342899"}],"wp:term":[{"taxonomy":"category","embeddable":true,"href":"https:\/\/www.meydan.tv\/az\/wp-json\/wp\/v2\/categories?post=342899"},{"taxonomy":"post_tag","embeddable":true,"href":"https:\/\/www.meydan.tv\/az\/wp-json\/wp\/v2\/tags?post=342899"}],"curies":[{"name":"wp","href":"https:\/\/api.w.org\/{rel}","templated":true}]}}