{"id":342857,"date":"2026-03-11T17:44:26","date_gmt":"2026-03-11T13:44:26","guid":{"rendered":"https:\/\/www.meydan.tv\/?p=342857"},"modified":"2026-03-12T15:31:31","modified_gmt":"2026-03-12T11:31:31","slug":"az%c9%99r-qasimli-12-il-mudd%c9%99tin%c9%99-azadliqdan-m%c9%99hrum-edilib","status":"publish","type":"post","link":"https:\/\/www.meydan.tv\/az\/article\/az%c9%99r-qasimli-12-il-mudd%c9%99tin%c9%99-azadliqdan-m%c9%99hrum-edilib\/","title":{"rendered":"Az\u0259r Qas\u0131ml\u0131 12 il m\u00fcdd\u0259tin\u0259 azadl\u0131qdan m\u0259hrum edilib"},"content":{"rendered":"\n<p>Mart\u0131n 11-d\u0259 Bak\u0131 A\u011f\u0131r Cinay\u0259tl\u0259r M\u0259hk\u0259m\u0259sind\u0259 Siyasi Menecment \u0130nstitutunun r\u0259hb\u0259ri Az\u0259r Qas\u0131ml\u0131n\u0131n cinay\u0259t i\u015fi \u00fczr\u0259 yekun m\u0259hk\u0259m\u0259 prosesi ke\u00e7irilib.\u00a0<\/p>\n\n\n\n<p>Hakim Elmin R\u00fcst\u0259movun s\u0259drliyi il\u0259 ke\u00e7iril\u0259n m\u0259hk\u0259m\u0259 prosesind\u0259 Az\u0259r Qas\u0131ml\u0131ya h\u00f6km oxunub.<\/p>\n\n\n\n<p>H\u00f6km\u0259 \u0259sas\u0259n Az\u0259r Qas\u0131ml\u0131 12 il m\u00fcdd\u0259tin\u0259 azadl\u0131qdan m\u0259hrum edilib.<br><br>Bundan \u0259vv\u0259l d\u00f6vl\u0259t ittiham\u00e7\u0131s\u0131 onun bar\u0259sind\u0259 13 il h\u0259bs c\u0259zas\u0131 ist\u0259mi\u015fdi.<br><br>Az\u0259r Qas\u0131ml\u0131 m\u0259hk\u0259m\u0259d\u0259 son \u00e7\u0131x\u0131\u015f\u0131nda \u00f6z\u00fcn\u00fc t\u0259qsirsiz elan edib v\u0259 h\u0259bsinin siyasi sifari\u015f n\u0259tic\u0259si oldu\u011funu bildirib.<\/p>\n\n\n\n<p><em>\u201cM\u0259n cinay\u0259tkar deyil\u0259m, cinay\u0259t\u0259 yax\u0131n he\u00e7 bir \u0259m\u0259lim olmay\u0131b. M\u0259hk\u0259m\u0259 istintaq\u0131 bir daha bunu g\u00f6st\u0259rdi. \u0130ttiham\u0131n n\u0259 bir \u015fahidi, n\u0259 d\u0259 h\u0259r hans\u0131 s\u00fcbutu var. \u0130ttiham akt\u0131n\u0131n bo\u015f s\u00f6z y\u0131\u011f\u0131n\u0131 v\u0259 yaln\u0131z yalanlardan ibar\u0259t oldu\u011funu real \u015fahidl\u0259rin ifad\u0259l\u0259ri v\u0259 ger\u00e7\u0259k faktlarla s\u00fcbuta yetirdik. Halbuki t\u0259qsirsizlik prezumpsiyas\u0131 bax\u0131m\u0131ndan buna he\u00e7 ehtiyac da yox idi., <\/em>\u2013 Qas\u0131ml\u0131 \u00e7\u0131x\u0131\u015f\u0131nda bildirib.<\/p>\n\n\n\n<p>F\u0259al h\u0259m\u00e7inin qeyd edib ki, bu i\u015fd\u0259 o, yegan\u0259 z\u0259r\u0259r\u00e7\u0259kmi\u015f t\u0259r\u0259fdir: <\/p>\n\n\n\n<p><em>\u201cH\u0259m azadl\u0131\u011f\u0131m\u0131, h\u0259m d\u0259 \u0259mlak\u0131m\u0131 \u0259limd\u0259n al\u0131blar. H\u0259bsim tamamil\u0259 siyasi sifari\u015f \u0259sas\u0131nda ba\u015f verib\u201d.<\/em><\/p>\n\n\n\n<p>Son s\u00f6z\u00fcn\u00fc Birl\u0259\u015fmi\u015f \u015etatlar\u0131n 16-c\u0131 prezidenti Avraam Linkolnun fikirl\u0259ri il\u0259 ba\u015flayaraq davam etdir\u0259n Qas\u0131ml\u0131 vur\u011fulay\u0131b: <\/p>\n\n\n\n<p><em>\u201c\u00d6lk\u0259ni s\u0259nd\u0259n \u0259vv\u0259l oldu\u011fundan daha yax\u015f\u0131 etm\u0259diyini bil\u0259r\u0259k \u00f6lm\u0259k \u2014 \u00e7ox a\u011fr\u0131l\u0131 olacaq. Sanki s\u0259n he\u00e7 ya\u015famam\u0131san\u201d.<\/em><\/p>\n\n\n\n<p>Qas\u0131ml\u0131 \u00e7\u0131x\u0131\u015f\u0131nda Az\u0259rbaycan\u0131n i\u015f\u011faldan azad olunmu\u015f Qaraba\u011f torpaqlar\u0131na v\u0259 milli t\u0259hl\u00fck\u0259sizliy\u0259 d\u0259 toxunub: <\/p>\n\n\n\n<p><em>\u201cMilli maraqlar\u0131m\u0131z v\u0259 t\u0259hl\u00fck\u0259sizliyimiz yaln\u0131z m\u00fcst\u0259qillik, \u0259razi b\u00fct\u00f6vl\u00fcy\u00fc v\u0259 d\u00f6vl\u0259timizin toxunulmazl\u0131\u011f\u0131 il\u0259 kifay\u0259tl\u0259n\u0259 bilm\u0259z. Bunlara daxili sabitlik, iqtisadi azadl\u0131q v\u0259 m\u00fclkiyy\u0259tin qorunmas\u0131 \u0259lav\u0259 olunmal\u0131d\u0131r. Yaln\u0131z arxas\u0131na baxan toplum ir\u0259liy\u0259 do\u011fru ged\u0259 bilm\u0259z, \u00f6n\u00fcn\u00fc g\u00f6r\u0259nl\u0259r t\u0259r\u0259qqini yax\u0131nla\u015fd\u0131racaq. Allah yar v\u0259 yard\u0131m\u00e7\u0131m\u0131z olsun\u201d<\/em>, \u2013 Qas\u0131ml\u0131 \u00e7\u0131x\u0131\u015f\u0131n\u0131 yekunla\u015fd\u0131r\u0131b.<\/p>\n\n\n\n<p>Siyasi Menecment \u0130nstitutunun direktoru Az\u0259r Qas\u0131ml\u0131 2024-c\u00fc il dekabr\u0131n 8-d\u0259 saxlan\u0131l\u0131b.<\/p>\n\n\n\n<p>Az\u0259r Qas\u0131ml\u0131 z\u0259r\u0259r\u00e7\u0259kmi\u015f qismind\u0259 tan\u0131nan Qurban\u0259li Yusibovdan h\u0259d\u0259-qorxu il\u0259 pul t\u0259l\u0259b etm\u0259kd\u0259 ittiham olunur. Lakin v\u0259kill\u0259ri bildirib ki, h\u0259min \u015f\u0259xsin Az\u0259r Qas\u0131ml\u0131ya pul borclu olmas\u0131n\u0131 t\u0259sdiql\u0259y\u0259n qanuni q\u00fcvv\u0259y\u0259 minmi\u015f m\u0259hk\u0259m\u0259 q\u0259rar\u0131 var.&nbsp;<\/p>\n\n\n\n<p>Siyas\u0259t\u00e7iy\u0259 qar\u015f\u0131 Cinay\u0259t M\u0259c\u0259ll\u0259sinin 182.2.3-c\u00fc (h\u0259d\u0259-qorxu il\u0259 t\u0259l\u0259b etm\u0259, zor t\u0259tbiq etm\u0259 il\u0259 t\u00f6r\u0259dildikd\u0259) madd\u0259sil\u0259 ittiham ir\u0259li s\u00fcr\u00fcl\u00fcb v\u0259 bar\u0259sind\u0259 h\u0259bs q\u0259timkan t\u0259dbiri se\u00e7ilib.<\/p>\n\n\n\n<p>Az\u0259r Qas\u0131ml\u0131 h\u0259bsinin siyasi sifari\u015f, ittihamlar\u0131n is\u0259 qondarma oldu\u011funu bildirib.<br><br><\/p>\n","protected":false},"excerpt":{"rendered":"<p>Mart\u0131n 11-d\u0259 Bak\u0131 A\u011f\u0131r Cinay\u0259tl\u0259r M\u0259hk\u0259m\u0259sind\u0259 Siyasi Menecment \u0130nstitutunun r\u0259hb\u0259ri &#8230; <\/p>\n<p class=\"read-more-container\"><a title=\"Az\u0259r Qas\u0131ml\u0131 12 il m\u00fcdd\u0259tin\u0259 azadl\u0131qdan m\u0259hrum edilib\" class=\"read-more button\" href=\"https:\/\/www.meydan.tv\/az\/article\/az%c9%99r-qasimli-12-il-mudd%c9%99tin%c9%99-azadliqdan-m%c9%99hrum-edilib\/#more-342857\" aria-label=\"Read more about Az\u0259r Qas\u0131ml\u0131 12 il m\u00fcdd\u0259tin\u0259 azadl\u0131qdan m\u0259hrum edilib\">Davam\u0131<\/a><\/p>\n","protected":false},"author":21,"featured_media":210058,"comment_status":"closed","ping_status":"closed","sticky":false,"template":"","format":"standard","meta":{"_acf_changed":false,"_sitemap_exclude":false,"_sitemap_priority":"","_sitemap_frequency":"","footnotes":""},"categories":[59,79,56],"tags":[],"class_list":["post-342857","post","type-post","status-publish","format-standard","has-post-thumbnail","hentry","category-siyaset","category-featured","category-xeberler","infinite-scroll-item","generate-columns","tablet-grid-50","mobile-grid-100","grid-parent","grid-33","no-featured-image-padding"],"acf":[],"yoast_head":"<!-- This site is optimized with the Yoast SEO plugin v27.5 - https:\/\/yoast.com\/product\/yoast-seo-wordpress\/ -->\n<title>Az\u0259r Qas\u0131ml\u0131 12 il m\u00fcdd\u0259tin\u0259 azadl\u0131qdan m\u0259hrum edilib - MEYDAN.TV<\/title>\n<meta name=\"robots\" content=\"index, follow, max-snippet:-1, max-image-preview:large, max-video-preview:-1\" \/>\n<link rel=\"canonical\" href=\"https:\/\/www.meydan.tv\/az\/article\/az%c9%99r-qasimli-12-il-mudd%c9%99tin%c9%99-azadliqdan-m%c9%99hrum-edilib\/\" \/>\n<meta property=\"og:locale\" content=\"az_AZ\" \/>\n<meta property=\"og:type\" content=\"article\" \/>\n<meta property=\"og:title\" content=\"Az\u0259r Qas\u0131ml\u0131 12 il m\u00fcdd\u0259tin\u0259 azadl\u0131qdan m\u0259hrum edilib - MEYDAN.TV\" \/>\n<meta property=\"og:description\" content=\"Mart\u0131n 11-d\u0259 Bak\u0131 A\u011f\u0131r Cinay\u0259tl\u0259r M\u0259hk\u0259m\u0259sind\u0259 Siyasi Menecment \u0130nstitutunun r\u0259hb\u0259ri ... Davam\u0131\" \/>\n<meta property=\"og:url\" content=\"https:\/\/www.meydan.tv\/az\/article\/az%c9%99r-qasimli-12-il-mudd%c9%99tin%c9%99-azadliqdan-m%c9%99hrum-edilib\/\" \/>\n<meta property=\"og:site_name\" content=\"MEYDAN.TV\" \/>\n<meta property=\"article:published_time\" content=\"2026-03-11T13:44:26+00:00\" \/>\n<meta property=\"article:modified_time\" content=\"2026-03-12T11:31:31+00:00\" \/>\n<meta property=\"og:image\" content=\"https:\/\/www.meydan.tv\/wp-content\/uploads\/img_7646-scaled-e1734093479185.jpg\" \/>\n\t<meta property=\"og:image:width\" content=\"2560\" \/>\n\t<meta property=\"og:image:height\" content=\"1216\" \/>\n\t<meta property=\"og:image:type\" content=\"image\/jpeg\" \/>\n<meta name=\"author\" content=\"mahmud\" \/>\n<meta name=\"twitter:card\" content=\"summary_large_image\" \/>\n<script type=\"application\/ld+json\" class=\"yoast-schema-graph\">{\"@context\":\"https:\\\/\\\/schema.org\",\"@graph\":[{\"@type\":\"Article\",\"@id\":\"https:\\\/\\\/www.meydan.tv\\\/az\\\/article\\\/az%c9%99r-qasimli-12-il-mudd%c9%99tin%c9%99-azadliqdan-m%c9%99hrum-edilib\\\/#article\",\"isPartOf\":{\"@id\":\"https:\\\/\\\/www.meydan.tv\\\/az\\\/article\\\/az%c9%99r-qasimli-12-il-mudd%c9%99tin%c9%99-azadliqdan-m%c9%99hrum-edilib\\\/\"},\"author\":{\"name\":\"mahmud\",\"@id\":\"https:\\\/\\\/www.meydan.tv\\\/az\\\/#\\\/schema\\\/person\\\/09863e516102a829e72bedcf3f84c6b0\"},\"headline\":\"Az\u0259r Qas\u0131ml\u0131 12 il m\u00fcdd\u0259tin\u0259 azadl\u0131qdan m\u0259hrum edilib\",\"datePublished\":\"2026-03-11T13:44:26+00:00\",\"dateModified\":\"2026-03-12T11:31:31+00:00\",\"mainEntityOfPage\":{\"@id\":\"https:\\\/\\\/www.meydan.tv\\\/az\\\/article\\\/az%c9%99r-qasimli-12-il-mudd%c9%99tin%c9%99-azadliqdan-m%c9%99hrum-edilib\\\/\"},\"wordCount\":568,\"publisher\":{\"@id\":\"https:\\\/\\\/www.meydan.tv\\\/az\\\/#organization\"},\"image\":{\"@id\":\"https:\\\/\\\/www.meydan.tv\\\/az\\\/article\\\/az%c9%99r-qasimli-12-il-mudd%c9%99tin%c9%99-azadliqdan-m%c9%99hrum-edilib\\\/#primaryimage\"},\"thumbnailUrl\":\"https:\\\/\\\/www.meydan.tv\\\/wp-content\\\/uploads\\\/img_7646-scaled-e1734093479185.jpg\",\"articleSection\":[\"Siyas\u0259t\",\"T\u00f6vsiy\u0259\",\"X\u0259b\u0259rl\u0259r\"],\"inLanguage\":\"az\"},{\"@type\":\"WebPage\",\"@id\":\"https:\\\/\\\/www.meydan.tv\\\/az\\\/article\\\/az%c9%99r-qasimli-12-il-mudd%c9%99tin%c9%99-azadliqdan-m%c9%99hrum-edilib\\\/\",\"url\":\"https:\\\/\\\/www.meydan.tv\\\/az\\\/article\\\/az%c9%99r-qasimli-12-il-mudd%c9%99tin%c9%99-azadliqdan-m%c9%99hrum-edilib\\\/\",\"name\":\"Az\u0259r Qas\u0131ml\u0131 12 il m\u00fcdd\u0259tin\u0259 azadl\u0131qdan m\u0259hrum edilib - MEYDAN.TV\",\"isPartOf\":{\"@id\":\"https:\\\/\\\/www.meydan.tv\\\/az\\\/#website\"},\"primaryImageOfPage\":{\"@id\":\"https:\\\/\\\/www.meydan.tv\\\/az\\\/article\\\/az%c9%99r-qasimli-12-il-mudd%c9%99tin%c9%99-azadliqdan-m%c9%99hrum-edilib\\\/#primaryimage\"},\"image\":{\"@id\":\"https:\\\/\\\/www.meydan.tv\\\/az\\\/article\\\/az%c9%99r-qasimli-12-il-mudd%c9%99tin%c9%99-azadliqdan-m%c9%99hrum-edilib\\\/#primaryimage\"},\"thumbnailUrl\":\"https:\\\/\\\/www.meydan.tv\\\/wp-content\\\/uploads\\\/img_7646-scaled-e1734093479185.jpg\",\"datePublished\":\"2026-03-11T13:44:26+00:00\",\"dateModified\":\"2026-03-12T11:31:31+00:00\",\"breadcrumb\":{\"@id\":\"https:\\\/\\\/www.meydan.tv\\\/az\\\/article\\\/az%c9%99r-qasimli-12-il-mudd%c9%99tin%c9%99-azadliqdan-m%c9%99hrum-edilib\\\/#breadcrumb\"},\"inLanguage\":\"az\",\"potentialAction\":[{\"@type\":\"ReadAction\",\"target\":[\"https:\\\/\\\/www.meydan.tv\\\/az\\\/article\\\/az%c9%99r-qasimli-12-il-mudd%c9%99tin%c9%99-azadliqdan-m%c9%99hrum-edilib\\\/\"]}]},{\"@type\":\"ImageObject\",\"inLanguage\":\"az\",\"@id\":\"https:\\\/\\\/www.meydan.tv\\\/az\\\/article\\\/az%c9%99r-qasimli-12-il-mudd%c9%99tin%c9%99-azadliqdan-m%c9%99hrum-edilib\\\/#primaryimage\",\"url\":\"https:\\\/\\\/www.meydan.tv\\\/wp-content\\\/uploads\\\/img_7646-scaled-e1734093479185.jpg\",\"contentUrl\":\"https:\\\/\\\/www.meydan.tv\\\/wp-content\\\/uploads\\\/img_7646-scaled-e1734093479185.jpg\",\"width\":2560,\"height\":1216,\"caption\":\"Az\u0259r Qas\u0131ml\u0131. ill\u00fcstrasiya: Meydan TV\"},{\"@type\":\"BreadcrumbList\",\"@id\":\"https:\\\/\\\/www.meydan.tv\\\/az\\\/article\\\/az%c9%99r-qasimli-12-il-mudd%c9%99tin%c9%99-azadliqdan-m%c9%99hrum-edilib\\\/#breadcrumb\",\"itemListElement\":[{\"@type\":\"ListItem\",\"position\":1,\"name\":\"Ana s\u0259hif\u0259\",\"item\":\"https:\\\/\\\/www.meydan.tv\\\/az\\\/\"},{\"@type\":\"ListItem\",\"position\":2,\"name\":\"Siyas\u0259t\",\"item\":\"https:\\\/\\\/www.meydan.tv\\\/az\\\/section\\\/siyaset\\\/\"},{\"@type\":\"ListItem\",\"position\":3,\"name\":\"Az\u0259r Qas\u0131ml\u0131 12 il m\u00fcdd\u0259tin\u0259 azadl\u0131qdan m\u0259hrum edilib\"}]},{\"@type\":\"WebSite\",\"@id\":\"https:\\\/\\\/www.meydan.tv\\\/az\\\/#website\",\"url\":\"https:\\\/\\\/www.meydan.tv\\\/az\\\/\",\"name\":\"MEYDAN.TV\",\"description\":\"Meydan TV Az\u0259rbaycan\u0131n media m\u0259kan\u0131ndak\u0131 alternativ s\u0259sidir\",\"publisher\":{\"@id\":\"https:\\\/\\\/www.meydan.tv\\\/az\\\/#organization\"},\"potentialAction\":[{\"@type\":\"SearchAction\",\"target\":{\"@type\":\"EntryPoint\",\"urlTemplate\":\"https:\\\/\\\/www.meydan.tv\\\/az\\\/?s={search_term_string}\"},\"query-input\":{\"@type\":\"PropertyValueSpecification\",\"valueRequired\":true,\"valueName\":\"search_term_string\"}}],\"inLanguage\":\"az\"},{\"@type\":\"Organization\",\"@id\":\"https:\\\/\\\/www.meydan.tv\\\/az\\\/#organization\",\"name\":\"Meydan TV\",\"url\":\"https:\\\/\\\/www.meydan.tv\\\/az\\\/\",\"logo\":{\"@type\":\"ImageObject\",\"inLanguage\":\"az\",\"@id\":\"https:\\\/\\\/www.meydan.tv\\\/az\\\/#\\\/schema\\\/logo\\\/image\\\/\",\"url\":\"https:\\\/\\\/www.meydan.tv\\\/wp-content\\\/uploads\\\/2021\\\/07\\\/meydan-logo.svg\",\"contentUrl\":\"https:\\\/\\\/www.meydan.tv\\\/wp-content\\\/uploads\\\/2021\\\/07\\\/meydan-logo.svg\",\"width\":195,\"height\":46,\"caption\":\"Meydan TV\"},\"image\":{\"@id\":\"https:\\\/\\\/www.meydan.tv\\\/az\\\/#\\\/schema\\\/logo\\\/image\\\/\"}},{\"@type\":\"Person\",\"@id\":\"https:\\\/\\\/www.meydan.tv\\\/az\\\/#\\\/schema\\\/person\\\/09863e516102a829e72bedcf3f84c6b0\",\"name\":\"mahmud\"}]}<\/script>\n<!-- \/ Yoast SEO plugin. -->","yoast_head_json":{"title":"Az\u0259r Qas\u0131ml\u0131 12 il m\u00fcdd\u0259tin\u0259 azadl\u0131qdan m\u0259hrum edilib - MEYDAN.TV","robots":{"index":"index","follow":"follow","max-snippet":"max-snippet:-1","max-image-preview":"max-image-preview:large","max-video-preview":"max-video-preview:-1"},"canonical":"https:\/\/www.meydan.tv\/az\/article\/az%c9%99r-qasimli-12-il-mudd%c9%99tin%c9%99-azadliqdan-m%c9%99hrum-edilib\/","og_locale":"az_AZ","og_type":"article","og_title":"Az\u0259r Qas\u0131ml\u0131 12 il m\u00fcdd\u0259tin\u0259 azadl\u0131qdan m\u0259hrum edilib - MEYDAN.TV","og_description":"Mart\u0131n 11-d\u0259 Bak\u0131 A\u011f\u0131r Cinay\u0259tl\u0259r M\u0259hk\u0259m\u0259sind\u0259 Siyasi Menecment \u0130nstitutunun r\u0259hb\u0259ri ... Davam\u0131","og_url":"https:\/\/www.meydan.tv\/az\/article\/az%c9%99r-qasimli-12-il-mudd%c9%99tin%c9%99-azadliqdan-m%c9%99hrum-edilib\/","og_site_name":"MEYDAN.TV","article_published_time":"2026-03-11T13:44:26+00:00","article_modified_time":"2026-03-12T11:31:31+00:00","og_image":[{"width":2560,"height":1216,"url":"https:\/\/www.meydan.tv\/wp-content\/uploads\/img_7646-scaled-e1734093479185.jpg","type":"image\/jpeg"}],"author":"mahmud","twitter_card":"summary_large_image","schema":{"@context":"https:\/\/schema.org","@graph":[{"@type":"Article","@id":"https:\/\/www.meydan.tv\/az\/article\/az%c9%99r-qasimli-12-il-mudd%c9%99tin%c9%99-azadliqdan-m%c9%99hrum-edilib\/#article","isPartOf":{"@id":"https:\/\/www.meydan.tv\/az\/article\/az%c9%99r-qasimli-12-il-mudd%c9%99tin%c9%99-azadliqdan-m%c9%99hrum-edilib\/"},"author":{"name":"mahmud","@id":"https:\/\/www.meydan.tv\/az\/#\/schema\/person\/09863e516102a829e72bedcf3f84c6b0"},"headline":"Az\u0259r Qas\u0131ml\u0131 12 il m\u00fcdd\u0259tin\u0259 azadl\u0131qdan m\u0259hrum edilib","datePublished":"2026-03-11T13:44:26+00:00","dateModified":"2026-03-12T11:31:31+00:00","mainEntityOfPage":{"@id":"https:\/\/www.meydan.tv\/az\/article\/az%c9%99r-qasimli-12-il-mudd%c9%99tin%c9%99-azadliqdan-m%c9%99hrum-edilib\/"},"wordCount":568,"publisher":{"@id":"https:\/\/www.meydan.tv\/az\/#organization"},"image":{"@id":"https:\/\/www.meydan.tv\/az\/article\/az%c9%99r-qasimli-12-il-mudd%c9%99tin%c9%99-azadliqdan-m%c9%99hrum-edilib\/#primaryimage"},"thumbnailUrl":"https:\/\/www.meydan.tv\/wp-content\/uploads\/img_7646-scaled-e1734093479185.jpg","articleSection":["Siyas\u0259t","T\u00f6vsiy\u0259","X\u0259b\u0259rl\u0259r"],"inLanguage":"az"},{"@type":"WebPage","@id":"https:\/\/www.meydan.tv\/az\/article\/az%c9%99r-qasimli-12-il-mudd%c9%99tin%c9%99-azadliqdan-m%c9%99hrum-edilib\/","url":"https:\/\/www.meydan.tv\/az\/article\/az%c9%99r-qasimli-12-il-mudd%c9%99tin%c9%99-azadliqdan-m%c9%99hrum-edilib\/","name":"Az\u0259r Qas\u0131ml\u0131 12 il m\u00fcdd\u0259tin\u0259 azadl\u0131qdan m\u0259hrum edilib - MEYDAN.TV","isPartOf":{"@id":"https:\/\/www.meydan.tv\/az\/#website"},"primaryImageOfPage":{"@id":"https:\/\/www.meydan.tv\/az\/article\/az%c9%99r-qasimli-12-il-mudd%c9%99tin%c9%99-azadliqdan-m%c9%99hrum-edilib\/#primaryimage"},"image":{"@id":"https:\/\/www.meydan.tv\/az\/article\/az%c9%99r-qasimli-12-il-mudd%c9%99tin%c9%99-azadliqdan-m%c9%99hrum-edilib\/#primaryimage"},"thumbnailUrl":"https:\/\/www.meydan.tv\/wp-content\/uploads\/img_7646-scaled-e1734093479185.jpg","datePublished":"2026-03-11T13:44:26+00:00","dateModified":"2026-03-12T11:31:31+00:00","breadcrumb":{"@id":"https:\/\/www.meydan.tv\/az\/article\/az%c9%99r-qasimli-12-il-mudd%c9%99tin%c9%99-azadliqdan-m%c9%99hrum-edilib\/#breadcrumb"},"inLanguage":"az","potentialAction":[{"@type":"ReadAction","target":["https:\/\/www.meydan.tv\/az\/article\/az%c9%99r-qasimli-12-il-mudd%c9%99tin%c9%99-azadliqdan-m%c9%99hrum-edilib\/"]}]},{"@type":"ImageObject","inLanguage":"az","@id":"https:\/\/www.meydan.tv\/az\/article\/az%c9%99r-qasimli-12-il-mudd%c9%99tin%c9%99-azadliqdan-m%c9%99hrum-edilib\/#primaryimage","url":"https:\/\/www.meydan.tv\/wp-content\/uploads\/img_7646-scaled-e1734093479185.jpg","contentUrl":"https:\/\/www.meydan.tv\/wp-content\/uploads\/img_7646-scaled-e1734093479185.jpg","width":2560,"height":1216,"caption":"Az\u0259r Qas\u0131ml\u0131. ill\u00fcstrasiya: Meydan TV"},{"@type":"BreadcrumbList","@id":"https:\/\/www.meydan.tv\/az\/article\/az%c9%99r-qasimli-12-il-mudd%c9%99tin%c9%99-azadliqdan-m%c9%99hrum-edilib\/#breadcrumb","itemListElement":[{"@type":"ListItem","position":1,"name":"Ana s\u0259hif\u0259","item":"https:\/\/www.meydan.tv\/az\/"},{"@type":"ListItem","position":2,"name":"Siyas\u0259t","item":"https:\/\/www.meydan.tv\/az\/section\/siyaset\/"},{"@type":"ListItem","position":3,"name":"Az\u0259r Qas\u0131ml\u0131 12 il m\u00fcdd\u0259tin\u0259 azadl\u0131qdan m\u0259hrum edilib"}]},{"@type":"WebSite","@id":"https:\/\/www.meydan.tv\/az\/#website","url":"https:\/\/www.meydan.tv\/az\/","name":"MEYDAN.TV","description":"Meydan TV Az\u0259rbaycan\u0131n media m\u0259kan\u0131ndak\u0131 alternativ s\u0259sidir","publisher":{"@id":"https:\/\/www.meydan.tv\/az\/#organization"},"potentialAction":[{"@type":"SearchAction","target":{"@type":"EntryPoint","urlTemplate":"https:\/\/www.meydan.tv\/az\/?s={search_term_string}"},"query-input":{"@type":"PropertyValueSpecification","valueRequired":true,"valueName":"search_term_string"}}],"inLanguage":"az"},{"@type":"Organization","@id":"https:\/\/www.meydan.tv\/az\/#organization","name":"Meydan TV","url":"https:\/\/www.meydan.tv\/az\/","logo":{"@type":"ImageObject","inLanguage":"az","@id":"https:\/\/www.meydan.tv\/az\/#\/schema\/logo\/image\/","url":"https:\/\/www.meydan.tv\/wp-content\/uploads\/2021\/07\/meydan-logo.svg","contentUrl":"https:\/\/www.meydan.tv\/wp-content\/uploads\/2021\/07\/meydan-logo.svg","width":195,"height":46,"caption":"Meydan TV"},"image":{"@id":"https:\/\/www.meydan.tv\/az\/#\/schema\/logo\/image\/"}},{"@type":"Person","@id":"https:\/\/www.meydan.tv\/az\/#\/schema\/person\/09863e516102a829e72bedcf3f84c6b0","name":"mahmud"}]}},"_links":{"self":[{"href":"https:\/\/www.meydan.tv\/az\/wp-json\/wp\/v2\/posts\/342857","targetHints":{"allow":["GET"]}}],"collection":[{"href":"https:\/\/www.meydan.tv\/az\/wp-json\/wp\/v2\/posts"}],"about":[{"href":"https:\/\/www.meydan.tv\/az\/wp-json\/wp\/v2\/types\/post"}],"author":[{"embeddable":true,"href":"https:\/\/www.meydan.tv\/az\/wp-json\/wp\/v2\/users\/21"}],"replies":[{"embeddable":true,"href":"https:\/\/www.meydan.tv\/az\/wp-json\/wp\/v2\/comments?post=342857"}],"version-history":[{"count":4,"href":"https:\/\/www.meydan.tv\/az\/wp-json\/wp\/v2\/posts\/342857\/revisions"}],"predecessor-version":[{"id":342908,"href":"https:\/\/www.meydan.tv\/az\/wp-json\/wp\/v2\/posts\/342857\/revisions\/342908"}],"wp:featuredmedia":[{"embeddable":true,"href":"https:\/\/www.meydan.tv\/az\/wp-json\/wp\/v2\/media\/210058"}],"wp:attachment":[{"href":"https:\/\/www.meydan.tv\/az\/wp-json\/wp\/v2\/media?parent=342857"}],"wp:term":[{"taxonomy":"category","embeddable":true,"href":"https:\/\/www.meydan.tv\/az\/wp-json\/wp\/v2\/categories?post=342857"},{"taxonomy":"post_tag","embeddable":true,"href":"https:\/\/www.meydan.tv\/az\/wp-json\/wp\/v2\/tags?post=342857"}],"curies":[{"name":"wp","href":"https:\/\/api.w.org\/{rel}","templated":true}]}}