{"id":341754,"date":"2026-02-17T16:22:31","date_gmt":"2026-02-17T12:22:31","guid":{"rendered":"https:\/\/www.meydan.tv\/?p=341754"},"modified":"2026-02-17T16:22:34","modified_gmt":"2026-02-17T12:22:34","slug":"meydan-tv-isi-uzr%c9%99-h%c9%99bsd%c9%99-olan-jurnalistl%c9%99r-bar%c9%99sind%c9%99-akt-t%c9%99rtib-edilib","status":"publish","type":"post","link":"https:\/\/www.meydan.tv\/az\/article\/meydan-tv-isi-uzr%c9%99-h%c9%99bsd%c9%99-olan-jurnalistl%c9%99r-bar%c9%99sind%c9%99-akt-t%c9%99rtib-edilib\/","title":{"rendered":"\u201cMeydan TV i\u015fi\u201d \u00fczr\u0259 h\u0259bsd\u0259 olan jurnalistl\u0259r bar\u0259sind\u0259 akt t\u0259rtib edilib"},"content":{"rendered":"\n<p>\u201cMeydan TV i\u015fi\u201d \u00fczr\u0259 h\u0259bs olunan jurnalistl\u0259r\u0259 m\u0259hk\u0259m\u0259d\u0259 etiraz etdikl\u0259ri \u00fc\u00e7\u00fcn akt t\u0259rtib edilib.<\/p>\n\n\n\n<p>Aktda qeyd edilib ki, onlar d\u00f6vl\u0259t ittiham\u00e7\u0131s\u0131n\u0131n \u00e7\u0131x\u0131\u015f\u0131na mane olublar v\u0259 \u0259ll\u0259ri il\u0259 \u015f\u00fc\u015f\u0259 q\u0259f\u0259si d\u00f6y\u0259cl\u0259y\u0259r\u0259k s\u0259s-k\u00fcy sal\u0131blar.<\/p>\n\n\n\n<p>Akt gizir Turac R\u0259c\u0259bov, ki\u00e7ik gizir Tural Quliyev, m\u00fchafiz\u0259\u00e7i Bab\u0259k Babayev t\u0259r\u0259find\u0259n t\u0259rtib edilib.<\/p>\n\n\n\n<p>Saxlan\u0131lan jurnalistl\u0259rin \u0259ks\u0259riyy\u0259tinin akt t\u0259rtib olunduqdan sonra izahat verm\u0259kd\u0259n imtina etdiyi bildirilir.<\/p>\n\n\n\n<p><em>\u201cEtiraz\u0131m\u0131z \u015f\u00fc\u015f\u0259 q\u0259f\u0259sin i\u00e7ind\u0259n bizi \u00e7\u0131xarmamalar\u0131, v\u0259kilimizin yan\u0131nda \u0259yl\u0259\u015fm\u0259yimiz\u0259 imkan verilm\u0259m\u0259yi il\u0259 ba\u011fl\u0131 olub. Bu aktla is\u0259 m\u0259hk\u0259m\u0259 zal\u0131nda biz\u0259 qar\u015f\u0131 eyni davran\u0131\u015flar\u0131n davam ed\u0259c\u0259yinin mesaj\u0131n\u0131 verirl\u0259r. \u018fg\u0259r n\u00f6vb\u0259ti prosesl\u0259rd\u0259 d\u0259 bizi \u015f\u00fc\u015f\u0259 q\u0259f\u0259sin i\u00e7\u0259risind\u0259n \u00e7\u0131xarmasalar, \u00e7\u0131x\u0131\u015f etm\u0259k \u00fc\u00e7\u00fcn imkan yarad\u0131lmasa v\u0259 mikrofonlar\u0131m\u0131z s\u00f6nd\u00fcr\u00fcls\u0259 zaldak\u0131 etirazlar\u0131m\u0131z eyni qaydada davam ed\u0259c\u0259k\u201d,<\/em> &#8211; dey\u0259 jurnalistl\u0259r bildirir.<\/p>\n\n\n\n<p>Fevral\u0131n 13-d\u0259 \u201cMeydan TV i\u015fi\u201d \u00fczr\u0259 h\u0259bs olunan jurnalistl\u0259rin n\u00f6vb\u0259ti m\u0259hk\u0259m\u0259 prosesi ke\u00e7irilib. M\u0259hk\u0259m\u0259 zaman\u0131 hakim Ayt\u0259n \u018fliyeva jurnalistl\u0259rin \u00e7\u0131x\u0131\u015f\u0131na mane\u0259 yarad\u0131b. Onlar\u0131 \u015f\u00fc\u015f\u0259 q\u0259f\u0259sd\u0259 saxlay\u0131b.&nbsp;<\/p>\n\n\n\n<p>Hakim \u018fliyeva m\u0259hk\u0259m\u0259 boyu jurnalistl\u0259rin etirazlar\u0131n\u0131 n\u0259z\u0259r\u0259 almay\u0131b v\u0259 n\u0259tic\u0259d\u0259 onlar saxlan\u0131ld\u0131qlar\u0131 q\u0259f\u0259sin \u015f\u00fc\u015f\u0259l\u0259rini d\u00f6y\u0259cl\u0259y\u0259r\u0259k etirazlar\u0131n\u0131 bildiribl\u0259r.<\/p>\n\n\n\n<p>2024-c\u00fc il dekabr\u0131n 6-da Meydan TV-nin \u0259m\u0259kda\u015flar\u0131 Ramin Deko (C\u0259bray\u0131lzad\u0259), Aynur Q\u0259nb\u0259rova (Elg\u00fcn\u0259\u015f), Aysel Umudova, Aytac \u018fhm\u0259dova (Tapd\u0131q), X\u0259yal\u0259 A\u011fayeva, Natiq Cavadl\u0131 v\u0259 v\u0259t\u0259nda\u015f c\u0259miyy\u0259tinin \u00fczv\u00fc \u00dclvi Tahirov h\u0259bs edilib.<\/p>\n\n\n\n<p>Bu i\u015f \u00fczr\u0259 saxlan\u0131lanlara Cinay\u0259t M\u0259c\u0259ll\u0259sinin 206.3.2-ci (qa\u00e7aqmal\u00e7\u0131l\u0131q, \u0259vv\u0259lc\u0259d\u0259n \u0259lbir olan bir qrup \u015f\u0259xs t\u0259r\u0259find\u0259n t\u00f6r\u0259dildikd\u0259) madd\u0259si il\u0259 cinay\u0259t a\u00e7\u0131l\u0131b.<\/p>\n\n\n\n<p>2025-ci il fevral\u0131n 5-i \u201carqument.az\u201d sayt\u0131n\u0131n ba\u015f redaktoru, Meydan TV il\u0259 \u0259m\u0259kda\u015fl\u0131q ed\u0259n jurnalist \u015e\u0259m\u015fad A\u011fayev (A\u011fa), daha sonra&nbsp; dig\u0259r jurnalistl\u0259r \u2013&nbsp; fevral\u0131n 20-d\u0259 Nurlan Libre (Q\u0259hr\u0259manl\u0131), fevral\u0131n 28-d\u0259 Fatim\u0259 M\u00f6vlaml\u0131, may\u0131n 7-d\u0259 \u00dclviyy\u0259 \u018fli (Quliyeva), avqustun 27-d\u0259 is\u0259 \u018fhm\u0259d Muxtar bu i\u015f \u00fczr\u0259 h\u0259bs olunub.<\/p>\n\n\n\n<p>Avqustun 28-d\u0259 \u201cMeydan TV i\u015fi\u201d \u00fczr\u0259 ittihamlar a\u011f\u0131rla\u015fd\u0131r\u0131l\u0131b, i\u015f \u00fczr\u0259 h\u0259bs edil\u0259n \u015f\u0259xsl\u0259r\u0259 \u00fcmumilikd\u0259 Cinay\u0259t M\u0259c\u0259ll\u0259sinin 7 madd\u0259si il\u0259 ittiham ir\u0259li s\u00fcr\u00fcl\u00fcb.<\/p>\n\n\n\n<p>H\u0259bs edil\u0259n jurnalistl\u0259r ittihamlar\u0131 q\u0259bul etmirl\u0259r v\u0259 hesab edirl\u0259r ki, siyasi sifari\u015fl\u0259 h\u0259bs olunublar, m\u0259qs\u0259d \u00f6lk\u0259d\u0259 m\u00fcst\u0259qil median\u0131, azad s\u0259sl\u0259ri susdurmaqd\u0131r.<\/p>\n","protected":false},"excerpt":{"rendered":"<p>\u201cMeydan TV i\u015fi\u201d \u00fczr\u0259 h\u0259bs olunan jurnalistl\u0259r\u0259 m\u0259hk\u0259m\u0259d\u0259 etiraz etdikl\u0259ri &#8230; <\/p>\n<p class=\"read-more-container\"><a title=\"\u201cMeydan TV i\u015fi\u201d \u00fczr\u0259 h\u0259bsd\u0259 olan jurnalistl\u0259r bar\u0259sind\u0259 akt t\u0259rtib edilib\" class=\"read-more button\" href=\"https:\/\/www.meydan.tv\/az\/article\/meydan-tv-isi-uzr%c9%99-h%c9%99bsd%c9%99-olan-jurnalistl%c9%99r-bar%c9%99sind%c9%99-akt-t%c9%99rtib-edilib\/#more-341754\" aria-label=\"Read more about \u201cMeydan TV i\u015fi\u201d \u00fczr\u0259 h\u0259bsd\u0259 olan jurnalistl\u0259r bar\u0259sind\u0259 akt t\u0259rtib edilib\">Davam\u0131<\/a><\/p>\n","protected":false},"author":21,"featured_media":339504,"comment_status":"closed","ping_status":"closed","sticky":false,"template":"","format":"standard","meta":{"_acf_changed":false,"_sitemap_exclude":false,"_sitemap_priority":"","_sitemap_frequency":"","footnotes":""},"categories":[59,79,56],"tags":[],"class_list":["post-341754","post","type-post","status-publish","format-standard","has-post-thumbnail","hentry","category-siyaset","category-featured","category-xeberler","infinite-scroll-item","generate-columns","tablet-grid-50","mobile-grid-100","grid-parent","grid-33","no-featured-image-padding"],"acf":[],"yoast_head":"<!-- This site is optimized with the Yoast SEO plugin v27.4 - https:\/\/yoast.com\/product\/yoast-seo-wordpress\/ -->\n<title>\u201cMeydan TV i\u015fi\u201d \u00fczr\u0259 h\u0259bsd\u0259 olan jurnalistl\u0259r bar\u0259sind\u0259 akt t\u0259rtib edilib - MEYDAN.TV<\/title>\n<meta name=\"robots\" content=\"index, follow, max-snippet:-1, max-image-preview:large, max-video-preview:-1\" \/>\n<link rel=\"canonical\" href=\"https:\/\/www.meydan.tv\/az\/article\/meydan-tv-isi-uzr%c9%99-h%c9%99bsd%c9%99-olan-jurnalistl%c9%99r-bar%c9%99sind%c9%99-akt-t%c9%99rtib-edilib\/\" \/>\n<meta property=\"og:locale\" content=\"az_AZ\" \/>\n<meta property=\"og:type\" content=\"article\" \/>\n<meta property=\"og:title\" content=\"\u201cMeydan TV i\u015fi\u201d \u00fczr\u0259 h\u0259bsd\u0259 olan jurnalistl\u0259r bar\u0259sind\u0259 akt t\u0259rtib edilib - MEYDAN.TV\" \/>\n<meta property=\"og:description\" content=\"\u201cMeydan TV i\u015fi\u201d \u00fczr\u0259 h\u0259bs olunan jurnalistl\u0259r\u0259 m\u0259hk\u0259m\u0259d\u0259 etiraz etdikl\u0259ri ... Davam\u0131\" \/>\n<meta property=\"og:url\" content=\"https:\/\/www.meydan.tv\/az\/article\/meydan-tv-isi-uzr%c9%99-h%c9%99bsd%c9%99-olan-jurnalistl%c9%99r-bar%c9%99sind%c9%99-akt-t%c9%99rtib-edilib\/\" \/>\n<meta property=\"og:site_name\" content=\"MEYDAN.TV\" \/>\n<meta property=\"article:published_time\" content=\"2026-02-17T12:22:31+00:00\" \/>\n<meta property=\"article:modified_time\" content=\"2026-02-17T12:22:34+00:00\" \/>\n<meta property=\"og:image\" content=\"https:\/\/www.meydan.tv\/wp-content\/uploads\/cover-all3-2-1200x586.png\" \/>\n\t<meta property=\"og:image:width\" content=\"1200\" \/>\n\t<meta property=\"og:image:height\" content=\"586\" \/>\n\t<meta property=\"og:image:type\" content=\"image\/png\" \/>\n<meta name=\"author\" content=\"mahmud\" \/>\n<meta name=\"twitter:card\" content=\"summary_large_image\" \/>\n<script type=\"application\/ld+json\" class=\"yoast-schema-graph\">{\"@context\":\"https:\\\/\\\/schema.org\",\"@graph\":[{\"@type\":\"Article\",\"@id\":\"https:\\\/\\\/www.meydan.tv\\\/az\\\/article\\\/meydan-tv-isi-uzr%c9%99-h%c9%99bsd%c9%99-olan-jurnalistl%c9%99r-bar%c9%99sind%c9%99-akt-t%c9%99rtib-edilib\\\/#article\",\"isPartOf\":{\"@id\":\"https:\\\/\\\/www.meydan.tv\\\/az\\\/article\\\/meydan-tv-isi-uzr%c9%99-h%c9%99bsd%c9%99-olan-jurnalistl%c9%99r-bar%c9%99sind%c9%99-akt-t%c9%99rtib-edilib\\\/\"},\"author\":{\"name\":\"mahmud\",\"@id\":\"https:\\\/\\\/www.meydan.tv\\\/az\\\/#\\\/schema\\\/person\\\/09863e516102a829e72bedcf3f84c6b0\"},\"headline\":\"\u201cMeydan TV i\u015fi\u201d \u00fczr\u0259 h\u0259bsd\u0259 olan jurnalistl\u0259r bar\u0259sind\u0259 akt t\u0259rtib edilib\",\"datePublished\":\"2026-02-17T12:22:31+00:00\",\"dateModified\":\"2026-02-17T12:22:34+00:00\",\"mainEntityOfPage\":{\"@id\":\"https:\\\/\\\/www.meydan.tv\\\/az\\\/article\\\/meydan-tv-isi-uzr%c9%99-h%c9%99bsd%c9%99-olan-jurnalistl%c9%99r-bar%c9%99sind%c9%99-akt-t%c9%99rtib-edilib\\\/\"},\"wordCount\":522,\"publisher\":{\"@id\":\"https:\\\/\\\/www.meydan.tv\\\/az\\\/#organization\"},\"image\":{\"@id\":\"https:\\\/\\\/www.meydan.tv\\\/az\\\/article\\\/meydan-tv-isi-uzr%c9%99-h%c9%99bsd%c9%99-olan-jurnalistl%c9%99r-bar%c9%99sind%c9%99-akt-t%c9%99rtib-edilib\\\/#primaryimage\"},\"thumbnailUrl\":\"https:\\\/\\\/www.meydan.tv\\\/wp-content\\\/uploads\\\/cover-all3-2.png\",\"articleSection\":[\"Siyas\u0259t\",\"T\u00f6vsiy\u0259\",\"X\u0259b\u0259rl\u0259r\"],\"inLanguage\":\"az\"},{\"@type\":\"WebPage\",\"@id\":\"https:\\\/\\\/www.meydan.tv\\\/az\\\/article\\\/meydan-tv-isi-uzr%c9%99-h%c9%99bsd%c9%99-olan-jurnalistl%c9%99r-bar%c9%99sind%c9%99-akt-t%c9%99rtib-edilib\\\/\",\"url\":\"https:\\\/\\\/www.meydan.tv\\\/az\\\/article\\\/meydan-tv-isi-uzr%c9%99-h%c9%99bsd%c9%99-olan-jurnalistl%c9%99r-bar%c9%99sind%c9%99-akt-t%c9%99rtib-edilib\\\/\",\"name\":\"\u201cMeydan TV i\u015fi\u201d \u00fczr\u0259 h\u0259bsd\u0259 olan jurnalistl\u0259r bar\u0259sind\u0259 akt t\u0259rtib edilib - MEYDAN.TV\",\"isPartOf\":{\"@id\":\"https:\\\/\\\/www.meydan.tv\\\/az\\\/#website\"},\"primaryImageOfPage\":{\"@id\":\"https:\\\/\\\/www.meydan.tv\\\/az\\\/article\\\/meydan-tv-isi-uzr%c9%99-h%c9%99bsd%c9%99-olan-jurnalistl%c9%99r-bar%c9%99sind%c9%99-akt-t%c9%99rtib-edilib\\\/#primaryimage\"},\"image\":{\"@id\":\"https:\\\/\\\/www.meydan.tv\\\/az\\\/article\\\/meydan-tv-isi-uzr%c9%99-h%c9%99bsd%c9%99-olan-jurnalistl%c9%99r-bar%c9%99sind%c9%99-akt-t%c9%99rtib-edilib\\\/#primaryimage\"},\"thumbnailUrl\":\"https:\\\/\\\/www.meydan.tv\\\/wp-content\\\/uploads\\\/cover-all3-2.png\",\"datePublished\":\"2026-02-17T12:22:31+00:00\",\"dateModified\":\"2026-02-17T12:22:34+00:00\",\"breadcrumb\":{\"@id\":\"https:\\\/\\\/www.meydan.tv\\\/az\\\/article\\\/meydan-tv-isi-uzr%c9%99-h%c9%99bsd%c9%99-olan-jurnalistl%c9%99r-bar%c9%99sind%c9%99-akt-t%c9%99rtib-edilib\\\/#breadcrumb\"},\"inLanguage\":\"az\",\"potentialAction\":[{\"@type\":\"ReadAction\",\"target\":[\"https:\\\/\\\/www.meydan.tv\\\/az\\\/article\\\/meydan-tv-isi-uzr%c9%99-h%c9%99bsd%c9%99-olan-jurnalistl%c9%99r-bar%c9%99sind%c9%99-akt-t%c9%99rtib-edilib\\\/\"]}]},{\"@type\":\"ImageObject\",\"inLanguage\":\"az\",\"@id\":\"https:\\\/\\\/www.meydan.tv\\\/az\\\/article\\\/meydan-tv-isi-uzr%c9%99-h%c9%99bsd%c9%99-olan-jurnalistl%c9%99r-bar%c9%99sind%c9%99-akt-t%c9%99rtib-edilib\\\/#primaryimage\",\"url\":\"https:\\\/\\\/www.meydan.tv\\\/wp-content\\\/uploads\\\/cover-all3-2.png\",\"contentUrl\":\"https:\\\/\\\/www.meydan.tv\\\/wp-content\\\/uploads\\\/cover-all3-2.png\",\"width\":1920,\"height\":938,\"caption\":\"Kollaj: Meydan TV\"},{\"@type\":\"BreadcrumbList\",\"@id\":\"https:\\\/\\\/www.meydan.tv\\\/az\\\/article\\\/meydan-tv-isi-uzr%c9%99-h%c9%99bsd%c9%99-olan-jurnalistl%c9%99r-bar%c9%99sind%c9%99-akt-t%c9%99rtib-edilib\\\/#breadcrumb\",\"itemListElement\":[{\"@type\":\"ListItem\",\"position\":1,\"name\":\"Ana s\u0259hif\u0259\",\"item\":\"https:\\\/\\\/www.meydan.tv\\\/az\\\/\"},{\"@type\":\"ListItem\",\"position\":2,\"name\":\"Siyas\u0259t\",\"item\":\"https:\\\/\\\/www.meydan.tv\\\/az\\\/section\\\/siyaset\\\/\"},{\"@type\":\"ListItem\",\"position\":3,\"name\":\"\u201cMeydan TV i\u015fi\u201d \u00fczr\u0259 h\u0259bsd\u0259 olan jurnalistl\u0259r bar\u0259sind\u0259 akt t\u0259rtib edilib\"}]},{\"@type\":\"WebSite\",\"@id\":\"https:\\\/\\\/www.meydan.tv\\\/az\\\/#website\",\"url\":\"https:\\\/\\\/www.meydan.tv\\\/az\\\/\",\"name\":\"MEYDAN.TV\",\"description\":\"Meydan TV Az\u0259rbaycan\u0131n media m\u0259kan\u0131ndak\u0131 alternativ s\u0259sidir\",\"publisher\":{\"@id\":\"https:\\\/\\\/www.meydan.tv\\\/az\\\/#organization\"},\"potentialAction\":[{\"@type\":\"SearchAction\",\"target\":{\"@type\":\"EntryPoint\",\"urlTemplate\":\"https:\\\/\\\/www.meydan.tv\\\/az\\\/?s={search_term_string}\"},\"query-input\":{\"@type\":\"PropertyValueSpecification\",\"valueRequired\":true,\"valueName\":\"search_term_string\"}}],\"inLanguage\":\"az\"},{\"@type\":\"Organization\",\"@id\":\"https:\\\/\\\/www.meydan.tv\\\/az\\\/#organization\",\"name\":\"Meydan TV\",\"url\":\"https:\\\/\\\/www.meydan.tv\\\/az\\\/\",\"logo\":{\"@type\":\"ImageObject\",\"inLanguage\":\"az\",\"@id\":\"https:\\\/\\\/www.meydan.tv\\\/az\\\/#\\\/schema\\\/logo\\\/image\\\/\",\"url\":\"https:\\\/\\\/www.meydan.tv\\\/wp-content\\\/uploads\\\/2021\\\/07\\\/meydan-logo.svg\",\"contentUrl\":\"https:\\\/\\\/www.meydan.tv\\\/wp-content\\\/uploads\\\/2021\\\/07\\\/meydan-logo.svg\",\"width\":195,\"height\":46,\"caption\":\"Meydan TV\"},\"image\":{\"@id\":\"https:\\\/\\\/www.meydan.tv\\\/az\\\/#\\\/schema\\\/logo\\\/image\\\/\"}},{\"@type\":\"Person\",\"@id\":\"https:\\\/\\\/www.meydan.tv\\\/az\\\/#\\\/schema\\\/person\\\/09863e516102a829e72bedcf3f84c6b0\",\"name\":\"mahmud\"}]}<\/script>\n<!-- \/ Yoast SEO plugin. -->","yoast_head_json":{"title":"\u201cMeydan TV i\u015fi\u201d \u00fczr\u0259 h\u0259bsd\u0259 olan jurnalistl\u0259r bar\u0259sind\u0259 akt t\u0259rtib edilib - MEYDAN.TV","robots":{"index":"index","follow":"follow","max-snippet":"max-snippet:-1","max-image-preview":"max-image-preview:large","max-video-preview":"max-video-preview:-1"},"canonical":"https:\/\/www.meydan.tv\/az\/article\/meydan-tv-isi-uzr%c9%99-h%c9%99bsd%c9%99-olan-jurnalistl%c9%99r-bar%c9%99sind%c9%99-akt-t%c9%99rtib-edilib\/","og_locale":"az_AZ","og_type":"article","og_title":"\u201cMeydan TV i\u015fi\u201d \u00fczr\u0259 h\u0259bsd\u0259 olan jurnalistl\u0259r bar\u0259sind\u0259 akt t\u0259rtib edilib - MEYDAN.TV","og_description":"\u201cMeydan TV i\u015fi\u201d \u00fczr\u0259 h\u0259bs olunan jurnalistl\u0259r\u0259 m\u0259hk\u0259m\u0259d\u0259 etiraz etdikl\u0259ri ... Davam\u0131","og_url":"https:\/\/www.meydan.tv\/az\/article\/meydan-tv-isi-uzr%c9%99-h%c9%99bsd%c9%99-olan-jurnalistl%c9%99r-bar%c9%99sind%c9%99-akt-t%c9%99rtib-edilib\/","og_site_name":"MEYDAN.TV","article_published_time":"2026-02-17T12:22:31+00:00","article_modified_time":"2026-02-17T12:22:34+00:00","og_image":[{"width":1200,"height":586,"url":"https:\/\/www.meydan.tv\/wp-content\/uploads\/cover-all3-2-1200x586.png","type":"image\/png"}],"author":"mahmud","twitter_card":"summary_large_image","schema":{"@context":"https:\/\/schema.org","@graph":[{"@type":"Article","@id":"https:\/\/www.meydan.tv\/az\/article\/meydan-tv-isi-uzr%c9%99-h%c9%99bsd%c9%99-olan-jurnalistl%c9%99r-bar%c9%99sind%c9%99-akt-t%c9%99rtib-edilib\/#article","isPartOf":{"@id":"https:\/\/www.meydan.tv\/az\/article\/meydan-tv-isi-uzr%c9%99-h%c9%99bsd%c9%99-olan-jurnalistl%c9%99r-bar%c9%99sind%c9%99-akt-t%c9%99rtib-edilib\/"},"author":{"name":"mahmud","@id":"https:\/\/www.meydan.tv\/az\/#\/schema\/person\/09863e516102a829e72bedcf3f84c6b0"},"headline":"\u201cMeydan TV i\u015fi\u201d \u00fczr\u0259 h\u0259bsd\u0259 olan jurnalistl\u0259r bar\u0259sind\u0259 akt t\u0259rtib edilib","datePublished":"2026-02-17T12:22:31+00:00","dateModified":"2026-02-17T12:22:34+00:00","mainEntityOfPage":{"@id":"https:\/\/www.meydan.tv\/az\/article\/meydan-tv-isi-uzr%c9%99-h%c9%99bsd%c9%99-olan-jurnalistl%c9%99r-bar%c9%99sind%c9%99-akt-t%c9%99rtib-edilib\/"},"wordCount":522,"publisher":{"@id":"https:\/\/www.meydan.tv\/az\/#organization"},"image":{"@id":"https:\/\/www.meydan.tv\/az\/article\/meydan-tv-isi-uzr%c9%99-h%c9%99bsd%c9%99-olan-jurnalistl%c9%99r-bar%c9%99sind%c9%99-akt-t%c9%99rtib-edilib\/#primaryimage"},"thumbnailUrl":"https:\/\/www.meydan.tv\/wp-content\/uploads\/cover-all3-2.png","articleSection":["Siyas\u0259t","T\u00f6vsiy\u0259","X\u0259b\u0259rl\u0259r"],"inLanguage":"az"},{"@type":"WebPage","@id":"https:\/\/www.meydan.tv\/az\/article\/meydan-tv-isi-uzr%c9%99-h%c9%99bsd%c9%99-olan-jurnalistl%c9%99r-bar%c9%99sind%c9%99-akt-t%c9%99rtib-edilib\/","url":"https:\/\/www.meydan.tv\/az\/article\/meydan-tv-isi-uzr%c9%99-h%c9%99bsd%c9%99-olan-jurnalistl%c9%99r-bar%c9%99sind%c9%99-akt-t%c9%99rtib-edilib\/","name":"\u201cMeydan TV i\u015fi\u201d \u00fczr\u0259 h\u0259bsd\u0259 olan jurnalistl\u0259r bar\u0259sind\u0259 akt t\u0259rtib edilib - MEYDAN.TV","isPartOf":{"@id":"https:\/\/www.meydan.tv\/az\/#website"},"primaryImageOfPage":{"@id":"https:\/\/www.meydan.tv\/az\/article\/meydan-tv-isi-uzr%c9%99-h%c9%99bsd%c9%99-olan-jurnalistl%c9%99r-bar%c9%99sind%c9%99-akt-t%c9%99rtib-edilib\/#primaryimage"},"image":{"@id":"https:\/\/www.meydan.tv\/az\/article\/meydan-tv-isi-uzr%c9%99-h%c9%99bsd%c9%99-olan-jurnalistl%c9%99r-bar%c9%99sind%c9%99-akt-t%c9%99rtib-edilib\/#primaryimage"},"thumbnailUrl":"https:\/\/www.meydan.tv\/wp-content\/uploads\/cover-all3-2.png","datePublished":"2026-02-17T12:22:31+00:00","dateModified":"2026-02-17T12:22:34+00:00","breadcrumb":{"@id":"https:\/\/www.meydan.tv\/az\/article\/meydan-tv-isi-uzr%c9%99-h%c9%99bsd%c9%99-olan-jurnalistl%c9%99r-bar%c9%99sind%c9%99-akt-t%c9%99rtib-edilib\/#breadcrumb"},"inLanguage":"az","potentialAction":[{"@type":"ReadAction","target":["https:\/\/www.meydan.tv\/az\/article\/meydan-tv-isi-uzr%c9%99-h%c9%99bsd%c9%99-olan-jurnalistl%c9%99r-bar%c9%99sind%c9%99-akt-t%c9%99rtib-edilib\/"]}]},{"@type":"ImageObject","inLanguage":"az","@id":"https:\/\/www.meydan.tv\/az\/article\/meydan-tv-isi-uzr%c9%99-h%c9%99bsd%c9%99-olan-jurnalistl%c9%99r-bar%c9%99sind%c9%99-akt-t%c9%99rtib-edilib\/#primaryimage","url":"https:\/\/www.meydan.tv\/wp-content\/uploads\/cover-all3-2.png","contentUrl":"https:\/\/www.meydan.tv\/wp-content\/uploads\/cover-all3-2.png","width":1920,"height":938,"caption":"Kollaj: Meydan TV"},{"@type":"BreadcrumbList","@id":"https:\/\/www.meydan.tv\/az\/article\/meydan-tv-isi-uzr%c9%99-h%c9%99bsd%c9%99-olan-jurnalistl%c9%99r-bar%c9%99sind%c9%99-akt-t%c9%99rtib-edilib\/#breadcrumb","itemListElement":[{"@type":"ListItem","position":1,"name":"Ana s\u0259hif\u0259","item":"https:\/\/www.meydan.tv\/az\/"},{"@type":"ListItem","position":2,"name":"Siyas\u0259t","item":"https:\/\/www.meydan.tv\/az\/section\/siyaset\/"},{"@type":"ListItem","position":3,"name":"\u201cMeydan TV i\u015fi\u201d \u00fczr\u0259 h\u0259bsd\u0259 olan jurnalistl\u0259r bar\u0259sind\u0259 akt t\u0259rtib edilib"}]},{"@type":"WebSite","@id":"https:\/\/www.meydan.tv\/az\/#website","url":"https:\/\/www.meydan.tv\/az\/","name":"MEYDAN.TV","description":"Meydan TV Az\u0259rbaycan\u0131n media m\u0259kan\u0131ndak\u0131 alternativ s\u0259sidir","publisher":{"@id":"https:\/\/www.meydan.tv\/az\/#organization"},"potentialAction":[{"@type":"SearchAction","target":{"@type":"EntryPoint","urlTemplate":"https:\/\/www.meydan.tv\/az\/?s={search_term_string}"},"query-input":{"@type":"PropertyValueSpecification","valueRequired":true,"valueName":"search_term_string"}}],"inLanguage":"az"},{"@type":"Organization","@id":"https:\/\/www.meydan.tv\/az\/#organization","name":"Meydan TV","url":"https:\/\/www.meydan.tv\/az\/","logo":{"@type":"ImageObject","inLanguage":"az","@id":"https:\/\/www.meydan.tv\/az\/#\/schema\/logo\/image\/","url":"https:\/\/www.meydan.tv\/wp-content\/uploads\/2021\/07\/meydan-logo.svg","contentUrl":"https:\/\/www.meydan.tv\/wp-content\/uploads\/2021\/07\/meydan-logo.svg","width":195,"height":46,"caption":"Meydan TV"},"image":{"@id":"https:\/\/www.meydan.tv\/az\/#\/schema\/logo\/image\/"}},{"@type":"Person","@id":"https:\/\/www.meydan.tv\/az\/#\/schema\/person\/09863e516102a829e72bedcf3f84c6b0","name":"mahmud"}]}},"_links":{"self":[{"href":"https:\/\/www.meydan.tv\/az\/wp-json\/wp\/v2\/posts\/341754","targetHints":{"allow":["GET"]}}],"collection":[{"href":"https:\/\/www.meydan.tv\/az\/wp-json\/wp\/v2\/posts"}],"about":[{"href":"https:\/\/www.meydan.tv\/az\/wp-json\/wp\/v2\/types\/post"}],"author":[{"embeddable":true,"href":"https:\/\/www.meydan.tv\/az\/wp-json\/wp\/v2\/users\/21"}],"replies":[{"embeddable":true,"href":"https:\/\/www.meydan.tv\/az\/wp-json\/wp\/v2\/comments?post=341754"}],"version-history":[{"count":1,"href":"https:\/\/www.meydan.tv\/az\/wp-json\/wp\/v2\/posts\/341754\/revisions"}],"predecessor-version":[{"id":341755,"href":"https:\/\/www.meydan.tv\/az\/wp-json\/wp\/v2\/posts\/341754\/revisions\/341755"}],"wp:featuredmedia":[{"embeddable":true,"href":"https:\/\/www.meydan.tv\/az\/wp-json\/wp\/v2\/media\/339504"}],"wp:attachment":[{"href":"https:\/\/www.meydan.tv\/az\/wp-json\/wp\/v2\/media?parent=341754"}],"wp:term":[{"taxonomy":"category","embeddable":true,"href":"https:\/\/www.meydan.tv\/az\/wp-json\/wp\/v2\/categories?post=341754"},{"taxonomy":"post_tag","embeddable":true,"href":"https:\/\/www.meydan.tv\/az\/wp-json\/wp\/v2\/tags?post=341754"}],"curies":[{"name":"wp","href":"https:\/\/api.w.org\/{rel}","templated":true}]}}