{"id":341449,"date":"2026-02-11T18:30:28","date_gmt":"2026-02-11T14:30:28","guid":{"rendered":"https:\/\/www.meydan.tv\/?p=341449"},"modified":"2026-02-12T01:40:44","modified_gmt":"2026-02-11T21:40:44","slug":"artsax-var-idi-var-v%c9%99-olacaq-ruben-vardanyanin-m%c9%99hk%c9%99m%c9%99d%c9%99ki-son-cixisi","status":"publish","type":"post","link":"https:\/\/www.meydan.tv\/az\/article\/artsax-var-idi-var-v%c9%99-olacaq-ruben-vardanyanin-m%c9%99hk%c9%99m%c9%99d%c9%99ki-son-cixisi\/","title":{"rendered":"\u201cArtsax var idi, var v\u0259 olacaq\u201d &#8211; Ruben Vardanyan\u0131n m\u0259hk\u0259m\u0259d\u0259ki son \u00e7\u0131x\u0131\u015f\u0131"},"content":{"rendered":"\n<p>\u201cArtsax var idi, var v\u0259 olacaq\u201d, &#8211; bu s\u00f6zl\u0259ri Bak\u0131 H\u0259rbi M\u0259hk\u0259m\u0259sind\u0259 son s\u00f6zl\u0259 \u00e7\u0131x\u0131\u015f ed\u0259n Qaraba\u011fda yarad\u0131lm\u0131\u015f ke\u00e7mi\u015f separat\u00e7\u0131 qurumun \u201cd\u00f6vl\u0259t naziri\u201d, haz\u0131rda Az\u0259rbaycanda h\u0259bsd\u0259 olan erm\u0259ni m\u0259hbus Ruben Vardanyan <a href=\"https:\/\/www.civilnet.am\/en\/news\/1002196\/ruben-vardanyan-delivers-final-statement-in-baku-trial\/\" target=\"_blank\" rel=\"noreferrer noopener nofollow\">deyib<\/a>. O, h\u0259l\u0259 h\u00f6km oxunmam\u0131\u015f son prosesd\u0259 yekun s\u00f6zl\u0259 \u00e7\u0131x\u0131\u015f edib v\u0259 m\u0259hk\u0259m\u0259ni \u201c\u0259dal\u0259tin imitasiyas\u0131\u201d adland\u0131r\u0131b.<\/p>\n\n\n\n<p>Fevral\u0131n 10-da Bak\u0131 H\u0259rbi M\u0259hk\u0259m\u0259sind\u0259 ke\u00e7iril\u0259n a\u00e7\u0131q m\u0259hk\u0259m\u0259 prosesi hakiml\u0259r Zeynal A\u011fayevin s\u0259drliyi il\u0259, Anar Rzayevd\u0259n v\u0259 Camal Ramazanovdan ibar\u0259t t\u0259rkibd\u0259 ba\u015f tutub.<\/p>\n\n\n\n<p>T\u0259qsirl\u0259ndiril\u0259n \u015f\u0259xs rus dilind\u0259 t\u0259rc\u00fcm\u0259\u00e7i, habel\u0259 m\u00fcdafi\u0259si \u00fc\u00e7\u00fcn d\u00f6vl\u0259t hesab\u0131na v\u0259kill\u0259 t\u0259min olunsa da, o,  m\u0259hk\u0259m\u0259 boyunca \u00f6z\u00fcn\u00fc m\u00fcdafi\u0259 etm\u0259kd\u0259n imtina edib. Ail\u0259sin\u0259 g\u00f6nd\u0259rdiyi audio mesajda bildirib ki, proses \u0259dal\u0259tli m\u0259hk\u0259m\u0259nin \u0259sas standartlar\u0131na cavab vermir v\u0259 buna g\u00f6r\u0259 d\u0259 bu prosesi real m\u0259hk\u0259m\u0259 hesab etmir.<\/p>\n\n\n\n<p>Vardanyan \u00e7\u0131x\u0131\u015f\u0131nda \u201cl\u0259yaq\u0259t, m\u0259suliyy\u0259t v\u0259 s\u00fclh\u201d m\u00f6vzular\u0131ndan dan\u0131\u015f\u0131b, h\u0259m\u00e7inin Az\u0259rbaycan \u015feirl\u0259rind\u0259n par\u00e7alar oxuyub. Dediyin\u0259 g\u00f6r\u0259, oxudu\u011fu \u015feirl\u0259rd\u0259n biri XVI \u0259sr \u015fairi F\u00fczulinin rus dilin\u0259 t\u0259rc\u00fcm\u0259si olub v\u0259 bunu \u201cdaha \u00e7ox Erm\u0259nistanla ba\u011fl\u0131\u201d kimi izah edib.<\/p>\n\n\n\n<p>Vardanyan Erm\u0259nistan\u0131n Az\u0259rbaycandan yanacaq idxal\u0131na i\u015far\u0259 ed\u0259r\u0259k deyib: <em>\u201cBir par\u00e7a \u00e7\u00f6r\u0259k \u00fc\u00e7\u00fcn, h\u0259tta bir qatar benzin \u00fc\u00e7\u00fcn bel\u0259, xidm\u0259t\u00e7i olmay\u0131n\u201d.<\/em><\/p>\n\n\n\n<p>Onun s\u00f6zl\u0259rin\u0259 g\u00f6r\u0259, t\u0259r\u0259fl\u0259rd\u0259n biri dig\u0259rinin qar\u015f\u0131s\u0131nda al\u00e7ald\u0131larsa, s\u00fclhd\u0259n s\u00f6hb\u0259t ged\u0259 bilm\u0259z v\u0259 Az\u0259rbaycanla Erm\u0259nistan yaln\u0131z b\u0259rab\u0259rh\u00fcquqlu qon\u015fular kimi m\u00f6vcud ola bil\u0259r.<\/p>\n\n\n\n<p>Vardanyan \u00e7\u0131x\u0131\u015f\u0131 zaman\u0131 \u00fc\u00e7 d\u0259f\u0259 \u201cArtsax m\u00f6vcud olub, m\u00f6vcuddur v\u0259 m\u00f6vcud olacaq\u201d ifad\u0259sini s\u0259sl\u0259ndirm\u0259y\u0259 \u00e7al\u0131\u015f\u0131b.<\/p>\n\n\n\n<p>O, \u201cerm\u0259ni xalq\u0131n\u0131 burada t\u0259msil etm\u0259kd\u0259n q\u00fcrur duydu\u011funu\u201d deyib v\u0259 veril\u0259c\u0259k h\u00f6km\u00fc sakit qar\u015f\u0131layaca\u011f\u0131n\u0131 bildirib. Bununla yana\u015f\u0131, Az\u0259rbaycan hakimiyy\u0259tini \u201ch\u0259qiq\u0259t\u0259n uzunm\u00fcdd\u0259tli s\u00fclh \u00fc\u00e7\u00fcn \u0259sas yarada bil\u0259c\u0259k real m\u0259hk\u0259m\u0259 prosesi aparmaq f\u00fcrs\u0259tini qa\u00e7\u0131rmaqda\u201d ittiham edib.<\/p>\n\n\n\n<p>Vardanyana yax\u0131n g\u00fcnl\u0259rd\u0259 h\u0259bs c\u0259zas\u0131 veril\u0259c\u0259yi g\u00f6zl\u0259nilir. O, Az\u0259rbaycan Respublikas\u0131n\u0131n Cinay\u0259t M\u0259c\u0259ll\u0259sinin s\u00fclh v\u0259 insanl\u0131q \u0259leyhin\u0259 cinay\u0259tl\u0259r, m\u00fcharib\u0259 cinay\u0259tl\u0259ri, habel\u0259 terror\u00e7uluq, terror\u00e7ulu\u011fu maliyy\u0259l\u0259\u015fdirm\u0259 il\u0259 ba\u011fl\u0131 madd\u0259l\u0259ri il\u0259 v\u0259 dig\u0259r a\u011f\u0131r cinay\u0259tl\u0259rd\u0259 t\u0259qsirl\u0259ndirilir.<\/p>\n\n\n\n<p>Fevral\u0131n 5-d\u0259 Qaraba\u011fdak\u0131 ke\u00e7mi\u015f separat\u00e7\u0131 qurumun bir ne\u00e7\u0259 t\u0259msil\u00e7isin\u0259 <a href=\"https:\/\/www.meydan.tv\/az\/article\/dqrin-r%c9%99smil%c9%99rin%c9%99-hokm-oxunub\/\" target=\"_blank\" rel=\"noreferrer noopener nofollow\">h\u00f6km oxunub.<\/a> \u201cDa\u011fl\u0131q Qaraba\u011f Respublikas\u0131n\u0131n ke\u00e7mi\u015f prezidenti\u201d Arayik Harutyunyan, ke\u00e7mi\u015f \u201cm\u00fcdafi\u0259 naziri\u201d Levon Mnatsakanyan, ke\u00e7mi\u015f \u201cparlament s\u0259dri\u201d David \u0130\u015fxanyan, \u201cm\u00fcdafi\u0259 nazirinin ke\u00e7mi\u015f m\u00fcavini\u201d David Manukyan v\u0259 ke\u00e7mi\u015f \u201cxarici i\u015fl\u0259r naziri\u201d David Babayan \u00f6m\u00fcrl\u00fck h\u0259bs c\u0259zas\u0131na m\u0259hkum edilibl\u0259r. Arkadi Qukasyan v\u0259 Bako Sahakyan ya\u015flar\u0131na g\u00f6r\u0259 \u00f6m\u00fcrl\u00fck deyil, 20 il h\u0259bs c\u0259zas\u0131 al\u0131blar. Madat Babayan, Melikset Pa\u015fayan 19 il, Qarik Martirosyan 18 il, Davit Allahverdiyan, Levon Balayan 16 il, Vasili Beqlaryan, Qurgen Stepanyan, Erik Qazaryan 15 il&nbsp;azadl\u0131qdan m\u0259hrum edilib.<\/p>\n\n\n\n<p>Fevral\u0131n 9-dan regionda s\u0259f\u0259rd\u0259 olan AB\u015e-nin vitse-prezidenti Ceyms Devid Vens Yerevanda v\u0259 Bak\u0131da m\u0259hbuslar\u0131n azad olunmas\u0131n\u0131 <a href=\"https:\/\/www.meydan.tv\/az\/article\/vens-yerevan-v%c9%99-bakida-m%c9%99hbuslarin-azadligini-muzakir%c9%99-edib\/\" target=\"_blank\" rel=\"noreferrer noopener nofollow\">m\u00fczakir\u0259 edib<\/a>.<strong> <\/strong>Erm\u0259nistan\u0131n Ba\u015f naziri Nikol Pa\u015finyan bunu yerli mediaya t\u0259sdiql\u0259yib v\u0259 bildirib ki, Vensin Yerevana s\u0259f\u0259ri zaman\u0131 Bak\u0131da h\u0259bsxanalarda saxlanan erm\u0259ni m\u0259hbuslar\u0131n azad olunmas\u0131 m\u0259s\u0259l\u0259si m\u00fczakir\u0259 edilib.<\/p>\n\n\n\n<p>Yanvar\u0131n 14-d\u0259 Bak\u0131da saxlan\u0131lan d\u00f6rd erm\u0259ni m\u0259hbus Erm\u0259nistana qaytar\u0131l\u0131b. Erm\u0259nistan t\u0259r\u0259fi haz\u0131rda Az\u0259rbaycanda daha 19 erm\u0259ni m\u0259hbusun saxland\u0131\u011f\u0131n\u0131 bildirir.<\/p>\n","protected":false},"excerpt":{"rendered":"<p>\u201cArtsax var idi, var v\u0259 olacaq\u201d, &#8211; bu s\u00f6zl\u0259ri Bak\u0131 &#8230; <\/p>\n<p class=\"read-more-container\"><a title=\"\u201cArtsax var idi, var v\u0259 olacaq\u201d &#8211; Ruben Vardanyan\u0131n m\u0259hk\u0259m\u0259d\u0259ki son \u00e7\u0131x\u0131\u015f\u0131\" class=\"read-more button\" href=\"https:\/\/www.meydan.tv\/az\/article\/artsax-var-idi-var-v%c9%99-olacaq-ruben-vardanyanin-m%c9%99hk%c9%99m%c9%99d%c9%99ki-son-cixisi\/#more-341449\" aria-label=\"Read more about \u201cArtsax var idi, var v\u0259 olacaq\u201d &#8211; Ruben Vardanyan\u0131n m\u0259hk\u0259m\u0259d\u0259ki son \u00e7\u0131x\u0131\u015f\u0131\">Davam\u0131<\/a><\/p>\n","protected":false},"author":21,"featured_media":287369,"comment_status":"closed","ping_status":"closed","sticky":false,"template":"","format":"standard","meta":{"_acf_changed":false,"_sitemap_exclude":false,"_sitemap_priority":"","_sitemap_frequency":"","footnotes":""},"categories":[59,79,56],"tags":[],"class_list":["post-341449","post","type-post","status-publish","format-standard","has-post-thumbnail","hentry","category-siyaset","category-featured","category-xeberler","infinite-scroll-item","generate-columns","tablet-grid-50","mobile-grid-100","grid-parent","grid-33","no-featured-image-padding"],"acf":[],"yoast_head":"<!-- This site is optimized with the Yoast SEO plugin v27.4 - https:\/\/yoast.com\/product\/yoast-seo-wordpress\/ -->\n<title>\u201cArtsax var idi, var v\u0259 olacaq\u201d - Ruben Vardanyan\u0131n m\u0259hk\u0259m\u0259d\u0259ki son \u00e7\u0131x\u0131\u015f\u0131 - MEYDAN.TV<\/title>\n<meta name=\"robots\" content=\"index, follow, max-snippet:-1, max-image-preview:large, max-video-preview:-1\" \/>\n<link rel=\"canonical\" href=\"https:\/\/www.meydan.tv\/az\/article\/artsax-var-idi-var-v%c9%99-olacaq-ruben-vardanyanin-m%c9%99hk%c9%99m%c9%99d%c9%99ki-son-cixisi\/\" \/>\n<meta property=\"og:locale\" content=\"az_AZ\" \/>\n<meta property=\"og:type\" content=\"article\" \/>\n<meta property=\"og:title\" content=\"\u201cArtsax var idi, var v\u0259 olacaq\u201d - Ruben Vardanyan\u0131n m\u0259hk\u0259m\u0259d\u0259ki son \u00e7\u0131x\u0131\u015f\u0131 - MEYDAN.TV\" \/>\n<meta property=\"og:description\" content=\"\u201cArtsax var idi, var v\u0259 olacaq\u201d, &#8211; bu s\u00f6zl\u0259ri Bak\u0131 ... Davam\u0131\" \/>\n<meta property=\"og:url\" content=\"https:\/\/www.meydan.tv\/az\/article\/artsax-var-idi-var-v%c9%99-olacaq-ruben-vardanyanin-m%c9%99hk%c9%99m%c9%99d%c9%99ki-son-cixisi\/\" \/>\n<meta property=\"og:site_name\" content=\"MEYDAN.TV\" \/>\n<meta property=\"article:published_time\" content=\"2026-02-11T14:30:28+00:00\" \/>\n<meta property=\"article:modified_time\" content=\"2026-02-11T21:40:44+00:00\" \/>\n<meta property=\"og:image\" content=\"https:\/\/www.meydan.tv\/wp-content\/uploads\/img_0493.jpg\" \/>\n\t<meta property=\"og:image:width\" content=\"1200\" \/>\n\t<meta property=\"og:image:height\" content=\"800\" \/>\n\t<meta property=\"og:image:type\" content=\"image\/jpeg\" \/>\n<meta name=\"author\" content=\"mahmud\" \/>\n<meta name=\"twitter:card\" content=\"summary_large_image\" \/>\n<script type=\"application\/ld+json\" class=\"yoast-schema-graph\">{\"@context\":\"https:\\\/\\\/schema.org\",\"@graph\":[{\"@type\":\"Article\",\"@id\":\"https:\\\/\\\/www.meydan.tv\\\/az\\\/article\\\/artsax-var-idi-var-v%c9%99-olacaq-ruben-vardanyanin-m%c9%99hk%c9%99m%c9%99d%c9%99ki-son-cixisi\\\/#article\",\"isPartOf\":{\"@id\":\"https:\\\/\\\/www.meydan.tv\\\/az\\\/article\\\/artsax-var-idi-var-v%c9%99-olacaq-ruben-vardanyanin-m%c9%99hk%c9%99m%c9%99d%c9%99ki-son-cixisi\\\/\"},\"author\":{\"name\":\"mahmud\",\"@id\":\"https:\\\/\\\/www.meydan.tv\\\/az\\\/#\\\/schema\\\/person\\\/09863e516102a829e72bedcf3f84c6b0\"},\"headline\":\"\u201cArtsax var idi, var v\u0259 olacaq\u201d &#8211; Ruben Vardanyan\u0131n m\u0259hk\u0259m\u0259d\u0259ki son \u00e7\u0131x\u0131\u015f\u0131\",\"datePublished\":\"2026-02-11T14:30:28+00:00\",\"dateModified\":\"2026-02-11T21:40:44+00:00\",\"mainEntityOfPage\":{\"@id\":\"https:\\\/\\\/www.meydan.tv\\\/az\\\/article\\\/artsax-var-idi-var-v%c9%99-olacaq-ruben-vardanyanin-m%c9%99hk%c9%99m%c9%99d%c9%99ki-son-cixisi\\\/\"},\"wordCount\":725,\"publisher\":{\"@id\":\"https:\\\/\\\/www.meydan.tv\\\/az\\\/#organization\"},\"image\":{\"@id\":\"https:\\\/\\\/www.meydan.tv\\\/az\\\/article\\\/artsax-var-idi-var-v%c9%99-olacaq-ruben-vardanyanin-m%c9%99hk%c9%99m%c9%99d%c9%99ki-son-cixisi\\\/#primaryimage\"},\"thumbnailUrl\":\"https:\\\/\\\/www.meydan.tv\\\/wp-content\\\/uploads\\\/img_0493.jpg\",\"articleSection\":[\"Siyas\u0259t\",\"T\u00f6vsiy\u0259\",\"X\u0259b\u0259rl\u0259r\"],\"inLanguage\":\"az\"},{\"@type\":\"WebPage\",\"@id\":\"https:\\\/\\\/www.meydan.tv\\\/az\\\/article\\\/artsax-var-idi-var-v%c9%99-olacaq-ruben-vardanyanin-m%c9%99hk%c9%99m%c9%99d%c9%99ki-son-cixisi\\\/\",\"url\":\"https:\\\/\\\/www.meydan.tv\\\/az\\\/article\\\/artsax-var-idi-var-v%c9%99-olacaq-ruben-vardanyanin-m%c9%99hk%c9%99m%c9%99d%c9%99ki-son-cixisi\\\/\",\"name\":\"\u201cArtsax var idi, var v\u0259 olacaq\u201d - Ruben Vardanyan\u0131n m\u0259hk\u0259m\u0259d\u0259ki son \u00e7\u0131x\u0131\u015f\u0131 - MEYDAN.TV\",\"isPartOf\":{\"@id\":\"https:\\\/\\\/www.meydan.tv\\\/az\\\/#website\"},\"primaryImageOfPage\":{\"@id\":\"https:\\\/\\\/www.meydan.tv\\\/az\\\/article\\\/artsax-var-idi-var-v%c9%99-olacaq-ruben-vardanyanin-m%c9%99hk%c9%99m%c9%99d%c9%99ki-son-cixisi\\\/#primaryimage\"},\"image\":{\"@id\":\"https:\\\/\\\/www.meydan.tv\\\/az\\\/article\\\/artsax-var-idi-var-v%c9%99-olacaq-ruben-vardanyanin-m%c9%99hk%c9%99m%c9%99d%c9%99ki-son-cixisi\\\/#primaryimage\"},\"thumbnailUrl\":\"https:\\\/\\\/www.meydan.tv\\\/wp-content\\\/uploads\\\/img_0493.jpg\",\"datePublished\":\"2026-02-11T14:30:28+00:00\",\"dateModified\":\"2026-02-11T21:40:44+00:00\",\"breadcrumb\":{\"@id\":\"https:\\\/\\\/www.meydan.tv\\\/az\\\/article\\\/artsax-var-idi-var-v%c9%99-olacaq-ruben-vardanyanin-m%c9%99hk%c9%99m%c9%99d%c9%99ki-son-cixisi\\\/#breadcrumb\"},\"inLanguage\":\"az\",\"potentialAction\":[{\"@type\":\"ReadAction\",\"target\":[\"https:\\\/\\\/www.meydan.tv\\\/az\\\/article\\\/artsax-var-idi-var-v%c9%99-olacaq-ruben-vardanyanin-m%c9%99hk%c9%99m%c9%99d%c9%99ki-son-cixisi\\\/\"]}]},{\"@type\":\"ImageObject\",\"inLanguage\":\"az\",\"@id\":\"https:\\\/\\\/www.meydan.tv\\\/az\\\/article\\\/artsax-var-idi-var-v%c9%99-olacaq-ruben-vardanyanin-m%c9%99hk%c9%99m%c9%99d%c9%99ki-son-cixisi\\\/#primaryimage\",\"url\":\"https:\\\/\\\/www.meydan.tv\\\/wp-content\\\/uploads\\\/img_0493.jpg\",\"contentUrl\":\"https:\\\/\\\/www.meydan.tv\\\/wp-content\\\/uploads\\\/img_0493.jpg\",\"width\":1200,\"height\":800,\"caption\":\"Ruben Vardanyan. Foto: Meydan TV\"},{\"@type\":\"BreadcrumbList\",\"@id\":\"https:\\\/\\\/www.meydan.tv\\\/az\\\/article\\\/artsax-var-idi-var-v%c9%99-olacaq-ruben-vardanyanin-m%c9%99hk%c9%99m%c9%99d%c9%99ki-son-cixisi\\\/#breadcrumb\",\"itemListElement\":[{\"@type\":\"ListItem\",\"position\":1,\"name\":\"Ana s\u0259hif\u0259\",\"item\":\"https:\\\/\\\/www.meydan.tv\\\/az\\\/\"},{\"@type\":\"ListItem\",\"position\":2,\"name\":\"Siyas\u0259t\",\"item\":\"https:\\\/\\\/www.meydan.tv\\\/az\\\/section\\\/siyaset\\\/\"},{\"@type\":\"ListItem\",\"position\":3,\"name\":\"\u201cArtsax var idi, var v\u0259 olacaq\u201d &#8211; Ruben Vardanyan\u0131n m\u0259hk\u0259m\u0259d\u0259ki son \u00e7\u0131x\u0131\u015f\u0131\"}]},{\"@type\":\"WebSite\",\"@id\":\"https:\\\/\\\/www.meydan.tv\\\/az\\\/#website\",\"url\":\"https:\\\/\\\/www.meydan.tv\\\/az\\\/\",\"name\":\"MEYDAN.TV\",\"description\":\"Meydan TV Az\u0259rbaycan\u0131n media m\u0259kan\u0131ndak\u0131 alternativ s\u0259sidir\",\"publisher\":{\"@id\":\"https:\\\/\\\/www.meydan.tv\\\/az\\\/#organization\"},\"potentialAction\":[{\"@type\":\"SearchAction\",\"target\":{\"@type\":\"EntryPoint\",\"urlTemplate\":\"https:\\\/\\\/www.meydan.tv\\\/az\\\/?s={search_term_string}\"},\"query-input\":{\"@type\":\"PropertyValueSpecification\",\"valueRequired\":true,\"valueName\":\"search_term_string\"}}],\"inLanguage\":\"az\"},{\"@type\":\"Organization\",\"@id\":\"https:\\\/\\\/www.meydan.tv\\\/az\\\/#organization\",\"name\":\"Meydan TV\",\"url\":\"https:\\\/\\\/www.meydan.tv\\\/az\\\/\",\"logo\":{\"@type\":\"ImageObject\",\"inLanguage\":\"az\",\"@id\":\"https:\\\/\\\/www.meydan.tv\\\/az\\\/#\\\/schema\\\/logo\\\/image\\\/\",\"url\":\"https:\\\/\\\/www.meydan.tv\\\/wp-content\\\/uploads\\\/2021\\\/07\\\/meydan-logo.svg\",\"contentUrl\":\"https:\\\/\\\/www.meydan.tv\\\/wp-content\\\/uploads\\\/2021\\\/07\\\/meydan-logo.svg\",\"width\":195,\"height\":46,\"caption\":\"Meydan TV\"},\"image\":{\"@id\":\"https:\\\/\\\/www.meydan.tv\\\/az\\\/#\\\/schema\\\/logo\\\/image\\\/\"}},{\"@type\":\"Person\",\"@id\":\"https:\\\/\\\/www.meydan.tv\\\/az\\\/#\\\/schema\\\/person\\\/09863e516102a829e72bedcf3f84c6b0\",\"name\":\"mahmud\"}]}<\/script>\n<!-- \/ Yoast SEO plugin. -->","yoast_head_json":{"title":"\u201cArtsax var idi, var v\u0259 olacaq\u201d - Ruben Vardanyan\u0131n m\u0259hk\u0259m\u0259d\u0259ki son \u00e7\u0131x\u0131\u015f\u0131 - MEYDAN.TV","robots":{"index":"index","follow":"follow","max-snippet":"max-snippet:-1","max-image-preview":"max-image-preview:large","max-video-preview":"max-video-preview:-1"},"canonical":"https:\/\/www.meydan.tv\/az\/article\/artsax-var-idi-var-v%c9%99-olacaq-ruben-vardanyanin-m%c9%99hk%c9%99m%c9%99d%c9%99ki-son-cixisi\/","og_locale":"az_AZ","og_type":"article","og_title":"\u201cArtsax var idi, var v\u0259 olacaq\u201d - Ruben Vardanyan\u0131n m\u0259hk\u0259m\u0259d\u0259ki son \u00e7\u0131x\u0131\u015f\u0131 - MEYDAN.TV","og_description":"\u201cArtsax var idi, var v\u0259 olacaq\u201d, &#8211; bu s\u00f6zl\u0259ri Bak\u0131 ... Davam\u0131","og_url":"https:\/\/www.meydan.tv\/az\/article\/artsax-var-idi-var-v%c9%99-olacaq-ruben-vardanyanin-m%c9%99hk%c9%99m%c9%99d%c9%99ki-son-cixisi\/","og_site_name":"MEYDAN.TV","article_published_time":"2026-02-11T14:30:28+00:00","article_modified_time":"2026-02-11T21:40:44+00:00","og_image":[{"width":1200,"height":800,"url":"https:\/\/www.meydan.tv\/wp-content\/uploads\/img_0493.jpg","type":"image\/jpeg"}],"author":"mahmud","twitter_card":"summary_large_image","schema":{"@context":"https:\/\/schema.org","@graph":[{"@type":"Article","@id":"https:\/\/www.meydan.tv\/az\/article\/artsax-var-idi-var-v%c9%99-olacaq-ruben-vardanyanin-m%c9%99hk%c9%99m%c9%99d%c9%99ki-son-cixisi\/#article","isPartOf":{"@id":"https:\/\/www.meydan.tv\/az\/article\/artsax-var-idi-var-v%c9%99-olacaq-ruben-vardanyanin-m%c9%99hk%c9%99m%c9%99d%c9%99ki-son-cixisi\/"},"author":{"name":"mahmud","@id":"https:\/\/www.meydan.tv\/az\/#\/schema\/person\/09863e516102a829e72bedcf3f84c6b0"},"headline":"\u201cArtsax var idi, var v\u0259 olacaq\u201d &#8211; Ruben Vardanyan\u0131n m\u0259hk\u0259m\u0259d\u0259ki son \u00e7\u0131x\u0131\u015f\u0131","datePublished":"2026-02-11T14:30:28+00:00","dateModified":"2026-02-11T21:40:44+00:00","mainEntityOfPage":{"@id":"https:\/\/www.meydan.tv\/az\/article\/artsax-var-idi-var-v%c9%99-olacaq-ruben-vardanyanin-m%c9%99hk%c9%99m%c9%99d%c9%99ki-son-cixisi\/"},"wordCount":725,"publisher":{"@id":"https:\/\/www.meydan.tv\/az\/#organization"},"image":{"@id":"https:\/\/www.meydan.tv\/az\/article\/artsax-var-idi-var-v%c9%99-olacaq-ruben-vardanyanin-m%c9%99hk%c9%99m%c9%99d%c9%99ki-son-cixisi\/#primaryimage"},"thumbnailUrl":"https:\/\/www.meydan.tv\/wp-content\/uploads\/img_0493.jpg","articleSection":["Siyas\u0259t","T\u00f6vsiy\u0259","X\u0259b\u0259rl\u0259r"],"inLanguage":"az"},{"@type":"WebPage","@id":"https:\/\/www.meydan.tv\/az\/article\/artsax-var-idi-var-v%c9%99-olacaq-ruben-vardanyanin-m%c9%99hk%c9%99m%c9%99d%c9%99ki-son-cixisi\/","url":"https:\/\/www.meydan.tv\/az\/article\/artsax-var-idi-var-v%c9%99-olacaq-ruben-vardanyanin-m%c9%99hk%c9%99m%c9%99d%c9%99ki-son-cixisi\/","name":"\u201cArtsax var idi, var v\u0259 olacaq\u201d - Ruben Vardanyan\u0131n m\u0259hk\u0259m\u0259d\u0259ki son \u00e7\u0131x\u0131\u015f\u0131 - MEYDAN.TV","isPartOf":{"@id":"https:\/\/www.meydan.tv\/az\/#website"},"primaryImageOfPage":{"@id":"https:\/\/www.meydan.tv\/az\/article\/artsax-var-idi-var-v%c9%99-olacaq-ruben-vardanyanin-m%c9%99hk%c9%99m%c9%99d%c9%99ki-son-cixisi\/#primaryimage"},"image":{"@id":"https:\/\/www.meydan.tv\/az\/article\/artsax-var-idi-var-v%c9%99-olacaq-ruben-vardanyanin-m%c9%99hk%c9%99m%c9%99d%c9%99ki-son-cixisi\/#primaryimage"},"thumbnailUrl":"https:\/\/www.meydan.tv\/wp-content\/uploads\/img_0493.jpg","datePublished":"2026-02-11T14:30:28+00:00","dateModified":"2026-02-11T21:40:44+00:00","breadcrumb":{"@id":"https:\/\/www.meydan.tv\/az\/article\/artsax-var-idi-var-v%c9%99-olacaq-ruben-vardanyanin-m%c9%99hk%c9%99m%c9%99d%c9%99ki-son-cixisi\/#breadcrumb"},"inLanguage":"az","potentialAction":[{"@type":"ReadAction","target":["https:\/\/www.meydan.tv\/az\/article\/artsax-var-idi-var-v%c9%99-olacaq-ruben-vardanyanin-m%c9%99hk%c9%99m%c9%99d%c9%99ki-son-cixisi\/"]}]},{"@type":"ImageObject","inLanguage":"az","@id":"https:\/\/www.meydan.tv\/az\/article\/artsax-var-idi-var-v%c9%99-olacaq-ruben-vardanyanin-m%c9%99hk%c9%99m%c9%99d%c9%99ki-son-cixisi\/#primaryimage","url":"https:\/\/www.meydan.tv\/wp-content\/uploads\/img_0493.jpg","contentUrl":"https:\/\/www.meydan.tv\/wp-content\/uploads\/img_0493.jpg","width":1200,"height":800,"caption":"Ruben Vardanyan. Foto: Meydan TV"},{"@type":"BreadcrumbList","@id":"https:\/\/www.meydan.tv\/az\/article\/artsax-var-idi-var-v%c9%99-olacaq-ruben-vardanyanin-m%c9%99hk%c9%99m%c9%99d%c9%99ki-son-cixisi\/#breadcrumb","itemListElement":[{"@type":"ListItem","position":1,"name":"Ana s\u0259hif\u0259","item":"https:\/\/www.meydan.tv\/az\/"},{"@type":"ListItem","position":2,"name":"Siyas\u0259t","item":"https:\/\/www.meydan.tv\/az\/section\/siyaset\/"},{"@type":"ListItem","position":3,"name":"\u201cArtsax var idi, var v\u0259 olacaq\u201d &#8211; Ruben Vardanyan\u0131n m\u0259hk\u0259m\u0259d\u0259ki son \u00e7\u0131x\u0131\u015f\u0131"}]},{"@type":"WebSite","@id":"https:\/\/www.meydan.tv\/az\/#website","url":"https:\/\/www.meydan.tv\/az\/","name":"MEYDAN.TV","description":"Meydan TV Az\u0259rbaycan\u0131n media m\u0259kan\u0131ndak\u0131 alternativ s\u0259sidir","publisher":{"@id":"https:\/\/www.meydan.tv\/az\/#organization"},"potentialAction":[{"@type":"SearchAction","target":{"@type":"EntryPoint","urlTemplate":"https:\/\/www.meydan.tv\/az\/?s={search_term_string}"},"query-input":{"@type":"PropertyValueSpecification","valueRequired":true,"valueName":"search_term_string"}}],"inLanguage":"az"},{"@type":"Organization","@id":"https:\/\/www.meydan.tv\/az\/#organization","name":"Meydan TV","url":"https:\/\/www.meydan.tv\/az\/","logo":{"@type":"ImageObject","inLanguage":"az","@id":"https:\/\/www.meydan.tv\/az\/#\/schema\/logo\/image\/","url":"https:\/\/www.meydan.tv\/wp-content\/uploads\/2021\/07\/meydan-logo.svg","contentUrl":"https:\/\/www.meydan.tv\/wp-content\/uploads\/2021\/07\/meydan-logo.svg","width":195,"height":46,"caption":"Meydan TV"},"image":{"@id":"https:\/\/www.meydan.tv\/az\/#\/schema\/logo\/image\/"}},{"@type":"Person","@id":"https:\/\/www.meydan.tv\/az\/#\/schema\/person\/09863e516102a829e72bedcf3f84c6b0","name":"mahmud"}]}},"_links":{"self":[{"href":"https:\/\/www.meydan.tv\/az\/wp-json\/wp\/v2\/posts\/341449","targetHints":{"allow":["GET"]}}],"collection":[{"href":"https:\/\/www.meydan.tv\/az\/wp-json\/wp\/v2\/posts"}],"about":[{"href":"https:\/\/www.meydan.tv\/az\/wp-json\/wp\/v2\/types\/post"}],"author":[{"embeddable":true,"href":"https:\/\/www.meydan.tv\/az\/wp-json\/wp\/v2\/users\/21"}],"replies":[{"embeddable":true,"href":"https:\/\/www.meydan.tv\/az\/wp-json\/wp\/v2\/comments?post=341449"}],"version-history":[{"count":4,"href":"https:\/\/www.meydan.tv\/az\/wp-json\/wp\/v2\/posts\/341449\/revisions"}],"predecessor-version":[{"id":341470,"href":"https:\/\/www.meydan.tv\/az\/wp-json\/wp\/v2\/posts\/341449\/revisions\/341470"}],"wp:featuredmedia":[{"embeddable":true,"href":"https:\/\/www.meydan.tv\/az\/wp-json\/wp\/v2\/media\/287369"}],"wp:attachment":[{"href":"https:\/\/www.meydan.tv\/az\/wp-json\/wp\/v2\/media?parent=341449"}],"wp:term":[{"taxonomy":"category","embeddable":true,"href":"https:\/\/www.meydan.tv\/az\/wp-json\/wp\/v2\/categories?post=341449"},{"taxonomy":"post_tag","embeddable":true,"href":"https:\/\/www.meydan.tv\/az\/wp-json\/wp\/v2\/tags?post=341449"}],"curies":[{"name":"wp","href":"https:\/\/api.w.org\/{rel}","templated":true}]}}