{"id":341421,"date":"2026-02-11T15:07:22","date_gmt":"2026-02-11T11:07:22","guid":{"rendered":"https:\/\/www.meydan.tv\/?p=341421"},"modified":"2026-02-11T17:08:38","modified_gmt":"2026-02-11T13:08:38","slug":"vens-yerevan-v%c9%99-bakida-m%c9%99hbuslarin-azadligini-muzakir%c9%99-edib","status":"publish","type":"post","link":"https:\/\/www.meydan.tv\/az\/article\/vens-yerevan-v%c9%99-bakida-m%c9%99hbuslarin-azadligini-muzakir%c9%99-edib\/","title":{"rendered":"Vens Yerevan v\u0259 Bak\u0131da m\u0259hbuslar\u0131n azadl\u0131\u011f\u0131n\u0131 m\u00fczakir\u0259 edib"},"content":{"rendered":"\n<p>AB\u015e-nin vitse-prezidenti Ceyms Devid Vens Yerevanda v\u0259 Bak\u0131da m\u0259hbuslar\u0131n azad olunmas\u0131n\u0131 m\u00fczakir\u0259 edib.<\/p>\n\n\n\n<p>Vensin s\u00f6z\u00e7\u00fcs\u00fc <a href=\"https:\/\/www.azadliq.org\/a\/eliyev-vens-mehbus\/33674966.html\" target=\"_blank\" rel=\"noreferrer noopener nofollow\">bildirib ki,<\/a> fevral\u0131n 10-da Az\u0259rbaycan Prezidenti \u0130lham \u018fliyevl\u0259 g\u00f6r\u00fc\u015fd\u0259 \u0259sas\u0259n ticar\u0259t v\u0259 rifah, texnologiya v\u0259 diplomatik \u0259laq\u0259l\u0259rin geni\u015fl\u0259ndirilm\u0259si, TRIPP layih\u0259si \u00fczr\u0259 m\u00fcqavil\u0259l\u0259r v\u0259 icaz\u0259l\u0259r, el\u0259c\u0259 d\u0259 m\u0259hbuslar\u0131n azad olunmas\u0131 kimi etimadyaratma t\u0259dbirl\u0259ri bar\u0259d\u0259 dan\u0131\u015f\u0131l\u0131b.<\/p>\n\n\n\n<p>A\u00e7\u0131qlamada hans\u0131 m\u0259hbuslar\u0131n n\u0259z\u0259rd\u0259 tutuldu\u011fu d\u0259qiql\u0259\u015fdirilm\u0259s\u0259 d\u0259, bu kontekst Bak\u0131da saxlan\u0131lan erm\u0259ni m\u0259hbuslara aid ola bil\u0259r. Erm\u0259nistan\u0131n Ba\u015f naziri Nikol Pa\u015finyan bildirib ki, Vensin Yerevana s\u0259f\u0259ri zaman\u0131 Bak\u0131da h\u0259bsxanalarda saxlanan erm\u0259ni m\u0259hbuslar\u0131n azad olunmas\u0131 m\u0259s\u0259l\u0259si m\u00fczakir\u0259 edilib. Pa\u015finyan jurnalistl\u0259r\u0259 <a href=\"https:\/\/tass.ru\/mezhdunarodnaya-panorama\/26407307\" target=\"_blank\" rel=\"noreferrer noopener nofollow\">a\u00e7\u0131qlay\u0131b <\/a>ki, dan\u0131\u015f\u0131qlar \u201cmaksimum s\u0259ssiz\u201d apar\u0131l\u0131b:<\/p>\n\n\n\n<p><em>\u201cXahi\u015f edir\u0259m, m\u0259nd\u0259n \u00e7ox detal g\u00f6zl\u0259m\u0259yin. Amma deyir\u0259m ki, bu m\u0259s\u0259l\u0259ni m\u00fczakir\u0259 etmi\u015fik. El\u0259 bir dan\u0131\u015f\u0131q yoxdur ki, orada bu m\u00f6vzuya toxunmayaq\u201d.<\/em><\/p>\n\n\n\n<p>Vens Yerevandan Bak\u0131ya yola d\u00fc\u015fm\u0259zd\u0259n \u0259vv\u0259l d\u0259 jurnalistl\u0259r\u0259 deyib ki, Az\u0259rbaycandak\u0131 erm\u0259ni m\u0259hbuslar\u0131n m\u0259s\u0259l\u0259si g\u00fcnd\u0259m\u0259 g\u0259l\u0259c\u0259k. Lakin vitse-prezidentin \u0130lham \u018fliyevl\u0259 Bak\u0131da g\u00f6r\u00fc\u015f\u00fcnd\u0259 bu m\u00f6vzu a\u00e7\u0131q m\u00fczakir\u0259 olunub-olunmad\u0131\u011f\u0131 b\u0259lli deyil. \u018fliyevl\u0259 birg\u0259 g\u00f6r\u00fc\u015fd\u0259n sonra ke\u00e7iril\u0259n m\u0259tbuat konfrans\u0131nda Vens jurnalistl\u0259rin suallar\u0131n\u0131 cavabland\u0131rmay\u0131b.<\/p>\n\n\n\n<p>Yanvar\u0131n 14-d\u0259 Bak\u0131da saxlan\u0131lan d\u00f6rd erm\u0259ni m\u0259hbus Erm\u0259nistana qaytar\u0131l\u0131b. Erm\u0259nistan t\u0259r\u0259fi haz\u0131rda Az\u0259rbaycanda daha 19 erm\u0259ni m\u0259hbusun saxland\u0131\u011f\u0131n\u0131 bildirir. Onlar\u0131n aras\u0131nda Qaraba\u011fdak\u0131 ke\u00e7mi\u015f separat\u00e7\u0131 qurumun t\u0259msil\u00e7il\u0259ri d\u0259 var. Terror\u00e7uluq, soyq\u0131r\u0131m\u0131, i\u015fg\u0259nc\u0259 v\u0259 dig\u0259r madd\u0259l\u0259rl\u0259 t\u0259qsirli bilin\u0259n \u015f\u0259xsl\u0259rd\u0259n be\u015fin\u0259 \u00f6m\u00fcrl\u00fck, 10 n\u0259f\u0259r\u0259 is\u0259 15 ild\u0259n 20 il\u0259d\u0259k h\u0259bs c\u0259zas\u0131 verilib. M\u0259hbuslar ittihamlar\u0131 q\u0259bul etm\u0259y\u0259r\u0259k b\u0259ra\u0259t ist\u0259mi\u015fdil\u0259r.<\/p>\n","protected":false},"excerpt":{"rendered":"<p>AB\u015e-nin vitse-prezidenti Ceyms Devid Vens Yerevanda v\u0259 Bak\u0131da m\u0259hbuslar\u0131n azad &#8230; <\/p>\n<p class=\"read-more-container\"><a title=\"Vens Yerevan v\u0259 Bak\u0131da m\u0259hbuslar\u0131n azadl\u0131\u011f\u0131n\u0131 m\u00fczakir\u0259 edib\" class=\"read-more button\" href=\"https:\/\/www.meydan.tv\/az\/article\/vens-yerevan-v%c9%99-bakida-m%c9%99hbuslarin-azadligini-muzakir%c9%99-edib\/#more-341421\" aria-label=\"Read more about Vens Yerevan v\u0259 Bak\u0131da m\u0259hbuslar\u0131n azadl\u0131\u011f\u0131n\u0131 m\u00fczakir\u0259 edib\">Davam\u0131<\/a><\/p>\n","protected":false},"author":21,"featured_media":341439,"comment_status":"closed","ping_status":"closed","sticky":false,"template":"","format":"standard","meta":{"_acf_changed":false,"_sitemap_exclude":false,"_sitemap_priority":"","_sitemap_frequency":"","footnotes":""},"categories":[59,79,56],"tags":[],"class_list":["post-341421","post","type-post","status-publish","format-standard","has-post-thumbnail","hentry","category-siyaset","category-featured","category-xeberler","infinite-scroll-item","generate-columns","tablet-grid-50","mobile-grid-100","grid-parent","grid-33","no-featured-image-padding"],"acf":[],"yoast_head":"<!-- This site is optimized with the Yoast SEO plugin v27.4 - https:\/\/yoast.com\/product\/yoast-seo-wordpress\/ -->\n<title>Vens Yerevan v\u0259 Bak\u0131da m\u0259hbuslar\u0131n azadl\u0131\u011f\u0131n\u0131 m\u00fczakir\u0259 edib - MEYDAN.TV<\/title>\n<meta name=\"robots\" content=\"index, follow, max-snippet:-1, max-image-preview:large, max-video-preview:-1\" \/>\n<link rel=\"canonical\" href=\"https:\/\/www.meydan.tv\/az\/article\/vens-yerevan-v%c9%99-bakida-m%c9%99hbuslarin-azadligini-muzakir%c9%99-edib\/\" \/>\n<meta property=\"og:locale\" content=\"az_AZ\" \/>\n<meta property=\"og:type\" content=\"article\" \/>\n<meta property=\"og:title\" content=\"Vens Yerevan v\u0259 Bak\u0131da m\u0259hbuslar\u0131n azadl\u0131\u011f\u0131n\u0131 m\u00fczakir\u0259 edib - MEYDAN.TV\" \/>\n<meta property=\"og:description\" content=\"AB\u015e-nin vitse-prezidenti Ceyms Devid Vens Yerevanda v\u0259 Bak\u0131da m\u0259hbuslar\u0131n azad ... Davam\u0131\" \/>\n<meta property=\"og:url\" content=\"https:\/\/www.meydan.tv\/az\/article\/vens-yerevan-v%c9%99-bakida-m%c9%99hbuslarin-azadligini-muzakir%c9%99-edib\/\" \/>\n<meta property=\"og:site_name\" content=\"MEYDAN.TV\" \/>\n<meta property=\"article:published_time\" content=\"2026-02-11T11:07:22+00:00\" \/>\n<meta property=\"article:modified_time\" content=\"2026-02-11T13:08:38+00:00\" \/>\n<meta property=\"og:image\" content=\"https:\/\/www.meydan.tv\/wp-content\/uploads\/vens.jpg\" \/>\n\t<meta property=\"og:image:width\" content=\"1904\" \/>\n\t<meta property=\"og:image:height\" content=\"873\" \/>\n\t<meta property=\"og:image:type\" content=\"image\/jpeg\" \/>\n<meta name=\"author\" content=\"mahmud\" \/>\n<meta name=\"twitter:card\" content=\"summary_large_image\" \/>\n<script type=\"application\/ld+json\" class=\"yoast-schema-graph\">{\"@context\":\"https:\\\/\\\/schema.org\",\"@graph\":[{\"@type\":\"Article\",\"@id\":\"https:\\\/\\\/www.meydan.tv\\\/az\\\/article\\\/vens-yerevan-v%c9%99-bakida-m%c9%99hbuslarin-azadligini-muzakir%c9%99-edib\\\/#article\",\"isPartOf\":{\"@id\":\"https:\\\/\\\/www.meydan.tv\\\/az\\\/article\\\/vens-yerevan-v%c9%99-bakida-m%c9%99hbuslarin-azadligini-muzakir%c9%99-edib\\\/\"},\"author\":{\"name\":\"mahmud\",\"@id\":\"https:\\\/\\\/www.meydan.tv\\\/az\\\/#\\\/schema\\\/person\\\/09863e516102a829e72bedcf3f84c6b0\"},\"headline\":\"Vens Yerevan v\u0259 Bak\u0131da m\u0259hbuslar\u0131n azadl\u0131\u011f\u0131n\u0131 m\u00fczakir\u0259 edib\",\"datePublished\":\"2026-02-11T11:07:22+00:00\",\"dateModified\":\"2026-02-11T13:08:38+00:00\",\"mainEntityOfPage\":{\"@id\":\"https:\\\/\\\/www.meydan.tv\\\/az\\\/article\\\/vens-yerevan-v%c9%99-bakida-m%c9%99hbuslarin-azadligini-muzakir%c9%99-edib\\\/\"},\"wordCount\":395,\"publisher\":{\"@id\":\"https:\\\/\\\/www.meydan.tv\\\/az\\\/#organization\"},\"image\":{\"@id\":\"https:\\\/\\\/www.meydan.tv\\\/az\\\/article\\\/vens-yerevan-v%c9%99-bakida-m%c9%99hbuslarin-azadligini-muzakir%c9%99-edib\\\/#primaryimage\"},\"thumbnailUrl\":\"https:\\\/\\\/www.meydan.tv\\\/wp-content\\\/uploads\\\/vens.jpg\",\"articleSection\":[\"Siyas\u0259t\",\"T\u00f6vsiy\u0259\",\"X\u0259b\u0259rl\u0259r\"],\"inLanguage\":\"az\"},{\"@type\":\"WebPage\",\"@id\":\"https:\\\/\\\/www.meydan.tv\\\/az\\\/article\\\/vens-yerevan-v%c9%99-bakida-m%c9%99hbuslarin-azadligini-muzakir%c9%99-edib\\\/\",\"url\":\"https:\\\/\\\/www.meydan.tv\\\/az\\\/article\\\/vens-yerevan-v%c9%99-bakida-m%c9%99hbuslarin-azadligini-muzakir%c9%99-edib\\\/\",\"name\":\"Vens Yerevan v\u0259 Bak\u0131da m\u0259hbuslar\u0131n azadl\u0131\u011f\u0131n\u0131 m\u00fczakir\u0259 edib - MEYDAN.TV\",\"isPartOf\":{\"@id\":\"https:\\\/\\\/www.meydan.tv\\\/az\\\/#website\"},\"primaryImageOfPage\":{\"@id\":\"https:\\\/\\\/www.meydan.tv\\\/az\\\/article\\\/vens-yerevan-v%c9%99-bakida-m%c9%99hbuslarin-azadligini-muzakir%c9%99-edib\\\/#primaryimage\"},\"image\":{\"@id\":\"https:\\\/\\\/www.meydan.tv\\\/az\\\/article\\\/vens-yerevan-v%c9%99-bakida-m%c9%99hbuslarin-azadligini-muzakir%c9%99-edib\\\/#primaryimage\"},\"thumbnailUrl\":\"https:\\\/\\\/www.meydan.tv\\\/wp-content\\\/uploads\\\/vens.jpg\",\"datePublished\":\"2026-02-11T11:07:22+00:00\",\"dateModified\":\"2026-02-11T13:08:38+00:00\",\"breadcrumb\":{\"@id\":\"https:\\\/\\\/www.meydan.tv\\\/az\\\/article\\\/vens-yerevan-v%c9%99-bakida-m%c9%99hbuslarin-azadligini-muzakir%c9%99-edib\\\/#breadcrumb\"},\"inLanguage\":\"az\",\"potentialAction\":[{\"@type\":\"ReadAction\",\"target\":[\"https:\\\/\\\/www.meydan.tv\\\/az\\\/article\\\/vens-yerevan-v%c9%99-bakida-m%c9%99hbuslarin-azadligini-muzakir%c9%99-edib\\\/\"]}]},{\"@type\":\"ImageObject\",\"inLanguage\":\"az\",\"@id\":\"https:\\\/\\\/www.meydan.tv\\\/az\\\/article\\\/vens-yerevan-v%c9%99-bakida-m%c9%99hbuslarin-azadligini-muzakir%c9%99-edib\\\/#primaryimage\",\"url\":\"https:\\\/\\\/www.meydan.tv\\\/wp-content\\\/uploads\\\/vens.jpg\",\"contentUrl\":\"https:\\\/\\\/www.meydan.tv\\\/wp-content\\\/uploads\\\/vens.jpg\",\"width\":1904,\"height\":873,\"caption\":\"Foto:president.az\"},{\"@type\":\"BreadcrumbList\",\"@id\":\"https:\\\/\\\/www.meydan.tv\\\/az\\\/article\\\/vens-yerevan-v%c9%99-bakida-m%c9%99hbuslarin-azadligini-muzakir%c9%99-edib\\\/#breadcrumb\",\"itemListElement\":[{\"@type\":\"ListItem\",\"position\":1,\"name\":\"Ana s\u0259hif\u0259\",\"item\":\"https:\\\/\\\/www.meydan.tv\\\/az\\\/\"},{\"@type\":\"ListItem\",\"position\":2,\"name\":\"Siyas\u0259t\",\"item\":\"https:\\\/\\\/www.meydan.tv\\\/az\\\/section\\\/siyaset\\\/\"},{\"@type\":\"ListItem\",\"position\":3,\"name\":\"Vens Yerevan v\u0259 Bak\u0131da m\u0259hbuslar\u0131n azadl\u0131\u011f\u0131n\u0131 m\u00fczakir\u0259 edib\"}]},{\"@type\":\"WebSite\",\"@id\":\"https:\\\/\\\/www.meydan.tv\\\/az\\\/#website\",\"url\":\"https:\\\/\\\/www.meydan.tv\\\/az\\\/\",\"name\":\"MEYDAN.TV\",\"description\":\"Meydan TV Az\u0259rbaycan\u0131n media m\u0259kan\u0131ndak\u0131 alternativ s\u0259sidir\",\"publisher\":{\"@id\":\"https:\\\/\\\/www.meydan.tv\\\/az\\\/#organization\"},\"potentialAction\":[{\"@type\":\"SearchAction\",\"target\":{\"@type\":\"EntryPoint\",\"urlTemplate\":\"https:\\\/\\\/www.meydan.tv\\\/az\\\/?s={search_term_string}\"},\"query-input\":{\"@type\":\"PropertyValueSpecification\",\"valueRequired\":true,\"valueName\":\"search_term_string\"}}],\"inLanguage\":\"az\"},{\"@type\":\"Organization\",\"@id\":\"https:\\\/\\\/www.meydan.tv\\\/az\\\/#organization\",\"name\":\"Meydan TV\",\"url\":\"https:\\\/\\\/www.meydan.tv\\\/az\\\/\",\"logo\":{\"@type\":\"ImageObject\",\"inLanguage\":\"az\",\"@id\":\"https:\\\/\\\/www.meydan.tv\\\/az\\\/#\\\/schema\\\/logo\\\/image\\\/\",\"url\":\"https:\\\/\\\/www.meydan.tv\\\/wp-content\\\/uploads\\\/2021\\\/07\\\/meydan-logo.svg\",\"contentUrl\":\"https:\\\/\\\/www.meydan.tv\\\/wp-content\\\/uploads\\\/2021\\\/07\\\/meydan-logo.svg\",\"width\":195,\"height\":46,\"caption\":\"Meydan TV\"},\"image\":{\"@id\":\"https:\\\/\\\/www.meydan.tv\\\/az\\\/#\\\/schema\\\/logo\\\/image\\\/\"}},{\"@type\":\"Person\",\"@id\":\"https:\\\/\\\/www.meydan.tv\\\/az\\\/#\\\/schema\\\/person\\\/09863e516102a829e72bedcf3f84c6b0\",\"name\":\"mahmud\"}]}<\/script>\n<!-- \/ Yoast SEO plugin. -->","yoast_head_json":{"title":"Vens Yerevan v\u0259 Bak\u0131da m\u0259hbuslar\u0131n azadl\u0131\u011f\u0131n\u0131 m\u00fczakir\u0259 edib - MEYDAN.TV","robots":{"index":"index","follow":"follow","max-snippet":"max-snippet:-1","max-image-preview":"max-image-preview:large","max-video-preview":"max-video-preview:-1"},"canonical":"https:\/\/www.meydan.tv\/az\/article\/vens-yerevan-v%c9%99-bakida-m%c9%99hbuslarin-azadligini-muzakir%c9%99-edib\/","og_locale":"az_AZ","og_type":"article","og_title":"Vens Yerevan v\u0259 Bak\u0131da m\u0259hbuslar\u0131n azadl\u0131\u011f\u0131n\u0131 m\u00fczakir\u0259 edib - MEYDAN.TV","og_description":"AB\u015e-nin vitse-prezidenti Ceyms Devid Vens Yerevanda v\u0259 Bak\u0131da m\u0259hbuslar\u0131n azad ... Davam\u0131","og_url":"https:\/\/www.meydan.tv\/az\/article\/vens-yerevan-v%c9%99-bakida-m%c9%99hbuslarin-azadligini-muzakir%c9%99-edib\/","og_site_name":"MEYDAN.TV","article_published_time":"2026-02-11T11:07:22+00:00","article_modified_time":"2026-02-11T13:08:38+00:00","og_image":[{"width":1904,"height":873,"url":"https:\/\/www.meydan.tv\/wp-content\/uploads\/vens.jpg","type":"image\/jpeg"}],"author":"mahmud","twitter_card":"summary_large_image","schema":{"@context":"https:\/\/schema.org","@graph":[{"@type":"Article","@id":"https:\/\/www.meydan.tv\/az\/article\/vens-yerevan-v%c9%99-bakida-m%c9%99hbuslarin-azadligini-muzakir%c9%99-edib\/#article","isPartOf":{"@id":"https:\/\/www.meydan.tv\/az\/article\/vens-yerevan-v%c9%99-bakida-m%c9%99hbuslarin-azadligini-muzakir%c9%99-edib\/"},"author":{"name":"mahmud","@id":"https:\/\/www.meydan.tv\/az\/#\/schema\/person\/09863e516102a829e72bedcf3f84c6b0"},"headline":"Vens Yerevan v\u0259 Bak\u0131da m\u0259hbuslar\u0131n azadl\u0131\u011f\u0131n\u0131 m\u00fczakir\u0259 edib","datePublished":"2026-02-11T11:07:22+00:00","dateModified":"2026-02-11T13:08:38+00:00","mainEntityOfPage":{"@id":"https:\/\/www.meydan.tv\/az\/article\/vens-yerevan-v%c9%99-bakida-m%c9%99hbuslarin-azadligini-muzakir%c9%99-edib\/"},"wordCount":395,"publisher":{"@id":"https:\/\/www.meydan.tv\/az\/#organization"},"image":{"@id":"https:\/\/www.meydan.tv\/az\/article\/vens-yerevan-v%c9%99-bakida-m%c9%99hbuslarin-azadligini-muzakir%c9%99-edib\/#primaryimage"},"thumbnailUrl":"https:\/\/www.meydan.tv\/wp-content\/uploads\/vens.jpg","articleSection":["Siyas\u0259t","T\u00f6vsiy\u0259","X\u0259b\u0259rl\u0259r"],"inLanguage":"az"},{"@type":"WebPage","@id":"https:\/\/www.meydan.tv\/az\/article\/vens-yerevan-v%c9%99-bakida-m%c9%99hbuslarin-azadligini-muzakir%c9%99-edib\/","url":"https:\/\/www.meydan.tv\/az\/article\/vens-yerevan-v%c9%99-bakida-m%c9%99hbuslarin-azadligini-muzakir%c9%99-edib\/","name":"Vens Yerevan v\u0259 Bak\u0131da m\u0259hbuslar\u0131n azadl\u0131\u011f\u0131n\u0131 m\u00fczakir\u0259 edib - MEYDAN.TV","isPartOf":{"@id":"https:\/\/www.meydan.tv\/az\/#website"},"primaryImageOfPage":{"@id":"https:\/\/www.meydan.tv\/az\/article\/vens-yerevan-v%c9%99-bakida-m%c9%99hbuslarin-azadligini-muzakir%c9%99-edib\/#primaryimage"},"image":{"@id":"https:\/\/www.meydan.tv\/az\/article\/vens-yerevan-v%c9%99-bakida-m%c9%99hbuslarin-azadligini-muzakir%c9%99-edib\/#primaryimage"},"thumbnailUrl":"https:\/\/www.meydan.tv\/wp-content\/uploads\/vens.jpg","datePublished":"2026-02-11T11:07:22+00:00","dateModified":"2026-02-11T13:08:38+00:00","breadcrumb":{"@id":"https:\/\/www.meydan.tv\/az\/article\/vens-yerevan-v%c9%99-bakida-m%c9%99hbuslarin-azadligini-muzakir%c9%99-edib\/#breadcrumb"},"inLanguage":"az","potentialAction":[{"@type":"ReadAction","target":["https:\/\/www.meydan.tv\/az\/article\/vens-yerevan-v%c9%99-bakida-m%c9%99hbuslarin-azadligini-muzakir%c9%99-edib\/"]}]},{"@type":"ImageObject","inLanguage":"az","@id":"https:\/\/www.meydan.tv\/az\/article\/vens-yerevan-v%c9%99-bakida-m%c9%99hbuslarin-azadligini-muzakir%c9%99-edib\/#primaryimage","url":"https:\/\/www.meydan.tv\/wp-content\/uploads\/vens.jpg","contentUrl":"https:\/\/www.meydan.tv\/wp-content\/uploads\/vens.jpg","width":1904,"height":873,"caption":"Foto:president.az"},{"@type":"BreadcrumbList","@id":"https:\/\/www.meydan.tv\/az\/article\/vens-yerevan-v%c9%99-bakida-m%c9%99hbuslarin-azadligini-muzakir%c9%99-edib\/#breadcrumb","itemListElement":[{"@type":"ListItem","position":1,"name":"Ana s\u0259hif\u0259","item":"https:\/\/www.meydan.tv\/az\/"},{"@type":"ListItem","position":2,"name":"Siyas\u0259t","item":"https:\/\/www.meydan.tv\/az\/section\/siyaset\/"},{"@type":"ListItem","position":3,"name":"Vens Yerevan v\u0259 Bak\u0131da m\u0259hbuslar\u0131n azadl\u0131\u011f\u0131n\u0131 m\u00fczakir\u0259 edib"}]},{"@type":"WebSite","@id":"https:\/\/www.meydan.tv\/az\/#website","url":"https:\/\/www.meydan.tv\/az\/","name":"MEYDAN.TV","description":"Meydan TV Az\u0259rbaycan\u0131n media m\u0259kan\u0131ndak\u0131 alternativ s\u0259sidir","publisher":{"@id":"https:\/\/www.meydan.tv\/az\/#organization"},"potentialAction":[{"@type":"SearchAction","target":{"@type":"EntryPoint","urlTemplate":"https:\/\/www.meydan.tv\/az\/?s={search_term_string}"},"query-input":{"@type":"PropertyValueSpecification","valueRequired":true,"valueName":"search_term_string"}}],"inLanguage":"az"},{"@type":"Organization","@id":"https:\/\/www.meydan.tv\/az\/#organization","name":"Meydan TV","url":"https:\/\/www.meydan.tv\/az\/","logo":{"@type":"ImageObject","inLanguage":"az","@id":"https:\/\/www.meydan.tv\/az\/#\/schema\/logo\/image\/","url":"https:\/\/www.meydan.tv\/wp-content\/uploads\/2021\/07\/meydan-logo.svg","contentUrl":"https:\/\/www.meydan.tv\/wp-content\/uploads\/2021\/07\/meydan-logo.svg","width":195,"height":46,"caption":"Meydan TV"},"image":{"@id":"https:\/\/www.meydan.tv\/az\/#\/schema\/logo\/image\/"}},{"@type":"Person","@id":"https:\/\/www.meydan.tv\/az\/#\/schema\/person\/09863e516102a829e72bedcf3f84c6b0","name":"mahmud"}]}},"_links":{"self":[{"href":"https:\/\/www.meydan.tv\/az\/wp-json\/wp\/v2\/posts\/341421","targetHints":{"allow":["GET"]}}],"collection":[{"href":"https:\/\/www.meydan.tv\/az\/wp-json\/wp\/v2\/posts"}],"about":[{"href":"https:\/\/www.meydan.tv\/az\/wp-json\/wp\/v2\/types\/post"}],"author":[{"embeddable":true,"href":"https:\/\/www.meydan.tv\/az\/wp-json\/wp\/v2\/users\/21"}],"replies":[{"embeddable":true,"href":"https:\/\/www.meydan.tv\/az\/wp-json\/wp\/v2\/comments?post=341421"}],"version-history":[{"count":3,"href":"https:\/\/www.meydan.tv\/az\/wp-json\/wp\/v2\/posts\/341421\/revisions"}],"predecessor-version":[{"id":341435,"href":"https:\/\/www.meydan.tv\/az\/wp-json\/wp\/v2\/posts\/341421\/revisions\/341435"}],"wp:featuredmedia":[{"embeddable":true,"href":"https:\/\/www.meydan.tv\/az\/wp-json\/wp\/v2\/media\/341439"}],"wp:attachment":[{"href":"https:\/\/www.meydan.tv\/az\/wp-json\/wp\/v2\/media?parent=341421"}],"wp:term":[{"taxonomy":"category","embeddable":true,"href":"https:\/\/www.meydan.tv\/az\/wp-json\/wp\/v2\/categories?post=341421"},{"taxonomy":"post_tag","embeddable":true,"href":"https:\/\/www.meydan.tv\/az\/wp-json\/wp\/v2\/tags?post=341421"}],"curies":[{"name":"wp","href":"https:\/\/api.w.org\/{rel}","templated":true}]}}