{"id":341215,"date":"2026-02-09T14:51:30","date_gmt":"2026-02-09T10:51:30","guid":{"rendered":"https:\/\/www.meydan.tv\/?p=341215"},"modified":"2026-02-09T15:04:15","modified_gmt":"2026-02-09T11:04:15","slug":"vensin-baki-s%c9%99f%c9%99ri-sulh-gund%c9%99mi-v%c9%99-siyasi-m%c9%99hbus-cagirislari-fonunda-qeyri-mu%c9%99yy%c9%99n-proqram","status":"publish","type":"post","link":"https:\/\/www.meydan.tv\/az\/article\/vensin-baki-s%c9%99f%c9%99ri-sulh-gund%c9%99mi-v%c9%99-siyasi-m%c9%99hbus-cagirislari-fonunda-qeyri-mu%c9%99yy%c9%99n-proqram\/","title":{"rendered":"Vensin Bak\u0131 s\u0259f\u0259ri: s\u00fclh g\u00fcnd\u0259mi, siyasi m\u0259hbus \u00e7a\u011f\u0131r\u0131\u015flar\u0131 v\u0259 deputat\u0131n etiraz\u0131"},"content":{"rendered":"\n<p>AB\u015e-nin vitse-prezidenti Ceyms Devid Vens fevral\u0131n 10\u201311-d\u0259 Az\u0259rbaycanda r\u0259smi s\u0259f\u0259rd\u0259 olacaq.<\/p>\n\n\n\n<p>Vensin s\u00f6z\u00e7\u00fcs\u00fc Azadl\u0131qRadiosu-na <a href=\"https:\/\/www.azadliq.org\/a\/konqresmen-makqovern-vense-mektub-siyasi-mehbus\/33671945.html\" target=\"_blank\" rel=\"noreferrer noopener nofollow\">bildirib <\/a>ki, s\u0259f\u0259r zaman\u0131 onu AB\u015e d\u00f6vl\u0259t katibinin iqtisadi m\u0259s\u0259l\u0259l\u0259r \u00fczr\u0259 m\u00fcavini Ceykob Helberq m\u00fc\u015fayi\u0259t ed\u0259c\u0259k.<\/p>\n\n\n\n<p>AB\u015e vitse-prezidentinin Az\u0259rbaycandak\u0131 s\u0259f\u0259r proqram\u0131 h\u0259l\u0259lik a\u00e7\u0131qlanmay\u0131b.<\/p>\n\n\n\n<p>Vens bu g\u00fcnd\u0259n Erm\u0259nistanda r\u0259smi s\u0259f\u0259rd\u0259dir. Bu bar\u0259d\u0259 Erm\u0259nistan h\u00f6kum\u0259tinin m\u0259tbuat xidm\u0259ti <a href=\"https:\/\/arminfo.info\/full_news.php?id=98300\" target=\"_blank\" rel=\"noreferrer noopener nofollow\">m\u0259lumat yay\u0131b.<\/a> Bildirilib ki, bu g\u00fcn ax\u015fam saatlar\u0131nda Erm\u0259nistan\u0131n Ba\u015f naziri Nikol Pa\u015finyan AB\u015e-nin vitse-prezidenti il\u0259 g\u00f6r\u00fc\u015f\u0259c\u0259k, g\u00f6r\u00fc\u015fd\u0259n sonra t\u0259r\u0259fl\u0259r m\u0259tbuat \u00fc\u00e7\u00fcn b\u0259yanatlarla \u00e7\u0131x\u0131\u015f ed\u0259c\u0259kl\u0259r.<\/p>\n\n\n\n<p>Daha \u0259vv\u0259l a\u00e7\u0131qlanm\u0131\u015fd\u0131 ki, Erm\u0259nistan v\u0259 Az\u0259rbaycana s\u0259f\u0259rl\u0259r AB\u015e Prezidenti Donald Tramp\u0131n s\u00fclh t\u0259\u015f\u0259bb\u00fcsl\u0259rinin, o c\u00fcml\u0259d\u0259n \u201cBeyn\u0259lxalq S\u00fclh v\u0259 Rifah namin\u0259 Tramp Mar\u015frutu\u201d (TRIPP) adl\u0131 t\u0259\u015f\u0259bb\u00fcs\u00fcn t\u0259\u015fviqin\u0259 y\u00f6n\u0259lib.<\/p>\n\n\n\n<p>Vensin Az\u0259rbaycana s\u0259f\u0259ri fonunda insan haqlar\u0131 m\u0259s\u0259l\u0259l\u0259rinin g\u00fcnd\u0259m\u0259 g\u0259tiril\u0259c\u0259yi il\u0259 ba\u011fl\u0131 g\u00f6zl\u0259ntil\u0259r s\u0259sl\u0259ndirilir. R\u0259smi Bak\u0131 s\u0259f\u0259rin g\u00fcnd\u0259liyind\u0259 bu m\u0259s\u0259l\u0259nin yer al\u0131b-almad\u0131\u011f\u0131 bar\u0259d\u0259 h\u0259l\u0259lik a\u00e7\u0131qlama verm\u0259yib.<\/p>\n\n\n\n<p>Bu arada, Az\u0259rbaycanl\u0131 Siyasi M\u00fchacirl\u0259rin Koordinasiya M\u0259rk\u0259zi (AS\u0130MKOM) v\u0259 AB\u015e Konqresinin \u00fczv\u00fc, demokrat konqresmen Cim MakQovern vitse-prezident\u0259 \u00fcnvanlad\u0131qlar\u0131 m\u0259ktubda Az\u0259rbaycanda saxlan\u0131lan siyasi m\u0259hbuslar\u0131n azad olunmas\u0131 m\u0259s\u0259l\u0259sinin qald\u0131r\u0131lmas\u0131na \u00e7a\u011f\u0131r\u0131b.<\/p>\n\n\n\n<p>Milli M\u0259clisin deputat\u0131 Hikm\u0259t Babao\u011flu m\u00fcxalif\u0259tin AB\u015e-nin vitse-prezidentind\u0259n siyasi m\u0259hbuslarla ba\u011fl\u0131 m\u0259s\u0259l\u0259 qald\u0131r\u0131lmas\u0131n\u0131 ist\u0259m\u0259sini<a href=\"https:\/\/pravda.az\/news\/203829\" target=\"_blank\" rel=\"noreferrer noopener nofollow\"> t\u0259nqid edib.<\/a> O, bu c\u00fcr \u00e7a\u011f\u0131r\u0131\u015flar\u0131n milli maraqlara zidd oldu\u011funu bildirib v\u0259 bunu Az\u0259rbaycan\u0131n beyn\u0259lxalq imicin\u0259 z\u0259rb\u0259 vurmaq c\u0259hdi kimi qiym\u0259tl\u0259ndirib. Deputat\u0131n s\u00f6zl\u0259rin\u0259 g\u00f6r\u0259, haz\u0131rk\u0131 m\u0259rh\u0259l\u0259d\u0259 \u0259sas prioritet d\u00f6vl\u0259t v\u0259 xalq\u0131n strateji maraqlar\u0131d\u0131r.<\/p>\n\n\n\n<p>Az\u0259rbaycan Siyasi M\u0259hbuslar\u0131n\u0131n Azadl\u0131\u011f\u0131 U\u011frunda \u0130ttifaq\u0131n\u0131n son a\u00e7\u0131qlad\u0131\u011f\u0131 siyah\u0131ya \u0259sas\u0259n, haz\u0131rda \u00f6lk\u0259d\u0259 340 siyasi m\u0259hbusun oldu\u011fu <a href=\"https:\/\/storage.googleapis.com\/qurium\/www.meydan.tv\/az-article-az%c9%99rbaycanda-siyasi-m%c9%99hbuslarin-yeni-siyahisi-aciqlanib.html\" target=\"_blank\" rel=\"noreferrer noopener nofollow\">bildirilir.<\/a><\/p>\n","protected":false},"excerpt":{"rendered":"<p>AB\u015e-nin vitse-prezidenti Ceyms Devid Vens fevral\u0131n 10\u201311-d\u0259 Az\u0259rbaycanda r\u0259smi s\u0259f\u0259rd\u0259 &#8230; <\/p>\n<p class=\"read-more-container\"><a title=\"Vensin Bak\u0131 s\u0259f\u0259ri: s\u00fclh g\u00fcnd\u0259mi, siyasi m\u0259hbus \u00e7a\u011f\u0131r\u0131\u015flar\u0131 v\u0259 deputat\u0131n etiraz\u0131\" class=\"read-more button\" href=\"https:\/\/www.meydan.tv\/az\/article\/vensin-baki-s%c9%99f%c9%99ri-sulh-gund%c9%99mi-v%c9%99-siyasi-m%c9%99hbus-cagirislari-fonunda-qeyri-mu%c9%99yy%c9%99n-proqram\/#more-341215\" aria-label=\"Read more about Vensin Bak\u0131 s\u0259f\u0259ri: s\u00fclh g\u00fcnd\u0259mi, siyasi m\u0259hbus \u00e7a\u011f\u0131r\u0131\u015flar\u0131 v\u0259 deputat\u0131n etiraz\u0131\">Davam\u0131<\/a><\/p>\n","protected":false},"author":21,"featured_media":341190,"comment_status":"closed","ping_status":"closed","sticky":false,"template":"","format":"standard","meta":{"_acf_changed":false,"_sitemap_exclude":false,"_sitemap_priority":"","_sitemap_frequency":"","footnotes":""},"categories":[59,79,56],"tags":[],"class_list":["post-341215","post","type-post","status-publish","format-standard","has-post-thumbnail","hentry","category-siyaset","category-featured","category-xeberler","infinite-scroll-item","generate-columns","tablet-grid-50","mobile-grid-100","grid-parent","grid-33","no-featured-image-padding"],"acf":[],"yoast_head":"<!-- This site is optimized with the Yoast SEO plugin v27.4 - https:\/\/yoast.com\/product\/yoast-seo-wordpress\/ -->\n<title>Vensin Bak\u0131 s\u0259f\u0259ri: s\u00fclh g\u00fcnd\u0259mi, siyasi m\u0259hbus \u00e7a\u011f\u0131r\u0131\u015flar\u0131 v\u0259 deputat\u0131n etiraz\u0131 - MEYDAN.TV<\/title>\n<meta name=\"robots\" content=\"index, follow, max-snippet:-1, max-image-preview:large, max-video-preview:-1\" \/>\n<link rel=\"canonical\" href=\"https:\/\/www.meydan.tv\/az\/article\/vensin-baki-s%c9%99f%c9%99ri-sulh-gund%c9%99mi-v%c9%99-siyasi-m%c9%99hbus-cagirislari-fonunda-qeyri-mu%c9%99yy%c9%99n-proqram\/\" \/>\n<meta property=\"og:locale\" content=\"az_AZ\" \/>\n<meta property=\"og:type\" content=\"article\" \/>\n<meta property=\"og:title\" content=\"Vensin Bak\u0131 s\u0259f\u0259ri: s\u00fclh g\u00fcnd\u0259mi, siyasi m\u0259hbus \u00e7a\u011f\u0131r\u0131\u015flar\u0131 v\u0259 deputat\u0131n etiraz\u0131 - MEYDAN.TV\" \/>\n<meta property=\"og:description\" content=\"AB\u015e-nin vitse-prezidenti Ceyms Devid Vens fevral\u0131n 10\u201311-d\u0259 Az\u0259rbaycanda r\u0259smi s\u0259f\u0259rd\u0259 ... Davam\u0131\" \/>\n<meta property=\"og:url\" content=\"https:\/\/www.meydan.tv\/az\/article\/vensin-baki-s%c9%99f%c9%99ri-sulh-gund%c9%99mi-v%c9%99-siyasi-m%c9%99hbus-cagirislari-fonunda-qeyri-mu%c9%99yy%c9%99n-proqram\/\" \/>\n<meta property=\"og:site_name\" content=\"MEYDAN.TV\" \/>\n<meta property=\"article:published_time\" content=\"2026-02-09T10:51:30+00:00\" \/>\n<meta property=\"article:modified_time\" content=\"2026-02-09T11:04:15+00:00\" \/>\n<meta property=\"og:image\" content=\"https:\/\/www.meydan.tv\/wp-content\/uploads\/3479-1200x586.png\" \/>\n\t<meta property=\"og:image:width\" content=\"1200\" \/>\n\t<meta property=\"og:image:height\" content=\"586\" \/>\n\t<meta property=\"og:image:type\" content=\"image\/png\" \/>\n<meta name=\"author\" content=\"mahmud\" \/>\n<meta name=\"twitter:card\" content=\"summary_large_image\" \/>\n<script type=\"application\/ld+json\" class=\"yoast-schema-graph\">{\"@context\":\"https:\\\/\\\/schema.org\",\"@graph\":[{\"@type\":\"Article\",\"@id\":\"https:\\\/\\\/www.meydan.tv\\\/az\\\/article\\\/vensin-baki-s%c9%99f%c9%99ri-sulh-gund%c9%99mi-v%c9%99-siyasi-m%c9%99hbus-cagirislari-fonunda-qeyri-mu%c9%99yy%c9%99n-proqram\\\/#article\",\"isPartOf\":{\"@id\":\"https:\\\/\\\/www.meydan.tv\\\/az\\\/article\\\/vensin-baki-s%c9%99f%c9%99ri-sulh-gund%c9%99mi-v%c9%99-siyasi-m%c9%99hbus-cagirislari-fonunda-qeyri-mu%c9%99yy%c9%99n-proqram\\\/\"},\"author\":{\"name\":\"mahmud\",\"@id\":\"https:\\\/\\\/www.meydan.tv\\\/az\\\/#\\\/schema\\\/person\\\/09863e516102a829e72bedcf3f84c6b0\"},\"headline\":\"Vensin Bak\u0131 s\u0259f\u0259ri: s\u00fclh g\u00fcnd\u0259mi, siyasi m\u0259hbus \u00e7a\u011f\u0131r\u0131\u015flar\u0131 v\u0259 deputat\u0131n etiraz\u0131\",\"datePublished\":\"2026-02-09T10:51:30+00:00\",\"dateModified\":\"2026-02-09T11:04:15+00:00\",\"mainEntityOfPage\":{\"@id\":\"https:\\\/\\\/www.meydan.tv\\\/az\\\/article\\\/vensin-baki-s%c9%99f%c9%99ri-sulh-gund%c9%99mi-v%c9%99-siyasi-m%c9%99hbus-cagirislari-fonunda-qeyri-mu%c9%99yy%c9%99n-proqram\\\/\"},\"wordCount\":436,\"publisher\":{\"@id\":\"https:\\\/\\\/www.meydan.tv\\\/az\\\/#organization\"},\"image\":{\"@id\":\"https:\\\/\\\/www.meydan.tv\\\/az\\\/article\\\/vensin-baki-s%c9%99f%c9%99ri-sulh-gund%c9%99mi-v%c9%99-siyasi-m%c9%99hbus-cagirislari-fonunda-qeyri-mu%c9%99yy%c9%99n-proqram\\\/#primaryimage\"},\"thumbnailUrl\":\"https:\\\/\\\/www.meydan.tv\\\/wp-content\\\/uploads\\\/3479.png\",\"articleSection\":[\"Siyas\u0259t\",\"T\u00f6vsiy\u0259\",\"X\u0259b\u0259rl\u0259r\"],\"inLanguage\":\"az\"},{\"@type\":\"WebPage\",\"@id\":\"https:\\\/\\\/www.meydan.tv\\\/az\\\/article\\\/vensin-baki-s%c9%99f%c9%99ri-sulh-gund%c9%99mi-v%c9%99-siyasi-m%c9%99hbus-cagirislari-fonunda-qeyri-mu%c9%99yy%c9%99n-proqram\\\/\",\"url\":\"https:\\\/\\\/www.meydan.tv\\\/az\\\/article\\\/vensin-baki-s%c9%99f%c9%99ri-sulh-gund%c9%99mi-v%c9%99-siyasi-m%c9%99hbus-cagirislari-fonunda-qeyri-mu%c9%99yy%c9%99n-proqram\\\/\",\"name\":\"Vensin Bak\u0131 s\u0259f\u0259ri: s\u00fclh g\u00fcnd\u0259mi, siyasi m\u0259hbus \u00e7a\u011f\u0131r\u0131\u015flar\u0131 v\u0259 deputat\u0131n etiraz\u0131 - MEYDAN.TV\",\"isPartOf\":{\"@id\":\"https:\\\/\\\/www.meydan.tv\\\/az\\\/#website\"},\"primaryImageOfPage\":{\"@id\":\"https:\\\/\\\/www.meydan.tv\\\/az\\\/article\\\/vensin-baki-s%c9%99f%c9%99ri-sulh-gund%c9%99mi-v%c9%99-siyasi-m%c9%99hbus-cagirislari-fonunda-qeyri-mu%c9%99yy%c9%99n-proqram\\\/#primaryimage\"},\"image\":{\"@id\":\"https:\\\/\\\/www.meydan.tv\\\/az\\\/article\\\/vensin-baki-s%c9%99f%c9%99ri-sulh-gund%c9%99mi-v%c9%99-siyasi-m%c9%99hbus-cagirislari-fonunda-qeyri-mu%c9%99yy%c9%99n-proqram\\\/#primaryimage\"},\"thumbnailUrl\":\"https:\\\/\\\/www.meydan.tv\\\/wp-content\\\/uploads\\\/3479.png\",\"datePublished\":\"2026-02-09T10:51:30+00:00\",\"dateModified\":\"2026-02-09T11:04:15+00:00\",\"breadcrumb\":{\"@id\":\"https:\\\/\\\/www.meydan.tv\\\/az\\\/article\\\/vensin-baki-s%c9%99f%c9%99ri-sulh-gund%c9%99mi-v%c9%99-siyasi-m%c9%99hbus-cagirislari-fonunda-qeyri-mu%c9%99yy%c9%99n-proqram\\\/#breadcrumb\"},\"inLanguage\":\"az\",\"potentialAction\":[{\"@type\":\"ReadAction\",\"target\":[\"https:\\\/\\\/www.meydan.tv\\\/az\\\/article\\\/vensin-baki-s%c9%99f%c9%99ri-sulh-gund%c9%99mi-v%c9%99-siyasi-m%c9%99hbus-cagirislari-fonunda-qeyri-mu%c9%99yy%c9%99n-proqram\\\/\"]}]},{\"@type\":\"ImageObject\",\"inLanguage\":\"az\",\"@id\":\"https:\\\/\\\/www.meydan.tv\\\/az\\\/article\\\/vensin-baki-s%c9%99f%c9%99ri-sulh-gund%c9%99mi-v%c9%99-siyasi-m%c9%99hbus-cagirislari-fonunda-qeyri-mu%c9%99yy%c9%99n-proqram\\\/#primaryimage\",\"url\":\"https:\\\/\\\/www.meydan.tv\\\/wp-content\\\/uploads\\\/3479.png\",\"contentUrl\":\"https:\\\/\\\/www.meydan.tv\\\/wp-content\\\/uploads\\\/3479.png\",\"width\":1920,\"height\":938,\"caption\":\"Kollaj: Meydan TV\"},{\"@type\":\"BreadcrumbList\",\"@id\":\"https:\\\/\\\/www.meydan.tv\\\/az\\\/article\\\/vensin-baki-s%c9%99f%c9%99ri-sulh-gund%c9%99mi-v%c9%99-siyasi-m%c9%99hbus-cagirislari-fonunda-qeyri-mu%c9%99yy%c9%99n-proqram\\\/#breadcrumb\",\"itemListElement\":[{\"@type\":\"ListItem\",\"position\":1,\"name\":\"Ana s\u0259hif\u0259\",\"item\":\"https:\\\/\\\/www.meydan.tv\\\/az\\\/\"},{\"@type\":\"ListItem\",\"position\":2,\"name\":\"Siyas\u0259t\",\"item\":\"https:\\\/\\\/www.meydan.tv\\\/az\\\/section\\\/siyaset\\\/\"},{\"@type\":\"ListItem\",\"position\":3,\"name\":\"Vensin Bak\u0131 s\u0259f\u0259ri: s\u00fclh g\u00fcnd\u0259mi, siyasi m\u0259hbus \u00e7a\u011f\u0131r\u0131\u015flar\u0131 v\u0259 deputat\u0131n etiraz\u0131\"}]},{\"@type\":\"WebSite\",\"@id\":\"https:\\\/\\\/www.meydan.tv\\\/az\\\/#website\",\"url\":\"https:\\\/\\\/www.meydan.tv\\\/az\\\/\",\"name\":\"MEYDAN.TV\",\"description\":\"Meydan TV Az\u0259rbaycan\u0131n media m\u0259kan\u0131ndak\u0131 alternativ s\u0259sidir\",\"publisher\":{\"@id\":\"https:\\\/\\\/www.meydan.tv\\\/az\\\/#organization\"},\"potentialAction\":[{\"@type\":\"SearchAction\",\"target\":{\"@type\":\"EntryPoint\",\"urlTemplate\":\"https:\\\/\\\/www.meydan.tv\\\/az\\\/?s={search_term_string}\"},\"query-input\":{\"@type\":\"PropertyValueSpecification\",\"valueRequired\":true,\"valueName\":\"search_term_string\"}}],\"inLanguage\":\"az\"},{\"@type\":\"Organization\",\"@id\":\"https:\\\/\\\/www.meydan.tv\\\/az\\\/#organization\",\"name\":\"Meydan TV\",\"url\":\"https:\\\/\\\/www.meydan.tv\\\/az\\\/\",\"logo\":{\"@type\":\"ImageObject\",\"inLanguage\":\"az\",\"@id\":\"https:\\\/\\\/www.meydan.tv\\\/az\\\/#\\\/schema\\\/logo\\\/image\\\/\",\"url\":\"https:\\\/\\\/www.meydan.tv\\\/wp-content\\\/uploads\\\/2021\\\/07\\\/meydan-logo.svg\",\"contentUrl\":\"https:\\\/\\\/www.meydan.tv\\\/wp-content\\\/uploads\\\/2021\\\/07\\\/meydan-logo.svg\",\"width\":195,\"height\":46,\"caption\":\"Meydan TV\"},\"image\":{\"@id\":\"https:\\\/\\\/www.meydan.tv\\\/az\\\/#\\\/schema\\\/logo\\\/image\\\/\"}},{\"@type\":\"Person\",\"@id\":\"https:\\\/\\\/www.meydan.tv\\\/az\\\/#\\\/schema\\\/person\\\/09863e516102a829e72bedcf3f84c6b0\",\"name\":\"mahmud\"}]}<\/script>\n<!-- \/ Yoast SEO plugin. -->","yoast_head_json":{"title":"Vensin Bak\u0131 s\u0259f\u0259ri: s\u00fclh g\u00fcnd\u0259mi, siyasi m\u0259hbus \u00e7a\u011f\u0131r\u0131\u015flar\u0131 v\u0259 deputat\u0131n etiraz\u0131 - MEYDAN.TV","robots":{"index":"index","follow":"follow","max-snippet":"max-snippet:-1","max-image-preview":"max-image-preview:large","max-video-preview":"max-video-preview:-1"},"canonical":"https:\/\/www.meydan.tv\/az\/article\/vensin-baki-s%c9%99f%c9%99ri-sulh-gund%c9%99mi-v%c9%99-siyasi-m%c9%99hbus-cagirislari-fonunda-qeyri-mu%c9%99yy%c9%99n-proqram\/","og_locale":"az_AZ","og_type":"article","og_title":"Vensin Bak\u0131 s\u0259f\u0259ri: s\u00fclh g\u00fcnd\u0259mi, siyasi m\u0259hbus \u00e7a\u011f\u0131r\u0131\u015flar\u0131 v\u0259 deputat\u0131n etiraz\u0131 - MEYDAN.TV","og_description":"AB\u015e-nin vitse-prezidenti Ceyms Devid Vens fevral\u0131n 10\u201311-d\u0259 Az\u0259rbaycanda r\u0259smi s\u0259f\u0259rd\u0259 ... Davam\u0131","og_url":"https:\/\/www.meydan.tv\/az\/article\/vensin-baki-s%c9%99f%c9%99ri-sulh-gund%c9%99mi-v%c9%99-siyasi-m%c9%99hbus-cagirislari-fonunda-qeyri-mu%c9%99yy%c9%99n-proqram\/","og_site_name":"MEYDAN.TV","article_published_time":"2026-02-09T10:51:30+00:00","article_modified_time":"2026-02-09T11:04:15+00:00","og_image":[{"width":1200,"height":586,"url":"https:\/\/www.meydan.tv\/wp-content\/uploads\/3479-1200x586.png","type":"image\/png"}],"author":"mahmud","twitter_card":"summary_large_image","schema":{"@context":"https:\/\/schema.org","@graph":[{"@type":"Article","@id":"https:\/\/www.meydan.tv\/az\/article\/vensin-baki-s%c9%99f%c9%99ri-sulh-gund%c9%99mi-v%c9%99-siyasi-m%c9%99hbus-cagirislari-fonunda-qeyri-mu%c9%99yy%c9%99n-proqram\/#article","isPartOf":{"@id":"https:\/\/www.meydan.tv\/az\/article\/vensin-baki-s%c9%99f%c9%99ri-sulh-gund%c9%99mi-v%c9%99-siyasi-m%c9%99hbus-cagirislari-fonunda-qeyri-mu%c9%99yy%c9%99n-proqram\/"},"author":{"name":"mahmud","@id":"https:\/\/www.meydan.tv\/az\/#\/schema\/person\/09863e516102a829e72bedcf3f84c6b0"},"headline":"Vensin Bak\u0131 s\u0259f\u0259ri: s\u00fclh g\u00fcnd\u0259mi, siyasi m\u0259hbus \u00e7a\u011f\u0131r\u0131\u015flar\u0131 v\u0259 deputat\u0131n etiraz\u0131","datePublished":"2026-02-09T10:51:30+00:00","dateModified":"2026-02-09T11:04:15+00:00","mainEntityOfPage":{"@id":"https:\/\/www.meydan.tv\/az\/article\/vensin-baki-s%c9%99f%c9%99ri-sulh-gund%c9%99mi-v%c9%99-siyasi-m%c9%99hbus-cagirislari-fonunda-qeyri-mu%c9%99yy%c9%99n-proqram\/"},"wordCount":436,"publisher":{"@id":"https:\/\/www.meydan.tv\/az\/#organization"},"image":{"@id":"https:\/\/www.meydan.tv\/az\/article\/vensin-baki-s%c9%99f%c9%99ri-sulh-gund%c9%99mi-v%c9%99-siyasi-m%c9%99hbus-cagirislari-fonunda-qeyri-mu%c9%99yy%c9%99n-proqram\/#primaryimage"},"thumbnailUrl":"https:\/\/www.meydan.tv\/wp-content\/uploads\/3479.png","articleSection":["Siyas\u0259t","T\u00f6vsiy\u0259","X\u0259b\u0259rl\u0259r"],"inLanguage":"az"},{"@type":"WebPage","@id":"https:\/\/www.meydan.tv\/az\/article\/vensin-baki-s%c9%99f%c9%99ri-sulh-gund%c9%99mi-v%c9%99-siyasi-m%c9%99hbus-cagirislari-fonunda-qeyri-mu%c9%99yy%c9%99n-proqram\/","url":"https:\/\/www.meydan.tv\/az\/article\/vensin-baki-s%c9%99f%c9%99ri-sulh-gund%c9%99mi-v%c9%99-siyasi-m%c9%99hbus-cagirislari-fonunda-qeyri-mu%c9%99yy%c9%99n-proqram\/","name":"Vensin Bak\u0131 s\u0259f\u0259ri: s\u00fclh g\u00fcnd\u0259mi, siyasi m\u0259hbus \u00e7a\u011f\u0131r\u0131\u015flar\u0131 v\u0259 deputat\u0131n etiraz\u0131 - MEYDAN.TV","isPartOf":{"@id":"https:\/\/www.meydan.tv\/az\/#website"},"primaryImageOfPage":{"@id":"https:\/\/www.meydan.tv\/az\/article\/vensin-baki-s%c9%99f%c9%99ri-sulh-gund%c9%99mi-v%c9%99-siyasi-m%c9%99hbus-cagirislari-fonunda-qeyri-mu%c9%99yy%c9%99n-proqram\/#primaryimage"},"image":{"@id":"https:\/\/www.meydan.tv\/az\/article\/vensin-baki-s%c9%99f%c9%99ri-sulh-gund%c9%99mi-v%c9%99-siyasi-m%c9%99hbus-cagirislari-fonunda-qeyri-mu%c9%99yy%c9%99n-proqram\/#primaryimage"},"thumbnailUrl":"https:\/\/www.meydan.tv\/wp-content\/uploads\/3479.png","datePublished":"2026-02-09T10:51:30+00:00","dateModified":"2026-02-09T11:04:15+00:00","breadcrumb":{"@id":"https:\/\/www.meydan.tv\/az\/article\/vensin-baki-s%c9%99f%c9%99ri-sulh-gund%c9%99mi-v%c9%99-siyasi-m%c9%99hbus-cagirislari-fonunda-qeyri-mu%c9%99yy%c9%99n-proqram\/#breadcrumb"},"inLanguage":"az","potentialAction":[{"@type":"ReadAction","target":["https:\/\/www.meydan.tv\/az\/article\/vensin-baki-s%c9%99f%c9%99ri-sulh-gund%c9%99mi-v%c9%99-siyasi-m%c9%99hbus-cagirislari-fonunda-qeyri-mu%c9%99yy%c9%99n-proqram\/"]}]},{"@type":"ImageObject","inLanguage":"az","@id":"https:\/\/www.meydan.tv\/az\/article\/vensin-baki-s%c9%99f%c9%99ri-sulh-gund%c9%99mi-v%c9%99-siyasi-m%c9%99hbus-cagirislari-fonunda-qeyri-mu%c9%99yy%c9%99n-proqram\/#primaryimage","url":"https:\/\/www.meydan.tv\/wp-content\/uploads\/3479.png","contentUrl":"https:\/\/www.meydan.tv\/wp-content\/uploads\/3479.png","width":1920,"height":938,"caption":"Kollaj: Meydan TV"},{"@type":"BreadcrumbList","@id":"https:\/\/www.meydan.tv\/az\/article\/vensin-baki-s%c9%99f%c9%99ri-sulh-gund%c9%99mi-v%c9%99-siyasi-m%c9%99hbus-cagirislari-fonunda-qeyri-mu%c9%99yy%c9%99n-proqram\/#breadcrumb","itemListElement":[{"@type":"ListItem","position":1,"name":"Ana s\u0259hif\u0259","item":"https:\/\/www.meydan.tv\/az\/"},{"@type":"ListItem","position":2,"name":"Siyas\u0259t","item":"https:\/\/www.meydan.tv\/az\/section\/siyaset\/"},{"@type":"ListItem","position":3,"name":"Vensin Bak\u0131 s\u0259f\u0259ri: s\u00fclh g\u00fcnd\u0259mi, siyasi m\u0259hbus \u00e7a\u011f\u0131r\u0131\u015flar\u0131 v\u0259 deputat\u0131n etiraz\u0131"}]},{"@type":"WebSite","@id":"https:\/\/www.meydan.tv\/az\/#website","url":"https:\/\/www.meydan.tv\/az\/","name":"MEYDAN.TV","description":"Meydan TV Az\u0259rbaycan\u0131n media m\u0259kan\u0131ndak\u0131 alternativ s\u0259sidir","publisher":{"@id":"https:\/\/www.meydan.tv\/az\/#organization"},"potentialAction":[{"@type":"SearchAction","target":{"@type":"EntryPoint","urlTemplate":"https:\/\/www.meydan.tv\/az\/?s={search_term_string}"},"query-input":{"@type":"PropertyValueSpecification","valueRequired":true,"valueName":"search_term_string"}}],"inLanguage":"az"},{"@type":"Organization","@id":"https:\/\/www.meydan.tv\/az\/#organization","name":"Meydan TV","url":"https:\/\/www.meydan.tv\/az\/","logo":{"@type":"ImageObject","inLanguage":"az","@id":"https:\/\/www.meydan.tv\/az\/#\/schema\/logo\/image\/","url":"https:\/\/www.meydan.tv\/wp-content\/uploads\/2021\/07\/meydan-logo.svg","contentUrl":"https:\/\/www.meydan.tv\/wp-content\/uploads\/2021\/07\/meydan-logo.svg","width":195,"height":46,"caption":"Meydan TV"},"image":{"@id":"https:\/\/www.meydan.tv\/az\/#\/schema\/logo\/image\/"}},{"@type":"Person","@id":"https:\/\/www.meydan.tv\/az\/#\/schema\/person\/09863e516102a829e72bedcf3f84c6b0","name":"mahmud"}]}},"_links":{"self":[{"href":"https:\/\/www.meydan.tv\/az\/wp-json\/wp\/v2\/posts\/341215","targetHints":{"allow":["GET"]}}],"collection":[{"href":"https:\/\/www.meydan.tv\/az\/wp-json\/wp\/v2\/posts"}],"about":[{"href":"https:\/\/www.meydan.tv\/az\/wp-json\/wp\/v2\/types\/post"}],"author":[{"embeddable":true,"href":"https:\/\/www.meydan.tv\/az\/wp-json\/wp\/v2\/users\/21"}],"replies":[{"embeddable":true,"href":"https:\/\/www.meydan.tv\/az\/wp-json\/wp\/v2\/comments?post=341215"}],"version-history":[{"count":3,"href":"https:\/\/www.meydan.tv\/az\/wp-json\/wp\/v2\/posts\/341215\/revisions"}],"predecessor-version":[{"id":341218,"href":"https:\/\/www.meydan.tv\/az\/wp-json\/wp\/v2\/posts\/341215\/revisions\/341218"}],"wp:featuredmedia":[{"embeddable":true,"href":"https:\/\/www.meydan.tv\/az\/wp-json\/wp\/v2\/media\/341190"}],"wp:attachment":[{"href":"https:\/\/www.meydan.tv\/az\/wp-json\/wp\/v2\/media?parent=341215"}],"wp:term":[{"taxonomy":"category","embeddable":true,"href":"https:\/\/www.meydan.tv\/az\/wp-json\/wp\/v2\/categories?post=341215"},{"taxonomy":"post_tag","embeddable":true,"href":"https:\/\/www.meydan.tv\/az\/wp-json\/wp\/v2\/tags?post=341215"}],"curies":[{"name":"wp","href":"https:\/\/api.w.org\/{rel}","templated":true}]}}