{"id":341036,"date":"2026-02-04T14:12:29","date_gmt":"2026-02-04T10:12:29","guid":{"rendered":"https:\/\/www.meydan.tv\/?p=341036"},"modified":"2026-02-04T14:12:32","modified_gmt":"2026-02-04T10:12:32","slug":"nurlan-libre-m%c9%99hk%c9%99m%c9%99d%c9%99-istirakdan-imtina-edir","status":"publish","type":"post","link":"https:\/\/www.meydan.tv\/az\/article\/nurlan-libre-m%c9%99hk%c9%99m%c9%99d%c9%99-istirakdan-imtina-edir\/","title":{"rendered":"Nurlan Libre m\u0259hk\u0259m\u0259d\u0259 i\u015ftirakdan imtina edir"},"content":{"rendered":"\n<p>\u201cMeydan TV i\u015fi\u201d \u00fczr\u0259 h\u0259bs olunmu\u015f jurnalist Nurlan Libre (Q\u0259hr\u0259manl\u0131) fevral\u0131n 6-na t\u0259yin olunmu\u015f m\u0259hk\u0259m\u0259y\u0259 g\u0259lm\u0259kd\u0259n imtina ed\u0259c\u0259yini bildirib.<\/p>\n\n\n\n<p>Bu bar\u0259d\u0259 jurnalistin yax\u0131nlar\u0131 Meydan TV-y\u0259 m\u0259lumat verib.<\/p>\n\n\n\n<p>Libre qeyd edib ki, buna s\u0259b\u0259b onun \u0259vv\u0259lki m\u0259hk\u0259m\u0259d\u0259 zorak\u0131l\u0131q g\u00f6rm\u0259si il\u0259 ba\u011fl\u0131 prokurorlu\u011fa m\u00fcraci\u0259t etm\u0259si v\u0259 m\u00fcsb\u0259t cavab ala bilm\u0259m\u0259sidir.<\/p>\n\n\n\n<p>Prokurorluq zorak\u0131l\u0131qla ba\u011fl\u0131 sor\u011fuya cavab olaraq bildirib ki, h\u0259r hans\u0131 qanunazid \u0259m\u0259l\u0259 rast g\u0259linm\u0259yib.&nbsp;<\/p>\n\n\n\n<p>Bel\u0259 ki, dekabr\u0131n 22-d\u0259 \u201cMeydan TV i\u015fi\u201d \u00fczr\u0259 ke\u00e7iril\u0259n m\u0259hk\u0259m\u0259d\u0259 qanunsuz h\u0259bsl\u0259r\u0259 etiraz olaraq qollar\u0131n\u0131 k\u0259sib. Penitensiar Xidm\u0259tin \u0259m\u0259kda\u015flar\u0131 onun qolunu arxadan qandallayaraq zorak\u0131l\u0131qla c\u0259za\u00e7\u0259km\u0259 m\u00fc\u0259ssis\u0259ni apar\u0131blar. Bundan sonra Nurlan Libre 2 g\u00fcn karsda saxlan\u0131l\u0131b.<\/p>\n\n\n\n<p>Jurnalist Nurlan Libre yanvar\u0131n 16-da ke\u00e7iril\u0259n m\u0259hk\u0259m\u0259d\u0259 acl\u0131q aksiyas\u0131na ba\u015flad\u0131\u011f\u0131n\u0131 bildirmi\u015fdi. O, acl\u0131q aksiyas\u0131n\u0131 h\u0259l\u0259 d\u0259 davam etdirir.&nbsp;<\/p>\n\n\n\n<p>Nurlan Libre 2025-ci il fevral\u0131n 21-d\u0259 Meydan TV il\u0259 \u0259laq\u0259li cinay\u0259t i\u015fin\u0259 g\u00f6r\u0259 h\u0259bs olunub.<\/p>\n\n\n\n<p>Ona qar\u015f\u0131 Cinay\u0259t M\u0259c\u0259ll\u0259sinin 206.3.2-ci (qa\u00e7aqmal\u00e7\u0131l\u0131q, \u0259vv\u0259lc\u0259d\u0259n \u0259lbir olan bir qrup \u015f\u0259xs t\u0259r\u0259find\u0259n t\u00f6r\u0259dildikd\u0259) madd\u0259si il\u0259 ittiham ir\u0259li s\u00fcr\u00fcl\u00fcb v\u0259 m\u0259hk\u0259m\u0259nin q\u0259rar\u0131 il\u0259 bar\u0259sind\u0259 h\u0259bs q\u0259timkan t\u0259dbiri se\u00e7ilib. Sonradan onun h\u0259bs m\u00fcdd\u0259ti art\u0131r\u0131l\u0131b.<\/p>\n\n\n\n<p>Bu i\u015f \u00fczr\u0259 haz\u0131rda \u00fcmumilikd\u0259 12 n\u0259f\u0259r <a href=\"https:\/\/storage.googleapis.com\/qurium\/www.meydan.tv\/az-article-meydan-tv-isi-uzr%c9%99-ittiham-agirlasdirldi.html\" target=\"_blank\" rel=\"noreferrer noopener nofollow\">h\u0259bsd\u0259dir.<\/a>\u00a0<\/p>\n\n\n\n<p>2025-ci il avqustun 28-d\u0259 \u201cMeydan TV i\u015fi\u201d \u00fczr\u0259 ittihamlar a\u011f\u0131rla\u015fd\u0131r\u0131l\u0131b v\u0259 daha 7 madd\u0259 \u0259lav\u0259 olunub.&nbsp;<\/p>\n\n\n\n<p>\u201cMeydan TV i\u015fi\u201d \u00fczr\u0259 h\u0259bs olunan jurnalistl\u0259r \u00f6zl\u0259rini t\u0259qsirli bilmir, t\u0259nqid\u00e7i f\u0259aliyy\u0259tl\u0259rin\u0259 g\u00f6r\u0259 c\u0259zaland\u0131r\u0131ld\u0131qlar\u0131n\u0131 deyirl\u0259r.<\/p>\n","protected":false},"excerpt":{"rendered":"<p>\u201cMeydan TV i\u015fi\u201d \u00fczr\u0259 h\u0259bs olunmu\u015f jurnalist Nurlan Libre (Q\u0259hr\u0259manl\u0131) &#8230; <\/p>\n<p class=\"read-more-container\"><a title=\"Nurlan Libre m\u0259hk\u0259m\u0259d\u0259 i\u015ftirakdan imtina edir\" class=\"read-more button\" href=\"https:\/\/www.meydan.tv\/az\/article\/nurlan-libre-m%c9%99hk%c9%99m%c9%99d%c9%99-istirakdan-imtina-edir\/#more-341036\" aria-label=\"Read more about Nurlan Libre m\u0259hk\u0259m\u0259d\u0259 i\u015ftirakdan imtina edir\">Davam\u0131<\/a><\/p>\n","protected":false},"author":21,"featured_media":335364,"comment_status":"closed","ping_status":"closed","sticky":false,"template":"","format":"standard","meta":{"_acf_changed":false,"_sitemap_exclude":false,"_sitemap_priority":"","_sitemap_frequency":"","footnotes":""},"categories":[59,79,56],"tags":[],"class_list":["post-341036","post","type-post","status-publish","format-standard","has-post-thumbnail","hentry","category-siyaset","category-featured","category-xeberler","infinite-scroll-item","generate-columns","tablet-grid-50","mobile-grid-100","grid-parent","grid-33","no-featured-image-padding"],"acf":[],"yoast_head":"<!-- This site is optimized with the Yoast SEO plugin v27.4 - https:\/\/yoast.com\/product\/yoast-seo-wordpress\/ -->\n<title>Nurlan Libre m\u0259hk\u0259m\u0259d\u0259 i\u015ftirakdan imtina edir - MEYDAN.TV<\/title>\n<meta name=\"robots\" content=\"index, follow, max-snippet:-1, max-image-preview:large, max-video-preview:-1\" \/>\n<link rel=\"canonical\" href=\"https:\/\/www.meydan.tv\/az\/article\/nurlan-libre-m%c9%99hk%c9%99m%c9%99d%c9%99-istirakdan-imtina-edir\/\" \/>\n<meta property=\"og:locale\" content=\"az_AZ\" \/>\n<meta property=\"og:type\" content=\"article\" \/>\n<meta property=\"og:title\" content=\"Nurlan Libre m\u0259hk\u0259m\u0259d\u0259 i\u015ftirakdan imtina edir - MEYDAN.TV\" \/>\n<meta property=\"og:description\" content=\"\u201cMeydan TV i\u015fi\u201d \u00fczr\u0259 h\u0259bs olunmu\u015f jurnalist Nurlan Libre (Q\u0259hr\u0259manl\u0131) ... Davam\u0131\" \/>\n<meta property=\"og:url\" content=\"https:\/\/www.meydan.tv\/az\/article\/nurlan-libre-m%c9%99hk%c9%99m%c9%99d%c9%99-istirakdan-imtina-edir\/\" \/>\n<meta property=\"og:site_name\" content=\"MEYDAN.TV\" \/>\n<meta property=\"article:published_time\" content=\"2026-02-04T10:12:29+00:00\" \/>\n<meta property=\"article:modified_time\" content=\"2026-02-04T10:12:32+00:00\" \/>\n<meta property=\"og:image\" content=\"https:\/\/www.meydan.tv\/wp-content\/uploads\/screenshot-2025-02-25-at-20.00.30-1200x632-1.png\" \/>\n\t<meta property=\"og:image:width\" content=\"1200\" \/>\n\t<meta property=\"og:image:height\" content=\"632\" \/>\n\t<meta property=\"og:image:type\" content=\"image\/png\" \/>\n<meta name=\"author\" content=\"mahmud\" \/>\n<meta name=\"twitter:card\" content=\"summary_large_image\" \/>\n<script type=\"application\/ld+json\" class=\"yoast-schema-graph\">{\"@context\":\"https:\\\/\\\/schema.org\",\"@graph\":[{\"@type\":\"Article\",\"@id\":\"https:\\\/\\\/www.meydan.tv\\\/az\\\/article\\\/nurlan-libre-m%c9%99hk%c9%99m%c9%99d%c9%99-istirakdan-imtina-edir\\\/#article\",\"isPartOf\":{\"@id\":\"https:\\\/\\\/www.meydan.tv\\\/az\\\/article\\\/nurlan-libre-m%c9%99hk%c9%99m%c9%99d%c9%99-istirakdan-imtina-edir\\\/\"},\"author\":{\"name\":\"mahmud\",\"@id\":\"https:\\\/\\\/www.meydan.tv\\\/az\\\/#\\\/schema\\\/person\\\/09863e516102a829e72bedcf3f84c6b0\"},\"headline\":\"Nurlan Libre m\u0259hk\u0259m\u0259d\u0259 i\u015ftirakdan imtina edir\",\"datePublished\":\"2026-02-04T10:12:29+00:00\",\"dateModified\":\"2026-02-04T10:12:32+00:00\",\"mainEntityOfPage\":{\"@id\":\"https:\\\/\\\/www.meydan.tv\\\/az\\\/article\\\/nurlan-libre-m%c9%99hk%c9%99m%c9%99d%c9%99-istirakdan-imtina-edir\\\/\"},\"wordCount\":363,\"publisher\":{\"@id\":\"https:\\\/\\\/www.meydan.tv\\\/az\\\/#organization\"},\"image\":{\"@id\":\"https:\\\/\\\/www.meydan.tv\\\/az\\\/article\\\/nurlan-libre-m%c9%99hk%c9%99m%c9%99d%c9%99-istirakdan-imtina-edir\\\/#primaryimage\"},\"thumbnailUrl\":\"https:\\\/\\\/www.meydan.tv\\\/wp-content\\\/uploads\\\/screenshot-2025-02-25-at-20.00.30-1200x632-1.png\",\"articleSection\":[\"Siyas\u0259t\",\"T\u00f6vsiy\u0259\",\"X\u0259b\u0259rl\u0259r\"],\"inLanguage\":\"az\"},{\"@type\":\"WebPage\",\"@id\":\"https:\\\/\\\/www.meydan.tv\\\/az\\\/article\\\/nurlan-libre-m%c9%99hk%c9%99m%c9%99d%c9%99-istirakdan-imtina-edir\\\/\",\"url\":\"https:\\\/\\\/www.meydan.tv\\\/az\\\/article\\\/nurlan-libre-m%c9%99hk%c9%99m%c9%99d%c9%99-istirakdan-imtina-edir\\\/\",\"name\":\"Nurlan Libre m\u0259hk\u0259m\u0259d\u0259 i\u015ftirakdan imtina edir - MEYDAN.TV\",\"isPartOf\":{\"@id\":\"https:\\\/\\\/www.meydan.tv\\\/az\\\/#website\"},\"primaryImageOfPage\":{\"@id\":\"https:\\\/\\\/www.meydan.tv\\\/az\\\/article\\\/nurlan-libre-m%c9%99hk%c9%99m%c9%99d%c9%99-istirakdan-imtina-edir\\\/#primaryimage\"},\"image\":{\"@id\":\"https:\\\/\\\/www.meydan.tv\\\/az\\\/article\\\/nurlan-libre-m%c9%99hk%c9%99m%c9%99d%c9%99-istirakdan-imtina-edir\\\/#primaryimage\"},\"thumbnailUrl\":\"https:\\\/\\\/www.meydan.tv\\\/wp-content\\\/uploads\\\/screenshot-2025-02-25-at-20.00.30-1200x632-1.png\",\"datePublished\":\"2026-02-04T10:12:29+00:00\",\"dateModified\":\"2026-02-04T10:12:32+00:00\",\"breadcrumb\":{\"@id\":\"https:\\\/\\\/www.meydan.tv\\\/az\\\/article\\\/nurlan-libre-m%c9%99hk%c9%99m%c9%99d%c9%99-istirakdan-imtina-edir\\\/#breadcrumb\"},\"inLanguage\":\"az\",\"potentialAction\":[{\"@type\":\"ReadAction\",\"target\":[\"https:\\\/\\\/www.meydan.tv\\\/az\\\/article\\\/nurlan-libre-m%c9%99hk%c9%99m%c9%99d%c9%99-istirakdan-imtina-edir\\\/\"]}]},{\"@type\":\"ImageObject\",\"inLanguage\":\"az\",\"@id\":\"https:\\\/\\\/www.meydan.tv\\\/az\\\/article\\\/nurlan-libre-m%c9%99hk%c9%99m%c9%99d%c9%99-istirakdan-imtina-edir\\\/#primaryimage\",\"url\":\"https:\\\/\\\/www.meydan.tv\\\/wp-content\\\/uploads\\\/screenshot-2025-02-25-at-20.00.30-1200x632-1.png\",\"contentUrl\":\"https:\\\/\\\/www.meydan.tv\\\/wp-content\\\/uploads\\\/screenshot-2025-02-25-at-20.00.30-1200x632-1.png\",\"width\":1200,\"height\":632,\"caption\":\"Nurlan Libre. \u0130ll\u00fcstrasiya: Meydan TV\"},{\"@type\":\"BreadcrumbList\",\"@id\":\"https:\\\/\\\/www.meydan.tv\\\/az\\\/article\\\/nurlan-libre-m%c9%99hk%c9%99m%c9%99d%c9%99-istirakdan-imtina-edir\\\/#breadcrumb\",\"itemListElement\":[{\"@type\":\"ListItem\",\"position\":1,\"name\":\"Ana s\u0259hif\u0259\",\"item\":\"https:\\\/\\\/www.meydan.tv\\\/az\\\/\"},{\"@type\":\"ListItem\",\"position\":2,\"name\":\"Siyas\u0259t\",\"item\":\"https:\\\/\\\/www.meydan.tv\\\/az\\\/section\\\/siyaset\\\/\"},{\"@type\":\"ListItem\",\"position\":3,\"name\":\"Nurlan Libre m\u0259hk\u0259m\u0259d\u0259 i\u015ftirakdan imtina edir\"}]},{\"@type\":\"WebSite\",\"@id\":\"https:\\\/\\\/www.meydan.tv\\\/az\\\/#website\",\"url\":\"https:\\\/\\\/www.meydan.tv\\\/az\\\/\",\"name\":\"MEYDAN.TV\",\"description\":\"Meydan TV Az\u0259rbaycan\u0131n media m\u0259kan\u0131ndak\u0131 alternativ s\u0259sidir\",\"publisher\":{\"@id\":\"https:\\\/\\\/www.meydan.tv\\\/az\\\/#organization\"},\"potentialAction\":[{\"@type\":\"SearchAction\",\"target\":{\"@type\":\"EntryPoint\",\"urlTemplate\":\"https:\\\/\\\/www.meydan.tv\\\/az\\\/?s={search_term_string}\"},\"query-input\":{\"@type\":\"PropertyValueSpecification\",\"valueRequired\":true,\"valueName\":\"search_term_string\"}}],\"inLanguage\":\"az\"},{\"@type\":\"Organization\",\"@id\":\"https:\\\/\\\/www.meydan.tv\\\/az\\\/#organization\",\"name\":\"Meydan TV\",\"url\":\"https:\\\/\\\/www.meydan.tv\\\/az\\\/\",\"logo\":{\"@type\":\"ImageObject\",\"inLanguage\":\"az\",\"@id\":\"https:\\\/\\\/www.meydan.tv\\\/az\\\/#\\\/schema\\\/logo\\\/image\\\/\",\"url\":\"https:\\\/\\\/www.meydan.tv\\\/wp-content\\\/uploads\\\/2021\\\/07\\\/meydan-logo.svg\",\"contentUrl\":\"https:\\\/\\\/www.meydan.tv\\\/wp-content\\\/uploads\\\/2021\\\/07\\\/meydan-logo.svg\",\"width\":195,\"height\":46,\"caption\":\"Meydan TV\"},\"image\":{\"@id\":\"https:\\\/\\\/www.meydan.tv\\\/az\\\/#\\\/schema\\\/logo\\\/image\\\/\"}},{\"@type\":\"Person\",\"@id\":\"https:\\\/\\\/www.meydan.tv\\\/az\\\/#\\\/schema\\\/person\\\/09863e516102a829e72bedcf3f84c6b0\",\"name\":\"mahmud\"}]}<\/script>\n<!-- \/ Yoast SEO plugin. -->","yoast_head_json":{"title":"Nurlan Libre m\u0259hk\u0259m\u0259d\u0259 i\u015ftirakdan imtina edir - MEYDAN.TV","robots":{"index":"index","follow":"follow","max-snippet":"max-snippet:-1","max-image-preview":"max-image-preview:large","max-video-preview":"max-video-preview:-1"},"canonical":"https:\/\/www.meydan.tv\/az\/article\/nurlan-libre-m%c9%99hk%c9%99m%c9%99d%c9%99-istirakdan-imtina-edir\/","og_locale":"az_AZ","og_type":"article","og_title":"Nurlan Libre m\u0259hk\u0259m\u0259d\u0259 i\u015ftirakdan imtina edir - MEYDAN.TV","og_description":"\u201cMeydan TV i\u015fi\u201d \u00fczr\u0259 h\u0259bs olunmu\u015f jurnalist Nurlan Libre (Q\u0259hr\u0259manl\u0131) ... Davam\u0131","og_url":"https:\/\/www.meydan.tv\/az\/article\/nurlan-libre-m%c9%99hk%c9%99m%c9%99d%c9%99-istirakdan-imtina-edir\/","og_site_name":"MEYDAN.TV","article_published_time":"2026-02-04T10:12:29+00:00","article_modified_time":"2026-02-04T10:12:32+00:00","og_image":[{"width":1200,"height":632,"url":"https:\/\/www.meydan.tv\/wp-content\/uploads\/screenshot-2025-02-25-at-20.00.30-1200x632-1.png","type":"image\/png"}],"author":"mahmud","twitter_card":"summary_large_image","schema":{"@context":"https:\/\/schema.org","@graph":[{"@type":"Article","@id":"https:\/\/www.meydan.tv\/az\/article\/nurlan-libre-m%c9%99hk%c9%99m%c9%99d%c9%99-istirakdan-imtina-edir\/#article","isPartOf":{"@id":"https:\/\/www.meydan.tv\/az\/article\/nurlan-libre-m%c9%99hk%c9%99m%c9%99d%c9%99-istirakdan-imtina-edir\/"},"author":{"name":"mahmud","@id":"https:\/\/www.meydan.tv\/az\/#\/schema\/person\/09863e516102a829e72bedcf3f84c6b0"},"headline":"Nurlan Libre m\u0259hk\u0259m\u0259d\u0259 i\u015ftirakdan imtina edir","datePublished":"2026-02-04T10:12:29+00:00","dateModified":"2026-02-04T10:12:32+00:00","mainEntityOfPage":{"@id":"https:\/\/www.meydan.tv\/az\/article\/nurlan-libre-m%c9%99hk%c9%99m%c9%99d%c9%99-istirakdan-imtina-edir\/"},"wordCount":363,"publisher":{"@id":"https:\/\/www.meydan.tv\/az\/#organization"},"image":{"@id":"https:\/\/www.meydan.tv\/az\/article\/nurlan-libre-m%c9%99hk%c9%99m%c9%99d%c9%99-istirakdan-imtina-edir\/#primaryimage"},"thumbnailUrl":"https:\/\/www.meydan.tv\/wp-content\/uploads\/screenshot-2025-02-25-at-20.00.30-1200x632-1.png","articleSection":["Siyas\u0259t","T\u00f6vsiy\u0259","X\u0259b\u0259rl\u0259r"],"inLanguage":"az"},{"@type":"WebPage","@id":"https:\/\/www.meydan.tv\/az\/article\/nurlan-libre-m%c9%99hk%c9%99m%c9%99d%c9%99-istirakdan-imtina-edir\/","url":"https:\/\/www.meydan.tv\/az\/article\/nurlan-libre-m%c9%99hk%c9%99m%c9%99d%c9%99-istirakdan-imtina-edir\/","name":"Nurlan Libre m\u0259hk\u0259m\u0259d\u0259 i\u015ftirakdan imtina edir - MEYDAN.TV","isPartOf":{"@id":"https:\/\/www.meydan.tv\/az\/#website"},"primaryImageOfPage":{"@id":"https:\/\/www.meydan.tv\/az\/article\/nurlan-libre-m%c9%99hk%c9%99m%c9%99d%c9%99-istirakdan-imtina-edir\/#primaryimage"},"image":{"@id":"https:\/\/www.meydan.tv\/az\/article\/nurlan-libre-m%c9%99hk%c9%99m%c9%99d%c9%99-istirakdan-imtina-edir\/#primaryimage"},"thumbnailUrl":"https:\/\/www.meydan.tv\/wp-content\/uploads\/screenshot-2025-02-25-at-20.00.30-1200x632-1.png","datePublished":"2026-02-04T10:12:29+00:00","dateModified":"2026-02-04T10:12:32+00:00","breadcrumb":{"@id":"https:\/\/www.meydan.tv\/az\/article\/nurlan-libre-m%c9%99hk%c9%99m%c9%99d%c9%99-istirakdan-imtina-edir\/#breadcrumb"},"inLanguage":"az","potentialAction":[{"@type":"ReadAction","target":["https:\/\/www.meydan.tv\/az\/article\/nurlan-libre-m%c9%99hk%c9%99m%c9%99d%c9%99-istirakdan-imtina-edir\/"]}]},{"@type":"ImageObject","inLanguage":"az","@id":"https:\/\/www.meydan.tv\/az\/article\/nurlan-libre-m%c9%99hk%c9%99m%c9%99d%c9%99-istirakdan-imtina-edir\/#primaryimage","url":"https:\/\/www.meydan.tv\/wp-content\/uploads\/screenshot-2025-02-25-at-20.00.30-1200x632-1.png","contentUrl":"https:\/\/www.meydan.tv\/wp-content\/uploads\/screenshot-2025-02-25-at-20.00.30-1200x632-1.png","width":1200,"height":632,"caption":"Nurlan Libre. \u0130ll\u00fcstrasiya: Meydan TV"},{"@type":"BreadcrumbList","@id":"https:\/\/www.meydan.tv\/az\/article\/nurlan-libre-m%c9%99hk%c9%99m%c9%99d%c9%99-istirakdan-imtina-edir\/#breadcrumb","itemListElement":[{"@type":"ListItem","position":1,"name":"Ana s\u0259hif\u0259","item":"https:\/\/www.meydan.tv\/az\/"},{"@type":"ListItem","position":2,"name":"Siyas\u0259t","item":"https:\/\/www.meydan.tv\/az\/section\/siyaset\/"},{"@type":"ListItem","position":3,"name":"Nurlan Libre m\u0259hk\u0259m\u0259d\u0259 i\u015ftirakdan imtina edir"}]},{"@type":"WebSite","@id":"https:\/\/www.meydan.tv\/az\/#website","url":"https:\/\/www.meydan.tv\/az\/","name":"MEYDAN.TV","description":"Meydan TV Az\u0259rbaycan\u0131n media m\u0259kan\u0131ndak\u0131 alternativ s\u0259sidir","publisher":{"@id":"https:\/\/www.meydan.tv\/az\/#organization"},"potentialAction":[{"@type":"SearchAction","target":{"@type":"EntryPoint","urlTemplate":"https:\/\/www.meydan.tv\/az\/?s={search_term_string}"},"query-input":{"@type":"PropertyValueSpecification","valueRequired":true,"valueName":"search_term_string"}}],"inLanguage":"az"},{"@type":"Organization","@id":"https:\/\/www.meydan.tv\/az\/#organization","name":"Meydan TV","url":"https:\/\/www.meydan.tv\/az\/","logo":{"@type":"ImageObject","inLanguage":"az","@id":"https:\/\/www.meydan.tv\/az\/#\/schema\/logo\/image\/","url":"https:\/\/www.meydan.tv\/wp-content\/uploads\/2021\/07\/meydan-logo.svg","contentUrl":"https:\/\/www.meydan.tv\/wp-content\/uploads\/2021\/07\/meydan-logo.svg","width":195,"height":46,"caption":"Meydan TV"},"image":{"@id":"https:\/\/www.meydan.tv\/az\/#\/schema\/logo\/image\/"}},{"@type":"Person","@id":"https:\/\/www.meydan.tv\/az\/#\/schema\/person\/09863e516102a829e72bedcf3f84c6b0","name":"mahmud"}]}},"_links":{"self":[{"href":"https:\/\/www.meydan.tv\/az\/wp-json\/wp\/v2\/posts\/341036","targetHints":{"allow":["GET"]}}],"collection":[{"href":"https:\/\/www.meydan.tv\/az\/wp-json\/wp\/v2\/posts"}],"about":[{"href":"https:\/\/www.meydan.tv\/az\/wp-json\/wp\/v2\/types\/post"}],"author":[{"embeddable":true,"href":"https:\/\/www.meydan.tv\/az\/wp-json\/wp\/v2\/users\/21"}],"replies":[{"embeddable":true,"href":"https:\/\/www.meydan.tv\/az\/wp-json\/wp\/v2\/comments?post=341036"}],"version-history":[{"count":1,"href":"https:\/\/www.meydan.tv\/az\/wp-json\/wp\/v2\/posts\/341036\/revisions"}],"predecessor-version":[{"id":341037,"href":"https:\/\/www.meydan.tv\/az\/wp-json\/wp\/v2\/posts\/341036\/revisions\/341037"}],"wp:featuredmedia":[{"embeddable":true,"href":"https:\/\/www.meydan.tv\/az\/wp-json\/wp\/v2\/media\/335364"}],"wp:attachment":[{"href":"https:\/\/www.meydan.tv\/az\/wp-json\/wp\/v2\/media?parent=341036"}],"wp:term":[{"taxonomy":"category","embeddable":true,"href":"https:\/\/www.meydan.tv\/az\/wp-json\/wp\/v2\/categories?post=341036"},{"taxonomy":"post_tag","embeddable":true,"href":"https:\/\/www.meydan.tv\/az\/wp-json\/wp\/v2\/tags?post=341036"}],"curies":[{"name":"wp","href":"https:\/\/api.w.org\/{rel}","templated":true}]}}