{"id":340927,"date":"2026-02-02T17:40:41","date_gmt":"2026-02-02T13:40:41","guid":{"rendered":"https:\/\/www.meydan.tv\/?p=340927"},"modified":"2026-02-02T17:40:43","modified_gmt":"2026-02-02T13:40:43","slug":"epsteynin-yeni-s%c9%99n%c9%99dl%c9%99rind%c9%99-az%c9%99rbaycanin-adi","status":"publish","type":"post","link":"https:\/\/www.meydan.tv\/az\/article\/epsteynin-yeni-s%c9%99n%c9%99dl%c9%99rind%c9%99-az%c9%99rbaycanin-adi\/","title":{"rendered":"Ep\u015fteynin yeni s\u0259n\u0259dl\u0259rind\u0259 Az\u0259rbaycan\u0131n ad\u0131"},"content":{"rendered":"\n<p>AB\u015e \u018fdliyy\u0259 Nazirliyinin son g\u00fcnl\u0259rd\u0259 a\u00e7\u0131qlad\u0131\u011f\u0131 milyonlarla s\u0259hif\u0259lik Cefri Ep\u015fteyn (Jeffrey Epstein) s\u0259n\u0259dl\u0259ri qlobal elit qruplar aras\u0131nda \u015fok effekti yaratmaqda davam edir. Bu s\u0259n\u0259dl\u0259r, Ep\u015fteynin cinsi istismar \u015f\u0259b\u0259k\u0259si il\u0259 ba\u011fl\u0131 ara\u015fd\u0131rmalardan qaynaqlan\u0131r v\u0259 bir \u00e7ox m\u0259\u015fhur \u015f\u0259xsin, siyasi elitan\u0131n, biznes n\u00fcmay\u0259nd\u0259l\u0259rinin ad\u0131n\u0131 \u0259hat\u0259 edir.&nbsp;<\/p>\n\n\n\n<p>X\u00fcsusil\u0259 Az\u0259rbaycanla ba\u011fl\u0131 hiss\u0259l\u0259r bizim ictimai diqq\u0259ti c\u0259lb edir: Ep\u015fteynin s\u0259yah\u0259t planlar\u0131, Britaniya kral ail\u0259si \u00fczv\u00fc \u015eahzad\u0259 Endryu&#8217;nun \u00f6lk\u0259 il\u0259 \u0259laq\u0259l\u0259ri v\u0259 dig\u0259r biznes ba\u011flant\u0131lar\u0131 m\u00f6vcuddur.<\/p>\n\n\n\n<p>Diqq\u0259t \u00e7\u0259k\u0259n detallar Birl\u0259\u015fmi\u015f \u018fr\u0259b \u018fmirlikl\u0259rinin tan\u0131nm\u0131\u015f i\u015f adam\u0131 Sultan \u018fhm\u0259d bin Sulayem (DP World \u015firk\u0259tinin s\u0259dri v\u0259 icra\u00e7\u0131 direktoru) il\u0259 Ep\u015fteyn aras\u0131ndak\u0131 yaz\u0131\u015fmalard\u0131r. 2011 v\u0259 2015-ci ill\u0259r\u0259 aid bu e-maill\u0259r Az\u0259rbaycan, Bak\u0131 v\u0259 Prezident \u0130lham \u018fliyevl\u0259 ba\u011fl\u0131 maraql\u0131 iddialar\u0131 ehtiva edir.<\/p>\n\n\n\n<p>2011-ci il avqustun 30-da Ep\u015fteyn Sultan bin Sulayem\u0259 yaz\u0131r: &#8220;Az\u0259rbaycanl\u0131 dostun Paris\u0259 g\u0259lir, yoxsa bu h\u0259ft\u0259sonu Bak\u0131ya ged\u0259k?&#8221;<\/p>\n\n\n\n<p>Cavabda Sultan bin Sulayem bildirir: &#8220;O indi o\u011flunun toyuna haz\u0131rla\u015fmaqla m\u0259\u015f\u011fuldur. Sentyabr\u0131n 9-da ged\u0259c\u0259y\u0259m, sonra 12-d\u0259 bir ne\u00e7\u0259 g\u00fcn onu ziyar\u0259t ed\u0259c\u0259y\u0259m\u201d.<\/p>\n\n\n\n<p>Bu yaz\u0131\u015fma Ep\u015fteynin Bak\u0131ya potensial s\u0259f\u0259rini v\u0259 &#8220;Az\u0259rbaycanl\u0131 dost&#8221;un toy haz\u0131rl\u0131qlar\u0131n\u0131 g\u00f6st\u0259rir. Ara\u015fd\u0131rmalara g\u00f6r\u0259, sentyabr\u0131n 9-da &#8220;Buta Palace&#8221;da ke\u00e7iril\u0259n toy F\u00f6vq\u0259lad\u0259 Hallar Naziri K\u0259mal\u0259ddin Heyd\u0259rovun o\u011flu Taleh Heyd\u0259rovun toyu olub. Bu toy 2011-ci ild\u0259 Az\u0259rbaycanda \u0259n m\u0259\u015fhur m\u0259rasiml\u0259rd\u0259n biri say\u0131l\u0131rd\u0131 v\u0259 \u00f6lk\u0259nin siyasi elitas\u0131 i\u015ftirak etmi\u015fdi. G\u00f6r\u00fcn\u00fcr ki, Ep\u015fteyn h\u0259min h\u0259ft\u0259sonu Bak\u0131ya getm\u0259yib, \u00e7\u00fcnki sonrak\u0131 s\u0259n\u0259dl\u0259rd\u0259 bel\u0259 bir s\u0259f\u0259r t\u0259sdiql\u0259nmir.<\/p>\n\n\n\n<p>D\u00f6rd il sonra, 2015-ci il sentyabr\u0131n 19-da Sultan bin Sulayem Ep\u015fteyn\u0259 yaz\u0131r: &#8220;Amma s\u0259n\u0259 deyim ki, Bak\u0131 \u00e7ox g\u00f6z\u0259l \u015f\u0259h\u0259rdir, Parisd\u0259n daha g\u00f6z\u0259ldir, inan m\u0259n\u0259. \u018fg\u0259r n\u0259 vaxtsa ora getm\u0259k ist\u0259s\u0259n, m\u0259n d\u0259 s\u0259n\u0259 qo\u015fulaca\u011fam. Prezident m\u0259nim \u00e7ox yax\u015f\u0131 dostumdur \u2013 o, \u00e7ox a\u011f\u0131ll\u0131d\u0131r, m\u0259n\u0259 \u015eeyx M\u0259h\u0259mm\u0259di xat\u0131rlad\u0131r\u201d.<\/p>\n\n\n\n<p>Burada Sultan bin Sulayem Prezident \u0130lham \u018fliyevi &#8220;\u00e7ox yax\u015f\u0131 dostum&#8221; kimi t\u0259qdim edir v\u0259 Dubay h\u00f6kmdar\u0131 \u015eeyx M\u0259h\u0259mm\u0259d bin Ra\u015fid \u018fl M\u0259ktum il\u0259 m\u00fcqayis\u0259 edir. Bu iddia Ep\u015fteynin \u015f\u0259b\u0259k\u0259sind\u0259 Az\u0259rbaycan\u0131n y\u00fcks\u0259k s\u0259viyy\u0259li siyasi \u0259laq\u0259l\u0259rini vur\u011fulay\u0131r.<\/p>\n\n\n\n<p>Son ill\u0259rd\u0259 d\u0259 Sultan bin Sulayem v\u0259 Prezident \u0130lham \u018fliyev aras\u0131nda g\u00f6r\u00fc\u015fl\u0259r davam edib. M\u0259s\u0259l\u0259n, bu il, 2026-c\u0131 il yanvar\u0131n 19-da Davosda ke\u00e7iril\u0259n D\u00fcnya \u0130qtisadi Forumunda Prezident \u018fliyev DP World r\u0259hb\u0259ri il\u0259 g\u00f6r\u00fc\u015f\u00fcb. Bu g\u00f6r\u00fc\u015fd\u0259 Az\u0259rbaycan\u0131n n\u0259qliyyat koridorlar\u0131 v\u0259 DP World il\u0259 \u0259m\u0259kda\u015fl\u0131q m\u00fczakir\u0259 olunub. G\u00f6r\u00fc\u015fd\u0259 \u0130lham \u018fliyev \u00f6z o\u011flu Heyd\u0259r \u018fliyev il\u0259 b\u0259rab\u0259r i\u015ftirak edirdi.<\/p>\n\n\n\n<p>\u018flav\u0259 olaraq, Ep\u015fteyn s\u0259n\u0259dl\u0259rind\u0259 Az\u0259rbaycanla ba\u011fl\u0131 dig\u0259r ba\u011flant\u0131lar (m\u0259s\u0259l\u0259n, \u015eahzad\u0259 Endryu v\u0259 biznes \u0259laq\u0259l\u0259ri) art\u0131q m\u0259lumdur. Sultan bin Sulayemin Ep\u015fteynl\u0259 uzunm\u00fcdd\u0259tli dostlu\u011fu (2006-c\u0131 ild\u0259n ba\u015flayaraq, h\u0259tta Ep\u015fteynin Karib adalar\u0131nda qonaq olmas\u0131) bu \u015f\u0259b\u0259k\u0259ni daha da geni\u015fl\u0259ndirir.<\/p>\n\n\n\n<p>AB\u015e \u018fdliyy\u0259 Nazirliyinin &#8220;Ep\u015fteyn Kitabxanas\u0131&#8221;nda &#8220;Azerbaijan&#8221; axtar\u0131\u015f\u0131 200-d\u0259n \u00e7ox n\u0259tic\u0259 verir, lakin bunlar\u0131n \u00e7oxu neytral s\u0259n\u0259dl\u0259r (m\u0259s\u0259l\u0259n, beyn\u0259lxalq aktlar v\u0259 x\u0259b\u0259rl\u0259r) olsa da, Ep\u015fteynin regionla potensial \u0259laq\u0259l\u0259rini g\u00f6st\u0259rir.<\/p>\n\n\n\n<p>Bundan \u0259vv\u0259lki Ep\u015fteyn s\u0259n\u0259dl\u0259rinin \u0259n diqq\u0259t\u00e7\u0259k\u0259n hiss\u0259l\u0259rind\u0259n biri, Britaniya \u015fahzad\u0259si Endryu&#8217;nun Az\u0259rbaycanla s\u0131x biznes v\u0259 siyasi ba\u011flant\u0131lar\u0131 olmu\u015fdu. Endryu, B\u00f6y\u00fck Britaniyan\u0131n ticar\u0259t el\u00e7isi kimi Az\u0259rbaycana tez-tez s\u0259f\u0259r edib v\u0259 Prezident \u0130lham \u018fliyevl\u0259 ondan \u00e7ox g\u00f6r\u00fc\u015f ke\u00e7irib. 2008-ci ild\u0259 britaniyal\u0131 biznesmen Devid Rouland\u0131n m\u00fc\u015fayi\u0259ti il\u0259 Az\u0259rbaycana s\u0259f\u0259r edib v\u0259 sonradan Rouland, \u018fliyevin h\u0259yat yolda\u015f\u0131n\u0131n qohumuna e-po\u00e7t g\u00f6nd\u0259r\u0259r\u0259k \u00f6lk\u0259nin \u0259n b\u00f6y\u00fck \u015firk\u0259ti olan \u201cPa\u015fa Holdinq\u201d il\u0259 \u0259laq\u0259 qurub. 2009-cu ild\u0259 \u201cPa\u015fa Holdinq\u201d, Rouland\u0131n idar\u0259 etdiyi investisiya fonduna 5 milyon dollar <a href=\"https:\/\/emerging-europe.com\/azerbaijan-ties-add-to-prince-andrews-woes\/\" target=\"_blank\" rel=\"noreferrer noopener nofollow\">k\u00f6\u00e7\u00fcr\u00fcb<\/a>.<\/p>\n\n\n\n<p>Rouland, h\u0259m Endryu, h\u0259m d\u0259 Ep\u015fteyn il\u0259 dost olub v\u0259 Endryunun ke\u00e7mi\u015f h\u0259yat yolda\u015f\u0131 Sara Fercisonun borclar\u0131n\u0131 \u00f6d\u0259yib. Ep\u015fteyn s\u0259n\u0259dl\u0259rind\u0259 Endryunun Ep\u015fteyn il\u0259 \u0259laq\u0259l\u0259ri s\u0259b\u0259bind\u0259n FBI t\u0259r\u0259find\u0259n axtar\u0131ld\u0131\u011f\u0131 qeyd olunur, lakin Az\u0259rbaycan ba\u011flant\u0131lar\u0131 bu qalmaqala \u0259lav\u0259 \u00f6l\u00e7\u00fcl\u0259r qat\u0131r. Rouland\u0131n qurdu\u011fu Banque Havilland bank\u0131 da Az\u0259rbaycan elitas\u0131 il\u0259 \u0259laq\u0259l\u0259ndirilir \u2013 m\u0259s\u0259l\u0259n, 2014-c\u00fc ild\u0259 \u018fliyevin q\u0131zlar\u0131n\u0131n hesablar\u0131n\u0131n oldu\u011fu Bahama bank\u0131n\u0131 al\u0131b. Bu \u0259laq\u0259l\u0259r L\u00fcksemburqda cinay\u0259t ara\u015fd\u0131rmas\u0131na s\u0259b\u0259b olub.<\/p>\n\n\n\n<p>S\u0259n\u0259dl\u0259rd\u0259 adlar\u0131 \u00e7\u0259kil\u0259n dig\u0259r \u015f\u0259xsl\u0259rd\u0259n biri, Dooney &amp; Bourke \u015firk\u0259tinin qurucusu Frederik Burkdur. O, Ep\u015fteynin &#8220;qara kitab&#8221;\u0131nda qeyd olunub v\u0259 Az\u0259rbaycan h\u00f6kum\u0259t r\u0259smil\u0259rin\u0259 r\u00fc\u015fv\u0259t verm\u0259kd\u0259n h\u0259bs <a href=\"https:\/\/nymag.com\/intelligencer\/article\/who-is-on-jeffrey-epstein-list-names-clients-associates-files-emails.html\" target=\"_blank\" rel=\"noreferrer noopener nofollow\">olunub<\/a>.<\/p>\n\n\n\n<p>Yeni a\u00e7\u0131qlamalarda regionla ba\u011fl\u0131 dig\u0259r iddialar da var: m\u0259s\u0259l\u0259n, T\u00fcrkiy\u0259d\u0259ki Rixos otelind\u0259 Ep\u015fteyn \u00fc\u00e7\u00fcn yetkinlik ya\u015f\u0131na \u00e7atmayan q\u0131zlar\u0131n t\u0259min edildiyi haqq\u0131nda \u015fayi\u0259l\u0259r, lakin bunlar r\u0259smi olaraq t\u0259sdiqini tapmay\u0131b.<\/p>\n\n\n\n<p>Ceffri Ep\u015fteyn (Jeffrey Epstein) amerikal\u0131 maliyy\u0259 m\u00fct\u0259x\u0259ssisi idi. R\u0259smi olaraq investisiya m\u0259sl\u0259h\u0259t\u00e7isi kimi tan\u0131nsa da, real f\u0259aliyy\u0259ti v\u0259 s\u0259rv\u0259tinin m\u0259nb\u0259yi uzun ill\u0259r qeyri-\u015f\u0259ffaf qal\u0131b. Ep\u015fteyn siyas\u0259t\u00e7il\u0259r, milyarderl\u0259r, akademikl\u0259r v\u0259 kral ail\u0259l\u0259rinin \u00fczvl\u0259ri il\u0259 yax\u0131n \u0259laq\u0259l\u0259ri il\u0259 diqq\u0259t \u00e7\u0259k\u0259n biridir.<\/p>\n\n\n\n<p>O, azya\u015fl\u0131 q\u0131zlar\u0131n cinsi istismar\u0131, insan alveri v\u0259 bu m\u0259qs\u0259dl\u0259 qurulmu\u015f geni\u015f \u015f\u0259b\u0259k\u0259ni idar\u0259 etm\u0259kd\u0259 ittiham olunurdu. Hadis\u0259l\u0259r \u0259sas\u0259n onun Florida, Nyu-York v\u0259 Karib d\u0259nizind\u0259ki \u015f\u0259xsi adalar\u0131nda ba\u015f verib. Qurbanlar\u0131n ifad\u0259l\u0259rin\u0259 g\u00f6r\u0259, onlar z\u0259ngin v\u0259 n\u00fcfuzlu \u015f\u0259xsl\u0259r\u0259 istismar \u00fc\u00e7\u00fcn \u201ct\u0259qdim olunub\u201d.<\/p>\n\n\n\n<p>Ep\u015fteyn 2019-cu ild\u0259 Nyu-Yorkda federal h\u0259bsxanada saxlan\u0131lark\u0259n \u00f6l\u00fc tap\u0131l\u0131b. R\u0259smi versiyaya g\u00f6r\u0259, intihar edib. Lakin t\u0259hl\u00fck\u0259sizlik kameralar\u0131n\u0131n i\u015fl\u0259m\u0259m\u0259si v\u0259 n\u0259zar\u0259t bo\u015fluqlar\u0131 s\u0259b\u0259bil\u0259 hadis\u0259 h\u0259l\u0259 d\u0259 \u015f\u00fcbh\u0259 v\u0259 konspirasiya n\u0259z\u0259riy\u0259l\u0259rinin m\u0259rk\u0259zind\u0259dir.<\/p>\n\n\n\n<p>Ep\u015fteyn i\u015fi il\u0259 ba\u011fl\u0131 \u201cs\u0259n\u0259dl\u0259r\u201d bir ne\u00e7\u0259 m\u0259nb\u0259d\u0259n yaran\u0131b: qurbanlar\u0131n m\u0259hk\u0259m\u0259 ifad\u0259l\u0259ri, Federal T\u0259hqiqat B\u00fcrosu (FBI) v\u0259 prokurorluq s\u0259n\u0259dl\u0259ri, onun ke\u00e7mi\u015f \u0259m\u0259kda\u015flar\u0131n\u0131n v\u0259 vasit\u0259\u00e7il\u0259rinin ifad\u0259l\u0259ri, x\u00fcsusil\u0259 onun yax\u0131n t\u0259r\u0259fda\u015f\u0131 Gisleyn Maksvellin (Ghislaine Maxwell) m\u0259hk\u0259m\u0259si zaman\u0131 ortaya \u00e7\u0131xan materiallar v\u0259 ona aid \u0259ld\u0259 oluna bil\u0259n email yaz\u0131\u015fmalar\u0131.<\/p>\n\n\n\n<p>Bu dosyel\u0259rd\u0259 Ep\u015fteynin \u0259laq\u0259d\u0259 oldu\u011fu y\u00fczl\u0259rl\u0259 tan\u0131nm\u0131\u015f \u015f\u0259xsin ad\u0131 ke\u00e7ir. Qeyd etm\u0259k vacibdir ki, siyah\u0131larda adlar\u0131n yer almas\u0131 avtomatik olaraq cinay\u0259td\u0259 i\u015ftirak dem\u0259k deyil, lakin \u0259laq\u0259l\u0259rin miqyas\u0131 b\u00f6y\u00fck qlobal rezonans do\u011furub.<\/p>\n\n\n\n<p>Ep\u015fteyn i\u015fi t\u0259kc\u0259 f\u0259rdi cinay\u0259t deyil, g\u00fcc, pul v\u0259 toxunulmazl\u0131q mexanizml\u0259rinin nec\u0259 i\u015fl\u0259diyini g\u00f6st\u0259r\u0259n qlobal qalmaqal kimi qiym\u0259tl\u0259ndirilir. Dosyel\u0259rin m\u0259rh\u0259l\u0259li \u015f\u0259kild\u0259 a\u00e7\u0131qlanmas\u0131 bu s\u0259b\u0259bd\u0259n h\u0259l\u0259 d\u0259 davam edir.<\/p>\n","protected":false},"excerpt":{"rendered":"<p>AB\u015e \u018fdliyy\u0259 Nazirliyinin son g\u00fcnl\u0259rd\u0259 a\u00e7\u0131qlad\u0131\u011f\u0131 milyonlarla s\u0259hif\u0259lik Cefri Ep\u015fteyn &#8230; <\/p>\n<p class=\"read-more-container\"><a title=\"Ep\u015fteynin yeni s\u0259n\u0259dl\u0259rind\u0259 Az\u0259rbaycan\u0131n ad\u0131\" class=\"read-more button\" href=\"https:\/\/www.meydan.tv\/az\/article\/epsteynin-yeni-s%c9%99n%c9%99dl%c9%99rind%c9%99-az%c9%99rbaycanin-adi\/#more-340927\" aria-label=\"Read more about Ep\u015fteynin yeni s\u0259n\u0259dl\u0259rind\u0259 Az\u0259rbaycan\u0131n ad\u0131\">Davam\u0131<\/a><\/p>\n","protected":false},"author":21,"featured_media":340928,"comment_status":"closed","ping_status":"closed","sticky":false,"template":"","format":"standard","meta":{"_acf_changed":false,"_sitemap_exclude":false,"_sitemap_priority":"","_sitemap_frequency":"","footnotes":""},"categories":[88,59,79,56],"tags":[],"class_list":["post-340927","post","type-post","status-publish","format-standard","has-post-thumbnail","hentry","category-redaktor-secimi","category-siyaset","category-featured","category-xeberler","infinite-scroll-item","generate-columns","tablet-grid-50","mobile-grid-100","grid-parent","grid-33","no-featured-image-padding"],"acf":[],"yoast_head":"<!-- This site is optimized with the Yoast SEO plugin v27.5 - https:\/\/yoast.com\/product\/yoast-seo-wordpress\/ -->\n<title>Ep\u015fteynin yeni s\u0259n\u0259dl\u0259rind\u0259 Az\u0259rbaycan\u0131n ad\u0131 - MEYDAN.TV<\/title>\n<meta name=\"robots\" content=\"index, follow, max-snippet:-1, max-image-preview:large, max-video-preview:-1\" \/>\n<link rel=\"canonical\" href=\"https:\/\/www.meydan.tv\/az\/article\/epsteynin-yeni-s%c9%99n%c9%99dl%c9%99rind%c9%99-az%c9%99rbaycanin-adi\/\" \/>\n<meta property=\"og:locale\" content=\"az_AZ\" \/>\n<meta property=\"og:type\" content=\"article\" \/>\n<meta property=\"og:title\" content=\"Ep\u015fteynin yeni s\u0259n\u0259dl\u0259rind\u0259 Az\u0259rbaycan\u0131n ad\u0131 - MEYDAN.TV\" \/>\n<meta property=\"og:description\" content=\"AB\u015e \u018fdliyy\u0259 Nazirliyinin son g\u00fcnl\u0259rd\u0259 a\u00e7\u0131qlad\u0131\u011f\u0131 milyonlarla s\u0259hif\u0259lik Cefri Ep\u015fteyn ... Davam\u0131\" \/>\n<meta property=\"og:url\" content=\"https:\/\/www.meydan.tv\/az\/article\/epsteynin-yeni-s%c9%99n%c9%99dl%c9%99rind%c9%99-az%c9%99rbaycanin-adi\/\" \/>\n<meta property=\"og:site_name\" content=\"MEYDAN.TV\" \/>\n<meta property=\"article:published_time\" content=\"2026-02-02T13:40:41+00:00\" \/>\n<meta property=\"article:modified_time\" content=\"2026-02-02T13:40:43+00:00\" \/>\n<meta property=\"og:image\" content=\"https:\/\/www.meydan.tv\/wp-content\/uploads\/021-1200x586.png\" \/>\n\t<meta property=\"og:image:width\" content=\"1200\" \/>\n\t<meta property=\"og:image:height\" content=\"586\" \/>\n\t<meta property=\"og:image:type\" content=\"image\/png\" \/>\n<meta name=\"author\" content=\"mahmud\" \/>\n<meta name=\"twitter:card\" content=\"summary_large_image\" \/>\n<script type=\"application\/ld+json\" class=\"yoast-schema-graph\">{\"@context\":\"https:\\\/\\\/schema.org\",\"@graph\":[{\"@type\":\"Article\",\"@id\":\"https:\\\/\\\/www.meydan.tv\\\/az\\\/article\\\/epsteynin-yeni-s%c9%99n%c9%99dl%c9%99rind%c9%99-az%c9%99rbaycanin-adi\\\/#article\",\"isPartOf\":{\"@id\":\"https:\\\/\\\/www.meydan.tv\\\/az\\\/article\\\/epsteynin-yeni-s%c9%99n%c9%99dl%c9%99rind%c9%99-az%c9%99rbaycanin-adi\\\/\"},\"author\":{\"name\":\"mahmud\",\"@id\":\"https:\\\/\\\/www.meydan.tv\\\/az\\\/#\\\/schema\\\/person\\\/09863e516102a829e72bedcf3f84c6b0\"},\"headline\":\"Ep\u015fteynin yeni s\u0259n\u0259dl\u0259rind\u0259 Az\u0259rbaycan\u0131n ad\u0131\",\"datePublished\":\"2026-02-02T13:40:41+00:00\",\"dateModified\":\"2026-02-02T13:40:43+00:00\",\"mainEntityOfPage\":{\"@id\":\"https:\\\/\\\/www.meydan.tv\\\/az\\\/article\\\/epsteynin-yeni-s%c9%99n%c9%99dl%c9%99rind%c9%99-az%c9%99rbaycanin-adi\\\/\"},\"wordCount\":1414,\"publisher\":{\"@id\":\"https:\\\/\\\/www.meydan.tv\\\/az\\\/#organization\"},\"image\":{\"@id\":\"https:\\\/\\\/www.meydan.tv\\\/az\\\/article\\\/epsteynin-yeni-s%c9%99n%c9%99dl%c9%99rind%c9%99-az%c9%99rbaycanin-adi\\\/#primaryimage\"},\"thumbnailUrl\":\"https:\\\/\\\/www.meydan.tv\\\/wp-content\\\/uploads\\\/021.png\",\"articleSection\":[\"Redaktor se\u00e7imi\",\"Siyas\u0259t\",\"T\u00f6vsiy\u0259\",\"X\u0259b\u0259rl\u0259r\"],\"inLanguage\":\"az\"},{\"@type\":\"WebPage\",\"@id\":\"https:\\\/\\\/www.meydan.tv\\\/az\\\/article\\\/epsteynin-yeni-s%c9%99n%c9%99dl%c9%99rind%c9%99-az%c9%99rbaycanin-adi\\\/\",\"url\":\"https:\\\/\\\/www.meydan.tv\\\/az\\\/article\\\/epsteynin-yeni-s%c9%99n%c9%99dl%c9%99rind%c9%99-az%c9%99rbaycanin-adi\\\/\",\"name\":\"Ep\u015fteynin yeni s\u0259n\u0259dl\u0259rind\u0259 Az\u0259rbaycan\u0131n ad\u0131 - MEYDAN.TV\",\"isPartOf\":{\"@id\":\"https:\\\/\\\/www.meydan.tv\\\/az\\\/#website\"},\"primaryImageOfPage\":{\"@id\":\"https:\\\/\\\/www.meydan.tv\\\/az\\\/article\\\/epsteynin-yeni-s%c9%99n%c9%99dl%c9%99rind%c9%99-az%c9%99rbaycanin-adi\\\/#primaryimage\"},\"image\":{\"@id\":\"https:\\\/\\\/www.meydan.tv\\\/az\\\/article\\\/epsteynin-yeni-s%c9%99n%c9%99dl%c9%99rind%c9%99-az%c9%99rbaycanin-adi\\\/#primaryimage\"},\"thumbnailUrl\":\"https:\\\/\\\/www.meydan.tv\\\/wp-content\\\/uploads\\\/021.png\",\"datePublished\":\"2026-02-02T13:40:41+00:00\",\"dateModified\":\"2026-02-02T13:40:43+00:00\",\"breadcrumb\":{\"@id\":\"https:\\\/\\\/www.meydan.tv\\\/az\\\/article\\\/epsteynin-yeni-s%c9%99n%c9%99dl%c9%99rind%c9%99-az%c9%99rbaycanin-adi\\\/#breadcrumb\"},\"inLanguage\":\"az\",\"potentialAction\":[{\"@type\":\"ReadAction\",\"target\":[\"https:\\\/\\\/www.meydan.tv\\\/az\\\/article\\\/epsteynin-yeni-s%c9%99n%c9%99dl%c9%99rind%c9%99-az%c9%99rbaycanin-adi\\\/\"]}]},{\"@type\":\"ImageObject\",\"inLanguage\":\"az\",\"@id\":\"https:\\\/\\\/www.meydan.tv\\\/az\\\/article\\\/epsteynin-yeni-s%c9%99n%c9%99dl%c9%99rind%c9%99-az%c9%99rbaycanin-adi\\\/#primaryimage\",\"url\":\"https:\\\/\\\/www.meydan.tv\\\/wp-content\\\/uploads\\\/021.png\",\"contentUrl\":\"https:\\\/\\\/www.meydan.tv\\\/wp-content\\\/uploads\\\/021.png\",\"width\":1920,\"height\":938,\"caption\":\"Ep\u015fteyn - Foto: ChatGpt\"},{\"@type\":\"BreadcrumbList\",\"@id\":\"https:\\\/\\\/www.meydan.tv\\\/az\\\/article\\\/epsteynin-yeni-s%c9%99n%c9%99dl%c9%99rind%c9%99-az%c9%99rbaycanin-adi\\\/#breadcrumb\",\"itemListElement\":[{\"@type\":\"ListItem\",\"position\":1,\"name\":\"Ana s\u0259hif\u0259\",\"item\":\"https:\\\/\\\/www.meydan.tv\\\/az\\\/\"},{\"@type\":\"ListItem\",\"position\":2,\"name\":\"Siyas\u0259t\",\"item\":\"https:\\\/\\\/www.meydan.tv\\\/az\\\/section\\\/siyaset\\\/\"},{\"@type\":\"ListItem\",\"position\":3,\"name\":\"Ep\u015fteynin yeni s\u0259n\u0259dl\u0259rind\u0259 Az\u0259rbaycan\u0131n ad\u0131\"}]},{\"@type\":\"WebSite\",\"@id\":\"https:\\\/\\\/www.meydan.tv\\\/az\\\/#website\",\"url\":\"https:\\\/\\\/www.meydan.tv\\\/az\\\/\",\"name\":\"MEYDAN.TV\",\"description\":\"Meydan TV Az\u0259rbaycan\u0131n media m\u0259kan\u0131ndak\u0131 alternativ s\u0259sidir\",\"publisher\":{\"@id\":\"https:\\\/\\\/www.meydan.tv\\\/az\\\/#organization\"},\"potentialAction\":[{\"@type\":\"SearchAction\",\"target\":{\"@type\":\"EntryPoint\",\"urlTemplate\":\"https:\\\/\\\/www.meydan.tv\\\/az\\\/?s={search_term_string}\"},\"query-input\":{\"@type\":\"PropertyValueSpecification\",\"valueRequired\":true,\"valueName\":\"search_term_string\"}}],\"inLanguage\":\"az\"},{\"@type\":\"Organization\",\"@id\":\"https:\\\/\\\/www.meydan.tv\\\/az\\\/#organization\",\"name\":\"Meydan TV\",\"url\":\"https:\\\/\\\/www.meydan.tv\\\/az\\\/\",\"logo\":{\"@type\":\"ImageObject\",\"inLanguage\":\"az\",\"@id\":\"https:\\\/\\\/www.meydan.tv\\\/az\\\/#\\\/schema\\\/logo\\\/image\\\/\",\"url\":\"https:\\\/\\\/www.meydan.tv\\\/wp-content\\\/uploads\\\/2021\\\/07\\\/meydan-logo.svg\",\"contentUrl\":\"https:\\\/\\\/www.meydan.tv\\\/wp-content\\\/uploads\\\/2021\\\/07\\\/meydan-logo.svg\",\"width\":195,\"height\":46,\"caption\":\"Meydan TV\"},\"image\":{\"@id\":\"https:\\\/\\\/www.meydan.tv\\\/az\\\/#\\\/schema\\\/logo\\\/image\\\/\"}},{\"@type\":\"Person\",\"@id\":\"https:\\\/\\\/www.meydan.tv\\\/az\\\/#\\\/schema\\\/person\\\/09863e516102a829e72bedcf3f84c6b0\",\"name\":\"mahmud\"}]}<\/script>\n<!-- \/ Yoast SEO plugin. -->","yoast_head_json":{"title":"Ep\u015fteynin yeni s\u0259n\u0259dl\u0259rind\u0259 Az\u0259rbaycan\u0131n ad\u0131 - MEYDAN.TV","robots":{"index":"index","follow":"follow","max-snippet":"max-snippet:-1","max-image-preview":"max-image-preview:large","max-video-preview":"max-video-preview:-1"},"canonical":"https:\/\/www.meydan.tv\/az\/article\/epsteynin-yeni-s%c9%99n%c9%99dl%c9%99rind%c9%99-az%c9%99rbaycanin-adi\/","og_locale":"az_AZ","og_type":"article","og_title":"Ep\u015fteynin yeni s\u0259n\u0259dl\u0259rind\u0259 Az\u0259rbaycan\u0131n ad\u0131 - MEYDAN.TV","og_description":"AB\u015e \u018fdliyy\u0259 Nazirliyinin son g\u00fcnl\u0259rd\u0259 a\u00e7\u0131qlad\u0131\u011f\u0131 milyonlarla s\u0259hif\u0259lik Cefri Ep\u015fteyn ... Davam\u0131","og_url":"https:\/\/www.meydan.tv\/az\/article\/epsteynin-yeni-s%c9%99n%c9%99dl%c9%99rind%c9%99-az%c9%99rbaycanin-adi\/","og_site_name":"MEYDAN.TV","article_published_time":"2026-02-02T13:40:41+00:00","article_modified_time":"2026-02-02T13:40:43+00:00","og_image":[{"width":1200,"height":586,"url":"https:\/\/www.meydan.tv\/wp-content\/uploads\/021-1200x586.png","type":"image\/png"}],"author":"mahmud","twitter_card":"summary_large_image","schema":{"@context":"https:\/\/schema.org","@graph":[{"@type":"Article","@id":"https:\/\/www.meydan.tv\/az\/article\/epsteynin-yeni-s%c9%99n%c9%99dl%c9%99rind%c9%99-az%c9%99rbaycanin-adi\/#article","isPartOf":{"@id":"https:\/\/www.meydan.tv\/az\/article\/epsteynin-yeni-s%c9%99n%c9%99dl%c9%99rind%c9%99-az%c9%99rbaycanin-adi\/"},"author":{"name":"mahmud","@id":"https:\/\/www.meydan.tv\/az\/#\/schema\/person\/09863e516102a829e72bedcf3f84c6b0"},"headline":"Ep\u015fteynin yeni s\u0259n\u0259dl\u0259rind\u0259 Az\u0259rbaycan\u0131n ad\u0131","datePublished":"2026-02-02T13:40:41+00:00","dateModified":"2026-02-02T13:40:43+00:00","mainEntityOfPage":{"@id":"https:\/\/www.meydan.tv\/az\/article\/epsteynin-yeni-s%c9%99n%c9%99dl%c9%99rind%c9%99-az%c9%99rbaycanin-adi\/"},"wordCount":1414,"publisher":{"@id":"https:\/\/www.meydan.tv\/az\/#organization"},"image":{"@id":"https:\/\/www.meydan.tv\/az\/article\/epsteynin-yeni-s%c9%99n%c9%99dl%c9%99rind%c9%99-az%c9%99rbaycanin-adi\/#primaryimage"},"thumbnailUrl":"https:\/\/www.meydan.tv\/wp-content\/uploads\/021.png","articleSection":["Redaktor se\u00e7imi","Siyas\u0259t","T\u00f6vsiy\u0259","X\u0259b\u0259rl\u0259r"],"inLanguage":"az"},{"@type":"WebPage","@id":"https:\/\/www.meydan.tv\/az\/article\/epsteynin-yeni-s%c9%99n%c9%99dl%c9%99rind%c9%99-az%c9%99rbaycanin-adi\/","url":"https:\/\/www.meydan.tv\/az\/article\/epsteynin-yeni-s%c9%99n%c9%99dl%c9%99rind%c9%99-az%c9%99rbaycanin-adi\/","name":"Ep\u015fteynin yeni s\u0259n\u0259dl\u0259rind\u0259 Az\u0259rbaycan\u0131n ad\u0131 - MEYDAN.TV","isPartOf":{"@id":"https:\/\/www.meydan.tv\/az\/#website"},"primaryImageOfPage":{"@id":"https:\/\/www.meydan.tv\/az\/article\/epsteynin-yeni-s%c9%99n%c9%99dl%c9%99rind%c9%99-az%c9%99rbaycanin-adi\/#primaryimage"},"image":{"@id":"https:\/\/www.meydan.tv\/az\/article\/epsteynin-yeni-s%c9%99n%c9%99dl%c9%99rind%c9%99-az%c9%99rbaycanin-adi\/#primaryimage"},"thumbnailUrl":"https:\/\/www.meydan.tv\/wp-content\/uploads\/021.png","datePublished":"2026-02-02T13:40:41+00:00","dateModified":"2026-02-02T13:40:43+00:00","breadcrumb":{"@id":"https:\/\/www.meydan.tv\/az\/article\/epsteynin-yeni-s%c9%99n%c9%99dl%c9%99rind%c9%99-az%c9%99rbaycanin-adi\/#breadcrumb"},"inLanguage":"az","potentialAction":[{"@type":"ReadAction","target":["https:\/\/www.meydan.tv\/az\/article\/epsteynin-yeni-s%c9%99n%c9%99dl%c9%99rind%c9%99-az%c9%99rbaycanin-adi\/"]}]},{"@type":"ImageObject","inLanguage":"az","@id":"https:\/\/www.meydan.tv\/az\/article\/epsteynin-yeni-s%c9%99n%c9%99dl%c9%99rind%c9%99-az%c9%99rbaycanin-adi\/#primaryimage","url":"https:\/\/www.meydan.tv\/wp-content\/uploads\/021.png","contentUrl":"https:\/\/www.meydan.tv\/wp-content\/uploads\/021.png","width":1920,"height":938,"caption":"Ep\u015fteyn - Foto: ChatGpt"},{"@type":"BreadcrumbList","@id":"https:\/\/www.meydan.tv\/az\/article\/epsteynin-yeni-s%c9%99n%c9%99dl%c9%99rind%c9%99-az%c9%99rbaycanin-adi\/#breadcrumb","itemListElement":[{"@type":"ListItem","position":1,"name":"Ana s\u0259hif\u0259","item":"https:\/\/www.meydan.tv\/az\/"},{"@type":"ListItem","position":2,"name":"Siyas\u0259t","item":"https:\/\/www.meydan.tv\/az\/section\/siyaset\/"},{"@type":"ListItem","position":3,"name":"Ep\u015fteynin yeni s\u0259n\u0259dl\u0259rind\u0259 Az\u0259rbaycan\u0131n ad\u0131"}]},{"@type":"WebSite","@id":"https:\/\/www.meydan.tv\/az\/#website","url":"https:\/\/www.meydan.tv\/az\/","name":"MEYDAN.TV","description":"Meydan TV Az\u0259rbaycan\u0131n media m\u0259kan\u0131ndak\u0131 alternativ s\u0259sidir","publisher":{"@id":"https:\/\/www.meydan.tv\/az\/#organization"},"potentialAction":[{"@type":"SearchAction","target":{"@type":"EntryPoint","urlTemplate":"https:\/\/www.meydan.tv\/az\/?s={search_term_string}"},"query-input":{"@type":"PropertyValueSpecification","valueRequired":true,"valueName":"search_term_string"}}],"inLanguage":"az"},{"@type":"Organization","@id":"https:\/\/www.meydan.tv\/az\/#organization","name":"Meydan TV","url":"https:\/\/www.meydan.tv\/az\/","logo":{"@type":"ImageObject","inLanguage":"az","@id":"https:\/\/www.meydan.tv\/az\/#\/schema\/logo\/image\/","url":"https:\/\/www.meydan.tv\/wp-content\/uploads\/2021\/07\/meydan-logo.svg","contentUrl":"https:\/\/www.meydan.tv\/wp-content\/uploads\/2021\/07\/meydan-logo.svg","width":195,"height":46,"caption":"Meydan TV"},"image":{"@id":"https:\/\/www.meydan.tv\/az\/#\/schema\/logo\/image\/"}},{"@type":"Person","@id":"https:\/\/www.meydan.tv\/az\/#\/schema\/person\/09863e516102a829e72bedcf3f84c6b0","name":"mahmud"}]}},"_links":{"self":[{"href":"https:\/\/www.meydan.tv\/az\/wp-json\/wp\/v2\/posts\/340927","targetHints":{"allow":["GET"]}}],"collection":[{"href":"https:\/\/www.meydan.tv\/az\/wp-json\/wp\/v2\/posts"}],"about":[{"href":"https:\/\/www.meydan.tv\/az\/wp-json\/wp\/v2\/types\/post"}],"author":[{"embeddable":true,"href":"https:\/\/www.meydan.tv\/az\/wp-json\/wp\/v2\/users\/21"}],"replies":[{"embeddable":true,"href":"https:\/\/www.meydan.tv\/az\/wp-json\/wp\/v2\/comments?post=340927"}],"version-history":[{"count":1,"href":"https:\/\/www.meydan.tv\/az\/wp-json\/wp\/v2\/posts\/340927\/revisions"}],"predecessor-version":[{"id":340931,"href":"https:\/\/www.meydan.tv\/az\/wp-json\/wp\/v2\/posts\/340927\/revisions\/340931"}],"wp:featuredmedia":[{"embeddable":true,"href":"https:\/\/www.meydan.tv\/az\/wp-json\/wp\/v2\/media\/340928"}],"wp:attachment":[{"href":"https:\/\/www.meydan.tv\/az\/wp-json\/wp\/v2\/media?parent=340927"}],"wp:term":[{"taxonomy":"category","embeddable":true,"href":"https:\/\/www.meydan.tv\/az\/wp-json\/wp\/v2\/categories?post=340927"},{"taxonomy":"post_tag","embeddable":true,"href":"https:\/\/www.meydan.tv\/az\/wp-json\/wp\/v2\/tags?post=340927"}],"curies":[{"name":"wp","href":"https:\/\/api.w.org\/{rel}","templated":true}]}}