{"id":340632,"date":"2026-01-27T13:48:36","date_gmt":"2026-01-27T09:48:36","guid":{"rendered":"https:\/\/www.meydan.tv\/?p=340632"},"modified":"2026-01-27T13:48:38","modified_gmt":"2026-01-27T09:48:38","slug":"dtx-xarici-s%c9%99firliy%c9%99-hucum-planlasdiran-uc-n%c9%99f%c9%99r-saxlanilib","status":"publish","type":"post","link":"https:\/\/www.meydan.tv\/az\/article\/dtx-xarici-s%c9%99firliy%c9%99-hucum-planlasdiran-uc-n%c9%99f%c9%99r-saxlanilib\/","title":{"rendered":"DTX: Xarici s\u0259firliy\u0259 h\u00fccum planla\u015fd\u0131ran \u00fc\u00e7 n\u0259f\u0259r saxlan\u0131l\u0131b"},"content":{"rendered":"\n<p>D\u00f6vl\u0259t T\u0259hl\u00fck\u0259sizliyi Xidm\u0259ti (DTX) Az\u0259rbaycandak\u0131 xarici \u00f6lk\u0259 s\u0259firlikl\u0259rind\u0259n birin\u0259 qar\u015f\u0131 m\u00fcmk\u00fcn h\u00fccumla \u0259laq\u0259dar \u00fc\u00e7 Az\u0259rbaycan v\u0259t\u0259nda\u015f\u0131n\u0131n saxlan\u0131ld\u0131\u011f\u0131n\u0131 a\u00e7\u0131qlay\u0131b.<\/p>\n\n\n\n<p>DTX-n\u0131n <a href=\"https:\/\/www.dtx.gov.az\/az\/news\/1870.html\" target=\"_blank\" rel=\"noreferrer noopener nofollow\">m\u0259lumat\u0131nda <\/a>h\u00fccumun hans\u0131 s\u0259firliy\u0259 qar\u015f\u0131 planla\u015fd\u0131r\u0131ld\u0131\u011f\u0131 a\u00e7\u0131qlanmay\u0131b. Saxlan\u0131lan \u015f\u0259xsl\u0259rd\u0259n birinin 26, dig\u0259rinin is\u0259 21 ya\u015f\u0131n\u0131n oldu\u011fu bildirilir.<\/p>\n\n\n\n<p>Qurum onlar\u0131n dini motivl\u0259r z\u0259minind\u0259 terror akt\u0131 t\u00f6r\u0259tm\u0259y\u0259 haz\u0131rla\u015fd\u0131qlar\u0131na dair \u015f\u00fcbh\u0259l\u0259rin m\u00f6vcud oldu\u011funu qeyd edir.<\/p>\n\n\n\n<p>M\u0259lumatda iddia olunur ki, saxlan\u0131lan \u015f\u0259xsl\u0259r \u0130\u015e\u0130D-in \u201cVilay\u0259ti-Xorasan\u201d adl\u0131 qrupla\u015fmas\u0131 il\u0259 \u0259laq\u0259d\u0259 olublar v\u0259 qrup hal\u0131nda s\u0259firliy\u0259 h\u00fccum m\u0259qs\u0259dil\u0259 silah kimi istifad\u0259 edil\u0259 bil\u0259n \u0259\u015fyalar \u0259ld\u0259 edibl\u0259r.<\/p>\n\n\n\n<p>Qurumun bildirdiyin\u0259 g\u00f6r\u0259, \u015f\u00fcbh\u0259lil\u0259r s\u0259firliyin yerl\u0259\u015fdiyi \u0259raziy\u0259 yax\u0131nla\u015fd\u0131qlar\u0131 zaman saxlan\u0131l\u0131blar.<\/p>\n\n\n\n<p>Saxlan\u0131lanlar\u0131n qabaqcadan \u0259lbir olan bir qrup \u015f\u0259xs t\u0259r\u0259find\u0259n, silah qismind\u0259 istifad\u0259 olunan predmetl\u0259rd\u0259n istifad\u0259 etm\u0259kl\u0259, dini d\u00fc\u015fm\u0259n\u00e7ilik z\u0259minind\u0259 terror\u00e7ulu\u011fa haz\u0131rl\u0131q madd\u0259l\u0259ri il\u0259 t\u0259qsirl\u0259ndirildiyi v\u0259 bar\u0259l\u0259rind\u0259 m\u0259hk\u0259m\u0259nin q\u0259rar\u0131 il\u0259 h\u0259bs q\u0259timkan t\u0259dbiri se\u00e7ildiyi bildirilir.<\/p>\n","protected":false},"excerpt":{"rendered":"<p>D\u00f6vl\u0259t T\u0259hl\u00fck\u0259sizliyi Xidm\u0259ti (DTX) Az\u0259rbaycandak\u0131 xarici \u00f6lk\u0259 s\u0259firlikl\u0259rind\u0259n birin\u0259 qar\u015f\u0131 &#8230; <\/p>\n<p class=\"read-more-container\"><a title=\"DTX: Xarici s\u0259firliy\u0259 h\u00fccum planla\u015fd\u0131ran \u00fc\u00e7 n\u0259f\u0259r saxlan\u0131l\u0131b\" class=\"read-more button\" href=\"https:\/\/www.meydan.tv\/az\/article\/dtx-xarici-s%c9%99firliy%c9%99-hucum-planlasdiran-uc-n%c9%99f%c9%99r-saxlanilib\/#more-340632\" aria-label=\"Read more about DTX: Xarici s\u0259firliy\u0259 h\u00fccum planla\u015fd\u0131ran \u00fc\u00e7 n\u0259f\u0259r saxlan\u0131l\u0131b\">Davam\u0131<\/a><\/p>\n","protected":false},"author":21,"featured_media":208477,"comment_status":"closed","ping_status":"closed","sticky":false,"template":"","format":"standard","meta":{"_acf_changed":false,"_sitemap_exclude":false,"_sitemap_priority":"","_sitemap_frequency":"","footnotes":""},"categories":[59,56],"tags":[],"class_list":["post-340632","post","type-post","status-publish","format-standard","has-post-thumbnail","hentry","category-siyaset","category-xeberler","infinite-scroll-item","generate-columns","tablet-grid-50","mobile-grid-100","grid-parent","grid-33","no-featured-image-padding"],"acf":[],"yoast_head":"<!-- This site is optimized with the Yoast SEO plugin v27.4 - https:\/\/yoast.com\/product\/yoast-seo-wordpress\/ -->\n<title>DTX: Xarici s\u0259firliy\u0259 h\u00fccum planla\u015fd\u0131ran \u00fc\u00e7 n\u0259f\u0259r saxlan\u0131l\u0131b - MEYDAN.TV<\/title>\n<meta name=\"robots\" content=\"index, follow, max-snippet:-1, max-image-preview:large, max-video-preview:-1\" \/>\n<link rel=\"canonical\" href=\"https:\/\/www.meydan.tv\/az\/article\/dtx-xarici-s%c9%99firliy%c9%99-hucum-planlasdiran-uc-n%c9%99f%c9%99r-saxlanilib\/\" \/>\n<meta property=\"og:locale\" content=\"az_AZ\" \/>\n<meta property=\"og:type\" content=\"article\" \/>\n<meta property=\"og:title\" content=\"DTX: Xarici s\u0259firliy\u0259 h\u00fccum planla\u015fd\u0131ran \u00fc\u00e7 n\u0259f\u0259r saxlan\u0131l\u0131b - MEYDAN.TV\" \/>\n<meta property=\"og:description\" content=\"D\u00f6vl\u0259t T\u0259hl\u00fck\u0259sizliyi Xidm\u0259ti (DTX) Az\u0259rbaycandak\u0131 xarici \u00f6lk\u0259 s\u0259firlikl\u0259rind\u0259n birin\u0259 qar\u015f\u0131 ... Davam\u0131\" \/>\n<meta property=\"og:url\" content=\"https:\/\/www.meydan.tv\/az\/article\/dtx-xarici-s%c9%99firliy%c9%99-hucum-planlasdiran-uc-n%c9%99f%c9%99r-saxlanilib\/\" \/>\n<meta property=\"og:site_name\" content=\"MEYDAN.TV\" \/>\n<meta property=\"article:published_time\" content=\"2026-01-27T09:48:36+00:00\" \/>\n<meta property=\"article:modified_time\" content=\"2026-01-27T09:48:38+00:00\" \/>\n<meta property=\"og:image\" content=\"https:\/\/www.meydan.tv\/wp-content\/uploads\/dtx_pcf47bv.jpg\" \/>\n\t<meta property=\"og:image:width\" content=\"867\" \/>\n\t<meta property=\"og:image:height\" content=\"541\" \/>\n\t<meta property=\"og:image:type\" content=\"image\/jpeg\" \/>\n<meta name=\"author\" content=\"mahmud\" \/>\n<meta name=\"twitter:card\" content=\"summary_large_image\" \/>\n<script type=\"application\/ld+json\" class=\"yoast-schema-graph\">{\"@context\":\"https:\\\/\\\/schema.org\",\"@graph\":[{\"@type\":\"Article\",\"@id\":\"https:\\\/\\\/www.meydan.tv\\\/az\\\/article\\\/dtx-xarici-s%c9%99firliy%c9%99-hucum-planlasdiran-uc-n%c9%99f%c9%99r-saxlanilib\\\/#article\",\"isPartOf\":{\"@id\":\"https:\\\/\\\/www.meydan.tv\\\/az\\\/article\\\/dtx-xarici-s%c9%99firliy%c9%99-hucum-planlasdiran-uc-n%c9%99f%c9%99r-saxlanilib\\\/\"},\"author\":{\"name\":\"mahmud\",\"@id\":\"https:\\\/\\\/www.meydan.tv\\\/az\\\/#\\\/schema\\\/person\\\/09863e516102a829e72bedcf3f84c6b0\"},\"headline\":\"DTX: Xarici s\u0259firliy\u0259 h\u00fccum planla\u015fd\u0131ran \u00fc\u00e7 n\u0259f\u0259r saxlan\u0131l\u0131b\",\"datePublished\":\"2026-01-27T09:48:36+00:00\",\"dateModified\":\"2026-01-27T09:48:38+00:00\",\"mainEntityOfPage\":{\"@id\":\"https:\\\/\\\/www.meydan.tv\\\/az\\\/article\\\/dtx-xarici-s%c9%99firliy%c9%99-hucum-planlasdiran-uc-n%c9%99f%c9%99r-saxlanilib\\\/\"},\"wordCount\":240,\"publisher\":{\"@id\":\"https:\\\/\\\/www.meydan.tv\\\/az\\\/#organization\"},\"image\":{\"@id\":\"https:\\\/\\\/www.meydan.tv\\\/az\\\/article\\\/dtx-xarici-s%c9%99firliy%c9%99-hucum-planlasdiran-uc-n%c9%99f%c9%99r-saxlanilib\\\/#primaryimage\"},\"thumbnailUrl\":\"https:\\\/\\\/www.meydan.tv\\\/wp-content\\\/uploads\\\/dtx_pcf47bv.jpg\",\"articleSection\":[\"Siyas\u0259t\",\"X\u0259b\u0259rl\u0259r\"],\"inLanguage\":\"az\"},{\"@type\":\"WebPage\",\"@id\":\"https:\\\/\\\/www.meydan.tv\\\/az\\\/article\\\/dtx-xarici-s%c9%99firliy%c9%99-hucum-planlasdiran-uc-n%c9%99f%c9%99r-saxlanilib\\\/\",\"url\":\"https:\\\/\\\/www.meydan.tv\\\/az\\\/article\\\/dtx-xarici-s%c9%99firliy%c9%99-hucum-planlasdiran-uc-n%c9%99f%c9%99r-saxlanilib\\\/\",\"name\":\"DTX: Xarici s\u0259firliy\u0259 h\u00fccum planla\u015fd\u0131ran \u00fc\u00e7 n\u0259f\u0259r saxlan\u0131l\u0131b - MEYDAN.TV\",\"isPartOf\":{\"@id\":\"https:\\\/\\\/www.meydan.tv\\\/az\\\/#website\"},\"primaryImageOfPage\":{\"@id\":\"https:\\\/\\\/www.meydan.tv\\\/az\\\/article\\\/dtx-xarici-s%c9%99firliy%c9%99-hucum-planlasdiran-uc-n%c9%99f%c9%99r-saxlanilib\\\/#primaryimage\"},\"image\":{\"@id\":\"https:\\\/\\\/www.meydan.tv\\\/az\\\/article\\\/dtx-xarici-s%c9%99firliy%c9%99-hucum-planlasdiran-uc-n%c9%99f%c9%99r-saxlanilib\\\/#primaryimage\"},\"thumbnailUrl\":\"https:\\\/\\\/www.meydan.tv\\\/wp-content\\\/uploads\\\/dtx_pcf47bv.jpg\",\"datePublished\":\"2026-01-27T09:48:36+00:00\",\"dateModified\":\"2026-01-27T09:48:38+00:00\",\"breadcrumb\":{\"@id\":\"https:\\\/\\\/www.meydan.tv\\\/az\\\/article\\\/dtx-xarici-s%c9%99firliy%c9%99-hucum-planlasdiran-uc-n%c9%99f%c9%99r-saxlanilib\\\/#breadcrumb\"},\"inLanguage\":\"az\",\"potentialAction\":[{\"@type\":\"ReadAction\",\"target\":[\"https:\\\/\\\/www.meydan.tv\\\/az\\\/article\\\/dtx-xarici-s%c9%99firliy%c9%99-hucum-planlasdiran-uc-n%c9%99f%c9%99r-saxlanilib\\\/\"]}]},{\"@type\":\"ImageObject\",\"inLanguage\":\"az\",\"@id\":\"https:\\\/\\\/www.meydan.tv\\\/az\\\/article\\\/dtx-xarici-s%c9%99firliy%c9%99-hucum-planlasdiran-uc-n%c9%99f%c9%99r-saxlanilib\\\/#primaryimage\",\"url\":\"https:\\\/\\\/www.meydan.tv\\\/wp-content\\\/uploads\\\/dtx_pcf47bv.jpg\",\"contentUrl\":\"https:\\\/\\\/www.meydan.tv\\\/wp-content\\\/uploads\\\/dtx_pcf47bv.jpg\",\"width\":867,\"height\":541,\"caption\":\"\u0424\u043e\u0442\u043e: \u0413\u0421\u0411\"},{\"@type\":\"BreadcrumbList\",\"@id\":\"https:\\\/\\\/www.meydan.tv\\\/az\\\/article\\\/dtx-xarici-s%c9%99firliy%c9%99-hucum-planlasdiran-uc-n%c9%99f%c9%99r-saxlanilib\\\/#breadcrumb\",\"itemListElement\":[{\"@type\":\"ListItem\",\"position\":1,\"name\":\"Ana s\u0259hif\u0259\",\"item\":\"https:\\\/\\\/www.meydan.tv\\\/az\\\/\"},{\"@type\":\"ListItem\",\"position\":2,\"name\":\"Siyas\u0259t\",\"item\":\"https:\\\/\\\/www.meydan.tv\\\/az\\\/section\\\/siyaset\\\/\"},{\"@type\":\"ListItem\",\"position\":3,\"name\":\"DTX: Xarici s\u0259firliy\u0259 h\u00fccum planla\u015fd\u0131ran \u00fc\u00e7 n\u0259f\u0259r saxlan\u0131l\u0131b\"}]},{\"@type\":\"WebSite\",\"@id\":\"https:\\\/\\\/www.meydan.tv\\\/az\\\/#website\",\"url\":\"https:\\\/\\\/www.meydan.tv\\\/az\\\/\",\"name\":\"MEYDAN.TV\",\"description\":\"Meydan TV Az\u0259rbaycan\u0131n media m\u0259kan\u0131ndak\u0131 alternativ s\u0259sidir\",\"publisher\":{\"@id\":\"https:\\\/\\\/www.meydan.tv\\\/az\\\/#organization\"},\"potentialAction\":[{\"@type\":\"SearchAction\",\"target\":{\"@type\":\"EntryPoint\",\"urlTemplate\":\"https:\\\/\\\/www.meydan.tv\\\/az\\\/?s={search_term_string}\"},\"query-input\":{\"@type\":\"PropertyValueSpecification\",\"valueRequired\":true,\"valueName\":\"search_term_string\"}}],\"inLanguage\":\"az\"},{\"@type\":\"Organization\",\"@id\":\"https:\\\/\\\/www.meydan.tv\\\/az\\\/#organization\",\"name\":\"Meydan TV\",\"url\":\"https:\\\/\\\/www.meydan.tv\\\/az\\\/\",\"logo\":{\"@type\":\"ImageObject\",\"inLanguage\":\"az\",\"@id\":\"https:\\\/\\\/www.meydan.tv\\\/az\\\/#\\\/schema\\\/logo\\\/image\\\/\",\"url\":\"https:\\\/\\\/www.meydan.tv\\\/wp-content\\\/uploads\\\/2021\\\/07\\\/meydan-logo.svg\",\"contentUrl\":\"https:\\\/\\\/www.meydan.tv\\\/wp-content\\\/uploads\\\/2021\\\/07\\\/meydan-logo.svg\",\"width\":195,\"height\":46,\"caption\":\"Meydan TV\"},\"image\":{\"@id\":\"https:\\\/\\\/www.meydan.tv\\\/az\\\/#\\\/schema\\\/logo\\\/image\\\/\"}},{\"@type\":\"Person\",\"@id\":\"https:\\\/\\\/www.meydan.tv\\\/az\\\/#\\\/schema\\\/person\\\/09863e516102a829e72bedcf3f84c6b0\",\"name\":\"mahmud\"}]}<\/script>\n<!-- \/ Yoast SEO plugin. -->","yoast_head_json":{"title":"DTX: Xarici s\u0259firliy\u0259 h\u00fccum planla\u015fd\u0131ran \u00fc\u00e7 n\u0259f\u0259r saxlan\u0131l\u0131b - MEYDAN.TV","robots":{"index":"index","follow":"follow","max-snippet":"max-snippet:-1","max-image-preview":"max-image-preview:large","max-video-preview":"max-video-preview:-1"},"canonical":"https:\/\/www.meydan.tv\/az\/article\/dtx-xarici-s%c9%99firliy%c9%99-hucum-planlasdiran-uc-n%c9%99f%c9%99r-saxlanilib\/","og_locale":"az_AZ","og_type":"article","og_title":"DTX: Xarici s\u0259firliy\u0259 h\u00fccum planla\u015fd\u0131ran \u00fc\u00e7 n\u0259f\u0259r saxlan\u0131l\u0131b - MEYDAN.TV","og_description":"D\u00f6vl\u0259t T\u0259hl\u00fck\u0259sizliyi Xidm\u0259ti (DTX) Az\u0259rbaycandak\u0131 xarici \u00f6lk\u0259 s\u0259firlikl\u0259rind\u0259n birin\u0259 qar\u015f\u0131 ... Davam\u0131","og_url":"https:\/\/www.meydan.tv\/az\/article\/dtx-xarici-s%c9%99firliy%c9%99-hucum-planlasdiran-uc-n%c9%99f%c9%99r-saxlanilib\/","og_site_name":"MEYDAN.TV","article_published_time":"2026-01-27T09:48:36+00:00","article_modified_time":"2026-01-27T09:48:38+00:00","og_image":[{"width":867,"height":541,"url":"https:\/\/www.meydan.tv\/wp-content\/uploads\/dtx_pcf47bv.jpg","type":"image\/jpeg"}],"author":"mahmud","twitter_card":"summary_large_image","schema":{"@context":"https:\/\/schema.org","@graph":[{"@type":"Article","@id":"https:\/\/www.meydan.tv\/az\/article\/dtx-xarici-s%c9%99firliy%c9%99-hucum-planlasdiran-uc-n%c9%99f%c9%99r-saxlanilib\/#article","isPartOf":{"@id":"https:\/\/www.meydan.tv\/az\/article\/dtx-xarici-s%c9%99firliy%c9%99-hucum-planlasdiran-uc-n%c9%99f%c9%99r-saxlanilib\/"},"author":{"name":"mahmud","@id":"https:\/\/www.meydan.tv\/az\/#\/schema\/person\/09863e516102a829e72bedcf3f84c6b0"},"headline":"DTX: Xarici s\u0259firliy\u0259 h\u00fccum planla\u015fd\u0131ran \u00fc\u00e7 n\u0259f\u0259r saxlan\u0131l\u0131b","datePublished":"2026-01-27T09:48:36+00:00","dateModified":"2026-01-27T09:48:38+00:00","mainEntityOfPage":{"@id":"https:\/\/www.meydan.tv\/az\/article\/dtx-xarici-s%c9%99firliy%c9%99-hucum-planlasdiran-uc-n%c9%99f%c9%99r-saxlanilib\/"},"wordCount":240,"publisher":{"@id":"https:\/\/www.meydan.tv\/az\/#organization"},"image":{"@id":"https:\/\/www.meydan.tv\/az\/article\/dtx-xarici-s%c9%99firliy%c9%99-hucum-planlasdiran-uc-n%c9%99f%c9%99r-saxlanilib\/#primaryimage"},"thumbnailUrl":"https:\/\/www.meydan.tv\/wp-content\/uploads\/dtx_pcf47bv.jpg","articleSection":["Siyas\u0259t","X\u0259b\u0259rl\u0259r"],"inLanguage":"az"},{"@type":"WebPage","@id":"https:\/\/www.meydan.tv\/az\/article\/dtx-xarici-s%c9%99firliy%c9%99-hucum-planlasdiran-uc-n%c9%99f%c9%99r-saxlanilib\/","url":"https:\/\/www.meydan.tv\/az\/article\/dtx-xarici-s%c9%99firliy%c9%99-hucum-planlasdiran-uc-n%c9%99f%c9%99r-saxlanilib\/","name":"DTX: Xarici s\u0259firliy\u0259 h\u00fccum planla\u015fd\u0131ran \u00fc\u00e7 n\u0259f\u0259r saxlan\u0131l\u0131b - MEYDAN.TV","isPartOf":{"@id":"https:\/\/www.meydan.tv\/az\/#website"},"primaryImageOfPage":{"@id":"https:\/\/www.meydan.tv\/az\/article\/dtx-xarici-s%c9%99firliy%c9%99-hucum-planlasdiran-uc-n%c9%99f%c9%99r-saxlanilib\/#primaryimage"},"image":{"@id":"https:\/\/www.meydan.tv\/az\/article\/dtx-xarici-s%c9%99firliy%c9%99-hucum-planlasdiran-uc-n%c9%99f%c9%99r-saxlanilib\/#primaryimage"},"thumbnailUrl":"https:\/\/www.meydan.tv\/wp-content\/uploads\/dtx_pcf47bv.jpg","datePublished":"2026-01-27T09:48:36+00:00","dateModified":"2026-01-27T09:48:38+00:00","breadcrumb":{"@id":"https:\/\/www.meydan.tv\/az\/article\/dtx-xarici-s%c9%99firliy%c9%99-hucum-planlasdiran-uc-n%c9%99f%c9%99r-saxlanilib\/#breadcrumb"},"inLanguage":"az","potentialAction":[{"@type":"ReadAction","target":["https:\/\/www.meydan.tv\/az\/article\/dtx-xarici-s%c9%99firliy%c9%99-hucum-planlasdiran-uc-n%c9%99f%c9%99r-saxlanilib\/"]}]},{"@type":"ImageObject","inLanguage":"az","@id":"https:\/\/www.meydan.tv\/az\/article\/dtx-xarici-s%c9%99firliy%c9%99-hucum-planlasdiran-uc-n%c9%99f%c9%99r-saxlanilib\/#primaryimage","url":"https:\/\/www.meydan.tv\/wp-content\/uploads\/dtx_pcf47bv.jpg","contentUrl":"https:\/\/www.meydan.tv\/wp-content\/uploads\/dtx_pcf47bv.jpg","width":867,"height":541,"caption":"\u0424\u043e\u0442\u043e: \u0413\u0421\u0411"},{"@type":"BreadcrumbList","@id":"https:\/\/www.meydan.tv\/az\/article\/dtx-xarici-s%c9%99firliy%c9%99-hucum-planlasdiran-uc-n%c9%99f%c9%99r-saxlanilib\/#breadcrumb","itemListElement":[{"@type":"ListItem","position":1,"name":"Ana s\u0259hif\u0259","item":"https:\/\/www.meydan.tv\/az\/"},{"@type":"ListItem","position":2,"name":"Siyas\u0259t","item":"https:\/\/www.meydan.tv\/az\/section\/siyaset\/"},{"@type":"ListItem","position":3,"name":"DTX: Xarici s\u0259firliy\u0259 h\u00fccum planla\u015fd\u0131ran \u00fc\u00e7 n\u0259f\u0259r saxlan\u0131l\u0131b"}]},{"@type":"WebSite","@id":"https:\/\/www.meydan.tv\/az\/#website","url":"https:\/\/www.meydan.tv\/az\/","name":"MEYDAN.TV","description":"Meydan TV Az\u0259rbaycan\u0131n media m\u0259kan\u0131ndak\u0131 alternativ s\u0259sidir","publisher":{"@id":"https:\/\/www.meydan.tv\/az\/#organization"},"potentialAction":[{"@type":"SearchAction","target":{"@type":"EntryPoint","urlTemplate":"https:\/\/www.meydan.tv\/az\/?s={search_term_string}"},"query-input":{"@type":"PropertyValueSpecification","valueRequired":true,"valueName":"search_term_string"}}],"inLanguage":"az"},{"@type":"Organization","@id":"https:\/\/www.meydan.tv\/az\/#organization","name":"Meydan TV","url":"https:\/\/www.meydan.tv\/az\/","logo":{"@type":"ImageObject","inLanguage":"az","@id":"https:\/\/www.meydan.tv\/az\/#\/schema\/logo\/image\/","url":"https:\/\/www.meydan.tv\/wp-content\/uploads\/2021\/07\/meydan-logo.svg","contentUrl":"https:\/\/www.meydan.tv\/wp-content\/uploads\/2021\/07\/meydan-logo.svg","width":195,"height":46,"caption":"Meydan TV"},"image":{"@id":"https:\/\/www.meydan.tv\/az\/#\/schema\/logo\/image\/"}},{"@type":"Person","@id":"https:\/\/www.meydan.tv\/az\/#\/schema\/person\/09863e516102a829e72bedcf3f84c6b0","name":"mahmud"}]}},"_links":{"self":[{"href":"https:\/\/www.meydan.tv\/az\/wp-json\/wp\/v2\/posts\/340632","targetHints":{"allow":["GET"]}}],"collection":[{"href":"https:\/\/www.meydan.tv\/az\/wp-json\/wp\/v2\/posts"}],"about":[{"href":"https:\/\/www.meydan.tv\/az\/wp-json\/wp\/v2\/types\/post"}],"author":[{"embeddable":true,"href":"https:\/\/www.meydan.tv\/az\/wp-json\/wp\/v2\/users\/21"}],"replies":[{"embeddable":true,"href":"https:\/\/www.meydan.tv\/az\/wp-json\/wp\/v2\/comments?post=340632"}],"version-history":[{"count":1,"href":"https:\/\/www.meydan.tv\/az\/wp-json\/wp\/v2\/posts\/340632\/revisions"}],"predecessor-version":[{"id":340633,"href":"https:\/\/www.meydan.tv\/az\/wp-json\/wp\/v2\/posts\/340632\/revisions\/340633"}],"wp:featuredmedia":[{"embeddable":true,"href":"https:\/\/www.meydan.tv\/az\/wp-json\/wp\/v2\/media\/208477"}],"wp:attachment":[{"href":"https:\/\/www.meydan.tv\/az\/wp-json\/wp\/v2\/media?parent=340632"}],"wp:term":[{"taxonomy":"category","embeddable":true,"href":"https:\/\/www.meydan.tv\/az\/wp-json\/wp\/v2\/categories?post=340632"},{"taxonomy":"post_tag","embeddable":true,"href":"https:\/\/www.meydan.tv\/az\/wp-json\/wp\/v2\/tags?post=340632"}],"curies":[{"name":"wp","href":"https:\/\/api.w.org\/{rel}","templated":true}]}}