{"id":339898,"date":"2026-01-07T14:14:39","date_gmt":"2026-01-07T10:14:39","guid":{"rendered":"https:\/\/www.meydan.tv\/?p=339898"},"modified":"2026-01-07T14:14:42","modified_gmt":"2026-01-07T10:14:42","slug":"x%c9%99z%c9%99r-d%c9%99niz-g%c9%99miciliyin%c9%99-m%c9%99xsus-bes-g%c9%99mi-sanksiyalara-m%c9%99ruz-qalib","status":"publish","type":"post","link":"https:\/\/www.meydan.tv\/az\/article\/x%c9%99z%c9%99r-d%c9%99niz-g%c9%99miciliyin%c9%99-m%c9%99xsus-bes-g%c9%99mi-sanksiyalara-m%c9%99ruz-qalib\/","title":{"rendered":"X\u0259z\u0259r D\u0259niz G\u0259mi\u00e7iliyin\u0259 m\u0259xsus be\u015f g\u0259mi sanksiyalara m\u0259ruz qal\u0131b"},"content":{"rendered":"\n<p>2025-ci ild\u0259 Az\u0259rbaycan X\u0259z\u0259r D\u0259niz G\u0259mi\u00e7iliyin\u0259 (ASCO) m\u0259xsus v\u0259 ya onunla birg\u0259 m\u00fclkiyy\u0259td\u0259 olan \u00fcmumilikd\u0259 be\u015f g\u0259mi Rusiyaya aid xam neftin da\u015f\u0131nmas\u0131 iddias\u0131 il\u0259 beyn\u0259lxalq sanksiyalara m\u0259ruz qal\u0131b.<\/p>\n\n\n\n<p>Bu bar\u0259d\u0259 ASCO-nun illik hesabat\u0131nda <a href=\"https:\/\/en.apa.az\/entrepreneurship\/azerbaijan-caspian-shipping-company-prepares-appeal-over-sanctions-imposed-on-five-vessels-488303\" target=\"_blank\" rel=\"noreferrer noopener nofollow\">deyilir.<\/a><\/p>\n\n\n\n<p>Bildirilir ki, \u015firk\u0259tin birg\u0259 m\u00fc\u0259ssis\u0259si olan \u201cSA Maritime AFZECO\u201d vasit\u0259sil\u0259 sahib oldu\u011fu \u00fc\u00e7 g\u0259mi Avropa \u0130ttifaq\u0131, B\u00f6y\u00fck Britaniya v\u0259 Kanadan\u0131n sanksiyalar\u0131na d\u00fc\u015f\u00fcb.<\/p>\n\n\n\n<p>M\u0259lumata \u0259sas\u0259n, ASCO r\u0259hb\u0259rliyi m\u0259s\u0259l\u0259 il\u0259 ba\u011fl\u0131 h\u00fcquqi ara\u015fd\u0131rmaya ba\u015flay\u0131b v\u0259 n\u0259 \u015firk\u0259tin, n\u0259 d\u0259 onun birg\u0259 m\u00fc\u0259ssis\u0259sinin m\u00fcvafiq sanksiya t\u0259l\u0259bl\u0259rini pozmad\u0131\u011f\u0131n\u0131 s\u00fcbut etm\u0259k m\u0259qs\u0259dil\u0259 apellyasiya m\u00fcraci\u0259ti haz\u0131rlay\u0131b.<\/p>\n\n\n\n<p>Haz\u0131rda apellyasiya prosesinin n\u0259tic\u0259si v\u0259 m\u00fcdd\u0259ti qeyri-m\u00fc\u0259yy\u0259n olaraq qal\u0131r. Bildirilir ki, sanksiyalar ASCO-nun v\u0259 onun birg\u0259 m\u00fc\u0259ssis\u0259sinin g\u0259l\u0259c\u0259k f\u0259aliyy\u0259tin\u0259 v\u0259 maliyy\u0259 v\u0259ziyy\u0259tin\u0259 \u0259h\u0259miyy\u0259tli t\u0259sir g\u00f6st\u0259r\u0259 bil\u0259r.<\/p>\n\n\n\n<p>H\u0259m\u00e7inin qeyd olunur ki, ASCO v\u0259ziyy\u0259ti yax\u0131ndan izl\u0259yir v\u0259 prosesin inki\u015faf\u0131ndan as\u0131l\u0131 olaraq m\u00fcvafiq t\u0259dbirl\u0259r g\u00f6r\u00fcl\u0259c\u0259k.<\/p>\n\n\n\n<p>2022-ci ilin fevral\u0131nda Ukraynaya h\u0259rbi m\u00fcdaxil\u0259sin\u0259 cavab olaraq Avropa \u0130ttifaq\u0131 Rusiyaya qar\u015f\u0131 sanksiyalar t\u0259tbiq edib.<\/p>\n\n\n\n<p>Haz\u0131rda 2600-d\u0259n art\u0131q fiziki v\u0259 h\u00fcquqi \u015f\u0259xs\u0259 sanksiya t\u0259tbiq edilib.<\/p>\n","protected":false},"excerpt":{"rendered":"<p>2025-ci ild\u0259 Az\u0259rbaycan X\u0259z\u0259r D\u0259niz G\u0259mi\u00e7iliyin\u0259 (ASCO) m\u0259xsus v\u0259 ya &#8230; <\/p>\n<p class=\"read-more-container\"><a title=\"X\u0259z\u0259r D\u0259niz G\u0259mi\u00e7iliyin\u0259 m\u0259xsus be\u015f g\u0259mi sanksiyalara m\u0259ruz qal\u0131b\" class=\"read-more button\" href=\"https:\/\/www.meydan.tv\/az\/article\/x%c9%99z%c9%99r-d%c9%99niz-g%c9%99miciliyin%c9%99-m%c9%99xsus-bes-g%c9%99mi-sanksiyalara-m%c9%99ruz-qalib\/#more-339898\" aria-label=\"Read more about X\u0259z\u0259r D\u0259niz G\u0259mi\u00e7iliyin\u0259 m\u0259xsus be\u015f g\u0259mi sanksiyalara m\u0259ruz qal\u0131b\">Davam\u0131<\/a><\/p>\n","protected":false},"author":21,"featured_media":330247,"comment_status":"closed","ping_status":"closed","sticky":false,"template":"","format":"standard","meta":{"_acf_changed":false,"_sitemap_exclude":false,"_sitemap_priority":"","_sitemap_frequency":"","footnotes":""},"categories":[59,79,56],"tags":[],"class_list":["post-339898","post","type-post","status-publish","format-standard","has-post-thumbnail","hentry","category-siyaset","category-featured","category-xeberler","infinite-scroll-item","generate-columns","tablet-grid-50","mobile-grid-100","grid-parent","grid-33","no-featured-image-padding"],"acf":[],"yoast_head":"<!-- This site is optimized with the Yoast SEO plugin v27.4 - https:\/\/yoast.com\/product\/yoast-seo-wordpress\/ -->\n<title>X\u0259z\u0259r D\u0259niz G\u0259mi\u00e7iliyin\u0259 m\u0259xsus be\u015f g\u0259mi sanksiyalara m\u0259ruz qal\u0131b - MEYDAN.TV<\/title>\n<meta name=\"robots\" content=\"index, follow, max-snippet:-1, max-image-preview:large, max-video-preview:-1\" \/>\n<link rel=\"canonical\" href=\"https:\/\/www.meydan.tv\/az\/article\/x%c9%99z%c9%99r-d%c9%99niz-g%c9%99miciliyin%c9%99-m%c9%99xsus-bes-g%c9%99mi-sanksiyalara-m%c9%99ruz-qalib\/\" \/>\n<meta property=\"og:locale\" content=\"az_AZ\" \/>\n<meta property=\"og:type\" content=\"article\" \/>\n<meta property=\"og:title\" content=\"X\u0259z\u0259r D\u0259niz G\u0259mi\u00e7iliyin\u0259 m\u0259xsus be\u015f g\u0259mi sanksiyalara m\u0259ruz qal\u0131b - MEYDAN.TV\" \/>\n<meta property=\"og:description\" content=\"2025-ci ild\u0259 Az\u0259rbaycan X\u0259z\u0259r D\u0259niz G\u0259mi\u00e7iliyin\u0259 (ASCO) m\u0259xsus v\u0259 ya ... Davam\u0131\" \/>\n<meta property=\"og:url\" content=\"https:\/\/www.meydan.tv\/az\/article\/x%c9%99z%c9%99r-d%c9%99niz-g%c9%99miciliyin%c9%99-m%c9%99xsus-bes-g%c9%99mi-sanksiyalara-m%c9%99ruz-qalib\/\" \/>\n<meta property=\"og:site_name\" content=\"MEYDAN.TV\" \/>\n<meta property=\"article:published_time\" content=\"2026-01-07T10:14:39+00:00\" \/>\n<meta property=\"article:modified_time\" content=\"2026-01-07T10:14:42+00:00\" \/>\n<meta property=\"og:image\" content=\"https:\/\/www.meydan.tv\/wp-content\/uploads\/screenshot_2025-05-13_at_16.51.42_720.png\" \/>\n\t<meta property=\"og:image:width\" content=\"720\" \/>\n\t<meta property=\"og:image:height\" content=\"338\" \/>\n\t<meta property=\"og:image:type\" content=\"image\/png\" \/>\n<meta name=\"author\" content=\"mahmud\" \/>\n<meta name=\"twitter:card\" content=\"summary_large_image\" \/>\n<script type=\"application\/ld+json\" class=\"yoast-schema-graph\">{\"@context\":\"https:\\\/\\\/schema.org\",\"@graph\":[{\"@type\":\"Article\",\"@id\":\"https:\\\/\\\/www.meydan.tv\\\/az\\\/article\\\/x%c9%99z%c9%99r-d%c9%99niz-g%c9%99miciliyin%c9%99-m%c9%99xsus-bes-g%c9%99mi-sanksiyalara-m%c9%99ruz-qalib\\\/#article\",\"isPartOf\":{\"@id\":\"https:\\\/\\\/www.meydan.tv\\\/az\\\/article\\\/x%c9%99z%c9%99r-d%c9%99niz-g%c9%99miciliyin%c9%99-m%c9%99xsus-bes-g%c9%99mi-sanksiyalara-m%c9%99ruz-qalib\\\/\"},\"author\":{\"name\":\"mahmud\",\"@id\":\"https:\\\/\\\/www.meydan.tv\\\/az\\\/#\\\/schema\\\/person\\\/09863e516102a829e72bedcf3f84c6b0\"},\"headline\":\"X\u0259z\u0259r D\u0259niz G\u0259mi\u00e7iliyin\u0259 m\u0259xsus be\u015f g\u0259mi sanksiyalara m\u0259ruz qal\u0131b\",\"datePublished\":\"2026-01-07T10:14:39+00:00\",\"dateModified\":\"2026-01-07T10:14:42+00:00\",\"mainEntityOfPage\":{\"@id\":\"https:\\\/\\\/www.meydan.tv\\\/az\\\/article\\\/x%c9%99z%c9%99r-d%c9%99niz-g%c9%99miciliyin%c9%99-m%c9%99xsus-bes-g%c9%99mi-sanksiyalara-m%c9%99ruz-qalib\\\/\"},\"wordCount\":272,\"publisher\":{\"@id\":\"https:\\\/\\\/www.meydan.tv\\\/az\\\/#organization\"},\"image\":{\"@id\":\"https:\\\/\\\/www.meydan.tv\\\/az\\\/article\\\/x%c9%99z%c9%99r-d%c9%99niz-g%c9%99miciliyin%c9%99-m%c9%99xsus-bes-g%c9%99mi-sanksiyalara-m%c9%99ruz-qalib\\\/#primaryimage\"},\"thumbnailUrl\":\"https:\\\/\\\/www.meydan.tv\\\/wp-content\\\/uploads\\\/screenshot_2025-05-13_at_16.51.42_720.png\",\"articleSection\":[\"Siyas\u0259t\",\"T\u00f6vsiy\u0259\",\"X\u0259b\u0259rl\u0259r\"],\"inLanguage\":\"az\"},{\"@type\":\"WebPage\",\"@id\":\"https:\\\/\\\/www.meydan.tv\\\/az\\\/article\\\/x%c9%99z%c9%99r-d%c9%99niz-g%c9%99miciliyin%c9%99-m%c9%99xsus-bes-g%c9%99mi-sanksiyalara-m%c9%99ruz-qalib\\\/\",\"url\":\"https:\\\/\\\/www.meydan.tv\\\/az\\\/article\\\/x%c9%99z%c9%99r-d%c9%99niz-g%c9%99miciliyin%c9%99-m%c9%99xsus-bes-g%c9%99mi-sanksiyalara-m%c9%99ruz-qalib\\\/\",\"name\":\"X\u0259z\u0259r D\u0259niz G\u0259mi\u00e7iliyin\u0259 m\u0259xsus be\u015f g\u0259mi sanksiyalara m\u0259ruz qal\u0131b - MEYDAN.TV\",\"isPartOf\":{\"@id\":\"https:\\\/\\\/www.meydan.tv\\\/az\\\/#website\"},\"primaryImageOfPage\":{\"@id\":\"https:\\\/\\\/www.meydan.tv\\\/az\\\/article\\\/x%c9%99z%c9%99r-d%c9%99niz-g%c9%99miciliyin%c9%99-m%c9%99xsus-bes-g%c9%99mi-sanksiyalara-m%c9%99ruz-qalib\\\/#primaryimage\"},\"image\":{\"@id\":\"https:\\\/\\\/www.meydan.tv\\\/az\\\/article\\\/x%c9%99z%c9%99r-d%c9%99niz-g%c9%99miciliyin%c9%99-m%c9%99xsus-bes-g%c9%99mi-sanksiyalara-m%c9%99ruz-qalib\\\/#primaryimage\"},\"thumbnailUrl\":\"https:\\\/\\\/www.meydan.tv\\\/wp-content\\\/uploads\\\/screenshot_2025-05-13_at_16.51.42_720.png\",\"datePublished\":\"2026-01-07T10:14:39+00:00\",\"dateModified\":\"2026-01-07T10:14:42+00:00\",\"breadcrumb\":{\"@id\":\"https:\\\/\\\/www.meydan.tv\\\/az\\\/article\\\/x%c9%99z%c9%99r-d%c9%99niz-g%c9%99miciliyin%c9%99-m%c9%99xsus-bes-g%c9%99mi-sanksiyalara-m%c9%99ruz-qalib\\\/#breadcrumb\"},\"inLanguage\":\"az\",\"potentialAction\":[{\"@type\":\"ReadAction\",\"target\":[\"https:\\\/\\\/www.meydan.tv\\\/az\\\/article\\\/x%c9%99z%c9%99r-d%c9%99niz-g%c9%99miciliyin%c9%99-m%c9%99xsus-bes-g%c9%99mi-sanksiyalara-m%c9%99ruz-qalib\\\/\"]}]},{\"@type\":\"ImageObject\",\"inLanguage\":\"az\",\"@id\":\"https:\\\/\\\/www.meydan.tv\\\/az\\\/article\\\/x%c9%99z%c9%99r-d%c9%99niz-g%c9%99miciliyin%c9%99-m%c9%99xsus-bes-g%c9%99mi-sanksiyalara-m%c9%99ruz-qalib\\\/#primaryimage\",\"url\":\"https:\\\/\\\/www.meydan.tv\\\/wp-content\\\/uploads\\\/screenshot_2025-05-13_at_16.51.42_720.png\",\"contentUrl\":\"https:\\\/\\\/www.meydan.tv\\\/wp-content\\\/uploads\\\/screenshot_2025-05-13_at_16.51.42_720.png\",\"width\":720,\"height\":338,\"caption\":\"Foto: Az\u0259rbaycan X\u0259z\u0259r D\u0259niz G\u0259mi\u00e7iliyi\"},{\"@type\":\"BreadcrumbList\",\"@id\":\"https:\\\/\\\/www.meydan.tv\\\/az\\\/article\\\/x%c9%99z%c9%99r-d%c9%99niz-g%c9%99miciliyin%c9%99-m%c9%99xsus-bes-g%c9%99mi-sanksiyalara-m%c9%99ruz-qalib\\\/#breadcrumb\",\"itemListElement\":[{\"@type\":\"ListItem\",\"position\":1,\"name\":\"Ana s\u0259hif\u0259\",\"item\":\"https:\\\/\\\/www.meydan.tv\\\/az\\\/\"},{\"@type\":\"ListItem\",\"position\":2,\"name\":\"Siyas\u0259t\",\"item\":\"https:\\\/\\\/www.meydan.tv\\\/az\\\/section\\\/siyaset\\\/\"},{\"@type\":\"ListItem\",\"position\":3,\"name\":\"X\u0259z\u0259r D\u0259niz G\u0259mi\u00e7iliyin\u0259 m\u0259xsus be\u015f g\u0259mi sanksiyalara m\u0259ruz qal\u0131b\"}]},{\"@type\":\"WebSite\",\"@id\":\"https:\\\/\\\/www.meydan.tv\\\/az\\\/#website\",\"url\":\"https:\\\/\\\/www.meydan.tv\\\/az\\\/\",\"name\":\"MEYDAN.TV\",\"description\":\"Meydan TV Az\u0259rbaycan\u0131n media m\u0259kan\u0131ndak\u0131 alternativ s\u0259sidir\",\"publisher\":{\"@id\":\"https:\\\/\\\/www.meydan.tv\\\/az\\\/#organization\"},\"potentialAction\":[{\"@type\":\"SearchAction\",\"target\":{\"@type\":\"EntryPoint\",\"urlTemplate\":\"https:\\\/\\\/www.meydan.tv\\\/az\\\/?s={search_term_string}\"},\"query-input\":{\"@type\":\"PropertyValueSpecification\",\"valueRequired\":true,\"valueName\":\"search_term_string\"}}],\"inLanguage\":\"az\"},{\"@type\":\"Organization\",\"@id\":\"https:\\\/\\\/www.meydan.tv\\\/az\\\/#organization\",\"name\":\"Meydan TV\",\"url\":\"https:\\\/\\\/www.meydan.tv\\\/az\\\/\",\"logo\":{\"@type\":\"ImageObject\",\"inLanguage\":\"az\",\"@id\":\"https:\\\/\\\/www.meydan.tv\\\/az\\\/#\\\/schema\\\/logo\\\/image\\\/\",\"url\":\"https:\\\/\\\/www.meydan.tv\\\/wp-content\\\/uploads\\\/2021\\\/07\\\/meydan-logo.svg\",\"contentUrl\":\"https:\\\/\\\/www.meydan.tv\\\/wp-content\\\/uploads\\\/2021\\\/07\\\/meydan-logo.svg\",\"width\":195,\"height\":46,\"caption\":\"Meydan TV\"},\"image\":{\"@id\":\"https:\\\/\\\/www.meydan.tv\\\/az\\\/#\\\/schema\\\/logo\\\/image\\\/\"}},{\"@type\":\"Person\",\"@id\":\"https:\\\/\\\/www.meydan.tv\\\/az\\\/#\\\/schema\\\/person\\\/09863e516102a829e72bedcf3f84c6b0\",\"name\":\"mahmud\"}]}<\/script>\n<!-- \/ Yoast SEO plugin. -->","yoast_head_json":{"title":"X\u0259z\u0259r D\u0259niz G\u0259mi\u00e7iliyin\u0259 m\u0259xsus be\u015f g\u0259mi sanksiyalara m\u0259ruz qal\u0131b - MEYDAN.TV","robots":{"index":"index","follow":"follow","max-snippet":"max-snippet:-1","max-image-preview":"max-image-preview:large","max-video-preview":"max-video-preview:-1"},"canonical":"https:\/\/www.meydan.tv\/az\/article\/x%c9%99z%c9%99r-d%c9%99niz-g%c9%99miciliyin%c9%99-m%c9%99xsus-bes-g%c9%99mi-sanksiyalara-m%c9%99ruz-qalib\/","og_locale":"az_AZ","og_type":"article","og_title":"X\u0259z\u0259r D\u0259niz G\u0259mi\u00e7iliyin\u0259 m\u0259xsus be\u015f g\u0259mi sanksiyalara m\u0259ruz qal\u0131b - MEYDAN.TV","og_description":"2025-ci ild\u0259 Az\u0259rbaycan X\u0259z\u0259r D\u0259niz G\u0259mi\u00e7iliyin\u0259 (ASCO) m\u0259xsus v\u0259 ya ... Davam\u0131","og_url":"https:\/\/www.meydan.tv\/az\/article\/x%c9%99z%c9%99r-d%c9%99niz-g%c9%99miciliyin%c9%99-m%c9%99xsus-bes-g%c9%99mi-sanksiyalara-m%c9%99ruz-qalib\/","og_site_name":"MEYDAN.TV","article_published_time":"2026-01-07T10:14:39+00:00","article_modified_time":"2026-01-07T10:14:42+00:00","og_image":[{"width":720,"height":338,"url":"https:\/\/www.meydan.tv\/wp-content\/uploads\/screenshot_2025-05-13_at_16.51.42_720.png","type":"image\/png"}],"author":"mahmud","twitter_card":"summary_large_image","schema":{"@context":"https:\/\/schema.org","@graph":[{"@type":"Article","@id":"https:\/\/www.meydan.tv\/az\/article\/x%c9%99z%c9%99r-d%c9%99niz-g%c9%99miciliyin%c9%99-m%c9%99xsus-bes-g%c9%99mi-sanksiyalara-m%c9%99ruz-qalib\/#article","isPartOf":{"@id":"https:\/\/www.meydan.tv\/az\/article\/x%c9%99z%c9%99r-d%c9%99niz-g%c9%99miciliyin%c9%99-m%c9%99xsus-bes-g%c9%99mi-sanksiyalara-m%c9%99ruz-qalib\/"},"author":{"name":"mahmud","@id":"https:\/\/www.meydan.tv\/az\/#\/schema\/person\/09863e516102a829e72bedcf3f84c6b0"},"headline":"X\u0259z\u0259r D\u0259niz G\u0259mi\u00e7iliyin\u0259 m\u0259xsus be\u015f g\u0259mi sanksiyalara m\u0259ruz qal\u0131b","datePublished":"2026-01-07T10:14:39+00:00","dateModified":"2026-01-07T10:14:42+00:00","mainEntityOfPage":{"@id":"https:\/\/www.meydan.tv\/az\/article\/x%c9%99z%c9%99r-d%c9%99niz-g%c9%99miciliyin%c9%99-m%c9%99xsus-bes-g%c9%99mi-sanksiyalara-m%c9%99ruz-qalib\/"},"wordCount":272,"publisher":{"@id":"https:\/\/www.meydan.tv\/az\/#organization"},"image":{"@id":"https:\/\/www.meydan.tv\/az\/article\/x%c9%99z%c9%99r-d%c9%99niz-g%c9%99miciliyin%c9%99-m%c9%99xsus-bes-g%c9%99mi-sanksiyalara-m%c9%99ruz-qalib\/#primaryimage"},"thumbnailUrl":"https:\/\/www.meydan.tv\/wp-content\/uploads\/screenshot_2025-05-13_at_16.51.42_720.png","articleSection":["Siyas\u0259t","T\u00f6vsiy\u0259","X\u0259b\u0259rl\u0259r"],"inLanguage":"az"},{"@type":"WebPage","@id":"https:\/\/www.meydan.tv\/az\/article\/x%c9%99z%c9%99r-d%c9%99niz-g%c9%99miciliyin%c9%99-m%c9%99xsus-bes-g%c9%99mi-sanksiyalara-m%c9%99ruz-qalib\/","url":"https:\/\/www.meydan.tv\/az\/article\/x%c9%99z%c9%99r-d%c9%99niz-g%c9%99miciliyin%c9%99-m%c9%99xsus-bes-g%c9%99mi-sanksiyalara-m%c9%99ruz-qalib\/","name":"X\u0259z\u0259r D\u0259niz G\u0259mi\u00e7iliyin\u0259 m\u0259xsus be\u015f g\u0259mi sanksiyalara m\u0259ruz qal\u0131b - MEYDAN.TV","isPartOf":{"@id":"https:\/\/www.meydan.tv\/az\/#website"},"primaryImageOfPage":{"@id":"https:\/\/www.meydan.tv\/az\/article\/x%c9%99z%c9%99r-d%c9%99niz-g%c9%99miciliyin%c9%99-m%c9%99xsus-bes-g%c9%99mi-sanksiyalara-m%c9%99ruz-qalib\/#primaryimage"},"image":{"@id":"https:\/\/www.meydan.tv\/az\/article\/x%c9%99z%c9%99r-d%c9%99niz-g%c9%99miciliyin%c9%99-m%c9%99xsus-bes-g%c9%99mi-sanksiyalara-m%c9%99ruz-qalib\/#primaryimage"},"thumbnailUrl":"https:\/\/www.meydan.tv\/wp-content\/uploads\/screenshot_2025-05-13_at_16.51.42_720.png","datePublished":"2026-01-07T10:14:39+00:00","dateModified":"2026-01-07T10:14:42+00:00","breadcrumb":{"@id":"https:\/\/www.meydan.tv\/az\/article\/x%c9%99z%c9%99r-d%c9%99niz-g%c9%99miciliyin%c9%99-m%c9%99xsus-bes-g%c9%99mi-sanksiyalara-m%c9%99ruz-qalib\/#breadcrumb"},"inLanguage":"az","potentialAction":[{"@type":"ReadAction","target":["https:\/\/www.meydan.tv\/az\/article\/x%c9%99z%c9%99r-d%c9%99niz-g%c9%99miciliyin%c9%99-m%c9%99xsus-bes-g%c9%99mi-sanksiyalara-m%c9%99ruz-qalib\/"]}]},{"@type":"ImageObject","inLanguage":"az","@id":"https:\/\/www.meydan.tv\/az\/article\/x%c9%99z%c9%99r-d%c9%99niz-g%c9%99miciliyin%c9%99-m%c9%99xsus-bes-g%c9%99mi-sanksiyalara-m%c9%99ruz-qalib\/#primaryimage","url":"https:\/\/www.meydan.tv\/wp-content\/uploads\/screenshot_2025-05-13_at_16.51.42_720.png","contentUrl":"https:\/\/www.meydan.tv\/wp-content\/uploads\/screenshot_2025-05-13_at_16.51.42_720.png","width":720,"height":338,"caption":"Foto: Az\u0259rbaycan X\u0259z\u0259r D\u0259niz G\u0259mi\u00e7iliyi"},{"@type":"BreadcrumbList","@id":"https:\/\/www.meydan.tv\/az\/article\/x%c9%99z%c9%99r-d%c9%99niz-g%c9%99miciliyin%c9%99-m%c9%99xsus-bes-g%c9%99mi-sanksiyalara-m%c9%99ruz-qalib\/#breadcrumb","itemListElement":[{"@type":"ListItem","position":1,"name":"Ana s\u0259hif\u0259","item":"https:\/\/www.meydan.tv\/az\/"},{"@type":"ListItem","position":2,"name":"Siyas\u0259t","item":"https:\/\/www.meydan.tv\/az\/section\/siyaset\/"},{"@type":"ListItem","position":3,"name":"X\u0259z\u0259r D\u0259niz G\u0259mi\u00e7iliyin\u0259 m\u0259xsus be\u015f g\u0259mi sanksiyalara m\u0259ruz qal\u0131b"}]},{"@type":"WebSite","@id":"https:\/\/www.meydan.tv\/az\/#website","url":"https:\/\/www.meydan.tv\/az\/","name":"MEYDAN.TV","description":"Meydan TV Az\u0259rbaycan\u0131n media m\u0259kan\u0131ndak\u0131 alternativ s\u0259sidir","publisher":{"@id":"https:\/\/www.meydan.tv\/az\/#organization"},"potentialAction":[{"@type":"SearchAction","target":{"@type":"EntryPoint","urlTemplate":"https:\/\/www.meydan.tv\/az\/?s={search_term_string}"},"query-input":{"@type":"PropertyValueSpecification","valueRequired":true,"valueName":"search_term_string"}}],"inLanguage":"az"},{"@type":"Organization","@id":"https:\/\/www.meydan.tv\/az\/#organization","name":"Meydan TV","url":"https:\/\/www.meydan.tv\/az\/","logo":{"@type":"ImageObject","inLanguage":"az","@id":"https:\/\/www.meydan.tv\/az\/#\/schema\/logo\/image\/","url":"https:\/\/www.meydan.tv\/wp-content\/uploads\/2021\/07\/meydan-logo.svg","contentUrl":"https:\/\/www.meydan.tv\/wp-content\/uploads\/2021\/07\/meydan-logo.svg","width":195,"height":46,"caption":"Meydan TV"},"image":{"@id":"https:\/\/www.meydan.tv\/az\/#\/schema\/logo\/image\/"}},{"@type":"Person","@id":"https:\/\/www.meydan.tv\/az\/#\/schema\/person\/09863e516102a829e72bedcf3f84c6b0","name":"mahmud"}]}},"_links":{"self":[{"href":"https:\/\/www.meydan.tv\/az\/wp-json\/wp\/v2\/posts\/339898","targetHints":{"allow":["GET"]}}],"collection":[{"href":"https:\/\/www.meydan.tv\/az\/wp-json\/wp\/v2\/posts"}],"about":[{"href":"https:\/\/www.meydan.tv\/az\/wp-json\/wp\/v2\/types\/post"}],"author":[{"embeddable":true,"href":"https:\/\/www.meydan.tv\/az\/wp-json\/wp\/v2\/users\/21"}],"replies":[{"embeddable":true,"href":"https:\/\/www.meydan.tv\/az\/wp-json\/wp\/v2\/comments?post=339898"}],"version-history":[{"count":1,"href":"https:\/\/www.meydan.tv\/az\/wp-json\/wp\/v2\/posts\/339898\/revisions"}],"predecessor-version":[{"id":339900,"href":"https:\/\/www.meydan.tv\/az\/wp-json\/wp\/v2\/posts\/339898\/revisions\/339900"}],"wp:featuredmedia":[{"embeddable":true,"href":"https:\/\/www.meydan.tv\/az\/wp-json\/wp\/v2\/media\/330247"}],"wp:attachment":[{"href":"https:\/\/www.meydan.tv\/az\/wp-json\/wp\/v2\/media?parent=339898"}],"wp:term":[{"taxonomy":"category","embeddable":true,"href":"https:\/\/www.meydan.tv\/az\/wp-json\/wp\/v2\/categories?post=339898"},{"taxonomy":"post_tag","embeddable":true,"href":"https:\/\/www.meydan.tv\/az\/wp-json\/wp\/v2\/tags?post=339898"}],"curies":[{"name":"wp","href":"https:\/\/api.w.org\/{rel}","templated":true}]}}