{"id":339270,"date":"2025-12-18T16:29:30","date_gmt":"2025-12-18T12:29:30","guid":{"rendered":"https:\/\/www.meydan.tv\/?p=339270"},"modified":"2025-12-18T16:48:05","modified_gmt":"2025-12-18T12:48:05","slug":"avropa-parlamenti-az%c9%99rbaycanda-insan-huquqlarinin-v%c9%99ziyy%c9%99ti-il%c9%99-bagli-q%c9%99tnam%c9%99-q%c9%99bul-edib","status":"publish","type":"post","link":"https:\/\/www.meydan.tv\/az\/article\/avropa-parlamenti-az%c9%99rbaycanda-insan-huquqlarinin-v%c9%99ziyy%c9%99ti-il%c9%99-bagli-q%c9%99tnam%c9%99-q%c9%99bul-edib\/","title":{"rendered":"Avropa Parlamenti Az\u0259rbaycanda insan h\u00fcquqlar\u0131n\u0131n v\u0259ziyy\u0259ti il\u0259 ba\u011fl\u0131 q\u0259tnam\u0259 q\u0259bul edib"},"content":{"rendered":"\n<p>Dekabr\u0131n 18-d\u0259 Avropa Parlamenti Az\u0259rbaycanda insan h\u00fcquqlar\u0131n\u0131n v\u0259ziyy\u0259ti il\u0259 ba\u011fl\u0131 yeni q\u0259tnam\u0259 q\u0259bul edib.<\/p>\n\n\n\n<p>Q\u0259tnam\u0259d\u0259 Az\u0259rbaycanda elmi t\u0259dqiqat\u00e7\u0131lar B\u0259hruz S\u0259m\u0259dov v\u0259 \u0130qbal \u018fbilovun h\u0259bs v\u0259 m\u0259hkum olunmas\u0131 q\u0259tiyy\u0259tl\u0259 pisl\u0259nir. S\u0259n\u0259dd\u0259 vur\u011fulan\u0131r ki, 2025-ci ilin \u0259vv\u0259ll\u0259rind\u0259n \u00f6lk\u0259d\u0259 siyasi motivl\u0259rl\u0259 h\u0259bs olunanlar\u0131n say\u0131 t\u0259xmin\u0259n 400 n\u0259f\u0259r\u0259 \u00e7at\u0131b. H\u0259bs olunanlar aras\u0131nda jurnalistl\u0259r, akademikl\u0259r v\u0259 insan h\u00fcquqlar\u0131 m\u00fcdafi\u0259\u00e7il\u0259ri d\u0259 var.<\/p>\n\n\n\n<p>Q\u0259tnam\u0259d\u0259 deyilir ki, \u0130qbal \u018fbilov v\u0259 B\u0259hruz S\u0259m\u0259dov d\u00f6vl\u0259t\u0259 x\u0259yan\u0259t ittiham\u0131 il\u0259 m\u00fcvafiq olaraq 18 v\u0259 15 il h\u0259bs c\u0259zas\u0131na m\u0259hkum edilibl\u0259r. Onlar\u0131n m\u0259hk\u0259m\u0259l\u0259ri qapal\u0131 ke\u00e7irilib, beyn\u0259lxalq \u0259dal\u0259tli m\u0259hk\u0259m\u0259 standartlar\u0131 pozulub, t\u0259qdim olunan s\u00fcbutlar yaln\u0131z Erm\u0259nistan aliml\u0259ri il\u0259 \u0259laq\u0259l\u0259r\u0259 \u0259saslan\u0131b. H\u0259bs m\u00fcdd\u0259tind\u0259 h\u0259r iki akademikin sa\u011flaml\u0131q v\u0259ziyy\u0259ti pisl\u0259\u015fib.<\/p>\n\n\n\n<p>Q\u0259tnam\u0259d\u0259 h\u0259m\u00e7inin Az\u0259rbaycan Xalq C\u0259bh\u0259si Partiyas\u0131n\u0131n s\u0259dri \u018fli K\u0259rimlinin dekabr\u0131n 1-d\u0259 d\u00f6vl\u0259t \u00e7evrili\u015fi ittiham\u0131 il\u0259 h\u0259bs olunmas\u0131 da qeyd olunur.<\/p>\n\n\n\n<p>Avropa Parlamenti Az\u0259rbaycan h\u00f6kum\u0259tini b\u00fct\u00fcn siyasi m\u0259hbuslar\u0131 d\u0259rhal azad etm\u0259y\u0259, \u0259dal\u0259tli m\u0259hk\u0259m\u0259 prosesini t\u0259min etm\u0259y\u0259 v\u0259 t\u0259zyiql\u0259ri dayand\u0131rma\u011fa \u00e7a\u011f\u0131r\u0131r. Eyni zamanda \u018fli K\u0259rimlinin h\u0259bsin\u0259 etiraz ifad\u0259 edilir v\u0259 onun d\u0259rhal azad olunmas\u0131 t\u0259l\u0259b olunur. S\u0259n\u0259dd\u0259 milli t\u0259hl\u00fck\u0259sizlik qanunvericiliyind\u0259n ifad\u0259 v\u0259 akademik azadl\u0131qlar\u0131n m\u0259hdudla\u015fd\u0131r\u0131lmas\u0131 \u00fc\u00e7\u00fcn istifad\u0259 edilm\u0259sin\u0259 narahatl\u0131q bildirilir v\u0259 Az\u0259rbaycan beyn\u0259lxalq insan h\u00fcquqlar\u0131 standartlar\u0131na uy\u011fun qanunvericilik haz\u0131rlama\u011fa \u00e7a\u011f\u0131r\u0131l\u0131r.<\/p>\n\n\n\n<p>Avropa Parlamenti A\u0130-nin Qlobal \u0130nsan H\u00fcquqlar\u0131 Sanksiyalar\u0131 Rejimi \u00e7\u0259r\u00e7iv\u0259sind\u0259 m\u0259sul v\u0259zif\u0259li \u015f\u0259xsl\u0259r\u0259 qar\u015f\u0131 t\u0259dbirl\u0259rin n\u0259z\u0259rd\u0259n ke\u00e7irilm\u0259sini t\u0259klif edir. Eyni zamanda A\u0130-nin Bak\u0131dak\u0131 n\u00fcmay\u0259nd\u0259liyin\u0259 bu i\u015fl\u0259ri yax\u0131ndan izl\u0259m\u0259k tap\u015f\u0131r\u0131l\u0131r.<\/p>\n\n\n\n<p>S\u0259n\u0259dd\u0259 vur\u011fulan\u0131r ki, Az\u0259rbaycanla g\u0259l\u0259c\u0259k t\u0259r\u0259fda\u015fl\u0131q sazi\u015fl\u0259ri insan h\u00fcquqlar\u0131, h\u00fcququn aliliyi v\u0259 siyasi m\u0259hbuslar\u0131n azad edilm\u0259si sah\u0259sind\u0259 real ir\u0259lil\u0259yi\u015fl\u0259rd\u0259n as\u0131l\u0131 olmal\u0131d\u0131r.<\/p>\n\n\n\n<p>Q\u0259tnam\u0259d\u0259 h\u0259m\u00e7inin Az\u0259rbaycan s\u0259rh\u0259dl\u0259rind\u0259n k\u0259narda insan h\u00fcquqlar\u0131n\u0131n pozulmas\u0131, x\u00fcsusil\u0259 Avropa \u0130ttifaq\u0131nda h\u0259d\u0259fli q\u0259tl planlar\u0131 v\u0259 \u00fczv d\u00f6vl\u0259tl\u0259rin daxili i\u015fl\u0259rin\u0259 m\u00fcdaxil\u0259 ed\u0259n destabilizasiya kampaniyalar\u0131 t\u0259nqid olunur.<\/p>\n\n\n\n<p>Q\u0259tnam\u0259nin q\u0259bulunda 553 Avropa Parlamentinin \u00fczv\u00fc i\u015ftirak edib. Onlardan 477-i lehin\u0259, 7-i \u0259leyhin\u0259 s\u0259s verib.<\/p>\n","protected":false},"excerpt":{"rendered":"<p>Dekabr\u0131n 18-d\u0259 Avropa Parlamenti Az\u0259rbaycanda insan h\u00fcquqlar\u0131n\u0131n v\u0259ziyy\u0259ti il\u0259 ba\u011fl\u0131 &#8230; <\/p>\n<p class=\"read-more-container\"><a title=\"Avropa Parlamenti Az\u0259rbaycanda insan h\u00fcquqlar\u0131n\u0131n v\u0259ziyy\u0259ti il\u0259 ba\u011fl\u0131 q\u0259tnam\u0259 q\u0259bul edib\" class=\"read-more button\" href=\"https:\/\/www.meydan.tv\/az\/article\/avropa-parlamenti-az%c9%99rbaycanda-insan-huquqlarinin-v%c9%99ziyy%c9%99ti-il%c9%99-bagli-q%c9%99tnam%c9%99-q%c9%99bul-edib\/#more-339270\" aria-label=\"Read more about Avropa Parlamenti Az\u0259rbaycanda insan h\u00fcquqlar\u0131n\u0131n v\u0259ziyy\u0259ti il\u0259 ba\u011fl\u0131 q\u0259tnam\u0259 q\u0259bul edib\">Davam\u0131<\/a><\/p>\n","protected":false},"author":21,"featured_media":339272,"comment_status":"closed","ping_status":"closed","sticky":false,"template":"","format":"standard","meta":{"_acf_changed":false,"_sitemap_exclude":false,"_sitemap_priority":"","_sitemap_frequency":"","footnotes":""},"categories":[59,79,56],"tags":[],"class_list":["post-339270","post","type-post","status-publish","format-standard","has-post-thumbnail","hentry","category-siyaset","category-featured","category-xeberler","infinite-scroll-item","generate-columns","tablet-grid-50","mobile-grid-100","grid-parent","grid-33","no-featured-image-padding"],"acf":[],"yoast_head":"<!-- This site is optimized with the Yoast SEO plugin v27.4 - https:\/\/yoast.com\/product\/yoast-seo-wordpress\/ -->\n<title>Avropa Parlamenti Az\u0259rbaycanda insan h\u00fcquqlar\u0131n\u0131n v\u0259ziyy\u0259ti il\u0259 ba\u011fl\u0131 q\u0259tnam\u0259 q\u0259bul edib - MEYDAN.TV<\/title>\n<meta name=\"robots\" content=\"index, follow, max-snippet:-1, max-image-preview:large, max-video-preview:-1\" \/>\n<link rel=\"canonical\" href=\"https:\/\/www.meydan.tv\/az\/article\/avropa-parlamenti-az%c9%99rbaycanda-insan-huquqlarinin-v%c9%99ziyy%c9%99ti-il%c9%99-bagli-q%c9%99tnam%c9%99-q%c9%99bul-edib\/\" \/>\n<meta property=\"og:locale\" content=\"az_AZ\" \/>\n<meta property=\"og:type\" content=\"article\" \/>\n<meta property=\"og:title\" content=\"Avropa Parlamenti Az\u0259rbaycanda insan h\u00fcquqlar\u0131n\u0131n v\u0259ziyy\u0259ti il\u0259 ba\u011fl\u0131 q\u0259tnam\u0259 q\u0259bul edib - MEYDAN.TV\" \/>\n<meta property=\"og:description\" content=\"Dekabr\u0131n 18-d\u0259 Avropa Parlamenti Az\u0259rbaycanda insan h\u00fcquqlar\u0131n\u0131n v\u0259ziyy\u0259ti il\u0259 ba\u011fl\u0131 ... Davam\u0131\" \/>\n<meta property=\"og:url\" content=\"https:\/\/www.meydan.tv\/az\/article\/avropa-parlamenti-az%c9%99rbaycanda-insan-huquqlarinin-v%c9%99ziyy%c9%99ti-il%c9%99-bagli-q%c9%99tnam%c9%99-q%c9%99bul-edib\/\" \/>\n<meta property=\"og:site_name\" content=\"MEYDAN.TV\" \/>\n<meta property=\"article:published_time\" content=\"2025-12-18T12:29:30+00:00\" \/>\n<meta property=\"article:modified_time\" content=\"2025-12-18T12:48:05+00:00\" \/>\n<meta property=\"og:image\" content=\"https:\/\/www.meydan.tv\/wp-content\/uploads\/eu-4.jpg\" \/>\n\t<meta property=\"og:image:width\" content=\"1681\" \/>\n\t<meta property=\"og:image:height\" content=\"1119\" \/>\n\t<meta property=\"og:image:type\" content=\"image\/jpeg\" \/>\n<meta name=\"author\" content=\"mahmud\" \/>\n<meta name=\"twitter:card\" content=\"summary_large_image\" \/>\n<script type=\"application\/ld+json\" class=\"yoast-schema-graph\">{\"@context\":\"https:\\\/\\\/schema.org\",\"@graph\":[{\"@type\":\"Article\",\"@id\":\"https:\\\/\\\/www.meydan.tv\\\/az\\\/article\\\/avropa-parlamenti-az%c9%99rbaycanda-insan-huquqlarinin-v%c9%99ziyy%c9%99ti-il%c9%99-bagli-q%c9%99tnam%c9%99-q%c9%99bul-edib\\\/#article\",\"isPartOf\":{\"@id\":\"https:\\\/\\\/www.meydan.tv\\\/az\\\/article\\\/avropa-parlamenti-az%c9%99rbaycanda-insan-huquqlarinin-v%c9%99ziyy%c9%99ti-il%c9%99-bagli-q%c9%99tnam%c9%99-q%c9%99bul-edib\\\/\"},\"author\":{\"name\":\"mahmud\",\"@id\":\"https:\\\/\\\/www.meydan.tv\\\/az\\\/#\\\/schema\\\/person\\\/09863e516102a829e72bedcf3f84c6b0\"},\"headline\":\"Avropa Parlamenti Az\u0259rbaycanda insan h\u00fcquqlar\u0131n\u0131n v\u0259ziyy\u0259ti il\u0259 ba\u011fl\u0131 q\u0259tnam\u0259 q\u0259bul edib\",\"datePublished\":\"2025-12-18T12:29:30+00:00\",\"dateModified\":\"2025-12-18T12:48:05+00:00\",\"mainEntityOfPage\":{\"@id\":\"https:\\\/\\\/www.meydan.tv\\\/az\\\/article\\\/avropa-parlamenti-az%c9%99rbaycanda-insan-huquqlarinin-v%c9%99ziyy%c9%99ti-il%c9%99-bagli-q%c9%99tnam%c9%99-q%c9%99bul-edib\\\/\"},\"wordCount\":528,\"publisher\":{\"@id\":\"https:\\\/\\\/www.meydan.tv\\\/az\\\/#organization\"},\"image\":{\"@id\":\"https:\\\/\\\/www.meydan.tv\\\/az\\\/article\\\/avropa-parlamenti-az%c9%99rbaycanda-insan-huquqlarinin-v%c9%99ziyy%c9%99ti-il%c9%99-bagli-q%c9%99tnam%c9%99-q%c9%99bul-edib\\\/#primaryimage\"},\"thumbnailUrl\":\"https:\\\/\\\/www.meydan.tv\\\/wp-content\\\/uploads\\\/eu-4.jpg\",\"articleSection\":[\"Siyas\u0259t\",\"T\u00f6vsiy\u0259\",\"X\u0259b\u0259rl\u0259r\"],\"inLanguage\":\"az\"},{\"@type\":\"WebPage\",\"@id\":\"https:\\\/\\\/www.meydan.tv\\\/az\\\/article\\\/avropa-parlamenti-az%c9%99rbaycanda-insan-huquqlarinin-v%c9%99ziyy%c9%99ti-il%c9%99-bagli-q%c9%99tnam%c9%99-q%c9%99bul-edib\\\/\",\"url\":\"https:\\\/\\\/www.meydan.tv\\\/az\\\/article\\\/avropa-parlamenti-az%c9%99rbaycanda-insan-huquqlarinin-v%c9%99ziyy%c9%99ti-il%c9%99-bagli-q%c9%99tnam%c9%99-q%c9%99bul-edib\\\/\",\"name\":\"Avropa Parlamenti Az\u0259rbaycanda insan h\u00fcquqlar\u0131n\u0131n v\u0259ziyy\u0259ti il\u0259 ba\u011fl\u0131 q\u0259tnam\u0259 q\u0259bul edib - MEYDAN.TV\",\"isPartOf\":{\"@id\":\"https:\\\/\\\/www.meydan.tv\\\/az\\\/#website\"},\"primaryImageOfPage\":{\"@id\":\"https:\\\/\\\/www.meydan.tv\\\/az\\\/article\\\/avropa-parlamenti-az%c9%99rbaycanda-insan-huquqlarinin-v%c9%99ziyy%c9%99ti-il%c9%99-bagli-q%c9%99tnam%c9%99-q%c9%99bul-edib\\\/#primaryimage\"},\"image\":{\"@id\":\"https:\\\/\\\/www.meydan.tv\\\/az\\\/article\\\/avropa-parlamenti-az%c9%99rbaycanda-insan-huquqlarinin-v%c9%99ziyy%c9%99ti-il%c9%99-bagli-q%c9%99tnam%c9%99-q%c9%99bul-edib\\\/#primaryimage\"},\"thumbnailUrl\":\"https:\\\/\\\/www.meydan.tv\\\/wp-content\\\/uploads\\\/eu-4.jpg\",\"datePublished\":\"2025-12-18T12:29:30+00:00\",\"dateModified\":\"2025-12-18T12:48:05+00:00\",\"breadcrumb\":{\"@id\":\"https:\\\/\\\/www.meydan.tv\\\/az\\\/article\\\/avropa-parlamenti-az%c9%99rbaycanda-insan-huquqlarinin-v%c9%99ziyy%c9%99ti-il%c9%99-bagli-q%c9%99tnam%c9%99-q%c9%99bul-edib\\\/#breadcrumb\"},\"inLanguage\":\"az\",\"potentialAction\":[{\"@type\":\"ReadAction\",\"target\":[\"https:\\\/\\\/www.meydan.tv\\\/az\\\/article\\\/avropa-parlamenti-az%c9%99rbaycanda-insan-huquqlarinin-v%c9%99ziyy%c9%99ti-il%c9%99-bagli-q%c9%99tnam%c9%99-q%c9%99bul-edib\\\/\"]}]},{\"@type\":\"ImageObject\",\"inLanguage\":\"az\",\"@id\":\"https:\\\/\\\/www.meydan.tv\\\/az\\\/article\\\/avropa-parlamenti-az%c9%99rbaycanda-insan-huquqlarinin-v%c9%99ziyy%c9%99ti-il%c9%99-bagli-q%c9%99tnam%c9%99-q%c9%99bul-edib\\\/#primaryimage\",\"url\":\"https:\\\/\\\/www.meydan.tv\\\/wp-content\\\/uploads\\\/eu-4.jpg\",\"contentUrl\":\"https:\\\/\\\/www.meydan.tv\\\/wp-content\\\/uploads\\\/eu-4.jpg\",\"width\":1681,\"height\":1119},{\"@type\":\"BreadcrumbList\",\"@id\":\"https:\\\/\\\/www.meydan.tv\\\/az\\\/article\\\/avropa-parlamenti-az%c9%99rbaycanda-insan-huquqlarinin-v%c9%99ziyy%c9%99ti-il%c9%99-bagli-q%c9%99tnam%c9%99-q%c9%99bul-edib\\\/#breadcrumb\",\"itemListElement\":[{\"@type\":\"ListItem\",\"position\":1,\"name\":\"Ana s\u0259hif\u0259\",\"item\":\"https:\\\/\\\/www.meydan.tv\\\/az\\\/\"},{\"@type\":\"ListItem\",\"position\":2,\"name\":\"Siyas\u0259t\",\"item\":\"https:\\\/\\\/www.meydan.tv\\\/az\\\/section\\\/siyaset\\\/\"},{\"@type\":\"ListItem\",\"position\":3,\"name\":\"Avropa Parlamenti Az\u0259rbaycanda insan h\u00fcquqlar\u0131n\u0131n v\u0259ziyy\u0259ti il\u0259 ba\u011fl\u0131 q\u0259tnam\u0259 q\u0259bul edib\"}]},{\"@type\":\"WebSite\",\"@id\":\"https:\\\/\\\/www.meydan.tv\\\/az\\\/#website\",\"url\":\"https:\\\/\\\/www.meydan.tv\\\/az\\\/\",\"name\":\"MEYDAN.TV\",\"description\":\"Meydan TV Az\u0259rbaycan\u0131n media m\u0259kan\u0131ndak\u0131 alternativ s\u0259sidir\",\"publisher\":{\"@id\":\"https:\\\/\\\/www.meydan.tv\\\/az\\\/#organization\"},\"potentialAction\":[{\"@type\":\"SearchAction\",\"target\":{\"@type\":\"EntryPoint\",\"urlTemplate\":\"https:\\\/\\\/www.meydan.tv\\\/az\\\/?s={search_term_string}\"},\"query-input\":{\"@type\":\"PropertyValueSpecification\",\"valueRequired\":true,\"valueName\":\"search_term_string\"}}],\"inLanguage\":\"az\"},{\"@type\":\"Organization\",\"@id\":\"https:\\\/\\\/www.meydan.tv\\\/az\\\/#organization\",\"name\":\"Meydan TV\",\"url\":\"https:\\\/\\\/www.meydan.tv\\\/az\\\/\",\"logo\":{\"@type\":\"ImageObject\",\"inLanguage\":\"az\",\"@id\":\"https:\\\/\\\/www.meydan.tv\\\/az\\\/#\\\/schema\\\/logo\\\/image\\\/\",\"url\":\"https:\\\/\\\/www.meydan.tv\\\/wp-content\\\/uploads\\\/2021\\\/07\\\/meydan-logo.svg\",\"contentUrl\":\"https:\\\/\\\/www.meydan.tv\\\/wp-content\\\/uploads\\\/2021\\\/07\\\/meydan-logo.svg\",\"width\":195,\"height\":46,\"caption\":\"Meydan TV\"},\"image\":{\"@id\":\"https:\\\/\\\/www.meydan.tv\\\/az\\\/#\\\/schema\\\/logo\\\/image\\\/\"}},{\"@type\":\"Person\",\"@id\":\"https:\\\/\\\/www.meydan.tv\\\/az\\\/#\\\/schema\\\/person\\\/09863e516102a829e72bedcf3f84c6b0\",\"name\":\"mahmud\"}]}<\/script>\n<!-- \/ Yoast SEO plugin. -->","yoast_head_json":{"title":"Avropa Parlamenti Az\u0259rbaycanda insan h\u00fcquqlar\u0131n\u0131n v\u0259ziyy\u0259ti il\u0259 ba\u011fl\u0131 q\u0259tnam\u0259 q\u0259bul edib - MEYDAN.TV","robots":{"index":"index","follow":"follow","max-snippet":"max-snippet:-1","max-image-preview":"max-image-preview:large","max-video-preview":"max-video-preview:-1"},"canonical":"https:\/\/www.meydan.tv\/az\/article\/avropa-parlamenti-az%c9%99rbaycanda-insan-huquqlarinin-v%c9%99ziyy%c9%99ti-il%c9%99-bagli-q%c9%99tnam%c9%99-q%c9%99bul-edib\/","og_locale":"az_AZ","og_type":"article","og_title":"Avropa Parlamenti Az\u0259rbaycanda insan h\u00fcquqlar\u0131n\u0131n v\u0259ziyy\u0259ti il\u0259 ba\u011fl\u0131 q\u0259tnam\u0259 q\u0259bul edib - MEYDAN.TV","og_description":"Dekabr\u0131n 18-d\u0259 Avropa Parlamenti Az\u0259rbaycanda insan h\u00fcquqlar\u0131n\u0131n v\u0259ziyy\u0259ti il\u0259 ba\u011fl\u0131 ... Davam\u0131","og_url":"https:\/\/www.meydan.tv\/az\/article\/avropa-parlamenti-az%c9%99rbaycanda-insan-huquqlarinin-v%c9%99ziyy%c9%99ti-il%c9%99-bagli-q%c9%99tnam%c9%99-q%c9%99bul-edib\/","og_site_name":"MEYDAN.TV","article_published_time":"2025-12-18T12:29:30+00:00","article_modified_time":"2025-12-18T12:48:05+00:00","og_image":[{"width":1681,"height":1119,"url":"https:\/\/www.meydan.tv\/wp-content\/uploads\/eu-4.jpg","type":"image\/jpeg"}],"author":"mahmud","twitter_card":"summary_large_image","schema":{"@context":"https:\/\/schema.org","@graph":[{"@type":"Article","@id":"https:\/\/www.meydan.tv\/az\/article\/avropa-parlamenti-az%c9%99rbaycanda-insan-huquqlarinin-v%c9%99ziyy%c9%99ti-il%c9%99-bagli-q%c9%99tnam%c9%99-q%c9%99bul-edib\/#article","isPartOf":{"@id":"https:\/\/www.meydan.tv\/az\/article\/avropa-parlamenti-az%c9%99rbaycanda-insan-huquqlarinin-v%c9%99ziyy%c9%99ti-il%c9%99-bagli-q%c9%99tnam%c9%99-q%c9%99bul-edib\/"},"author":{"name":"mahmud","@id":"https:\/\/www.meydan.tv\/az\/#\/schema\/person\/09863e516102a829e72bedcf3f84c6b0"},"headline":"Avropa Parlamenti Az\u0259rbaycanda insan h\u00fcquqlar\u0131n\u0131n v\u0259ziyy\u0259ti il\u0259 ba\u011fl\u0131 q\u0259tnam\u0259 q\u0259bul edib","datePublished":"2025-12-18T12:29:30+00:00","dateModified":"2025-12-18T12:48:05+00:00","mainEntityOfPage":{"@id":"https:\/\/www.meydan.tv\/az\/article\/avropa-parlamenti-az%c9%99rbaycanda-insan-huquqlarinin-v%c9%99ziyy%c9%99ti-il%c9%99-bagli-q%c9%99tnam%c9%99-q%c9%99bul-edib\/"},"wordCount":528,"publisher":{"@id":"https:\/\/www.meydan.tv\/az\/#organization"},"image":{"@id":"https:\/\/www.meydan.tv\/az\/article\/avropa-parlamenti-az%c9%99rbaycanda-insan-huquqlarinin-v%c9%99ziyy%c9%99ti-il%c9%99-bagli-q%c9%99tnam%c9%99-q%c9%99bul-edib\/#primaryimage"},"thumbnailUrl":"https:\/\/www.meydan.tv\/wp-content\/uploads\/eu-4.jpg","articleSection":["Siyas\u0259t","T\u00f6vsiy\u0259","X\u0259b\u0259rl\u0259r"],"inLanguage":"az"},{"@type":"WebPage","@id":"https:\/\/www.meydan.tv\/az\/article\/avropa-parlamenti-az%c9%99rbaycanda-insan-huquqlarinin-v%c9%99ziyy%c9%99ti-il%c9%99-bagli-q%c9%99tnam%c9%99-q%c9%99bul-edib\/","url":"https:\/\/www.meydan.tv\/az\/article\/avropa-parlamenti-az%c9%99rbaycanda-insan-huquqlarinin-v%c9%99ziyy%c9%99ti-il%c9%99-bagli-q%c9%99tnam%c9%99-q%c9%99bul-edib\/","name":"Avropa Parlamenti Az\u0259rbaycanda insan h\u00fcquqlar\u0131n\u0131n v\u0259ziyy\u0259ti il\u0259 ba\u011fl\u0131 q\u0259tnam\u0259 q\u0259bul edib - MEYDAN.TV","isPartOf":{"@id":"https:\/\/www.meydan.tv\/az\/#website"},"primaryImageOfPage":{"@id":"https:\/\/www.meydan.tv\/az\/article\/avropa-parlamenti-az%c9%99rbaycanda-insan-huquqlarinin-v%c9%99ziyy%c9%99ti-il%c9%99-bagli-q%c9%99tnam%c9%99-q%c9%99bul-edib\/#primaryimage"},"image":{"@id":"https:\/\/www.meydan.tv\/az\/article\/avropa-parlamenti-az%c9%99rbaycanda-insan-huquqlarinin-v%c9%99ziyy%c9%99ti-il%c9%99-bagli-q%c9%99tnam%c9%99-q%c9%99bul-edib\/#primaryimage"},"thumbnailUrl":"https:\/\/www.meydan.tv\/wp-content\/uploads\/eu-4.jpg","datePublished":"2025-12-18T12:29:30+00:00","dateModified":"2025-12-18T12:48:05+00:00","breadcrumb":{"@id":"https:\/\/www.meydan.tv\/az\/article\/avropa-parlamenti-az%c9%99rbaycanda-insan-huquqlarinin-v%c9%99ziyy%c9%99ti-il%c9%99-bagli-q%c9%99tnam%c9%99-q%c9%99bul-edib\/#breadcrumb"},"inLanguage":"az","potentialAction":[{"@type":"ReadAction","target":["https:\/\/www.meydan.tv\/az\/article\/avropa-parlamenti-az%c9%99rbaycanda-insan-huquqlarinin-v%c9%99ziyy%c9%99ti-il%c9%99-bagli-q%c9%99tnam%c9%99-q%c9%99bul-edib\/"]}]},{"@type":"ImageObject","inLanguage":"az","@id":"https:\/\/www.meydan.tv\/az\/article\/avropa-parlamenti-az%c9%99rbaycanda-insan-huquqlarinin-v%c9%99ziyy%c9%99ti-il%c9%99-bagli-q%c9%99tnam%c9%99-q%c9%99bul-edib\/#primaryimage","url":"https:\/\/www.meydan.tv\/wp-content\/uploads\/eu-4.jpg","contentUrl":"https:\/\/www.meydan.tv\/wp-content\/uploads\/eu-4.jpg","width":1681,"height":1119},{"@type":"BreadcrumbList","@id":"https:\/\/www.meydan.tv\/az\/article\/avropa-parlamenti-az%c9%99rbaycanda-insan-huquqlarinin-v%c9%99ziyy%c9%99ti-il%c9%99-bagli-q%c9%99tnam%c9%99-q%c9%99bul-edib\/#breadcrumb","itemListElement":[{"@type":"ListItem","position":1,"name":"Ana s\u0259hif\u0259","item":"https:\/\/www.meydan.tv\/az\/"},{"@type":"ListItem","position":2,"name":"Siyas\u0259t","item":"https:\/\/www.meydan.tv\/az\/section\/siyaset\/"},{"@type":"ListItem","position":3,"name":"Avropa Parlamenti Az\u0259rbaycanda insan h\u00fcquqlar\u0131n\u0131n v\u0259ziyy\u0259ti il\u0259 ba\u011fl\u0131 q\u0259tnam\u0259 q\u0259bul edib"}]},{"@type":"WebSite","@id":"https:\/\/www.meydan.tv\/az\/#website","url":"https:\/\/www.meydan.tv\/az\/","name":"MEYDAN.TV","description":"Meydan TV Az\u0259rbaycan\u0131n media m\u0259kan\u0131ndak\u0131 alternativ s\u0259sidir","publisher":{"@id":"https:\/\/www.meydan.tv\/az\/#organization"},"potentialAction":[{"@type":"SearchAction","target":{"@type":"EntryPoint","urlTemplate":"https:\/\/www.meydan.tv\/az\/?s={search_term_string}"},"query-input":{"@type":"PropertyValueSpecification","valueRequired":true,"valueName":"search_term_string"}}],"inLanguage":"az"},{"@type":"Organization","@id":"https:\/\/www.meydan.tv\/az\/#organization","name":"Meydan TV","url":"https:\/\/www.meydan.tv\/az\/","logo":{"@type":"ImageObject","inLanguage":"az","@id":"https:\/\/www.meydan.tv\/az\/#\/schema\/logo\/image\/","url":"https:\/\/www.meydan.tv\/wp-content\/uploads\/2021\/07\/meydan-logo.svg","contentUrl":"https:\/\/www.meydan.tv\/wp-content\/uploads\/2021\/07\/meydan-logo.svg","width":195,"height":46,"caption":"Meydan TV"},"image":{"@id":"https:\/\/www.meydan.tv\/az\/#\/schema\/logo\/image\/"}},{"@type":"Person","@id":"https:\/\/www.meydan.tv\/az\/#\/schema\/person\/09863e516102a829e72bedcf3f84c6b0","name":"mahmud"}]}},"_links":{"self":[{"href":"https:\/\/www.meydan.tv\/az\/wp-json\/wp\/v2\/posts\/339270","targetHints":{"allow":["GET"]}}],"collection":[{"href":"https:\/\/www.meydan.tv\/az\/wp-json\/wp\/v2\/posts"}],"about":[{"href":"https:\/\/www.meydan.tv\/az\/wp-json\/wp\/v2\/types\/post"}],"author":[{"embeddable":true,"href":"https:\/\/www.meydan.tv\/az\/wp-json\/wp\/v2\/users\/21"}],"replies":[{"embeddable":true,"href":"https:\/\/www.meydan.tv\/az\/wp-json\/wp\/v2\/comments?post=339270"}],"version-history":[{"count":1,"href":"https:\/\/www.meydan.tv\/az\/wp-json\/wp\/v2\/posts\/339270\/revisions"}],"predecessor-version":[{"id":339271,"href":"https:\/\/www.meydan.tv\/az\/wp-json\/wp\/v2\/posts\/339270\/revisions\/339271"}],"wp:featuredmedia":[{"embeddable":true,"href":"https:\/\/www.meydan.tv\/az\/wp-json\/wp\/v2\/media\/339272"}],"wp:attachment":[{"href":"https:\/\/www.meydan.tv\/az\/wp-json\/wp\/v2\/media?parent=339270"}],"wp:term":[{"taxonomy":"category","embeddable":true,"href":"https:\/\/www.meydan.tv\/az\/wp-json\/wp\/v2\/categories?post=339270"},{"taxonomy":"post_tag","embeddable":true,"href":"https:\/\/www.meydan.tv\/az\/wp-json\/wp\/v2\/tags?post=339270"}],"curies":[{"name":"wp","href":"https:\/\/api.w.org\/{rel}","templated":true}]}}