{"id":339130,"date":"2025-12-16T14:09:44","date_gmt":"2025-12-16T10:09:44","guid":{"rendered":"https:\/\/www.meydan.tv\/?p=339130"},"modified":"2025-12-16T14:50:40","modified_gmt":"2025-12-16T10:50:40","slug":"bas-nazirin-sabiq-birinci-muavini-abbas-abbasov-axtarisa-verilib","status":"publish","type":"post","link":"https:\/\/www.meydan.tv\/az\/article\/bas-nazirin-sabiq-birinci-muavini-abbas-abbasov-axtarisa-verilib\/","title":{"rendered":"Ba\u015f nazirin sabiq birinci m\u00fcavini Abbas Abbasov axtar\u0131\u015fa verilib"},"content":{"rendered":"\n<p>Ba\u015f nazirin sabiq birinci m\u00fcavini Abbas Abbasovun istintaqa c\u0259lb olunmas\u0131 \u00fc\u00e7\u00fcn axtar\u0131\u015fa verildiyi bildirilir.<\/p>\n\n\n\n<p>APA-n\u0131n <a href=\"https:\/\/apa.az\/hadise\/bas-nazirin-sabiq-birinci-muavini-abbas-abbasov-ramiz-mehdiyev-isi-ile-bagli-axtarisa-verilib-930858\" target=\"_blank\" rel=\"noreferrer noopener nofollow\">x\u0259b\u0259rin\u0259 g\u00f6r\u0259,<\/a> bu q\u0259rar D\u00f6vl\u0259t T\u0259hl\u00fck\u0259sizliyi Xidm\u0259tind\u0259 (DTX) apar\u0131lan, sabiq Prezident Administrasiyas\u0131 r\u0259hb\u0259ri Ramiz Mehdiyev\u0259 qar\u015f\u0131 a\u00e7\u0131lm\u0131\u015f cinay\u0259t i\u015fi \u00e7\u0259r\u00e7iv\u0259sind\u0259 verilib.<\/p>\n\n\n\n<p>Ramiz Mehdiyev hakimiyy\u0259ti zorla \u0259l\u0259 ke\u00e7irm\u0259, d\u00f6vl\u0259t\u0259 x\u0259yan\u0259t v\u0259 cinay\u0259t yolu il\u0259 \u0259ld\u0259 edilmi\u015f \u0259mlak\u0131n leqalla\u015fd\u0131r\u0131lmas\u0131 madd\u0259l\u0259ri il\u0259 ittiham olunur. Onun bar\u0259sind\u0259 bu il oktyabr\u0131n 14-d\u0259 S\u0259bail Rayon M\u0259hk\u0259m\u0259si 4 ay m\u00fcdd\u0259tin\u0259 ev dustaql\u0131\u011f\u0131 q\u0259timkan <a href=\"https:\/\/storage.googleapis.com\/qurium\/www.meydan.tv\/az-article-ramiz-mehdiyev-bar%c9%99d%c9%99-ev-h%c9%99bsi-q%c9%99rari-verilib.html\" target=\"_blank\" rel=\"noreferrer noopener nofollow\">t\u0259dbiri se\u00e7ib.<\/a><\/p>\n\n\n\n<p>X\u0259b\u0259rd\u0259 iddia olunur ki, Rusiyada ya\u015fayan Abbas Abbasov m\u00fcxt\u0259lif qanunsuz yollarla bu \u00f6lk\u0259d\u0259 Az\u0259rbaycan diaspor strukturlar\u0131n\u0131 \u0259l\u0259 ke\u00e7ir\u0259r\u0259k t\u0259sir alt\u0131na salmaq istiqam\u0259tind\u0259 f\u0259aliyy\u0259t g\u00f6st\u0259rib.<\/p>\n\n\n\n<p>Habel\u0259, Abbas Abbasovun 2012-ci ild\u0259 Rusiyada yarad\u0131lan v\u0259 \u201cMilyarderl\u0259r \u0130ttifaq\u0131\u201d ad\u0131 il\u0259 tan\u0131nan Rusiya Az\u0259rbaycan T\u0259\u015fkilatlar\u0131 \u0130ttifaq\u0131n\u0131n t\u0259sis\u00e7isi oldu\u011fu, bununla da Milli \u015euraya d\u0259st\u0259k ver\u0259r\u0259k hakimiyy\u0259ti \u0259l\u0259 ke\u00e7irm\u0259yi h\u0259d\u0259fl\u0259diyi qeyd olunur.<\/p>\n\n\n\n<p>Abbas Abbasov 1992-2006-c\u0131 ill\u0259r aras\u0131nda ba\u015f nazirin m\u00fcavini v\u0259zif\u0259sind\u0259 \u00e7al\u0131\u015f\u0131b.<\/p>\n\n\n\n<p>\u201cRamiz Mehdiyev i\u015fi\u201d \u00e7\u0259r\u00e7iv\u0259sind\u0259 bu il dekabr\u0131n 1-d\u0259 Az\u0259rbaycan Xalq C\u0259bh\u0259si Partiyas\u0131n\u0131n (AXCP) s\u0259dri \u018fli K\u0259rimli v\u0259 partiyan\u0131n R\u0259yas\u0259t Hey\u0259tinin \u00fczv\u00fc M\u0259mm\u0259d \u0130brahim bar\u0259sind\u0259 h\u0259bs q\u0259timkan t\u0259dbiri <a href=\"https:\/\/storage.googleapis.com\/qurium\/www.meydan.tv\/az-article-eli-k%c9%99rimli-h%c9%99bs-olundu.html\" target=\"_blank\" rel=\"noreferrer noopener nofollow\">se\u00e7ilib. <\/a>Milli \u015eura \u00fczv\u00fc G\u00fclt\u0259kin Hac\u0131b\u0259yli is\u0259 T\u00fcrkiy\u0259d\u0259 saxlan\u0131l\u0131b v\u0259 Az\u0259rbaycana deportasiyas\u0131<a href=\"https:\/\/storage.googleapis.com\/qurium\/www.meydan.tv\/az-article-gult%c9%99kin-hacib%c9%99yli-bar%c9%99sind%c9%99-deport-q%c9%99rari-cixarilib.html\" target=\"_blank\" rel=\"noreferrer noopener nofollow\"> q\u0259rara al\u0131n\u0131b.<\/a><\/p>\n\n\n\n<p>Onlar Ramiz Mehdiyevl\u0259 i\u015f birliyi \u00e7\u0259r\u00e7iv\u0259sind\u0259 Az\u0259rbaycanda d\u00f6vl\u0259t \u00e7evrili\u015fin\u0259 c\u0259hd etm\u0259kd\u0259 ittiham olunurlar. \u0130ttiham olunan \u015f\u0259xsl\u0259r is\u0259 \u00f6zl\u0259rini t\u0259qsirsiz hesab edir, b\u00fct\u00fcn bu prosesin hakimiyy\u0259tin sifari\u015fi oldu\u011funu bildirirl\u0259r.<\/p>\n","protected":false},"excerpt":{"rendered":"<p>Ba\u015f nazirin sabiq birinci m\u00fcavini Abbas Abbasovun istintaqa c\u0259lb olunmas\u0131 &#8230; <\/p>\n<p class=\"read-more-container\"><a title=\"Ba\u015f nazirin sabiq birinci m\u00fcavini Abbas Abbasov axtar\u0131\u015fa verilib\" class=\"read-more button\" href=\"https:\/\/www.meydan.tv\/az\/article\/bas-nazirin-sabiq-birinci-muavini-abbas-abbasov-axtarisa-verilib\/#more-339130\" aria-label=\"Read more about Ba\u015f nazirin sabiq birinci m\u00fcavini Abbas Abbasov axtar\u0131\u015fa verilib\">Davam\u0131<\/a><\/p>\n","protected":false},"author":21,"featured_media":339140,"comment_status":"closed","ping_status":"closed","sticky":false,"template":"","format":"standard","meta":{"_acf_changed":false,"_sitemap_exclude":false,"_sitemap_priority":"","_sitemap_frequency":"","footnotes":""},"categories":[59,79,56],"tags":[],"class_list":["post-339130","post","type-post","status-publish","format-standard","has-post-thumbnail","hentry","category-siyaset","category-featured","category-xeberler","infinite-scroll-item","generate-columns","tablet-grid-50","mobile-grid-100","grid-parent","grid-33","no-featured-image-padding"],"acf":[],"yoast_head":"<!-- This site is optimized with the Yoast SEO plugin v27.4 - https:\/\/yoast.com\/product\/yoast-seo-wordpress\/ -->\n<title>Ba\u015f nazirin sabiq birinci m\u00fcavini Abbas Abbasov axtar\u0131\u015fa verilib - MEYDAN.TV<\/title>\n<meta name=\"robots\" content=\"index, follow, max-snippet:-1, max-image-preview:large, max-video-preview:-1\" \/>\n<link rel=\"canonical\" href=\"https:\/\/www.meydan.tv\/az\/article\/bas-nazirin-sabiq-birinci-muavini-abbas-abbasov-axtarisa-verilib\/\" \/>\n<meta property=\"og:locale\" content=\"az_AZ\" \/>\n<meta property=\"og:type\" content=\"article\" \/>\n<meta property=\"og:title\" content=\"Ba\u015f nazirin sabiq birinci m\u00fcavini Abbas Abbasov axtar\u0131\u015fa verilib - MEYDAN.TV\" \/>\n<meta property=\"og:description\" content=\"Ba\u015f nazirin sabiq birinci m\u00fcavini Abbas Abbasovun istintaqa c\u0259lb olunmas\u0131 ... Davam\u0131\" \/>\n<meta property=\"og:url\" content=\"https:\/\/www.meydan.tv\/az\/article\/bas-nazirin-sabiq-birinci-muavini-abbas-abbasov-axtarisa-verilib\/\" \/>\n<meta property=\"og:site_name\" content=\"MEYDAN.TV\" \/>\n<meta property=\"article:published_time\" content=\"2025-12-16T10:09:44+00:00\" \/>\n<meta property=\"article:modified_time\" content=\"2025-12-16T10:50:40+00:00\" \/>\n<meta property=\"og:image\" content=\"https:\/\/www.meydan.tv\/wp-content\/uploads\/6665.png\" \/>\n\t<meta property=\"og:image:width\" content=\"1920\" \/>\n\t<meta property=\"og:image:height\" content=\"938\" \/>\n\t<meta property=\"og:image:type\" content=\"image\/png\" \/>\n<meta name=\"author\" content=\"mahmud\" \/>\n<meta name=\"twitter:card\" content=\"summary_large_image\" \/>\n<script type=\"application\/ld+json\" class=\"yoast-schema-graph\">{\"@context\":\"https:\\\/\\\/schema.org\",\"@graph\":[{\"@type\":\"Article\",\"@id\":\"https:\\\/\\\/www.meydan.tv\\\/az\\\/article\\\/bas-nazirin-sabiq-birinci-muavini-abbas-abbasov-axtarisa-verilib\\\/#article\",\"isPartOf\":{\"@id\":\"https:\\\/\\\/www.meydan.tv\\\/az\\\/article\\\/bas-nazirin-sabiq-birinci-muavini-abbas-abbasov-axtarisa-verilib\\\/\"},\"author\":{\"name\":\"mahmud\",\"@id\":\"https:\\\/\\\/www.meydan.tv\\\/az\\\/#\\\/schema\\\/person\\\/09863e516102a829e72bedcf3f84c6b0\"},\"headline\":\"Ba\u015f nazirin sabiq birinci m\u00fcavini Abbas Abbasov axtar\u0131\u015fa verilib\",\"datePublished\":\"2025-12-16T10:09:44+00:00\",\"dateModified\":\"2025-12-16T10:50:40+00:00\",\"mainEntityOfPage\":{\"@id\":\"https:\\\/\\\/www.meydan.tv\\\/az\\\/article\\\/bas-nazirin-sabiq-birinci-muavini-abbas-abbasov-axtarisa-verilib\\\/\"},\"wordCount\":359,\"publisher\":{\"@id\":\"https:\\\/\\\/www.meydan.tv\\\/az\\\/#organization\"},\"image\":{\"@id\":\"https:\\\/\\\/www.meydan.tv\\\/az\\\/article\\\/bas-nazirin-sabiq-birinci-muavini-abbas-abbasov-axtarisa-verilib\\\/#primaryimage\"},\"thumbnailUrl\":\"https:\\\/\\\/www.meydan.tv\\\/wp-content\\\/uploads\\\/6665.png\",\"articleSection\":[\"Siyas\u0259t\",\"T\u00f6vsiy\u0259\",\"X\u0259b\u0259rl\u0259r\"],\"inLanguage\":\"az\"},{\"@type\":\"WebPage\",\"@id\":\"https:\\\/\\\/www.meydan.tv\\\/az\\\/article\\\/bas-nazirin-sabiq-birinci-muavini-abbas-abbasov-axtarisa-verilib\\\/\",\"url\":\"https:\\\/\\\/www.meydan.tv\\\/az\\\/article\\\/bas-nazirin-sabiq-birinci-muavini-abbas-abbasov-axtarisa-verilib\\\/\",\"name\":\"Ba\u015f nazirin sabiq birinci m\u00fcavini Abbas Abbasov axtar\u0131\u015fa verilib - MEYDAN.TV\",\"isPartOf\":{\"@id\":\"https:\\\/\\\/www.meydan.tv\\\/az\\\/#website\"},\"primaryImageOfPage\":{\"@id\":\"https:\\\/\\\/www.meydan.tv\\\/az\\\/article\\\/bas-nazirin-sabiq-birinci-muavini-abbas-abbasov-axtarisa-verilib\\\/#primaryimage\"},\"image\":{\"@id\":\"https:\\\/\\\/www.meydan.tv\\\/az\\\/article\\\/bas-nazirin-sabiq-birinci-muavini-abbas-abbasov-axtarisa-verilib\\\/#primaryimage\"},\"thumbnailUrl\":\"https:\\\/\\\/www.meydan.tv\\\/wp-content\\\/uploads\\\/6665.png\",\"datePublished\":\"2025-12-16T10:09:44+00:00\",\"dateModified\":\"2025-12-16T10:50:40+00:00\",\"breadcrumb\":{\"@id\":\"https:\\\/\\\/www.meydan.tv\\\/az\\\/article\\\/bas-nazirin-sabiq-birinci-muavini-abbas-abbasov-axtarisa-verilib\\\/#breadcrumb\"},\"inLanguage\":\"az\",\"potentialAction\":[{\"@type\":\"ReadAction\",\"target\":[\"https:\\\/\\\/www.meydan.tv\\\/az\\\/article\\\/bas-nazirin-sabiq-birinci-muavini-abbas-abbasov-axtarisa-verilib\\\/\"]}]},{\"@type\":\"ImageObject\",\"inLanguage\":\"az\",\"@id\":\"https:\\\/\\\/www.meydan.tv\\\/az\\\/article\\\/bas-nazirin-sabiq-birinci-muavini-abbas-abbasov-axtarisa-verilib\\\/#primaryimage\",\"url\":\"https:\\\/\\\/www.meydan.tv\\\/wp-content\\\/uploads\\\/6665.png\",\"contentUrl\":\"https:\\\/\\\/www.meydan.tv\\\/wp-content\\\/uploads\\\/6665.png\",\"width\":1920,\"height\":938,\"caption\":\"Foto: Rusiya Az\u0259rbaycanl\u0131lar\u0131n\u0131n Federal Milli-M\u0259d\u0259ni Muxtariyy\u0259ti\"},{\"@type\":\"BreadcrumbList\",\"@id\":\"https:\\\/\\\/www.meydan.tv\\\/az\\\/article\\\/bas-nazirin-sabiq-birinci-muavini-abbas-abbasov-axtarisa-verilib\\\/#breadcrumb\",\"itemListElement\":[{\"@type\":\"ListItem\",\"position\":1,\"name\":\"Ana s\u0259hif\u0259\",\"item\":\"https:\\\/\\\/www.meydan.tv\\\/az\\\/\"},{\"@type\":\"ListItem\",\"position\":2,\"name\":\"Siyas\u0259t\",\"item\":\"https:\\\/\\\/www.meydan.tv\\\/az\\\/section\\\/siyaset\\\/\"},{\"@type\":\"ListItem\",\"position\":3,\"name\":\"Ba\u015f nazirin sabiq birinci m\u00fcavini Abbas Abbasov axtar\u0131\u015fa verilib\"}]},{\"@type\":\"WebSite\",\"@id\":\"https:\\\/\\\/www.meydan.tv\\\/az\\\/#website\",\"url\":\"https:\\\/\\\/www.meydan.tv\\\/az\\\/\",\"name\":\"MEYDAN.TV\",\"description\":\"Meydan TV Az\u0259rbaycan\u0131n media m\u0259kan\u0131ndak\u0131 alternativ s\u0259sidir\",\"publisher\":{\"@id\":\"https:\\\/\\\/www.meydan.tv\\\/az\\\/#organization\"},\"potentialAction\":[{\"@type\":\"SearchAction\",\"target\":{\"@type\":\"EntryPoint\",\"urlTemplate\":\"https:\\\/\\\/www.meydan.tv\\\/az\\\/?s={search_term_string}\"},\"query-input\":{\"@type\":\"PropertyValueSpecification\",\"valueRequired\":true,\"valueName\":\"search_term_string\"}}],\"inLanguage\":\"az\"},{\"@type\":\"Organization\",\"@id\":\"https:\\\/\\\/www.meydan.tv\\\/az\\\/#organization\",\"name\":\"Meydan TV\",\"url\":\"https:\\\/\\\/www.meydan.tv\\\/az\\\/\",\"logo\":{\"@type\":\"ImageObject\",\"inLanguage\":\"az\",\"@id\":\"https:\\\/\\\/www.meydan.tv\\\/az\\\/#\\\/schema\\\/logo\\\/image\\\/\",\"url\":\"https:\\\/\\\/www.meydan.tv\\\/wp-content\\\/uploads\\\/2021\\\/07\\\/meydan-logo.svg\",\"contentUrl\":\"https:\\\/\\\/www.meydan.tv\\\/wp-content\\\/uploads\\\/2021\\\/07\\\/meydan-logo.svg\",\"width\":195,\"height\":46,\"caption\":\"Meydan TV\"},\"image\":{\"@id\":\"https:\\\/\\\/www.meydan.tv\\\/az\\\/#\\\/schema\\\/logo\\\/image\\\/\"}},{\"@type\":\"Person\",\"@id\":\"https:\\\/\\\/www.meydan.tv\\\/az\\\/#\\\/schema\\\/person\\\/09863e516102a829e72bedcf3f84c6b0\",\"name\":\"mahmud\"}]}<\/script>\n<!-- \/ Yoast SEO plugin. -->","yoast_head_json":{"title":"Ba\u015f nazirin sabiq birinci m\u00fcavini Abbas Abbasov axtar\u0131\u015fa verilib - MEYDAN.TV","robots":{"index":"index","follow":"follow","max-snippet":"max-snippet:-1","max-image-preview":"max-image-preview:large","max-video-preview":"max-video-preview:-1"},"canonical":"https:\/\/www.meydan.tv\/az\/article\/bas-nazirin-sabiq-birinci-muavini-abbas-abbasov-axtarisa-verilib\/","og_locale":"az_AZ","og_type":"article","og_title":"Ba\u015f nazirin sabiq birinci m\u00fcavini Abbas Abbasov axtar\u0131\u015fa verilib - MEYDAN.TV","og_description":"Ba\u015f nazirin sabiq birinci m\u00fcavini Abbas Abbasovun istintaqa c\u0259lb olunmas\u0131 ... Davam\u0131","og_url":"https:\/\/www.meydan.tv\/az\/article\/bas-nazirin-sabiq-birinci-muavini-abbas-abbasov-axtarisa-verilib\/","og_site_name":"MEYDAN.TV","article_published_time":"2025-12-16T10:09:44+00:00","article_modified_time":"2025-12-16T10:50:40+00:00","og_image":[{"width":1920,"height":938,"url":"https:\/\/www.meydan.tv\/wp-content\/uploads\/6665.png","type":"image\/png"}],"author":"mahmud","twitter_card":"summary_large_image","schema":{"@context":"https:\/\/schema.org","@graph":[{"@type":"Article","@id":"https:\/\/www.meydan.tv\/az\/article\/bas-nazirin-sabiq-birinci-muavini-abbas-abbasov-axtarisa-verilib\/#article","isPartOf":{"@id":"https:\/\/www.meydan.tv\/az\/article\/bas-nazirin-sabiq-birinci-muavini-abbas-abbasov-axtarisa-verilib\/"},"author":{"name":"mahmud","@id":"https:\/\/www.meydan.tv\/az\/#\/schema\/person\/09863e516102a829e72bedcf3f84c6b0"},"headline":"Ba\u015f nazirin sabiq birinci m\u00fcavini Abbas Abbasov axtar\u0131\u015fa verilib","datePublished":"2025-12-16T10:09:44+00:00","dateModified":"2025-12-16T10:50:40+00:00","mainEntityOfPage":{"@id":"https:\/\/www.meydan.tv\/az\/article\/bas-nazirin-sabiq-birinci-muavini-abbas-abbasov-axtarisa-verilib\/"},"wordCount":359,"publisher":{"@id":"https:\/\/www.meydan.tv\/az\/#organization"},"image":{"@id":"https:\/\/www.meydan.tv\/az\/article\/bas-nazirin-sabiq-birinci-muavini-abbas-abbasov-axtarisa-verilib\/#primaryimage"},"thumbnailUrl":"https:\/\/www.meydan.tv\/wp-content\/uploads\/6665.png","articleSection":["Siyas\u0259t","T\u00f6vsiy\u0259","X\u0259b\u0259rl\u0259r"],"inLanguage":"az"},{"@type":"WebPage","@id":"https:\/\/www.meydan.tv\/az\/article\/bas-nazirin-sabiq-birinci-muavini-abbas-abbasov-axtarisa-verilib\/","url":"https:\/\/www.meydan.tv\/az\/article\/bas-nazirin-sabiq-birinci-muavini-abbas-abbasov-axtarisa-verilib\/","name":"Ba\u015f nazirin sabiq birinci m\u00fcavini Abbas Abbasov axtar\u0131\u015fa verilib - MEYDAN.TV","isPartOf":{"@id":"https:\/\/www.meydan.tv\/az\/#website"},"primaryImageOfPage":{"@id":"https:\/\/www.meydan.tv\/az\/article\/bas-nazirin-sabiq-birinci-muavini-abbas-abbasov-axtarisa-verilib\/#primaryimage"},"image":{"@id":"https:\/\/www.meydan.tv\/az\/article\/bas-nazirin-sabiq-birinci-muavini-abbas-abbasov-axtarisa-verilib\/#primaryimage"},"thumbnailUrl":"https:\/\/www.meydan.tv\/wp-content\/uploads\/6665.png","datePublished":"2025-12-16T10:09:44+00:00","dateModified":"2025-12-16T10:50:40+00:00","breadcrumb":{"@id":"https:\/\/www.meydan.tv\/az\/article\/bas-nazirin-sabiq-birinci-muavini-abbas-abbasov-axtarisa-verilib\/#breadcrumb"},"inLanguage":"az","potentialAction":[{"@type":"ReadAction","target":["https:\/\/www.meydan.tv\/az\/article\/bas-nazirin-sabiq-birinci-muavini-abbas-abbasov-axtarisa-verilib\/"]}]},{"@type":"ImageObject","inLanguage":"az","@id":"https:\/\/www.meydan.tv\/az\/article\/bas-nazirin-sabiq-birinci-muavini-abbas-abbasov-axtarisa-verilib\/#primaryimage","url":"https:\/\/www.meydan.tv\/wp-content\/uploads\/6665.png","contentUrl":"https:\/\/www.meydan.tv\/wp-content\/uploads\/6665.png","width":1920,"height":938,"caption":"Foto: Rusiya Az\u0259rbaycanl\u0131lar\u0131n\u0131n Federal Milli-M\u0259d\u0259ni Muxtariyy\u0259ti"},{"@type":"BreadcrumbList","@id":"https:\/\/www.meydan.tv\/az\/article\/bas-nazirin-sabiq-birinci-muavini-abbas-abbasov-axtarisa-verilib\/#breadcrumb","itemListElement":[{"@type":"ListItem","position":1,"name":"Ana s\u0259hif\u0259","item":"https:\/\/www.meydan.tv\/az\/"},{"@type":"ListItem","position":2,"name":"Siyas\u0259t","item":"https:\/\/www.meydan.tv\/az\/section\/siyaset\/"},{"@type":"ListItem","position":3,"name":"Ba\u015f nazirin sabiq birinci m\u00fcavini Abbas Abbasov axtar\u0131\u015fa verilib"}]},{"@type":"WebSite","@id":"https:\/\/www.meydan.tv\/az\/#website","url":"https:\/\/www.meydan.tv\/az\/","name":"MEYDAN.TV","description":"Meydan TV Az\u0259rbaycan\u0131n media m\u0259kan\u0131ndak\u0131 alternativ s\u0259sidir","publisher":{"@id":"https:\/\/www.meydan.tv\/az\/#organization"},"potentialAction":[{"@type":"SearchAction","target":{"@type":"EntryPoint","urlTemplate":"https:\/\/www.meydan.tv\/az\/?s={search_term_string}"},"query-input":{"@type":"PropertyValueSpecification","valueRequired":true,"valueName":"search_term_string"}}],"inLanguage":"az"},{"@type":"Organization","@id":"https:\/\/www.meydan.tv\/az\/#organization","name":"Meydan TV","url":"https:\/\/www.meydan.tv\/az\/","logo":{"@type":"ImageObject","inLanguage":"az","@id":"https:\/\/www.meydan.tv\/az\/#\/schema\/logo\/image\/","url":"https:\/\/www.meydan.tv\/wp-content\/uploads\/2021\/07\/meydan-logo.svg","contentUrl":"https:\/\/www.meydan.tv\/wp-content\/uploads\/2021\/07\/meydan-logo.svg","width":195,"height":46,"caption":"Meydan TV"},"image":{"@id":"https:\/\/www.meydan.tv\/az\/#\/schema\/logo\/image\/"}},{"@type":"Person","@id":"https:\/\/www.meydan.tv\/az\/#\/schema\/person\/09863e516102a829e72bedcf3f84c6b0","name":"mahmud"}]}},"_links":{"self":[{"href":"https:\/\/www.meydan.tv\/az\/wp-json\/wp\/v2\/posts\/339130","targetHints":{"allow":["GET"]}}],"collection":[{"href":"https:\/\/www.meydan.tv\/az\/wp-json\/wp\/v2\/posts"}],"about":[{"href":"https:\/\/www.meydan.tv\/az\/wp-json\/wp\/v2\/types\/post"}],"author":[{"embeddable":true,"href":"https:\/\/www.meydan.tv\/az\/wp-json\/wp\/v2\/users\/21"}],"replies":[{"embeddable":true,"href":"https:\/\/www.meydan.tv\/az\/wp-json\/wp\/v2\/comments?post=339130"}],"version-history":[{"count":2,"href":"https:\/\/www.meydan.tv\/az\/wp-json\/wp\/v2\/posts\/339130\/revisions"}],"predecessor-version":[{"id":339143,"href":"https:\/\/www.meydan.tv\/az\/wp-json\/wp\/v2\/posts\/339130\/revisions\/339143"}],"wp:featuredmedia":[{"embeddable":true,"href":"https:\/\/www.meydan.tv\/az\/wp-json\/wp\/v2\/media\/339140"}],"wp:attachment":[{"href":"https:\/\/www.meydan.tv\/az\/wp-json\/wp\/v2\/media?parent=339130"}],"wp:term":[{"taxonomy":"category","embeddable":true,"href":"https:\/\/www.meydan.tv\/az\/wp-json\/wp\/v2\/categories?post=339130"},{"taxonomy":"post_tag","embeddable":true,"href":"https:\/\/www.meydan.tv\/az\/wp-json\/wp\/v2\/tags?post=339130"}],"curies":[{"name":"wp","href":"https:\/\/api.w.org\/{rel}","templated":true}]}}