{"id":339093,"date":"2025-12-15T16:26:56","date_gmt":"2025-12-15T12:26:56","guid":{"rendered":"https:\/\/www.meydan.tv\/?p=339093"},"modified":"2025-12-15T16:26:58","modified_gmt":"2025-12-15T12:26:58","slug":"prezident-amnistiya-t%c9%99s%c9%99bbusu-ir%c9%99li-surub","status":"publish","type":"post","link":"https:\/\/www.meydan.tv\/az\/article\/prezident-amnistiya-t%c9%99s%c9%99bbusu-ir%c9%99li-surub\/","title":{"rendered":"Prezident amnistiya t\u0259\u015f\u0259bb\u00fcs\u00fc ir\u0259li s\u00fcr\u00fcb"},"content":{"rendered":"\n<p>Prezident \u0130lham \u018fliyev \u201cKonstitusiya v\u0259 Suverenlik \u0130li\u201d m\u00fcnasib\u0259til\u0259 amnistiya t\u0259\u015f\u0259bb\u00fcs\u00fc ir\u0259li s\u00fcr\u00fcb.<\/p>\n\n\n\n<p>Bu bar\u0259d\u0259 Az\u0259rtac <a href=\"https:\/\/azertag.az\/xeber\/azerbaycan_prezidenti_konstitusiya_ve_suverenlik_ili_munasibetile_amnistiya_elan_olunmasi_tesebbusunu_ireli_surub-3917367\" target=\"_blank\" rel=\"noreferrer noopener nofollow\">m\u0259lumat <\/a>yay\u0131b.\u00a0<\/p>\n\n\n\n<p>M\u0259lumata g\u00f6r\u0259, amnistiyan\u0131n 20 mind\u0259n \u00e7ox adama \u015famil edil\u0259c\u0259yi g\u00f6zl\u0259nilir.&nbsp;<\/p>\n\n\n\n<p>Amnistiya akt\u0131n\u0131n layih\u0259sind\u0259 Az\u0259rbaycan Respublikas\u0131n\u0131n suverenliyi v\u0259 \u0259razi b\u00fct\u00f6vl\u00fcy\u00fc u\u011frunda apar\u0131lan d\u00f6y\u00fc\u015f \u0259m\u0259liyyatlar\u0131nda, o c\u00fcml\u0259d\u0259n \u0130kinci Qaraba\u011f m\u00fcharib\u0259sind\u0259 v\u0259 2023-c\u00fc il sentyabr\u0131n 19\u201320-d\u0259 ke\u00e7irilmi\u015f antiterror \u0259m\u0259liyyat\u0131nda i\u015ftirak etmi\u015f \u015f\u0259xsl\u0259rin c\u0259zadan v\u0259 ya cinay\u0259t m\u0259suliyy\u0259tind\u0259n azad edilm\u0259si n\u0259z\u0259rd\u0259 tutulur. Layih\u0259, h\u0259m\u00e7inin h\u0259min \u0259m\u0259liyyatlar zaman\u0131 h\u0259lak olmu\u015f v\u0259 ya x\u0259b\u0259rsiz itkin d\u00fc\u015fm\u00fc\u015f \u015f\u0259xsl\u0259rin yax\u0131n qohumlar\u0131na, Erm\u0259nistan\u0131n m\u00fclki \u0259haliy\u0259 qar\u015f\u0131 h\u0259rbi t\u0259xribatlar\u0131 n\u0259tic\u0259sind\u0259 \u0259lil olmu\u015f \u015f\u0259xsl\u0259r\u0259 \u015famil edilir. Bundan ba\u015fqa, qad\u0131nlar, 60 ya\u015f\u0131na \u00e7atm\u0131\u015f \u015f\u0259xsl\u0259r, cinay\u0259t t\u00f6r\u0259d\u0259rk\u0259n yetkinlik ya\u015f\u0131na \u00e7atmayanlar v\u0259 dig\u0259r kateqoriyadan olan \u015f\u0259xsl\u0259r d\u0259 amnistiya akt\u0131n\u0131n \u0259hat\u0259 dair\u0259sin\u0259 daxildir.<\/p>\n\n\n\n<p>Proqnozlara \u0259sas\u0259n, 5 mind\u0259n art\u0131q m\u0259hkum azadl\u0131qdan m\u0259hrumetm\u0259 c\u0259zas\u0131ndan azad edil\u0259c\u0259k, bu c\u0259zaya m\u0259hkum olunmu\u015f 3 mind\u0259n \u00e7ox \u015f\u0259xsin c\u0259zas\u0131 azald\u0131lacaq. Eyni zamanda, 7 mind\u0259n art\u0131q m\u0259hkum azadl\u0131\u011f\u0131n m\u0259hdudla\u015fd\u0131r\u0131lmas\u0131 c\u0259zas\u0131ndan, 4 min\u0259 yax\u0131n \u015f\u0259xs azadl\u0131qdan m\u0259hrumetm\u0259 il\u0259 ba\u011fl\u0131 olmayan dig\u0259r v\u0259 ya \u015f\u0259rti t\u0259tbiq edilmi\u015f c\u0259zalardan azad olunacaq. Bundan ba\u015fqa, mind\u0259n \u00e7ox \u015f\u0259xsin cinay\u0259t m\u0259suliyy\u0259tind\u0259n azad edil\u0259c\u0259yi g\u00f6zl\u0259nilir.<\/p>\n\n\n\n<p><\/p>\n","protected":false},"excerpt":{"rendered":"<p>Prezident \u0130lham \u018fliyev \u201cKonstitusiya v\u0259 Suverenlik \u0130li\u201d m\u00fcnasib\u0259til\u0259 amnistiya t\u0259\u015f\u0259bb\u00fcs\u00fc &#8230; <\/p>\n<p class=\"read-more-container\"><a title=\"Prezident amnistiya t\u0259\u015f\u0259bb\u00fcs\u00fc ir\u0259li s\u00fcr\u00fcb\" class=\"read-more button\" href=\"https:\/\/www.meydan.tv\/az\/article\/prezident-amnistiya-t%c9%99s%c9%99bbusu-ir%c9%99li-surub\/#more-339093\" aria-label=\"Read more about Prezident amnistiya t\u0259\u015f\u0259bb\u00fcs\u00fc ir\u0259li s\u00fcr\u00fcb\">Davam\u0131<\/a><\/p>\n","protected":false},"author":21,"featured_media":227347,"comment_status":"closed","ping_status":"closed","sticky":false,"template":"","format":"standard","meta":{"_acf_changed":false,"_sitemap_exclude":false,"_sitemap_priority":"","_sitemap_frequency":"","footnotes":""},"categories":[59,79,56],"tags":[],"class_list":["post-339093","post","type-post","status-publish","format-standard","has-post-thumbnail","hentry","category-siyaset","category-featured","category-xeberler","infinite-scroll-item","generate-columns","tablet-grid-50","mobile-grid-100","grid-parent","grid-33","no-featured-image-padding"],"acf":[],"yoast_head":"<!-- This site is optimized with the Yoast SEO plugin v27.4 - https:\/\/yoast.com\/product\/yoast-seo-wordpress\/ -->\n<title>Prezident amnistiya t\u0259\u015f\u0259bb\u00fcs\u00fc ir\u0259li s\u00fcr\u00fcb - MEYDAN.TV<\/title>\n<meta name=\"robots\" content=\"index, follow, max-snippet:-1, max-image-preview:large, max-video-preview:-1\" \/>\n<link rel=\"canonical\" href=\"https:\/\/www.meydan.tv\/az\/article\/prezident-amnistiya-t%c9%99s%c9%99bbusu-ir%c9%99li-surub\/\" \/>\n<meta property=\"og:locale\" content=\"az_AZ\" \/>\n<meta property=\"og:type\" content=\"article\" \/>\n<meta property=\"og:title\" content=\"Prezident amnistiya t\u0259\u015f\u0259bb\u00fcs\u00fc ir\u0259li s\u00fcr\u00fcb - MEYDAN.TV\" \/>\n<meta property=\"og:description\" content=\"Prezident \u0130lham \u018fliyev \u201cKonstitusiya v\u0259 Suverenlik \u0130li\u201d m\u00fcnasib\u0259til\u0259 amnistiya t\u0259\u015f\u0259bb\u00fcs\u00fc ... Davam\u0131\" \/>\n<meta property=\"og:url\" content=\"https:\/\/www.meydan.tv\/az\/article\/prezident-amnistiya-t%c9%99s%c9%99bbusu-ir%c9%99li-surub\/\" \/>\n<meta property=\"og:site_name\" content=\"MEYDAN.TV\" \/>\n<meta property=\"article:published_time\" content=\"2025-12-15T12:26:56+00:00\" \/>\n<meta property=\"article:modified_time\" content=\"2025-12-15T12:26:58+00:00\" \/>\n<meta property=\"og:image\" content=\"https:\/\/www.meydan.tv\/wp-content\/uploads\/amnistiya-2.jpg\" \/>\n\t<meta property=\"og:image:width\" content=\"1453\" \/>\n\t<meta property=\"og:image:height\" content=\"900\" \/>\n\t<meta property=\"og:image:type\" content=\"image\/jpeg\" \/>\n<meta name=\"author\" content=\"mahmud\" \/>\n<meta name=\"twitter:card\" content=\"summary_large_image\" \/>\n<script type=\"application\/ld+json\" class=\"yoast-schema-graph\">{\"@context\":\"https:\\\/\\\/schema.org\",\"@graph\":[{\"@type\":\"Article\",\"@id\":\"https:\\\/\\\/www.meydan.tv\\\/az\\\/article\\\/prezident-amnistiya-t%c9%99s%c9%99bbusu-ir%c9%99li-surub\\\/#article\",\"isPartOf\":{\"@id\":\"https:\\\/\\\/www.meydan.tv\\\/az\\\/article\\\/prezident-amnistiya-t%c9%99s%c9%99bbusu-ir%c9%99li-surub\\\/\"},\"author\":{\"name\":\"mahmud\",\"@id\":\"https:\\\/\\\/www.meydan.tv\\\/az\\\/#\\\/schema\\\/person\\\/09863e516102a829e72bedcf3f84c6b0\"},\"headline\":\"Prezident amnistiya t\u0259\u015f\u0259bb\u00fcs\u00fc ir\u0259li s\u00fcr\u00fcb\",\"datePublished\":\"2025-12-15T12:26:56+00:00\",\"dateModified\":\"2025-12-15T12:26:58+00:00\",\"mainEntityOfPage\":{\"@id\":\"https:\\\/\\\/www.meydan.tv\\\/az\\\/article\\\/prezident-amnistiya-t%c9%99s%c9%99bbusu-ir%c9%99li-surub\\\/\"},\"wordCount\":306,\"publisher\":{\"@id\":\"https:\\\/\\\/www.meydan.tv\\\/az\\\/#organization\"},\"image\":{\"@id\":\"https:\\\/\\\/www.meydan.tv\\\/az\\\/article\\\/prezident-amnistiya-t%c9%99s%c9%99bbusu-ir%c9%99li-surub\\\/#primaryimage\"},\"thumbnailUrl\":\"https:\\\/\\\/www.meydan.tv\\\/wp-content\\\/uploads\\\/amnistiya-2.jpg\",\"articleSection\":[\"Siyas\u0259t\",\"T\u00f6vsiy\u0259\",\"X\u0259b\u0259rl\u0259r\"],\"inLanguage\":\"az\"},{\"@type\":\"WebPage\",\"@id\":\"https:\\\/\\\/www.meydan.tv\\\/az\\\/article\\\/prezident-amnistiya-t%c9%99s%c9%99bbusu-ir%c9%99li-surub\\\/\",\"url\":\"https:\\\/\\\/www.meydan.tv\\\/az\\\/article\\\/prezident-amnistiya-t%c9%99s%c9%99bbusu-ir%c9%99li-surub\\\/\",\"name\":\"Prezident amnistiya t\u0259\u015f\u0259bb\u00fcs\u00fc ir\u0259li s\u00fcr\u00fcb - MEYDAN.TV\",\"isPartOf\":{\"@id\":\"https:\\\/\\\/www.meydan.tv\\\/az\\\/#website\"},\"primaryImageOfPage\":{\"@id\":\"https:\\\/\\\/www.meydan.tv\\\/az\\\/article\\\/prezident-amnistiya-t%c9%99s%c9%99bbusu-ir%c9%99li-surub\\\/#primaryimage\"},\"image\":{\"@id\":\"https:\\\/\\\/www.meydan.tv\\\/az\\\/article\\\/prezident-amnistiya-t%c9%99s%c9%99bbusu-ir%c9%99li-surub\\\/#primaryimage\"},\"thumbnailUrl\":\"https:\\\/\\\/www.meydan.tv\\\/wp-content\\\/uploads\\\/amnistiya-2.jpg\",\"datePublished\":\"2025-12-15T12:26:56+00:00\",\"dateModified\":\"2025-12-15T12:26:58+00:00\",\"breadcrumb\":{\"@id\":\"https:\\\/\\\/www.meydan.tv\\\/az\\\/article\\\/prezident-amnistiya-t%c9%99s%c9%99bbusu-ir%c9%99li-surub\\\/#breadcrumb\"},\"inLanguage\":\"az\",\"potentialAction\":[{\"@type\":\"ReadAction\",\"target\":[\"https:\\\/\\\/www.meydan.tv\\\/az\\\/article\\\/prezident-amnistiya-t%c9%99s%c9%99bbusu-ir%c9%99li-surub\\\/\"]}]},{\"@type\":\"ImageObject\",\"inLanguage\":\"az\",\"@id\":\"https:\\\/\\\/www.meydan.tv\\\/az\\\/article\\\/prezident-amnistiya-t%c9%99s%c9%99bbusu-ir%c9%99li-surub\\\/#primaryimage\",\"url\":\"https:\\\/\\\/www.meydan.tv\\\/wp-content\\\/uploads\\\/amnistiya-2.jpg\",\"contentUrl\":\"https:\\\/\\\/www.meydan.tv\\\/wp-content\\\/uploads\\\/amnistiya-2.jpg\",\"width\":1453,\"height\":900,\"caption\":\"Foto: Az\u0259rtac\"},{\"@type\":\"BreadcrumbList\",\"@id\":\"https:\\\/\\\/www.meydan.tv\\\/az\\\/article\\\/prezident-amnistiya-t%c9%99s%c9%99bbusu-ir%c9%99li-surub\\\/#breadcrumb\",\"itemListElement\":[{\"@type\":\"ListItem\",\"position\":1,\"name\":\"Ana s\u0259hif\u0259\",\"item\":\"https:\\\/\\\/www.meydan.tv\\\/az\\\/\"},{\"@type\":\"ListItem\",\"position\":2,\"name\":\"Siyas\u0259t\",\"item\":\"https:\\\/\\\/www.meydan.tv\\\/az\\\/section\\\/siyaset\\\/\"},{\"@type\":\"ListItem\",\"position\":3,\"name\":\"Prezident amnistiya t\u0259\u015f\u0259bb\u00fcs\u00fc ir\u0259li s\u00fcr\u00fcb\"}]},{\"@type\":\"WebSite\",\"@id\":\"https:\\\/\\\/www.meydan.tv\\\/az\\\/#website\",\"url\":\"https:\\\/\\\/www.meydan.tv\\\/az\\\/\",\"name\":\"MEYDAN.TV\",\"description\":\"Meydan TV Az\u0259rbaycan\u0131n media m\u0259kan\u0131ndak\u0131 alternativ s\u0259sidir\",\"publisher\":{\"@id\":\"https:\\\/\\\/www.meydan.tv\\\/az\\\/#organization\"},\"potentialAction\":[{\"@type\":\"SearchAction\",\"target\":{\"@type\":\"EntryPoint\",\"urlTemplate\":\"https:\\\/\\\/www.meydan.tv\\\/az\\\/?s={search_term_string}\"},\"query-input\":{\"@type\":\"PropertyValueSpecification\",\"valueRequired\":true,\"valueName\":\"search_term_string\"}}],\"inLanguage\":\"az\"},{\"@type\":\"Organization\",\"@id\":\"https:\\\/\\\/www.meydan.tv\\\/az\\\/#organization\",\"name\":\"Meydan TV\",\"url\":\"https:\\\/\\\/www.meydan.tv\\\/az\\\/\",\"logo\":{\"@type\":\"ImageObject\",\"inLanguage\":\"az\",\"@id\":\"https:\\\/\\\/www.meydan.tv\\\/az\\\/#\\\/schema\\\/logo\\\/image\\\/\",\"url\":\"https:\\\/\\\/www.meydan.tv\\\/wp-content\\\/uploads\\\/2021\\\/07\\\/meydan-logo.svg\",\"contentUrl\":\"https:\\\/\\\/www.meydan.tv\\\/wp-content\\\/uploads\\\/2021\\\/07\\\/meydan-logo.svg\",\"width\":195,\"height\":46,\"caption\":\"Meydan TV\"},\"image\":{\"@id\":\"https:\\\/\\\/www.meydan.tv\\\/az\\\/#\\\/schema\\\/logo\\\/image\\\/\"}},{\"@type\":\"Person\",\"@id\":\"https:\\\/\\\/www.meydan.tv\\\/az\\\/#\\\/schema\\\/person\\\/09863e516102a829e72bedcf3f84c6b0\",\"name\":\"mahmud\"}]}<\/script>\n<!-- \/ Yoast SEO plugin. -->","yoast_head_json":{"title":"Prezident amnistiya t\u0259\u015f\u0259bb\u00fcs\u00fc ir\u0259li s\u00fcr\u00fcb - MEYDAN.TV","robots":{"index":"index","follow":"follow","max-snippet":"max-snippet:-1","max-image-preview":"max-image-preview:large","max-video-preview":"max-video-preview:-1"},"canonical":"https:\/\/www.meydan.tv\/az\/article\/prezident-amnistiya-t%c9%99s%c9%99bbusu-ir%c9%99li-surub\/","og_locale":"az_AZ","og_type":"article","og_title":"Prezident amnistiya t\u0259\u015f\u0259bb\u00fcs\u00fc ir\u0259li s\u00fcr\u00fcb - MEYDAN.TV","og_description":"Prezident \u0130lham \u018fliyev \u201cKonstitusiya v\u0259 Suverenlik \u0130li\u201d m\u00fcnasib\u0259til\u0259 amnistiya t\u0259\u015f\u0259bb\u00fcs\u00fc ... Davam\u0131","og_url":"https:\/\/www.meydan.tv\/az\/article\/prezident-amnistiya-t%c9%99s%c9%99bbusu-ir%c9%99li-surub\/","og_site_name":"MEYDAN.TV","article_published_time":"2025-12-15T12:26:56+00:00","article_modified_time":"2025-12-15T12:26:58+00:00","og_image":[{"width":1453,"height":900,"url":"https:\/\/www.meydan.tv\/wp-content\/uploads\/amnistiya-2.jpg","type":"image\/jpeg"}],"author":"mahmud","twitter_card":"summary_large_image","schema":{"@context":"https:\/\/schema.org","@graph":[{"@type":"Article","@id":"https:\/\/www.meydan.tv\/az\/article\/prezident-amnistiya-t%c9%99s%c9%99bbusu-ir%c9%99li-surub\/#article","isPartOf":{"@id":"https:\/\/www.meydan.tv\/az\/article\/prezident-amnistiya-t%c9%99s%c9%99bbusu-ir%c9%99li-surub\/"},"author":{"name":"mahmud","@id":"https:\/\/www.meydan.tv\/az\/#\/schema\/person\/09863e516102a829e72bedcf3f84c6b0"},"headline":"Prezident amnistiya t\u0259\u015f\u0259bb\u00fcs\u00fc ir\u0259li s\u00fcr\u00fcb","datePublished":"2025-12-15T12:26:56+00:00","dateModified":"2025-12-15T12:26:58+00:00","mainEntityOfPage":{"@id":"https:\/\/www.meydan.tv\/az\/article\/prezident-amnistiya-t%c9%99s%c9%99bbusu-ir%c9%99li-surub\/"},"wordCount":306,"publisher":{"@id":"https:\/\/www.meydan.tv\/az\/#organization"},"image":{"@id":"https:\/\/www.meydan.tv\/az\/article\/prezident-amnistiya-t%c9%99s%c9%99bbusu-ir%c9%99li-surub\/#primaryimage"},"thumbnailUrl":"https:\/\/www.meydan.tv\/wp-content\/uploads\/amnistiya-2.jpg","articleSection":["Siyas\u0259t","T\u00f6vsiy\u0259","X\u0259b\u0259rl\u0259r"],"inLanguage":"az"},{"@type":"WebPage","@id":"https:\/\/www.meydan.tv\/az\/article\/prezident-amnistiya-t%c9%99s%c9%99bbusu-ir%c9%99li-surub\/","url":"https:\/\/www.meydan.tv\/az\/article\/prezident-amnistiya-t%c9%99s%c9%99bbusu-ir%c9%99li-surub\/","name":"Prezident amnistiya t\u0259\u015f\u0259bb\u00fcs\u00fc ir\u0259li s\u00fcr\u00fcb - MEYDAN.TV","isPartOf":{"@id":"https:\/\/www.meydan.tv\/az\/#website"},"primaryImageOfPage":{"@id":"https:\/\/www.meydan.tv\/az\/article\/prezident-amnistiya-t%c9%99s%c9%99bbusu-ir%c9%99li-surub\/#primaryimage"},"image":{"@id":"https:\/\/www.meydan.tv\/az\/article\/prezident-amnistiya-t%c9%99s%c9%99bbusu-ir%c9%99li-surub\/#primaryimage"},"thumbnailUrl":"https:\/\/www.meydan.tv\/wp-content\/uploads\/amnistiya-2.jpg","datePublished":"2025-12-15T12:26:56+00:00","dateModified":"2025-12-15T12:26:58+00:00","breadcrumb":{"@id":"https:\/\/www.meydan.tv\/az\/article\/prezident-amnistiya-t%c9%99s%c9%99bbusu-ir%c9%99li-surub\/#breadcrumb"},"inLanguage":"az","potentialAction":[{"@type":"ReadAction","target":["https:\/\/www.meydan.tv\/az\/article\/prezident-amnistiya-t%c9%99s%c9%99bbusu-ir%c9%99li-surub\/"]}]},{"@type":"ImageObject","inLanguage":"az","@id":"https:\/\/www.meydan.tv\/az\/article\/prezident-amnistiya-t%c9%99s%c9%99bbusu-ir%c9%99li-surub\/#primaryimage","url":"https:\/\/www.meydan.tv\/wp-content\/uploads\/amnistiya-2.jpg","contentUrl":"https:\/\/www.meydan.tv\/wp-content\/uploads\/amnistiya-2.jpg","width":1453,"height":900,"caption":"Foto: Az\u0259rtac"},{"@type":"BreadcrumbList","@id":"https:\/\/www.meydan.tv\/az\/article\/prezident-amnistiya-t%c9%99s%c9%99bbusu-ir%c9%99li-surub\/#breadcrumb","itemListElement":[{"@type":"ListItem","position":1,"name":"Ana s\u0259hif\u0259","item":"https:\/\/www.meydan.tv\/az\/"},{"@type":"ListItem","position":2,"name":"Siyas\u0259t","item":"https:\/\/www.meydan.tv\/az\/section\/siyaset\/"},{"@type":"ListItem","position":3,"name":"Prezident amnistiya t\u0259\u015f\u0259bb\u00fcs\u00fc ir\u0259li s\u00fcr\u00fcb"}]},{"@type":"WebSite","@id":"https:\/\/www.meydan.tv\/az\/#website","url":"https:\/\/www.meydan.tv\/az\/","name":"MEYDAN.TV","description":"Meydan TV Az\u0259rbaycan\u0131n media m\u0259kan\u0131ndak\u0131 alternativ s\u0259sidir","publisher":{"@id":"https:\/\/www.meydan.tv\/az\/#organization"},"potentialAction":[{"@type":"SearchAction","target":{"@type":"EntryPoint","urlTemplate":"https:\/\/www.meydan.tv\/az\/?s={search_term_string}"},"query-input":{"@type":"PropertyValueSpecification","valueRequired":true,"valueName":"search_term_string"}}],"inLanguage":"az"},{"@type":"Organization","@id":"https:\/\/www.meydan.tv\/az\/#organization","name":"Meydan TV","url":"https:\/\/www.meydan.tv\/az\/","logo":{"@type":"ImageObject","inLanguage":"az","@id":"https:\/\/www.meydan.tv\/az\/#\/schema\/logo\/image\/","url":"https:\/\/www.meydan.tv\/wp-content\/uploads\/2021\/07\/meydan-logo.svg","contentUrl":"https:\/\/www.meydan.tv\/wp-content\/uploads\/2021\/07\/meydan-logo.svg","width":195,"height":46,"caption":"Meydan TV"},"image":{"@id":"https:\/\/www.meydan.tv\/az\/#\/schema\/logo\/image\/"}},{"@type":"Person","@id":"https:\/\/www.meydan.tv\/az\/#\/schema\/person\/09863e516102a829e72bedcf3f84c6b0","name":"mahmud"}]}},"_links":{"self":[{"href":"https:\/\/www.meydan.tv\/az\/wp-json\/wp\/v2\/posts\/339093","targetHints":{"allow":["GET"]}}],"collection":[{"href":"https:\/\/www.meydan.tv\/az\/wp-json\/wp\/v2\/posts"}],"about":[{"href":"https:\/\/www.meydan.tv\/az\/wp-json\/wp\/v2\/types\/post"}],"author":[{"embeddable":true,"href":"https:\/\/www.meydan.tv\/az\/wp-json\/wp\/v2\/users\/21"}],"replies":[{"embeddable":true,"href":"https:\/\/www.meydan.tv\/az\/wp-json\/wp\/v2\/comments?post=339093"}],"version-history":[{"count":1,"href":"https:\/\/www.meydan.tv\/az\/wp-json\/wp\/v2\/posts\/339093\/revisions"}],"predecessor-version":[{"id":339094,"href":"https:\/\/www.meydan.tv\/az\/wp-json\/wp\/v2\/posts\/339093\/revisions\/339094"}],"wp:featuredmedia":[{"embeddable":true,"href":"https:\/\/www.meydan.tv\/az\/wp-json\/wp\/v2\/media\/227347"}],"wp:attachment":[{"href":"https:\/\/www.meydan.tv\/az\/wp-json\/wp\/v2\/media?parent=339093"}],"wp:term":[{"taxonomy":"category","embeddable":true,"href":"https:\/\/www.meydan.tv\/az\/wp-json\/wp\/v2\/categories?post=339093"},{"taxonomy":"post_tag","embeddable":true,"href":"https:\/\/www.meydan.tv\/az\/wp-json\/wp\/v2\/tags?post=339093"}],"curies":[{"name":"wp","href":"https:\/\/api.w.org\/{rel}","templated":true}]}}