{"id":339025,"date":"2025-12-13T18:49:47","date_gmt":"2025-12-13T14:49:47","guid":{"rendered":"https:\/\/www.meydan.tv\/?p=339025"},"modified":"2025-12-16T18:47:56","modified_gmt":"2025-12-16T14:47:56","slug":"belarusda-123-siyasi-m%c9%99hbusun-s%c9%99rb%c9%99st-buraxildigi-deyilir","status":"publish","type":"post","link":"https:\/\/www.meydan.tv\/az\/article\/belarusda-123-siyasi-m%c9%99hbusun-s%c9%99rb%c9%99st-buraxildigi-deyilir\/","title":{"rendered":"Belarusda 123 siyasi m\u0259hbusun s\u0259rb\u0259st burax\u0131ld\u0131\u011f\u0131 deyilir"},"content":{"rendered":"\n<p>Belarusda 13 dekabrda 123 n\u0259f\u0259r azadl\u0131\u011fa \u00e7\u0131xd\u0131, onlar\u0131n aras\u0131nda tan\u0131nm\u0131\u015f \u015f\u0259xsl\u0259r d\u0259 var: Mariya Kolesnikova, Ales Belyatski, Viktor Babariko, Maksim Znak, Marina Zolotova. Bu haqda <a href=\"https:\/\/euroradio.fm\/ru\/na-svobodu-mozhet-vyyti-gruppa-politzaklyuchyonnykh-sredi-nikh-gromkie-imena-onlayn\" target=\"_blank\" rel=\"noreferrer noopener nofollow\">&#8220;Euroradio&#8221;<\/a> m\u0259lumat verir. Belarus m\u00fcxalif\u0259tinin liderl\u0259rind\u0259n biri \u0130van Kravtsov bildirir ki, azad olunanlar aras\u0131nda Viktor Babarikonun komandas\u0131n\u0131n n\u00fcmay\u0259nd\u0259l\u0259ri d\u0259 var \u2014 \u201cv\u0259 bir n\u0259f\u0259r deyil\u201d.<\/p>\n\n\n\n<h4 class=\"wp-block-heading\"><strong>Mariya Kolesnikova azadl\u0131\u011fa \u00e7\u0131xanlar aras\u0131ndad\u0131r<\/strong><\/h4>\n\n\n\n<p> Mariya Kolesnikova musiqi\u00e7i, m\u0259d\u0259niyy\u0259t meneceri, Koordinasiya \u015euras\u0131n\u0131n R\u0259yas\u0259t Hey\u0259tinin \u00fczv\u00fc v\u0259 Viktor Babarikonun q\u0259rargah\u0131n\u0131n r\u0259hb\u0259ridir. 7 sentyabr 2020-ci ild\u0259 Kolesnikova Minskd\u0259 o\u011furlanm\u0131\u015f v\u0259 onu Ukrayna s\u0259rh\u0259din\u0259 zorla \u00e7\u0131xarma\u011fa c\u0259hd etmi\u015fdil\u0259r. Mariya pasportunu c\u0131raraq x\u00fcsusi \u0259m\u0259liyyat\u0131 pozmu\u015fdu. 9 sentyabrda onu saxlad\u0131lar, daha sonra Jodino istintaq t\u0259cridxanas\u0131na v\u0259 ard\u0131nca 1 sayl\u0131 \u0130stintaq T\u0259cridxanas\u0131na  k\u00f6\u00e7\u00fcrd\u00fcl\u0259r. Ona \u00fc\u00e7 cinay\u0259t madd\u0259si \u00fczr\u0259 ittiham ir\u0259li s\u00fcr\u00fclm\u00fc\u015fd\u00fc: milli t\u0259hl\u00fck\u0259sizliy\u0259 qar\u015f\u0131 y\u00f6n\u0259lmi\u015f \u00e7a\u011f\u0131r\u0131\u015flar, hakimiyy\u0259ti \u0259l\u0259 ke\u00e7irm\u0259k m\u0259qs\u0259di il\u0259 sui-q\u0259sd v\u0259 \u201cekstremist t\u0259\u015fkilat\u201d yaratmaq. 2021-ci ilin sentyabr\u0131nda Minsk Rayon M\u0259hk\u0259m\u0259si Kolesnikovan\u0131 11 il azadl\u0131qdan m\u0259hrum etm\u0259y\u0259 m\u0259hkum etdi.<\/p>\n\n\n\n<figure class=\"wp-block-image size-large\"><img decoding=\"async\" data-src=\"https:\/\/euroradio.fm\/sites\/default\/files\/styles\/default_image_paragraph\/public\/paragraphs\/image\/DSCN5838.JPG.webp?itok=2mrpsJ1i\" alt=\"\" src=\"data:image\/svg+xml;base64,PHN2ZyB3aWR0aD0iMSIgaGVpZ2h0PSIxIiB4bWxucz0iaHR0cDovL3d3dy53My5vcmcvMjAwMC9zdmciPjwvc3ZnPg==\" class=\"lazyload\" \/><figcaption class=\"wp-element-caption\">Foto: &#8220;Euroradio&#8221;<\/figcaption><\/figure>\n\n\n\n<p>2022-ci ilin pay\u0131z\u0131nda onu koloniyan\u0131n c\u0259rim\u0259 t\u0259cridxanas\u0131na yerl\u0259\u015fdirdil\u0259r, bundan sonra o, de\u015filmi\u015f xora v\u0259 peritonit diaqnozu il\u0259 x\u0259st\u0259xanaya d\u00fc\u015fd\u00fc. Daha sonra koloniyaya qaytar\u0131ld\u0131, lakin qidalanma il\u0259 ba\u011fl\u0131 \u00e7\u0259tinlikl\u0259r ya\u015fay\u0131r v\u0259 uzun m\u00fcdd\u0259t b\u0259rpa olunurdu. Avropa Parlamenti ona tibbi yard\u0131m g\u00f6st\u0259rilm\u0259sini t\u0259l\u0259b edirdi. Yaln\u0131z 2024-c\u00fc ilin noyabr\u0131nda o, 18 aydan sonra ilk d\u0259f\u0259 atas\u0131 il\u0259 g\u00f6r\u00fc\u015f\u0259 bildi, amma sonra yenid\u0259n xarici d\u00fcnya il\u0259 \u0259laq\u0259si k\u0259sildi. 2025-ci ilin pay\u0131z\u0131nda Mariyadan uzun m\u00fcdd\u0259t sonra atas\u0131na m\u0259ktub g\u0259ldi .<\/p>\n\n\n\n<p>Ales Belyatski \u2014 \u201cVyasna\u201d h\u00fcquq m\u00fcdafi\u0259 m\u0259rk\u0259zinin r\u0259hb\u0259ri, 2022-ci il Nobel S\u00fclh M\u00fckafat\u0131 laureat\u0131, Belarusun \u0259n tan\u0131nm\u0131\u015f h\u00fcquq m\u00fcdafi\u0259\u00e7il\u0259rind\u0259n biridir. O, 14 iyul 2021-ci ild\u0259 \u201cVyasna i\u015fi\u201d \u00e7\u0259r\u00e7iv\u0259sind\u0259 saxlan\u0131lm\u0131\u015f, evind\u0259 v\u0259 ofisd\u0259 axtar\u0131\u015flar apar\u0131lm\u0131\u015fd\u0131. \u018fvv\u0259lc\u0259 Belyatski vergid\u0259n yay\u0131nma ittiham\u0131 il\u0259 t\u0259qib edilirdi, lakin 2022-ci ilin pay\u0131z\u0131nda bu i\u015f dayand\u0131r\u0131ld\u0131 v\u0259 onun \u0259leyhin\u0259 yeni ittihamlar ir\u0259li s\u00fcr\u00fcld\u00fc \u2014 b\u00f6y\u00fck m\u0259bl\u0259\u011fd\u0259 na\u011fd pul qa\u00e7aqmal\u00e7\u0131l\u0131\u011f\u0131 v\u0259 etirazlar\u0131n maliyy\u0259l\u0259\u015fdirilm\u0259si. 3 mart 2023-c\u00fc ild\u0259 m\u0259hk\u0259m\u0259 Belyatskini 10 il g\u00fccl\u0259ndirilmi\u015f rejimd\u0259 h\u0259bs v\u0259 b\u00f6y\u00fck c\u0259rim\u0259 il\u0259 c\u0259zaland\u0131rd\u0131. Onun h\u0259mkarlar\u0131 Valentin Stefanovi\u00e7 9 il, Vladimir Labkovi\u00e7 is\u0259 7 il azadl\u0131qdan m\u0259hrum edildi. 2023-c\u00fc ilin dekabr\u0131nda o, \u201cekstremistl\u0259r\u201d siyah\u0131s\u0131na sal\u0131nd\u0131.<\/p>\n\n\n\n<figure class=\"wp-block-image size-large\"><img decoding=\"async\" data-src=\"https:\/\/euroradio.fm\/sites\/default\/files\/styles\/default_image_paragraph\/public\/paragraphs\/image\/DSCN7950.JPG.webp?itok=L-RugYB4\" alt=\"\" src=\"data:image\/svg+xml;base64,PHN2ZyB3aWR0aD0iMSIgaGVpZ2h0PSIxIiB4bWxucz0iaHR0cDovL3d3dy53My5vcmcvMjAwMC9zdmciPjwvc3ZnPg==\" class=\"lazyload\" \/><figcaption class=\"wp-element-caption\">Foto: &#8220;Euroradio&#8221;<\/figcaption><\/figure>\n\n\n\n<p>H\u00fcquq m\u00fcdafi\u0259\u00e7isinin \u0259vv\u0259lki h\u0259bs m\u00fcdd\u0259tind\u0259n qalm\u0131\u015f ciddi sa\u011flaml\u0131q probleml\u0259ri vard\u0131. Ona d\u0259rman g\u00f6nd\u0259rm\u0259y\u0259 icaz\u0259 verilmir \u2014 yaln\u0131z koloniyan\u0131n tibbi b\u00f6lm\u0259sind\u0259 yard\u0131m ala bilirdi. <\/p>\n\n\n\n<p>Bu g\u00fcnl\u0259rd\u0259 Minskd\u0259 AB\u015e prezidentinin Belarus \u00fczr\u0259 x\u00fcsusi n\u00fcmay\u0259nd\u0259si Con Koul s\u0259f\u0259rd\u0259dir. Haz\u0131rda o, Aleksandr Luka\u015fenko il\u0259 g\u00f6r\u00fc\u015f ke\u00e7irir. M\u0259lum olub ki, AB\u015e Belarus kalsiumuna qar\u015f\u0131 sanksiyalar\u0131 l\u0259\u011fv edir.<br><br><\/p>\n","protected":false},"excerpt":{"rendered":"<p>Belarusda 13 dekabrda 123 n\u0259f\u0259r azadl\u0131\u011fa \u00e7\u0131xd\u0131, onlar\u0131n aras\u0131nda tan\u0131nm\u0131\u015f &#8230; <\/p>\n<p class=\"read-more-container\"><a title=\"Belarusda 123 siyasi m\u0259hbusun s\u0259rb\u0259st burax\u0131ld\u0131\u011f\u0131 deyilir\" class=\"read-more button\" href=\"https:\/\/www.meydan.tv\/az\/article\/belarusda-123-siyasi-m%c9%99hbusun-s%c9%99rb%c9%99st-buraxildigi-deyilir\/#more-339025\" aria-label=\"Read more about Belarusda 123 siyasi m\u0259hbusun s\u0259rb\u0259st burax\u0131ld\u0131\u011f\u0131 deyilir\">Davam\u0131<\/a><\/p>\n","protected":false},"author":16,"featured_media":210747,"comment_status":"closed","ping_status":"closed","sticky":false,"template":"","format":"standard","meta":{"_acf_changed":false,"_sitemap_exclude":false,"_sitemap_priority":"","_sitemap_frequency":"","footnotes":""},"categories":[59,79,56],"tags":[],"class_list":["post-339025","post","type-post","status-publish","format-standard","has-post-thumbnail","hentry","category-siyaset","category-featured","category-xeberler","infinite-scroll-item","generate-columns","tablet-grid-50","mobile-grid-100","grid-parent","grid-33","no-featured-image-padding"],"acf":[],"yoast_head":"<!-- This site is optimized with the Yoast SEO plugin v27.4 - https:\/\/yoast.com\/product\/yoast-seo-wordpress\/ -->\n<title>Belarusda 123 siyasi m\u0259hbusun s\u0259rb\u0259st burax\u0131ld\u0131\u011f\u0131 deyilir - MEYDAN.TV<\/title>\n<meta name=\"robots\" content=\"index, follow, max-snippet:-1, max-image-preview:large, max-video-preview:-1\" \/>\n<link rel=\"canonical\" href=\"https:\/\/www.meydan.tv\/az\/article\/belarusda-123-siyasi-m%c9%99hbusun-s%c9%99rb%c9%99st-buraxildigi-deyilir\/\" \/>\n<meta property=\"og:locale\" content=\"az_AZ\" \/>\n<meta property=\"og:type\" content=\"article\" \/>\n<meta property=\"og:title\" content=\"Belarusda 123 siyasi m\u0259hbusun s\u0259rb\u0259st burax\u0131ld\u0131\u011f\u0131 deyilir - MEYDAN.TV\" \/>\n<meta property=\"og:description\" content=\"Belarusda 13 dekabrda 123 n\u0259f\u0259r azadl\u0131\u011fa \u00e7\u0131xd\u0131, onlar\u0131n aras\u0131nda tan\u0131nm\u0131\u015f ... Davam\u0131\" \/>\n<meta property=\"og:url\" content=\"https:\/\/www.meydan.tv\/az\/article\/belarusda-123-siyasi-m%c9%99hbusun-s%c9%99rb%c9%99st-buraxildigi-deyilir\/\" \/>\n<meta property=\"og:site_name\" content=\"MEYDAN.TV\" \/>\n<meta property=\"article:published_time\" content=\"2025-12-13T14:49:47+00:00\" \/>\n<meta property=\"article:modified_time\" content=\"2025-12-16T14:47:56+00:00\" \/>\n<meta property=\"og:image\" content=\"https:\/\/www.meydan.tv\/wp-content\/uploads\/49937dc3-818e-4d99-83f0-9ba18c1e1c48-scaled-e1664534385948.jpeg\" \/>\n\t<meta property=\"og:image:width\" content=\"2560\" \/>\n\t<meta property=\"og:image:height\" content=\"1561\" \/>\n\t<meta property=\"og:image:type\" content=\"image\/jpeg\" \/>\n<meta name=\"author\" content=\"sevda\" \/>\n<meta name=\"twitter:card\" content=\"summary_large_image\" \/>\n<script type=\"application\/ld+json\" class=\"yoast-schema-graph\">{\"@context\":\"https:\\\/\\\/schema.org\",\"@graph\":[{\"@type\":\"Article\",\"@id\":\"https:\\\/\\\/www.meydan.tv\\\/az\\\/article\\\/belarusda-123-siyasi-m%c9%99hbusun-s%c9%99rb%c9%99st-buraxildigi-deyilir\\\/#article\",\"isPartOf\":{\"@id\":\"https:\\\/\\\/www.meydan.tv\\\/az\\\/article\\\/belarusda-123-siyasi-m%c9%99hbusun-s%c9%99rb%c9%99st-buraxildigi-deyilir\\\/\"},\"author\":{\"name\":\"sevda\",\"@id\":\"https:\\\/\\\/www.meydan.tv\\\/az\\\/#\\\/schema\\\/person\\\/49b5f2bad5b126bb8ea9320eeb3e4dc9\"},\"headline\":\"Belarusda 123 siyasi m\u0259hbusun s\u0259rb\u0259st burax\u0131ld\u0131\u011f\u0131 deyilir\",\"datePublished\":\"2025-12-13T14:49:47+00:00\",\"dateModified\":\"2025-12-16T14:47:56+00:00\",\"mainEntityOfPage\":{\"@id\":\"https:\\\/\\\/www.meydan.tv\\\/az\\\/article\\\/belarusda-123-siyasi-m%c9%99hbusun-s%c9%99rb%c9%99st-buraxildigi-deyilir\\\/\"},\"wordCount\":592,\"publisher\":{\"@id\":\"https:\\\/\\\/www.meydan.tv\\\/az\\\/#organization\"},\"image\":{\"@id\":\"https:\\\/\\\/www.meydan.tv\\\/az\\\/article\\\/belarusda-123-siyasi-m%c9%99hbusun-s%c9%99rb%c9%99st-buraxildigi-deyilir\\\/#primaryimage\"},\"thumbnailUrl\":\"https:\\\/\\\/www.meydan.tv\\\/wp-content\\\/uploads\\\/49937dc3-818e-4d99-83f0-9ba18c1e1c48-scaled-e1664534385948.jpeg\",\"articleSection\":[\"Siyas\u0259t\",\"T\u00f6vsiy\u0259\",\"X\u0259b\u0259rl\u0259r\"],\"inLanguage\":\"az\"},{\"@type\":\"WebPage\",\"@id\":\"https:\\\/\\\/www.meydan.tv\\\/az\\\/article\\\/belarusda-123-siyasi-m%c9%99hbusun-s%c9%99rb%c9%99st-buraxildigi-deyilir\\\/\",\"url\":\"https:\\\/\\\/www.meydan.tv\\\/az\\\/article\\\/belarusda-123-siyasi-m%c9%99hbusun-s%c9%99rb%c9%99st-buraxildigi-deyilir\\\/\",\"name\":\"Belarusda 123 siyasi m\u0259hbusun s\u0259rb\u0259st burax\u0131ld\u0131\u011f\u0131 deyilir - MEYDAN.TV\",\"isPartOf\":{\"@id\":\"https:\\\/\\\/www.meydan.tv\\\/az\\\/#website\"},\"primaryImageOfPage\":{\"@id\":\"https:\\\/\\\/www.meydan.tv\\\/az\\\/article\\\/belarusda-123-siyasi-m%c9%99hbusun-s%c9%99rb%c9%99st-buraxildigi-deyilir\\\/#primaryimage\"},\"image\":{\"@id\":\"https:\\\/\\\/www.meydan.tv\\\/az\\\/article\\\/belarusda-123-siyasi-m%c9%99hbusun-s%c9%99rb%c9%99st-buraxildigi-deyilir\\\/#primaryimage\"},\"thumbnailUrl\":\"https:\\\/\\\/www.meydan.tv\\\/wp-content\\\/uploads\\\/49937dc3-818e-4d99-83f0-9ba18c1e1c48-scaled-e1664534385948.jpeg\",\"datePublished\":\"2025-12-13T14:49:47+00:00\",\"dateModified\":\"2025-12-16T14:47:56+00:00\",\"breadcrumb\":{\"@id\":\"https:\\\/\\\/www.meydan.tv\\\/az\\\/article\\\/belarusda-123-siyasi-m%c9%99hbusun-s%c9%99rb%c9%99st-buraxildigi-deyilir\\\/#breadcrumb\"},\"inLanguage\":\"az\",\"potentialAction\":[{\"@type\":\"ReadAction\",\"target\":[\"https:\\\/\\\/www.meydan.tv\\\/az\\\/article\\\/belarusda-123-siyasi-m%c9%99hbusun-s%c9%99rb%c9%99st-buraxildigi-deyilir\\\/\"]}]},{\"@type\":\"ImageObject\",\"inLanguage\":\"az\",\"@id\":\"https:\\\/\\\/www.meydan.tv\\\/az\\\/article\\\/belarusda-123-siyasi-m%c9%99hbusun-s%c9%99rb%c9%99st-buraxildigi-deyilir\\\/#primaryimage\",\"url\":\"https:\\\/\\\/www.meydan.tv\\\/wp-content\\\/uploads\\\/49937dc3-818e-4d99-83f0-9ba18c1e1c48-scaled-e1664534385948.jpeg\",\"contentUrl\":\"https:\\\/\\\/www.meydan.tv\\\/wp-content\\\/uploads\\\/49937dc3-818e-4d99-83f0-9ba18c1e1c48-scaled-e1664534385948.jpeg\",\"width\":2560,\"height\":1561,\"caption\":\"Foto: Meydan TV\"},{\"@type\":\"BreadcrumbList\",\"@id\":\"https:\\\/\\\/www.meydan.tv\\\/az\\\/article\\\/belarusda-123-siyasi-m%c9%99hbusun-s%c9%99rb%c9%99st-buraxildigi-deyilir\\\/#breadcrumb\",\"itemListElement\":[{\"@type\":\"ListItem\",\"position\":1,\"name\":\"Ana s\u0259hif\u0259\",\"item\":\"https:\\\/\\\/www.meydan.tv\\\/az\\\/\"},{\"@type\":\"ListItem\",\"position\":2,\"name\":\"Siyas\u0259t\",\"item\":\"https:\\\/\\\/www.meydan.tv\\\/az\\\/section\\\/siyaset\\\/\"},{\"@type\":\"ListItem\",\"position\":3,\"name\":\"Belarusda 123 siyasi m\u0259hbusun s\u0259rb\u0259st burax\u0131ld\u0131\u011f\u0131 deyilir\"}]},{\"@type\":\"WebSite\",\"@id\":\"https:\\\/\\\/www.meydan.tv\\\/az\\\/#website\",\"url\":\"https:\\\/\\\/www.meydan.tv\\\/az\\\/\",\"name\":\"MEYDAN.TV\",\"description\":\"Meydan TV Az\u0259rbaycan\u0131n media m\u0259kan\u0131ndak\u0131 alternativ s\u0259sidir\",\"publisher\":{\"@id\":\"https:\\\/\\\/www.meydan.tv\\\/az\\\/#organization\"},\"potentialAction\":[{\"@type\":\"SearchAction\",\"target\":{\"@type\":\"EntryPoint\",\"urlTemplate\":\"https:\\\/\\\/www.meydan.tv\\\/az\\\/?s={search_term_string}\"},\"query-input\":{\"@type\":\"PropertyValueSpecification\",\"valueRequired\":true,\"valueName\":\"search_term_string\"}}],\"inLanguage\":\"az\"},{\"@type\":\"Organization\",\"@id\":\"https:\\\/\\\/www.meydan.tv\\\/az\\\/#organization\",\"name\":\"Meydan TV\",\"url\":\"https:\\\/\\\/www.meydan.tv\\\/az\\\/\",\"logo\":{\"@type\":\"ImageObject\",\"inLanguage\":\"az\",\"@id\":\"https:\\\/\\\/www.meydan.tv\\\/az\\\/#\\\/schema\\\/logo\\\/image\\\/\",\"url\":\"https:\\\/\\\/www.meydan.tv\\\/wp-content\\\/uploads\\\/2021\\\/07\\\/meydan-logo.svg\",\"contentUrl\":\"https:\\\/\\\/www.meydan.tv\\\/wp-content\\\/uploads\\\/2021\\\/07\\\/meydan-logo.svg\",\"width\":195,\"height\":46,\"caption\":\"Meydan TV\"},\"image\":{\"@id\":\"https:\\\/\\\/www.meydan.tv\\\/az\\\/#\\\/schema\\\/logo\\\/image\\\/\"}},{\"@type\":\"Person\",\"@id\":\"https:\\\/\\\/www.meydan.tv\\\/az\\\/#\\\/schema\\\/person\\\/49b5f2bad5b126bb8ea9320eeb3e4dc9\",\"name\":\"sevda\"}]}<\/script>\n<!-- \/ Yoast SEO plugin. -->","yoast_head_json":{"title":"Belarusda 123 siyasi m\u0259hbusun s\u0259rb\u0259st burax\u0131ld\u0131\u011f\u0131 deyilir - MEYDAN.TV","robots":{"index":"index","follow":"follow","max-snippet":"max-snippet:-1","max-image-preview":"max-image-preview:large","max-video-preview":"max-video-preview:-1"},"canonical":"https:\/\/www.meydan.tv\/az\/article\/belarusda-123-siyasi-m%c9%99hbusun-s%c9%99rb%c9%99st-buraxildigi-deyilir\/","og_locale":"az_AZ","og_type":"article","og_title":"Belarusda 123 siyasi m\u0259hbusun s\u0259rb\u0259st burax\u0131ld\u0131\u011f\u0131 deyilir - MEYDAN.TV","og_description":"Belarusda 13 dekabrda 123 n\u0259f\u0259r azadl\u0131\u011fa \u00e7\u0131xd\u0131, onlar\u0131n aras\u0131nda tan\u0131nm\u0131\u015f ... Davam\u0131","og_url":"https:\/\/www.meydan.tv\/az\/article\/belarusda-123-siyasi-m%c9%99hbusun-s%c9%99rb%c9%99st-buraxildigi-deyilir\/","og_site_name":"MEYDAN.TV","article_published_time":"2025-12-13T14:49:47+00:00","article_modified_time":"2025-12-16T14:47:56+00:00","og_image":[{"width":2560,"height":1561,"url":"https:\/\/www.meydan.tv\/wp-content\/uploads\/49937dc3-818e-4d99-83f0-9ba18c1e1c48-scaled-e1664534385948.jpeg","type":"image\/jpeg"}],"author":"sevda","twitter_card":"summary_large_image","schema":{"@context":"https:\/\/schema.org","@graph":[{"@type":"Article","@id":"https:\/\/www.meydan.tv\/az\/article\/belarusda-123-siyasi-m%c9%99hbusun-s%c9%99rb%c9%99st-buraxildigi-deyilir\/#article","isPartOf":{"@id":"https:\/\/www.meydan.tv\/az\/article\/belarusda-123-siyasi-m%c9%99hbusun-s%c9%99rb%c9%99st-buraxildigi-deyilir\/"},"author":{"name":"sevda","@id":"https:\/\/www.meydan.tv\/az\/#\/schema\/person\/49b5f2bad5b126bb8ea9320eeb3e4dc9"},"headline":"Belarusda 123 siyasi m\u0259hbusun s\u0259rb\u0259st burax\u0131ld\u0131\u011f\u0131 deyilir","datePublished":"2025-12-13T14:49:47+00:00","dateModified":"2025-12-16T14:47:56+00:00","mainEntityOfPage":{"@id":"https:\/\/www.meydan.tv\/az\/article\/belarusda-123-siyasi-m%c9%99hbusun-s%c9%99rb%c9%99st-buraxildigi-deyilir\/"},"wordCount":592,"publisher":{"@id":"https:\/\/www.meydan.tv\/az\/#organization"},"image":{"@id":"https:\/\/www.meydan.tv\/az\/article\/belarusda-123-siyasi-m%c9%99hbusun-s%c9%99rb%c9%99st-buraxildigi-deyilir\/#primaryimage"},"thumbnailUrl":"https:\/\/www.meydan.tv\/wp-content\/uploads\/49937dc3-818e-4d99-83f0-9ba18c1e1c48-scaled-e1664534385948.jpeg","articleSection":["Siyas\u0259t","T\u00f6vsiy\u0259","X\u0259b\u0259rl\u0259r"],"inLanguage":"az"},{"@type":"WebPage","@id":"https:\/\/www.meydan.tv\/az\/article\/belarusda-123-siyasi-m%c9%99hbusun-s%c9%99rb%c9%99st-buraxildigi-deyilir\/","url":"https:\/\/www.meydan.tv\/az\/article\/belarusda-123-siyasi-m%c9%99hbusun-s%c9%99rb%c9%99st-buraxildigi-deyilir\/","name":"Belarusda 123 siyasi m\u0259hbusun s\u0259rb\u0259st burax\u0131ld\u0131\u011f\u0131 deyilir - MEYDAN.TV","isPartOf":{"@id":"https:\/\/www.meydan.tv\/az\/#website"},"primaryImageOfPage":{"@id":"https:\/\/www.meydan.tv\/az\/article\/belarusda-123-siyasi-m%c9%99hbusun-s%c9%99rb%c9%99st-buraxildigi-deyilir\/#primaryimage"},"image":{"@id":"https:\/\/www.meydan.tv\/az\/article\/belarusda-123-siyasi-m%c9%99hbusun-s%c9%99rb%c9%99st-buraxildigi-deyilir\/#primaryimage"},"thumbnailUrl":"https:\/\/www.meydan.tv\/wp-content\/uploads\/49937dc3-818e-4d99-83f0-9ba18c1e1c48-scaled-e1664534385948.jpeg","datePublished":"2025-12-13T14:49:47+00:00","dateModified":"2025-12-16T14:47:56+00:00","breadcrumb":{"@id":"https:\/\/www.meydan.tv\/az\/article\/belarusda-123-siyasi-m%c9%99hbusun-s%c9%99rb%c9%99st-buraxildigi-deyilir\/#breadcrumb"},"inLanguage":"az","potentialAction":[{"@type":"ReadAction","target":["https:\/\/www.meydan.tv\/az\/article\/belarusda-123-siyasi-m%c9%99hbusun-s%c9%99rb%c9%99st-buraxildigi-deyilir\/"]}]},{"@type":"ImageObject","inLanguage":"az","@id":"https:\/\/www.meydan.tv\/az\/article\/belarusda-123-siyasi-m%c9%99hbusun-s%c9%99rb%c9%99st-buraxildigi-deyilir\/#primaryimage","url":"https:\/\/www.meydan.tv\/wp-content\/uploads\/49937dc3-818e-4d99-83f0-9ba18c1e1c48-scaled-e1664534385948.jpeg","contentUrl":"https:\/\/www.meydan.tv\/wp-content\/uploads\/49937dc3-818e-4d99-83f0-9ba18c1e1c48-scaled-e1664534385948.jpeg","width":2560,"height":1561,"caption":"Foto: Meydan TV"},{"@type":"BreadcrumbList","@id":"https:\/\/www.meydan.tv\/az\/article\/belarusda-123-siyasi-m%c9%99hbusun-s%c9%99rb%c9%99st-buraxildigi-deyilir\/#breadcrumb","itemListElement":[{"@type":"ListItem","position":1,"name":"Ana s\u0259hif\u0259","item":"https:\/\/www.meydan.tv\/az\/"},{"@type":"ListItem","position":2,"name":"Siyas\u0259t","item":"https:\/\/www.meydan.tv\/az\/section\/siyaset\/"},{"@type":"ListItem","position":3,"name":"Belarusda 123 siyasi m\u0259hbusun s\u0259rb\u0259st burax\u0131ld\u0131\u011f\u0131 deyilir"}]},{"@type":"WebSite","@id":"https:\/\/www.meydan.tv\/az\/#website","url":"https:\/\/www.meydan.tv\/az\/","name":"MEYDAN.TV","description":"Meydan TV Az\u0259rbaycan\u0131n media m\u0259kan\u0131ndak\u0131 alternativ s\u0259sidir","publisher":{"@id":"https:\/\/www.meydan.tv\/az\/#organization"},"potentialAction":[{"@type":"SearchAction","target":{"@type":"EntryPoint","urlTemplate":"https:\/\/www.meydan.tv\/az\/?s={search_term_string}"},"query-input":{"@type":"PropertyValueSpecification","valueRequired":true,"valueName":"search_term_string"}}],"inLanguage":"az"},{"@type":"Organization","@id":"https:\/\/www.meydan.tv\/az\/#organization","name":"Meydan TV","url":"https:\/\/www.meydan.tv\/az\/","logo":{"@type":"ImageObject","inLanguage":"az","@id":"https:\/\/www.meydan.tv\/az\/#\/schema\/logo\/image\/","url":"https:\/\/www.meydan.tv\/wp-content\/uploads\/2021\/07\/meydan-logo.svg","contentUrl":"https:\/\/www.meydan.tv\/wp-content\/uploads\/2021\/07\/meydan-logo.svg","width":195,"height":46,"caption":"Meydan TV"},"image":{"@id":"https:\/\/www.meydan.tv\/az\/#\/schema\/logo\/image\/"}},{"@type":"Person","@id":"https:\/\/www.meydan.tv\/az\/#\/schema\/person\/49b5f2bad5b126bb8ea9320eeb3e4dc9","name":"sevda"}]}},"_links":{"self":[{"href":"https:\/\/www.meydan.tv\/az\/wp-json\/wp\/v2\/posts\/339025","targetHints":{"allow":["GET"]}}],"collection":[{"href":"https:\/\/www.meydan.tv\/az\/wp-json\/wp\/v2\/posts"}],"about":[{"href":"https:\/\/www.meydan.tv\/az\/wp-json\/wp\/v2\/types\/post"}],"author":[{"embeddable":true,"href":"https:\/\/www.meydan.tv\/az\/wp-json\/wp\/v2\/users\/16"}],"replies":[{"embeddable":true,"href":"https:\/\/www.meydan.tv\/az\/wp-json\/wp\/v2\/comments?post=339025"}],"version-history":[{"count":4,"href":"https:\/\/www.meydan.tv\/az\/wp-json\/wp\/v2\/posts\/339025\/revisions"}],"predecessor-version":[{"id":339159,"href":"https:\/\/www.meydan.tv\/az\/wp-json\/wp\/v2\/posts\/339025\/revisions\/339159"}],"wp:featuredmedia":[{"embeddable":true,"href":"https:\/\/www.meydan.tv\/az\/wp-json\/wp\/v2\/media\/210747"}],"wp:attachment":[{"href":"https:\/\/www.meydan.tv\/az\/wp-json\/wp\/v2\/media?parent=339025"}],"wp:term":[{"taxonomy":"category","embeddable":true,"href":"https:\/\/www.meydan.tv\/az\/wp-json\/wp\/v2\/categories?post=339025"},{"taxonomy":"post_tag","embeddable":true,"href":"https:\/\/www.meydan.tv\/az\/wp-json\/wp\/v2\/tags?post=339025"}],"curies":[{"name":"wp","href":"https:\/\/api.w.org\/{rel}","templated":true}]}}