{"id":338970,"date":"2025-12-11T18:14:21","date_gmt":"2025-12-11T14:14:21","guid":{"rendered":"https:\/\/www.meydan.tv\/?p=338970"},"modified":"2025-12-11T18:43:25","modified_gmt":"2025-12-11T14:43:25","slug":"az%c9%99rbaycanin-v%c9%99t%c9%99ndas-c%c9%99miyy%c9%99ti-uzvl%c9%99ri-avropa-parlamentin%c9%99-t%c9%99cili-cagiris-edib","status":"publish","type":"post","link":"https:\/\/www.meydan.tv\/az\/article\/az%c9%99rbaycanin-v%c9%99t%c9%99ndas-c%c9%99miyy%c9%99ti-uzvl%c9%99ri-avropa-parlamentin%c9%99-t%c9%99cili-cagiris-edib\/","title":{"rendered":"Az\u0259rbaycan\u0131n v\u0259t\u0259nda\u015f c\u0259miyy\u0259ti \u00fczvl\u0259ri Avropa Parlamentin\u0259 t\u0259cili \u00e7a\u011f\u0131r\u0131\u015f edib"},"content":{"rendered":"\n<p>Xaricd\u0259 ya\u015fayan Az\u0259rbaycan\u0131n v\u0259t\u0259nda\u015f c\u0259miyy\u0259ti \u00fczvl\u0259ri Avropa Parlamentinin Prezidenti Roberta Metsola m\u00fcraci\u0259t edibl\u0259r. M\u00fcraci\u0259t m\u00fc\u0259llifl\u0259ri Az\u0259rbaycanda insan haqlar\u0131n\u0131n pozulmas\u0131na diqq\u0259t \u00e7\u0259kibl\u0259r.&nbsp;<\/p>\n\n\n\n<p>M\u0259ktubda bildirilib ki, Az\u0259rbaycanda median\u0131, siyasi m\u00fcxalif\u0259ti, v\u0259t\u0259nda\u015f c\u0259miyy\u0259tini aradan qald\u0131rma\u011fa y\u00f6n\u0259lmi\u015f bir sistem qurulub. Haz\u0131rda \u00f6lk\u0259d\u0259 400-d\u0259n \u00e7ox siyasi m\u0259hbus var. Bu Az\u0259rbaycan\u0131n Avropa \u015euras\u0131na daxil olandan indiy\u0259d\u0259k \u0259n y\u00fcks\u0259k r\u0259q\u0259mdir. Jurnalistl\u0259r\u0259, aktivistl\u0259r\u0259 v\u0259 m\u00fcxalif\u0259tl\u0259r\u0259 qar\u015f\u0131 vergi ittihamlar\u0131 ir\u0259li s\u00fcr\u00fcl\u00fcb. Haz\u0131rda 30-dan \u00e7ox jurnalist h\u0259bsd\u0259dir. Meydan TV, Toplum TV, AbzasMedia, Kanal 13 kimi m\u00fcst\u0259qil medialar\u0131n \u00f6lk\u0259d\u0259 f\u0259aliyy\u0259tin\u0259 m\u0259hdudiyy\u0259tl\u0259r qoyulub. Turan \u0130nformasiya Agentliyi v\u0259 BBC Az\u0259rbaycan ofisi zorla ba\u011flan\u0131b v\u0259 Bloomberg-in akkreditasiyas\u0131 l\u0259\u011fv edilib. \u018fsas m\u00fcxalif\u0259t partiyas\u0131 hesab olunan Az\u0259rbaycan Xalq C\u0259bh\u0259si Partiyas\u0131 s\u0259dri \u018fli K\u0259rimli h\u0259bs olunub. Bundan ba\u015fqa bir s\u0131ra siyasi f\u0259allar, dini inancl\u0131 \u015f\u0259xsl\u0259r, h\u00fcquq m\u00fcdafi\u0259\u00e7il\u0259ri h\u0259bsd\u0259dir.<\/p>\n\n\n\n<p><em>\u201cBundan ba\u015fqa 2025-ci ilin aprel s\u0259f\u0259ri zaman\u0131 Ali N\u00fcmay\u0259nd\u0259 Kaja Kallas Az\u0259rbaycanla Avropan\u0131n enerji \u0259m\u0259kda\u015fl\u0131\u011f\u0131n\u0131 y\u00fcks\u0259k qiym\u0259tl\u0259ndirdi, lakin insan h\u00fcquqlar\u0131 m\u0259s\u0259l\u0259l\u0259rini a\u00e7\u0131q \u015f\u0259kild\u0259 g\u00fcnd\u0259m\u0259 g\u0259tirm\u0259di. Bu susqunluq \u00f6lk\u0259d\u0259 bel\u0259 q\u0259bul edilib ki, repressiyalar\u0131n daha da s\u0259rtl\u0259\u015fdirilm\u0259si h\u0259r hans\u0131 n\u0259tic\u0259 yaratmayacaq.<\/em><\/p>\n\n\n\n<p><em>Bu is\u0259 A\u0130-nin Belarus v\u0259 G\u00fcrc\u00fcstandak\u0131 prosesl\u0259r\u0259 verdiyi s\u0259rt v\u0259 prinsipial reaksiyalarla tam ziddiyy\u0259t t\u0259\u015fkil edir\u201d<\/em>, &#8211; m\u00fcraci\u0259td\u0259 bel\u0259 deyilir.&nbsp;<\/p>\n\n\n\n<p>\u00c7a\u011f\u0131r\u0131\u015fda parlamentin 2024-c\u00fc ilin oktyabr v\u0259 dekabr aylar\u0131nda q\u0259bul etdiyi q\u0259tnam\u0259l\u0259r alq\u0131\u015flan\u0131r v\u0259 h\u0259min s\u0259n\u0259dl\u0259rd\u0259 insan h\u00fcquqlar\u0131 pozuntular\u0131nda m\u0259suliyy\u0259t da\u015f\u0131yan y\u00fcks\u0259k v\u0259zif\u0259li Az\u0259rbaycan r\u0259smil\u0259rin\u0259 qar\u015f\u0131 h\u0259d\u0259fli sanksiyalar t\u0259l\u0259b olunur.<\/p>\n\n\n\n<p><em>\u201cLakin bu t\u00f6vsiy\u0259l\u0259r Avropa Komissiyas\u0131 v\u0259 A\u0130 Xarici F\u0259aliyy\u0259t Xidm\u0259ti t\u0259r\u0259find\u0259n icra olunmay\u0131b v\u0259 n\u0259tic\u0259d\u0259 Az\u0259rbaycan v\u0259t\u0259nda\u015f c\u0259miyy\u0259ti tamamil\u0259 t\u0259crid v\u0259 m\u00fcdafi\u0259siz v\u0259ziyy\u0259td\u0259 qal\u0131b. Bu s\u0259b\u0259bd\u0259n biz Avropa Parlamentind\u0259n xahi\u015f edirik ki, Az\u0259rbaycanla A\u0130 m\u00fcnasib\u0259tl\u0259ri \u00fc\u00e7\u00fcn insan h\u00fcquqlar\u0131 meyarlar\u0131na \u0259saslanan ayd\u0131n yol x\u0259rit\u0259si q\u0259bul etsin, yeni t\u0259r\u0259fda\u015fl\u0131q sazi\u015fi \u00fczr\u0259 ir\u0259lil\u0259yi\u015fi siyasi m\u0259hbuslar\u0131n azadl\u0131\u011f\u0131, QHT v\u0259 media qanunlar\u0131nda islahatlar v\u0259 beyn\u0259lxalq qurumlarla \u0259m\u0259kda\u015fl\u0131q \u015f\u0259rtl\u0259rin\u0259 ba\u011flas\u0131n\u201d<\/em> &#8211;&nbsp; dey\u0259 m\u0259ktubda yaz\u0131l\u0131b.<\/p>\n\n\n\n<p>V\u0259t\u0259nda\u015f c\u0259miyy\u0259ti \u00fczvl\u0259ri deyir ki, bu, t\u0259cili m\u0259s\u0259l\u0259dir, \u00e7\u00fcnki Az\u0259rbaycanda art\u0131q m\u00fcst\u0259qil v\u0259t\u0259nda\u015f c\u0259miyy\u0259ti v\u0259 media dem\u0259k olar ki, m\u00f6vcud deyil, s\u00fcrg\u00fcnd\u0259ki f\u0259allar\u0131n durumlar\u0131 a\u011f\u0131rla\u015f\u0131b v\u0259 AB\u015e-d\u0259n d\u0259st\u0259k dayan\u0131b. Bel\u0259 bir \u015f\u0259raitd\u0259 A\u0130 yegan\u0259 t\u0259sir imkan\u0131na malik aktordur.&nbsp;<\/p>\n\n\n\n<p><em>\u201cAvropa Parlamentinin prinsipial m\u00f6vqeyi regiona v\u0259 Az\u0259rbaycan hakimiyy\u0259tin\u0259 m\u00fch\u00fcm mesaj ver\u0259c\u0259k: A\u0130 \u00fc\u00e7\u00fcn insan h\u00fcquqlar\u0131 v\u0259 h\u00fcququn aliliyi dan\u0131\u015f\u0131qs\u0131z d\u0259y\u0259rdir\u201d.<\/em><\/p>\n\n\n\n<p>H\u00fcquq m\u00fcdafi\u0259\u00e7il\u0259rinin haz\u0131rlad\u0131\u011f\u0131 siyah\u0131ya \u0259sas\u0259n, \u00f6lk\u0259d\u0259 392 <a href=\"https:\/\/www.meydan.tv\/az\/article\/yeni-siyasi-m%c9%99hbus-siyahisi-aciqlanib-392-n%c9%99f%c9%99r\/\" target=\"_blank\" rel=\"noreferrer noopener nofollow\">siyasi m\u0259hbus <\/a>var. <\/p>\n\n\n\n<p>Az\u0259rbaycan hakimiyy\u0259ti \u00f6lk\u0259d\u0259 siyasi m\u0259hbus oldu\u011funu birm\u0259nal\u0131 \u015f\u0259kild\u0259 r\u0259dd edir, he\u00e7 kimin f\u0259rqli d\u00fc\u015f\u00fcnc\u0259sin\u0259, siyasi m\u00f6vqeyin\u0259 g\u00f6r\u0259 h\u0259bs olunmad\u0131\u011f\u0131n\u0131, onlar\u0131n konkret cinay\u0259t \u0259m\u0259lin\u0259 g\u00f6r\u0259 h\u0259bs olundu\u011funu bildirirl\u0259r.<\/p>\n\n\n\n<p><\/p>\n","protected":false},"excerpt":{"rendered":"<p>Xaricd\u0259 ya\u015fayan Az\u0259rbaycan\u0131n v\u0259t\u0259nda\u015f c\u0259miyy\u0259ti \u00fczvl\u0259ri Avropa Parlamentinin Prezidenti Roberta &#8230; <\/p>\n<p class=\"read-more-container\"><a title=\"Az\u0259rbaycan\u0131n v\u0259t\u0259nda\u015f c\u0259miyy\u0259ti \u00fczvl\u0259ri Avropa Parlamentin\u0259 t\u0259cili \u00e7a\u011f\u0131r\u0131\u015f edib\" class=\"read-more button\" href=\"https:\/\/www.meydan.tv\/az\/article\/az%c9%99rbaycanin-v%c9%99t%c9%99ndas-c%c9%99miyy%c9%99ti-uzvl%c9%99ri-avropa-parlamentin%c9%99-t%c9%99cili-cagiris-edib\/#more-338970\" aria-label=\"Read more about Az\u0259rbaycan\u0131n v\u0259t\u0259nda\u015f c\u0259miyy\u0259ti \u00fczvl\u0259ri Avropa Parlamentin\u0259 t\u0259cili \u00e7a\u011f\u0131r\u0131\u015f edib\">Davam\u0131<\/a><\/p>\n","protected":false},"author":21,"featured_media":323281,"comment_status":"closed","ping_status":"closed","sticky":false,"template":"","format":"standard","meta":{"_acf_changed":false,"_sitemap_exclude":false,"_sitemap_priority":"","_sitemap_frequency":"","footnotes":""},"categories":[59,79,56],"tags":[],"class_list":["post-338970","post","type-post","status-publish","format-standard","has-post-thumbnail","hentry","category-siyaset","category-featured","category-xeberler","infinite-scroll-item","generate-columns","tablet-grid-50","mobile-grid-100","grid-parent","grid-33","no-featured-image-padding"],"acf":[],"yoast_head":"<!-- This site is optimized with the Yoast SEO plugin v27.4 - https:\/\/yoast.com\/product\/yoast-seo-wordpress\/ -->\n<title>Az\u0259rbaycan\u0131n v\u0259t\u0259nda\u015f c\u0259miyy\u0259ti \u00fczvl\u0259ri Avropa Parlamentin\u0259 t\u0259cili \u00e7a\u011f\u0131r\u0131\u015f edib - MEYDAN.TV<\/title>\n<meta name=\"robots\" content=\"index, follow, max-snippet:-1, max-image-preview:large, max-video-preview:-1\" \/>\n<link rel=\"canonical\" href=\"https:\/\/www.meydan.tv\/az\/article\/az%c9%99rbaycanin-v%c9%99t%c9%99ndas-c%c9%99miyy%c9%99ti-uzvl%c9%99ri-avropa-parlamentin%c9%99-t%c9%99cili-cagiris-edib\/\" \/>\n<meta property=\"og:locale\" content=\"az_AZ\" \/>\n<meta property=\"og:type\" content=\"article\" \/>\n<meta property=\"og:title\" content=\"Az\u0259rbaycan\u0131n v\u0259t\u0259nda\u015f c\u0259miyy\u0259ti \u00fczvl\u0259ri Avropa Parlamentin\u0259 t\u0259cili \u00e7a\u011f\u0131r\u0131\u015f edib - MEYDAN.TV\" \/>\n<meta property=\"og:description\" content=\"Xaricd\u0259 ya\u015fayan Az\u0259rbaycan\u0131n v\u0259t\u0259nda\u015f c\u0259miyy\u0259ti \u00fczvl\u0259ri Avropa Parlamentinin Prezidenti Roberta ... Davam\u0131\" \/>\n<meta property=\"og:url\" content=\"https:\/\/www.meydan.tv\/az\/article\/az%c9%99rbaycanin-v%c9%99t%c9%99ndas-c%c9%99miyy%c9%99ti-uzvl%c9%99ri-avropa-parlamentin%c9%99-t%c9%99cili-cagiris-edib\/\" \/>\n<meta property=\"og:site_name\" content=\"MEYDAN.TV\" \/>\n<meta property=\"article:published_time\" content=\"2025-12-11T14:14:21+00:00\" \/>\n<meta property=\"article:modified_time\" content=\"2025-12-11T14:43:25+00:00\" \/>\n<meta property=\"og:image\" content=\"https:\/\/www.meydan.tv\/wp-content\/uploads\/photo_2024-12-24_13.05.52.jpeg\" \/>\n\t<meta property=\"og:image:width\" content=\"1280\" \/>\n\t<meta property=\"og:image:height\" content=\"720\" \/>\n\t<meta property=\"og:image:type\" content=\"image\/jpeg\" \/>\n<meta name=\"author\" content=\"mahmud\" \/>\n<meta name=\"twitter:card\" content=\"summary_large_image\" \/>\n<script type=\"application\/ld+json\" class=\"yoast-schema-graph\">{\"@context\":\"https:\\\/\\\/schema.org\",\"@graph\":[{\"@type\":\"Article\",\"@id\":\"https:\\\/\\\/www.meydan.tv\\\/az\\\/article\\\/az%c9%99rbaycanin-v%c9%99t%c9%99ndas-c%c9%99miyy%c9%99ti-uzvl%c9%99ri-avropa-parlamentin%c9%99-t%c9%99cili-cagiris-edib\\\/#article\",\"isPartOf\":{\"@id\":\"https:\\\/\\\/www.meydan.tv\\\/az\\\/article\\\/az%c9%99rbaycanin-v%c9%99t%c9%99ndas-c%c9%99miyy%c9%99ti-uzvl%c9%99ri-avropa-parlamentin%c9%99-t%c9%99cili-cagiris-edib\\\/\"},\"author\":{\"name\":\"mahmud\",\"@id\":\"https:\\\/\\\/www.meydan.tv\\\/az\\\/#\\\/schema\\\/person\\\/09863e516102a829e72bedcf3f84c6b0\"},\"headline\":\"Az\u0259rbaycan\u0131n v\u0259t\u0259nda\u015f c\u0259miyy\u0259ti \u00fczvl\u0259ri Avropa Parlamentin\u0259 t\u0259cili \u00e7a\u011f\u0131r\u0131\u015f edib\",\"datePublished\":\"2025-12-11T14:14:21+00:00\",\"dateModified\":\"2025-12-11T14:43:25+00:00\",\"mainEntityOfPage\":{\"@id\":\"https:\\\/\\\/www.meydan.tv\\\/az\\\/article\\\/az%c9%99rbaycanin-v%c9%99t%c9%99ndas-c%c9%99miyy%c9%99ti-uzvl%c9%99ri-avropa-parlamentin%c9%99-t%c9%99cili-cagiris-edib\\\/\"},\"wordCount\":686,\"publisher\":{\"@id\":\"https:\\\/\\\/www.meydan.tv\\\/az\\\/#organization\"},\"image\":{\"@id\":\"https:\\\/\\\/www.meydan.tv\\\/az\\\/article\\\/az%c9%99rbaycanin-v%c9%99t%c9%99ndas-c%c9%99miyy%c9%99ti-uzvl%c9%99ri-avropa-parlamentin%c9%99-t%c9%99cili-cagiris-edib\\\/#primaryimage\"},\"thumbnailUrl\":\"https:\\\/\\\/www.meydan.tv\\\/wp-content\\\/uploads\\\/photo_2024-12-24_13.05.52.jpeg\",\"articleSection\":[\"Siyas\u0259t\",\"T\u00f6vsiy\u0259\",\"X\u0259b\u0259rl\u0259r\"],\"inLanguage\":\"az\"},{\"@type\":\"WebPage\",\"@id\":\"https:\\\/\\\/www.meydan.tv\\\/az\\\/article\\\/az%c9%99rbaycanin-v%c9%99t%c9%99ndas-c%c9%99miyy%c9%99ti-uzvl%c9%99ri-avropa-parlamentin%c9%99-t%c9%99cili-cagiris-edib\\\/\",\"url\":\"https:\\\/\\\/www.meydan.tv\\\/az\\\/article\\\/az%c9%99rbaycanin-v%c9%99t%c9%99ndas-c%c9%99miyy%c9%99ti-uzvl%c9%99ri-avropa-parlamentin%c9%99-t%c9%99cili-cagiris-edib\\\/\",\"name\":\"Az\u0259rbaycan\u0131n v\u0259t\u0259nda\u015f c\u0259miyy\u0259ti \u00fczvl\u0259ri Avropa Parlamentin\u0259 t\u0259cili \u00e7a\u011f\u0131r\u0131\u015f edib - MEYDAN.TV\",\"isPartOf\":{\"@id\":\"https:\\\/\\\/www.meydan.tv\\\/az\\\/#website\"},\"primaryImageOfPage\":{\"@id\":\"https:\\\/\\\/www.meydan.tv\\\/az\\\/article\\\/az%c9%99rbaycanin-v%c9%99t%c9%99ndas-c%c9%99miyy%c9%99ti-uzvl%c9%99ri-avropa-parlamentin%c9%99-t%c9%99cili-cagiris-edib\\\/#primaryimage\"},\"image\":{\"@id\":\"https:\\\/\\\/www.meydan.tv\\\/az\\\/article\\\/az%c9%99rbaycanin-v%c9%99t%c9%99ndas-c%c9%99miyy%c9%99ti-uzvl%c9%99ri-avropa-parlamentin%c9%99-t%c9%99cili-cagiris-edib\\\/#primaryimage\"},\"thumbnailUrl\":\"https:\\\/\\\/www.meydan.tv\\\/wp-content\\\/uploads\\\/photo_2024-12-24_13.05.52.jpeg\",\"datePublished\":\"2025-12-11T14:14:21+00:00\",\"dateModified\":\"2025-12-11T14:43:25+00:00\",\"breadcrumb\":{\"@id\":\"https:\\\/\\\/www.meydan.tv\\\/az\\\/article\\\/az%c9%99rbaycanin-v%c9%99t%c9%99ndas-c%c9%99miyy%c9%99ti-uzvl%c9%99ri-avropa-parlamentin%c9%99-t%c9%99cili-cagiris-edib\\\/#breadcrumb\"},\"inLanguage\":\"az\",\"potentialAction\":[{\"@type\":\"ReadAction\",\"target\":[\"https:\\\/\\\/www.meydan.tv\\\/az\\\/article\\\/az%c9%99rbaycanin-v%c9%99t%c9%99ndas-c%c9%99miyy%c9%99ti-uzvl%c9%99ri-avropa-parlamentin%c9%99-t%c9%99cili-cagiris-edib\\\/\"]}]},{\"@type\":\"ImageObject\",\"inLanguage\":\"az\",\"@id\":\"https:\\\/\\\/www.meydan.tv\\\/az\\\/article\\\/az%c9%99rbaycanin-v%c9%99t%c9%99ndas-c%c9%99miyy%c9%99ti-uzvl%c9%99ri-avropa-parlamentin%c9%99-t%c9%99cili-cagiris-edib\\\/#primaryimage\",\"url\":\"https:\\\/\\\/www.meydan.tv\\\/wp-content\\\/uploads\\\/photo_2024-12-24_13.05.52.jpeg\",\"contentUrl\":\"https:\\\/\\\/www.meydan.tv\\\/wp-content\\\/uploads\\\/photo_2024-12-24_13.05.52.jpeg\",\"width\":1280,\"height\":720,\"caption\":\"\u0130lham \u018fliyev v\u0259 siyasi m\u0259hbuslar. Kollaj: AbzasMedia\"},{\"@type\":\"BreadcrumbList\",\"@id\":\"https:\\\/\\\/www.meydan.tv\\\/az\\\/article\\\/az%c9%99rbaycanin-v%c9%99t%c9%99ndas-c%c9%99miyy%c9%99ti-uzvl%c9%99ri-avropa-parlamentin%c9%99-t%c9%99cili-cagiris-edib\\\/#breadcrumb\",\"itemListElement\":[{\"@type\":\"ListItem\",\"position\":1,\"name\":\"Ana s\u0259hif\u0259\",\"item\":\"https:\\\/\\\/www.meydan.tv\\\/az\\\/\"},{\"@type\":\"ListItem\",\"position\":2,\"name\":\"Siyas\u0259t\",\"item\":\"https:\\\/\\\/www.meydan.tv\\\/az\\\/section\\\/siyaset\\\/\"},{\"@type\":\"ListItem\",\"position\":3,\"name\":\"Az\u0259rbaycan\u0131n v\u0259t\u0259nda\u015f c\u0259miyy\u0259ti \u00fczvl\u0259ri Avropa Parlamentin\u0259 t\u0259cili \u00e7a\u011f\u0131r\u0131\u015f edib\"}]},{\"@type\":\"WebSite\",\"@id\":\"https:\\\/\\\/www.meydan.tv\\\/az\\\/#website\",\"url\":\"https:\\\/\\\/www.meydan.tv\\\/az\\\/\",\"name\":\"MEYDAN.TV\",\"description\":\"Meydan TV Az\u0259rbaycan\u0131n media m\u0259kan\u0131ndak\u0131 alternativ s\u0259sidir\",\"publisher\":{\"@id\":\"https:\\\/\\\/www.meydan.tv\\\/az\\\/#organization\"},\"potentialAction\":[{\"@type\":\"SearchAction\",\"target\":{\"@type\":\"EntryPoint\",\"urlTemplate\":\"https:\\\/\\\/www.meydan.tv\\\/az\\\/?s={search_term_string}\"},\"query-input\":{\"@type\":\"PropertyValueSpecification\",\"valueRequired\":true,\"valueName\":\"search_term_string\"}}],\"inLanguage\":\"az\"},{\"@type\":\"Organization\",\"@id\":\"https:\\\/\\\/www.meydan.tv\\\/az\\\/#organization\",\"name\":\"Meydan TV\",\"url\":\"https:\\\/\\\/www.meydan.tv\\\/az\\\/\",\"logo\":{\"@type\":\"ImageObject\",\"inLanguage\":\"az\",\"@id\":\"https:\\\/\\\/www.meydan.tv\\\/az\\\/#\\\/schema\\\/logo\\\/image\\\/\",\"url\":\"https:\\\/\\\/www.meydan.tv\\\/wp-content\\\/uploads\\\/2021\\\/07\\\/meydan-logo.svg\",\"contentUrl\":\"https:\\\/\\\/www.meydan.tv\\\/wp-content\\\/uploads\\\/2021\\\/07\\\/meydan-logo.svg\",\"width\":195,\"height\":46,\"caption\":\"Meydan TV\"},\"image\":{\"@id\":\"https:\\\/\\\/www.meydan.tv\\\/az\\\/#\\\/schema\\\/logo\\\/image\\\/\"}},{\"@type\":\"Person\",\"@id\":\"https:\\\/\\\/www.meydan.tv\\\/az\\\/#\\\/schema\\\/person\\\/09863e516102a829e72bedcf3f84c6b0\",\"name\":\"mahmud\"}]}<\/script>\n<!-- \/ Yoast SEO plugin. -->","yoast_head_json":{"title":"Az\u0259rbaycan\u0131n v\u0259t\u0259nda\u015f c\u0259miyy\u0259ti \u00fczvl\u0259ri Avropa Parlamentin\u0259 t\u0259cili \u00e7a\u011f\u0131r\u0131\u015f edib - MEYDAN.TV","robots":{"index":"index","follow":"follow","max-snippet":"max-snippet:-1","max-image-preview":"max-image-preview:large","max-video-preview":"max-video-preview:-1"},"canonical":"https:\/\/www.meydan.tv\/az\/article\/az%c9%99rbaycanin-v%c9%99t%c9%99ndas-c%c9%99miyy%c9%99ti-uzvl%c9%99ri-avropa-parlamentin%c9%99-t%c9%99cili-cagiris-edib\/","og_locale":"az_AZ","og_type":"article","og_title":"Az\u0259rbaycan\u0131n v\u0259t\u0259nda\u015f c\u0259miyy\u0259ti \u00fczvl\u0259ri Avropa Parlamentin\u0259 t\u0259cili \u00e7a\u011f\u0131r\u0131\u015f edib - MEYDAN.TV","og_description":"Xaricd\u0259 ya\u015fayan Az\u0259rbaycan\u0131n v\u0259t\u0259nda\u015f c\u0259miyy\u0259ti \u00fczvl\u0259ri Avropa Parlamentinin Prezidenti Roberta ... Davam\u0131","og_url":"https:\/\/www.meydan.tv\/az\/article\/az%c9%99rbaycanin-v%c9%99t%c9%99ndas-c%c9%99miyy%c9%99ti-uzvl%c9%99ri-avropa-parlamentin%c9%99-t%c9%99cili-cagiris-edib\/","og_site_name":"MEYDAN.TV","article_published_time":"2025-12-11T14:14:21+00:00","article_modified_time":"2025-12-11T14:43:25+00:00","og_image":[{"width":1280,"height":720,"url":"https:\/\/www.meydan.tv\/wp-content\/uploads\/photo_2024-12-24_13.05.52.jpeg","type":"image\/jpeg"}],"author":"mahmud","twitter_card":"summary_large_image","schema":{"@context":"https:\/\/schema.org","@graph":[{"@type":"Article","@id":"https:\/\/www.meydan.tv\/az\/article\/az%c9%99rbaycanin-v%c9%99t%c9%99ndas-c%c9%99miyy%c9%99ti-uzvl%c9%99ri-avropa-parlamentin%c9%99-t%c9%99cili-cagiris-edib\/#article","isPartOf":{"@id":"https:\/\/www.meydan.tv\/az\/article\/az%c9%99rbaycanin-v%c9%99t%c9%99ndas-c%c9%99miyy%c9%99ti-uzvl%c9%99ri-avropa-parlamentin%c9%99-t%c9%99cili-cagiris-edib\/"},"author":{"name":"mahmud","@id":"https:\/\/www.meydan.tv\/az\/#\/schema\/person\/09863e516102a829e72bedcf3f84c6b0"},"headline":"Az\u0259rbaycan\u0131n v\u0259t\u0259nda\u015f c\u0259miyy\u0259ti \u00fczvl\u0259ri Avropa Parlamentin\u0259 t\u0259cili \u00e7a\u011f\u0131r\u0131\u015f edib","datePublished":"2025-12-11T14:14:21+00:00","dateModified":"2025-12-11T14:43:25+00:00","mainEntityOfPage":{"@id":"https:\/\/www.meydan.tv\/az\/article\/az%c9%99rbaycanin-v%c9%99t%c9%99ndas-c%c9%99miyy%c9%99ti-uzvl%c9%99ri-avropa-parlamentin%c9%99-t%c9%99cili-cagiris-edib\/"},"wordCount":686,"publisher":{"@id":"https:\/\/www.meydan.tv\/az\/#organization"},"image":{"@id":"https:\/\/www.meydan.tv\/az\/article\/az%c9%99rbaycanin-v%c9%99t%c9%99ndas-c%c9%99miyy%c9%99ti-uzvl%c9%99ri-avropa-parlamentin%c9%99-t%c9%99cili-cagiris-edib\/#primaryimage"},"thumbnailUrl":"https:\/\/www.meydan.tv\/wp-content\/uploads\/photo_2024-12-24_13.05.52.jpeg","articleSection":["Siyas\u0259t","T\u00f6vsiy\u0259","X\u0259b\u0259rl\u0259r"],"inLanguage":"az"},{"@type":"WebPage","@id":"https:\/\/www.meydan.tv\/az\/article\/az%c9%99rbaycanin-v%c9%99t%c9%99ndas-c%c9%99miyy%c9%99ti-uzvl%c9%99ri-avropa-parlamentin%c9%99-t%c9%99cili-cagiris-edib\/","url":"https:\/\/www.meydan.tv\/az\/article\/az%c9%99rbaycanin-v%c9%99t%c9%99ndas-c%c9%99miyy%c9%99ti-uzvl%c9%99ri-avropa-parlamentin%c9%99-t%c9%99cili-cagiris-edib\/","name":"Az\u0259rbaycan\u0131n v\u0259t\u0259nda\u015f c\u0259miyy\u0259ti \u00fczvl\u0259ri Avropa Parlamentin\u0259 t\u0259cili \u00e7a\u011f\u0131r\u0131\u015f edib - MEYDAN.TV","isPartOf":{"@id":"https:\/\/www.meydan.tv\/az\/#website"},"primaryImageOfPage":{"@id":"https:\/\/www.meydan.tv\/az\/article\/az%c9%99rbaycanin-v%c9%99t%c9%99ndas-c%c9%99miyy%c9%99ti-uzvl%c9%99ri-avropa-parlamentin%c9%99-t%c9%99cili-cagiris-edib\/#primaryimage"},"image":{"@id":"https:\/\/www.meydan.tv\/az\/article\/az%c9%99rbaycanin-v%c9%99t%c9%99ndas-c%c9%99miyy%c9%99ti-uzvl%c9%99ri-avropa-parlamentin%c9%99-t%c9%99cili-cagiris-edib\/#primaryimage"},"thumbnailUrl":"https:\/\/www.meydan.tv\/wp-content\/uploads\/photo_2024-12-24_13.05.52.jpeg","datePublished":"2025-12-11T14:14:21+00:00","dateModified":"2025-12-11T14:43:25+00:00","breadcrumb":{"@id":"https:\/\/www.meydan.tv\/az\/article\/az%c9%99rbaycanin-v%c9%99t%c9%99ndas-c%c9%99miyy%c9%99ti-uzvl%c9%99ri-avropa-parlamentin%c9%99-t%c9%99cili-cagiris-edib\/#breadcrumb"},"inLanguage":"az","potentialAction":[{"@type":"ReadAction","target":["https:\/\/www.meydan.tv\/az\/article\/az%c9%99rbaycanin-v%c9%99t%c9%99ndas-c%c9%99miyy%c9%99ti-uzvl%c9%99ri-avropa-parlamentin%c9%99-t%c9%99cili-cagiris-edib\/"]}]},{"@type":"ImageObject","inLanguage":"az","@id":"https:\/\/www.meydan.tv\/az\/article\/az%c9%99rbaycanin-v%c9%99t%c9%99ndas-c%c9%99miyy%c9%99ti-uzvl%c9%99ri-avropa-parlamentin%c9%99-t%c9%99cili-cagiris-edib\/#primaryimage","url":"https:\/\/www.meydan.tv\/wp-content\/uploads\/photo_2024-12-24_13.05.52.jpeg","contentUrl":"https:\/\/www.meydan.tv\/wp-content\/uploads\/photo_2024-12-24_13.05.52.jpeg","width":1280,"height":720,"caption":"\u0130lham \u018fliyev v\u0259 siyasi m\u0259hbuslar. Kollaj: AbzasMedia"},{"@type":"BreadcrumbList","@id":"https:\/\/www.meydan.tv\/az\/article\/az%c9%99rbaycanin-v%c9%99t%c9%99ndas-c%c9%99miyy%c9%99ti-uzvl%c9%99ri-avropa-parlamentin%c9%99-t%c9%99cili-cagiris-edib\/#breadcrumb","itemListElement":[{"@type":"ListItem","position":1,"name":"Ana s\u0259hif\u0259","item":"https:\/\/www.meydan.tv\/az\/"},{"@type":"ListItem","position":2,"name":"Siyas\u0259t","item":"https:\/\/www.meydan.tv\/az\/section\/siyaset\/"},{"@type":"ListItem","position":3,"name":"Az\u0259rbaycan\u0131n v\u0259t\u0259nda\u015f c\u0259miyy\u0259ti \u00fczvl\u0259ri Avropa Parlamentin\u0259 t\u0259cili \u00e7a\u011f\u0131r\u0131\u015f edib"}]},{"@type":"WebSite","@id":"https:\/\/www.meydan.tv\/az\/#website","url":"https:\/\/www.meydan.tv\/az\/","name":"MEYDAN.TV","description":"Meydan TV Az\u0259rbaycan\u0131n media m\u0259kan\u0131ndak\u0131 alternativ s\u0259sidir","publisher":{"@id":"https:\/\/www.meydan.tv\/az\/#organization"},"potentialAction":[{"@type":"SearchAction","target":{"@type":"EntryPoint","urlTemplate":"https:\/\/www.meydan.tv\/az\/?s={search_term_string}"},"query-input":{"@type":"PropertyValueSpecification","valueRequired":true,"valueName":"search_term_string"}}],"inLanguage":"az"},{"@type":"Organization","@id":"https:\/\/www.meydan.tv\/az\/#organization","name":"Meydan TV","url":"https:\/\/www.meydan.tv\/az\/","logo":{"@type":"ImageObject","inLanguage":"az","@id":"https:\/\/www.meydan.tv\/az\/#\/schema\/logo\/image\/","url":"https:\/\/www.meydan.tv\/wp-content\/uploads\/2021\/07\/meydan-logo.svg","contentUrl":"https:\/\/www.meydan.tv\/wp-content\/uploads\/2021\/07\/meydan-logo.svg","width":195,"height":46,"caption":"Meydan TV"},"image":{"@id":"https:\/\/www.meydan.tv\/az\/#\/schema\/logo\/image\/"}},{"@type":"Person","@id":"https:\/\/www.meydan.tv\/az\/#\/schema\/person\/09863e516102a829e72bedcf3f84c6b0","name":"mahmud"}]}},"_links":{"self":[{"href":"https:\/\/www.meydan.tv\/az\/wp-json\/wp\/v2\/posts\/338970","targetHints":{"allow":["GET"]}}],"collection":[{"href":"https:\/\/www.meydan.tv\/az\/wp-json\/wp\/v2\/posts"}],"about":[{"href":"https:\/\/www.meydan.tv\/az\/wp-json\/wp\/v2\/types\/post"}],"author":[{"embeddable":true,"href":"https:\/\/www.meydan.tv\/az\/wp-json\/wp\/v2\/users\/21"}],"replies":[{"embeddable":true,"href":"https:\/\/www.meydan.tv\/az\/wp-json\/wp\/v2\/comments?post=338970"}],"version-history":[{"count":1,"href":"https:\/\/www.meydan.tv\/az\/wp-json\/wp\/v2\/posts\/338970\/revisions"}],"predecessor-version":[{"id":338971,"href":"https:\/\/www.meydan.tv\/az\/wp-json\/wp\/v2\/posts\/338970\/revisions\/338971"}],"wp:featuredmedia":[{"embeddable":true,"href":"https:\/\/www.meydan.tv\/az\/wp-json\/wp\/v2\/media\/323281"}],"wp:attachment":[{"href":"https:\/\/www.meydan.tv\/az\/wp-json\/wp\/v2\/media?parent=338970"}],"wp:term":[{"taxonomy":"category","embeddable":true,"href":"https:\/\/www.meydan.tv\/az\/wp-json\/wp\/v2\/categories?post=338970"},{"taxonomy":"post_tag","embeddable":true,"href":"https:\/\/www.meydan.tv\/az\/wp-json\/wp\/v2\/tags?post=338970"}],"curies":[{"name":"wp","href":"https:\/\/api.w.org\/{rel}","templated":true}]}}