{"id":338666,"date":"2025-12-05T14:01:12","date_gmt":"2025-12-05T10:01:12","guid":{"rendered":"https:\/\/www.meydan.tv\/?p=338666"},"modified":"2025-12-05T14:01:14","modified_gmt":"2025-12-05T10:01:14","slug":"bakida-daha-bir-yangin-hadis%c9%99si-bu-d%c9%99f%c9%99-ikisi-usaq-olmaqla-4-n%c9%99f%c9%99r-h%c9%99lak-olub","status":"publish","type":"post","link":"https:\/\/www.meydan.tv\/az\/article\/bakida-daha-bir-yangin-hadis%c9%99si-bu-d%c9%99f%c9%99-ikisi-usaq-olmaqla-4-n%c9%99f%c9%99r-h%c9%99lak-olub\/","title":{"rendered":"Bak\u0131da daha bir yan\u011f\u0131n hadis\u0259si: Bu d\u0259f\u0259 ikisi u\u015faq olmaqla 4 n\u0259f\u0259r h\u0259lak olub"},"content":{"rendered":"\n<p>L\u00f6kbatanda yerl\u0259\u015f\u0259n \u201cQobu Park-1\u201d ya\u015fay\u0131\u015f kompleksind\u0259ki doqquzm\u0259rt\u0259b\u0259li binan\u0131n yeddinci m\u0259rt\u0259b\u0259sind\u0259ki m\u0259nzild\u0259 ba\u015f ver\u0259n yan\u011f\u0131n n\u0259tic\u0259sind\u0259 ikisi u\u015faq olmaqla 4 n\u0259f\u0259r\u00a0 <a href=\"https:\/\/fhn.gov.az\/az\/melumatlar\/fhn-metbuat-xidmetinin-melumati-video-foto-53816b86\" target=\"_blank\" rel=\"noreferrer noopener nofollow\">h\u0259lak olub.<\/a><\/p>\n\n\n\n<p><a href=\"https:\/\/oxu.az\/hadise\/lokbatanda-guclu-yangin-ikisi-usaq-olmaqla-bes-nefer-helak-olub\" target=\"_blank\" rel=\"noreferrer noopener nofollow\">M\u0259lumata g\u00f6r\u0259, <\/a>h\u0259yat\u0131n\u0131 itir\u0259nl\u0259rd\u0259n biri \u2013 27 ya\u015fl\u0131 Z\u00fclfiyy\u0259 Yusifova \u0259sl\u0259n G\u0259d\u0259b\u0259y rayonundand\u0131r. O, 2015-ci ild\u0259 F\u00fczuli rayonundan olan ke\u00e7mi\u015f m\u0259cburi k\u00f6\u00e7k\u00fcnl\u0259 ail\u0259 qurub. C\u00fctl\u00fcy\u00fcn 9 ya\u015fl\u0131 Yusif adl\u0131 o\u011flu v\u0259 6 ya\u015fl\u0131 M\u0259ry\u0259m adl\u0131 q\u0131z\u0131 olub. Yan\u011f\u0131n zaman\u0131 ana \u00f6vladlar\u0131n\u0131 xilas etm\u0259y\u0259 \u00e7al\u0131\u015fsa da, t\u00fcst\u00fcd\u0259n bo\u011fularaq u\u015faqlar\u0131 il\u0259 birlikd\u0259 h\u0259lak olub.<\/p>\n\n\n\n<p>Hadis\u0259 zaman\u0131 Z\u00fclfiyy\u0259 Yusifovan\u0131n h\u0259yat yolda\u015f\u0131 da t\u00fcst\u00fcd\u0259n z\u0259h\u0259rl\u0259nib, lakin onun h\u0259yat\u0131n\u0131 xilas etm\u0259k m\u00fcmk\u00fcn olub.<\/p>\n\n\n\n<p>Yan\u011f\u0131n zaman\u0131 qon\u015fu Yusif H\u00fcseynov da hadis\u0259 yerin\u0259 daxil olaraq ail\u0259y\u0259 k\u00f6m\u0259k etm\u0259k ist\u0259yib. Lakin o da t\u00fcst\u00fcd\u0259n bo\u011fularaq h\u0259yat\u0131n\u0131 itirib.<\/p>\n\n\n\n<p>Ba\u015f Prokurorluqda ehtiyats\u0131zl\u0131qdan iki v\u0259 ya daha \u00e7ox adam\u0131 \u00f6ld\u00fcrm\u0259 v\u0259 yan\u011f\u0131n t\u0259hl\u00fck\u0259sizliyi qaydalar\u0131n\u0131 pozma ehtiyats\u0131zl\u0131qdan iki v\u0259 daha \u00e7ox \u015f\u0259xsin \u00f6l\u00fcm\u00fcn\u0259 s\u0259b\u0259b olduqda madd\u0259l\u0259ri il\u0259 cinay\u0259t i\u015fi ba\u015flan\u0131b.<\/p>\n\n\n\n<p>Bu, son iki h\u0259ft\u0259d\u0259 Bak\u0131da ba\u015f ver\u0259n \u00fc\u00e7\u00fcnc\u00fc yan\u011f\u0131n hadis\u0259sidir.&nbsp;<\/p>\n\n\n\n<p>Bundan \u00f6nc\u0259, noyabr\u0131n 21-d\u0259 Yasamalda, Mir\u0259li Seyidov k\u00fc\u00e7\u0259sind\u0259 yerl\u0259\u015f\u0259n \u00e7oxm\u0259rt\u0259b\u0259li ya\u015fay\u0131\u015f binalar\u0131ndan birind\u0259 <a href=\"https:\/\/storage.googleapis.com\/qurium\/www.meydan.tv\/az-article-yasamalda-coxm%c9%99rt%c9%99b%c9%99li-binada-yangin-3-n%c9%99f%c9%99r-olub-20-n%c9%99f%c9%99r-z%c9%99h%c9%99rl%c9%99nib.html\" target=\"_blank\" rel=\"noreferrer noopener nofollow\">yan\u011f\u0131n<\/a> ba\u015f vermi\u015fdi. N\u0259tic\u0259d\u0259 3 n\u0259f\u0259r \u00f6lm\u00fc\u015f, 20 n\u0259f\u0259r is\u0259 z\u0259h\u0259rl\u0259nmi\u015fdi.<\/p>\n\n\n\n<p>Yan\u011f\u0131nla \u0259laq\u0259dar ba\u015flan\u0131lan cinay\u0259t i\u015fi \u00e7\u0259r\u00e7iv\u0259sind\u0259 bir n\u0259f\u0259r bar\u0259sind\u0259 h\u0259bs q\u0259timkan <a href=\"https:\/\/storage.googleapis.com\/qurium\/www.meydan.tv\/az-article-yasamalda-3-n%c9%99f%c9%99rin-olumu-il%c9%99-n%c9%99tic%c9%99l%c9%99n%c9%99n-hadis%c9%99y%c9%99-gor%c9%99-bir-n%c9%99f%c9%99r-h%c9%99bs-edilib.html\" target=\"_blank\" rel=\"noreferrer noopener nofollow\">t\u0259dbiri se\u00e7ilib.<\/a><\/p>\n\n\n\n<p>Noyabr\u0131n 24-d\u0259 is\u0259 Bak\u0131da yerl\u0259\u015f\u0259n be\u015fm\u0259rt\u0259b\u0259li \u201cAFEN Plaza\u201d biznes m\u0259rk\u0259zind\u0259 ba\u015f ver\u0259n partlay\u0131\u015f n\u0259tic\u0259sind\u0259 <a href=\"https:\/\/storage.googleapis.com\/qurium\/www.meydan.tv\/az-article-bakida-daha-bir-binada-partlayis-olub-5-n%c9%99f%c9%99r-x%c9%99sar%c9%99t-alib.html\" target=\"_blank\" rel=\"noreferrer noopener nofollow\">be\u015f n\u0259f\u0259r x\u0259sar\u0259t al\u0131b. <\/a>Partlay\u0131\u015f\u0131n s\u0259b\u0259bl\u0259ri a\u00e7\u0131qlanmay\u0131b.<\/p>\n\n\n\n<p><\/p>\n","protected":false},"excerpt":{"rendered":"<p>L\u00f6kbatanda yerl\u0259\u015f\u0259n \u201cQobu Park-1\u201d ya\u015fay\u0131\u015f kompleksind\u0259ki doqquzm\u0259rt\u0259b\u0259li binan\u0131n yeddinci m\u0259rt\u0259b\u0259sind\u0259ki &#8230; <\/p>\n<p class=\"read-more-container\"><a title=\"Bak\u0131da daha bir yan\u011f\u0131n hadis\u0259si: Bu d\u0259f\u0259 ikisi u\u015faq olmaqla 4 n\u0259f\u0259r h\u0259lak olub\" class=\"read-more button\" href=\"https:\/\/www.meydan.tv\/az\/article\/bakida-daha-bir-yangin-hadis%c9%99si-bu-d%c9%99f%c9%99-ikisi-usaq-olmaqla-4-n%c9%99f%c9%99r-h%c9%99lak-olub\/#more-338666\" aria-label=\"Read more about Bak\u0131da daha bir yan\u011f\u0131n hadis\u0259si: Bu d\u0259f\u0259 ikisi u\u015faq olmaqla 4 n\u0259f\u0259r h\u0259lak olub\">Davam\u0131<\/a><\/p>\n","protected":false},"author":21,"featured_media":208176,"comment_status":"closed","ping_status":"closed","sticky":false,"template":"","format":"standard","meta":{"_acf_changed":false,"_sitemap_exclude":false,"_sitemap_priority":"","_sitemap_frequency":"","footnotes":""},"categories":[62,79,56],"tags":[],"class_list":["post-338666","post","type-post","status-publish","format-standard","has-post-thumbnail","hentry","category-sosial","category-featured","category-xeberler","infinite-scroll-item","generate-columns","tablet-grid-50","mobile-grid-100","grid-parent","grid-33","no-featured-image-padding"],"acf":[],"yoast_head":"<!-- This site is optimized with the Yoast SEO plugin v27.5 - https:\/\/yoast.com\/product\/yoast-seo-wordpress\/ -->\n<title>Bak\u0131da daha bir yan\u011f\u0131n hadis\u0259si: Bu d\u0259f\u0259 ikisi u\u015faq olmaqla 4 n\u0259f\u0259r h\u0259lak olub - MEYDAN.TV<\/title>\n<meta name=\"robots\" content=\"index, follow, max-snippet:-1, max-image-preview:large, max-video-preview:-1\" \/>\n<link rel=\"canonical\" href=\"https:\/\/www.meydan.tv\/az\/article\/bakida-daha-bir-yangin-hadis%c9%99si-bu-d%c9%99f%c9%99-ikisi-usaq-olmaqla-4-n%c9%99f%c9%99r-h%c9%99lak-olub\/\" \/>\n<meta property=\"og:locale\" content=\"az_AZ\" \/>\n<meta property=\"og:type\" content=\"article\" \/>\n<meta property=\"og:title\" content=\"Bak\u0131da daha bir yan\u011f\u0131n hadis\u0259si: Bu d\u0259f\u0259 ikisi u\u015faq olmaqla 4 n\u0259f\u0259r h\u0259lak olub - MEYDAN.TV\" \/>\n<meta property=\"og:description\" content=\"L\u00f6kbatanda yerl\u0259\u015f\u0259n \u201cQobu Park-1\u201d ya\u015fay\u0131\u015f kompleksind\u0259ki doqquzm\u0259rt\u0259b\u0259li binan\u0131n yeddinci m\u0259rt\u0259b\u0259sind\u0259ki ... Davam\u0131\" \/>\n<meta property=\"og:url\" content=\"https:\/\/www.meydan.tv\/az\/article\/bakida-daha-bir-yangin-hadis%c9%99si-bu-d%c9%99f%c9%99-ikisi-usaq-olmaqla-4-n%c9%99f%c9%99r-h%c9%99lak-olub\/\" \/>\n<meta property=\"og:site_name\" content=\"MEYDAN.TV\" \/>\n<meta property=\"article:published_time\" content=\"2025-12-05T10:01:12+00:00\" \/>\n<meta property=\"article:modified_time\" content=\"2025-12-05T10:01:14+00:00\" \/>\n<meta property=\"og:image\" content=\"https:\/\/www.meydan.tv\/wp-content\/uploads\/untitled_artwork_qgu9p0s-scaled.jpg\" \/>\n\t<meta property=\"og:image:width\" content=\"2560\" \/>\n\t<meta property=\"og:image:height\" content=\"1440\" \/>\n\t<meta property=\"og:image:type\" content=\"image\/jpeg\" \/>\n<meta name=\"author\" content=\"mahmud\" \/>\n<meta name=\"twitter:card\" content=\"summary_large_image\" \/>\n<script type=\"application\/ld+json\" class=\"yoast-schema-graph\">{\"@context\":\"https:\\\/\\\/schema.org\",\"@graph\":[{\"@type\":\"Article\",\"@id\":\"https:\\\/\\\/www.meydan.tv\\\/az\\\/article\\\/bakida-daha-bir-yangin-hadis%c9%99si-bu-d%c9%99f%c9%99-ikisi-usaq-olmaqla-4-n%c9%99f%c9%99r-h%c9%99lak-olub\\\/#article\",\"isPartOf\":{\"@id\":\"https:\\\/\\\/www.meydan.tv\\\/az\\\/article\\\/bakida-daha-bir-yangin-hadis%c9%99si-bu-d%c9%99f%c9%99-ikisi-usaq-olmaqla-4-n%c9%99f%c9%99r-h%c9%99lak-olub\\\/\"},\"author\":{\"name\":\"mahmud\",\"@id\":\"https:\\\/\\\/www.meydan.tv\\\/az\\\/#\\\/schema\\\/person\\\/09863e516102a829e72bedcf3f84c6b0\"},\"headline\":\"Bak\u0131da daha bir yan\u011f\u0131n hadis\u0259si: Bu d\u0259f\u0259 ikisi u\u015faq olmaqla 4 n\u0259f\u0259r h\u0259lak olub\",\"datePublished\":\"2025-12-05T10:01:12+00:00\",\"dateModified\":\"2025-12-05T10:01:14+00:00\",\"mainEntityOfPage\":{\"@id\":\"https:\\\/\\\/www.meydan.tv\\\/az\\\/article\\\/bakida-daha-bir-yangin-hadis%c9%99si-bu-d%c9%99f%c9%99-ikisi-usaq-olmaqla-4-n%c9%99f%c9%99r-h%c9%99lak-olub\\\/\"},\"wordCount\":395,\"publisher\":{\"@id\":\"https:\\\/\\\/www.meydan.tv\\\/az\\\/#organization\"},\"image\":{\"@id\":\"https:\\\/\\\/www.meydan.tv\\\/az\\\/article\\\/bakida-daha-bir-yangin-hadis%c9%99si-bu-d%c9%99f%c9%99-ikisi-usaq-olmaqla-4-n%c9%99f%c9%99r-h%c9%99lak-olub\\\/#primaryimage\"},\"thumbnailUrl\":\"https:\\\/\\\/www.meydan.tv\\\/wp-content\\\/uploads\\\/untitled_artwork_qgu9p0s-scaled.jpg\",\"articleSection\":[\"Sosial\",\"T\u00f6vsiy\u0259\",\"X\u0259b\u0259rl\u0259r\"],\"inLanguage\":\"az\"},{\"@type\":\"WebPage\",\"@id\":\"https:\\\/\\\/www.meydan.tv\\\/az\\\/article\\\/bakida-daha-bir-yangin-hadis%c9%99si-bu-d%c9%99f%c9%99-ikisi-usaq-olmaqla-4-n%c9%99f%c9%99r-h%c9%99lak-olub\\\/\",\"url\":\"https:\\\/\\\/www.meydan.tv\\\/az\\\/article\\\/bakida-daha-bir-yangin-hadis%c9%99si-bu-d%c9%99f%c9%99-ikisi-usaq-olmaqla-4-n%c9%99f%c9%99r-h%c9%99lak-olub\\\/\",\"name\":\"Bak\u0131da daha bir yan\u011f\u0131n hadis\u0259si: Bu d\u0259f\u0259 ikisi u\u015faq olmaqla 4 n\u0259f\u0259r h\u0259lak olub - MEYDAN.TV\",\"isPartOf\":{\"@id\":\"https:\\\/\\\/www.meydan.tv\\\/az\\\/#website\"},\"primaryImageOfPage\":{\"@id\":\"https:\\\/\\\/www.meydan.tv\\\/az\\\/article\\\/bakida-daha-bir-yangin-hadis%c9%99si-bu-d%c9%99f%c9%99-ikisi-usaq-olmaqla-4-n%c9%99f%c9%99r-h%c9%99lak-olub\\\/#primaryimage\"},\"image\":{\"@id\":\"https:\\\/\\\/www.meydan.tv\\\/az\\\/article\\\/bakida-daha-bir-yangin-hadis%c9%99si-bu-d%c9%99f%c9%99-ikisi-usaq-olmaqla-4-n%c9%99f%c9%99r-h%c9%99lak-olub\\\/#primaryimage\"},\"thumbnailUrl\":\"https:\\\/\\\/www.meydan.tv\\\/wp-content\\\/uploads\\\/untitled_artwork_qgu9p0s-scaled.jpg\",\"datePublished\":\"2025-12-05T10:01:12+00:00\",\"dateModified\":\"2025-12-05T10:01:14+00:00\",\"breadcrumb\":{\"@id\":\"https:\\\/\\\/www.meydan.tv\\\/az\\\/article\\\/bakida-daha-bir-yangin-hadis%c9%99si-bu-d%c9%99f%c9%99-ikisi-usaq-olmaqla-4-n%c9%99f%c9%99r-h%c9%99lak-olub\\\/#breadcrumb\"},\"inLanguage\":\"az\",\"potentialAction\":[{\"@type\":\"ReadAction\",\"target\":[\"https:\\\/\\\/www.meydan.tv\\\/az\\\/article\\\/bakida-daha-bir-yangin-hadis%c9%99si-bu-d%c9%99f%c9%99-ikisi-usaq-olmaqla-4-n%c9%99f%c9%99r-h%c9%99lak-olub\\\/\"]}]},{\"@type\":\"ImageObject\",\"inLanguage\":\"az\",\"@id\":\"https:\\\/\\\/www.meydan.tv\\\/az\\\/article\\\/bakida-daha-bir-yangin-hadis%c9%99si-bu-d%c9%99f%c9%99-ikisi-usaq-olmaqla-4-n%c9%99f%c9%99r-h%c9%99lak-olub\\\/#primaryimage\",\"url\":\"https:\\\/\\\/www.meydan.tv\\\/wp-content\\\/uploads\\\/untitled_artwork_qgu9p0s-scaled.jpg\",\"contentUrl\":\"https:\\\/\\\/www.meydan.tv\\\/wp-content\\\/uploads\\\/untitled_artwork_qgu9p0s-scaled.jpg\",\"width\":2560,\"height\":1440,\"caption\":\"\u0130ll\u00fcstrasiya: Meydan TV\"},{\"@type\":\"BreadcrumbList\",\"@id\":\"https:\\\/\\\/www.meydan.tv\\\/az\\\/article\\\/bakida-daha-bir-yangin-hadis%c9%99si-bu-d%c9%99f%c9%99-ikisi-usaq-olmaqla-4-n%c9%99f%c9%99r-h%c9%99lak-olub\\\/#breadcrumb\",\"itemListElement\":[{\"@type\":\"ListItem\",\"position\":1,\"name\":\"Ana s\u0259hif\u0259\",\"item\":\"https:\\\/\\\/www.meydan.tv\\\/az\\\/\"},{\"@type\":\"ListItem\",\"position\":2,\"name\":\"Sosial\",\"item\":\"https:\\\/\\\/www.meydan.tv\\\/az\\\/section\\\/sosial\\\/\"},{\"@type\":\"ListItem\",\"position\":3,\"name\":\"Bak\u0131da daha bir yan\u011f\u0131n hadis\u0259si: Bu d\u0259f\u0259 ikisi u\u015faq olmaqla 4 n\u0259f\u0259r h\u0259lak olub\"}]},{\"@type\":\"WebSite\",\"@id\":\"https:\\\/\\\/www.meydan.tv\\\/az\\\/#website\",\"url\":\"https:\\\/\\\/www.meydan.tv\\\/az\\\/\",\"name\":\"MEYDAN.TV\",\"description\":\"Meydan TV Az\u0259rbaycan\u0131n media m\u0259kan\u0131ndak\u0131 alternativ s\u0259sidir\",\"publisher\":{\"@id\":\"https:\\\/\\\/www.meydan.tv\\\/az\\\/#organization\"},\"potentialAction\":[{\"@type\":\"SearchAction\",\"target\":{\"@type\":\"EntryPoint\",\"urlTemplate\":\"https:\\\/\\\/www.meydan.tv\\\/az\\\/?s={search_term_string}\"},\"query-input\":{\"@type\":\"PropertyValueSpecification\",\"valueRequired\":true,\"valueName\":\"search_term_string\"}}],\"inLanguage\":\"az\"},{\"@type\":\"Organization\",\"@id\":\"https:\\\/\\\/www.meydan.tv\\\/az\\\/#organization\",\"name\":\"Meydan TV\",\"url\":\"https:\\\/\\\/www.meydan.tv\\\/az\\\/\",\"logo\":{\"@type\":\"ImageObject\",\"inLanguage\":\"az\",\"@id\":\"https:\\\/\\\/www.meydan.tv\\\/az\\\/#\\\/schema\\\/logo\\\/image\\\/\",\"url\":\"https:\\\/\\\/www.meydan.tv\\\/wp-content\\\/uploads\\\/2021\\\/07\\\/meydan-logo.svg\",\"contentUrl\":\"https:\\\/\\\/www.meydan.tv\\\/wp-content\\\/uploads\\\/2021\\\/07\\\/meydan-logo.svg\",\"width\":195,\"height\":46,\"caption\":\"Meydan TV\"},\"image\":{\"@id\":\"https:\\\/\\\/www.meydan.tv\\\/az\\\/#\\\/schema\\\/logo\\\/image\\\/\"}},{\"@type\":\"Person\",\"@id\":\"https:\\\/\\\/www.meydan.tv\\\/az\\\/#\\\/schema\\\/person\\\/09863e516102a829e72bedcf3f84c6b0\",\"name\":\"mahmud\"}]}<\/script>\n<!-- \/ Yoast SEO plugin. -->","yoast_head_json":{"title":"Bak\u0131da daha bir yan\u011f\u0131n hadis\u0259si: Bu d\u0259f\u0259 ikisi u\u015faq olmaqla 4 n\u0259f\u0259r h\u0259lak olub - MEYDAN.TV","robots":{"index":"index","follow":"follow","max-snippet":"max-snippet:-1","max-image-preview":"max-image-preview:large","max-video-preview":"max-video-preview:-1"},"canonical":"https:\/\/www.meydan.tv\/az\/article\/bakida-daha-bir-yangin-hadis%c9%99si-bu-d%c9%99f%c9%99-ikisi-usaq-olmaqla-4-n%c9%99f%c9%99r-h%c9%99lak-olub\/","og_locale":"az_AZ","og_type":"article","og_title":"Bak\u0131da daha bir yan\u011f\u0131n hadis\u0259si: Bu d\u0259f\u0259 ikisi u\u015faq olmaqla 4 n\u0259f\u0259r h\u0259lak olub - MEYDAN.TV","og_description":"L\u00f6kbatanda yerl\u0259\u015f\u0259n \u201cQobu Park-1\u201d ya\u015fay\u0131\u015f kompleksind\u0259ki doqquzm\u0259rt\u0259b\u0259li binan\u0131n yeddinci m\u0259rt\u0259b\u0259sind\u0259ki ... Davam\u0131","og_url":"https:\/\/www.meydan.tv\/az\/article\/bakida-daha-bir-yangin-hadis%c9%99si-bu-d%c9%99f%c9%99-ikisi-usaq-olmaqla-4-n%c9%99f%c9%99r-h%c9%99lak-olub\/","og_site_name":"MEYDAN.TV","article_published_time":"2025-12-05T10:01:12+00:00","article_modified_time":"2025-12-05T10:01:14+00:00","og_image":[{"width":2560,"height":1440,"url":"https:\/\/www.meydan.tv\/wp-content\/uploads\/untitled_artwork_qgu9p0s-scaled.jpg","type":"image\/jpeg"}],"author":"mahmud","twitter_card":"summary_large_image","schema":{"@context":"https:\/\/schema.org","@graph":[{"@type":"Article","@id":"https:\/\/www.meydan.tv\/az\/article\/bakida-daha-bir-yangin-hadis%c9%99si-bu-d%c9%99f%c9%99-ikisi-usaq-olmaqla-4-n%c9%99f%c9%99r-h%c9%99lak-olub\/#article","isPartOf":{"@id":"https:\/\/www.meydan.tv\/az\/article\/bakida-daha-bir-yangin-hadis%c9%99si-bu-d%c9%99f%c9%99-ikisi-usaq-olmaqla-4-n%c9%99f%c9%99r-h%c9%99lak-olub\/"},"author":{"name":"mahmud","@id":"https:\/\/www.meydan.tv\/az\/#\/schema\/person\/09863e516102a829e72bedcf3f84c6b0"},"headline":"Bak\u0131da daha bir yan\u011f\u0131n hadis\u0259si: Bu d\u0259f\u0259 ikisi u\u015faq olmaqla 4 n\u0259f\u0259r h\u0259lak olub","datePublished":"2025-12-05T10:01:12+00:00","dateModified":"2025-12-05T10:01:14+00:00","mainEntityOfPage":{"@id":"https:\/\/www.meydan.tv\/az\/article\/bakida-daha-bir-yangin-hadis%c9%99si-bu-d%c9%99f%c9%99-ikisi-usaq-olmaqla-4-n%c9%99f%c9%99r-h%c9%99lak-olub\/"},"wordCount":395,"publisher":{"@id":"https:\/\/www.meydan.tv\/az\/#organization"},"image":{"@id":"https:\/\/www.meydan.tv\/az\/article\/bakida-daha-bir-yangin-hadis%c9%99si-bu-d%c9%99f%c9%99-ikisi-usaq-olmaqla-4-n%c9%99f%c9%99r-h%c9%99lak-olub\/#primaryimage"},"thumbnailUrl":"https:\/\/www.meydan.tv\/wp-content\/uploads\/untitled_artwork_qgu9p0s-scaled.jpg","articleSection":["Sosial","T\u00f6vsiy\u0259","X\u0259b\u0259rl\u0259r"],"inLanguage":"az"},{"@type":"WebPage","@id":"https:\/\/www.meydan.tv\/az\/article\/bakida-daha-bir-yangin-hadis%c9%99si-bu-d%c9%99f%c9%99-ikisi-usaq-olmaqla-4-n%c9%99f%c9%99r-h%c9%99lak-olub\/","url":"https:\/\/www.meydan.tv\/az\/article\/bakida-daha-bir-yangin-hadis%c9%99si-bu-d%c9%99f%c9%99-ikisi-usaq-olmaqla-4-n%c9%99f%c9%99r-h%c9%99lak-olub\/","name":"Bak\u0131da daha bir yan\u011f\u0131n hadis\u0259si: Bu d\u0259f\u0259 ikisi u\u015faq olmaqla 4 n\u0259f\u0259r h\u0259lak olub - MEYDAN.TV","isPartOf":{"@id":"https:\/\/www.meydan.tv\/az\/#website"},"primaryImageOfPage":{"@id":"https:\/\/www.meydan.tv\/az\/article\/bakida-daha-bir-yangin-hadis%c9%99si-bu-d%c9%99f%c9%99-ikisi-usaq-olmaqla-4-n%c9%99f%c9%99r-h%c9%99lak-olub\/#primaryimage"},"image":{"@id":"https:\/\/www.meydan.tv\/az\/article\/bakida-daha-bir-yangin-hadis%c9%99si-bu-d%c9%99f%c9%99-ikisi-usaq-olmaqla-4-n%c9%99f%c9%99r-h%c9%99lak-olub\/#primaryimage"},"thumbnailUrl":"https:\/\/www.meydan.tv\/wp-content\/uploads\/untitled_artwork_qgu9p0s-scaled.jpg","datePublished":"2025-12-05T10:01:12+00:00","dateModified":"2025-12-05T10:01:14+00:00","breadcrumb":{"@id":"https:\/\/www.meydan.tv\/az\/article\/bakida-daha-bir-yangin-hadis%c9%99si-bu-d%c9%99f%c9%99-ikisi-usaq-olmaqla-4-n%c9%99f%c9%99r-h%c9%99lak-olub\/#breadcrumb"},"inLanguage":"az","potentialAction":[{"@type":"ReadAction","target":["https:\/\/www.meydan.tv\/az\/article\/bakida-daha-bir-yangin-hadis%c9%99si-bu-d%c9%99f%c9%99-ikisi-usaq-olmaqla-4-n%c9%99f%c9%99r-h%c9%99lak-olub\/"]}]},{"@type":"ImageObject","inLanguage":"az","@id":"https:\/\/www.meydan.tv\/az\/article\/bakida-daha-bir-yangin-hadis%c9%99si-bu-d%c9%99f%c9%99-ikisi-usaq-olmaqla-4-n%c9%99f%c9%99r-h%c9%99lak-olub\/#primaryimage","url":"https:\/\/www.meydan.tv\/wp-content\/uploads\/untitled_artwork_qgu9p0s-scaled.jpg","contentUrl":"https:\/\/www.meydan.tv\/wp-content\/uploads\/untitled_artwork_qgu9p0s-scaled.jpg","width":2560,"height":1440,"caption":"\u0130ll\u00fcstrasiya: Meydan TV"},{"@type":"BreadcrumbList","@id":"https:\/\/www.meydan.tv\/az\/article\/bakida-daha-bir-yangin-hadis%c9%99si-bu-d%c9%99f%c9%99-ikisi-usaq-olmaqla-4-n%c9%99f%c9%99r-h%c9%99lak-olub\/#breadcrumb","itemListElement":[{"@type":"ListItem","position":1,"name":"Ana s\u0259hif\u0259","item":"https:\/\/www.meydan.tv\/az\/"},{"@type":"ListItem","position":2,"name":"Sosial","item":"https:\/\/www.meydan.tv\/az\/section\/sosial\/"},{"@type":"ListItem","position":3,"name":"Bak\u0131da daha bir yan\u011f\u0131n hadis\u0259si: Bu d\u0259f\u0259 ikisi u\u015faq olmaqla 4 n\u0259f\u0259r h\u0259lak olub"}]},{"@type":"WebSite","@id":"https:\/\/www.meydan.tv\/az\/#website","url":"https:\/\/www.meydan.tv\/az\/","name":"MEYDAN.TV","description":"Meydan TV Az\u0259rbaycan\u0131n media m\u0259kan\u0131ndak\u0131 alternativ s\u0259sidir","publisher":{"@id":"https:\/\/www.meydan.tv\/az\/#organization"},"potentialAction":[{"@type":"SearchAction","target":{"@type":"EntryPoint","urlTemplate":"https:\/\/www.meydan.tv\/az\/?s={search_term_string}"},"query-input":{"@type":"PropertyValueSpecification","valueRequired":true,"valueName":"search_term_string"}}],"inLanguage":"az"},{"@type":"Organization","@id":"https:\/\/www.meydan.tv\/az\/#organization","name":"Meydan TV","url":"https:\/\/www.meydan.tv\/az\/","logo":{"@type":"ImageObject","inLanguage":"az","@id":"https:\/\/www.meydan.tv\/az\/#\/schema\/logo\/image\/","url":"https:\/\/www.meydan.tv\/wp-content\/uploads\/2021\/07\/meydan-logo.svg","contentUrl":"https:\/\/www.meydan.tv\/wp-content\/uploads\/2021\/07\/meydan-logo.svg","width":195,"height":46,"caption":"Meydan TV"},"image":{"@id":"https:\/\/www.meydan.tv\/az\/#\/schema\/logo\/image\/"}},{"@type":"Person","@id":"https:\/\/www.meydan.tv\/az\/#\/schema\/person\/09863e516102a829e72bedcf3f84c6b0","name":"mahmud"}]}},"_links":{"self":[{"href":"https:\/\/www.meydan.tv\/az\/wp-json\/wp\/v2\/posts\/338666","targetHints":{"allow":["GET"]}}],"collection":[{"href":"https:\/\/www.meydan.tv\/az\/wp-json\/wp\/v2\/posts"}],"about":[{"href":"https:\/\/www.meydan.tv\/az\/wp-json\/wp\/v2\/types\/post"}],"author":[{"embeddable":true,"href":"https:\/\/www.meydan.tv\/az\/wp-json\/wp\/v2\/users\/21"}],"replies":[{"embeddable":true,"href":"https:\/\/www.meydan.tv\/az\/wp-json\/wp\/v2\/comments?post=338666"}],"version-history":[{"count":1,"href":"https:\/\/www.meydan.tv\/az\/wp-json\/wp\/v2\/posts\/338666\/revisions"}],"predecessor-version":[{"id":338667,"href":"https:\/\/www.meydan.tv\/az\/wp-json\/wp\/v2\/posts\/338666\/revisions\/338667"}],"wp:featuredmedia":[{"embeddable":true,"href":"https:\/\/www.meydan.tv\/az\/wp-json\/wp\/v2\/media\/208176"}],"wp:attachment":[{"href":"https:\/\/www.meydan.tv\/az\/wp-json\/wp\/v2\/media?parent=338666"}],"wp:term":[{"taxonomy":"category","embeddable":true,"href":"https:\/\/www.meydan.tv\/az\/wp-json\/wp\/v2\/categories?post=338666"},{"taxonomy":"post_tag","embeddable":true,"href":"https:\/\/www.meydan.tv\/az\/wp-json\/wp\/v2\/tags?post=338666"}],"curies":[{"name":"wp","href":"https:\/\/api.w.org\/{rel}","templated":true}]}}