{"id":338640,"date":"2025-12-04T18:31:22","date_gmt":"2025-12-04T14:31:22","guid":{"rendered":"https:\/\/www.meydan.tv\/?p=338640"},"modified":"2025-12-04T18:31:24","modified_gmt":"2025-12-04T14:31:24","slug":"erm%c9%99ni-apostol-kils%c9%99si-%c9%99trafinda-qalmaqal-siyas%c9%99t-ruhaniyy%c9%99tin-birliyini-nec%c9%99-pozur","status":"publish","type":"post","link":"https:\/\/www.meydan.tv\/az\/article\/erm%c9%99ni-apostol-kils%c9%99si-%c9%99trafinda-qalmaqal-siyas%c9%99t-ruhaniyy%c9%99tin-birliyini-nec%c9%99-pozur\/","title":{"rendered":"Erm\u0259ni Apostol Kils\u0259si \u0259traf\u0131nda qalmaqal: siyas\u0259t ruhaniyy\u0259tin birliyini nec\u0259 pozur"},"content":{"rendered":"\n<p>Erm\u0259nistanda son ill\u0259rin \u0259n ciddi siyasi-dini b\u00f6hranlar\u0131ndan biri \u2014 ba\u015f nazir Nikol Pa\u015finyanla Erm\u0259nistan Apostol Kils\u0259si (EAK) aras\u0131nda a\u00e7\u0131q qar\u015f\u0131durma ya\u015fan\u0131r. Bu m\u00fcnaqi\u015f\u0259 t\u0259kc\u0259 siyas\u0259ti deyil, dini qurumlar\u0131, c\u0259miyy\u0259ti, m\u0259hk\u0259m\u0259 sistemini v\u0259 h\u0259tta diasporu da \u0259hat\u0259 edir. Ba\u015f ver\u0259nl\u0259ri d\u00fczg\u00fcn anlamaq \u00fc\u00e7\u00fcn hadis\u0259l\u0259rin ard\u0131c\u0131ll\u0131\u011f\u0131 il\u0259 yana\u015f\u0131, qar\u015f\u0131durman\u0131n k\u00f6k\u00fcnd\u0259 duran s\u0259b\u0259bl\u0259r\u0259 d\u0259 baxmaq laz\u0131md\u0131r.<\/p>\n\n\n\n<h4 class=\"wp-block-heading\"><strong>Siyasi z\u0259mind\u0259 yaranan g\u0259rginlik<\/strong><\/h4>\n\n\n\n<p>Pa\u015finyan h\u00f6kum\u0259ti il\u0259 Apostol Kils\u0259si aras\u0131nda m\u00fcnasib\u0259tl\u0259r 2018-ci ild\u0259n getdikc\u0259 pisl\u0259\u015firdi. Lakin a\u00e7\u0131q qar\u015f\u0131durma 2020-ci il m\u00fcharib\u0259sind\u0259n v\u0259 h\u00f6kum\u0259tin T\u00fcrkiy\u0259 il\u0259 m\u00fcnasib\u0259tl\u0259ri normalla\u015fd\u0131rmaq c\u0259hdl\u0259rind\u0259n sonra daha da d\u0259rinl\u0259\u015fdi. Siyasi \u015f\u0259rh\u00e7il\u0259r hesab edirl\u0259r ki, hakimiyy\u0259t kils\u0259ni c\u0259miyy\u0259ti \u0259n\u0259n\u0259vi v\u0259 milli d\u0259y\u0259rl\u0259r \u0259traf\u0131nda birl\u0259\u015fdirm\u0259 g\u00fcc\u00fcn\u0259 malik t\u0259sisat kimi g\u00f6r\u00fcr v\u0259 bunu \u00f6z siyasi x\u0259ttin\u0259 \u2014 x\u00fcsus\u0259n d\u0259 xarici siyas\u0259t kursuna mane\u0259 hesab edir.<\/p>\n\n\n\n<p><a href=\"https:\/\/www.facebook.com\/kavkaz.uzel\/posts\/%D1%83%D1%87%D0%B0%D1%81%D1%82%D0%BD%D0%B8%D0%BA%D0%B8-%D0%B0%D0%BA%D1%86%D0%B8%D0%B8-%D0%BF%D1%80%D0%BE%D1%82%D0%B5%D1%81%D1%82%D0%B0-%D0%B2-%D0%B5%D1%80%D0%B5%D0%B2%D0%B0%D0%BD%D0%B5-%D1%80%D0%B0%D1%81%D0%BA%D1%80%D0%B8%D1%82%D0%B8%D0%BA%D0%BE%D0%B2%D0%B0%D0%BB%D0%B8-%D0%BF%D1%80%D0%B5%D0%BC%D1%8C%D0%B5%D1%80-%D0%BC%D0%B8%D0%BD%D0%B8%D1%81%D1%82%D1%80%D0%B0-%D0%BD%D0%B8%D0%BA%D0%BE%D0%BB%D0%B0-%D0%BF%D0%B0%D1%88%D0%B8%D0%BD%D1%8F\/1111678184330241\/?utm_source=chatgpt.com\" target=\"_blank\" rel=\"noreferrer noopener nofollow\">\u201cKavkazski uzel\u201d<\/a>in analitiki Akop Badalyan\u0131n s\u00f6zl\u0259rin\u0259 g\u00f6r\u0259, hakimiyy\u0259t \u00fc\u00e7\u00fcn \u201cerm\u0259ni xalq\u0131n\u0131n birliyi ideyas\u0131\u201d T\u00fcrkiy\u0259 il\u0259 normalla\u015fma prosesin\u0259 mane olan amil kimi q\u0259bul edilir.<\/p>\n\n\n\n<p>2025-ci ilin yaz\u0131nda Erm\u0259nistan\u2013Az\u0259rbaycan s\u0259rh\u0259dinin demarkasiyas\u0131 zaman\u0131 Tavu\u015fda ba\u015f ver\u0259n k\u00fctl\u0259vi etirazlar v\u0259 bu etirazlarda ruhanil\u0259rin aktiv i\u015ftirak\u0131 qar\u015f\u0131durman\u0131 daha da k\u0259skinl\u0259\u015fdirdi.<\/p>\n\n\n\n<h4 class=\"wp-block-heading\"><strong>Pa\u015finyan\u0131n kils\u0259l\u0259r bar\u0259d\u0259 s\u0259rt b\u0259yanat\u0131 v\u0259 ruhanil\u0259rin cavab\u0131<\/strong><\/h4>\n\n\n\n<p>29 may 2025-ci ild\u0259 Nikol Pa\u015finyan h\u00f6kum\u0259t iclas\u0131nda geni\u015f rezonans do\u011furan fikirl\u0259r s\u0259sl\u0259ndirdi. O bildirdi ki, \u201c\u00f6lk\u0259d\u0259 \u0259n laz\u0131ms\u0131z \u015feyl\u0259r kils\u0259l\u0259rd\u0259 toplan\u0131r\u201d v\u0259 sual verdi: \u201cN\u0259 vaxta q\u0259d\u0259r m\u00fcq\u0259dd\u0259slikd\u0259n dan\u0131\u015f\u0131b \u0259m\u0259ld\u0259 \u0259ksini etm\u0259k olar?\u201d.<\/p>\n\n\n\n<p>Arxiyepiskop Ar\u015fak Xa\u00e7atryan bunu y\u00fcks\u0259k d\u00f6vl\u0259t v\u0259zif\u0259si tutan \u015f\u0259xs \u00fc\u00e7\u00fcn \u201ct\u0259hsil v\u0259 m\u0259d\u0259niyy\u0259t \u00e7at\u0131\u015fmazl\u0131\u011f\u0131\u201d kimi qiym\u0259tl\u0259ndirdi v\u0259 kils\u0259nin m\u00fcq\u0259dd\u0259s obyektl\u0259rin qorunmas\u0131 il\u0259 ba\u011fl\u0131 h\u00f6kum\u0259t\u0259 d\u0259f\u0259l\u0259rl\u0259 m\u00fcraci\u0259t etdiyini xat\u0131rlatd\u0131.<\/p>\n\n\n\n<p>Bundan sonra Pa\u015finyan &#8220;Facebook&#8221;da ruhanil\u0259r\u0259 y\u00f6n\u0259lik t\u0259hqiramiz payla\u015f\u0131mlar etdi. Bu is\u0259 c\u0259miyy\u0259td\u0259 q\u0259z\u0259b do\u011furdu.<\/p>\n\n\n\n<p>2 iyun tarixind\u0259 h\u00f6kum\u0259t binas\u0131 qar\u015f\u0131s\u0131nda kils\u0259y\u0259 d\u0259st\u0259k aksiyas\u0131 ke\u00e7irildi. Etiraz\u00e7\u0131lar \u201cErm\u0259ni Apostol Kils\u0259si mill\u0259tin daya\u011f\u0131d\u0131r\u201d kimi \u015f\u00fcarlar s\u0259sl\u0259ndirdil\u0259r.<\/p>\n\n\n\n<h4 class=\"wp-block-heading\"><strong>Pa\u015finyan katolikosun d\u0259yi\u015fdirilm\u0259sini t\u0259l\u0259b etdi<\/strong><\/h4>\n\n\n\n<p>9 iyunda Pa\u015finyan daha bir qalmaqall\u0131 b\u0259yanat verdi \u2014 Katolikos II Qaregini istefaya \u00e7a\u011f\u0131rd\u0131 v\u0259 onun subayl\u0131q and\u0131n\u0131 pozdu\u011funu iddia etdi. Bu \u00e7\u0131x\u0131\u015f d\u00f6vl\u0259tin kils\u0259nin daxili i\u015fl\u0259rin\u0259 birba\u015fa m\u00fcdaxil\u0259 kimi qiym\u0259tl\u0259ndirildi.<\/p>\n\n\n\n<p>Apostol Kils\u0259sinin r\u0259hb\u0259rliyi bunu \u201ckils\u0259y\u0259 qar\u015f\u0131 y\u00f6n\u0259lmi\u015f t\u0259hqiredici kampaniya\u201d adland\u0131rd\u0131. \u201cAyakve\u201d t\u0259\u015f\u0259bb\u00fcs\u00fc is\u0259 ba\u015f nazirin bu add\u0131mlar\u0131n\u0131n Konstitusiyan\u0131n pozulmas\u0131 kimi d\u0259y\u0259rl\u0259ndiril\u0259 bil\u0259c\u0259yini bildir\u0259r\u0259k Ba\u015f Prokurorlu\u011fa m\u00fcraci\u0259t etdi.<\/p>\n\n\n\n<h4 class=\"wp-block-heading\"><strong>Tavu\u015f etirazlar\u0131 v\u0259 Baqrat Qalstanyan\u0131n y\u00fcks\u0259li\u015fi<\/strong><\/h4>\n\n\n\n<p>2024\u20132025-ci ill\u0259rin yaz\u0131nda Tavu\u015f b\u00f6lg\u0259sind\u0259 \u0259hali d\u00f6rd k\u0259ndin Az\u0259rbaycana verilm\u0259si il\u0259 ba\u011fl\u0131 raz\u0131la\u015fmaya etiraz edirdi. May ay\u0131nda h\u0259r\u0259kat geni\u015f v\u00fcs\u0259t ald\u0131: sakinl\u0259r yollar\u0131 ba\u011flay\u0131r, t\u0259hl\u00fck\u0259sizliyin v\u0259 ya\u015fay\u0131\u015f yerl\u0259rinin itiril\u0259c\u0259yi haqda narahatl\u0131q bildirirdil\u0259r.<\/p>\n\n\n\n<p>Arxiyepiskop Baqrat Qalstanyan bu etirazlar\u0131n simas\u0131na \u00e7evrildi. Hakimiyy\u0259t onu real siyasi r\u0259qib kimi g\u00f6rm\u0259y\u0259 ba\u015flad\u0131.<\/p>\n\n\n\n<p>8 may y\u00fcr\u00fc\u015f\u00fc zaman\u0131 etiraz\u00e7\u0131lar Yerevana g\u0259lib \u00e7\u0131xd\u0131 v\u0259 mitinqd\u0259 Pa\u015finyan\u0131n istefas\u0131 t\u0259l\u0259b olundu.<\/p>\n\n\n\n<h4 class=\"wp-block-heading\"><strong>\u201cM\u00fcq\u0259dd\u0259s M\u00fcbariz\u0259\u201d i\u015fi: k\u00fctl\u0259vi h\u0259bsl\u0259r<\/strong><\/h4>\n\n\n\n<p>25 iyunda x\u00fcsusi xidm\u0259t orqanlar\u0131 \u201cM\u00fcq\u0259dd\u0259s M\u00fcbariz\u0259\u201d h\u0259r\u0259kat\u0131n\u0131n \u00fczvl\u0259rin\u0259 qar\u015f\u0131 k\u00fctl\u0259vi \u0259m\u0259liyyat ke\u00e7irdi \u2014 90-dan \u00e7ox axtar\u0131\u015f apar\u0131ld\u0131, onlarla insan saxlan\u0131ld\u0131. Arxiyepiskop Baqrat Qalstanyan v\u0259 bir ne\u00e7\u0259 tan\u0131nm\u0131\u015f ictimai-siyasi fiqur iki ayl\u0131q h\u0259bs edildi.<\/p>\n\n\n\n<p>\u0130stintaq t\u0259r\u0259fi \u201chakimiyy\u0259tin zorla \u0259l\u0259 ke\u00e7irilm\u0259sin\u0259 haz\u0131rl\u0131q\u201d iddialar\u0131 ir\u0259li s\u00fcrd\u00fc, lakin v\u0259kill\u0259r bunun \u201csiyasi sifari\u015fli i\u015f\u201d oldu\u011funu bildirdil\u0259r.<\/p>\n\n\n\n<h4 class=\"wp-block-heading\"><strong>Arxiyepiskop Mikael Ajapaxyan\u0131n h\u0259bsi<\/strong><\/h4>\n\n\n\n<p>Bir q\u0259d\u0259r sonra \u015eirak yeparxiyas\u0131n\u0131n r\u0259hb\u0259ri Mikael Ajapaxyana qar\u015f\u0131 cinay\u0259t i\u015fi a\u00e7\u0131ld\u0131.<\/p>\n\n\n\n<p>27 iyunda E\u00e7miadzin \u0259razisind\u0259 onu h\u0259bs etm\u0259k c\u0259hdi inancl\u0131lar\u0131n m\u00fcdaxil\u0259si s\u0259b\u0259bind\u0259n u\u011fursuz oldu. Daha sonra Ajapaxyan \u00f6z\u00fc istintaqa g\u0259ldi v\u0259 saxlan\u0131ld\u0131. M\u0259hk\u0259m\u0259 onu \u201chakimiyy\u0259ti \u0259l\u0259 ke\u00e7irm\u0259y\u0259 \u00e7a\u011f\u0131r\u0131\u015flar\u201d ittiham\u0131 il\u0259 iki il h\u0259bs\u0259 m\u0259hkum etdi.<\/p>\n\n\n\n<p>V\u0259kill\u0259r ittiham\u0131 \u0259sass\u0131z adland\u0131rd\u0131.<\/p>\n\n\n\n<h4 class=\"wp-block-heading\"><strong>Kils\u0259nin iddias\u0131: \u201cAnti-kils\u0259 siyas\u0259ti\u201d<\/strong><\/h4>\n\n\n\n<p>Erm\u0259ni Apostol Kils\u0259si yay\u0131mlad\u0131\u011f\u0131 b\u0259yanatda arxiyepiskop Ajapaxyan\u0131n h\u0259bsi v\u0259 dig\u0259r add\u0131mlar\u0131n h\u00f6kum\u0259tin \u201ckils\u0259y\u0259 qar\u015f\u0131 sistemli siyas\u0259tinin\u201d n\u0259tic\u0259si oldu\u011funu bildirdi.<\/p>\n\n\n\n<p>Eyni zamanda kils\u0259ni a\u00e7\u0131q \u015f\u0259kild\u0259 d\u0259st\u0259kl\u0259y\u0259n biznesmen Samvel Karapetyana qar\u015f\u0131 da yeni cinay\u0259t i\u015fl\u0259ri a\u00e7\u0131ld\u0131. M\u00fcdafi\u0259 t\u0259r\u0259fi bu i\u015fl\u0259rin h\u00fcquqi \u0259saslar\u0131n\u0131n olmad\u0131\u011f\u0131n\u0131 bildirdi.<\/p>\n\n\n\n<p>Noyabr ay\u0131nda on yepiskop Katolikos II Qaregini istefaya s\u0259sl\u0259di. Onlar bunu kils\u0259 daxilind\u0259 \u201cb\u00f6y\u00fck par\u00e7alanma t\u0259hl\u00fck\u0259si\u201d il\u0259 izah edirdil\u0259r.<\/p>\n\n\n\n<p>Lakin E\u00e7miadzin n\u00fcmay\u0259nd\u0259si Ar\u015fak Xa\u00e7atryan m\u0259s\u0259l\u0259y\u0259 bel\u0259 cavab verdi: <em>\u201cKatolikosun istefas\u0131 \u00fc\u00e7\u00fcn he\u00e7 bir \u0259sas yoxdur. K\u00f6n\u00fcll\u00fc istefa is\u0259 kils\u0259d\u0259n qa\u00e7maq dem\u0259kdi&#8221;.<\/em><\/p>\n\n\n\n<p>O \u0259lav\u0259 etdi ki, katolikosu yaln\u0131z Milli Kils\u0259 M\u0259clisi d\u0259yi\u015f\u0259 bil\u0259r.<\/p>\n\n\n\n<h4 class=\"wp-block-heading\"><strong>Gizl\u0259dilm\u0259si m\u00fcmk\u00fcn olmayan b\u00f6hran<\/strong><\/h4>\n\n\n\n<p>Art\u0131q d\u00f6vl\u0259t il\u0259 kils\u0259 aras\u0131nda qar\u015f\u0131durma s\u0131rf dini m\u00fcbahis\u0259 \u00e7\u0259r\u00e7iv\u0259sind\u0259n \u00e7\u0131x\u0131b v\u0259 Erm\u0259nistan\u0131n siyasi g\u00fcnd\u0259minin m\u0259rk\u0259zin\u0259 \u00e7evrilib. Burada t\u0259hl\u00fck\u0259sizlik m\u0259s\u0259l\u0259l\u0259ri, xarici siyas\u0259t, ictimai etimad v\u0259 milli kimlik anlay\u0131\u015f\u0131 bir-biri il\u0259 toqqu\u015fur.<\/p>\n\n\n\n<p>Ruhanil\u0259rin h\u0259bsl\u0259ri, aktivistl\u0259r\u0259 t\u0259zyiq v\u0259 siyasi liderl\u0259rin s\u0259rt b\u0259yanatlar\u0131 b\u00f6hran\u0131 daha da d\u0259rinl\u0259\u015fdirir. Bir \u00e7ox erm\u0259ni \u00fc\u00e7\u00fcn kils\u0259 sabitliyin v\u0259 milli \u00f6z\u00fcn\u00fcd\u0259rkin simvolu olaraq qal\u0131r, hakimiyy\u0259t \u00fc\u00e7\u00fcn is\u0259 ciddi sosial daya\u011f\u0131 olan r\u0259qibdir.<\/p>\n\n\n\n<p>Hadis\u0259l\u0259rin davam\u0131 d\u00f6vl\u0259tin c\u0259miyy\u0259tin d\u0259rin tarixi k\u00f6kl\u0259ri olan bu institutla dialoq qurub-qura bilm\u0259y\u0259c\u0259yind\u0259n as\u0131l\u0131 olacaq. H\u0259l\u0259lik is\u0259 qar\u015f\u0131durma getdikc\u0259 k\u0259skinl\u0259\u015fir.<\/p>\n\n\n\n<p><\/p>\n","protected":false},"excerpt":{"rendered":"<p>Erm\u0259nistanda son ill\u0259rin \u0259n ciddi siyasi-dini b\u00f6hranlar\u0131ndan biri \u2014 ba\u015f &#8230; <\/p>\n<p class=\"read-more-container\"><a title=\"Erm\u0259ni Apostol Kils\u0259si \u0259traf\u0131nda qalmaqal: siyas\u0259t ruhaniyy\u0259tin birliyini nec\u0259 pozur\" class=\"read-more button\" href=\"https:\/\/www.meydan.tv\/az\/article\/erm%c9%99ni-apostol-kils%c9%99si-%c9%99trafinda-qalmaqal-siyas%c9%99t-ruhaniyy%c9%99tin-birliyini-nec%c9%99-pozur\/#more-338640\" aria-label=\"Read more about Erm\u0259ni Apostol Kils\u0259si \u0259traf\u0131nda qalmaqal: siyas\u0259t ruhaniyy\u0259tin birliyini nec\u0259 pozur\">Davam\u0131<\/a><\/p>\n","protected":false},"author":16,"featured_media":317234,"comment_status":"closed","ping_status":"closed","sticky":false,"template":"","format":"standard","meta":{"_acf_changed":false,"_sitemap_exclude":false,"_sitemap_priority":"","_sitemap_frequency":"","footnotes":""},"categories":[59,56],"tags":[],"class_list":["post-338640","post","type-post","status-publish","format-standard","has-post-thumbnail","hentry","category-siyaset","category-xeberler","infinite-scroll-item","generate-columns","tablet-grid-50","mobile-grid-100","grid-parent","grid-33","no-featured-image-padding"],"acf":[],"yoast_head":"<!-- This site is optimized with the Yoast SEO plugin v27.4 - https:\/\/yoast.com\/product\/yoast-seo-wordpress\/ -->\n<title>Erm\u0259ni Apostol Kils\u0259si \u0259traf\u0131nda qalmaqal: siyas\u0259t ruhaniyy\u0259tin birliyini nec\u0259 pozur - MEYDAN.TV<\/title>\n<meta name=\"robots\" content=\"index, follow, max-snippet:-1, max-image-preview:large, max-video-preview:-1\" \/>\n<link rel=\"canonical\" href=\"https:\/\/www.meydan.tv\/az\/article\/erm%c9%99ni-apostol-kils%c9%99si-%c9%99trafinda-qalmaqal-siyas%c9%99t-ruhaniyy%c9%99tin-birliyini-nec%c9%99-pozur\/\" \/>\n<meta property=\"og:locale\" content=\"az_AZ\" \/>\n<meta property=\"og:type\" content=\"article\" \/>\n<meta property=\"og:title\" content=\"Erm\u0259ni Apostol Kils\u0259si \u0259traf\u0131nda qalmaqal: siyas\u0259t ruhaniyy\u0259tin birliyini nec\u0259 pozur - MEYDAN.TV\" \/>\n<meta property=\"og:description\" content=\"Erm\u0259nistanda son ill\u0259rin \u0259n ciddi siyasi-dini b\u00f6hranlar\u0131ndan biri \u2014 ba\u015f ... Davam\u0131\" \/>\n<meta property=\"og:url\" content=\"https:\/\/www.meydan.tv\/az\/article\/erm%c9%99ni-apostol-kils%c9%99si-%c9%99trafinda-qalmaqal-siyas%c9%99t-ruhaniyy%c9%99tin-birliyini-nec%c9%99-pozur\/\" \/>\n<meta property=\"og:site_name\" content=\"MEYDAN.TV\" \/>\n<meta property=\"article:published_time\" content=\"2025-12-04T14:31:22+00:00\" \/>\n<meta property=\"article:modified_time\" content=\"2025-12-04T14:31:24+00:00\" \/>\n<meta property=\"og:image\" content=\"https:\/\/www.meydan.tv\/wp-content\/uploads\/view_main_image_main_image_main_image_new5645645645645645645645676551.jpg\" \/>\n\t<meta property=\"og:image:width\" content=\"500\" \/>\n\t<meta property=\"og:image:height\" content=\"269\" \/>\n\t<meta property=\"og:image:type\" content=\"image\/jpeg\" \/>\n<meta name=\"author\" content=\"sevda\" \/>\n<meta name=\"twitter:card\" content=\"summary_large_image\" \/>\n<script type=\"application\/ld+json\" class=\"yoast-schema-graph\">{\"@context\":\"https:\\\/\\\/schema.org\",\"@graph\":[{\"@type\":\"Article\",\"@id\":\"https:\\\/\\\/www.meydan.tv\\\/az\\\/article\\\/erm%c9%99ni-apostol-kils%c9%99si-%c9%99trafinda-qalmaqal-siyas%c9%99t-ruhaniyy%c9%99tin-birliyini-nec%c9%99-pozur\\\/#article\",\"isPartOf\":{\"@id\":\"https:\\\/\\\/www.meydan.tv\\\/az\\\/article\\\/erm%c9%99ni-apostol-kils%c9%99si-%c9%99trafinda-qalmaqal-siyas%c9%99t-ruhaniyy%c9%99tin-birliyini-nec%c9%99-pozur\\\/\"},\"author\":{\"name\":\"sevda\",\"@id\":\"https:\\\/\\\/www.meydan.tv\\\/az\\\/#\\\/schema\\\/person\\\/49b5f2bad5b126bb8ea9320eeb3e4dc9\"},\"headline\":\"Erm\u0259ni Apostol Kils\u0259si \u0259traf\u0131nda qalmaqal: siyas\u0259t ruhaniyy\u0259tin birliyini nec\u0259 pozur\",\"datePublished\":\"2025-12-04T14:31:22+00:00\",\"dateModified\":\"2025-12-04T14:31:24+00:00\",\"mainEntityOfPage\":{\"@id\":\"https:\\\/\\\/www.meydan.tv\\\/az\\\/article\\\/erm%c9%99ni-apostol-kils%c9%99si-%c9%99trafinda-qalmaqal-siyas%c9%99t-ruhaniyy%c9%99tin-birliyini-nec%c9%99-pozur\\\/\"},\"wordCount\":1211,\"publisher\":{\"@id\":\"https:\\\/\\\/www.meydan.tv\\\/az\\\/#organization\"},\"image\":{\"@id\":\"https:\\\/\\\/www.meydan.tv\\\/az\\\/article\\\/erm%c9%99ni-apostol-kils%c9%99si-%c9%99trafinda-qalmaqal-siyas%c9%99t-ruhaniyy%c9%99tin-birliyini-nec%c9%99-pozur\\\/#primaryimage\"},\"thumbnailUrl\":\"https:\\\/\\\/www.meydan.tv\\\/wp-content\\\/uploads\\\/view_main_image_main_image_main_image_new5645645645645645645645676551.jpg\",\"articleSection\":[\"Siyas\u0259t\",\"X\u0259b\u0259rl\u0259r\"],\"inLanguage\":\"az\"},{\"@type\":\"WebPage\",\"@id\":\"https:\\\/\\\/www.meydan.tv\\\/az\\\/article\\\/erm%c9%99ni-apostol-kils%c9%99si-%c9%99trafinda-qalmaqal-siyas%c9%99t-ruhaniyy%c9%99tin-birliyini-nec%c9%99-pozur\\\/\",\"url\":\"https:\\\/\\\/www.meydan.tv\\\/az\\\/article\\\/erm%c9%99ni-apostol-kils%c9%99si-%c9%99trafinda-qalmaqal-siyas%c9%99t-ruhaniyy%c9%99tin-birliyini-nec%c9%99-pozur\\\/\",\"name\":\"Erm\u0259ni Apostol Kils\u0259si \u0259traf\u0131nda qalmaqal: siyas\u0259t ruhaniyy\u0259tin birliyini nec\u0259 pozur - MEYDAN.TV\",\"isPartOf\":{\"@id\":\"https:\\\/\\\/www.meydan.tv\\\/az\\\/#website\"},\"primaryImageOfPage\":{\"@id\":\"https:\\\/\\\/www.meydan.tv\\\/az\\\/article\\\/erm%c9%99ni-apostol-kils%c9%99si-%c9%99trafinda-qalmaqal-siyas%c9%99t-ruhaniyy%c9%99tin-birliyini-nec%c9%99-pozur\\\/#primaryimage\"},\"image\":{\"@id\":\"https:\\\/\\\/www.meydan.tv\\\/az\\\/article\\\/erm%c9%99ni-apostol-kils%c9%99si-%c9%99trafinda-qalmaqal-siyas%c9%99t-ruhaniyy%c9%99tin-birliyini-nec%c9%99-pozur\\\/#primaryimage\"},\"thumbnailUrl\":\"https:\\\/\\\/www.meydan.tv\\\/wp-content\\\/uploads\\\/view_main_image_main_image_main_image_new5645645645645645645645676551.jpg\",\"datePublished\":\"2025-12-04T14:31:22+00:00\",\"dateModified\":\"2025-12-04T14:31:24+00:00\",\"breadcrumb\":{\"@id\":\"https:\\\/\\\/www.meydan.tv\\\/az\\\/article\\\/erm%c9%99ni-apostol-kils%c9%99si-%c9%99trafinda-qalmaqal-siyas%c9%99t-ruhaniyy%c9%99tin-birliyini-nec%c9%99-pozur\\\/#breadcrumb\"},\"inLanguage\":\"az\",\"potentialAction\":[{\"@type\":\"ReadAction\",\"target\":[\"https:\\\/\\\/www.meydan.tv\\\/az\\\/article\\\/erm%c9%99ni-apostol-kils%c9%99si-%c9%99trafinda-qalmaqal-siyas%c9%99t-ruhaniyy%c9%99tin-birliyini-nec%c9%99-pozur\\\/\"]}]},{\"@type\":\"ImageObject\",\"inLanguage\":\"az\",\"@id\":\"https:\\\/\\\/www.meydan.tv\\\/az\\\/article\\\/erm%c9%99ni-apostol-kils%c9%99si-%c9%99trafinda-qalmaqal-siyas%c9%99t-ruhaniyy%c9%99tin-birliyini-nec%c9%99-pozur\\\/#primaryimage\",\"url\":\"https:\\\/\\\/www.meydan.tv\\\/wp-content\\\/uploads\\\/view_main_image_main_image_main_image_new5645645645645645645645676551.jpg\",\"contentUrl\":\"https:\\\/\\\/www.meydan.tv\\\/wp-content\\\/uploads\\\/view_main_image_main_image_main_image_new5645645645645645645645676551.jpg\",\"width\":500,\"height\":269,\"caption\":\"Baqrat Qalstanyan etiraz aksiyas\u0131 zaman. Yerevan. \u0130yun, 2024. Foto: Tiqran Petrosyan, \\\"Kavkazski uzel\\\"\"},{\"@type\":\"BreadcrumbList\",\"@id\":\"https:\\\/\\\/www.meydan.tv\\\/az\\\/article\\\/erm%c9%99ni-apostol-kils%c9%99si-%c9%99trafinda-qalmaqal-siyas%c9%99t-ruhaniyy%c9%99tin-birliyini-nec%c9%99-pozur\\\/#breadcrumb\",\"itemListElement\":[{\"@type\":\"ListItem\",\"position\":1,\"name\":\"Ana s\u0259hif\u0259\",\"item\":\"https:\\\/\\\/www.meydan.tv\\\/az\\\/\"},{\"@type\":\"ListItem\",\"position\":2,\"name\":\"X\u0259b\u0259rl\u0259r\",\"item\":\"https:\\\/\\\/www.meydan.tv\\\/az\\\/section\\\/xeberler\\\/\"},{\"@type\":\"ListItem\",\"position\":3,\"name\":\"Erm\u0259ni Apostol Kils\u0259si \u0259traf\u0131nda qalmaqal: siyas\u0259t ruhaniyy\u0259tin birliyini nec\u0259 pozur\"}]},{\"@type\":\"WebSite\",\"@id\":\"https:\\\/\\\/www.meydan.tv\\\/az\\\/#website\",\"url\":\"https:\\\/\\\/www.meydan.tv\\\/az\\\/\",\"name\":\"MEYDAN.TV\",\"description\":\"Meydan TV Az\u0259rbaycan\u0131n media m\u0259kan\u0131ndak\u0131 alternativ s\u0259sidir\",\"publisher\":{\"@id\":\"https:\\\/\\\/www.meydan.tv\\\/az\\\/#organization\"},\"potentialAction\":[{\"@type\":\"SearchAction\",\"target\":{\"@type\":\"EntryPoint\",\"urlTemplate\":\"https:\\\/\\\/www.meydan.tv\\\/az\\\/?s={search_term_string}\"},\"query-input\":{\"@type\":\"PropertyValueSpecification\",\"valueRequired\":true,\"valueName\":\"search_term_string\"}}],\"inLanguage\":\"az\"},{\"@type\":\"Organization\",\"@id\":\"https:\\\/\\\/www.meydan.tv\\\/az\\\/#organization\",\"name\":\"Meydan TV\",\"url\":\"https:\\\/\\\/www.meydan.tv\\\/az\\\/\",\"logo\":{\"@type\":\"ImageObject\",\"inLanguage\":\"az\",\"@id\":\"https:\\\/\\\/www.meydan.tv\\\/az\\\/#\\\/schema\\\/logo\\\/image\\\/\",\"url\":\"https:\\\/\\\/www.meydan.tv\\\/wp-content\\\/uploads\\\/2021\\\/07\\\/meydan-logo.svg\",\"contentUrl\":\"https:\\\/\\\/www.meydan.tv\\\/wp-content\\\/uploads\\\/2021\\\/07\\\/meydan-logo.svg\",\"width\":195,\"height\":46,\"caption\":\"Meydan TV\"},\"image\":{\"@id\":\"https:\\\/\\\/www.meydan.tv\\\/az\\\/#\\\/schema\\\/logo\\\/image\\\/\"}},{\"@type\":\"Person\",\"@id\":\"https:\\\/\\\/www.meydan.tv\\\/az\\\/#\\\/schema\\\/person\\\/49b5f2bad5b126bb8ea9320eeb3e4dc9\",\"name\":\"sevda\"}]}<\/script>\n<!-- \/ Yoast SEO plugin. -->","yoast_head_json":{"title":"Erm\u0259ni Apostol Kils\u0259si \u0259traf\u0131nda qalmaqal: siyas\u0259t ruhaniyy\u0259tin birliyini nec\u0259 pozur - MEYDAN.TV","robots":{"index":"index","follow":"follow","max-snippet":"max-snippet:-1","max-image-preview":"max-image-preview:large","max-video-preview":"max-video-preview:-1"},"canonical":"https:\/\/www.meydan.tv\/az\/article\/erm%c9%99ni-apostol-kils%c9%99si-%c9%99trafinda-qalmaqal-siyas%c9%99t-ruhaniyy%c9%99tin-birliyini-nec%c9%99-pozur\/","og_locale":"az_AZ","og_type":"article","og_title":"Erm\u0259ni Apostol Kils\u0259si \u0259traf\u0131nda qalmaqal: siyas\u0259t ruhaniyy\u0259tin birliyini nec\u0259 pozur - MEYDAN.TV","og_description":"Erm\u0259nistanda son ill\u0259rin \u0259n ciddi siyasi-dini b\u00f6hranlar\u0131ndan biri \u2014 ba\u015f ... Davam\u0131","og_url":"https:\/\/www.meydan.tv\/az\/article\/erm%c9%99ni-apostol-kils%c9%99si-%c9%99trafinda-qalmaqal-siyas%c9%99t-ruhaniyy%c9%99tin-birliyini-nec%c9%99-pozur\/","og_site_name":"MEYDAN.TV","article_published_time":"2025-12-04T14:31:22+00:00","article_modified_time":"2025-12-04T14:31:24+00:00","og_image":[{"width":500,"height":269,"url":"https:\/\/www.meydan.tv\/wp-content\/uploads\/view_main_image_main_image_main_image_new5645645645645645645645676551.jpg","type":"image\/jpeg"}],"author":"sevda","twitter_card":"summary_large_image","schema":{"@context":"https:\/\/schema.org","@graph":[{"@type":"Article","@id":"https:\/\/www.meydan.tv\/az\/article\/erm%c9%99ni-apostol-kils%c9%99si-%c9%99trafinda-qalmaqal-siyas%c9%99t-ruhaniyy%c9%99tin-birliyini-nec%c9%99-pozur\/#article","isPartOf":{"@id":"https:\/\/www.meydan.tv\/az\/article\/erm%c9%99ni-apostol-kils%c9%99si-%c9%99trafinda-qalmaqal-siyas%c9%99t-ruhaniyy%c9%99tin-birliyini-nec%c9%99-pozur\/"},"author":{"name":"sevda","@id":"https:\/\/www.meydan.tv\/az\/#\/schema\/person\/49b5f2bad5b126bb8ea9320eeb3e4dc9"},"headline":"Erm\u0259ni Apostol Kils\u0259si \u0259traf\u0131nda qalmaqal: siyas\u0259t ruhaniyy\u0259tin birliyini nec\u0259 pozur","datePublished":"2025-12-04T14:31:22+00:00","dateModified":"2025-12-04T14:31:24+00:00","mainEntityOfPage":{"@id":"https:\/\/www.meydan.tv\/az\/article\/erm%c9%99ni-apostol-kils%c9%99si-%c9%99trafinda-qalmaqal-siyas%c9%99t-ruhaniyy%c9%99tin-birliyini-nec%c9%99-pozur\/"},"wordCount":1211,"publisher":{"@id":"https:\/\/www.meydan.tv\/az\/#organization"},"image":{"@id":"https:\/\/www.meydan.tv\/az\/article\/erm%c9%99ni-apostol-kils%c9%99si-%c9%99trafinda-qalmaqal-siyas%c9%99t-ruhaniyy%c9%99tin-birliyini-nec%c9%99-pozur\/#primaryimage"},"thumbnailUrl":"https:\/\/www.meydan.tv\/wp-content\/uploads\/view_main_image_main_image_main_image_new5645645645645645645645676551.jpg","articleSection":["Siyas\u0259t","X\u0259b\u0259rl\u0259r"],"inLanguage":"az"},{"@type":"WebPage","@id":"https:\/\/www.meydan.tv\/az\/article\/erm%c9%99ni-apostol-kils%c9%99si-%c9%99trafinda-qalmaqal-siyas%c9%99t-ruhaniyy%c9%99tin-birliyini-nec%c9%99-pozur\/","url":"https:\/\/www.meydan.tv\/az\/article\/erm%c9%99ni-apostol-kils%c9%99si-%c9%99trafinda-qalmaqal-siyas%c9%99t-ruhaniyy%c9%99tin-birliyini-nec%c9%99-pozur\/","name":"Erm\u0259ni Apostol Kils\u0259si \u0259traf\u0131nda qalmaqal: siyas\u0259t ruhaniyy\u0259tin birliyini nec\u0259 pozur - MEYDAN.TV","isPartOf":{"@id":"https:\/\/www.meydan.tv\/az\/#website"},"primaryImageOfPage":{"@id":"https:\/\/www.meydan.tv\/az\/article\/erm%c9%99ni-apostol-kils%c9%99si-%c9%99trafinda-qalmaqal-siyas%c9%99t-ruhaniyy%c9%99tin-birliyini-nec%c9%99-pozur\/#primaryimage"},"image":{"@id":"https:\/\/www.meydan.tv\/az\/article\/erm%c9%99ni-apostol-kils%c9%99si-%c9%99trafinda-qalmaqal-siyas%c9%99t-ruhaniyy%c9%99tin-birliyini-nec%c9%99-pozur\/#primaryimage"},"thumbnailUrl":"https:\/\/www.meydan.tv\/wp-content\/uploads\/view_main_image_main_image_main_image_new5645645645645645645645676551.jpg","datePublished":"2025-12-04T14:31:22+00:00","dateModified":"2025-12-04T14:31:24+00:00","breadcrumb":{"@id":"https:\/\/www.meydan.tv\/az\/article\/erm%c9%99ni-apostol-kils%c9%99si-%c9%99trafinda-qalmaqal-siyas%c9%99t-ruhaniyy%c9%99tin-birliyini-nec%c9%99-pozur\/#breadcrumb"},"inLanguage":"az","potentialAction":[{"@type":"ReadAction","target":["https:\/\/www.meydan.tv\/az\/article\/erm%c9%99ni-apostol-kils%c9%99si-%c9%99trafinda-qalmaqal-siyas%c9%99t-ruhaniyy%c9%99tin-birliyini-nec%c9%99-pozur\/"]}]},{"@type":"ImageObject","inLanguage":"az","@id":"https:\/\/www.meydan.tv\/az\/article\/erm%c9%99ni-apostol-kils%c9%99si-%c9%99trafinda-qalmaqal-siyas%c9%99t-ruhaniyy%c9%99tin-birliyini-nec%c9%99-pozur\/#primaryimage","url":"https:\/\/www.meydan.tv\/wp-content\/uploads\/view_main_image_main_image_main_image_new5645645645645645645645676551.jpg","contentUrl":"https:\/\/www.meydan.tv\/wp-content\/uploads\/view_main_image_main_image_main_image_new5645645645645645645645676551.jpg","width":500,"height":269,"caption":"Baqrat Qalstanyan etiraz aksiyas\u0131 zaman. Yerevan. \u0130yun, 2024. Foto: Tiqran Petrosyan, \"Kavkazski uzel\""},{"@type":"BreadcrumbList","@id":"https:\/\/www.meydan.tv\/az\/article\/erm%c9%99ni-apostol-kils%c9%99si-%c9%99trafinda-qalmaqal-siyas%c9%99t-ruhaniyy%c9%99tin-birliyini-nec%c9%99-pozur\/#breadcrumb","itemListElement":[{"@type":"ListItem","position":1,"name":"Ana s\u0259hif\u0259","item":"https:\/\/www.meydan.tv\/az\/"},{"@type":"ListItem","position":2,"name":"X\u0259b\u0259rl\u0259r","item":"https:\/\/www.meydan.tv\/az\/section\/xeberler\/"},{"@type":"ListItem","position":3,"name":"Erm\u0259ni Apostol Kils\u0259si \u0259traf\u0131nda qalmaqal: siyas\u0259t ruhaniyy\u0259tin birliyini nec\u0259 pozur"}]},{"@type":"WebSite","@id":"https:\/\/www.meydan.tv\/az\/#website","url":"https:\/\/www.meydan.tv\/az\/","name":"MEYDAN.TV","description":"Meydan TV Az\u0259rbaycan\u0131n media m\u0259kan\u0131ndak\u0131 alternativ s\u0259sidir","publisher":{"@id":"https:\/\/www.meydan.tv\/az\/#organization"},"potentialAction":[{"@type":"SearchAction","target":{"@type":"EntryPoint","urlTemplate":"https:\/\/www.meydan.tv\/az\/?s={search_term_string}"},"query-input":{"@type":"PropertyValueSpecification","valueRequired":true,"valueName":"search_term_string"}}],"inLanguage":"az"},{"@type":"Organization","@id":"https:\/\/www.meydan.tv\/az\/#organization","name":"Meydan TV","url":"https:\/\/www.meydan.tv\/az\/","logo":{"@type":"ImageObject","inLanguage":"az","@id":"https:\/\/www.meydan.tv\/az\/#\/schema\/logo\/image\/","url":"https:\/\/www.meydan.tv\/wp-content\/uploads\/2021\/07\/meydan-logo.svg","contentUrl":"https:\/\/www.meydan.tv\/wp-content\/uploads\/2021\/07\/meydan-logo.svg","width":195,"height":46,"caption":"Meydan TV"},"image":{"@id":"https:\/\/www.meydan.tv\/az\/#\/schema\/logo\/image\/"}},{"@type":"Person","@id":"https:\/\/www.meydan.tv\/az\/#\/schema\/person\/49b5f2bad5b126bb8ea9320eeb3e4dc9","name":"sevda"}]}},"_links":{"self":[{"href":"https:\/\/www.meydan.tv\/az\/wp-json\/wp\/v2\/posts\/338640","targetHints":{"allow":["GET"]}}],"collection":[{"href":"https:\/\/www.meydan.tv\/az\/wp-json\/wp\/v2\/posts"}],"about":[{"href":"https:\/\/www.meydan.tv\/az\/wp-json\/wp\/v2\/types\/post"}],"author":[{"embeddable":true,"href":"https:\/\/www.meydan.tv\/az\/wp-json\/wp\/v2\/users\/16"}],"replies":[{"embeddable":true,"href":"https:\/\/www.meydan.tv\/az\/wp-json\/wp\/v2\/comments?post=338640"}],"version-history":[{"count":4,"href":"https:\/\/www.meydan.tv\/az\/wp-json\/wp\/v2\/posts\/338640\/revisions"}],"predecessor-version":[{"id":338648,"href":"https:\/\/www.meydan.tv\/az\/wp-json\/wp\/v2\/posts\/338640\/revisions\/338648"}],"wp:featuredmedia":[{"embeddable":true,"href":"https:\/\/www.meydan.tv\/az\/wp-json\/wp\/v2\/media\/317234"}],"wp:attachment":[{"href":"https:\/\/www.meydan.tv\/az\/wp-json\/wp\/v2\/media?parent=338640"}],"wp:term":[{"taxonomy":"category","embeddable":true,"href":"https:\/\/www.meydan.tv\/az\/wp-json\/wp\/v2\/categories?post=338640"},{"taxonomy":"post_tag","embeddable":true,"href":"https:\/\/www.meydan.tv\/az\/wp-json\/wp\/v2\/tags?post=338640"}],"curies":[{"name":"wp","href":"https:\/\/api.w.org\/{rel}","templated":true}]}}