{"id":338637,"date":"2025-12-04T17:53:49","date_gmt":"2025-12-04T13:53:49","guid":{"rendered":"https:\/\/www.meydan.tv\/?p=338637"},"modified":"2025-12-05T13:48:34","modified_gmt":"2025-12-05T09:48:34","slug":"abs-prezideni-az%c9%99rbaycandan-rusv%c9%99t-almaqda-ittiham-olunan-konqresmeni-%c9%99fv-edib","status":"publish","type":"post","link":"https:\/\/www.meydan.tv\/az\/article\/abs-prezideni-az%c9%99rbaycandan-rusv%c9%99t-almaqda-ittiham-olunan-konqresmeni-%c9%99fv-edib\/","title":{"rendered":"AB\u015e Prezidenti Az\u0259rbaycandan r\u00fc\u015fv\u0259t almaqda ittiham olunan konqresmeni \u0259fv edib"},"content":{"rendered":"\n<p>AB\u015e Prezidenti Donald Tramp Az\u0259rbaycandan r\u00fc\u015fv\u0259t almaqda ittiham olunan konqresmen Henri Kuelyar\u0131 (Henry Cuellar) \u0259fv edib.<\/p>\n\n\n\n<p>Konqresmen \u201cX\u201d platformas\u0131ndak\u0131 <a href=\"https:\/\/x.com\/RepCuellar?ref_src=twsrc%5Etfw%7Ctwcamp%5Etweetembed%7Ctwterm%5E1996254124354986003%7Ctwgr%5E234b76c03df8aa8e9b28668b3b5e74ae3d3b1dae%7Ctwcon%5Es1_&amp;ref_url=https%3A%2F%2Fwww.azadliq.org%2Fa%2Fabs-azerbaycan-konqresmen-rusvet%2F33612551.html\" target=\"_blank\" rel=\"noreferrer noopener nofollow\">payla\u015f\u0131m\u0131nda <\/a>Trampa \u201cfaktlar\u0131 ara\u015fd\u0131rma\u011fa vaxt ay\u0131rd\u0131\u011f\u0131 v\u0259 g\u00f6st\u0259rdiyi m\u00fcst\u0259sna liderliy\u0259 g\u00f6r\u0259\u201d t\u0259\u015f\u0259kk\u00fcr edib.<\/p>\n\n\n\n<p><em>\u201cBu \u0259fv biz\u0259 t\u0259miz bir s\u0259hif\u0259 a\u00e7\u0131r. S\u0259s-k\u00fcy aradan qalxd\u0131. \u0130\u015f is\u0259 qal\u0131r. M\u0259n bu i\u015fi \u00fcz-\u00fcz\u0259 qar\u015f\u0131lama\u011fa q\u0259rarl\u0131yam\u201d, <\/em>&#8211; Kuelyar yaz\u0131b.<\/p>\n\n\n\n<p>Kuelyar 2005-ci ild\u0259n b\u0259ri Konqresd\u0259dir. O, g\u00f6mr\u00fck brokeri v\u0259 Texas \u015ftat\u0131n\u0131n d\u00f6vl\u0259t katibidir. Kuelyar eyni zamanda konqresin Az\u0259rbaycan \u00fczr\u0259 \u0130\u015f\u00e7i Qrupunun <a href=\"https:\/\/www.meydan.tv\/az\/article\/ftb-azerbaycanla-bagli-meseleye-gore-konqresmenin-evinde-axtaris-aparib\/\" target=\"_blank\" rel=\"noreferrer noopener nofollow\">h\u0259ms\u0259dri olub<\/a>.<\/p>\n\n\n\n<p>Kuelyar v\u0259 h\u0259yat yolda\u015f\u0131 \u0130melda Meksikada yerl\u0259\u015f\u0259n bir bank v\u0259 Az\u0259rbaycana m\u0259xsus enerji \u015firk\u0259tinin xeyrin\u0259 f\u0259aliyy\u0259tl\u0259rin\u0259 g\u00f6r\u0259 r\u00fc\u015fv\u0259t v\u0259 pulyumada ittiham olunublar.<\/p>\n\n\n\n<p>Daha sonra bu i\u015fd\u0259 67 ya\u015fl\u0131 az\u0259rbaycanl\u0131 \u0130rad\u0259 Axundova da ittiham olunub. O, AB\u015e \u018fdliyy\u0259 Nazirliyind\u0259 xarici agent kimi qeydiyyatdan ke\u00e7m\u0259d\u0259n Az\u0259rbaycan maraqlar\u0131n\u0131 t\u0259msil etm\u0259kd\u0259 su\u00e7lan\u0131r. Bildirilir ki, \u0130rad\u0259 Axundova ittihamlar\u0131 q\u0259bul edib v\u0259 AB\u015e il\u0259 tam \u0259m\u0259kda\u015fl\u0131q edir.<\/p>\n\n\n\n<p>&nbsp;\u0130ttihamnam\u0259y\u0259 \u0259sas\u0259n, Az\u0259rbaycan neft \u015firk\u0259ti \u0259vv\u0259lc\u0259 \u00f6d\u0259ni\u015fl\u0259ri Kuelyar\u0131n h\u0259yat yolda\u015f\u0131 \u0130melda v\u0259 Texasda onlar\u0131n iki \u00f6vlad\u0131na m\u0259xsus \u015firk\u0259t vasit\u0259sil\u0259 h\u0259yata ke\u00e7irib. H\u0259min \u015firk\u0259t saxta m\u00fcqavil\u0259 il\u0259 \u201cnam\u0259lum\u201d strateji konsultasiya xidm\u0259tl\u0259rin\u0259 g\u00f6r\u0259 ayda 25 min dollar al\u0131b.<\/p>\n\n\n\n<p>S\u0259n\u0259dd\u0259 qeyd olunur ki, Az\u0259rbaycan r\u0259smil\u0259ri \u00f6lk\u0259nin Erm\u0259nistanla \u0259razi m\u00fcnaqi\u015f\u0259si v\u0259 h\u0259m\u00e7inin Az\u0259rbaycan v\u0259t\u0259nda\u015flar\u0131n\u0131n miqrasiya statusu m\u0259s\u0259l\u0259sind\u0259 Bak\u0131n\u0131n AB\u015e-nin strateji m\u00fctt\u0259fiqi kimi tan\u0131d\u0131lmas\u0131na d\u0259st\u0259k axtar\u0131blar. \u0130ddia edilir ki, Kuelyar buna g\u00f6r\u0259 qanunvericilik t\u0259\u015f\u0259bb\u00fcsl\u0259rind\u0259 Az\u0259rbaycan\u0131n maraqlar\u0131n\u0131 m\u00fcdafi\u0259 etm\u0259li, AB\u015e Konqresind\u0259 \u00f6lk\u0259y\u0259 d\u0259st\u0259k \u00fc\u00e7\u00fcn \u00e7\u0131x\u0131\u015flar etm\u0259li idi.&nbsp;<\/p>\n\n\n\n<p>\u0130ttihamnam\u0259d\u0259n \u0259vv\u0259l Kuelyar \u00f6z\u00fcn\u00fc t\u0259qsirsiz elan edib.<\/p>\n\n\n\n<p>Az\u0259rbaycan h\u00f6kum\u0259tind\u0259n bu ittihamlara dair he\u00e7 bir r\u0259smi a\u00e7\u0131qlama verilm\u0259yib.<\/p>\n\n\n\n<p><\/p>\n","protected":false},"excerpt":{"rendered":"<p>AB\u015e Prezidenti Donald Tramp Az\u0259rbaycandan r\u00fc\u015fv\u0259t almaqda ittiham olunan konqresmen &#8230; <\/p>\n<p class=\"read-more-container\"><a title=\"AB\u015e Prezidenti Az\u0259rbaycandan r\u00fc\u015fv\u0259t almaqda ittiham olunan konqresmeni \u0259fv edib\" class=\"read-more button\" href=\"https:\/\/www.meydan.tv\/az\/article\/abs-prezideni-az%c9%99rbaycandan-rusv%c9%99t-almaqda-ittiham-olunan-konqresmeni-%c9%99fv-edib\/#more-338637\" aria-label=\"Read more about AB\u015e Prezidenti Az\u0259rbaycandan r\u00fc\u015fv\u0259t almaqda ittiham olunan konqresmeni \u0259fv edib\">Davam\u0131<\/a><\/p>\n","protected":false},"author":21,"featured_media":320070,"comment_status":"closed","ping_status":"closed","sticky":false,"template":"","format":"standard","meta":{"_acf_changed":false,"_sitemap_exclude":false,"_sitemap_priority":"","_sitemap_frequency":"","footnotes":""},"categories":[59,79,56],"tags":[],"class_list":["post-338637","post","type-post","status-publish","format-standard","has-post-thumbnail","hentry","category-siyaset","category-featured","category-xeberler","infinite-scroll-item","generate-columns","tablet-grid-50","mobile-grid-100","grid-parent","grid-33","no-featured-image-padding"],"acf":[],"yoast_head":"<!-- This site is optimized with the Yoast SEO plugin v27.4 - https:\/\/yoast.com\/product\/yoast-seo-wordpress\/ -->\n<title>AB\u015e Prezidenti Az\u0259rbaycandan r\u00fc\u015fv\u0259t almaqda ittiham olunan konqresmeni \u0259fv edib - MEYDAN.TV<\/title>\n<meta name=\"robots\" content=\"index, follow, max-snippet:-1, max-image-preview:large, max-video-preview:-1\" \/>\n<link rel=\"canonical\" href=\"https:\/\/www.meydan.tv\/az\/article\/abs-prezideni-az%c9%99rbaycandan-rusv%c9%99t-almaqda-ittiham-olunan-konqresmeni-%c9%99fv-edib\/\" \/>\n<meta property=\"og:locale\" content=\"az_AZ\" \/>\n<meta property=\"og:type\" content=\"article\" \/>\n<meta property=\"og:title\" content=\"AB\u015e Prezidenti Az\u0259rbaycandan r\u00fc\u015fv\u0259t almaqda ittiham olunan konqresmeni \u0259fv edib - MEYDAN.TV\" \/>\n<meta property=\"og:description\" content=\"AB\u015e Prezidenti Donald Tramp Az\u0259rbaycandan r\u00fc\u015fv\u0259t almaqda ittiham olunan konqresmen ... Davam\u0131\" \/>\n<meta property=\"og:url\" content=\"https:\/\/www.meydan.tv\/az\/article\/abs-prezideni-az%c9%99rbaycandan-rusv%c9%99t-almaqda-ittiham-olunan-konqresmeni-%c9%99fv-edib\/\" \/>\n<meta property=\"og:site_name\" content=\"MEYDAN.TV\" \/>\n<meta property=\"article:published_time\" content=\"2025-12-04T13:53:49+00:00\" \/>\n<meta property=\"article:modified_time\" content=\"2025-12-05T09:48:34+00:00\" \/>\n<meta property=\"og:image\" content=\"https:\/\/www.meydan.tv\/wp-content\/uploads\/img_1578-e1731309358650.jpg\" \/>\n\t<meta property=\"og:image:width\" content=\"1900\" \/>\n\t<meta property=\"og:image:height\" content=\"1054\" \/>\n\t<meta property=\"og:image:type\" content=\"image\/jpeg\" \/>\n<meta name=\"author\" content=\"mahmud\" \/>\n<meta name=\"twitter:card\" content=\"summary_large_image\" \/>\n<script type=\"application\/ld+json\" class=\"yoast-schema-graph\">{\"@context\":\"https:\\\/\\\/schema.org\",\"@graph\":[{\"@type\":\"Article\",\"@id\":\"https:\\\/\\\/www.meydan.tv\\\/az\\\/article\\\/abs-prezideni-az%c9%99rbaycandan-rusv%c9%99t-almaqda-ittiham-olunan-konqresmeni-%c9%99fv-edib\\\/#article\",\"isPartOf\":{\"@id\":\"https:\\\/\\\/www.meydan.tv\\\/az\\\/article\\\/abs-prezideni-az%c9%99rbaycandan-rusv%c9%99t-almaqda-ittiham-olunan-konqresmeni-%c9%99fv-edib\\\/\"},\"author\":{\"name\":\"mahmud\",\"@id\":\"https:\\\/\\\/www.meydan.tv\\\/az\\\/#\\\/schema\\\/person\\\/09863e516102a829e72bedcf3f84c6b0\"},\"headline\":\"AB\u015e Prezidenti Az\u0259rbaycandan r\u00fc\u015fv\u0259t almaqda ittiham olunan konqresmeni \u0259fv edib\",\"datePublished\":\"2025-12-04T13:53:49+00:00\",\"dateModified\":\"2025-12-05T09:48:34+00:00\",\"mainEntityOfPage\":{\"@id\":\"https:\\\/\\\/www.meydan.tv\\\/az\\\/article\\\/abs-prezideni-az%c9%99rbaycandan-rusv%c9%99t-almaqda-ittiham-olunan-konqresmeni-%c9%99fv-edib\\\/\"},\"wordCount\":400,\"publisher\":{\"@id\":\"https:\\\/\\\/www.meydan.tv\\\/az\\\/#organization\"},\"image\":{\"@id\":\"https:\\\/\\\/www.meydan.tv\\\/az\\\/article\\\/abs-prezideni-az%c9%99rbaycandan-rusv%c9%99t-almaqda-ittiham-olunan-konqresmeni-%c9%99fv-edib\\\/#primaryimage\"},\"thumbnailUrl\":\"https:\\\/\\\/www.meydan.tv\\\/wp-content\\\/uploads\\\/img_1578-e1731309358650.jpg\",\"articleSection\":[\"Siyas\u0259t\",\"T\u00f6vsiy\u0259\",\"X\u0259b\u0259rl\u0259r\"],\"inLanguage\":\"az\"},{\"@type\":\"WebPage\",\"@id\":\"https:\\\/\\\/www.meydan.tv\\\/az\\\/article\\\/abs-prezideni-az%c9%99rbaycandan-rusv%c9%99t-almaqda-ittiham-olunan-konqresmeni-%c9%99fv-edib\\\/\",\"url\":\"https:\\\/\\\/www.meydan.tv\\\/az\\\/article\\\/abs-prezideni-az%c9%99rbaycandan-rusv%c9%99t-almaqda-ittiham-olunan-konqresmeni-%c9%99fv-edib\\\/\",\"name\":\"AB\u015e Prezidenti Az\u0259rbaycandan r\u00fc\u015fv\u0259t almaqda ittiham olunan konqresmeni \u0259fv edib - MEYDAN.TV\",\"isPartOf\":{\"@id\":\"https:\\\/\\\/www.meydan.tv\\\/az\\\/#website\"},\"primaryImageOfPage\":{\"@id\":\"https:\\\/\\\/www.meydan.tv\\\/az\\\/article\\\/abs-prezideni-az%c9%99rbaycandan-rusv%c9%99t-almaqda-ittiham-olunan-konqresmeni-%c9%99fv-edib\\\/#primaryimage\"},\"image\":{\"@id\":\"https:\\\/\\\/www.meydan.tv\\\/az\\\/article\\\/abs-prezideni-az%c9%99rbaycandan-rusv%c9%99t-almaqda-ittiham-olunan-konqresmeni-%c9%99fv-edib\\\/#primaryimage\"},\"thumbnailUrl\":\"https:\\\/\\\/www.meydan.tv\\\/wp-content\\\/uploads\\\/img_1578-e1731309358650.jpg\",\"datePublished\":\"2025-12-04T13:53:49+00:00\",\"dateModified\":\"2025-12-05T09:48:34+00:00\",\"breadcrumb\":{\"@id\":\"https:\\\/\\\/www.meydan.tv\\\/az\\\/article\\\/abs-prezideni-az%c9%99rbaycandan-rusv%c9%99t-almaqda-ittiham-olunan-konqresmeni-%c9%99fv-edib\\\/#breadcrumb\"},\"inLanguage\":\"az\",\"potentialAction\":[{\"@type\":\"ReadAction\",\"target\":[\"https:\\\/\\\/www.meydan.tv\\\/az\\\/article\\\/abs-prezideni-az%c9%99rbaycandan-rusv%c9%99t-almaqda-ittiham-olunan-konqresmeni-%c9%99fv-edib\\\/\"]}]},{\"@type\":\"ImageObject\",\"inLanguage\":\"az\",\"@id\":\"https:\\\/\\\/www.meydan.tv\\\/az\\\/article\\\/abs-prezideni-az%c9%99rbaycandan-rusv%c9%99t-almaqda-ittiham-olunan-konqresmeni-%c9%99fv-edib\\\/#primaryimage\",\"url\":\"https:\\\/\\\/www.meydan.tv\\\/wp-content\\\/uploads\\\/img_1578-e1731309358650.jpg\",\"contentUrl\":\"https:\\\/\\\/www.meydan.tv\\\/wp-content\\\/uploads\\\/img_1578-e1731309358650.jpg\",\"width\":1900,\"height\":1054,\"caption\":\"Donald Tramp. \u0130ll\u00fcsrasiya: Meydan TV\"},{\"@type\":\"BreadcrumbList\",\"@id\":\"https:\\\/\\\/www.meydan.tv\\\/az\\\/article\\\/abs-prezideni-az%c9%99rbaycandan-rusv%c9%99t-almaqda-ittiham-olunan-konqresmeni-%c9%99fv-edib\\\/#breadcrumb\",\"itemListElement\":[{\"@type\":\"ListItem\",\"position\":1,\"name\":\"Ana s\u0259hif\u0259\",\"item\":\"https:\\\/\\\/www.meydan.tv\\\/az\\\/\"},{\"@type\":\"ListItem\",\"position\":2,\"name\":\"Siyas\u0259t\",\"item\":\"https:\\\/\\\/www.meydan.tv\\\/az\\\/section\\\/siyaset\\\/\"},{\"@type\":\"ListItem\",\"position\":3,\"name\":\"AB\u015e Prezidenti Az\u0259rbaycandan r\u00fc\u015fv\u0259t almaqda ittiham olunan konqresmeni \u0259fv edib\"}]},{\"@type\":\"WebSite\",\"@id\":\"https:\\\/\\\/www.meydan.tv\\\/az\\\/#website\",\"url\":\"https:\\\/\\\/www.meydan.tv\\\/az\\\/\",\"name\":\"MEYDAN.TV\",\"description\":\"Meydan TV Az\u0259rbaycan\u0131n media m\u0259kan\u0131ndak\u0131 alternativ s\u0259sidir\",\"publisher\":{\"@id\":\"https:\\\/\\\/www.meydan.tv\\\/az\\\/#organization\"},\"potentialAction\":[{\"@type\":\"SearchAction\",\"target\":{\"@type\":\"EntryPoint\",\"urlTemplate\":\"https:\\\/\\\/www.meydan.tv\\\/az\\\/?s={search_term_string}\"},\"query-input\":{\"@type\":\"PropertyValueSpecification\",\"valueRequired\":true,\"valueName\":\"search_term_string\"}}],\"inLanguage\":\"az\"},{\"@type\":\"Organization\",\"@id\":\"https:\\\/\\\/www.meydan.tv\\\/az\\\/#organization\",\"name\":\"Meydan TV\",\"url\":\"https:\\\/\\\/www.meydan.tv\\\/az\\\/\",\"logo\":{\"@type\":\"ImageObject\",\"inLanguage\":\"az\",\"@id\":\"https:\\\/\\\/www.meydan.tv\\\/az\\\/#\\\/schema\\\/logo\\\/image\\\/\",\"url\":\"https:\\\/\\\/www.meydan.tv\\\/wp-content\\\/uploads\\\/2021\\\/07\\\/meydan-logo.svg\",\"contentUrl\":\"https:\\\/\\\/www.meydan.tv\\\/wp-content\\\/uploads\\\/2021\\\/07\\\/meydan-logo.svg\",\"width\":195,\"height\":46,\"caption\":\"Meydan TV\"},\"image\":{\"@id\":\"https:\\\/\\\/www.meydan.tv\\\/az\\\/#\\\/schema\\\/logo\\\/image\\\/\"}},{\"@type\":\"Person\",\"@id\":\"https:\\\/\\\/www.meydan.tv\\\/az\\\/#\\\/schema\\\/person\\\/09863e516102a829e72bedcf3f84c6b0\",\"name\":\"mahmud\"}]}<\/script>\n<!-- \/ Yoast SEO plugin. -->","yoast_head_json":{"title":"AB\u015e Prezidenti Az\u0259rbaycandan r\u00fc\u015fv\u0259t almaqda ittiham olunan konqresmeni \u0259fv edib - MEYDAN.TV","robots":{"index":"index","follow":"follow","max-snippet":"max-snippet:-1","max-image-preview":"max-image-preview:large","max-video-preview":"max-video-preview:-1"},"canonical":"https:\/\/www.meydan.tv\/az\/article\/abs-prezideni-az%c9%99rbaycandan-rusv%c9%99t-almaqda-ittiham-olunan-konqresmeni-%c9%99fv-edib\/","og_locale":"az_AZ","og_type":"article","og_title":"AB\u015e Prezidenti Az\u0259rbaycandan r\u00fc\u015fv\u0259t almaqda ittiham olunan konqresmeni \u0259fv edib - MEYDAN.TV","og_description":"AB\u015e Prezidenti Donald Tramp Az\u0259rbaycandan r\u00fc\u015fv\u0259t almaqda ittiham olunan konqresmen ... Davam\u0131","og_url":"https:\/\/www.meydan.tv\/az\/article\/abs-prezideni-az%c9%99rbaycandan-rusv%c9%99t-almaqda-ittiham-olunan-konqresmeni-%c9%99fv-edib\/","og_site_name":"MEYDAN.TV","article_published_time":"2025-12-04T13:53:49+00:00","article_modified_time":"2025-12-05T09:48:34+00:00","og_image":[{"width":1900,"height":1054,"url":"https:\/\/www.meydan.tv\/wp-content\/uploads\/img_1578-e1731309358650.jpg","type":"image\/jpeg"}],"author":"mahmud","twitter_card":"summary_large_image","schema":{"@context":"https:\/\/schema.org","@graph":[{"@type":"Article","@id":"https:\/\/www.meydan.tv\/az\/article\/abs-prezideni-az%c9%99rbaycandan-rusv%c9%99t-almaqda-ittiham-olunan-konqresmeni-%c9%99fv-edib\/#article","isPartOf":{"@id":"https:\/\/www.meydan.tv\/az\/article\/abs-prezideni-az%c9%99rbaycandan-rusv%c9%99t-almaqda-ittiham-olunan-konqresmeni-%c9%99fv-edib\/"},"author":{"name":"mahmud","@id":"https:\/\/www.meydan.tv\/az\/#\/schema\/person\/09863e516102a829e72bedcf3f84c6b0"},"headline":"AB\u015e Prezidenti Az\u0259rbaycandan r\u00fc\u015fv\u0259t almaqda ittiham olunan konqresmeni \u0259fv edib","datePublished":"2025-12-04T13:53:49+00:00","dateModified":"2025-12-05T09:48:34+00:00","mainEntityOfPage":{"@id":"https:\/\/www.meydan.tv\/az\/article\/abs-prezideni-az%c9%99rbaycandan-rusv%c9%99t-almaqda-ittiham-olunan-konqresmeni-%c9%99fv-edib\/"},"wordCount":400,"publisher":{"@id":"https:\/\/www.meydan.tv\/az\/#organization"},"image":{"@id":"https:\/\/www.meydan.tv\/az\/article\/abs-prezideni-az%c9%99rbaycandan-rusv%c9%99t-almaqda-ittiham-olunan-konqresmeni-%c9%99fv-edib\/#primaryimage"},"thumbnailUrl":"https:\/\/www.meydan.tv\/wp-content\/uploads\/img_1578-e1731309358650.jpg","articleSection":["Siyas\u0259t","T\u00f6vsiy\u0259","X\u0259b\u0259rl\u0259r"],"inLanguage":"az"},{"@type":"WebPage","@id":"https:\/\/www.meydan.tv\/az\/article\/abs-prezideni-az%c9%99rbaycandan-rusv%c9%99t-almaqda-ittiham-olunan-konqresmeni-%c9%99fv-edib\/","url":"https:\/\/www.meydan.tv\/az\/article\/abs-prezideni-az%c9%99rbaycandan-rusv%c9%99t-almaqda-ittiham-olunan-konqresmeni-%c9%99fv-edib\/","name":"AB\u015e Prezidenti Az\u0259rbaycandan r\u00fc\u015fv\u0259t almaqda ittiham olunan konqresmeni \u0259fv edib - MEYDAN.TV","isPartOf":{"@id":"https:\/\/www.meydan.tv\/az\/#website"},"primaryImageOfPage":{"@id":"https:\/\/www.meydan.tv\/az\/article\/abs-prezideni-az%c9%99rbaycandan-rusv%c9%99t-almaqda-ittiham-olunan-konqresmeni-%c9%99fv-edib\/#primaryimage"},"image":{"@id":"https:\/\/www.meydan.tv\/az\/article\/abs-prezideni-az%c9%99rbaycandan-rusv%c9%99t-almaqda-ittiham-olunan-konqresmeni-%c9%99fv-edib\/#primaryimage"},"thumbnailUrl":"https:\/\/www.meydan.tv\/wp-content\/uploads\/img_1578-e1731309358650.jpg","datePublished":"2025-12-04T13:53:49+00:00","dateModified":"2025-12-05T09:48:34+00:00","breadcrumb":{"@id":"https:\/\/www.meydan.tv\/az\/article\/abs-prezideni-az%c9%99rbaycandan-rusv%c9%99t-almaqda-ittiham-olunan-konqresmeni-%c9%99fv-edib\/#breadcrumb"},"inLanguage":"az","potentialAction":[{"@type":"ReadAction","target":["https:\/\/www.meydan.tv\/az\/article\/abs-prezideni-az%c9%99rbaycandan-rusv%c9%99t-almaqda-ittiham-olunan-konqresmeni-%c9%99fv-edib\/"]}]},{"@type":"ImageObject","inLanguage":"az","@id":"https:\/\/www.meydan.tv\/az\/article\/abs-prezideni-az%c9%99rbaycandan-rusv%c9%99t-almaqda-ittiham-olunan-konqresmeni-%c9%99fv-edib\/#primaryimage","url":"https:\/\/www.meydan.tv\/wp-content\/uploads\/img_1578-e1731309358650.jpg","contentUrl":"https:\/\/www.meydan.tv\/wp-content\/uploads\/img_1578-e1731309358650.jpg","width":1900,"height":1054,"caption":"Donald Tramp. \u0130ll\u00fcsrasiya: Meydan TV"},{"@type":"BreadcrumbList","@id":"https:\/\/www.meydan.tv\/az\/article\/abs-prezideni-az%c9%99rbaycandan-rusv%c9%99t-almaqda-ittiham-olunan-konqresmeni-%c9%99fv-edib\/#breadcrumb","itemListElement":[{"@type":"ListItem","position":1,"name":"Ana s\u0259hif\u0259","item":"https:\/\/www.meydan.tv\/az\/"},{"@type":"ListItem","position":2,"name":"Siyas\u0259t","item":"https:\/\/www.meydan.tv\/az\/section\/siyaset\/"},{"@type":"ListItem","position":3,"name":"AB\u015e Prezidenti Az\u0259rbaycandan r\u00fc\u015fv\u0259t almaqda ittiham olunan konqresmeni \u0259fv edib"}]},{"@type":"WebSite","@id":"https:\/\/www.meydan.tv\/az\/#website","url":"https:\/\/www.meydan.tv\/az\/","name":"MEYDAN.TV","description":"Meydan TV Az\u0259rbaycan\u0131n media m\u0259kan\u0131ndak\u0131 alternativ s\u0259sidir","publisher":{"@id":"https:\/\/www.meydan.tv\/az\/#organization"},"potentialAction":[{"@type":"SearchAction","target":{"@type":"EntryPoint","urlTemplate":"https:\/\/www.meydan.tv\/az\/?s={search_term_string}"},"query-input":{"@type":"PropertyValueSpecification","valueRequired":true,"valueName":"search_term_string"}}],"inLanguage":"az"},{"@type":"Organization","@id":"https:\/\/www.meydan.tv\/az\/#organization","name":"Meydan TV","url":"https:\/\/www.meydan.tv\/az\/","logo":{"@type":"ImageObject","inLanguage":"az","@id":"https:\/\/www.meydan.tv\/az\/#\/schema\/logo\/image\/","url":"https:\/\/www.meydan.tv\/wp-content\/uploads\/2021\/07\/meydan-logo.svg","contentUrl":"https:\/\/www.meydan.tv\/wp-content\/uploads\/2021\/07\/meydan-logo.svg","width":195,"height":46,"caption":"Meydan TV"},"image":{"@id":"https:\/\/www.meydan.tv\/az\/#\/schema\/logo\/image\/"}},{"@type":"Person","@id":"https:\/\/www.meydan.tv\/az\/#\/schema\/person\/09863e516102a829e72bedcf3f84c6b0","name":"mahmud"}]}},"_links":{"self":[{"href":"https:\/\/www.meydan.tv\/az\/wp-json\/wp\/v2\/posts\/338637","targetHints":{"allow":["GET"]}}],"collection":[{"href":"https:\/\/www.meydan.tv\/az\/wp-json\/wp\/v2\/posts"}],"about":[{"href":"https:\/\/www.meydan.tv\/az\/wp-json\/wp\/v2\/types\/post"}],"author":[{"embeddable":true,"href":"https:\/\/www.meydan.tv\/az\/wp-json\/wp\/v2\/users\/21"}],"replies":[{"embeddable":true,"href":"https:\/\/www.meydan.tv\/az\/wp-json\/wp\/v2\/comments?post=338637"}],"version-history":[{"count":4,"href":"https:\/\/www.meydan.tv\/az\/wp-json\/wp\/v2\/posts\/338637\/revisions"}],"predecessor-version":[{"id":338665,"href":"https:\/\/www.meydan.tv\/az\/wp-json\/wp\/v2\/posts\/338637\/revisions\/338665"}],"wp:featuredmedia":[{"embeddable":true,"href":"https:\/\/www.meydan.tv\/az\/wp-json\/wp\/v2\/media\/320070"}],"wp:attachment":[{"href":"https:\/\/www.meydan.tv\/az\/wp-json\/wp\/v2\/media?parent=338637"}],"wp:term":[{"taxonomy":"category","embeddable":true,"href":"https:\/\/www.meydan.tv\/az\/wp-json\/wp\/v2\/categories?post=338637"},{"taxonomy":"post_tag","embeddable":true,"href":"https:\/\/www.meydan.tv\/az\/wp-json\/wp\/v2\/tags?post=338637"}],"curies":[{"name":"wp","href":"https:\/\/api.w.org\/{rel}","templated":true}]}}